{"id":16918,"date":"2023-02-09T08:00:43","date_gmt":"2023-02-09T06:00:43","guid":{"rendered":"https:\/\/www.welovecycling.com\/hu\/?p=16918"},"modified":"2023-02-06T11:31:04","modified_gmt":"2023-02-06T09:31:04","slug":"finale-ligure-a-tokeletes-hely-a-teli-enduro-turakhoz","status":"publish","type":"post","link":"https:\/\/www.welovecycling.com\/hu\/trekking-mtb\/finale-ligure-a-tokeletes-hely-a-teli-enduro-turakhoz\/","title":{"rendered":"Finale Ligure: A t\u00f6k\u00e9letes hely a t\u00e9li enduro t\u00far\u00e1khoz"},"content":{"rendered":"<p><strong>Csak egy dolog k\u00e9sztethet valakit arra, hogy t\u00f6bb sz\u00e1z kilom\u00e9terre k\u00f6lt\u00f6zz\u00f6n az otthon\u00e1t\u00f3l, m\u00e9gpedig az, hogy az illet\u0151 val\u00f3sz\u00edn\u0171leg beleszeretett az adott helybe. Ez t\u00f6rt\u00e9nt a cseh sz\u00e1rmaz\u00e1s\u00fa Dominika Durcakov\u00e1val is, aki az olaszorsz\u00e1gi Finale Ligure-ba k\u00f6lt\u00f6z\u00f6tt. Hogy mi\u00e9rt? A v\u00e1lasz az id\u0151j\u00e1r\u00e1s, az olasz kult\u00fara \u00e9s a hegyi ker\u00e9kp\u00e1roz\u00e1s. <em>&#8220;Mivel ut\u00e1lom a hideg teleket, elhagytam a haz\u00e1mat Finale Ligure-\u00e9rt, ahol eg\u00e9sz \u00e9vben ker\u00e9kp\u00e1rozhatok. 2016-ban j\u00e1rtam itt el\u0151sz\u00f6r, \u00e9s bizony szerelem volt els\u0151 l\u00e1t\u00e1sra&#8221; <\/em>&#8211; magyar\u00e1zza Dominika, mi\u00e9rt is v\u00e1lasztotta az olasz Rivi\u00e9r\u00e1n, Genov\u00e1t\u00f3l k\u00f6r\u00fclbel\u00fcl egy \u00f3r\u00e1nyi aut\u00f3\u00fatra nyugatra fekv\u0151 k\u00f6zs\u00e9get.<\/strong><\/p>\n<p><!--more--><\/p>\n<p>A homokos strandok \u00e9s a gy\u00f6ny\u00f6r\u0171 kil\u00e1t\u00e1s mellett ez a hely az endurop\u00e1ly\u00e1k hihetetlen h\u00e1l\u00f3zat\u00e1r\u00f3l is ismert. Dominika jelenleg ker\u00e9kp\u00e1ros idegenvezet\u0151k\u00e9nt keresi a kenyer\u00e9t. Miut\u00e1n t\u00f6bb mint harmincszor j\u00e1rt Finale-ban, sz\u00e9p lassan k\u00edv\u00fclr\u0151l megtanulta az \u00fatvonalakat, ami lehet\u0151v\u00e9 tette sz\u00e1m\u00e1ra, hogy el\u0151sz\u00f6r a bar\u00e1tait, majd pedig val\u00f3di \u00fcgyfeleket is v\u00e9gig k\u00eds\u00e9rhessen rajtuk.<\/p>\n<p>Egy \u00e1tlagos ker\u00e9kp\u00e1ros parkkal ellent\u00e9tben ezek a p\u00e1ly\u00e1k nem egy dombon tal\u00e1lhat\u00f3k, hanem elsz\u00f3rtan helyezkednek el a tengerparti \u00e9s belf\u00f6ldi hegyekben.<em> &#8220;A helyi f\u00f6ldrajzot nem ismer\u0151 l\u00e1togat\u00f3k k\u00f6nnyen elt\u00e9vedhetnek, ez\u00e9rt, ha valaki hat\u00e9konyan szeretn\u00e9 kihaszn\u00e1lni az idej\u00e9t, azt javaslom, hogy fogadjon fel egy idegenvezet\u0151t&#8221;<\/em> &#8211; mondja Dominika. K\u00e9t nagyobb \u00e9s t\u00f6bb tucat kisebb buszj\u00e1rat k\u00f6z\u00fcl is lehet v\u00e1lasztani. <em>&#8220;Minden \u00fcgyf\u00e9l m\u00e1st keres. M\u00edg egyeseket a technikailag neh\u00e9z downhill t\u00far\u00e1k vonzanak, m\u00e1sok ink\u00e1bb a csal\u00e1di kikapcsol\u00f3d\u00e1st r\u00e9szes\u00edtik el\u0151nyben. Finale Ligure szerencs\u00e9re mindkett\u0151t k\u00edn\u00e1lja&#8221;<\/em> &#8211; folytatja Dominika, aki a helyi Cascina del Groppo c\u00e9ggel dolgozik egy\u00fctt.<\/p>\n<figure id=\"attachment_16919\" aria-describedby=\"caption-attachment-16919\" style=\"width: 1080px\" class=\"wp-caption alignnone\"><a href=\"https:\/\/d2p6e6u75xmxt8.cloudfront.net\/12\/2023\/02\/finale_ligure_dominika7.webp\"><img loading=\"lazy\" decoding=\"async\" class=\"wp-image-16919 size-full\" src=\"https:\/\/d2p6e6u75xmxt8.cloudfront.net\/12\/2023\/02\/finale_ligure_dominika7.webp\" alt=\"Finale Ligure\" width=\"1080\" height=\"720\" srcset=\"https:\/\/d2p6e6u75xmxt8.cloudfront.net\/12\/2023\/02\/finale_ligure_dominika7.webp 1080w, https:\/\/d2p6e6u75xmxt8.cloudfront.net\/12\/2023\/02\/finale_ligure_dominika7-300x200.webp 300w, https:\/\/d2p6e6u75xmxt8.cloudfront.net\/12\/2023\/02\/finale_ligure_dominika7-1024x683.webp 1024w, https:\/\/d2p6e6u75xmxt8.cloudfront.net\/12\/2023\/02\/finale_ligure_dominika7-768x512.webp 768w, https:\/\/d2p6e6u75xmxt8.cloudfront.net\/12\/2023\/02\/finale_ligure_dominika7-272x182.webp 272w\" sizes=\"auto, (max-width: 1080px) 100vw, 1080px\" \/><\/a><figcaption id=\"caption-attachment-16919\" class=\"wp-caption-text\"><em>Finale Ligure fest\u0151i \u00f6sv\u00e9nyei <\/em><\/figcaption><\/figure>\n<p>Hogy milyen el\u0151nyei vannak egy ilyen vezetett t\u00far\u00e1nak? A tenger sz\u00e1mos \u00fatvonalr\u00f3l l\u00e1that\u00f3, ami kellemes ny\u00e1ri hangulatot biztos\u00edt m\u00e9g a t\u00e9li t\u00far\u00e1k sor\u00e1n is. Janu\u00e1rban \u00e9s febru\u00e1rban a h\u0151m\u00e9rs\u00e9klet 15\u00b0C k\u00f6r\u00fcl van, \u00edgy a ker\u00e9kp\u00e1roz\u00e1shoz elegend\u0151 egy r\u00f6vidnadr\u00e1g \u00e9s egy trik\u00f3 (a biztons\u00e1g kedv\u00e9\u00e9rt legyen egy meleg\u00edt\u0151fels\u0151 is a h\u00e1tizs\u00e1kodban). Ha s\u00fct a nap, a leveg\u0151 gyorsan felmelegszik, de a sz\u00e9l ronthat a komfort\u00e9rzeten.<\/p>\n<p>A ker\u00e9kp\u00e1rosok n\u00e9pszer\u0171ek a helyiek k\u00f6r\u00e9ben, mivel a ny\u00e1ri szezonon k\u00edv\u00fcl \u0151k jelentik a turizmus f\u0151 bev\u00e9teli forr\u00e1s\u00e1t. Amikor a helyi aut\u00f3sok k\u00e9t egym\u00e1s mellett k\u00f6zleked\u0151 ker\u00e9kp\u00e1rossal tal\u00e1lkoznak az \u00faton, egyszer\u0171en kiker\u00fclik \u0151ket, s\u0151t, m\u00e9g kedvesen integetnek is nekik.<\/p>\n<p>Dominika szerint Finale Ligure-ban ak\u00e1r sz\u00e1z ker\u00e9kp\u00e1r\u00fat is lehet. A k\u00f6rny\u00e9ken pedig t\u00f6bb olyan csoport is m\u0171k\u00f6dik, akik gondozz\u00e1k \u00e9s j\u00f3 \u00e1llapotban tartj\u00e1k ezeket az \u00fatvonalakat. A megl\u00e9v\u0151 h\u00e1l\u00f3zatot r\u00e1ad\u00e1sul folyamatosan b\u0151v\u00edtik. M\u00edg a m\u00faltban a tapasztaltabb bring\u00e1soknak sz\u00e1nt, neh\u00e9z p\u00e1ly\u00e1k domin\u00e1ltak, a jelenlegi tendencia szerint t\u00f6bb p\u00e1ly\u00e1t \u00e9p\u00edtenek a kev\u00e9sb\u00e9 profi ker\u00e9kp\u00e1rosok sz\u00e1m\u00e1ra. <em>&#8220;Ezek a t\u00fara\u00fatvonalak m\u00e9g mindig nem alkalmasak a kezd\u0151knek, de akik a ker\u00e9kp\u00e1ros parkok piros p\u00e1ly\u00e1in tekernek, azok m\u00e1r Finale Ligure-ban is nyugodtan ker\u00e9kp\u00e1rozhatnak&#8221;<\/em> &#8211; mondja Dominika. S\u0151t, az ut\u00f3bbi id\u0151ben Pietra Ligure-ban l\u00e9trehoztak n\u00e9h\u00e1ny p\u00e1ly\u00e1t az e-ker\u00e9kp\u00e1rokat haszn\u00e1l\u00f3knak is, melyek sz\u00e1mos olyan emelked\u0151t k\u00edn\u00e1lnak, amik mind a csal\u00e1di sz\u00f3rakoz\u00e1sra v\u00e1gy\u00f3, mind az adrenalinf\u00fcgg\u0151 ker\u00e9kp\u00e1rosok ig\u00e9nyeit kiel\u00e9g\u00edtik.<\/p>\n<p>Finale szinte minden p\u00e1ly\u00e1ja k\u00f6nnyed\u00e9n megk\u00f6zel\u00edthet\u0151 az aszfaltutakon, de aki t\u00f6bb helyi \u00fatvonalat szeretne megismerni, annak javasoljuk, hogy ink\u00e1bb b\u00e9reljen ker\u00e9kp\u00e1rsz\u00e1ll\u00edt\u00f3kat. A speci\u00e1lis ker\u00e9kp\u00e1rsz\u00e1ll\u00edt\u00e1sra alkalmas p\u00f3tkocsikkal felszerelt furgonok 5-10 f\u0151s csoportokat tudnak a hegyekbe sz\u00e1ll\u00edtani. A ker\u00e9kp\u00e1rt felakasztjuk egy \u00e1llv\u00e1nyra, besz\u00e1llunk a kocsiba, \u00e9s hagyjuk, hogy a sof\u0151r felvigyen minket a hegy tetej\u00e9re. Vannak egyszeri sz\u00e1ll\u00edt\u00e1st k\u00edn\u00e1l\u00f3, t\u00e1gasabb furgonok is, melyek ak\u00e1r 20 f\u0151 befogad\u00e1s\u00e1ra is alkalmasak, valamint olyan terepj\u00e1r\u00f3k, melyek seg\u00edts\u00e9g\u00e9vel a m\u00e1s m\u00f3don megk\u00f6zel\u00edthetetlen ter\u00fcletek is el\u00e9rhet\u0151v\u00e9 v\u00e1lnak.<\/p>\n<p>Ezen seg\u00edts\u00e9g ellen\u00e9re a Finale-ban val\u00f3 bicikliz\u00e9s tov\u00e1bbra is kih\u00edv\u00e1st jelent. Egy menetben ak\u00e1r 3000-3500 f\u00fcgg\u0151leges m\u00e9tert is ereszkedhet\u00fcnk lefel\u00e9. Egy edzetlen ker\u00e9kp\u00e1ros m\u00e1snap m\u00e1r nehezen fogja meg a korm\u00e1nyt. Egyes p\u00e1ly\u00e1kon mind\u00f6ssze 200 m\u00e9tert kell ereszkedni, de vannak 11 kilom\u00e9ter hossz\u00fa, 800 m\u00e9teres szintemelked\u00e9ssel j\u00e1r\u00f3 utak is. Az egyes \u00f6sv\u00e9nyek v\u00e9g\u00e9n m\u00e1r v\u00e1r a transzfer, hogy \u00e1tvigyen a k\u00f6vetkez\u0151 hegyre. Hossz\u00fas\u00e1gt\u00f3l f\u00fcgg\u0151en naponta ak\u00e1r 6-12 k\u00fcl\u00f6nb\u00f6z\u0151 \u00fatvonalat is teljes\u00edthetsz. Ha pedig egy kis sz\u00fcnetet szeretn\u00e9l tartani a lejtmenetben, akkor a hegy tetej\u00e9n terepker\u00e9kp\u00e1roz\u00e1ssal is t\u00f6ltheted a napot, majd lassan ereszkedhetsz le a tengerig.<\/p>\n<figure id=\"attachment_16920\" aria-describedby=\"caption-attachment-16920\" style=\"width: 1080px\" class=\"wp-caption alignnone\"><a href=\"https:\/\/d2p6e6u75xmxt8.cloudfront.net\/12\/2023\/02\/finale_ligure_dominika3.webp\"><img loading=\"lazy\" decoding=\"async\" class=\"wp-image-16920 size-full\" src=\"https:\/\/d2p6e6u75xmxt8.cloudfront.net\/12\/2023\/02\/finale_ligure_dominika3.webp\" alt=\"\" width=\"1080\" height=\"720\" srcset=\"https:\/\/d2p6e6u75xmxt8.cloudfront.net\/12\/2023\/02\/finale_ligure_dominika3.webp 1080w, https:\/\/d2p6e6u75xmxt8.cloudfront.net\/12\/2023\/02\/finale_ligure_dominika3-300x200.webp 300w, https:\/\/d2p6e6u75xmxt8.cloudfront.net\/12\/2023\/02\/finale_ligure_dominika3-1024x683.webp 1024w, https:\/\/d2p6e6u75xmxt8.cloudfront.net\/12\/2023\/02\/finale_ligure_dominika3-768x512.webp 768w, https:\/\/d2p6e6u75xmxt8.cloudfront.net\/12\/2023\/02\/finale_ligure_dominika3-272x182.webp 272w\" sizes=\"auto, (max-width: 1080px) 100vw, 1080px\" \/><\/a><figcaption id=\"caption-attachment-16920\" class=\"wp-caption-text\"><em>Finale Ligure az enduro MTB ker\u00e9kp\u00e1rosok egyik legf\u0151bb \u00fatic\u00e9lja. <\/em><\/figcaption><\/figure>\n<p>Azok, akik ink\u00e1bb egy\u00e9nileg szeretn\u00e9nek tekerni, a transzferszolg\u00e1ltat\u00f3kn\u00e1l kaphatnak p\u00e1lyat\u00e9rk\u00e9peket, melyek minden sz\u00fcks\u00e9ges inform\u00e1ci\u00f3t megadnak a p\u00e1ly\u00e1k elhelyezked\u00e9s\u00e9t\u0151l kezdve a neh\u00e9zs\u00e9gi szintekig. Ugyancsak egy ingyenes \u00e9s interakt\u00edv alternat\u00edva lehet a Trailforks alkalmaz\u00e1s, melyben az \u00f6sszes nyomvonal el van mentve. Egy GPS seg\u00edts\u00e9g\u00e9vel k\u00f6nnyed\u00e9n megtal\u00e1lhatod a p\u00e1ly\u00e1kat \u00e9s v\u00e9gig mehetsz az \u00fatvonalakon. A neh\u00e9zs\u00e9gi szinteket pedig sz\u00ednek jel\u00f6lik. A z\u00f6ld \u00e9s a k\u00e9k sz\u00ednek a k\u00f6nny\u0171 \u00f6sv\u00e9nyekre, a fekete a halad\u00f3, a piros pedig a legnehezebb \u00fatvonalakra utal.<\/p>\n<p>Ami pedig a felszerel\u00e9st illeti. Egy enduro ker\u00e9kp\u00e1r elengedhetetlen. <em>&#8220;Mindenkinek aj\u00e1nlom a t\u00f6ml\u0151 n\u00e9lk\u00fcli gumikat, hogy elker\u00fclj\u00fck a defekteket, amik bosszant\u00f3an gyakoriak lehetnek, ha gumibels\u0151vel ell\u00e1tott abroncsokat v\u00e1lasztunk. A s\u00e9r\u00fcl\u00e9sek elker\u00fcl\u00e9se \u00e9rdek\u00e9ben pedig fontosak a k\u00f6ny\u00f6k, csukl\u00f3 \u00e9s l\u00e1bsz\u00e1rv\u00e9d\u0151k, valamint egy min\u0151s\u00e9gi sisak is.&#8221;<\/em><\/p>\n<p>Finale-nak egy\u00e9bk\u00e9nt k\u00e9t r\u00e9sze van. Az egyik az \u00f3v\u00e1ros, Finalborgo, a m\u00e1sik pedig maga Finale Ligure. Az \u00f3v\u00e1rosban sz\u00e1mos \u00e9tterem, fagyiz\u00f3 \u00e9s k\u00e1v\u00e9z\u00f3 van, ahol megpihenhetsz egy f\u00e1raszt\u00f3 t\u00fara ut\u00e1n. Dominika emellett a tengerparti s\u00e9t\u00e1nyokat is aj\u00e1nlja, ahol kellemes d\u00e9lut\u00e1ni id\u0151t\u00f6lt\u00e9s gyan\u00e1nt a ker\u00e9kp\u00e1rosok megihatnak egy-k\u00e9t s\u00f6rt a teker\u00e9s ut\u00e1n. A k\u00f6z\u00e9pkori jelleg\u0171, saj\u00e1tos hangulattal b\u00edr\u00f3 \u00f3v\u00e1rosban nem tolonganak az aut\u00f3k, \u00edgy az utc\u00e1kon barangolva nyugodt k\u00f6r\u00fclm\u00e9nyek k\u00f6z\u00f6tt fedezheted fel az \u00f6sszes kis butikot. <em>&#8220;Ha zavar a hideg t\u00e9l ott, ahol jelenleg \u00e9lsz, ne habozz, k\u00f6lt\u00f6zz Finale Ligure-ba. Hiszem, hogy ez a hely t\u00e9ged is boldogg\u00e1 fog tenni!&#8221;<\/em> &#8211; \u00edg\u00e9ri Dominika.<\/p>\n","protected":false},"excerpt":{"rendered":"<p>Csak egy dolog k\u00e9sztethet valakit arra, hogy t\u00f6bb sz\u00e1z kilom\u00e9terre k\u00f6lt\u00f6zz\u00f6n az otthon\u00e1t\u00f3l, m\u00e9gpedig az, hogy az illet\u0151 val\u00f3sz\u00edn\u0171leg beleszeretett [&hellip;]<\/p>\n","protected":false},"author":71,"featured_media":16922,"comment_status":"open","ping_status":"open","sticky":false,"template":"","format":"standard","meta":{"footnotes":""},"categories":[7],"tags":[],"global-categories":[],"class_list":["post-16918","post","type-post","status-publish","format-standard","has-post-thumbnail","hentry","category-trekking-mtb"],"yoast_head":"<!-- This site is optimized with the Yoast SEO Premium plugin v25.3 (Yoast SEO v25.9) - https:\/\/yoast.com\/wordpress\/plugins\/seo\/ -->\n<title>Finale Ligure: A t\u00f6k\u00e9letes hely a t\u00e9li enduro t\u00far\u00e1khoz<\/title>\n<meta name=\"description\" content=\"Csak egy dolog k\u00e9sztethet valakit arra, hogy t\u00f6bb sz\u00e1z kilom\u00e9terre k\u00f6lt\u00f6zz\u00f6n az otthon\u00e1t\u00f3l, m\u00e9gpedig az, hogy az illet\u0151 val\u00f3sz\u00edn\u0171leg beleszeretett az adott helybe. Ez t\u00f6rt\u00e9nt a cseh sz\u00e1rmaz\u00e1s\u00fa Dominika Durcakov\u00e1val is, aki az olaszorsz\u00e1gi Finale Ligure-ba k\u00f6lt\u00f6z\u00f6tt. Hogy mi\u00e9rt?\" \/>\n<meta name=\"robots\" content=\"index, follow, max-snippet:-1, max-image-preview:large, max-video-preview:-1\" \/>\n<link rel=\"canonical\" href=\"https:\/\/www.welovecycling.com\/hu\/trekking-mtb\/finale-ligure-a-tokeletes-hely-a-teli-enduro-turakhoz\/\" \/>\n<meta property=\"og:locale\" content=\"hu_HU\" \/>\n<meta property=\"og:type\" content=\"article\" \/>\n<meta property=\"og:title\" content=\"Finale Ligure: A t\u00f6k\u00e9letes hely a t\u00e9li enduro t\u00far\u00e1khoz\" \/>\n<meta property=\"og:description\" content=\"Csak egy dolog k\u00e9sztethet valakit arra, hogy t\u00f6bb sz\u00e1z kilom\u00e9terre k\u00f6lt\u00f6zz\u00f6n az otthon\u00e1t\u00f3l, m\u00e9gpedig az, hogy az illet\u0151 val\u00f3sz\u00edn\u0171leg beleszeretett az adott helybe. Ez t\u00f6rt\u00e9nt a cseh sz\u00e1rmaz\u00e1s\u00fa Dominika Durcakov\u00e1val is, aki az olaszorsz\u00e1gi Finale Ligure-ba k\u00f6lt\u00f6z\u00f6tt. Hogy mi\u00e9rt?\" \/>\n<meta property=\"og:url\" content=\"https:\/\/www.welovecycling.com\/hu\/trekking-mtb\/finale-ligure-a-tokeletes-hely-a-teli-enduro-turakhoz\/\" \/>\n<meta property=\"og:site_name\" content=\"\u0160koda We Love Cycling - Magyarorsz\u00e1g\" \/>\n<meta property=\"article:publisher\" content=\"https:\/\/www.facebook.com\/WeLoveCyclingHungary\/\" \/>\n<meta property=\"article:published_time\" content=\"2023-02-09T06:00:43+00:00\" \/>\n<meta property=\"og:image\" content=\"https:\/\/d2p6e6u75xmxt8.cloudfront.net\/12\/2023\/02\/Finale-Ligure-Dominika-CVR.webp\" \/>\n\t<meta property=\"og:image:width\" content=\"990\" \/>\n\t<meta property=\"og:image:height\" content=\"660\" \/>\n\t<meta property=\"og:image:type\" content=\"image\/webp\" \/>\n<meta name=\"author\" content=\"hegyizs\" \/>\n<meta name=\"twitter:card\" content=\"summary_large_image\" \/>\n<meta name=\"twitter:label1\" content=\"Written by\" \/>\n\t<meta name=\"twitter:data1\" content=\"Adam Marsal\" \/>\n\t<meta name=\"twitter:label2\" content=\"Est. reading time\" \/>\n\t<meta name=\"twitter:data2\" content=\"5\" \/>\n<script type=\"application\/ld+json\" class=\"yoast-schema-graph\">{\"@context\":\"https:\/\/schema.org\",\"@graph\":[{\"@type\":\"WebPage\",\"@id\":\"https:\/\/www.welovecycling.com\/hu\/trekking-mtb\/finale-ligure-a-tokeletes-hely-a-teli-enduro-turakhoz\/\",\"url\":\"https:\/\/www.welovecycling.com\/hu\/trekking-mtb\/finale-ligure-a-tokeletes-hely-a-teli-enduro-turakhoz\/\",\"name\":\"Finale Ligure: A t\u00f6k\u00e9letes hely a t\u00e9li enduro t\u00far\u00e1khoz\",\"isPartOf\":{\"@id\":\"https:\/\/www.welovecycling.com\/hu\/#website\"},\"primaryImageOfPage\":{\"@id\":\"https:\/\/www.welovecycling.com\/hu\/trekking-mtb\/finale-ligure-a-tokeletes-hely-a-teli-enduro-turakhoz\/#primaryimage\"},\"image\":{\"@id\":\"https:\/\/www.welovecycling.com\/hu\/trekking-mtb\/finale-ligure-a-tokeletes-hely-a-teli-enduro-turakhoz\/#primaryimage\"},\"thumbnailUrl\":\"https:\/\/d2p6e6u75xmxt8.cloudfront.net\/12\/2023\/02\/Finale-Ligure-Dominika-CVR.webp\",\"datePublished\":\"2023-02-09T06:00:43+00:00\",\"author\":{\"@id\":\"https:\/\/www.welovecycling.com\/hu\/#\/schema\/person\/414a2aebf1801691a5320edb6468e194\"},\"description\":\"Csak egy dolog k\u00e9sztethet valakit arra, hogy t\u00f6bb sz\u00e1z kilom\u00e9terre k\u00f6lt\u00f6zz\u00f6n az otthon\u00e1t\u00f3l, m\u00e9gpedig az, hogy az illet\u0151 val\u00f3sz\u00edn\u0171leg beleszeretett az adott helybe. Ez t\u00f6rt\u00e9nt a cseh sz\u00e1rmaz\u00e1s\u00fa Dominika Durcakov\u00e1val is, aki az olaszorsz\u00e1gi Finale Ligure-ba k\u00f6lt\u00f6z\u00f6tt. Hogy mi\u00e9rt?\",\"breadcrumb\":{\"@id\":\"https:\/\/www.welovecycling.com\/hu\/trekking-mtb\/finale-ligure-a-tokeletes-hely-a-teli-enduro-turakhoz\/#breadcrumb\"},\"inLanguage\":\"hu\",\"potentialAction\":[{\"@type\":\"ReadAction\",\"target\":[\"https:\/\/www.welovecycling.com\/hu\/trekking-mtb\/finale-ligure-a-tokeletes-hely-a-teli-enduro-turakhoz\/\"]}]},{\"@type\":\"ImageObject\",\"inLanguage\":\"hu\",\"@id\":\"https:\/\/www.welovecycling.com\/hu\/trekking-mtb\/finale-ligure-a-tokeletes-hely-a-teli-enduro-turakhoz\/#primaryimage\",\"url\":\"https:\/\/d2p6e6u75xmxt8.cloudfront.net\/12\/2023\/02\/Finale-Ligure-Dominika-CVR.webp\",\"contentUrl\":\"https:\/\/d2p6e6u75xmxt8.cloudfront.net\/12\/2023\/02\/Finale-Ligure-Dominika-CVR.webp\",\"width\":990,\"height\":660,\"caption\":\"Finale Ligure\"},{\"@type\":\"BreadcrumbList\",\"@id\":\"https:\/\/www.welovecycling.com\/hu\/trekking-mtb\/finale-ligure-a-tokeletes-hely-a-teli-enduro-turakhoz\/#breadcrumb\",\"itemListElement\":[{\"@type\":\"ListItem\",\"position\":1,\"name\":\"Home\",\"item\":\"https:\/\/www.welovecycling.com\/hu\/\"},{\"@type\":\"ListItem\",\"position\":2,\"name\":\"Finale Ligure: A t\u00f6k\u00e9letes hely a t\u00e9li enduro t\u00far\u00e1khoz\"}]},{\"@type\":\"WebSite\",\"@id\":\"https:\/\/www.welovecycling.com\/hu\/#website\",\"url\":\"https:\/\/www.welovecycling.com\/hu\/\",\"name\":\"\u0160koda We Love Cycling - Magyarorsz\u00e1g\",\"description\":\"\u0160koda WeLoveCycling\",\"potentialAction\":[{\"@type\":\"SearchAction\",\"target\":{\"@type\":\"EntryPoint\",\"urlTemplate\":\"https:\/\/www.welovecycling.com\/hu\/?s={search_term_string}\"},\"query-input\":{\"@type\":\"PropertyValueSpecification\",\"valueRequired\":true,\"valueName\":\"search_term_string\"}}],\"inLanguage\":\"hu\"},{\"@type\":\"Person\",\"@id\":\"https:\/\/www.welovecycling.com\/hu\/#\/schema\/person\/414a2aebf1801691a5320edb6468e194\",\"name\":\"hegyizs\",\"image\":{\"@type\":\"ImageObject\",\"inLanguage\":\"hu\",\"@id\":\"https:\/\/www.welovecycling.com\/hu\/#\/schema\/person\/image\/\",\"url\":\"https:\/\/secure.gravatar.com\/avatar\/02cf8a7906b8cf90cecb4679defac7cfd33a1c2e3b88e4903d947f3bb58eedd3?s=96&d=mm&r=g\",\"contentUrl\":\"https:\/\/secure.gravatar.com\/avatar\/02cf8a7906b8cf90cecb4679defac7cfd33a1c2e3b88e4903d947f3bb58eedd3?s=96&d=mm&r=g\",\"caption\":\"hegyizs\"},\"url\":\"https:\/\/www.welovecycling.com\/hu\/author\/hegyizs\/\"}]}<\/script>\n<!-- \/ Yoast SEO Premium plugin. -->","yoast_head_json":{"title":"Finale Ligure: A t\u00f6k\u00e9letes hely a t\u00e9li enduro t\u00far\u00e1khoz","description":"Csak egy dolog k\u00e9sztethet valakit arra, hogy t\u00f6bb sz\u00e1z kilom\u00e9terre k\u00f6lt\u00f6zz\u00f6n az otthon\u00e1t\u00f3l, m\u00e9gpedig az, hogy az illet\u0151 val\u00f3sz\u00edn\u0171leg beleszeretett az adott helybe. Ez t\u00f6rt\u00e9nt a cseh sz\u00e1rmaz\u00e1s\u00fa Dominika Durcakov\u00e1val is, aki az olaszorsz\u00e1gi Finale Ligure-ba k\u00f6lt\u00f6z\u00f6tt. Hogy mi\u00e9rt?","robots":{"index":"index","follow":"follow","max-snippet":"max-snippet:-1","max-image-preview":"max-image-preview:large","max-video-preview":"max-video-preview:-1"},"canonical":"https:\/\/www.welovecycling.com\/hu\/trekking-mtb\/finale-ligure-a-tokeletes-hely-a-teli-enduro-turakhoz\/","og_locale":"hu_HU","og_type":"article","og_title":"Finale Ligure: A t\u00f6k\u00e9letes hely a t\u00e9li enduro t\u00far\u00e1khoz","og_description":"Csak egy dolog k\u00e9sztethet valakit arra, hogy t\u00f6bb sz\u00e1z kilom\u00e9terre k\u00f6lt\u00f6zz\u00f6n az otthon\u00e1t\u00f3l, m\u00e9gpedig az, hogy az illet\u0151 val\u00f3sz\u00edn\u0171leg beleszeretett az adott helybe. Ez t\u00f6rt\u00e9nt a cseh sz\u00e1rmaz\u00e1s\u00fa Dominika Durcakov\u00e1val is, aki az olaszorsz\u00e1gi Finale Ligure-ba k\u00f6lt\u00f6z\u00f6tt. Hogy mi\u00e9rt?","og_url":"https:\/\/www.welovecycling.com\/hu\/trekking-mtb\/finale-ligure-a-tokeletes-hely-a-teli-enduro-turakhoz\/","og_site_name":"\u0160koda We Love Cycling - Magyarorsz\u00e1g","article_publisher":"https:\/\/www.facebook.com\/WeLoveCyclingHungary\/","article_published_time":"2023-02-09T06:00:43+00:00","og_image":[{"width":990,"height":660,"url":"https:\/\/d2p6e6u75xmxt8.cloudfront.net\/12\/2023\/02\/Finale-Ligure-Dominika-CVR.webp","type":"image\/webp"}],"author":"hegyizs","twitter_card":"summary_large_image","twitter_misc":{"Written by":"Adam Marsal","Est. reading time":"5"},"schema":{"@context":"https:\/\/schema.org","@graph":[{"@type":"WebPage","@id":"https:\/\/www.welovecycling.com\/hu\/trekking-mtb\/finale-ligure-a-tokeletes-hely-a-teli-enduro-turakhoz\/","url":"https:\/\/www.welovecycling.com\/hu\/trekking-mtb\/finale-ligure-a-tokeletes-hely-a-teli-enduro-turakhoz\/","name":"Finale Ligure: A t\u00f6k\u00e9letes hely a t\u00e9li enduro t\u00far\u00e1khoz","isPartOf":{"@id":"https:\/\/www.welovecycling.com\/hu\/#website"},"primaryImageOfPage":{"@id":"https:\/\/www.welovecycling.com\/hu\/trekking-mtb\/finale-ligure-a-tokeletes-hely-a-teli-enduro-turakhoz\/#primaryimage"},"image":{"@id":"https:\/\/www.welovecycling.com\/hu\/trekking-mtb\/finale-ligure-a-tokeletes-hely-a-teli-enduro-turakhoz\/#primaryimage"},"thumbnailUrl":"https:\/\/d2p6e6u75xmxt8.cloudfront.net\/12\/2023\/02\/Finale-Ligure-Dominika-CVR.webp","datePublished":"2023-02-09T06:00:43+00:00","author":{"@id":"https:\/\/www.welovecycling.com\/hu\/#\/schema\/person\/414a2aebf1801691a5320edb6468e194"},"description":"Csak egy dolog k\u00e9sztethet valakit arra, hogy t\u00f6bb sz\u00e1z kilom\u00e9terre k\u00f6lt\u00f6zz\u00f6n az otthon\u00e1t\u00f3l, m\u00e9gpedig az, hogy az illet\u0151 val\u00f3sz\u00edn\u0171leg beleszeretett az adott helybe. Ez t\u00f6rt\u00e9nt a cseh sz\u00e1rmaz\u00e1s\u00fa Dominika Durcakov\u00e1val is, aki az olaszorsz\u00e1gi Finale Ligure-ba k\u00f6lt\u00f6z\u00f6tt. Hogy mi\u00e9rt?","breadcrumb":{"@id":"https:\/\/www.welovecycling.com\/hu\/trekking-mtb\/finale-ligure-a-tokeletes-hely-a-teli-enduro-turakhoz\/#breadcrumb"},"inLanguage":"hu","potentialAction":[{"@type":"ReadAction","target":["https:\/\/www.welovecycling.com\/hu\/trekking-mtb\/finale-ligure-a-tokeletes-hely-a-teli-enduro-turakhoz\/"]}]},{"@type":"ImageObject","inLanguage":"hu","@id":"https:\/\/www.welovecycling.com\/hu\/trekking-mtb\/finale-ligure-a-tokeletes-hely-a-teli-enduro-turakhoz\/#primaryimage","url":"https:\/\/d2p6e6u75xmxt8.cloudfront.net\/12\/2023\/02\/Finale-Ligure-Dominika-CVR.webp","contentUrl":"https:\/\/d2p6e6u75xmxt8.cloudfront.net\/12\/2023\/02\/Finale-Ligure-Dominika-CVR.webp","width":990,"height":660,"caption":"Finale Ligure"},{"@type":"BreadcrumbList","@id":"https:\/\/www.welovecycling.com\/hu\/trekking-mtb\/finale-ligure-a-tokeletes-hely-a-teli-enduro-turakhoz\/#breadcrumb","itemListElement":[{"@type":"ListItem","position":1,"name":"Home","item":"https:\/\/www.welovecycling.com\/hu\/"},{"@type":"ListItem","position":2,"name":"Finale Ligure: A t\u00f6k\u00e9letes hely a t\u00e9li enduro t\u00far\u00e1khoz"}]},{"@type":"WebSite","@id":"https:\/\/www.welovecycling.com\/hu\/#website","url":"https:\/\/www.welovecycling.com\/hu\/","name":"\u0160koda We Love Cycling - Magyarorsz\u00e1g","description":"\u0160koda WeLoveCycling","potentialAction":[{"@type":"SearchAction","target":{"@type":"EntryPoint","urlTemplate":"https:\/\/www.welovecycling.com\/hu\/?s={search_term_string}"},"query-input":{"@type":"PropertyValueSpecification","valueRequired":true,"valueName":"search_term_string"}}],"inLanguage":"hu"},{"@type":"Person","@id":"https:\/\/www.welovecycling.com\/hu\/#\/schema\/person\/414a2aebf1801691a5320edb6468e194","name":"hegyizs","image":{"@type":"ImageObject","inLanguage":"hu","@id":"https:\/\/www.welovecycling.com\/hu\/#\/schema\/person\/image\/","url":"https:\/\/secure.gravatar.com\/avatar\/02cf8a7906b8cf90cecb4679defac7cfd33a1c2e3b88e4903d947f3bb58eedd3?s=96&d=mm&r=g","contentUrl":"https:\/\/secure.gravatar.com\/avatar\/02cf8a7906b8cf90cecb4679defac7cfd33a1c2e3b88e4903d947f3bb58eedd3?s=96&d=mm&r=g","caption":"hegyizs"},"url":"https:\/\/www.welovecycling.com\/hu\/author\/hegyizs\/"}]}},"_links":{"self":[{"href":"https:\/\/www.welovecycling.com\/hu\/wp-json\/wp\/v2\/posts\/16918","targetHints":{"allow":["GET"]}}],"collection":[{"href":"https:\/\/www.welovecycling.com\/hu\/wp-json\/wp\/v2\/posts"}],"about":[{"href":"https:\/\/www.welovecycling.com\/hu\/wp-json\/wp\/v2\/types\/post"}],"author":[{"embeddable":true,"href":"https:\/\/www.welovecycling.com\/hu\/wp-json\/wp\/v2\/users\/71"}],"replies":[{"embeddable":true,"href":"https:\/\/www.welovecycling.com\/hu\/wp-json\/wp\/v2\/comments?post=16918"}],"version-history":[{"count":2,"href":"https:\/\/www.welovecycling.com\/hu\/wp-json\/wp\/v2\/posts\/16918\/revisions"}],"predecessor-version":[{"id":16923,"href":"https:\/\/www.welovecycling.com\/hu\/wp-json\/wp\/v2\/posts\/16918\/revisions\/16923"}],"wp:featuredmedia":[{"embeddable":true,"href":"https:\/\/www.welovecycling.com\/hu\/wp-json\/wp\/v2\/media\/16922"}],"wp:attachment":[{"href":"https:\/\/www.welovecycling.com\/hu\/wp-json\/wp\/v2\/media?parent=16918"}],"wp:term":[{"taxonomy":"category","embeddable":true,"href":"https:\/\/www.welovecycling.com\/hu\/wp-json\/wp\/v2\/categories?post=16918"},{"taxonomy":"post_tag","embeddable":true,"href":"https:\/\/www.welovecycling.com\/hu\/wp-json\/wp\/v2\/tags?post=16918"},{"taxonomy":"global-categories","embeddable":true,"href":"https:\/\/www.welovecycling.com\/hu\/wp-json\/wp\/v2\/global-categories?post=16918"}],"curies":[{"name":"wp","href":"https:\/\/api.w.org\/{rel}","templated":true}]}}