{"id":16915,"date":"2023-02-11T08:00:57","date_gmt":"2023-02-11T06:00:57","guid":{"rendered":"https:\/\/www.welovecycling.com\/hu\/?p=16915"},"modified":"2023-02-20T10:36:10","modified_gmt":"2023-02-20T08:36:10","slug":"eliteltek-a-ferfit-aki-kirabolta-cavendisheket","status":"publish","type":"post","link":"https:\/\/www.welovecycling.com\/hu\/orszaguti-kerekpar\/eliteltek-a-ferfit-aki-kirabolta-cavendisheket\/","title":{"rendered":"El\u00edt\u00e9lt\u00e9k a f\u00e9rfit, aki kirabolta Cavendish\u00e9ket"},"content":{"rendered":"<p><strong>Mark Cavendish \u00e9s csal\u00e1dja &#8211; feles\u00e9ge, Peta Todd \u00e9s h\u00e1rom\u00e9ves fia &#8211; v\u00e9gre fell\u00e9legezhet: nemr\u00e9g v\u00e9get \u00e9rt a per, mely sor\u00e1n el\u00edt\u00e9lt\u00e9k a f\u00e9rfit, aki 2021-ben k\u00e9st r\u00e1ntott \u00e9s kirabolta \u0151ket. A t\u00e1rgyal\u00e1s t\u00f6bb \u00f3r\u00e1n \u00e1t tartott, majd az esk\u00fcdtsz\u00e9k a k\u00e9trendbeli rabl\u00e1s v\u00e9tk\u00e9ben b\u0171n\u00f6snek tal\u00e1lta a 31 \u00e9ves Romario Henryt. V\u00e1dlott-t\u00e1rs\u00e1t, Oludewa Okorosobot pedig \u00e1rtatlannak \u00edt\u00e9lt\u00e9k. Henry a m\u00e1sodik v\u00e1dlott, akit b\u0171n\u00f6snek tal\u00e1ltak, miut\u00e1n m\u00e9g 2022-ben Ali Sesay vallom\u00e1st tett.<\/strong><\/p>\n<p><!--more--><\/p>\n<p>A rabl\u00e1s Cavendish angliai otthon\u00e1ban t\u00f6rt\u00e9nt 2021. november 27-\u00e9n. Cavendish f\u00e9rfi hangokra \u00e9bredt, akik &#8211; Todd elmond\u00e1sa szerint &#8211; kir\u00e1ngatt\u00e1k az \u00e1gyb\u00f3l \u00e9s \u00f6k\u00f6llel \u00fct\u00f6tt\u00e9k. Csak n\u00e9h\u00e1ny nappal kor\u00e1bban engedt\u00e9k ki a k\u00f3rh\u00e1zb\u00f3l, miut\u00e1n balesete miatt t\u00f6bb napot t\u00f6lt\u00f6tt az intenz\u00edven.<\/p>\n<p><em>\u201cEgyik\u00fck egy nagy fekete k\u00e9st tartott a tork\u00e1hoz, \u00e9s azt k\u00e9rdezte, hogy hol vannak az \u00f3r\u00e1k?\u201d<\/em> &#8211; mes\u00e9lte Todd a b\u00edr\u00f3s\u00e1gon a BBC szerint. A s\u00edmaszkos f\u00e9rfiak v\u00e9g\u00fcl k\u00e9t, \u00f6sszesen 865 000 doll\u00e1r \u00e9rt\u00e9k\u0171 Richard Mille luxus\u00f3r\u00e1val, mobiltelefonokkal \u00e9s egy Louis Vuitton b\u0151r\u00f6nddel t\u00e1voztak. Todd telefonja v\u00e9g\u00fcl megker\u00fclt, \u00e9s megtal\u00e1lt\u00e1k rajta Sesay ujjlenyomat\u00e1t.<\/p>\n<p>Henryt, Sesayt \u00e9s Okorosob\u00f3t 2021 december\u00e9ben tart\u00f3ztatt\u00e1k le.<\/p>\n<p>Sesay b\u0171n\u00f6snek vallotta mag\u00e1t m\u00e9g szeptemberben, Henry \u00e9s Okorosobo pedig \u00e1rtatlannak. Henry \u00e9s Okorosobo pere 2023. janu\u00e1r 3-\u00e1n kezd\u0151d\u00f6tt. Ekkor Henry elismerte, hogy \u0151 is abban az aut\u00f3ban \u00fclt, amivel Londonb\u00f3l Cavendish h\u00e1z\u00e1hoz utaztak, de \u00e1ll\u00edt\u00e1sa szerint k\u00e1b\u00edt\u00f3szer hat\u00e1sa alatt \u00e1llt, \u00e9s nem tudta, hogy b\u0171ncselekm\u00e9nyt k\u00f6vetnek el.<\/p>\n<p>Okorosobo tartotta mag\u00e1t ahhoz, amit kor\u00e1bban mondott: hogy k\u00f6lcs\u00f6nadott egy telefont Sesay-nek &#8211; azt a telefont, amit egy, Cavendish otthona k\u00f6zel\u00e9ben \u00e1ll\u00f3 torony \u00e9rz\u00e9kelt -, de azt \u00e1ll\u00edtotta, hogy s\u00e9r\u00fcl\u00e9s miatt nem tudott r\u00e9szt venni a rabl\u00e1sban. K\u00e9t h\u00f3nappal azel\u0151tt megk\u00e9selt\u00e9k, \u00e9s s\u00falyosan megs\u00e9r\u00fclt a l\u00e1ba \u00e9s a karja is.<\/p>\n<p>Az \u00edt\u00e9letet k\u00f6vet\u0151en, melyben Henry-t b\u0171n\u00f6snek, Okorosob\u00f3t pedig \u00e1rtatlannak tal\u00e1lt\u00e1k, \u00edgy nyilatkozott a Cavendish-csal\u00e1d:<\/p>\n<p><em>\u201cB\u00e1r soha nem t\u00f6r\u00f6lheti ki semmi azt, ami a csal\u00e1dunkkal t\u00f6rt\u00e9nt, n\u00e9mi vigaszt ny\u00fajt, hogy a k\u00e9t f\u00e9rfit, aki bet\u00f6rt a h\u00e1zunkba, megt\u00e1madta Mark-ot, megr\u00e9m\u00edtette a gyerek\u00fcnket \u00e9s lopott t\u0151l\u00fcnk, el\u00edt\u00e9lt\u00e9k. Rem\u00e9nyeink szerint a b\u00fcntet\u00e9s megfelel\u0151 m\u00e9rt\u00e9k\u0171 lesz a tetteikhez viszony\u00edtva, \u00e9s rem\u00e9lj\u00fck, hogy el\u0151seg\u00edti, hogy m\u00e1s csal\u00e1ddal ne t\u00f6rt\u00e9nhessen meg ez a sz\u00f6rny\u0171 dolog.\u201d<\/em><\/p>\n<p>A t\u00f6rt\u00e9net azonban m\u00e9g nem \u00e9rt v\u00e9get: k\u00e9t gyan\u00fas\u00edtott tov\u00e1bbra is szabadl\u00e1bon van. Jo Jobsont \u00e9s George Goddard-t tov\u00e1bbra is \u00fcld\u00f6zi a rend\u0151rs\u00e9g.<\/p>\n<p><em>Bor\u00edt\u00f3k\u00e9p: Kenta Harada I Getty Images<\/em><\/p>\n<p><em>Forr\u00e1s: <\/em><a href=\"https:\/\/www.bicycling.com\/racing\/a42623780\/man-who-robbed-mark-cavendish-found-guilty\/\"><em>bicycling.com<\/em><\/a><\/p>\n","protected":false},"excerpt":{"rendered":"<p>Mark Cavendish \u00e9s csal\u00e1dja &#8211; feles\u00e9ge, Peta Todd \u00e9s h\u00e1rom\u00e9ves fia &#8211; v\u00e9gre fell\u00e9legezhet: nemr\u00e9g v\u00e9get \u00e9rt a per, mely [&hellip;]<\/p>\n","protected":false},"author":71,"featured_media":16916,"comment_status":"open","ping_status":"open","sticky":false,"template":"","format":"standard","meta":{"footnotes":""},"categories":[8],"tags":[],"global-categories":[],"class_list":["post-16915","post","type-post","status-publish","format-standard","has-post-thumbnail","hentry","category-orszaguti-kerekpar"],"yoast_head":"<!-- This site is optimized with the Yoast SEO Premium plugin v25.3 (Yoast SEO v25.9) - https:\/\/yoast.com\/wordpress\/plugins\/seo\/ -->\n<title>El\u00edt\u00e9lt\u00e9k a f\u00e9rfit, aki kirabolta Cavendish\u00e9ket<\/title>\n<meta name=\"description\" content=\"Mark Cavendish \u00e9s csal\u00e1dja - feles\u00e9ge, Peta Todd \u00e9s h\u00e1rom\u00e9ves fia - v\u00e9gre fell\u00e9legezhet: nemr\u00e9g v\u00e9get \u00e9rt a per, mely sor\u00e1n el\u00edt\u00e9lt\u00e9k a f\u00e9rfit, aki 2021-ben k\u00e9st r\u00e1ntott \u00e9s kirabolta \u0151ket. A t\u00e1rgyal\u00e1s t\u00f6bb \u00f3r\u00e1n \u00e1t tartott, majd az esk\u00fcdtsz\u00e9k a k\u00e9trendbeli rabl\u00e1s v\u00e9tk\u00e9ben b\u0171n\u00f6snek tal\u00e1lta a 31 \u00e9ves Romario Henryt. V\u00e1dlott-t\u00e1rs\u00e1t, Oludewa Okorosobot pedig \u00e1rtatlannak \u00edt\u00e9lt\u00e9k. Henry a m\u00e1sodik v\u00e1dlott, akit b\u0171n\u00f6snek tal\u00e1ltak, miut\u00e1n m\u00e9g 2022-ben Ali Sesay vallom\u00e1st tett.\" \/>\n<meta name=\"robots\" content=\"index, follow, max-snippet:-1, max-image-preview:large, max-video-preview:-1\" \/>\n<link rel=\"canonical\" href=\"https:\/\/www.welovecycling.com\/hu\/orszaguti-kerekpar\/eliteltek-a-ferfit-aki-kirabolta-cavendisheket\/\" \/>\n<meta property=\"og:locale\" content=\"hu_HU\" \/>\n<meta property=\"og:type\" content=\"article\" \/>\n<meta property=\"og:title\" content=\"El\u00edt\u00e9lt\u00e9k a f\u00e9rfit, aki kirabolta Cavendish\u00e9ket\" \/>\n<meta property=\"og:description\" content=\"Mark Cavendish \u00e9s csal\u00e1dja - feles\u00e9ge, Peta Todd \u00e9s h\u00e1rom\u00e9ves fia - v\u00e9gre fell\u00e9legezhet: nemr\u00e9g v\u00e9get \u00e9rt a per, mely sor\u00e1n el\u00edt\u00e9lt\u00e9k a f\u00e9rfit, aki 2021-ben k\u00e9st r\u00e1ntott \u00e9s kirabolta \u0151ket. A t\u00e1rgyal\u00e1s t\u00f6bb \u00f3r\u00e1n \u00e1t tartott, majd az esk\u00fcdtsz\u00e9k a k\u00e9trendbeli rabl\u00e1s v\u00e9tk\u00e9ben b\u0171n\u00f6snek tal\u00e1lta a 31 \u00e9ves Romario Henryt. V\u00e1dlott-t\u00e1rs\u00e1t, Oludewa Okorosobot pedig \u00e1rtatlannak \u00edt\u00e9lt\u00e9k. Henry a m\u00e1sodik v\u00e1dlott, akit b\u0171n\u00f6snek tal\u00e1ltak, miut\u00e1n m\u00e9g 2022-ben Ali Sesay vallom\u00e1st tett.\" \/>\n<meta property=\"og:url\" content=\"https:\/\/www.welovecycling.com\/hu\/orszaguti-kerekpar\/eliteltek-a-ferfit-aki-kirabolta-cavendisheket\/\" \/>\n<meta property=\"og:site_name\" content=\"\u0160koda We Love Cycling - Magyarorsz\u00e1g\" \/>\n<meta property=\"article:publisher\" content=\"https:\/\/www.facebook.com\/WeLoveCyclingHungary\/\" \/>\n<meta property=\"article:published_time\" content=\"2023-02-11T06:00:57+00:00\" \/>\n<meta property=\"article:modified_time\" content=\"2023-02-20T08:36:10+00:00\" \/>\n<meta property=\"og:image\" content=\"https:\/\/d2p6e6u75xmxt8.cloudfront.net\/12\/2023\/02\/mark-cavendish-of-the-united-kingdom-and-tdf-criterium-news-photo-1674501406.webp\" \/>\n\t<meta property=\"og:image:width\" content=\"1024\" \/>\n\t<meta property=\"og:image:height\" content=\"683\" \/>\n\t<meta property=\"og:image:type\" content=\"image\/webp\" \/>\n<meta name=\"author\" content=\"hegyizs\" \/>\n<meta name=\"twitter:card\" content=\"summary_large_image\" \/>\n<meta name=\"twitter:label1\" content=\"Written by\" \/>\n\t<meta name=\"twitter:data1\" content=\"WLC\" \/>\n\t<meta name=\"twitter:label2\" content=\"Est. reading time\" \/>\n\t<meta name=\"twitter:data2\" content=\"3 minutes\" \/>\n<script type=\"application\/ld+json\" class=\"yoast-schema-graph\">{\"@context\":\"https:\/\/schema.org\",\"@graph\":[{\"@type\":\"WebPage\",\"@id\":\"https:\/\/www.welovecycling.com\/hu\/orszaguti-kerekpar\/eliteltek-a-ferfit-aki-kirabolta-cavendisheket\/\",\"url\":\"https:\/\/www.welovecycling.com\/hu\/orszaguti-kerekpar\/eliteltek-a-ferfit-aki-kirabolta-cavendisheket\/\",\"name\":\"El\u00edt\u00e9lt\u00e9k a f\u00e9rfit, aki kirabolta Cavendish\u00e9ket\",\"isPartOf\":{\"@id\":\"https:\/\/www.welovecycling.com\/hu\/#website\"},\"primaryImageOfPage\":{\"@id\":\"https:\/\/www.welovecycling.com\/hu\/orszaguti-kerekpar\/eliteltek-a-ferfit-aki-kirabolta-cavendisheket\/#primaryimage\"},\"image\":{\"@id\":\"https:\/\/www.welovecycling.com\/hu\/orszaguti-kerekpar\/eliteltek-a-ferfit-aki-kirabolta-cavendisheket\/#primaryimage\"},\"thumbnailUrl\":\"https:\/\/d2p6e6u75xmxt8.cloudfront.net\/12\/2023\/02\/mark-cavendish-of-the-united-kingdom-and-tdf-criterium-news-photo-1674501406.webp\",\"datePublished\":\"2023-02-11T06:00:57+00:00\",\"dateModified\":\"2023-02-20T08:36:10+00:00\",\"author\":{\"@id\":\"https:\/\/www.welovecycling.com\/hu\/#\/schema\/person\/414a2aebf1801691a5320edb6468e194\"},\"description\":\"Mark Cavendish \u00e9s csal\u00e1dja - feles\u00e9ge, Peta Todd \u00e9s h\u00e1rom\u00e9ves fia - v\u00e9gre fell\u00e9legezhet: nemr\u00e9g v\u00e9get \u00e9rt a per, mely sor\u00e1n el\u00edt\u00e9lt\u00e9k a f\u00e9rfit, aki 2021-ben k\u00e9st r\u00e1ntott \u00e9s kirabolta \u0151ket. A t\u00e1rgyal\u00e1s t\u00f6bb \u00f3r\u00e1n \u00e1t tartott, majd az esk\u00fcdtsz\u00e9k a k\u00e9trendbeli rabl\u00e1s v\u00e9tk\u00e9ben b\u0171n\u00f6snek tal\u00e1lta a 31 \u00e9ves Romario Henryt. V\u00e1dlott-t\u00e1rs\u00e1t, Oludewa Okorosobot pedig \u00e1rtatlannak \u00edt\u00e9lt\u00e9k. Henry a m\u00e1sodik v\u00e1dlott, akit b\u0171n\u00f6snek tal\u00e1ltak, miut\u00e1n m\u00e9g 2022-ben Ali Sesay vallom\u00e1st tett.\",\"breadcrumb\":{\"@id\":\"https:\/\/www.welovecycling.com\/hu\/orszaguti-kerekpar\/eliteltek-a-ferfit-aki-kirabolta-cavendisheket\/#breadcrumb\"},\"inLanguage\":\"hu\",\"potentialAction\":[{\"@type\":\"ReadAction\",\"target\":[\"https:\/\/www.welovecycling.com\/hu\/orszaguti-kerekpar\/eliteltek-a-ferfit-aki-kirabolta-cavendisheket\/\"]}]},{\"@type\":\"ImageObject\",\"inLanguage\":\"hu\",\"@id\":\"https:\/\/www.welovecycling.com\/hu\/orszaguti-kerekpar\/eliteltek-a-ferfit-aki-kirabolta-cavendisheket\/#primaryimage\",\"url\":\"https:\/\/d2p6e6u75xmxt8.cloudfront.net\/12\/2023\/02\/mark-cavendish-of-the-united-kingdom-and-tdf-criterium-news-photo-1674501406.webp\",\"contentUrl\":\"https:\/\/d2p6e6u75xmxt8.cloudfront.net\/12\/2023\/02\/mark-cavendish-of-the-united-kingdom-and-tdf-criterium-news-photo-1674501406.webp\",\"width\":1024,\"height\":683},{\"@type\":\"BreadcrumbList\",\"@id\":\"https:\/\/www.welovecycling.com\/hu\/orszaguti-kerekpar\/eliteltek-a-ferfit-aki-kirabolta-cavendisheket\/#breadcrumb\",\"itemListElement\":[{\"@type\":\"ListItem\",\"position\":1,\"name\":\"Home\",\"item\":\"https:\/\/www.welovecycling.com\/hu\/\"},{\"@type\":\"ListItem\",\"position\":2,\"name\":\"El\u00edt\u00e9lt\u00e9k a f\u00e9rfit, aki kirabolta Cavendish\u00e9ket\"}]},{\"@type\":\"WebSite\",\"@id\":\"https:\/\/www.welovecycling.com\/hu\/#website\",\"url\":\"https:\/\/www.welovecycling.com\/hu\/\",\"name\":\"\u0160koda We Love Cycling - Magyarorsz\u00e1g\",\"description\":\"\u0160koda WeLoveCycling\",\"potentialAction\":[{\"@type\":\"SearchAction\",\"target\":{\"@type\":\"EntryPoint\",\"urlTemplate\":\"https:\/\/www.welovecycling.com\/hu\/?s={search_term_string}\"},\"query-input\":{\"@type\":\"PropertyValueSpecification\",\"valueRequired\":true,\"valueName\":\"search_term_string\"}}],\"inLanguage\":\"hu\"},{\"@type\":\"Person\",\"@id\":\"https:\/\/www.welovecycling.com\/hu\/#\/schema\/person\/414a2aebf1801691a5320edb6468e194\",\"name\":\"hegyizs\",\"image\":{\"@type\":\"ImageObject\",\"inLanguage\":\"hu\",\"@id\":\"https:\/\/www.welovecycling.com\/hu\/#\/schema\/person\/image\/\",\"url\":\"https:\/\/secure.gravatar.com\/avatar\/02cf8a7906b8cf90cecb4679defac7cfd33a1c2e3b88e4903d947f3bb58eedd3?s=96&d=mm&r=g\",\"contentUrl\":\"https:\/\/secure.gravatar.com\/avatar\/02cf8a7906b8cf90cecb4679defac7cfd33a1c2e3b88e4903d947f3bb58eedd3?s=96&d=mm&r=g\",\"caption\":\"hegyizs\"},\"url\":\"https:\/\/www.welovecycling.com\/hu\/author\/hegyizs\/\"}]}<\/script>\n<!-- \/ Yoast SEO Premium plugin. -->","yoast_head_json":{"title":"El\u00edt\u00e9lt\u00e9k a f\u00e9rfit, aki kirabolta Cavendish\u00e9ket","description":"Mark Cavendish \u00e9s csal\u00e1dja - feles\u00e9ge, Peta Todd \u00e9s h\u00e1rom\u00e9ves fia - v\u00e9gre fell\u00e9legezhet: nemr\u00e9g v\u00e9get \u00e9rt a per, mely sor\u00e1n el\u00edt\u00e9lt\u00e9k a f\u00e9rfit, aki 2021-ben k\u00e9st r\u00e1ntott \u00e9s kirabolta \u0151ket. A t\u00e1rgyal\u00e1s t\u00f6bb \u00f3r\u00e1n \u00e1t tartott, majd az esk\u00fcdtsz\u00e9k a k\u00e9trendbeli rabl\u00e1s v\u00e9tk\u00e9ben b\u0171n\u00f6snek tal\u00e1lta a 31 \u00e9ves Romario Henryt. V\u00e1dlott-t\u00e1rs\u00e1t, Oludewa Okorosobot pedig \u00e1rtatlannak \u00edt\u00e9lt\u00e9k. Henry a m\u00e1sodik v\u00e1dlott, akit b\u0171n\u00f6snek tal\u00e1ltak, miut\u00e1n m\u00e9g 2022-ben Ali Sesay vallom\u00e1st tett.","robots":{"index":"index","follow":"follow","max-snippet":"max-snippet:-1","max-image-preview":"max-image-preview:large","max-video-preview":"max-video-preview:-1"},"canonical":"https:\/\/www.welovecycling.com\/hu\/orszaguti-kerekpar\/eliteltek-a-ferfit-aki-kirabolta-cavendisheket\/","og_locale":"hu_HU","og_type":"article","og_title":"El\u00edt\u00e9lt\u00e9k a f\u00e9rfit, aki kirabolta Cavendish\u00e9ket","og_description":"Mark Cavendish \u00e9s csal\u00e1dja - feles\u00e9ge, Peta Todd \u00e9s h\u00e1rom\u00e9ves fia - v\u00e9gre fell\u00e9legezhet: nemr\u00e9g v\u00e9get \u00e9rt a per, mely sor\u00e1n el\u00edt\u00e9lt\u00e9k a f\u00e9rfit, aki 2021-ben k\u00e9st r\u00e1ntott \u00e9s kirabolta \u0151ket. A t\u00e1rgyal\u00e1s t\u00f6bb \u00f3r\u00e1n \u00e1t tartott, majd az esk\u00fcdtsz\u00e9k a k\u00e9trendbeli rabl\u00e1s v\u00e9tk\u00e9ben b\u0171n\u00f6snek tal\u00e1lta a 31 \u00e9ves Romario Henryt. V\u00e1dlott-t\u00e1rs\u00e1t, Oludewa Okorosobot pedig \u00e1rtatlannak \u00edt\u00e9lt\u00e9k. Henry a m\u00e1sodik v\u00e1dlott, akit b\u0171n\u00f6snek tal\u00e1ltak, miut\u00e1n m\u00e9g 2022-ben Ali Sesay vallom\u00e1st tett.","og_url":"https:\/\/www.welovecycling.com\/hu\/orszaguti-kerekpar\/eliteltek-a-ferfit-aki-kirabolta-cavendisheket\/","og_site_name":"\u0160koda We Love Cycling - Magyarorsz\u00e1g","article_publisher":"https:\/\/www.facebook.com\/WeLoveCyclingHungary\/","article_published_time":"2023-02-11T06:00:57+00:00","article_modified_time":"2023-02-20T08:36:10+00:00","og_image":[{"width":1024,"height":683,"url":"https:\/\/d2p6e6u75xmxt8.cloudfront.net\/12\/2023\/02\/mark-cavendish-of-the-united-kingdom-and-tdf-criterium-news-photo-1674501406.webp","type":"image\/webp"}],"author":"hegyizs","twitter_card":"summary_large_image","twitter_misc":{"Written by":"WLC","Est. reading time":"3 minutes"},"schema":{"@context":"https:\/\/schema.org","@graph":[{"@type":"WebPage","@id":"https:\/\/www.welovecycling.com\/hu\/orszaguti-kerekpar\/eliteltek-a-ferfit-aki-kirabolta-cavendisheket\/","url":"https:\/\/www.welovecycling.com\/hu\/orszaguti-kerekpar\/eliteltek-a-ferfit-aki-kirabolta-cavendisheket\/","name":"El\u00edt\u00e9lt\u00e9k a f\u00e9rfit, aki kirabolta Cavendish\u00e9ket","isPartOf":{"@id":"https:\/\/www.welovecycling.com\/hu\/#website"},"primaryImageOfPage":{"@id":"https:\/\/www.welovecycling.com\/hu\/orszaguti-kerekpar\/eliteltek-a-ferfit-aki-kirabolta-cavendisheket\/#primaryimage"},"image":{"@id":"https:\/\/www.welovecycling.com\/hu\/orszaguti-kerekpar\/eliteltek-a-ferfit-aki-kirabolta-cavendisheket\/#primaryimage"},"thumbnailUrl":"https:\/\/d2p6e6u75xmxt8.cloudfront.net\/12\/2023\/02\/mark-cavendish-of-the-united-kingdom-and-tdf-criterium-news-photo-1674501406.webp","datePublished":"2023-02-11T06:00:57+00:00","dateModified":"2023-02-20T08:36:10+00:00","author":{"@id":"https:\/\/www.welovecycling.com\/hu\/#\/schema\/person\/414a2aebf1801691a5320edb6468e194"},"description":"Mark Cavendish \u00e9s csal\u00e1dja - feles\u00e9ge, Peta Todd \u00e9s h\u00e1rom\u00e9ves fia - v\u00e9gre fell\u00e9legezhet: nemr\u00e9g v\u00e9get \u00e9rt a per, mely sor\u00e1n el\u00edt\u00e9lt\u00e9k a f\u00e9rfit, aki 2021-ben k\u00e9st r\u00e1ntott \u00e9s kirabolta \u0151ket. A t\u00e1rgyal\u00e1s t\u00f6bb \u00f3r\u00e1n \u00e1t tartott, majd az esk\u00fcdtsz\u00e9k a k\u00e9trendbeli rabl\u00e1s v\u00e9tk\u00e9ben b\u0171n\u00f6snek tal\u00e1lta a 31 \u00e9ves Romario Henryt. V\u00e1dlott-t\u00e1rs\u00e1t, Oludewa Okorosobot pedig \u00e1rtatlannak \u00edt\u00e9lt\u00e9k. Henry a m\u00e1sodik v\u00e1dlott, akit b\u0171n\u00f6snek tal\u00e1ltak, miut\u00e1n m\u00e9g 2022-ben Ali Sesay vallom\u00e1st tett.","breadcrumb":{"@id":"https:\/\/www.welovecycling.com\/hu\/orszaguti-kerekpar\/eliteltek-a-ferfit-aki-kirabolta-cavendisheket\/#breadcrumb"},"inLanguage":"hu","potentialAction":[{"@type":"ReadAction","target":["https:\/\/www.welovecycling.com\/hu\/orszaguti-kerekpar\/eliteltek-a-ferfit-aki-kirabolta-cavendisheket\/"]}]},{"@type":"ImageObject","inLanguage":"hu","@id":"https:\/\/www.welovecycling.com\/hu\/orszaguti-kerekpar\/eliteltek-a-ferfit-aki-kirabolta-cavendisheket\/#primaryimage","url":"https:\/\/d2p6e6u75xmxt8.cloudfront.net\/12\/2023\/02\/mark-cavendish-of-the-united-kingdom-and-tdf-criterium-news-photo-1674501406.webp","contentUrl":"https:\/\/d2p6e6u75xmxt8.cloudfront.net\/12\/2023\/02\/mark-cavendish-of-the-united-kingdom-and-tdf-criterium-news-photo-1674501406.webp","width":1024,"height":683},{"@type":"BreadcrumbList","@id":"https:\/\/www.welovecycling.com\/hu\/orszaguti-kerekpar\/eliteltek-a-ferfit-aki-kirabolta-cavendisheket\/#breadcrumb","itemListElement":[{"@type":"ListItem","position":1,"name":"Home","item":"https:\/\/www.welovecycling.com\/hu\/"},{"@type":"ListItem","position":2,"name":"El\u00edt\u00e9lt\u00e9k a f\u00e9rfit, aki kirabolta Cavendish\u00e9ket"}]},{"@type":"WebSite","@id":"https:\/\/www.welovecycling.com\/hu\/#website","url":"https:\/\/www.welovecycling.com\/hu\/","name":"\u0160koda We Love Cycling - Magyarorsz\u00e1g","description":"\u0160koda WeLoveCycling","potentialAction":[{"@type":"SearchAction","target":{"@type":"EntryPoint","urlTemplate":"https:\/\/www.welovecycling.com\/hu\/?s={search_term_string}"},"query-input":{"@type":"PropertyValueSpecification","valueRequired":true,"valueName":"search_term_string"}}],"inLanguage":"hu"},{"@type":"Person","@id":"https:\/\/www.welovecycling.com\/hu\/#\/schema\/person\/414a2aebf1801691a5320edb6468e194","name":"hegyizs","image":{"@type":"ImageObject","inLanguage":"hu","@id":"https:\/\/www.welovecycling.com\/hu\/#\/schema\/person\/image\/","url":"https:\/\/secure.gravatar.com\/avatar\/02cf8a7906b8cf90cecb4679defac7cfd33a1c2e3b88e4903d947f3bb58eedd3?s=96&d=mm&r=g","contentUrl":"https:\/\/secure.gravatar.com\/avatar\/02cf8a7906b8cf90cecb4679defac7cfd33a1c2e3b88e4903d947f3bb58eedd3?s=96&d=mm&r=g","caption":"hegyizs"},"url":"https:\/\/www.welovecycling.com\/hu\/author\/hegyizs\/"}]}},"_links":{"self":[{"href":"https:\/\/www.welovecycling.com\/hu\/wp-json\/wp\/v2\/posts\/16915","targetHints":{"allow":["GET"]}}],"collection":[{"href":"https:\/\/www.welovecycling.com\/hu\/wp-json\/wp\/v2\/posts"}],"about":[{"href":"https:\/\/www.welovecycling.com\/hu\/wp-json\/wp\/v2\/types\/post"}],"author":[{"embeddable":true,"href":"https:\/\/www.welovecycling.com\/hu\/wp-json\/wp\/v2\/users\/71"}],"replies":[{"embeddable":true,"href":"https:\/\/www.welovecycling.com\/hu\/wp-json\/wp\/v2\/comments?post=16915"}],"version-history":[{"count":2,"href":"https:\/\/www.welovecycling.com\/hu\/wp-json\/wp\/v2\/posts\/16915\/revisions"}],"predecessor-version":[{"id":17027,"href":"https:\/\/www.welovecycling.com\/hu\/wp-json\/wp\/v2\/posts\/16915\/revisions\/17027"}],"wp:featuredmedia":[{"embeddable":true,"href":"https:\/\/www.welovecycling.com\/hu\/wp-json\/wp\/v2\/media\/16916"}],"wp:attachment":[{"href":"https:\/\/www.welovecycling.com\/hu\/wp-json\/wp\/v2\/media?parent=16915"}],"wp:term":[{"taxonomy":"category","embeddable":true,"href":"https:\/\/www.welovecycling.com\/hu\/wp-json\/wp\/v2\/categories?post=16915"},{"taxonomy":"post_tag","embeddable":true,"href":"https:\/\/www.welovecycling.com\/hu\/wp-json\/wp\/v2\/tags?post=16915"},{"taxonomy":"global-categories","embeddable":true,"href":"https:\/\/www.welovecycling.com\/hu\/wp-json\/wp\/v2\/global-categories?post=16915"}],"curies":[{"name":"wp","href":"https:\/\/api.w.org\/{rel}","templated":true}]}}