{"id":16911,"date":"2023-02-06T08:00:31","date_gmt":"2023-02-06T06:00:31","guid":{"rendered":"https:\/\/www.welovecycling.com\/hu\/?p=16911"},"modified":"2023-02-03T12:39:44","modified_gmt":"2023-02-03T10:39:44","slug":"6-kerekparos-esemeny-2023-ban-amit-nem-szabad-kihagynod","status":"publish","type":"post","link":"https:\/\/www.welovecycling.com\/hu\/trekking-mtb\/6-kerekparos-esemeny-2023-ban-amit-nem-szabad-kihagynod\/","title":{"rendered":"6 ker\u00e9kp\u00e1ros esem\u00e9ny 2023-ban, amit nem szabad kihagynod"},"content":{"rendered":"<p><strong>A ker\u00e9kp\u00e1rosok sz\u00e1ma \u00f3ri\u00e1si \u00fctemben n\u00f6vekszik. Egyre t\u00f6bben pr\u00f3b\u00e1lj\u00e1k ki magukat a sport\u00e1gban, melynek eredm\u00e9nyek\u00e9ppen a napt\u00e1rban szerepl\u0151 ker\u00e9kp\u00e1ros esem\u00e9nyek sz\u00e1ma \u00e9s t\u00edpusa is dr\u00e1maian n\u00f6vekszik.<\/strong><\/p>\n<p><!--more--><\/p>\n<p>Nem vagyunk elfogultak. A bicikliz\u00e9s minden t\u00edpusa sz\u00f3rakoztat\u00f3 lehet, legyen az egy hossz\u00fa, dimbes-dombos orsz\u00e1g\u00fati ker\u00e9kp\u00e1roz\u00e1s, egy s\u00e1rral \u00e9s cs\u00fasz\u00f3s \u00fatvonalakkal teli cross verseny, vagy egy magas szint\u0171 hegyi menet. A sport\u00e1g rajong\u00f3i is \u00e9lvezik a ker\u00e9kp\u00e1roz\u00e1sban rejl\u0151 v\u00e1ltozatoss\u00e1got, ami abb\u00f3l is l\u00e1tszik, hogy milyen versenyeken vagy esem\u00e9nyeken vesznek r\u00e9szt.<\/p>\n<p>A k\u00f6vetkez\u0151 list\u00e1ban ezt a v\u00e1ltozatoss\u00e1got akartuk bemutatni. Ha te is azok k\u00f6z\u00e9 az emberek k\u00f6z\u00e9 tartozol, akik \u00e1ltal\u00e1ban csak a Tour de France-t n\u00e9zik, id\u00e9n l\u00e9pj ki a komfortz\u00f3n\u00e1db\u00f3l \u00e9s n\u00e9zd meg, mi mindent k\u00edn\u00e1l m\u00e9g ez a sport!<\/p>\n<h2><strong>\u0160koda Titan Desert<\/strong><\/h2>\n<p>A marokk\u00f3i Szahar\u00e1n \u00e1t\u00edvel\u0151 legend\u00e1s versenyre id\u00e9n \u00e1prilis 30. \u00e9s m\u00e1jus 5. k\u00f6z\u00f6tt ker\u00fcl sor. Ez az esem\u00e9ny p\u00e1ratlan: hat napon \u00e9s hat \u00e9jszak\u00e1n \u00e1t kell a sivatag zord k\u00f6r\u00fclm\u00e9nyei k\u00f6z\u00f6tt \u00e9lned,\u00a0 a t\u00f6bbi r\u00e9sztvev\u0151vel egy\u00fctt. A kih\u00edv\u00e1s k\u00f6zepette olyan csapatszellemet alak\u00edthatsz ki, amire sehol m\u00e1shol nem lenn\u00e9l k\u00e9pes. Ha hajland\u00f3 vagy r\u00e9szt venni egy olyan versenyen, ahol folyamatosan el kell viselned a perzsel\u0151 afrikai nap forr\u00f3s\u00e1g\u00e1t \u00e9s a t\u00fal\u00e9l\u00e9s\u00e9rt kell k\u00fczdened, akkor ezt az esem\u00e9nyt neked tal\u00e1lt\u00e1k ki. M\u00e9g van lehet\u0151s\u00e9g jelentkezni, \u00fagyhogy hajr\u00e1!<\/p>\n<h2><strong>24H of Finale<\/strong><\/h2>\n<p>Ha szeretsz a bar\u00e1taiddal l\u00f3gni, \u00f3r\u00e1kon \u00e1t tekerni a montiddal \u00e9s gy\u00f6ny\u00f6r\u0171 \u00fatvonalakat felfedezni, akkor ez a verseny neked val\u00f3!<\/p>\n<p>A 24H of Finale az olasz Rivi\u00e9r\u00e1n zajlik, \u00e9s olyan, mint egy mini fesztiv\u00e1l, aminek a hegyiker\u00e9kp\u00e1r \u00e1ll a k\u00f6z\u00e9ppontj\u00e1ban. A 24 \u00f3r\u00e1s versenyre csapatban vagy ak\u00e1r egyed\u00fcl is lehet jelentkezni.<\/p>\n<p>A r\u00e9sztvev\u0151knek egy 11,7 km-es k\u00f6rp\u00e1ly\u00e1n kell tekerni\u00fck. A c\u00e9l, hogy a megadott id\u0151n bel\u00fcl t\u00f6bb k\u00f6rt teljes\u00edtsenek, mint versenyt\u00e1rsaik. A 2, 4, 8 vagy 12 f\u0151s csapatok v\u00e1lt\u00f3ban versenyeznek.<\/p>\n<p>A 2023-as d\u00e1tumokat m\u00e9g nem hozt\u00e1k nyilv\u00e1noss\u00e1gra, \u00fagyhogy tartsd nyitva a szemed (vagy n\u00e9zd meg az <a href=\"https:\/\/www.24hfinale.com\/en\/\">esem\u00e9ny honlapj\u00e1t<\/a>)!<\/p>\n<h2><strong>24H Velo<\/strong><\/h2>\n<p>Ha alapvet\u0151en bej\u00f6nnek a 24 \u00f3r\u00e1s versenyek, de jobban szereted a sima aszfaltutakat, mint a hepehup\u00e1s p\u00e1ly\u00e1kat, akkor a <a href=\"https:\/\/www.24heuresvelo.fr\/en\/\">24 Heures Velo \u0160KODA cyclosportive<\/a> a te versenyed. A jelentkez\u0151knek a legend\u00e1s Le Mans-i Bugatti p\u00e1ly\u00e1n kell min\u00e9l t\u00f6bb k\u00f6rt teljes\u00edteni\u00fck 24 \u00f3ra alatt.<\/p>\n<p>A k\u00f6rp\u00e1lya 4,2 km hossz\u00fa \u00e9s \u00f6sszesen 600 m\u00e9tert emelkedik. A verseny egyed\u00fcl \u00e9s 2, 4, 6, vagy 8 f\u0151s csapatban is teljes\u00edthet\u0151. Az esem\u00e9nyre augusztus v\u00e9g\u00e9n ker\u00fcl sor, ami a lehet\u0151 legjobb id\u0151pont Franciaorsz\u00e1g eme gy\u00f6ny\u00f6r\u0171 r\u00e9sz\u00e9nek megl\u00e1togat\u00e1s\u00e1ra. Sajnos azonban ezen a versenyen id\u00e9n m\u00e1r csak n\u00e9z\u0151k\u00e9nt vehetsz r\u00e9szt, ugyanis a jelentkez\u00e9s 28 perc alatt betelt. Biztos szuper lesz!<\/p>\n<h2><strong>GB Duro<\/strong><\/h2>\n<p>A 24H of Finale-t\u00f3l elt\u00e9r\u0151en a<a href=\"https:\/\/www.theracingcollective.com\/gbduro.html\"> GB Duro<\/a> nem egy k\u00f6rp\u00e1ly\u00e1n zajlik. A versenyz\u0151k egy adott helyr\u0151l indulnak, majd 2000 km megt\u00e9tele ut\u00e1n Nagy-Britannia m\u00e1sik oldal\u00e1n, a h\u00edrhedt LEJOG \u00fatvonalon haladva \u00e9rnek c\u00e9lba. A p\u00e1ly\u00e1t 4, egyenk\u00e9nt kb. 500 km-es id\u0151m\u00e9r\u0151 szakaszra bontj\u00e1k, a versenyt pedig a legalacsonyabb \u00f6sszes\u00edtett id\u0151vel rendelkez\u0151 versenyz\u0151 nyeri.<\/p>\n<p>Az \u00fatvonal az Egyes\u00fclt Kir\u00e1lys\u00e1g legszebb t\u00e1jain \u00e9s 6 nemzeti parkon halad kereszt\u00fcl. Ez\u00e9rt a kiv\u00e1lts\u00e1g\u00e9rt azonban k\u00f6r\u00fclbel\u00fcl 30 000 m\u00e9ternyi emelked\u0151vel kell megk\u00fczdened. Ez val\u00f3ban egy eposzi kih\u00edv\u00e1s. R\u00e1ad\u00e1sul a versenyen indul\u00f3knak \u00f6nell\u00e1t\u00f3knak kell lenni\u00fck. Ez azt jelenti, hogy nem lehet t\u00e1mogat\u00f3 szem\u00e9lyzeted, \u00fatk\u00f6zben nem vehetsz fel el\u0151re egyeztett ut\u00e1np\u00f3tl\u00e1st, nem oszthatod meg a felszerel\u00e9sedet, \u00e9s semmik\u00e9ppen nem utazhatsz motoriz\u00e1lt eszk\u00f6z\u00f6kkel. Kem\u00e9ny, de \u00e9pp ez benne a l\u00e9nyeg.<\/p>\n<p>A verseny egyik \u00e9rdekess\u00e9ge a sok k\u00f6z\u00fcl a &#8220;no-fly&#8221; szab\u00e1ly, ami \u00f6sszhangban van a &#8220;leave no trace&#8221; elvvel, s\u0151t, t\u00fal is mutat azon. A szervez\u0151k emellett arra is t\u00f6rekednek, hogy t\u00f6bb n\u0151t \u00e1ll\u00edtsanak a rajtvonalhoz. 2021-ben p\u00e9ld\u00e1ul a c\u00e9lba \u00e9rkez\u0151k 50%-a n\u0151 volt. Sajnos erre az \u00e9vre m\u00e1r lez\u00e1rult a nevez\u00e9s, de az\u00e9rt 2023 augusztus\u00e1ban \u00e9rdemes lesz nyomon k\u00f6vetni ezt a versenyt.<\/p>\n<h2><strong>Grinduro<\/strong><\/h2>\n<div class=\"embed-controller-wrapper\">\n<blockquote class=\"twitter-tweet\" data-width=\"500\" data-dnt=\"true\">\n<p lang=\"qme\" dir=\"ltr\">\ud83d\udc40 via <a href=\"https:\/\/twitter.com\/BicyclingMag?ref_src=twsrc%5Etfw\">@BicyclingMag<\/a> <a href=\"https:\/\/t.co\/y4OKHpDIKh\">https:\/\/t.co\/y4OKHpDIKh<\/a><\/p>\n<p>&mdash; GRINDURO! (@grinduro_) <a href=\"https:\/\/twitter.com\/grinduro_\/status\/1613839094324289536?ref_src=twsrc%5Etfw\">January 13, 2023<\/a><\/p><\/blockquote>\n<p><script async data-src=\"https:\/\/platform.twitter.com\/widgets.js\" charset=\"utf-8\"><\/script><\/div>\n<p>A Grinduro nem egyetlen verseny, hanem ink\u00e1bb egy m\u00e1rka, amely vil\u00e1gszerte szervez versenyeket. Vannak rendezv\u00e9nyeik N\u00e9metorsz\u00e1gban, Kaliforni\u00e1ban, Pennsylvani\u00e1ban, Walesben, Olaszorsz\u00e1gban \u00e9s Jap\u00e1nban is. Ezek a versenyek a GB Duro st\u00edlus\u00e1t k\u00f6vetik, az \u00fatvonalak 4 id\u0151z\u00edtett szakaszb\u00f3l \u00e1llnak. Azonban ahelyett, hogy az egyes szegmensek hossz\u00faak \u00e9s kimer\u00edt\u0151ek lenn\u00e9nek, csak nagyj\u00e1b\u00f3l 5-7 percesek.<\/p>\n<p>A <a href=\"https:\/\/grinduro.com\/\">Grinduro versenyek<\/a> valahol f\u00e9l\u00faton helyezkednek el a gravel road \u00e9s a mountain-bike versenyek k\u00f6z\u00f6tt. A r\u00e9sztvev\u0151knek hossz\u00fa, vegyes (k\u00f6z\u00fati, kavicsos \u00e9s MTB singletrack) terepeken kell bizony\u00edtaniuk, a v\u00e9gs\u0151 eredm\u00e9nybe pedig mind a n\u00e9gy szakaszon ny\u00fajtott teljes\u00edtm\u00e9ny\u00fck belesz\u00e1m\u00edt. Ezek a rendezv\u00e9nyek nem csak a versenyz\u00e9sr\u0151l sz\u00f3lnak. Ink\u00e1bb sz\u00f3rakoz\u00e1snak tekintik \u0151ket, melyekben n\u00e9h\u00e1ny komoly versenyz\u0151 is r\u00e9szt vesz. A legt\u00f6bben csak j\u00f3l akarj\u00e1k \u00e9rezni magukat, \u00edgy, ha \u00fagy d\u00f6ntesz, a n\u00e9z\u0151t\u00e9ren k\u00f6veted majd az esem\u00e9nyeket, biztos, hogy \u00e9lvezni fogod a k\u00f6r\u00fcl\u00f6tted l\u00e9v\u0151k t\u00e1rsas\u00e1g\u00e1t.<\/p>\n<p>Sz\u00e1mos id\u0151pont \u00e9s helysz\u00edn k\u00f6z\u00fcl v\u00e1laszthatsz, \u00edgy k\u00f6nnyen megtal\u00e1lod majd a sz\u00e1modra legmegfelel\u0151bbet!<\/p>\n<h2><strong>The Fred Whitton Challenge<\/strong><\/h2>\n<p>V\u00e1laszd a <a href=\"https:\/\/fredwhittonchallenge.co.uk\/\">Fred Whitton<\/a>t, ha a hegyi szakaszok rajong\u00f3ja vagy! Az Egyes\u00fclt Kir\u00e1lys\u00e1g tal\u00e1n legnehezebb sportversenyek\u00e9nt sz\u00e1mon tartott Fred Whitton k\u00f6r\u00fclbel\u00fcl 180 km hossz\u00fa \u00e9s k\u00f6zel 4000 m\u00e9ternyi emelked\u0151t tartalmaz, a Lake District n\u00e9h\u00e1ny ikonikus emelked\u0151j\u00e9t is bele\u00e9rtve. A legjobb versenyz\u0151k \u00e1ltal\u00e1ban 6 \u00f3ra alatt \u00e9rnek c\u00e9lba, de az \u00e1tlag a 11 \u00f3r\u00e1t is meghaladja.<\/p>\n<p>A j\u00f3t\u00e9konys\u00e1gi esem\u00e9nyt, melyet a Lakes Road Club id\u0151 el\u0151tt elhunyt tagj\u00e1r\u00f3l, Fred Whittonr\u00f3l neveztek el, el\u0151sz\u00f6r 1999-ben rendezt\u00e9k meg. Fred szerves r\u00e9sz\u00e9t alkotta a klubnak. \u0150 kezdem\u00e9nyezte a legt\u00f6bb klubtev\u00e9kenys\u00e9get, \u00e9s r\u00e9szt vett az \u00f6sszes edz\u00e9sh\u00e9tv\u00e9g\u00e9n is. A klubtagok ez\u00e9rt \u00fagy d\u00f6nt\u00f6ttek, szerveznek egy ker\u00e9kp\u00e1ros esem\u00e9nyt \u00e9s a Fred ir\u00e1nt tan\u00fas\u00edtott tisztelet\u00fck jegy\u00e9ben tekerik v\u00e9gig az \u00fatvonalat, mik\u00f6zben j\u00f3t\u00e9konys\u00e1gi c\u00e9lokra gy\u0171jtenek p\u00e9nzt. Ez a rendezv\u00e9ny m\u00e1ra m\u00e1r hagyom\u00e1nny\u00e1 v\u00e1lt, mellyel eddig t\u00f6bb mint 2 000 000 fontot gy\u0171jt\u00f6ttek \u00f6ssze!<\/p>\n<p>Az esem\u00e9nyre 2023 m\u00e1jus\u00e1ban ker\u00fcl sor, a jelentkez\u00e9s azonban nemr\u00e9g lez\u00e1rult. Ennek ellen\u00e9re \u00e9rdemes ell\u00e1togatnod a gy\u00f6ny\u00f6r\u0171 Lake Districtbe \u00e9s n\u00e9z\u0151k\u00e9nt r\u00e9szt venni a versenyen. A magasb\u00f3l figyelni a ker\u00e9kp\u00e1rosokat mindig sz\u00f3rakoztat\u00f3!<\/p>\n<p>Rem\u00e9lj\u00fck tetszett ez a kis v\u00e1logat\u00e1s a vil\u00e1g \u00e1ltal k\u00edn\u00e1lt soksz\u00edn\u0171 esem\u00e9nyekb\u0151l. Ezek k\u00f6z\u00f6tt biztosan tal\u00e1lsz majd olyat, ami seg\u00edt elmer\u00fclni a ker\u00e9kp\u00e1rversenyek vil\u00e1g\u00e1ban. Nem is lehetne enn\u00e9l izgalmasabb m\u00f3don belev\u00e1gni a szezonba. \u00cdrj be n\u00e9h\u00e1ny id\u0151pontot a napt\u00e1radba \u00e9s indulhat az edz\u00e9s!<\/p>\n","protected":false},"excerpt":{"rendered":"<p>A ker\u00e9kp\u00e1rosok sz\u00e1ma \u00f3ri\u00e1si \u00fctemben n\u00f6vekszik. Egyre t\u00f6bben pr\u00f3b\u00e1lj\u00e1k ki magukat a sport\u00e1gban, melynek eredm\u00e9nyek\u00e9ppen a napt\u00e1rban szerepl\u0151 ker\u00e9kp\u00e1ros esem\u00e9nyek [&hellip;]<\/p>\n","protected":false},"author":71,"featured_media":16913,"comment_status":"open","ping_status":"open","sticky":false,"template":"","format":"standard","meta":{"footnotes":""},"categories":[7],"tags":[],"global-categories":[],"class_list":["post-16911","post","type-post","status-publish","format-standard","has-post-thumbnail","hentry","category-trekking-mtb"],"yoast_head":"<!-- This site is optimized with the Yoast SEO Premium plugin v25.3 (Yoast SEO v25.9) - https:\/\/yoast.com\/wordpress\/plugins\/seo\/ -->\n<title>6 ker\u00e9kp\u00e1ros esem\u00e9ny 2023-ban, amit nem szabad kihagynod<\/title>\n<meta name=\"description\" content=\"A ker\u00e9kp\u00e1rosok sz\u00e1ma \u00f3ri\u00e1si \u00fctemben n\u00f6vekszik. Egyre t\u00f6bben pr\u00f3b\u00e1lj\u00e1k ki magukat a sport\u00e1gban, melynek eredm\u00e9nyek\u00e9ppen a napt\u00e1rban szerepl\u0151 ker\u00e9kp\u00e1ros esem\u00e9nyek sz\u00e1ma \u00e9s t\u00edpusa is dr\u00e1maian n\u00f6vekszik.\" \/>\n<meta name=\"robots\" content=\"index, follow, max-snippet:-1, max-image-preview:large, max-video-preview:-1\" \/>\n<link rel=\"canonical\" href=\"https:\/\/www.welovecycling.com\/hu\/trekking-mtb\/6-kerekparos-esemeny-2023-ban-amit-nem-szabad-kihagynod\/\" \/>\n<meta property=\"og:locale\" content=\"hu_HU\" \/>\n<meta property=\"og:type\" content=\"article\" \/>\n<meta property=\"og:title\" content=\"6 ker\u00e9kp\u00e1ros esem\u00e9ny 2023-ban, amit nem szabad kihagynod\" \/>\n<meta property=\"og:description\" content=\"A ker\u00e9kp\u00e1rosok sz\u00e1ma \u00f3ri\u00e1si \u00fctemben n\u00f6vekszik. Egyre t\u00f6bben pr\u00f3b\u00e1lj\u00e1k ki magukat a sport\u00e1gban, melynek eredm\u00e9nyek\u00e9ppen a napt\u00e1rban szerepl\u0151 ker\u00e9kp\u00e1ros esem\u00e9nyek sz\u00e1ma \u00e9s t\u00edpusa is dr\u00e1maian n\u00f6vekszik.\" \/>\n<meta property=\"og:url\" content=\"https:\/\/www.welovecycling.com\/hu\/trekking-mtb\/6-kerekparos-esemeny-2023-ban-amit-nem-szabad-kihagynod\/\" \/>\n<meta property=\"og:site_name\" content=\"\u0160koda We Love Cycling - Magyarorsz\u00e1g\" \/>\n<meta property=\"article:publisher\" content=\"https:\/\/www.facebook.com\/WeLoveCyclingHungary\/\" \/>\n<meta property=\"article:published_time\" content=\"2023-02-06T06:00:31+00:00\" \/>\n<meta property=\"og:image\" content=\"https:\/\/d2p6e6u75xmxt8.cloudfront.net\/12\/2023\/02\/24-Heures-Velo-profimedia-0717779356-CVR.webp\" \/>\n\t<meta property=\"og:image:width\" content=\"990\" \/>\n\t<meta property=\"og:image:height\" content=\"660\" \/>\n\t<meta property=\"og:image:type\" content=\"image\/webp\" \/>\n<meta name=\"author\" content=\"hegyizs\" \/>\n<meta name=\"twitter:card\" content=\"summary_large_image\" \/>\n<meta name=\"twitter:label1\" content=\"Written by\" \/>\n\t<meta name=\"twitter:data1\" content=\"Charlotte Murray\" \/>\n\t<meta name=\"twitter:label2\" content=\"Est. reading time\" \/>\n\t<meta name=\"twitter:data2\" content=\"5\" \/>\n<script type=\"application\/ld+json\" class=\"yoast-schema-graph\">{\"@context\":\"https:\/\/schema.org\",\"@graph\":[{\"@type\":\"WebPage\",\"@id\":\"https:\/\/www.welovecycling.com\/hu\/trekking-mtb\/6-kerekparos-esemeny-2023-ban-amit-nem-szabad-kihagynod\/\",\"url\":\"https:\/\/www.welovecycling.com\/hu\/trekking-mtb\/6-kerekparos-esemeny-2023-ban-amit-nem-szabad-kihagynod\/\",\"name\":\"6 ker\u00e9kp\u00e1ros esem\u00e9ny 2023-ban, amit nem szabad kihagynod\",\"isPartOf\":{\"@id\":\"https:\/\/www.welovecycling.com\/hu\/#website\"},\"primaryImageOfPage\":{\"@id\":\"https:\/\/www.welovecycling.com\/hu\/trekking-mtb\/6-kerekparos-esemeny-2023-ban-amit-nem-szabad-kihagynod\/#primaryimage\"},\"image\":{\"@id\":\"https:\/\/www.welovecycling.com\/hu\/trekking-mtb\/6-kerekparos-esemeny-2023-ban-amit-nem-szabad-kihagynod\/#primaryimage\"},\"thumbnailUrl\":\"https:\/\/d2p6e6u75xmxt8.cloudfront.net\/12\/2023\/02\/24-Heures-Velo-profimedia-0717779356-CVR.webp\",\"datePublished\":\"2023-02-06T06:00:31+00:00\",\"author\":{\"@id\":\"https:\/\/www.welovecycling.com\/hu\/#\/schema\/person\/414a2aebf1801691a5320edb6468e194\"},\"description\":\"A ker\u00e9kp\u00e1rosok sz\u00e1ma \u00f3ri\u00e1si \u00fctemben n\u00f6vekszik. Egyre t\u00f6bben pr\u00f3b\u00e1lj\u00e1k ki magukat a sport\u00e1gban, melynek eredm\u00e9nyek\u00e9ppen a napt\u00e1rban szerepl\u0151 ker\u00e9kp\u00e1ros esem\u00e9nyek sz\u00e1ma \u00e9s t\u00edpusa is dr\u00e1maian n\u00f6vekszik.\",\"breadcrumb\":{\"@id\":\"https:\/\/www.welovecycling.com\/hu\/trekking-mtb\/6-kerekparos-esemeny-2023-ban-amit-nem-szabad-kihagynod\/#breadcrumb\"},\"inLanguage\":\"hu\",\"potentialAction\":[{\"@type\":\"ReadAction\",\"target\":[\"https:\/\/www.welovecycling.com\/hu\/trekking-mtb\/6-kerekparos-esemeny-2023-ban-amit-nem-szabad-kihagynod\/\"]}]},{\"@type\":\"ImageObject\",\"inLanguage\":\"hu\",\"@id\":\"https:\/\/www.welovecycling.com\/hu\/trekking-mtb\/6-kerekparos-esemeny-2023-ban-amit-nem-szabad-kihagynod\/#primaryimage\",\"url\":\"https:\/\/d2p6e6u75xmxt8.cloudfront.net\/12\/2023\/02\/24-Heures-Velo-profimedia-0717779356-CVR.webp\",\"contentUrl\":\"https:\/\/d2p6e6u75xmxt8.cloudfront.net\/12\/2023\/02\/24-Heures-Velo-profimedia-0717779356-CVR.webp\",\"width\":990,\"height\":660,\"caption\":\"24 Heures V\u00e9lo\"},{\"@type\":\"BreadcrumbList\",\"@id\":\"https:\/\/www.welovecycling.com\/hu\/trekking-mtb\/6-kerekparos-esemeny-2023-ban-amit-nem-szabad-kihagynod\/#breadcrumb\",\"itemListElement\":[{\"@type\":\"ListItem\",\"position\":1,\"name\":\"Home\",\"item\":\"https:\/\/www.welovecycling.com\/hu\/\"},{\"@type\":\"ListItem\",\"position\":2,\"name\":\"6 ker\u00e9kp\u00e1ros esem\u00e9ny 2023-ban, amit nem szabad kihagynod\"}]},{\"@type\":\"WebSite\",\"@id\":\"https:\/\/www.welovecycling.com\/hu\/#website\",\"url\":\"https:\/\/www.welovecycling.com\/hu\/\",\"name\":\"\u0160koda We Love Cycling - Magyarorsz\u00e1g\",\"description\":\"\u0160koda WeLoveCycling\",\"potentialAction\":[{\"@type\":\"SearchAction\",\"target\":{\"@type\":\"EntryPoint\",\"urlTemplate\":\"https:\/\/www.welovecycling.com\/hu\/?s={search_term_string}\"},\"query-input\":{\"@type\":\"PropertyValueSpecification\",\"valueRequired\":true,\"valueName\":\"search_term_string\"}}],\"inLanguage\":\"hu\"},{\"@type\":\"Person\",\"@id\":\"https:\/\/www.welovecycling.com\/hu\/#\/schema\/person\/414a2aebf1801691a5320edb6468e194\",\"name\":\"hegyizs\",\"image\":{\"@type\":\"ImageObject\",\"inLanguage\":\"hu\",\"@id\":\"https:\/\/www.welovecycling.com\/hu\/#\/schema\/person\/image\/\",\"url\":\"https:\/\/secure.gravatar.com\/avatar\/02cf8a7906b8cf90cecb4679defac7cfd33a1c2e3b88e4903d947f3bb58eedd3?s=96&d=mm&r=g\",\"contentUrl\":\"https:\/\/secure.gravatar.com\/avatar\/02cf8a7906b8cf90cecb4679defac7cfd33a1c2e3b88e4903d947f3bb58eedd3?s=96&d=mm&r=g\",\"caption\":\"hegyizs\"},\"url\":\"https:\/\/www.welovecycling.com\/hu\/author\/hegyizs\/\"}]}<\/script>\n<!-- \/ Yoast SEO Premium plugin. -->","yoast_head_json":{"title":"6 ker\u00e9kp\u00e1ros esem\u00e9ny 2023-ban, amit nem szabad kihagynod","description":"A ker\u00e9kp\u00e1rosok sz\u00e1ma \u00f3ri\u00e1si \u00fctemben n\u00f6vekszik. Egyre t\u00f6bben pr\u00f3b\u00e1lj\u00e1k ki magukat a sport\u00e1gban, melynek eredm\u00e9nyek\u00e9ppen a napt\u00e1rban szerepl\u0151 ker\u00e9kp\u00e1ros esem\u00e9nyek sz\u00e1ma \u00e9s t\u00edpusa is dr\u00e1maian n\u00f6vekszik.","robots":{"index":"index","follow":"follow","max-snippet":"max-snippet:-1","max-image-preview":"max-image-preview:large","max-video-preview":"max-video-preview:-1"},"canonical":"https:\/\/www.welovecycling.com\/hu\/trekking-mtb\/6-kerekparos-esemeny-2023-ban-amit-nem-szabad-kihagynod\/","og_locale":"hu_HU","og_type":"article","og_title":"6 ker\u00e9kp\u00e1ros esem\u00e9ny 2023-ban, amit nem szabad kihagynod","og_description":"A ker\u00e9kp\u00e1rosok sz\u00e1ma \u00f3ri\u00e1si \u00fctemben n\u00f6vekszik. Egyre t\u00f6bben pr\u00f3b\u00e1lj\u00e1k ki magukat a sport\u00e1gban, melynek eredm\u00e9nyek\u00e9ppen a napt\u00e1rban szerepl\u0151 ker\u00e9kp\u00e1ros esem\u00e9nyek sz\u00e1ma \u00e9s t\u00edpusa is dr\u00e1maian n\u00f6vekszik.","og_url":"https:\/\/www.welovecycling.com\/hu\/trekking-mtb\/6-kerekparos-esemeny-2023-ban-amit-nem-szabad-kihagynod\/","og_site_name":"\u0160koda We Love Cycling - Magyarorsz\u00e1g","article_publisher":"https:\/\/www.facebook.com\/WeLoveCyclingHungary\/","article_published_time":"2023-02-06T06:00:31+00:00","og_image":[{"width":990,"height":660,"url":"https:\/\/d2p6e6u75xmxt8.cloudfront.net\/12\/2023\/02\/24-Heures-Velo-profimedia-0717779356-CVR.webp","type":"image\/webp"}],"author":"hegyizs","twitter_card":"summary_large_image","twitter_misc":{"Written by":"Charlotte Murray","Est. reading time":"5"},"schema":{"@context":"https:\/\/schema.org","@graph":[{"@type":"WebPage","@id":"https:\/\/www.welovecycling.com\/hu\/trekking-mtb\/6-kerekparos-esemeny-2023-ban-amit-nem-szabad-kihagynod\/","url":"https:\/\/www.welovecycling.com\/hu\/trekking-mtb\/6-kerekparos-esemeny-2023-ban-amit-nem-szabad-kihagynod\/","name":"6 ker\u00e9kp\u00e1ros esem\u00e9ny 2023-ban, amit nem szabad kihagynod","isPartOf":{"@id":"https:\/\/www.welovecycling.com\/hu\/#website"},"primaryImageOfPage":{"@id":"https:\/\/www.welovecycling.com\/hu\/trekking-mtb\/6-kerekparos-esemeny-2023-ban-amit-nem-szabad-kihagynod\/#primaryimage"},"image":{"@id":"https:\/\/www.welovecycling.com\/hu\/trekking-mtb\/6-kerekparos-esemeny-2023-ban-amit-nem-szabad-kihagynod\/#primaryimage"},"thumbnailUrl":"https:\/\/d2p6e6u75xmxt8.cloudfront.net\/12\/2023\/02\/24-Heures-Velo-profimedia-0717779356-CVR.webp","datePublished":"2023-02-06T06:00:31+00:00","author":{"@id":"https:\/\/www.welovecycling.com\/hu\/#\/schema\/person\/414a2aebf1801691a5320edb6468e194"},"description":"A ker\u00e9kp\u00e1rosok sz\u00e1ma \u00f3ri\u00e1si \u00fctemben n\u00f6vekszik. Egyre t\u00f6bben pr\u00f3b\u00e1lj\u00e1k ki magukat a sport\u00e1gban, melynek eredm\u00e9nyek\u00e9ppen a napt\u00e1rban szerepl\u0151 ker\u00e9kp\u00e1ros esem\u00e9nyek sz\u00e1ma \u00e9s t\u00edpusa is dr\u00e1maian n\u00f6vekszik.","breadcrumb":{"@id":"https:\/\/www.welovecycling.com\/hu\/trekking-mtb\/6-kerekparos-esemeny-2023-ban-amit-nem-szabad-kihagynod\/#breadcrumb"},"inLanguage":"hu","potentialAction":[{"@type":"ReadAction","target":["https:\/\/www.welovecycling.com\/hu\/trekking-mtb\/6-kerekparos-esemeny-2023-ban-amit-nem-szabad-kihagynod\/"]}]},{"@type":"ImageObject","inLanguage":"hu","@id":"https:\/\/www.welovecycling.com\/hu\/trekking-mtb\/6-kerekparos-esemeny-2023-ban-amit-nem-szabad-kihagynod\/#primaryimage","url":"https:\/\/d2p6e6u75xmxt8.cloudfront.net\/12\/2023\/02\/24-Heures-Velo-profimedia-0717779356-CVR.webp","contentUrl":"https:\/\/d2p6e6u75xmxt8.cloudfront.net\/12\/2023\/02\/24-Heures-Velo-profimedia-0717779356-CVR.webp","width":990,"height":660,"caption":"24 Heures V\u00e9lo"},{"@type":"BreadcrumbList","@id":"https:\/\/www.welovecycling.com\/hu\/trekking-mtb\/6-kerekparos-esemeny-2023-ban-amit-nem-szabad-kihagynod\/#breadcrumb","itemListElement":[{"@type":"ListItem","position":1,"name":"Home","item":"https:\/\/www.welovecycling.com\/hu\/"},{"@type":"ListItem","position":2,"name":"6 ker\u00e9kp\u00e1ros esem\u00e9ny 2023-ban, amit nem szabad kihagynod"}]},{"@type":"WebSite","@id":"https:\/\/www.welovecycling.com\/hu\/#website","url":"https:\/\/www.welovecycling.com\/hu\/","name":"\u0160koda We Love Cycling - Magyarorsz\u00e1g","description":"\u0160koda WeLoveCycling","potentialAction":[{"@type":"SearchAction","target":{"@type":"EntryPoint","urlTemplate":"https:\/\/www.welovecycling.com\/hu\/?s={search_term_string}"},"query-input":{"@type":"PropertyValueSpecification","valueRequired":true,"valueName":"search_term_string"}}],"inLanguage":"hu"},{"@type":"Person","@id":"https:\/\/www.welovecycling.com\/hu\/#\/schema\/person\/414a2aebf1801691a5320edb6468e194","name":"hegyizs","image":{"@type":"ImageObject","inLanguage":"hu","@id":"https:\/\/www.welovecycling.com\/hu\/#\/schema\/person\/image\/","url":"https:\/\/secure.gravatar.com\/avatar\/02cf8a7906b8cf90cecb4679defac7cfd33a1c2e3b88e4903d947f3bb58eedd3?s=96&d=mm&r=g","contentUrl":"https:\/\/secure.gravatar.com\/avatar\/02cf8a7906b8cf90cecb4679defac7cfd33a1c2e3b88e4903d947f3bb58eedd3?s=96&d=mm&r=g","caption":"hegyizs"},"url":"https:\/\/www.welovecycling.com\/hu\/author\/hegyizs\/"}]}},"_links":{"self":[{"href":"https:\/\/www.welovecycling.com\/hu\/wp-json\/wp\/v2\/posts\/16911","targetHints":{"allow":["GET"]}}],"collection":[{"href":"https:\/\/www.welovecycling.com\/hu\/wp-json\/wp\/v2\/posts"}],"about":[{"href":"https:\/\/www.welovecycling.com\/hu\/wp-json\/wp\/v2\/types\/post"}],"author":[{"embeddable":true,"href":"https:\/\/www.welovecycling.com\/hu\/wp-json\/wp\/v2\/users\/71"}],"replies":[{"embeddable":true,"href":"https:\/\/www.welovecycling.com\/hu\/wp-json\/wp\/v2\/comments?post=16911"}],"version-history":[{"count":1,"href":"https:\/\/www.welovecycling.com\/hu\/wp-json\/wp\/v2\/posts\/16911\/revisions"}],"predecessor-version":[{"id":16914,"href":"https:\/\/www.welovecycling.com\/hu\/wp-json\/wp\/v2\/posts\/16911\/revisions\/16914"}],"wp:featuredmedia":[{"embeddable":true,"href":"https:\/\/www.welovecycling.com\/hu\/wp-json\/wp\/v2\/media\/16913"}],"wp:attachment":[{"href":"https:\/\/www.welovecycling.com\/hu\/wp-json\/wp\/v2\/media?parent=16911"}],"wp:term":[{"taxonomy":"category","embeddable":true,"href":"https:\/\/www.welovecycling.com\/hu\/wp-json\/wp\/v2\/categories?post=16911"},{"taxonomy":"post_tag","embeddable":true,"href":"https:\/\/www.welovecycling.com\/hu\/wp-json\/wp\/v2\/tags?post=16911"},{"taxonomy":"global-categories","embeddable":true,"href":"https:\/\/www.welovecycling.com\/hu\/wp-json\/wp\/v2\/global-categories?post=16911"}],"curies":[{"name":"wp","href":"https:\/\/api.w.org\/{rel}","templated":true}]}}