{"id":16902,"date":"2023-02-04T08:00:00","date_gmt":"2023-02-04T06:00:00","guid":{"rendered":"https:\/\/www.welovecycling.com\/hu\/?p=16902"},"modified":"2023-01-27T16:57:11","modified_gmt":"2023-01-27T14:57:11","slug":"utmutato-bringasoknak-az-egeszseges-zsirokhoz","status":"publish","type":"post","link":"https:\/\/www.welovecycling.com\/hu\/edzes-es-eletmod\/utmutato-bringasoknak-az-egeszseges-zsirokhoz\/","title":{"rendered":"\u00datmutat\u00f3 bring\u00e1soknak az eg\u00e9szs\u00e9ges zs\u00edrokhoz"},"content":{"rendered":"<p><strong>Sokszor m\u00e9ltatlanul megb\u00e9lyegezz\u00fck ezeket az \u00e9rt\u00e9kes t\u00e1panyagokat, amik m\u00e9g a fogy\u00e1sban \u00e9s az energiaszint fenntart\u00e1s\u00e1ban is seg\u00edthetnek.<\/strong><!--more--><\/p>\n<p>A zs\u00edr egy nagyon cseles makrot\u00e1panyag. Ha te is az 1990-es \u00e9vek h\u00edrhedt felfog\u00e1sa miatt &#8211; miszerint ha zs\u00edrt eszel, akkor el fogsz h\u00edzni &#8211; haragszol r\u00e1, akkor tudnod kell, hogy nem jogosan.<\/p>\n<p>Az\u00f3ta megtanultuk, hogy a zs\u00edr elengedhetetlen a megfelel\u0151 sejtm\u0171k\u00f6d\u00e9shez, a szervek v\u00e9delm\u00e9hez, a megfelel\u0151 testh\u0151m\u00e9rs\u00e9klet fenntart\u00e1s\u00e1hoz \u00e9s m\u00e9g sok m\u00e1shoz. \u00c9s m\u00e1ris a spektrum m\u00e1sik fel\u00e9re ugrottunk, ahol sz\u00e1mtalan keto-k\u00f6vet\u0151nek a zs\u00edr teszi ki a teljes bevitt kal\u00f3riamennyis\u00e9ge 70-80%-\u00e1t.<\/p>\n<figure id=\"attachment_16903\" aria-describedby=\"caption-attachment-16903\" style=\"width: 1024px\" class=\"wp-caption alignnone\"><img loading=\"lazy\" decoding=\"async\" class=\"size-large wp-image-16903\" src=\"https:\/\/d2p6e6u75xmxt8.cloudfront.net\/12\/2023\/01\/brooke-lark-jUPOXXRNdcA-unsplash-1024x697.webp\" alt=\"\" width=\"1024\" height=\"697\" srcset=\"https:\/\/d2p6e6u75xmxt8.cloudfront.net\/12\/2023\/01\/brooke-lark-jUPOXXRNdcA-unsplash-1024x697.webp 1024w, https:\/\/d2p6e6u75xmxt8.cloudfront.net\/12\/2023\/01\/brooke-lark-jUPOXXRNdcA-unsplash-300x204.webp 300w, https:\/\/d2p6e6u75xmxt8.cloudfront.net\/12\/2023\/01\/brooke-lark-jUPOXXRNdcA-unsplash-768x523.webp 768w, https:\/\/d2p6e6u75xmxt8.cloudfront.net\/12\/2023\/01\/brooke-lark-jUPOXXRNdcA-unsplash-1536x1046.webp 1536w, https:\/\/d2p6e6u75xmxt8.cloudfront.net\/12\/2023\/01\/brooke-lark-jUPOXXRNdcA-unsplash.webp 1920w\" sizes=\"auto, (max-width: 1024px) 100vw, 1024px\" \/><figcaption id=\"caption-attachment-16903\" class=\"wp-caption-text\">Fot\u00f3: Brooke Lark<\/figcaption><\/figure>\n<p>Ak\u00e1r a sk\u00e1la null\u00e1hoz k\u00f6zeli (zs\u00edrmentes), ak\u00e1r a 80%-os (keto) oldal\u00e1n \u00e1llsz &#8211; vagy valahol a kett\u0151 k\u00f6z\u00f6tt -, nagy es\u00e9llyel m\u00e9g mindig van n\u00e9h\u00e1ny olyan inf\u00f3, amit tiszt\u00e1znod kell. Az interneten \u00e9s a k\u00f6z\u00f6ss\u00e9gi m\u00e9di\u00e1ban rengeteg t\u00e9vhit kering a zs\u00edrral kapcsolatban, \u00e9s b\u00e1r ez \u00e9vtizedek \u00f3ta \u00edgy van, m\u00e9gis sokan meglep\u0151dnek, amikor meghallj\u00e1k, hogy az ir\u00e1nyelvek szerint a kal\u00f3riabevitel 20-35%-\u00e1nak zs\u00edrb\u00f3l kell sz\u00e1rmaznia.<\/p>\n<p><em>\u201cEl\u0151sz\u00f6r is besz\u00e9lj\u00fcnk arr\u00f3l, milyen fontos a zs\u00edr! A zs\u00edr sz\u00fcks\u00e9ges az A-, D-, E- \u00e9s K-vitamin felsz\u00edv\u00f3d\u00e1s\u00e1hoz, \u00e9s n\u00e9lk\u00fcl\u00f6zhetetlen a fontos hormonok, k\u00f6zt\u00fck az \u00f6sztrog\u00e9n \u00e9s a tesztoszteron termel\u00e9s\u00e9hez\u201d <\/em>\u2013 magyar\u00e1zta a Bicycling magazinnak Frances Largeman-Roth, a new yorki Dobbs Ferry t\u00e1pl\u00e1lkoz\u00e1si szak\u00e9rt\u0151je, \u00e9s a \u201cThe Smoothe Plan\u201d k\u00f6nyv szerz\u0151je. <em>\u201cT\u00fal sok\u00e1ig sulykolt\u00e1k a sportol\u00f3k, hogy a zs\u00edrmentesen kell \u00e9tkezni\u00fck az 1990-es \u00e9vekben, s\u0151t k\u00e9s\u0151bb is, ez pedig term\u00e9szetesen nem eg\u00e9szs\u00e9ges, nem j\u00e1rul hozz\u00e1 a teljes\u00edtm\u00e9ny javul\u00e1s\u00e1hoz.\u201d<\/em><\/p>\n<p>Ahogy a t\u00fal- vagy aluledzetts\u00e9g kereszt\u00fclh\u00fazhatja egy versenyz\u0151 sz\u00e1m\u00edt\u00e1sait, \u00fagy a t\u00fal- vagy alul\u00e9tkez\u00e9s is. <a href=\"https:\/\/www.buffalo.edu\/news\/releases\/1999\/05\/2753.html\">Tanulm\u00e1nyok bizony\u00edtj\u00e1k<\/a>, hogy azoknak a sportol\u00f3knak, akik megvonj\u00e1k magukt\u00f3l a zs\u00edrt, rosszabb az immunrendszer\u00fck \u00e9s a sebess\u00e9g\u00fck is. Ugyanakkor ha t\u00fal sok zs\u00edrt fogyasztanak, r\u00e1ad\u00e1sul nem megfelel\u0151 id\u0151ben, gyomor- \u00e9s b\u00e9lrendszeri zavarokkal kell majd megk\u00fczdeni\u00fck, \u00e9s ha ha ezek a zs\u00edrban tel\u00edtett \u00e9telek \u00e1tveszik a sz\u00e9nhidr\u00e1tok \u00e9s feh\u00e9rj\u00e9k hely\u00e9t, akkor rosszabbul fognak teljes\u00edteni, \u00e9s k\u00ednszenved\u00e9s lesz a regener\u00e1ci\u00f3.<\/p>\n<h2><strong>Hogy tal\u00e1lhatod meg teh\u00e1t az egyens\u00falyt?<\/strong><\/h2>\n<h3><strong>A k\u00fcl\u00f6nb\u00f6z\u0151 t\u00edpus\u00fa zs\u00edrok<\/strong><\/h3>\n<p>A zs\u00edr rossz h\u00edrnev\u00e9t a k\u00e1ros zs\u00edroknak k\u00f6sz\u00f6nheti, nevezetesen a tel\u00edtett- \u00e9s a transzzs\u00edroknak, de l\u00e9teznek hasznos zs\u00edrsavak is, ide\u00e9rtve a t\u00f6bbsz\u00f6r\u00f6sen \u00e9s az egyszeresen tel\u00edtetlen fajt\u00e1kat. A k\u00fcl\u00f6nbs\u00e9g felfeder\u00edt\u00e9s\u00e9hez bele kell menn\u00fcnk kicsit a k\u00e9miai r\u00e9szletekbe.<\/p>\n<p>Minden zs\u00edr sz\u00e9natomok l\u00e1nc\u00e1b\u00f3l \u00e1ll, amelyek hidrog\u00e9natomokhoz kapcsol\u00f3dnak. A tel\u00edtett zs\u00edrokban a sz\u00e9natom teljesen \u201etel\u00edtett\u201d hidrog\u00e9nnel. A tel\u00edtetlen zs\u00edrok viszont nem tartalmaznak annyi hidrog\u00e9nmolekul\u00e1t a sz\u00e9nl\u00e1ncban.<\/p>\n<p><em>\u201cA tel\u00edtetlen zs\u00edrok j\u00f3t\u00e9kony hat\u00e1s\u00faak, v\u00e9dik a sz\u00edv \u00e9s az agy eg\u00e9szs\u00e9g\u00e9t \u00e9s felveszik a k\u00fczdelmet a kr\u00f3nikus gyullad\u00e1sok ellen\u201d<\/em> &#8211; mondta Largemann-Roth.<\/p>\n<figure id=\"attachment_16905\" aria-describedby=\"caption-attachment-16905\" style=\"width: 1024px\" class=\"wp-caption alignnone\"><img loading=\"lazy\" decoding=\"async\" class=\"size-large wp-image-16905\" src=\"https:\/\/d2p6e6u75xmxt8.cloudfront.net\/12\/2023\/01\/sam-moghadam-khamseh-tw2lPOeWJoM-unsplash-1024x683.webp\" alt=\"\" width=\"1024\" height=\"683\" srcset=\"https:\/\/d2p6e6u75xmxt8.cloudfront.net\/12\/2023\/01\/sam-moghadam-khamseh-tw2lPOeWJoM-unsplash-1024x683.webp 1024w, https:\/\/d2p6e6u75xmxt8.cloudfront.net\/12\/2023\/01\/sam-moghadam-khamseh-tw2lPOeWJoM-unsplash-300x200.webp 300w, https:\/\/d2p6e6u75xmxt8.cloudfront.net\/12\/2023\/01\/sam-moghadam-khamseh-tw2lPOeWJoM-unsplash-768x512.webp 768w, https:\/\/d2p6e6u75xmxt8.cloudfront.net\/12\/2023\/01\/sam-moghadam-khamseh-tw2lPOeWJoM-unsplash-1536x1024.webp 1536w, https:\/\/d2p6e6u75xmxt8.cloudfront.net\/12\/2023\/01\/sam-moghadam-khamseh-tw2lPOeWJoM-unsplash-272x182.webp 272w, https:\/\/d2p6e6u75xmxt8.cloudfront.net\/12\/2023\/01\/sam-moghadam-khamseh-tw2lPOeWJoM-unsplash.webp 1920w\" sizes=\"auto, (max-width: 1024px) 100vw, 1024px\" \/><figcaption id=\"caption-attachment-16905\" class=\"wp-caption-text\">Fot\u00f3: Sam Moghadam Khamseh<\/figcaption><\/figure>\n<p><em>\u201cAmikor az \u201eeg\u00e9szs\u00e9ges zs\u00edrokr\u00f3l\u201d besz\u00e9l\u00fcnk, ezek \u00e1ltal\u00e1ban az egyszeresen \u00e9s t\u00f6bbsz\u00f6r\u00f6sen tel\u00edtetlen zs\u00edrok, melyek szobah\u0151m\u00e9rs\u00e9kleten foly\u00e9konyak\u201d<\/em> \u2013 tette hozz\u00e1 Lauren Harris-Pincus, a Nutrition Starring You alap\u00edt\u00f3ja \u00e9s a The Everything Easy Pre-diabetes Cookbook szerz\u0151je.<\/p>\n<p>A tel\u00edtetlen zs\u00edr halakb\u00f3l \u00e9s n\u00f6v\u00e9nyi \u00e9lelmiszerekb\u0151l sz\u00e1rmazik, p\u00e9ld\u00e1ul di\u00f3f\u00e9l\u00e9kb\u0151l, magvakb\u00f3l, avok\u00e1d\u00f3b\u00f3l \u00e9s olajokb\u00f3l (a k\u00f3kuszzs\u00edrt kiv\u00e9ve). Alapvet\u0151en k\u00e9tf\u00e9le eg\u00e9szs\u00e9ges zs\u00edrt k\u00fcl\u00f6nb\u00f6ztethet\u00fcnk meg:<\/p>\n<ul>\n<li><strong>Egyszeresen tel\u00edtetlen zs\u00edrok:<\/strong> Viszonylag semleges \u00edz\u0171ek. Els\u0151sorban ezeket a zs\u00edrokat \u00e9rdemes fogyasztanunk, hiszen nem j\u00e1rnak semmilyen negat\u00edv hat\u00e1ssal. Ha a tel\u00edtett zs\u00edrsavakat helyettes\u00edtik az \u00e9trendben, akkor abszol\u00fat el\u0151ny\u00f6sek. Seg\u00edthetnek n\u00f6velni a j\u00f3 koleszterinszintet. Avok\u00e1d\u00f3b\u00f3l, ol\u00edvabogy\u00f3b\u00f3l, ol\u00edvaolajb\u00f3l \u00e9s di\u00f3f\u00e9l\u00e9kb\u0151l viheted be.<\/li>\n<li><strong>T\u00f6bbsz\u00f6r\u00f6sen tel\u00edtetlen zs\u00edrok:<\/strong> Legink\u00e1bb n\u00f6v\u00e9nyi forr\u00e1sokban \u00e9s zs\u00edros halakban, p\u00e9ld\u00e1ul lazacban, makr\u00e9l\u00e1ban \u00e9s lep\u00e9nyhalban tal\u00e1lhat\u00f3k meg. Ezek azok a zs\u00edrfajt\u00e1k, amelyeket sz\u00e1nd\u00e9kosan kell hozz\u00e1adni az \u00e9trendhez, mivel j\u00f3t\u00e9kony hat\u00e1ssal van a sz\u00edv eg\u00e9szs\u00e9g\u00e9re \u00e9s a gyullad\u00e1sok megel\u0151z\u00e9s\u00e9ben is seg\u00edt. Ide tartoznak az omega-3-zs\u00edrok, melyet t\u00f6bbek k\u00f6z\u00f6tt a di\u00f3f\u00e9l\u00e9kben, a lenmagban \u00e9s a t\u00f6kmagban tal\u00e1lsz meg.<\/li>\n<\/ul>\n<p>Vannak olyan tel\u00edtetlen zs\u00edrok, melyekre mostan\u00e1ban el\u0151szeretettel vetnek rossz f\u00e9nyt &#8211; nevezetesen a n\u00f6v\u00e9nyi- \u00e9s a magolajok ,- ezeknek a kritik\u00e1knak nincs val\u00f3s\u00e1galapja. \u201cA repceolaj, a sz\u00f3jababolaj \u00e9s magolajok \u00e1ltal\u00e1ban semlegesek az emberi eg\u00e9szs\u00e9gre, mivel tel\u00edtetlen zs\u00edrokat tartalmaznak. N\u00e9h\u00e1ny kutat\u00e1s szerint pedig j\u00f3t tesz a sz\u00edvnek, ha ezekkel helyettes\u00edted az \u00e1llati eredet\u0171 zs\u00edrokat!<\/p>\n<p>A tel\u00edtett zs\u00edrok szobah\u0151m\u00e9rs\u00e9kleten szil\u00e1rd halmaz\u00e1llapot\u00faak, de hev\u00edt\u00e9s ut\u00e1n foly\u00e9konny\u00e1 v\u00e1lhatnak. Ezek jellemz\u0151en \u00e1llati eredet\u0171 \u00e9lelmiszerekben tal\u00e1lhat\u00f3ak meg, p\u00e9ld\u00e1ul a v\u00f6r\u00f6s h\u00fasokban, a tejben, a sajtban \u00e9s a vajban, illetve m\u00e9g a k\u00f3kuszolajban is.<\/p>\n<figure id=\"attachment_16906\" aria-describedby=\"caption-attachment-16906\" style=\"width: 1024px\" class=\"wp-caption alignnone\"><img loading=\"lazy\" decoding=\"async\" class=\"size-large wp-image-16906\" src=\"https:\/\/d2p6e6u75xmxt8.cloudfront.net\/12\/2023\/01\/andra-c-taylor-jr-_L5MGd0w1FQ-unsplash-1024x681.webp\" alt=\"\" width=\"1024\" height=\"681\" srcset=\"https:\/\/d2p6e6u75xmxt8.cloudfront.net\/12\/2023\/01\/andra-c-taylor-jr-_L5MGd0w1FQ-unsplash-1024x681.webp 1024w, https:\/\/d2p6e6u75xmxt8.cloudfront.net\/12\/2023\/01\/andra-c-taylor-jr-_L5MGd0w1FQ-unsplash-300x199.webp 300w, https:\/\/d2p6e6u75xmxt8.cloudfront.net\/12\/2023\/01\/andra-c-taylor-jr-_L5MGd0w1FQ-unsplash-768x510.webp 768w, https:\/\/d2p6e6u75xmxt8.cloudfront.net\/12\/2023\/01\/andra-c-taylor-jr-_L5MGd0w1FQ-unsplash-1536x1021.webp 1536w, https:\/\/d2p6e6u75xmxt8.cloudfront.net\/12\/2023\/01\/andra-c-taylor-jr-_L5MGd0w1FQ-unsplash-272x182.webp 272w, https:\/\/d2p6e6u75xmxt8.cloudfront.net\/12\/2023\/01\/andra-c-taylor-jr-_L5MGd0w1FQ-unsplash.webp 1920w\" sizes=\"auto, (max-width: 1024px) 100vw, 1024px\" \/><figcaption id=\"caption-attachment-16906\" class=\"wp-caption-text\">Fot\u00f3: Andra C Taylor Jr<\/figcaption><\/figure>\n<p>M\u00e9g vitatj\u00e1k, hogy a tel\u00edtett zs\u00edrok \u00f6nmagukban felel\u0151sek lehetnek-e a sz\u00edvbetegs\u00e9gek\u00e9rt, azt al\u00e1t\u00e1masztja az American Heart Association metaanal\u00edzise, hogy ha tel\u00edtetlen fajt\u00e1kkal helyettes\u00edtj\u00fck ezeket, azzal cs\u00f6kkenthetj\u00fck a sz\u00edv-\u00e9s \u00e9rrendszeri betegs\u00e9gek kock\u00e1zat\u00e1t.<\/p>\n<p><em>\u201cNem kell teljesen kiiktatnod a tel\u00edtett zs\u00edrokat, de az ilyen t\u00edpus\u00fa zs\u00edrokban gazdag \u00e9teleket kisebb adagokban \u00e9rdemes fogyasztani, \u00e9s helyett\u00fck a di\u00f3f\u00e9l\u00e9kre, gy\u00fcm\u00f6lcs\u00f6kre, z\u00f6lds\u00e9gekre, teljes ki\u0151rl\u00e9s\u0171 gabon\u00e1kra, magvakra \u00e9s tenger gy\u00fcm\u00f6lcseire helyezni a hangs\u00falyt\u201d <\/em>&#8211; mondta Harris-Pincus.<\/p>\n<h2><strong>Mennyi zs\u00edrra van sz\u00fcks\u00e9ged naponta?<\/strong><\/h2>\n<p>Angie Asche, az Eleat Sports Nutrition tulajdonosa szerint ide\u00e1lis esetben a teljes napi kal\u00f3riabevitel 20-30 sz\u00e1zal\u00e9k\u00e1nak zs\u00edrb\u00f3l kell sz\u00e1rmaznia. (Az USDA Dietary Guideline for Americans ir\u00e1nyelvei szerint ezt az ar\u00e1ny ak\u00e1r 35% is lehet). A zs\u00edrsz\u00fcks\u00e9glet testkilogrammonk\u00e9nt egy grammra becs\u00fclhet\u0151.<\/p>\n<p>Ez egy sz\u00e9les sk\u00e1la, ami lehet\u0151v\u00e9 teszi a ker\u00e9kp\u00e1rosok sz\u00e1m\u00e1ra, hogy j\u00e1tsszanak az \u00e9trendj\u00fckben l\u00e9v\u0151 zs\u00edr mennyis\u00e9g\u00e9vel, aszerint, hogy mekkora az energiasz\u00fcks\u00e9glet\u00fck. Egy \u00e1tlagos, 2000 kal\u00f3ri\u00e1s \u00e9trend eset\u00e9n nagyj\u00e1b\u00f3l 400-600 kal\u00f3ri\u00e1t (44-66 gramm) kell bevinned. Ez valami ilyesmit jelent napi szinten:<\/p>\n<ul>\n<li>\u00bd avok\u00e1d\u00f3 (11 gramm zs\u00edr)<\/li>\n<li>1-2 ev\u0151kan\u00e1l ol\u00edvaolaj (14-28 gramm zs\u00edr)<\/li>\n<li>1 ev\u0151kan\u00e1l mogyor\u00f3vaj (8 gramm zs\u00edr)<\/li>\n<li>1 poh\u00e1r zs\u00edrszeg\u00e9ny nat\u00far g\u00f6r\u00f6g joghurt (5 gramm zs\u00edr)<\/li>\n<li>10 dkg csirkemell (6 gramm zs\u00edr)<\/li>\n<li>1 ev\u0151kan\u00e1l chia mag (4 gramm zs\u00edr)<\/li>\n<\/ul>\n<p><strong>N\u00e9zz\u00fcnk egy minta\u00e9trendet!<\/strong><\/p>\n<p>Nagy feladatnak t\u0171nhet eg\u00e9sz nap sz\u00e1molgatni, hogy mennyi zs\u00edrt eszel, h\u00fcvelykujjszab\u00e1lyk\u00e9nt egyszer\u0171bb, ha minden \u00e9tkez\u00e9shez megpr\u00f3b\u00e1lsz n\u00e9mi eg\u00e9szs\u00e9ges zs\u00edrt hozz\u00e1adni &#8211; hiszen ez a vitaminok felsz\u00edv\u00e1s\u00e1hoz is sz\u00fcks\u00e9ges.<\/p>\n<p><strong>Reggeli:<\/strong> \u00bd cs\u00e9sze sz\u00e1r\u00edtott zabpehely v\u00edzben f\u0151zve + 2 ev\u0151kan\u00e1l mogyor\u00f3vaj + \u00bd cs\u00e9sze \u00e1fonya (380 kal\u00f3ria, 15 gramm zs\u00edr)<\/p>\n<p><strong>T\u00edz\u00f3rai:<\/strong> 3 dkg di\u00f3 + 1 k\u00f6zepes narancs (270 kal\u00f3ria, 18 gramm zs\u00edr)<\/p>\n<p><strong>Eb\u00e9d:<\/strong> 1 cs\u00e9sze f\u0151tt quinoa \u2018 1 cs\u00e9sze s\u00fclt z\u00f6lds\u00e9g + sz\u00f3sz \u201c \u00bd avok\u00e1d\u00f3 (600 kal\u00f3ria, 12 gramm zs\u00edr)<\/p>\n<p><strong>Uzsonna:<\/strong> ban\u00e1n + 2 energiaszelet (280 kal\u00f3ria, 18 gramm zs\u00edr)<\/p>\n<p><strong>Vacsora:<\/strong> 10 dkg s\u00fclt lazac \u2018 1 cs\u00e9sze f\u0151tt t\u00e9szta + 1 cs\u00e9sze sp\u00e1rga + 2 ev\u0151kan\u00e1l parmez\u00e1n (490 kal\u00f3ria, 15 gramm zs\u00edr)<\/p>\n<p>Ez 2020 kal\u00f3ri\u00e1t \u00e9s 70 gramm zs\u00edr jelent, aminek nagy r\u00e9sze tel\u00edtetlen!<\/p>\n<p><em>&#8220;Az edz\u00e9s el\u0151tt, alatt \u00e9s ut\u00e1n bevitt \u00e9teleknek viszonylag alacsony zs\u00edrtartalm\u00fanak kell lenni\u00fck, hogy a szervezet k\u00f6nnyen megem\u00e9szthesse azokat, \u00e9s hozz\u00e1f\u00e9rjen a sz\u00e9nhidr\u00e1tokhoz, melyek energi\u00e1t adnak\u201d<\/em> &#8211; tette hozz\u00e1 Reaver. Ezenk\u00edv\u00fcl Braddock azt javasolja, hogy a versenyt megel\u0151z\u0151 24 \u00f3r\u00e1ban jelent\u0151sen korl\u00e1tozd a zs\u00edr mennyis\u00e9g\u00e9t!<\/p>\n<p><em>Forr\u00e1s: <\/em><a href=\"https:\/\/www.bicycling.com\/health-nutrition\/a39783896\/healthy-fats\/\"><em>bicycling.com<\/em><\/a><\/p>\n","protected":false},"excerpt":{"rendered":"<p>Sokszor m\u00e9ltatlanul megb\u00e9lyegezz\u00fck ezeket az \u00e9rt\u00e9kes t\u00e1panyagokat, amik m\u00e9g a fogy\u00e1sban \u00e9s az energiaszint fenntart\u00e1s\u00e1ban is seg\u00edthetnek.<\/p>\n","protected":false},"author":71,"featured_media":16904,"comment_status":"open","ping_status":"open","sticky":false,"template":"","format":"standard","meta":{"footnotes":""},"categories":[6],"tags":[],"global-categories":[],"class_list":["post-16902","post","type-post","status-publish","format-standard","has-post-thumbnail","hentry","category-edzes-es-eletmod"],"yoast_head":"<!-- This site is optimized with the Yoast SEO Premium plugin v25.3 (Yoast SEO v25.9) - https:\/\/yoast.com\/wordpress\/plugins\/seo\/ -->\n<title>\u00datmutat\u00f3 bring\u00e1soknak az eg\u00e9szs\u00e9ges zs\u00edrokhoz<\/title>\n<meta name=\"description\" content=\"Sokszor m\u00e9ltatlanul megb\u00e9lyegezz\u00fck ezeket az \u00e9rt\u00e9kes t\u00e1panyagokat, amik m\u00e9g a fogy\u00e1sban \u00e9s az energiaszint fenntart\u00e1s\u00e1ban is seg\u00edthetnek.\" \/>\n<meta name=\"robots\" content=\"index, follow, max-snippet:-1, max-image-preview:large, max-video-preview:-1\" \/>\n<link rel=\"canonical\" href=\"https:\/\/www.welovecycling.com\/hu\/edzes-es-eletmod\/utmutato-bringasoknak-az-egeszseges-zsirokhoz\/\" \/>\n<meta property=\"og:locale\" content=\"hu_HU\" \/>\n<meta property=\"og:type\" content=\"article\" \/>\n<meta property=\"og:title\" content=\"\u00datmutat\u00f3 bring\u00e1soknak az eg\u00e9szs\u00e9ges zs\u00edrokhoz\" \/>\n<meta property=\"og:description\" content=\"Sokszor m\u00e9ltatlanul megb\u00e9lyegezz\u00fck ezeket az \u00e9rt\u00e9kes t\u00e1panyagokat, amik m\u00e9g a fogy\u00e1sban \u00e9s az energiaszint fenntart\u00e1s\u00e1ban is seg\u00edthetnek.\" \/>\n<meta property=\"og:url\" content=\"https:\/\/www.welovecycling.com\/hu\/edzes-es-eletmod\/utmutato-bringasoknak-az-egeszseges-zsirokhoz\/\" \/>\n<meta property=\"og:site_name\" content=\"\u0160koda We Love Cycling - Magyarorsz\u00e1g\" \/>\n<meta property=\"article:publisher\" content=\"https:\/\/www.facebook.com\/WeLoveCyclingHungary\/\" \/>\n<meta property=\"article:published_time\" content=\"2023-02-04T06:00:00+00:00\" \/>\n<meta property=\"og:image\" content=\"https:\/\/d2p6e6u75xmxt8.cloudfront.net\/12\/2023\/01\/david-b-townsend-fV3zTanbO80-unsplash.webp\" \/>\n\t<meta property=\"og:image:width\" content=\"1920\" \/>\n\t<meta property=\"og:image:height\" content=\"1285\" \/>\n\t<meta property=\"og:image:type\" content=\"image\/webp\" \/>\n<meta name=\"author\" content=\"hegyizs\" \/>\n<meta name=\"twitter:card\" content=\"summary_large_image\" \/>\n<meta name=\"twitter:label1\" content=\"Written by\" \/>\n\t<meta name=\"twitter:data1\" content=\"WLC\" \/>\n\t<meta name=\"twitter:label2\" content=\"Est. reading time\" \/>\n\t<meta name=\"twitter:data2\" content=\"8 minutes\" \/>\n<script type=\"application\/ld+json\" class=\"yoast-schema-graph\">{\"@context\":\"https:\/\/schema.org\",\"@graph\":[{\"@type\":\"WebPage\",\"@id\":\"https:\/\/www.welovecycling.com\/hu\/edzes-es-eletmod\/utmutato-bringasoknak-az-egeszseges-zsirokhoz\/\",\"url\":\"https:\/\/www.welovecycling.com\/hu\/edzes-es-eletmod\/utmutato-bringasoknak-az-egeszseges-zsirokhoz\/\",\"name\":\"\u00datmutat\u00f3 bring\u00e1soknak az eg\u00e9szs\u00e9ges zs\u00edrokhoz\",\"isPartOf\":{\"@id\":\"https:\/\/www.welovecycling.com\/hu\/#website\"},\"primaryImageOfPage\":{\"@id\":\"https:\/\/www.welovecycling.com\/hu\/edzes-es-eletmod\/utmutato-bringasoknak-az-egeszseges-zsirokhoz\/#primaryimage\"},\"image\":{\"@id\":\"https:\/\/www.welovecycling.com\/hu\/edzes-es-eletmod\/utmutato-bringasoknak-az-egeszseges-zsirokhoz\/#primaryimage\"},\"thumbnailUrl\":\"https:\/\/d2p6e6u75xmxt8.cloudfront.net\/12\/2023\/01\/david-b-townsend-fV3zTanbO80-unsplash.webp\",\"datePublished\":\"2023-02-04T06:00:00+00:00\",\"author\":{\"@id\":\"https:\/\/www.welovecycling.com\/hu\/#\/schema\/person\/414a2aebf1801691a5320edb6468e194\"},\"description\":\"Sokszor m\u00e9ltatlanul megb\u00e9lyegezz\u00fck ezeket az \u00e9rt\u00e9kes t\u00e1panyagokat, amik m\u00e9g a fogy\u00e1sban \u00e9s az energiaszint fenntart\u00e1s\u00e1ban is seg\u00edthetnek.\",\"breadcrumb\":{\"@id\":\"https:\/\/www.welovecycling.com\/hu\/edzes-es-eletmod\/utmutato-bringasoknak-az-egeszseges-zsirokhoz\/#breadcrumb\"},\"inLanguage\":\"hu\",\"potentialAction\":[{\"@type\":\"ReadAction\",\"target\":[\"https:\/\/www.welovecycling.com\/hu\/edzes-es-eletmod\/utmutato-bringasoknak-az-egeszseges-zsirokhoz\/\"]}]},{\"@type\":\"ImageObject\",\"inLanguage\":\"hu\",\"@id\":\"https:\/\/www.welovecycling.com\/hu\/edzes-es-eletmod\/utmutato-bringasoknak-az-egeszseges-zsirokhoz\/#primaryimage\",\"url\":\"https:\/\/d2p6e6u75xmxt8.cloudfront.net\/12\/2023\/01\/david-b-townsend-fV3zTanbO80-unsplash.webp\",\"contentUrl\":\"https:\/\/d2p6e6u75xmxt8.cloudfront.net\/12\/2023\/01\/david-b-townsend-fV3zTanbO80-unsplash.webp\",\"width\":1920,\"height\":1285},{\"@type\":\"BreadcrumbList\",\"@id\":\"https:\/\/www.welovecycling.com\/hu\/edzes-es-eletmod\/utmutato-bringasoknak-az-egeszseges-zsirokhoz\/#breadcrumb\",\"itemListElement\":[{\"@type\":\"ListItem\",\"position\":1,\"name\":\"Home\",\"item\":\"https:\/\/www.welovecycling.com\/hu\/\"},{\"@type\":\"ListItem\",\"position\":2,\"name\":\"\u00datmutat\u00f3 bring\u00e1soknak az eg\u00e9szs\u00e9ges zs\u00edrokhoz\"}]},{\"@type\":\"WebSite\",\"@id\":\"https:\/\/www.welovecycling.com\/hu\/#website\",\"url\":\"https:\/\/www.welovecycling.com\/hu\/\",\"name\":\"\u0160koda We Love Cycling - Magyarorsz\u00e1g\",\"description\":\"\u0160koda WeLoveCycling\",\"potentialAction\":[{\"@type\":\"SearchAction\",\"target\":{\"@type\":\"EntryPoint\",\"urlTemplate\":\"https:\/\/www.welovecycling.com\/hu\/?s={search_term_string}\"},\"query-input\":{\"@type\":\"PropertyValueSpecification\",\"valueRequired\":true,\"valueName\":\"search_term_string\"}}],\"inLanguage\":\"hu\"},{\"@type\":\"Person\",\"@id\":\"https:\/\/www.welovecycling.com\/hu\/#\/schema\/person\/414a2aebf1801691a5320edb6468e194\",\"name\":\"hegyizs\",\"image\":{\"@type\":\"ImageObject\",\"inLanguage\":\"hu\",\"@id\":\"https:\/\/www.welovecycling.com\/hu\/#\/schema\/person\/image\/\",\"url\":\"https:\/\/secure.gravatar.com\/avatar\/02cf8a7906b8cf90cecb4679defac7cfd33a1c2e3b88e4903d947f3bb58eedd3?s=96&d=mm&r=g\",\"contentUrl\":\"https:\/\/secure.gravatar.com\/avatar\/02cf8a7906b8cf90cecb4679defac7cfd33a1c2e3b88e4903d947f3bb58eedd3?s=96&d=mm&r=g\",\"caption\":\"hegyizs\"},\"url\":\"https:\/\/www.welovecycling.com\/hu\/author\/hegyizs\/\"}]}<\/script>\n<!-- \/ Yoast SEO Premium plugin. -->","yoast_head_json":{"title":"\u00datmutat\u00f3 bring\u00e1soknak az eg\u00e9szs\u00e9ges zs\u00edrokhoz","description":"Sokszor m\u00e9ltatlanul megb\u00e9lyegezz\u00fck ezeket az \u00e9rt\u00e9kes t\u00e1panyagokat, amik m\u00e9g a fogy\u00e1sban \u00e9s az energiaszint fenntart\u00e1s\u00e1ban is seg\u00edthetnek.","robots":{"index":"index","follow":"follow","max-snippet":"max-snippet:-1","max-image-preview":"max-image-preview:large","max-video-preview":"max-video-preview:-1"},"canonical":"https:\/\/www.welovecycling.com\/hu\/edzes-es-eletmod\/utmutato-bringasoknak-az-egeszseges-zsirokhoz\/","og_locale":"hu_HU","og_type":"article","og_title":"\u00datmutat\u00f3 bring\u00e1soknak az eg\u00e9szs\u00e9ges zs\u00edrokhoz","og_description":"Sokszor m\u00e9ltatlanul megb\u00e9lyegezz\u00fck ezeket az \u00e9rt\u00e9kes t\u00e1panyagokat, amik m\u00e9g a fogy\u00e1sban \u00e9s az energiaszint fenntart\u00e1s\u00e1ban is seg\u00edthetnek.","og_url":"https:\/\/www.welovecycling.com\/hu\/edzes-es-eletmod\/utmutato-bringasoknak-az-egeszseges-zsirokhoz\/","og_site_name":"\u0160koda We Love Cycling - Magyarorsz\u00e1g","article_publisher":"https:\/\/www.facebook.com\/WeLoveCyclingHungary\/","article_published_time":"2023-02-04T06:00:00+00:00","og_image":[{"width":1920,"height":1285,"url":"https:\/\/d2p6e6u75xmxt8.cloudfront.net\/12\/2023\/01\/david-b-townsend-fV3zTanbO80-unsplash.webp","type":"image\/webp"}],"author":"hegyizs","twitter_card":"summary_large_image","twitter_misc":{"Written by":"WLC","Est. reading time":"8 minutes"},"schema":{"@context":"https:\/\/schema.org","@graph":[{"@type":"WebPage","@id":"https:\/\/www.welovecycling.com\/hu\/edzes-es-eletmod\/utmutato-bringasoknak-az-egeszseges-zsirokhoz\/","url":"https:\/\/www.welovecycling.com\/hu\/edzes-es-eletmod\/utmutato-bringasoknak-az-egeszseges-zsirokhoz\/","name":"\u00datmutat\u00f3 bring\u00e1soknak az eg\u00e9szs\u00e9ges zs\u00edrokhoz","isPartOf":{"@id":"https:\/\/www.welovecycling.com\/hu\/#website"},"primaryImageOfPage":{"@id":"https:\/\/www.welovecycling.com\/hu\/edzes-es-eletmod\/utmutato-bringasoknak-az-egeszseges-zsirokhoz\/#primaryimage"},"image":{"@id":"https:\/\/www.welovecycling.com\/hu\/edzes-es-eletmod\/utmutato-bringasoknak-az-egeszseges-zsirokhoz\/#primaryimage"},"thumbnailUrl":"https:\/\/d2p6e6u75xmxt8.cloudfront.net\/12\/2023\/01\/david-b-townsend-fV3zTanbO80-unsplash.webp","datePublished":"2023-02-04T06:00:00+00:00","author":{"@id":"https:\/\/www.welovecycling.com\/hu\/#\/schema\/person\/414a2aebf1801691a5320edb6468e194"},"description":"Sokszor m\u00e9ltatlanul megb\u00e9lyegezz\u00fck ezeket az \u00e9rt\u00e9kes t\u00e1panyagokat, amik m\u00e9g a fogy\u00e1sban \u00e9s az energiaszint fenntart\u00e1s\u00e1ban is seg\u00edthetnek.","breadcrumb":{"@id":"https:\/\/www.welovecycling.com\/hu\/edzes-es-eletmod\/utmutato-bringasoknak-az-egeszseges-zsirokhoz\/#breadcrumb"},"inLanguage":"hu","potentialAction":[{"@type":"ReadAction","target":["https:\/\/www.welovecycling.com\/hu\/edzes-es-eletmod\/utmutato-bringasoknak-az-egeszseges-zsirokhoz\/"]}]},{"@type":"ImageObject","inLanguage":"hu","@id":"https:\/\/www.welovecycling.com\/hu\/edzes-es-eletmod\/utmutato-bringasoknak-az-egeszseges-zsirokhoz\/#primaryimage","url":"https:\/\/d2p6e6u75xmxt8.cloudfront.net\/12\/2023\/01\/david-b-townsend-fV3zTanbO80-unsplash.webp","contentUrl":"https:\/\/d2p6e6u75xmxt8.cloudfront.net\/12\/2023\/01\/david-b-townsend-fV3zTanbO80-unsplash.webp","width":1920,"height":1285},{"@type":"BreadcrumbList","@id":"https:\/\/www.welovecycling.com\/hu\/edzes-es-eletmod\/utmutato-bringasoknak-az-egeszseges-zsirokhoz\/#breadcrumb","itemListElement":[{"@type":"ListItem","position":1,"name":"Home","item":"https:\/\/www.welovecycling.com\/hu\/"},{"@type":"ListItem","position":2,"name":"\u00datmutat\u00f3 bring\u00e1soknak az eg\u00e9szs\u00e9ges zs\u00edrokhoz"}]},{"@type":"WebSite","@id":"https:\/\/www.welovecycling.com\/hu\/#website","url":"https:\/\/www.welovecycling.com\/hu\/","name":"\u0160koda We Love Cycling - Magyarorsz\u00e1g","description":"\u0160koda WeLoveCycling","potentialAction":[{"@type":"SearchAction","target":{"@type":"EntryPoint","urlTemplate":"https:\/\/www.welovecycling.com\/hu\/?s={search_term_string}"},"query-input":{"@type":"PropertyValueSpecification","valueRequired":true,"valueName":"search_term_string"}}],"inLanguage":"hu"},{"@type":"Person","@id":"https:\/\/www.welovecycling.com\/hu\/#\/schema\/person\/414a2aebf1801691a5320edb6468e194","name":"hegyizs","image":{"@type":"ImageObject","inLanguage":"hu","@id":"https:\/\/www.welovecycling.com\/hu\/#\/schema\/person\/image\/","url":"https:\/\/secure.gravatar.com\/avatar\/02cf8a7906b8cf90cecb4679defac7cfd33a1c2e3b88e4903d947f3bb58eedd3?s=96&d=mm&r=g","contentUrl":"https:\/\/secure.gravatar.com\/avatar\/02cf8a7906b8cf90cecb4679defac7cfd33a1c2e3b88e4903d947f3bb58eedd3?s=96&d=mm&r=g","caption":"hegyizs"},"url":"https:\/\/www.welovecycling.com\/hu\/author\/hegyizs\/"}]}},"_links":{"self":[{"href":"https:\/\/www.welovecycling.com\/hu\/wp-json\/wp\/v2\/posts\/16902","targetHints":{"allow":["GET"]}}],"collection":[{"href":"https:\/\/www.welovecycling.com\/hu\/wp-json\/wp\/v2\/posts"}],"about":[{"href":"https:\/\/www.welovecycling.com\/hu\/wp-json\/wp\/v2\/types\/post"}],"author":[{"embeddable":true,"href":"https:\/\/www.welovecycling.com\/hu\/wp-json\/wp\/v2\/users\/71"}],"replies":[{"embeddable":true,"href":"https:\/\/www.welovecycling.com\/hu\/wp-json\/wp\/v2\/comments?post=16902"}],"version-history":[{"count":1,"href":"https:\/\/www.welovecycling.com\/hu\/wp-json\/wp\/v2\/posts\/16902\/revisions"}],"predecessor-version":[{"id":16907,"href":"https:\/\/www.welovecycling.com\/hu\/wp-json\/wp\/v2\/posts\/16902\/revisions\/16907"}],"wp:featuredmedia":[{"embeddable":true,"href":"https:\/\/www.welovecycling.com\/hu\/wp-json\/wp\/v2\/media\/16904"}],"wp:attachment":[{"href":"https:\/\/www.welovecycling.com\/hu\/wp-json\/wp\/v2\/media?parent=16902"}],"wp:term":[{"taxonomy":"category","embeddable":true,"href":"https:\/\/www.welovecycling.com\/hu\/wp-json\/wp\/v2\/categories?post=16902"},{"taxonomy":"post_tag","embeddable":true,"href":"https:\/\/www.welovecycling.com\/hu\/wp-json\/wp\/v2\/tags?post=16902"},{"taxonomy":"global-categories","embeddable":true,"href":"https:\/\/www.welovecycling.com\/hu\/wp-json\/wp\/v2\/global-categories?post=16902"}],"curies":[{"name":"wp","href":"https:\/\/api.w.org\/{rel}","templated":true}]}}