{"id":16893,"date":"2023-02-03T15:00:32","date_gmt":"2023-02-03T13:00:32","guid":{"rendered":"https:\/\/www.welovecycling.com\/hu\/?p=16893"},"modified":"2023-01-30T12:38:16","modified_gmt":"2023-01-30T10:38:16","slug":"chris-froome-a-visszavonulasrol-remelem-meg-csinalhatom-nehany-evig","status":"publish","type":"post","link":"https:\/\/www.welovecycling.com\/hu\/orszaguti-kerekpar\/chris-froome-a-visszavonulasrol-remelem-meg-csinalhatom-nehany-evig\/","title":{"rendered":"Chris Froome a visszavonul\u00e1sr\u00f3l: \u201cRem\u00e9lem m\u00e9g csin\u00e1lhatom n\u00e9h\u00e1ny \u00e9vig\u201d"},"content":{"rendered":"<p><strong>A n\u00e9gyszeres Tour de France-bajnok m\u00e9g mindig a cs\u00facsra t\u00f6r.<\/strong><\/p>\n<p><!--more--><\/p>\n<p>Annak ellen\u00e9re, hogy nagy k\u00fczdelem sz\u00e1m\u00e1ra, hogy \u00fajra el\u00e9rje r\u00e9gi form\u00e1j\u00e1t, Chris Froome nem tervezi a visszavonul\u00e1st. A Cyclingnews \u00e9rtes\u00fcl\u00e9sei szerint szerz\u0151d\u00e9se 2025 v\u00e9g\u00e9ig sz\u00f3l, addigra a ker\u00e9kp\u00e1ros 40 felett lesz.<\/p>\n<p><em>\u201c\u00dagy \u00e9rzem, kaptam egy m\u00e1sodik es\u00e9lyt. Lehet\u0151s\u00e9get, hogy visszat\u00e9rjek a sport\u00e1ghoz, amit szeretek. Ha a balesettel v\u00e9get \u00e9rt volna a p\u00e1lyafut\u00e1som, \u00fagy \u00e9reztem volna, hogy m\u00e9g t\u00f6bbet tehettem volna le az asztalra\u201d<\/em> &#8211; mondta a Tour Down Under el\u0151est\u00e9j\u00e9n tartott sajt\u00f3t\u00e1j\u00e9koztat\u00f3n.<\/p>\n<p><em>\u201cB\u00e1r nem vagyok most a versenyek \u00e9l\u00e9n, m\u00e9g mindig nagy \u00f6r\u00f6mmel v\u00e9gzem a munk\u00e1m, \u00e9s szeretek az Israel-Premier csapat\u00e1ban tekerni. Mintha visszaugrottam volna 15 \u00e9vet az id\u0151ben, \u00e9s most \u00fajra azon dolgozom, hogy a legjobbak k\u00f6z\u00e9 ker\u00fcljek. Rem\u00e9lem, hogy m\u00e9g dolgozhatok is rajta n\u00e9h\u00e1ny \u00e9vig.\u201d<\/em><\/p>\n<p>M\u00e1s sportok p\u00e9ld\u00e1j\u00e1t \u00e9s Froome kitart\u00e1s\u00e1t, professzionalizmus\u00e1t, amivel \u00e9trendj\u00e9t \u00e9s edz\u00e9seit szervezi, \u00e9s fel\u00e9p\u00fcl\u00e9s\u00e9t l\u00e1tva mi is hissz\u00fck, hogy ez \u00edgy lesz.<\/p>\n<p><em>\u201cNagyszer\u0171 l\u00e1tni, hogy p\u00e9ld\u00e1ul teniszben n\u00e9h\u00e1ny id\u0151sebb versenyz\u0151 is m\u00e9g mindig a legjobbak k\u00f6z\u00f6tt \u00e1ll, a ker\u00e9kp\u00e1rosok k\u00f6z\u00fcl pedig Valverde csak most vonult vissza, a negyvenes \u00e9veiben pedig sz\u00e1guldott a p\u00e1ly\u00e1n \u00e9s komoly vet\u00e9lyt\u00e1rsat jelentett.<\/em><\/p>\n<p><em>Szerintem ez nagyban f\u00fcgg att\u00f3l, hogy a sportol\u00f3k mennyire vigy\u00e1znak magukra. Ami a professzionalizmust, a di\u00e9t\u00e1kat, a test\u00fcnk kiismer\u00e9s\u00e9t \u00e9s a saj\u00e1t magunkra val\u00f3 nagyobb odafigyel\u00e9st illeti, \u00fagy gondolom, hogy t\u00f6bb lehet\u0151s\u00e9g\u00fcnk van r\u00e1, hogy a negyvenes \u00e9veinkben is versenyezz\u00fcnk, mint eddig.\u201d<\/em><\/p>\n<p>Froome az idei \u00e9v elej\u00e9n ism\u00e9t elhagyta a hideg eur\u00f3pai telet, hogy melegebb \u00e9ghajlaton edzhessen. \u00d6t h\u00e9t ut\u00e1n t\u00e9rt vissza, de csak r\u00f6vid id\u0151re, majd Afrik\u00e1ba indult, hogy r\u00e9szt vegyen a Tour du Rwand\u00e1n.<a href=\"https:\/\/d2p6e6u75xmxt8.cloudfront.net\/12\/2023\/01\/Froome-La-Vuelta-profimedia-0719988548.webp\"><img loading=\"lazy\" decoding=\"async\" class=\"size-full wp-image-16894\" src=\"https:\/\/d2p6e6u75xmxt8.cloudfront.net\/12\/2023\/01\/Froome-La-Vuelta-profimedia-0719988548.webp\" alt=\"Chris Froome\" width=\"1000\" height=\"667\" srcset=\"https:\/\/d2p6e6u75xmxt8.cloudfront.net\/12\/2023\/01\/Froome-La-Vuelta-profimedia-0719988548.webp 1000w, https:\/\/d2p6e6u75xmxt8.cloudfront.net\/12\/2023\/01\/Froome-La-Vuelta-profimedia-0719988548-300x200.webp 300w, https:\/\/d2p6e6u75xmxt8.cloudfront.net\/12\/2023\/01\/Froome-La-Vuelta-profimedia-0719988548-768x512.webp 768w, https:\/\/d2p6e6u75xmxt8.cloudfront.net\/12\/2023\/01\/Froome-La-Vuelta-profimedia-0719988548-272x182.webp 272w\" sizes=\"auto, (max-width: 1000px) 100vw, 1000px\" \/><\/a><\/p>\n<p><em>Primo\u017e Rogli\u010d \u00e9s a brit Chris Froome (jobb) a 2022-es La Vuelta 16. szakasz\u00e1n. \u00a9 Profimedia<\/em><em>\u201cMindig azt tapasztaltam, hogy ha janu\u00e1rban elmegyek valahova, ahol lehet\u0151s\u00e9gem van nagyobb t\u00e1vokat megtenni olyan id\u0151ben, ami hasonl\u00edt az eur\u00f3pai ny\u00e1rhoz, az mindig j\u00f3t tesz. Ez is r\u00e9sze a motiv\u00e1ci\u00f3nak, ami hajt, hogy beleadjak mindent. Sokkal ink\u00e1bb h\u0151s\u00e9g, mint hideg! Szeretn\u00e9m a legt\u00f6bbet kihozni a ny\u00e1ri szezonb\u00f3l.\u201d<\/em><\/p>\n<p>Froome c\u00e9lja, hogy j\u00faliusra el\u00e9rje a cs\u00facsform\u00e1j\u00e1t. Az \u00f6t\u00f6dik Tour de France-gy\u0151zelem tov\u00e1bbra is nagy \u00e1lma. Lehet, hogy ez m\u00e1r el\u00e9rhetetlen, de a 2022-es TdF 12. szakasz\u00e1n bebizony\u00edtotta, hogy tud m\u00e9g versenyezni. Egy sz\u00f6k\u00e9s ut\u00e1n a harmadik helyen v\u00e9gzett az Alpe d\u2019Huez hegyeiben. Sajnos a m\u00e1sodik pihen\u0151napon elkapta a Covidot, \u00edgy nem folytathatta a versenyt. A v\u00edrus pedig m\u00e9g a La Vuelt\u00e1n is hat\u00e1ssal volt a teljes\u00edtm\u00e9ny\u00e9re.<\/p>\n<p><em>\u201cSzeretn\u00e9m ott folytatni, ahol tavaly abbahagytam, erre akarok \u00e9p\u00edteni, \u00e9s a r\u00e9gi form\u00e1mhoz visszatal\u00e1lni\u201d <\/em>&#8211; mondta Froome.<\/p>\n<p>Sajnos tavaly decemberben ism\u00e9t elkapta a Covidot, ami elrontotta a kar\u00e1csony\u00e1t, \u00edgy az \u00e9v els\u0151 verseny\u00e9n nem igaz\u00e1n volt es\u00e9lye.<\/p>\n<p><em>\u201cA Covid m\u00e1sodik rohama kor\u00e1ntsem volt olyan er\u0151s, mint az els\u0151, \u00f6r\u00fcl\u00f6k, hogy nincsenek m\u00e1r elh\u00faz\u00f3d\u00f3 t\u00fcneteim. Alig v\u00e1rom, hogy megszak\u00edt\u00e1s n\u00e9lk\u00fcl dolgozhassak. Az idei szezonom nem fog nagyban elt\u00e9rni a kor\u00e1bbiakt\u00f3l, szakaszversenyeken fogok indulni, mik\u00f6zben k\u00e9sz\u00fcl\u00f6k a Tour-ra. A f\u0151 c\u00e9lom, hogy a legjobb form\u00e1mban legyek j\u00faliusra. Meg akarok pr\u00f3b\u00e1lni visszat\u00e9rni a mez\u0151ny \u00e9l\u00e9re. Ak\u00e1r a Tour-on, ak\u00e1r m\u00e1shol.\u201d<\/em><\/p>\n<p>Mit gondolsz, siker\u00fclhet?<\/p>\n","protected":false},"excerpt":{"rendered":"<p>A n\u00e9gyszeres Tour de France-bajnok m\u00e9g mindig a cs\u00facsra t\u00f6r.<\/p>\n","protected":false},"author":71,"featured_media":16896,"comment_status":"open","ping_status":"open","sticky":false,"template":"","format":"standard","meta":{"footnotes":""},"categories":[8],"tags":[],"global-categories":[],"class_list":["post-16893","post","type-post","status-publish","format-standard","has-post-thumbnail","hentry","category-orszaguti-kerekpar"],"yoast_head":"<!-- This site is optimized with the Yoast SEO Premium plugin v25.3 (Yoast SEO v25.9) - https:\/\/yoast.com\/wordpress\/plugins\/seo\/ -->\n<title>Chris Froome a visszavonul\u00e1sr\u00f3l: \u201cRem\u00e9lem m\u00e9g csin\u00e1lhatom n\u00e9h\u00e1ny \u00e9vig\u201d<\/title>\n<meta name=\"description\" content=\"A n\u00e9gyszeres Tour de France-bajnok m\u00e9g mindig a cs\u00facsra t\u00f6r.\" \/>\n<meta name=\"robots\" content=\"index, follow, max-snippet:-1, max-image-preview:large, max-video-preview:-1\" \/>\n<link rel=\"canonical\" href=\"https:\/\/www.welovecycling.com\/hu\/orszaguti-kerekpar\/chris-froome-a-visszavonulasrol-remelem-meg-csinalhatom-nehany-evig\/\" \/>\n<meta property=\"og:locale\" content=\"hu_HU\" \/>\n<meta property=\"og:type\" content=\"article\" \/>\n<meta property=\"og:title\" content=\"Chris Froome a visszavonul\u00e1sr\u00f3l: \u201cRem\u00e9lem m\u00e9g csin\u00e1lhatom n\u00e9h\u00e1ny \u00e9vig\u201d\" \/>\n<meta property=\"og:description\" content=\"A n\u00e9gyszeres Tour de France-bajnok m\u00e9g mindig a cs\u00facsra t\u00f6r.\" \/>\n<meta property=\"og:url\" content=\"https:\/\/www.welovecycling.com\/hu\/orszaguti-kerekpar\/chris-froome-a-visszavonulasrol-remelem-meg-csinalhatom-nehany-evig\/\" \/>\n<meta property=\"og:site_name\" content=\"\u0160koda We Love Cycling - Magyarorsz\u00e1g\" \/>\n<meta property=\"article:publisher\" content=\"https:\/\/www.facebook.com\/WeLoveCyclingHungary\/\" \/>\n<meta property=\"article:published_time\" content=\"2023-02-03T13:00:32+00:00\" \/>\n<meta property=\"og:image\" content=\"https:\/\/d2p6e6u75xmxt8.cloudfront.net\/12\/2023\/01\/Chris-Froome-profimedia-0708825950-CVR.webp\" \/>\n\t<meta property=\"og:image:width\" content=\"990\" \/>\n\t<meta property=\"og:image:height\" content=\"660\" \/>\n\t<meta property=\"og:image:type\" content=\"image\/webp\" \/>\n<meta name=\"author\" content=\"hegyizs\" \/>\n<meta name=\"twitter:card\" content=\"summary_large_image\" \/>\n<meta name=\"twitter:label1\" content=\"Written by\" \/>\n\t<meta name=\"twitter:data1\" content=\"Monica Buck\" \/>\n\t<meta name=\"twitter:label2\" content=\"Est. reading time\" \/>\n\t<meta name=\"twitter:data2\" content=\"4\" \/>\n<script type=\"application\/ld+json\" class=\"yoast-schema-graph\">{\"@context\":\"https:\/\/schema.org\",\"@graph\":[{\"@type\":\"WebPage\",\"@id\":\"https:\/\/www.welovecycling.com\/hu\/orszaguti-kerekpar\/chris-froome-a-visszavonulasrol-remelem-meg-csinalhatom-nehany-evig\/\",\"url\":\"https:\/\/www.welovecycling.com\/hu\/orszaguti-kerekpar\/chris-froome-a-visszavonulasrol-remelem-meg-csinalhatom-nehany-evig\/\",\"name\":\"Chris Froome a visszavonul\u00e1sr\u00f3l: \u201cRem\u00e9lem m\u00e9g csin\u00e1lhatom n\u00e9h\u00e1ny \u00e9vig\u201d\",\"isPartOf\":{\"@id\":\"https:\/\/www.welovecycling.com\/hu\/#website\"},\"primaryImageOfPage\":{\"@id\":\"https:\/\/www.welovecycling.com\/hu\/orszaguti-kerekpar\/chris-froome-a-visszavonulasrol-remelem-meg-csinalhatom-nehany-evig\/#primaryimage\"},\"image\":{\"@id\":\"https:\/\/www.welovecycling.com\/hu\/orszaguti-kerekpar\/chris-froome-a-visszavonulasrol-remelem-meg-csinalhatom-nehany-evig\/#primaryimage\"},\"thumbnailUrl\":\"https:\/\/d2p6e6u75xmxt8.cloudfront.net\/12\/2023\/01\/Chris-Froome-profimedia-0708825950-CVR.webp\",\"datePublished\":\"2023-02-03T13:00:32+00:00\",\"author\":{\"@id\":\"https:\/\/www.welovecycling.com\/hu\/#\/schema\/person\/414a2aebf1801691a5320edb6468e194\"},\"description\":\"A n\u00e9gyszeres Tour de France-bajnok m\u00e9g mindig a cs\u00facsra t\u00f6r.\",\"breadcrumb\":{\"@id\":\"https:\/\/www.welovecycling.com\/hu\/orszaguti-kerekpar\/chris-froome-a-visszavonulasrol-remelem-meg-csinalhatom-nehany-evig\/#breadcrumb\"},\"inLanguage\":\"hu\",\"potentialAction\":[{\"@type\":\"ReadAction\",\"target\":[\"https:\/\/www.welovecycling.com\/hu\/orszaguti-kerekpar\/chris-froome-a-visszavonulasrol-remelem-meg-csinalhatom-nehany-evig\/\"]}]},{\"@type\":\"ImageObject\",\"inLanguage\":\"hu\",\"@id\":\"https:\/\/www.welovecycling.com\/hu\/orszaguti-kerekpar\/chris-froome-a-visszavonulasrol-remelem-meg-csinalhatom-nehany-evig\/#primaryimage\",\"url\":\"https:\/\/d2p6e6u75xmxt8.cloudfront.net\/12\/2023\/01\/Chris-Froome-profimedia-0708825950-CVR.webp\",\"contentUrl\":\"https:\/\/d2p6e6u75xmxt8.cloudfront.net\/12\/2023\/01\/Chris-Froome-profimedia-0708825950-CVR.webp\",\"width\":990,\"height\":660,\"caption\":\"Chris Froome\"},{\"@type\":\"BreadcrumbList\",\"@id\":\"https:\/\/www.welovecycling.com\/hu\/orszaguti-kerekpar\/chris-froome-a-visszavonulasrol-remelem-meg-csinalhatom-nehany-evig\/#breadcrumb\",\"itemListElement\":[{\"@type\":\"ListItem\",\"position\":1,\"name\":\"Home\",\"item\":\"https:\/\/www.welovecycling.com\/hu\/\"},{\"@type\":\"ListItem\",\"position\":2,\"name\":\"Chris Froome a visszavonul\u00e1sr\u00f3l: \u201cRem\u00e9lem m\u00e9g csin\u00e1lhatom n\u00e9h\u00e1ny \u00e9vig\u201d\"}]},{\"@type\":\"WebSite\",\"@id\":\"https:\/\/www.welovecycling.com\/hu\/#website\",\"url\":\"https:\/\/www.welovecycling.com\/hu\/\",\"name\":\"\u0160koda We Love Cycling - Magyarorsz\u00e1g\",\"description\":\"\u0160koda WeLoveCycling\",\"potentialAction\":[{\"@type\":\"SearchAction\",\"target\":{\"@type\":\"EntryPoint\",\"urlTemplate\":\"https:\/\/www.welovecycling.com\/hu\/?s={search_term_string}\"},\"query-input\":{\"@type\":\"PropertyValueSpecification\",\"valueRequired\":true,\"valueName\":\"search_term_string\"}}],\"inLanguage\":\"hu\"},{\"@type\":\"Person\",\"@id\":\"https:\/\/www.welovecycling.com\/hu\/#\/schema\/person\/414a2aebf1801691a5320edb6468e194\",\"name\":\"hegyizs\",\"image\":{\"@type\":\"ImageObject\",\"inLanguage\":\"hu\",\"@id\":\"https:\/\/www.welovecycling.com\/hu\/#\/schema\/person\/image\/\",\"url\":\"https:\/\/secure.gravatar.com\/avatar\/02cf8a7906b8cf90cecb4679defac7cfd33a1c2e3b88e4903d947f3bb58eedd3?s=96&d=mm&r=g\",\"contentUrl\":\"https:\/\/secure.gravatar.com\/avatar\/02cf8a7906b8cf90cecb4679defac7cfd33a1c2e3b88e4903d947f3bb58eedd3?s=96&d=mm&r=g\",\"caption\":\"hegyizs\"},\"url\":\"https:\/\/www.welovecycling.com\/hu\/author\/hegyizs\/\"}]}<\/script>\n<!-- \/ Yoast SEO Premium plugin. -->","yoast_head_json":{"title":"Chris Froome a visszavonul\u00e1sr\u00f3l: \u201cRem\u00e9lem m\u00e9g csin\u00e1lhatom n\u00e9h\u00e1ny \u00e9vig\u201d","description":"A n\u00e9gyszeres Tour de France-bajnok m\u00e9g mindig a cs\u00facsra t\u00f6r.","robots":{"index":"index","follow":"follow","max-snippet":"max-snippet:-1","max-image-preview":"max-image-preview:large","max-video-preview":"max-video-preview:-1"},"canonical":"https:\/\/www.welovecycling.com\/hu\/orszaguti-kerekpar\/chris-froome-a-visszavonulasrol-remelem-meg-csinalhatom-nehany-evig\/","og_locale":"hu_HU","og_type":"article","og_title":"Chris Froome a visszavonul\u00e1sr\u00f3l: \u201cRem\u00e9lem m\u00e9g csin\u00e1lhatom n\u00e9h\u00e1ny \u00e9vig\u201d","og_description":"A n\u00e9gyszeres Tour de France-bajnok m\u00e9g mindig a cs\u00facsra t\u00f6r.","og_url":"https:\/\/www.welovecycling.com\/hu\/orszaguti-kerekpar\/chris-froome-a-visszavonulasrol-remelem-meg-csinalhatom-nehany-evig\/","og_site_name":"\u0160koda We Love Cycling - Magyarorsz\u00e1g","article_publisher":"https:\/\/www.facebook.com\/WeLoveCyclingHungary\/","article_published_time":"2023-02-03T13:00:32+00:00","og_image":[{"width":990,"height":660,"url":"https:\/\/d2p6e6u75xmxt8.cloudfront.net\/12\/2023\/01\/Chris-Froome-profimedia-0708825950-CVR.webp","type":"image\/webp"}],"author":"hegyizs","twitter_card":"summary_large_image","twitter_misc":{"Written by":"Monica Buck","Est. reading time":"4"},"schema":{"@context":"https:\/\/schema.org","@graph":[{"@type":"WebPage","@id":"https:\/\/www.welovecycling.com\/hu\/orszaguti-kerekpar\/chris-froome-a-visszavonulasrol-remelem-meg-csinalhatom-nehany-evig\/","url":"https:\/\/www.welovecycling.com\/hu\/orszaguti-kerekpar\/chris-froome-a-visszavonulasrol-remelem-meg-csinalhatom-nehany-evig\/","name":"Chris Froome a visszavonul\u00e1sr\u00f3l: \u201cRem\u00e9lem m\u00e9g csin\u00e1lhatom n\u00e9h\u00e1ny \u00e9vig\u201d","isPartOf":{"@id":"https:\/\/www.welovecycling.com\/hu\/#website"},"primaryImageOfPage":{"@id":"https:\/\/www.welovecycling.com\/hu\/orszaguti-kerekpar\/chris-froome-a-visszavonulasrol-remelem-meg-csinalhatom-nehany-evig\/#primaryimage"},"image":{"@id":"https:\/\/www.welovecycling.com\/hu\/orszaguti-kerekpar\/chris-froome-a-visszavonulasrol-remelem-meg-csinalhatom-nehany-evig\/#primaryimage"},"thumbnailUrl":"https:\/\/d2p6e6u75xmxt8.cloudfront.net\/12\/2023\/01\/Chris-Froome-profimedia-0708825950-CVR.webp","datePublished":"2023-02-03T13:00:32+00:00","author":{"@id":"https:\/\/www.welovecycling.com\/hu\/#\/schema\/person\/414a2aebf1801691a5320edb6468e194"},"description":"A n\u00e9gyszeres Tour de France-bajnok m\u00e9g mindig a cs\u00facsra t\u00f6r.","breadcrumb":{"@id":"https:\/\/www.welovecycling.com\/hu\/orszaguti-kerekpar\/chris-froome-a-visszavonulasrol-remelem-meg-csinalhatom-nehany-evig\/#breadcrumb"},"inLanguage":"hu","potentialAction":[{"@type":"ReadAction","target":["https:\/\/www.welovecycling.com\/hu\/orszaguti-kerekpar\/chris-froome-a-visszavonulasrol-remelem-meg-csinalhatom-nehany-evig\/"]}]},{"@type":"ImageObject","inLanguage":"hu","@id":"https:\/\/www.welovecycling.com\/hu\/orszaguti-kerekpar\/chris-froome-a-visszavonulasrol-remelem-meg-csinalhatom-nehany-evig\/#primaryimage","url":"https:\/\/d2p6e6u75xmxt8.cloudfront.net\/12\/2023\/01\/Chris-Froome-profimedia-0708825950-CVR.webp","contentUrl":"https:\/\/d2p6e6u75xmxt8.cloudfront.net\/12\/2023\/01\/Chris-Froome-profimedia-0708825950-CVR.webp","width":990,"height":660,"caption":"Chris Froome"},{"@type":"BreadcrumbList","@id":"https:\/\/www.welovecycling.com\/hu\/orszaguti-kerekpar\/chris-froome-a-visszavonulasrol-remelem-meg-csinalhatom-nehany-evig\/#breadcrumb","itemListElement":[{"@type":"ListItem","position":1,"name":"Home","item":"https:\/\/www.welovecycling.com\/hu\/"},{"@type":"ListItem","position":2,"name":"Chris Froome a visszavonul\u00e1sr\u00f3l: \u201cRem\u00e9lem m\u00e9g csin\u00e1lhatom n\u00e9h\u00e1ny \u00e9vig\u201d"}]},{"@type":"WebSite","@id":"https:\/\/www.welovecycling.com\/hu\/#website","url":"https:\/\/www.welovecycling.com\/hu\/","name":"\u0160koda We Love Cycling - Magyarorsz\u00e1g","description":"\u0160koda WeLoveCycling","potentialAction":[{"@type":"SearchAction","target":{"@type":"EntryPoint","urlTemplate":"https:\/\/www.welovecycling.com\/hu\/?s={search_term_string}"},"query-input":{"@type":"PropertyValueSpecification","valueRequired":true,"valueName":"search_term_string"}}],"inLanguage":"hu"},{"@type":"Person","@id":"https:\/\/www.welovecycling.com\/hu\/#\/schema\/person\/414a2aebf1801691a5320edb6468e194","name":"hegyizs","image":{"@type":"ImageObject","inLanguage":"hu","@id":"https:\/\/www.welovecycling.com\/hu\/#\/schema\/person\/image\/","url":"https:\/\/secure.gravatar.com\/avatar\/02cf8a7906b8cf90cecb4679defac7cfd33a1c2e3b88e4903d947f3bb58eedd3?s=96&d=mm&r=g","contentUrl":"https:\/\/secure.gravatar.com\/avatar\/02cf8a7906b8cf90cecb4679defac7cfd33a1c2e3b88e4903d947f3bb58eedd3?s=96&d=mm&r=g","caption":"hegyizs"},"url":"https:\/\/www.welovecycling.com\/hu\/author\/hegyizs\/"}]}},"_links":{"self":[{"href":"https:\/\/www.welovecycling.com\/hu\/wp-json\/wp\/v2\/posts\/16893","targetHints":{"allow":["GET"]}}],"collection":[{"href":"https:\/\/www.welovecycling.com\/hu\/wp-json\/wp\/v2\/posts"}],"about":[{"href":"https:\/\/www.welovecycling.com\/hu\/wp-json\/wp\/v2\/types\/post"}],"author":[{"embeddable":true,"href":"https:\/\/www.welovecycling.com\/hu\/wp-json\/wp\/v2\/users\/71"}],"replies":[{"embeddable":true,"href":"https:\/\/www.welovecycling.com\/hu\/wp-json\/wp\/v2\/comments?post=16893"}],"version-history":[{"count":2,"href":"https:\/\/www.welovecycling.com\/hu\/wp-json\/wp\/v2\/posts\/16893\/revisions"}],"predecessor-version":[{"id":16910,"href":"https:\/\/www.welovecycling.com\/hu\/wp-json\/wp\/v2\/posts\/16893\/revisions\/16910"}],"wp:featuredmedia":[{"embeddable":true,"href":"https:\/\/www.welovecycling.com\/hu\/wp-json\/wp\/v2\/media\/16896"}],"wp:attachment":[{"href":"https:\/\/www.welovecycling.com\/hu\/wp-json\/wp\/v2\/media?parent=16893"}],"wp:term":[{"taxonomy":"category","embeddable":true,"href":"https:\/\/www.welovecycling.com\/hu\/wp-json\/wp\/v2\/categories?post=16893"},{"taxonomy":"post_tag","embeddable":true,"href":"https:\/\/www.welovecycling.com\/hu\/wp-json\/wp\/v2\/tags?post=16893"},{"taxonomy":"global-categories","embeddable":true,"href":"https:\/\/www.welovecycling.com\/hu\/wp-json\/wp\/v2\/global-categories?post=16893"}],"curies":[{"name":"wp","href":"https:\/\/api.w.org\/{rel}","templated":true}]}}