{"id":16885,"date":"2023-02-03T08:00:14","date_gmt":"2023-02-03T06:00:14","guid":{"rendered":"https:\/\/www.welovecycling.com\/hu\/?p=16885"},"modified":"2023-01-27T16:55:53","modified_gmt":"2023-01-27T14:55:53","slug":"a-kerekparsport-legfurcsabb-trofeai","status":"publish","type":"post","link":"https:\/\/www.welovecycling.com\/hu\/orszaguti-kerekpar\/a-kerekparsport-legfurcsabb-trofeai\/","title":{"rendered":"A ker\u00e9kp\u00e1rsport legfurcs\u00e1bb tr\u00f3fe\u00e1i"},"content":{"rendered":"<p><strong>Mi jut eszedbe, ha magad el\u00e9 k\u00e9pzeled egy profi ker\u00e9kp\u00e1rverseny eredm\u00e9nyhirdet\u00e9si cerem\u00f3ni\u00e1j\u00e1t? A megk\u00fcl\u00f6nb\u00f6ztet\u0151 trik\u00f3ban fesz\u00edt\u0151 gy\u0151ztes, amint egy csokor vir\u00e1ggal egy\u00fctt \u00e1tvesz egy arany kup\u00e1t, egy eml\u00e9kt\u00e1bl\u00e1t vagy egy d\u00edszes t\u00e1lat, amit pezsg\u0151pukkan\u00e1s \u00e9s a fot\u00f3sok kamer\u00e1inak villog\u00e1sa k\u00f6vet?<\/strong><\/p>\n<p><!--more--><\/p>\n<p>A legt\u00f6bb ker\u00e9kp\u00e1ros val\u00f3ban szeretne egy-egy olyan d\u00edjat, amit b\u00fcszk\u00e9n kitehet a polcra, de ez nem mindig j\u00f6n \u00f6ssze. N\u00e9zz\u00fcnk meg n\u00e9h\u00e1nyat a ker\u00e9kp\u00e1rsport legfurcs\u00e1bb tr\u00f3fe\u00e1i k\u00f6z\u00fcl, amiket b\u00e1r kor\u00e1bbi gy\u0151zteseknek \u00edt\u00e9ltek oda, nem \u00e9ppen a kandall\u00f3p\u00e1rk\u00e1nyra illenek. K\u00e9szen \u00e1llsz a nevet\u00e9sre?<\/p>\n<h2><strong>Kuurne-Brussels-Kuurne<\/strong><\/h2>\n<p>Ez az egynapos tavaszi klasszikus 2023-ban \u00fcnnepli 75. \u00e9vfordul\u00f3j\u00e1t. A verseny a belgiumi Kuurne-b\u00f3l indul, amely egy flamand telep\u00fcl\u00e9s Nyugat-Flandri\u00e1ban. A k\u00f6zs\u00e9g gazdag m\u00faltra tekint vissza a textilkereskedelemben. A Kuurne-Brussels-Kuurne az azt megel\u0151z\u0151, szombaton megrendez\u00e9sre ker\u00fcl\u0151 Omloop Het Nieuwsbladdal egy\u00fctt a belga klasszikusok szezonj\u00e1nak hagyom\u00e1nyos nyit\u00f3versenye.<\/p>\n<p>A szomsz\u00e9dos Kortrijk v\u00e1ros lak\u00f3i nem t\u00fal kedvesen &#8220;szamaraknak&#8221; nevezt\u00e9k a Kuurne-i keresked\u0151ket, mivel azok szamarak \u00e1ltal h\u00fazott szekerekkel utaztak el a helyi piacra, hogy eladj\u00e1k port\u00e9k\u00e1ikat. Ennek tisztelet\u00e9re a Kuurne-Brussels-Kuurne gy\u0151ztese a mai napig egy pl\u00fcss szamarat kap.<\/p>\n<h2><strong>Classic Haribo<\/strong><\/h2>\n<p>Te is rajongsz a Haribo gumicukork\u00e1k\u00e9rt? Ha igen, akkor val\u00f3sz\u00edn\u0171leg szomor\u00faan hallod, hogy ez az egynapos francia esem\u00e9ny m\u00e1r nem szerepel a profi versenynapt\u00e1rban. Pedig 1994 \u00e9s 2006 k\u00f6z\u00f6tt a Coupe de France versenysorozat r\u00e9sze volt. A kor\u00e1bbi gy\u0151ztesek k\u00f6z\u00f6tt olyan neves versenyz\u0151k szerepeltek, mint Erik Zabel, Laurent Jalabert, Stuart O&#8217;Grady \u00e9s Thor Hushovd.<\/p>\n<p>M\u00e1r biztosan kital\u00e1ltad, hogy a verseny els\u0151dleges szponzora a Haribo Candy Company volt. A fogorvosa \u00f6r\u00f6m\u00e9re a nap gy\u0151ztese a tests\u00faly\u00e1nak megfelel\u0151 mennyis\u00e9g\u0171 Haribo gumicukork\u00e1t vihetett haza. De vajon kiv\u00e1laszthatt\u00e1k a kedvenc sz\u00edneiket?<\/p>\n<h2><strong>Superprestige cyclo-cross<\/strong><\/h2>\n<p>A cyclo-cross egyre n\u00e9pszer\u0171bb\u00e9 v\u00e1lik a n\u00e9z\u0151k k\u00f6r\u00e9ben, ugyanis a k\u00f6z\u00f6ns\u00e9g \u00e1t\u00e9lheti a s\u00e1rral k\u00fcszk\u00f6d\u0151 versenyz\u0151k izgalmait \u00e9s v\u00e9gign\u00e9zheti, ahogy l\u00e9pcs\u0151k\u00f6n, homokg\u00f6dr\u00f6k\u00f6n, lejt\u0151k\u00f6n \u00e9s egy\u00e9b akad\u00e1lyokon k\u00fczdik \u00e1t magukat. A csapatok soigneurjei k\u00e9s\u0151bb persze megtiszt\u00edtj\u00e1k a versenyz\u0151ket, hogy ha \u00fagy alakul, tiszt\u00e1n \u00e1llhassanak a dobog\u00f3ra. De vajon mit vihetnek haza a d\u00edjazottak?<\/p>\n<p>2014-ben a belga Tom Meeusen volt a cs\u00facskateg\u00f3ri\u00e1s Hansgrohe m\u00e1rk\u00e1j\u00fa zuhanyz\u00f3 b\u00fcszke nyertese. Tudsz enn\u00e9l furcs\u00e1bb, m\u00e9gis t\u00f6k\u00e9letesen megfelel\u0151 t\u00e1rgyat, amit egy cyclo-cross versenyen lehet nyerni? \u00c9n nem. Egyszer\u0171en zseni\u00e1lis.<\/p>\n<div class=\"embed-controller-wrapper\">\n<blockquote class=\"twitter-tweet\" data-width=\"500\" data-dnt=\"true\">\n<p lang=\"en\" dir=\"ltr\">Tom Meeusen overjoyed to win a &#39;shower&#39; at yesterday&#39;s Superprestige Cross race. WHAT A PRIZE! <a href=\"http:\/\/t.co\/xp4T63a0p8\">pic.twitter.com\/xp4T63a0p8<\/a><\/p>\n<p>&mdash; Simon Warren (@100Climbs) <a href=\"https:\/\/twitter.com\/100Climbs\/status\/531726642134388736?ref_src=twsrc%5Etfw\">November 10, 2014<\/a><\/p><\/blockquote>\n<p><script async data-src=\"https:\/\/platform.twitter.com\/widgets.js\" charset=\"utf-8\"><\/script><\/div>\n<h2><strong>Tro-Bro L\u00e9on<\/strong><\/h2>\n<p>Tro-Bro L\u00e9on? Ez meg milyen nyelven van? Nos, ez nem m\u00e1s, mint a Breton, ami a franciaorsz\u00e1gi Bretagne-ban besz\u00e9lt region\u00e1lis kelta nyelv. A sokak \u00e1ltal L\u00e9on-t\u00far\u00e1nak is nevezett UCI Pro Series versenyt Bretagne legnyugatibb r\u00e9sz\u00e9n, Finest\u00e8re megy\u00e9ben rendezik. Finest\u00e8re jelent\u00e9se egy\u00e9bk\u00e9nt &#8220;a f\u00f6ld v\u00e9ge&#8221;, ami, f\u00f6ldrajzi helyzet\u00e9t tekintve, t\u00f6k\u00e9letesen illik a megy\u00e9re.<\/p>\n<p>A Tro-Bro L\u00e9on-t &#8220;Petit Paris-Roubaix&#8221;-nak vagy a &#8220;Nyugat pokl\u00e1nak&#8221; is nevezik, mivel sz\u00e1mos kih\u00edv\u00e1st jelent\u0151 f\u00f6ld\u00fat, valamint n\u00e9h\u00e1ny macskak\u00f6ves \u00e9s kavicsos szakasz is a verseny r\u00e9sz\u00e9t k\u00e9pezi. Az els\u0151 helyezett, valamint a legjobb helyez\u00e9st el\u00e9rt breton versenyz\u0151 egyar\u00e1nt egy-egy malacot kap! Ennek oka, hogy a r\u00e9gi\u00f3 h\u00edres az \u00edzletes f\u0151tt, sert\u00e9sh\u00fasb\u00f3l k\u00e9sz\u00fclt term\u00e9keir\u0151l, mint p\u00e9ld\u00e1ul a kolb\u00e1szok, p\u00e1st\u00e9tomok stb. A nem is olyan t\u00e1voli m\u00faltban az egy\u00e9b j\u00f3sz\u00e1gok is mindennapos tr\u00f3fe\u00e1k voltak. Olyan versenyz\u0151k, mint Sean Kelly \u00e9s Mario Cipollini f\u00e9nykorukban p\u00e9ld\u00e1ul kaptak egy-k\u00e9t tehenet.<\/p>\n<h2><strong>A norv\u00e9g Arctic Race<\/strong><\/h2>\n<p>Norv\u00e9gia jeges vizei \u00e9s fens\u00e9ges fjordjai nemcsak a vil\u00e1g legfinomabb lazacainak adnak otthont, hanem az Arctic Race-nek is. Ezt az UCI \u00e1ltal t\u00e1mogatott hivatalos esem\u00e9nyt 2013-ban rendezt\u00e9k meg el\u0151sz\u00f6r. A versenyt az orsz\u00e1g kedvence, Thor Hushovd tisztelet\u00e9re hozt\u00e1k l\u00e9tre, miut\u00e1n megnyerte a 2010-es orsz\u00e1g\u00fati vil\u00e1gbajnoks\u00e1got.<\/p>\n<p>2019-ben a profi Steve Cummings \u00f6lt\u00f6tte mag\u00e1ra a legjobb hegyimen\u0151nek j\u00e1r\u00f3 Salmon trik\u00f3t (norv\u00e9g KOM). A nap jutalmak\u00e9nt pedig egy \u00f3ri\u00e1si pl\u00fcss lazacot kapott. Az \u00e1ltal\u00e1nos besorol\u00e1s gy\u0151ztes\u00e9nek j\u00e1r\u00f3 d\u00edj azonban magasan \u00fcbereli ezt. Az els\u0151 helyezett ugyanis 500 kg kiv\u00e1l\u00f3 norv\u00e9g lazacot vihet haza. Na ez azt\u00e1n mosolyt csal egy ker\u00e9kp\u00e1ros arc\u00e1ra.<\/p>\n<h2><strong>Tour of Turkey<\/strong><\/h2>\n<p>Ez a t\u00f6bbszakaszos verseny Marmara Tour n\u00e9ven deb\u00fct\u00e1lt 1963-ban. Gyorsan nemzetk\u00f6zi rangra emelkedett, \u00e9s 1965-re m\u00e1r a Presidential Cycling Tour of Turkey nevet viselte. A verseny ma m\u00e1r a vil\u00e1g legjobb ker\u00e9kp\u00e1rosait \u00e9s a sportrajong\u00f3k ezreit vonzza T\u00f6r\u00f6korsz\u00e1g kellemes \u00e9ghajlat\u00e1ra \u00e9s leny\u0171g\u00f6z\u0151 t\u00e1jaira.<\/p>\n<p>T\u00f6r\u00f6korsz\u00e1gr\u00f3l senkinek sem a ban\u00e1n jut esz\u00e9be, de a 2015-\u00f6s verseny szponzorai valami\u00e9rt v\u00e1ltoztatni akartak ezen. Mark Cavendish, az 1. szakasz gy\u0151ztesek\u00e9nt egy hatalmas csokor ban\u00e1nt kapott &#8211; ez minden ker\u00e9kp\u00e1ros \u00e1lma&#8230; K\u00e9t k\u00e9zzel kellett fognia, hogy a dobog\u00f3n tudjon maradni. K\u00e9s\u0151bb pedig val\u00f3sz\u00edn\u0171leg a teljes mez\u0151ny kapott bel\u0151le egyet-egyet.<\/p>\n<h2><strong>Classic Brugge\u2013De Panne<\/strong><\/h2>\n<p>Ezt a Belgiumban megrendezett t\u00f6bbnapos ker\u00e9kp\u00e1ros esem\u00e9nyt 1977-ben ind\u00edtott\u00e1k \u00fatj\u00e1ra. A versenynapt\u00e1rban ez volt az utols\u00f3 flamand verseny a Tour de Flandria el\u0151tt. A verseny 2017-ig h\u00e1romnapos volt, \u00e9s (angolul) Three Days of Brugge-De Panne n\u00e9ven volt ismert. Manaps\u00e1g m\u00e1r csak egy egynapos verseny, amely a h\u00edres macskak\u00f6ves Kemmelberget \u00e9s n\u00e9h\u00e1ny m\u00e1s hasonl\u00f3 szakaszt tartalmaz.<\/p>\n<p>2011-ben az els\u0151 versenynap hagyom\u00e1nyosan a sprintekr\u0151l sz\u00f3lt, a n\u00e9met sprinter, Andr\u00e9 Greipel pedig nem okozott csal\u00f3d\u00e1st. Az arca azonban mindent el\u00e1rult a dobog\u00f3n, amikor \u00e1tvette a nap tr\u00f3fe\u00e1j\u00e1t, egy ehet\u0151 p\u00e9ks\u00fctem\u00e9nyt. A f\u00e9lhold alak\u00fa d\u00edj habcs\u00f3knak t\u0171n\u0151 goly\u00f3kkal \u00e9s marcip\u00e1ngomb\u00e1kkal volt d\u00edsz\u00edtve, melyen egy g\u00f6nd\u00f6r haj\u00fa, s\u00e1rga trik\u00f3s f\u00e9rfi fek\u00fcdt egy l\u00e9pcs\u0151n, pezsg\u0151s\u00fcveget tartva a kez\u00e9ben, \u00e9s \u00fagy t\u0171nt, mintha hi\u00e1nyozna a nadr\u00e1gja. Az eg\u00e9sz ink\u00e1bb egy avantg\u00e1rd m\u0171v\u00e9szeti gal\u00e9ri\u00e1ba illett volna, mintsem az eb\u00e9dl\u0151asztalra.<\/p>\n","protected":false},"excerpt":{"rendered":"<p>Mi jut eszedbe, ha magad el\u00e9 k\u00e9pzeled egy profi ker\u00e9kp\u00e1rverseny eredm\u00e9nyhirdet\u00e9si cerem\u00f3ni\u00e1j\u00e1t? A megk\u00fcl\u00f6nb\u00f6ztet\u0151 trik\u00f3ban fesz\u00edt\u0151 gy\u0151ztes, amint egy csokor [&hellip;]<\/p>\n","protected":false},"author":71,"featured_media":16887,"comment_status":"open","ping_status":"open","sticky":false,"template":"","format":"standard","meta":{"footnotes":""},"categories":[8],"tags":[],"global-categories":[],"class_list":["post-16885","post","type-post","status-publish","format-standard","has-post-thumbnail","hentry","category-orszaguti-kerekpar"],"yoast_head":"<!-- This site is optimized with the Yoast SEO Premium plugin v25.3 (Yoast SEO v25.9) - https:\/\/yoast.com\/wordpress\/plugins\/seo\/ -->\n<title>A ker\u00e9kp\u00e1rsport legfurcs\u00e1bb tr\u00f3fe\u00e1i<\/title>\n<meta name=\"description\" content=\"Mi jut eszedbe, ha magad el\u00e9 k\u00e9pzeled egy profi ker\u00e9kp\u00e1rverseny eredm\u00e9nyhirdet\u00e9si cerem\u00f3ni\u00e1j\u00e1t? A megk\u00fcl\u00f6nb\u00f6ztet\u0151 trik\u00f3ban fesz\u00edt\u0151 gy\u0151ztes, amint egy csokor vir\u00e1ggal egy\u00fctt \u00e1tvesz egy arany kup\u00e1t, egy eml\u00e9kt\u00e1bl\u00e1t vagy egy d\u00edszes t\u00e1lat, amit pezsg\u0151pukkan\u00e1s \u00e9s a fot\u00f3sok kamer\u00e1inak villog\u00e1sa k\u00f6vet?\" \/>\n<meta name=\"robots\" content=\"index, follow, max-snippet:-1, max-image-preview:large, max-video-preview:-1\" \/>\n<link rel=\"canonical\" href=\"https:\/\/www.welovecycling.com\/hu\/orszaguti-kerekpar\/a-kerekparsport-legfurcsabb-trofeai\/\" \/>\n<meta property=\"og:locale\" content=\"hu_HU\" \/>\n<meta property=\"og:type\" content=\"article\" \/>\n<meta property=\"og:title\" content=\"A ker\u00e9kp\u00e1rsport legfurcs\u00e1bb tr\u00f3fe\u00e1i\" \/>\n<meta property=\"og:description\" content=\"Mi jut eszedbe, ha magad el\u00e9 k\u00e9pzeled egy profi ker\u00e9kp\u00e1rverseny eredm\u00e9nyhirdet\u00e9si cerem\u00f3ni\u00e1j\u00e1t? A megk\u00fcl\u00f6nb\u00f6ztet\u0151 trik\u00f3ban fesz\u00edt\u0151 gy\u0151ztes, amint egy csokor vir\u00e1ggal egy\u00fctt \u00e1tvesz egy arany kup\u00e1t, egy eml\u00e9kt\u00e1bl\u00e1t vagy egy d\u00edszes t\u00e1lat, amit pezsg\u0151pukkan\u00e1s \u00e9s a fot\u00f3sok kamer\u00e1inak villog\u00e1sa k\u00f6vet?\" \/>\n<meta property=\"og:url\" content=\"https:\/\/www.welovecycling.com\/hu\/orszaguti-kerekpar\/a-kerekparsport-legfurcsabb-trofeai\/\" \/>\n<meta property=\"og:site_name\" content=\"\u0160koda We Love Cycling - Magyarorsz\u00e1g\" \/>\n<meta property=\"article:publisher\" content=\"https:\/\/www.facebook.com\/WeLoveCyclingHungary\/\" \/>\n<meta property=\"article:published_time\" content=\"2023-02-03T06:00:14+00:00\" \/>\n<meta property=\"og:image\" content=\"https:\/\/d2p6e6u75xmxt8.cloudfront.net\/12\/2023\/01\/Kuurne-Brusselss-Kuurne-Jakobsen-profimedia-0665244570-CVR.webp\" \/>\n\t<meta property=\"og:image:width\" content=\"990\" \/>\n\t<meta property=\"og:image:height\" content=\"660\" \/>\n\t<meta property=\"og:image:type\" content=\"image\/webp\" \/>\n<meta name=\"author\" content=\"hegyizs\" \/>\n<meta name=\"twitter:card\" content=\"summary_large_image\" \/>\n<meta name=\"twitter:label1\" content=\"Written by\" \/>\n\t<meta name=\"twitter:data1\" content=\"Andrea Champredonde\" \/>\n\t<meta name=\"twitter:label2\" content=\"Est. reading time\" \/>\n\t<meta name=\"twitter:data2\" content=\"6\" \/>\n<script type=\"application\/ld+json\" class=\"yoast-schema-graph\">{\"@context\":\"https:\/\/schema.org\",\"@graph\":[{\"@type\":\"WebPage\",\"@id\":\"https:\/\/www.welovecycling.com\/hu\/orszaguti-kerekpar\/a-kerekparsport-legfurcsabb-trofeai\/\",\"url\":\"https:\/\/www.welovecycling.com\/hu\/orszaguti-kerekpar\/a-kerekparsport-legfurcsabb-trofeai\/\",\"name\":\"A ker\u00e9kp\u00e1rsport legfurcs\u00e1bb tr\u00f3fe\u00e1i\",\"isPartOf\":{\"@id\":\"https:\/\/www.welovecycling.com\/hu\/#website\"},\"primaryImageOfPage\":{\"@id\":\"https:\/\/www.welovecycling.com\/hu\/orszaguti-kerekpar\/a-kerekparsport-legfurcsabb-trofeai\/#primaryimage\"},\"image\":{\"@id\":\"https:\/\/www.welovecycling.com\/hu\/orszaguti-kerekpar\/a-kerekparsport-legfurcsabb-trofeai\/#primaryimage\"},\"thumbnailUrl\":\"https:\/\/d2p6e6u75xmxt8.cloudfront.net\/12\/2023\/01\/Kuurne-Brusselss-Kuurne-Jakobsen-profimedia-0665244570-CVR.webp\",\"datePublished\":\"2023-02-03T06:00:14+00:00\",\"author\":{\"@id\":\"https:\/\/www.welovecycling.com\/hu\/#\/schema\/person\/414a2aebf1801691a5320edb6468e194\"},\"description\":\"Mi jut eszedbe, ha magad el\u00e9 k\u00e9pzeled egy profi ker\u00e9kp\u00e1rverseny eredm\u00e9nyhirdet\u00e9si cerem\u00f3ni\u00e1j\u00e1t? A megk\u00fcl\u00f6nb\u00f6ztet\u0151 trik\u00f3ban fesz\u00edt\u0151 gy\u0151ztes, amint egy csokor vir\u00e1ggal egy\u00fctt \u00e1tvesz egy arany kup\u00e1t, egy eml\u00e9kt\u00e1bl\u00e1t vagy egy d\u00edszes t\u00e1lat, amit pezsg\u0151pukkan\u00e1s \u00e9s a fot\u00f3sok kamer\u00e1inak villog\u00e1sa k\u00f6vet?\",\"breadcrumb\":{\"@id\":\"https:\/\/www.welovecycling.com\/hu\/orszaguti-kerekpar\/a-kerekparsport-legfurcsabb-trofeai\/#breadcrumb\"},\"inLanguage\":\"hu\",\"potentialAction\":[{\"@type\":\"ReadAction\",\"target\":[\"https:\/\/www.welovecycling.com\/hu\/orszaguti-kerekpar\/a-kerekparsport-legfurcsabb-trofeai\/\"]}]},{\"@type\":\"ImageObject\",\"inLanguage\":\"hu\",\"@id\":\"https:\/\/www.welovecycling.com\/hu\/orszaguti-kerekpar\/a-kerekparsport-legfurcsabb-trofeai\/#primaryimage\",\"url\":\"https:\/\/d2p6e6u75xmxt8.cloudfront.net\/12\/2023\/01\/Kuurne-Brusselss-Kuurne-Jakobsen-profimedia-0665244570-CVR.webp\",\"contentUrl\":\"https:\/\/d2p6e6u75xmxt8.cloudfront.net\/12\/2023\/01\/Kuurne-Brusselss-Kuurne-Jakobsen-profimedia-0665244570-CVR.webp\",\"width\":990,\"height\":660,\"caption\":\"Kuurne-Brussels-Kuurne\"},{\"@type\":\"BreadcrumbList\",\"@id\":\"https:\/\/www.welovecycling.com\/hu\/orszaguti-kerekpar\/a-kerekparsport-legfurcsabb-trofeai\/#breadcrumb\",\"itemListElement\":[{\"@type\":\"ListItem\",\"position\":1,\"name\":\"Home\",\"item\":\"https:\/\/www.welovecycling.com\/hu\/\"},{\"@type\":\"ListItem\",\"position\":2,\"name\":\"A ker\u00e9kp\u00e1rsport legfurcs\u00e1bb tr\u00f3fe\u00e1i\"}]},{\"@type\":\"WebSite\",\"@id\":\"https:\/\/www.welovecycling.com\/hu\/#website\",\"url\":\"https:\/\/www.welovecycling.com\/hu\/\",\"name\":\"\u0160koda We Love Cycling - Magyarorsz\u00e1g\",\"description\":\"\u0160koda WeLoveCycling\",\"potentialAction\":[{\"@type\":\"SearchAction\",\"target\":{\"@type\":\"EntryPoint\",\"urlTemplate\":\"https:\/\/www.welovecycling.com\/hu\/?s={search_term_string}\"},\"query-input\":{\"@type\":\"PropertyValueSpecification\",\"valueRequired\":true,\"valueName\":\"search_term_string\"}}],\"inLanguage\":\"hu\"},{\"@type\":\"Person\",\"@id\":\"https:\/\/www.welovecycling.com\/hu\/#\/schema\/person\/414a2aebf1801691a5320edb6468e194\",\"name\":\"hegyizs\",\"image\":{\"@type\":\"ImageObject\",\"inLanguage\":\"hu\",\"@id\":\"https:\/\/www.welovecycling.com\/hu\/#\/schema\/person\/image\/\",\"url\":\"https:\/\/secure.gravatar.com\/avatar\/02cf8a7906b8cf90cecb4679defac7cfd33a1c2e3b88e4903d947f3bb58eedd3?s=96&d=mm&r=g\",\"contentUrl\":\"https:\/\/secure.gravatar.com\/avatar\/02cf8a7906b8cf90cecb4679defac7cfd33a1c2e3b88e4903d947f3bb58eedd3?s=96&d=mm&r=g\",\"caption\":\"hegyizs\"},\"url\":\"https:\/\/www.welovecycling.com\/hu\/author\/hegyizs\/\"}]}<\/script>\n<!-- \/ Yoast SEO Premium plugin. -->","yoast_head_json":{"title":"A ker\u00e9kp\u00e1rsport legfurcs\u00e1bb tr\u00f3fe\u00e1i","description":"Mi jut eszedbe, ha magad el\u00e9 k\u00e9pzeled egy profi ker\u00e9kp\u00e1rverseny eredm\u00e9nyhirdet\u00e9si cerem\u00f3ni\u00e1j\u00e1t? A megk\u00fcl\u00f6nb\u00f6ztet\u0151 trik\u00f3ban fesz\u00edt\u0151 gy\u0151ztes, amint egy csokor vir\u00e1ggal egy\u00fctt \u00e1tvesz egy arany kup\u00e1t, egy eml\u00e9kt\u00e1bl\u00e1t vagy egy d\u00edszes t\u00e1lat, amit pezsg\u0151pukkan\u00e1s \u00e9s a fot\u00f3sok kamer\u00e1inak villog\u00e1sa k\u00f6vet?","robots":{"index":"index","follow":"follow","max-snippet":"max-snippet:-1","max-image-preview":"max-image-preview:large","max-video-preview":"max-video-preview:-1"},"canonical":"https:\/\/www.welovecycling.com\/hu\/orszaguti-kerekpar\/a-kerekparsport-legfurcsabb-trofeai\/","og_locale":"hu_HU","og_type":"article","og_title":"A ker\u00e9kp\u00e1rsport legfurcs\u00e1bb tr\u00f3fe\u00e1i","og_description":"Mi jut eszedbe, ha magad el\u00e9 k\u00e9pzeled egy profi ker\u00e9kp\u00e1rverseny eredm\u00e9nyhirdet\u00e9si cerem\u00f3ni\u00e1j\u00e1t? A megk\u00fcl\u00f6nb\u00f6ztet\u0151 trik\u00f3ban fesz\u00edt\u0151 gy\u0151ztes, amint egy csokor vir\u00e1ggal egy\u00fctt \u00e1tvesz egy arany kup\u00e1t, egy eml\u00e9kt\u00e1bl\u00e1t vagy egy d\u00edszes t\u00e1lat, amit pezsg\u0151pukkan\u00e1s \u00e9s a fot\u00f3sok kamer\u00e1inak villog\u00e1sa k\u00f6vet?","og_url":"https:\/\/www.welovecycling.com\/hu\/orszaguti-kerekpar\/a-kerekparsport-legfurcsabb-trofeai\/","og_site_name":"\u0160koda We Love Cycling - Magyarorsz\u00e1g","article_publisher":"https:\/\/www.facebook.com\/WeLoveCyclingHungary\/","article_published_time":"2023-02-03T06:00:14+00:00","og_image":[{"width":990,"height":660,"url":"https:\/\/d2p6e6u75xmxt8.cloudfront.net\/12\/2023\/01\/Kuurne-Brusselss-Kuurne-Jakobsen-profimedia-0665244570-CVR.webp","type":"image\/webp"}],"author":"hegyizs","twitter_card":"summary_large_image","twitter_misc":{"Written by":"Andrea Champredonde","Est. reading time":"6"},"schema":{"@context":"https:\/\/schema.org","@graph":[{"@type":"WebPage","@id":"https:\/\/www.welovecycling.com\/hu\/orszaguti-kerekpar\/a-kerekparsport-legfurcsabb-trofeai\/","url":"https:\/\/www.welovecycling.com\/hu\/orszaguti-kerekpar\/a-kerekparsport-legfurcsabb-trofeai\/","name":"A ker\u00e9kp\u00e1rsport legfurcs\u00e1bb tr\u00f3fe\u00e1i","isPartOf":{"@id":"https:\/\/www.welovecycling.com\/hu\/#website"},"primaryImageOfPage":{"@id":"https:\/\/www.welovecycling.com\/hu\/orszaguti-kerekpar\/a-kerekparsport-legfurcsabb-trofeai\/#primaryimage"},"image":{"@id":"https:\/\/www.welovecycling.com\/hu\/orszaguti-kerekpar\/a-kerekparsport-legfurcsabb-trofeai\/#primaryimage"},"thumbnailUrl":"https:\/\/d2p6e6u75xmxt8.cloudfront.net\/12\/2023\/01\/Kuurne-Brusselss-Kuurne-Jakobsen-profimedia-0665244570-CVR.webp","datePublished":"2023-02-03T06:00:14+00:00","author":{"@id":"https:\/\/www.welovecycling.com\/hu\/#\/schema\/person\/414a2aebf1801691a5320edb6468e194"},"description":"Mi jut eszedbe, ha magad el\u00e9 k\u00e9pzeled egy profi ker\u00e9kp\u00e1rverseny eredm\u00e9nyhirdet\u00e9si cerem\u00f3ni\u00e1j\u00e1t? A megk\u00fcl\u00f6nb\u00f6ztet\u0151 trik\u00f3ban fesz\u00edt\u0151 gy\u0151ztes, amint egy csokor vir\u00e1ggal egy\u00fctt \u00e1tvesz egy arany kup\u00e1t, egy eml\u00e9kt\u00e1bl\u00e1t vagy egy d\u00edszes t\u00e1lat, amit pezsg\u0151pukkan\u00e1s \u00e9s a fot\u00f3sok kamer\u00e1inak villog\u00e1sa k\u00f6vet?","breadcrumb":{"@id":"https:\/\/www.welovecycling.com\/hu\/orszaguti-kerekpar\/a-kerekparsport-legfurcsabb-trofeai\/#breadcrumb"},"inLanguage":"hu","potentialAction":[{"@type":"ReadAction","target":["https:\/\/www.welovecycling.com\/hu\/orszaguti-kerekpar\/a-kerekparsport-legfurcsabb-trofeai\/"]}]},{"@type":"ImageObject","inLanguage":"hu","@id":"https:\/\/www.welovecycling.com\/hu\/orszaguti-kerekpar\/a-kerekparsport-legfurcsabb-trofeai\/#primaryimage","url":"https:\/\/d2p6e6u75xmxt8.cloudfront.net\/12\/2023\/01\/Kuurne-Brusselss-Kuurne-Jakobsen-profimedia-0665244570-CVR.webp","contentUrl":"https:\/\/d2p6e6u75xmxt8.cloudfront.net\/12\/2023\/01\/Kuurne-Brusselss-Kuurne-Jakobsen-profimedia-0665244570-CVR.webp","width":990,"height":660,"caption":"Kuurne-Brussels-Kuurne"},{"@type":"BreadcrumbList","@id":"https:\/\/www.welovecycling.com\/hu\/orszaguti-kerekpar\/a-kerekparsport-legfurcsabb-trofeai\/#breadcrumb","itemListElement":[{"@type":"ListItem","position":1,"name":"Home","item":"https:\/\/www.welovecycling.com\/hu\/"},{"@type":"ListItem","position":2,"name":"A ker\u00e9kp\u00e1rsport legfurcs\u00e1bb tr\u00f3fe\u00e1i"}]},{"@type":"WebSite","@id":"https:\/\/www.welovecycling.com\/hu\/#website","url":"https:\/\/www.welovecycling.com\/hu\/","name":"\u0160koda We Love Cycling - Magyarorsz\u00e1g","description":"\u0160koda WeLoveCycling","potentialAction":[{"@type":"SearchAction","target":{"@type":"EntryPoint","urlTemplate":"https:\/\/www.welovecycling.com\/hu\/?s={search_term_string}"},"query-input":{"@type":"PropertyValueSpecification","valueRequired":true,"valueName":"search_term_string"}}],"inLanguage":"hu"},{"@type":"Person","@id":"https:\/\/www.welovecycling.com\/hu\/#\/schema\/person\/414a2aebf1801691a5320edb6468e194","name":"hegyizs","image":{"@type":"ImageObject","inLanguage":"hu","@id":"https:\/\/www.welovecycling.com\/hu\/#\/schema\/person\/image\/","url":"https:\/\/secure.gravatar.com\/avatar\/02cf8a7906b8cf90cecb4679defac7cfd33a1c2e3b88e4903d947f3bb58eedd3?s=96&d=mm&r=g","contentUrl":"https:\/\/secure.gravatar.com\/avatar\/02cf8a7906b8cf90cecb4679defac7cfd33a1c2e3b88e4903d947f3bb58eedd3?s=96&d=mm&r=g","caption":"hegyizs"},"url":"https:\/\/www.welovecycling.com\/hu\/author\/hegyizs\/"}]}},"_links":{"self":[{"href":"https:\/\/www.welovecycling.com\/hu\/wp-json\/wp\/v2\/posts\/16885","targetHints":{"allow":["GET"]}}],"collection":[{"href":"https:\/\/www.welovecycling.com\/hu\/wp-json\/wp\/v2\/posts"}],"about":[{"href":"https:\/\/www.welovecycling.com\/hu\/wp-json\/wp\/v2\/types\/post"}],"author":[{"embeddable":true,"href":"https:\/\/www.welovecycling.com\/hu\/wp-json\/wp\/v2\/users\/71"}],"replies":[{"embeddable":true,"href":"https:\/\/www.welovecycling.com\/hu\/wp-json\/wp\/v2\/comments?post=16885"}],"version-history":[{"count":1,"href":"https:\/\/www.welovecycling.com\/hu\/wp-json\/wp\/v2\/posts\/16885\/revisions"}],"predecessor-version":[{"id":16888,"href":"https:\/\/www.welovecycling.com\/hu\/wp-json\/wp\/v2\/posts\/16885\/revisions\/16888"}],"wp:featuredmedia":[{"embeddable":true,"href":"https:\/\/www.welovecycling.com\/hu\/wp-json\/wp\/v2\/media\/16887"}],"wp:attachment":[{"href":"https:\/\/www.welovecycling.com\/hu\/wp-json\/wp\/v2\/media?parent=16885"}],"wp:term":[{"taxonomy":"category","embeddable":true,"href":"https:\/\/www.welovecycling.com\/hu\/wp-json\/wp\/v2\/categories?post=16885"},{"taxonomy":"post_tag","embeddable":true,"href":"https:\/\/www.welovecycling.com\/hu\/wp-json\/wp\/v2\/tags?post=16885"},{"taxonomy":"global-categories","embeddable":true,"href":"https:\/\/www.welovecycling.com\/hu\/wp-json\/wp\/v2\/global-categories?post=16885"}],"curies":[{"name":"wp","href":"https:\/\/api.w.org\/{rel}","templated":true}]}}