{"id":16879,"date":"2023-01-27T13:13:25","date_gmt":"2023-01-27T11:13:25","guid":{"rendered":"https:\/\/www.welovecycling.com\/hu\/?p=16879"},"modified":"2023-01-27T13:13:25","modified_gmt":"2023-01-27T11:13:25","slug":"lelegzetelallito-viz-alatti-bringaparkolo-nyilt-meg-az-amszterdami-palyaudvarnal","status":"publish","type":"post","link":"https:\/\/www.welovecycling.com\/hu\/kozosseg-es-kultura\/lelegzetelallito-viz-alatti-bringaparkolo-nyilt-meg-az-amszterdami-palyaudvarnal\/","title":{"rendered":"L\u00e9legzetel\u00e1ll\u00edt\u00f3 v\u00edz alatti bringaparkol\u00f3 ny\u00edlt meg az amszterdami p\u00e1lyaudvarn\u00e1l"},"content":{"rendered":"<p><strong>A hollandok ism\u00e9t m\u00e1s dimenzi\u00f3ba helyezt\u00e9k a nagyv\u00e1rosi ker\u00e9kp\u00e1roz\u00e1s fogalm\u00e1t.<\/strong><!--more--><\/p>\n<p>Aki j\u00e1rt m\u00e1r Amszterdamban (vagy \u00fagy en bloc Hollandi\u00e1ban), a ker\u00e9kp\u00e1roz\u00e1s egy eg\u00e9szen m\u00e1s dimenzi\u00f3j\u00e1t tapasztalhatta meg, nagyv\u00e1rosi szinten is. A holland f\u0151v\u00e1ros pedig most \u00fajfent \u00e9kes bizonys\u00e1g\u00e1t adja, mi\u00e9rt tartj\u00e1k a vil\u00e1g tal\u00e1n legfejlettebb bring\u00e1s paradicsom\u00e1nak.<\/p>\n<p>Janu\u00e1r v\u00e9g\u00e9n-febru\u00e1r elej\u00e9n megny\u00edlik ugyanis a rendk\u00edv\u00fcl forgalmas amszterdami p\u00e1lyaudvar k\u00e9t, egy\u00fcttesen nagyj\u00e1b\u00f3l 11 ezer(!) ker\u00e9kp\u00e1r t\u00e1rol\u00e1s\u00e1ra alkalmas bringaparkol\u00f3ja, amelynek legnagyobb k\u00fcl\u00f6nlegess\u00e9ge, hogy l\u00e1tv\u00e1nyos, v\u00edz alatti l\u00e9tes\u00edtm\u00e9nyekr\u0151l besz\u00e9l\u00fcnk. A nagyobbik, mintegy 7000 k\u00e9tkerek\u0171 befogad\u00e1s\u00e1ra alkalmas Stationsplein bringagar\u00e1zs a kik\u00f6t\u0151 alatt \u00e9p\u00fclt meg, \u00e9s hivatalosan cs\u00fct\u00f6rt\u00f6k\u00f6n m\u00e1r \u00e1t is adt\u00e1k a nagyk\u00f6z\u00f6ns\u00e9gnek, m\u00edg kisebbik, IJboulevard n\u00e9vre hallgat\u00f3 n\u00e9gyezres testv\u00e9r\u00e9t konkr\u00e9tan a v\u00edzbe \u00e9p\u00edtett\u00e9k, \u00e9s febru\u00e1rban nyitj\u00e1k majd meg.<\/p>\n<figure id=\"attachment_16881\" aria-describedby=\"caption-attachment-16881\" style=\"width: 1024px\" class=\"wp-caption alignnone\"><img loading=\"lazy\" decoding=\"async\" class=\"size-large wp-image-16881\" src=\"https:\/\/d2p6e6u75xmxt8.cloudfront.net\/12\/2023\/01\/ijboulevard-1024x494.webp\" alt=\"\" width=\"1024\" height=\"494\" srcset=\"https:\/\/d2p6e6u75xmxt8.cloudfront.net\/12\/2023\/01\/ijboulevard-1024x494.webp 1024w, https:\/\/d2p6e6u75xmxt8.cloudfront.net\/12\/2023\/01\/ijboulevard-300x145.webp 300w, https:\/\/d2p6e6u75xmxt8.cloudfront.net\/12\/2023\/01\/ijboulevard-768x370.webp 768w, https:\/\/d2p6e6u75xmxt8.cloudfront.net\/12\/2023\/01\/ijboulevard.webp 1421w\" sizes=\"auto, (max-width: 1024px) 100vw, 1024px\" \/><figcaption id=\"caption-attachment-16881\" class=\"wp-caption-text\">A v\u00edzbe \u00e9p\u00edtett IJboulevard l\u00e1tv\u00e1nyterve (fot\u00f3: venhoevencs.nl)<\/figcaption><\/figure>\n<p>A nem kis m\u00e9rn\u00f6ki brav\u00farral l\u00e9trej\u00f6tt bringaparkol\u00f3k egy\u00fattal k\u00f6zvetlen f\u00f6ld alatti \u00f6sszek\u00f6ttet\u00e9st biztos\u00edtanak az utaz\u00f3k sz\u00e1m\u00e1ra a metr\u00f3- \u00e9s a vas\u00fat\u00e1llom\u00e1s k\u00f6z\u00f6tt, akik \u00edgy vill\u00e1mgyorsan, bonyolult ker\u00fcl\u0151utak n\u00e9lk\u00fcl \u00e9rhetik el a gyors \u00e9s korszer\u0171 t\u00f6megk\u00f6zleked\u00e9si eszk\u00f6z\u00f6ket. A vadonat\u00faj l\u00e9tes\u00edtm\u00e9nyek l\u00e1tv\u00e1nyos diz\u00e1jnja is meg\u00e9r egy k\u00fcl\u00f6n mis\u00e9t: a tervez\u0151k a k\u00fclcs\u00ednen a h\u00edres Amszterdami M\u00fazeummal dolgoztak egy\u00fctt, emellett a kort\u00e1rs m\u0171v\u00e9sz Lex Horn alkot\u00e1sai is d\u00edsz\u00edtik a falakat. Aki szeretne, <a href=\"https:\/\/www.facebook.com\/media\/set\/?set=a.551169707036443\">ezen a linken<\/a> lapozhat v\u00e9gig egy l\u00e1tv\u00e1nyos v\u00edz alatti gal\u00e9ri\u00e1t, ebben <a href=\"https:\/\/www.youtube.com\/watch?v=KWig7AVrP_A\">a r\u00f6vid vide\u00f3ban<\/a> pedig Pieter Wisser projektigazgat\u00f3 kalauzolja v\u00e9gig a n\u00e9z\u0151ket virtu\u00e1lisan. Aki pedig teheti, l\u00e1togasson el ide szem\u00e9lyesen is a j\u00f6v\u0151ben, biztos, hogy egyed\u00fcl\u00e1ll\u00f3 \u00e9lm\u00e9nyben lesz r\u00e9sze!<\/p>\n<figure id=\"attachment_16882\" aria-describedby=\"caption-attachment-16882\" style=\"width: 1024px\" class=\"wp-caption alignnone\"><img loading=\"lazy\" decoding=\"async\" class=\"size-large wp-image-16882\" src=\"https:\/\/d2p6e6u75xmxt8.cloudfront.net\/12\/2023\/01\/327284906_865172484707344_1052845960165898443_n-1024x681.webp\" alt=\"\" width=\"1024\" height=\"681\" srcset=\"https:\/\/d2p6e6u75xmxt8.cloudfront.net\/12\/2023\/01\/327284906_865172484707344_1052845960165898443_n-1024x681.webp 1024w, https:\/\/d2p6e6u75xmxt8.cloudfront.net\/12\/2023\/01\/327284906_865172484707344_1052845960165898443_n-300x200.webp 300w, https:\/\/d2p6e6u75xmxt8.cloudfront.net\/12\/2023\/01\/327284906_865172484707344_1052845960165898443_n-768x511.webp 768w, https:\/\/d2p6e6u75xmxt8.cloudfront.net\/12\/2023\/01\/327284906_865172484707344_1052845960165898443_n-1536x1022.webp 1536w, https:\/\/d2p6e6u75xmxt8.cloudfront.net\/12\/2023\/01\/327284906_865172484707344_1052845960165898443_n-1920x1277.webp 1920w, https:\/\/d2p6e6u75xmxt8.cloudfront.net\/12\/2023\/01\/327284906_865172484707344_1052845960165898443_n-272x182.webp 272w, https:\/\/d2p6e6u75xmxt8.cloudfront.net\/12\/2023\/01\/327284906_865172484707344_1052845960165898443_n.webp 2048w, https:\/\/d2p6e6u75xmxt8.cloudfront.net\/12\/2023\/01\/327284906_865172484707344_1052845960165898443_n-1920x1277.webp 1920w\" sizes=\"auto, (max-width: 1024px) 100vw, 1024px\" \/><figcaption id=\"caption-attachment-16882\" class=\"wp-caption-text\">fot\u00f3: Facebook\/Dutch Cycling Embassy<\/figcaption><\/figure>\n","protected":false},"excerpt":{"rendered":"<p>A hollandok ism\u00e9t m\u00e1s dimenzi\u00f3ba helyezt\u00e9k a nagyv\u00e1rosi ker\u00e9kp\u00e1roz\u00e1s fogalm\u00e1t.<\/p>\n","protected":false},"author":71,"featured_media":16880,"comment_status":"open","ping_status":"open","sticky":false,"template":"","format":"standard","meta":{"footnotes":""},"categories":[12],"tags":[],"global-categories":[419],"class_list":["post-16879","post","type-post","status-publish","format-standard","has-post-thumbnail","hentry","category-kozosseg-es-kultura","global-categories-cycling"],"yoast_head":"<!-- This site is optimized with the Yoast SEO Premium plugin v25.3 (Yoast SEO v25.9) - https:\/\/yoast.com\/wordpress\/plugins\/seo\/ -->\n<title>L\u00e9legzetel\u00e1ll\u00edt\u00f3 v\u00edz alatti bringaparkol\u00f3 ny\u00edlt meg az amszterdami p\u00e1lyaudvarn\u00e1l<\/title>\n<meta name=\"description\" content=\"A hollandok ism\u00e9t m\u00e1s dimenzi\u00f3ba helyezt\u00e9k a nagyv\u00e1rosi ker\u00e9kp\u00e1roz\u00e1s fogalm\u00e1t.\" \/>\n<meta name=\"robots\" content=\"index, follow, max-snippet:-1, max-image-preview:large, max-video-preview:-1\" \/>\n<link rel=\"canonical\" href=\"https:\/\/www.welovecycling.com\/hu\/kozosseg-es-kultura\/lelegzetelallito-viz-alatti-bringaparkolo-nyilt-meg-az-amszterdami-palyaudvarnal\/\" \/>\n<meta property=\"og:locale\" content=\"hu_HU\" \/>\n<meta property=\"og:type\" content=\"article\" \/>\n<meta property=\"og:title\" content=\"L\u00e9legzetel\u00e1ll\u00edt\u00f3 v\u00edz alatti bringaparkol\u00f3 ny\u00edlt meg az amszterdami p\u00e1lyaudvarn\u00e1l\" \/>\n<meta property=\"og:description\" content=\"A hollandok ism\u00e9t m\u00e1s dimenzi\u00f3ba helyezt\u00e9k a nagyv\u00e1rosi ker\u00e9kp\u00e1roz\u00e1s fogalm\u00e1t.\" \/>\n<meta property=\"og:url\" content=\"https:\/\/www.welovecycling.com\/hu\/kozosseg-es-kultura\/lelegzetelallito-viz-alatti-bringaparkolo-nyilt-meg-az-amszterdami-palyaudvarnal\/\" \/>\n<meta property=\"og:site_name\" content=\"\u0160koda We Love Cycling - Magyarorsz\u00e1g\" \/>\n<meta property=\"article:publisher\" content=\"https:\/\/www.facebook.com\/WeLoveCyclingHungary\/\" \/>\n<meta property=\"article:published_time\" content=\"2023-01-27T11:13:25+00:00\" \/>\n<meta property=\"og:image\" content=\"https:\/\/d2p6e6u75xmxt8.cloudfront.net\/12\/2023\/01\/327259663_1126841597984910_3695009293913741888_n.webp\" \/>\n\t<meta property=\"og:image:width\" content=\"2048\" \/>\n\t<meta property=\"og:image:height\" content=\"1362\" \/>\n\t<meta property=\"og:image:type\" content=\"image\/webp\" \/>\n<meta name=\"author\" content=\"hegyizs\" \/>\n<meta name=\"twitter:card\" content=\"summary_large_image\" \/>\n<meta name=\"twitter:label1\" content=\"Written by\" \/>\n\t<meta name=\"twitter:data1\" content=\"WLC\" \/>\n\t<meta name=\"twitter:label2\" content=\"Est. reading time\" \/>\n\t<meta name=\"twitter:data2\" content=\"2 minutes\" \/>\n<script type=\"application\/ld+json\" class=\"yoast-schema-graph\">{\"@context\":\"https:\/\/schema.org\",\"@graph\":[{\"@type\":\"WebPage\",\"@id\":\"https:\/\/www.welovecycling.com\/hu\/kozosseg-es-kultura\/lelegzetelallito-viz-alatti-bringaparkolo-nyilt-meg-az-amszterdami-palyaudvarnal\/\",\"url\":\"https:\/\/www.welovecycling.com\/hu\/kozosseg-es-kultura\/lelegzetelallito-viz-alatti-bringaparkolo-nyilt-meg-az-amszterdami-palyaudvarnal\/\",\"name\":\"L\u00e9legzetel\u00e1ll\u00edt\u00f3 v\u00edz alatti bringaparkol\u00f3 ny\u00edlt meg az amszterdami p\u00e1lyaudvarn\u00e1l\",\"isPartOf\":{\"@id\":\"https:\/\/www.welovecycling.com\/hu\/#website\"},\"primaryImageOfPage\":{\"@id\":\"https:\/\/www.welovecycling.com\/hu\/kozosseg-es-kultura\/lelegzetelallito-viz-alatti-bringaparkolo-nyilt-meg-az-amszterdami-palyaudvarnal\/#primaryimage\"},\"image\":{\"@id\":\"https:\/\/www.welovecycling.com\/hu\/kozosseg-es-kultura\/lelegzetelallito-viz-alatti-bringaparkolo-nyilt-meg-az-amszterdami-palyaudvarnal\/#primaryimage\"},\"thumbnailUrl\":\"https:\/\/d2p6e6u75xmxt8.cloudfront.net\/12\/2023\/01\/327259663_1126841597984910_3695009293913741888_n.webp\",\"datePublished\":\"2023-01-27T11:13:25+00:00\",\"author\":{\"@id\":\"https:\/\/www.welovecycling.com\/hu\/#\/schema\/person\/414a2aebf1801691a5320edb6468e194\"},\"description\":\"A hollandok ism\u00e9t m\u00e1s dimenzi\u00f3ba helyezt\u00e9k a nagyv\u00e1rosi ker\u00e9kp\u00e1roz\u00e1s fogalm\u00e1t.\",\"breadcrumb\":{\"@id\":\"https:\/\/www.welovecycling.com\/hu\/kozosseg-es-kultura\/lelegzetelallito-viz-alatti-bringaparkolo-nyilt-meg-az-amszterdami-palyaudvarnal\/#breadcrumb\"},\"inLanguage\":\"hu\",\"potentialAction\":[{\"@type\":\"ReadAction\",\"target\":[\"https:\/\/www.welovecycling.com\/hu\/kozosseg-es-kultura\/lelegzetelallito-viz-alatti-bringaparkolo-nyilt-meg-az-amszterdami-palyaudvarnal\/\"]}]},{\"@type\":\"ImageObject\",\"inLanguage\":\"hu\",\"@id\":\"https:\/\/www.welovecycling.com\/hu\/kozosseg-es-kultura\/lelegzetelallito-viz-alatti-bringaparkolo-nyilt-meg-az-amszterdami-palyaudvarnal\/#primaryimage\",\"url\":\"https:\/\/d2p6e6u75xmxt8.cloudfront.net\/12\/2023\/01\/327259663_1126841597984910_3695009293913741888_n.webp\",\"contentUrl\":\"https:\/\/d2p6e6u75xmxt8.cloudfront.net\/12\/2023\/01\/327259663_1126841597984910_3695009293913741888_n.webp\",\"width\":2048,\"height\":1362},{\"@type\":\"BreadcrumbList\",\"@id\":\"https:\/\/www.welovecycling.com\/hu\/kozosseg-es-kultura\/lelegzetelallito-viz-alatti-bringaparkolo-nyilt-meg-az-amszterdami-palyaudvarnal\/#breadcrumb\",\"itemListElement\":[{\"@type\":\"ListItem\",\"position\":1,\"name\":\"Home\",\"item\":\"https:\/\/www.welovecycling.com\/hu\/\"},{\"@type\":\"ListItem\",\"position\":2,\"name\":\"L\u00e9legzetel\u00e1ll\u00edt\u00f3 v\u00edz alatti bringaparkol\u00f3 ny\u00edlt meg az amszterdami p\u00e1lyaudvarn\u00e1l\"}]},{\"@type\":\"WebSite\",\"@id\":\"https:\/\/www.welovecycling.com\/hu\/#website\",\"url\":\"https:\/\/www.welovecycling.com\/hu\/\",\"name\":\"\u0160koda We Love Cycling - Magyarorsz\u00e1g\",\"description\":\"\u0160koda WeLoveCycling\",\"potentialAction\":[{\"@type\":\"SearchAction\",\"target\":{\"@type\":\"EntryPoint\",\"urlTemplate\":\"https:\/\/www.welovecycling.com\/hu\/?s={search_term_string}\"},\"query-input\":{\"@type\":\"PropertyValueSpecification\",\"valueRequired\":true,\"valueName\":\"search_term_string\"}}],\"inLanguage\":\"hu\"},{\"@type\":\"Person\",\"@id\":\"https:\/\/www.welovecycling.com\/hu\/#\/schema\/person\/414a2aebf1801691a5320edb6468e194\",\"name\":\"hegyizs\",\"image\":{\"@type\":\"ImageObject\",\"inLanguage\":\"hu\",\"@id\":\"https:\/\/www.welovecycling.com\/hu\/#\/schema\/person\/image\/\",\"url\":\"https:\/\/secure.gravatar.com\/avatar\/02cf8a7906b8cf90cecb4679defac7cfd33a1c2e3b88e4903d947f3bb58eedd3?s=96&d=mm&r=g\",\"contentUrl\":\"https:\/\/secure.gravatar.com\/avatar\/02cf8a7906b8cf90cecb4679defac7cfd33a1c2e3b88e4903d947f3bb58eedd3?s=96&d=mm&r=g\",\"caption\":\"hegyizs\"},\"url\":\"https:\/\/www.welovecycling.com\/hu\/author\/hegyizs\/\"}]}<\/script>\n<!-- \/ Yoast SEO Premium plugin. -->","yoast_head_json":{"title":"L\u00e9legzetel\u00e1ll\u00edt\u00f3 v\u00edz alatti bringaparkol\u00f3 ny\u00edlt meg az amszterdami p\u00e1lyaudvarn\u00e1l","description":"A hollandok ism\u00e9t m\u00e1s dimenzi\u00f3ba helyezt\u00e9k a nagyv\u00e1rosi ker\u00e9kp\u00e1roz\u00e1s fogalm\u00e1t.","robots":{"index":"index","follow":"follow","max-snippet":"max-snippet:-1","max-image-preview":"max-image-preview:large","max-video-preview":"max-video-preview:-1"},"canonical":"https:\/\/www.welovecycling.com\/hu\/kozosseg-es-kultura\/lelegzetelallito-viz-alatti-bringaparkolo-nyilt-meg-az-amszterdami-palyaudvarnal\/","og_locale":"hu_HU","og_type":"article","og_title":"L\u00e9legzetel\u00e1ll\u00edt\u00f3 v\u00edz alatti bringaparkol\u00f3 ny\u00edlt meg az amszterdami p\u00e1lyaudvarn\u00e1l","og_description":"A hollandok ism\u00e9t m\u00e1s dimenzi\u00f3ba helyezt\u00e9k a nagyv\u00e1rosi ker\u00e9kp\u00e1roz\u00e1s fogalm\u00e1t.","og_url":"https:\/\/www.welovecycling.com\/hu\/kozosseg-es-kultura\/lelegzetelallito-viz-alatti-bringaparkolo-nyilt-meg-az-amszterdami-palyaudvarnal\/","og_site_name":"\u0160koda We Love Cycling - Magyarorsz\u00e1g","article_publisher":"https:\/\/www.facebook.com\/WeLoveCyclingHungary\/","article_published_time":"2023-01-27T11:13:25+00:00","og_image":[{"width":2048,"height":1362,"url":"https:\/\/d2p6e6u75xmxt8.cloudfront.net\/12\/2023\/01\/327259663_1126841597984910_3695009293913741888_n.webp","type":"image\/webp"}],"author":"hegyizs","twitter_card":"summary_large_image","twitter_misc":{"Written by":"WLC","Est. reading time":"2 minutes"},"schema":{"@context":"https:\/\/schema.org","@graph":[{"@type":"WebPage","@id":"https:\/\/www.welovecycling.com\/hu\/kozosseg-es-kultura\/lelegzetelallito-viz-alatti-bringaparkolo-nyilt-meg-az-amszterdami-palyaudvarnal\/","url":"https:\/\/www.welovecycling.com\/hu\/kozosseg-es-kultura\/lelegzetelallito-viz-alatti-bringaparkolo-nyilt-meg-az-amszterdami-palyaudvarnal\/","name":"L\u00e9legzetel\u00e1ll\u00edt\u00f3 v\u00edz alatti bringaparkol\u00f3 ny\u00edlt meg az amszterdami p\u00e1lyaudvarn\u00e1l","isPartOf":{"@id":"https:\/\/www.welovecycling.com\/hu\/#website"},"primaryImageOfPage":{"@id":"https:\/\/www.welovecycling.com\/hu\/kozosseg-es-kultura\/lelegzetelallito-viz-alatti-bringaparkolo-nyilt-meg-az-amszterdami-palyaudvarnal\/#primaryimage"},"image":{"@id":"https:\/\/www.welovecycling.com\/hu\/kozosseg-es-kultura\/lelegzetelallito-viz-alatti-bringaparkolo-nyilt-meg-az-amszterdami-palyaudvarnal\/#primaryimage"},"thumbnailUrl":"https:\/\/d2p6e6u75xmxt8.cloudfront.net\/12\/2023\/01\/327259663_1126841597984910_3695009293913741888_n.webp","datePublished":"2023-01-27T11:13:25+00:00","author":{"@id":"https:\/\/www.welovecycling.com\/hu\/#\/schema\/person\/414a2aebf1801691a5320edb6468e194"},"description":"A hollandok ism\u00e9t m\u00e1s dimenzi\u00f3ba helyezt\u00e9k a nagyv\u00e1rosi ker\u00e9kp\u00e1roz\u00e1s fogalm\u00e1t.","breadcrumb":{"@id":"https:\/\/www.welovecycling.com\/hu\/kozosseg-es-kultura\/lelegzetelallito-viz-alatti-bringaparkolo-nyilt-meg-az-amszterdami-palyaudvarnal\/#breadcrumb"},"inLanguage":"hu","potentialAction":[{"@type":"ReadAction","target":["https:\/\/www.welovecycling.com\/hu\/kozosseg-es-kultura\/lelegzetelallito-viz-alatti-bringaparkolo-nyilt-meg-az-amszterdami-palyaudvarnal\/"]}]},{"@type":"ImageObject","inLanguage":"hu","@id":"https:\/\/www.welovecycling.com\/hu\/kozosseg-es-kultura\/lelegzetelallito-viz-alatti-bringaparkolo-nyilt-meg-az-amszterdami-palyaudvarnal\/#primaryimage","url":"https:\/\/d2p6e6u75xmxt8.cloudfront.net\/12\/2023\/01\/327259663_1126841597984910_3695009293913741888_n.webp","contentUrl":"https:\/\/d2p6e6u75xmxt8.cloudfront.net\/12\/2023\/01\/327259663_1126841597984910_3695009293913741888_n.webp","width":2048,"height":1362},{"@type":"BreadcrumbList","@id":"https:\/\/www.welovecycling.com\/hu\/kozosseg-es-kultura\/lelegzetelallito-viz-alatti-bringaparkolo-nyilt-meg-az-amszterdami-palyaudvarnal\/#breadcrumb","itemListElement":[{"@type":"ListItem","position":1,"name":"Home","item":"https:\/\/www.welovecycling.com\/hu\/"},{"@type":"ListItem","position":2,"name":"L\u00e9legzetel\u00e1ll\u00edt\u00f3 v\u00edz alatti bringaparkol\u00f3 ny\u00edlt meg az amszterdami p\u00e1lyaudvarn\u00e1l"}]},{"@type":"WebSite","@id":"https:\/\/www.welovecycling.com\/hu\/#website","url":"https:\/\/www.welovecycling.com\/hu\/","name":"\u0160koda We Love Cycling - Magyarorsz\u00e1g","description":"\u0160koda WeLoveCycling","potentialAction":[{"@type":"SearchAction","target":{"@type":"EntryPoint","urlTemplate":"https:\/\/www.welovecycling.com\/hu\/?s={search_term_string}"},"query-input":{"@type":"PropertyValueSpecification","valueRequired":true,"valueName":"search_term_string"}}],"inLanguage":"hu"},{"@type":"Person","@id":"https:\/\/www.welovecycling.com\/hu\/#\/schema\/person\/414a2aebf1801691a5320edb6468e194","name":"hegyizs","image":{"@type":"ImageObject","inLanguage":"hu","@id":"https:\/\/www.welovecycling.com\/hu\/#\/schema\/person\/image\/","url":"https:\/\/secure.gravatar.com\/avatar\/02cf8a7906b8cf90cecb4679defac7cfd33a1c2e3b88e4903d947f3bb58eedd3?s=96&d=mm&r=g","contentUrl":"https:\/\/secure.gravatar.com\/avatar\/02cf8a7906b8cf90cecb4679defac7cfd33a1c2e3b88e4903d947f3bb58eedd3?s=96&d=mm&r=g","caption":"hegyizs"},"url":"https:\/\/www.welovecycling.com\/hu\/author\/hegyizs\/"}]}},"_links":{"self":[{"href":"https:\/\/www.welovecycling.com\/hu\/wp-json\/wp\/v2\/posts\/16879","targetHints":{"allow":["GET"]}}],"collection":[{"href":"https:\/\/www.welovecycling.com\/hu\/wp-json\/wp\/v2\/posts"}],"about":[{"href":"https:\/\/www.welovecycling.com\/hu\/wp-json\/wp\/v2\/types\/post"}],"author":[{"embeddable":true,"href":"https:\/\/www.welovecycling.com\/hu\/wp-json\/wp\/v2\/users\/71"}],"replies":[{"embeddable":true,"href":"https:\/\/www.welovecycling.com\/hu\/wp-json\/wp\/v2\/comments?post=16879"}],"version-history":[{"count":2,"href":"https:\/\/www.welovecycling.com\/hu\/wp-json\/wp\/v2\/posts\/16879\/revisions"}],"predecessor-version":[{"id":16884,"href":"https:\/\/www.welovecycling.com\/hu\/wp-json\/wp\/v2\/posts\/16879\/revisions\/16884"}],"wp:featuredmedia":[{"embeddable":true,"href":"https:\/\/www.welovecycling.com\/hu\/wp-json\/wp\/v2\/media\/16880"}],"wp:attachment":[{"href":"https:\/\/www.welovecycling.com\/hu\/wp-json\/wp\/v2\/media?parent=16879"}],"wp:term":[{"taxonomy":"category","embeddable":true,"href":"https:\/\/www.welovecycling.com\/hu\/wp-json\/wp\/v2\/categories?post=16879"},{"taxonomy":"post_tag","embeddable":true,"href":"https:\/\/www.welovecycling.com\/hu\/wp-json\/wp\/v2\/tags?post=16879"},{"taxonomy":"global-categories","embeddable":true,"href":"https:\/\/www.welovecycling.com\/hu\/wp-json\/wp\/v2\/global-categories?post=16879"}],"curies":[{"name":"wp","href":"https:\/\/api.w.org\/{rel}","templated":true}]}}