{"id":16873,"date":"2023-01-23T17:23:42","date_gmt":"2023-01-23T15:23:42","guid":{"rendered":"https:\/\/www.welovecycling.com\/hu\/?p=16873"},"modified":"2023-01-23T17:23:42","modified_gmt":"2023-01-23T15:23:42","slug":"igy-zajlott-az-elkepesztoen-izgalmas-womens-santos-tour-down-under","status":"publish","type":"post","link":"https:\/\/www.welovecycling.com\/hu\/orszaguti-kerekpar\/igy-zajlott-az-elkepesztoen-izgalmas-womens-santos-tour-down-under\/","title":{"rendered":"\u00cdgy zajlott az elk\u00e9peszt\u0151en izgalmas Women\u2019s Santos Tour Down Under"},"content":{"rendered":"<p><b>M\u00falt h\u00e9ten v\u00e9get \u00e9rt a n\u0151i WorldTour-napt\u00e1r els\u0151 esem\u00e9nye, a n\u0151i Santos Tour Down Under, \u00e9s ezzel hivatalosan is kezdet\u00e9t vette a 2023-as versenyszezon! Ahogy azt t\u00f6bben megj\u00f3solt\u00e1k, az ausztr\u00e1lok bebizony\u00edtott\u00e1k, hogy j\u00f3l ismerik a hazai p\u00e1ly\u00e1jukat \u2013 a h\u00e9t els\u0151 helyet az orsz\u00e1g z\u00e1szl\u00f3ja alatt indul\u00f3 kerekesek szerezt\u00e9k meg. Az \u00f6sszetett bajnok Grace Brown (FDJ-SUEZ) lett, aki megszerezte az okkers\u00e1rga mezt egy hatalmas lejtmenet ut\u00e1n, majd az utols\u00f3 szakaszon gy\u0151zte le Amanda Sprattot (Trek-Segafredo).<\/b><\/p>\n<p><!--more--><\/p>\n<p><span style=\"font-weight: 400;\">Spratt \u00edgy a m\u00e1sodik helyen v\u00e9gzett, \u00e9s megnyerte a hegyi men\u0151k mez\u00e9t is. Ek\u00f6zben Georgia Williams (EF-TIBCO-SVB) stabilan hozta a harmadik helyez\u00e9st.<\/span><\/p>\n<p><span style=\"font-weight: 400;\">A megm\u00e9rettet\u00e9s h\u00e1rom napb\u00f3l \u00e1llt, egy krit\u00e9riumverseny-nappal kieg\u00e9sz\u00fclve, \u00edgy m\u00e1r a nulladik napon felv\u00e1ltotta a verseny-hangulat a hossz\u00fa t\u00e9li holtszezont.<\/span><\/p>\n<p><span style=\"font-weight: 400;\">Ez volt Ausztr\u00e1lia els\u0151 Women&#8217;s World Tour szakaszversenye, \u00e9s nagyon v\u00e1rt\u00e1k a bemutatkoz\u00e1st. N\u00e9zz\u00fck meg k\u00f6zelebbr\u0151l, hogy s\u00fclt el!<\/span><\/p>\n<div class=\"embed-controller-wrapper\">\n<blockquote class=\"twitter-tweet\" data-width=\"500\" data-dnt=\"true\">\n<p lang=\"en\" dir=\"ltr\">Big teamwork at the front on this <a href=\"https:\/\/twitter.com\/tourdownunder?ref_src=twsrc%5Etfw\">@tourdownunder<\/a> \ud83c\udde6\ud83c\uddfa second stage : <a href=\"https:\/\/twitter.com\/GLBrown321?ref_src=twsrc%5Etfw\">@GLBrown321<\/a> (\ud835\udff1) &#8211; <a href=\"https:\/\/twitter.com\/duvaleugenie?ref_src=twsrc%5Etfw\">@duvaleugenie<\/a> (\ud835\udff3).<a href=\"https:\/\/twitter.com\/GLBrown321?ref_src=twsrc%5Etfw\">@GLBrown321<\/a> (\ud835\udfef) in the overall, see you tomorrow for the final stage! \ud83d\udd1c <a href=\"https:\/\/t.co\/gkZdLO263x\">pic.twitter.com\/gkZdLO263x<\/a><\/p>\n<p>&mdash; FDJ &#8211; SUEZ (@FDJ_SUEZ) <a href=\"https:\/\/twitter.com\/FDJ_SUEZ\/status\/1614836027776192512?ref_src=twsrc%5Etfw\">January 16, 2023<\/a><\/p><\/blockquote>\n<p><script async data-src=\"https:\/\/platform.twitter.com\/widgets.js\" charset=\"utf-8\"><\/script><\/div>\n<p><b>Kih\u00edv\u00e1sokkal teli \u00fatvonal, ami pr\u00f3b\u00e1ra tette a l\u00e1bakat<\/b><\/p>\n<p><span style=\"font-weight: 400;\">A szombati el\u0151zetest k\u00f6vet\u0151en az Ausztr\u00e1lia d\u00e9li partja ment\u00e9n fekv\u0151 Adelaide-b\u0151l rajtolt a verseny, \u00e9s a v\u00e1ros k\u00f6rny\u00e9k\u00e9n m\u00e9g tov\u00e1bbi h\u00e1rom, igen megterhel\u0151 szakasz v\u00e1rta a mez\u0151nyt.<\/span><\/p>\n<p><span style=\"font-weight: 400;\">Daria Pikulik (Human Powered Health) er\u0151teljesen kezdett, egy energikus sprinttel, amivel megnyerte az els\u0151 szakaszt, elhappolva az els\u0151 helyet Clara Copponi (FDI-Suez) \u00e9s Georgia Baker (Jayco-Alula) el\u0151l. Azzal, hogy megszerezte a Human Powered els\u0151 WorldTour-gy\u0151zelm\u00e9t, egyenesen t\u00f6rt\u00e9nelmet \u00edrt.<\/span><\/p>\n<p><span style=\"font-weight: 400;\">A m\u00e1sodik napon Alex Manly (Jayco-Alula) gy\u0151z\u00f6tt, miut\u00e1n egy kis csoport be\u00e9rte Amanda Sprattot (Trek-Segafredo), aki a Mount Lofty lejt\u0151j\u00e9n t\u00e1madt. Georgia Williams (EF Education-TIBCO-SVB) \u00e9s Nina Buijsman (Human Powered Health) \u00e1llhatott m\u00e9g fel a m\u00e1sodik etap dobog\u00f3j\u00e1ra. Alex Manly \u00e1tvette az \u00f6sszetett verseny vezet\u00e9s\u00e9t \u00e9s b\u00fcszk\u00e9n \u00e1llt a harmadik szakasz rajtvonal\u00e1hoz az okkers\u00e1rga mezben.<\/span><\/p>\n<p><span style=\"font-weight: 400;\">A 3. etap egy f\u00e1raszt\u00f3 93,2 km hossz\u00fas\u00e1g\u00fa volt, Adelaide-t\u0151l Campbelltownig. Ez volt a val\u00f3di pr\u00f3b\u00e1ja az esem\u00e9nynek &#8211; a legjobbat hagyt\u00e1k az utols\u00f3 versenynapra. A h\u00edrhedt Corkscrew Road ijeszt\u0151 emelked\u0151je! Az els\u0151 k\u00e9t naphoz hasonl\u00f3an a 3. szakasz is k\u00e9t sprintet \u00e9s egy (utols\u00f3), 1. kateg\u00f3ri\u00e1s m\u00e1sz\u00e1st is tartalmazott. Az 1773 m\u00e9teres emelked\u0151 bev\u00e9tel\u00e9hez a versenyz\u0151knek mindent bele kellett adniuk.<\/span><\/p>\n<p><span style=\"font-weight: 400;\">Grace Brown pedig hajland\u00f3 volt k\u00fczdeni. Siker\u00fclt k\u00f6zel maradnia Amanda Spratthoz, amikor t\u00e1madni pr\u00f3b\u00e1lt a Corkscrew emelked\u0151j\u00e9n, \u00e9s b\u00e1r Spratt megel\u0151zte a hegyi szakaszon 20 m\u00e1sodperccel, Brown az ereszked\u00e9s sor\u00e1n cs\u00f6kkentette a h\u00e1tr\u00e1nyt.<\/span><\/p>\n<p><b>Brown megszerezte a gy\u0151zelmet<\/b><\/p>\n<p><span style=\"font-weight: 400;\">\u00cdgy nyilatkozott a bajnok az utols\u00f3 etapot k\u00f6vet\u0151en a sajt\u00f3nak: <\/span><i><span style=\"font-weight: 400;\">\u201cNagyon el\u00e9gedett vagyok. A csapat nagyszer\u0171 munk\u00e1t v\u00e9gzett ma, v\u00e9gigvezettek a m\u00e1sz\u00e1son. Tudtam, hogy Amanda nagyon j\u00f3 lesz a Corkscrew-n, de siker\u00fclt tartanom a l\u00e9p\u00e9st, tudv\u00e1n, hogy az ereszked\u00e9s sor\u00e1n visszaszerezhetem az el\u0151nyt, \u00e9s k\u00e9pes is voltam r\u00e1! Nagyon kir\u00e1ly, hogy megszereztem ezt a gy\u0151zelmet a j\u00f3 csapatmunk\u00e1nak k\u00f6sz\u00f6nhet\u0151en.\u201d<\/span><\/i><\/p>\n<p><span style=\"font-weight: 400;\">K\u00e9ts\u00e9gk\u00edv\u00fcl motiv\u00e1lta, hogy tavaly f\u00e1jdalmasan alulmaradt. V\u00e9g\u00fcl az els\u0151 \u00e9s m\u00e1sodik szakasz sprintjeiben el\u00e9rt 5 m\u00e1sodperces el\u0151ny seg\u00edtette az els\u0151 helyre, \u00edgy nem ism\u00e9tl\u0151d\u00f6tt meg a 2022-es helyzet. <\/span><i><span style=\"font-weight: 400;\">\u201cTavaly hasonl\u00f3 poz\u00edci\u00f3b\u00f3l vesz\u00edtettem el az \u00f6sszetettet. Ezen a h\u00e9ten \u00e9n akartam lenni az els\u0151.\u201d<\/span><\/i><span style=\"font-weight: 400;\"> \u00c9s \u0151 is lett.<\/span><\/p>\n<p><b>12 \u00e9v munk\u00e1ja \u00e9rik be a n\u0151i versenyz\u00e9sben<\/b><\/p>\n<p><span style=\"font-weight: 400;\">2023 n\u00e9gy \u00faj Women&#8217;s World Tour esem\u00e9nyt hoz sz\u00e1munkra, \u00e9s a Tour Down Under volt az els\u0151. \u00c9pp itt volt az ideje!\u00a0 Miut\u00e1n k\u00e9t \u00e9v kihagy\u00e1s ut\u00e1n visszat\u00e9rt az UCI napt\u00e1r\u00e1ba, v\u00e9gre megkapta a verseny kaliber\u00e9t t\u00fckr\u00f6z\u0151 besorol\u00e1st. A f\u00e9rfiak sz\u00e1m\u00e1ra r\u00e9g\u00f3ta adottak a cs\u00facscsapatok, a magas szint\u0171 szervez\u00e9s, az \u00e9l\u0151 k\u00f6zvet\u00edt\u00e9s \u00e9s a megfelel\u0151 p\u00e9nzd\u00edjak, \u00e9s \u00f6r\u00f6mmel l\u00e1tjuk, hogy a n\u0151i versenyek is beker\u00fclnek a legrangosabbak k\u00f6z\u00e9.<\/span><\/p>\n<p><span style=\"font-weight: 400;\">Brav\u00f3 mindazoknak, akik seg\u00edtettek abban, hogy a szezon fergetegesen induljon! Val\u00f3sz\u00edn\u0171leg az ausztr\u00e1lok sem v\u00e9geztek m\u00e9g\u2026<\/span><\/p>\n","protected":false},"excerpt":{"rendered":"<p>M\u00falt h\u00e9ten v\u00e9get \u00e9rt a n\u0151i WorldTour-napt\u00e1r els\u0151 esem\u00e9nye, a n\u0151i Santos Tour Down Under, \u00e9s ezzel hivatalosan is kezdet\u00e9t [&hellip;]<\/p>\n","protected":false},"author":145,"featured_media":16875,"comment_status":"open","ping_status":"open","sticky":false,"template":"","format":"standard","meta":{"footnotes":""},"categories":[8],"tags":[],"global-categories":[419],"class_list":["post-16873","post","type-post","status-publish","format-standard","has-post-thumbnail","hentry","category-orszaguti-kerekpar","global-categories-cycling"],"yoast_head":"<!-- This site is optimized with the Yoast SEO Premium plugin v25.3 (Yoast SEO v25.9) - https:\/\/yoast.com\/wordpress\/plugins\/seo\/ -->\n<title>\u00cdgy zajlott az elk\u00e9peszt\u0151en izgalmas Women\u2019s Santos Tour Down Under - \u0160koda We Love Cycling - Magyarorsz\u00e1g<\/title>\n<meta name=\"robots\" content=\"index, follow, max-snippet:-1, max-image-preview:large, max-video-preview:-1\" \/>\n<link rel=\"canonical\" href=\"https:\/\/www.welovecycling.com\/hu\/orszaguti-kerekpar\/igy-zajlott-az-elkepesztoen-izgalmas-womens-santos-tour-down-under\/\" \/>\n<meta property=\"og:locale\" content=\"hu_HU\" \/>\n<meta property=\"og:type\" content=\"article\" \/>\n<meta property=\"og:title\" content=\"\u00cdgy zajlott az elk\u00e9peszt\u0151en izgalmas Women\u2019s Santos Tour Down Under\" \/>\n<meta property=\"og:description\" content=\"M\u00falt h\u00e9ten v\u00e9get \u00e9rt a n\u0151i WorldTour-napt\u00e1r els\u0151 esem\u00e9nye, a n\u0151i Santos Tour Down Under, \u00e9s ezzel hivatalosan is kezdet\u00e9t [&hellip;]\" \/>\n<meta property=\"og:url\" content=\"https:\/\/www.welovecycling.com\/hu\/orszaguti-kerekpar\/igy-zajlott-az-elkepesztoen-izgalmas-womens-santos-tour-down-under\/\" \/>\n<meta property=\"og:site_name\" content=\"\u0160koda We Love Cycling - Magyarorsz\u00e1g\" \/>\n<meta property=\"article:publisher\" content=\"https:\/\/www.facebook.com\/WeLoveCyclingHungary\/\" \/>\n<meta property=\"article:published_time\" content=\"2023-01-23T15:23:42+00:00\" \/>\n<meta property=\"og:image\" content=\"https:\/\/d2p6e6u75xmxt8.cloudfront.net\/12\/2023\/01\/ezgif-5-fe8dfd60df.webp\" \/>\n\t<meta property=\"og:image:width\" content=\"990\" \/>\n\t<meta property=\"og:image:height\" content=\"660\" \/>\n\t<meta property=\"og:image:type\" content=\"image\/webp\" \/>\n<meta name=\"author\" content=\"kitti\" \/>\n<meta name=\"twitter:card\" content=\"summary_large_image\" \/>\n<meta name=\"twitter:label1\" content=\"Written by\" \/>\n\t<meta name=\"twitter:data1\" content=\"We Love Cycling\" \/>\n\t<meta name=\"twitter:label2\" content=\"Est. reading time\" \/>\n\t<meta name=\"twitter:data2\" content=\"4 minutes\" \/>\n<script type=\"application\/ld+json\" class=\"yoast-schema-graph\">{\"@context\":\"https:\/\/schema.org\",\"@graph\":[{\"@type\":\"WebPage\",\"@id\":\"https:\/\/www.welovecycling.com\/hu\/orszaguti-kerekpar\/igy-zajlott-az-elkepesztoen-izgalmas-womens-santos-tour-down-under\/\",\"url\":\"https:\/\/www.welovecycling.com\/hu\/orszaguti-kerekpar\/igy-zajlott-az-elkepesztoen-izgalmas-womens-santos-tour-down-under\/\",\"name\":\"\u00cdgy zajlott az elk\u00e9peszt\u0151en izgalmas Women\u2019s Santos Tour Down Under - \u0160koda We Love Cycling - Magyarorsz\u00e1g\",\"isPartOf\":{\"@id\":\"https:\/\/www.welovecycling.com\/hu\/#website\"},\"primaryImageOfPage\":{\"@id\":\"https:\/\/www.welovecycling.com\/hu\/orszaguti-kerekpar\/igy-zajlott-az-elkepesztoen-izgalmas-womens-santos-tour-down-under\/#primaryimage\"},\"image\":{\"@id\":\"https:\/\/www.welovecycling.com\/hu\/orszaguti-kerekpar\/igy-zajlott-az-elkepesztoen-izgalmas-womens-santos-tour-down-under\/#primaryimage\"},\"thumbnailUrl\":\"https:\/\/d2p6e6u75xmxt8.cloudfront.net\/12\/2023\/01\/ezgif-5-fe8dfd60df.webp\",\"datePublished\":\"2023-01-23T15:23:42+00:00\",\"author\":{\"@id\":\"https:\/\/www.welovecycling.com\/hu\/#\/schema\/person\/bec7dcdbcc59f58489cf603e4040ced1\"},\"breadcrumb\":{\"@id\":\"https:\/\/www.welovecycling.com\/hu\/orszaguti-kerekpar\/igy-zajlott-az-elkepesztoen-izgalmas-womens-santos-tour-down-under\/#breadcrumb\"},\"inLanguage\":\"hu\",\"potentialAction\":[{\"@type\":\"ReadAction\",\"target\":[\"https:\/\/www.welovecycling.com\/hu\/orszaguti-kerekpar\/igy-zajlott-az-elkepesztoen-izgalmas-womens-santos-tour-down-under\/\"]}]},{\"@type\":\"ImageObject\",\"inLanguage\":\"hu\",\"@id\":\"https:\/\/www.welovecycling.com\/hu\/orszaguti-kerekpar\/igy-zajlott-az-elkepesztoen-izgalmas-womens-santos-tour-down-under\/#primaryimage\",\"url\":\"https:\/\/d2p6e6u75xmxt8.cloudfront.net\/12\/2023\/01\/ezgif-5-fe8dfd60df.webp\",\"contentUrl\":\"https:\/\/d2p6e6u75xmxt8.cloudfront.net\/12\/2023\/01\/ezgif-5-fe8dfd60df.webp\",\"width\":990,\"height\":660},{\"@type\":\"BreadcrumbList\",\"@id\":\"https:\/\/www.welovecycling.com\/hu\/orszaguti-kerekpar\/igy-zajlott-az-elkepesztoen-izgalmas-womens-santos-tour-down-under\/#breadcrumb\",\"itemListElement\":[{\"@type\":\"ListItem\",\"position\":1,\"name\":\"Home\",\"item\":\"https:\/\/www.welovecycling.com\/hu\/\"},{\"@type\":\"ListItem\",\"position\":2,\"name\":\"\u00cdgy zajlott az elk\u00e9peszt\u0151en izgalmas Women\u2019s Santos Tour Down Under\"}]},{\"@type\":\"WebSite\",\"@id\":\"https:\/\/www.welovecycling.com\/hu\/#website\",\"url\":\"https:\/\/www.welovecycling.com\/hu\/\",\"name\":\"\u0160koda We Love Cycling - Magyarorsz\u00e1g\",\"description\":\"\u0160koda WeLoveCycling\",\"potentialAction\":[{\"@type\":\"SearchAction\",\"target\":{\"@type\":\"EntryPoint\",\"urlTemplate\":\"https:\/\/www.welovecycling.com\/hu\/?s={search_term_string}\"},\"query-input\":{\"@type\":\"PropertyValueSpecification\",\"valueRequired\":true,\"valueName\":\"search_term_string\"}}],\"inLanguage\":\"hu\"},{\"@type\":\"Person\",\"@id\":\"https:\/\/www.welovecycling.com\/hu\/#\/schema\/person\/bec7dcdbcc59f58489cf603e4040ced1\",\"name\":\"kitti\",\"image\":{\"@type\":\"ImageObject\",\"inLanguage\":\"hu\",\"@id\":\"https:\/\/www.welovecycling.com\/hu\/#\/schema\/person\/image\/\",\"url\":\"https:\/\/secure.gravatar.com\/avatar\/e3196a110e1b57b96f56d92d10ce9bb4e9d7210076832a16243337e949410b52?s=96&d=mm&r=g\",\"contentUrl\":\"https:\/\/secure.gravatar.com\/avatar\/e3196a110e1b57b96f56d92d10ce9bb4e9d7210076832a16243337e949410b52?s=96&d=mm&r=g\",\"caption\":\"kitti\"},\"url\":\"https:\/\/www.welovecycling.com\/hu\/author\/kitti\/\"}]}<\/script>\n<!-- \/ Yoast SEO Premium plugin. -->","yoast_head_json":{"title":"\u00cdgy zajlott az elk\u00e9peszt\u0151en izgalmas Women\u2019s Santos Tour Down Under - \u0160koda We Love Cycling - Magyarorsz\u00e1g","robots":{"index":"index","follow":"follow","max-snippet":"max-snippet:-1","max-image-preview":"max-image-preview:large","max-video-preview":"max-video-preview:-1"},"canonical":"https:\/\/www.welovecycling.com\/hu\/orszaguti-kerekpar\/igy-zajlott-az-elkepesztoen-izgalmas-womens-santos-tour-down-under\/","og_locale":"hu_HU","og_type":"article","og_title":"\u00cdgy zajlott az elk\u00e9peszt\u0151en izgalmas Women\u2019s Santos Tour Down Under","og_description":"M\u00falt h\u00e9ten v\u00e9get \u00e9rt a n\u0151i WorldTour-napt\u00e1r els\u0151 esem\u00e9nye, a n\u0151i Santos Tour Down Under, \u00e9s ezzel hivatalosan is kezdet\u00e9t [&hellip;]","og_url":"https:\/\/www.welovecycling.com\/hu\/orszaguti-kerekpar\/igy-zajlott-az-elkepesztoen-izgalmas-womens-santos-tour-down-under\/","og_site_name":"\u0160koda We Love Cycling - Magyarorsz\u00e1g","article_publisher":"https:\/\/www.facebook.com\/WeLoveCyclingHungary\/","article_published_time":"2023-01-23T15:23:42+00:00","og_image":[{"width":990,"height":660,"url":"https:\/\/d2p6e6u75xmxt8.cloudfront.net\/12\/2023\/01\/ezgif-5-fe8dfd60df.webp","type":"image\/webp"}],"author":"kitti","twitter_card":"summary_large_image","twitter_misc":{"Written by":"We Love Cycling","Est. reading time":"4 minutes"},"schema":{"@context":"https:\/\/schema.org","@graph":[{"@type":"WebPage","@id":"https:\/\/www.welovecycling.com\/hu\/orszaguti-kerekpar\/igy-zajlott-az-elkepesztoen-izgalmas-womens-santos-tour-down-under\/","url":"https:\/\/www.welovecycling.com\/hu\/orszaguti-kerekpar\/igy-zajlott-az-elkepesztoen-izgalmas-womens-santos-tour-down-under\/","name":"\u00cdgy zajlott az elk\u00e9peszt\u0151en izgalmas Women\u2019s Santos Tour Down Under - \u0160koda We Love Cycling - Magyarorsz\u00e1g","isPartOf":{"@id":"https:\/\/www.welovecycling.com\/hu\/#website"},"primaryImageOfPage":{"@id":"https:\/\/www.welovecycling.com\/hu\/orszaguti-kerekpar\/igy-zajlott-az-elkepesztoen-izgalmas-womens-santos-tour-down-under\/#primaryimage"},"image":{"@id":"https:\/\/www.welovecycling.com\/hu\/orszaguti-kerekpar\/igy-zajlott-az-elkepesztoen-izgalmas-womens-santos-tour-down-under\/#primaryimage"},"thumbnailUrl":"https:\/\/d2p6e6u75xmxt8.cloudfront.net\/12\/2023\/01\/ezgif-5-fe8dfd60df.webp","datePublished":"2023-01-23T15:23:42+00:00","author":{"@id":"https:\/\/www.welovecycling.com\/hu\/#\/schema\/person\/bec7dcdbcc59f58489cf603e4040ced1"},"breadcrumb":{"@id":"https:\/\/www.welovecycling.com\/hu\/orszaguti-kerekpar\/igy-zajlott-az-elkepesztoen-izgalmas-womens-santos-tour-down-under\/#breadcrumb"},"inLanguage":"hu","potentialAction":[{"@type":"ReadAction","target":["https:\/\/www.welovecycling.com\/hu\/orszaguti-kerekpar\/igy-zajlott-az-elkepesztoen-izgalmas-womens-santos-tour-down-under\/"]}]},{"@type":"ImageObject","inLanguage":"hu","@id":"https:\/\/www.welovecycling.com\/hu\/orszaguti-kerekpar\/igy-zajlott-az-elkepesztoen-izgalmas-womens-santos-tour-down-under\/#primaryimage","url":"https:\/\/d2p6e6u75xmxt8.cloudfront.net\/12\/2023\/01\/ezgif-5-fe8dfd60df.webp","contentUrl":"https:\/\/d2p6e6u75xmxt8.cloudfront.net\/12\/2023\/01\/ezgif-5-fe8dfd60df.webp","width":990,"height":660},{"@type":"BreadcrumbList","@id":"https:\/\/www.welovecycling.com\/hu\/orszaguti-kerekpar\/igy-zajlott-az-elkepesztoen-izgalmas-womens-santos-tour-down-under\/#breadcrumb","itemListElement":[{"@type":"ListItem","position":1,"name":"Home","item":"https:\/\/www.welovecycling.com\/hu\/"},{"@type":"ListItem","position":2,"name":"\u00cdgy zajlott az elk\u00e9peszt\u0151en izgalmas Women\u2019s Santos Tour Down Under"}]},{"@type":"WebSite","@id":"https:\/\/www.welovecycling.com\/hu\/#website","url":"https:\/\/www.welovecycling.com\/hu\/","name":"\u0160koda We Love Cycling - Magyarorsz\u00e1g","description":"\u0160koda WeLoveCycling","potentialAction":[{"@type":"SearchAction","target":{"@type":"EntryPoint","urlTemplate":"https:\/\/www.welovecycling.com\/hu\/?s={search_term_string}"},"query-input":{"@type":"PropertyValueSpecification","valueRequired":true,"valueName":"search_term_string"}}],"inLanguage":"hu"},{"@type":"Person","@id":"https:\/\/www.welovecycling.com\/hu\/#\/schema\/person\/bec7dcdbcc59f58489cf603e4040ced1","name":"kitti","image":{"@type":"ImageObject","inLanguage":"hu","@id":"https:\/\/www.welovecycling.com\/hu\/#\/schema\/person\/image\/","url":"https:\/\/secure.gravatar.com\/avatar\/e3196a110e1b57b96f56d92d10ce9bb4e9d7210076832a16243337e949410b52?s=96&d=mm&r=g","contentUrl":"https:\/\/secure.gravatar.com\/avatar\/e3196a110e1b57b96f56d92d10ce9bb4e9d7210076832a16243337e949410b52?s=96&d=mm&r=g","caption":"kitti"},"url":"https:\/\/www.welovecycling.com\/hu\/author\/kitti\/"}]}},"_links":{"self":[{"href":"https:\/\/www.welovecycling.com\/hu\/wp-json\/wp\/v2\/posts\/16873","targetHints":{"allow":["GET"]}}],"collection":[{"href":"https:\/\/www.welovecycling.com\/hu\/wp-json\/wp\/v2\/posts"}],"about":[{"href":"https:\/\/www.welovecycling.com\/hu\/wp-json\/wp\/v2\/types\/post"}],"author":[{"embeddable":true,"href":"https:\/\/www.welovecycling.com\/hu\/wp-json\/wp\/v2\/users\/145"}],"replies":[{"embeddable":true,"href":"https:\/\/www.welovecycling.com\/hu\/wp-json\/wp\/v2\/comments?post=16873"}],"version-history":[{"count":1,"href":"https:\/\/www.welovecycling.com\/hu\/wp-json\/wp\/v2\/posts\/16873\/revisions"}],"predecessor-version":[{"id":16876,"href":"https:\/\/www.welovecycling.com\/hu\/wp-json\/wp\/v2\/posts\/16873\/revisions\/16876"}],"wp:featuredmedia":[{"embeddable":true,"href":"https:\/\/www.welovecycling.com\/hu\/wp-json\/wp\/v2\/media\/16875"}],"wp:attachment":[{"href":"https:\/\/www.welovecycling.com\/hu\/wp-json\/wp\/v2\/media?parent=16873"}],"wp:term":[{"taxonomy":"category","embeddable":true,"href":"https:\/\/www.welovecycling.com\/hu\/wp-json\/wp\/v2\/categories?post=16873"},{"taxonomy":"post_tag","embeddable":true,"href":"https:\/\/www.welovecycling.com\/hu\/wp-json\/wp\/v2\/tags?post=16873"},{"taxonomy":"global-categories","embeddable":true,"href":"https:\/\/www.welovecycling.com\/hu\/wp-json\/wp\/v2\/global-categories?post=16873"}],"curies":[{"name":"wp","href":"https:\/\/api.w.org\/{rel}","templated":true}]}}