{"id":1687,"date":"2018-09-06T08:00:59","date_gmt":"2018-09-06T08:00:59","guid":{"rendered":"https:\/\/www.welovecycling.com\/hu\/?p=1687"},"modified":"2018-09-06T12:34:01","modified_gmt":"2018-09-06T12:34:01","slug":"harom-bringas-utvonal-az-oszi-hetvegekre","status":"publish","type":"post","link":"https:\/\/www.welovecycling.com\/hu\/csalad\/harom-bringas-utvonal-az-oszi-hetvegekre\/","title":{"rendered":"H\u00e1rom bring\u00e1s \u00fatvonal az \u0151szi h\u00e9tv\u00e9g\u00e9kre"},"content":{"rendered":"<p><strong>Lassan v\u00e9ge a k\u00e1nikul\u00e1nak, az \u0151szi id\u0151szakban m\u00e1r mi is sokkal sz\u00edvesebben bev\u00e1llalunk egy ak\u00e1r eg\u00e9sz h\u00e9tv\u00e9g\u00e9s bringat\u00far\u00e1t. \u00cdme n\u00e9h\u00e1ny bring\u00e1s \u00fatvonal, ami b\u00e1rki sz\u00e1m\u00e1ra egyszer\u0171en megk\u00f6zel\u00edthet\u0151, \u00e9s sim\u00e1n feldobhatja a h\u00e9tv\u00e9g\u00e9t.<\/strong><\/p>\n<h2><!--more--><\/h2>\n<h2>Velencei-t\u00f3 ker\u00e9kp\u00e1rral<\/h2>\n<p>T\u00f6bb oka is van annak, hogy a Velencei-t\u00f3 k\u00f6rbeteker\u00e9se az egyik legn\u00e9pszer\u0171bb magyar bring\u00e1s \u00fatvonal. A t\u00far\u00e1t els\u0151sorban azoknak aj\u00e1nljuk, akik egy kisebb csal\u00e1di teker\u00e9sre v\u00e1llalkozn\u00e1nak, hiszen a teljes t\u00e1v k\u00f6r\u00fclbel\u00fcl 30 kilom\u00e9ter. Bar\u00e1tokkal, csal\u00e1ddal, de ak\u00e1r egyed\u00fcl is nagy \u00e9lm\u00e9ny lehet. Rengetegen rendszeresen visszat\u00e9rnek \u00fajra \u00e9s \u00fajra teljes\u00edteni a t\u00e1vot, annyira sz\u00e9p a t\u00e1j, hogy ak\u00e1r \u00e9vente t\u00f6bbsz\u00f6r is letekerik, mert mindig tal\u00e1lnak benne valami \u00fajat.<\/p>\n<p>Egy r\u00f6vid szakasz kiv\u00e9tel\u00e9vel a t\u00fara teljes hossz\u00e1ban ker\u00e9kp\u00e1r\u00faton teljes\u00edthet\u0151, \u00e9s eg\u00e9sz sz\u00e9pen ki is van t\u00e1bl\u00e1zva, elt\u00e9vedni szinte lehetetlen.<\/p>\n<p>A t\u00f3 k\u00e9nyelmes temp\u00f3ban, kisebb pihen\u0151kkel 3-3,5 \u00f3ra alatt k\u00f6rbetekerhet\u0151, de egy eg\u00e9sz h\u00e9tv\u00e9g\u00e9t is sim\u00e1n el tudtok t\u00f6lteni a t\u00f3 k\u00f6r\u00fcl, ha megn\u00e9zitek G\u00e1rdony, Ag\u00e1rd, Dinny\u00e9s \u00e9s P\u00e1kozd sz\u00e9ps\u00e9geit.<\/p>\n<p>Felkeltett\u00fck az \u00e9rdekl\u0151d\u00e9sed? <a href=\"http:\/\/velenceitokor.hu\/\">Itt mindent megtal\u00e1lsz<\/a>, amit az \u00fatvonalr\u00f3l tudni szeretn\u00e9l.<\/p>\n<p><a href=\"https:\/\/d2p6e6u75xmxt8.cloudfront.net\/12\/2018\/08\/bringas-utvonalak-velencei-to.jpg\"><img loading=\"lazy\" decoding=\"async\" class=\"alignnone wp-image-1688 size-full\" src=\"https:\/\/d2p6e6u75xmxt8.cloudfront.net\/12\/2018\/08\/bringas-utvonalak-velencei-to.jpg\" alt=\"bring\u00e1s \u00fatvonal we love cycling\" width=\"600\" height=\"402\" srcset=\"https:\/\/d2p6e6u75xmxt8.cloudfront.net\/12\/2018\/08\/bringas-utvonalak-velencei-to.jpg 600w, https:\/\/d2p6e6u75xmxt8.cloudfront.net\/12\/2018\/08\/bringas-utvonalak-velencei-to-300x201.jpg 300w, https:\/\/d2p6e6u75xmxt8.cloudfront.net\/12\/2018\/08\/bringas-utvonalak-velencei-to-272x182.jpg 272w\" sizes=\"auto, (max-width: 600px) 100vw, 600px\" \/><\/a><\/p>\n<h2>Teker\u00e9s a Fert\u0151-t\u00f3 k\u00f6r\u00fcl<\/h2>\n<p>Soproniak el\u0151nyben, de az eg\u00e9sz orsz\u00e1gb\u00f3l \u00e9rdemes elutazni a Fert\u0151-t\u00f3hoz, amit az \u00e9szaknyugati hat\u00e1r ment\u00e9n tal\u00e1lsz. M\u00e1r \u00f6nmag\u00e1ban a t\u00f3 is gy\u00f6ny\u00f6r\u0171, t\u00f6bb mint 20 ezer \u00e9ves, ez K\u00f6z\u00e9p-Eur\u00f3pa harmadik legnagyobb \u00e1ll\u00f3vize.<\/p>\n<p><a href=\"https:\/\/d2p6e6u75xmxt8.cloudfront.net\/12\/2018\/08\/bringas-utvonalak-ferto-to.jpg\"><img loading=\"lazy\" decoding=\"async\" class=\"alignnone wp-image-1689 size-extra-large\" src=\"https:\/\/d2p6e6u75xmxt8.cloudfront.net\/12\/2018\/08\/bringas-utvonalak-ferto-to-1920x789.jpg\" alt=\"bring\u00e1s \u00fatvonal we love cycling\" width=\"1920\" height=\"789\" srcset=\"https:\/\/d2p6e6u75xmxt8.cloudfront.net\/12\/2018\/08\/bringas-utvonalak-ferto-to-1920x789.jpg 1920w, https:\/\/d2p6e6u75xmxt8.cloudfront.net\/12\/2018\/08\/bringas-utvonalak-ferto-to-300x123.jpg 300w, https:\/\/d2p6e6u75xmxt8.cloudfront.net\/12\/2018\/08\/bringas-utvonalak-ferto-to-768x315.jpg 768w, https:\/\/d2p6e6u75xmxt8.cloudfront.net\/12\/2018\/08\/bringas-utvonalak-ferto-to-1024x421.jpg 1024w, https:\/\/d2p6e6u75xmxt8.cloudfront.net\/12\/2018\/08\/bringas-utvonalak-ferto-to-1920x789.jpg 1920w\" sizes=\"auto, (max-width: 1920px) 100vw, 1920px\" \/><\/a><\/p>\n<p>A teljes t\u00e1v 130 kilom\u00e9ter, de ha kevesebbet szeretn\u00e9l tekerni, akkor az osztr\u00e1k oldalon, a M\u00f6rbisch-Illmitz k\u00f6z\u00f6tt k\u00f6zleked\u0151 komppal r\u00f6vid\u00edthetsz, \u00edgy csak 68 kilom\u00e9ter a t\u00e1v, \u00e9s ak\u00e1r egy nap alatt is teljes\u00edthet\u0151. A teljes t\u00e1vot persze t\u00f6bb nap alatt is kipip\u00e1lhatod, hiszen rengeteg sz\u00e1ll\u00e1slehet\u0151s\u00e9g van a t\u00f3 k\u00f6r\u00fcl.<\/p>\n<p>A terep egy\u00e9bk\u00e9nt b\u00e1rki sz\u00e1m\u00e1ra k\u00f6nnyen teljes\u00edthet\u0151, a keleti part teljesen s\u00edk. A nyugati oldalon vannak dombosabb szakaszok, de egy j\u00f3 bring\u00e1val nem is fogod \u00e9rezni.<\/p>\n<p>Ha Magyarorsz\u00e1gr\u00f3l k\u00f6zel\u00edten\u00e9d meg, akkor \u00e9rdemes Fert\u0151r\u00e1kosr\u00f3l indulni, mert ide t\u00e9rsz vissza akkor is, ha a teljes k\u00f6rt csin\u00e1lod, de akkor is, ha v\u00e9g\u00fcl a kompos utaz\u00e1st v\u00e1lasztod.<\/p>\n<p>M\u00e1r csak az\u00e9rt is k\u00e1r lenne kihagyni, mert szuperek az osztr\u00e1k bringautak.<\/p>\n<p><a href=\"https:\/\/d2p6e6u75xmxt8.cloudfront.net\/12\/2018\/08\/bringas-utvonalak-ferto-to-terkep.PNG.png\"><img loading=\"lazy\" decoding=\"async\" class=\"alignnone wp-image-1690 size-full\" src=\"https:\/\/d2p6e6u75xmxt8.cloudfront.net\/12\/2018\/08\/bringas-utvonalak-ferto-to-terkep.PNG.png\" alt=\"bring\u00e1s \u00fatvonal we love cycling\" width=\"716\" height=\"553\" srcset=\"https:\/\/d2p6e6u75xmxt8.cloudfront.net\/12\/2018\/08\/bringas-utvonalak-ferto-to-terkep.PNG.png 716w, https:\/\/d2p6e6u75xmxt8.cloudfront.net\/12\/2018\/08\/bringas-utvonalak-ferto-to-terkep.PNG-300x232.png 300w\" sizes=\"auto, (max-width: 716px) 100vw, 716px\" \/><\/a><\/p>\n<h2>Az \u00f6r\u00f6k klasszikus bring\u00e1s \u00fatvonal: Balatonk\u00f6r<\/h2>\n<p>A Balatont minimum egyszer mindenkinek k\u00f6rbe kell tekerni. A teljes k\u00f6r 206 kilom\u00e9ter hossz\u00fa, de kezd\u00e9snek eg\u00e9sz j\u00f3 a 84 kilom\u00e9teres Kisk\u00f6r is, ami Tihanyig tart, onnan pedig komppal tudsz \u00e1tkelni a d\u00e9li oldalra.<\/p>\n<p><a href=\"https:\/\/d2p6e6u75xmxt8.cloudfront.net\/12\/2018\/08\/bringas-utvonalak-balaton.jpg\"><img loading=\"lazy\" decoding=\"async\" class=\"alignnone wp-image-1691 size-extra-large\" src=\"https:\/\/d2p6e6u75xmxt8.cloudfront.net\/12\/2018\/08\/bringas-utvonalak-balaton-1920x1271.jpg\" alt=\"bring\u00e1s \u00fatvonal we love cycling\" width=\"1920\" height=\"1271\" srcset=\"https:\/\/d2p6e6u75xmxt8.cloudfront.net\/12\/2018\/08\/bringas-utvonalak-balaton-1920x1271.jpg 1920w, https:\/\/d2p6e6u75xmxt8.cloudfront.net\/12\/2018\/08\/bringas-utvonalak-balaton-300x199.jpg 300w, https:\/\/d2p6e6u75xmxt8.cloudfront.net\/12\/2018\/08\/bringas-utvonalak-balaton-768x508.jpg 768w, https:\/\/d2p6e6u75xmxt8.cloudfront.net\/12\/2018\/08\/bringas-utvonalak-balaton-1024x678.jpg 1024w, https:\/\/d2p6e6u75xmxt8.cloudfront.net\/12\/2018\/08\/bringas-utvonalak-balaton-1920x1271.jpg 1920w\" sizes=\"auto, (max-width: 1920px) 100vw, 1920px\" \/><\/a><\/p>\n<p>Viszonylag k\u00f6nny\u0171 terep, gy\u00f6ny\u00f6r\u0171 t\u00e1jak, finom borok, kijel\u00f6lt bringa\u00fat. Ugye nem is kellenek m\u00e1r az \u00e9rvek?<\/p>\n<p>A Balatonk\u00f6rr\u0151l egy\u00e9bk\u00e9nt <a href=\"https:\/\/www.welovecycling.com\/hu\/uncategorized\/a-balaton-ket-kereken-nana-hogy-erdemes\/\">itt \u00edrtunk r\u00e9szletesen.<\/a><\/p>\n<p>Ink\u00e1bb egy m\u00e1sik t\u00fara\u00fatvonalat keresn\u00e9l? Akkor <a href=\"https:\/\/www.welovecycling.com\/hu\/biciklivel-tesztelve\/?lat=47.4846&amp;lng=19.03340000000003&amp;radius=25.79211222563917&amp;zoom=11\">katt ide!<\/a><\/p>\n","protected":false},"excerpt":{"rendered":"<p>Lassan v\u00e9ge a k\u00e1nikul\u00e1nak, az \u0151szi id\u0151szakban m\u00e1r mi is sokkal sz\u00edvesebben bev\u00e1llalunk egy ak\u00e1r eg\u00e9sz h\u00e9tv\u00e9g\u00e9s bringat\u00far\u00e1t. \u00cdme n\u00e9h\u00e1ny [&hellip;]<\/p>\n","protected":false},"author":71,"featured_media":1692,"comment_status":"open","ping_status":"open","sticky":false,"template":"","format":"standard","meta":{"footnotes":""},"categories":[13,11],"tags":[151,155,154,153,16,28,27,152],"global-categories":[],"class_list":["post-1687","post","type-post","status-publish","format-standard","has-post-thumbnail","hentry","category-blog","category-csalad","tag-balaton-korut","tag-bringas-utvonal","tag-csaladi-kerekparozas","tag-ferto-to-kerekparral","tag-kerekpar","tag-kerekpar-blog","tag-kerekpar-magazin","tag-velencei-to-kerekparral"],"yoast_head":"<!-- This site is optimized with the Yoast SEO Premium plugin v25.3 (Yoast SEO v25.9) - https:\/\/yoast.com\/wordpress\/plugins\/seo\/ -->\n<title>H\u00e1rom bring\u00e1s \u00fatvonal az \u0151szi h\u00e9tv\u00e9g\u00e9kre - \u0160koda We Love Cycling - Magyarorsz\u00e1g<\/title>\n<meta name=\"description\" content=\"\u00cdme n\u00e9h\u00e1ny bring\u00e1s \u00fatvonal, ami b\u00e1rki sz\u00e1m\u00e1ra egyszer\u0171en megk\u00f6zel\u00edthet\u0151 Magyarorsz\u00e1gon bar\u00e1tokkal, csal\u00e1ddal, vagy ak\u00e1r egyed\u00fcl is.\" \/>\n<meta name=\"robots\" content=\"index, follow, max-snippet:-1, max-image-preview:large, max-video-preview:-1\" \/>\n<link rel=\"canonical\" href=\"https:\/\/www.welovecycling.com\/hu\/csalad\/harom-bringas-utvonal-az-oszi-hetvegekre\/\" \/>\n<meta property=\"og:locale\" content=\"hu_HU\" \/>\n<meta property=\"og:type\" content=\"article\" \/>\n<meta property=\"og:title\" content=\"H\u00e1rom bring\u00e1s \u00fatvonal az \u0151szi h\u00e9tv\u00e9g\u00e9kre\" \/>\n<meta property=\"og:description\" content=\"\u00cdme n\u00e9h\u00e1ny bring\u00e1s \u00fatvonal, ami b\u00e1rki sz\u00e1m\u00e1ra egyszer\u0171en megk\u00f6zel\u00edthet\u0151 Magyarorsz\u00e1gon bar\u00e1tokkal, csal\u00e1ddal, vagy ak\u00e1r egyed\u00fcl is.\" \/>\n<meta property=\"og:url\" content=\"https:\/\/www.welovecycling.com\/hu\/csalad\/harom-bringas-utvonal-az-oszi-hetvegekre\/\" \/>\n<meta property=\"og:site_name\" content=\"\u0160koda We Love Cycling - Magyarorsz\u00e1g\" \/>\n<meta property=\"article:publisher\" content=\"https:\/\/www.facebook.com\/WeLoveCyclingHungary\/\" \/>\n<meta property=\"article:published_time\" content=\"2018-09-06T08:00:59+00:00\" \/>\n<meta property=\"article:modified_time\" content=\"2018-09-06T12:34:01+00:00\" \/>\n<meta property=\"og:image\" content=\"https:\/\/d2p6e6u75xmxt8.cloudfront.net\/12\/2018\/08\/bringas-utvonal-we-love-cycling.jpg\" \/>\n\t<meta property=\"og:image:width\" content=\"1920\" \/>\n\t<meta property=\"og:image:height\" content=\"1280\" \/>\n\t<meta property=\"og:image:type\" content=\"image\/jpeg\" \/>\n<meta name=\"author\" content=\"hegyizs\" \/>\n<meta name=\"twitter:card\" content=\"summary_large_image\" \/>\n<meta name=\"twitter:label1\" content=\"Written by\" \/>\n\t<meta name=\"twitter:data1\" content=\"hegyizs\" \/>\n\t<meta name=\"twitter:label2\" content=\"Est. reading time\" \/>\n\t<meta name=\"twitter:data2\" content=\"3 minutes\" \/>\n<script type=\"application\/ld+json\" class=\"yoast-schema-graph\">{\"@context\":\"https:\/\/schema.org\",\"@graph\":[{\"@type\":\"WebPage\",\"@id\":\"https:\/\/www.welovecycling.com\/hu\/csalad\/harom-bringas-utvonal-az-oszi-hetvegekre\/\",\"url\":\"https:\/\/www.welovecycling.com\/hu\/csalad\/harom-bringas-utvonal-az-oszi-hetvegekre\/\",\"name\":\"H\u00e1rom bring\u00e1s \u00fatvonal az \u0151szi h\u00e9tv\u00e9g\u00e9kre - \u0160koda We Love Cycling - Magyarorsz\u00e1g\",\"isPartOf\":{\"@id\":\"https:\/\/www.welovecycling.com\/hu\/#website\"},\"primaryImageOfPage\":{\"@id\":\"https:\/\/www.welovecycling.com\/hu\/csalad\/harom-bringas-utvonal-az-oszi-hetvegekre\/#primaryimage\"},\"image\":{\"@id\":\"https:\/\/www.welovecycling.com\/hu\/csalad\/harom-bringas-utvonal-az-oszi-hetvegekre\/#primaryimage\"},\"thumbnailUrl\":\"https:\/\/d2p6e6u75xmxt8.cloudfront.net\/12\/2018\/08\/bringas-utvonal-we-love-cycling.jpg\",\"datePublished\":\"2018-09-06T08:00:59+00:00\",\"dateModified\":\"2018-09-06T12:34:01+00:00\",\"author\":{\"@id\":\"https:\/\/www.welovecycling.com\/hu\/#\/schema\/person\/414a2aebf1801691a5320edb6468e194\"},\"description\":\"\u00cdme n\u00e9h\u00e1ny bring\u00e1s \u00fatvonal, ami b\u00e1rki sz\u00e1m\u00e1ra egyszer\u0171en megk\u00f6zel\u00edthet\u0151 Magyarorsz\u00e1gon bar\u00e1tokkal, csal\u00e1ddal, vagy ak\u00e1r egyed\u00fcl is.\",\"breadcrumb\":{\"@id\":\"https:\/\/www.welovecycling.com\/hu\/csalad\/harom-bringas-utvonal-az-oszi-hetvegekre\/#breadcrumb\"},\"inLanguage\":\"hu\",\"potentialAction\":[{\"@type\":\"ReadAction\",\"target\":[\"https:\/\/www.welovecycling.com\/hu\/csalad\/harom-bringas-utvonal-az-oszi-hetvegekre\/\"]}]},{\"@type\":\"ImageObject\",\"inLanguage\":\"hu\",\"@id\":\"https:\/\/www.welovecycling.com\/hu\/csalad\/harom-bringas-utvonal-az-oszi-hetvegekre\/#primaryimage\",\"url\":\"https:\/\/d2p6e6u75xmxt8.cloudfront.net\/12\/2018\/08\/bringas-utvonal-we-love-cycling.jpg\",\"contentUrl\":\"https:\/\/d2p6e6u75xmxt8.cloudfront.net\/12\/2018\/08\/bringas-utvonal-we-love-cycling.jpg\",\"width\":1920,\"height\":1280,\"caption\":\"bring\u00e1s \u00fatvonal\"},{\"@type\":\"BreadcrumbList\",\"@id\":\"https:\/\/www.welovecycling.com\/hu\/csalad\/harom-bringas-utvonal-az-oszi-hetvegekre\/#breadcrumb\",\"itemListElement\":[{\"@type\":\"ListItem\",\"position\":1,\"name\":\"Home\",\"item\":\"https:\/\/www.welovecycling.com\/hu\/\"},{\"@type\":\"ListItem\",\"position\":2,\"name\":\"H\u00e1rom bring\u00e1s \u00fatvonal az \u0151szi h\u00e9tv\u00e9g\u00e9kre\"}]},{\"@type\":\"WebSite\",\"@id\":\"https:\/\/www.welovecycling.com\/hu\/#website\",\"url\":\"https:\/\/www.welovecycling.com\/hu\/\",\"name\":\"\u0160koda We Love Cycling - Magyarorsz\u00e1g\",\"description\":\"\u0160koda WeLoveCycling\",\"potentialAction\":[{\"@type\":\"SearchAction\",\"target\":{\"@type\":\"EntryPoint\",\"urlTemplate\":\"https:\/\/www.welovecycling.com\/hu\/?s={search_term_string}\"},\"query-input\":{\"@type\":\"PropertyValueSpecification\",\"valueRequired\":true,\"valueName\":\"search_term_string\"}}],\"inLanguage\":\"hu\"},{\"@type\":\"Person\",\"@id\":\"https:\/\/www.welovecycling.com\/hu\/#\/schema\/person\/414a2aebf1801691a5320edb6468e194\",\"name\":\"hegyizs\",\"image\":{\"@type\":\"ImageObject\",\"inLanguage\":\"hu\",\"@id\":\"https:\/\/www.welovecycling.com\/hu\/#\/schema\/person\/image\/\",\"url\":\"https:\/\/secure.gravatar.com\/avatar\/02cf8a7906b8cf90cecb4679defac7cfd33a1c2e3b88e4903d947f3bb58eedd3?s=96&d=mm&r=g\",\"contentUrl\":\"https:\/\/secure.gravatar.com\/avatar\/02cf8a7906b8cf90cecb4679defac7cfd33a1c2e3b88e4903d947f3bb58eedd3?s=96&d=mm&r=g\",\"caption\":\"hegyizs\"},\"url\":\"https:\/\/www.welovecycling.com\/hu\/author\/hegyizs\/\"}]}<\/script>\n<!-- \/ Yoast SEO Premium plugin. -->","yoast_head_json":{"title":"H\u00e1rom bring\u00e1s \u00fatvonal az \u0151szi h\u00e9tv\u00e9g\u00e9kre - \u0160koda We Love Cycling - Magyarorsz\u00e1g","description":"\u00cdme n\u00e9h\u00e1ny bring\u00e1s \u00fatvonal, ami b\u00e1rki sz\u00e1m\u00e1ra egyszer\u0171en megk\u00f6zel\u00edthet\u0151 Magyarorsz\u00e1gon bar\u00e1tokkal, csal\u00e1ddal, vagy ak\u00e1r egyed\u00fcl is.","robots":{"index":"index","follow":"follow","max-snippet":"max-snippet:-1","max-image-preview":"max-image-preview:large","max-video-preview":"max-video-preview:-1"},"canonical":"https:\/\/www.welovecycling.com\/hu\/csalad\/harom-bringas-utvonal-az-oszi-hetvegekre\/","og_locale":"hu_HU","og_type":"article","og_title":"H\u00e1rom bring\u00e1s \u00fatvonal az \u0151szi h\u00e9tv\u00e9g\u00e9kre","og_description":"\u00cdme n\u00e9h\u00e1ny bring\u00e1s \u00fatvonal, ami b\u00e1rki sz\u00e1m\u00e1ra egyszer\u0171en megk\u00f6zel\u00edthet\u0151 Magyarorsz\u00e1gon bar\u00e1tokkal, csal\u00e1ddal, vagy ak\u00e1r egyed\u00fcl is.","og_url":"https:\/\/www.welovecycling.com\/hu\/csalad\/harom-bringas-utvonal-az-oszi-hetvegekre\/","og_site_name":"\u0160koda We Love Cycling - Magyarorsz\u00e1g","article_publisher":"https:\/\/www.facebook.com\/WeLoveCyclingHungary\/","article_published_time":"2018-09-06T08:00:59+00:00","article_modified_time":"2018-09-06T12:34:01+00:00","og_image":[{"width":1920,"height":1280,"url":"https:\/\/d2p6e6u75xmxt8.cloudfront.net\/12\/2018\/08\/bringas-utvonal-we-love-cycling.jpg","type":"image\/jpeg"}],"author":"hegyizs","twitter_card":"summary_large_image","twitter_misc":{"Written by":"hegyizs","Est. reading time":"3 minutes"},"schema":{"@context":"https:\/\/schema.org","@graph":[{"@type":"WebPage","@id":"https:\/\/www.welovecycling.com\/hu\/csalad\/harom-bringas-utvonal-az-oszi-hetvegekre\/","url":"https:\/\/www.welovecycling.com\/hu\/csalad\/harom-bringas-utvonal-az-oszi-hetvegekre\/","name":"H\u00e1rom bring\u00e1s \u00fatvonal az \u0151szi h\u00e9tv\u00e9g\u00e9kre - \u0160koda We Love Cycling - Magyarorsz\u00e1g","isPartOf":{"@id":"https:\/\/www.welovecycling.com\/hu\/#website"},"primaryImageOfPage":{"@id":"https:\/\/www.welovecycling.com\/hu\/csalad\/harom-bringas-utvonal-az-oszi-hetvegekre\/#primaryimage"},"image":{"@id":"https:\/\/www.welovecycling.com\/hu\/csalad\/harom-bringas-utvonal-az-oszi-hetvegekre\/#primaryimage"},"thumbnailUrl":"https:\/\/d2p6e6u75xmxt8.cloudfront.net\/12\/2018\/08\/bringas-utvonal-we-love-cycling.jpg","datePublished":"2018-09-06T08:00:59+00:00","dateModified":"2018-09-06T12:34:01+00:00","author":{"@id":"https:\/\/www.welovecycling.com\/hu\/#\/schema\/person\/414a2aebf1801691a5320edb6468e194"},"description":"\u00cdme n\u00e9h\u00e1ny bring\u00e1s \u00fatvonal, ami b\u00e1rki sz\u00e1m\u00e1ra egyszer\u0171en megk\u00f6zel\u00edthet\u0151 Magyarorsz\u00e1gon bar\u00e1tokkal, csal\u00e1ddal, vagy ak\u00e1r egyed\u00fcl is.","breadcrumb":{"@id":"https:\/\/www.welovecycling.com\/hu\/csalad\/harom-bringas-utvonal-az-oszi-hetvegekre\/#breadcrumb"},"inLanguage":"hu","potentialAction":[{"@type":"ReadAction","target":["https:\/\/www.welovecycling.com\/hu\/csalad\/harom-bringas-utvonal-az-oszi-hetvegekre\/"]}]},{"@type":"ImageObject","inLanguage":"hu","@id":"https:\/\/www.welovecycling.com\/hu\/csalad\/harom-bringas-utvonal-az-oszi-hetvegekre\/#primaryimage","url":"https:\/\/d2p6e6u75xmxt8.cloudfront.net\/12\/2018\/08\/bringas-utvonal-we-love-cycling.jpg","contentUrl":"https:\/\/d2p6e6u75xmxt8.cloudfront.net\/12\/2018\/08\/bringas-utvonal-we-love-cycling.jpg","width":1920,"height":1280,"caption":"bring\u00e1s \u00fatvonal"},{"@type":"BreadcrumbList","@id":"https:\/\/www.welovecycling.com\/hu\/csalad\/harom-bringas-utvonal-az-oszi-hetvegekre\/#breadcrumb","itemListElement":[{"@type":"ListItem","position":1,"name":"Home","item":"https:\/\/www.welovecycling.com\/hu\/"},{"@type":"ListItem","position":2,"name":"H\u00e1rom bring\u00e1s \u00fatvonal az \u0151szi h\u00e9tv\u00e9g\u00e9kre"}]},{"@type":"WebSite","@id":"https:\/\/www.welovecycling.com\/hu\/#website","url":"https:\/\/www.welovecycling.com\/hu\/","name":"\u0160koda We Love Cycling - Magyarorsz\u00e1g","description":"\u0160koda WeLoveCycling","potentialAction":[{"@type":"SearchAction","target":{"@type":"EntryPoint","urlTemplate":"https:\/\/www.welovecycling.com\/hu\/?s={search_term_string}"},"query-input":{"@type":"PropertyValueSpecification","valueRequired":true,"valueName":"search_term_string"}}],"inLanguage":"hu"},{"@type":"Person","@id":"https:\/\/www.welovecycling.com\/hu\/#\/schema\/person\/414a2aebf1801691a5320edb6468e194","name":"hegyizs","image":{"@type":"ImageObject","inLanguage":"hu","@id":"https:\/\/www.welovecycling.com\/hu\/#\/schema\/person\/image\/","url":"https:\/\/secure.gravatar.com\/avatar\/02cf8a7906b8cf90cecb4679defac7cfd33a1c2e3b88e4903d947f3bb58eedd3?s=96&d=mm&r=g","contentUrl":"https:\/\/secure.gravatar.com\/avatar\/02cf8a7906b8cf90cecb4679defac7cfd33a1c2e3b88e4903d947f3bb58eedd3?s=96&d=mm&r=g","caption":"hegyizs"},"url":"https:\/\/www.welovecycling.com\/hu\/author\/hegyizs\/"}]}},"_links":{"self":[{"href":"https:\/\/www.welovecycling.com\/hu\/wp-json\/wp\/v2\/posts\/1687","targetHints":{"allow":["GET"]}}],"collection":[{"href":"https:\/\/www.welovecycling.com\/hu\/wp-json\/wp\/v2\/posts"}],"about":[{"href":"https:\/\/www.welovecycling.com\/hu\/wp-json\/wp\/v2\/types\/post"}],"author":[{"embeddable":true,"href":"https:\/\/www.welovecycling.com\/hu\/wp-json\/wp\/v2\/users\/71"}],"replies":[{"embeddable":true,"href":"https:\/\/www.welovecycling.com\/hu\/wp-json\/wp\/v2\/comments?post=1687"}],"version-history":[{"count":2,"href":"https:\/\/www.welovecycling.com\/hu\/wp-json\/wp\/v2\/posts\/1687\/revisions"}],"predecessor-version":[{"id":1694,"href":"https:\/\/www.welovecycling.com\/hu\/wp-json\/wp\/v2\/posts\/1687\/revisions\/1694"}],"wp:featuredmedia":[{"embeddable":true,"href":"https:\/\/www.welovecycling.com\/hu\/wp-json\/wp\/v2\/media\/1692"}],"wp:attachment":[{"href":"https:\/\/www.welovecycling.com\/hu\/wp-json\/wp\/v2\/media?parent=1687"}],"wp:term":[{"taxonomy":"category","embeddable":true,"href":"https:\/\/www.welovecycling.com\/hu\/wp-json\/wp\/v2\/categories?post=1687"},{"taxonomy":"post_tag","embeddable":true,"href":"https:\/\/www.welovecycling.com\/hu\/wp-json\/wp\/v2\/tags?post=1687"},{"taxonomy":"global-categories","embeddable":true,"href":"https:\/\/www.welovecycling.com\/hu\/wp-json\/wp\/v2\/global-categories?post=1687"}],"curies":[{"name":"wp","href":"https:\/\/api.w.org\/{rel}","templated":true}]}}