{"id":16866,"date":"2023-01-20T16:08:25","date_gmt":"2023-01-20T14:08:25","guid":{"rendered":"https:\/\/www.welovecycling.com\/hu\/?p=16866"},"modified":"2023-01-20T16:08:25","modified_gmt":"2023-01-20T14:08:25","slug":"cavendish-t-bejelentette-az-astana-az-oman-koron-debutalhat-a-tour-rekorderaspirans","status":"publish","type":"post","link":"https:\/\/www.welovecycling.com\/hu\/orszaguti-kerekpar\/cavendish-t-bejelentette-az-astana-az-oman-koron-debutalhat-a-tour-rekorderaspirans\/","title":{"rendered":"Cavendish-t bejelentette az Astana, az om\u00e1n k\u00f6r\u00f6n deb\u00fct\u00e1lhat a Tour-rekorderaspir\u00e1ns!"},"content":{"rendered":"<p><strong>A 37 \u00e9ves sprinterlegenda \u00e9rkez\u00e9se alaposan felpezsd\u00edtette a kazah ist\u00e1ll\u00f3t, most minden k\u00f6r\u00fcl\u00f6tte forog \u00e9s a csapat is mindent neki rendel al\u00e1 \u2013 c\u00e9ljuk a lehet\u0151 legt\u00f6k\u00e9letesebb sprintfelvezet\u0151-vonat kialak\u00edt\u00e1sa az abszol\u00fat Tour de France-rekordra t\u00f6r\u0151 brit legenda sz\u00e1m\u00e1ra.<\/strong><!--more--><\/p>\n<p>Sokan v\u00e1rtak m\u00e1r arra a <a href=\"https:\/\/www.welovecycling.com\/hu\/orszaguti-kerekpar\/csak-megvan-cavendish-uj-csapata-az-astananal-folytatja-a-tour-rekordra-toro-sztarsprinter\/\">bejelent\u00e9sre<\/a>, amit v\u00e9g\u00fcl a h\u00e9ten tett meg hivatalosan a csapatigazgat\u00f3 Alekszandr Vinokurov \u00e9s az Astana ist\u00e1ll\u00f3: Mark Cavendish val\u00f3ban a kazah nagycsapatn\u00e1l versenyez az idei \u00e9vben.<\/p>\n<p>Ez azt jelenti, hogy Cav Astana-mezben pr\u00f3b\u00e1lhatja meg megd\u00f6nteni Eddy Merckx abszol\u00fat Tour de France-rekordj\u00e1t a szakaszgy\u0151zelmek sz\u00e1m\u00e1t illet\u0151en (jelenleg, ugye, holtversenyben \u00e1llnak 34-gyel) \u2013 \u00e1m nincs sok ideje a felk\u00e9sz\u00fcl\u00e9sre \u00e9s az \u00faj csapatt\u00e1rsakkal val\u00f3 \u00f6sszeszok\u00e1sra. Az mindenesetre m\u00e1r biztos, hogy els\u0151 versenye a febru\u00e1r 10. \u00e9s 14. k\u00f6zti om\u00e1ni k\u00f6rverseny lesz, itt m\u00e1ris megpr\u00f3b\u00e1lkozhatnak a sprint-felvezet\u0151vonatok kialak\u00edt\u00e1s\u00e1val, ami \u00e9rtelemszer\u0171en kulcsfontoss\u00e1g\u00fa lesz majd a Touron is; ak\u00e1r ezen is \u00e1llhat vagy bukhat a fantasztikus cs\u00facsd\u00f6nt\u00e9s. M\u00edg a Quick-Stepn\u00e9l p\u00e9ld\u00e1ul t\u00f6bbek k\u00f6z\u00f6tt a mez\u0151ny alighanem legjobb felvezet\u0151je, Michael M\u00f6rk\u00f6v \u00e1llt Cavendish rendelkez\u00e9s\u00e9re, addig a j\u00f3solgat\u00f3k k\u00f6z\u00fcl t\u00f6bben m\u00e1ris j\u00f3 el\u0151re k\u00e9ts\u00e9gbe vonj\u00e1k, hogy a jelenlegi Astana-keret alkalmas arra, hogy megfelel\u0151en felvezess\u00e9k a sprinteket a brit legend\u00e1nak. \u00c1m a csapat sportigazgat\u00f3ja, Stefano Zanini m\u00e1s v\u00e9lem\u00e9nyen van.<\/p>\n<figure id=\"attachment_16868\" aria-describedby=\"caption-attachment-16868\" style=\"width: 1024px\" class=\"wp-caption alignnone\"><img loading=\"lazy\" decoding=\"async\" class=\"size-full wp-image-16868\" src=\"https:\/\/d2p6e6u75xmxt8.cloudfront.net\/12\/2023\/01\/X6uYcpahxzZ6hBWJVVGerm.webp\" alt=\"\" width=\"1024\" height=\"683\" srcset=\"https:\/\/d2p6e6u75xmxt8.cloudfront.net\/12\/2023\/01\/X6uYcpahxzZ6hBWJVVGerm.webp 1024w, https:\/\/d2p6e6u75xmxt8.cloudfront.net\/12\/2023\/01\/X6uYcpahxzZ6hBWJVVGerm-300x200.webp 300w, https:\/\/d2p6e6u75xmxt8.cloudfront.net\/12\/2023\/01\/X6uYcpahxzZ6hBWJVVGerm-768x512.webp 768w, https:\/\/d2p6e6u75xmxt8.cloudfront.net\/12\/2023\/01\/X6uYcpahxzZ6hBWJVVGerm-272x182.webp 272w\" sizes=\"auto, (max-width: 1024px) 100vw, 1024px\" \/><figcaption id=\"caption-attachment-16868\" class=\"wp-caption-text\">M\u00f6rk\u00f6vvel nagyon \u00e9rezt\u00e9k egym\u00e1st, de a megfelel\u0151 felvezet\u00e9s az Astan\u00e1n\u00e1l is kulcsk\u00e9rd\u00e9s lesz majd (fot\u00f3: Philippe Lopez\/AFP via Getty Images)<\/figcaption><\/figure>\n<p>A maga kor\u00e1ban ugyancsak kiv\u00e1l\u00f3 olasz sprinter a Cyclingnews szakport\u00e1lnak \u00fagy nyilatkozott: <em>\u201eAz emberek megk\u00e9rd\u0151jelezik, hogy el\u0151 tudjuk-e k\u00e9sz\u00edteni a sprinteket Marknak, de szerintem igen, m\u00e9ghozz\u00e1 igen j\u00f3l. Az Astana hagyom\u00e1nyosan mindig is egy Grand Tour- \u00e9s szakaszverseny-csapat volt, most pedig itt van n\u00e1lunk Mark, \u00fagyhogy alkalmazkodunk, \u00e1tform\u00e1l\u00f3dunk \u00e9s mindent megtesz\u00fcnk, amit csak tudunk, hogy megfelel\u0151 t\u00e1mogat\u00e1st ny\u00fajtsunk neki. Sz\u00fcks\u00e9g\u00fcnk van n\u00e9mi id\u0151re a felvezet\u0151vonatunk t\u00f6k\u00e9letes\u00edt\u00e9s\u00e9hez, de itt van p\u00e9ld\u00e1ul Cees Bol, akit k\u00fcl\u00f6n Mark seg\u00edt\u00e9s\u00e9re hoztunk a csapathoz. Rajta k\u00edv\u00fcl pedig Martin Laas, az U23-as vil\u00e1gbajnok Jevgenyij Fjodorov, Dmitrij Gruzdev, plusz Manuele Boraro \u00e9s Davide Martinelli is nagy seg\u00edts\u00e9g lehet az utols\u00f3 kilom\u00e9tereken.\u201d<\/em><\/p>\n<figure id=\"attachment_16869\" aria-describedby=\"caption-attachment-16869\" style=\"width: 1024px\" class=\"wp-caption alignnone\"><img loading=\"lazy\" decoding=\"async\" class=\"size-large wp-image-16869\" src=\"https:\/\/d2p6e6u75xmxt8.cloudfront.net\/12\/2023\/01\/images0.persgroep-1024x683.webp\" alt=\"\" width=\"1024\" height=\"683\" srcset=\"https:\/\/d2p6e6u75xmxt8.cloudfront.net\/12\/2023\/01\/images0.persgroep-1024x683.webp 1024w, https:\/\/d2p6e6u75xmxt8.cloudfront.net\/12\/2023\/01\/images0.persgroep-300x200.webp 300w, https:\/\/d2p6e6u75xmxt8.cloudfront.net\/12\/2023\/01\/images0.persgroep-768x512.webp 768w, https:\/\/d2p6e6u75xmxt8.cloudfront.net\/12\/2023\/01\/images0.persgroep-272x182.webp 272w, https:\/\/d2p6e6u75xmxt8.cloudfront.net\/12\/2023\/01\/images0.persgroep.webp 1350w\" sizes=\"auto, (max-width: 1024px) 100vw, 1024px\" \/><figcaption id=\"caption-attachment-16869\" class=\"wp-caption-text\">Stefano Zanini Astana-vez\u00e9r tan\u00e1csain sok m\u00falik majd (fot\u00f3: Photo News)<\/figcaption><\/figure>\n<p>Zanini elmondta, most t\u00e9nyleg minden Cavendish k\u00f6r\u00fcl forog az Astan\u00e1n\u00e1l: <em>\u201eMegtisztel\u0151, hogy egy ilyen nagyszer\u0171 sprinter, mint Mark \u00fagy d\u00f6nt\u00f6tt, hogy az Astan\u00e1hoz csatlakozik. \u0150 a m\u0171faj legjobbja, egyben val\u00f3sz\u00edn\u0171leg a sport\u00e1g t\u00f6rt\u00e9net\u00e9nek is a legjobb sprintere. Mindent meg fogunk tenni, hogy seg\u00edts\u00fck \u0151t a szezonban!\u201d<\/em><\/p>\n<p>A 37 \u00e9vesen is kirobban\u00f3 form\u00e1ban l\u00e9v\u0151 Cavendish mindenesetre elt\u00f6k\u00e9lt, ahogy \u0151 fogalmaz: <em>\u201eHossz\u00fa, sikeres p\u00e1lyafut\u00e1s van m\u00e1r m\u00f6g\u00f6ttem, de a ker\u00e9kp\u00e1roz\u00e1s \u00f6r\u00f6me \u00e9s a gy\u0151zelemre val\u00f3 \u00e9hs\u00e9g m\u00e9g mindig ugyanolyan ragyog\u00f3, mint kor\u00e1bban b\u00e1rmikor!\u201d<\/em><\/p>\n<p>Bor\u00edt\u00f3k\u00e9p: Astana Qazaqstan<\/p>\n","protected":false},"excerpt":{"rendered":"<p>A 37 \u00e9ves sprinterlegenda \u00e9rkez\u00e9se alaposan felpezsd\u00edtette a kazah ist\u00e1ll\u00f3t, most minden k\u00f6r\u00fcl\u00f6tte forog \u00e9s a csapat is mindent neki [&hellip;]<\/p>\n","protected":false},"author":71,"featured_media":16867,"comment_status":"open","ping_status":"open","sticky":false,"template":"","format":"standard","meta":{"footnotes":""},"categories":[8],"tags":[],"global-categories":[419],"class_list":["post-16866","post","type-post","status-publish","format-standard","has-post-thumbnail","hentry","category-orszaguti-kerekpar","global-categories-cycling"],"yoast_head":"<!-- This site is optimized with the Yoast SEO Premium plugin v25.3 (Yoast SEO v25.9) - https:\/\/yoast.com\/wordpress\/plugins\/seo\/ -->\n<title>Cavendish-t bejelentette az Astana, az om\u00e1n k\u00f6r\u00f6n deb\u00fct\u00e1lhat a Tour-rekorderaspir\u00e1ns!<\/title>\n<meta name=\"description\" content=\"A 37 \u00e9ves sprinterlegenda \u00e9rkez\u00e9se alaposan felpezsd\u00edtette a kazah ist\u00e1ll\u00f3t, most minden k\u00f6r\u00fcl\u00f6tte forog \u00e9s a csapat is mindent neki rendel al\u00e1 \u2013 c\u00e9ljuk a lehet\u0151 legt\u00f6k\u00e9letesebb sprintfelvezet\u0151-vonat kialak\u00edt\u00e1sa az abszol\u00fat Tour de France-rekordra t\u00f6r\u0151 brit legenda sz\u00e1m\u00e1ra.\" \/>\n<meta name=\"robots\" content=\"index, follow, max-snippet:-1, max-image-preview:large, max-video-preview:-1\" \/>\n<link rel=\"canonical\" href=\"https:\/\/www.welovecycling.com\/hu\/orszaguti-kerekpar\/cavendish-t-bejelentette-az-astana-az-oman-koron-debutalhat-a-tour-rekorderaspirans\/\" \/>\n<meta property=\"og:locale\" content=\"hu_HU\" \/>\n<meta property=\"og:type\" content=\"article\" \/>\n<meta property=\"og:title\" content=\"Cavendish-t bejelentette az Astana, az om\u00e1n k\u00f6r\u00f6n deb\u00fct\u00e1lhat a Tour-rekorderaspir\u00e1ns!\" \/>\n<meta property=\"og:description\" content=\"A 37 \u00e9ves sprinterlegenda \u00e9rkez\u00e9se alaposan felpezsd\u00edtette a kazah ist\u00e1ll\u00f3t, most minden k\u00f6r\u00fcl\u00f6tte forog \u00e9s a csapat is mindent neki rendel al\u00e1 \u2013 c\u00e9ljuk a lehet\u0151 legt\u00f6k\u00e9letesebb sprintfelvezet\u0151-vonat kialak\u00edt\u00e1sa az abszol\u00fat Tour de France-rekordra t\u00f6r\u0151 brit legenda sz\u00e1m\u00e1ra.\" \/>\n<meta property=\"og:url\" content=\"https:\/\/www.welovecycling.com\/hu\/orszaguti-kerekpar\/cavendish-t-bejelentette-az-astana-az-oman-koron-debutalhat-a-tour-rekorderaspirans\/\" \/>\n<meta property=\"og:site_name\" content=\"\u0160koda We Love Cycling - Magyarorsz\u00e1g\" \/>\n<meta property=\"article:publisher\" content=\"https:\/\/www.facebook.com\/WeLoveCyclingHungary\/\" \/>\n<meta property=\"article:published_time\" content=\"2023-01-20T14:08:25+00:00\" \/>\n<meta property=\"og:image\" content=\"https:\/\/d2p6e6u75xmxt8.cloudfront.net\/12\/2023\/01\/DSC00777.webp\" \/>\n\t<meta property=\"og:image:width\" content=\"1920\" \/>\n\t<meta property=\"og:image:height\" content=\"1080\" \/>\n\t<meta property=\"og:image:type\" content=\"image\/webp\" \/>\n<meta name=\"author\" content=\"hegyizs\" \/>\n<meta name=\"twitter:card\" content=\"summary_large_image\" \/>\n<meta name=\"twitter:label1\" content=\"Written by\" \/>\n\t<meta name=\"twitter:data1\" content=\"WLC\" \/>\n\t<meta name=\"twitter:label2\" content=\"Est. reading time\" \/>\n\t<meta name=\"twitter:data2\" content=\"3 minutes\" \/>\n<script type=\"application\/ld+json\" class=\"yoast-schema-graph\">{\"@context\":\"https:\/\/schema.org\",\"@graph\":[{\"@type\":\"WebPage\",\"@id\":\"https:\/\/www.welovecycling.com\/hu\/orszaguti-kerekpar\/cavendish-t-bejelentette-az-astana-az-oman-koron-debutalhat-a-tour-rekorderaspirans\/\",\"url\":\"https:\/\/www.welovecycling.com\/hu\/orszaguti-kerekpar\/cavendish-t-bejelentette-az-astana-az-oman-koron-debutalhat-a-tour-rekorderaspirans\/\",\"name\":\"Cavendish-t bejelentette az Astana, az om\u00e1n k\u00f6r\u00f6n deb\u00fct\u00e1lhat a Tour-rekorderaspir\u00e1ns!\",\"isPartOf\":{\"@id\":\"https:\/\/www.welovecycling.com\/hu\/#website\"},\"primaryImageOfPage\":{\"@id\":\"https:\/\/www.welovecycling.com\/hu\/orszaguti-kerekpar\/cavendish-t-bejelentette-az-astana-az-oman-koron-debutalhat-a-tour-rekorderaspirans\/#primaryimage\"},\"image\":{\"@id\":\"https:\/\/www.welovecycling.com\/hu\/orszaguti-kerekpar\/cavendish-t-bejelentette-az-astana-az-oman-koron-debutalhat-a-tour-rekorderaspirans\/#primaryimage\"},\"thumbnailUrl\":\"https:\/\/d2p6e6u75xmxt8.cloudfront.net\/12\/2023\/01\/DSC00777.webp\",\"datePublished\":\"2023-01-20T14:08:25+00:00\",\"author\":{\"@id\":\"https:\/\/www.welovecycling.com\/hu\/#\/schema\/person\/414a2aebf1801691a5320edb6468e194\"},\"description\":\"A 37 \u00e9ves sprinterlegenda \u00e9rkez\u00e9se alaposan felpezsd\u00edtette a kazah ist\u00e1ll\u00f3t, most minden k\u00f6r\u00fcl\u00f6tte forog \u00e9s a csapat is mindent neki rendel al\u00e1 \u2013 c\u00e9ljuk a lehet\u0151 legt\u00f6k\u00e9letesebb sprintfelvezet\u0151-vonat kialak\u00edt\u00e1sa az abszol\u00fat Tour de France-rekordra t\u00f6r\u0151 brit legenda sz\u00e1m\u00e1ra.\",\"breadcrumb\":{\"@id\":\"https:\/\/www.welovecycling.com\/hu\/orszaguti-kerekpar\/cavendish-t-bejelentette-az-astana-az-oman-koron-debutalhat-a-tour-rekorderaspirans\/#breadcrumb\"},\"inLanguage\":\"hu\",\"potentialAction\":[{\"@type\":\"ReadAction\",\"target\":[\"https:\/\/www.welovecycling.com\/hu\/orszaguti-kerekpar\/cavendish-t-bejelentette-az-astana-az-oman-koron-debutalhat-a-tour-rekorderaspirans\/\"]}]},{\"@type\":\"ImageObject\",\"inLanguage\":\"hu\",\"@id\":\"https:\/\/www.welovecycling.com\/hu\/orszaguti-kerekpar\/cavendish-t-bejelentette-az-astana-az-oman-koron-debutalhat-a-tour-rekorderaspirans\/#primaryimage\",\"url\":\"https:\/\/d2p6e6u75xmxt8.cloudfront.net\/12\/2023\/01\/DSC00777.webp\",\"contentUrl\":\"https:\/\/d2p6e6u75xmxt8.cloudfront.net\/12\/2023\/01\/DSC00777.webp\",\"width\":1920,\"height\":1080},{\"@type\":\"BreadcrumbList\",\"@id\":\"https:\/\/www.welovecycling.com\/hu\/orszaguti-kerekpar\/cavendish-t-bejelentette-az-astana-az-oman-koron-debutalhat-a-tour-rekorderaspirans\/#breadcrumb\",\"itemListElement\":[{\"@type\":\"ListItem\",\"position\":1,\"name\":\"Home\",\"item\":\"https:\/\/www.welovecycling.com\/hu\/\"},{\"@type\":\"ListItem\",\"position\":2,\"name\":\"Cavendish-t bejelentette az Astana, az om\u00e1n k\u00f6r\u00f6n deb\u00fct\u00e1lhat a Tour-rekorderaspir\u00e1ns!\"}]},{\"@type\":\"WebSite\",\"@id\":\"https:\/\/www.welovecycling.com\/hu\/#website\",\"url\":\"https:\/\/www.welovecycling.com\/hu\/\",\"name\":\"\u0160koda We Love Cycling - Magyarorsz\u00e1g\",\"description\":\"\u0160koda WeLoveCycling\",\"potentialAction\":[{\"@type\":\"SearchAction\",\"target\":{\"@type\":\"EntryPoint\",\"urlTemplate\":\"https:\/\/www.welovecycling.com\/hu\/?s={search_term_string}\"},\"query-input\":{\"@type\":\"PropertyValueSpecification\",\"valueRequired\":true,\"valueName\":\"search_term_string\"}}],\"inLanguage\":\"hu\"},{\"@type\":\"Person\",\"@id\":\"https:\/\/www.welovecycling.com\/hu\/#\/schema\/person\/414a2aebf1801691a5320edb6468e194\",\"name\":\"hegyizs\",\"image\":{\"@type\":\"ImageObject\",\"inLanguage\":\"hu\",\"@id\":\"https:\/\/www.welovecycling.com\/hu\/#\/schema\/person\/image\/\",\"url\":\"https:\/\/secure.gravatar.com\/avatar\/02cf8a7906b8cf90cecb4679defac7cfd33a1c2e3b88e4903d947f3bb58eedd3?s=96&d=mm&r=g\",\"contentUrl\":\"https:\/\/secure.gravatar.com\/avatar\/02cf8a7906b8cf90cecb4679defac7cfd33a1c2e3b88e4903d947f3bb58eedd3?s=96&d=mm&r=g\",\"caption\":\"hegyizs\"},\"url\":\"https:\/\/www.welovecycling.com\/hu\/author\/hegyizs\/\"}]}<\/script>\n<!-- \/ Yoast SEO Premium plugin. -->","yoast_head_json":{"title":"Cavendish-t bejelentette az Astana, az om\u00e1n k\u00f6r\u00f6n deb\u00fct\u00e1lhat a Tour-rekorderaspir\u00e1ns!","description":"A 37 \u00e9ves sprinterlegenda \u00e9rkez\u00e9se alaposan felpezsd\u00edtette a kazah ist\u00e1ll\u00f3t, most minden k\u00f6r\u00fcl\u00f6tte forog \u00e9s a csapat is mindent neki rendel al\u00e1 \u2013 c\u00e9ljuk a lehet\u0151 legt\u00f6k\u00e9letesebb sprintfelvezet\u0151-vonat kialak\u00edt\u00e1sa az abszol\u00fat Tour de France-rekordra t\u00f6r\u0151 brit legenda sz\u00e1m\u00e1ra.","robots":{"index":"index","follow":"follow","max-snippet":"max-snippet:-1","max-image-preview":"max-image-preview:large","max-video-preview":"max-video-preview:-1"},"canonical":"https:\/\/www.welovecycling.com\/hu\/orszaguti-kerekpar\/cavendish-t-bejelentette-az-astana-az-oman-koron-debutalhat-a-tour-rekorderaspirans\/","og_locale":"hu_HU","og_type":"article","og_title":"Cavendish-t bejelentette az Astana, az om\u00e1n k\u00f6r\u00f6n deb\u00fct\u00e1lhat a Tour-rekorderaspir\u00e1ns!","og_description":"A 37 \u00e9ves sprinterlegenda \u00e9rkez\u00e9se alaposan felpezsd\u00edtette a kazah ist\u00e1ll\u00f3t, most minden k\u00f6r\u00fcl\u00f6tte forog \u00e9s a csapat is mindent neki rendel al\u00e1 \u2013 c\u00e9ljuk a lehet\u0151 legt\u00f6k\u00e9letesebb sprintfelvezet\u0151-vonat kialak\u00edt\u00e1sa az abszol\u00fat Tour de France-rekordra t\u00f6r\u0151 brit legenda sz\u00e1m\u00e1ra.","og_url":"https:\/\/www.welovecycling.com\/hu\/orszaguti-kerekpar\/cavendish-t-bejelentette-az-astana-az-oman-koron-debutalhat-a-tour-rekorderaspirans\/","og_site_name":"\u0160koda We Love Cycling - Magyarorsz\u00e1g","article_publisher":"https:\/\/www.facebook.com\/WeLoveCyclingHungary\/","article_published_time":"2023-01-20T14:08:25+00:00","og_image":[{"width":1920,"height":1080,"url":"https:\/\/d2p6e6u75xmxt8.cloudfront.net\/12\/2023\/01\/DSC00777.webp","type":"image\/webp"}],"author":"hegyizs","twitter_card":"summary_large_image","twitter_misc":{"Written by":"WLC","Est. reading time":"3 minutes"},"schema":{"@context":"https:\/\/schema.org","@graph":[{"@type":"WebPage","@id":"https:\/\/www.welovecycling.com\/hu\/orszaguti-kerekpar\/cavendish-t-bejelentette-az-astana-az-oman-koron-debutalhat-a-tour-rekorderaspirans\/","url":"https:\/\/www.welovecycling.com\/hu\/orszaguti-kerekpar\/cavendish-t-bejelentette-az-astana-az-oman-koron-debutalhat-a-tour-rekorderaspirans\/","name":"Cavendish-t bejelentette az Astana, az om\u00e1n k\u00f6r\u00f6n deb\u00fct\u00e1lhat a Tour-rekorderaspir\u00e1ns!","isPartOf":{"@id":"https:\/\/www.welovecycling.com\/hu\/#website"},"primaryImageOfPage":{"@id":"https:\/\/www.welovecycling.com\/hu\/orszaguti-kerekpar\/cavendish-t-bejelentette-az-astana-az-oman-koron-debutalhat-a-tour-rekorderaspirans\/#primaryimage"},"image":{"@id":"https:\/\/www.welovecycling.com\/hu\/orszaguti-kerekpar\/cavendish-t-bejelentette-az-astana-az-oman-koron-debutalhat-a-tour-rekorderaspirans\/#primaryimage"},"thumbnailUrl":"https:\/\/d2p6e6u75xmxt8.cloudfront.net\/12\/2023\/01\/DSC00777.webp","datePublished":"2023-01-20T14:08:25+00:00","author":{"@id":"https:\/\/www.welovecycling.com\/hu\/#\/schema\/person\/414a2aebf1801691a5320edb6468e194"},"description":"A 37 \u00e9ves sprinterlegenda \u00e9rkez\u00e9se alaposan felpezsd\u00edtette a kazah ist\u00e1ll\u00f3t, most minden k\u00f6r\u00fcl\u00f6tte forog \u00e9s a csapat is mindent neki rendel al\u00e1 \u2013 c\u00e9ljuk a lehet\u0151 legt\u00f6k\u00e9letesebb sprintfelvezet\u0151-vonat kialak\u00edt\u00e1sa az abszol\u00fat Tour de France-rekordra t\u00f6r\u0151 brit legenda sz\u00e1m\u00e1ra.","breadcrumb":{"@id":"https:\/\/www.welovecycling.com\/hu\/orszaguti-kerekpar\/cavendish-t-bejelentette-az-astana-az-oman-koron-debutalhat-a-tour-rekorderaspirans\/#breadcrumb"},"inLanguage":"hu","potentialAction":[{"@type":"ReadAction","target":["https:\/\/www.welovecycling.com\/hu\/orszaguti-kerekpar\/cavendish-t-bejelentette-az-astana-az-oman-koron-debutalhat-a-tour-rekorderaspirans\/"]}]},{"@type":"ImageObject","inLanguage":"hu","@id":"https:\/\/www.welovecycling.com\/hu\/orszaguti-kerekpar\/cavendish-t-bejelentette-az-astana-az-oman-koron-debutalhat-a-tour-rekorderaspirans\/#primaryimage","url":"https:\/\/d2p6e6u75xmxt8.cloudfront.net\/12\/2023\/01\/DSC00777.webp","contentUrl":"https:\/\/d2p6e6u75xmxt8.cloudfront.net\/12\/2023\/01\/DSC00777.webp","width":1920,"height":1080},{"@type":"BreadcrumbList","@id":"https:\/\/www.welovecycling.com\/hu\/orszaguti-kerekpar\/cavendish-t-bejelentette-az-astana-az-oman-koron-debutalhat-a-tour-rekorderaspirans\/#breadcrumb","itemListElement":[{"@type":"ListItem","position":1,"name":"Home","item":"https:\/\/www.welovecycling.com\/hu\/"},{"@type":"ListItem","position":2,"name":"Cavendish-t bejelentette az Astana, az om\u00e1n k\u00f6r\u00f6n deb\u00fct\u00e1lhat a Tour-rekorderaspir\u00e1ns!"}]},{"@type":"WebSite","@id":"https:\/\/www.welovecycling.com\/hu\/#website","url":"https:\/\/www.welovecycling.com\/hu\/","name":"\u0160koda We Love Cycling - Magyarorsz\u00e1g","description":"\u0160koda WeLoveCycling","potentialAction":[{"@type":"SearchAction","target":{"@type":"EntryPoint","urlTemplate":"https:\/\/www.welovecycling.com\/hu\/?s={search_term_string}"},"query-input":{"@type":"PropertyValueSpecification","valueRequired":true,"valueName":"search_term_string"}}],"inLanguage":"hu"},{"@type":"Person","@id":"https:\/\/www.welovecycling.com\/hu\/#\/schema\/person\/414a2aebf1801691a5320edb6468e194","name":"hegyizs","image":{"@type":"ImageObject","inLanguage":"hu","@id":"https:\/\/www.welovecycling.com\/hu\/#\/schema\/person\/image\/","url":"https:\/\/secure.gravatar.com\/avatar\/02cf8a7906b8cf90cecb4679defac7cfd33a1c2e3b88e4903d947f3bb58eedd3?s=96&d=mm&r=g","contentUrl":"https:\/\/secure.gravatar.com\/avatar\/02cf8a7906b8cf90cecb4679defac7cfd33a1c2e3b88e4903d947f3bb58eedd3?s=96&d=mm&r=g","caption":"hegyizs"},"url":"https:\/\/www.welovecycling.com\/hu\/author\/hegyizs\/"}]}},"_links":{"self":[{"href":"https:\/\/www.welovecycling.com\/hu\/wp-json\/wp\/v2\/posts\/16866","targetHints":{"allow":["GET"]}}],"collection":[{"href":"https:\/\/www.welovecycling.com\/hu\/wp-json\/wp\/v2\/posts"}],"about":[{"href":"https:\/\/www.welovecycling.com\/hu\/wp-json\/wp\/v2\/types\/post"}],"author":[{"embeddable":true,"href":"https:\/\/www.welovecycling.com\/hu\/wp-json\/wp\/v2\/users\/71"}],"replies":[{"embeddable":true,"href":"https:\/\/www.welovecycling.com\/hu\/wp-json\/wp\/v2\/comments?post=16866"}],"version-history":[{"count":1,"href":"https:\/\/www.welovecycling.com\/hu\/wp-json\/wp\/v2\/posts\/16866\/revisions"}],"predecessor-version":[{"id":16870,"href":"https:\/\/www.welovecycling.com\/hu\/wp-json\/wp\/v2\/posts\/16866\/revisions\/16870"}],"wp:featuredmedia":[{"embeddable":true,"href":"https:\/\/www.welovecycling.com\/hu\/wp-json\/wp\/v2\/media\/16867"}],"wp:attachment":[{"href":"https:\/\/www.welovecycling.com\/hu\/wp-json\/wp\/v2\/media?parent=16866"}],"wp:term":[{"taxonomy":"category","embeddable":true,"href":"https:\/\/www.welovecycling.com\/hu\/wp-json\/wp\/v2\/categories?post=16866"},{"taxonomy":"post_tag","embeddable":true,"href":"https:\/\/www.welovecycling.com\/hu\/wp-json\/wp\/v2\/tags?post=16866"},{"taxonomy":"global-categories","embeddable":true,"href":"https:\/\/www.welovecycling.com\/hu\/wp-json\/wp\/v2\/global-categories?post=16866"}],"curies":[{"name":"wp","href":"https:\/\/api.w.org\/{rel}","templated":true}]}}