{"id":16853,"date":"2023-01-27T08:00:18","date_gmt":"2023-01-27T06:00:18","guid":{"rendered":"https:\/\/www.welovecycling.com\/hu\/?p=16853"},"modified":"2023-01-20T16:25:00","modified_gmt":"2023-01-20T14:25:00","slug":"leereszkedes-az-etna-fullaszto-szajaba","status":"publish","type":"post","link":"https:\/\/www.welovecycling.com\/hu\/trekking-mtb\/leereszkedes-az-etna-fullaszto-szajaba\/","title":{"rendered":"Leereszked\u00e9s az Etna fullaszt\u00f3 sz\u00e1j\u00e1ba"},"content":{"rendered":"<p><strong>Most m\u00e1r leveg\u0151t kellene vennem, de a kr\u00e1terb\u0151l felsz\u00e1ll\u00f3 k\u00e9nes f\u00fcst miatt ink\u00e1bb visszatartom a l\u00e9legzetem. M\u00e9g majdnem f\u00e9l percbe telik, mire a sz\u00e9lir\u00e1ny megv\u00e1ltozik, \u00e9s elf\u00fajja a s\u00e1rga felh\u0151t. A perem f\u00f6l\u00e9 pillantva l\u00e1tom a f\u00fcsttel teli m\u00e9ly lyukat. Az eddigi b\u00e1tor jelentkez\u0151k \u00fatvonala, akik le mertek ereszkedni Olaszorsz\u00e1g legmagasabb vulk\u00e1nj\u00e1n, az Etn\u00e1n, a cs\u00facst\u00f3l a vulk\u00e1n t\u00f6v\u00e9ig vezetett. Az \u00e9n c\u00e9lom azonban a t\u00faloldalon van, ugyanis az a sz\u00e1nd\u00e9kom, hogy lejussak az Etna sz\u00e1j\u00e1ba.<\/strong><\/p>\n<p style=\"font-weight: 400;\"><!--more--><\/p>\n<p>Gondoljatok \u00fagy az Etna kr\u00e1ter\u00e9re, mint egy l\u00e1va-nyel\u0151re, melynek az alj\u00e1n van egy ny\u00edl\u00e1s, ami az ismeretlenbe vezet. Ez\u00e9rt, miel\u0151tt le\u00e9rn\u00e9k a vulk\u00e1n alj\u00e1ra, null\u00e1ra kell lass\u00edtanom, hogy ne cs\u00fasszak egyenesen a pokolba. Hogy mi\u00e9rt pokol? Nos, b\u00e1r az Etna az elm\u00falt hetekben csendes volt, szinte b\u00e1rmikor \u00fajra fel\u00e9bredhet, hiszen a vil\u00e1g egyik legakt\u00edvabb vulk\u00e1nja.<\/p>\n<figure id=\"attachment_16854\" aria-describedby=\"caption-attachment-16854\" style=\"width: 990px\" class=\"wp-caption alignnone\"><a href=\"https:\/\/d2p6e6u75xmxt8.cloudfront.net\/12\/2023\/01\/Gaspi-Etna-CVR.webp\"><img loading=\"lazy\" decoding=\"async\" class=\"wp-image-16854 size-full\" src=\"https:\/\/d2p6e6u75xmxt8.cloudfront.net\/12\/2023\/01\/Gaspi-Etna-CVR.webp\" alt=\"Gaspi at Mt. Etna\" width=\"990\" height=\"660\" srcset=\"https:\/\/d2p6e6u75xmxt8.cloudfront.net\/12\/2023\/01\/Gaspi-Etna-CVR.webp 990w, https:\/\/d2p6e6u75xmxt8.cloudfront.net\/12\/2023\/01\/Gaspi-Etna-CVR-300x200.webp 300w, https:\/\/d2p6e6u75xmxt8.cloudfront.net\/12\/2023\/01\/Gaspi-Etna-CVR-768x512.webp 768w, https:\/\/d2p6e6u75xmxt8.cloudfront.net\/12\/2023\/01\/Gaspi-Etna-CVR-272x182.webp 272w\" sizes=\"auto, (max-width: 990px) 100vw, 990px\" \/><\/a><figcaption id=\"caption-attachment-16854\" class=\"wp-caption-text\"><em>A Szic\u00edli\u00e1ban tal\u00e1lhat\u00f3 Etna a vil\u00e1g egyik legakt\u00edvabb vulk\u00e1nja.<\/em><\/figcaption><\/figure>\n<p>Az Etna magass\u00e1ga a vulk\u00e1ni tev\u00e9kenys\u00e9gek hat\u00e1s\u00e1ra folyamatosan v\u00e1ltozik. Az 1981-es kit\u00f6r\u00e9sn\u00e9l m\u00e9g 3350 m\u00e9teres volt a cs\u00facsa, a magma felszabadul\u00e1sa miatt azonban egyre cs\u00f6kkent a magass\u00e1ga, \u00edgy egy 2018-as m\u00e9r\u00e9sn\u00e9l a vulk\u00e1n m\u00e1r csak 3326 m\u00e9teres volt. Jelenleg egy\u00e9bk\u00e9nt a vulk\u00e1nnak n\u00e9gy cs\u00facsa van: a Bocca Nuova, a Voragine, az \u00e9szakkeleti kr\u00e1ter \u00e9s a d\u00e9lkeleti kr\u00e1ter.<\/p>\n<p>Ker\u00e9kp\u00e1roz\u00e1skor k\u00fcl\u00f6n\u00f6sen \u00f3vatosnak kell lenni, ugyanis a felsz\u00ednt \u00e9les l\u00e1vakavicsok bor\u00edtj\u00e1k. Sajnos hamar szembes\u00fcltem ennek a vesz\u00e9lyess\u00e9g\u00e9vel. Az els\u0151 teszt\u00fat sor\u00e1n az Etna lejt\u0151in ker\u00e9kp\u00e1roztam. A kerekek alatt morzsol\u00f3d\u00f3 kavicsok miatt el\u00e9g volt egyetlen apr\u00f3 hib\u00e1t ejtenem, melynek hat\u00e1s\u00e1ra elvesz\u00edtettem az uralmam a bicikli felett \u00e9s \u00e1testem a korm\u00e1nyon. Ennek eredm\u00e9nye egy kificamodott kulcscsont lett. F\u00e1j, de emiatt nem fogom feladni. M\u00e9g a v\u00e1rosban, a helyiek megk\u00e9rdezt\u00e9k, hogy mi\u00e9rt csin\u00e1lom ezt az eg\u00e9szet. Hogy mi\u00e9rt? Val\u00f3sz\u00edn\u0171leg az\u00e9rt, mert meg tudom csin\u00e1lni. No meg az\u00e9rt, mert m\u00e9g soha senki nem csin\u00e1lt ilyet el\u0151ttem.<\/p>\n<p>A t\u00fara megfelel\u0151 id\u0151pontj\u00e1t sem volt k\u00f6nny\u0171 megtal\u00e1lni. Az Etna eset\u00e9ben a j\u00f3 id\u0151re v\u00e1rni olyan, mintha arra v\u00e1rn\u00e9k, mikor nyerem meg a lott\u00f3t, a vulk\u00e1n ugyanis gyakran felh\u0151kbe van burkol\u00f3zva, a cs\u00facson pedig nagyon er\u0151s a sz\u00e9l. \u0150sszel r\u00e1ad\u00e1sul az id\u0151j\u00e1r\u00e1s ak\u00e1r \u00f3r\u00e1r\u00f3l \u00f3r\u00e1ra v\u00e1ltozhat.<\/p>\n<p>A szeizmikus aktivit\u00e1s vesz\u00e9lye miatt szint\u00e9n agg\u00f3dni kell. A vulk\u00e1nkalauzok szerint az Etn\u00e1nak legal\u00e1bb k\u00e9t h\u00f3napig nyugodt \u00e1llapotban kell lennie ahhoz, hogy biztons\u00e1gosnak sz\u00e1m\u00edtson a cs\u00facs megm\u00e1sz\u00e1sa. Szic\u00edliai kapcsolatunk, Giuseppe Coco, a helyi szak\u00e9rt\u0151, aki t\u00e1j\u00e9koztat minket az aktu\u00e1lis helyzetr\u0151l, hogy eld\u00f6nthess\u00fck, van-e \u00e9rtelme 2000 km-t utazni. Amint Giuseppe \u00fczen, mindent bepakolunk a kocsiba \u00e9s indulunk.<\/p>\n<p><a href=\"https:\/\/d2p6e6u75xmxt8.cloudfront.net\/12\/2023\/01\/Gaspi-Etna-2.webp\"><img loading=\"lazy\" decoding=\"async\" class=\"alignnone size-full wp-image-16855\" src=\"https:\/\/d2p6e6u75xmxt8.cloudfront.net\/12\/2023\/01\/Gaspi-Etna-2.webp\" alt=\"\" width=\"1072\" height=\"714\" srcset=\"https:\/\/d2p6e6u75xmxt8.cloudfront.net\/12\/2023\/01\/Gaspi-Etna-2.webp 1072w, https:\/\/d2p6e6u75xmxt8.cloudfront.net\/12\/2023\/01\/Gaspi-Etna-2-300x200.webp 300w, https:\/\/d2p6e6u75xmxt8.cloudfront.net\/12\/2023\/01\/Gaspi-Etna-2-1024x682.webp 1024w, https:\/\/d2p6e6u75xmxt8.cloudfront.net\/12\/2023\/01\/Gaspi-Etna-2-768x512.webp 768w, https:\/\/d2p6e6u75xmxt8.cloudfront.net\/12\/2023\/01\/Gaspi-Etna-2-272x182.webp 272w\" sizes=\"auto, (max-width: 1072px) 100vw, 1072px\" \/><\/a><\/p>\n<div id='gallery-1' class='gallery galleryid-16853 gallery-columns-3 gallery-size-large'><figure class='gallery-item'>\n\t\t\t<div class='gallery-icon landscape'>\n\t\t\t\t<a href='https:\/\/d2p6e6u75xmxt8.cloudfront.net\/12\/2023\/01\/Gaspi-Etna-3.webp'><img loading=\"lazy\" decoding=\"async\" width=\"1024\" height=\"683\" src=\"https:\/\/d2p6e6u75xmxt8.cloudfront.net\/12\/2023\/01\/Gaspi-Etna-3-1024x683.webp\" class=\"attachment-large size-large\" alt=\"\" srcset=\"https:\/\/d2p6e6u75xmxt8.cloudfront.net\/12\/2023\/01\/Gaspi-Etna-3-1024x683.webp 1024w, https:\/\/d2p6e6u75xmxt8.cloudfront.net\/12\/2023\/01\/Gaspi-Etna-3-300x200.webp 300w, https:\/\/d2p6e6u75xmxt8.cloudfront.net\/12\/2023\/01\/Gaspi-Etna-3-768x512.webp 768w, https:\/\/d2p6e6u75xmxt8.cloudfront.net\/12\/2023\/01\/Gaspi-Etna-3-272x182.webp 272w, https:\/\/d2p6e6u75xmxt8.cloudfront.net\/12\/2023\/01\/Gaspi-Etna-3.webp 1110w\" sizes=\"auto, (max-width: 1024px) 100vw, 1024px\" \/><\/a>\n\t\t\t<\/div><\/figure><figure class='gallery-item'>\n\t\t\t<div class='gallery-icon landscape'>\n\t\t\t\t<a href='https:\/\/d2p6e6u75xmxt8.cloudfront.net\/12\/2023\/01\/Gaspi-Etna-4.webp'><img loading=\"lazy\" decoding=\"async\" width=\"1022\" height=\"682\" src=\"https:\/\/d2p6e6u75xmxt8.cloudfront.net\/12\/2023\/01\/Gaspi-Etna-4.webp\" class=\"attachment-large size-large\" alt=\"\" srcset=\"https:\/\/d2p6e6u75xmxt8.cloudfront.net\/12\/2023\/01\/Gaspi-Etna-4.webp 1022w, https:\/\/d2p6e6u75xmxt8.cloudfront.net\/12\/2023\/01\/Gaspi-Etna-4-300x200.webp 300w, https:\/\/d2p6e6u75xmxt8.cloudfront.net\/12\/2023\/01\/Gaspi-Etna-4-768x513.webp 768w, https:\/\/d2p6e6u75xmxt8.cloudfront.net\/12\/2023\/01\/Gaspi-Etna-4-272x182.webp 272w\" sizes=\"auto, (max-width: 1022px) 100vw, 1022px\" \/><\/a>\n\t\t\t<\/div><\/figure><figure class='gallery-item'>\n\t\t\t<div class='gallery-icon landscape'>\n\t\t\t\t<a href='https:\/\/d2p6e6u75xmxt8.cloudfront.net\/12\/2023\/01\/Gaspi-Etna-5.webp'><img loading=\"lazy\" decoding=\"async\" width=\"1024\" height=\"682\" src=\"https:\/\/d2p6e6u75xmxt8.cloudfront.net\/12\/2023\/01\/Gaspi-Etna-5-1024x682.webp\" class=\"attachment-large size-large\" alt=\"\" srcset=\"https:\/\/d2p6e6u75xmxt8.cloudfront.net\/12\/2023\/01\/Gaspi-Etna-5-1024x682.webp 1024w, https:\/\/d2p6e6u75xmxt8.cloudfront.net\/12\/2023\/01\/Gaspi-Etna-5-300x200.webp 300w, https:\/\/d2p6e6u75xmxt8.cloudfront.net\/12\/2023\/01\/Gaspi-Etna-5-768x512.webp 768w, https:\/\/d2p6e6u75xmxt8.cloudfront.net\/12\/2023\/01\/Gaspi-Etna-5-272x182.webp 272w, https:\/\/d2p6e6u75xmxt8.cloudfront.net\/12\/2023\/01\/Gaspi-Etna-5.webp 1118w\" sizes=\"auto, (max-width: 1024px) 100vw, 1024px\" \/><\/a>\n\t\t\t<\/div><\/figure>\n\t\t<\/div>\n\n<p>A cs\u00facsot k\u00e9t ir\u00e1nyb\u00f3l is el lehet \u00e9rni. Mi az \u00e9szaki oldalt v\u00e1lasztottuk, amely Piano Provenzan\u00e1b\u00f3l indul 1800 m\u00e9teres magass\u00e1gban. Onnan egy \u00fagynevezett &#8220;l\u00e1vabusz&#8221; visz fel minket 2800 m\u00e9terig. A szabadon bej\u00e1rhat\u00f3 z\u00f3na ezen a ponton \u00e9r v\u00e9get. Innent\u0151l kezdve mindenkinek k\u00f6telez\u0151en ig\u00e9nybe kell vennie egy idegenvezet\u0151 seg\u00edts\u00e9g\u00e9t, akinek a szolg\u00e1ltat\u00e1sai felbecs\u00fclhetetlenek. Az idegenvezet\u0151k a felfel\u00e9 vezet\u0151 \u00fat sor\u00e1n \u00e1lland\u00f3 r\u00e1di\u00f3\u00f6sszek\u00f6ttet\u00e9sben \u00e1llnak a k\u00f6zponti irod\u00e1val, \u00e9s \u00e9jjel-nappal kapj\u00e1k a legfrissebb inform\u00e1ci\u00f3kat a vulk\u00e1ni tev\u00e9kenys\u00e9g v\u00e1ltoz\u00e1sair\u00f3l. Tapasztalataiknak k\u00f6sz\u00f6nhet\u0151en az idegenvezet\u0151k j\u00f3l ismerik a potenci\u00e1lisan vesz\u00e9lyt jelent\u0151 ter\u00fcleteket is. A hegym\u00e1sz\u00e1s fizikailag megterhel\u0151 volt. Az operat\u0151rnek \u00e9s a fot\u00f3snak r\u00e1ad\u00e1sul minden felszerel\u00e9s\u00e9t mag\u00e1val kellett cipelnie, melyek s\u00falya j\u00f3val meghaladta a 20 kilogrammot. De v\u00e9g\u00fcl fel\u00e9rt\u00fcnk a cs\u00facsra.<\/p>\n<p>Innen n\u00e9zve a kr\u00e1ter belseje egy m\u00e9lyz\u00f6ld-s\u00e1rga sz\u0151nyegnek t\u0171nik. Els\u0151 pillant\u00e1sra \u00fagy n\u00e9z ki, mint egy csod\u00e1latosan vibr\u00e1l\u00f3 kert, de val\u00f3j\u00e1ban a kr\u00e1terb\u0151l felsz\u00e1ll\u00f3 k\u00e9n okozza ezt a z\u00f6ld sz\u00ednt.<\/p>\n<p>Milo\u0161, a fot\u00f3s, a saj\u00e1t b\u0151r\u00e9n tapasztalta meg a k\u00e9n erej\u00e9t, miut\u00e1n egy pillanatra let\u00e9rdelt, hogy fot\u00f3kat k\u00e9sz\u00edtsen. F\u00e9l \u00f3r\u00e1val k\u00e9s\u0151bb a csupasz t\u00e9rde kil\u00e1tszott a sz\u00e9tfoszlott nadr\u00e1gj\u00e1b\u00f3l. A vulk\u00e1n f\u00fcstje pedig annyira fojtogat\u00f3, hogy sokszor visszatartjuk a l\u00e9legzet\u00fcnket.<\/p>\n<figure id=\"attachment_16856\" aria-describedby=\"caption-attachment-16856\" style=\"width: 1022px\" class=\"wp-caption alignnone\"><a href=\"https:\/\/d2p6e6u75xmxt8.cloudfront.net\/12\/2023\/01\/Gaspi-Etna-7.webp\"><img loading=\"lazy\" decoding=\"async\" class=\"wp-image-16856 size-full\" src=\"https:\/\/d2p6e6u75xmxt8.cloudfront.net\/12\/2023\/01\/Gaspi-Etna-7.webp\" alt=\"Gaspi at Mt. Etna\" width=\"1022\" height=\"682\" srcset=\"https:\/\/d2p6e6u75xmxt8.cloudfront.net\/12\/2023\/01\/Gaspi-Etna-7.webp 1022w, https:\/\/d2p6e6u75xmxt8.cloudfront.net\/12\/2023\/01\/Gaspi-Etna-7-300x200.webp 300w, https:\/\/d2p6e6u75xmxt8.cloudfront.net\/12\/2023\/01\/Gaspi-Etna-7-768x513.webp 768w, https:\/\/d2p6e6u75xmxt8.cloudfront.net\/12\/2023\/01\/Gaspi-Etna-7-272x182.webp 272w\" sizes=\"auto, (max-width: 1022px) 100vw, 1022px\" \/><\/a><figcaption id=\"caption-attachment-16856\" class=\"wp-caption-text\"><em>Lefel\u00e9 haladva, a hamuban k\u00fcl\u00f6n\u00f6sen neh\u00e9z ped\u00e1lozni vagy ak\u00e1r tolni a ker\u00e9kp\u00e1rt.<\/em><\/figcaption><\/figure>\n<p>A vulk\u00e1n perem\u00e9n \u00e1llok, meg\u00e1llok egy r\u00f6vid, elsz\u00e1nt pillanatig, majd megkezdem az ereszked\u00e9st a kr\u00e1terbe. Szorosan tartom a korm\u00e1nyt, tekintetemmel a biztons\u00e1gos utat keresem. \u00dagy \u00e9rzem, mintha egy hatalmas k\u00e9m\u00e9nyen ereszkedn\u00e9k lefel\u00e9 a Titanic kaz\u00e1nh\u00e1z\u00e1ba. Maga az ereszked\u00e9s csak egy pillanatig tart. Meleg van odalent, de a leveg\u0151 hideg. Felm\u00e1szni m\u00e1r magamt\u00f3l kell. A v\u00e1llamra veszem a biciklit, \u00e9s m\u00e1szni kezdek, k\u00f6zben nehezen l\u00e9legzem az arcmaszkban. Mikor v\u00e9gre \u00e1tjutok a peremen, sz\u00e9d\u00fcl\u00f6k \u00e9s kimer\u00fcltnek \u00e9rzem magam. De most m\u00e1r legal\u00e1bb elmondhatom, hogy leereszkedtem az Etna kr\u00e1ter\u00e9be.<\/p>\n<p>Az is meger\u0151ltet\u0151, ahogy 3300 m\u00e9terr\u0151l visszaereszkedek 1800 m\u00e9terre. Az \u00f6sv\u00e9ny salakos hamub\u00f3l van, ami morzsol\u00f3dik \u00e9s porlad. K\u00e9s\u0151bb kider\u00fclt, hogy nagyon szerencs\u00e9s id\u0151t v\u00e1lasztottunk a m\u00e1sz\u00e1sra, ugyanis k\u00e9t nappal k\u00e9s\u0151bb m\u00e1r csak h\u00f3es\u00e9st l\u00e1ttunk, ami egy el\u00e9rhetetlen c\u00e9lpontt\u00e1 tette az Etn\u00e1t. Egy nagyszer\u0171 t\u00f6rt\u00e9netet \u00e9s egy \u00e9letre sz\u00f3l\u00f3 \u00e9lm\u00e9nyt tudhatunk magunk\u00e9nak.<\/p>\n<p>Ha az Etn\u00e1r\u00f3l val\u00f3 leereszked\u00e9s nem lenne el\u00e9g ok arra, hogy Szic\u00edli\u00e1ba l\u00e1togass, akkor aj\u00e1nlom Alfio pizz\u00e1j\u00e1t a Pizzeria Belvedere-ben. \u00c9s m\u00e9g mit? A j\u00f6v\u0151ben szeretn\u00e9m megm\u00e1szni a Stromboli vulk\u00e1nt, de tekintettel az ut\u00f3bbi \u00e9vek vulk\u00e1ni tev\u00e9kenys\u00e9g\u00e9re, ez a c\u00e9l szinte lehetetlennek t\u0171nik. B\u00e1r ki tudja?<\/p>\n","protected":false},"excerpt":{"rendered":"<p>Most m\u00e1r leveg\u0151t kellene vennem, de a kr\u00e1terb\u0151l felsz\u00e1ll\u00f3 k\u00e9nes f\u00fcst miatt ink\u00e1bb visszatartom a l\u00e9legzetem. M\u00e9g majdnem f\u00e9l percbe [&hellip;]<\/p>\n","protected":false},"author":71,"featured_media":16858,"comment_status":"open","ping_status":"open","sticky":false,"template":"","format":"standard","meta":{"footnotes":""},"categories":[7],"tags":[],"global-categories":[],"class_list":["post-16853","post","type-post","status-publish","format-standard","has-post-thumbnail","hentry","category-trekking-mtb"],"yoast_head":"<!-- This site is optimized with the Yoast SEO Premium plugin v25.3 (Yoast SEO v25.9) - https:\/\/yoast.com\/wordpress\/plugins\/seo\/ -->\n<title>Leereszked\u00e9s az Etna fullaszt\u00f3 sz\u00e1j\u00e1ba<\/title>\n<meta name=\"description\" content=\"Most m\u00e1r leveg\u0151t kellene vennem, de a kr\u00e1terb\u0151l felsz\u00e1ll\u00f3 k\u00e9nes f\u00fcst miatt ink\u00e1bb visszatartom a l\u00e9legzetem. M\u00e9g majdnem f\u00e9l percbe telik, mire a sz\u00e9lir\u00e1ny megv\u00e1ltozik, \u00e9s elf\u00fajja a s\u00e1rga felh\u0151t. A perem f\u00f6l\u00e9 pillantva l\u00e1tom a f\u00fcsttel teli m\u00e9ly lyukat.\" \/>\n<meta name=\"robots\" content=\"index, follow, max-snippet:-1, max-image-preview:large, max-video-preview:-1\" \/>\n<link rel=\"canonical\" href=\"https:\/\/www.welovecycling.com\/hu\/trekking-mtb\/leereszkedes-az-etna-fullaszto-szajaba\/\" \/>\n<meta property=\"og:locale\" content=\"hu_HU\" \/>\n<meta property=\"og:type\" content=\"article\" \/>\n<meta property=\"og:title\" content=\"Leereszked\u00e9s az Etna fullaszt\u00f3 sz\u00e1j\u00e1ba\" \/>\n<meta property=\"og:description\" content=\"Most m\u00e1r leveg\u0151t kellene vennem, de a kr\u00e1terb\u0151l felsz\u00e1ll\u00f3 k\u00e9nes f\u00fcst miatt ink\u00e1bb visszatartom a l\u00e9legzetem. M\u00e9g majdnem f\u00e9l percbe telik, mire a sz\u00e9lir\u00e1ny megv\u00e1ltozik, \u00e9s elf\u00fajja a s\u00e1rga felh\u0151t. A perem f\u00f6l\u00e9 pillantva l\u00e1tom a f\u00fcsttel teli m\u00e9ly lyukat.\" \/>\n<meta property=\"og:url\" content=\"https:\/\/www.welovecycling.com\/hu\/trekking-mtb\/leereszkedes-az-etna-fullaszto-szajaba\/\" \/>\n<meta property=\"og:site_name\" content=\"\u0160koda We Love Cycling - Magyarorsz\u00e1g\" \/>\n<meta property=\"article:publisher\" content=\"https:\/\/www.facebook.com\/WeLoveCyclingHungary\/\" \/>\n<meta property=\"article:published_time\" content=\"2023-01-27T06:00:18+00:00\" \/>\n<meta property=\"og:image\" content=\"https:\/\/d2p6e6u75xmxt8.cloudfront.net\/12\/2023\/01\/Gaspi-Etna-CVR-2.webp\" \/>\n\t<meta property=\"og:image:width\" content=\"990\" \/>\n\t<meta property=\"og:image:height\" content=\"660\" \/>\n\t<meta property=\"og:image:type\" content=\"image\/webp\" \/>\n<meta name=\"author\" content=\"hegyizs\" \/>\n<meta name=\"twitter:card\" content=\"summary_large_image\" \/>\n<meta name=\"twitter:label1\" content=\"Written by\" \/>\n\t<meta name=\"twitter:data1\" content=\"Richard Gasperotti and Adam Marsal\" \/>\n\t<meta name=\"twitter:label2\" content=\"Est. reading time\" \/>\n\t<meta name=\"twitter:data2\" content=\"5\" \/>\n<script type=\"application\/ld+json\" class=\"yoast-schema-graph\">{\"@context\":\"https:\/\/schema.org\",\"@graph\":[{\"@type\":\"WebPage\",\"@id\":\"https:\/\/www.welovecycling.com\/hu\/trekking-mtb\/leereszkedes-az-etna-fullaszto-szajaba\/\",\"url\":\"https:\/\/www.welovecycling.com\/hu\/trekking-mtb\/leereszkedes-az-etna-fullaszto-szajaba\/\",\"name\":\"Leereszked\u00e9s az Etna fullaszt\u00f3 sz\u00e1j\u00e1ba\",\"isPartOf\":{\"@id\":\"https:\/\/www.welovecycling.com\/hu\/#website\"},\"primaryImageOfPage\":{\"@id\":\"https:\/\/www.welovecycling.com\/hu\/trekking-mtb\/leereszkedes-az-etna-fullaszto-szajaba\/#primaryimage\"},\"image\":{\"@id\":\"https:\/\/www.welovecycling.com\/hu\/trekking-mtb\/leereszkedes-az-etna-fullaszto-szajaba\/#primaryimage\"},\"thumbnailUrl\":\"https:\/\/d2p6e6u75xmxt8.cloudfront.net\/12\/2023\/01\/Gaspi-Etna-CVR-2.webp\",\"datePublished\":\"2023-01-27T06:00:18+00:00\",\"author\":{\"@id\":\"https:\/\/www.welovecycling.com\/hu\/#\/schema\/person\/414a2aebf1801691a5320edb6468e194\"},\"description\":\"Most m\u00e1r leveg\u0151t kellene vennem, de a kr\u00e1terb\u0151l felsz\u00e1ll\u00f3 k\u00e9nes f\u00fcst miatt ink\u00e1bb visszatartom a l\u00e9legzetem. M\u00e9g majdnem f\u00e9l percbe telik, mire a sz\u00e9lir\u00e1ny megv\u00e1ltozik, \u00e9s elf\u00fajja a s\u00e1rga felh\u0151t. A perem f\u00f6l\u00e9 pillantva l\u00e1tom a f\u00fcsttel teli m\u00e9ly lyukat.\",\"breadcrumb\":{\"@id\":\"https:\/\/www.welovecycling.com\/hu\/trekking-mtb\/leereszkedes-az-etna-fullaszto-szajaba\/#breadcrumb\"},\"inLanguage\":\"hu\",\"potentialAction\":[{\"@type\":\"ReadAction\",\"target\":[\"https:\/\/www.welovecycling.com\/hu\/trekking-mtb\/leereszkedes-az-etna-fullaszto-szajaba\/\"]}]},{\"@type\":\"ImageObject\",\"inLanguage\":\"hu\",\"@id\":\"https:\/\/www.welovecycling.com\/hu\/trekking-mtb\/leereszkedes-az-etna-fullaszto-szajaba\/#primaryimage\",\"url\":\"https:\/\/d2p6e6u75xmxt8.cloudfront.net\/12\/2023\/01\/Gaspi-Etna-CVR-2.webp\",\"contentUrl\":\"https:\/\/d2p6e6u75xmxt8.cloudfront.net\/12\/2023\/01\/Gaspi-Etna-CVR-2.webp\",\"width\":990,\"height\":660,\"caption\":\"Riding down Mt. Etna\"},{\"@type\":\"BreadcrumbList\",\"@id\":\"https:\/\/www.welovecycling.com\/hu\/trekking-mtb\/leereszkedes-az-etna-fullaszto-szajaba\/#breadcrumb\",\"itemListElement\":[{\"@type\":\"ListItem\",\"position\":1,\"name\":\"Home\",\"item\":\"https:\/\/www.welovecycling.com\/hu\/\"},{\"@type\":\"ListItem\",\"position\":2,\"name\":\"Leereszked\u00e9s az Etna fullaszt\u00f3 sz\u00e1j\u00e1ba\"}]},{\"@type\":\"WebSite\",\"@id\":\"https:\/\/www.welovecycling.com\/hu\/#website\",\"url\":\"https:\/\/www.welovecycling.com\/hu\/\",\"name\":\"\u0160koda We Love Cycling - Magyarorsz\u00e1g\",\"description\":\"\u0160koda WeLoveCycling\",\"potentialAction\":[{\"@type\":\"SearchAction\",\"target\":{\"@type\":\"EntryPoint\",\"urlTemplate\":\"https:\/\/www.welovecycling.com\/hu\/?s={search_term_string}\"},\"query-input\":{\"@type\":\"PropertyValueSpecification\",\"valueRequired\":true,\"valueName\":\"search_term_string\"}}],\"inLanguage\":\"hu\"},{\"@type\":\"Person\",\"@id\":\"https:\/\/www.welovecycling.com\/hu\/#\/schema\/person\/414a2aebf1801691a5320edb6468e194\",\"name\":\"hegyizs\",\"image\":{\"@type\":\"ImageObject\",\"inLanguage\":\"hu\",\"@id\":\"https:\/\/www.welovecycling.com\/hu\/#\/schema\/person\/image\/\",\"url\":\"https:\/\/secure.gravatar.com\/avatar\/02cf8a7906b8cf90cecb4679defac7cfd33a1c2e3b88e4903d947f3bb58eedd3?s=96&d=mm&r=g\",\"contentUrl\":\"https:\/\/secure.gravatar.com\/avatar\/02cf8a7906b8cf90cecb4679defac7cfd33a1c2e3b88e4903d947f3bb58eedd3?s=96&d=mm&r=g\",\"caption\":\"hegyizs\"},\"url\":\"https:\/\/www.welovecycling.com\/hu\/author\/hegyizs\/\"}]}<\/script>\n<!-- \/ Yoast SEO Premium plugin. -->","yoast_head_json":{"title":"Leereszked\u00e9s az Etna fullaszt\u00f3 sz\u00e1j\u00e1ba","description":"Most m\u00e1r leveg\u0151t kellene vennem, de a kr\u00e1terb\u0151l felsz\u00e1ll\u00f3 k\u00e9nes f\u00fcst miatt ink\u00e1bb visszatartom a l\u00e9legzetem. M\u00e9g majdnem f\u00e9l percbe telik, mire a sz\u00e9lir\u00e1ny megv\u00e1ltozik, \u00e9s elf\u00fajja a s\u00e1rga felh\u0151t. A perem f\u00f6l\u00e9 pillantva l\u00e1tom a f\u00fcsttel teli m\u00e9ly lyukat.","robots":{"index":"index","follow":"follow","max-snippet":"max-snippet:-1","max-image-preview":"max-image-preview:large","max-video-preview":"max-video-preview:-1"},"canonical":"https:\/\/www.welovecycling.com\/hu\/trekking-mtb\/leereszkedes-az-etna-fullaszto-szajaba\/","og_locale":"hu_HU","og_type":"article","og_title":"Leereszked\u00e9s az Etna fullaszt\u00f3 sz\u00e1j\u00e1ba","og_description":"Most m\u00e1r leveg\u0151t kellene vennem, de a kr\u00e1terb\u0151l felsz\u00e1ll\u00f3 k\u00e9nes f\u00fcst miatt ink\u00e1bb visszatartom a l\u00e9legzetem. M\u00e9g majdnem f\u00e9l percbe telik, mire a sz\u00e9lir\u00e1ny megv\u00e1ltozik, \u00e9s elf\u00fajja a s\u00e1rga felh\u0151t. A perem f\u00f6l\u00e9 pillantva l\u00e1tom a f\u00fcsttel teli m\u00e9ly lyukat.","og_url":"https:\/\/www.welovecycling.com\/hu\/trekking-mtb\/leereszkedes-az-etna-fullaszto-szajaba\/","og_site_name":"\u0160koda We Love Cycling - Magyarorsz\u00e1g","article_publisher":"https:\/\/www.facebook.com\/WeLoveCyclingHungary\/","article_published_time":"2023-01-27T06:00:18+00:00","og_image":[{"width":990,"height":660,"url":"https:\/\/d2p6e6u75xmxt8.cloudfront.net\/12\/2023\/01\/Gaspi-Etna-CVR-2.webp","type":"image\/webp"}],"author":"hegyizs","twitter_card":"summary_large_image","twitter_misc":{"Written by":"Richard Gasperotti and Adam Marsal","Est. reading time":"5"},"schema":{"@context":"https:\/\/schema.org","@graph":[{"@type":"WebPage","@id":"https:\/\/www.welovecycling.com\/hu\/trekking-mtb\/leereszkedes-az-etna-fullaszto-szajaba\/","url":"https:\/\/www.welovecycling.com\/hu\/trekking-mtb\/leereszkedes-az-etna-fullaszto-szajaba\/","name":"Leereszked\u00e9s az Etna fullaszt\u00f3 sz\u00e1j\u00e1ba","isPartOf":{"@id":"https:\/\/www.welovecycling.com\/hu\/#website"},"primaryImageOfPage":{"@id":"https:\/\/www.welovecycling.com\/hu\/trekking-mtb\/leereszkedes-az-etna-fullaszto-szajaba\/#primaryimage"},"image":{"@id":"https:\/\/www.welovecycling.com\/hu\/trekking-mtb\/leereszkedes-az-etna-fullaszto-szajaba\/#primaryimage"},"thumbnailUrl":"https:\/\/d2p6e6u75xmxt8.cloudfront.net\/12\/2023\/01\/Gaspi-Etna-CVR-2.webp","datePublished":"2023-01-27T06:00:18+00:00","author":{"@id":"https:\/\/www.welovecycling.com\/hu\/#\/schema\/person\/414a2aebf1801691a5320edb6468e194"},"description":"Most m\u00e1r leveg\u0151t kellene vennem, de a kr\u00e1terb\u0151l felsz\u00e1ll\u00f3 k\u00e9nes f\u00fcst miatt ink\u00e1bb visszatartom a l\u00e9legzetem. M\u00e9g majdnem f\u00e9l percbe telik, mire a sz\u00e9lir\u00e1ny megv\u00e1ltozik, \u00e9s elf\u00fajja a s\u00e1rga felh\u0151t. A perem f\u00f6l\u00e9 pillantva l\u00e1tom a f\u00fcsttel teli m\u00e9ly lyukat.","breadcrumb":{"@id":"https:\/\/www.welovecycling.com\/hu\/trekking-mtb\/leereszkedes-az-etna-fullaszto-szajaba\/#breadcrumb"},"inLanguage":"hu","potentialAction":[{"@type":"ReadAction","target":["https:\/\/www.welovecycling.com\/hu\/trekking-mtb\/leereszkedes-az-etna-fullaszto-szajaba\/"]}]},{"@type":"ImageObject","inLanguage":"hu","@id":"https:\/\/www.welovecycling.com\/hu\/trekking-mtb\/leereszkedes-az-etna-fullaszto-szajaba\/#primaryimage","url":"https:\/\/d2p6e6u75xmxt8.cloudfront.net\/12\/2023\/01\/Gaspi-Etna-CVR-2.webp","contentUrl":"https:\/\/d2p6e6u75xmxt8.cloudfront.net\/12\/2023\/01\/Gaspi-Etna-CVR-2.webp","width":990,"height":660,"caption":"Riding down Mt. Etna"},{"@type":"BreadcrumbList","@id":"https:\/\/www.welovecycling.com\/hu\/trekking-mtb\/leereszkedes-az-etna-fullaszto-szajaba\/#breadcrumb","itemListElement":[{"@type":"ListItem","position":1,"name":"Home","item":"https:\/\/www.welovecycling.com\/hu\/"},{"@type":"ListItem","position":2,"name":"Leereszked\u00e9s az Etna fullaszt\u00f3 sz\u00e1j\u00e1ba"}]},{"@type":"WebSite","@id":"https:\/\/www.welovecycling.com\/hu\/#website","url":"https:\/\/www.welovecycling.com\/hu\/","name":"\u0160koda We Love Cycling - Magyarorsz\u00e1g","description":"\u0160koda WeLoveCycling","potentialAction":[{"@type":"SearchAction","target":{"@type":"EntryPoint","urlTemplate":"https:\/\/www.welovecycling.com\/hu\/?s={search_term_string}"},"query-input":{"@type":"PropertyValueSpecification","valueRequired":true,"valueName":"search_term_string"}}],"inLanguage":"hu"},{"@type":"Person","@id":"https:\/\/www.welovecycling.com\/hu\/#\/schema\/person\/414a2aebf1801691a5320edb6468e194","name":"hegyizs","image":{"@type":"ImageObject","inLanguage":"hu","@id":"https:\/\/www.welovecycling.com\/hu\/#\/schema\/person\/image\/","url":"https:\/\/secure.gravatar.com\/avatar\/02cf8a7906b8cf90cecb4679defac7cfd33a1c2e3b88e4903d947f3bb58eedd3?s=96&d=mm&r=g","contentUrl":"https:\/\/secure.gravatar.com\/avatar\/02cf8a7906b8cf90cecb4679defac7cfd33a1c2e3b88e4903d947f3bb58eedd3?s=96&d=mm&r=g","caption":"hegyizs"},"url":"https:\/\/www.welovecycling.com\/hu\/author\/hegyizs\/"}]}},"_links":{"self":[{"href":"https:\/\/www.welovecycling.com\/hu\/wp-json\/wp\/v2\/posts\/16853","targetHints":{"allow":["GET"]}}],"collection":[{"href":"https:\/\/www.welovecycling.com\/hu\/wp-json\/wp\/v2\/posts"}],"about":[{"href":"https:\/\/www.welovecycling.com\/hu\/wp-json\/wp\/v2\/types\/post"}],"author":[{"embeddable":true,"href":"https:\/\/www.welovecycling.com\/hu\/wp-json\/wp\/v2\/users\/71"}],"replies":[{"embeddable":true,"href":"https:\/\/www.welovecycling.com\/hu\/wp-json\/wp\/v2\/comments?post=16853"}],"version-history":[{"count":2,"href":"https:\/\/www.welovecycling.com\/hu\/wp-json\/wp\/v2\/posts\/16853\/revisions"}],"predecessor-version":[{"id":16859,"href":"https:\/\/www.welovecycling.com\/hu\/wp-json\/wp\/v2\/posts\/16853\/revisions\/16859"}],"wp:featuredmedia":[{"embeddable":true,"href":"https:\/\/www.welovecycling.com\/hu\/wp-json\/wp\/v2\/media\/16858"}],"wp:attachment":[{"href":"https:\/\/www.welovecycling.com\/hu\/wp-json\/wp\/v2\/media?parent=16853"}],"wp:term":[{"taxonomy":"category","embeddable":true,"href":"https:\/\/www.welovecycling.com\/hu\/wp-json\/wp\/v2\/categories?post=16853"},{"taxonomy":"post_tag","embeddable":true,"href":"https:\/\/www.welovecycling.com\/hu\/wp-json\/wp\/v2\/tags?post=16853"},{"taxonomy":"global-categories","embeddable":true,"href":"https:\/\/www.welovecycling.com\/hu\/wp-json\/wp\/v2\/global-categories?post=16853"}],"curies":[{"name":"wp","href":"https:\/\/api.w.org\/{rel}","templated":true}]}}