{"id":16841,"date":"2023-01-24T08:00:14","date_gmt":"2023-01-24T06:00:14","guid":{"rendered":"https:\/\/www.welovecycling.com\/hu\/?p=16841"},"modified":"2023-01-23T17:24:11","modified_gmt":"2023-01-23T15:24:11","slug":"betekintes-a-2023-as-noi-worldtour-naptarba","status":"publish","type":"post","link":"https:\/\/www.welovecycling.com\/hu\/orszaguti-kerekpar\/betekintes-a-2023-as-noi-worldtour-naptarba\/","title":{"rendered":"Betekint\u00e9s a 2023-as n\u0151i WorldTour napt\u00e1rba"},"content":{"rendered":"<p><strong>Hov\u00e1 t\u0171nt az id\u0151? Mintha csak tegnap lett volna, hogy besz\u00e1moltunk a 2022-es szezon kiemelked\u0151 sikereir\u0151l, de m\u00e1ris itt az ideje, hogy felk\u00e9sz\u00fclj\u00fcnk a sarkon v\u00e1r\u00f3 versenyekre. Persze nem akarunk panaszkodni. El\u00e9g, ha csak annyit mondunk, az UCI Women\u2019s World Tour 2023-as napt\u00e1ra igen izgalmasnak \u00edg\u00e9rkezik \u00e9s biztos, hogy rengeteg izgalmat tartogat majd sz\u00e1munkra, hiszen a vil\u00e1g legjobb versenyz\u0151i t\u00f6bb nagy kih\u00edv\u00e1st jelent\u0151 p\u00e1ly\u00e1n is megk\u00fczdenek egym\u00e1ssal.<\/strong><\/p>\n<p><!--more--><\/p>\n<p>\u00d6sszesen 30 versenysz\u00e1mmal j\u00f6n a n\u0151i szezon, az izgalmak j\u00f6v\u0151 h\u00e9ten a Tour Down Underrel kezd\u0151dnek. Ez a verseny 2023-ra felker\u00fclt a legfels\u0151bb kateg\u00f3ri\u00e1ba, ez a n\u00e9gy \u00faj esem\u00e9ny egyike. A m\u00e1sik h\u00e1rom az \u00fajonnan ind\u00edtott UAE Tour, az Omloop Het Nieuwsblad valamint a Tour de Suisse. Ideje megn\u00e9zn\u00fcnk, mit is v\u00e1rhatunk t\u0151l\u00fck!<\/p>\n<h2><strong>Egy kis t\u00f6rt\u00e9nelem<\/strong><\/h2>\n<p>Miel\u0151tt azonban belevetn\u00e9nk magunkat az el\u0151tt\u00fcnk \u00e1ll\u00f3 feladatokba, sz\u00e1njunk egy percet arra, hogy \u00e9rt\u00e9kelj\u00fck, milyen messzire jutott a n\u0151i WorldTour kevesebb mint egy \u00e9vtized alatt. 2016-ban v\u00e1ltotta fel a kor\u00e1bbi egynapos vil\u00e1gbajnoks\u00e1got, m\u00e1ra m\u00e1r 30 futamb\u00f3l \u00e1ll. Ezek a futamok az egynapos versenyekt\u0151l a t\u00f6bbnapos szakaszversenyekig terjednek, \u00e9s t\u00edz h\u00f3napon \u00e1t t\u00e1lc\u00e1n k\u00edn\u00e1lnak nek\u00fcnk profi ker\u00e9kp\u00e1rversenyeket a n\u0151i mez\u0151ny \u00e9s ker\u00e9kp\u00e1rsport rajong\u00f3i sz\u00e1m\u00e1ra. Ha minket k\u00e9rdezel, ez hatalmas l\u00e9p\u00e9s.<\/p>\n<p>L\u00e1ssuk, milyen izgalmak v\u00e1rnak r\u00e1nk az el\u0151tt\u00fcnk \u00e1ll\u00f3 hetekben \u00e9s h\u00f3napokban!<\/p>\n<h2><strong>A fels\u0151 kateg\u00f3ria \u00faj tagjai<\/strong><\/h2>\n<p>Egy sor \u00faj esem\u00e9nnyel kezdj\u00fck az \u00e9vet, amik \u00edg\u00e9ret\u00fck szerint egy j\u00f3 nagy l\u00f6ketet adnak majd a 2023-as szezonnak.<\/p>\n<h4><strong>Santos Women&#8217;s Tour Down Under &#8211; janu\u00e1r 15-17., Ausztr\u00e1lia<\/strong><\/h4>\n<p>Visszat\u00e9rt a Women&#8217;s Tour Down Under! Miut\u00e1n 2021-ben \u00e9s 2022-ben a vil\u00e1gj\u00e1rv\u00e1ny miatt t\u00f6r\u00f6lt\u00e9k, 2016 \u00f3ta el\u0151sz\u00f6r ker\u00fclt fel a versenyek rangsor\u00e1ba, r\u00e1ad\u00e1sul szezonnyit\u00f3k\u00e9nt. A h\u00e1romnapos versenyt Adelaide-ben \u00e9s k\u00f6rny\u00e9k\u00e9n rendezt\u00e9k meg, \u00e9s a bajnok 2023-ban els\u0151k\u00e9nt viselhette a Women&#8217;s World Tour gy\u0151zelmi trik\u00f3j\u00e1t. <a href=\"https:\/\/www.welovecycling.com\/hu\/orszaguti-kerekpar\/igy-zajlott-az-elkepesztoen-izgalmas-womens-santos-tour-down-under\/\">Az eredm\u00e9nyekr\u0151l itt olvashatsz.<\/a><\/p>\n<h4><strong>UAE Tour Women &#8211; febru\u00e1r 9-12., Egyes\u00fclt Arab Em\u00edrs\u00e9gek<\/strong><\/h4>\n<p>A 2023-ban indul\u00f3 vadonat\u00faj versenyen a n\u0151i mez\u0151ny a K\u00f6zel-Keletre tart egy n\u00e9gynapos versenyre. A N\u0151i World Tour els\u0151 esem\u00e9ny\u00e9n a r\u00e9gi\u00f3ban 20 csapat fog megk\u00fczdeni az els\u0151 hely\u00e9rt. Ez a bizony\u00edt\u00e9ka annak, hogy az orsz\u00e1gban egyre nagyobb a ker\u00e9kp\u00e1roz\u00e1s ir\u00e1nti szenved\u00e9ly, \u00e9s k\u00edv\u00e1ncsian v\u00e1rjuk, hogyan alakul ez a verseny.<\/p>\n<h4><strong>Omloop Het Nieuwsblad &#8211; febru\u00e1r 25., Belgium<\/strong><\/h4>\n<p>A nagy m\u00falt\u00fa Omloop het Nieuwsblad 18. alkalommal csatlakozik a WorldTourhoz a &#8220;nyit\u00f3h\u00e9tv\u00e9ge&#8221; r\u00e9szek\u00e9nt. A n\u0151k \u00e9s a f\u00e9rfiak szombaton, febru\u00e1r 25-\u00e9n versenyeznek, ekkor der\u00fcl ki, hogy kik lesznek az idei \u00e9v leg\u00edg\u00e9retesebb versenyz\u0151i a tavaszi macskak\u00f6ves klasszikus el\u0151tt.<\/p>\n<h2><strong>A Strade Bianche (mint mindig) kihagyhatatlan lesz<\/strong><\/h2>\n<p>M\u00e1rcius elej\u00e9n minden szem a m\u00e9lt\u00e1n n\u00e9pszer\u0171 Strade Bianche-ra szegez\u0151dik. A viszonylag fiatal verseny neve (ez lesz a 17. kiad\u00e1s) olaszul &#8220;feh\u00e9r utakat&#8221; jelent, \u00e9s a feh\u00e9r kavicsos, burkolatlan szakaszokra utal, amik egyediv\u00e9 teszik a versenyt. A versenyz\u0151k k\u00f6r\u00e9ben igen k\u00f6zkedvelt, \u00e9s egyre t\u00f6bb rajong\u00f3 fedezi fel ennek a k\u00fcl\u00f6nleges esem\u00e9nynek a var\u00e1zs\u00e1t. A leny\u0171g\u00f6z\u0151 toszk\u00e1n t\u00e1jakon, kih\u00edv\u00e1st jelent\u0151 kavicsos utakon \u00e9s a r\u00f6vid, \u00e9les emelked\u0151n kereszt\u00fcl kanyarogva az ikonikus sienai c\u00e9l fel\u00e9 k\u00f6nny\u0171 meg\u00e9rteni, hogy mi\u00e9rt. A 2022-es futamot Lotte Kopecky nyerte meg, \u00e9s rengeteg \u00e9lvonalbeli versenyz\u0151 szeretn\u00e9 m\u00e9g elnyerni ezt a c\u00edmet.<\/p>\n<h2><strong>A tavaszi klasszikusok teljes g\u0151zzel t\u00f6rnek el\u0151re<\/strong><\/h2>\n<p>M\u00e1rcius v\u00e9g\u00e9hez k\u00f6zeledve d\u00f6c\u00f6g\u0151s utaz\u00e1sra k\u00e9sz\u00fclhet\u00fcnk, hiszen elj\u00f6tt a tavaszi klasszikusok (\u00e9s a h\u00edrhedt macskak\u00f6ves csat\u00e1k) ideje. A Flandria k\u00f6rversenyt \u00e9s a P\u00e1rizs-Roubaix-t sem szabad kihagyni! A Paris-Roubaix Femmes 3. kiad\u00e1sa egy igen t\u00fczes versenynek \u00edg\u00e9rkezik. Elisa Longo Borghini a jelenlegi c\u00edmv\u00e9d\u0151, miut\u00e1n tavaly sz\u00f3l\u00f3ban diadalmaskodott Lotte Kopecky \u00e9s Lucinda Brand felett. Az els\u0151 versenyt Lizzie Deignan nyerte meg egy epikus sz\u00f3l\u00f3val, miut\u00e1n a tizenh\u00e9t macskak\u00f6ves szakasz k\u00f6z\u00fcl az els\u0151n t\u00e1madott. Mondanom sem kell, hogy a gy\u0151ztesnek lesz mire b\u00fcszk\u00e9nek lennie.<\/p>\n<figure id=\"attachment_16842\" aria-describedby=\"caption-attachment-16842\" style=\"width: 1000px\" class=\"wp-caption alignnone\"><a href=\"https:\/\/d2p6e6u75xmxt8.cloudfront.net\/12\/2023\/01\/Paris-Roubaix-Femmes-profimedia-0684242385.webp\"><img loading=\"lazy\" decoding=\"async\" class=\"size-full wp-image-16842\" src=\"https:\/\/d2p6e6u75xmxt8.cloudfront.net\/12\/2023\/01\/Paris-Roubaix-Femmes-profimedia-0684242385.webp\" alt=\"\" width=\"1000\" height=\"666\" srcset=\"https:\/\/d2p6e6u75xmxt8.cloudfront.net\/12\/2023\/01\/Paris-Roubaix-Femmes-profimedia-0684242385.webp 1000w, https:\/\/d2p6e6u75xmxt8.cloudfront.net\/12\/2023\/01\/Paris-Roubaix-Femmes-profimedia-0684242385-300x200.webp 300w, https:\/\/d2p6e6u75xmxt8.cloudfront.net\/12\/2023\/01\/Paris-Roubaix-Femmes-profimedia-0684242385-768x511.webp 768w, https:\/\/d2p6e6u75xmxt8.cloudfront.net\/12\/2023\/01\/Paris-Roubaix-Femmes-profimedia-0684242385-272x182.webp 272w\" sizes=\"auto, (max-width: 1000px) 100vw, 1000px\" \/><\/a><figcaption id=\"caption-attachment-16842\" class=\"wp-caption-text\"><em>A 2022-es Paris-Roubaix Femmes versenyen a dobog\u00f3n v\u00e9gzett versenyz\u0151k\u00f6n k\u00edv\u00fcl is volt mit csod\u00e1lni.\u00a0 \u00a9 Profimedia<\/em><\/figcaption><\/figure>\n<h2><strong>Ha m\u00e1jus, akkor Vuelta a Espa\u00f1a Femenina <\/strong><\/h2>\n<p>2023-ra a Vuelta a Espa\u00f1a \u00e1tnevezte n\u0151i futam\u00e1t, \u00e9s a Tour de France-t\u00f3l elt\u00e9r\u0151 m\u00f3don, p\u00e1rbaj versenyeket rendez. A Vuelta a Espa\u00f1a Femenina szeptemberr\u0151l m\u00e1jusra ker\u00fclt \u00e1t, \u00e9s nem a f\u00e9rfiak verseny\u00e9t k\u00f6veti, hanem \u00f6n\u00e1ll\u00f3 esem\u00e9nyk\u00e9nt ker\u00fcl megrendez\u00e9sre.<\/p>\n<p>M\u00e9g nem tudni, hogy ez a form\u00e1tum mit fog eredm\u00e9nyezni a rajong\u00f3k elk\u00f6telezetts\u00e9g\u00e9t \u00e9s a n\u00e9zetts\u00e9get illet\u0151en. A napt\u00e1rban val\u00f3 elhelyez\u00e9s azt is jelenti, hogy a n\u0151i mez\u0151ny h\u00e1rom Grand Tour-versenye viszonylag gyorsan egym\u00e1s ut\u00e1n k\u00f6vetkezik 2023-ban. K\u00e9ts\u00e9gtelen, hogy a versenyek tov\u00e1bbra is izgalmasak lesznek, de ez azt is jelentheti, hogy nem l\u00e1thatjuk majd a mez\u0151ny legnagyobb neveit mindh\u00e1rom Grand Touron csat\u00e1zni.<\/p>\n<h2><strong>A 2023-as n\u0151i World Tour napt\u00e1r k\u00e9t f\u0151 Grand Tour-versenye<\/strong><\/h2>\n<p>Term\u00e9szetesen a m\u00e1sik k\u00e9t Grand Tour is \u00fcde sz\u00ednfoltja az UCI Women&#8217;s World Tour napt\u00e1r\u00e1nak. J\u00faniusban a Giro d&#8217;Italia Donne k\u00fczdelme k\u00f6vetkezik, ami j\u00fanius 30-t\u00f3l j\u00falius 9-ig tart. Ez lesz a Giro Donne 34. kiad\u00e1sa, amit tavaly emeltek vissza az \u00e9lvonalba. Fabiana Luberini \u00e9s Anna van der Breggen egyenk\u00e9nt n\u00e9gy gy\u0151zelemmel a c\u00edm rekorderei.<\/p>\n<p>Innen m\u00e1r csak j\u00faliusra ugorhatunk, amikor a Tour de France Femmes m\u00e1sodik fordul\u00f3ja veszi kezdet\u00e9t, ami minden bizonnyal rendk\u00edv\u00fcl izgalmas lesz. Id\u00e9n egy m\u00e9g nagyobb kih\u00edv\u00e1st jelent\u0151 956 kilom\u00e9teres \u00fatvonalon zajlik majd a verseny, az emelked\u0151 szakaszok pedig az utols\u00f3 h\u00e9tv\u00e9g\u00e9re ker\u00fcltek. Az utols\u00f3 el\u0151tti napon a legend\u00e1s Col du Tourmalet cs\u00facsd\u00f6nt\u00e9s k\u00f6vetkezik, majd a z\u00e1r\u00f3 szakaszon Pau-ban \u00e9s k\u00f6rny\u00e9k\u00e9n ker\u00fcl megrendez\u00e9sre az id\u0151futam.<\/p>\n<h2><strong>A szezon v\u00e9ge el\u0151tti epikus vil\u00e1gbajnoks\u00e1g<\/strong><\/h2>\n<p>Neh\u00e9z \u00e9sszel felfogni, mi minden fog t\u00f6rt\u00e9nni a ny\u00e1r v\u00e9g\u00e9re, de k\u00e9ts\u00e9gtelen, hogy m\u00e9g mindig rengeteg lelkesed\u00e9s\u00fcnk marad az UCI ker\u00e9kp\u00e1ros vil\u00e1gbajnoks\u00e1gra, amit augusztus 3. \u00e9s 13. k\u00f6z\u00f6tt rendeznek Glasgow-ban \u00e9s Sk\u00f3cia-szerte. Az UCI-vil\u00e1gbajnoks\u00e1gok k\u00f6z\u00fcl el\u0151sz\u00f6r a n\u0151i elit orsz\u00e1g\u00fati verseny z\u00e1rja a sort augusztus 13-\u00e1n, vas\u00e1rnap. Nem rossz!<\/p>\n<p>Ez az els\u0151 alkalom, hogy mind a 13 UCI-vil\u00e1gbajnoks\u00e1g egyetlen megaesem\u00e9nyben egyes\u00fcl, \u00edgy ez lesz az egyik legnagyobb ker\u00e9kp\u00e1ros esem\u00e9ny, amit a vil\u00e1g valaha l\u00e1tott. A v\u00e1rhat\u00f3 glob\u00e1lis telev\u00edzi\u00f3s n\u00e9zetts\u00e9gnek k\u00f6sz\u00f6nhet\u0151en a 2023-as UCI biciklis vil\u00e1gbajnoks\u00e1g a vil\u00e1g 10 legn\u00e9zettebb sportesem\u00e9nye k\u00f6z\u00e9 fog ker\u00fclni.<\/p>\n<p>Ezt az \u00f6z\u00f6nv\u00edzszer\u0171 esem\u00e9nyt k\u00f6vet\u0151en egynapos \u00e9s szakaszversenyek kombin\u00e1ci\u00f3ja z\u00e1rja a szezont: a dupla \u00e1llom\u00e1sos Postnord Vargarda WestSweden \u00e9s a Tour of Scandinavia augusztusban, a GP de Plouay, a Simac Ladies Tour \u00e9s a Tour de Romandie szeptemberben, valamint a Tour of Chongming Island \u00e9s a Tour of Guangxi okt\u00f3berben.<\/p>\n<p>Ahogy az elej\u00e9n is elmondtuk, van mi\u00e9rt izgulni!<\/p>\n","protected":false},"excerpt":{"rendered":"<p>Hov\u00e1 t\u0171nt az id\u0151? Mintha csak tegnap lett volna, hogy besz\u00e1moltunk a 2022-es szezon kiemelked\u0151 sikereir\u0151l, de m\u00e1ris itt az [&hellip;]<\/p>\n","protected":false},"author":71,"featured_media":16844,"comment_status":"open","ping_status":"open","sticky":false,"template":"","format":"standard","meta":{"footnotes":""},"categories":[8],"tags":[],"global-categories":[],"class_list":["post-16841","post","type-post","status-publish","format-standard","has-post-thumbnail","hentry","category-orszaguti-kerekpar"],"yoast_head":"<!-- This site is optimized with the Yoast SEO Premium plugin v25.3 (Yoast SEO v25.9) - https:\/\/yoast.com\/wordpress\/plugins\/seo\/ -->\n<title>Betekint\u00e9s a 2023-as n\u0151i WorldTour napt\u00e1rba<\/title>\n<meta name=\"description\" content=\"Hov\u00e1 t\u0171nt az id\u0151? Mintha csak tegnap lett volna, hogy besz\u00e1moltunk a 2022-es szezon kiemelked\u0151 sikereir\u0151l, de m\u00e1ris itt az ideje, hogy felk\u00e9sz\u00fclj\u00fcnk a sarkon v\u00e1r\u00f3 versenyekre. Persze nem akarunk panaszkodni.\" \/>\n<meta name=\"robots\" content=\"index, follow, max-snippet:-1, max-image-preview:large, max-video-preview:-1\" \/>\n<link rel=\"canonical\" href=\"https:\/\/www.welovecycling.com\/hu\/orszaguti-kerekpar\/betekintes-a-2023-as-noi-worldtour-naptarba\/\" \/>\n<meta property=\"og:locale\" content=\"hu_HU\" \/>\n<meta property=\"og:type\" content=\"article\" \/>\n<meta property=\"og:title\" content=\"Betekint\u00e9s a 2023-as n\u0151i WorldTour napt\u00e1rba\" \/>\n<meta property=\"og:description\" content=\"Hov\u00e1 t\u0171nt az id\u0151? Mintha csak tegnap lett volna, hogy besz\u00e1moltunk a 2022-es szezon kiemelked\u0151 sikereir\u0151l, de m\u00e1ris itt az ideje, hogy felk\u00e9sz\u00fclj\u00fcnk a sarkon v\u00e1r\u00f3 versenyekre. Persze nem akarunk panaszkodni.\" \/>\n<meta property=\"og:url\" content=\"https:\/\/www.welovecycling.com\/hu\/orszaguti-kerekpar\/betekintes-a-2023-as-noi-worldtour-naptarba\/\" \/>\n<meta property=\"og:site_name\" content=\"\u0160koda We Love Cycling - Magyarorsz\u00e1g\" \/>\n<meta property=\"article:publisher\" content=\"https:\/\/www.facebook.com\/WeLoveCyclingHungary\/\" \/>\n<meta property=\"article:published_time\" content=\"2023-01-24T06:00:14+00:00\" \/>\n<meta property=\"og:image\" content=\"https:\/\/d2p6e6u75xmxt8.cloudfront.net\/12\/2023\/01\/Strade-Bianche-Women-profimedia-0226004083-CVR.webp\" \/>\n\t<meta property=\"og:image:width\" content=\"990\" \/>\n\t<meta property=\"og:image:height\" content=\"660\" \/>\n\t<meta property=\"og:image:type\" content=\"image\/webp\" \/>\n<meta name=\"author\" content=\"hegyizs\" \/>\n<meta name=\"twitter:card\" content=\"summary_large_image\" \/>\n<meta name=\"twitter:label1\" content=\"Written by\" \/>\n\t<meta name=\"twitter:data1\" content=\"Megan Flottorp\" \/>\n\t<meta name=\"twitter:label2\" content=\"Est. reading time\" \/>\n\t<meta name=\"twitter:data2\" content=\"6\" \/>\n<script type=\"application\/ld+json\" class=\"yoast-schema-graph\">{\"@context\":\"https:\/\/schema.org\",\"@graph\":[{\"@type\":\"WebPage\",\"@id\":\"https:\/\/www.welovecycling.com\/hu\/orszaguti-kerekpar\/betekintes-a-2023-as-noi-worldtour-naptarba\/\",\"url\":\"https:\/\/www.welovecycling.com\/hu\/orszaguti-kerekpar\/betekintes-a-2023-as-noi-worldtour-naptarba\/\",\"name\":\"Betekint\u00e9s a 2023-as n\u0151i WorldTour napt\u00e1rba\",\"isPartOf\":{\"@id\":\"https:\/\/www.welovecycling.com\/hu\/#website\"},\"primaryImageOfPage\":{\"@id\":\"https:\/\/www.welovecycling.com\/hu\/orszaguti-kerekpar\/betekintes-a-2023-as-noi-worldtour-naptarba\/#primaryimage\"},\"image\":{\"@id\":\"https:\/\/www.welovecycling.com\/hu\/orszaguti-kerekpar\/betekintes-a-2023-as-noi-worldtour-naptarba\/#primaryimage\"},\"thumbnailUrl\":\"https:\/\/d2p6e6u75xmxt8.cloudfront.net\/12\/2023\/01\/Strade-Bianche-Women-profimedia-0226004083-CVR.webp\",\"datePublished\":\"2023-01-24T06:00:14+00:00\",\"author\":{\"@id\":\"https:\/\/www.welovecycling.com\/hu\/#\/schema\/person\/414a2aebf1801691a5320edb6468e194\"},\"description\":\"Hov\u00e1 t\u0171nt az id\u0151? Mintha csak tegnap lett volna, hogy besz\u00e1moltunk a 2022-es szezon kiemelked\u0151 sikereir\u0151l, de m\u00e1ris itt az ideje, hogy felk\u00e9sz\u00fclj\u00fcnk a sarkon v\u00e1r\u00f3 versenyekre. Persze nem akarunk panaszkodni.\",\"breadcrumb\":{\"@id\":\"https:\/\/www.welovecycling.com\/hu\/orszaguti-kerekpar\/betekintes-a-2023-as-noi-worldtour-naptarba\/#breadcrumb\"},\"inLanguage\":\"hu\",\"potentialAction\":[{\"@type\":\"ReadAction\",\"target\":[\"https:\/\/www.welovecycling.com\/hu\/orszaguti-kerekpar\/betekintes-a-2023-as-noi-worldtour-naptarba\/\"]}]},{\"@type\":\"ImageObject\",\"inLanguage\":\"hu\",\"@id\":\"https:\/\/www.welovecycling.com\/hu\/orszaguti-kerekpar\/betekintes-a-2023-as-noi-worldtour-naptarba\/#primaryimage\",\"url\":\"https:\/\/d2p6e6u75xmxt8.cloudfront.net\/12\/2023\/01\/Strade-Bianche-Women-profimedia-0226004083-CVR.webp\",\"contentUrl\":\"https:\/\/d2p6e6u75xmxt8.cloudfront.net\/12\/2023\/01\/Strade-Bianche-Women-profimedia-0226004083-CVR.webp\",\"width\":990,\"height\":660,\"caption\":\"Strade Bianche\"},{\"@type\":\"BreadcrumbList\",\"@id\":\"https:\/\/www.welovecycling.com\/hu\/orszaguti-kerekpar\/betekintes-a-2023-as-noi-worldtour-naptarba\/#breadcrumb\",\"itemListElement\":[{\"@type\":\"ListItem\",\"position\":1,\"name\":\"Home\",\"item\":\"https:\/\/www.welovecycling.com\/hu\/\"},{\"@type\":\"ListItem\",\"position\":2,\"name\":\"Betekint\u00e9s a 2023-as n\u0151i WorldTour napt\u00e1rba\"}]},{\"@type\":\"WebSite\",\"@id\":\"https:\/\/www.welovecycling.com\/hu\/#website\",\"url\":\"https:\/\/www.welovecycling.com\/hu\/\",\"name\":\"\u0160koda We Love Cycling - Magyarorsz\u00e1g\",\"description\":\"\u0160koda WeLoveCycling\",\"potentialAction\":[{\"@type\":\"SearchAction\",\"target\":{\"@type\":\"EntryPoint\",\"urlTemplate\":\"https:\/\/www.welovecycling.com\/hu\/?s={search_term_string}\"},\"query-input\":{\"@type\":\"PropertyValueSpecification\",\"valueRequired\":true,\"valueName\":\"search_term_string\"}}],\"inLanguage\":\"hu\"},{\"@type\":\"Person\",\"@id\":\"https:\/\/www.welovecycling.com\/hu\/#\/schema\/person\/414a2aebf1801691a5320edb6468e194\",\"name\":\"hegyizs\",\"image\":{\"@type\":\"ImageObject\",\"inLanguage\":\"hu\",\"@id\":\"https:\/\/www.welovecycling.com\/hu\/#\/schema\/person\/image\/\",\"url\":\"https:\/\/secure.gravatar.com\/avatar\/02cf8a7906b8cf90cecb4679defac7cfd33a1c2e3b88e4903d947f3bb58eedd3?s=96&d=mm&r=g\",\"contentUrl\":\"https:\/\/secure.gravatar.com\/avatar\/02cf8a7906b8cf90cecb4679defac7cfd33a1c2e3b88e4903d947f3bb58eedd3?s=96&d=mm&r=g\",\"caption\":\"hegyizs\"},\"url\":\"https:\/\/www.welovecycling.com\/hu\/author\/hegyizs\/\"}]}<\/script>\n<!-- \/ Yoast SEO Premium plugin. -->","yoast_head_json":{"title":"Betekint\u00e9s a 2023-as n\u0151i WorldTour napt\u00e1rba","description":"Hov\u00e1 t\u0171nt az id\u0151? Mintha csak tegnap lett volna, hogy besz\u00e1moltunk a 2022-es szezon kiemelked\u0151 sikereir\u0151l, de m\u00e1ris itt az ideje, hogy felk\u00e9sz\u00fclj\u00fcnk a sarkon v\u00e1r\u00f3 versenyekre. Persze nem akarunk panaszkodni.","robots":{"index":"index","follow":"follow","max-snippet":"max-snippet:-1","max-image-preview":"max-image-preview:large","max-video-preview":"max-video-preview:-1"},"canonical":"https:\/\/www.welovecycling.com\/hu\/orszaguti-kerekpar\/betekintes-a-2023-as-noi-worldtour-naptarba\/","og_locale":"hu_HU","og_type":"article","og_title":"Betekint\u00e9s a 2023-as n\u0151i WorldTour napt\u00e1rba","og_description":"Hov\u00e1 t\u0171nt az id\u0151? Mintha csak tegnap lett volna, hogy besz\u00e1moltunk a 2022-es szezon kiemelked\u0151 sikereir\u0151l, de m\u00e1ris itt az ideje, hogy felk\u00e9sz\u00fclj\u00fcnk a sarkon v\u00e1r\u00f3 versenyekre. Persze nem akarunk panaszkodni.","og_url":"https:\/\/www.welovecycling.com\/hu\/orszaguti-kerekpar\/betekintes-a-2023-as-noi-worldtour-naptarba\/","og_site_name":"\u0160koda We Love Cycling - Magyarorsz\u00e1g","article_publisher":"https:\/\/www.facebook.com\/WeLoveCyclingHungary\/","article_published_time":"2023-01-24T06:00:14+00:00","og_image":[{"width":990,"height":660,"url":"https:\/\/d2p6e6u75xmxt8.cloudfront.net\/12\/2023\/01\/Strade-Bianche-Women-profimedia-0226004083-CVR.webp","type":"image\/webp"}],"author":"hegyizs","twitter_card":"summary_large_image","twitter_misc":{"Written by":"Megan Flottorp","Est. reading time":"6"},"schema":{"@context":"https:\/\/schema.org","@graph":[{"@type":"WebPage","@id":"https:\/\/www.welovecycling.com\/hu\/orszaguti-kerekpar\/betekintes-a-2023-as-noi-worldtour-naptarba\/","url":"https:\/\/www.welovecycling.com\/hu\/orszaguti-kerekpar\/betekintes-a-2023-as-noi-worldtour-naptarba\/","name":"Betekint\u00e9s a 2023-as n\u0151i WorldTour napt\u00e1rba","isPartOf":{"@id":"https:\/\/www.welovecycling.com\/hu\/#website"},"primaryImageOfPage":{"@id":"https:\/\/www.welovecycling.com\/hu\/orszaguti-kerekpar\/betekintes-a-2023-as-noi-worldtour-naptarba\/#primaryimage"},"image":{"@id":"https:\/\/www.welovecycling.com\/hu\/orszaguti-kerekpar\/betekintes-a-2023-as-noi-worldtour-naptarba\/#primaryimage"},"thumbnailUrl":"https:\/\/d2p6e6u75xmxt8.cloudfront.net\/12\/2023\/01\/Strade-Bianche-Women-profimedia-0226004083-CVR.webp","datePublished":"2023-01-24T06:00:14+00:00","author":{"@id":"https:\/\/www.welovecycling.com\/hu\/#\/schema\/person\/414a2aebf1801691a5320edb6468e194"},"description":"Hov\u00e1 t\u0171nt az id\u0151? Mintha csak tegnap lett volna, hogy besz\u00e1moltunk a 2022-es szezon kiemelked\u0151 sikereir\u0151l, de m\u00e1ris itt az ideje, hogy felk\u00e9sz\u00fclj\u00fcnk a sarkon v\u00e1r\u00f3 versenyekre. Persze nem akarunk panaszkodni.","breadcrumb":{"@id":"https:\/\/www.welovecycling.com\/hu\/orszaguti-kerekpar\/betekintes-a-2023-as-noi-worldtour-naptarba\/#breadcrumb"},"inLanguage":"hu","potentialAction":[{"@type":"ReadAction","target":["https:\/\/www.welovecycling.com\/hu\/orszaguti-kerekpar\/betekintes-a-2023-as-noi-worldtour-naptarba\/"]}]},{"@type":"ImageObject","inLanguage":"hu","@id":"https:\/\/www.welovecycling.com\/hu\/orszaguti-kerekpar\/betekintes-a-2023-as-noi-worldtour-naptarba\/#primaryimage","url":"https:\/\/d2p6e6u75xmxt8.cloudfront.net\/12\/2023\/01\/Strade-Bianche-Women-profimedia-0226004083-CVR.webp","contentUrl":"https:\/\/d2p6e6u75xmxt8.cloudfront.net\/12\/2023\/01\/Strade-Bianche-Women-profimedia-0226004083-CVR.webp","width":990,"height":660,"caption":"Strade Bianche"},{"@type":"BreadcrumbList","@id":"https:\/\/www.welovecycling.com\/hu\/orszaguti-kerekpar\/betekintes-a-2023-as-noi-worldtour-naptarba\/#breadcrumb","itemListElement":[{"@type":"ListItem","position":1,"name":"Home","item":"https:\/\/www.welovecycling.com\/hu\/"},{"@type":"ListItem","position":2,"name":"Betekint\u00e9s a 2023-as n\u0151i WorldTour napt\u00e1rba"}]},{"@type":"WebSite","@id":"https:\/\/www.welovecycling.com\/hu\/#website","url":"https:\/\/www.welovecycling.com\/hu\/","name":"\u0160koda We Love Cycling - Magyarorsz\u00e1g","description":"\u0160koda WeLoveCycling","potentialAction":[{"@type":"SearchAction","target":{"@type":"EntryPoint","urlTemplate":"https:\/\/www.welovecycling.com\/hu\/?s={search_term_string}"},"query-input":{"@type":"PropertyValueSpecification","valueRequired":true,"valueName":"search_term_string"}}],"inLanguage":"hu"},{"@type":"Person","@id":"https:\/\/www.welovecycling.com\/hu\/#\/schema\/person\/414a2aebf1801691a5320edb6468e194","name":"hegyizs","image":{"@type":"ImageObject","inLanguage":"hu","@id":"https:\/\/www.welovecycling.com\/hu\/#\/schema\/person\/image\/","url":"https:\/\/secure.gravatar.com\/avatar\/02cf8a7906b8cf90cecb4679defac7cfd33a1c2e3b88e4903d947f3bb58eedd3?s=96&d=mm&r=g","contentUrl":"https:\/\/secure.gravatar.com\/avatar\/02cf8a7906b8cf90cecb4679defac7cfd33a1c2e3b88e4903d947f3bb58eedd3?s=96&d=mm&r=g","caption":"hegyizs"},"url":"https:\/\/www.welovecycling.com\/hu\/author\/hegyizs\/"}]}},"_links":{"self":[{"href":"https:\/\/www.welovecycling.com\/hu\/wp-json\/wp\/v2\/posts\/16841","targetHints":{"allow":["GET"]}}],"collection":[{"href":"https:\/\/www.welovecycling.com\/hu\/wp-json\/wp\/v2\/posts"}],"about":[{"href":"https:\/\/www.welovecycling.com\/hu\/wp-json\/wp\/v2\/types\/post"}],"author":[{"embeddable":true,"href":"https:\/\/www.welovecycling.com\/hu\/wp-json\/wp\/v2\/users\/71"}],"replies":[{"embeddable":true,"href":"https:\/\/www.welovecycling.com\/hu\/wp-json\/wp\/v2\/comments?post=16841"}],"version-history":[{"count":2,"href":"https:\/\/www.welovecycling.com\/hu\/wp-json\/wp\/v2\/posts\/16841\/revisions"}],"predecessor-version":[{"id":16877,"href":"https:\/\/www.welovecycling.com\/hu\/wp-json\/wp\/v2\/posts\/16841\/revisions\/16877"}],"wp:featuredmedia":[{"embeddable":true,"href":"https:\/\/www.welovecycling.com\/hu\/wp-json\/wp\/v2\/media\/16844"}],"wp:attachment":[{"href":"https:\/\/www.welovecycling.com\/hu\/wp-json\/wp\/v2\/media?parent=16841"}],"wp:term":[{"taxonomy":"category","embeddable":true,"href":"https:\/\/www.welovecycling.com\/hu\/wp-json\/wp\/v2\/categories?post=16841"},{"taxonomy":"post_tag","embeddable":true,"href":"https:\/\/www.welovecycling.com\/hu\/wp-json\/wp\/v2\/tags?post=16841"},{"taxonomy":"global-categories","embeddable":true,"href":"https:\/\/www.welovecycling.com\/hu\/wp-json\/wp\/v2\/global-categories?post=16841"}],"curies":[{"name":"wp","href":"https:\/\/api.w.org\/{rel}","templated":true}]}}