{"id":16822,"date":"2023-01-16T14:21:19","date_gmt":"2023-01-16T12:21:19","guid":{"rendered":"https:\/\/www.welovecycling.com\/hu\/?p=16822"},"modified":"2023-01-16T14:21:19","modified_gmt":"2023-01-16T12:21:19","slug":"a-2023-as-vuelta-utvonala-a-verbeli-hegyi-menok-versenye","status":"publish","type":"post","link":"https:\/\/www.welovecycling.com\/hu\/orszaguti-kerekpar\/a-2023-as-vuelta-utvonala-a-verbeli-hegyi-menok-versenye\/","title":{"rendered":"A 2023-as Vuelta \u00fatvonala: a v\u00e9rbeli hegyi men\u0151k versenye"},"content":{"rendered":"<p><b>A Spanyol Nagyk\u00f6r 78. versenye augusztus 26-\u00e1n, szombaton Barcelon\u00e1ban kezd\u0151dik \u00e9s szeptember 17-\u00e9n Madridban \u00e9r v\u00e9get. A h\u00e1rom h\u00e9t alatt h\u00e1rom orsz\u00e1got \u00e9rint: Spanyolorsz\u00e1got, Andorr\u00e1t \u00e9s Franciaorsz\u00e1got. 21 szakasza 12 \u00faj rajtot \u00e9s 8 soha nem l\u00e1tott c\u00e9lt tartalmaz. A versenyz\u0151k t\u00edz hegyi befut\u00f3val n\u00e9znek szembe, ezek k\u00f6z\u00fcl 5 most el\u0151sz\u00f6r lesz a Vuelta r\u00e9sze. K\u00e9t id\u0151futam, h\u00e9t hegyi szakasz, hat k\u00f6z\u00e9phegys\u00e9gi etap, n\u00e9gy s\u00edk, \u00e9s k\u00e9t hegyi befut\u00f3val z\u00e1rul\u00f3 s\u00edk szakasz. Elj\u00f6tt a hegyi men\u0151k kora? \u00dagy t\u0171nik.<\/b><\/p>\n<p><!--more--><\/p>\n<p><span style=\"font-weight: 400;\">T\u00f6rt\u00e9nelme sor\u00e1n m\u00e1sodszor indul Barcelon\u00e1b\u00f3l a spanyol k\u00f6r. Az els\u0151 szakasz csapat id\u0151futam a v\u00e1rosban, a m\u00e1sodik pedig Matar\u00f3b\u00f3l indul \u00e9s visszfut Barcelon\u00e1ba, a Llu\u00eds Companys Olimpiai Stadion el\u00e9.<\/span><\/p>\n<p><i><span style=\"font-weight: 400;\">\u201cAmikor Barcelon\u00e1t tanulm\u00e1nyoztuk, n\u00e9gy alapvet\u0151 pill\u00e9rt vett\u00fcnk \u00e9szre, amelyek meghat\u00e1rozz\u00e1k a v\u00e1rost, \u00e9s t\u00f6k\u00e9letesen illeszkednek a La Vuelta saj\u00e1t filoz\u00f3fi\u00e1j\u00e1hoz: sport, fenntarthat\u00f3s\u00e1g, hagyom\u00e1ny \u00e9s innov\u00e1ci\u00f3. Mint Grand Tour, ez a n\u00e9gy tulajdons\u00e1g rendk\u00edv\u00fcl fontos sz\u00e1munkra\u201d<\/span><\/i><span style=\"font-weight: 400;\"> &#8211; mondta Javier Guill\u00e9n, a La Vuelta vez\u00e9rigazgat\u00f3ja.<\/span><\/p>\n<p><a href=\"https:\/\/d2p6e6u75xmxt8.cloudfront.net\/12\/2023\/01\/u.webp\"><img loading=\"lazy\" decoding=\"async\" class=\"alignnone size-full wp-image-16826\" src=\"https:\/\/d2p6e6u75xmxt8.cloudfront.net\/12\/2023\/01\/u.webp\" alt=\"\" width=\"960\" height=\"339\" srcset=\"https:\/\/d2p6e6u75xmxt8.cloudfront.net\/12\/2023\/01\/u.webp 960w, https:\/\/d2p6e6u75xmxt8.cloudfront.net\/12\/2023\/01\/u-300x106.webp 300w, https:\/\/d2p6e6u75xmxt8.cloudfront.net\/12\/2023\/01\/u-768x271.webp 768w\" sizes=\"auto, (max-width: 960px) 100vw, 960px\" \/><\/a><\/p>\n<p><span style=\"font-weight: 400;\">A k\u00e9t kezdeti barcelonai befut\u00f3 ut\u00e1n a mez\u0151ny S\u00fari\u00e1b\u00f3l Andorr\u00e1ba indul, hogy megtegye a verseny els\u0151 hegyi szakasz\u00e1t. A hercegs\u00e9g ad otthont a La Vuelta els\u0151 magaslati fin\u00e1l\u00e9j\u00e1nak, az Arinsal cs\u00facs\u00e1n. A versenyz\u0151k Andorr\u00e1ban alszanak, miel\u0151tt d\u00e9lre induln\u00e1nak Tarragona fel\u00e9, hogy lez\u00e1rj\u00e1k a katal\u00e1n \u00e9s andorrai utat.<\/span><\/p>\n<p><a href=\"https:\/\/d2p6e6u75xmxt8.cloudfront.net\/12\/2023\/01\/Vuelta-5.webp\"><img loading=\"lazy\" decoding=\"async\" class=\"alignnone size-full wp-image-16828\" src=\"https:\/\/d2p6e6u75xmxt8.cloudfront.net\/12\/2023\/01\/Vuelta-5.webp\" alt=\"\" width=\"960\" height=\"353\" srcset=\"https:\/\/d2p6e6u75xmxt8.cloudfront.net\/12\/2023\/01\/Vuelta-5.webp 960w, https:\/\/d2p6e6u75xmxt8.cloudfront.net\/12\/2023\/01\/Vuelta-5-300x110.webp 300w, https:\/\/d2p6e6u75xmxt8.cloudfront.net\/12\/2023\/01\/Vuelta-5-768x282.webp 768w\" sizes=\"auto, (max-width: 960px) 100vw, 960px\" \/><\/a><\/p>\n<p><span style=\"font-weight: 400;\">Valencia lesz a La Vuelta k\u00f6vetkez\u0151 szakasz\u00e1nak h\u00e1zigazd\u00e1ja. A versenyz\u0151k Castell\u00f3n tartom\u00e1nyon haladnak \u00e1t egy k\u00f6z\u00e9phegys\u00e9gi szakaszon Morella \u00e9s Burriana k\u00f6z\u00f6tt. Castell\u00f3n telep\u00fcl\u00e9se, La Vall d&#8217;Uix\u00f3 lesz a k\u00f6vetkez\u0151 szakasz kiindul\u00f3pontja, amely Teruel fel\u00e9 tart, a nap f\u0151 attrakci\u00f3jak\u00e9nt pedig az Observatorio Astrof\u00edsico de Javalambre-hez vezet az utols\u00f3 m\u00e1sz\u00e1s.<\/span><\/p>\n<p><a href=\"https:\/\/d2p6e6u75xmxt8.cloudfront.net\/12\/2023\/01\/Vuelta-3.webp\"><img loading=\"lazy\" decoding=\"async\" class=\"alignnone size-full wp-image-16827\" src=\"https:\/\/d2p6e6u75xmxt8.cloudfront.net\/12\/2023\/01\/Vuelta-3.webp\" alt=\"\" width=\"960\" height=\"621\" srcset=\"https:\/\/d2p6e6u75xmxt8.cloudfront.net\/12\/2023\/01\/Vuelta-3.webp 960w, https:\/\/d2p6e6u75xmxt8.cloudfront.net\/12\/2023\/01\/Vuelta-3-300x194.webp 300w, https:\/\/d2p6e6u75xmxt8.cloudfront.net\/12\/2023\/01\/Vuelta-3-768x497.webp 768w\" sizes=\"auto, (max-width: 960px) 100vw, 960px\" \/><\/a><\/p>\n<p><span style=\"font-weight: 400;\">A verseny els\u0151 s\u00edk szakasza a 7. napon ker\u00fcl sorra, a fin\u00e1l\u00e9 a sprintereknek kedvez. A mez\u0151ny ezut\u00e1n a Costa Blanca menti etappal b\u00facs\u00fazik Valenci\u00e1t\u00f3l, a versenyz\u0151k sz\u00e1m\u00e1ra m\u00e1r ismer\u0151s cs\u00facson: a Xorret de Cat\u00edn.<\/span><\/p>\n<div class=\"embed-controller-wrapper\">\n<div class=\"embed-wrapper\"><iframe title=\"\ud83d\udd25 La Vuelta 23 - Recorrido oficial (Official Route) \ud83d\udd25\" width=\"500\" height=\"281\" data-src=\"https:\/\/www.youtube.com\/embed\/3FnjYdy_Yt0?feature=oembed\" frameborder=\"0\" allow=\"accelerometer; autoplay; clipboard-write; encrypted-media; gyroscope; picture-in-picture; web-share\" referrerpolicy=\"strict-origin-when-cross-origin\" allowfullscreen><\/iframe><\/div>\n<\/div>\n<p><span style=\"font-weight: 400;\">Utols\u00f3 kih\u00edv\u00e1sk\u00e9nt a pihen\u0151nap el\u0151tti h\u00e9t v\u00e9g\u00e9n a Murcia r\u00e9gi\u00f3 teszi pr\u00f3b\u00e1ra a kerekeseket, egy, Cartagen\u00e1ban rajtol\u00f3 etappal, ami a partr\u00f3l indul \u00e9s a sz\u00e1razf\u00f6ld belseje fel\u00e9 tart, majd a Caravaca de la Cruz befut\u00f3j\u00e1n\u00e1l \u00e9r v\u00e9get.<\/span><\/p>\n<p><span style=\"font-weight: 400;\">A verseny m\u00e1sodik hete Valladolid tartom\u00e1nyban 25 kilom\u00e9teres egy\u00e9ni id\u0151futammal kezd\u0151dik. A mez\u0151ny ezut\u00e1n folytatja \u00fatj\u00e1t Castilla y Le\u00f3n nyugati r\u00e9sze fel\u00e9, ahol megl\u00e1togatja a Laguna Negr\u00e1t. Zaragoz\u00e1ban lesz az utols\u00f3 lehet\u0151s\u00e9g a sprintereknek, miel\u0151tt a Pireneusok fel\u00e9 veszi az \u00fatvonal az ir\u00e1nyt, k\u00e9t komoly kih\u00edv\u00e1st jelent\u0151 hegyi szakasszal. El\u0151sz\u00f6r az Abisque \u00e9s a Tourmalet, majd m\u00e1snap Issarbe, Larrau \u00e9s Larra-Belagua tornyosul a versenyz\u0151k feje f\u00f6l\u00e9. A m\u00e1sodik, egyben utols\u00f3 pihen\u0151nap el\u0151tt Pamplon\u00e1n \u00e9s Lekunberrin visz az \u00fat.<\/span><\/p>\n<p><i><span style=\"font-weight: 400;\">\u201cA hegyek a Vuelta magj\u00e1nak fontos r\u00e9sz\u00e9t k\u00e9pezik, \u00e9s a 2023-as versenyt is nagyon izgalmass\u00e1 teszik majd\u201d<\/span><\/i><span style=\"font-weight: 400;\"> &#8211; mondta Guill\u00e9n. <\/span><i><span style=\"font-weight: 400;\">\u201cA Tourmalet m\u00e9rf\u00f6ldk\u0151 a Vuelta t\u00f6rt\u00e9nelm\u00e9ben, \u00e9s az Angliru mellett az idei \u00e9v nagy kolosszusa. Folytatjuk az \u00faj cs\u00facsok keres\u00e9s\u00e9t, hogy m\u00e9g t\u00f6bbet mutathassunk meg abb\u00f3l, hogy mire k\u00e9pesek a ker\u00e9kp\u00e1rosok. \u00cdgy fedezt\u00fck fel Larra-Belaug\u00e1t, Cruz de Linarest, Bejest \u00e9s Larraut \u00e9s Issarbe h\u00e1g\u00f3it is\u201d<\/span><\/i><span style=\"font-weight: 400;\"> &#8211; magyar\u00e1zta a versenyigazgat\u00f3.<\/span><\/p>\n<p><a href=\"https:\/\/d2p6e6u75xmxt8.cloudfront.net\/12\/2023\/01\/db2f7.webp\"><img loading=\"lazy\" decoding=\"async\" class=\"alignnone size-full wp-image-16825\" src=\"https:\/\/d2p6e6u75xmxt8.cloudfront.net\/12\/2023\/01\/db2f7.webp\" alt=\"\" width=\"960\" height=\"663\" srcset=\"https:\/\/d2p6e6u75xmxt8.cloudfront.net\/12\/2023\/01\/db2f7.webp 960w, https:\/\/d2p6e6u75xmxt8.cloudfront.net\/12\/2023\/01\/db2f7-300x207.webp 300w, https:\/\/d2p6e6u75xmxt8.cloudfront.net\/12\/2023\/01\/db2f7-768x530.webp 768w\" sizes=\"auto, (max-width: 960px) 100vw, 960px\" \/><\/a><\/p>\n<p><span style=\"font-weight: 400;\">Az utols\u00f3 h\u00e9tben sem cs\u00f6kken majd a min\u0151s\u00e9g, hiszen a p\u00e9lda n\u00e9lk\u00fcli hegyi finis ut\u00e1n a Vuelta nagy kolosszusa, a L\u2019Angliru k\u00f6vetkezik. A versenyt az Aszt\u00fariai Hercegs\u00e9g magaslati szakasza d\u00f6ntheti el, id\u00e9n megt\u00f6rt\u00e9nhet az a Cruz de Linaresen, ami tavaly a Coll\u00e1u Fancuay\u00e1n.<\/span><\/p>\n<p><a href=\"https:\/\/d2p6e6u75xmxt8.cloudfront.net\/12\/2023\/01\/ca7a5.webp\"><img loading=\"lazy\" decoding=\"async\" class=\"alignnone size-full wp-image-16824\" src=\"https:\/\/d2p6e6u75xmxt8.cloudfront.net\/12\/2023\/01\/ca7a5.webp\" alt=\"\" width=\"960\" height=\"639\" srcset=\"https:\/\/d2p6e6u75xmxt8.cloudfront.net\/12\/2023\/01\/ca7a5.webp 960w, https:\/\/d2p6e6u75xmxt8.cloudfront.net\/12\/2023\/01\/ca7a5-300x200.webp 300w, https:\/\/d2p6e6u75xmxt8.cloudfront.net\/12\/2023\/01\/ca7a5-768x511.webp 768w, https:\/\/d2p6e6u75xmxt8.cloudfront.net\/12\/2023\/01\/ca7a5-272x182.webp 272w\" sizes=\"auto, (max-width: 960px) 100vw, 960px\" \/><\/a><\/p>\n<p><span style=\"font-weight: 400;\">A kaszt\u00edliai sz\u00e9l fontos szerepet j\u00e1tszhat az \u00cdscar fel\u00e9 vezet\u0151 \u00faton, lehet\u0151s\u00e9get adva a sprintereknek v\u00e1ltoztatni a sorrenden, miel\u0151tt meg\u00e9rkezn\u00e9nek Madridba. Az utols\u00f3 el\u0151tti etap a Guadarrama-medenc\u00e9ben zajlik majd, 10 harmadik kateg\u00f3ri\u00e1s emelked\u0151vel, melyek a madridi befut\u00f3 el\u0151tt eld\u00f6nthetik a v\u00e9gs\u0151 \u00f6sszetett versenyt.<\/span><\/p>\n<p><span style=\"font-weight: 400;\">Az egykori versenyz\u0151 \u00e9s t\u00f6bbsz\u00f6r\u00f6s Vuelta-dobog\u00f3s Joaquim Rodr\u00edguez \u00edgy nyilatkozott a CyclingNews magazinnak, miut\u00e1n bemutatt\u00e1k az \u00fatvonalat: <\/span><i><span style=\"font-weight: 400;\">\u201cB\u00e1r lesz egy id\u0151m\u00e9r\u0151 Valladolidban, nem hiszem, hogy el\u00e9g neh\u00e9z lesz ahhoz, hogy ellens\u00falyozza a hegyi men\u0151k el\u0151nyeit.\u201d<\/span><\/i><\/p>\n<p><span style=\"font-weight: 400;\">Szerinted kinek kedvez a 2023-as \u00fatvonal? Vajon Remco Evenepoel \u00fajra diadalmaskodik? Mit gondolsz?<\/span><\/p>\n","protected":false},"excerpt":{"rendered":"<p>A Spanyol Nagyk\u00f6r 78. versenye augusztus 26-\u00e1n, szombaton Barcelon\u00e1ban kezd\u0151dik \u00e9s szeptember 17-\u00e9n Madridban \u00e9r v\u00e9get. A h\u00e1rom h\u00e9t alatt [&hellip;]<\/p>\n","protected":false},"author":145,"featured_media":16823,"comment_status":"open","ping_status":"open","sticky":false,"template":"","format":"standard","meta":{"footnotes":""},"categories":[8],"tags":[],"global-categories":[419],"class_list":["post-16822","post","type-post","status-publish","format-standard","has-post-thumbnail","hentry","category-orszaguti-kerekpar","global-categories-cycling"],"yoast_head":"<!-- This site is optimized with the Yoast SEO Premium plugin v25.3 (Yoast SEO v25.9) - https:\/\/yoast.com\/wordpress\/plugins\/seo\/ -->\n<title>A 2023-as Vuelta \u00fatvonala: a v\u00e9rbeli hegyi men\u0151k versenye - \u0160koda We Love Cycling - Magyarorsz\u00e1g<\/title>\n<meta name=\"robots\" content=\"index, follow, max-snippet:-1, max-image-preview:large, max-video-preview:-1\" \/>\n<link rel=\"canonical\" href=\"https:\/\/www.welovecycling.com\/hu\/orszaguti-kerekpar\/a-2023-as-vuelta-utvonala-a-verbeli-hegyi-menok-versenye\/\" \/>\n<meta property=\"og:locale\" content=\"hu_HU\" \/>\n<meta property=\"og:type\" content=\"article\" \/>\n<meta property=\"og:title\" content=\"A 2023-as Vuelta \u00fatvonala: a v\u00e9rbeli hegyi men\u0151k versenye\" \/>\n<meta property=\"og:description\" content=\"A Spanyol Nagyk\u00f6r 78. versenye augusztus 26-\u00e1n, szombaton Barcelon\u00e1ban kezd\u0151dik \u00e9s szeptember 17-\u00e9n Madridban \u00e9r v\u00e9get. A h\u00e1rom h\u00e9t alatt [&hellip;]\" \/>\n<meta property=\"og:url\" content=\"https:\/\/www.welovecycling.com\/hu\/orszaguti-kerekpar\/a-2023-as-vuelta-utvonala-a-verbeli-hegyi-menok-versenye\/\" \/>\n<meta property=\"og:site_name\" content=\"\u0160koda We Love Cycling - Magyarorsz\u00e1g\" \/>\n<meta property=\"article:publisher\" content=\"https:\/\/www.facebook.com\/WeLoveCyclingHungary\/\" \/>\n<meta property=\"article:published_time\" content=\"2023-01-16T12:21:19+00:00\" \/>\n<meta property=\"og:image\" content=\"https:\/\/d2p6e6u75xmxt8.cloudfront.net\/12\/2023\/01\/ezgif-4-9097fb91c6.webp\" \/>\n\t<meta property=\"og:image:width\" content=\"990\" \/>\n\t<meta property=\"og:image:height\" content=\"660\" \/>\n\t<meta property=\"og:image:type\" content=\"image\/webp\" \/>\n<meta name=\"author\" content=\"kitti\" \/>\n<meta name=\"twitter:card\" content=\"summary_large_image\" \/>\n<meta name=\"twitter:label1\" content=\"Written by\" \/>\n\t<meta name=\"twitter:data1\" content=\"We Love Cycling\" \/>\n\t<meta name=\"twitter:label2\" content=\"Est. reading time\" \/>\n\t<meta name=\"twitter:data2\" content=\"4 minutes\" \/>\n<script type=\"application\/ld+json\" class=\"yoast-schema-graph\">{\"@context\":\"https:\/\/schema.org\",\"@graph\":[{\"@type\":\"WebPage\",\"@id\":\"https:\/\/www.welovecycling.com\/hu\/orszaguti-kerekpar\/a-2023-as-vuelta-utvonala-a-verbeli-hegyi-menok-versenye\/\",\"url\":\"https:\/\/www.welovecycling.com\/hu\/orszaguti-kerekpar\/a-2023-as-vuelta-utvonala-a-verbeli-hegyi-menok-versenye\/\",\"name\":\"A 2023-as Vuelta \u00fatvonala: a v\u00e9rbeli hegyi men\u0151k versenye - \u0160koda We Love Cycling - Magyarorsz\u00e1g\",\"isPartOf\":{\"@id\":\"https:\/\/www.welovecycling.com\/hu\/#website\"},\"primaryImageOfPage\":{\"@id\":\"https:\/\/www.welovecycling.com\/hu\/orszaguti-kerekpar\/a-2023-as-vuelta-utvonala-a-verbeli-hegyi-menok-versenye\/#primaryimage\"},\"image\":{\"@id\":\"https:\/\/www.welovecycling.com\/hu\/orszaguti-kerekpar\/a-2023-as-vuelta-utvonala-a-verbeli-hegyi-menok-versenye\/#primaryimage\"},\"thumbnailUrl\":\"https:\/\/d2p6e6u75xmxt8.cloudfront.net\/12\/2023\/01\/ezgif-4-9097fb91c6.webp\",\"datePublished\":\"2023-01-16T12:21:19+00:00\",\"author\":{\"@id\":\"https:\/\/www.welovecycling.com\/hu\/#\/schema\/person\/bec7dcdbcc59f58489cf603e4040ced1\"},\"breadcrumb\":{\"@id\":\"https:\/\/www.welovecycling.com\/hu\/orszaguti-kerekpar\/a-2023-as-vuelta-utvonala-a-verbeli-hegyi-menok-versenye\/#breadcrumb\"},\"inLanguage\":\"hu\",\"potentialAction\":[{\"@type\":\"ReadAction\",\"target\":[\"https:\/\/www.welovecycling.com\/hu\/orszaguti-kerekpar\/a-2023-as-vuelta-utvonala-a-verbeli-hegyi-menok-versenye\/\"]}]},{\"@type\":\"ImageObject\",\"inLanguage\":\"hu\",\"@id\":\"https:\/\/www.welovecycling.com\/hu\/orszaguti-kerekpar\/a-2023-as-vuelta-utvonala-a-verbeli-hegyi-menok-versenye\/#primaryimage\",\"url\":\"https:\/\/d2p6e6u75xmxt8.cloudfront.net\/12\/2023\/01\/ezgif-4-9097fb91c6.webp\",\"contentUrl\":\"https:\/\/d2p6e6u75xmxt8.cloudfront.net\/12\/2023\/01\/ezgif-4-9097fb91c6.webp\",\"width\":990,\"height\":660},{\"@type\":\"BreadcrumbList\",\"@id\":\"https:\/\/www.welovecycling.com\/hu\/orszaguti-kerekpar\/a-2023-as-vuelta-utvonala-a-verbeli-hegyi-menok-versenye\/#breadcrumb\",\"itemListElement\":[{\"@type\":\"ListItem\",\"position\":1,\"name\":\"Home\",\"item\":\"https:\/\/www.welovecycling.com\/hu\/\"},{\"@type\":\"ListItem\",\"position\":2,\"name\":\"A 2023-as Vuelta \u00fatvonala: a v\u00e9rbeli hegyi men\u0151k versenye\"}]},{\"@type\":\"WebSite\",\"@id\":\"https:\/\/www.welovecycling.com\/hu\/#website\",\"url\":\"https:\/\/www.welovecycling.com\/hu\/\",\"name\":\"\u0160koda We Love Cycling - Magyarorsz\u00e1g\",\"description\":\"\u0160koda WeLoveCycling\",\"potentialAction\":[{\"@type\":\"SearchAction\",\"target\":{\"@type\":\"EntryPoint\",\"urlTemplate\":\"https:\/\/www.welovecycling.com\/hu\/?s={search_term_string}\"},\"query-input\":{\"@type\":\"PropertyValueSpecification\",\"valueRequired\":true,\"valueName\":\"search_term_string\"}}],\"inLanguage\":\"hu\"},{\"@type\":\"Person\",\"@id\":\"https:\/\/www.welovecycling.com\/hu\/#\/schema\/person\/bec7dcdbcc59f58489cf603e4040ced1\",\"name\":\"kitti\",\"image\":{\"@type\":\"ImageObject\",\"inLanguage\":\"hu\",\"@id\":\"https:\/\/www.welovecycling.com\/hu\/#\/schema\/person\/image\/\",\"url\":\"https:\/\/secure.gravatar.com\/avatar\/e3196a110e1b57b96f56d92d10ce9bb4e9d7210076832a16243337e949410b52?s=96&d=mm&r=g\",\"contentUrl\":\"https:\/\/secure.gravatar.com\/avatar\/e3196a110e1b57b96f56d92d10ce9bb4e9d7210076832a16243337e949410b52?s=96&d=mm&r=g\",\"caption\":\"kitti\"},\"url\":\"https:\/\/www.welovecycling.com\/hu\/author\/kitti\/\"}]}<\/script>\n<!-- \/ Yoast SEO Premium plugin. -->","yoast_head_json":{"title":"A 2023-as Vuelta \u00fatvonala: a v\u00e9rbeli hegyi men\u0151k versenye - \u0160koda We Love Cycling - Magyarorsz\u00e1g","robots":{"index":"index","follow":"follow","max-snippet":"max-snippet:-1","max-image-preview":"max-image-preview:large","max-video-preview":"max-video-preview:-1"},"canonical":"https:\/\/www.welovecycling.com\/hu\/orszaguti-kerekpar\/a-2023-as-vuelta-utvonala-a-verbeli-hegyi-menok-versenye\/","og_locale":"hu_HU","og_type":"article","og_title":"A 2023-as Vuelta \u00fatvonala: a v\u00e9rbeli hegyi men\u0151k versenye","og_description":"A Spanyol Nagyk\u00f6r 78. versenye augusztus 26-\u00e1n, szombaton Barcelon\u00e1ban kezd\u0151dik \u00e9s szeptember 17-\u00e9n Madridban \u00e9r v\u00e9get. A h\u00e1rom h\u00e9t alatt [&hellip;]","og_url":"https:\/\/www.welovecycling.com\/hu\/orszaguti-kerekpar\/a-2023-as-vuelta-utvonala-a-verbeli-hegyi-menok-versenye\/","og_site_name":"\u0160koda We Love Cycling - Magyarorsz\u00e1g","article_publisher":"https:\/\/www.facebook.com\/WeLoveCyclingHungary\/","article_published_time":"2023-01-16T12:21:19+00:00","og_image":[{"width":990,"height":660,"url":"https:\/\/d2p6e6u75xmxt8.cloudfront.net\/12\/2023\/01\/ezgif-4-9097fb91c6.webp","type":"image\/webp"}],"author":"kitti","twitter_card":"summary_large_image","twitter_misc":{"Written by":"We Love Cycling","Est. reading time":"4 minutes"},"schema":{"@context":"https:\/\/schema.org","@graph":[{"@type":"WebPage","@id":"https:\/\/www.welovecycling.com\/hu\/orszaguti-kerekpar\/a-2023-as-vuelta-utvonala-a-verbeli-hegyi-menok-versenye\/","url":"https:\/\/www.welovecycling.com\/hu\/orszaguti-kerekpar\/a-2023-as-vuelta-utvonala-a-verbeli-hegyi-menok-versenye\/","name":"A 2023-as Vuelta \u00fatvonala: a v\u00e9rbeli hegyi men\u0151k versenye - \u0160koda We Love Cycling - Magyarorsz\u00e1g","isPartOf":{"@id":"https:\/\/www.welovecycling.com\/hu\/#website"},"primaryImageOfPage":{"@id":"https:\/\/www.welovecycling.com\/hu\/orszaguti-kerekpar\/a-2023-as-vuelta-utvonala-a-verbeli-hegyi-menok-versenye\/#primaryimage"},"image":{"@id":"https:\/\/www.welovecycling.com\/hu\/orszaguti-kerekpar\/a-2023-as-vuelta-utvonala-a-verbeli-hegyi-menok-versenye\/#primaryimage"},"thumbnailUrl":"https:\/\/d2p6e6u75xmxt8.cloudfront.net\/12\/2023\/01\/ezgif-4-9097fb91c6.webp","datePublished":"2023-01-16T12:21:19+00:00","author":{"@id":"https:\/\/www.welovecycling.com\/hu\/#\/schema\/person\/bec7dcdbcc59f58489cf603e4040ced1"},"breadcrumb":{"@id":"https:\/\/www.welovecycling.com\/hu\/orszaguti-kerekpar\/a-2023-as-vuelta-utvonala-a-verbeli-hegyi-menok-versenye\/#breadcrumb"},"inLanguage":"hu","potentialAction":[{"@type":"ReadAction","target":["https:\/\/www.welovecycling.com\/hu\/orszaguti-kerekpar\/a-2023-as-vuelta-utvonala-a-verbeli-hegyi-menok-versenye\/"]}]},{"@type":"ImageObject","inLanguage":"hu","@id":"https:\/\/www.welovecycling.com\/hu\/orszaguti-kerekpar\/a-2023-as-vuelta-utvonala-a-verbeli-hegyi-menok-versenye\/#primaryimage","url":"https:\/\/d2p6e6u75xmxt8.cloudfront.net\/12\/2023\/01\/ezgif-4-9097fb91c6.webp","contentUrl":"https:\/\/d2p6e6u75xmxt8.cloudfront.net\/12\/2023\/01\/ezgif-4-9097fb91c6.webp","width":990,"height":660},{"@type":"BreadcrumbList","@id":"https:\/\/www.welovecycling.com\/hu\/orszaguti-kerekpar\/a-2023-as-vuelta-utvonala-a-verbeli-hegyi-menok-versenye\/#breadcrumb","itemListElement":[{"@type":"ListItem","position":1,"name":"Home","item":"https:\/\/www.welovecycling.com\/hu\/"},{"@type":"ListItem","position":2,"name":"A 2023-as Vuelta \u00fatvonala: a v\u00e9rbeli hegyi men\u0151k versenye"}]},{"@type":"WebSite","@id":"https:\/\/www.welovecycling.com\/hu\/#website","url":"https:\/\/www.welovecycling.com\/hu\/","name":"\u0160koda We Love Cycling - Magyarorsz\u00e1g","description":"\u0160koda WeLoveCycling","potentialAction":[{"@type":"SearchAction","target":{"@type":"EntryPoint","urlTemplate":"https:\/\/www.welovecycling.com\/hu\/?s={search_term_string}"},"query-input":{"@type":"PropertyValueSpecification","valueRequired":true,"valueName":"search_term_string"}}],"inLanguage":"hu"},{"@type":"Person","@id":"https:\/\/www.welovecycling.com\/hu\/#\/schema\/person\/bec7dcdbcc59f58489cf603e4040ced1","name":"kitti","image":{"@type":"ImageObject","inLanguage":"hu","@id":"https:\/\/www.welovecycling.com\/hu\/#\/schema\/person\/image\/","url":"https:\/\/secure.gravatar.com\/avatar\/e3196a110e1b57b96f56d92d10ce9bb4e9d7210076832a16243337e949410b52?s=96&d=mm&r=g","contentUrl":"https:\/\/secure.gravatar.com\/avatar\/e3196a110e1b57b96f56d92d10ce9bb4e9d7210076832a16243337e949410b52?s=96&d=mm&r=g","caption":"kitti"},"url":"https:\/\/www.welovecycling.com\/hu\/author\/kitti\/"}]}},"_links":{"self":[{"href":"https:\/\/www.welovecycling.com\/hu\/wp-json\/wp\/v2\/posts\/16822","targetHints":{"allow":["GET"]}}],"collection":[{"href":"https:\/\/www.welovecycling.com\/hu\/wp-json\/wp\/v2\/posts"}],"about":[{"href":"https:\/\/www.welovecycling.com\/hu\/wp-json\/wp\/v2\/types\/post"}],"author":[{"embeddable":true,"href":"https:\/\/www.welovecycling.com\/hu\/wp-json\/wp\/v2\/users\/145"}],"replies":[{"embeddable":true,"href":"https:\/\/www.welovecycling.com\/hu\/wp-json\/wp\/v2\/comments?post=16822"}],"version-history":[{"count":2,"href":"https:\/\/www.welovecycling.com\/hu\/wp-json\/wp\/v2\/posts\/16822\/revisions"}],"predecessor-version":[{"id":16831,"href":"https:\/\/www.welovecycling.com\/hu\/wp-json\/wp\/v2\/posts\/16822\/revisions\/16831"}],"wp:featuredmedia":[{"embeddable":true,"href":"https:\/\/www.welovecycling.com\/hu\/wp-json\/wp\/v2\/media\/16823"}],"wp:attachment":[{"href":"https:\/\/www.welovecycling.com\/hu\/wp-json\/wp\/v2\/media?parent=16822"}],"wp:term":[{"taxonomy":"category","embeddable":true,"href":"https:\/\/www.welovecycling.com\/hu\/wp-json\/wp\/v2\/categories?post=16822"},{"taxonomy":"post_tag","embeddable":true,"href":"https:\/\/www.welovecycling.com\/hu\/wp-json\/wp\/v2\/tags?post=16822"},{"taxonomy":"global-categories","embeddable":true,"href":"https:\/\/www.welovecycling.com\/hu\/wp-json\/wp\/v2\/global-categories?post=16822"}],"curies":[{"name":"wp","href":"https:\/\/api.w.org\/{rel}","templated":true}]}}