{"id":16808,"date":"2023-01-21T08:00:49","date_gmt":"2023-01-21T06:00:49","guid":{"rendered":"https:\/\/www.welovecycling.com\/hu\/?p=16808"},"modified":"2023-01-13T16:58:11","modified_gmt":"2023-01-13T14:58:11","slug":"7-rostban-gazdag-etel-amit-mindenkepp-adj-hozza-a-mai-vacsoradhoz","status":"publish","type":"post","link":"https:\/\/www.welovecycling.com\/hu\/edzes-es-eletmod\/7-rostban-gazdag-etel-amit-mindenkepp-adj-hozza-a-mai-vacsoradhoz\/","title":{"rendered":"7 rostban gazdag \u00e9tel, amit mindenk\u00e9pp adj hozz\u00e1 a mai vacsor\u00e1dhoz!"},"content":{"rendered":"<p><strong>M\u00edg a feh\u00e9rj\u00e9k \u00e1ltal\u00e1ban a figyelem k\u00f6zpontj\u00e1ban \u00e1llnak, amikor a legfontosabb t\u00e1panyagokr\u00f3l van sz\u00f3, a rostok m\u00e9ltatlanul h\u00e1tt\u00e9rben maradnak. Pedig a j\u00f3llakotts\u00e1g \u00e9rz\u00e9s\u00e9t\u0151l az em\u00e9szt\u00e9sen \u00e1t a betegs\u00e9gek lek\u00fczd\u00e9s\u00e9ig rengeteg pozit\u00edv hat\u00e1suk van. M\u00e9gsem fogyasztunk bel\u0151l\u00fck eleget.<\/strong><\/p>\n<p><!--more--><\/p>\n<p>Napjaink divatos di\u00e9t\u00e1i nem igaz\u00e1n gazdagak rostban, nem esz\u00fcnk el\u00e9g z\u00f6lds\u00e9get, gy\u00fcm\u00f6lcs\u00f6t \u00e9s teljes \u00e9rt\u00e9k\u0171 gabon\u00e1t. A legt\u00f6bb el\u0151re elk\u00e9sz\u00edtett \u00e9s fagyasztott \u00e9tel finom\u00edtott gabon\u00e1t tartalmaz, ezekben pedig igen alacsony a rosttartalom.<\/p>\n<p>A dolgok m\u00e9g zavarosabb\u00e1 v\u00e1lnak, amikor az \u00e9lelmiszerek csomagol\u00e1s\u00e1n keress\u00fck a t\u00e1panyag-\u00f6sszet\u00e9telre vonatkoz\u00f3 inform\u00e1ci\u00f3kat. A \u201eteljes ki\u0151rl\u00e9s\u0171 gabon\u00e1b\u00f3l k\u00e9sz\u00fclt\u201d kifejez\u00e9s p\u00e9ld\u00e1ul minden olyan term\u00e9kre felragaszthat\u00f3, amelyikben tetsz\u0151leges mennyis\u00e9g\u0171 teljes ki\u0151rl\u00e9s\u0171 gabona van. Kb. 0,5 \u00e9s 3 gramm k\u00f6z\u00f6tt v\u00e1ltozik a val\u00f3di rosttartalom ezekben az \u00e9lelmiszerekben, adagonk\u00e9nt. \u00c9rdemes megn\u00e9zni minden megv\u00e1s\u00e1rolt term\u00e9k \u00f6sszetev\u0151-list\u00e1j\u00e1t \u00e9s t\u00e1p\u00e9rt\u00e9k\u00e9t, k\u00fcl\u00f6n\u00f6sen a gabonaalap\u00fa term\u00e9kek eset\u00e9ben, \u00e9s kiv\u00e1lasztani azokat, amelyek adagonk\u00e9nt legal\u00e1bb 3 gramm rostot tartalmaznak, m\u00e9g jobb esetben 5 grammot.<\/p>\n<p>De mire ez a felhajt\u00e1s? N\u00e9zz\u00fck, milyen el\u0151ny\u00f6kkel j\u00e1r, ha rostban gazdag \u00e9teleket illesztesz az \u00e9trendedbe!<\/p>\n<h2><strong>Mi az a rost?<\/strong><\/h2>\n<p>Az FDA (Food and Drug Administration) a rostokat a sz\u00e9nhidr\u00e1tok egyik fajt\u00e1jak\u00e9nt hat\u00e1rozza meg, melyek cukormolekul\u00e1kat tartalmaznak, olyan mint\u00e1zatban, ami megnehez\u00edti az em\u00e9szthet\u0151s\u00e9get. A term\u00e9szetben el\u0151fordul\u00f3 rostok a n\u00f6v\u00e9nyi alap\u00fa \u00e9lelmiszerekben tal\u00e1lhat\u00f3ak meg, ide\u00e9rtve a gy\u00fcm\u00f6lcs\u00f6ket, z\u00f6lds\u00e9geket, teljes ki\u0151rl\u00e9s\u0171 gabon\u00e1kat, di\u00f3f\u00e9l\u00e9ket \u00e9s h\u00fcvelyeseket.<\/p>\n<p>Ami a rostfogyaszt\u00e1st illeti, az Egyes\u00fcl \u00c1llamok ir\u00e1nyelvei szerint az ide\u00e1lis mennyis\u00e9g a kal\u00f3riafogyaszt\u00e1sunkon alapszik. Eszerint minden 1000 kal\u00f3ri\u00e1hoz 14 gramm rostot kell bevinni. N\u0151kn\u00e9l az \u00e1tlagos aj\u00e1nl\u00e1s napi 25 gramm, a f\u00e9rfiaknak pedig 38 gramm.<\/p>\n<p>Fontos tudni, hogy h\u00e1romf\u00e9le rost l\u00e9tezik:<\/p>\n<ul>\n<li>A <strong>v\u00edzben nem old\u00f3d\u00f3 rostok<\/strong> gyors\u00edtj\u00e1k az em\u00e9szt\u0151rendszert, \u00edgy a nem hasznos anyagok k\u00f6nnyebben t\u00e1voznak. Gondolj r\u00e1juk \u00fagy, mint egy sepr\u0171re, amely kitiszt\u00edtja a beleket, \u00edgy viszont arra k\u00e9sztet, hogy gyakrabban l\u00e1togasd meg az illemhelyis\u00e9get.<\/li>\n<li>A <strong>v\u00edzold\u00e9kony rostok<\/strong> ellenben szivacsk\u00e9nt sz\u00edvj\u00e1k fel a vizet, cser\u00e9be viszont g\u00e1tolj\u00e1k a zs\u00edr \u00e9s a koleszterin felsz\u00edv\u00f3d\u00e1s\u00e1t a szervezetben. \u00cdgy teh\u00e1t seg\u00edtenek cs\u00f6kkenteni a rossz koleszterin (LDL) szintj\u00e9t a v\u00e9rben, \u00e9s seg\u00edtik a v\u00e9rcukorszint szab\u00e1lyoz\u00e1s\u00e1t.<\/li>\n<li>A <strong>funkcion\u00e1lis rostok<\/strong> alapvet\u0151en t\u00e1pl\u00e1l\u00e9k-kieg\u00e9sz\u00edt\u0151k. Ezt a rostform\u00e1t term\u00e9szetes forr\u00e1sokb\u00f3l nyerik ki, majd mesters\u00e9gesen \u00e9lelmiszerekhez vagy porokhoz adj\u00e1k.<\/li>\n<\/ul>\n<p>A Bicycling magazin dietetikusokkal besz\u00e9lgetett a t\u00e9m\u00e1r\u00f3l, akik azt javasolt\u00e1k, hogy az els\u0151 k\u00e9t fajt\u00e1b\u00f3l fogyasszunk t\u00f6bbet, hiszen ezek a rostok sok \u00edzletes, v\u00e1ltozatos \u00e9s k\u00f6nnyen el\u00e9rhet\u0151 forr\u00e1sban megtal\u00e1lhat\u00f3ak.<\/p>\n<h2><strong>Milyen el\u0151ny\u00f6kkel j\u00e1rnak a rostban gazdag \u00e9telek?<\/strong><\/h2>\n<p>A rostok teljesen term\u00e9szetes anyagok, melyek a tested j\u00f3ll\u00e9t\u00e9t jav\u00edtj\u00e1k. Rengeteg tanulm\u00e1ny \u00e9s tudom\u00e1nyos \u00e1ttekint\u00e9s hozza \u00f6sszef\u00fcgg\u00e9sbe a rostban gazdag \u00e9trendet a kr\u00f3nikus betegs\u00e9gek, mint a r\u00e1k, a cukorbetegs\u00e9g \u00e9s a sz\u00edvbetegs\u00e9g kock\u00e1zat\u00e1nak cs\u00f6kken\u00e9s\u00e9vel. A rostok nem csak felt\u00f6ltenek, hanem ki is \u00fcr\u00edtenek, \u00edgy el\u0151seg\u00edtik a b\u00e9lrendszer eg\u00e9szs\u00e9g\u00e9t.<\/p>\n<h2><strong>Mi t\u00f6rt\u00e9nik, ha nem fogyasztasz eleget?<\/strong><\/h2>\n<p>Ami 95%-unkkal napi szinten t\u00f6rt\u00e9nik. P\u00e9ld\u00e1ul:<\/p>\n<ul>\n<li>Szab\u00e1lytalan b\u00e9lm\u0171k\u00f6d\u00e9s<\/li>\n<li>Sz\u00e9kreked\u00e9s<\/li>\n<li>A j\u00f3llakotts\u00e1g hi\u00e1nya<\/li>\n<li>Megn\u0151 a magas koleszterinszint kock\u00e1zata<\/li>\n<li>Megn\u0151 a magas v\u00e9rnyom\u00e1s kock\u00e1zata<\/li>\n<li>Egy nem t\u00fal optim\u00e1lis b\u00e9lmikrobi\u00f3m, amely hat\u00e1ssal lehet az immunrendszerre, a b\u0151rre, a hangulatra \u00e9s m\u00e9g sok m\u00e1sra<\/li>\n<li>A kettes t\u00edpus\u00fa cukorbetegs\u00e9g fokozott kock\u00e1zata<\/li>\n<\/ul>\n<h2><strong>7 \u00e9tel, ami tele van rostokkal<\/strong><\/h2>\n<p>.A k\u00f6vetkez\u0151, dietetikusok \u00e1ltal aj\u00e1nlott rosttartalm\u00fa \u00e9telek seg\u00edtenek el\u00e9rni a k\u00edv\u00e1nt rostszintet. Csak arra \u00fcgyelj, hogy elegend\u0151 vizet igy\u00e1l, ha m\u00f3dos\u00edtod a megszokott \u00e9trended, k\u00fcl\u00f6n\u00f6sen, ha jelenleg kev\u00e9s rostot viszel be. Kezdd azzal, hogy napi egy \u00e9tkez\u00e9shez adj hozz\u00e1 egy adag rostban gazdag \u00e9telt. Fontos, hogy ha nem iszol el\u00e9g folyad\u00e9kot, az sz\u00e9kreked\u00e9shez, laza sz\u00e9klethez, puffad\u00e1shoz \u00e9s hasi f\u00e1jdalomhoz vezethet.<\/p>\n<h2><strong>Babok, h\u00fcvelyesek<\/strong><\/h2>\n<figure id=\"attachment_16810\" aria-describedby=\"caption-attachment-16810\" style=\"width: 980px\" class=\"wp-caption alignnone\"><img loading=\"lazy\" decoding=\"async\" class=\"size-full wp-image-16810\" src=\"https:\/\/d2p6e6u75xmxt8.cloudfront.net\/12\/2023\/01\/mixed-bean-chilli-with-rice-royalty-free-image-1670351779.webp\" alt=\"\" width=\"980\" height=\"653\" srcset=\"https:\/\/d2p6e6u75xmxt8.cloudfront.net\/12\/2023\/01\/mixed-bean-chilli-with-rice-royalty-free-image-1670351779.webp 980w, https:\/\/d2p6e6u75xmxt8.cloudfront.net\/12\/2023\/01\/mixed-bean-chilli-with-rice-royalty-free-image-1670351779-300x200.webp 300w, https:\/\/d2p6e6u75xmxt8.cloudfront.net\/12\/2023\/01\/mixed-bean-chilli-with-rice-royalty-free-image-1670351779-768x512.webp 768w, https:\/\/d2p6e6u75xmxt8.cloudfront.net\/12\/2023\/01\/mixed-bean-chilli-with-rice-royalty-free-image-1670351779-272x182.webp 272w\" sizes=\"auto, (max-width: 980px) 100vw, 980px\" \/><figcaption id=\"caption-attachment-16810\" class=\"wp-caption-text\">Joff Lee\/\/Getty Images<\/figcaption><\/figure>\n<p>A lencs\u00e9t\u0151l a csicseribors\u00f3ig <u>szinte minden h\u00fcvelyes magas rost-\u00e9s feh\u00e9rjetartalommal rendelkezik<\/u>. Pr\u00f3b\u00e1ld ki \u0151ket h\u00fashelyettes\u00edt\u0151k\u00e9nt! Dar\u00e1lt marhah\u00fas helyett feketebab, bolognai helyett lencse, csirke helyett cannellini bab. \u00cdgy j\u00f3 sok rostot tudsz bevinni.<\/p>\n<p>1 cs\u00e9sze feh\u00e9r konzervbabban 13 gramm rost tal\u00e1lhat\u00f3.<\/p>\n<h2><strong>Magok \u00e9s di\u00f3f\u00e9l\u00e9k<\/strong><\/h2>\n<figure id=\"attachment_16811\" aria-describedby=\"caption-attachment-16811\" style=\"width: 980px\" class=\"wp-caption alignnone\"><img loading=\"lazy\" decoding=\"async\" class=\"size-full wp-image-16811\" src=\"https:\/\/d2p6e6u75xmxt8.cloudfront.net\/12\/2023\/01\/bowls-and-jars-with-seeds-and-nuts-on-white-royalty-free-image-1670351952.webp\" alt=\"\" width=\"980\" height=\"653\" srcset=\"https:\/\/d2p6e6u75xmxt8.cloudfront.net\/12\/2023\/01\/bowls-and-jars-with-seeds-and-nuts-on-white-royalty-free-image-1670351952.webp 980w, https:\/\/d2p6e6u75xmxt8.cloudfront.net\/12\/2023\/01\/bowls-and-jars-with-seeds-and-nuts-on-white-royalty-free-image-1670351952-300x200.webp 300w, https:\/\/d2p6e6u75xmxt8.cloudfront.net\/12\/2023\/01\/bowls-and-jars-with-seeds-and-nuts-on-white-royalty-free-image-1670351952-768x512.webp 768w, https:\/\/d2p6e6u75xmxt8.cloudfront.net\/12\/2023\/01\/bowls-and-jars-with-seeds-and-nuts-on-white-royalty-free-image-1670351952-272x182.webp 272w\" sizes=\"auto, (max-width: 980px) 100vw, 980px\" \/><figcaption id=\"caption-attachment-16811\" class=\"wp-caption-text\">Claudia Totir\/\/Getty Images<\/figcaption><\/figure>\n<p>A di\u00f3f\u00e9l\u00e9k \u00e9s magvak nemcsak j\u00f3 rostforr\u00e1sok, hanem tele vannak vitaminokkal, \u00e1sv\u00e1nyi anyagokkal \u00e9s eg\u00e9szs\u00e9ges zs\u00edrokkal is. Egy mar\u00e9k mandula, pek\u00e1ndi\u00f3, di\u00f3 vagy piszt\u00e1cia \u00f6nmag\u00e1ban is laktat\u00f3! Az apr\u00f3 magvakat, mint amilyen p\u00e9ld\u00e1ul a chia mag joghurtba is keverheted.<\/p>\n<p>2 ev\u0151kan\u00e1l chia magban 10 gramm, kb 20 db mandul\u00e1ban 4 gramm rost tal\u00e1lhat\u00f3.<\/p>\n<h2><strong>Bogy\u00f3s gy\u00fcm\u00f6lcs\u00f6k<\/strong><\/h2>\n<figure id=\"attachment_16812\" aria-describedby=\"caption-attachment-16812\" style=\"width: 980px\" class=\"wp-caption alignnone\"><img loading=\"lazy\" decoding=\"async\" class=\"size-full wp-image-16812\" src=\"https:\/\/d2p6e6u75xmxt8.cloudfront.net\/12\/2023\/01\/berries-on-chair-royalty-free-image-1670352146.webp\" alt=\"\" width=\"980\" height=\"655\" srcset=\"https:\/\/d2p6e6u75xmxt8.cloudfront.net\/12\/2023\/01\/berries-on-chair-royalty-free-image-1670352146.webp 980w, https:\/\/d2p6e6u75xmxt8.cloudfront.net\/12\/2023\/01\/berries-on-chair-royalty-free-image-1670352146-300x201.webp 300w, https:\/\/d2p6e6u75xmxt8.cloudfront.net\/12\/2023\/01\/berries-on-chair-royalty-free-image-1670352146-768x513.webp 768w, https:\/\/d2p6e6u75xmxt8.cloudfront.net\/12\/2023\/01\/berries-on-chair-royalty-free-image-1670352146-272x182.webp 272w\" sizes=\"auto, (max-width: 980px) 100vw, 980px\" \/><figcaption id=\"caption-attachment-16812\" class=\"wp-caption-text\">ATU Images\/\/Getty Images<\/figcaption><\/figure>\n<p>Amellett, hogy tele vannak C-vitaminnal rostban is rendk\u00edv\u00fcl gazdagok a bogy\u00f3s gy\u00fcm\u00f6lcs\u00f6k. K\u00fcl\u00f6n\u00f6sen a szeder \u00e9s a m\u00e1lna! Add turmixokhoz, smoothiekhoz vagy tedd joghurtba, esetleg edd \u00f6nmag\u00e1ban vagy a desszerted mell\u00e9! Ha edz\u00e9s ut\u00e1n szeretn\u00e9l egy extra l\u00f6ketet, vill\u00e1val t\u00f6rd \u00f6ssze a bogy\u00f3kat \u00e9s lekv\u00e1r helyett kend ezt a mogyor\u00f3vajas szendvicsedre!<\/p>\n<p>1 cs\u00e9sze m\u00e1ln\u00e1ban \u00e9s szederben 8 gramm, egy cs\u00e9sze \u00e1fony\u00e1ban 4 gramm, ugyanennyi eperben pedig 3 gramm rost tal\u00e1lhat\u00f3.<\/p>\n<h2><strong>K\u00f6rte<\/strong><\/h2>\n<figure id=\"attachment_16813\" aria-describedby=\"caption-attachment-16813\" style=\"width: 980px\" class=\"wp-caption alignnone\"><img loading=\"lazy\" decoding=\"async\" class=\"size-full wp-image-16813\" src=\"https:\/\/d2p6e6u75xmxt8.cloudfront.net\/12\/2023\/01\/green-pears-on-wooden-board-royalty-free-image-1670352276.webp\" alt=\"\" width=\"980\" height=\"654\" srcset=\"https:\/\/d2p6e6u75xmxt8.cloudfront.net\/12\/2023\/01\/green-pears-on-wooden-board-royalty-free-image-1670352276.webp 980w, https:\/\/d2p6e6u75xmxt8.cloudfront.net\/12\/2023\/01\/green-pears-on-wooden-board-royalty-free-image-1670352276-300x200.webp 300w, https:\/\/d2p6e6u75xmxt8.cloudfront.net\/12\/2023\/01\/green-pears-on-wooden-board-royalty-free-image-1670352276-768x513.webp 768w, https:\/\/d2p6e6u75xmxt8.cloudfront.net\/12\/2023\/01\/green-pears-on-wooden-board-royalty-free-image-1670352276-272x182.webp 272w\" sizes=\"auto, (max-width: 980px) 100vw, 980px\" \/><figcaption id=\"caption-attachment-16813\" class=\"wp-caption-text\">Sasha Bell\/\/Getty Images<\/figcaption><\/figure>\n<p>Ez a rostban gazdag gy\u00fcm\u00f6lcs meglep\u0151en sokoldal\u00fa. Hozz\u00e1adhatod zabpehelyhez, zabk\u00e1s\u00e1hoz, a f\u0151\u00e9teledhez k\u00f6retk\u00e9nt, de lehet nassolnival\u00f3 is. V\u00e1gj f\u00e9lbe egy k\u00f6rt\u00e9t, sz\u00f3rd meg fah\u00e9jjal \u00e9s s\u00fcsd puh\u00e1ra, majd van\u00edlia pudinggal t\u00e1lald!<\/p>\n<p>Egy k\u00f6zepes m\u00e9ret\u0171 k\u00f6rt\u00e9ben 5 gramm rost tal\u00e1lhat\u00f3.<\/p>\n<h2><strong>Teljes ki\u0151rl\u00e9s\u0171 gabona<\/strong><\/h2>\n<figure id=\"attachment_16814\" aria-describedby=\"caption-attachment-16814\" style=\"width: 980px\" class=\"wp-caption alignnone\"><img loading=\"lazy\" decoding=\"async\" class=\"size-full wp-image-16814\" src=\"https:\/\/d2p6e6u75xmxt8.cloudfront.net\/12\/2023\/01\/organic-homemade-whole-wheat-bread-royalty-free-image-1670352437.webp\" alt=\"\" width=\"980\" height=\"654\" srcset=\"https:\/\/d2p6e6u75xmxt8.cloudfront.net\/12\/2023\/01\/organic-homemade-whole-wheat-bread-royalty-free-image-1670352437.webp 980w, https:\/\/d2p6e6u75xmxt8.cloudfront.net\/12\/2023\/01\/organic-homemade-whole-wheat-bread-royalty-free-image-1670352437-300x200.webp 300w, https:\/\/d2p6e6u75xmxt8.cloudfront.net\/12\/2023\/01\/organic-homemade-whole-wheat-bread-royalty-free-image-1670352437-768x513.webp 768w, https:\/\/d2p6e6u75xmxt8.cloudfront.net\/12\/2023\/01\/organic-homemade-whole-wheat-bread-royalty-free-image-1670352437-272x182.webp 272w\" sizes=\"auto, (max-width: 980px) 100vw, 980px\" \/><figcaption id=\"caption-attachment-16814\" class=\"wp-caption-text\">bhofack2\/\/Getty Images<\/figcaption><\/figure>\n<p>Ak\u00e1r rizs, ak\u00e1r t\u00e9szta vagy keny\u00e9r, mindenb\u0151l van teljes ki\u0151rl\u00e9s\u0171 v\u00e1ltozat, amire lecser\u00e9lheted a feh\u00e9ret. A zabpehely szint\u00e9n j\u00f3 v\u00e1laszt\u00e1s, ha teljes ki\u0151rl\u00e9s\u0171 gabon\u00e1val szeretn\u00e9d kezdeni a napot.<\/p>\n<p>Egy cs\u00e9sze f\u0151tt zabpehely rosttartalma kb. 4 gramm.<\/p>\n<h2><strong>Avok\u00e1d\u00f3<\/strong><\/h2>\n<figure id=\"attachment_16815\" aria-describedby=\"caption-attachment-16815\" style=\"width: 980px\" class=\"wp-caption alignnone\"><img loading=\"lazy\" decoding=\"async\" class=\"size-full wp-image-16815\" src=\"https:\/\/d2p6e6u75xmxt8.cloudfront.net\/12\/2023\/01\/slices-of-fresh-avocado-in-a-bowl-on-white-marble-royalty-free-image-1670352639.webp\" alt=\"\" width=\"980\" height=\"655\" srcset=\"https:\/\/d2p6e6u75xmxt8.cloudfront.net\/12\/2023\/01\/slices-of-fresh-avocado-in-a-bowl-on-white-marble-royalty-free-image-1670352639.webp 980w, https:\/\/d2p6e6u75xmxt8.cloudfront.net\/12\/2023\/01\/slices-of-fresh-avocado-in-a-bowl-on-white-marble-royalty-free-image-1670352639-300x201.webp 300w, https:\/\/d2p6e6u75xmxt8.cloudfront.net\/12\/2023\/01\/slices-of-fresh-avocado-in-a-bowl-on-white-marble-royalty-free-image-1670352639-768x513.webp 768w, https:\/\/d2p6e6u75xmxt8.cloudfront.net\/12\/2023\/01\/slices-of-fresh-avocado-in-a-bowl-on-white-marble-royalty-free-image-1670352639-272x182.webp 272w\" sizes=\"auto, (max-width: 980px) 100vw, 980px\" \/><figcaption id=\"caption-attachment-16815\" class=\"wp-caption-text\">Claudia Totir\/\/Getty Images<\/figcaption><\/figure>\n<p>B\u00e1r lehet, hogy eg\u00e9szs\u00e9ges zs\u00edr-tartalm\u00e1r\u00f3l h\u00edres, az avok\u00e1d\u00f3 rostokban is meglep\u0151en gazdag. Kend pir\u00edt\u00f3sra, tedd turmixokba vagy sal\u00e1t\u00e1kba, vagy fogyaszd egy mexik\u00f3i \u00e9tel k\u00f6retek\u00e9nt!<\/p>\n<p>Negyed avok\u00e1d\u00f3ban 4 gramm rost tal\u00e1lhat\u00f3.<\/p>\n<h2><strong>Ban\u00e1n<\/strong><\/h2>\n<figure id=\"attachment_16816\" aria-describedby=\"caption-attachment-16816\" style=\"width: 980px\" class=\"wp-caption alignnone\"><img loading=\"lazy\" decoding=\"async\" class=\"size-full wp-image-16816\" src=\"https:\/\/d2p6e6u75xmxt8.cloudfront.net\/12\/2023\/01\/young-woman-making-a-healthy-meal-at-home-royalty-free-image-1670352806.webp\" alt=\"\" width=\"980\" height=\"653\" srcset=\"https:\/\/d2p6e6u75xmxt8.cloudfront.net\/12\/2023\/01\/young-woman-making-a-healthy-meal-at-home-royalty-free-image-1670352806.webp 980w, https:\/\/d2p6e6u75xmxt8.cloudfront.net\/12\/2023\/01\/young-woman-making-a-healthy-meal-at-home-royalty-free-image-1670352806-300x200.webp 300w, https:\/\/d2p6e6u75xmxt8.cloudfront.net\/12\/2023\/01\/young-woman-making-a-healthy-meal-at-home-royalty-free-image-1670352806-768x512.webp 768w, https:\/\/d2p6e6u75xmxt8.cloudfront.net\/12\/2023\/01\/young-woman-making-a-healthy-meal-at-home-royalty-free-image-1670352806-272x182.webp 272w\" sizes=\"auto, (max-width: 980px) 100vw, 980px\" \/><figcaption id=\"caption-attachment-16816\" class=\"wp-caption-text\">Marko Geber\/\/Getty Images<\/figcaption><\/figure>\n<p>A ban\u00e1n nem csak k\u00e1liumban, hanem rostokban is gazdag. V\u00e1s\u00e1rolj z\u00f6ldet \u00e9s s\u00e1rg\u00e1t is bel\u0151le, \u00edgy elt\u00e9r\u0151 \u00fctemben \u00e9rnek majd meg! Ha pedig m\u00e1r kezd barnulni, h\u00e1mozd meg, szeleteld fel \u00e9s fagyaszd le! K\u00e9s\u0151bb szuper turmixot tudsz bel\u0151le k\u00e9sz\u00edteni.<\/p>\n<p>Egy k\u00f6zepes ban\u00e1n rosttartalma kb. 3 gramm.<\/p>\n<p><em>Forr\u00e1s: <\/em><a href=\"https:\/\/www.bicycling.com\/health-nutrition\/a38847101\/high-fiber-foods\/\"><em>bicycling.com<\/em><\/a><\/p>\n","protected":false},"excerpt":{"rendered":"<p>M\u00edg a feh\u00e9rj\u00e9k \u00e1ltal\u00e1ban a figyelem k\u00f6zpontj\u00e1ban \u00e1llnak, amikor a legfontosabb t\u00e1panyagokr\u00f3l van sz\u00f3, a rostok m\u00e9ltatlanul h\u00e1tt\u00e9rben maradnak. Pedig [&hellip;]<\/p>\n","protected":false},"author":71,"featured_media":16809,"comment_status":"open","ping_status":"open","sticky":false,"template":"","format":"standard","meta":{"footnotes":""},"categories":[6],"tags":[],"global-categories":[],"class_list":["post-16808","post","type-post","status-publish","format-standard","has-post-thumbnail","hentry","category-edzes-es-eletmod"],"yoast_head":"<!-- This site is optimized with the Yoast SEO Premium plugin v25.3 (Yoast SEO v25.9) - https:\/\/yoast.com\/wordpress\/plugins\/seo\/ -->\n<title>7 rostban gazdag \u00e9tel, amit mindenk\u00e9pp adj hozz\u00e1 a mai vacsor\u00e1dhoz!<\/title>\n<meta name=\"description\" content=\"M\u00edg a feh\u00e9rj\u00e9k \u00e1ltal\u00e1ban a figyelem k\u00f6zpontj\u00e1ban \u00e1llnak, amikor a legfontosabb t\u00e1panyagokr\u00f3l van sz\u00f3, a rostok m\u00e9ltatlanul h\u00e1tt\u00e9rben maradnak. Pedig a j\u00f3llakotts\u00e1g \u00e9rz\u00e9s\u00e9t\u0151l az em\u00e9szt\u00e9sen \u00e1t a betegs\u00e9gek lek\u00fczd\u00e9s\u00e9ig rengeteg pozit\u00edv hat\u00e1suk van. M\u00e9gsem fogyasztunk bel\u0151l\u00fck eleget.\" \/>\n<meta name=\"robots\" content=\"index, follow, max-snippet:-1, max-image-preview:large, max-video-preview:-1\" \/>\n<link rel=\"canonical\" href=\"https:\/\/www.welovecycling.com\/hu\/edzes-es-eletmod\/7-rostban-gazdag-etel-amit-mindenkepp-adj-hozza-a-mai-vacsoradhoz\/\" \/>\n<meta property=\"og:locale\" content=\"hu_HU\" \/>\n<meta property=\"og:type\" content=\"article\" \/>\n<meta property=\"og:title\" content=\"7 rostban gazdag \u00e9tel, amit mindenk\u00e9pp adj hozz\u00e1 a mai vacsor\u00e1dhoz!\" \/>\n<meta property=\"og:description\" content=\"M\u00edg a feh\u00e9rj\u00e9k \u00e1ltal\u00e1ban a figyelem k\u00f6zpontj\u00e1ban \u00e1llnak, amikor a legfontosabb t\u00e1panyagokr\u00f3l van sz\u00f3, a rostok m\u00e9ltatlanul h\u00e1tt\u00e9rben maradnak. Pedig a j\u00f3llakotts\u00e1g \u00e9rz\u00e9s\u00e9t\u0151l az em\u00e9szt\u00e9sen \u00e1t a betegs\u00e9gek lek\u00fczd\u00e9s\u00e9ig rengeteg pozit\u00edv hat\u00e1suk van. M\u00e9gsem fogyasztunk bel\u0151l\u00fck eleget.\" \/>\n<meta property=\"og:url\" content=\"https:\/\/www.welovecycling.com\/hu\/edzes-es-eletmod\/7-rostban-gazdag-etel-amit-mindenkepp-adj-hozza-a-mai-vacsoradhoz\/\" \/>\n<meta property=\"og:site_name\" content=\"\u0160koda We Love Cycling - Magyarorsz\u00e1g\" \/>\n<meta property=\"article:publisher\" content=\"https:\/\/www.facebook.com\/WeLoveCyclingHungary\/\" \/>\n<meta property=\"article:published_time\" content=\"2023-01-21T06:00:49+00:00\" \/>\n<meta property=\"og:image\" content=\"https:\/\/d2p6e6u75xmxt8.cloudfront.net\/12\/2023\/01\/jannis-brandt-8manzosDSGM-unsplash.webp\" \/>\n\t<meta property=\"og:image:width\" content=\"1920\" \/>\n\t<meta property=\"og:image:height\" content=\"1320\" \/>\n\t<meta property=\"og:image:type\" content=\"image\/webp\" \/>\n<meta name=\"author\" content=\"hegyizs\" \/>\n<meta name=\"twitter:card\" content=\"summary_large_image\" \/>\n<meta name=\"twitter:label1\" content=\"Written by\" \/>\n\t<meta name=\"twitter:data1\" content=\"WLC\" \/>\n\t<meta name=\"twitter:label2\" content=\"Est. reading time\" \/>\n\t<meta name=\"twitter:data2\" content=\"7 minutes\" \/>\n<script type=\"application\/ld+json\" class=\"yoast-schema-graph\">{\"@context\":\"https:\/\/schema.org\",\"@graph\":[{\"@type\":\"WebPage\",\"@id\":\"https:\/\/www.welovecycling.com\/hu\/edzes-es-eletmod\/7-rostban-gazdag-etel-amit-mindenkepp-adj-hozza-a-mai-vacsoradhoz\/\",\"url\":\"https:\/\/www.welovecycling.com\/hu\/edzes-es-eletmod\/7-rostban-gazdag-etel-amit-mindenkepp-adj-hozza-a-mai-vacsoradhoz\/\",\"name\":\"7 rostban gazdag \u00e9tel, amit mindenk\u00e9pp adj hozz\u00e1 a mai vacsor\u00e1dhoz!\",\"isPartOf\":{\"@id\":\"https:\/\/www.welovecycling.com\/hu\/#website\"},\"primaryImageOfPage\":{\"@id\":\"https:\/\/www.welovecycling.com\/hu\/edzes-es-eletmod\/7-rostban-gazdag-etel-amit-mindenkepp-adj-hozza-a-mai-vacsoradhoz\/#primaryimage\"},\"image\":{\"@id\":\"https:\/\/www.welovecycling.com\/hu\/edzes-es-eletmod\/7-rostban-gazdag-etel-amit-mindenkepp-adj-hozza-a-mai-vacsoradhoz\/#primaryimage\"},\"thumbnailUrl\":\"https:\/\/d2p6e6u75xmxt8.cloudfront.net\/12\/2023\/01\/jannis-brandt-8manzosDSGM-unsplash.webp\",\"datePublished\":\"2023-01-21T06:00:49+00:00\",\"author\":{\"@id\":\"https:\/\/www.welovecycling.com\/hu\/#\/schema\/person\/414a2aebf1801691a5320edb6468e194\"},\"description\":\"M\u00edg a feh\u00e9rj\u00e9k \u00e1ltal\u00e1ban a figyelem k\u00f6zpontj\u00e1ban \u00e1llnak, amikor a legfontosabb t\u00e1panyagokr\u00f3l van sz\u00f3, a rostok m\u00e9ltatlanul h\u00e1tt\u00e9rben maradnak. Pedig a j\u00f3llakotts\u00e1g \u00e9rz\u00e9s\u00e9t\u0151l az em\u00e9szt\u00e9sen \u00e1t a betegs\u00e9gek lek\u00fczd\u00e9s\u00e9ig rengeteg pozit\u00edv hat\u00e1suk van. M\u00e9gsem fogyasztunk bel\u0151l\u00fck eleget.\",\"breadcrumb\":{\"@id\":\"https:\/\/www.welovecycling.com\/hu\/edzes-es-eletmod\/7-rostban-gazdag-etel-amit-mindenkepp-adj-hozza-a-mai-vacsoradhoz\/#breadcrumb\"},\"inLanguage\":\"hu\",\"potentialAction\":[{\"@type\":\"ReadAction\",\"target\":[\"https:\/\/www.welovecycling.com\/hu\/edzes-es-eletmod\/7-rostban-gazdag-etel-amit-mindenkepp-adj-hozza-a-mai-vacsoradhoz\/\"]}]},{\"@type\":\"ImageObject\",\"inLanguage\":\"hu\",\"@id\":\"https:\/\/www.welovecycling.com\/hu\/edzes-es-eletmod\/7-rostban-gazdag-etel-amit-mindenkepp-adj-hozza-a-mai-vacsoradhoz\/#primaryimage\",\"url\":\"https:\/\/d2p6e6u75xmxt8.cloudfront.net\/12\/2023\/01\/jannis-brandt-8manzosDSGM-unsplash.webp\",\"contentUrl\":\"https:\/\/d2p6e6u75xmxt8.cloudfront.net\/12\/2023\/01\/jannis-brandt-8manzosDSGM-unsplash.webp\",\"width\":1920,\"height\":1320},{\"@type\":\"BreadcrumbList\",\"@id\":\"https:\/\/www.welovecycling.com\/hu\/edzes-es-eletmod\/7-rostban-gazdag-etel-amit-mindenkepp-adj-hozza-a-mai-vacsoradhoz\/#breadcrumb\",\"itemListElement\":[{\"@type\":\"ListItem\",\"position\":1,\"name\":\"Home\",\"item\":\"https:\/\/www.welovecycling.com\/hu\/\"},{\"@type\":\"ListItem\",\"position\":2,\"name\":\"7 rostban gazdag \u00e9tel, amit mindenk\u00e9pp adj hozz\u00e1 a mai vacsor\u00e1dhoz!\"}]},{\"@type\":\"WebSite\",\"@id\":\"https:\/\/www.welovecycling.com\/hu\/#website\",\"url\":\"https:\/\/www.welovecycling.com\/hu\/\",\"name\":\"\u0160koda We Love Cycling - Magyarorsz\u00e1g\",\"description\":\"\u0160koda WeLoveCycling\",\"potentialAction\":[{\"@type\":\"SearchAction\",\"target\":{\"@type\":\"EntryPoint\",\"urlTemplate\":\"https:\/\/www.welovecycling.com\/hu\/?s={search_term_string}\"},\"query-input\":{\"@type\":\"PropertyValueSpecification\",\"valueRequired\":true,\"valueName\":\"search_term_string\"}}],\"inLanguage\":\"hu\"},{\"@type\":\"Person\",\"@id\":\"https:\/\/www.welovecycling.com\/hu\/#\/schema\/person\/414a2aebf1801691a5320edb6468e194\",\"name\":\"hegyizs\",\"image\":{\"@type\":\"ImageObject\",\"inLanguage\":\"hu\",\"@id\":\"https:\/\/www.welovecycling.com\/hu\/#\/schema\/person\/image\/\",\"url\":\"https:\/\/secure.gravatar.com\/avatar\/02cf8a7906b8cf90cecb4679defac7cfd33a1c2e3b88e4903d947f3bb58eedd3?s=96&d=mm&r=g\",\"contentUrl\":\"https:\/\/secure.gravatar.com\/avatar\/02cf8a7906b8cf90cecb4679defac7cfd33a1c2e3b88e4903d947f3bb58eedd3?s=96&d=mm&r=g\",\"caption\":\"hegyizs\"},\"url\":\"https:\/\/www.welovecycling.com\/hu\/author\/hegyizs\/\"}]}<\/script>\n<!-- \/ Yoast SEO Premium plugin. -->","yoast_head_json":{"title":"7 rostban gazdag \u00e9tel, amit mindenk\u00e9pp adj hozz\u00e1 a mai vacsor\u00e1dhoz!","description":"M\u00edg a feh\u00e9rj\u00e9k \u00e1ltal\u00e1ban a figyelem k\u00f6zpontj\u00e1ban \u00e1llnak, amikor a legfontosabb t\u00e1panyagokr\u00f3l van sz\u00f3, a rostok m\u00e9ltatlanul h\u00e1tt\u00e9rben maradnak. Pedig a j\u00f3llakotts\u00e1g \u00e9rz\u00e9s\u00e9t\u0151l az em\u00e9szt\u00e9sen \u00e1t a betegs\u00e9gek lek\u00fczd\u00e9s\u00e9ig rengeteg pozit\u00edv hat\u00e1suk van. M\u00e9gsem fogyasztunk bel\u0151l\u00fck eleget.","robots":{"index":"index","follow":"follow","max-snippet":"max-snippet:-1","max-image-preview":"max-image-preview:large","max-video-preview":"max-video-preview:-1"},"canonical":"https:\/\/www.welovecycling.com\/hu\/edzes-es-eletmod\/7-rostban-gazdag-etel-amit-mindenkepp-adj-hozza-a-mai-vacsoradhoz\/","og_locale":"hu_HU","og_type":"article","og_title":"7 rostban gazdag \u00e9tel, amit mindenk\u00e9pp adj hozz\u00e1 a mai vacsor\u00e1dhoz!","og_description":"M\u00edg a feh\u00e9rj\u00e9k \u00e1ltal\u00e1ban a figyelem k\u00f6zpontj\u00e1ban \u00e1llnak, amikor a legfontosabb t\u00e1panyagokr\u00f3l van sz\u00f3, a rostok m\u00e9ltatlanul h\u00e1tt\u00e9rben maradnak. Pedig a j\u00f3llakotts\u00e1g \u00e9rz\u00e9s\u00e9t\u0151l az em\u00e9szt\u00e9sen \u00e1t a betegs\u00e9gek lek\u00fczd\u00e9s\u00e9ig rengeteg pozit\u00edv hat\u00e1suk van. M\u00e9gsem fogyasztunk bel\u0151l\u00fck eleget.","og_url":"https:\/\/www.welovecycling.com\/hu\/edzes-es-eletmod\/7-rostban-gazdag-etel-amit-mindenkepp-adj-hozza-a-mai-vacsoradhoz\/","og_site_name":"\u0160koda We Love Cycling - Magyarorsz\u00e1g","article_publisher":"https:\/\/www.facebook.com\/WeLoveCyclingHungary\/","article_published_time":"2023-01-21T06:00:49+00:00","og_image":[{"width":1920,"height":1320,"url":"https:\/\/d2p6e6u75xmxt8.cloudfront.net\/12\/2023\/01\/jannis-brandt-8manzosDSGM-unsplash.webp","type":"image\/webp"}],"author":"hegyizs","twitter_card":"summary_large_image","twitter_misc":{"Written by":"WLC","Est. reading time":"7 minutes"},"schema":{"@context":"https:\/\/schema.org","@graph":[{"@type":"WebPage","@id":"https:\/\/www.welovecycling.com\/hu\/edzes-es-eletmod\/7-rostban-gazdag-etel-amit-mindenkepp-adj-hozza-a-mai-vacsoradhoz\/","url":"https:\/\/www.welovecycling.com\/hu\/edzes-es-eletmod\/7-rostban-gazdag-etel-amit-mindenkepp-adj-hozza-a-mai-vacsoradhoz\/","name":"7 rostban gazdag \u00e9tel, amit mindenk\u00e9pp adj hozz\u00e1 a mai vacsor\u00e1dhoz!","isPartOf":{"@id":"https:\/\/www.welovecycling.com\/hu\/#website"},"primaryImageOfPage":{"@id":"https:\/\/www.welovecycling.com\/hu\/edzes-es-eletmod\/7-rostban-gazdag-etel-amit-mindenkepp-adj-hozza-a-mai-vacsoradhoz\/#primaryimage"},"image":{"@id":"https:\/\/www.welovecycling.com\/hu\/edzes-es-eletmod\/7-rostban-gazdag-etel-amit-mindenkepp-adj-hozza-a-mai-vacsoradhoz\/#primaryimage"},"thumbnailUrl":"https:\/\/d2p6e6u75xmxt8.cloudfront.net\/12\/2023\/01\/jannis-brandt-8manzosDSGM-unsplash.webp","datePublished":"2023-01-21T06:00:49+00:00","author":{"@id":"https:\/\/www.welovecycling.com\/hu\/#\/schema\/person\/414a2aebf1801691a5320edb6468e194"},"description":"M\u00edg a feh\u00e9rj\u00e9k \u00e1ltal\u00e1ban a figyelem k\u00f6zpontj\u00e1ban \u00e1llnak, amikor a legfontosabb t\u00e1panyagokr\u00f3l van sz\u00f3, a rostok m\u00e9ltatlanul h\u00e1tt\u00e9rben maradnak. Pedig a j\u00f3llakotts\u00e1g \u00e9rz\u00e9s\u00e9t\u0151l az em\u00e9szt\u00e9sen \u00e1t a betegs\u00e9gek lek\u00fczd\u00e9s\u00e9ig rengeteg pozit\u00edv hat\u00e1suk van. M\u00e9gsem fogyasztunk bel\u0151l\u00fck eleget.","breadcrumb":{"@id":"https:\/\/www.welovecycling.com\/hu\/edzes-es-eletmod\/7-rostban-gazdag-etel-amit-mindenkepp-adj-hozza-a-mai-vacsoradhoz\/#breadcrumb"},"inLanguage":"hu","potentialAction":[{"@type":"ReadAction","target":["https:\/\/www.welovecycling.com\/hu\/edzes-es-eletmod\/7-rostban-gazdag-etel-amit-mindenkepp-adj-hozza-a-mai-vacsoradhoz\/"]}]},{"@type":"ImageObject","inLanguage":"hu","@id":"https:\/\/www.welovecycling.com\/hu\/edzes-es-eletmod\/7-rostban-gazdag-etel-amit-mindenkepp-adj-hozza-a-mai-vacsoradhoz\/#primaryimage","url":"https:\/\/d2p6e6u75xmxt8.cloudfront.net\/12\/2023\/01\/jannis-brandt-8manzosDSGM-unsplash.webp","contentUrl":"https:\/\/d2p6e6u75xmxt8.cloudfront.net\/12\/2023\/01\/jannis-brandt-8manzosDSGM-unsplash.webp","width":1920,"height":1320},{"@type":"BreadcrumbList","@id":"https:\/\/www.welovecycling.com\/hu\/edzes-es-eletmod\/7-rostban-gazdag-etel-amit-mindenkepp-adj-hozza-a-mai-vacsoradhoz\/#breadcrumb","itemListElement":[{"@type":"ListItem","position":1,"name":"Home","item":"https:\/\/www.welovecycling.com\/hu\/"},{"@type":"ListItem","position":2,"name":"7 rostban gazdag \u00e9tel, amit mindenk\u00e9pp adj hozz\u00e1 a mai vacsor\u00e1dhoz!"}]},{"@type":"WebSite","@id":"https:\/\/www.welovecycling.com\/hu\/#website","url":"https:\/\/www.welovecycling.com\/hu\/","name":"\u0160koda We Love Cycling - Magyarorsz\u00e1g","description":"\u0160koda WeLoveCycling","potentialAction":[{"@type":"SearchAction","target":{"@type":"EntryPoint","urlTemplate":"https:\/\/www.welovecycling.com\/hu\/?s={search_term_string}"},"query-input":{"@type":"PropertyValueSpecification","valueRequired":true,"valueName":"search_term_string"}}],"inLanguage":"hu"},{"@type":"Person","@id":"https:\/\/www.welovecycling.com\/hu\/#\/schema\/person\/414a2aebf1801691a5320edb6468e194","name":"hegyizs","image":{"@type":"ImageObject","inLanguage":"hu","@id":"https:\/\/www.welovecycling.com\/hu\/#\/schema\/person\/image\/","url":"https:\/\/secure.gravatar.com\/avatar\/02cf8a7906b8cf90cecb4679defac7cfd33a1c2e3b88e4903d947f3bb58eedd3?s=96&d=mm&r=g","contentUrl":"https:\/\/secure.gravatar.com\/avatar\/02cf8a7906b8cf90cecb4679defac7cfd33a1c2e3b88e4903d947f3bb58eedd3?s=96&d=mm&r=g","caption":"hegyizs"},"url":"https:\/\/www.welovecycling.com\/hu\/author\/hegyizs\/"}]}},"_links":{"self":[{"href":"https:\/\/www.welovecycling.com\/hu\/wp-json\/wp\/v2\/posts\/16808","targetHints":{"allow":["GET"]}}],"collection":[{"href":"https:\/\/www.welovecycling.com\/hu\/wp-json\/wp\/v2\/posts"}],"about":[{"href":"https:\/\/www.welovecycling.com\/hu\/wp-json\/wp\/v2\/types\/post"}],"author":[{"embeddable":true,"href":"https:\/\/www.welovecycling.com\/hu\/wp-json\/wp\/v2\/users\/71"}],"replies":[{"embeddable":true,"href":"https:\/\/www.welovecycling.com\/hu\/wp-json\/wp\/v2\/comments?post=16808"}],"version-history":[{"count":1,"href":"https:\/\/www.welovecycling.com\/hu\/wp-json\/wp\/v2\/posts\/16808\/revisions"}],"predecessor-version":[{"id":16817,"href":"https:\/\/www.welovecycling.com\/hu\/wp-json\/wp\/v2\/posts\/16808\/revisions\/16817"}],"wp:featuredmedia":[{"embeddable":true,"href":"https:\/\/www.welovecycling.com\/hu\/wp-json\/wp\/v2\/media\/16809"}],"wp:attachment":[{"href":"https:\/\/www.welovecycling.com\/hu\/wp-json\/wp\/v2\/media?parent=16808"}],"wp:term":[{"taxonomy":"category","embeddable":true,"href":"https:\/\/www.welovecycling.com\/hu\/wp-json\/wp\/v2\/categories?post=16808"},{"taxonomy":"post_tag","embeddable":true,"href":"https:\/\/www.welovecycling.com\/hu\/wp-json\/wp\/v2\/tags?post=16808"},{"taxonomy":"global-categories","embeddable":true,"href":"https:\/\/www.welovecycling.com\/hu\/wp-json\/wp\/v2\/global-categories?post=16808"}],"curies":[{"name":"wp","href":"https:\/\/api.w.org\/{rel}","templated":true}]}}