{"id":16799,"date":"2023-01-18T08:00:11","date_gmt":"2023-01-18T06:00:11","guid":{"rendered":"https:\/\/www.welovecycling.com\/hu\/?p=16799"},"modified":"2023-01-13T16:55:40","modified_gmt":"2023-01-13T14:55:40","slug":"mediterran-etrend-kezdoknek","status":"publish","type":"post","link":"https:\/\/www.welovecycling.com\/hu\/edzes-es-eletmod\/mediterran-etrend-kezdoknek\/","title":{"rendered":"Mediterr\u00e1n \u00e9trend &#8211; Kezd\u0151knek"},"content":{"rendered":"<p><strong>A mediterr\u00e1n \u00e9trend m\u00e1r \u00e9vtizedek \u00f3ta aj\u00e1nlott azok sz\u00e1m\u00e1ra, akik eg\u00e9szs\u00e9gesen szeretn\u00e9nek \u00e9lni. Sz\u00e1mos kutat\u00e1s t\u00e1masztja al\u00e1 az el\u0151nyeit taglal\u00f3 \u00e1ll\u00edt\u00e1sokat. A probl\u00e9ma az, hogy sok ember sz\u00e1m\u00e1ra a mediterr\u00e1n di\u00e9ta tenger gy\u00fcm\u00f6lcseit \u00e9s friss sal\u00e1t\u00e1kat jelent egy kis ol\u00edvaolajjal. A napi szint\u0171 megval\u00f3s\u00edt\u00e1s t\u00fal k\u00f6r\u00fclm\u00e9nyesnek t\u0171nik, ahogy a kezdeti probl\u00e9m\u00e1k is t\u00fal bonyolultnak. Ebben a sorozatban megpr\u00f3b\u00e1ljuk a mediterr\u00e1n \u00e9trend k\u00f6vet\u00e9s\u00e9t a lehet\u0151 legegyszer\u0171bb\u00e9 tenni.<\/strong><\/p>\n<p><!--more--><\/p>\n<p>A mediterr\u00e1n \u00e9trend, ahogyan ma ismerj\u00fck, hagyom\u00e1nyos \u00e9teleken alapul, amiket olyan orsz\u00e1gokban fogyasztanak, mint Franciaorsz\u00e1g, Spanyolorsz\u00e1g, G\u00f6r\u00f6gorsz\u00e1g \u00e9s Olaszorsz\u00e1g, ahol az emberek eg\u00e9szs\u00e9gesek \u00e9s nem szenvednek kr\u00f3nikus betegs\u00e9gekben. Sz\u00e1mos kutat\u00e1s meger\u0151s\u00edti, hogy ez az \u00e9tkez\u00e9si m\u00f3d el\u0151seg\u00edti a fogy\u00e1st, \u00e9s seg\u00edt megel\u0151zni a sz\u00edvrohamot, a stroke-ot \u00e9s a 2-es t\u00edpus\u00fa cukorbetegs\u00e9get.<\/p>\n<h2><strong>Nincs sz\u00fcks\u00e9g pontos list\u00e1ra<\/strong><\/h2>\n<p>Ez az \u00e9trend az eg\u00e9sz mediterr\u00e1n r\u00e9gi\u00f3t \u00e1tfogja, \u00e9s a legk\u00fcl\u00f6nf\u00e9l\u00e9bb konyh\u00e1k, \u00e9telk\u00e9sz\u00edt\u00e9si m\u00f3dok \u00e9s \u00e9lelmiszerek sz\u00e9les sk\u00e1l\u00e1j\u00e1t foglalja mag\u00e1ban. Ez az\u00e9rt j\u00f3 h\u00edr, mert a k\u00f6vet\u00e9s\u00e9hez nem igaz\u00e1n van sz\u00fcks\u00e9ged az \u00e9lelmiszerek szigor\u00fa list\u00e1z\u00e1s\u00e1ra. El\u00e9g, ha tiszt\u00e1ban vagy az alapelvekkel \u00e9s n\u00e9h\u00e1ny \u00e1ltal\u00e1nos \u00e9lelmiszerrel, amikb\u0151l \u00e9rdemes t\u00f6bbet fogyasztani. Ilyen egyszer\u0171:<\/p>\n<ul>\n<li>Egy\u00e9l sok n\u00f6v\u00e9nyi \u00e9lelmiszert, p\u00e9ld\u00e1ul gy\u00fcm\u00f6lcs\u00f6ket, z\u00f6lds\u00e9geket, teljes ki\u0151rl\u00e9s\u0171 gabonaf\u00e9l\u00e9ket, burgony\u00e1t, f\u0171szern\u00f6v\u00e9nyeket, di\u00f3f\u00e9l\u00e9ket \u00e9s h\u00fcvelyeseket.<\/li>\n<li>Fogyassz sok halat \u00e9s tenger gy\u00fcm\u00f6lcseit, \u00e9s haszn\u00e1ld az ol\u00edvaolajat f\u0151 zs\u00edrforr\u00e1sk\u00e9nt hideg \u00e9telek \u00e9s f\u0151z\u00e9s sor\u00e1n egyar\u00e1nt.<\/li>\n<li>Amennyiben teheted, v\u00e1lassz minim\u00e1lisan feldolgozott, szezon\u00e1lis \u00e9s helyben termesztett \u00e9lelmiszereket.<\/li>\n<li>A k\u00fcl\u00f6nb\u00f6z\u0151 t\u00edpus\u00fa sajtok, joghurtok, baromfi \u00e9s toj\u00e1s m\u00e9rs\u00e9kelt fogyaszt\u00e1sa javasolt.<\/li>\n<li>V\u00f6r\u00f6s h\u00fast csak ritk\u00e1n szabad fogyasztani.<\/li>\n<li>Ritk\u00e1n engedj meg magadnak cukrozott italokat, feldolgozott h\u00fasokat, finom\u00edtott gabonaf\u00e9l\u00e9ket \u00e9s olyan \u00e9teleket, amikben sok a hozz\u00e1adott cukor \u00e9s zs\u00edr.<\/li>\n<\/ul>\n<p>Most pedig l\u00e1ssuk, hogyan haszn\u00e1lhatjuk ezeket az elveket \u00e9trend\u00fcnk kialak\u00edt\u00e1sa sor\u00e1n. Nem kell mindezeket egyszerre megval\u00f3s\u00edtanod. Kezdj\u00fck azokkal a v\u00e1ltoztat\u00e1sokkal, amiket a legegyszer\u0171bbnek \u00e9rz\u00fcnk, \u00e9s onnan haladjunk tov\u00e1bb!<\/p>\n<h2><strong>Reggeli lehet\u0151s\u00e9gek<\/strong><\/h2>\n<p>A reggeli gyakran a legjobb \u00e9tkez\u00e9s, mivel \u00e1ltal\u00e1ban otthon fogyasztod, \u00edgy minden a rendelkez\u00e9sedre \u00e1ll. \u00cdme n\u00e9h\u00e1ny mediterr\u00e1n alternat\u00edva a n\u00e9pszer\u0171 reggeli \u00e9telekre.<\/p>\n<ul>\n<li>Cukros gabonapehely tejjel -&gt; g\u00f6r\u00f6g joghurt gy\u00fcm\u00f6lccsel, di\u00f3val \u00e9s magvakkal.<\/li>\n<li>Palacsinta -&gt; Zabpehely friss bogy\u00f3s gy\u00fcm\u00f6lcs\u00f6kkel \u00e9s di\u00f3val<\/li>\n<li>Szalonna \u00e9s toj\u00e1s -&gt; Frittata, egy serpeny\u0151ben s\u00fct\u00f6tt toj\u00e1s alap\u00fa \u00e9tel k\u00fcl\u00f6nb\u00f6z\u0151 z\u00f6lds\u00e9gekkel \u00e9s sajttal.<\/li>\n<li>Keny\u00e9r vajjal \u00e9s sonk\u00e1val -&gt; Teljes ki\u0151rl\u00e9s\u0171 keny\u00e9r l\u00e1gy sajttal, olajbogy\u00f3val \u00e9s szeletelt paradicsommal.<\/li>\n<\/ul>\n<figure id=\"attachment_16800\" aria-describedby=\"caption-attachment-16800\" style=\"width: 1280px\" class=\"wp-caption alignnone\"><a href=\"https:\/\/d2p6e6u75xmxt8.cloudfront.net\/12\/2023\/01\/Healthy-breakfast-yoghurt-ot-fruit-pexels-life-of-pix-128865.webp\"><img loading=\"lazy\" decoding=\"async\" class=\"size-full wp-image-16800\" src=\"https:\/\/d2p6e6u75xmxt8.cloudfront.net\/12\/2023\/01\/Healthy-breakfast-yoghurt-ot-fruit-pexels-life-of-pix-128865.webp\" alt=\"Healthy breakfast\" width=\"1280\" height=\"852\" srcset=\"https:\/\/d2p6e6u75xmxt8.cloudfront.net\/12\/2023\/01\/Healthy-breakfast-yoghurt-ot-fruit-pexels-life-of-pix-128865.webp 1280w, https:\/\/d2p6e6u75xmxt8.cloudfront.net\/12\/2023\/01\/Healthy-breakfast-yoghurt-ot-fruit-pexels-life-of-pix-128865-300x200.webp 300w, https:\/\/d2p6e6u75xmxt8.cloudfront.net\/12\/2023\/01\/Healthy-breakfast-yoghurt-ot-fruit-pexels-life-of-pix-128865-1024x682.webp 1024w, https:\/\/d2p6e6u75xmxt8.cloudfront.net\/12\/2023\/01\/Healthy-breakfast-yoghurt-ot-fruit-pexels-life-of-pix-128865-768x511.webp 768w, https:\/\/d2p6e6u75xmxt8.cloudfront.net\/12\/2023\/01\/Healthy-breakfast-yoghurt-ot-fruit-pexels-life-of-pix-128865-272x182.webp 272w\" sizes=\"auto, (max-width: 1280px) 100vw, 1280px\" \/><\/a><figcaption id=\"caption-attachment-16800\" class=\"wp-caption-text\"><em>Tedd eg\u00e9szs\u00e9gesebb\u00e9 \u00e9s t\u00e1pl\u00e1l\u00f3bb\u00e1 a reggeli \u00e9tkez\u00e9seket!<\/em><\/figcaption><\/figure>\n<h2><strong>Egyszer\u0171 snackek<\/strong><\/h2>\n<p>A nassol\u00e1s gyakran az a pont, amikor feladjuk a di\u00e9t\u00e1t. Amennyiben nincs terved, nagy es\u00e9ly van arra, hogy feldolgozott, cukros r\u00e1gcs\u00e1lnival\u00f3k ut\u00e1n fogsz n\u00e9zni. \u00cdme n\u00e9h\u00e1ny egyszer\u0171 snack, amit magaddal vihetsz, t\u00e1rolhatsz a munkahelyi \u00edr\u00f3asztalodon vagy otthon a kamr\u00e1ban.<\/p>\n<ul>\n<li>Egy darab friss gy\u00fcm\u00f6lcs<\/li>\n<li>Egy csomag di\u00f3 vagy magvak<\/li>\n<li>Egy csomag olajbogy\u00f3<\/li>\n<li>Egy darab sajt<\/li>\n<\/ul>\n<p>Ha van id\u0151d uzsonn\u00e1t k\u00e9sz\u00edteni, pr\u00f3b\u00e1ld ki a teljes ki\u0151rl\u00e9s\u0171 kenyeret. Ha siker\u00fcl jav\u00edtani a nassol\u00e1si szok\u00e1saidon, akkor k\u00f6nnyen cs\u00f6kkentheted a cukros italok mennyis\u00e9g\u00e9t, \u00e9s maradhatsz a v\u00edz vagy a cukrozatlan tea vagy k\u00e1v\u00e9 fogyaszt\u00e1s\u00e1n\u00e1l.<\/p>\n<h2><strong>Sal\u00e1ta eb\u00e9dre vagy vacsor\u00e1ra<\/strong><\/h2>\n<p>A legfontosabb v\u00e1ltoztat\u00e1s, amit a napi f\u0151\u00e9tkez\u00e9seiddel kapcsolatban eszk\u00f6z\u00f6lhetsz, az a z\u00f6lds\u00e9gsal\u00e1ta rendszeres fogyaszt\u00e1sa. Pr\u00f3b\u00e1ld meg be\u00e9p\u00edteni a mindennapokba! K\u00eds\u00e9rletezhetsz olyan n\u00f6v\u00e9nyi feh\u00e9rjeforr\u00e1sokkal is, amiket \u00e1ltal\u00e1ban nem szokt\u00e1l enni, ez lehet lencse, csicseribors\u00f3, bab vagy bors\u00f3. Ezekkel helyettes\u00edtheted a v\u00f6r\u00f6s h\u00fasok \u00e9s a feldolgozott h\u00fasok egy r\u00e9sz\u00e9t. A hagyom\u00e1nyos k\u00f6retek, p\u00e9ld\u00e1ul a bulgur, az \u00e1rpa, a quiona vagy a teljes ki\u0151rl\u00e9s\u0171 t\u00e9sztaf\u00e9l\u00e9k v\u00e1laszt\u00e1sa szint\u00e9n k\u00f6zelebb hoz a mediterr\u00e1n \u00e9tkez\u00e9shez. Ha pedig f\u0151z\u00f6l, haszn\u00e1lj ol\u00edvaolajat m\u00e1s olajok, vaj vagy diszn\u00f3zs\u00edr helyett, persze csak ha a recept engedi!<\/p>\n<h2><strong>Gy\u00fcm\u00f6lcs desszertnek<\/strong><\/h2>\n<p>A desszertekn\u00e9l szint\u00e9n vigy\u00e1zni kell, ugyanis ezen a ponton is sokszor f\u00e9lrecs\u00faszik a di\u00e9ta. A mediterr\u00e1n \u00e9tkez\u00e9s jellemz\u0151en a gy\u00fcm\u00f6lcs\u00f6ket nevezi meg desszertnek. Val\u00f3sz\u00edn\u0171leg nem lesz olyan finom, mint a magas cukor- \u00e9s zs\u00edrtartalm\u00fa, feldolgozott desszertek, de pr\u00f3b\u00e1ld ki. Lehet, hogy sokkal jobban fogod \u00e9lvezni a friss gy\u00fcm\u00f6lcs\u00f6t, mint gondoln\u00e1d, \u00e9s jobban is fogod \u00e9rezni magad ut\u00e1na.<\/p>\n<h2><strong>Haladj lassan!<\/strong><\/h2>\n<p>Eleinte koncentr\u00e1lj egy-k\u00e9t apr\u00f3 v\u00e1ltoztat\u00e1sra, \u00e9s csak akkor tegy\u00e9l hozz\u00e1 \u00fajabbakat, ha \u00fagy gondolod, hogy mindegyiket hossz\u00fa t\u00e1von fenn tudod tartani. Az \u00e9trend megv\u00e1ltoztat\u00e1sa hossz\u00fa folyamat. Jobb, ha egy \u00e9leten \u00e1t kitartasz n\u00e9h\u00e1ny fejleszt\u00e9s mellett, mintha egy h\u00f3napig t\u00f6k\u00e9letesen csin\u00e1ln\u00e1d a mediterr\u00e1n \u00e9trendet, majd abbahagyn\u00e1d, mert nem fenntarthat\u00f3. A k\u00f6vetkez\u0151 cikkben egy 5 napos minta\u00e9trendet n\u00e9z\u00fcnk \u00e1t.<\/p>\n","protected":false},"excerpt":{"rendered":"<p>A mediterr\u00e1n \u00e9trend m\u00e1r \u00e9vtizedek \u00f3ta aj\u00e1nlott azok sz\u00e1m\u00e1ra, akik eg\u00e9szs\u00e9gesen szeretn\u00e9nek \u00e9lni. Sz\u00e1mos kutat\u00e1s t\u00e1masztja al\u00e1 az el\u0151nyeit taglal\u00f3 [&hellip;]<\/p>\n","protected":false},"author":71,"featured_media":16802,"comment_status":"open","ping_status":"open","sticky":false,"template":"","format":"standard","meta":{"footnotes":""},"categories":[6],"tags":[],"global-categories":[],"class_list":["post-16799","post","type-post","status-publish","format-standard","has-post-thumbnail","hentry","category-edzes-es-eletmod"],"yoast_head":"<!-- This site is optimized with the Yoast SEO Premium plugin v25.3 (Yoast SEO v25.9) - https:\/\/yoast.com\/wordpress\/plugins\/seo\/ -->\n<title>Mediterr\u00e1n \u00e9trend - Kezd\u0151knek<\/title>\n<meta name=\"description\" content=\"A mediterr\u00e1n \u00e9trend m\u00e1r \u00e9vtizedek \u00f3ta aj\u00e1nlott azok sz\u00e1m\u00e1ra, akik eg\u00e9szs\u00e9gesen szeretn\u00e9nek \u00e9lni. Sz\u00e1mos kutat\u00e1s t\u00e1masztja al\u00e1 az el\u0151nyeit taglal\u00f3 \u00e1ll\u00edt\u00e1sokat.\" \/>\n<meta name=\"robots\" content=\"index, follow, max-snippet:-1, max-image-preview:large, max-video-preview:-1\" \/>\n<link rel=\"canonical\" href=\"https:\/\/www.welovecycling.com\/hu\/edzes-es-eletmod\/mediterran-etrend-kezdoknek\/\" \/>\n<meta property=\"og:locale\" content=\"hu_HU\" \/>\n<meta property=\"og:type\" content=\"article\" \/>\n<meta property=\"og:title\" content=\"Mediterr\u00e1n \u00e9trend - Kezd\u0151knek\" \/>\n<meta property=\"og:description\" content=\"A mediterr\u00e1n \u00e9trend m\u00e1r \u00e9vtizedek \u00f3ta aj\u00e1nlott azok sz\u00e1m\u00e1ra, akik eg\u00e9szs\u00e9gesen szeretn\u00e9nek \u00e9lni. Sz\u00e1mos kutat\u00e1s t\u00e1masztja al\u00e1 az el\u0151nyeit taglal\u00f3 \u00e1ll\u00edt\u00e1sokat.\" \/>\n<meta property=\"og:url\" content=\"https:\/\/www.welovecycling.com\/hu\/edzes-es-eletmod\/mediterran-etrend-kezdoknek\/\" \/>\n<meta property=\"og:site_name\" content=\"\u0160koda We Love Cycling - Magyarorsz\u00e1g\" \/>\n<meta property=\"article:publisher\" content=\"https:\/\/www.facebook.com\/WeLoveCyclingHungary\/\" \/>\n<meta property=\"article:published_time\" content=\"2023-01-18T06:00:11+00:00\" \/>\n<meta property=\"og:image\" content=\"https:\/\/d2p6e6u75xmxt8.cloudfront.net\/12\/2023\/01\/Mediterranean-Diet-profimedia-0747142502-CVR.webp\" \/>\n\t<meta property=\"og:image:width\" content=\"990\" \/>\n\t<meta property=\"og:image:height\" content=\"660\" \/>\n\t<meta property=\"og:image:type\" content=\"image\/webp\" \/>\n<meta name=\"author\" content=\"hegyizs\" \/>\n<meta name=\"twitter:card\" content=\"summary_large_image\" \/>\n<meta name=\"twitter:label1\" content=\"Written by\" \/>\n\t<meta name=\"twitter:data1\" content=\"Jiri Kaloc\" \/>\n\t<meta name=\"twitter:label2\" content=\"Est. reading time\" \/>\n\t<meta name=\"twitter:data2\" content=\"5\" \/>\n<script type=\"application\/ld+json\" class=\"yoast-schema-graph\">{\"@context\":\"https:\/\/schema.org\",\"@graph\":[{\"@type\":\"WebPage\",\"@id\":\"https:\/\/www.welovecycling.com\/hu\/edzes-es-eletmod\/mediterran-etrend-kezdoknek\/\",\"url\":\"https:\/\/www.welovecycling.com\/hu\/edzes-es-eletmod\/mediterran-etrend-kezdoknek\/\",\"name\":\"Mediterr\u00e1n \u00e9trend - Kezd\u0151knek\",\"isPartOf\":{\"@id\":\"https:\/\/www.welovecycling.com\/hu\/#website\"},\"primaryImageOfPage\":{\"@id\":\"https:\/\/www.welovecycling.com\/hu\/edzes-es-eletmod\/mediterran-etrend-kezdoknek\/#primaryimage\"},\"image\":{\"@id\":\"https:\/\/www.welovecycling.com\/hu\/edzes-es-eletmod\/mediterran-etrend-kezdoknek\/#primaryimage\"},\"thumbnailUrl\":\"https:\/\/d2p6e6u75xmxt8.cloudfront.net\/12\/2023\/01\/Mediterranean-Diet-profimedia-0747142502-CVR.webp\",\"datePublished\":\"2023-01-18T06:00:11+00:00\",\"author\":{\"@id\":\"https:\/\/www.welovecycling.com\/hu\/#\/schema\/person\/414a2aebf1801691a5320edb6468e194\"},\"description\":\"A mediterr\u00e1n \u00e9trend m\u00e1r \u00e9vtizedek \u00f3ta aj\u00e1nlott azok sz\u00e1m\u00e1ra, akik eg\u00e9szs\u00e9gesen szeretn\u00e9nek \u00e9lni. Sz\u00e1mos kutat\u00e1s t\u00e1masztja al\u00e1 az el\u0151nyeit taglal\u00f3 \u00e1ll\u00edt\u00e1sokat.\",\"breadcrumb\":{\"@id\":\"https:\/\/www.welovecycling.com\/hu\/edzes-es-eletmod\/mediterran-etrend-kezdoknek\/#breadcrumb\"},\"inLanguage\":\"hu\",\"potentialAction\":[{\"@type\":\"ReadAction\",\"target\":[\"https:\/\/www.welovecycling.com\/hu\/edzes-es-eletmod\/mediterran-etrend-kezdoknek\/\"]}]},{\"@type\":\"ImageObject\",\"inLanguage\":\"hu\",\"@id\":\"https:\/\/www.welovecycling.com\/hu\/edzes-es-eletmod\/mediterran-etrend-kezdoknek\/#primaryimage\",\"url\":\"https:\/\/d2p6e6u75xmxt8.cloudfront.net\/12\/2023\/01\/Mediterranean-Diet-profimedia-0747142502-CVR.webp\",\"contentUrl\":\"https:\/\/d2p6e6u75xmxt8.cloudfront.net\/12\/2023\/01\/Mediterranean-Diet-profimedia-0747142502-CVR.webp\",\"width\":990,\"height\":660,\"caption\":\"Meedierranean Diet\"},{\"@type\":\"BreadcrumbList\",\"@id\":\"https:\/\/www.welovecycling.com\/hu\/edzes-es-eletmod\/mediterran-etrend-kezdoknek\/#breadcrumb\",\"itemListElement\":[{\"@type\":\"ListItem\",\"position\":1,\"name\":\"Home\",\"item\":\"https:\/\/www.welovecycling.com\/hu\/\"},{\"@type\":\"ListItem\",\"position\":2,\"name\":\"Mediterr\u00e1n \u00e9trend &#8211; Kezd\u0151knek\"}]},{\"@type\":\"WebSite\",\"@id\":\"https:\/\/www.welovecycling.com\/hu\/#website\",\"url\":\"https:\/\/www.welovecycling.com\/hu\/\",\"name\":\"\u0160koda We Love Cycling - Magyarorsz\u00e1g\",\"description\":\"\u0160koda WeLoveCycling\",\"potentialAction\":[{\"@type\":\"SearchAction\",\"target\":{\"@type\":\"EntryPoint\",\"urlTemplate\":\"https:\/\/www.welovecycling.com\/hu\/?s={search_term_string}\"},\"query-input\":{\"@type\":\"PropertyValueSpecification\",\"valueRequired\":true,\"valueName\":\"search_term_string\"}}],\"inLanguage\":\"hu\"},{\"@type\":\"Person\",\"@id\":\"https:\/\/www.welovecycling.com\/hu\/#\/schema\/person\/414a2aebf1801691a5320edb6468e194\",\"name\":\"hegyizs\",\"image\":{\"@type\":\"ImageObject\",\"inLanguage\":\"hu\",\"@id\":\"https:\/\/www.welovecycling.com\/hu\/#\/schema\/person\/image\/\",\"url\":\"https:\/\/secure.gravatar.com\/avatar\/02cf8a7906b8cf90cecb4679defac7cfd33a1c2e3b88e4903d947f3bb58eedd3?s=96&d=mm&r=g\",\"contentUrl\":\"https:\/\/secure.gravatar.com\/avatar\/02cf8a7906b8cf90cecb4679defac7cfd33a1c2e3b88e4903d947f3bb58eedd3?s=96&d=mm&r=g\",\"caption\":\"hegyizs\"},\"url\":\"https:\/\/www.welovecycling.com\/hu\/author\/hegyizs\/\"}]}<\/script>\n<!-- \/ Yoast SEO Premium plugin. -->","yoast_head_json":{"title":"Mediterr\u00e1n \u00e9trend - Kezd\u0151knek","description":"A mediterr\u00e1n \u00e9trend m\u00e1r \u00e9vtizedek \u00f3ta aj\u00e1nlott azok sz\u00e1m\u00e1ra, akik eg\u00e9szs\u00e9gesen szeretn\u00e9nek \u00e9lni. Sz\u00e1mos kutat\u00e1s t\u00e1masztja al\u00e1 az el\u0151nyeit taglal\u00f3 \u00e1ll\u00edt\u00e1sokat.","robots":{"index":"index","follow":"follow","max-snippet":"max-snippet:-1","max-image-preview":"max-image-preview:large","max-video-preview":"max-video-preview:-1"},"canonical":"https:\/\/www.welovecycling.com\/hu\/edzes-es-eletmod\/mediterran-etrend-kezdoknek\/","og_locale":"hu_HU","og_type":"article","og_title":"Mediterr\u00e1n \u00e9trend - Kezd\u0151knek","og_description":"A mediterr\u00e1n \u00e9trend m\u00e1r \u00e9vtizedek \u00f3ta aj\u00e1nlott azok sz\u00e1m\u00e1ra, akik eg\u00e9szs\u00e9gesen szeretn\u00e9nek \u00e9lni. Sz\u00e1mos kutat\u00e1s t\u00e1masztja al\u00e1 az el\u0151nyeit taglal\u00f3 \u00e1ll\u00edt\u00e1sokat.","og_url":"https:\/\/www.welovecycling.com\/hu\/edzes-es-eletmod\/mediterran-etrend-kezdoknek\/","og_site_name":"\u0160koda We Love Cycling - Magyarorsz\u00e1g","article_publisher":"https:\/\/www.facebook.com\/WeLoveCyclingHungary\/","article_published_time":"2023-01-18T06:00:11+00:00","og_image":[{"width":990,"height":660,"url":"https:\/\/d2p6e6u75xmxt8.cloudfront.net\/12\/2023\/01\/Mediterranean-Diet-profimedia-0747142502-CVR.webp","type":"image\/webp"}],"author":"hegyizs","twitter_card":"summary_large_image","twitter_misc":{"Written by":"Jiri Kaloc","Est. reading time":"5"},"schema":{"@context":"https:\/\/schema.org","@graph":[{"@type":"WebPage","@id":"https:\/\/www.welovecycling.com\/hu\/edzes-es-eletmod\/mediterran-etrend-kezdoknek\/","url":"https:\/\/www.welovecycling.com\/hu\/edzes-es-eletmod\/mediterran-etrend-kezdoknek\/","name":"Mediterr\u00e1n \u00e9trend - Kezd\u0151knek","isPartOf":{"@id":"https:\/\/www.welovecycling.com\/hu\/#website"},"primaryImageOfPage":{"@id":"https:\/\/www.welovecycling.com\/hu\/edzes-es-eletmod\/mediterran-etrend-kezdoknek\/#primaryimage"},"image":{"@id":"https:\/\/www.welovecycling.com\/hu\/edzes-es-eletmod\/mediterran-etrend-kezdoknek\/#primaryimage"},"thumbnailUrl":"https:\/\/d2p6e6u75xmxt8.cloudfront.net\/12\/2023\/01\/Mediterranean-Diet-profimedia-0747142502-CVR.webp","datePublished":"2023-01-18T06:00:11+00:00","author":{"@id":"https:\/\/www.welovecycling.com\/hu\/#\/schema\/person\/414a2aebf1801691a5320edb6468e194"},"description":"A mediterr\u00e1n \u00e9trend m\u00e1r \u00e9vtizedek \u00f3ta aj\u00e1nlott azok sz\u00e1m\u00e1ra, akik eg\u00e9szs\u00e9gesen szeretn\u00e9nek \u00e9lni. Sz\u00e1mos kutat\u00e1s t\u00e1masztja al\u00e1 az el\u0151nyeit taglal\u00f3 \u00e1ll\u00edt\u00e1sokat.","breadcrumb":{"@id":"https:\/\/www.welovecycling.com\/hu\/edzes-es-eletmod\/mediterran-etrend-kezdoknek\/#breadcrumb"},"inLanguage":"hu","potentialAction":[{"@type":"ReadAction","target":["https:\/\/www.welovecycling.com\/hu\/edzes-es-eletmod\/mediterran-etrend-kezdoknek\/"]}]},{"@type":"ImageObject","inLanguage":"hu","@id":"https:\/\/www.welovecycling.com\/hu\/edzes-es-eletmod\/mediterran-etrend-kezdoknek\/#primaryimage","url":"https:\/\/d2p6e6u75xmxt8.cloudfront.net\/12\/2023\/01\/Mediterranean-Diet-profimedia-0747142502-CVR.webp","contentUrl":"https:\/\/d2p6e6u75xmxt8.cloudfront.net\/12\/2023\/01\/Mediterranean-Diet-profimedia-0747142502-CVR.webp","width":990,"height":660,"caption":"Meedierranean Diet"},{"@type":"BreadcrumbList","@id":"https:\/\/www.welovecycling.com\/hu\/edzes-es-eletmod\/mediterran-etrend-kezdoknek\/#breadcrumb","itemListElement":[{"@type":"ListItem","position":1,"name":"Home","item":"https:\/\/www.welovecycling.com\/hu\/"},{"@type":"ListItem","position":2,"name":"Mediterr\u00e1n \u00e9trend &#8211; Kezd\u0151knek"}]},{"@type":"WebSite","@id":"https:\/\/www.welovecycling.com\/hu\/#website","url":"https:\/\/www.welovecycling.com\/hu\/","name":"\u0160koda We Love Cycling - Magyarorsz\u00e1g","description":"\u0160koda WeLoveCycling","potentialAction":[{"@type":"SearchAction","target":{"@type":"EntryPoint","urlTemplate":"https:\/\/www.welovecycling.com\/hu\/?s={search_term_string}"},"query-input":{"@type":"PropertyValueSpecification","valueRequired":true,"valueName":"search_term_string"}}],"inLanguage":"hu"},{"@type":"Person","@id":"https:\/\/www.welovecycling.com\/hu\/#\/schema\/person\/414a2aebf1801691a5320edb6468e194","name":"hegyizs","image":{"@type":"ImageObject","inLanguage":"hu","@id":"https:\/\/www.welovecycling.com\/hu\/#\/schema\/person\/image\/","url":"https:\/\/secure.gravatar.com\/avatar\/02cf8a7906b8cf90cecb4679defac7cfd33a1c2e3b88e4903d947f3bb58eedd3?s=96&d=mm&r=g","contentUrl":"https:\/\/secure.gravatar.com\/avatar\/02cf8a7906b8cf90cecb4679defac7cfd33a1c2e3b88e4903d947f3bb58eedd3?s=96&d=mm&r=g","caption":"hegyizs"},"url":"https:\/\/www.welovecycling.com\/hu\/author\/hegyizs\/"}]}},"_links":{"self":[{"href":"https:\/\/www.welovecycling.com\/hu\/wp-json\/wp\/v2\/posts\/16799","targetHints":{"allow":["GET"]}}],"collection":[{"href":"https:\/\/www.welovecycling.com\/hu\/wp-json\/wp\/v2\/posts"}],"about":[{"href":"https:\/\/www.welovecycling.com\/hu\/wp-json\/wp\/v2\/types\/post"}],"author":[{"embeddable":true,"href":"https:\/\/www.welovecycling.com\/hu\/wp-json\/wp\/v2\/users\/71"}],"replies":[{"embeddable":true,"href":"https:\/\/www.welovecycling.com\/hu\/wp-json\/wp\/v2\/comments?post=16799"}],"version-history":[{"count":2,"href":"https:\/\/www.welovecycling.com\/hu\/wp-json\/wp\/v2\/posts\/16799\/revisions"}],"predecessor-version":[{"id":16821,"href":"https:\/\/www.welovecycling.com\/hu\/wp-json\/wp\/v2\/posts\/16799\/revisions\/16821"}],"wp:featuredmedia":[{"embeddable":true,"href":"https:\/\/www.welovecycling.com\/hu\/wp-json\/wp\/v2\/media\/16802"}],"wp:attachment":[{"href":"https:\/\/www.welovecycling.com\/hu\/wp-json\/wp\/v2\/media?parent=16799"}],"wp:term":[{"taxonomy":"category","embeddable":true,"href":"https:\/\/www.welovecycling.com\/hu\/wp-json\/wp\/v2\/categories?post=16799"},{"taxonomy":"post_tag","embeddable":true,"href":"https:\/\/www.welovecycling.com\/hu\/wp-json\/wp\/v2\/tags?post=16799"},{"taxonomy":"global-categories","embeddable":true,"href":"https:\/\/www.welovecycling.com\/hu\/wp-json\/wp\/v2\/global-categories?post=16799"}],"curies":[{"name":"wp","href":"https:\/\/api.w.org\/{rel}","templated":true}]}}