{"id":16794,"date":"2023-01-20T08:00:07","date_gmt":"2023-01-20T06:00:07","guid":{"rendered":"https:\/\/www.welovecycling.com\/hu\/?p=16794"},"modified":"2023-01-13T16:57:20","modified_gmt":"2023-01-13T14:57:20","slug":"ujabb-jo-eve-lesz-remco-evenepoelnek-2023-ban","status":"publish","type":"post","link":"https:\/\/www.welovecycling.com\/hu\/orszaguti-kerekpar\/ujabb-jo-eve-lesz-remco-evenepoelnek-2023-ban\/","title":{"rendered":"\u00dajabb j\u00f3 \u00e9ve lesz Remco Evenepoelnek 2023-ban?"},"content":{"rendered":"<p><strong>Mire k\u00e9sz\u00fcl a 2022-es V\u00e9lo d\u2019Or-bajnok, Remco Evenepoel? Azt m\u00e1r tudjuk, hogy a 2023-as Grand Tour-versenye a Giro d\u2019Italia lesz, feltehet\u0151en az\u00e9rt, mert nem \u00e9rzi mag\u00e1t k\u00e9sznek arra, hogy megk\u00fczdj\u00f6n a Tour de France-gy\u0151ztes Tadey Poga\u010darral, Jonas Vingegaarddal \u00e9s (tal\u00e1n) Egan Bernallal.<\/strong><\/p>\n<p style=\"font-weight: 400;\"><!--more--><\/p>\n<p>Egyesek szerint a Giro 70 km-es id\u0151futama jobban illik hozz\u00e1, mint a hegym\u00e1sz\u00e1s a Tour-on, ahol id\u00e9n csak egy id\u0151futam lesz. Az \u00e9ppen 23. \u00c9let\u00e9v\u00e9t t\u00f6lt\u0151 versenyz\u0151 (Soudal-QuickStep) ezt meg is er\u0151s\u00edtette december v\u00e9g\u00e9n, az Eurosportnak adott interj\u00faj\u00e1ban: <em>\u201cNagyon v\u00e1rom a nyit\u00f3 id\u0151futamot, \u00e9s a 9. szakaszt (szint\u00e9n id\u0151futam). Ut\u00f3bbit a m\u00falt h\u00e9ten fedezt\u00fck fel. Gy\u00f6ny\u00f6r\u0171 id\u0151futamok lesznek ezen a Giron, passzolni fognak hozz\u00e1m.\u201d<\/em><\/p>\n<p>Ha azonban t\u00e9nyleg \u00edgy gondolja, mi\u00e9rt nyilatkozta, hogy nem biztos benne, hogy nyerni fog a Gir\u00f3n? <em>\u201cSzem\u00e9ly szerint nehezen tudn\u00e1m megj\u00f3solni az eredm\u00e9nyt. Egy rossz d\u00f6nt\u00e9s, baleset, rosszull\u00e9t, b\u00e1rmi megt\u00f6rt\u00e9nhet. Biztons\u00e1gosabb szakaszgy\u0151zelmekre t\u00f6rekedni. N\u00e9ha nem \u00e1rt belesimulni a t\u00f6megbe. Ezt csin\u00e1ltam tavaly a Vuelt\u00e1n.\u201d<\/em><\/p>\n<p>Ez meglehet\u0151sen szer\u00e9ny \u00e1ll\u00e1spont egy olyan versenyz\u0151t\u0151l, aki a tavalyi szezon v\u00e9ge fel\u00e9 domin\u00e1lt a Vuelta a Espa\u00f1\u00e1n \u00e9s az orsz\u00e1g\u00fati vil\u00e1gbajnoks\u00e1gon is. Geraint Thomast \u00e9s Primoz Rogli\u010dot lesz\u00e1m\u00edtva pedig egy\u00e9rtelm\u0171en \u0151 a favorit, ha persze nem t\u00f6rt\u00e9nik semmi, amit el\u0151re nem lehet l\u00e1tni.<\/p>\n<figure id=\"attachment_16472\" aria-describedby=\"caption-attachment-16472\" style=\"width: 1250px\" class=\"wp-caption alignnone\"><a href=\"https:\/\/d2p6e6u75xmxt8.cloudfront.net\/12\/2022\/11\/profimedia-0727601865.webp\"><img loading=\"lazy\" decoding=\"async\" class=\"size-full wp-image-16472\" src=\"https:\/\/d2p6e6u75xmxt8.cloudfront.net\/12\/2022\/11\/profimedia-0727601865.webp\" alt=\"Remco Evenepoel\" width=\"1250\" height=\"833\" srcset=\"https:\/\/d2p6e6u75xmxt8.cloudfront.net\/12\/2022\/11\/profimedia-0727601865.webp 1250w, https:\/\/d2p6e6u75xmxt8.cloudfront.net\/12\/2022\/11\/profimedia-0727601865-300x200.webp 300w, https:\/\/d2p6e6u75xmxt8.cloudfront.net\/12\/2022\/11\/profimedia-0727601865-1024x682.webp 1024w, https:\/\/d2p6e6u75xmxt8.cloudfront.net\/12\/2022\/11\/profimedia-0727601865-768x512.webp 768w, https:\/\/d2p6e6u75xmxt8.cloudfront.net\/12\/2022\/11\/profimedia-0727601865-272x182.webp 272w\" sizes=\"auto, (max-width: 1250px) 100vw, 1250px\" \/><\/a><figcaption id=\"caption-attachment-16472\" class=\"wp-caption-text\"><em>Evenepoel Vuelta-gy\u0151zelm\u00e9t \u00fcnnepli. \u00a9 Profimedia<\/em><\/figcaption><\/figure>\n<p>Nyilatkozata \u00e9s az, hogy ink\u00e1bb t\u00e1vol marad az idei Tour-t\u00f3l azonban azt mutatja, hogy b\u00e1r magabiztos az id\u0151futamokon, m\u00e9g mindig nem b\u00edzik m\u00e1sz\u00f3k\u00e9pess\u00e9g\u00e9ben. Tal\u00e1n ez az oka annak, hogy sokat edz magaslati leveg\u0151n a Giro-ra, n\u00e9gy hegyi edz\u0151t\u00e1borban \u00e9s n\u00e9gy versenyen vesz r\u00e9szt, miel\u0151tt nekiv\u00e1gna a szezon els\u0151 Grand Tour-j\u00e1nak.<\/p>\n<p>Janu\u00e1r 22 \u00e9s 29 k\u00f6z\u00f6tt Argent\u00edn\u00e1ban, a Vuelta a San Juan versenyen \u00e1ll rajthoz, ezt k\u00f6veti az UAE Tour febru\u00e1r v\u00e9g\u00e9n, majd a Volta a Catalunya m\u00e1rciusban \u00e9s a Li\u00e9ge-Bastogne-Li\u00e9ge \u00e1prilisban. \u00d6sszesen 22 versenynapot tesznek ki ezek az esem\u00e9nyek m\u00e9g a Giro el\u0151tt.<\/p>\n<p><em>\u201cSok edz\u00e9s, t\u00e1borok a hegyekben, ez tavaly is m\u0171k\u00f6d\u00f6tt, \u00edgy nem v\u00e1ltoztatok semmin\u201d<\/em> &#8211; mondta Evenepoel az \u00fajs\u00e1g\u00edr\u00f3knak a Soudal-QuickStep bemutat\u00f3j\u00e1n.<\/p>\n<p>A belga kihangs\u00falyozta, hogy a gy\u0151zelem\u00e9rt indul ezeken az \u00e9v eleji versenyeken. <em>\u201cMinden versenyen az a c\u00e9l, hogy dobog\u00f3ra \u00e1lljak, vagy legal\u00e1bb szakaszt nyerjek\u201d<\/em> &#8211; mondta. \u201c<em>Nem indulok t\u00fal sok megm\u00e9rettet\u00e9sen, de Argent\u00edn\u00e1n k\u00edv\u00fcl mindegyik a legmagasabb szint\u0171.\u201d<\/em><\/p>\n<p>Arra a k\u00e9rd\u00e9sre, hogy mi a legnagyobb \u00e1lma, azt v\u00e1laszolt, hogy meg akarja nyerni mind a h\u00e1rom Grand Tour-t.<\/p>\n<p>Tal\u00e1n m\u00e9gis van r\u00e1 es\u00e9ly, hogy \u00fagy d\u00f6nt, indul a Tour-on? Minden lehets\u00e9ges, de a Giro-Tour kem\u00e9ny kombin\u00e1ci\u00f3. Mind\u00f6ssze h\u00e9t versenyz\u0151 tudott eddig dupl\u00e1zni, \u00f6sszesen 12 alkalommal: Fausto Coppi, Bernard Hinault \u00e9s Miguel Indurain k\u00e9tszer, Eddy Merckx pedig h\u00e1romszor, 1970-ben, 1972-ben \u00e9s 1974-ben. Val\u00f3sz\u00edn\u0171leg Evenepoel m\u00e9g nincs ezen a szinten.<\/p>\n<p>A Giro-Tour p\u00e1rosra teh\u00e1t nincs t\u00fal nagy es\u00e9ly. De lehet, hogy megk\u00eds\u00e9rli a Giro-Vuelta kett\u0151st, ami sokkal jobban kezelhet\u0151, f\u0151leg, hogy m\u00e1r megmutatta, hogy a spanyol k\u00f6rt meg tudja nyerni? De az is lehet, hogy a vil\u00e1gbajnoki c\u00edmet t\u0171zi ki maga el\u00e9. Ha pedig mind a h\u00e1rom c\u00edmet bezsebeln\u00e9, az maga lenne a nirv\u00e1na!<\/p>\n<p>De el\u0151sz\u00f6r is le kell gy\u0151znie Rogli\u010dot a Gir\u00f3n.<\/p>\n","protected":false},"excerpt":{"rendered":"<p>Mire k\u00e9sz\u00fcl a 2022-es V\u00e9lo d\u2019Or-bajnok, Remco Evenepoel? Azt m\u00e1r tudjuk, hogy a 2023-as Grand Tour-versenye a Giro d\u2019Italia lesz, [&hellip;]<\/p>\n","protected":false},"author":71,"featured_media":16796,"comment_status":"open","ping_status":"open","sticky":false,"template":"","format":"standard","meta":{"footnotes":""},"categories":[8],"tags":[],"global-categories":[],"class_list":["post-16794","post","type-post","status-publish","format-standard","has-post-thumbnail","hentry","category-orszaguti-kerekpar"],"yoast_head":"<!-- This site is optimized with the Yoast SEO Premium plugin v25.3 (Yoast SEO v25.9) - https:\/\/yoast.com\/wordpress\/plugins\/seo\/ -->\n<title>\u00dajabb j\u00f3 \u00e9ve lesz Remco Evenepoelnek 2023-ban?<\/title>\n<meta name=\"description\" content=\"Mire k\u00e9sz\u00fcl a 2022-es V\u00e9lo d\u2019Or-bajnok, Remco Evenepoel? Azt m\u00e1r tudjuk, hogy a 2023-as Grand Tour-versenye a Giro d\u2019Italia lesz, feltehet\u0151en az\u00e9rt, mert nem \u00e9rzi mag\u00e1t k\u00e9sznek arra, hogy megk\u00fczdj\u00f6n a Tour de France-gy\u0151ztes Tadey Poga\u010darral, Jonas Vingegaarddal \u00e9s (tal\u00e1n) Egan Bernallal.\" \/>\n<meta name=\"robots\" content=\"index, follow, max-snippet:-1, max-image-preview:large, max-video-preview:-1\" \/>\n<link rel=\"canonical\" href=\"https:\/\/www.welovecycling.com\/hu\/orszaguti-kerekpar\/ujabb-jo-eve-lesz-remco-evenepoelnek-2023-ban\/\" \/>\n<meta property=\"og:locale\" content=\"hu_HU\" \/>\n<meta property=\"og:type\" content=\"article\" \/>\n<meta property=\"og:title\" content=\"\u00dajabb j\u00f3 \u00e9ve lesz Remco Evenepoelnek 2023-ban?\" \/>\n<meta property=\"og:description\" content=\"Mire k\u00e9sz\u00fcl a 2022-es V\u00e9lo d\u2019Or-bajnok, Remco Evenepoel? Azt m\u00e1r tudjuk, hogy a 2023-as Grand Tour-versenye a Giro d\u2019Italia lesz, feltehet\u0151en az\u00e9rt, mert nem \u00e9rzi mag\u00e1t k\u00e9sznek arra, hogy megk\u00fczdj\u00f6n a Tour de France-gy\u0151ztes Tadey Poga\u010darral, Jonas Vingegaarddal \u00e9s (tal\u00e1n) Egan Bernallal.\" \/>\n<meta property=\"og:url\" content=\"https:\/\/www.welovecycling.com\/hu\/orszaguti-kerekpar\/ujabb-jo-eve-lesz-remco-evenepoelnek-2023-ban\/\" \/>\n<meta property=\"og:site_name\" content=\"\u0160koda We Love Cycling - Magyarorsz\u00e1g\" \/>\n<meta property=\"article:publisher\" content=\"https:\/\/www.facebook.com\/WeLoveCyclingHungary\/\" \/>\n<meta property=\"article:published_time\" content=\"2023-01-20T06:00:07+00:00\" \/>\n<meta property=\"og:image\" content=\"https:\/\/d2p6e6u75xmxt8.cloudfront.net\/12\/2023\/01\/Remco-Evenepoel-profimedia-0748080787-CVR.webp\" \/>\n\t<meta property=\"og:image:width\" content=\"990\" \/>\n\t<meta property=\"og:image:height\" content=\"660\" \/>\n\t<meta property=\"og:image:type\" content=\"image\/webp\" \/>\n<meta name=\"author\" content=\"hegyizs\" \/>\n<meta name=\"twitter:card\" content=\"summary_large_image\" \/>\n<meta name=\"twitter:label1\" content=\"Written by\" \/>\n\t<meta name=\"twitter:data1\" content=\"Siegfried Mortkowitz\" \/>\n\t<meta name=\"twitter:label2\" content=\"Est. reading time\" \/>\n\t<meta name=\"twitter:data2\" content=\"5\" \/>\n<script type=\"application\/ld+json\" class=\"yoast-schema-graph\">{\"@context\":\"https:\/\/schema.org\",\"@graph\":[{\"@type\":\"WebPage\",\"@id\":\"https:\/\/www.welovecycling.com\/hu\/orszaguti-kerekpar\/ujabb-jo-eve-lesz-remco-evenepoelnek-2023-ban\/\",\"url\":\"https:\/\/www.welovecycling.com\/hu\/orszaguti-kerekpar\/ujabb-jo-eve-lesz-remco-evenepoelnek-2023-ban\/\",\"name\":\"\u00dajabb j\u00f3 \u00e9ve lesz Remco Evenepoelnek 2023-ban?\",\"isPartOf\":{\"@id\":\"https:\/\/www.welovecycling.com\/hu\/#website\"},\"primaryImageOfPage\":{\"@id\":\"https:\/\/www.welovecycling.com\/hu\/orszaguti-kerekpar\/ujabb-jo-eve-lesz-remco-evenepoelnek-2023-ban\/#primaryimage\"},\"image\":{\"@id\":\"https:\/\/www.welovecycling.com\/hu\/orszaguti-kerekpar\/ujabb-jo-eve-lesz-remco-evenepoelnek-2023-ban\/#primaryimage\"},\"thumbnailUrl\":\"https:\/\/d2p6e6u75xmxt8.cloudfront.net\/12\/2023\/01\/Remco-Evenepoel-profimedia-0748080787-CVR.webp\",\"datePublished\":\"2023-01-20T06:00:07+00:00\",\"author\":{\"@id\":\"https:\/\/www.welovecycling.com\/hu\/#\/schema\/person\/414a2aebf1801691a5320edb6468e194\"},\"description\":\"Mire k\u00e9sz\u00fcl a 2022-es V\u00e9lo d\u2019Or-bajnok, Remco Evenepoel? Azt m\u00e1r tudjuk, hogy a 2023-as Grand Tour-versenye a Giro d\u2019Italia lesz, feltehet\u0151en az\u00e9rt, mert nem \u00e9rzi mag\u00e1t k\u00e9sznek arra, hogy megk\u00fczdj\u00f6n a Tour de France-gy\u0151ztes Tadey Poga\u010darral, Jonas Vingegaarddal \u00e9s (tal\u00e1n) Egan Bernallal.\",\"breadcrumb\":{\"@id\":\"https:\/\/www.welovecycling.com\/hu\/orszaguti-kerekpar\/ujabb-jo-eve-lesz-remco-evenepoelnek-2023-ban\/#breadcrumb\"},\"inLanguage\":\"hu\",\"potentialAction\":[{\"@type\":\"ReadAction\",\"target\":[\"https:\/\/www.welovecycling.com\/hu\/orszaguti-kerekpar\/ujabb-jo-eve-lesz-remco-evenepoelnek-2023-ban\/\"]}]},{\"@type\":\"ImageObject\",\"inLanguage\":\"hu\",\"@id\":\"https:\/\/www.welovecycling.com\/hu\/orszaguti-kerekpar\/ujabb-jo-eve-lesz-remco-evenepoelnek-2023-ban\/#primaryimage\",\"url\":\"https:\/\/d2p6e6u75xmxt8.cloudfront.net\/12\/2023\/01\/Remco-Evenepoel-profimedia-0748080787-CVR.webp\",\"contentUrl\":\"https:\/\/d2p6e6u75xmxt8.cloudfront.net\/12\/2023\/01\/Remco-Evenepoel-profimedia-0748080787-CVR.webp\",\"width\":990,\"height\":660,\"caption\":\"Remco Evenepoel\"},{\"@type\":\"BreadcrumbList\",\"@id\":\"https:\/\/www.welovecycling.com\/hu\/orszaguti-kerekpar\/ujabb-jo-eve-lesz-remco-evenepoelnek-2023-ban\/#breadcrumb\",\"itemListElement\":[{\"@type\":\"ListItem\",\"position\":1,\"name\":\"Home\",\"item\":\"https:\/\/www.welovecycling.com\/hu\/\"},{\"@type\":\"ListItem\",\"position\":2,\"name\":\"\u00dajabb j\u00f3 \u00e9ve lesz Remco Evenepoelnek 2023-ban?\"}]},{\"@type\":\"WebSite\",\"@id\":\"https:\/\/www.welovecycling.com\/hu\/#website\",\"url\":\"https:\/\/www.welovecycling.com\/hu\/\",\"name\":\"\u0160koda We Love Cycling - Magyarorsz\u00e1g\",\"description\":\"\u0160koda WeLoveCycling\",\"potentialAction\":[{\"@type\":\"SearchAction\",\"target\":{\"@type\":\"EntryPoint\",\"urlTemplate\":\"https:\/\/www.welovecycling.com\/hu\/?s={search_term_string}\"},\"query-input\":{\"@type\":\"PropertyValueSpecification\",\"valueRequired\":true,\"valueName\":\"search_term_string\"}}],\"inLanguage\":\"hu\"},{\"@type\":\"Person\",\"@id\":\"https:\/\/www.welovecycling.com\/hu\/#\/schema\/person\/414a2aebf1801691a5320edb6468e194\",\"name\":\"hegyizs\",\"image\":{\"@type\":\"ImageObject\",\"inLanguage\":\"hu\",\"@id\":\"https:\/\/www.welovecycling.com\/hu\/#\/schema\/person\/image\/\",\"url\":\"https:\/\/secure.gravatar.com\/avatar\/02cf8a7906b8cf90cecb4679defac7cfd33a1c2e3b88e4903d947f3bb58eedd3?s=96&d=mm&r=g\",\"contentUrl\":\"https:\/\/secure.gravatar.com\/avatar\/02cf8a7906b8cf90cecb4679defac7cfd33a1c2e3b88e4903d947f3bb58eedd3?s=96&d=mm&r=g\",\"caption\":\"hegyizs\"},\"url\":\"https:\/\/www.welovecycling.com\/hu\/author\/hegyizs\/\"}]}<\/script>\n<!-- \/ Yoast SEO Premium plugin. -->","yoast_head_json":{"title":"\u00dajabb j\u00f3 \u00e9ve lesz Remco Evenepoelnek 2023-ban?","description":"Mire k\u00e9sz\u00fcl a 2022-es V\u00e9lo d\u2019Or-bajnok, Remco Evenepoel? Azt m\u00e1r tudjuk, hogy a 2023-as Grand Tour-versenye a Giro d\u2019Italia lesz, feltehet\u0151en az\u00e9rt, mert nem \u00e9rzi mag\u00e1t k\u00e9sznek arra, hogy megk\u00fczdj\u00f6n a Tour de France-gy\u0151ztes Tadey Poga\u010darral, Jonas Vingegaarddal \u00e9s (tal\u00e1n) Egan Bernallal.","robots":{"index":"index","follow":"follow","max-snippet":"max-snippet:-1","max-image-preview":"max-image-preview:large","max-video-preview":"max-video-preview:-1"},"canonical":"https:\/\/www.welovecycling.com\/hu\/orszaguti-kerekpar\/ujabb-jo-eve-lesz-remco-evenepoelnek-2023-ban\/","og_locale":"hu_HU","og_type":"article","og_title":"\u00dajabb j\u00f3 \u00e9ve lesz Remco Evenepoelnek 2023-ban?","og_description":"Mire k\u00e9sz\u00fcl a 2022-es V\u00e9lo d\u2019Or-bajnok, Remco Evenepoel? Azt m\u00e1r tudjuk, hogy a 2023-as Grand Tour-versenye a Giro d\u2019Italia lesz, feltehet\u0151en az\u00e9rt, mert nem \u00e9rzi mag\u00e1t k\u00e9sznek arra, hogy megk\u00fczdj\u00f6n a Tour de France-gy\u0151ztes Tadey Poga\u010darral, Jonas Vingegaarddal \u00e9s (tal\u00e1n) Egan Bernallal.","og_url":"https:\/\/www.welovecycling.com\/hu\/orszaguti-kerekpar\/ujabb-jo-eve-lesz-remco-evenepoelnek-2023-ban\/","og_site_name":"\u0160koda We Love Cycling - Magyarorsz\u00e1g","article_publisher":"https:\/\/www.facebook.com\/WeLoveCyclingHungary\/","article_published_time":"2023-01-20T06:00:07+00:00","og_image":[{"width":990,"height":660,"url":"https:\/\/d2p6e6u75xmxt8.cloudfront.net\/12\/2023\/01\/Remco-Evenepoel-profimedia-0748080787-CVR.webp","type":"image\/webp"}],"author":"hegyizs","twitter_card":"summary_large_image","twitter_misc":{"Written by":"Siegfried Mortkowitz","Est. reading time":"5"},"schema":{"@context":"https:\/\/schema.org","@graph":[{"@type":"WebPage","@id":"https:\/\/www.welovecycling.com\/hu\/orszaguti-kerekpar\/ujabb-jo-eve-lesz-remco-evenepoelnek-2023-ban\/","url":"https:\/\/www.welovecycling.com\/hu\/orszaguti-kerekpar\/ujabb-jo-eve-lesz-remco-evenepoelnek-2023-ban\/","name":"\u00dajabb j\u00f3 \u00e9ve lesz Remco Evenepoelnek 2023-ban?","isPartOf":{"@id":"https:\/\/www.welovecycling.com\/hu\/#website"},"primaryImageOfPage":{"@id":"https:\/\/www.welovecycling.com\/hu\/orszaguti-kerekpar\/ujabb-jo-eve-lesz-remco-evenepoelnek-2023-ban\/#primaryimage"},"image":{"@id":"https:\/\/www.welovecycling.com\/hu\/orszaguti-kerekpar\/ujabb-jo-eve-lesz-remco-evenepoelnek-2023-ban\/#primaryimage"},"thumbnailUrl":"https:\/\/d2p6e6u75xmxt8.cloudfront.net\/12\/2023\/01\/Remco-Evenepoel-profimedia-0748080787-CVR.webp","datePublished":"2023-01-20T06:00:07+00:00","author":{"@id":"https:\/\/www.welovecycling.com\/hu\/#\/schema\/person\/414a2aebf1801691a5320edb6468e194"},"description":"Mire k\u00e9sz\u00fcl a 2022-es V\u00e9lo d\u2019Or-bajnok, Remco Evenepoel? Azt m\u00e1r tudjuk, hogy a 2023-as Grand Tour-versenye a Giro d\u2019Italia lesz, feltehet\u0151en az\u00e9rt, mert nem \u00e9rzi mag\u00e1t k\u00e9sznek arra, hogy megk\u00fczdj\u00f6n a Tour de France-gy\u0151ztes Tadey Poga\u010darral, Jonas Vingegaarddal \u00e9s (tal\u00e1n) Egan Bernallal.","breadcrumb":{"@id":"https:\/\/www.welovecycling.com\/hu\/orszaguti-kerekpar\/ujabb-jo-eve-lesz-remco-evenepoelnek-2023-ban\/#breadcrumb"},"inLanguage":"hu","potentialAction":[{"@type":"ReadAction","target":["https:\/\/www.welovecycling.com\/hu\/orszaguti-kerekpar\/ujabb-jo-eve-lesz-remco-evenepoelnek-2023-ban\/"]}]},{"@type":"ImageObject","inLanguage":"hu","@id":"https:\/\/www.welovecycling.com\/hu\/orszaguti-kerekpar\/ujabb-jo-eve-lesz-remco-evenepoelnek-2023-ban\/#primaryimage","url":"https:\/\/d2p6e6u75xmxt8.cloudfront.net\/12\/2023\/01\/Remco-Evenepoel-profimedia-0748080787-CVR.webp","contentUrl":"https:\/\/d2p6e6u75xmxt8.cloudfront.net\/12\/2023\/01\/Remco-Evenepoel-profimedia-0748080787-CVR.webp","width":990,"height":660,"caption":"Remco Evenepoel"},{"@type":"BreadcrumbList","@id":"https:\/\/www.welovecycling.com\/hu\/orszaguti-kerekpar\/ujabb-jo-eve-lesz-remco-evenepoelnek-2023-ban\/#breadcrumb","itemListElement":[{"@type":"ListItem","position":1,"name":"Home","item":"https:\/\/www.welovecycling.com\/hu\/"},{"@type":"ListItem","position":2,"name":"\u00dajabb j\u00f3 \u00e9ve lesz Remco Evenepoelnek 2023-ban?"}]},{"@type":"WebSite","@id":"https:\/\/www.welovecycling.com\/hu\/#website","url":"https:\/\/www.welovecycling.com\/hu\/","name":"\u0160koda We Love Cycling - Magyarorsz\u00e1g","description":"\u0160koda WeLoveCycling","potentialAction":[{"@type":"SearchAction","target":{"@type":"EntryPoint","urlTemplate":"https:\/\/www.welovecycling.com\/hu\/?s={search_term_string}"},"query-input":{"@type":"PropertyValueSpecification","valueRequired":true,"valueName":"search_term_string"}}],"inLanguage":"hu"},{"@type":"Person","@id":"https:\/\/www.welovecycling.com\/hu\/#\/schema\/person\/414a2aebf1801691a5320edb6468e194","name":"hegyizs","image":{"@type":"ImageObject","inLanguage":"hu","@id":"https:\/\/www.welovecycling.com\/hu\/#\/schema\/person\/image\/","url":"https:\/\/secure.gravatar.com\/avatar\/02cf8a7906b8cf90cecb4679defac7cfd33a1c2e3b88e4903d947f3bb58eedd3?s=96&d=mm&r=g","contentUrl":"https:\/\/secure.gravatar.com\/avatar\/02cf8a7906b8cf90cecb4679defac7cfd33a1c2e3b88e4903d947f3bb58eedd3?s=96&d=mm&r=g","caption":"hegyizs"},"url":"https:\/\/www.welovecycling.com\/hu\/author\/hegyizs\/"}]}},"_links":{"self":[{"href":"https:\/\/www.welovecycling.com\/hu\/wp-json\/wp\/v2\/posts\/16794","targetHints":{"allow":["GET"]}}],"collection":[{"href":"https:\/\/www.welovecycling.com\/hu\/wp-json\/wp\/v2\/posts"}],"about":[{"href":"https:\/\/www.welovecycling.com\/hu\/wp-json\/wp\/v2\/types\/post"}],"author":[{"embeddable":true,"href":"https:\/\/www.welovecycling.com\/hu\/wp-json\/wp\/v2\/users\/71"}],"replies":[{"embeddable":true,"href":"https:\/\/www.welovecycling.com\/hu\/wp-json\/wp\/v2\/comments?post=16794"}],"version-history":[{"count":2,"href":"https:\/\/www.welovecycling.com\/hu\/wp-json\/wp\/v2\/posts\/16794\/revisions"}],"predecessor-version":[{"id":16820,"href":"https:\/\/www.welovecycling.com\/hu\/wp-json\/wp\/v2\/posts\/16794\/revisions\/16820"}],"wp:featuredmedia":[{"embeddable":true,"href":"https:\/\/www.welovecycling.com\/hu\/wp-json\/wp\/v2\/media\/16796"}],"wp:attachment":[{"href":"https:\/\/www.welovecycling.com\/hu\/wp-json\/wp\/v2\/media?parent=16794"}],"wp:term":[{"taxonomy":"category","embeddable":true,"href":"https:\/\/www.welovecycling.com\/hu\/wp-json\/wp\/v2\/categories?post=16794"},{"taxonomy":"post_tag","embeddable":true,"href":"https:\/\/www.welovecycling.com\/hu\/wp-json\/wp\/v2\/tags?post=16794"},{"taxonomy":"global-categories","embeddable":true,"href":"https:\/\/www.welovecycling.com\/hu\/wp-json\/wp\/v2\/global-categories?post=16794"}],"curies":[{"name":"wp","href":"https:\/\/api.w.org\/{rel}","templated":true}]}}