{"id":16790,"date":"2023-01-16T08:00:55","date_gmt":"2023-01-16T06:00:55","guid":{"rendered":"https:\/\/www.welovecycling.com\/hu\/?p=16790"},"modified":"2023-01-13T16:54:26","modified_gmt":"2023-01-13T14:54:26","slug":"kerekparutak-a-jovobol","status":"publish","type":"post","link":"https:\/\/www.welovecycling.com\/hu\/varosi-kerekparozas\/kerekparutak-a-jovobol\/","title":{"rendered":"Ker\u00e9kp\u00e1rutak a j\u00f6v\u0151b\u0151l"},"content":{"rendered":"<p><strong>A legt\u00f6bb eur\u00f3pai v\u00e1rosban n\u00f6vekszik a naponta ing\u00e1z\u00f3k sz\u00e1ma, \u00e9s folyamatosan aktu\u00e1lis a k\u00e9rd\u00e9s, hogy mit lehetne tenni a ker\u00e9kp\u00e1rosok biztons\u00e1g\u00e1\u00e9rt. Mivel a nagyv\u00e1rosokban hely sz\u0171k\u00e9ben vagyunk, a v\u00e1rostervez\u0151knek olyan megold\u00e1sokban kell gondolkodniuk, melyek illeszkednek ezekhez a k\u00f6r\u00fclm\u00e9nyekhez.<\/strong><\/p>\n<p style=\"font-weight: 400;\"><!--more--><\/p>\n<p>N\u00e9metorsz\u00e1gban egy 2021-ben v\u00e9gzett felm\u00e9r\u00e9s alapj\u00e1n a v\u00e1laszad\u00f3k 57%-a szeretett volna t\u00f6bb ker\u00e9kp\u00e1rutat, 53% a ker\u00e9kp\u00e1rosok \u00e9s a g\u00e9pj\u00e1rm\u0171vek elk\u00fcl\u00f6n\u00edt\u00e9s\u00e9t, \u00e9s 43%-uk t\u00f6bb v\u00e9dett bringautat.<\/p>\n<p>Persze \u00edg\u00e9retesnek hangzik a t\u00f6bb elk\u00fcl\u00f6n\u00edtett, biztons\u00e1gos ker\u00e9kp\u00e1r\u00fat, de megval\u00f3s\u00edthat\u00f3 egy zs\u00fafolt v\u00e1rosi k\u00f6rnyezetben? Kreat\u00edvnak kell hozz\u00e1 lenni, az biztos. A sv\u00e1jci start-up, az Urb-X p\u00e9ld\u00e1ul olyan utakat k\u00e9pzeld el, melyek a v\u00e1ros f\u00f6l\u00f6tt futnak, p\u00e9ld\u00e1ul a ma m\u00e1r nem haszn\u00e1lt vas\u00fati s\u00ednek hely\u00e9n. Hollandi\u00e1ban \u00e9s D\u00e1ni\u00e1ban pedig oszlopok tartj\u00e1k a magaslati bringas\u00e1vokat.<\/p>\n<h2><strong>Fenntarthat\u00f3 fel\u00fclj\u00e1r\u00f3k<\/strong><\/h2>\n<p>Az Urb-X elk\u00e9pzel\u00e9s\u00e9ben az az \u00fajdons\u00e1g, hogy az utak el\u0151re gy\u00e1rtott alkatr\u00e9szekb\u0151l \u00e9p\u00fclnek fel, melyek \u00fagy kapcsol\u00f3dnak egym\u00e1shoz, mint egy j\u00e1t\u00e9kvonat s\u00edndarabjai. R\u00e1ad\u00e1sul helyi f\u00e1b\u00f3l k\u00e9sz\u00fclnek, \u00edgy fenntarthat\u00f3ak \u00e9s olcs\u00f3bbak, mint a t\u00f6m\u00f6r betonszerkezetek. A hat\u00e9kony \u00e9s fenntarthat\u00f3 m\u0171k\u00f6d\u00e9s \u00e9rdek\u00e9ben a megemelt ker\u00e9kp\u00e1rutakat napelemekkel l\u00e1tj\u00e1k el, amelyek biztos\u00edtj\u00e1k az integr\u00e1lt vil\u00e1g\u00edt\u00e1shoz sz\u00fcks\u00e9ges energi\u00e1t \u00e9s a f\u0171t\u00e9st, ami megakad\u00e1lyozza, hogy a j\u00e9g \u00e9s a h\u00f3 \u00e9letvesz\u00e9lyess\u00e9 tegye a teker\u00e9st.<\/p>\n<p>J\u00f3l hangzik, nem? El is k\u00e9sz\u00fclt m\u00e1r az els\u0151 200 m\u00e9teres pr\u00f3baszakasz B\u00e1zelben, ezt pedig a n\u00e9met Stuttgart k\u00f6veti egy egy kilom\u00e9ter hossz\u00fa, szint\u00e9n Urb-X alkatr\u00e9szekb\u0151l \u00e9p\u00fclt \u00fattal. \u201c<em>Be akarjuk bizony\u00edtani, hogy lehets\u00e9ges\u201d<\/em> &#8211; mondta Winfried Kretschmann, Baden-W\u00fcttemberg minisztereln\u00f6ke.<\/p>\n<h2><strong>Napelemes bringautak<\/strong><\/h2>\n<figure id=\"attachment_16791\" aria-describedby=\"caption-attachment-16791\" style=\"width: 1000px\" class=\"wp-caption alignnone\"><a href=\"https:\/\/d2p6e6u75xmxt8.cloudfront.net\/12\/2023\/01\/Maartensdijk-profimedia-0621496818.webp\"><img loading=\"lazy\" decoding=\"async\" class=\"size-full wp-image-16791\" src=\"https:\/\/d2p6e6u75xmxt8.cloudfront.net\/12\/2023\/01\/Maartensdijk-profimedia-0621496818.webp\" alt=\"Maartensdijk\" width=\"1000\" height=\"694\" srcset=\"https:\/\/d2p6e6u75xmxt8.cloudfront.net\/12\/2023\/01\/Maartensdijk-profimedia-0621496818.webp 1000w, https:\/\/d2p6e6u75xmxt8.cloudfront.net\/12\/2023\/01\/Maartensdijk-profimedia-0621496818-300x208.webp 300w, https:\/\/d2p6e6u75xmxt8.cloudfront.net\/12\/2023\/01\/Maartensdijk-profimedia-0621496818-768x533.webp 768w\" sizes=\"auto, (max-width: 1000px) 100vw, 1000px\" \/><\/a><figcaption id=\"caption-attachment-16791\" class=\"wp-caption-text\"><em>A vil\u00e1g leghosszabb napelemes ker\u00e9kp\u00e1r\u00fatja Hollandi\u00e1ban tal\u00e1lhat\u00f3. \u00a9 Profimedia<\/em><\/figcaption><\/figure>\n<p>A ker\u00e9kp\u00e1rutak napelemekkel val\u00f3 kombin\u00e1l\u00e1sa nem \u00faj \u00f6tlet. 2014 \u00f3ta a SolaRoad c\u00e9g koncepci\u00f3ja alapj\u00e1n sz\u00e1mos teszt\u00fatvonal \u00e9p\u00fclt Hollandi\u00e1ban. A koncepci\u00f3 az, hogy a teljes \u00fat napelemekb\u0151l \u00e1ll. Az \u00f6tlet kritikusai azonban agg\u00f3dnak, hogy a napelemek megs\u00ednylik, ha k\u00f6zleked\u00fcnk rajtuk. Ebb\u0151l a szempontb\u00f3l az utakat m\u00e9g biztosan fejleszteni kell.<\/p>\n<p>M\u00e1sr\u00e9szt viszont a napelemek hat\u00e1sfoka m\u00e9g magasabb, mint azt el\u0151re gondolt\u00e1k a m\u00e9rn\u00f6k\u00f6k: egy 90 m\u00e9ter hossz\u00fa szakasz 73-93 kilowatt\u00f3ra \u00e1ramot termel, ami ak\u00e1r 12 h\u00e1ztart\u00e1s ell\u00e1t\u00e1s\u00e1ra is elegend\u0151 lehet! A SolaRoad alap\u00edt\u00f3i csak 50-70 kilowatt\u00f3r\u00e1val sz\u00e1moltak.<\/p>\n<h2><strong>Lehetne jobb<\/strong><\/h2>\n<p>A Shimano Europe \u00e9s a Visual Utopias egyik \u00fatt\u00f6r\u0151je, Jan Kamensky CGI-vide\u00f3k seg\u00edts\u00e9g\u00e9vel \u00fajratervezte a berlini Karl-Marx-Allee-t \u00e9s a londoni Marble Arch-ot, hogy megmutassa: lehet \u00e9lhet\u0151bb v\u00e1rosokat \u00e9p\u00edteni. A megl\u00e9v\u0151 utcaelemeket gyalog-\u00e9s ker\u00e9kp\u00e1rutakra cser\u00e9lt, valamint pihen\u0151-\u00e9s szabadid\u0151s ter\u00fcleteket is \u00e9p\u00edtett. A koncepci\u00f3k nagyszer\u0171ek, m\u00e1r csak az a k\u00e9rd\u00e9s, meg tudnak-e valaha val\u00f3sulni. Rem\u00e9lj\u00fck, hogy igen!<\/p>\n","protected":false},"excerpt":{"rendered":"<p>A legt\u00f6bb eur\u00f3pai v\u00e1rosban n\u00f6vekszik a naponta ing\u00e1z\u00f3k sz\u00e1ma, \u00e9s folyamatosan aktu\u00e1lis a k\u00e9rd\u00e9s, hogy mit lehetne tenni a ker\u00e9kp\u00e1rosok [&hellip;]<\/p>\n","protected":false},"author":71,"featured_media":16793,"comment_status":"open","ping_status":"open","sticky":false,"template":"","format":"standard","meta":{"footnotes":""},"categories":[9],"tags":[],"global-categories":[],"class_list":["post-16790","post","type-post","status-publish","format-standard","has-post-thumbnail","hentry","category-varosi-kerekparozas"],"yoast_head":"<!-- This site is optimized with the Yoast SEO Premium plugin v25.3 (Yoast SEO v25.9) - https:\/\/yoast.com\/wordpress\/plugins\/seo\/ -->\n<title>Ker\u00e9kp\u00e1rutak a j\u00f6v\u0151b\u0151l<\/title>\n<meta name=\"description\" content=\"A legt\u00f6bb eur\u00f3pai v\u00e1rosban n\u00f6vekszik a naponta ing\u00e1z\u00f3k sz\u00e1ma, \u00e9s folyamatosan aktu\u00e1lis a k\u00e9rd\u00e9s, hogy mit lehetne tenni a ker\u00e9kp\u00e1rosok biztons\u00e1g\u00e1\u00e9rt. Mivel a nagyv\u00e1rosokban hely sz\u0171k\u00e9ben vagyunk, a v\u00e1rostervez\u0151knek olyan megold\u00e1sokban kell gondolkodniuk, melyek illeszkednek ezekhez a k\u00f6r\u00fclm\u00e9nyekhez.\" \/>\n<meta name=\"robots\" content=\"index, follow, max-snippet:-1, max-image-preview:large, max-video-preview:-1\" \/>\n<link rel=\"canonical\" href=\"https:\/\/www.welovecycling.com\/hu\/varosi-kerekparozas\/kerekparutak-a-jovobol\/\" \/>\n<meta property=\"og:locale\" content=\"hu_HU\" \/>\n<meta property=\"og:type\" content=\"article\" \/>\n<meta property=\"og:title\" content=\"Ker\u00e9kp\u00e1rutak a j\u00f6v\u0151b\u0151l\" \/>\n<meta property=\"og:description\" content=\"A legt\u00f6bb eur\u00f3pai v\u00e1rosban n\u00f6vekszik a naponta ing\u00e1z\u00f3k sz\u00e1ma, \u00e9s folyamatosan aktu\u00e1lis a k\u00e9rd\u00e9s, hogy mit lehetne tenni a ker\u00e9kp\u00e1rosok biztons\u00e1g\u00e1\u00e9rt. Mivel a nagyv\u00e1rosokban hely sz\u0171k\u00e9ben vagyunk, a v\u00e1rostervez\u0151knek olyan megold\u00e1sokban kell gondolkodniuk, melyek illeszkednek ezekhez a k\u00f6r\u00fclm\u00e9nyekhez.\" \/>\n<meta property=\"og:url\" content=\"https:\/\/www.welovecycling.com\/hu\/varosi-kerekparozas\/kerekparutak-a-jovobol\/\" \/>\n<meta property=\"og:site_name\" content=\"\u0160koda We Love Cycling - Magyarorsz\u00e1g\" \/>\n<meta property=\"article:publisher\" content=\"https:\/\/www.facebook.com\/WeLoveCyclingHungary\/\" \/>\n<meta property=\"article:published_time\" content=\"2023-01-16T06:00:55+00:00\" \/>\n<meta property=\"og:image\" content=\"https:\/\/d2p6e6u75xmxt8.cloudfront.net\/12\/2023\/01\/Cykelschlangen-Cycle-Path-profimedia-0210883532-CVR.webp\" \/>\n\t<meta property=\"og:image:width\" content=\"990\" \/>\n\t<meta property=\"og:image:height\" content=\"660\" \/>\n\t<meta property=\"og:image:type\" content=\"image\/webp\" \/>\n<meta name=\"author\" content=\"hegyizs\" \/>\n<meta name=\"twitter:card\" content=\"summary_large_image\" \/>\n<meta name=\"twitter:label1\" content=\"Written by\" \/>\n\t<meta name=\"twitter:data1\" content=\"Adam Marsal\" \/>\n\t<meta name=\"twitter:label2\" content=\"Est. reading time\" \/>\n\t<meta name=\"twitter:data2\" content=\"5\" \/>\n<script type=\"application\/ld+json\" class=\"yoast-schema-graph\">{\"@context\":\"https:\/\/schema.org\",\"@graph\":[{\"@type\":\"WebPage\",\"@id\":\"https:\/\/www.welovecycling.com\/hu\/varosi-kerekparozas\/kerekparutak-a-jovobol\/\",\"url\":\"https:\/\/www.welovecycling.com\/hu\/varosi-kerekparozas\/kerekparutak-a-jovobol\/\",\"name\":\"Ker\u00e9kp\u00e1rutak a j\u00f6v\u0151b\u0151l\",\"isPartOf\":{\"@id\":\"https:\/\/www.welovecycling.com\/hu\/#website\"},\"primaryImageOfPage\":{\"@id\":\"https:\/\/www.welovecycling.com\/hu\/varosi-kerekparozas\/kerekparutak-a-jovobol\/#primaryimage\"},\"image\":{\"@id\":\"https:\/\/www.welovecycling.com\/hu\/varosi-kerekparozas\/kerekparutak-a-jovobol\/#primaryimage\"},\"thumbnailUrl\":\"https:\/\/d2p6e6u75xmxt8.cloudfront.net\/12\/2023\/01\/Cykelschlangen-Cycle-Path-profimedia-0210883532-CVR.webp\",\"datePublished\":\"2023-01-16T06:00:55+00:00\",\"author\":{\"@id\":\"https:\/\/www.welovecycling.com\/hu\/#\/schema\/person\/414a2aebf1801691a5320edb6468e194\"},\"description\":\"A legt\u00f6bb eur\u00f3pai v\u00e1rosban n\u00f6vekszik a naponta ing\u00e1z\u00f3k sz\u00e1ma, \u00e9s folyamatosan aktu\u00e1lis a k\u00e9rd\u00e9s, hogy mit lehetne tenni a ker\u00e9kp\u00e1rosok biztons\u00e1g\u00e1\u00e9rt. Mivel a nagyv\u00e1rosokban hely sz\u0171k\u00e9ben vagyunk, a v\u00e1rostervez\u0151knek olyan megold\u00e1sokban kell gondolkodniuk, melyek illeszkednek ezekhez a k\u00f6r\u00fclm\u00e9nyekhez.\",\"breadcrumb\":{\"@id\":\"https:\/\/www.welovecycling.com\/hu\/varosi-kerekparozas\/kerekparutak-a-jovobol\/#breadcrumb\"},\"inLanguage\":\"hu\",\"potentialAction\":[{\"@type\":\"ReadAction\",\"target\":[\"https:\/\/www.welovecycling.com\/hu\/varosi-kerekparozas\/kerekparutak-a-jovobol\/\"]}]},{\"@type\":\"ImageObject\",\"inLanguage\":\"hu\",\"@id\":\"https:\/\/www.welovecycling.com\/hu\/varosi-kerekparozas\/kerekparutak-a-jovobol\/#primaryimage\",\"url\":\"https:\/\/d2p6e6u75xmxt8.cloudfront.net\/12\/2023\/01\/Cykelschlangen-Cycle-Path-profimedia-0210883532-CVR.webp\",\"contentUrl\":\"https:\/\/d2p6e6u75xmxt8.cloudfront.net\/12\/2023\/01\/Cykelschlangen-Cycle-Path-profimedia-0210883532-CVR.webp\",\"width\":990,\"height\":660},{\"@type\":\"BreadcrumbList\",\"@id\":\"https:\/\/www.welovecycling.com\/hu\/varosi-kerekparozas\/kerekparutak-a-jovobol\/#breadcrumb\",\"itemListElement\":[{\"@type\":\"ListItem\",\"position\":1,\"name\":\"Home\",\"item\":\"https:\/\/www.welovecycling.com\/hu\/\"},{\"@type\":\"ListItem\",\"position\":2,\"name\":\"Ker\u00e9kp\u00e1rutak a j\u00f6v\u0151b\u0151l\"}]},{\"@type\":\"WebSite\",\"@id\":\"https:\/\/www.welovecycling.com\/hu\/#website\",\"url\":\"https:\/\/www.welovecycling.com\/hu\/\",\"name\":\"\u0160koda We Love Cycling - Magyarorsz\u00e1g\",\"description\":\"\u0160koda WeLoveCycling\",\"potentialAction\":[{\"@type\":\"SearchAction\",\"target\":{\"@type\":\"EntryPoint\",\"urlTemplate\":\"https:\/\/www.welovecycling.com\/hu\/?s={search_term_string}\"},\"query-input\":{\"@type\":\"PropertyValueSpecification\",\"valueRequired\":true,\"valueName\":\"search_term_string\"}}],\"inLanguage\":\"hu\"},{\"@type\":\"Person\",\"@id\":\"https:\/\/www.welovecycling.com\/hu\/#\/schema\/person\/414a2aebf1801691a5320edb6468e194\",\"name\":\"hegyizs\",\"image\":{\"@type\":\"ImageObject\",\"inLanguage\":\"hu\",\"@id\":\"https:\/\/www.welovecycling.com\/hu\/#\/schema\/person\/image\/\",\"url\":\"https:\/\/secure.gravatar.com\/avatar\/02cf8a7906b8cf90cecb4679defac7cfd33a1c2e3b88e4903d947f3bb58eedd3?s=96&d=mm&r=g\",\"contentUrl\":\"https:\/\/secure.gravatar.com\/avatar\/02cf8a7906b8cf90cecb4679defac7cfd33a1c2e3b88e4903d947f3bb58eedd3?s=96&d=mm&r=g\",\"caption\":\"hegyizs\"},\"url\":\"https:\/\/www.welovecycling.com\/hu\/author\/hegyizs\/\"}]}<\/script>\n<!-- \/ Yoast SEO Premium plugin. -->","yoast_head_json":{"title":"Ker\u00e9kp\u00e1rutak a j\u00f6v\u0151b\u0151l","description":"A legt\u00f6bb eur\u00f3pai v\u00e1rosban n\u00f6vekszik a naponta ing\u00e1z\u00f3k sz\u00e1ma, \u00e9s folyamatosan aktu\u00e1lis a k\u00e9rd\u00e9s, hogy mit lehetne tenni a ker\u00e9kp\u00e1rosok biztons\u00e1g\u00e1\u00e9rt. Mivel a nagyv\u00e1rosokban hely sz\u0171k\u00e9ben vagyunk, a v\u00e1rostervez\u0151knek olyan megold\u00e1sokban kell gondolkodniuk, melyek illeszkednek ezekhez a k\u00f6r\u00fclm\u00e9nyekhez.","robots":{"index":"index","follow":"follow","max-snippet":"max-snippet:-1","max-image-preview":"max-image-preview:large","max-video-preview":"max-video-preview:-1"},"canonical":"https:\/\/www.welovecycling.com\/hu\/varosi-kerekparozas\/kerekparutak-a-jovobol\/","og_locale":"hu_HU","og_type":"article","og_title":"Ker\u00e9kp\u00e1rutak a j\u00f6v\u0151b\u0151l","og_description":"A legt\u00f6bb eur\u00f3pai v\u00e1rosban n\u00f6vekszik a naponta ing\u00e1z\u00f3k sz\u00e1ma, \u00e9s folyamatosan aktu\u00e1lis a k\u00e9rd\u00e9s, hogy mit lehetne tenni a ker\u00e9kp\u00e1rosok biztons\u00e1g\u00e1\u00e9rt. Mivel a nagyv\u00e1rosokban hely sz\u0171k\u00e9ben vagyunk, a v\u00e1rostervez\u0151knek olyan megold\u00e1sokban kell gondolkodniuk, melyek illeszkednek ezekhez a k\u00f6r\u00fclm\u00e9nyekhez.","og_url":"https:\/\/www.welovecycling.com\/hu\/varosi-kerekparozas\/kerekparutak-a-jovobol\/","og_site_name":"\u0160koda We Love Cycling - Magyarorsz\u00e1g","article_publisher":"https:\/\/www.facebook.com\/WeLoveCyclingHungary\/","article_published_time":"2023-01-16T06:00:55+00:00","og_image":[{"width":990,"height":660,"url":"https:\/\/d2p6e6u75xmxt8.cloudfront.net\/12\/2023\/01\/Cykelschlangen-Cycle-Path-profimedia-0210883532-CVR.webp","type":"image\/webp"}],"author":"hegyizs","twitter_card":"summary_large_image","twitter_misc":{"Written by":"Adam Marsal","Est. reading time":"5"},"schema":{"@context":"https:\/\/schema.org","@graph":[{"@type":"WebPage","@id":"https:\/\/www.welovecycling.com\/hu\/varosi-kerekparozas\/kerekparutak-a-jovobol\/","url":"https:\/\/www.welovecycling.com\/hu\/varosi-kerekparozas\/kerekparutak-a-jovobol\/","name":"Ker\u00e9kp\u00e1rutak a j\u00f6v\u0151b\u0151l","isPartOf":{"@id":"https:\/\/www.welovecycling.com\/hu\/#website"},"primaryImageOfPage":{"@id":"https:\/\/www.welovecycling.com\/hu\/varosi-kerekparozas\/kerekparutak-a-jovobol\/#primaryimage"},"image":{"@id":"https:\/\/www.welovecycling.com\/hu\/varosi-kerekparozas\/kerekparutak-a-jovobol\/#primaryimage"},"thumbnailUrl":"https:\/\/d2p6e6u75xmxt8.cloudfront.net\/12\/2023\/01\/Cykelschlangen-Cycle-Path-profimedia-0210883532-CVR.webp","datePublished":"2023-01-16T06:00:55+00:00","author":{"@id":"https:\/\/www.welovecycling.com\/hu\/#\/schema\/person\/414a2aebf1801691a5320edb6468e194"},"description":"A legt\u00f6bb eur\u00f3pai v\u00e1rosban n\u00f6vekszik a naponta ing\u00e1z\u00f3k sz\u00e1ma, \u00e9s folyamatosan aktu\u00e1lis a k\u00e9rd\u00e9s, hogy mit lehetne tenni a ker\u00e9kp\u00e1rosok biztons\u00e1g\u00e1\u00e9rt. Mivel a nagyv\u00e1rosokban hely sz\u0171k\u00e9ben vagyunk, a v\u00e1rostervez\u0151knek olyan megold\u00e1sokban kell gondolkodniuk, melyek illeszkednek ezekhez a k\u00f6r\u00fclm\u00e9nyekhez.","breadcrumb":{"@id":"https:\/\/www.welovecycling.com\/hu\/varosi-kerekparozas\/kerekparutak-a-jovobol\/#breadcrumb"},"inLanguage":"hu","potentialAction":[{"@type":"ReadAction","target":["https:\/\/www.welovecycling.com\/hu\/varosi-kerekparozas\/kerekparutak-a-jovobol\/"]}]},{"@type":"ImageObject","inLanguage":"hu","@id":"https:\/\/www.welovecycling.com\/hu\/varosi-kerekparozas\/kerekparutak-a-jovobol\/#primaryimage","url":"https:\/\/d2p6e6u75xmxt8.cloudfront.net\/12\/2023\/01\/Cykelschlangen-Cycle-Path-profimedia-0210883532-CVR.webp","contentUrl":"https:\/\/d2p6e6u75xmxt8.cloudfront.net\/12\/2023\/01\/Cykelschlangen-Cycle-Path-profimedia-0210883532-CVR.webp","width":990,"height":660},{"@type":"BreadcrumbList","@id":"https:\/\/www.welovecycling.com\/hu\/varosi-kerekparozas\/kerekparutak-a-jovobol\/#breadcrumb","itemListElement":[{"@type":"ListItem","position":1,"name":"Home","item":"https:\/\/www.welovecycling.com\/hu\/"},{"@type":"ListItem","position":2,"name":"Ker\u00e9kp\u00e1rutak a j\u00f6v\u0151b\u0151l"}]},{"@type":"WebSite","@id":"https:\/\/www.welovecycling.com\/hu\/#website","url":"https:\/\/www.welovecycling.com\/hu\/","name":"\u0160koda We Love Cycling - Magyarorsz\u00e1g","description":"\u0160koda WeLoveCycling","potentialAction":[{"@type":"SearchAction","target":{"@type":"EntryPoint","urlTemplate":"https:\/\/www.welovecycling.com\/hu\/?s={search_term_string}"},"query-input":{"@type":"PropertyValueSpecification","valueRequired":true,"valueName":"search_term_string"}}],"inLanguage":"hu"},{"@type":"Person","@id":"https:\/\/www.welovecycling.com\/hu\/#\/schema\/person\/414a2aebf1801691a5320edb6468e194","name":"hegyizs","image":{"@type":"ImageObject","inLanguage":"hu","@id":"https:\/\/www.welovecycling.com\/hu\/#\/schema\/person\/image\/","url":"https:\/\/secure.gravatar.com\/avatar\/02cf8a7906b8cf90cecb4679defac7cfd33a1c2e3b88e4903d947f3bb58eedd3?s=96&d=mm&r=g","contentUrl":"https:\/\/secure.gravatar.com\/avatar\/02cf8a7906b8cf90cecb4679defac7cfd33a1c2e3b88e4903d947f3bb58eedd3?s=96&d=mm&r=g","caption":"hegyizs"},"url":"https:\/\/www.welovecycling.com\/hu\/author\/hegyizs\/"}]}},"_links":{"self":[{"href":"https:\/\/www.welovecycling.com\/hu\/wp-json\/wp\/v2\/posts\/16790","targetHints":{"allow":["GET"]}}],"collection":[{"href":"https:\/\/www.welovecycling.com\/hu\/wp-json\/wp\/v2\/posts"}],"about":[{"href":"https:\/\/www.welovecycling.com\/hu\/wp-json\/wp\/v2\/types\/post"}],"author":[{"embeddable":true,"href":"https:\/\/www.welovecycling.com\/hu\/wp-json\/wp\/v2\/users\/71"}],"replies":[{"embeddable":true,"href":"https:\/\/www.welovecycling.com\/hu\/wp-json\/wp\/v2\/comments?post=16790"}],"version-history":[{"count":2,"href":"https:\/\/www.welovecycling.com\/hu\/wp-json\/wp\/v2\/posts\/16790\/revisions"}],"predecessor-version":[{"id":16819,"href":"https:\/\/www.welovecycling.com\/hu\/wp-json\/wp\/v2\/posts\/16790\/revisions\/16819"}],"wp:featuredmedia":[{"embeddable":true,"href":"https:\/\/www.welovecycling.com\/hu\/wp-json\/wp\/v2\/media\/16793"}],"wp:attachment":[{"href":"https:\/\/www.welovecycling.com\/hu\/wp-json\/wp\/v2\/media?parent=16790"}],"wp:term":[{"taxonomy":"category","embeddable":true,"href":"https:\/\/www.welovecycling.com\/hu\/wp-json\/wp\/v2\/categories?post=16790"},{"taxonomy":"post_tag","embeddable":true,"href":"https:\/\/www.welovecycling.com\/hu\/wp-json\/wp\/v2\/tags?post=16790"},{"taxonomy":"global-categories","embeddable":true,"href":"https:\/\/www.welovecycling.com\/hu\/wp-json\/wp\/v2\/global-categories?post=16790"}],"curies":[{"name":"wp","href":"https:\/\/api.w.org\/{rel}","templated":true}]}}