{"id":16783,"date":"2023-01-12T16:54:42","date_gmt":"2023-01-12T14:54:42","guid":{"rendered":"https:\/\/www.welovecycling.com\/hu\/?p=16783"},"modified":"2023-01-12T16:54:42","modified_gmt":"2023-01-12T14:54:42","slug":"ujra-sprinterparade-a-tour-de-hongrie-n-valter-attila-az-egynapos-klasszikusokra-koncentral-iden","status":"publish","type":"post","link":"https:\/\/www.welovecycling.com\/hu\/uncategorized\/ujra-sprinterparade-a-tour-de-hongrie-n-valter-attila-az-egynapos-klasszikusokra-koncentral-iden\/","title":{"rendered":"\u00dajra sprinterpar\u00e1d\u00e9 a Tour de Hongrie-n, Valter Attila az egynapos klasszikusokra koncentr\u00e1l id\u00e9n"},"content":{"rendered":"<p><strong>2023-ban sem fognak unatkozni a magyar bringakedvel\u0151k: a Magyar K\u00f6rverseny id\u00e9n Szentgotth\u00e1rdr\u00f3l indul, v\u00e1rhat\u00f3an ism\u00e9t szt\u00e1rsprinterekkel kit\u00f6mve, mik\u00f6zben legjobbunk, Valter Attila programterve is k\u00f6rvonalaz\u00f3dik.<\/strong><\/p>\n<p><!--more--><\/p>\n<p>A tavalyi Tour de Hongrie mez\u0151ny\u00e9t l\u00e1tva elmondhattuk \u2013 \u00e9s maga a f\u0151szervez\u0151 Eisenkrammer K\u00e1roly el is mondta <a href=\"https:\/\/www.welovecycling.com\/hu\/tdh2022\/eisenkrammer-karoly-a-tdh-foszervezoje-oromkonnyek-es-a-verseny-jovoje-wlc-x-skoda-podcast\/\">podcast-sorozatunkban<\/a> \u2013, hogy enn\u00e9l feljebb a mi szint\u00fcnk\u00f6n m\u00e1r nem vezet az \u00fat: az, hogy olyan szt\u00e1rsprinterek v\u00e1lasztott\u00e1k Tour de France-felk\u00e9sz\u00fcl\u00e9s\u00fck egyik \u00e1llom\u00e1s\u00e1ul Magyarorsz\u00e1got, mint Fabio Jakobsen, Dylan Groenewegen, vagy Elia Viviani (el\u0151bbi kett\u0151 azt\u00e1n a Touron is nyert szakaszt), cs\u00facsteljes\u00edtm\u00e9ny a magyar k\u00f6rversenyt illet\u0151en.<\/p>\n<figure id=\"attachment_16785\" aria-describedby=\"caption-attachment-16785\" style=\"width: 1200px\" class=\"wp-caption alignnone\"><a href=\"https:\/\/d2p6e6u75xmxt8.cloudfront.net\/12\/2023\/01\/220514-174323_TDH4sz_HZS_9439.webp\"><img loading=\"lazy\" decoding=\"async\" class=\"size-full wp-image-16785\" src=\"https:\/\/d2p6e6u75xmxt8.cloudfront.net\/12\/2023\/01\/220514-174323_TDH4sz_HZS_9439.webp\" alt=\"\" width=\"1200\" height=\"800\" srcset=\"https:\/\/d2p6e6u75xmxt8.cloudfront.net\/12\/2023\/01\/220514-174323_TDH4sz_HZS_9439.webp 1200w, https:\/\/d2p6e6u75xmxt8.cloudfront.net\/12\/2023\/01\/220514-174323_TDH4sz_HZS_9439-300x200.webp 300w, https:\/\/d2p6e6u75xmxt8.cloudfront.net\/12\/2023\/01\/220514-174323_TDH4sz_HZS_9439-1024x683.webp 1024w, https:\/\/d2p6e6u75xmxt8.cloudfront.net\/12\/2023\/01\/220514-174323_TDH4sz_HZS_9439-768x512.webp 768w, https:\/\/d2p6e6u75xmxt8.cloudfront.net\/12\/2023\/01\/220514-174323_TDH4sz_HZS_9439-272x182.webp 272w\" sizes=\"auto, (max-width: 1200px) 100vw, 1200px\" \/><\/a><figcaption id=\"caption-attachment-16785\" class=\"wp-caption-text\">fot\u00f3: Halm\u00e1gyi Zsolt \/TDH<\/figcaption><\/figure>\n<p>Eisenkrammer K\u00e1roly ezt most meger\u0151s\u00edtette a napokban az M4 Sportnak adott interj\u00faj\u00e1ban is, ahol t\u00f6bbek k\u00f6z\u00f6tt ler\u00e1ntotta a leplet az idei rajtv\u00e1rosr\u00f3l is: 2023. m\u00e1jus 10-\u00e9n a nyugati hat\u00e1rv\u00e1rosr\u00f3l, Szentgotth\u00e1rdr\u00f3l indul nemzeti ker\u00e9kp\u00e1rverseny\u00fcnk! A f\u0151szervez\u0151 annyit m\u00e9g el\u00e1rult, hogy az id\u00e9n 150. \u201esz\u00fclet\u00e9snapj\u00e1t\u201d \u00fcnnepl\u0151 Budapestet sem ker\u00fcli el a TdH \u00fatvonala, amely az elm\u00falt \u00e9vekben jellemz\u0151en ink\u00e1bb a keleti r\u00e9gi\u00f3kra koncentr\u00e1lt, id\u00e9n viszont a Dun\u00e1nt\u00fal lesz a hangs\u00falyosabb. Eisenkrammer, b\u00e1r konkr\u00e9t neveket egyel\u0151re nem mondott, hozz\u00e1tette, hogy ez\u00fattal is a tavalyihoz hasonl\u00f3 sprinterpar\u00e1d\u00e9t v\u00e1rhatunk: <em>\u201eAki 2023 m\u00e1jus\u00e1ban a vil\u00e1g legjobb sprintereivel akar meccselni, az nem a Gir\u00f3n indul, hanem a Tour de Hongrie-n<\/em>. <em>Nagyon sokat dolgozunk azon, hogy p\u00e9ld\u00e1ul Dina M\u00e1rton, Fetter Erik, vagy Valter Attila csapat\u00e1t meggy\u0151zz\u00fck, hogy elj\u00f6hessenek a versenyre, de az a furcsa helyzet \u00e1llt el\u0151, hogy Tour-szakaszgy\u0151zteseket hamarabb tudunk elh\u00edvni, mint magyar szt\u00e1rokat\u201d<\/em>\u00a0\u2013 jelentette ki.<\/p>\n<p>Hogy \u201emagyar-\u00fcgyben\u201d sikerrel j\u00e1r-e v\u00e9g\u00fcl a szervez\u0151i st\u00e1b, egyel\u0151re nem tudni, az viszont ugyancsak \u00f6r\u00f6mteli \u00faj fejlem\u00e9ny, hogy Valter Attila n\u00e9h\u00e1ny fontosabb versenye m\u00e1ris konkretiz\u00e1l\u00f3dott. A vil\u00e1g legjobb csapat\u00e1hoz, a Jumbo-Vism\u00e1hoz csatlakoz\u00f3 klasszisunk az M1-nek elmondta, jelenleg az idei esztend\u0151 els\u0151 f\u00e9l\u00e9v\u00e9ben biztosan az egynapos versenyek jelentik majd a f\u0151 profilj\u00e1t: az id\u00e9nynyit\u00f3 Gran Camin\u00f3t k\u00f6vet\u0151en j\u00f6het ism\u00e9t a Strade Bianche (ahol tavaly szenz\u00e1ci\u00f3s 4. helyet szerzett), majd a Mil\u00e1n\u00f3\u2013Sanremo, az Amstel Gold Race, a La Fleche Wallonne \u00e9s a Liege\u2013Bastogne\u2013Liege \u2013 vagyis csupa nagy hagyom\u00e1ny\u00fa preszt\u00edzsverseny. Atti hozz\u00e1tette, ezek miatt szinte bizonyosan kimarad neki id\u00e9n a Giro \u00e9s Tour is (hogy az \u00e9v utols\u00f3 h\u00e1romhetes\u00e9re, a Vuelt\u00e1ra elviszik-e, m\u00e9g korai lenne j\u00f3solgatni), de \u00faj csapat\u00e1ban \u00edgy is nagyon j\u00f3l \u00e9rzi mag\u00e1t, a t\u00e1rsakkal gyorsan \u00f6sszeszokott, a felk\u00e9sz\u00fcl\u00e9s nagyon \u00e1tgondolt, a csapatkommunik\u00e1ci\u00f3 pedig kiemelked\u0151.<\/p>\n<figure id=\"attachment_16786\" aria-describedby=\"caption-attachment-16786\" style=\"width: 1531px\" class=\"wp-caption alignnone\"><a href=\"https:\/\/d2p6e6u75xmxt8.cloudfront.net\/12\/2023\/01\/319279802_714334496594354_7010571349759746830_n.webp\"><img loading=\"lazy\" decoding=\"async\" class=\"size-full wp-image-16786\" src=\"https:\/\/d2p6e6u75xmxt8.cloudfront.net\/12\/2023\/01\/319279802_714334496594354_7010571349759746830_n.webp\" alt=\"\" width=\"1531\" height=\"1229\" srcset=\"https:\/\/d2p6e6u75xmxt8.cloudfront.net\/12\/2023\/01\/319279802_714334496594354_7010571349759746830_n.webp 1531w, https:\/\/d2p6e6u75xmxt8.cloudfront.net\/12\/2023\/01\/319279802_714334496594354_7010571349759746830_n-300x241.webp 300w, https:\/\/d2p6e6u75xmxt8.cloudfront.net\/12\/2023\/01\/319279802_714334496594354_7010571349759746830_n-1024x822.webp 1024w, https:\/\/d2p6e6u75xmxt8.cloudfront.net\/12\/2023\/01\/319279802_714334496594354_7010571349759746830_n-768x617.webp 768w\" sizes=\"auto, (max-width: 1531px) 100vw, 1531px\" \/><\/a><figcaption id=\"caption-attachment-16786\" class=\"wp-caption-text\">fot\u00f3: Facebook\/Valter Attila<\/figcaption><\/figure>\n<p>&nbsp;<\/p>\n","protected":false},"excerpt":{"rendered":"<p>2023-ban sem fognak unatkozni a magyar bringakedvel\u0151k: a Magyar K\u00f6rverseny id\u00e9n Szentgotth\u00e1rdr\u00f3l indul, v\u00e1rhat\u00f3an ism\u00e9t szt\u00e1rsprinterekkel kit\u00f6mve, mik\u00f6zben legjobbunk, Valter [&hellip;]<\/p>\n","protected":false},"author":145,"featured_media":16787,"comment_status":"open","ping_status":"open","sticky":false,"template":"","format":"standard","meta":{"footnotes":""},"categories":[1],"tags":[],"global-categories":[419],"class_list":["post-16783","post","type-post","status-publish","format-standard","has-post-thumbnail","hentry","category-uncategorized","global-categories-cycling"],"yoast_head":"<!-- This site is optimized with the Yoast SEO Premium plugin v25.3 (Yoast SEO v25.9) - https:\/\/yoast.com\/wordpress\/plugins\/seo\/ -->\n<title>\u00dajra sprinterpar\u00e1d\u00e9 a Tour de Hongrie-n, Valter Attila az egynapos klasszikusokra koncentr\u00e1l id\u00e9n - \u0160koda We Love Cycling - Magyarorsz\u00e1g<\/title>\n<meta name=\"robots\" content=\"index, follow, max-snippet:-1, max-image-preview:large, max-video-preview:-1\" \/>\n<link rel=\"canonical\" href=\"https:\/\/www.welovecycling.com\/hu\/uncategorized\/ujra-sprinterparade-a-tour-de-hongrie-n-valter-attila-az-egynapos-klasszikusokra-koncentral-iden\/\" \/>\n<meta property=\"og:locale\" content=\"hu_HU\" \/>\n<meta property=\"og:type\" content=\"article\" \/>\n<meta property=\"og:title\" content=\"\u00dajra sprinterpar\u00e1d\u00e9 a Tour de Hongrie-n, Valter Attila az egynapos klasszikusokra koncentr\u00e1l id\u00e9n\" \/>\n<meta property=\"og:description\" content=\"2023-ban sem fognak unatkozni a magyar bringakedvel\u0151k: a Magyar K\u00f6rverseny id\u00e9n Szentgotth\u00e1rdr\u00f3l indul, v\u00e1rhat\u00f3an ism\u00e9t szt\u00e1rsprinterekkel kit\u00f6mve, mik\u00f6zben legjobbunk, Valter [&hellip;]\" \/>\n<meta property=\"og:url\" content=\"https:\/\/www.welovecycling.com\/hu\/uncategorized\/ujra-sprinterparade-a-tour-de-hongrie-n-valter-attila-az-egynapos-klasszikusokra-koncentral-iden\/\" \/>\n<meta property=\"og:site_name\" content=\"\u0160koda We Love Cycling - Magyarorsz\u00e1g\" \/>\n<meta property=\"article:publisher\" content=\"https:\/\/www.facebook.com\/WeLoveCyclingHungary\/\" \/>\n<meta property=\"article:published_time\" content=\"2023-01-12T14:54:42+00:00\" \/>\n<meta property=\"og:image\" content=\"https:\/\/d2p6e6u75xmxt8.cloudfront.net\/12\/2023\/01\/hongrie.webp\" \/>\n\t<meta property=\"og:image:width\" content=\"900\" \/>\n\t<meta property=\"og:image:height\" content=\"450\" \/>\n\t<meta property=\"og:image:type\" content=\"image\/webp\" \/>\n<meta name=\"author\" content=\"kitti\" \/>\n<meta name=\"twitter:card\" content=\"summary_large_image\" \/>\n<meta name=\"twitter:label1\" content=\"Written by\" \/>\n\t<meta name=\"twitter:data1\" content=\"We Love Cycling\" \/>\n\t<meta name=\"twitter:label2\" content=\"Est. reading time\" \/>\n\t<meta name=\"twitter:data2\" content=\"3 minutes\" \/>\n<script type=\"application\/ld+json\" class=\"yoast-schema-graph\">{\"@context\":\"https:\/\/schema.org\",\"@graph\":[{\"@type\":\"WebPage\",\"@id\":\"https:\/\/www.welovecycling.com\/hu\/uncategorized\/ujra-sprinterparade-a-tour-de-hongrie-n-valter-attila-az-egynapos-klasszikusokra-koncentral-iden\/\",\"url\":\"https:\/\/www.welovecycling.com\/hu\/uncategorized\/ujra-sprinterparade-a-tour-de-hongrie-n-valter-attila-az-egynapos-klasszikusokra-koncentral-iden\/\",\"name\":\"\u00dajra sprinterpar\u00e1d\u00e9 a Tour de Hongrie-n, Valter Attila az egynapos klasszikusokra koncentr\u00e1l id\u00e9n - \u0160koda We Love Cycling - Magyarorsz\u00e1g\",\"isPartOf\":{\"@id\":\"https:\/\/www.welovecycling.com\/hu\/#website\"},\"primaryImageOfPage\":{\"@id\":\"https:\/\/www.welovecycling.com\/hu\/uncategorized\/ujra-sprinterparade-a-tour-de-hongrie-n-valter-attila-az-egynapos-klasszikusokra-koncentral-iden\/#primaryimage\"},\"image\":{\"@id\":\"https:\/\/www.welovecycling.com\/hu\/uncategorized\/ujra-sprinterparade-a-tour-de-hongrie-n-valter-attila-az-egynapos-klasszikusokra-koncentral-iden\/#primaryimage\"},\"thumbnailUrl\":\"https:\/\/d2p6e6u75xmxt8.cloudfront.net\/12\/2023\/01\/hongrie.webp\",\"datePublished\":\"2023-01-12T14:54:42+00:00\",\"author\":{\"@id\":\"https:\/\/www.welovecycling.com\/hu\/#\/schema\/person\/bec7dcdbcc59f58489cf603e4040ced1\"},\"breadcrumb\":{\"@id\":\"https:\/\/www.welovecycling.com\/hu\/uncategorized\/ujra-sprinterparade-a-tour-de-hongrie-n-valter-attila-az-egynapos-klasszikusokra-koncentral-iden\/#breadcrumb\"},\"inLanguage\":\"hu\",\"potentialAction\":[{\"@type\":\"ReadAction\",\"target\":[\"https:\/\/www.welovecycling.com\/hu\/uncategorized\/ujra-sprinterparade-a-tour-de-hongrie-n-valter-attila-az-egynapos-klasszikusokra-koncentral-iden\/\"]}]},{\"@type\":\"ImageObject\",\"inLanguage\":\"hu\",\"@id\":\"https:\/\/www.welovecycling.com\/hu\/uncategorized\/ujra-sprinterparade-a-tour-de-hongrie-n-valter-attila-az-egynapos-klasszikusokra-koncentral-iden\/#primaryimage\",\"url\":\"https:\/\/d2p6e6u75xmxt8.cloudfront.net\/12\/2023\/01\/hongrie.webp\",\"contentUrl\":\"https:\/\/d2p6e6u75xmxt8.cloudfront.net\/12\/2023\/01\/hongrie.webp\",\"width\":900,\"height\":450},{\"@type\":\"BreadcrumbList\",\"@id\":\"https:\/\/www.welovecycling.com\/hu\/uncategorized\/ujra-sprinterparade-a-tour-de-hongrie-n-valter-attila-az-egynapos-klasszikusokra-koncentral-iden\/#breadcrumb\",\"itemListElement\":[{\"@type\":\"ListItem\",\"position\":1,\"name\":\"Home\",\"item\":\"https:\/\/www.welovecycling.com\/hu\/\"},{\"@type\":\"ListItem\",\"position\":2,\"name\":\"\u00dajra sprinterpar\u00e1d\u00e9 a Tour de Hongrie-n, Valter Attila az egynapos klasszikusokra koncentr\u00e1l id\u00e9n\"}]},{\"@type\":\"WebSite\",\"@id\":\"https:\/\/www.welovecycling.com\/hu\/#website\",\"url\":\"https:\/\/www.welovecycling.com\/hu\/\",\"name\":\"\u0160koda We Love Cycling - Magyarorsz\u00e1g\",\"description\":\"\u0160koda WeLoveCycling\",\"potentialAction\":[{\"@type\":\"SearchAction\",\"target\":{\"@type\":\"EntryPoint\",\"urlTemplate\":\"https:\/\/www.welovecycling.com\/hu\/?s={search_term_string}\"},\"query-input\":{\"@type\":\"PropertyValueSpecification\",\"valueRequired\":true,\"valueName\":\"search_term_string\"}}],\"inLanguage\":\"hu\"},{\"@type\":\"Person\",\"@id\":\"https:\/\/www.welovecycling.com\/hu\/#\/schema\/person\/bec7dcdbcc59f58489cf603e4040ced1\",\"name\":\"kitti\",\"image\":{\"@type\":\"ImageObject\",\"inLanguage\":\"hu\",\"@id\":\"https:\/\/www.welovecycling.com\/hu\/#\/schema\/person\/image\/\",\"url\":\"https:\/\/secure.gravatar.com\/avatar\/e3196a110e1b57b96f56d92d10ce9bb4e9d7210076832a16243337e949410b52?s=96&d=mm&r=g\",\"contentUrl\":\"https:\/\/secure.gravatar.com\/avatar\/e3196a110e1b57b96f56d92d10ce9bb4e9d7210076832a16243337e949410b52?s=96&d=mm&r=g\",\"caption\":\"kitti\"},\"url\":\"https:\/\/www.welovecycling.com\/hu\/author\/kitti\/\"}]}<\/script>\n<!-- \/ Yoast SEO Premium plugin. -->","yoast_head_json":{"title":"\u00dajra sprinterpar\u00e1d\u00e9 a Tour de Hongrie-n, Valter Attila az egynapos klasszikusokra koncentr\u00e1l id\u00e9n - \u0160koda We Love Cycling - Magyarorsz\u00e1g","robots":{"index":"index","follow":"follow","max-snippet":"max-snippet:-1","max-image-preview":"max-image-preview:large","max-video-preview":"max-video-preview:-1"},"canonical":"https:\/\/www.welovecycling.com\/hu\/uncategorized\/ujra-sprinterparade-a-tour-de-hongrie-n-valter-attila-az-egynapos-klasszikusokra-koncentral-iden\/","og_locale":"hu_HU","og_type":"article","og_title":"\u00dajra sprinterpar\u00e1d\u00e9 a Tour de Hongrie-n, Valter Attila az egynapos klasszikusokra koncentr\u00e1l id\u00e9n","og_description":"2023-ban sem fognak unatkozni a magyar bringakedvel\u0151k: a Magyar K\u00f6rverseny id\u00e9n Szentgotth\u00e1rdr\u00f3l indul, v\u00e1rhat\u00f3an ism\u00e9t szt\u00e1rsprinterekkel kit\u00f6mve, mik\u00f6zben legjobbunk, Valter [&hellip;]","og_url":"https:\/\/www.welovecycling.com\/hu\/uncategorized\/ujra-sprinterparade-a-tour-de-hongrie-n-valter-attila-az-egynapos-klasszikusokra-koncentral-iden\/","og_site_name":"\u0160koda We Love Cycling - Magyarorsz\u00e1g","article_publisher":"https:\/\/www.facebook.com\/WeLoveCyclingHungary\/","article_published_time":"2023-01-12T14:54:42+00:00","og_image":[{"width":900,"height":450,"url":"https:\/\/d2p6e6u75xmxt8.cloudfront.net\/12\/2023\/01\/hongrie.webp","type":"image\/webp"}],"author":"kitti","twitter_card":"summary_large_image","twitter_misc":{"Written by":"We Love Cycling","Est. reading time":"3 minutes"},"schema":{"@context":"https:\/\/schema.org","@graph":[{"@type":"WebPage","@id":"https:\/\/www.welovecycling.com\/hu\/uncategorized\/ujra-sprinterparade-a-tour-de-hongrie-n-valter-attila-az-egynapos-klasszikusokra-koncentral-iden\/","url":"https:\/\/www.welovecycling.com\/hu\/uncategorized\/ujra-sprinterparade-a-tour-de-hongrie-n-valter-attila-az-egynapos-klasszikusokra-koncentral-iden\/","name":"\u00dajra sprinterpar\u00e1d\u00e9 a Tour de Hongrie-n, Valter Attila az egynapos klasszikusokra koncentr\u00e1l id\u00e9n - \u0160koda We Love Cycling - Magyarorsz\u00e1g","isPartOf":{"@id":"https:\/\/www.welovecycling.com\/hu\/#website"},"primaryImageOfPage":{"@id":"https:\/\/www.welovecycling.com\/hu\/uncategorized\/ujra-sprinterparade-a-tour-de-hongrie-n-valter-attila-az-egynapos-klasszikusokra-koncentral-iden\/#primaryimage"},"image":{"@id":"https:\/\/www.welovecycling.com\/hu\/uncategorized\/ujra-sprinterparade-a-tour-de-hongrie-n-valter-attila-az-egynapos-klasszikusokra-koncentral-iden\/#primaryimage"},"thumbnailUrl":"https:\/\/d2p6e6u75xmxt8.cloudfront.net\/12\/2023\/01\/hongrie.webp","datePublished":"2023-01-12T14:54:42+00:00","author":{"@id":"https:\/\/www.welovecycling.com\/hu\/#\/schema\/person\/bec7dcdbcc59f58489cf603e4040ced1"},"breadcrumb":{"@id":"https:\/\/www.welovecycling.com\/hu\/uncategorized\/ujra-sprinterparade-a-tour-de-hongrie-n-valter-attila-az-egynapos-klasszikusokra-koncentral-iden\/#breadcrumb"},"inLanguage":"hu","potentialAction":[{"@type":"ReadAction","target":["https:\/\/www.welovecycling.com\/hu\/uncategorized\/ujra-sprinterparade-a-tour-de-hongrie-n-valter-attila-az-egynapos-klasszikusokra-koncentral-iden\/"]}]},{"@type":"ImageObject","inLanguage":"hu","@id":"https:\/\/www.welovecycling.com\/hu\/uncategorized\/ujra-sprinterparade-a-tour-de-hongrie-n-valter-attila-az-egynapos-klasszikusokra-koncentral-iden\/#primaryimage","url":"https:\/\/d2p6e6u75xmxt8.cloudfront.net\/12\/2023\/01\/hongrie.webp","contentUrl":"https:\/\/d2p6e6u75xmxt8.cloudfront.net\/12\/2023\/01\/hongrie.webp","width":900,"height":450},{"@type":"BreadcrumbList","@id":"https:\/\/www.welovecycling.com\/hu\/uncategorized\/ujra-sprinterparade-a-tour-de-hongrie-n-valter-attila-az-egynapos-klasszikusokra-koncentral-iden\/#breadcrumb","itemListElement":[{"@type":"ListItem","position":1,"name":"Home","item":"https:\/\/www.welovecycling.com\/hu\/"},{"@type":"ListItem","position":2,"name":"\u00dajra sprinterpar\u00e1d\u00e9 a Tour de Hongrie-n, Valter Attila az egynapos klasszikusokra koncentr\u00e1l id\u00e9n"}]},{"@type":"WebSite","@id":"https:\/\/www.welovecycling.com\/hu\/#website","url":"https:\/\/www.welovecycling.com\/hu\/","name":"\u0160koda We Love Cycling - Magyarorsz\u00e1g","description":"\u0160koda WeLoveCycling","potentialAction":[{"@type":"SearchAction","target":{"@type":"EntryPoint","urlTemplate":"https:\/\/www.welovecycling.com\/hu\/?s={search_term_string}"},"query-input":{"@type":"PropertyValueSpecification","valueRequired":true,"valueName":"search_term_string"}}],"inLanguage":"hu"},{"@type":"Person","@id":"https:\/\/www.welovecycling.com\/hu\/#\/schema\/person\/bec7dcdbcc59f58489cf603e4040ced1","name":"kitti","image":{"@type":"ImageObject","inLanguage":"hu","@id":"https:\/\/www.welovecycling.com\/hu\/#\/schema\/person\/image\/","url":"https:\/\/secure.gravatar.com\/avatar\/e3196a110e1b57b96f56d92d10ce9bb4e9d7210076832a16243337e949410b52?s=96&d=mm&r=g","contentUrl":"https:\/\/secure.gravatar.com\/avatar\/e3196a110e1b57b96f56d92d10ce9bb4e9d7210076832a16243337e949410b52?s=96&d=mm&r=g","caption":"kitti"},"url":"https:\/\/www.welovecycling.com\/hu\/author\/kitti\/"}]}},"_links":{"self":[{"href":"https:\/\/www.welovecycling.com\/hu\/wp-json\/wp\/v2\/posts\/16783","targetHints":{"allow":["GET"]}}],"collection":[{"href":"https:\/\/www.welovecycling.com\/hu\/wp-json\/wp\/v2\/posts"}],"about":[{"href":"https:\/\/www.welovecycling.com\/hu\/wp-json\/wp\/v2\/types\/post"}],"author":[{"embeddable":true,"href":"https:\/\/www.welovecycling.com\/hu\/wp-json\/wp\/v2\/users\/145"}],"replies":[{"embeddable":true,"href":"https:\/\/www.welovecycling.com\/hu\/wp-json\/wp\/v2\/comments?post=16783"}],"version-history":[{"count":1,"href":"https:\/\/www.welovecycling.com\/hu\/wp-json\/wp\/v2\/posts\/16783\/revisions"}],"predecessor-version":[{"id":16788,"href":"https:\/\/www.welovecycling.com\/hu\/wp-json\/wp\/v2\/posts\/16783\/revisions\/16788"}],"wp:featuredmedia":[{"embeddable":true,"href":"https:\/\/www.welovecycling.com\/hu\/wp-json\/wp\/v2\/media\/16787"}],"wp:attachment":[{"href":"https:\/\/www.welovecycling.com\/hu\/wp-json\/wp\/v2\/media?parent=16783"}],"wp:term":[{"taxonomy":"category","embeddable":true,"href":"https:\/\/www.welovecycling.com\/hu\/wp-json\/wp\/v2\/categories?post=16783"},{"taxonomy":"post_tag","embeddable":true,"href":"https:\/\/www.welovecycling.com\/hu\/wp-json\/wp\/v2\/tags?post=16783"},{"taxonomy":"global-categories","embeddable":true,"href":"https:\/\/www.welovecycling.com\/hu\/wp-json\/wp\/v2\/global-categories?post=16783"}],"curies":[{"name":"wp","href":"https:\/\/api.w.org\/{rel}","templated":true}]}}