{"id":16775,"date":"2023-01-09T08:00:52","date_gmt":"2023-01-09T06:00:52","guid":{"rendered":"https:\/\/www.welovecycling.com\/hu\/?p=16775"},"modified":"2023-01-06T16:25:08","modified_gmt":"2023-01-06T14:25:08","slug":"teli-kerekparos-tanacsok-a-the-cold-kids-tol","status":"publish","type":"post","link":"https:\/\/www.welovecycling.com\/hu\/kozosseg-es-kultura\/teli-kerekparos-tanacsok-a-the-cold-kids-tol\/","title":{"rendered":"T\u00e9li ker\u00e9kp\u00e1ros tan\u00e1csok a &#8220;The Cold Kids&#8221;-t\u0151l"},"content":{"rendered":"<p><strong>Itt a t\u00e9l. B\u00e1r egyel\u0151re nincs kimondottan hideg, m\u00e9g lehet! Eur\u00f3pa m\u00e1s r\u00e9szein pedig m\u00e1r t\u00e9nyleg bek\u00f6sz\u00f6nt\u00f6tt a feh\u00e9r \u00e9vszak. Azt hihetn\u00e9d, hogy a h\u0151m\u00e9rs\u00e9klet cs\u00f6kken\u00e9s\u00e9vel a legt\u00f6bb embernek m\u00e9g a h\u00e1zb\u00f3l sincs kedve kimozdulni, nemhogy ker\u00e9kp\u00e1rozni. A val\u00f3s\u00e1g azonban az, hogy \u00e9vr\u0151l \u00e9vre egyre t\u00f6bben d\u00f6ntenek \u00fagy, hogy felfedezik a t\u00e9li ker\u00e9kp\u00e1roz\u00e1s izgalmait. Ezt a t\u00e9nyt a Winter Cycling nev\u0171 online k\u00f6z\u00f6ss\u00e9g is al\u00e1t\u00e1masztja. Kapcsolatba l\u00e9pt\u00fcnk a magukat &#8220;cold kids&#8221;-nek nevez\u0151 csapattal, akik az \u00e9v 12 h\u00f3napj\u00e1ban a ker\u00e9kp\u00e1rjukra esk\u00fcsznek, \u00e9s \u00f6sszegy\u0171jt\u00f6tt\u00fcnk n\u00e9h\u00e1nyat a t\u00e9li ker\u00e9kp\u00e1roz\u00e1sra vonatkoz\u00f3 legjobb tippekb\u0151l \u00e9s tan\u00e1csokb\u00f3l. A k\u00f6vetkez\u0151 mand\u00e1tum megalapozza a sr\u00e1cokba vetett bizalmat:<\/strong><\/p>\n<p><!--more--><\/p>\n<p><em>J\u00f6het t\u00fczes pokol vagy fagyos v\u00edz, mi v\u00e1ltoz\u00e1st hozunk a ker\u00e9kp\u00e1roz\u00e1sban!<\/em><\/p>\n<p><em>Gondosan \u0151rz\u00f6tt titok, hogy a t\u00e9l az egyik legjobb id\u0151szak a ker\u00e9kp\u00e1roz\u00e1shoz. K\u00f6z\u00f6ss\u00e9g\u00fcnkben az \u00faj bring\u00e1sok megtanulhatj\u00e1k a t\u00e9li ker\u00e9kp\u00e1roz\u00e1s fort\u00e9lyait, a veter\u00e1nok pedig megoszthatj\u00e1k a csoporttal, mi\u00e9rt is im\u00e1dnak annyira t\u00e9len tekerni.<br \/>\nA Winter Cycling \u00faj hat\u00e1rokat feszeget, melynek k\u00f6sz\u00f6nhet\u0151en a ker\u00e9kp\u00e1rosoknak vil\u00e1gszerte lehet\u0151s\u00e9g\u00fck van \u00e9lvezni a t\u00e9li ker\u00e9kp\u00e1roz\u00e1s \u00f6r\u00f6meit.<\/em><\/p>\n<p><em>De mit tesznek a hideg szerelmesei, hogy k\u00e9nyelmesen \u00e9rezz\u00e9k magukat, mik\u00f6zben felfedezik ezeket az \u00faj hat\u00e1rokat? N\u00e9zz\u00fck!<\/em><\/p>\n<h2><strong>R\u00e9tegek, r\u00e9tegek, r\u00e9tegek<\/strong><\/h2>\n<p>A t\u00e9li ker\u00e9kp\u00e1rosoknak sz\u00f3l\u00f3 top tippek k\u00f6z\u00f6tt szinte minden csoporttag list\u00e1j\u00e1n szerepelt a &#8220;r\u00e9tegek&#8221; kifejez\u00e9s. Sush F. hangs\u00falyozta, hogy a r\u00e9teges \u00f6lt\u00f6zk\u00f6d\u00e9s \u00e9letment\u0151 lehet, mivel neh\u00e9z megj\u00f3solni, hogy alakul az id\u0151j\u00e1r\u00e1s: <em>&#8220;Gyakran t\u00falmelegedtem egy-egy t\u00e9li ker\u00e9kp\u00e1rt\u00fara alkalm\u00e1val, mert t\u00fal sok r\u00e9teget \u00f6lt\u00f6ttem magamra. Ha annyi ruh\u00e1t veszel fel, ami m\u00e1r v\u00e9delmet ny\u00fajt a sz\u00e9l ellen, a tested t\u00f6bb mint elegend\u0151 h\u0151t fog termelni, hogy melegen tartson&#8221;.<\/em><\/p>\n<p>Teh\u00e1t ahelyett, hogy a legnehezebb t\u00e9li kab\u00e1todban v\u00e1gn\u00e1l neki a t\u00far\u00e1nak \u00e9s t\u00falmelegedn\u00e9l, ink\u00e1bb viselj t\u00f6bb v\u00e9kony r\u00e9teget, hogy sz\u00fcks\u00e9g eset\u00e9n fel- \u00e9s levehesd azokat. Ha \u00edgy teszel, legal\u00e1bb nem leszel teljesen izzadt, mikor meg\u00e9rkezel a c\u00e9l\u00e1llom\u00e1sodra.<\/p>\n<h2><strong>Adj id\u0151t a testednek az alkalmazkod\u00e1shoz<\/strong><\/h2>\n<p>A Winter Cycling csoportot Jason W. ind\u00edtotta el, aki a hidegben \u00e9s es\u0151ben t\u00f6rt\u00e9n\u0151 ker\u00e9kp\u00e1roz\u00e1s lelkes sz\u00f3sz\u00f3l\u00f3ja. Ennek ellen\u00e9re azt tan\u00e1csolja a kezd\u0151 t\u00e9li ker\u00e9kp\u00e1rosoknak, hogy vegy\u00e9k laz\u00e1n a temp\u00f3t:<em> &#8220;Egy kicsivel alacsonyabb intenzit\u00e1son kezdjetek tekerni, mint ahogy azt norm\u00e1l esetben tenn\u00e9tek&#8221;.<\/em> Sylvie S. ehhez a gondolatmenethez csatlakozva eml\u00e9kezteti az \u00fajoncokat, hogy adjanak id\u0151t a test\u00fcknek az \u00e9vszakhoz val\u00f3 alkalmazkod\u00e1shoz: <em>&#8220;K\u00f6nnyebb az akklimatiz\u00e1l\u00f3d\u00e1s, ha \u0151sszel sem hagyjuk abba a ker\u00e9kp\u00e1roz\u00e1st. Ha \u00fagy v\u00e1gsz neki a hidegben t\u00f6rt\u00e9n\u0151 ker\u00e9kp\u00e1roz\u00e1snak, hogy el\u0151tte egy-k\u00e9t h\u00f3napja nem biciklizt\u00e9l vagy nem t\u00f6lt\u00f6tt\u00e9l sok id\u0151t a szabadban, az el\u00e9g megr\u00e1z\u00f3 \u00e9lm\u00e9ny lehet. De ha a h\u0151m\u00e9rs\u00e9klet egyenletes cs\u00f6kken\u00e9se mellett is kitartasz a n\u00e9gykerek\u0171d mellett, akkor a t\u00e9li h\u0151m\u00e9rs\u00e9klet m\u00e1r nem is fog olyan nagy v\u00e1ltoz\u00e1snak t\u0171nni&#8221;.<\/em><\/p>\n<h2><strong>V\u00e9dd a v\u00e9gtagjaidat<\/strong><\/h2>\n<p>Jason arra is felh\u00edvja a figyelmet, hogy a kezek \u00e9s a l\u00e1bak a legprobl\u00e9m\u00e1sabb r\u00e9szek: <em>&#8220;Sz\u00fcks\u00e9ged lesz egy meleg keszty\u0171re, amikor a h\u0151m\u00e9rs\u00e9klet j\u00f3val fagypont al\u00e1 esik. Ezen k\u00edv\u00fcl fontos a szigetelt l\u00e1bbeli is. Ahhoz, hogy b\u00edrni tudd a nagy m\u00ednuszokat, v\u00e1lassz egy p\u00e1r sz\u00e1mmal nagyobb csizm\u00e1t, \u00e9s b\u00e9leld ki egy vastag t\u00e9li zoknival.&#8221;<\/em><\/p>\n<h2><strong>Fektess be a sz\u00fcks\u00e9ges felszerel\u00e9sbe<\/strong><\/h2>\n<p>Ha m\u00e1r sz\u00f3ba ker\u00fcltek a kezek \u00e9s a l\u00e1bak, Kevin C. szerint az ujjaid melegen tart\u00e1s\u00e1hoz nagy seg\u00edts\u00e9g lehet p\u00e9ld\u00e1ul egy aut\u00f3s keszty\u0171. Ugyancsak hasznos felszerel\u00e9s a merin\u00f3 gyapj\u00fa \u00f6lt\u00f6zet vagy az olyan sz\u00e9lfog\u00f3 r\u00e9tegek alkalmaz\u00e1sa, mint a Goretex.<\/p>\n<p>Daniel C. szerint: <em>&#8220;A l\u00e1bbeli a legfontosabb. Nekem a hagyom\u00e1nyos ker\u00e9kp\u00e1ros cip\u0151kkel nem volt szerencs\u00e9m. Ink\u00e1bb csizm\u00e1t haszn\u00e1lok. A legjobb, ha a csizm\u00e1d 1-2 m\u00e9rettel nagyobb&#8221;.<\/em> De kipr\u00f3b\u00e1lhatod ezt a vicces tr\u00fckk\u00f6t is, ami Roy K.-t\u0151l sz\u00e1rmazik: <em>&#8220;Viselj v\u00e9kony gyapj\u00fazoknit, rajta f\u00f3liazs\u00e1kokat, majd egy vastagabb gyapj\u00fazoknit, hogy eg\u00e9sz nap melegen tartsd a l\u00e1bad. A tested t\u00f6bbi r\u00e9sz\u00e9n hordj merin\u00f3gyapj\u00fa alapr\u00e9teget&#8221;.<\/em><\/p>\n<h2><strong>Ne vidd t\u00falz\u00e1sba, k\u00fcl\u00f6nben izzadni fogsz<\/strong><\/h2>\n<p>Gino T. j\u00f3 tan\u00e1csokat ad azoknak, akik a k\u00f6vetkez\u0151 szintre akarj\u00e1k emelni a r\u00e9teges \u00f6lt\u00f6zk\u00f6d\u00e9st: <em>&#8220;Ha \u00fagy indulsz el, hogy kicsit f\u00e1zol, az j\u00f3, id\u0151k\u00f6zben majd felmelegszel. Ugyanis, ha t\u00fal melegen \u00f6lt\u00f6z\u00f6l fel, akkor ped\u00e1loz\u00e1s k\u00f6zben izzadni fogsz, a ruh\u00e1d vizes lesz, a teljes\u00edtm\u00e9nyed pedig cs\u00f6kkenni fog. Ink\u00e1bb maradj sz\u00e1raz&#8221;.<\/em><\/p>\n<p>Joe B. sz\u00e1m\u00e1ra ez azt jelenti, hogy kint a gar\u00e1zsban kell fel\u00f6lt\u00f6zni, mivel a h\u0171v\u00f6sebb t\u00e9rben nem melegszik t\u00fal, mik\u00f6zben mag\u00e1ra \u00f6lti a r\u00e9tegeket. Sylvie S. pedig a k\u00f6vetkez\u0151ket tan\u00e1csolja: <em>&#8220;Viselhetsz norm\u00e1lis ruh\u00e1kat, amennyiben azok el\u00e9g rugalmasak ahhoz, hogy mozogni tudj benn\u00fck. \u00d6lt\u00f6zz r\u00e9tegesen, de az legyen a c\u00e9lod, hogy eg\u00e9sz id\u0151 alatt egy kicsit f\u00e1zz. Ne annyira, hogy rosszul \u00e9rezd magad, vagy reszkess, csak annyira, hogy m\u00e9g sz\u00e1raz maradj. Teh\u00e1t ha elkezdesz felmelegedni, \u00e1llj meg, \u00e9s vegy\u00e9l le egy r\u00e9teget&#8221;<\/em><\/p>\n<figure id=\"attachment_16776\" aria-describedby=\"caption-attachment-16776\" style=\"width: 1250px\" class=\"wp-caption alignnone\"><a href=\"https:\/\/d2p6e6u75xmxt8.cloudfront.net\/12\/2023\/01\/Winter-Cycling-profimedia-0744456036.webp\"><img loading=\"lazy\" decoding=\"async\" class=\"size-full wp-image-16776\" src=\"https:\/\/d2p6e6u75xmxt8.cloudfront.net\/12\/2023\/01\/Winter-Cycling-profimedia-0744456036.webp\" alt=\"Winter cycling\" width=\"1250\" height=\"802\" srcset=\"https:\/\/d2p6e6u75xmxt8.cloudfront.net\/12\/2023\/01\/Winter-Cycling-profimedia-0744456036.webp 1250w, https:\/\/d2p6e6u75xmxt8.cloudfront.net\/12\/2023\/01\/Winter-Cycling-profimedia-0744456036-300x192.webp 300w, https:\/\/d2p6e6u75xmxt8.cloudfront.net\/12\/2023\/01\/Winter-Cycling-profimedia-0744456036-1024x657.webp 1024w, https:\/\/d2p6e6u75xmxt8.cloudfront.net\/12\/2023\/01\/Winter-Cycling-profimedia-0744456036-768x493.webp 768w\" sizes=\"auto, (max-width: 1250px) 100vw, 1250px\" \/><\/a><figcaption id=\"caption-attachment-16776\" class=\"wp-caption-text\"><em>Ne vidd t\u00falz\u00e1sba! \u00a9 Profimedia<\/em><\/figcaption><\/figure>\n<h2><strong>B\u00e9k\u00e9lj meg a sz\u00f6ges gumiabroncsokkal<\/strong><\/h2>\n<p>A j\u00f3 gumiabroncs mindig fontos, b\u00e1rmilyen legyen is az id\u0151j\u00e1r\u00e1s, a t\u00e9li h\u00f3napokban azonban k\u00fcl\u00f6n\u00f6sen fontos odafigyelni arra, hogy megfelel\u0151 gumit v\u00e1lasszunk. Mike V. szerint: <em>&#8220;Azokon a helyeken, ahol t\u00e9len gyakoriak a jeges \u00e9s havas ker\u00e9kp\u00e1rutak, val\u00f3ban \u00e9letment\u0151ek lehetnek a sz\u00f6ges ker\u00e9kp\u00e1rgumik. A cs\u00fasz\u00f3s fel\u00fcleteken term\u00e9szetesen mindig sz\u00fcks\u00e9g van az \u00f3vatoss\u00e1gra, de a sz\u00f6ges gumik meglep\u0151en j\u00f3 ir\u00e1ny\u00edthat\u00f3s\u00e1got \u00e9s tapad\u00e1st biztos\u00edtanak, ami megg\u00e1tolja, hogy a ker\u00e9kp\u00e1r kics\u00fasszon al\u00f3lad&#8221;.<\/em><\/p>\n<p>Peter L. sz\u00e1m\u00e1ra a megfelel\u0151 kontrollt a fixi jelenti: <em>&#8220;A t\u00e9li ing\u00e1z\u00e1sok sor\u00e1n a fixi ker\u00e9kp\u00e1romat haszn\u00e1lom, ezt ugyanis sokkal jobban tudom ir\u00e1ny\u00edtani a cs\u00fasz\u00f3s utakon, mint egy hagyom\u00e1nyos ker\u00e9kp\u00e1rt&#8221;.<\/em><\/p>\n<h2><strong>Tartsd a ker\u00e9kp\u00e1rodat t\u00e9len is haszn\u00e1lhat\u00f3 \u00e1llapotban<\/strong><\/h2>\n<p>A t\u00e9li id\u0151j\u00e1r\u00e1s megviseli a ker\u00e9kp\u00e1rodat, ez\u00e9rt egy-egy hidegben tett t\u00fara ut\u00e1n \u00e9rdemes egy gyors kezel\u00e9st v\u00e9gezni a biciklin, hogy az min\u00e9l el\u0151bb k\u00e9szen \u00e1lljon a k\u00f6vetkez\u0151 havas kiruccan\u00e1sra. Sz\u00e1nj \u00f6t percet egy le\u00f6bl\u00edt\u00e9sre, hogy elt\u00e1vol\u00edtsd a s\u00f3t \u00e9s egy\u00e9b szennyez\u0151d\u00e9seket. Ford\u00edts k\u00fcl\u00f6n\u00f6s figyelmet a l\u00e1ncra, a fogaskerekekre, a f\u00e9kekre \u00e9s a ker\u00e9kt\u00e1rcs\u00e1kra. Ezut\u00e1n t\u00f6r\u00f6lgesd meg a ker\u00e9kp\u00e1rt egy r\u00e9gi t\u00f6r\u00fclk\u00f6z\u0151vel, majd egy kicsit olajozd meg a l\u00e1ncot \u00e9s a fogaskerekeket.<\/p>\n<h2><strong>Tekerj lassan<\/strong><\/h2>\n<p>V\u00e9gezet\u00fcl, ne feledd, hogy mindig a biztons\u00e1g legyen az els\u0151. Amikor hideg \u00e9s nedves id\u0151ben ker\u00e9kp\u00e1rozol, gondolnod kell arra, hogy a testednek, k\u00fcl\u00f6n\u00f6sen az \u00edz\u00fcleteidnek \u00e9s az izmaidnak, id\u0151be telik, m\u00edg megfelel\u0151en bemelegednek. Ez azt jelenti, hogy ne kezdd r\u00f6gt\u00f6n egy sprinttel, amint kil\u00e9psz a h\u00e1zb\u00f3l, hanem fogadd el, hogy a nedves \u00e9s havas k\u00f6r\u00fclm\u00e9nyek miatt lassabban kell tekerned. Nem \u00e9ri meg, hogy n\u00e9h\u00e1ny perc \u00e9lvezet\u00e9rt kock\u00e1ztasd a biztons\u00e1god.<\/p>\n<p>Emellett, amikor s\u00f6t\u00e9tben vagy havas id\u0151ben biciklizel, gondoskodj arr\u00f3l is, hogy a ker\u00e9kp\u00e1rod \u00fagy vil\u00e1g\u00edtson, mint egy kar\u00e1csonyfa. Ezut\u00e1n pedig nincs m\u00e1s dolgod, mint hogy \u00e9lvezd a t\u00e9li ker\u00e9kp\u00e1roz\u00e1st!<\/p>\n","protected":false},"excerpt":{"rendered":"<p>Itt a t\u00e9l. B\u00e1r egyel\u0151re nincs kimondottan hideg, m\u00e9g lehet! Eur\u00f3pa m\u00e1s r\u00e9szein pedig m\u00e1r t\u00e9nyleg bek\u00f6sz\u00f6nt\u00f6tt a feh\u00e9r \u00e9vszak. [&hellip;]<\/p>\n","protected":false},"author":71,"featured_media":16778,"comment_status":"open","ping_status":"open","sticky":false,"template":"","format":"standard","meta":{"footnotes":""},"categories":[12],"tags":[],"global-categories":[],"class_list":["post-16775","post","type-post","status-publish","format-standard","has-post-thumbnail","hentry","category-kozosseg-es-kultura"],"yoast_head":"<!-- This site is optimized with the Yoast SEO Premium plugin v25.3 (Yoast SEO v25.9) - https:\/\/yoast.com\/wordpress\/plugins\/seo\/ -->\n<title>T\u00e9li ker\u00e9kp\u00e1ros tan\u00e1csok a &quot;The Cold Kids&quot;-t\u0151l<\/title>\n<meta name=\"description\" content=\"Itt a t\u00e9l. B\u00e1r egyel\u0151re nincs kimondottan hideg, m\u00e9g lehet! Eur\u00f3pa m\u00e1s r\u00e9szein pedig m\u00e1r t\u00e9nyleg bek\u00f6sz\u00f6nt\u00f6tt a feh\u00e9r \u00e9vszak. Azt hihetn\u00e9d, hogy a h\u0151m\u00e9rs\u00e9klet cs\u00f6kken\u00e9s\u00e9vel a legt\u00f6bb embernek m\u00e9g a h\u00e1zb\u00f3l sincs kedve kimozdulni, nemhogy ker\u00e9kp\u00e1rozni. A val\u00f3s\u00e1g azonban az, hogy \u00e9vr\u0151l \u00e9vre egyre t\u00f6bben d\u00f6ntenek \u00fagy, hogy felfedezik a t\u00e9li ker\u00e9kp\u00e1roz\u00e1s izgalmait. Ezt a t\u00e9nyt a Winter Cycling nev\u0171 online k\u00f6z\u00f6ss\u00e9g is al\u00e1t\u00e1masztja.\" \/>\n<meta name=\"robots\" content=\"index, follow, max-snippet:-1, max-image-preview:large, max-video-preview:-1\" \/>\n<link rel=\"canonical\" href=\"https:\/\/www.welovecycling.com\/hu\/kozosseg-es-kultura\/teli-kerekparos-tanacsok-a-the-cold-kids-tol\/\" \/>\n<meta property=\"og:locale\" content=\"hu_HU\" \/>\n<meta property=\"og:type\" content=\"article\" \/>\n<meta property=\"og:title\" content=\"T\u00e9li ker\u00e9kp\u00e1ros tan\u00e1csok a &quot;The Cold Kids&quot;-t\u0151l\" \/>\n<meta property=\"og:description\" content=\"Itt a t\u00e9l. B\u00e1r egyel\u0151re nincs kimondottan hideg, m\u00e9g lehet! Eur\u00f3pa m\u00e1s r\u00e9szein pedig m\u00e1r t\u00e9nyleg bek\u00f6sz\u00f6nt\u00f6tt a feh\u00e9r \u00e9vszak. Azt hihetn\u00e9d, hogy a h\u0151m\u00e9rs\u00e9klet cs\u00f6kken\u00e9s\u00e9vel a legt\u00f6bb embernek m\u00e9g a h\u00e1zb\u00f3l sincs kedve kimozdulni, nemhogy ker\u00e9kp\u00e1rozni. A val\u00f3s\u00e1g azonban az, hogy \u00e9vr\u0151l \u00e9vre egyre t\u00f6bben d\u00f6ntenek \u00fagy, hogy felfedezik a t\u00e9li ker\u00e9kp\u00e1roz\u00e1s izgalmait. Ezt a t\u00e9nyt a Winter Cycling nev\u0171 online k\u00f6z\u00f6ss\u00e9g is al\u00e1t\u00e1masztja.\" \/>\n<meta property=\"og:url\" content=\"https:\/\/www.welovecycling.com\/hu\/kozosseg-es-kultura\/teli-kerekparos-tanacsok-a-the-cold-kids-tol\/\" \/>\n<meta property=\"og:site_name\" content=\"\u0160koda We Love Cycling - Magyarorsz\u00e1g\" \/>\n<meta property=\"article:publisher\" content=\"https:\/\/www.facebook.com\/WeLoveCyclingHungary\/\" \/>\n<meta property=\"article:published_time\" content=\"2023-01-09T06:00:52+00:00\" \/>\n<meta property=\"og:image\" content=\"https:\/\/d2p6e6u75xmxt8.cloudfront.net\/12\/2023\/01\/Winter-Cycling-Sweden-profimedia-0743853603-CVR.webp\" \/>\n\t<meta property=\"og:image:width\" content=\"990\" \/>\n\t<meta property=\"og:image:height\" content=\"660\" \/>\n\t<meta property=\"og:image:type\" content=\"image\/webp\" \/>\n<meta name=\"author\" content=\"hegyizs\" \/>\n<meta name=\"twitter:card\" content=\"summary_large_image\" \/>\n<meta name=\"twitter:label1\" content=\"Written by\" \/>\n\t<meta name=\"twitter:data1\" content=\"Megan Flottorp\" \/>\n\t<meta name=\"twitter:label2\" content=\"Est. reading time\" \/>\n\t<meta name=\"twitter:data2\" content=\"6\" \/>\n<script type=\"application\/ld+json\" class=\"yoast-schema-graph\">{\"@context\":\"https:\/\/schema.org\",\"@graph\":[{\"@type\":\"WebPage\",\"@id\":\"https:\/\/www.welovecycling.com\/hu\/kozosseg-es-kultura\/teli-kerekparos-tanacsok-a-the-cold-kids-tol\/\",\"url\":\"https:\/\/www.welovecycling.com\/hu\/kozosseg-es-kultura\/teli-kerekparos-tanacsok-a-the-cold-kids-tol\/\",\"name\":\"T\u00e9li ker\u00e9kp\u00e1ros tan\u00e1csok a \\\"The Cold Kids\\\"-t\u0151l\",\"isPartOf\":{\"@id\":\"https:\/\/www.welovecycling.com\/hu\/#website\"},\"primaryImageOfPage\":{\"@id\":\"https:\/\/www.welovecycling.com\/hu\/kozosseg-es-kultura\/teli-kerekparos-tanacsok-a-the-cold-kids-tol\/#primaryimage\"},\"image\":{\"@id\":\"https:\/\/www.welovecycling.com\/hu\/kozosseg-es-kultura\/teli-kerekparos-tanacsok-a-the-cold-kids-tol\/#primaryimage\"},\"thumbnailUrl\":\"https:\/\/d2p6e6u75xmxt8.cloudfront.net\/12\/2023\/01\/Winter-Cycling-Sweden-profimedia-0743853603-CVR.webp\",\"datePublished\":\"2023-01-09T06:00:52+00:00\",\"author\":{\"@id\":\"https:\/\/www.welovecycling.com\/hu\/#\/schema\/person\/414a2aebf1801691a5320edb6468e194\"},\"description\":\"Itt a t\u00e9l. B\u00e1r egyel\u0151re nincs kimondottan hideg, m\u00e9g lehet! Eur\u00f3pa m\u00e1s r\u00e9szein pedig m\u00e1r t\u00e9nyleg bek\u00f6sz\u00f6nt\u00f6tt a feh\u00e9r \u00e9vszak. Azt hihetn\u00e9d, hogy a h\u0151m\u00e9rs\u00e9klet cs\u00f6kken\u00e9s\u00e9vel a legt\u00f6bb embernek m\u00e9g a h\u00e1zb\u00f3l sincs kedve kimozdulni, nemhogy ker\u00e9kp\u00e1rozni. A val\u00f3s\u00e1g azonban az, hogy \u00e9vr\u0151l \u00e9vre egyre t\u00f6bben d\u00f6ntenek \u00fagy, hogy felfedezik a t\u00e9li ker\u00e9kp\u00e1roz\u00e1s izgalmait. Ezt a t\u00e9nyt a Winter Cycling nev\u0171 online k\u00f6z\u00f6ss\u00e9g is al\u00e1t\u00e1masztja.\",\"breadcrumb\":{\"@id\":\"https:\/\/www.welovecycling.com\/hu\/kozosseg-es-kultura\/teli-kerekparos-tanacsok-a-the-cold-kids-tol\/#breadcrumb\"},\"inLanguage\":\"hu\",\"potentialAction\":[{\"@type\":\"ReadAction\",\"target\":[\"https:\/\/www.welovecycling.com\/hu\/kozosseg-es-kultura\/teli-kerekparos-tanacsok-a-the-cold-kids-tol\/\"]}]},{\"@type\":\"ImageObject\",\"inLanguage\":\"hu\",\"@id\":\"https:\/\/www.welovecycling.com\/hu\/kozosseg-es-kultura\/teli-kerekparos-tanacsok-a-the-cold-kids-tol\/#primaryimage\",\"url\":\"https:\/\/d2p6e6u75xmxt8.cloudfront.net\/12\/2023\/01\/Winter-Cycling-Sweden-profimedia-0743853603-CVR.webp\",\"contentUrl\":\"https:\/\/d2p6e6u75xmxt8.cloudfront.net\/12\/2023\/01\/Winter-Cycling-Sweden-profimedia-0743853603-CVR.webp\",\"width\":990,\"height\":660,\"caption\":\"Winter cycling\"},{\"@type\":\"BreadcrumbList\",\"@id\":\"https:\/\/www.welovecycling.com\/hu\/kozosseg-es-kultura\/teli-kerekparos-tanacsok-a-the-cold-kids-tol\/#breadcrumb\",\"itemListElement\":[{\"@type\":\"ListItem\",\"position\":1,\"name\":\"Home\",\"item\":\"https:\/\/www.welovecycling.com\/hu\/\"},{\"@type\":\"ListItem\",\"position\":2,\"name\":\"T\u00e9li ker\u00e9kp\u00e1ros tan\u00e1csok a &#8220;The Cold Kids&#8221;-t\u0151l\"}]},{\"@type\":\"WebSite\",\"@id\":\"https:\/\/www.welovecycling.com\/hu\/#website\",\"url\":\"https:\/\/www.welovecycling.com\/hu\/\",\"name\":\"\u0160koda We Love Cycling - Magyarorsz\u00e1g\",\"description\":\"\u0160koda WeLoveCycling\",\"potentialAction\":[{\"@type\":\"SearchAction\",\"target\":{\"@type\":\"EntryPoint\",\"urlTemplate\":\"https:\/\/www.welovecycling.com\/hu\/?s={search_term_string}\"},\"query-input\":{\"@type\":\"PropertyValueSpecification\",\"valueRequired\":true,\"valueName\":\"search_term_string\"}}],\"inLanguage\":\"hu\"},{\"@type\":\"Person\",\"@id\":\"https:\/\/www.welovecycling.com\/hu\/#\/schema\/person\/414a2aebf1801691a5320edb6468e194\",\"name\":\"hegyizs\",\"image\":{\"@type\":\"ImageObject\",\"inLanguage\":\"hu\",\"@id\":\"https:\/\/www.welovecycling.com\/hu\/#\/schema\/person\/image\/\",\"url\":\"https:\/\/secure.gravatar.com\/avatar\/02cf8a7906b8cf90cecb4679defac7cfd33a1c2e3b88e4903d947f3bb58eedd3?s=96&d=mm&r=g\",\"contentUrl\":\"https:\/\/secure.gravatar.com\/avatar\/02cf8a7906b8cf90cecb4679defac7cfd33a1c2e3b88e4903d947f3bb58eedd3?s=96&d=mm&r=g\",\"caption\":\"hegyizs\"},\"url\":\"https:\/\/www.welovecycling.com\/hu\/author\/hegyizs\/\"}]}<\/script>\n<!-- \/ Yoast SEO Premium plugin. -->","yoast_head_json":{"title":"T\u00e9li ker\u00e9kp\u00e1ros tan\u00e1csok a \"The Cold Kids\"-t\u0151l","description":"Itt a t\u00e9l. B\u00e1r egyel\u0151re nincs kimondottan hideg, m\u00e9g lehet! Eur\u00f3pa m\u00e1s r\u00e9szein pedig m\u00e1r t\u00e9nyleg bek\u00f6sz\u00f6nt\u00f6tt a feh\u00e9r \u00e9vszak. Azt hihetn\u00e9d, hogy a h\u0151m\u00e9rs\u00e9klet cs\u00f6kken\u00e9s\u00e9vel a legt\u00f6bb embernek m\u00e9g a h\u00e1zb\u00f3l sincs kedve kimozdulni, nemhogy ker\u00e9kp\u00e1rozni. A val\u00f3s\u00e1g azonban az, hogy \u00e9vr\u0151l \u00e9vre egyre t\u00f6bben d\u00f6ntenek \u00fagy, hogy felfedezik a t\u00e9li ker\u00e9kp\u00e1roz\u00e1s izgalmait. Ezt a t\u00e9nyt a Winter Cycling nev\u0171 online k\u00f6z\u00f6ss\u00e9g is al\u00e1t\u00e1masztja.","robots":{"index":"index","follow":"follow","max-snippet":"max-snippet:-1","max-image-preview":"max-image-preview:large","max-video-preview":"max-video-preview:-1"},"canonical":"https:\/\/www.welovecycling.com\/hu\/kozosseg-es-kultura\/teli-kerekparos-tanacsok-a-the-cold-kids-tol\/","og_locale":"hu_HU","og_type":"article","og_title":"T\u00e9li ker\u00e9kp\u00e1ros tan\u00e1csok a \"The Cold Kids\"-t\u0151l","og_description":"Itt a t\u00e9l. B\u00e1r egyel\u0151re nincs kimondottan hideg, m\u00e9g lehet! Eur\u00f3pa m\u00e1s r\u00e9szein pedig m\u00e1r t\u00e9nyleg bek\u00f6sz\u00f6nt\u00f6tt a feh\u00e9r \u00e9vszak. Azt hihetn\u00e9d, hogy a h\u0151m\u00e9rs\u00e9klet cs\u00f6kken\u00e9s\u00e9vel a legt\u00f6bb embernek m\u00e9g a h\u00e1zb\u00f3l sincs kedve kimozdulni, nemhogy ker\u00e9kp\u00e1rozni. A val\u00f3s\u00e1g azonban az, hogy \u00e9vr\u0151l \u00e9vre egyre t\u00f6bben d\u00f6ntenek \u00fagy, hogy felfedezik a t\u00e9li ker\u00e9kp\u00e1roz\u00e1s izgalmait. Ezt a t\u00e9nyt a Winter Cycling nev\u0171 online k\u00f6z\u00f6ss\u00e9g is al\u00e1t\u00e1masztja.","og_url":"https:\/\/www.welovecycling.com\/hu\/kozosseg-es-kultura\/teli-kerekparos-tanacsok-a-the-cold-kids-tol\/","og_site_name":"\u0160koda We Love Cycling - Magyarorsz\u00e1g","article_publisher":"https:\/\/www.facebook.com\/WeLoveCyclingHungary\/","article_published_time":"2023-01-09T06:00:52+00:00","og_image":[{"width":990,"height":660,"url":"https:\/\/d2p6e6u75xmxt8.cloudfront.net\/12\/2023\/01\/Winter-Cycling-Sweden-profimedia-0743853603-CVR.webp","type":"image\/webp"}],"author":"hegyizs","twitter_card":"summary_large_image","twitter_misc":{"Written by":"Megan Flottorp","Est. reading time":"6"},"schema":{"@context":"https:\/\/schema.org","@graph":[{"@type":"WebPage","@id":"https:\/\/www.welovecycling.com\/hu\/kozosseg-es-kultura\/teli-kerekparos-tanacsok-a-the-cold-kids-tol\/","url":"https:\/\/www.welovecycling.com\/hu\/kozosseg-es-kultura\/teli-kerekparos-tanacsok-a-the-cold-kids-tol\/","name":"T\u00e9li ker\u00e9kp\u00e1ros tan\u00e1csok a \"The Cold Kids\"-t\u0151l","isPartOf":{"@id":"https:\/\/www.welovecycling.com\/hu\/#website"},"primaryImageOfPage":{"@id":"https:\/\/www.welovecycling.com\/hu\/kozosseg-es-kultura\/teli-kerekparos-tanacsok-a-the-cold-kids-tol\/#primaryimage"},"image":{"@id":"https:\/\/www.welovecycling.com\/hu\/kozosseg-es-kultura\/teli-kerekparos-tanacsok-a-the-cold-kids-tol\/#primaryimage"},"thumbnailUrl":"https:\/\/d2p6e6u75xmxt8.cloudfront.net\/12\/2023\/01\/Winter-Cycling-Sweden-profimedia-0743853603-CVR.webp","datePublished":"2023-01-09T06:00:52+00:00","author":{"@id":"https:\/\/www.welovecycling.com\/hu\/#\/schema\/person\/414a2aebf1801691a5320edb6468e194"},"description":"Itt a t\u00e9l. B\u00e1r egyel\u0151re nincs kimondottan hideg, m\u00e9g lehet! Eur\u00f3pa m\u00e1s r\u00e9szein pedig m\u00e1r t\u00e9nyleg bek\u00f6sz\u00f6nt\u00f6tt a feh\u00e9r \u00e9vszak. Azt hihetn\u00e9d, hogy a h\u0151m\u00e9rs\u00e9klet cs\u00f6kken\u00e9s\u00e9vel a legt\u00f6bb embernek m\u00e9g a h\u00e1zb\u00f3l sincs kedve kimozdulni, nemhogy ker\u00e9kp\u00e1rozni. A val\u00f3s\u00e1g azonban az, hogy \u00e9vr\u0151l \u00e9vre egyre t\u00f6bben d\u00f6ntenek \u00fagy, hogy felfedezik a t\u00e9li ker\u00e9kp\u00e1roz\u00e1s izgalmait. Ezt a t\u00e9nyt a Winter Cycling nev\u0171 online k\u00f6z\u00f6ss\u00e9g is al\u00e1t\u00e1masztja.","breadcrumb":{"@id":"https:\/\/www.welovecycling.com\/hu\/kozosseg-es-kultura\/teli-kerekparos-tanacsok-a-the-cold-kids-tol\/#breadcrumb"},"inLanguage":"hu","potentialAction":[{"@type":"ReadAction","target":["https:\/\/www.welovecycling.com\/hu\/kozosseg-es-kultura\/teli-kerekparos-tanacsok-a-the-cold-kids-tol\/"]}]},{"@type":"ImageObject","inLanguage":"hu","@id":"https:\/\/www.welovecycling.com\/hu\/kozosseg-es-kultura\/teli-kerekparos-tanacsok-a-the-cold-kids-tol\/#primaryimage","url":"https:\/\/d2p6e6u75xmxt8.cloudfront.net\/12\/2023\/01\/Winter-Cycling-Sweden-profimedia-0743853603-CVR.webp","contentUrl":"https:\/\/d2p6e6u75xmxt8.cloudfront.net\/12\/2023\/01\/Winter-Cycling-Sweden-profimedia-0743853603-CVR.webp","width":990,"height":660,"caption":"Winter cycling"},{"@type":"BreadcrumbList","@id":"https:\/\/www.welovecycling.com\/hu\/kozosseg-es-kultura\/teli-kerekparos-tanacsok-a-the-cold-kids-tol\/#breadcrumb","itemListElement":[{"@type":"ListItem","position":1,"name":"Home","item":"https:\/\/www.welovecycling.com\/hu\/"},{"@type":"ListItem","position":2,"name":"T\u00e9li ker\u00e9kp\u00e1ros tan\u00e1csok a &#8220;The Cold Kids&#8221;-t\u0151l"}]},{"@type":"WebSite","@id":"https:\/\/www.welovecycling.com\/hu\/#website","url":"https:\/\/www.welovecycling.com\/hu\/","name":"\u0160koda We Love Cycling - Magyarorsz\u00e1g","description":"\u0160koda WeLoveCycling","potentialAction":[{"@type":"SearchAction","target":{"@type":"EntryPoint","urlTemplate":"https:\/\/www.welovecycling.com\/hu\/?s={search_term_string}"},"query-input":{"@type":"PropertyValueSpecification","valueRequired":true,"valueName":"search_term_string"}}],"inLanguage":"hu"},{"@type":"Person","@id":"https:\/\/www.welovecycling.com\/hu\/#\/schema\/person\/414a2aebf1801691a5320edb6468e194","name":"hegyizs","image":{"@type":"ImageObject","inLanguage":"hu","@id":"https:\/\/www.welovecycling.com\/hu\/#\/schema\/person\/image\/","url":"https:\/\/secure.gravatar.com\/avatar\/02cf8a7906b8cf90cecb4679defac7cfd33a1c2e3b88e4903d947f3bb58eedd3?s=96&d=mm&r=g","contentUrl":"https:\/\/secure.gravatar.com\/avatar\/02cf8a7906b8cf90cecb4679defac7cfd33a1c2e3b88e4903d947f3bb58eedd3?s=96&d=mm&r=g","caption":"hegyizs"},"url":"https:\/\/www.welovecycling.com\/hu\/author\/hegyizs\/"}]}},"_links":{"self":[{"href":"https:\/\/www.welovecycling.com\/hu\/wp-json\/wp\/v2\/posts\/16775","targetHints":{"allow":["GET"]}}],"collection":[{"href":"https:\/\/www.welovecycling.com\/hu\/wp-json\/wp\/v2\/posts"}],"about":[{"href":"https:\/\/www.welovecycling.com\/hu\/wp-json\/wp\/v2\/types\/post"}],"author":[{"embeddable":true,"href":"https:\/\/www.welovecycling.com\/hu\/wp-json\/wp\/v2\/users\/71"}],"replies":[{"embeddable":true,"href":"https:\/\/www.welovecycling.com\/hu\/wp-json\/wp\/v2\/comments?post=16775"}],"version-history":[{"count":2,"href":"https:\/\/www.welovecycling.com\/hu\/wp-json\/wp\/v2\/posts\/16775\/revisions"}],"predecessor-version":[{"id":16779,"href":"https:\/\/www.welovecycling.com\/hu\/wp-json\/wp\/v2\/posts\/16775\/revisions\/16779"}],"wp:featuredmedia":[{"embeddable":true,"href":"https:\/\/www.welovecycling.com\/hu\/wp-json\/wp\/v2\/media\/16778"}],"wp:attachment":[{"href":"https:\/\/www.welovecycling.com\/hu\/wp-json\/wp\/v2\/media?parent=16775"}],"wp:term":[{"taxonomy":"category","embeddable":true,"href":"https:\/\/www.welovecycling.com\/hu\/wp-json\/wp\/v2\/categories?post=16775"},{"taxonomy":"post_tag","embeddable":true,"href":"https:\/\/www.welovecycling.com\/hu\/wp-json\/wp\/v2\/tags?post=16775"},{"taxonomy":"global-categories","embeddable":true,"href":"https:\/\/www.welovecycling.com\/hu\/wp-json\/wp\/v2\/global-categories?post=16775"}],"curies":[{"name":"wp","href":"https:\/\/api.w.org\/{rel}","templated":true}]}}