{"id":16771,"date":"2023-01-12T08:00:59","date_gmt":"2023-01-12T06:00:59","guid":{"rendered":"https:\/\/www.welovecycling.com\/hu\/?p=16771"},"modified":"2023-01-06T16:27:43","modified_gmt":"2023-01-06T14:27:43","slug":"sportoloi-kieges-hogyan-elozheto-meg","status":"publish","type":"post","link":"https:\/\/www.welovecycling.com\/hu\/edzes-es-eletmod\/sportoloi-kieges-hogyan-elozheto-meg\/","title":{"rendered":"Sportol\u00f3i ki\u00e9g\u00e9s &#8211; Hogyan el\u0151zhet\u0151 meg?"},"content":{"rendered":"<p><strong>A sportol\u00f3i ki\u00e9g\u00e9s felismer\u00e9se nem k\u00f6nny\u0171, kezel\u00e9se pedig hossz\u00fa id\u0151t vesz ig\u00e9nybe. \u00c9pp ez\u00e9rt, sok bajt\u00f3l k\u00edm\u00e9lheted meg magad, ha siker\u00fcl megel\u0151zn\u00f6d a kialakul\u00e1s\u00e1t. Ebben a cikkben olyan gyakorlatias tippeket vesz\u00fcnk majd sorra, melyek goly\u00f3\u00e1ll\u00f3v\u00e1 tesznek a ki\u00e9g\u00e9ssel szemben, \u00e9s lehet\u0151v\u00e9 teszik, hogy hossz\u00fa t\u00e1von \u00e9lvezni tudd a ker\u00e9kp\u00e1roz\u00e1st.<\/strong><\/p>\n<p><!--more--><\/p>\n<p>Ahogy a sorozat kor\u00e1bbi cikkeib\u0151l m\u00e1r tudhatod, <a href=\"https:\/\/www.welovecycling.com\/hu\/edzes-es-eletmod\/sportoloi-kieges-hogyan-ismerd-fel\/\">a ki\u00e9g\u00e9s gyakran pszich\u00e9s eredet\u0171<\/a>, de fizikai \u2013 a t\u00faledzetts\u00e9ghez hasonl\u00f3 \u2013 t\u00fcnetekkel is j\u00e1rhat. Ez\u00e9rt ahhoz, hogy v\u00e9delmet szerezz a ki\u00e9g\u00e9ssel szemben, egyar\u00e1nt vigy\u00e1znod kell a testedre \u00e9s az elm\u00e9dre is. N\u00e9zd v\u00e9gig az al\u00e1bbi ter\u00fcleteket \u00e9s gondold v\u00e9gig, hol tudn\u00e1l m\u00e9g esetleg fejl\u0151dni!<\/p>\n<h2><strong>Tal\u00e1ld meg a val\u00f3di ok\u00e1t annak, mi\u00e9rt is ker\u00e9kp\u00e1rozol!<\/strong><\/h2>\n<p>Nagyobb a ki\u00e9g\u00e9s kock\u00e1zata azokn\u00e1l a ker\u00e9kp\u00e1rosokn\u00e1l, akiket els\u0151sorban a versenyek \u00e9s a dobog\u00f3s helyez\u00e9sek megszerz\u00e9se ir\u00e1nti v\u00e1gy motiv\u00e1l. Ezek ugyanis olyan k\u00fcls\u0151 t\u00e9nyez\u0151k, melyek nem \u00e1llnak a ker\u00e9kp\u00e1rosok ellen\u0151rz\u00e9se alatt, \u00e9s csak r\u00f6vid t\u00e1von k\u00e9pesek motiv\u00e1lni. Ha te is hasonl\u00f3 forr\u00e1sokb\u00f3l szerzed a teker\u00e9shez sz\u00fcks\u00e9ges er\u0151t, ink\u00e1bb \u00e1ss m\u00e9lyebbre, \u00e9s tedd fel magadnak a k\u00e9rd\u00e9st: Mi\u00e9rt biciklizek? Sz\u00e1mos olyan okot tal\u00e1lhatsz, amelyek sokkal kisebb es\u00e9llyel vezetnek majd ki\u00e9g\u00e9shez. P\u00e9ld\u00e1ul a kalandv\u00e1gy, a kapcsolatteremt\u00e9s a term\u00e9szettel vagy a hasonl\u00f3 gondolkod\u00e1s\u00fa emberek t\u00e1rsas\u00e1g\u00e1nak \u00e9lvezete.<\/p>\n<div class=\"embed-controller-wrapper\">\n<div class=\"embed-wrapper\"><iframe title=\"Why We Ride\" width=\"500\" height=\"281\" data-src=\"https:\/\/www.youtube.com\/embed\/cdGvwA1zWY0?feature=oembed\" frameborder=\"0\" allow=\"accelerometer; autoplay; clipboard-write; encrypted-media; gyroscope; picture-in-picture; web-share\" referrerpolicy=\"strict-origin-when-cross-origin\" allowfullscreen><\/iframe><\/div>\n<\/div>\n<h2><strong>Tal\u00e1lj edz\u0151t\u00e1rsakat!<\/strong><\/h2>\n<p>Nagyon sok el\u0151nye van annak, ha m\u00e1sokkal v\u00e9gzel ker\u00e9kp\u00e1ros edz\u00e9seket. P\u00e9ld\u00e1ul megtanulhatod, hogyan kell csoportban ker\u00e9kp\u00e1rozni, ami nagyon hasznos lehet a versenyeken. Elleshetsz praktik\u00e1kat m\u00e1sokt\u00f3l, illetve k\u00e9pben maradhatsz a legfrissebb ker\u00e9kp\u00e1ros h\u00edrekkel, \u00faj felszerel\u00e9sekkel \u00e9s esem\u00e9nyekkel kapcsolatban. \u00c9s ami tal\u00e1n a legfontosabb, tart\u00f3s kapcsolatokat alak\u00edthatsz ki, melyek akkor is motiv\u00e1lnak majd az edz\u00e9sre, mikor m\u00e1shonnan m\u00e1r k\u00e9ptelen vagy er\u0151t gy\u0171jteni.<\/p>\n<h2><strong>V\u00e1ltozatoss\u00e1g \u00e9s j\u00e1t\u00e9koss\u00e1g<\/strong><\/h2>\n<p>Nem j\u00f3 \u00f6tlet \u00e1lland\u00f3an v\u00e1ltoztatni az edz\u00e9sm\u00f3dodon. Ez g\u00e1tat szabhat a fejl\u0151d\u00e9sednek vagy ak\u00e1r s\u00e9r\u00fcl\u00e9shez is vezethet. Azonban, ha rendszeresen beiktatsz egy kis j\u00e1t\u00e9kid\u0151t az edz\u00e9seidbe, az igaz\u00e1n hasznos lehet. A v\u00e1ltozatoss\u00e1g ugyanis fenntartja az \u00e9rdekl\u0151d\u00e9sed, a j\u00e1t\u00e9koss\u00e1g pedig seg\u00edt elm\u00e9ly\u00edteni a ker\u00e9kp\u00e1roz\u00e1s ir\u00e1nti szeretetedet. A j\u00e1t\u00e9kid\u0151 olyan egyszer\u0171 tev\u00e9kenys\u00e9geket foglalhat mag\u00e1ban, mint p\u00e9ld\u00e1ul egy k\u00f6z\u00f6s teker\u00e9s a bar\u00e1taiddal, vagy egy \u00faj, kalandos helysz\u00edn felfedez\u00e9se. A l\u00e9nyeg, hogy itt ne legyenek se intervallumok, se teljes\u00edtm\u00e9nym\u00e9r\u0151, se pulzusm\u00e9r\u0151. Csak gondolod v\u00e9gig, mi okozza a legnagyobb \u00f6r\u00f6met a ker\u00e9kp\u00e1roz\u00e1sban, \u00e9s azt csin\u00e1ld a j\u00e1t\u00e9kid\u0151ben, m\u00e9g akkor is, ha az nem igaz\u00e1n illik bele az edz\u00e9stervedbe.<\/p>\n<h2><strong>Ne koncentr\u00e1lj t\u00falzottan a sz\u00e1mokra!<\/strong><\/h2>\n<p>Persze, nagyszer\u0171 \u00e9rz\u00e9s l\u00e1tni, ahogy egyre kevesebb id\u0151 alatt egyre nagyobb teljes\u00edtm\u00e9nyt \u00e9rsz el. Val\u00f3ban j\u00f3 motiv\u00e1ci\u00f3s forr\u00e1snak t\u0171nhet a javul\u00f3 statisztik\u00e1kat figyelni, de ez sajnos csak addig seg\u00edt, am\u00edg j\u00f3l mennek a dolgok. A sz\u00e1mok, amint azt l\u00e1tod, hogy stagn\u00e1lnak vagy ak\u00e1r rosszabbodnak, azonnal az edz\u00e9s ir\u00e1nti lelkesed\u00e9sed f\u0151 g\u00e1tjaiv\u00e1 v\u00e1lnak majd. Ez\u00e9rt seg\u00edts\u00e9gedre lehet a szeml\u00e9letm\u00f3dv\u00e1lt\u00e1s. Ink\u00e1bb az edz\u00e9seid min\u0151s\u00e9g\u00e9nek \u00f6r\u00fclj, ne pedig a mennyis\u00e9gi adatoknak, \u00e9s arra figyelj, hogy \u00e9rzed magad egy-egy menet k\u00f6zben \u00e9s ut\u00e1n. Jutalmazd meg magad, amikor v\u00e9gigcsin\u00e1lsz egy kem\u00e9ny intervallumedz\u00e9st, m\u00e9g akkor is, ha a sz\u00e1mok kiss\u00e9 alacsonynak t\u0171nnek. Illetve az is \u00e9rt\u00e9kes lehet, ha felfogadsz egy edz\u0151t, aki seg\u00edt, hogy megfelel\u0151 szemsz\u00f6gb\u0151l vizsg\u00e1ld az el\u00e9rt eredm\u00e9nyeidet \u00e9s a sz\u00e1mokat.<\/p>\n<h2><strong>Tanuld meg \u00e9lvezni a pihen\u00e9st!<\/strong><\/h2>\n<p>Ha egyszer m\u00e1r elkapott a lend\u00fclet, kem\u00e9ny feladatnak t\u0171nhet pihen\u0151napot tartani. A sportol\u00f3k gyakran hajlamosak arra, hogy a pihen\u0151napokat m\u00e1s tev\u00e9kenys\u00e9gekkel \u00e9s \u00fcgyint\u00e9z\u00e9ssel t\u00f6lts\u00e9k ki, ami azt eredm\u00e9nyezi, hogy v\u00e9g\u00fcl nem is nagyon pihennek. Ez a rossz szok\u00e1s t\u00faledz\u00e9shez vezethet, \u00e9s cs\u00f6kkentheti az energi\u00e1dat \u00e9s a motiv\u00e1ci\u00f3dat. Fogadd el, hogy sz\u00fcks\u00e9ged van pihen\u00e9sre, \u00e9s tanuld meg \u00e9lvezni azt. Ak\u00e1r el\u0151re be is \u00edrhatod a napt\u00e1radba, ha az seg\u00edt, hogy tartsd magad hozz\u00e1. Pihen\u00e9sk\u00e9nt pedig olyan tev\u00e9kenys\u00e9geket v\u00e9gezz, melyek egyar\u00e1nt seg\u00edtenek a fizikai \u00e9s ment\u00e1lis regener\u00e1l\u00f3d\u00e1sban.<\/p>\n<h2><strong>Megfelel\u0151en t\u00e1pl\u00e1ld a szervezeted!<\/strong><\/h2>\n<p>A min\u0151s\u00e9gi t\u00e1pl\u00e1lkoz\u00e1s \u00e9s a megfelel\u0151 folyad\u00e9kp\u00f3tl\u00e1s nagyban hozz\u00e1j\u00e1rulhat a ki\u00e9g\u00e9s megel\u0151z\u00e9s\u00e9hez. Sok sportol\u00f3 m\u00e9g mindig nem veszi el\u00e9g komolyan ezt a r\u00e9szt. Nem kell semmi rendk\u00edv\u00fclire gondolnod, csup\u00e1n nagy hangs\u00falyt kell fektetned az alapokra. Gy\u0151z\u0151dj meg r\u00f3la, hogy a napi f\u0151\u00e9tkez\u00e9seid sok feh\u00e9rj\u00e9t \u00e9s z\u00f6lds\u00e9get tartalmaznak. Vigy\u00e9l magaddal uzsonn\u00e1t \u00e9s sok folyad\u00e9kot a t\u00far\u00e1kra, az edz\u00e9sek ut\u00e1n pedig ism\u00e9t fogyassz feh\u00e9rj\u00e9ket \u00e9s sz\u00e9nhidr\u00e1tokat. Ha emellett figyelsz a min\u0151s\u00e9gi alv\u00e1sra \u00e9s a stressz megfelel\u0151 kezel\u00e9s\u00e9re, egy\u00e1ltal\u00e1n nem kell majd tartanod a ki\u00e9g\u00e9st\u0151l.<\/p>\n","protected":false},"excerpt":{"rendered":"<p>A sportol\u00f3i ki\u00e9g\u00e9s felismer\u00e9se nem k\u00f6nny\u0171, kezel\u00e9se pedig hossz\u00fa id\u0151t vesz ig\u00e9nybe. \u00c9pp ez\u00e9rt, sok bajt\u00f3l k\u00edm\u00e9lheted meg magad, ha [&hellip;]<\/p>\n","protected":false},"author":71,"featured_media":16773,"comment_status":"open","ping_status":"open","sticky":false,"template":"","format":"standard","meta":{"footnotes":""},"categories":[6],"tags":[],"global-categories":[],"class_list":["post-16771","post","type-post","status-publish","format-standard","has-post-thumbnail","hentry","category-edzes-es-eletmod"],"yoast_head":"<!-- This site is optimized with the Yoast SEO Premium plugin v25.3 (Yoast SEO v25.9) - https:\/\/yoast.com\/wordpress\/plugins\/seo\/ -->\n<title>Sportol\u00f3i ki\u00e9g\u00e9s - Hogyan el\u0151zhet\u0151 meg?<\/title>\n<meta name=\"description\" content=\"A sportol\u00f3i ki\u00e9g\u00e9s felismer\u00e9se nem k\u00f6nny\u0171, kezel\u00e9se pedig hossz\u00fa id\u0151t vesz ig\u00e9nybe. \u00c9pp ez\u00e9rt, sok bajt\u00f3l k\u00edm\u00e9lheted meg magad, ha siker\u00fcl megel\u0151zn\u00f6d a kialakul\u00e1s\u00e1t. Ebben a cikkben olyan gyakorlatias tippeket vesz\u00fcnk majd sorra, melyek goly\u00f3\u00e1ll\u00f3v\u00e1 tesznek a ki\u00e9g\u00e9ssel szemben, \u00e9s lehet\u0151v\u00e9 teszik, hogy hossz\u00fa t\u00e1von \u00e9lvezni tudd a ker\u00e9kp\u00e1roz\u00e1st.\" \/>\n<meta name=\"robots\" content=\"index, follow, max-snippet:-1, max-image-preview:large, max-video-preview:-1\" \/>\n<link rel=\"canonical\" href=\"https:\/\/www.welovecycling.com\/hu\/edzes-es-eletmod\/sportoloi-kieges-hogyan-elozheto-meg\/\" \/>\n<meta property=\"og:locale\" content=\"hu_HU\" \/>\n<meta property=\"og:type\" content=\"article\" \/>\n<meta property=\"og:title\" content=\"Sportol\u00f3i ki\u00e9g\u00e9s - Hogyan el\u0151zhet\u0151 meg?\" \/>\n<meta property=\"og:description\" content=\"A sportol\u00f3i ki\u00e9g\u00e9s felismer\u00e9se nem k\u00f6nny\u0171, kezel\u00e9se pedig hossz\u00fa id\u0151t vesz ig\u00e9nybe. \u00c9pp ez\u00e9rt, sok bajt\u00f3l k\u00edm\u00e9lheted meg magad, ha siker\u00fcl megel\u0151zn\u00f6d a kialakul\u00e1s\u00e1t. Ebben a cikkben olyan gyakorlatias tippeket vesz\u00fcnk majd sorra, melyek goly\u00f3\u00e1ll\u00f3v\u00e1 tesznek a ki\u00e9g\u00e9ssel szemben, \u00e9s lehet\u0151v\u00e9 teszik, hogy hossz\u00fa t\u00e1von \u00e9lvezni tudd a ker\u00e9kp\u00e1roz\u00e1st.\" \/>\n<meta property=\"og:url\" content=\"https:\/\/www.welovecycling.com\/hu\/edzes-es-eletmod\/sportoloi-kieges-hogyan-elozheto-meg\/\" \/>\n<meta property=\"og:site_name\" content=\"\u0160koda We Love Cycling - Magyarorsz\u00e1g\" \/>\n<meta property=\"article:publisher\" content=\"https:\/\/www.facebook.com\/WeLoveCyclingHungary\/\" \/>\n<meta property=\"article:published_time\" content=\"2023-01-12T06:00:59+00:00\" \/>\n<meta property=\"og:image\" content=\"https:\/\/d2p6e6u75xmxt8.cloudfront.net\/12\/2023\/01\/Cyclist-Training-Detail-profimedia-0566852925-CVR.webp\" \/>\n\t<meta property=\"og:image:width\" content=\"990\" \/>\n\t<meta property=\"og:image:height\" content=\"660\" \/>\n\t<meta property=\"og:image:type\" content=\"image\/webp\" \/>\n<meta name=\"author\" content=\"hegyizs\" \/>\n<meta name=\"twitter:card\" content=\"summary_large_image\" \/>\n<meta name=\"twitter:label1\" content=\"Written by\" \/>\n\t<meta name=\"twitter:data1\" content=\"Jiri Kaloc\" \/>\n\t<meta name=\"twitter:label2\" content=\"Est. reading time\" \/>\n\t<meta name=\"twitter:data2\" content=\"5\" \/>\n<script type=\"application\/ld+json\" class=\"yoast-schema-graph\">{\"@context\":\"https:\/\/schema.org\",\"@graph\":[{\"@type\":\"WebPage\",\"@id\":\"https:\/\/www.welovecycling.com\/hu\/edzes-es-eletmod\/sportoloi-kieges-hogyan-elozheto-meg\/\",\"url\":\"https:\/\/www.welovecycling.com\/hu\/edzes-es-eletmod\/sportoloi-kieges-hogyan-elozheto-meg\/\",\"name\":\"Sportol\u00f3i ki\u00e9g\u00e9s - Hogyan el\u0151zhet\u0151 meg?\",\"isPartOf\":{\"@id\":\"https:\/\/www.welovecycling.com\/hu\/#website\"},\"primaryImageOfPage\":{\"@id\":\"https:\/\/www.welovecycling.com\/hu\/edzes-es-eletmod\/sportoloi-kieges-hogyan-elozheto-meg\/#primaryimage\"},\"image\":{\"@id\":\"https:\/\/www.welovecycling.com\/hu\/edzes-es-eletmod\/sportoloi-kieges-hogyan-elozheto-meg\/#primaryimage\"},\"thumbnailUrl\":\"https:\/\/d2p6e6u75xmxt8.cloudfront.net\/12\/2023\/01\/Cyclist-Training-Detail-profimedia-0566852925-CVR.webp\",\"datePublished\":\"2023-01-12T06:00:59+00:00\",\"author\":{\"@id\":\"https:\/\/www.welovecycling.com\/hu\/#\/schema\/person\/414a2aebf1801691a5320edb6468e194\"},\"description\":\"A sportol\u00f3i ki\u00e9g\u00e9s felismer\u00e9se nem k\u00f6nny\u0171, kezel\u00e9se pedig hossz\u00fa id\u0151t vesz ig\u00e9nybe. \u00c9pp ez\u00e9rt, sok bajt\u00f3l k\u00edm\u00e9lheted meg magad, ha siker\u00fcl megel\u0151zn\u00f6d a kialakul\u00e1s\u00e1t. Ebben a cikkben olyan gyakorlatias tippeket vesz\u00fcnk majd sorra, melyek goly\u00f3\u00e1ll\u00f3v\u00e1 tesznek a ki\u00e9g\u00e9ssel szemben, \u00e9s lehet\u0151v\u00e9 teszik, hogy hossz\u00fa t\u00e1von \u00e9lvezni tudd a ker\u00e9kp\u00e1roz\u00e1st.\",\"breadcrumb\":{\"@id\":\"https:\/\/www.welovecycling.com\/hu\/edzes-es-eletmod\/sportoloi-kieges-hogyan-elozheto-meg\/#breadcrumb\"},\"inLanguage\":\"hu\",\"potentialAction\":[{\"@type\":\"ReadAction\",\"target\":[\"https:\/\/www.welovecycling.com\/hu\/edzes-es-eletmod\/sportoloi-kieges-hogyan-elozheto-meg\/\"]}]},{\"@type\":\"ImageObject\",\"inLanguage\":\"hu\",\"@id\":\"https:\/\/www.welovecycling.com\/hu\/edzes-es-eletmod\/sportoloi-kieges-hogyan-elozheto-meg\/#primaryimage\",\"url\":\"https:\/\/d2p6e6u75xmxt8.cloudfront.net\/12\/2023\/01\/Cyclist-Training-Detail-profimedia-0566852925-CVR.webp\",\"contentUrl\":\"https:\/\/d2p6e6u75xmxt8.cloudfront.net\/12\/2023\/01\/Cyclist-Training-Detail-profimedia-0566852925-CVR.webp\",\"width\":990,\"height\":660,\"caption\":\"Cyclist training\"},{\"@type\":\"BreadcrumbList\",\"@id\":\"https:\/\/www.welovecycling.com\/hu\/edzes-es-eletmod\/sportoloi-kieges-hogyan-elozheto-meg\/#breadcrumb\",\"itemListElement\":[{\"@type\":\"ListItem\",\"position\":1,\"name\":\"Home\",\"item\":\"https:\/\/www.welovecycling.com\/hu\/\"},{\"@type\":\"ListItem\",\"position\":2,\"name\":\"Sportol\u00f3i ki\u00e9g\u00e9s &#8211; Hogyan el\u0151zhet\u0151 meg?\"}]},{\"@type\":\"WebSite\",\"@id\":\"https:\/\/www.welovecycling.com\/hu\/#website\",\"url\":\"https:\/\/www.welovecycling.com\/hu\/\",\"name\":\"\u0160koda We Love Cycling - Magyarorsz\u00e1g\",\"description\":\"\u0160koda WeLoveCycling\",\"potentialAction\":[{\"@type\":\"SearchAction\",\"target\":{\"@type\":\"EntryPoint\",\"urlTemplate\":\"https:\/\/www.welovecycling.com\/hu\/?s={search_term_string}\"},\"query-input\":{\"@type\":\"PropertyValueSpecification\",\"valueRequired\":true,\"valueName\":\"search_term_string\"}}],\"inLanguage\":\"hu\"},{\"@type\":\"Person\",\"@id\":\"https:\/\/www.welovecycling.com\/hu\/#\/schema\/person\/414a2aebf1801691a5320edb6468e194\",\"name\":\"hegyizs\",\"image\":{\"@type\":\"ImageObject\",\"inLanguage\":\"hu\",\"@id\":\"https:\/\/www.welovecycling.com\/hu\/#\/schema\/person\/image\/\",\"url\":\"https:\/\/secure.gravatar.com\/avatar\/02cf8a7906b8cf90cecb4679defac7cfd33a1c2e3b88e4903d947f3bb58eedd3?s=96&d=mm&r=g\",\"contentUrl\":\"https:\/\/secure.gravatar.com\/avatar\/02cf8a7906b8cf90cecb4679defac7cfd33a1c2e3b88e4903d947f3bb58eedd3?s=96&d=mm&r=g\",\"caption\":\"hegyizs\"},\"url\":\"https:\/\/www.welovecycling.com\/hu\/author\/hegyizs\/\"}]}<\/script>\n<!-- \/ Yoast SEO Premium plugin. -->","yoast_head_json":{"title":"Sportol\u00f3i ki\u00e9g\u00e9s - Hogyan el\u0151zhet\u0151 meg?","description":"A sportol\u00f3i ki\u00e9g\u00e9s felismer\u00e9se nem k\u00f6nny\u0171, kezel\u00e9se pedig hossz\u00fa id\u0151t vesz ig\u00e9nybe. \u00c9pp ez\u00e9rt, sok bajt\u00f3l k\u00edm\u00e9lheted meg magad, ha siker\u00fcl megel\u0151zn\u00f6d a kialakul\u00e1s\u00e1t. Ebben a cikkben olyan gyakorlatias tippeket vesz\u00fcnk majd sorra, melyek goly\u00f3\u00e1ll\u00f3v\u00e1 tesznek a ki\u00e9g\u00e9ssel szemben, \u00e9s lehet\u0151v\u00e9 teszik, hogy hossz\u00fa t\u00e1von \u00e9lvezni tudd a ker\u00e9kp\u00e1roz\u00e1st.","robots":{"index":"index","follow":"follow","max-snippet":"max-snippet:-1","max-image-preview":"max-image-preview:large","max-video-preview":"max-video-preview:-1"},"canonical":"https:\/\/www.welovecycling.com\/hu\/edzes-es-eletmod\/sportoloi-kieges-hogyan-elozheto-meg\/","og_locale":"hu_HU","og_type":"article","og_title":"Sportol\u00f3i ki\u00e9g\u00e9s - Hogyan el\u0151zhet\u0151 meg?","og_description":"A sportol\u00f3i ki\u00e9g\u00e9s felismer\u00e9se nem k\u00f6nny\u0171, kezel\u00e9se pedig hossz\u00fa id\u0151t vesz ig\u00e9nybe. \u00c9pp ez\u00e9rt, sok bajt\u00f3l k\u00edm\u00e9lheted meg magad, ha siker\u00fcl megel\u0151zn\u00f6d a kialakul\u00e1s\u00e1t. Ebben a cikkben olyan gyakorlatias tippeket vesz\u00fcnk majd sorra, melyek goly\u00f3\u00e1ll\u00f3v\u00e1 tesznek a ki\u00e9g\u00e9ssel szemben, \u00e9s lehet\u0151v\u00e9 teszik, hogy hossz\u00fa t\u00e1von \u00e9lvezni tudd a ker\u00e9kp\u00e1roz\u00e1st.","og_url":"https:\/\/www.welovecycling.com\/hu\/edzes-es-eletmod\/sportoloi-kieges-hogyan-elozheto-meg\/","og_site_name":"\u0160koda We Love Cycling - Magyarorsz\u00e1g","article_publisher":"https:\/\/www.facebook.com\/WeLoveCyclingHungary\/","article_published_time":"2023-01-12T06:00:59+00:00","og_image":[{"width":990,"height":660,"url":"https:\/\/d2p6e6u75xmxt8.cloudfront.net\/12\/2023\/01\/Cyclist-Training-Detail-profimedia-0566852925-CVR.webp","type":"image\/webp"}],"author":"hegyizs","twitter_card":"summary_large_image","twitter_misc":{"Written by":"Jiri Kaloc","Est. reading time":"5"},"schema":{"@context":"https:\/\/schema.org","@graph":[{"@type":"WebPage","@id":"https:\/\/www.welovecycling.com\/hu\/edzes-es-eletmod\/sportoloi-kieges-hogyan-elozheto-meg\/","url":"https:\/\/www.welovecycling.com\/hu\/edzes-es-eletmod\/sportoloi-kieges-hogyan-elozheto-meg\/","name":"Sportol\u00f3i ki\u00e9g\u00e9s - Hogyan el\u0151zhet\u0151 meg?","isPartOf":{"@id":"https:\/\/www.welovecycling.com\/hu\/#website"},"primaryImageOfPage":{"@id":"https:\/\/www.welovecycling.com\/hu\/edzes-es-eletmod\/sportoloi-kieges-hogyan-elozheto-meg\/#primaryimage"},"image":{"@id":"https:\/\/www.welovecycling.com\/hu\/edzes-es-eletmod\/sportoloi-kieges-hogyan-elozheto-meg\/#primaryimage"},"thumbnailUrl":"https:\/\/d2p6e6u75xmxt8.cloudfront.net\/12\/2023\/01\/Cyclist-Training-Detail-profimedia-0566852925-CVR.webp","datePublished":"2023-01-12T06:00:59+00:00","author":{"@id":"https:\/\/www.welovecycling.com\/hu\/#\/schema\/person\/414a2aebf1801691a5320edb6468e194"},"description":"A sportol\u00f3i ki\u00e9g\u00e9s felismer\u00e9se nem k\u00f6nny\u0171, kezel\u00e9se pedig hossz\u00fa id\u0151t vesz ig\u00e9nybe. \u00c9pp ez\u00e9rt, sok bajt\u00f3l k\u00edm\u00e9lheted meg magad, ha siker\u00fcl megel\u0151zn\u00f6d a kialakul\u00e1s\u00e1t. Ebben a cikkben olyan gyakorlatias tippeket vesz\u00fcnk majd sorra, melyek goly\u00f3\u00e1ll\u00f3v\u00e1 tesznek a ki\u00e9g\u00e9ssel szemben, \u00e9s lehet\u0151v\u00e9 teszik, hogy hossz\u00fa t\u00e1von \u00e9lvezni tudd a ker\u00e9kp\u00e1roz\u00e1st.","breadcrumb":{"@id":"https:\/\/www.welovecycling.com\/hu\/edzes-es-eletmod\/sportoloi-kieges-hogyan-elozheto-meg\/#breadcrumb"},"inLanguage":"hu","potentialAction":[{"@type":"ReadAction","target":["https:\/\/www.welovecycling.com\/hu\/edzes-es-eletmod\/sportoloi-kieges-hogyan-elozheto-meg\/"]}]},{"@type":"ImageObject","inLanguage":"hu","@id":"https:\/\/www.welovecycling.com\/hu\/edzes-es-eletmod\/sportoloi-kieges-hogyan-elozheto-meg\/#primaryimage","url":"https:\/\/d2p6e6u75xmxt8.cloudfront.net\/12\/2023\/01\/Cyclist-Training-Detail-profimedia-0566852925-CVR.webp","contentUrl":"https:\/\/d2p6e6u75xmxt8.cloudfront.net\/12\/2023\/01\/Cyclist-Training-Detail-profimedia-0566852925-CVR.webp","width":990,"height":660,"caption":"Cyclist training"},{"@type":"BreadcrumbList","@id":"https:\/\/www.welovecycling.com\/hu\/edzes-es-eletmod\/sportoloi-kieges-hogyan-elozheto-meg\/#breadcrumb","itemListElement":[{"@type":"ListItem","position":1,"name":"Home","item":"https:\/\/www.welovecycling.com\/hu\/"},{"@type":"ListItem","position":2,"name":"Sportol\u00f3i ki\u00e9g\u00e9s &#8211; Hogyan el\u0151zhet\u0151 meg?"}]},{"@type":"WebSite","@id":"https:\/\/www.welovecycling.com\/hu\/#website","url":"https:\/\/www.welovecycling.com\/hu\/","name":"\u0160koda We Love Cycling - Magyarorsz\u00e1g","description":"\u0160koda WeLoveCycling","potentialAction":[{"@type":"SearchAction","target":{"@type":"EntryPoint","urlTemplate":"https:\/\/www.welovecycling.com\/hu\/?s={search_term_string}"},"query-input":{"@type":"PropertyValueSpecification","valueRequired":true,"valueName":"search_term_string"}}],"inLanguage":"hu"},{"@type":"Person","@id":"https:\/\/www.welovecycling.com\/hu\/#\/schema\/person\/414a2aebf1801691a5320edb6468e194","name":"hegyizs","image":{"@type":"ImageObject","inLanguage":"hu","@id":"https:\/\/www.welovecycling.com\/hu\/#\/schema\/person\/image\/","url":"https:\/\/secure.gravatar.com\/avatar\/02cf8a7906b8cf90cecb4679defac7cfd33a1c2e3b88e4903d947f3bb58eedd3?s=96&d=mm&r=g","contentUrl":"https:\/\/secure.gravatar.com\/avatar\/02cf8a7906b8cf90cecb4679defac7cfd33a1c2e3b88e4903d947f3bb58eedd3?s=96&d=mm&r=g","caption":"hegyizs"},"url":"https:\/\/www.welovecycling.com\/hu\/author\/hegyizs\/"}]}},"_links":{"self":[{"href":"https:\/\/www.welovecycling.com\/hu\/wp-json\/wp\/v2\/posts\/16771","targetHints":{"allow":["GET"]}}],"collection":[{"href":"https:\/\/www.welovecycling.com\/hu\/wp-json\/wp\/v2\/posts"}],"about":[{"href":"https:\/\/www.welovecycling.com\/hu\/wp-json\/wp\/v2\/types\/post"}],"author":[{"embeddable":true,"href":"https:\/\/www.welovecycling.com\/hu\/wp-json\/wp\/v2\/users\/71"}],"replies":[{"embeddable":true,"href":"https:\/\/www.welovecycling.com\/hu\/wp-json\/wp\/v2\/comments?post=16771"}],"version-history":[{"count":1,"href":"https:\/\/www.welovecycling.com\/hu\/wp-json\/wp\/v2\/posts\/16771\/revisions"}],"predecessor-version":[{"id":16774,"href":"https:\/\/www.welovecycling.com\/hu\/wp-json\/wp\/v2\/posts\/16771\/revisions\/16774"}],"wp:featuredmedia":[{"embeddable":true,"href":"https:\/\/www.welovecycling.com\/hu\/wp-json\/wp\/v2\/media\/16773"}],"wp:attachment":[{"href":"https:\/\/www.welovecycling.com\/hu\/wp-json\/wp\/v2\/media?parent=16771"}],"wp:term":[{"taxonomy":"category","embeddable":true,"href":"https:\/\/www.welovecycling.com\/hu\/wp-json\/wp\/v2\/categories?post=16771"},{"taxonomy":"post_tag","embeddable":true,"href":"https:\/\/www.welovecycling.com\/hu\/wp-json\/wp\/v2\/tags?post=16771"},{"taxonomy":"global-categories","embeddable":true,"href":"https:\/\/www.welovecycling.com\/hu\/wp-json\/wp\/v2\/global-categories?post=16771"}],"curies":[{"name":"wp","href":"https:\/\/api.w.org\/{rel}","templated":true}]}}