{"id":16752,"date":"2023-01-11T08:00:07","date_gmt":"2023-01-11T06:00:07","guid":{"rendered":"https:\/\/www.welovecycling.com\/hu\/?p=16752"},"modified":"2023-01-06T16:26:58","modified_gmt":"2023-01-06T14:26:58","slug":"a-2023-as-szezon-varhato-kilatasai-matt-stephens-szerint","status":"publish","type":"post","link":"https:\/\/www.welovecycling.com\/hu\/orszaguti-kerekpar\/a-2023-as-szezon-varhato-kilatasai-matt-stephens-szerint\/","title":{"rendered":"A 2023-as szezon v\u00e1rhat\u00f3 kil\u00e1t\u00e1sai &#8211; Matt Stephens szerint"},"content":{"rendered":"<p><strong>A mostani elk\u00e9peszt\u0151 szezon ut\u00e1n, amely minden id\u0151k legizgalmasabb, legv\u00e1ratlanabb versenyeit hozta, a 2023-as szezonnak van mit fel\u00fclm\u00falnia. Val\u00f3j\u00e1ban ha 2023-at egy emberk\u00e9nt k\u00e9pzelem el, akkor szerintem most el\u00e9gg\u00e9 ideges lenne, mivel 2022 val\u00f3ban nagyon magasra tette a m\u00e9rc\u00e9t. A ker\u00e9kp\u00e1rversenyz\u00e9s v\u00e9gs\u0151 soron a sz\u00f3rakoztat\u00e1sr\u00f3l sz\u00f3l. Ezt n\u00e9ha k\u00f6nny\u0171 elfelejteni. Persze a profi versenyz\u0151k nem biztos, hogy sz\u00f3rakoztatni akarnak minket, \u0151k csak a versenyt akarj\u00e1k megnyerni, m\u00e9gis, a mai versenyek elk\u00e9peszt\u0151en sz\u00f3rakoztat\u00f3ak. \u00c9s ami fontos, inspir\u00e1l\u00f3ak is. Ez a sport var\u00e1zsa.<\/strong><\/p>\n<p><!--more--><\/p>\n<p>Sz\u00f3val, 2023-ra visszat\u00e9rve, hol is kezdjem? Nos, ahelyett, hogy h\u00f3napr\u00f3l h\u00f3napra, futamr\u00f3l futamra v\u00e9gigmenn\u00e9k a napt\u00e1ron, egyszer\u0171en csak kiv\u00e1lasztom azokat a versenyeket \u00e9s a szezon azon r\u00e9szeit, amiket a legjobban v\u00e1rok, a saj\u00e1t szem\u00e9lyes n\u00e9z\u0151pontom alapj\u00e1n. Ezek k\u00f6z\u00fcl sok versenyen ott is leszek, tud\u00f3s\u00edtok vagy komment\u00e1lok, de legink\u00e1bb a k\u00fcl\u00f6nleges hangulatot sz\u00edvom magamba, bel\u00e9legzem az eg\u00e9szet. Rem\u00e9lhet\u0151leg ezekb\u0151l az \u00e9lm\u00e9nyekb\u0151l n\u00e9h\u00e1nyat megoszthatok majd veletek is a We Love Cycling oldalon kereszt\u00fcl. Annyira izgalmas! Val\u00f3j\u00e1ban m\u00e1r most, \u00edr\u00e1s k\u00f6zben is eszembe jut, mennyire hi\u00e1nyzik a versenyz\u00e9s.<\/p>\n<h2><strong>A Santos Tour Down Under<\/strong><\/h2>\n<p>Az els\u0151 verseny, amit k\u00e9t \u00e9v kihagy\u00e1s ut\u00e1n szeretn\u00e9k \u00fajra a napt\u00e1rban l\u00e1tni, a janu\u00e1r k\u00f6zep\u00e9n megrendez\u00e9sre ker\u00fcl\u0151 Santos Tour Down Under. Ez lesz az els\u0151 alkalom, hogy megn\u00e9zz\u00fck az \u00f6sszes f\u00e9rfi \u00e9s n\u0151i csapat \u00faj (vagy nem \u00faj) felszerel\u00e9s\u00e9t, r\u00e1ad\u00e1sul mindig \u00e9lvezem, ha a m\u00e1s csapatokhoz \u00e1tigazolt versenyz\u0151ket az \u00faj mez\u00fckben l\u00e1thatom. K\u00fcl\u00f6n\u00f6sen akkor, ha egy versenyz\u0151 \u00e9veket t\u00f6lt\u00f6tt egy m\u00e1sik csapatn\u00e1l. Nem tudom, mi\u00e9rt tal\u00e1lom ezt olyan leny\u0171g\u00f6z\u0151nek, de \u00edgy van \u00e9s k\u00e9sz! Mivel ez egy World Tour-verseny, el\u0151sz\u00f6r l\u00e1thatjuk majd azt is, kinek milyen j\u00f3 l\u00e1bai vannak, illetve hogyan teljes\u00edtenek az \u00faj sprintbefut\u00f3k. A mez\u0151ny is nagyon er\u0151s: a korai jelentkez\u0151k k\u00f6z\u00f6tt Geraint Thomas, Jai Hindley \u00e9s Caleb Ewan is a nagy nevek k\u00f6z\u00e9 tartoznak.<\/p>\n<h2><strong>\u201cNyit\u00f3 h\u00e9tv\u00e9ge\u201d Belgiumban<\/strong><\/h2>\n<p>B\u00e1r a versenyek m\u00e1r k\u00f6r\u00fclbel\u00fcl \u00f6t hete zajlanak, ez a h\u00e9tv\u00e9ge jelenti sokak sz\u00e1m\u00e1ra az igazi nyit\u00e1nyt. Febru\u00e1r 25-\u00e9n, szombaton zajlik az Omloop Het Nieuwsblad (f\u00e9rfiakkal \u00e9s n\u0151kkel), majd vas\u00e1rnap a Kuurne-Brussel-Kuurne k\u00f6vetkezik. Az el\u0151bbin kider\u00fcl, kik indulnak a tavaszi\u00a0 klasszikus macskak\u00f6ves versenyeken, az ut\u00f3bbin pedig az, hogy a sprinterek k\u00f6z\u00fcl ki lesz az els\u0151, aki leteszi a n\u00e9vjegy\u00e9t. Sokak szem\u00e9ben ezut\u00e1n a k\u00e9t verseny ut\u00e1n kezd\u0151dik val\u00f3ban a szezon!<\/p>\n<h2><strong>Strade Bianche<\/strong><\/h2>\n<p>A m\u00e1rcius elej\u00e9n megrendezett Strade Bianche az egyik kedvenc versenyem. Minden megvan benne: leny\u0171g\u00f6z\u0151 toszk\u00e1n t\u00e1j, kih\u00edv\u00e1st jelent\u0151, m\u00e9gis izgalmas feh\u00e9r kavicsos utak (amik olaszul &#8220;sterrato&#8221; n\u00e9ven ismertek), r\u00f6vid, \u00e9les emelked\u0151k, egy ikonikus c\u00e9l Sien\u00e1ban, \u00e9s egy olyan hely, ami \u00e9vr\u0151l \u00e9vre kem\u00e9ny \u00e9s l\u00e1tv\u00e1nyos versenyeket rendez. Azt is tudom, hogy<a href=\"https:\/\/www.welovecycling.com\/hu\/orszaguti-kerekpar\/kasia-niewidoma-az-elektromos-autokrol-es-arrol-hogyan-segithetik-egy-profi-kerekparos-eletet\/\"> Kasia Niewiadoma<\/a> egyik kedvenc versenye, \u00edgy mindannyian szurkolunk neki! Mindk\u00e9t versenyen ott leszek a helysz\u00ednen komment\u00e1tork\u00e9nt, \u00e9s m\u00e1r alig v\u00e1rom.<\/p>\n<h2><strong>Milano-Sanremo<\/strong><\/h2>\n<p>Olaszorsz\u00e1gban maradva, m\u00e1rciusban a f\u00e9rfiak sz\u00e1m\u00e1ra az \u00e9v nyit\u00f3 esem\u00e9nye Milano-Sanrem\u00f3ban lesz. Ez egy klasszikus verseny, hossz\u00fa megm\u00e9rettet\u00e9s k\u00f6zel 300 km-en kereszt\u00fcl, l\u00e1tv\u00e1nyos fin\u00e1l\u00e9val, amikor is a mez\u0151ny marad\u00e9ka megm\u00e1ssza az ikonikus Poggio-t, miel\u0151tt lezuhan a kanyarg\u00f3s lejt\u0151n Sanrem\u00f3ba. Az 1907 \u00f3ta l\u00e9tez\u0151 verseny sz\u00e9ps\u00e9ge abban rejlik, hogy a gy\u0151ztes b\u00e1rki lehet: sprinter, hegyi men\u0151, a s\u00edk terepek kir\u00e1lya\u2026<\/p>\n<h2><strong>A tavaszi klasszikusok<\/strong><\/h2>\n<p>M\u00e1rcius v\u00e9g\u00e9n \u00e9s \u00e1prilis elej\u00e9n elj\u00f6n a macskak\u00f6ves versenyek ideje: a tavaszi klasszikusok. Els\u0151sorban a Gent-Wevelgemr\u0151l, a Flandria k\u00f6rversenyr\u0151l \u00e9s a P\u00e1rizs-Roubaix-r\u00f3l besz\u00e9l\u00fcnk. Az ut\u00f3bbi kett\u0151 sport\u00e1gunk csillagainak sz\u00e1m\u00edt \u00e9s az egyik megnyer\u00e9se egy versenyz\u0151 eg\u00e9sz p\u00e1lyafut\u00e1s\u00e1t meghat\u00e1rozhatja. Emellett a sport k\u00e9t tit\u00e1nja, Wout van Aert \u00e9s Mathieu van der Poel k\u00f6z\u00f6tt zajl\u00f3 p\u00e1rharcot is izgatottan v\u00e1rjuk. A puszta l\u00e1tv\u00e1nyoss\u00e1g szempontj\u00e1b\u00f3l a Flandri\u00e1t \u00e9s a Roubaix-t is neh\u00e9z fel\u00fclm\u00falni. \u00c9s ha m\u00e9g soha nem volt\u00e1l egyiken sem, p\u00f3told be! Meg fogod k\u00f6sz\u00f6nni! Ezt az \u00e9lm\u00e9nyt sosem felejted el.<\/p>\n<figure id=\"attachment_14662\" aria-describedby=\"caption-attachment-14662\" style=\"width: 1000px\" class=\"wp-caption alignnone\"><a href=\"https:\/\/d2p6e6u75xmxt8.cloudfront.net\/12\/2022\/04\/2022-Paris-Roubaix-profimedia-0683948535.jpg\"><img loading=\"lazy\" decoding=\"async\" class=\"wp-image-14662 size-full\" src=\"https:\/\/d2p6e6u75xmxt8.cloudfront.net\/12\/2022\/04\/2022-Paris-Roubaix-profimedia-0683948535.jpg\" alt=\"Paris\u2013Roubaix\" width=\"1000\" height=\"666\" srcset=\"https:\/\/d2p6e6u75xmxt8.cloudfront.net\/12\/2022\/04\/2022-Paris-Roubaix-profimedia-0683948535.jpg 1000w, https:\/\/d2p6e6u75xmxt8.cloudfront.net\/12\/2022\/04\/2022-Paris-Roubaix-profimedia-0683948535-300x200.jpg 300w, https:\/\/d2p6e6u75xmxt8.cloudfront.net\/12\/2022\/04\/2022-Paris-Roubaix-profimedia-0683948535-768x511.jpg 768w, https:\/\/d2p6e6u75xmxt8.cloudfront.net\/12\/2022\/04\/2022-Paris-Roubaix-profimedia-0683948535-272x182.jpg 272w\" sizes=\"auto, (max-width: 1000px) 100vw, 1000px\" \/><\/a><figcaption id=\"caption-attachment-14662\" class=\"wp-caption-text\"><em>A tavaszi klasszikusok meg\u00e9rik a v\u00e1rakoz\u00e1st. \u00a9 Profimedia<\/em><\/figcaption><\/figure>\n<h2><strong>Giro d&#8217;Italia<\/strong><\/h2>\n<p>Az \u00e1prilisi Ardenneki klasszikusok, a Fl\u00e8che Wallonne, a Li\u00e9ge-Bastogne-Li\u00e9ge \u00e9s az Amstel Gold ut\u00e1n az \u00e9v els\u0151 Grand Tourja, a Giro D&#8217;Italia v\u00e1r r\u00e1nk, \u00e9s a szezon k\u00f6z\u00e9ppontj\u00e1ban a h\u00e1romhetes epikus szakaszversenyekre val\u00f3 felk\u00e9sz\u00fcl\u00e9s \u00e1ll. Minden alkalommal k\u00edv\u00e1ncsian v\u00e1rom, hogy ki ragyog majd az olyan versenyeken, mint a Tour of Romandy, valamint az Ardenneki Klasszikusok, mivel ezek a versenyek egy\u00e9rtelm\u0171 jelz\u00e9st adnak arr\u00f3l, hogy ki fog j\u00f3l teljes\u00edteni a Gir\u00f3n.<\/p>\n<p>T\u00e9rj\u00fcnk r\u00e1 a Giro D&#8217;Itali\u00e1ra, ami a 106. alkalommal ker\u00fcl megrendez\u00e9sre. M\u00e1r t\u00f6bb nagynev\u0171 versenyz\u0151 is bejelentette r\u00e9szv\u00e9tel\u00e9t, k\u00f6zt\u00fck az orsz\u00e1g\u00fati vil\u00e1gbajnok \u00e9s 2022-es Vuelta-gy\u0151ztes Remco Evenepoel \u00e9s a 2018-as Tour de France-gy\u0151ztes Geraint Thomas, mindkett\u0151j\u00fcket vonzza a 3 szakaszra osztott 70 kilom\u00e9teres id\u0151futam, ami jelent\u0151sen t\u00f6bb, mint b\u00e1rmi m\u00e1s a 2023-as Grand Tourokon. Id\u00e9n a &#8220;Corsa Rosa&#8221;-t teljes eg\u00e9sz\u00e9ben Olaszorsz\u00e1gban rendezik meg. Az Adriai-tenger partj\u00e1n indul \u00e9s R\u00f3m\u00e1ban \u00e9r v\u00e9get, 3448 kilom\u00e9tere alatt t\u00f6bb mint 51 000 m\u00e9ternyi emelked\u0151t kell megtenni. Vajon Evenepoel meg tudja-e nyerni m\u00e1sodik Grand Tour-verseny\u00e9t a 2024-es Tour de France-ra vezet\u0151 \u00faton, vagy Geraint Thomas, tal\u00e1n utols\u00f3 szezonj\u00e1ban hozz\u00e1 tudja-e adni a Gir\u00f3t Tour-gy\u0151zelmeinek hossz\u00fa sor\u00e1hoz? A Giro mindig k\u00fcl\u00f6nleges, \u00e9s az idei \u00e9v egy szuper \u00e9vj\u00e1rat lehet. \u00c9n ism\u00e9t ott leszek, komment\u00e1lok, \u00e9s k\u00fcld\u00f6k n\u00e9h\u00e1ny k\u00e9pet!<\/p>\n<h2><strong>Tour de France \u00e9s Tour de France Femmes avec Zwift<\/strong><\/h2>\n<p>A k\u00f6vetkez\u0151 verseny a lista \u00e9l\u00e9n \u00e1ll: maga a Le Grand Boucle, a Tour de France. Ami\u00f3ta Jonas Vingegaard dr\u00e1mai m\u00f3don a Col du Granon lejt\u0151in Tadej Poga\u010dart\u00f3l elvette a s\u00e1rga trik\u00f3t, \u00e9s eg\u00e9szen P\u00e1rizsig vitte, az\u00f3ta v\u00e1gyunk a visszav\u00e1g\u00f3ra. A k\u00e9t ker\u00e9kp\u00e1ros csodagyerek k\u00f6z\u00f6tti intenz\u00edv rivaliz\u00e1l\u00e1st a sportszer\u0171s\u00e9g\u00fck miatt szeretj\u00fck a legink\u00e1bb. Poga\u010dar vissza akarja szerezni a c\u00edmet, csapata pedig er\u0151s\u00edti hegym\u00e1sz\u00f3 tehets\u00e9g\u00e9t, \u00e9s k\u00e9ts\u00e9gtelen\u00fcl keresni fogja a m\u00f3dj\u00e1t, hogyan sz\u00e1lljon szembe Jumbo Visma taktikai kiv\u00e1l\u00f3s\u00e1g\u00e1val \u00e9s nyers erej\u00e9vel.<\/p>\n<p>A 110. Tour az ut\u00f3bbi \u00e9vek egyik leg\u00f6tletesebb \u00fatvonal\u00e1t k\u00edn\u00e1lja. Kem\u00e9ny, \u00f6sszetett rajt Baszkf\u00f6ld\u00f6n, majd t\u00f6bb nap hegyek \u00e9s dombok k\u00f6z\u00f6tt. Term\u00e9keny talaj az agressz\u00edv versenyz\u00e9shez, melyet neh\u00e9z ir\u00e1ny\u00edtani. Ha ehhez hozz\u00e1vessz\u00fck, hogy csak egy id\u0151futam van, 22 km a 16. szakaszon, akkor egy olyan p\u00e1ly\u00e1t kapunk, amely megk\u00f6veteli, hogy az ezen k\u00edv\u00fcli lehet\u0151s\u00e9gekre koncentr\u00e1ljunk. A s\u00e1rg\u00e1\u00e9rt folytatott harc mellett, szem\u00e9lyes szinten szeretn\u00e9m l\u00e1tni, hogy Mark Cavendish megd\u00f6nti a szakaszgy\u0151zelmek rekordj\u00e1t, amit Eddy Merckx-szel k\u00f6z\u00f6sen tart. Ism\u00e9t a helysz\u00ednen leszek az Eurosport\/GCN-t k\u00e9pviselve, \u00e9s term\u00e9szetesen minden nap megl\u00e1togatom a \u0160koda standj\u00e1t a rajtfaluban!<\/p>\n<p>K\u00f6zvetlen\u00fcl a Tour ut\u00e1n k\u00f6vetkezik a m\u00e1sodik Tour de France Femmes avec Zwift. Az els\u0151 kiad\u00e1s minden szinten fel\u00fclm\u00falta a v\u00e1rakoz\u00e1sokat. Vajon Annemiek van Vleuten k\u00e9pes lesz \u00fajra gy\u0151zedelmeskedni, az utols\u00f3 szezonj\u00e1ban? Vagy az olyan versenyz\u0151k \u00e9rv\u00e9nyes\u00fclnek majd, mint Demi Vollering, Kasia Niewiadoma vagy Juliette Labous? Nem tudom, hol leszek ezen a versenyen, de figyelemmel fogom k\u00eds\u00e9rni!<\/p>\n<h2><strong>UCI Ker\u00e9kp\u00e1ros Vil\u00e1gbajnoks\u00e1g<\/strong><\/h2>\n<p>A UCI Ker\u00e9kp\u00e1ros Vil\u00e1gbajnoks\u00e1g els\u0151 alkalommal egyes\u00edt h\u00e9t ker\u00e9kp\u00e1ros szak\u00e1gat minden id\u0151k legnagyobb biciklis esem\u00e9ny\u00e9n, augusztus 3-13. k\u00f6z\u00f6tt. Egyszer\u0171en fogalmazva, az egyetlen szak\u00e1g, amely nem lesz ott, az a Cyclo Cross. A sk\u00f3ciai Glasgowban megrendez\u00e9sre ker\u00fcl\u0151 11 napos versenyen t\u00f6bb mint 200 Rainbow Jerseyt lehet majd elnyerni. Alig v\u00e1rom! A ker\u00e9kp\u00e1rsport minden elem\u00e9t \u00f6sszehozni csod\u00e1latos lesz, \u00e9s term\u00e9szetesen valamilyen form\u00e1ban \u00e9n is ott leszek! El leszek k\u00e9nyeztetve, mivel sz\u00e1mos esem\u00e9nyre egyszerre ker\u00fcl sor. K\u00e9ts\u00e9gtelen\u00fcl ez lesz a cs\u00facspont a cs\u00facspontok k\u00f6z\u00f6tt!<\/p>\n<h2><strong>Vuelta a Espa\u00f1a<\/strong><\/h2>\n<p>Nem hagyhatom le a Vuelta a Espan\u00e1t a list\u00e1mr\u00f3l, mivel ez a verseny mindig sz\u00f3rakoztat\u00f3, \u00e9s lehet\u0151s\u00e9get ad a versenyz\u0151knek, hogy legy\u0151zz\u00e9k saj\u00e1t magukat, vagy megments\u00e9k a szezont, ha a dolgok nem j\u00f3l alakultak, ami sport\u00e1gunk term\u00e9szet\u00e9b\u0151l ad\u00f3d\u00f3an gyakran el\u0151fordul. A 76. Vuelta Barcelon\u00e1ban egy 14 km-es id\u0151futammal kezd\u0151dik, \u00e9s b\u00e1r a hivatalos \u00fatvonalat m\u00e9g nem jelentett\u00e9k be, a pletyk\u00e1k szerint a f\u00e9lelmetes Angliru emelked\u0151 \u00e9s az ikonikus Col du Tourmalet is benne lesz. Majd megl\u00e1tjuk! Az is elk\u00e9pzelhet\u0151, hogy Remco Evenepoel visszat\u00e9r, hogy megv\u00e9dje 2022-es c\u00edm\u00e9t. Hossz\u00fa id\u0151 \u00f3ta \u0151 lesz az els\u0151 versenyz\u0151, aki dupl\u00e1zik a Giro\/Vuelt\u00e1n? Sok minden t\u00f6rt\u00e9nhet m\u00e9g addig, de izgalmas k\u00e9rd\u00e9s, nem igaz?<\/p>\n<h2><strong>Il Lombardia<\/strong><\/h2>\n<p>Az \u00e9v lez\u00e1r\u00e1sak\u00e9nt \u00c9szak-Olaszorsz\u00e1gba \u00e9s a Com\u00f3i-t\u00f3 partj\u00e1ra utazom a &#8220;hull\u00f3 levelek verseny\u00e9re&#8221;, az Il Lombardia-ra. Ez a verseny, amely m\u00e9g 1905-ben indult, l\u00e9nyeg\u00e9ben a szezon z\u00e1r\u00f3esem\u00e9nye, egyben egy izgalmas verseny, amely minden \u00e9vben v\u00e1ltoz\u00f3 p\u00e1ly\u00e1kkal rendelkezik, \u00edgy elveszi a sablonoss\u00e1g \u00e9rzet\u00e9t, ami sz\u00e1momra j\u00f3 dolog. Tadej Poga\u010dar 2021-ben \u00e9s 2022-ben is gy\u0151z\u00f6tt, vajon siker\u00fclhet-e neki az \u00e9vet egy hatos tr\u00fckkel z\u00e1rnia?<\/p>\n<p>Hajr\u00e1 2023!!!<\/p>\n","protected":false},"excerpt":{"rendered":"<p>A mostani elk\u00e9peszt\u0151 szezon ut\u00e1n, amely minden id\u0151k legizgalmasabb, legv\u00e1ratlanabb versenyeit hozta, a 2023-as szezonnak van mit fel\u00fclm\u00falnia. Val\u00f3j\u00e1ban ha [&hellip;]<\/p>\n","protected":false},"author":71,"featured_media":16754,"comment_status":"open","ping_status":"open","sticky":false,"template":"","format":"standard","meta":{"footnotes":""},"categories":[8],"tags":[],"global-categories":[],"class_list":["post-16752","post","type-post","status-publish","format-standard","has-post-thumbnail","hentry","category-orszaguti-kerekpar"],"yoast_head":"<!-- This site is optimized with the Yoast SEO Premium plugin v25.3 (Yoast SEO v25.9) - https:\/\/yoast.com\/wordpress\/plugins\/seo\/ -->\n<title>A 2023-as szezon v\u00e1rhat\u00f3 kil\u00e1t\u00e1sai - Matt Stephens szerint<\/title>\n<meta name=\"description\" content=\"A mostani elk\u00e9peszt\u0151 szezon ut\u00e1n, amely minden id\u0151k legizgalmasabb, legv\u00e1ratlanabb versenyeit hozta, a 2023-as szezonnak van mit fel\u00fclm\u00falnia. Val\u00f3j\u00e1ban ha 2023-at egy emberk\u00e9nt k\u00e9pzelem el, akkor szerintem most el\u00e9gg\u00e9 ideges lenne, mivel 2022 val\u00f3ban nagyon magasra tette a m\u00e9rc\u00e9t.\" \/>\n<meta name=\"robots\" content=\"index, follow, max-snippet:-1, max-image-preview:large, max-video-preview:-1\" \/>\n<link rel=\"canonical\" href=\"https:\/\/www.welovecycling.com\/hu\/orszaguti-kerekpar\/a-2023-as-szezon-varhato-kilatasai-matt-stephens-szerint\/\" \/>\n<meta property=\"og:locale\" content=\"hu_HU\" \/>\n<meta property=\"og:type\" content=\"article\" \/>\n<meta property=\"og:title\" content=\"A 2023-as szezon v\u00e1rhat\u00f3 kil\u00e1t\u00e1sai - Matt Stephens szerint\" \/>\n<meta property=\"og:description\" content=\"A mostani elk\u00e9peszt\u0151 szezon ut\u00e1n, amely minden id\u0151k legizgalmasabb, legv\u00e1ratlanabb versenyeit hozta, a 2023-as szezonnak van mit fel\u00fclm\u00falnia. Val\u00f3j\u00e1ban ha 2023-at egy emberk\u00e9nt k\u00e9pzelem el, akkor szerintem most el\u00e9gg\u00e9 ideges lenne, mivel 2022 val\u00f3ban nagyon magasra tette a m\u00e9rc\u00e9t.\" \/>\n<meta property=\"og:url\" content=\"https:\/\/www.welovecycling.com\/hu\/orszaguti-kerekpar\/a-2023-as-szezon-varhato-kilatasai-matt-stephens-szerint\/\" \/>\n<meta property=\"og:site_name\" content=\"\u0160koda We Love Cycling - Magyarorsz\u00e1g\" \/>\n<meta property=\"article:publisher\" content=\"https:\/\/www.facebook.com\/WeLoveCyclingHungary\/\" \/>\n<meta property=\"article:published_time\" content=\"2023-01-11T06:00:07+00:00\" \/>\n<meta property=\"og:image\" content=\"https:\/\/d2p6e6u75xmxt8.cloudfront.net\/12\/2023\/01\/Matt-Stephens-Article-CVR.webp\" \/>\n\t<meta property=\"og:image:width\" content=\"990\" \/>\n\t<meta property=\"og:image:height\" content=\"660\" \/>\n\t<meta property=\"og:image:type\" content=\"image\/webp\" \/>\n<meta name=\"author\" content=\"hegyizs\" \/>\n<meta name=\"twitter:card\" content=\"summary_large_image\" \/>\n<meta name=\"twitter:label1\" content=\"Written by\" \/>\n\t<meta name=\"twitter:data1\" content=\"Matt Stephens\" \/>\n\t<meta name=\"twitter:label2\" content=\"Est. reading time\" \/>\n\t<meta name=\"twitter:data2\" content=\"6\" \/>\n<script type=\"application\/ld+json\" class=\"yoast-schema-graph\">{\"@context\":\"https:\/\/schema.org\",\"@graph\":[{\"@type\":\"WebPage\",\"@id\":\"https:\/\/www.welovecycling.com\/hu\/orszaguti-kerekpar\/a-2023-as-szezon-varhato-kilatasai-matt-stephens-szerint\/\",\"url\":\"https:\/\/www.welovecycling.com\/hu\/orszaguti-kerekpar\/a-2023-as-szezon-varhato-kilatasai-matt-stephens-szerint\/\",\"name\":\"A 2023-as szezon v\u00e1rhat\u00f3 kil\u00e1t\u00e1sai - Matt Stephens szerint\",\"isPartOf\":{\"@id\":\"https:\/\/www.welovecycling.com\/hu\/#website\"},\"primaryImageOfPage\":{\"@id\":\"https:\/\/www.welovecycling.com\/hu\/orszaguti-kerekpar\/a-2023-as-szezon-varhato-kilatasai-matt-stephens-szerint\/#primaryimage\"},\"image\":{\"@id\":\"https:\/\/www.welovecycling.com\/hu\/orszaguti-kerekpar\/a-2023-as-szezon-varhato-kilatasai-matt-stephens-szerint\/#primaryimage\"},\"thumbnailUrl\":\"https:\/\/d2p6e6u75xmxt8.cloudfront.net\/12\/2023\/01\/Matt-Stephens-Article-CVR.webp\",\"datePublished\":\"2023-01-11T06:00:07+00:00\",\"author\":{\"@id\":\"https:\/\/www.welovecycling.com\/hu\/#\/schema\/person\/414a2aebf1801691a5320edb6468e194\"},\"description\":\"A mostani elk\u00e9peszt\u0151 szezon ut\u00e1n, amely minden id\u0151k legizgalmasabb, legv\u00e1ratlanabb versenyeit hozta, a 2023-as szezonnak van mit fel\u00fclm\u00falnia. Val\u00f3j\u00e1ban ha 2023-at egy emberk\u00e9nt k\u00e9pzelem el, akkor szerintem most el\u00e9gg\u00e9 ideges lenne, mivel 2022 val\u00f3ban nagyon magasra tette a m\u00e9rc\u00e9t.\",\"breadcrumb\":{\"@id\":\"https:\/\/www.welovecycling.com\/hu\/orszaguti-kerekpar\/a-2023-as-szezon-varhato-kilatasai-matt-stephens-szerint\/#breadcrumb\"},\"inLanguage\":\"hu\",\"potentialAction\":[{\"@type\":\"ReadAction\",\"target\":[\"https:\/\/www.welovecycling.com\/hu\/orszaguti-kerekpar\/a-2023-as-szezon-varhato-kilatasai-matt-stephens-szerint\/\"]}]},{\"@type\":\"ImageObject\",\"inLanguage\":\"hu\",\"@id\":\"https:\/\/www.welovecycling.com\/hu\/orszaguti-kerekpar\/a-2023-as-szezon-varhato-kilatasai-matt-stephens-szerint\/#primaryimage\",\"url\":\"https:\/\/d2p6e6u75xmxt8.cloudfront.net\/12\/2023\/01\/Matt-Stephens-Article-CVR.webp\",\"contentUrl\":\"https:\/\/d2p6e6u75xmxt8.cloudfront.net\/12\/2023\/01\/Matt-Stephens-Article-CVR.webp\",\"width\":990,\"height\":660,\"caption\":\"Matt Stephens\"},{\"@type\":\"BreadcrumbList\",\"@id\":\"https:\/\/www.welovecycling.com\/hu\/orszaguti-kerekpar\/a-2023-as-szezon-varhato-kilatasai-matt-stephens-szerint\/#breadcrumb\",\"itemListElement\":[{\"@type\":\"ListItem\",\"position\":1,\"name\":\"Home\",\"item\":\"https:\/\/www.welovecycling.com\/hu\/\"},{\"@type\":\"ListItem\",\"position\":2,\"name\":\"A 2023-as szezon v\u00e1rhat\u00f3 kil\u00e1t\u00e1sai &#8211; Matt Stephens szerint\"}]},{\"@type\":\"WebSite\",\"@id\":\"https:\/\/www.welovecycling.com\/hu\/#website\",\"url\":\"https:\/\/www.welovecycling.com\/hu\/\",\"name\":\"\u0160koda We Love Cycling - Magyarorsz\u00e1g\",\"description\":\"\u0160koda WeLoveCycling\",\"potentialAction\":[{\"@type\":\"SearchAction\",\"target\":{\"@type\":\"EntryPoint\",\"urlTemplate\":\"https:\/\/www.welovecycling.com\/hu\/?s={search_term_string}\"},\"query-input\":{\"@type\":\"PropertyValueSpecification\",\"valueRequired\":true,\"valueName\":\"search_term_string\"}}],\"inLanguage\":\"hu\"},{\"@type\":\"Person\",\"@id\":\"https:\/\/www.welovecycling.com\/hu\/#\/schema\/person\/414a2aebf1801691a5320edb6468e194\",\"name\":\"hegyizs\",\"image\":{\"@type\":\"ImageObject\",\"inLanguage\":\"hu\",\"@id\":\"https:\/\/www.welovecycling.com\/hu\/#\/schema\/person\/image\/\",\"url\":\"https:\/\/secure.gravatar.com\/avatar\/02cf8a7906b8cf90cecb4679defac7cfd33a1c2e3b88e4903d947f3bb58eedd3?s=96&d=mm&r=g\",\"contentUrl\":\"https:\/\/secure.gravatar.com\/avatar\/02cf8a7906b8cf90cecb4679defac7cfd33a1c2e3b88e4903d947f3bb58eedd3?s=96&d=mm&r=g\",\"caption\":\"hegyizs\"},\"url\":\"https:\/\/www.welovecycling.com\/hu\/author\/hegyizs\/\"}]}<\/script>\n<!-- \/ Yoast SEO Premium plugin. -->","yoast_head_json":{"title":"A 2023-as szezon v\u00e1rhat\u00f3 kil\u00e1t\u00e1sai - Matt Stephens szerint","description":"A mostani elk\u00e9peszt\u0151 szezon ut\u00e1n, amely minden id\u0151k legizgalmasabb, legv\u00e1ratlanabb versenyeit hozta, a 2023-as szezonnak van mit fel\u00fclm\u00falnia. Val\u00f3j\u00e1ban ha 2023-at egy emberk\u00e9nt k\u00e9pzelem el, akkor szerintem most el\u00e9gg\u00e9 ideges lenne, mivel 2022 val\u00f3ban nagyon magasra tette a m\u00e9rc\u00e9t.","robots":{"index":"index","follow":"follow","max-snippet":"max-snippet:-1","max-image-preview":"max-image-preview:large","max-video-preview":"max-video-preview:-1"},"canonical":"https:\/\/www.welovecycling.com\/hu\/orszaguti-kerekpar\/a-2023-as-szezon-varhato-kilatasai-matt-stephens-szerint\/","og_locale":"hu_HU","og_type":"article","og_title":"A 2023-as szezon v\u00e1rhat\u00f3 kil\u00e1t\u00e1sai - Matt Stephens szerint","og_description":"A mostani elk\u00e9peszt\u0151 szezon ut\u00e1n, amely minden id\u0151k legizgalmasabb, legv\u00e1ratlanabb versenyeit hozta, a 2023-as szezonnak van mit fel\u00fclm\u00falnia. Val\u00f3j\u00e1ban ha 2023-at egy emberk\u00e9nt k\u00e9pzelem el, akkor szerintem most el\u00e9gg\u00e9 ideges lenne, mivel 2022 val\u00f3ban nagyon magasra tette a m\u00e9rc\u00e9t.","og_url":"https:\/\/www.welovecycling.com\/hu\/orszaguti-kerekpar\/a-2023-as-szezon-varhato-kilatasai-matt-stephens-szerint\/","og_site_name":"\u0160koda We Love Cycling - Magyarorsz\u00e1g","article_publisher":"https:\/\/www.facebook.com\/WeLoveCyclingHungary\/","article_published_time":"2023-01-11T06:00:07+00:00","og_image":[{"width":990,"height":660,"url":"https:\/\/d2p6e6u75xmxt8.cloudfront.net\/12\/2023\/01\/Matt-Stephens-Article-CVR.webp","type":"image\/webp"}],"author":"hegyizs","twitter_card":"summary_large_image","twitter_misc":{"Written by":"Matt Stephens","Est. reading time":"6"},"schema":{"@context":"https:\/\/schema.org","@graph":[{"@type":"WebPage","@id":"https:\/\/www.welovecycling.com\/hu\/orszaguti-kerekpar\/a-2023-as-szezon-varhato-kilatasai-matt-stephens-szerint\/","url":"https:\/\/www.welovecycling.com\/hu\/orszaguti-kerekpar\/a-2023-as-szezon-varhato-kilatasai-matt-stephens-szerint\/","name":"A 2023-as szezon v\u00e1rhat\u00f3 kil\u00e1t\u00e1sai - Matt Stephens szerint","isPartOf":{"@id":"https:\/\/www.welovecycling.com\/hu\/#website"},"primaryImageOfPage":{"@id":"https:\/\/www.welovecycling.com\/hu\/orszaguti-kerekpar\/a-2023-as-szezon-varhato-kilatasai-matt-stephens-szerint\/#primaryimage"},"image":{"@id":"https:\/\/www.welovecycling.com\/hu\/orszaguti-kerekpar\/a-2023-as-szezon-varhato-kilatasai-matt-stephens-szerint\/#primaryimage"},"thumbnailUrl":"https:\/\/d2p6e6u75xmxt8.cloudfront.net\/12\/2023\/01\/Matt-Stephens-Article-CVR.webp","datePublished":"2023-01-11T06:00:07+00:00","author":{"@id":"https:\/\/www.welovecycling.com\/hu\/#\/schema\/person\/414a2aebf1801691a5320edb6468e194"},"description":"A mostani elk\u00e9peszt\u0151 szezon ut\u00e1n, amely minden id\u0151k legizgalmasabb, legv\u00e1ratlanabb versenyeit hozta, a 2023-as szezonnak van mit fel\u00fclm\u00falnia. Val\u00f3j\u00e1ban ha 2023-at egy emberk\u00e9nt k\u00e9pzelem el, akkor szerintem most el\u00e9gg\u00e9 ideges lenne, mivel 2022 val\u00f3ban nagyon magasra tette a m\u00e9rc\u00e9t.","breadcrumb":{"@id":"https:\/\/www.welovecycling.com\/hu\/orszaguti-kerekpar\/a-2023-as-szezon-varhato-kilatasai-matt-stephens-szerint\/#breadcrumb"},"inLanguage":"hu","potentialAction":[{"@type":"ReadAction","target":["https:\/\/www.welovecycling.com\/hu\/orszaguti-kerekpar\/a-2023-as-szezon-varhato-kilatasai-matt-stephens-szerint\/"]}]},{"@type":"ImageObject","inLanguage":"hu","@id":"https:\/\/www.welovecycling.com\/hu\/orszaguti-kerekpar\/a-2023-as-szezon-varhato-kilatasai-matt-stephens-szerint\/#primaryimage","url":"https:\/\/d2p6e6u75xmxt8.cloudfront.net\/12\/2023\/01\/Matt-Stephens-Article-CVR.webp","contentUrl":"https:\/\/d2p6e6u75xmxt8.cloudfront.net\/12\/2023\/01\/Matt-Stephens-Article-CVR.webp","width":990,"height":660,"caption":"Matt Stephens"},{"@type":"BreadcrumbList","@id":"https:\/\/www.welovecycling.com\/hu\/orszaguti-kerekpar\/a-2023-as-szezon-varhato-kilatasai-matt-stephens-szerint\/#breadcrumb","itemListElement":[{"@type":"ListItem","position":1,"name":"Home","item":"https:\/\/www.welovecycling.com\/hu\/"},{"@type":"ListItem","position":2,"name":"A 2023-as szezon v\u00e1rhat\u00f3 kil\u00e1t\u00e1sai &#8211; Matt Stephens szerint"}]},{"@type":"WebSite","@id":"https:\/\/www.welovecycling.com\/hu\/#website","url":"https:\/\/www.welovecycling.com\/hu\/","name":"\u0160koda We Love Cycling - Magyarorsz\u00e1g","description":"\u0160koda WeLoveCycling","potentialAction":[{"@type":"SearchAction","target":{"@type":"EntryPoint","urlTemplate":"https:\/\/www.welovecycling.com\/hu\/?s={search_term_string}"},"query-input":{"@type":"PropertyValueSpecification","valueRequired":true,"valueName":"search_term_string"}}],"inLanguage":"hu"},{"@type":"Person","@id":"https:\/\/www.welovecycling.com\/hu\/#\/schema\/person\/414a2aebf1801691a5320edb6468e194","name":"hegyizs","image":{"@type":"ImageObject","inLanguage":"hu","@id":"https:\/\/www.welovecycling.com\/hu\/#\/schema\/person\/image\/","url":"https:\/\/secure.gravatar.com\/avatar\/02cf8a7906b8cf90cecb4679defac7cfd33a1c2e3b88e4903d947f3bb58eedd3?s=96&d=mm&r=g","contentUrl":"https:\/\/secure.gravatar.com\/avatar\/02cf8a7906b8cf90cecb4679defac7cfd33a1c2e3b88e4903d947f3bb58eedd3?s=96&d=mm&r=g","caption":"hegyizs"},"url":"https:\/\/www.welovecycling.com\/hu\/author\/hegyizs\/"}]}},"_links":{"self":[{"href":"https:\/\/www.welovecycling.com\/hu\/wp-json\/wp\/v2\/posts\/16752","targetHints":{"allow":["GET"]}}],"collection":[{"href":"https:\/\/www.welovecycling.com\/hu\/wp-json\/wp\/v2\/posts"}],"about":[{"href":"https:\/\/www.welovecycling.com\/hu\/wp-json\/wp\/v2\/types\/post"}],"author":[{"embeddable":true,"href":"https:\/\/www.welovecycling.com\/hu\/wp-json\/wp\/v2\/users\/71"}],"replies":[{"embeddable":true,"href":"https:\/\/www.welovecycling.com\/hu\/wp-json\/wp\/v2\/comments?post=16752"}],"version-history":[{"count":2,"href":"https:\/\/www.welovecycling.com\/hu\/wp-json\/wp\/v2\/posts\/16752\/revisions"}],"predecessor-version":[{"id":16756,"href":"https:\/\/www.welovecycling.com\/hu\/wp-json\/wp\/v2\/posts\/16752\/revisions\/16756"}],"wp:featuredmedia":[{"embeddable":true,"href":"https:\/\/www.welovecycling.com\/hu\/wp-json\/wp\/v2\/media\/16754"}],"wp:attachment":[{"href":"https:\/\/www.welovecycling.com\/hu\/wp-json\/wp\/v2\/media?parent=16752"}],"wp:term":[{"taxonomy":"category","embeddable":true,"href":"https:\/\/www.welovecycling.com\/hu\/wp-json\/wp\/v2\/categories?post=16752"},{"taxonomy":"post_tag","embeddable":true,"href":"https:\/\/www.welovecycling.com\/hu\/wp-json\/wp\/v2\/tags?post=16752"},{"taxonomy":"global-categories","embeddable":true,"href":"https:\/\/www.welovecycling.com\/hu\/wp-json\/wp\/v2\/global-categories?post=16752"}],"curies":[{"name":"wp","href":"https:\/\/api.w.org\/{rel}","templated":true}]}}