{"id":16745,"date":"2023-01-06T08:00:38","date_gmt":"2023-01-06T06:00:38","guid":{"rendered":"https:\/\/www.welovecycling.com\/hu\/?p=16745"},"modified":"2023-01-06T16:23:52","modified_gmt":"2023-01-06T14:23:52","slug":"valter-attila-berendezkedett-a-vilag-legjobb-csapatanal-es-egy-tavalyi-mezet-is-licitre-bocsatotta","status":"publish","type":"post","link":"https:\/\/www.welovecycling.com\/hu\/orszaguti-kerekpar\/valter-attila-berendezkedett-a-vilag-legjobb-csapatanal-es-egy-tavalyi-mezet-is-licitre-bocsatotta\/","title":{"rendered":"Valter Attila berendezkedett a vil\u00e1g legjobb csapat\u00e1n\u00e1l, \u00e9s egy tavalyi mez\u00e9t is licitre bocs\u00e1totta!"},"content":{"rendered":"<p><strong>Giro-h\u0151s\u00fcnk otthonosan \u00e9rzi mag\u00e1t a Jumbo-Vism\u00e1n\u00e1l, ahol igen j\u00f3l b\u00e1nnak vele: m\u00e1r t\u00fal van az els\u0151 edz\u0151t\u00e1boron \u00e9s a csapatbemutat\u00f3n, \u00e9s rendk\u00edv\u00fcl j\u00f3l \u00e1ll rajta a magyar bajnoki megk\u00fcl\u00f6nb\u00f6ztet\u0151 mez.<\/strong><\/p>\n<p><!--more--><\/p>\n<p>Sejtett\u00fck, hogy ez nagyon j\u00f3l fog kin\u00e9zni, de az\u00e9rt eg\u00e9szen m\u00e1s a saj\u00e1t szem\u00fcnkkel l\u00e1tni a csod\u00e1t. Mert az, hogy egy n\u00e9h\u00e1ny \u00e9ve m\u00e9g a kontinent\u00e1lis Pannon Cycling Teamn\u00e9l teker\u0151 magyar sr\u00e1c most Van Aerttal, Rogliccsal, Vingegaard-al \u00e9s a t\u00f6bbi Jumbo-szt\u00e1rral k\u00e9sz\u00fclhet egyenrang\u00fa csapatt\u00e1rsk\u00e9nt, t\u00e9nyleg csodasz\u00e1mba megy \u2013 ezzel egy\u00fctt k\u00e9ts\u00e9g sem f\u00e9rhet hozz\u00e1, hogy ha valaki, h\u00e1t Valter Ati r\u00e1szolg\u00e1lt. Sz\u00f3val ami\u00f3ta megt\u00f6rt\u00e9nt a nagy bejelent\u00e9s, miszerint k\u00f6z\u00f6ns\u00e9gkedvenc bring\u00e1sunk hivatalosan is a tavalyi \u00e9vet leural\u00f3 Jumb\u00f3n\u00e1l folytatja meredeken felfel\u00e9 \u00edvel\u0151 p\u00e1lyafut\u00e1s\u00e1t, az\u00f3ta el-elk\u00e9pzelt\u00fck \u0151t lelki szemeinkkel \u00faj mez\u00e9ben, Rogli\u010d\u00e9k oldal\u00e1n, de a val\u00f3s\u00e1g m\u00e9g enn\u00e9l is jobban fest: ahogy Ati a piros, feh\u00e9r, z\u00f6ld trikoloros magyar bajnoki Jumbo-trik\u00f3ban t\u00fcnd\u00f6k\u00f6l \u00faj csapatt\u00e1rsai k\u00f6z\u00f6tt, az f\u00e9lelmetesen men\u0151 \u00e9s felemel\u0151 l\u00e1tv\u00e1ny.<\/p>\n<figure id=\"attachment_16747\" aria-describedby=\"caption-attachment-16747\" style=\"width: 1024px\" class=\"wp-caption alignnone\"><img loading=\"lazy\" decoding=\"async\" class=\"size-large wp-image-16747\" src=\"https:\/\/d2p6e6u75xmxt8.cloudfront.net\/12\/2023\/01\/ati-trikos-1024x563.webp\" alt=\"\" width=\"1024\" height=\"563\" srcset=\"https:\/\/d2p6e6u75xmxt8.cloudfront.net\/12\/2023\/01\/ati-trikos-1024x563.webp 1024w, https:\/\/d2p6e6u75xmxt8.cloudfront.net\/12\/2023\/01\/ati-trikos-300x165.webp 300w, https:\/\/d2p6e6u75xmxt8.cloudfront.net\/12\/2023\/01\/ati-trikos-768x422.webp 768w, https:\/\/d2p6e6u75xmxt8.cloudfront.net\/12\/2023\/01\/ati-trikos.webp 1500w\" sizes=\"auto, (max-width: 1024px) 100vw, 1024px\" \/><figcaption id=\"caption-attachment-16747\" class=\"wp-caption-text\">fot\u00f3k: Jumbo-Visma<\/figcaption><\/figure>\n<p>A m\u00e9g mindig csak 24 \u00e9ves klasszisunk a napt\u00e1ri \u00e9v v\u00e9g\u00e9n m\u00e1r az els\u0151 edz\u0151t\u00e1bor\u00e1t is teljes\u00edtette a csapattal a spanyolorsz\u00e1gi D\u00e9ni\u00e1ban, majd megvolt a roppant l\u00e1tv\u00e1nyosra sikeredett \u00fcnnep\u00e9lyes csapatbemutat\u00f3 is, ahol Ati val\u00f3s\u00e1ggal sug\u00e1rzott, m\u00e1r csak a k\u00e9pek alapj\u00e1n is.<\/p>\n<p><img loading=\"lazy\" decoding=\"async\" class=\"alignnone size-large wp-image-16748\" src=\"https:\/\/d2p6e6u75xmxt8.cloudfront.net\/12\/2023\/01\/ati-jumbo-1024x563.webp\" alt=\"\" width=\"1024\" height=\"563\" srcset=\"https:\/\/d2p6e6u75xmxt8.cloudfront.net\/12\/2023\/01\/ati-jumbo-1024x563.webp 1024w, https:\/\/d2p6e6u75xmxt8.cloudfront.net\/12\/2023\/01\/ati-jumbo-300x165.webp 300w, https:\/\/d2p6e6u75xmxt8.cloudfront.net\/12\/2023\/01\/ati-jumbo-768x422.webp 768w, https:\/\/d2p6e6u75xmxt8.cloudfront.net\/12\/2023\/01\/ati-jumbo.webp 1500w\" sizes=\"auto, (max-width: 1024px) 100vw, 1024px\" \/><\/p>\n<p>Hogy fantasztikusan \u00e9rzi mag\u00e1t \u00faj klubj\u00e1n\u00e1l, \u00e9s jobb helyre nem is ker\u00fclhetett volna, arra \u0151 is csak r\u00e1er\u0151s\u00edtett, Facebook-oldal\u00e1n \u00edgy lelkesedett:<\/p>\n<p><em>\u201eT\u00e9nyleg neh\u00e9z le\u00edrni mennyire j\u00f3 is volt ez az els\u0151 edz\u00e9sblokk \u00e9s ismerked\u00e9s a csapattal.<\/em><\/p>\n<p><em>El\u0151sz\u00f6r 9 napot t\u00f6lt\u00f6ttem \u00e9desap\u00e1mmal \u00e9s k\u00e9t cs\u00f6m\u00f6ri juniorral Calpeban, majd m\u00e9g 10 nap v\u00e1rt r\u00e1m D\u00e9niaban, ahol el\u00e9g sok mindenre sor ker\u00fclt. Term\u00e9szetesen az edz\u00e9sek mellett rengeteg tesztel\u00e9s, be\u00e1ll\u00edt\u00e1s v\u00e1rt r\u00e1nk, hiszen nem csak nekem nagy a v\u00e1ltoz\u00e1s, t\u00f6bb szponzor is cser\u00e9l\u0151dik a sorn\u00e1l. <\/em><\/p>\n<p><em>Ismerkedem a Food Coach-al is, ahol grammra pontosan kisz\u00e1molva kapjuk a nap valamennyi \u00e9tkez\u00e9s\u00e9t. Ez nekem eddig nem kevesebb, hanem t\u00f6bb \u00e9tel, mint amit megszoktam, miel\u0151tt agg\u00f3dn\u00e1tok!<\/em><\/p>\n<p><em>Arr\u00f3l, hogy mennyire profi is a Jumbo-Visma, m\u00e1r nagyon sokan tudtok, nem v\u00e9letlen lettek az \u00e9v legjobbjai. Be is szeretn\u00e9k majd sz\u00e1molni azokr\u00f3l a dolgokr\u00f3l amik sz\u00e1momra a profizmust jelentik, de sz\u00e1mos pozit\u00edv dolgot tudok felsorolni mindenkir\u0151l m\u00e1r egy h\u00e9t alatt. Nyitottak, \u0151szint\u00e9k, realist\u00e1k de nagyon c\u00e9ltudatosak. Egy olyan k\u00f6rnyezetet teremtettek, amin\u00e9l neh\u00e9z jobbat elk\u00e9pzelni \u00e9s akit felvesznek annak nem csak az eredm\u00e9nyeit veszik figyelembe, hanem azt is, mennyire illeszkedik bele a csapatba. Mert ez t\u00e9nyleg egy nagybet\u0171s Csapat, \u00e9s m\u00e1r az els\u0151 h\u00e9ten befogadtak minket \u00faj versenyz\u0151ket! <\/em><\/p>\n<p><em>Ami meglepett, hogy egyel\u0151re nem edzett\u00fcnk t\u00f6bbet vagy kem\u00e9nyebben mint m\u00e1s csapat, s\u0151t! Nem az sz\u00e1m\u00edt milyen form\u00e1d van az \u00e9v elej\u00e9n, a f\u0151 c\u00e9lok k\u00e9s\u0151bb j\u00f6nnek, ehhez pedig t\u00fcrelmesen kell edzeni, nem pedig \u201csietve\u201d ahogy mindig is csin\u00e1ltam \u00e9s ahogy a mez\u0151ny nagy r\u00e9sze csin\u00e1lja. Ez csak egy a sok dolog k\u00f6z\u00fcl, amit itt m\u00e1shogy, jobban \u00e1tgondolva csin\u00e1lnak \u00e9s rem\u00e9lhet\u0151en a javamra v\u00e1lik majd. <\/em><\/p>\n<p><em>Term\u00e9szetesen rengeteg \u00faj felszerel\u00e9st kaptam, de ezekr\u0151l m\u00e9g nem tudok nektek k\u00e9pet hozni, vagy hosszabban nyilatkozni r\u00f3luk. M\u00e1r csak p\u00e1r nap \u00e9s mindent megmutathatok! <\/em><\/p>\n<p><em>\u0150szint\u00e9n azt \u00e9rzem, hogy enn\u00e9l jobb helyen nem folytat\u00f3dhatna a karrierem \u00e9s hogy a fejl\u0151d\u00e9semen \u00f3ri\u00e1sit fog lend\u00edteni ez a k\u00f6zeg! Nagyon v\u00e1rom, hogy vel\u00fck versenyezzek, nemsok\u00e1ra arr\u00f3l is besz\u00e1molok nektek, hogy hol l\u00e1thattok majd az \u00e9v sor\u00e1n, de ebben is \u00e9rdekes v\u00e1ltoz\u00e1sok lesznek!\u201d<\/em><\/p>\n<figure id=\"attachment_16749\" aria-describedby=\"caption-attachment-16749\" style=\"width: 1024px\" class=\"wp-caption alignnone\"><img loading=\"lazy\" decoding=\"async\" class=\"size-large wp-image-16749\" src=\"https:\/\/d2p6e6u75xmxt8.cloudfront.net\/12\/2023\/01\/jumbo-csapat-1024x563.webp\" alt=\"\" width=\"1024\" height=\"563\" srcset=\"https:\/\/d2p6e6u75xmxt8.cloudfront.net\/12\/2023\/01\/jumbo-csapat-1024x563.webp 1024w, https:\/\/d2p6e6u75xmxt8.cloudfront.net\/12\/2023\/01\/jumbo-csapat-300x165.webp 300w, https:\/\/d2p6e6u75xmxt8.cloudfront.net\/12\/2023\/01\/jumbo-csapat-768x422.webp 768w, https:\/\/d2p6e6u75xmxt8.cloudfront.net\/12\/2023\/01\/jumbo-csapat.webp 1500w\" sizes=\"auto, (max-width: 1024px) 100vw, 1024px\" \/><figcaption id=\"caption-attachment-16749\" class=\"wp-caption-text\">El\u00e9g men\u0151n mutat a piros, feh\u00e9r, z\u00f6ld mez a s\u00e1rga-fekete tengerben<\/figcaption><\/figure>\n<p>Valter Ati ezen t\u00falmen\u0151en licitre aj\u00e1nlotta a tavalyi, budapesti Giro-id\u0151futamon is viselt (\u00e9rtelemszer\u0171en m\u00e9g FDJ-s) mez\u00e9t, melyre <a href=\"https:\/\/www.facebook.com\/szabolcs.petro.58\/posts\/pfbid02auQW73BAWihzgdoc3jNheBzxaErt5BoHnpgyLVPdRskuwQMogs9hkqaw6anruh5Gl?__cft__%5b0%5d=AZWzlsjA0Nc2bJBy9YRShDe4ZGTDereSIdaEXr-0zL8H6M86EC4T34A-4ETyHQNYetiWeDif3plyI-f2K1NP2pTjoOqWZlzwIgUDadEHWlJNKErQYh-0iIc6flwVCzbeDFrOcE4Ku7cuQFB0QoZ7Pi61eaNsIe538Dtwle61b5EOzuDHe2G2i-_8PXXxyjDKSxxXs00VlDb6XLJ-sMhclK21&amp;__tn__=-UK-R\">ezen a linken lehet licit\u00e1lni<\/a> vas\u00e1rnap \u00e9jf\u00e9lig \u2013 a t\u00f6rt\u00e9nelmi jelent\u0151s\u00e9g\u0171 ruhadarab felaj\u00e1nl\u00e1s\u00e1val nevel\u0151egyes\u00fclet\u00e9t, a Cube-Cs\u00f6m\u00f6rt \u00e9s a csapat ut\u00e1np\u00f3tl\u00e1s-k\u00f6zpontj\u00e1nak fejleszt\u00e9s\u00e9t szeretn\u00e9 t\u00e1mogatni.<\/p>\n<figure id=\"attachment_16750\" aria-describedby=\"caption-attachment-16750\" style=\"width: 1024px\" class=\"wp-caption alignnone\"><img loading=\"lazy\" decoding=\"async\" class=\"size-large wp-image-16750\" src=\"https:\/\/d2p6e6u75xmxt8.cloudfront.net\/12\/2023\/01\/323357039_909172613407030_9133361361846778580_n-1024x686.webp\" alt=\"\" width=\"1024\" height=\"686\" srcset=\"https:\/\/d2p6e6u75xmxt8.cloudfront.net\/12\/2023\/01\/323357039_909172613407030_9133361361846778580_n-1024x686.webp 1024w, https:\/\/d2p6e6u75xmxt8.cloudfront.net\/12\/2023\/01\/323357039_909172613407030_9133361361846778580_n-300x201.webp 300w, https:\/\/d2p6e6u75xmxt8.cloudfront.net\/12\/2023\/01\/323357039_909172613407030_9133361361846778580_n-768x515.webp 768w, https:\/\/d2p6e6u75xmxt8.cloudfront.net\/12\/2023\/01\/323357039_909172613407030_9133361361846778580_n-272x182.webp 272w, https:\/\/d2p6e6u75xmxt8.cloudfront.net\/12\/2023\/01\/323357039_909172613407030_9133361361846778580_n.webp 1170w\" sizes=\"auto, (max-width: 1024px) 100vw, 1024px\" \/><figcaption id=\"caption-attachment-16750\" class=\"wp-caption-text\">fot\u00f3: N\u00e9meth Andr\u00e1s\/Valter Attila Facebook<\/figcaption><\/figure>\n","protected":false},"excerpt":{"rendered":"<p>Giro-h\u0151s\u00fcnk otthonosan \u00e9rzi mag\u00e1t a Jumbo-Vism\u00e1n\u00e1l, ahol igen j\u00f3l b\u00e1nnak vele: m\u00e1r t\u00fal van az els\u0151 edz\u0151t\u00e1boron \u00e9s a csapatbemutat\u00f3n, [&hellip;]<\/p>\n","protected":false},"author":71,"featured_media":16746,"comment_status":"open","ping_status":"open","sticky":false,"template":"","format":"standard","meta":{"footnotes":""},"categories":[8],"tags":[],"global-categories":[],"class_list":["post-16745","post","type-post","status-publish","format-standard","has-post-thumbnail","hentry","category-orszaguti-kerekpar"],"yoast_head":"<!-- This site is optimized with the Yoast SEO Premium plugin v25.3 (Yoast SEO v25.9) - https:\/\/yoast.com\/wordpress\/plugins\/seo\/ -->\n<title>Valter Attila berendezkedett a vil\u00e1g legjobb csapat\u00e1n\u00e1l, \u00e9s egy tavalyi mez\u00e9t is licitre bocs\u00e1totta!<\/title>\n<meta name=\"description\" content=\"Giro-h\u0151s\u00fcnk otthonosan \u00e9rzi mag\u00e1t a Jumbo-Vism\u00e1n\u00e1l, ahol igen j\u00f3l b\u00e1nnak vele: m\u00e1r t\u00fal van az els\u0151 edz\u0151t\u00e1boron \u00e9s a csapatbemutat\u00f3n, \u00e9s rendk\u00edv\u00fcl j\u00f3l \u00e1ll rajta a magyar bajnoki megk\u00fcl\u00f6nb\u00f6ztet\u0151 mez.\" \/>\n<meta name=\"robots\" content=\"index, follow, max-snippet:-1, max-image-preview:large, max-video-preview:-1\" \/>\n<link rel=\"canonical\" href=\"https:\/\/www.welovecycling.com\/hu\/orszaguti-kerekpar\/valter-attila-berendezkedett-a-vilag-legjobb-csapatanal-es-egy-tavalyi-mezet-is-licitre-bocsatotta\/\" \/>\n<meta property=\"og:locale\" content=\"hu_HU\" \/>\n<meta property=\"og:type\" content=\"article\" \/>\n<meta property=\"og:title\" content=\"Valter Attila berendezkedett a vil\u00e1g legjobb csapat\u00e1n\u00e1l, \u00e9s egy tavalyi mez\u00e9t is licitre bocs\u00e1totta!\" \/>\n<meta property=\"og:description\" content=\"Giro-h\u0151s\u00fcnk otthonosan \u00e9rzi mag\u00e1t a Jumbo-Vism\u00e1n\u00e1l, ahol igen j\u00f3l b\u00e1nnak vele: m\u00e1r t\u00fal van az els\u0151 edz\u0151t\u00e1boron \u00e9s a csapatbemutat\u00f3n, \u00e9s rendk\u00edv\u00fcl j\u00f3l \u00e1ll rajta a magyar bajnoki megk\u00fcl\u00f6nb\u00f6ztet\u0151 mez.\" \/>\n<meta property=\"og:url\" content=\"https:\/\/www.welovecycling.com\/hu\/orszaguti-kerekpar\/valter-attila-berendezkedett-a-vilag-legjobb-csapatanal-es-egy-tavalyi-mezet-is-licitre-bocsatotta\/\" \/>\n<meta property=\"og:site_name\" content=\"\u0160koda We Love Cycling - Magyarorsz\u00e1g\" \/>\n<meta property=\"article:publisher\" content=\"https:\/\/www.facebook.com\/WeLoveCyclingHungary\/\" \/>\n<meta property=\"article:published_time\" content=\"2023-01-06T06:00:38+00:00\" \/>\n<meta property=\"article:modified_time\" content=\"2023-01-06T14:23:52+00:00\" \/>\n<meta property=\"og:image\" content=\"https:\/\/d2p6e6u75xmxt8.cloudfront.net\/12\/2023\/01\/ati-csapat.webp\" \/>\n\t<meta property=\"og:image:width\" content=\"1701\" \/>\n\t<meta property=\"og:image:height\" content=\"927\" \/>\n\t<meta property=\"og:image:type\" content=\"image\/webp\" \/>\n<meta name=\"author\" content=\"hegyizs\" \/>\n<meta name=\"twitter:card\" content=\"summary_large_image\" \/>\n<meta name=\"twitter:label1\" content=\"Written by\" \/>\n\t<meta name=\"twitter:data1\" content=\"WLC\" \/>\n\t<meta name=\"twitter:label2\" content=\"Est. reading time\" \/>\n\t<meta name=\"twitter:data2\" content=\"4 minutes\" \/>\n<script type=\"application\/ld+json\" class=\"yoast-schema-graph\">{\"@context\":\"https:\/\/schema.org\",\"@graph\":[{\"@type\":\"WebPage\",\"@id\":\"https:\/\/www.welovecycling.com\/hu\/orszaguti-kerekpar\/valter-attila-berendezkedett-a-vilag-legjobb-csapatanal-es-egy-tavalyi-mezet-is-licitre-bocsatotta\/\",\"url\":\"https:\/\/www.welovecycling.com\/hu\/orszaguti-kerekpar\/valter-attila-berendezkedett-a-vilag-legjobb-csapatanal-es-egy-tavalyi-mezet-is-licitre-bocsatotta\/\",\"name\":\"Valter Attila berendezkedett a vil\u00e1g legjobb csapat\u00e1n\u00e1l, \u00e9s egy tavalyi mez\u00e9t is licitre bocs\u00e1totta!\",\"isPartOf\":{\"@id\":\"https:\/\/www.welovecycling.com\/hu\/#website\"},\"primaryImageOfPage\":{\"@id\":\"https:\/\/www.welovecycling.com\/hu\/orszaguti-kerekpar\/valter-attila-berendezkedett-a-vilag-legjobb-csapatanal-es-egy-tavalyi-mezet-is-licitre-bocsatotta\/#primaryimage\"},\"image\":{\"@id\":\"https:\/\/www.welovecycling.com\/hu\/orszaguti-kerekpar\/valter-attila-berendezkedett-a-vilag-legjobb-csapatanal-es-egy-tavalyi-mezet-is-licitre-bocsatotta\/#primaryimage\"},\"thumbnailUrl\":\"https:\/\/d2p6e6u75xmxt8.cloudfront.net\/12\/2023\/01\/ati-csapat.webp\",\"datePublished\":\"2023-01-06T06:00:38+00:00\",\"dateModified\":\"2023-01-06T14:23:52+00:00\",\"author\":{\"@id\":\"https:\/\/www.welovecycling.com\/hu\/#\/schema\/person\/414a2aebf1801691a5320edb6468e194\"},\"description\":\"Giro-h\u0151s\u00fcnk otthonosan \u00e9rzi mag\u00e1t a Jumbo-Vism\u00e1n\u00e1l, ahol igen j\u00f3l b\u00e1nnak vele: m\u00e1r t\u00fal van az els\u0151 edz\u0151t\u00e1boron \u00e9s a csapatbemutat\u00f3n, \u00e9s rendk\u00edv\u00fcl j\u00f3l \u00e1ll rajta a magyar bajnoki megk\u00fcl\u00f6nb\u00f6ztet\u0151 mez.\",\"breadcrumb\":{\"@id\":\"https:\/\/www.welovecycling.com\/hu\/orszaguti-kerekpar\/valter-attila-berendezkedett-a-vilag-legjobb-csapatanal-es-egy-tavalyi-mezet-is-licitre-bocsatotta\/#breadcrumb\"},\"inLanguage\":\"hu\",\"potentialAction\":[{\"@type\":\"ReadAction\",\"target\":[\"https:\/\/www.welovecycling.com\/hu\/orszaguti-kerekpar\/valter-attila-berendezkedett-a-vilag-legjobb-csapatanal-es-egy-tavalyi-mezet-is-licitre-bocsatotta\/\"]}]},{\"@type\":\"ImageObject\",\"inLanguage\":\"hu\",\"@id\":\"https:\/\/www.welovecycling.com\/hu\/orszaguti-kerekpar\/valter-attila-berendezkedett-a-vilag-legjobb-csapatanal-es-egy-tavalyi-mezet-is-licitre-bocsatotta\/#primaryimage\",\"url\":\"https:\/\/d2p6e6u75xmxt8.cloudfront.net\/12\/2023\/01\/ati-csapat.webp\",\"contentUrl\":\"https:\/\/d2p6e6u75xmxt8.cloudfront.net\/12\/2023\/01\/ati-csapat.webp\",\"width\":1701,\"height\":927},{\"@type\":\"BreadcrumbList\",\"@id\":\"https:\/\/www.welovecycling.com\/hu\/orszaguti-kerekpar\/valter-attila-berendezkedett-a-vilag-legjobb-csapatanal-es-egy-tavalyi-mezet-is-licitre-bocsatotta\/#breadcrumb\",\"itemListElement\":[{\"@type\":\"ListItem\",\"position\":1,\"name\":\"Home\",\"item\":\"https:\/\/www.welovecycling.com\/hu\/\"},{\"@type\":\"ListItem\",\"position\":2,\"name\":\"Valter Attila berendezkedett a vil\u00e1g legjobb csapat\u00e1n\u00e1l, \u00e9s egy tavalyi mez\u00e9t is licitre bocs\u00e1totta!\"}]},{\"@type\":\"WebSite\",\"@id\":\"https:\/\/www.welovecycling.com\/hu\/#website\",\"url\":\"https:\/\/www.welovecycling.com\/hu\/\",\"name\":\"\u0160koda We Love Cycling - Magyarorsz\u00e1g\",\"description\":\"\u0160koda WeLoveCycling\",\"potentialAction\":[{\"@type\":\"SearchAction\",\"target\":{\"@type\":\"EntryPoint\",\"urlTemplate\":\"https:\/\/www.welovecycling.com\/hu\/?s={search_term_string}\"},\"query-input\":{\"@type\":\"PropertyValueSpecification\",\"valueRequired\":true,\"valueName\":\"search_term_string\"}}],\"inLanguage\":\"hu\"},{\"@type\":\"Person\",\"@id\":\"https:\/\/www.welovecycling.com\/hu\/#\/schema\/person\/414a2aebf1801691a5320edb6468e194\",\"name\":\"hegyizs\",\"image\":{\"@type\":\"ImageObject\",\"inLanguage\":\"hu\",\"@id\":\"https:\/\/www.welovecycling.com\/hu\/#\/schema\/person\/image\/\",\"url\":\"https:\/\/secure.gravatar.com\/avatar\/02cf8a7906b8cf90cecb4679defac7cfd33a1c2e3b88e4903d947f3bb58eedd3?s=96&d=mm&r=g\",\"contentUrl\":\"https:\/\/secure.gravatar.com\/avatar\/02cf8a7906b8cf90cecb4679defac7cfd33a1c2e3b88e4903d947f3bb58eedd3?s=96&d=mm&r=g\",\"caption\":\"hegyizs\"},\"url\":\"https:\/\/www.welovecycling.com\/hu\/author\/hegyizs\/\"}]}<\/script>\n<!-- \/ Yoast SEO Premium plugin. -->","yoast_head_json":{"title":"Valter Attila berendezkedett a vil\u00e1g legjobb csapat\u00e1n\u00e1l, \u00e9s egy tavalyi mez\u00e9t is licitre bocs\u00e1totta!","description":"Giro-h\u0151s\u00fcnk otthonosan \u00e9rzi mag\u00e1t a Jumbo-Vism\u00e1n\u00e1l, ahol igen j\u00f3l b\u00e1nnak vele: m\u00e1r t\u00fal van az els\u0151 edz\u0151t\u00e1boron \u00e9s a csapatbemutat\u00f3n, \u00e9s rendk\u00edv\u00fcl j\u00f3l \u00e1ll rajta a magyar bajnoki megk\u00fcl\u00f6nb\u00f6ztet\u0151 mez.","robots":{"index":"index","follow":"follow","max-snippet":"max-snippet:-1","max-image-preview":"max-image-preview:large","max-video-preview":"max-video-preview:-1"},"canonical":"https:\/\/www.welovecycling.com\/hu\/orszaguti-kerekpar\/valter-attila-berendezkedett-a-vilag-legjobb-csapatanal-es-egy-tavalyi-mezet-is-licitre-bocsatotta\/","og_locale":"hu_HU","og_type":"article","og_title":"Valter Attila berendezkedett a vil\u00e1g legjobb csapat\u00e1n\u00e1l, \u00e9s egy tavalyi mez\u00e9t is licitre bocs\u00e1totta!","og_description":"Giro-h\u0151s\u00fcnk otthonosan \u00e9rzi mag\u00e1t a Jumbo-Vism\u00e1n\u00e1l, ahol igen j\u00f3l b\u00e1nnak vele: m\u00e1r t\u00fal van az els\u0151 edz\u0151t\u00e1boron \u00e9s a csapatbemutat\u00f3n, \u00e9s rendk\u00edv\u00fcl j\u00f3l \u00e1ll rajta a magyar bajnoki megk\u00fcl\u00f6nb\u00f6ztet\u0151 mez.","og_url":"https:\/\/www.welovecycling.com\/hu\/orszaguti-kerekpar\/valter-attila-berendezkedett-a-vilag-legjobb-csapatanal-es-egy-tavalyi-mezet-is-licitre-bocsatotta\/","og_site_name":"\u0160koda We Love Cycling - Magyarorsz\u00e1g","article_publisher":"https:\/\/www.facebook.com\/WeLoveCyclingHungary\/","article_published_time":"2023-01-06T06:00:38+00:00","article_modified_time":"2023-01-06T14:23:52+00:00","og_image":[{"width":1701,"height":927,"url":"https:\/\/d2p6e6u75xmxt8.cloudfront.net\/12\/2023\/01\/ati-csapat.webp","type":"image\/webp"}],"author":"hegyizs","twitter_card":"summary_large_image","twitter_misc":{"Written by":"WLC","Est. reading time":"4 minutes"},"schema":{"@context":"https:\/\/schema.org","@graph":[{"@type":"WebPage","@id":"https:\/\/www.welovecycling.com\/hu\/orszaguti-kerekpar\/valter-attila-berendezkedett-a-vilag-legjobb-csapatanal-es-egy-tavalyi-mezet-is-licitre-bocsatotta\/","url":"https:\/\/www.welovecycling.com\/hu\/orszaguti-kerekpar\/valter-attila-berendezkedett-a-vilag-legjobb-csapatanal-es-egy-tavalyi-mezet-is-licitre-bocsatotta\/","name":"Valter Attila berendezkedett a vil\u00e1g legjobb csapat\u00e1n\u00e1l, \u00e9s egy tavalyi mez\u00e9t is licitre bocs\u00e1totta!","isPartOf":{"@id":"https:\/\/www.welovecycling.com\/hu\/#website"},"primaryImageOfPage":{"@id":"https:\/\/www.welovecycling.com\/hu\/orszaguti-kerekpar\/valter-attila-berendezkedett-a-vilag-legjobb-csapatanal-es-egy-tavalyi-mezet-is-licitre-bocsatotta\/#primaryimage"},"image":{"@id":"https:\/\/www.welovecycling.com\/hu\/orszaguti-kerekpar\/valter-attila-berendezkedett-a-vilag-legjobb-csapatanal-es-egy-tavalyi-mezet-is-licitre-bocsatotta\/#primaryimage"},"thumbnailUrl":"https:\/\/d2p6e6u75xmxt8.cloudfront.net\/12\/2023\/01\/ati-csapat.webp","datePublished":"2023-01-06T06:00:38+00:00","dateModified":"2023-01-06T14:23:52+00:00","author":{"@id":"https:\/\/www.welovecycling.com\/hu\/#\/schema\/person\/414a2aebf1801691a5320edb6468e194"},"description":"Giro-h\u0151s\u00fcnk otthonosan \u00e9rzi mag\u00e1t a Jumbo-Vism\u00e1n\u00e1l, ahol igen j\u00f3l b\u00e1nnak vele: m\u00e1r t\u00fal van az els\u0151 edz\u0151t\u00e1boron \u00e9s a csapatbemutat\u00f3n, \u00e9s rendk\u00edv\u00fcl j\u00f3l \u00e1ll rajta a magyar bajnoki megk\u00fcl\u00f6nb\u00f6ztet\u0151 mez.","breadcrumb":{"@id":"https:\/\/www.welovecycling.com\/hu\/orszaguti-kerekpar\/valter-attila-berendezkedett-a-vilag-legjobb-csapatanal-es-egy-tavalyi-mezet-is-licitre-bocsatotta\/#breadcrumb"},"inLanguage":"hu","potentialAction":[{"@type":"ReadAction","target":["https:\/\/www.welovecycling.com\/hu\/orszaguti-kerekpar\/valter-attila-berendezkedett-a-vilag-legjobb-csapatanal-es-egy-tavalyi-mezet-is-licitre-bocsatotta\/"]}]},{"@type":"ImageObject","inLanguage":"hu","@id":"https:\/\/www.welovecycling.com\/hu\/orszaguti-kerekpar\/valter-attila-berendezkedett-a-vilag-legjobb-csapatanal-es-egy-tavalyi-mezet-is-licitre-bocsatotta\/#primaryimage","url":"https:\/\/d2p6e6u75xmxt8.cloudfront.net\/12\/2023\/01\/ati-csapat.webp","contentUrl":"https:\/\/d2p6e6u75xmxt8.cloudfront.net\/12\/2023\/01\/ati-csapat.webp","width":1701,"height":927},{"@type":"BreadcrumbList","@id":"https:\/\/www.welovecycling.com\/hu\/orszaguti-kerekpar\/valter-attila-berendezkedett-a-vilag-legjobb-csapatanal-es-egy-tavalyi-mezet-is-licitre-bocsatotta\/#breadcrumb","itemListElement":[{"@type":"ListItem","position":1,"name":"Home","item":"https:\/\/www.welovecycling.com\/hu\/"},{"@type":"ListItem","position":2,"name":"Valter Attila berendezkedett a vil\u00e1g legjobb csapat\u00e1n\u00e1l, \u00e9s egy tavalyi mez\u00e9t is licitre bocs\u00e1totta!"}]},{"@type":"WebSite","@id":"https:\/\/www.welovecycling.com\/hu\/#website","url":"https:\/\/www.welovecycling.com\/hu\/","name":"\u0160koda We Love Cycling - Magyarorsz\u00e1g","description":"\u0160koda WeLoveCycling","potentialAction":[{"@type":"SearchAction","target":{"@type":"EntryPoint","urlTemplate":"https:\/\/www.welovecycling.com\/hu\/?s={search_term_string}"},"query-input":{"@type":"PropertyValueSpecification","valueRequired":true,"valueName":"search_term_string"}}],"inLanguage":"hu"},{"@type":"Person","@id":"https:\/\/www.welovecycling.com\/hu\/#\/schema\/person\/414a2aebf1801691a5320edb6468e194","name":"hegyizs","image":{"@type":"ImageObject","inLanguage":"hu","@id":"https:\/\/www.welovecycling.com\/hu\/#\/schema\/person\/image\/","url":"https:\/\/secure.gravatar.com\/avatar\/02cf8a7906b8cf90cecb4679defac7cfd33a1c2e3b88e4903d947f3bb58eedd3?s=96&d=mm&r=g","contentUrl":"https:\/\/secure.gravatar.com\/avatar\/02cf8a7906b8cf90cecb4679defac7cfd33a1c2e3b88e4903d947f3bb58eedd3?s=96&d=mm&r=g","caption":"hegyizs"},"url":"https:\/\/www.welovecycling.com\/hu\/author\/hegyizs\/"}]}},"_links":{"self":[{"href":"https:\/\/www.welovecycling.com\/hu\/wp-json\/wp\/v2\/posts\/16745","targetHints":{"allow":["GET"]}}],"collection":[{"href":"https:\/\/www.welovecycling.com\/hu\/wp-json\/wp\/v2\/posts"}],"about":[{"href":"https:\/\/www.welovecycling.com\/hu\/wp-json\/wp\/v2\/types\/post"}],"author":[{"embeddable":true,"href":"https:\/\/www.welovecycling.com\/hu\/wp-json\/wp\/v2\/users\/71"}],"replies":[{"embeddable":true,"href":"https:\/\/www.welovecycling.com\/hu\/wp-json\/wp\/v2\/comments?post=16745"}],"version-history":[{"count":1,"href":"https:\/\/www.welovecycling.com\/hu\/wp-json\/wp\/v2\/posts\/16745\/revisions"}],"predecessor-version":[{"id":16751,"href":"https:\/\/www.welovecycling.com\/hu\/wp-json\/wp\/v2\/posts\/16745\/revisions\/16751"}],"wp:featuredmedia":[{"embeddable":true,"href":"https:\/\/www.welovecycling.com\/hu\/wp-json\/wp\/v2\/media\/16746"}],"wp:attachment":[{"href":"https:\/\/www.welovecycling.com\/hu\/wp-json\/wp\/v2\/media?parent=16745"}],"wp:term":[{"taxonomy":"category","embeddable":true,"href":"https:\/\/www.welovecycling.com\/hu\/wp-json\/wp\/v2\/categories?post=16745"},{"taxonomy":"post_tag","embeddable":true,"href":"https:\/\/www.welovecycling.com\/hu\/wp-json\/wp\/v2\/tags?post=16745"},{"taxonomy":"global-categories","embeddable":true,"href":"https:\/\/www.welovecycling.com\/hu\/wp-json\/wp\/v2\/global-categories?post=16745"}],"curies":[{"name":"wp","href":"https:\/\/api.w.org\/{rel}","templated":true}]}}