{"id":16702,"date":"2023-01-01T08:00:04","date_gmt":"2023-01-01T06:00:04","guid":{"rendered":"https:\/\/www.welovecycling.com\/hu\/?p=16702"},"modified":"2022-12-22T16:41:41","modified_gmt":"2022-12-22T14:41:41","slug":"pogacar-megcelozza-a-2023-as-tour-de-france-t","status":"publish","type":"post","link":"https:\/\/www.welovecycling.com\/hu\/orszaguti-kerekpar\/pogacar-megcelozza-a-2023-as-tour-de-france-t\/","title":{"rendered":"Poga\u010dar megc\u00e9lozza a 2023-as Tour de France-t"},"content":{"rendered":"<p><strong>Neh\u00e9z elhinni, hogy egy olyan ker\u00e9kp\u00e1rosnak, aki egy \u00e9v alatt a legt\u00f6bb UCI pontot gy\u0171jt\u00f6tte, csal\u00f3d\u00e1st kelt\u0151 szezonja volt, Tadej Poga\u010dar m\u00e9gis \u00edgy \u00e9lte meg a 2022-es \u00e9vet, ugyanis sajnos nem lett Tour de France bajnok. Persze az\u00e9rt \u00edgy is el\u00e9g j\u00f3 term\u00e9st hozott, hiszen az UAE Team Emirates vezet\u0151je megnyerte a Tirreno-Adriatic\u00f3t, a Strade Bianche-t, az UAE Tourt, a Giro di Lombardia-t, a Grand Prix Cycliste de Montr\u00e9al-t \u00e9s a Tre Valli Varesine-t, amely versenyekkel \u00f6sszesen 5171 UCI-pontot gy\u0171jt\u00f6tt, j\u00f3csk\u00e1n megel\u0151zve a 4565 ponttal m\u00e1sodik helyen \u00e1ll\u00f3 Wout van Aert-et.<\/strong><\/p>\n<p style=\"font-weight: 400;\"><!--more--><\/p>\n<p>Nem, ez bizony egy\u00e1ltal\u00e1n nem volt rossz szezon. B\u00e1r a V\u00e9lo d&#8217;Or szavaz\u00e1s\u00e1n Poga\u010dar a harmadik helyen v\u00e9gzett, k\u00e9ts\u00e9gtelen\u00fcl az\u00e9rt, mert 2022-ben nem nyert Grand Tourt, \u00e9s mert a vil\u00e1gbajnoks\u00e1gon sem volt t\u00fal meggy\u0151z\u0151 (19. lett az orsz\u00e1g\u00fati versenyen \u00e9s 6. az id\u0151futamon). A V\u00e9lo d&#8217;Or gy\u0151ztese Remco Evenepoel lett, aki megnyerte az orsz\u00e1g\u00fati vil\u00e1gbajnoks\u00e1got \u00e9s a Vuelta a Espan\u00e1t is. \u00cdgy \u0151 lett az orsz\u00e1g\u00fati versenyz\u00e9s leg\u00fajabb szt\u00e1rja.<\/p>\n<p>Az, hogy a szlov\u00e9n id\u00e9n nem tudta zsin\u00f3rban harmadszor is megnyerni a Tour de France s\u00e1rga trik\u00f3j\u00e1t, meglep\u0151 volt, \u00e9s sok rajong\u00f3nak csal\u00f3d\u00e1st okozott, akik Poga\u010dart a 2021-es Tour-gy\u0151zelme ut\u00e1n a nagy Eddy Merckxhez hasonl\u00edtott\u00e1k. R\u00e1ad\u00e1sul a veres\u00e9g m\u00f3dja is k\u00ednos volt, mivel a Col du Granonon Poga\u010dar cs\u00fany\u00e1n kikapott a k\u00e9s\u0151bbi gy\u0151ztest\u0151l, Jonas Vingegaardt\u00f3l \u00e9s Jumbo-Visma csapatt\u00e1rsait\u00f3l.<\/p>\n<p>\u00c9s ott van m\u00e9g Poga\u010dar \u00f3ri\u00e1si hib\u00e1ja is, amit a Flandria k\u00f6rverseny v\u00e9g\u00e9n k\u00f6vetett el, mikor el\u0151bb a hat\u00e1rozatlans\u00e1ga, majd egy rossz d\u00f6nt\u00e9s miatt v\u00e9g\u00fcl a negyedik helyen \u00e9rt c\u00e9lba az utols\u00f3 sprintben, amit Mathieu van der Poel nyert meg. 2023-ra el\u0151re tekintve a szlov\u00e9n k\u00edv\u00e1ns\u00e1glist\u00e1ja \u00e9l\u00e9re helyezte az eml\u00edtett verseny megnyer\u00e9s\u00e9t. Ezt mondta a Gazzetto dello Sportnak: <em>&#8220;Az a v\u00e1gyam, hogy j\u00f3v\u00e1 tegyem az idei negyedik helyemet a Flandria k\u00f6rversenyen, mert az\u00f3ta is nagyon csal\u00f3dott \u00e9s frusztr\u00e1lt vagyok miatta&#8221;.<\/em><\/p>\n<p>A profi ker\u00e9kp\u00e1ros bizony\u00e1ra ugyanezt \u00e9rezhette a Tour de France 11. szakasz\u00e1n is, amelyen 2 perc 51 m\u00e1sodperccel vesz\u00edtett Vingegaarddal szemben, \u00e9s ahol a Tour-gy\u0151zelemmel kapcsolatos rem\u00e9nyei szertefoszlottak. \u00cdgy nem meglep\u0151, hogy a k\u00f6vetkez\u0151 \u00e9vben Poga\u010dar f\u0151 c\u00e9lja a Tour. A Gazzetto azon k\u00e9rd\u00e9s\u00e9re, hogy tervezi-e, hogy 2023-ban indul a Giro d&#8217;Itali\u00e1n, \u00edgy v\u00e1laszolt: <em>&#8220;[A Giro] egy olyan verseny, amit nagyon szeretek, de a k\u00f6r\u00fclm\u00e9nyek arra k\u00e9nyszer\u00edtettek, hogy a Tour de France-nak adjak els\u0151bbs\u00e9get. Az idei m\u00e1sodik helyez\u00e9sem ut\u00e1n az az els\u0151dleges c\u00e9lom, hogy visszah\u00f3d\u00edtsam a Tour-t&#8221;.\u00a0 <\/em><\/p>\n<figure id=\"attachment_13032\" aria-describedby=\"caption-attachment-13032\" style=\"width: 1000px\" class=\"wp-caption alignnone\"><a href=\"https:\/\/d2p6e6u75xmxt8.cloudfront.net\/12\/2021\/11\/Pogacar-Vingegaard-Carapaz-profimedia-0622128747.jpg\"><img loading=\"lazy\" decoding=\"async\" class=\"wp-image-13032 size-full\" src=\"https:\/\/d2p6e6u75xmxt8.cloudfront.net\/12\/2021\/11\/Pogacar-Vingegaard-Carapaz-profimedia-0622128747.jpg\" alt=\"Tour de France\" width=\"1000\" height=\"663\" srcset=\"https:\/\/d2p6e6u75xmxt8.cloudfront.net\/12\/2021\/11\/Pogacar-Vingegaard-Carapaz-profimedia-0622128747.jpg 1000w, https:\/\/d2p6e6u75xmxt8.cloudfront.net\/12\/2021\/11\/Pogacar-Vingegaard-Carapaz-profimedia-0622128747-300x199.jpg 300w, https:\/\/d2p6e6u75xmxt8.cloudfront.net\/12\/2021\/11\/Pogacar-Vingegaard-Carapaz-profimedia-0622128747-768x509.jpg 768w\" sizes=\"auto, (max-width: 1000px) 100vw, 1000px\" \/><\/a><figcaption id=\"caption-attachment-13032\" class=\"wp-caption-text\"><em>Vajon Poga\u010dar visszaszerzi a bajnoki c\u00edmet 2023-ban? \u00a9 Profimedia<\/em><\/figcaption><\/figure>\n<p>Ennek \u00e9rdek\u00e9ben az UAE Team Emirates meger\u0151s\u00edtette a csapatot az Ineos Grenadiers veter\u00e1n hegyimen\u0151j\u00e9vel, Adam Yates-szel \u00e9s a Grand Tour-\u00fajonc Jay Vine-nal, aki k\u00e9t hegyi szakaszt is nyert a 2022-es Vuelt\u00e1n, ami csup\u00e1n Vine m\u00e1sodik Grand Tour versenye volt.<\/p>\n<p>B\u00e1r m\u00e9g nem d\u00f6nt\u00f6tt v\u00e9glegesen a teljes menetrendj\u00e9r\u0151l, Poga\u010dar annyit m\u00e1r el\u00e1rult, hogy a Mil\u00e1n\u00f3-San Remo egy potenci\u00e1lis c\u00e9lpont, ugyanis azt m\u00e9g nem siker\u00fclt megnyernie. Ehhez hasonl\u00f3an a vil\u00e1gbajnoks\u00e1gon is lehet majd r\u00e1 sz\u00e1m\u00edtani, mert, mint mondta, <em>&#8220;ez egy olyan verseny, ami nagyon hi\u00e1nyzik [a palett\u00e1mr\u00f3l], \u00edgy 2023-ban egy j\u00f3 kis kih\u00edv\u00e1s lesz sz\u00e1momra, r\u00e1ad\u00e1sul ny\u00e1ron a sziv\u00e1rv\u00e1nyos trik\u00f3t is megszerezhetem&#8221;.<\/em><\/p>\n<p>A UCI vil\u00e1gbajnoks\u00e1got augusztus 3. \u00e9s 10. k\u00f6z\u00f6tt rendezik Sk\u00f3ci\u00e1ban, \u00edgy Poga\u010darnak lesz lehet\u0151s\u00e9ge arra, hogy ha akar, a Vuelt\u00e1n is rajthoz \u00e1lljon. Az Eurosportnak adott nyilatkozata alapj\u00e1n ez pedig egy\u00e1ltal\u00e1n nincs kiz\u00e1rva. <em>&#8220;Nagyon j\u00f3 eml\u00e9keim vannak a Vuelt\u00e1r\u00f3l&#8221;<\/em> &#8211; mondta. <em>&#8220;Ez volt az els\u0151 Grand Tourom [2019-ben], ahol h\u00e1rom szakaszon is a dobog\u00f3n v\u00e9geztem, \u00e9s a feh\u00e9r trik\u00f3t is megszereztem. Hat\u00e1rozottan ez az egyik a h\u00e1rom Grand Tour k\u00f6z\u00fcl, ahov\u00e1 a legszebb eml\u00e9keim f\u0171znek. A lehet\u0151 leghamarabb szeretn\u00e9k visszat\u00e9rni hozz\u00e1.&#8221; <\/em><\/p>\n<p>\u00dagy t\u0171nik,cid\u00e9n sokat fogjuk l\u00e1tni Tadej Poga\u010dart. M\u00e1r alig v\u00e1rjuk!<\/p>\n","protected":false},"excerpt":{"rendered":"<p>Neh\u00e9z elhinni, hogy egy olyan ker\u00e9kp\u00e1rosnak, aki egy \u00e9v alatt a legt\u00f6bb UCI pontot gy\u0171jt\u00f6tte, csal\u00f3d\u00e1st kelt\u0151 szezonja volt, Tadej [&hellip;]<\/p>\n","protected":false},"author":71,"featured_media":16704,"comment_status":"open","ping_status":"open","sticky":false,"template":"","format":"standard","meta":{"footnotes":""},"categories":[8],"tags":[],"global-categories":[],"class_list":["post-16702","post","type-post","status-publish","format-standard","has-post-thumbnail","hentry","category-orszaguti-kerekpar"],"yoast_head":"<!-- This site is optimized with the Yoast SEO Premium plugin v25.3 (Yoast SEO v25.9) - https:\/\/yoast.com\/wordpress\/plugins\/seo\/ -->\n<title>Poga\u010dar megc\u00e9lozza a 2023-as Tour de France-t<\/title>\n<meta name=\"description\" content=\"Neh\u00e9z elhinni, hogy egy olyan ker\u00e9kp\u00e1rosnak, aki egy \u00e9v alatt a legt\u00f6bb UCI pontot gy\u0171jt\u00f6tte, csal\u00f3d\u00e1st kelt\u0151 szezonja volt, Tadej Poga\u010dar m\u00e9gis \u00edgy \u00e9lte meg a 2022-es \u00e9vet, ugyanis sajnos nem lett Tour de France bajnok.\" \/>\n<meta name=\"robots\" content=\"index, follow, max-snippet:-1, max-image-preview:large, max-video-preview:-1\" \/>\n<link rel=\"canonical\" href=\"https:\/\/www.welovecycling.com\/hu\/orszaguti-kerekpar\/pogacar-megcelozza-a-2023-as-tour-de-france-t\/\" \/>\n<meta property=\"og:locale\" content=\"hu_HU\" \/>\n<meta property=\"og:type\" content=\"article\" \/>\n<meta property=\"og:title\" content=\"Poga\u010dar megc\u00e9lozza a 2023-as Tour de France-t\" \/>\n<meta property=\"og:description\" content=\"Neh\u00e9z elhinni, hogy egy olyan ker\u00e9kp\u00e1rosnak, aki egy \u00e9v alatt a legt\u00f6bb UCI pontot gy\u0171jt\u00f6tte, csal\u00f3d\u00e1st kelt\u0151 szezonja volt, Tadej Poga\u010dar m\u00e9gis \u00edgy \u00e9lte meg a 2022-es \u00e9vet, ugyanis sajnos nem lett Tour de France bajnok.\" \/>\n<meta property=\"og:url\" content=\"https:\/\/www.welovecycling.com\/hu\/orszaguti-kerekpar\/pogacar-megcelozza-a-2023-as-tour-de-france-t\/\" \/>\n<meta property=\"og:site_name\" content=\"\u0160koda We Love Cycling - Magyarorsz\u00e1g\" \/>\n<meta property=\"article:publisher\" content=\"https:\/\/www.facebook.com\/WeLoveCyclingHungary\/\" \/>\n<meta property=\"article:published_time\" content=\"2023-01-01T06:00:04+00:00\" \/>\n<meta property=\"og:image\" content=\"https:\/\/d2p6e6u75xmxt8.cloudfront.net\/12\/2022\/12\/Tadej-Pogacar-profimedia-0707092214-CVR.webp\" \/>\n\t<meta property=\"og:image:width\" content=\"990\" \/>\n\t<meta property=\"og:image:height\" content=\"660\" \/>\n\t<meta property=\"og:image:type\" content=\"image\/webp\" \/>\n<meta name=\"author\" content=\"hegyizs\" \/>\n<meta name=\"twitter:card\" content=\"summary_large_image\" \/>\n<meta name=\"twitter:label1\" content=\"Written by\" \/>\n\t<meta name=\"twitter:data1\" content=\"Siegfried Mortkowitz\" \/>\n\t<meta name=\"twitter:label2\" content=\"Est. reading time\" \/>\n\t<meta name=\"twitter:data2\" content=\"5\" \/>\n<script type=\"application\/ld+json\" class=\"yoast-schema-graph\">{\"@context\":\"https:\/\/schema.org\",\"@graph\":[{\"@type\":\"WebPage\",\"@id\":\"https:\/\/www.welovecycling.com\/hu\/orszaguti-kerekpar\/pogacar-megcelozza-a-2023-as-tour-de-france-t\/\",\"url\":\"https:\/\/www.welovecycling.com\/hu\/orszaguti-kerekpar\/pogacar-megcelozza-a-2023-as-tour-de-france-t\/\",\"name\":\"Poga\u010dar megc\u00e9lozza a 2023-as Tour de France-t\",\"isPartOf\":{\"@id\":\"https:\/\/www.welovecycling.com\/hu\/#website\"},\"primaryImageOfPage\":{\"@id\":\"https:\/\/www.welovecycling.com\/hu\/orszaguti-kerekpar\/pogacar-megcelozza-a-2023-as-tour-de-france-t\/#primaryimage\"},\"image\":{\"@id\":\"https:\/\/www.welovecycling.com\/hu\/orszaguti-kerekpar\/pogacar-megcelozza-a-2023-as-tour-de-france-t\/#primaryimage\"},\"thumbnailUrl\":\"https:\/\/d2p6e6u75xmxt8.cloudfront.net\/12\/2022\/12\/Tadej-Pogacar-profimedia-0707092214-CVR.webp\",\"datePublished\":\"2023-01-01T06:00:04+00:00\",\"author\":{\"@id\":\"https:\/\/www.welovecycling.com\/hu\/#\/schema\/person\/414a2aebf1801691a5320edb6468e194\"},\"description\":\"Neh\u00e9z elhinni, hogy egy olyan ker\u00e9kp\u00e1rosnak, aki egy \u00e9v alatt a legt\u00f6bb UCI pontot gy\u0171jt\u00f6tte, csal\u00f3d\u00e1st kelt\u0151 szezonja volt, Tadej Poga\u010dar m\u00e9gis \u00edgy \u00e9lte meg a 2022-es \u00e9vet, ugyanis sajnos nem lett Tour de France bajnok.\",\"breadcrumb\":{\"@id\":\"https:\/\/www.welovecycling.com\/hu\/orszaguti-kerekpar\/pogacar-megcelozza-a-2023-as-tour-de-france-t\/#breadcrumb\"},\"inLanguage\":\"hu\",\"potentialAction\":[{\"@type\":\"ReadAction\",\"target\":[\"https:\/\/www.welovecycling.com\/hu\/orszaguti-kerekpar\/pogacar-megcelozza-a-2023-as-tour-de-france-t\/\"]}]},{\"@type\":\"ImageObject\",\"inLanguage\":\"hu\",\"@id\":\"https:\/\/www.welovecycling.com\/hu\/orszaguti-kerekpar\/pogacar-megcelozza-a-2023-as-tour-de-france-t\/#primaryimage\",\"url\":\"https:\/\/d2p6e6u75xmxt8.cloudfront.net\/12\/2022\/12\/Tadej-Pogacar-profimedia-0707092214-CVR.webp\",\"contentUrl\":\"https:\/\/d2p6e6u75xmxt8.cloudfront.net\/12\/2022\/12\/Tadej-Pogacar-profimedia-0707092214-CVR.webp\",\"width\":990,\"height\":660,\"caption\":\"Tadej Poga\u010dar\"},{\"@type\":\"BreadcrumbList\",\"@id\":\"https:\/\/www.welovecycling.com\/hu\/orszaguti-kerekpar\/pogacar-megcelozza-a-2023-as-tour-de-france-t\/#breadcrumb\",\"itemListElement\":[{\"@type\":\"ListItem\",\"position\":1,\"name\":\"Home\",\"item\":\"https:\/\/www.welovecycling.com\/hu\/\"},{\"@type\":\"ListItem\",\"position\":2,\"name\":\"Poga\u010dar megc\u00e9lozza a 2023-as Tour de France-t\"}]},{\"@type\":\"WebSite\",\"@id\":\"https:\/\/www.welovecycling.com\/hu\/#website\",\"url\":\"https:\/\/www.welovecycling.com\/hu\/\",\"name\":\"\u0160koda We Love Cycling - Magyarorsz\u00e1g\",\"description\":\"\u0160koda WeLoveCycling\",\"potentialAction\":[{\"@type\":\"SearchAction\",\"target\":{\"@type\":\"EntryPoint\",\"urlTemplate\":\"https:\/\/www.welovecycling.com\/hu\/?s={search_term_string}\"},\"query-input\":{\"@type\":\"PropertyValueSpecification\",\"valueRequired\":true,\"valueName\":\"search_term_string\"}}],\"inLanguage\":\"hu\"},{\"@type\":\"Person\",\"@id\":\"https:\/\/www.welovecycling.com\/hu\/#\/schema\/person\/414a2aebf1801691a5320edb6468e194\",\"name\":\"hegyizs\",\"image\":{\"@type\":\"ImageObject\",\"inLanguage\":\"hu\",\"@id\":\"https:\/\/www.welovecycling.com\/hu\/#\/schema\/person\/image\/\",\"url\":\"https:\/\/secure.gravatar.com\/avatar\/02cf8a7906b8cf90cecb4679defac7cfd33a1c2e3b88e4903d947f3bb58eedd3?s=96&d=mm&r=g\",\"contentUrl\":\"https:\/\/secure.gravatar.com\/avatar\/02cf8a7906b8cf90cecb4679defac7cfd33a1c2e3b88e4903d947f3bb58eedd3?s=96&d=mm&r=g\",\"caption\":\"hegyizs\"},\"url\":\"https:\/\/www.welovecycling.com\/hu\/author\/hegyizs\/\"}]}<\/script>\n<!-- \/ Yoast SEO Premium plugin. -->","yoast_head_json":{"title":"Poga\u010dar megc\u00e9lozza a 2023-as Tour de France-t","description":"Neh\u00e9z elhinni, hogy egy olyan ker\u00e9kp\u00e1rosnak, aki egy \u00e9v alatt a legt\u00f6bb UCI pontot gy\u0171jt\u00f6tte, csal\u00f3d\u00e1st kelt\u0151 szezonja volt, Tadej Poga\u010dar m\u00e9gis \u00edgy \u00e9lte meg a 2022-es \u00e9vet, ugyanis sajnos nem lett Tour de France bajnok.","robots":{"index":"index","follow":"follow","max-snippet":"max-snippet:-1","max-image-preview":"max-image-preview:large","max-video-preview":"max-video-preview:-1"},"canonical":"https:\/\/www.welovecycling.com\/hu\/orszaguti-kerekpar\/pogacar-megcelozza-a-2023-as-tour-de-france-t\/","og_locale":"hu_HU","og_type":"article","og_title":"Poga\u010dar megc\u00e9lozza a 2023-as Tour de France-t","og_description":"Neh\u00e9z elhinni, hogy egy olyan ker\u00e9kp\u00e1rosnak, aki egy \u00e9v alatt a legt\u00f6bb UCI pontot gy\u0171jt\u00f6tte, csal\u00f3d\u00e1st kelt\u0151 szezonja volt, Tadej Poga\u010dar m\u00e9gis \u00edgy \u00e9lte meg a 2022-es \u00e9vet, ugyanis sajnos nem lett Tour de France bajnok.","og_url":"https:\/\/www.welovecycling.com\/hu\/orszaguti-kerekpar\/pogacar-megcelozza-a-2023-as-tour-de-france-t\/","og_site_name":"\u0160koda We Love Cycling - Magyarorsz\u00e1g","article_publisher":"https:\/\/www.facebook.com\/WeLoveCyclingHungary\/","article_published_time":"2023-01-01T06:00:04+00:00","og_image":[{"width":990,"height":660,"url":"https:\/\/d2p6e6u75xmxt8.cloudfront.net\/12\/2022\/12\/Tadej-Pogacar-profimedia-0707092214-CVR.webp","type":"image\/webp"}],"author":"hegyizs","twitter_card":"summary_large_image","twitter_misc":{"Written by":"Siegfried Mortkowitz","Est. reading time":"5"},"schema":{"@context":"https:\/\/schema.org","@graph":[{"@type":"WebPage","@id":"https:\/\/www.welovecycling.com\/hu\/orszaguti-kerekpar\/pogacar-megcelozza-a-2023-as-tour-de-france-t\/","url":"https:\/\/www.welovecycling.com\/hu\/orszaguti-kerekpar\/pogacar-megcelozza-a-2023-as-tour-de-france-t\/","name":"Poga\u010dar megc\u00e9lozza a 2023-as Tour de France-t","isPartOf":{"@id":"https:\/\/www.welovecycling.com\/hu\/#website"},"primaryImageOfPage":{"@id":"https:\/\/www.welovecycling.com\/hu\/orszaguti-kerekpar\/pogacar-megcelozza-a-2023-as-tour-de-france-t\/#primaryimage"},"image":{"@id":"https:\/\/www.welovecycling.com\/hu\/orszaguti-kerekpar\/pogacar-megcelozza-a-2023-as-tour-de-france-t\/#primaryimage"},"thumbnailUrl":"https:\/\/d2p6e6u75xmxt8.cloudfront.net\/12\/2022\/12\/Tadej-Pogacar-profimedia-0707092214-CVR.webp","datePublished":"2023-01-01T06:00:04+00:00","author":{"@id":"https:\/\/www.welovecycling.com\/hu\/#\/schema\/person\/414a2aebf1801691a5320edb6468e194"},"description":"Neh\u00e9z elhinni, hogy egy olyan ker\u00e9kp\u00e1rosnak, aki egy \u00e9v alatt a legt\u00f6bb UCI pontot gy\u0171jt\u00f6tte, csal\u00f3d\u00e1st kelt\u0151 szezonja volt, Tadej Poga\u010dar m\u00e9gis \u00edgy \u00e9lte meg a 2022-es \u00e9vet, ugyanis sajnos nem lett Tour de France bajnok.","breadcrumb":{"@id":"https:\/\/www.welovecycling.com\/hu\/orszaguti-kerekpar\/pogacar-megcelozza-a-2023-as-tour-de-france-t\/#breadcrumb"},"inLanguage":"hu","potentialAction":[{"@type":"ReadAction","target":["https:\/\/www.welovecycling.com\/hu\/orszaguti-kerekpar\/pogacar-megcelozza-a-2023-as-tour-de-france-t\/"]}]},{"@type":"ImageObject","inLanguage":"hu","@id":"https:\/\/www.welovecycling.com\/hu\/orszaguti-kerekpar\/pogacar-megcelozza-a-2023-as-tour-de-france-t\/#primaryimage","url":"https:\/\/d2p6e6u75xmxt8.cloudfront.net\/12\/2022\/12\/Tadej-Pogacar-profimedia-0707092214-CVR.webp","contentUrl":"https:\/\/d2p6e6u75xmxt8.cloudfront.net\/12\/2022\/12\/Tadej-Pogacar-profimedia-0707092214-CVR.webp","width":990,"height":660,"caption":"Tadej Poga\u010dar"},{"@type":"BreadcrumbList","@id":"https:\/\/www.welovecycling.com\/hu\/orszaguti-kerekpar\/pogacar-megcelozza-a-2023-as-tour-de-france-t\/#breadcrumb","itemListElement":[{"@type":"ListItem","position":1,"name":"Home","item":"https:\/\/www.welovecycling.com\/hu\/"},{"@type":"ListItem","position":2,"name":"Poga\u010dar megc\u00e9lozza a 2023-as Tour de France-t"}]},{"@type":"WebSite","@id":"https:\/\/www.welovecycling.com\/hu\/#website","url":"https:\/\/www.welovecycling.com\/hu\/","name":"\u0160koda We Love Cycling - Magyarorsz\u00e1g","description":"\u0160koda WeLoveCycling","potentialAction":[{"@type":"SearchAction","target":{"@type":"EntryPoint","urlTemplate":"https:\/\/www.welovecycling.com\/hu\/?s={search_term_string}"},"query-input":{"@type":"PropertyValueSpecification","valueRequired":true,"valueName":"search_term_string"}}],"inLanguage":"hu"},{"@type":"Person","@id":"https:\/\/www.welovecycling.com\/hu\/#\/schema\/person\/414a2aebf1801691a5320edb6468e194","name":"hegyizs","image":{"@type":"ImageObject","inLanguage":"hu","@id":"https:\/\/www.welovecycling.com\/hu\/#\/schema\/person\/image\/","url":"https:\/\/secure.gravatar.com\/avatar\/02cf8a7906b8cf90cecb4679defac7cfd33a1c2e3b88e4903d947f3bb58eedd3?s=96&d=mm&r=g","contentUrl":"https:\/\/secure.gravatar.com\/avatar\/02cf8a7906b8cf90cecb4679defac7cfd33a1c2e3b88e4903d947f3bb58eedd3?s=96&d=mm&r=g","caption":"hegyizs"},"url":"https:\/\/www.welovecycling.com\/hu\/author\/hegyizs\/"}]}},"_links":{"self":[{"href":"https:\/\/www.welovecycling.com\/hu\/wp-json\/wp\/v2\/posts\/16702","targetHints":{"allow":["GET"]}}],"collection":[{"href":"https:\/\/www.welovecycling.com\/hu\/wp-json\/wp\/v2\/posts"}],"about":[{"href":"https:\/\/www.welovecycling.com\/hu\/wp-json\/wp\/v2\/types\/post"}],"author":[{"embeddable":true,"href":"https:\/\/www.welovecycling.com\/hu\/wp-json\/wp\/v2\/users\/71"}],"replies":[{"embeddable":true,"href":"https:\/\/www.welovecycling.com\/hu\/wp-json\/wp\/v2\/comments?post=16702"}],"version-history":[{"count":2,"href":"https:\/\/www.welovecycling.com\/hu\/wp-json\/wp\/v2\/posts\/16702\/revisions"}],"predecessor-version":[{"id":16705,"href":"https:\/\/www.welovecycling.com\/hu\/wp-json\/wp\/v2\/posts\/16702\/revisions\/16705"}],"wp:featuredmedia":[{"embeddable":true,"href":"https:\/\/www.welovecycling.com\/hu\/wp-json\/wp\/v2\/media\/16704"}],"wp:attachment":[{"href":"https:\/\/www.welovecycling.com\/hu\/wp-json\/wp\/v2\/media?parent=16702"}],"wp:term":[{"taxonomy":"category","embeddable":true,"href":"https:\/\/www.welovecycling.com\/hu\/wp-json\/wp\/v2\/categories?post=16702"},{"taxonomy":"post_tag","embeddable":true,"href":"https:\/\/www.welovecycling.com\/hu\/wp-json\/wp\/v2\/tags?post=16702"},{"taxonomy":"global-categories","embeddable":true,"href":"https:\/\/www.welovecycling.com\/hu\/wp-json\/wp\/v2\/global-categories?post=16702"}],"curies":[{"name":"wp","href":"https:\/\/api.w.org\/{rel}","templated":true}]}}