{"id":16685,"date":"2022-12-22T08:00:20","date_gmt":"2022-12-22T06:00:20","guid":{"rendered":"https:\/\/www.welovecycling.com\/hu\/?p=16685"},"modified":"2022-12-22T16:04:02","modified_gmt":"2022-12-22T14:04:02","slug":"karacsonykor-mar-latogathato-ernesto-colnago-vadonatuj-bringamuzeuma","status":"publish","type":"post","link":"https:\/\/www.welovecycling.com\/hu\/orszaguti-kerekpar\/karacsonykor-mar-latogathato-ernesto-colnago-vadonatuj-bringamuzeuma\/","title":{"rendered":"Kar\u00e1csonykor m\u00e1r l\u00e1togathat\u00f3 Ernesto Colnago vadonat\u00faj bringam\u00fazeuma!"},"content":{"rendered":"<p><strong>A legend\u00e1s olasz ker\u00e9kp\u00e1rk\u00e9sz\u00edt\u0151nek sz\u00fcl\u0151v\u00e1ros\u00e1ban, Cambiag\u00f3ban ny\u00edlik meg az ikonikus darabokat tartalmaz\u00f3 kollekci\u00f3ja.<\/strong><!--more--><\/p>\n<p>A Colnago n\u00e9v fogalom a ker\u00e9kp\u00e1rkedvel\u0151k k\u00f6r\u00e9ben: a h\u00edres m\u00e1rk\u00e1t m\u00e9g 1952-ben alap\u00edtotta meg a Mil\u00e1n\u00f3 melletti Cambiag\u00f3ban a bring\u00e1k nagy szerelmese, Ernesto Colnago, aki gyerekkora \u00f3ta a k\u00e9tkerek\u0171ek b\u0171v\u00f6let\u00e9ben \u00e9lt, \u00e9s eg\u00e9sz \u00e9let\u00e9t nekik szentelte, hiszen m\u00e1r 13 \u00e9vesen a mil\u00e1n\u00f3i Gloria bringagy\u00e1rban dolgozott.<\/p>\n<p>Miut\u00e1n a maga \u00fatj\u00e1ra l\u00e9pett, \u00e9s saj\u00e1t c\u00e9get alap\u00edtott, manufakt\u00far\u00e1ja cs\u00facsmin\u0151s\u00e9g\u0171 (els\u0151sorban orsz\u00e1g\u00fati) ker\u00e9kp\u00e1rok gy\u00e1rt\u00e1s\u00e1ra szakosodott, mindig az adott korszak ig\u00e9nyeinek megfelel\u0151en: legyen sz\u00f3 ac\u00e9l-, alum\u00ednium- vagy tit\u00e1niumv\u00e1zr\u00f3l, eg\u00e9szen a mai karbonsz\u00e1las cs\u00facsmodellekig, Colnago b\u00e1csit mindig is a leginnovat\u00edvabb \u00e9s legkreat\u00edvabb \u00faj\u00edt\u00f3k k\u00f6z\u00f6tt tartott\u00e1k sz\u00e1mon, nem v\u00e9letlen\u00fcl. Sokan \u00fagy tartj\u00e1k, szenved\u00e9lye \u00e9s lelke a bring\u00e1iban is ott \u00e9l, ez sikereinek egyik titka. Az \u00e9vek m\u00falt\u00e1val a Colnago n\u00e9v \u00f6sszefon\u00f3dott az orsz\u00e1g\u00fati ker\u00e9kp\u00e1rsporttal, felsorolni is neh\u00e9z lenne, milyen szt\u00e1rok milyen vil\u00e1grasz\u00f3l\u00f3 sikereket \u00e9rtek el Colnago bring\u00e1ik nyerg\u00e9ben \u2013 legyen el\u00e9g annyi, hogy Eddy Merckx is az \u0151 ker\u00e9kp\u00e1rjait haszn\u00e1lta, vagy manaps\u00e1g Tadej Poga\u010dar, de Colnago \u00far m\u00e9g <a href=\"https:\/\/www.rouleur.cc\/blogs\/the-rouleur-journal\/colnago-and-pope-john-paul-ii-the-man-with-the-golden-bike\">II. J\u00e1nos P\u00e1l p\u00e1p\u00e1nak<\/a> is k\u00e9sz\u00edtett egy speci\u00e1lis, aranyozott v\u00e1ltozatott annak idej\u00e9n.<\/p>\n<figure id=\"attachment_16687\" aria-describedby=\"caption-attachment-16687\" style=\"width: 1024px\" class=\"wp-caption alignnone\"><img loading=\"lazy\" decoding=\"async\" class=\"size-full wp-image-16687\" src=\"https:\/\/d2p6e6u75xmxt8.cloudfront.net\/12\/2022\/12\/goldcolnago21024_1024x1024.webp\" alt=\"\" width=\"1024\" height=\"512\" srcset=\"https:\/\/d2p6e6u75xmxt8.cloudfront.net\/12\/2022\/12\/goldcolnago21024_1024x1024.webp 1024w, https:\/\/d2p6e6u75xmxt8.cloudfront.net\/12\/2022\/12\/goldcolnago21024_1024x1024-300x150.webp 300w, https:\/\/d2p6e6u75xmxt8.cloudfront.net\/12\/2022\/12\/goldcolnago21024_1024x1024-768x384.webp 768w\" sizes=\"auto, (max-width: 1024px) 100vw, 1024px\" \/><figcaption id=\"caption-attachment-16687\" class=\"wp-caption-text\">forr\u00e1s: roleur.cc<\/figcaption><\/figure>\n<p>Az id\u0151k\u00f6zben mag\u00e1t kin\u00f6v\u0151 manufakt\u00fara eg\u00e9szen 2020-ig meg tudott maradni csal\u00e1di mag\u00e1nk\u00e9zben, sajnos akkor \u2013 egyebek mellett a koronav\u00edrus-j\u00e1rv\u00e1ny \u00e9s hat\u00e1sai miatt is \u2013 a m\u00e1r 88 \u00e9ves Colnago b\u00e1csi v\u00e9g\u00fcl eladta a t\u00f6bbs\u00e9gi tulajdonr\u00e9szt egy arab em\u00edrs\u00e9gekbeli befektet\u00e9si alapnak (nem teljesen mell\u00e9ksz\u00e1l, hogy a Colnag\u00f3val Tour-gy\u0151ztes Poga\u010dar is az UAE Emiratesben versenyez), amely azonban csak a strat\u00e9giai vezet\u00e9st helyezte \u00e1t Abu-Dhabiba, a fejleszt\u00e9s \u00e9s a gy\u00e1rt\u00e1si r\u00e9szleg legnagyobb r\u00e9sze maradt Cambiag\u00f3ban.<\/p>\n<figure id=\"attachment_16688\" aria-describedby=\"caption-attachment-16688\" style=\"width: 1024px\" class=\"wp-caption alignnone\"><img loading=\"lazy\" decoding=\"async\" class=\"size-large wp-image-16688\" src=\"https:\/\/d2p6e6u75xmxt8.cloudfront.net\/12\/2022\/12\/Dk4oqie4ZfyZESEWtHrrZm-1024x439.webp\" alt=\"\" width=\"1024\" height=\"439\" srcset=\"https:\/\/d2p6e6u75xmxt8.cloudfront.net\/12\/2022\/12\/Dk4oqie4ZfyZESEWtHrrZm-1024x439.webp 1024w, https:\/\/d2p6e6u75xmxt8.cloudfront.net\/12\/2022\/12\/Dk4oqie4ZfyZESEWtHrrZm-300x129.webp 300w, https:\/\/d2p6e6u75xmxt8.cloudfront.net\/12\/2022\/12\/Dk4oqie4ZfyZESEWtHrrZm-768x329.webp 768w, https:\/\/d2p6e6u75xmxt8.cloudfront.net\/12\/2022\/12\/Dk4oqie4ZfyZESEWtHrrZm-1536x659.webp 1536w, https:\/\/d2p6e6u75xmxt8.cloudfront.net\/12\/2022\/12\/Dk4oqie4ZfyZESEWtHrrZm-1920x824.webp 1920w, https:\/\/d2p6e6u75xmxt8.cloudfront.net\/12\/2022\/12\/Dk4oqie4ZfyZESEWtHrrZm.webp 2000w, https:\/\/d2p6e6u75xmxt8.cloudfront.net\/12\/2022\/12\/Dk4oqie4ZfyZESEWtHrrZm-1920x824.webp 1920w\" sizes=\"auto, (max-width: 1024px) 100vw, 1024px\" \/><figcaption id=\"caption-attachment-16688\" class=\"wp-caption-text\">fot\u00f3: Will Jones<\/figcaption><\/figure>\n<p>Az id\u00e9n m\u00e1r 91. \u00e9let\u00e9v\u00e9t tapos\u00f3 k\u00f6ztiszteletben \u00e1ll\u00f3 mester most meg\u00e9lheti, hogy ugyanitt megny\u00edljon saj\u00e1t m\u00fazeuma: hivatalosan december 18-\u00e1n nyitotta meg kapuit a t\u00f6rt\u00e9nelmi darabokat tartalmaz\u00f3 ki\u00e1ll\u00edt\u00e1sa sz\u00fcl\u0151v\u00e1rosban, a Colnago-gy\u00e1rt\u00f3l nem messze. A La Collezione by Ernesto Colnago n\u00e9vre hallgat\u00f3 t\u00e1rlaton a teljess\u00e9g ig\u00e9nye n\u00e9lk\u00fcl olyan exkluz\u00edv darabokat l\u00e1thatunk majd, mint Eddy Merckx 1972-es p\u00e1lyabring\u00e1ja, amivel Mexik\u00f3v\u00e1rosban megd\u00f6nt\u00f6tte az egy\u00f3r\u00e1s ker\u00e9kp\u00e1roz\u00e1s cs\u00facs\u00e1t, vagy Franco Ballerini \u201995-\u00f6s P\u00e1rizs\u2013Roubaix-gy\u0151ztes k\u00e9tkerek\u0171je, \u00e9s t\u00f6bbsz\u00e1z mez \u00e9s fot\u00f3 a mester p\u00e1ratlan, 75 \u00e9vet fel\u00f6lel\u0151 bringa\u00e9p\u00edt\u0151 p\u00e1lyafut\u00e1s\u00e1hoz kapcsol\u00f3d\u00f3an. <em>\u201eEz az eml\u00e9keim, a m\u00faltam \u00e9s a j\u00f6v\u0151beli \u00e1lmaim, valamint az \u00e9rz\u00e9seim \u00e9s \u00f6tleteim gy\u0171jtem\u00e9nye, minden egy helyen \u2013 itt, ahol az eg\u00e9sz elkezd\u0151d\u00f6tt\u201d<\/em> \u2013 jellemezte minim\u00fazeum\u00e1t meghatottan a 90 \u00e9ves mester. Ha valaki Mil\u00e1n\u00f3 k\u00f6rny\u00e9k\u00e9n j\u00e1r, mindenk\u00e9ppen \u00e9rdemes bet\u00e9rni!<\/p>\n<figure id=\"attachment_16689\" aria-describedby=\"caption-attachment-16689\" style=\"width: 1024px\" class=\"wp-caption alignnone\"><img loading=\"lazy\" decoding=\"async\" class=\"size-large wp-image-16689\" src=\"https:\/\/d2p6e6u75xmxt8.cloudfront.net\/12\/2022\/12\/8Eac5eRTmfhty2V6SPiocE-1024x683.webp\" alt=\"\" width=\"1024\" height=\"683\" srcset=\"https:\/\/d2p6e6u75xmxt8.cloudfront.net\/12\/2022\/12\/8Eac5eRTmfhty2V6SPiocE-1024x683.webp 1024w, https:\/\/d2p6e6u75xmxt8.cloudfront.net\/12\/2022\/12\/8Eac5eRTmfhty2V6SPiocE-300x200.webp 300w, https:\/\/d2p6e6u75xmxt8.cloudfront.net\/12\/2022\/12\/8Eac5eRTmfhty2V6SPiocE-768x512.webp 768w, https:\/\/d2p6e6u75xmxt8.cloudfront.net\/12\/2022\/12\/8Eac5eRTmfhty2V6SPiocE-272x182.webp 272w, https:\/\/d2p6e6u75xmxt8.cloudfront.net\/12\/2022\/12\/8Eac5eRTmfhty2V6SPiocE.webp 1200w\" sizes=\"auto, (max-width: 1024px) 100vw, 1024px\" \/><figcaption id=\"caption-attachment-16689\" class=\"wp-caption-text\">fot\u00f3: Colnago<\/figcaption><\/figure>\n<p><em>Bor\u00edt\u00f3k\u00e9p: Colnago<\/em><\/p>\n","protected":false},"excerpt":{"rendered":"<p>A legend\u00e1s olasz ker\u00e9kp\u00e1rk\u00e9sz\u00edt\u0151nek sz\u00fcl\u0151v\u00e1ros\u00e1ban, Cambiag\u00f3ban ny\u00edlik meg az ikonikus darabokat tartalmaz\u00f3 kollekci\u00f3ja.<\/p>\n","protected":false},"author":71,"featured_media":16686,"comment_status":"open","ping_status":"open","sticky":false,"template":"","format":"standard","meta":{"footnotes":""},"categories":[8],"tags":[],"global-categories":[],"class_list":["post-16685","post","type-post","status-publish","format-standard","has-post-thumbnail","hentry","category-orszaguti-kerekpar"],"yoast_head":"<!-- This site is optimized with the Yoast SEO Premium plugin v25.3 (Yoast SEO v25.9) - https:\/\/yoast.com\/wordpress\/plugins\/seo\/ -->\n<title>Kar\u00e1csonykor m\u00e1r l\u00e1togathat\u00f3 Ernesto Colnago vadonat\u00faj bringam\u00fazeuma!<\/title>\n<meta name=\"description\" content=\"A legend\u00e1s olasz ker\u00e9kp\u00e1rk\u00e9sz\u00edt\u0151nek sz\u00fcl\u0151v\u00e1ros\u00e1ban, Cambiag\u00f3ban ny\u00edlik meg az ikonikus darabokat tartalmaz\u00f3 kollekci\u00f3ja.\" \/>\n<meta name=\"robots\" content=\"index, follow, max-snippet:-1, max-image-preview:large, max-video-preview:-1\" \/>\n<link rel=\"canonical\" href=\"https:\/\/www.welovecycling.com\/hu\/orszaguti-kerekpar\/karacsonykor-mar-latogathato-ernesto-colnago-vadonatuj-bringamuzeuma\/\" \/>\n<meta property=\"og:locale\" content=\"hu_HU\" \/>\n<meta property=\"og:type\" content=\"article\" \/>\n<meta property=\"og:title\" content=\"Kar\u00e1csonykor m\u00e1r l\u00e1togathat\u00f3 Ernesto Colnago vadonat\u00faj bringam\u00fazeuma!\" \/>\n<meta property=\"og:description\" content=\"A legend\u00e1s olasz ker\u00e9kp\u00e1rk\u00e9sz\u00edt\u0151nek sz\u00fcl\u0151v\u00e1ros\u00e1ban, Cambiag\u00f3ban ny\u00edlik meg az ikonikus darabokat tartalmaz\u00f3 kollekci\u00f3ja.\" \/>\n<meta property=\"og:url\" content=\"https:\/\/www.welovecycling.com\/hu\/orszaguti-kerekpar\/karacsonykor-mar-latogathato-ernesto-colnago-vadonatuj-bringamuzeuma\/\" \/>\n<meta property=\"og:site_name\" content=\"\u0160koda We Love Cycling - Magyarorsz\u00e1g\" \/>\n<meta property=\"article:publisher\" content=\"https:\/\/www.facebook.com\/WeLoveCyclingHungary\/\" \/>\n<meta property=\"article:published_time\" content=\"2022-12-22T06:00:20+00:00\" \/>\n<meta property=\"article:modified_time\" content=\"2022-12-22T14:04:02+00:00\" \/>\n<meta property=\"og:image\" content=\"https:\/\/d2p6e6u75xmxt8.cloudfront.net\/12\/2022\/12\/SGYT4fDZFH6q2TYd6qsxQE.webp\" \/>\n\t<meta property=\"og:image:width\" content=\"1200\" \/>\n\t<meta property=\"og:image:height\" content=\"814\" \/>\n\t<meta property=\"og:image:type\" content=\"image\/webp\" \/>\n<meta name=\"author\" content=\"hegyizs\" \/>\n<meta name=\"twitter:card\" content=\"summary_large_image\" \/>\n<meta name=\"twitter:label1\" content=\"Written by\" \/>\n\t<meta name=\"twitter:data1\" content=\"WLC\" \/>\n\t<meta name=\"twitter:label2\" content=\"Est. reading time\" \/>\n\t<meta name=\"twitter:data2\" content=\"3 minutes\" \/>\n<script type=\"application\/ld+json\" class=\"yoast-schema-graph\">{\"@context\":\"https:\/\/schema.org\",\"@graph\":[{\"@type\":\"WebPage\",\"@id\":\"https:\/\/www.welovecycling.com\/hu\/orszaguti-kerekpar\/karacsonykor-mar-latogathato-ernesto-colnago-vadonatuj-bringamuzeuma\/\",\"url\":\"https:\/\/www.welovecycling.com\/hu\/orszaguti-kerekpar\/karacsonykor-mar-latogathato-ernesto-colnago-vadonatuj-bringamuzeuma\/\",\"name\":\"Kar\u00e1csonykor m\u00e1r l\u00e1togathat\u00f3 Ernesto Colnago vadonat\u00faj bringam\u00fazeuma!\",\"isPartOf\":{\"@id\":\"https:\/\/www.welovecycling.com\/hu\/#website\"},\"primaryImageOfPage\":{\"@id\":\"https:\/\/www.welovecycling.com\/hu\/orszaguti-kerekpar\/karacsonykor-mar-latogathato-ernesto-colnago-vadonatuj-bringamuzeuma\/#primaryimage\"},\"image\":{\"@id\":\"https:\/\/www.welovecycling.com\/hu\/orszaguti-kerekpar\/karacsonykor-mar-latogathato-ernesto-colnago-vadonatuj-bringamuzeuma\/#primaryimage\"},\"thumbnailUrl\":\"https:\/\/d2p6e6u75xmxt8.cloudfront.net\/12\/2022\/12\/SGYT4fDZFH6q2TYd6qsxQE.webp\",\"datePublished\":\"2022-12-22T06:00:20+00:00\",\"dateModified\":\"2022-12-22T14:04:02+00:00\",\"author\":{\"@id\":\"https:\/\/www.welovecycling.com\/hu\/#\/schema\/person\/414a2aebf1801691a5320edb6468e194\"},\"description\":\"A legend\u00e1s olasz ker\u00e9kp\u00e1rk\u00e9sz\u00edt\u0151nek sz\u00fcl\u0151v\u00e1ros\u00e1ban, Cambiag\u00f3ban ny\u00edlik meg az ikonikus darabokat tartalmaz\u00f3 kollekci\u00f3ja.\",\"breadcrumb\":{\"@id\":\"https:\/\/www.welovecycling.com\/hu\/orszaguti-kerekpar\/karacsonykor-mar-latogathato-ernesto-colnago-vadonatuj-bringamuzeuma\/#breadcrumb\"},\"inLanguage\":\"hu\",\"potentialAction\":[{\"@type\":\"ReadAction\",\"target\":[\"https:\/\/www.welovecycling.com\/hu\/orszaguti-kerekpar\/karacsonykor-mar-latogathato-ernesto-colnago-vadonatuj-bringamuzeuma\/\"]}]},{\"@type\":\"ImageObject\",\"inLanguage\":\"hu\",\"@id\":\"https:\/\/www.welovecycling.com\/hu\/orszaguti-kerekpar\/karacsonykor-mar-latogathato-ernesto-colnago-vadonatuj-bringamuzeuma\/#primaryimage\",\"url\":\"https:\/\/d2p6e6u75xmxt8.cloudfront.net\/12\/2022\/12\/SGYT4fDZFH6q2TYd6qsxQE.webp\",\"contentUrl\":\"https:\/\/d2p6e6u75xmxt8.cloudfront.net\/12\/2022\/12\/SGYT4fDZFH6q2TYd6qsxQE.webp\",\"width\":1200,\"height\":814},{\"@type\":\"BreadcrumbList\",\"@id\":\"https:\/\/www.welovecycling.com\/hu\/orszaguti-kerekpar\/karacsonykor-mar-latogathato-ernesto-colnago-vadonatuj-bringamuzeuma\/#breadcrumb\",\"itemListElement\":[{\"@type\":\"ListItem\",\"position\":1,\"name\":\"Home\",\"item\":\"https:\/\/www.welovecycling.com\/hu\/\"},{\"@type\":\"ListItem\",\"position\":2,\"name\":\"Kar\u00e1csonykor m\u00e1r l\u00e1togathat\u00f3 Ernesto Colnago vadonat\u00faj bringam\u00fazeuma!\"}]},{\"@type\":\"WebSite\",\"@id\":\"https:\/\/www.welovecycling.com\/hu\/#website\",\"url\":\"https:\/\/www.welovecycling.com\/hu\/\",\"name\":\"\u0160koda We Love Cycling - Magyarorsz\u00e1g\",\"description\":\"\u0160koda WeLoveCycling\",\"potentialAction\":[{\"@type\":\"SearchAction\",\"target\":{\"@type\":\"EntryPoint\",\"urlTemplate\":\"https:\/\/www.welovecycling.com\/hu\/?s={search_term_string}\"},\"query-input\":{\"@type\":\"PropertyValueSpecification\",\"valueRequired\":true,\"valueName\":\"search_term_string\"}}],\"inLanguage\":\"hu\"},{\"@type\":\"Person\",\"@id\":\"https:\/\/www.welovecycling.com\/hu\/#\/schema\/person\/414a2aebf1801691a5320edb6468e194\",\"name\":\"hegyizs\",\"image\":{\"@type\":\"ImageObject\",\"inLanguage\":\"hu\",\"@id\":\"https:\/\/www.welovecycling.com\/hu\/#\/schema\/person\/image\/\",\"url\":\"https:\/\/secure.gravatar.com\/avatar\/02cf8a7906b8cf90cecb4679defac7cfd33a1c2e3b88e4903d947f3bb58eedd3?s=96&d=mm&r=g\",\"contentUrl\":\"https:\/\/secure.gravatar.com\/avatar\/02cf8a7906b8cf90cecb4679defac7cfd33a1c2e3b88e4903d947f3bb58eedd3?s=96&d=mm&r=g\",\"caption\":\"hegyizs\"},\"url\":\"https:\/\/www.welovecycling.com\/hu\/author\/hegyizs\/\"}]}<\/script>\n<!-- \/ Yoast SEO Premium plugin. -->","yoast_head_json":{"title":"Kar\u00e1csonykor m\u00e1r l\u00e1togathat\u00f3 Ernesto Colnago vadonat\u00faj bringam\u00fazeuma!","description":"A legend\u00e1s olasz ker\u00e9kp\u00e1rk\u00e9sz\u00edt\u0151nek sz\u00fcl\u0151v\u00e1ros\u00e1ban, Cambiag\u00f3ban ny\u00edlik meg az ikonikus darabokat tartalmaz\u00f3 kollekci\u00f3ja.","robots":{"index":"index","follow":"follow","max-snippet":"max-snippet:-1","max-image-preview":"max-image-preview:large","max-video-preview":"max-video-preview:-1"},"canonical":"https:\/\/www.welovecycling.com\/hu\/orszaguti-kerekpar\/karacsonykor-mar-latogathato-ernesto-colnago-vadonatuj-bringamuzeuma\/","og_locale":"hu_HU","og_type":"article","og_title":"Kar\u00e1csonykor m\u00e1r l\u00e1togathat\u00f3 Ernesto Colnago vadonat\u00faj bringam\u00fazeuma!","og_description":"A legend\u00e1s olasz ker\u00e9kp\u00e1rk\u00e9sz\u00edt\u0151nek sz\u00fcl\u0151v\u00e1ros\u00e1ban, Cambiag\u00f3ban ny\u00edlik meg az ikonikus darabokat tartalmaz\u00f3 kollekci\u00f3ja.","og_url":"https:\/\/www.welovecycling.com\/hu\/orszaguti-kerekpar\/karacsonykor-mar-latogathato-ernesto-colnago-vadonatuj-bringamuzeuma\/","og_site_name":"\u0160koda We Love Cycling - Magyarorsz\u00e1g","article_publisher":"https:\/\/www.facebook.com\/WeLoveCyclingHungary\/","article_published_time":"2022-12-22T06:00:20+00:00","article_modified_time":"2022-12-22T14:04:02+00:00","og_image":[{"width":1200,"height":814,"url":"https:\/\/d2p6e6u75xmxt8.cloudfront.net\/12\/2022\/12\/SGYT4fDZFH6q2TYd6qsxQE.webp","type":"image\/webp"}],"author":"hegyizs","twitter_card":"summary_large_image","twitter_misc":{"Written by":"WLC","Est. reading time":"3 minutes"},"schema":{"@context":"https:\/\/schema.org","@graph":[{"@type":"WebPage","@id":"https:\/\/www.welovecycling.com\/hu\/orszaguti-kerekpar\/karacsonykor-mar-latogathato-ernesto-colnago-vadonatuj-bringamuzeuma\/","url":"https:\/\/www.welovecycling.com\/hu\/orszaguti-kerekpar\/karacsonykor-mar-latogathato-ernesto-colnago-vadonatuj-bringamuzeuma\/","name":"Kar\u00e1csonykor m\u00e1r l\u00e1togathat\u00f3 Ernesto Colnago vadonat\u00faj bringam\u00fazeuma!","isPartOf":{"@id":"https:\/\/www.welovecycling.com\/hu\/#website"},"primaryImageOfPage":{"@id":"https:\/\/www.welovecycling.com\/hu\/orszaguti-kerekpar\/karacsonykor-mar-latogathato-ernesto-colnago-vadonatuj-bringamuzeuma\/#primaryimage"},"image":{"@id":"https:\/\/www.welovecycling.com\/hu\/orszaguti-kerekpar\/karacsonykor-mar-latogathato-ernesto-colnago-vadonatuj-bringamuzeuma\/#primaryimage"},"thumbnailUrl":"https:\/\/d2p6e6u75xmxt8.cloudfront.net\/12\/2022\/12\/SGYT4fDZFH6q2TYd6qsxQE.webp","datePublished":"2022-12-22T06:00:20+00:00","dateModified":"2022-12-22T14:04:02+00:00","author":{"@id":"https:\/\/www.welovecycling.com\/hu\/#\/schema\/person\/414a2aebf1801691a5320edb6468e194"},"description":"A legend\u00e1s olasz ker\u00e9kp\u00e1rk\u00e9sz\u00edt\u0151nek sz\u00fcl\u0151v\u00e1ros\u00e1ban, Cambiag\u00f3ban ny\u00edlik meg az ikonikus darabokat tartalmaz\u00f3 kollekci\u00f3ja.","breadcrumb":{"@id":"https:\/\/www.welovecycling.com\/hu\/orszaguti-kerekpar\/karacsonykor-mar-latogathato-ernesto-colnago-vadonatuj-bringamuzeuma\/#breadcrumb"},"inLanguage":"hu","potentialAction":[{"@type":"ReadAction","target":["https:\/\/www.welovecycling.com\/hu\/orszaguti-kerekpar\/karacsonykor-mar-latogathato-ernesto-colnago-vadonatuj-bringamuzeuma\/"]}]},{"@type":"ImageObject","inLanguage":"hu","@id":"https:\/\/www.welovecycling.com\/hu\/orszaguti-kerekpar\/karacsonykor-mar-latogathato-ernesto-colnago-vadonatuj-bringamuzeuma\/#primaryimage","url":"https:\/\/d2p6e6u75xmxt8.cloudfront.net\/12\/2022\/12\/SGYT4fDZFH6q2TYd6qsxQE.webp","contentUrl":"https:\/\/d2p6e6u75xmxt8.cloudfront.net\/12\/2022\/12\/SGYT4fDZFH6q2TYd6qsxQE.webp","width":1200,"height":814},{"@type":"BreadcrumbList","@id":"https:\/\/www.welovecycling.com\/hu\/orszaguti-kerekpar\/karacsonykor-mar-latogathato-ernesto-colnago-vadonatuj-bringamuzeuma\/#breadcrumb","itemListElement":[{"@type":"ListItem","position":1,"name":"Home","item":"https:\/\/www.welovecycling.com\/hu\/"},{"@type":"ListItem","position":2,"name":"Kar\u00e1csonykor m\u00e1r l\u00e1togathat\u00f3 Ernesto Colnago vadonat\u00faj bringam\u00fazeuma!"}]},{"@type":"WebSite","@id":"https:\/\/www.welovecycling.com\/hu\/#website","url":"https:\/\/www.welovecycling.com\/hu\/","name":"\u0160koda We Love Cycling - Magyarorsz\u00e1g","description":"\u0160koda WeLoveCycling","potentialAction":[{"@type":"SearchAction","target":{"@type":"EntryPoint","urlTemplate":"https:\/\/www.welovecycling.com\/hu\/?s={search_term_string}"},"query-input":{"@type":"PropertyValueSpecification","valueRequired":true,"valueName":"search_term_string"}}],"inLanguage":"hu"},{"@type":"Person","@id":"https:\/\/www.welovecycling.com\/hu\/#\/schema\/person\/414a2aebf1801691a5320edb6468e194","name":"hegyizs","image":{"@type":"ImageObject","inLanguage":"hu","@id":"https:\/\/www.welovecycling.com\/hu\/#\/schema\/person\/image\/","url":"https:\/\/secure.gravatar.com\/avatar\/02cf8a7906b8cf90cecb4679defac7cfd33a1c2e3b88e4903d947f3bb58eedd3?s=96&d=mm&r=g","contentUrl":"https:\/\/secure.gravatar.com\/avatar\/02cf8a7906b8cf90cecb4679defac7cfd33a1c2e3b88e4903d947f3bb58eedd3?s=96&d=mm&r=g","caption":"hegyizs"},"url":"https:\/\/www.welovecycling.com\/hu\/author\/hegyizs\/"}]}},"_links":{"self":[{"href":"https:\/\/www.welovecycling.com\/hu\/wp-json\/wp\/v2\/posts\/16685","targetHints":{"allow":["GET"]}}],"collection":[{"href":"https:\/\/www.welovecycling.com\/hu\/wp-json\/wp\/v2\/posts"}],"about":[{"href":"https:\/\/www.welovecycling.com\/hu\/wp-json\/wp\/v2\/types\/post"}],"author":[{"embeddable":true,"href":"https:\/\/www.welovecycling.com\/hu\/wp-json\/wp\/v2\/users\/71"}],"replies":[{"embeddable":true,"href":"https:\/\/www.welovecycling.com\/hu\/wp-json\/wp\/v2\/comments?post=16685"}],"version-history":[{"count":1,"href":"https:\/\/www.welovecycling.com\/hu\/wp-json\/wp\/v2\/posts\/16685\/revisions"}],"predecessor-version":[{"id":16690,"href":"https:\/\/www.welovecycling.com\/hu\/wp-json\/wp\/v2\/posts\/16685\/revisions\/16690"}],"wp:featuredmedia":[{"embeddable":true,"href":"https:\/\/www.welovecycling.com\/hu\/wp-json\/wp\/v2\/media\/16686"}],"wp:attachment":[{"href":"https:\/\/www.welovecycling.com\/hu\/wp-json\/wp\/v2\/media?parent=16685"}],"wp:term":[{"taxonomy":"category","embeddable":true,"href":"https:\/\/www.welovecycling.com\/hu\/wp-json\/wp\/v2\/categories?post=16685"},{"taxonomy":"post_tag","embeddable":true,"href":"https:\/\/www.welovecycling.com\/hu\/wp-json\/wp\/v2\/tags?post=16685"},{"taxonomy":"global-categories","embeddable":true,"href":"https:\/\/www.welovecycling.com\/hu\/wp-json\/wp\/v2\/global-categories?post=16685"}],"curies":[{"name":"wp","href":"https:\/\/api.w.org\/{rel}","templated":true}]}}