{"id":16681,"date":"2022-12-29T08:00:59","date_gmt":"2022-12-29T06:00:59","guid":{"rendered":"https:\/\/www.welovecycling.com\/hu\/?p=16681"},"modified":"2022-12-22T16:36:20","modified_gmt":"2022-12-22T14:36:20","slug":"igy-nez-ki-a-tokeletes-regeneralo-kor","status":"publish","type":"post","link":"https:\/\/www.welovecycling.com\/hu\/edzes-es-eletmod\/igy-nez-ki-a-tokeletes-regeneralo-kor\/","title":{"rendered":"\u00cdgy n\u00e9z ki a t\u00f6k\u00e9letes regener\u00e1l\u00f3 k\u00f6r"},"content":{"rendered":"<p><strong>Ha te is mindig hal\u00e1losan f\u00e1radtan \u00e9rsz haza, pedig csak egy k\u00f6nnyed, regener\u00e1l\u00f3 edz\u00e9sre indult\u00e1l, hoztunk neked n\u00e9h\u00e1ny tippet!<\/strong><!--more--><\/p>\n<p>Sokan alul\u00e9rt\u00e9kelik a regener\u00e1l\u00f3 edz\u00e9seket, \u00e9s egyenesen kihagyj\u00e1k \u0151ket, ami nagy hiba, mert \u00edgy sosem tapasztalj\u00e1k meg, milyen <em>j\u00f3l<\/em> fel\u00e9p\u00fclni. K\u00fcls\u0151 vagy bels\u0151 nyom\u00e1s, vagy a f\u00e9lelem, hogy ha nem tekersz, kimaradsz valamib\u0151l, sok minden keresztbe h\u00fazhatja a folyamatot.<\/p>\n<p><em>\u201cSokszor voltam m\u00e1r ilyen helyzetben, mert a bar\u00e1taim nagy r\u00e9sze montis, akik \u00e1lland\u00f3an a hegyekben l\u00f3gnak, \u00e9s ez t\u00e9nyleg sokkal jobb id\u0151t\u00f6lt\u00e9snek t\u0171nik, mint szimpl\u00e1n tekerni egy laz\u00e1t\u201d <\/em>&#8211; mes\u00e9lte Sam Boardman ker\u00e9kp\u00e1rversenyz\u0151 a Bicycling magazinnak. <em>\u201cDe vannak saj\u00e1t c\u00e9ljaim, amik nagyobbak a pillanatnyi sz\u00f3rakoz\u00e1sn\u00e1l, \u00e9s nekem ezekre kell k\u00e9sz\u00fcln\u00f6m.\u201d<\/em><\/p>\n<p>De pontosan mire is j\u00f3k a regener\u00e1l\u00f3 k\u00f6r\u00f6k? Nem lehetne ink\u00e1bb a kanap\u00e9n t\u00f6lteni a fel\u00e9p\u00fcl\u00e9s id\u0151szak\u00e1t? De, lehet, \u00e1m Kristen Arnold, amerikai ker\u00e9kp\u00e1redz\u0151 szerint nem a legjobb \u00f6tlet.<\/p>\n<p><em>\u201cA regener\u00e1l\u00f3 edz\u00e9sek finoman nyitj\u00e1k a hajsz\u00e1lereket, ezzel el\u0151seg\u00edtik a v\u00e9r\u00e1raml\u00e1st, \u00edgy a tested k\u00f6nnyebben alkalmazkodik \u00e9s k\u00e9szen \u00e1ll majd a k\u00f6vetkez\u0151 napi edz\u00e9sre\u201d<\/em> &#8211; magyar\u00e1zta Arnold. <em>\u201cHa ez az edz\u00e9s is olyan kem\u00e9ny, mint az el\u0151z\u0151 napi, a tested \u00e9s az elm\u00e9d is hi\u00e1nyolni fogja a pihen\u00e9st.\u201d<\/em><\/p>\n<h2><strong>Hogyan csin\u00e1ld j\u00f3l?<\/strong><\/h2>\n<p>A t\u00f6k\u00e9letes regener\u00e1l\u00f3 k\u00f6r hossza 30 \u00e9s 75 perc k\u00f6z\u00f6tti, egy s\u00edk \u00e9s lehet\u0151leg kev\u00e9s meg\u00e1ll\u00f3val tark\u00edtott \u00fatvonalon. Gyakori hiba a dombos \u00fatvonal kiv\u00e1laszt\u00e1sa, ami id\u0151nk\u00e9nt nagy teljes\u00edtm\u00e9nyt ig\u00e9nyel, illetve a t\u00fal sok stop t\u00e1bla \u00e9s l\u00e1mpa miatt beiktatott meg\u00e1ll\u00f3k sem seg\u00edtenek.<\/p>\n<p><em>\u201cJobb, ha egy szakaszt t\u00f6bbsz\u00f6r megteszel, vagy kisebb k\u00f6r\u00f6ket m\u00e9sz, mint egy hossz\u00fa \u00fatvonal, ahol m\u00e1sznod kell\u201d <\/em>&#8211; mondta Arnold.<\/p>\n<figure id=\"attachment_16682\" aria-describedby=\"caption-attachment-16682\" style=\"width: 1024px\" class=\"wp-caption alignnone\"><img loading=\"lazy\" decoding=\"async\" class=\"size-large wp-image-16682\" src=\"https:\/\/d2p6e6u75xmxt8.cloudfront.net\/12\/2022\/12\/coen-van-de-broek-OFyh9TpMyM8-unsplash-1024x683.webp\" alt=\"\" width=\"1024\" height=\"683\" srcset=\"https:\/\/d2p6e6u75xmxt8.cloudfront.net\/12\/2022\/12\/coen-van-de-broek-OFyh9TpMyM8-unsplash-1024x683.webp 1024w, https:\/\/d2p6e6u75xmxt8.cloudfront.net\/12\/2022\/12\/coen-van-de-broek-OFyh9TpMyM8-unsplash-300x200.webp 300w, https:\/\/d2p6e6u75xmxt8.cloudfront.net\/12\/2022\/12\/coen-van-de-broek-OFyh9TpMyM8-unsplash-768x512.webp 768w, https:\/\/d2p6e6u75xmxt8.cloudfront.net\/12\/2022\/12\/coen-van-de-broek-OFyh9TpMyM8-unsplash-1536x1024.webp 1536w, https:\/\/d2p6e6u75xmxt8.cloudfront.net\/12\/2022\/12\/coen-van-de-broek-OFyh9TpMyM8-unsplash-272x182.webp 272w, https:\/\/d2p6e6u75xmxt8.cloudfront.net\/12\/2022\/12\/coen-van-de-broek-OFyh9TpMyM8-unsplash.webp 1920w\" sizes=\"auto, (max-width: 1024px) 100vw, 1024px\" \/><figcaption id=\"caption-attachment-16682\" class=\"wp-caption-text\">Csak k\u00f6nnyed\u00e9n \u00e9s s\u00edk terepen! Fot\u00f3: Coen van de Broek I Unsplash<\/figcaption><\/figure>\n<p>Boardman, aki \u00e1tlagosan heti 20 \u00f3r\u00e1t teker, igyekszik minden h\u00e9ten beiktatni k\u00e9t ilyen utat is.<\/p>\n<p><em>\u201c\u00c1ltal\u00e1ban az edz\u0151m k\u00e9t regener\u00e1l\u00f3 utat tervez be a heti edz\u00e9stervembe, h\u00e9tf\u0151n \u00e9s p\u00e9nteken. De a megval\u00f3sul\u00e1suk att\u00f3l f\u00fcgg, hogy \u00e9n \u00fagy \u00e9rzem, hogy kellenek-e ezek az alkalmak. Ennek ellen\u00e9re azt mondan\u00e1m, hogy ha fizikailag nem is mindig \u00e9rzem sz\u00fcks\u00e9g\u00e9t, mindig jobb kedvem lesz egy k\u00f6nnyed teker\u00e9s ut\u00e1n &#8211; a lelki regener\u00e1l\u00f3d\u00e1s pedig \u00e9pp olyan fontos, mint a fizikai.\u201d<\/em><\/p>\n<p>A megfelel\u0151 fel\u00e9p\u00fcl\u00e9s \u00e9rdek\u00e9ben k\u00e9nyelmesen magas intenzit\u00e1ssal, folyamatosan kell tekerned, \u00fcgyelve arra, hogy a l\u00e1baid folyamatosan dolgozzanak, ahelyett, hogy csak gurulsz. \u00cdgy seg\u00edthetnek a m\u00e9r\u0151sz\u00e1mok:<\/p>\n<ul>\n<li>Ne haladd meg a funkcion\u00e1lis k\u00fcsz\u00f6b teljes\u00edtm\u00e9nyed (FTP) 55 sz\u00e1zal\u00e9k\u00e1t!<\/li>\n<li>Ha pulzusm\u00e9r\u0151t haszn\u00e1lsz, ne l\u00e9pd t\u00fal az 1. c\u00e9lpulzus z\u00f3n\u00e1t!<\/li>\n<li>Ne l\u00e9pd t\u00fal az \u00e9szlelt er\u0151fesz\u00edt\u00e9s 10-es sk\u00e1l\u00e1j\u00e1n az 5-\u00f6s \u00e9rt\u00e9k\u00e9t (f\u00fcrg\u00e9bb gyalogl\u00e1s vagy b\u00e1rmilyen fizikai aktivit\u00e1s, amit\u0151l csek\u00e9ly m\u00e9rt\u00e9kben gyorsul a sz\u00edvver\u00e9s)!<\/li>\n<\/ul>\n<p><em>\u201cVan, hogy egy regener\u00e1l\u00f3 t\u00far\u00e1n a p\u00e1rommal versenyz\u00fcnk, hogy ki tudja el\u00e9rni a legalacsonyabb teljes\u00edtm\u00e9nyt. Val\u00f3sz\u00edn\u0171leg nem ez a legjobb m\u00f3dszer, de a l\u00e9nyeg, hogy t\u00e9nyleg k\u00f6nnyed legyen ez az edz\u00e9s!\u201d<\/em> &#8211; mondta Boardman.<\/p>\n<p>Ezekhez a teker\u00e9sekhez nem kell magaddal vinni a teljes felszerel\u00e9sed, s\u0151t, azzal sincs semmi baj, ha otthon v\u00e9gzed el \u0151ket. Ha pedig sehogysem tudod meg\u00e1llni, hogy ha m\u00e1r nyeregben \u00fclsz, ne hajts ezerrel, akkor ne \u00fclj nyeregbe! A j\u00f3ga, egy kis s\u00e9ta vagy n\u00e9mi h\u00e1zimunka \u00e9s kert\u00e9szked\u00e9s is jobb a semmin\u00e9l.<\/p>\n<p><em>Forr\u00e1s: <\/em><a href=\"https:\/\/www.bicycling.com\/training\/a38004081\/exactly-how-to-nail-your-recovery-ride\/\"><em>bicycling.com<\/em><\/a><\/p>\n","protected":false},"excerpt":{"rendered":"<p>Ha te is mindig hal\u00e1losan f\u00e1radtan \u00e9rsz haza, pedig csak egy k\u00f6nnyed, regener\u00e1l\u00f3 edz\u00e9sre indult\u00e1l, hoztunk neked n\u00e9h\u00e1ny tippet!<\/p>\n","protected":false},"author":71,"featured_media":16683,"comment_status":"open","ping_status":"open","sticky":false,"template":"","format":"standard","meta":{"footnotes":""},"categories":[6],"tags":[],"global-categories":[],"class_list":["post-16681","post","type-post","status-publish","format-standard","has-post-thumbnail","hentry","category-edzes-es-eletmod"],"yoast_head":"<!-- This site is optimized with the Yoast SEO Premium plugin v25.3 (Yoast SEO v25.9) - https:\/\/yoast.com\/wordpress\/plugins\/seo\/ -->\n<title>\u00cdgy n\u00e9z ki a t\u00f6k\u00e9letes regener\u00e1l\u00f3 k\u00f6r<\/title>\n<meta name=\"description\" content=\"Ha te is mindig hal\u00e1losan f\u00e1radtan \u00e9rsz haza, pedig csak egy k\u00f6nnyed, regener\u00e1l\u00f3 edz\u00e9sre indult\u00e1l, hoztunk neked n\u00e9h\u00e1ny tippet!\" \/>\n<meta name=\"robots\" content=\"index, follow, max-snippet:-1, max-image-preview:large, max-video-preview:-1\" \/>\n<link rel=\"canonical\" href=\"https:\/\/www.welovecycling.com\/hu\/edzes-es-eletmod\/igy-nez-ki-a-tokeletes-regeneralo-kor\/\" \/>\n<meta property=\"og:locale\" content=\"hu_HU\" \/>\n<meta property=\"og:type\" content=\"article\" \/>\n<meta property=\"og:title\" content=\"\u00cdgy n\u00e9z ki a t\u00f6k\u00e9letes regener\u00e1l\u00f3 k\u00f6r\" \/>\n<meta property=\"og:description\" content=\"Ha te is mindig hal\u00e1losan f\u00e1radtan \u00e9rsz haza, pedig csak egy k\u00f6nnyed, regener\u00e1l\u00f3 edz\u00e9sre indult\u00e1l, hoztunk neked n\u00e9h\u00e1ny tippet!\" \/>\n<meta property=\"og:url\" content=\"https:\/\/www.welovecycling.com\/hu\/edzes-es-eletmod\/igy-nez-ki-a-tokeletes-regeneralo-kor\/\" \/>\n<meta property=\"og:site_name\" content=\"\u0160koda We Love Cycling - Magyarorsz\u00e1g\" \/>\n<meta property=\"article:publisher\" content=\"https:\/\/www.facebook.com\/WeLoveCyclingHungary\/\" \/>\n<meta property=\"article:published_time\" content=\"2022-12-29T06:00:59+00:00\" \/>\n<meta property=\"og:image\" content=\"https:\/\/d2p6e6u75xmxt8.cloudfront.net\/12\/2022\/12\/carl-winterbourne-6DWMeV1kNCc-unsplash.webp\" \/>\n\t<meta property=\"og:image:width\" content=\"1920\" \/>\n\t<meta property=\"og:image:height\" content=\"1241\" \/>\n\t<meta property=\"og:image:type\" content=\"image\/webp\" \/>\n<meta name=\"author\" content=\"hegyizs\" \/>\n<meta name=\"twitter:card\" content=\"summary_large_image\" \/>\n<meta name=\"twitter:label1\" content=\"Written by\" \/>\n\t<meta name=\"twitter:data1\" content=\"WLC\" \/>\n\t<meta name=\"twitter:label2\" content=\"Est. reading time\" \/>\n\t<meta name=\"twitter:data2\" content=\"4 minutes\" \/>\n<script type=\"application\/ld+json\" class=\"yoast-schema-graph\">{\"@context\":\"https:\/\/schema.org\",\"@graph\":[{\"@type\":\"WebPage\",\"@id\":\"https:\/\/www.welovecycling.com\/hu\/edzes-es-eletmod\/igy-nez-ki-a-tokeletes-regeneralo-kor\/\",\"url\":\"https:\/\/www.welovecycling.com\/hu\/edzes-es-eletmod\/igy-nez-ki-a-tokeletes-regeneralo-kor\/\",\"name\":\"\u00cdgy n\u00e9z ki a t\u00f6k\u00e9letes regener\u00e1l\u00f3 k\u00f6r\",\"isPartOf\":{\"@id\":\"https:\/\/www.welovecycling.com\/hu\/#website\"},\"primaryImageOfPage\":{\"@id\":\"https:\/\/www.welovecycling.com\/hu\/edzes-es-eletmod\/igy-nez-ki-a-tokeletes-regeneralo-kor\/#primaryimage\"},\"image\":{\"@id\":\"https:\/\/www.welovecycling.com\/hu\/edzes-es-eletmod\/igy-nez-ki-a-tokeletes-regeneralo-kor\/#primaryimage\"},\"thumbnailUrl\":\"https:\/\/d2p6e6u75xmxt8.cloudfront.net\/12\/2022\/12\/carl-winterbourne-6DWMeV1kNCc-unsplash.webp\",\"datePublished\":\"2022-12-29T06:00:59+00:00\",\"author\":{\"@id\":\"https:\/\/www.welovecycling.com\/hu\/#\/schema\/person\/414a2aebf1801691a5320edb6468e194\"},\"description\":\"Ha te is mindig hal\u00e1losan f\u00e1radtan \u00e9rsz haza, pedig csak egy k\u00f6nnyed, regener\u00e1l\u00f3 edz\u00e9sre indult\u00e1l, hoztunk neked n\u00e9h\u00e1ny tippet!\",\"breadcrumb\":{\"@id\":\"https:\/\/www.welovecycling.com\/hu\/edzes-es-eletmod\/igy-nez-ki-a-tokeletes-regeneralo-kor\/#breadcrumb\"},\"inLanguage\":\"hu\",\"potentialAction\":[{\"@type\":\"ReadAction\",\"target\":[\"https:\/\/www.welovecycling.com\/hu\/edzes-es-eletmod\/igy-nez-ki-a-tokeletes-regeneralo-kor\/\"]}]},{\"@type\":\"ImageObject\",\"inLanguage\":\"hu\",\"@id\":\"https:\/\/www.welovecycling.com\/hu\/edzes-es-eletmod\/igy-nez-ki-a-tokeletes-regeneralo-kor\/#primaryimage\",\"url\":\"https:\/\/d2p6e6u75xmxt8.cloudfront.net\/12\/2022\/12\/carl-winterbourne-6DWMeV1kNCc-unsplash.webp\",\"contentUrl\":\"https:\/\/d2p6e6u75xmxt8.cloudfront.net\/12\/2022\/12\/carl-winterbourne-6DWMeV1kNCc-unsplash.webp\",\"width\":1920,\"height\":1241},{\"@type\":\"BreadcrumbList\",\"@id\":\"https:\/\/www.welovecycling.com\/hu\/edzes-es-eletmod\/igy-nez-ki-a-tokeletes-regeneralo-kor\/#breadcrumb\",\"itemListElement\":[{\"@type\":\"ListItem\",\"position\":1,\"name\":\"Home\",\"item\":\"https:\/\/www.welovecycling.com\/hu\/\"},{\"@type\":\"ListItem\",\"position\":2,\"name\":\"\u00cdgy n\u00e9z ki a t\u00f6k\u00e9letes regener\u00e1l\u00f3 k\u00f6r\"}]},{\"@type\":\"WebSite\",\"@id\":\"https:\/\/www.welovecycling.com\/hu\/#website\",\"url\":\"https:\/\/www.welovecycling.com\/hu\/\",\"name\":\"\u0160koda We Love Cycling - Magyarorsz\u00e1g\",\"description\":\"\u0160koda WeLoveCycling\",\"potentialAction\":[{\"@type\":\"SearchAction\",\"target\":{\"@type\":\"EntryPoint\",\"urlTemplate\":\"https:\/\/www.welovecycling.com\/hu\/?s={search_term_string}\"},\"query-input\":{\"@type\":\"PropertyValueSpecification\",\"valueRequired\":true,\"valueName\":\"search_term_string\"}}],\"inLanguage\":\"hu\"},{\"@type\":\"Person\",\"@id\":\"https:\/\/www.welovecycling.com\/hu\/#\/schema\/person\/414a2aebf1801691a5320edb6468e194\",\"name\":\"hegyizs\",\"image\":{\"@type\":\"ImageObject\",\"inLanguage\":\"hu\",\"@id\":\"https:\/\/www.welovecycling.com\/hu\/#\/schema\/person\/image\/\",\"url\":\"https:\/\/secure.gravatar.com\/avatar\/02cf8a7906b8cf90cecb4679defac7cfd33a1c2e3b88e4903d947f3bb58eedd3?s=96&d=mm&r=g\",\"contentUrl\":\"https:\/\/secure.gravatar.com\/avatar\/02cf8a7906b8cf90cecb4679defac7cfd33a1c2e3b88e4903d947f3bb58eedd3?s=96&d=mm&r=g\",\"caption\":\"hegyizs\"},\"url\":\"https:\/\/www.welovecycling.com\/hu\/author\/hegyizs\/\"}]}<\/script>\n<!-- \/ Yoast SEO Premium plugin. -->","yoast_head_json":{"title":"\u00cdgy n\u00e9z ki a t\u00f6k\u00e9letes regener\u00e1l\u00f3 k\u00f6r","description":"Ha te is mindig hal\u00e1losan f\u00e1radtan \u00e9rsz haza, pedig csak egy k\u00f6nnyed, regener\u00e1l\u00f3 edz\u00e9sre indult\u00e1l, hoztunk neked n\u00e9h\u00e1ny tippet!","robots":{"index":"index","follow":"follow","max-snippet":"max-snippet:-1","max-image-preview":"max-image-preview:large","max-video-preview":"max-video-preview:-1"},"canonical":"https:\/\/www.welovecycling.com\/hu\/edzes-es-eletmod\/igy-nez-ki-a-tokeletes-regeneralo-kor\/","og_locale":"hu_HU","og_type":"article","og_title":"\u00cdgy n\u00e9z ki a t\u00f6k\u00e9letes regener\u00e1l\u00f3 k\u00f6r","og_description":"Ha te is mindig hal\u00e1losan f\u00e1radtan \u00e9rsz haza, pedig csak egy k\u00f6nnyed, regener\u00e1l\u00f3 edz\u00e9sre indult\u00e1l, hoztunk neked n\u00e9h\u00e1ny tippet!","og_url":"https:\/\/www.welovecycling.com\/hu\/edzes-es-eletmod\/igy-nez-ki-a-tokeletes-regeneralo-kor\/","og_site_name":"\u0160koda We Love Cycling - Magyarorsz\u00e1g","article_publisher":"https:\/\/www.facebook.com\/WeLoveCyclingHungary\/","article_published_time":"2022-12-29T06:00:59+00:00","og_image":[{"width":1920,"height":1241,"url":"https:\/\/d2p6e6u75xmxt8.cloudfront.net\/12\/2022\/12\/carl-winterbourne-6DWMeV1kNCc-unsplash.webp","type":"image\/webp"}],"author":"hegyizs","twitter_card":"summary_large_image","twitter_misc":{"Written by":"WLC","Est. reading time":"4 minutes"},"schema":{"@context":"https:\/\/schema.org","@graph":[{"@type":"WebPage","@id":"https:\/\/www.welovecycling.com\/hu\/edzes-es-eletmod\/igy-nez-ki-a-tokeletes-regeneralo-kor\/","url":"https:\/\/www.welovecycling.com\/hu\/edzes-es-eletmod\/igy-nez-ki-a-tokeletes-regeneralo-kor\/","name":"\u00cdgy n\u00e9z ki a t\u00f6k\u00e9letes regener\u00e1l\u00f3 k\u00f6r","isPartOf":{"@id":"https:\/\/www.welovecycling.com\/hu\/#website"},"primaryImageOfPage":{"@id":"https:\/\/www.welovecycling.com\/hu\/edzes-es-eletmod\/igy-nez-ki-a-tokeletes-regeneralo-kor\/#primaryimage"},"image":{"@id":"https:\/\/www.welovecycling.com\/hu\/edzes-es-eletmod\/igy-nez-ki-a-tokeletes-regeneralo-kor\/#primaryimage"},"thumbnailUrl":"https:\/\/d2p6e6u75xmxt8.cloudfront.net\/12\/2022\/12\/carl-winterbourne-6DWMeV1kNCc-unsplash.webp","datePublished":"2022-12-29T06:00:59+00:00","author":{"@id":"https:\/\/www.welovecycling.com\/hu\/#\/schema\/person\/414a2aebf1801691a5320edb6468e194"},"description":"Ha te is mindig hal\u00e1losan f\u00e1radtan \u00e9rsz haza, pedig csak egy k\u00f6nnyed, regener\u00e1l\u00f3 edz\u00e9sre indult\u00e1l, hoztunk neked n\u00e9h\u00e1ny tippet!","breadcrumb":{"@id":"https:\/\/www.welovecycling.com\/hu\/edzes-es-eletmod\/igy-nez-ki-a-tokeletes-regeneralo-kor\/#breadcrumb"},"inLanguage":"hu","potentialAction":[{"@type":"ReadAction","target":["https:\/\/www.welovecycling.com\/hu\/edzes-es-eletmod\/igy-nez-ki-a-tokeletes-regeneralo-kor\/"]}]},{"@type":"ImageObject","inLanguage":"hu","@id":"https:\/\/www.welovecycling.com\/hu\/edzes-es-eletmod\/igy-nez-ki-a-tokeletes-regeneralo-kor\/#primaryimage","url":"https:\/\/d2p6e6u75xmxt8.cloudfront.net\/12\/2022\/12\/carl-winterbourne-6DWMeV1kNCc-unsplash.webp","contentUrl":"https:\/\/d2p6e6u75xmxt8.cloudfront.net\/12\/2022\/12\/carl-winterbourne-6DWMeV1kNCc-unsplash.webp","width":1920,"height":1241},{"@type":"BreadcrumbList","@id":"https:\/\/www.welovecycling.com\/hu\/edzes-es-eletmod\/igy-nez-ki-a-tokeletes-regeneralo-kor\/#breadcrumb","itemListElement":[{"@type":"ListItem","position":1,"name":"Home","item":"https:\/\/www.welovecycling.com\/hu\/"},{"@type":"ListItem","position":2,"name":"\u00cdgy n\u00e9z ki a t\u00f6k\u00e9letes regener\u00e1l\u00f3 k\u00f6r"}]},{"@type":"WebSite","@id":"https:\/\/www.welovecycling.com\/hu\/#website","url":"https:\/\/www.welovecycling.com\/hu\/","name":"\u0160koda We Love Cycling - Magyarorsz\u00e1g","description":"\u0160koda WeLoveCycling","potentialAction":[{"@type":"SearchAction","target":{"@type":"EntryPoint","urlTemplate":"https:\/\/www.welovecycling.com\/hu\/?s={search_term_string}"},"query-input":{"@type":"PropertyValueSpecification","valueRequired":true,"valueName":"search_term_string"}}],"inLanguage":"hu"},{"@type":"Person","@id":"https:\/\/www.welovecycling.com\/hu\/#\/schema\/person\/414a2aebf1801691a5320edb6468e194","name":"hegyizs","image":{"@type":"ImageObject","inLanguage":"hu","@id":"https:\/\/www.welovecycling.com\/hu\/#\/schema\/person\/image\/","url":"https:\/\/secure.gravatar.com\/avatar\/02cf8a7906b8cf90cecb4679defac7cfd33a1c2e3b88e4903d947f3bb58eedd3?s=96&d=mm&r=g","contentUrl":"https:\/\/secure.gravatar.com\/avatar\/02cf8a7906b8cf90cecb4679defac7cfd33a1c2e3b88e4903d947f3bb58eedd3?s=96&d=mm&r=g","caption":"hegyizs"},"url":"https:\/\/www.welovecycling.com\/hu\/author\/hegyizs\/"}]}},"_links":{"self":[{"href":"https:\/\/www.welovecycling.com\/hu\/wp-json\/wp\/v2\/posts\/16681","targetHints":{"allow":["GET"]}}],"collection":[{"href":"https:\/\/www.welovecycling.com\/hu\/wp-json\/wp\/v2\/posts"}],"about":[{"href":"https:\/\/www.welovecycling.com\/hu\/wp-json\/wp\/v2\/types\/post"}],"author":[{"embeddable":true,"href":"https:\/\/www.welovecycling.com\/hu\/wp-json\/wp\/v2\/users\/71"}],"replies":[{"embeddable":true,"href":"https:\/\/www.welovecycling.com\/hu\/wp-json\/wp\/v2\/comments?post=16681"}],"version-history":[{"count":1,"href":"https:\/\/www.welovecycling.com\/hu\/wp-json\/wp\/v2\/posts\/16681\/revisions"}],"predecessor-version":[{"id":16684,"href":"https:\/\/www.welovecycling.com\/hu\/wp-json\/wp\/v2\/posts\/16681\/revisions\/16684"}],"wp:featuredmedia":[{"embeddable":true,"href":"https:\/\/www.welovecycling.com\/hu\/wp-json\/wp\/v2\/media\/16683"}],"wp:attachment":[{"href":"https:\/\/www.welovecycling.com\/hu\/wp-json\/wp\/v2\/media?parent=16681"}],"wp:term":[{"taxonomy":"category","embeddable":true,"href":"https:\/\/www.welovecycling.com\/hu\/wp-json\/wp\/v2\/categories?post=16681"},{"taxonomy":"post_tag","embeddable":true,"href":"https:\/\/www.welovecycling.com\/hu\/wp-json\/wp\/v2\/tags?post=16681"},{"taxonomy":"global-categories","embeddable":true,"href":"https:\/\/www.welovecycling.com\/hu\/wp-json\/wp\/v2\/global-categories?post=16681"}],"curies":[{"name":"wp","href":"https:\/\/api.w.org\/{rel}","templated":true}]}}