{"id":16660,"date":"2023-01-07T08:00:31","date_gmt":"2023-01-07T06:00:31","guid":{"rendered":"https:\/\/www.welovecycling.com\/hu\/?p=16660"},"modified":"2022-12-22T16:47:15","modified_gmt":"2022-12-22T14:47:15","slug":"ilyenek-lennenek-a-biciklik-ha-emlekezetbol-rajzolnank-le-a-terveiket","status":"publish","type":"post","link":"https:\/\/www.welovecycling.com\/hu\/kozosseg-es-kultura\/ilyenek-lennenek-a-biciklik-ha-emlekezetbol-rajzolnank-le-a-terveiket\/","title":{"rendered":"Ilyenek lenn\u00e9nek a biciklik, ha eml\u00e9kezetb\u0151l rajzoln\u00e1nk le a terveiket"},"content":{"rendered":"<p><strong>Els\u0151 r\u00e1n\u00e9z\u00e9sre eg\u00e9szen m\u0171k\u00f6d\u0151k\u00e9pesnek t\u0171nnek a biciklik, amiket Gianluca Gimini alkotott meg a bar\u00e1tai terveib\u0151l. Azt gondoln\u00e1 az ember, hogy \u00e1lm\u00e1b\u00f3l felkeltve is tudna biciklit rajzolni, de az\u00e9rt csak kimarad vagy f\u00e9lrecs\u00faszik egy-egy elem.<\/strong><!--more--><\/p>\n<p><em>Te le tudn\u00e1l rajzolni egy m\u0171k\u00f6d\u0151 ker\u00e9kp\u00e1rt eml\u00e9kezetb\u0151l?<\/em><\/p>\n<p>A m\u0171v\u00e9sz t\u00f6bbsz\u00e1z rajzot gy\u0171jt\u00f6tt \u00f6ssze, \u00e9s megalkotta a legviccesebb modelleket. N\u00e9zz\u00fck, milyen mesebeli j\u00e1rg\u00e1nyok k\u00e9sz\u00fcltek!<\/p>\n<h2><strong>Hm, mintha valami lemaradt volna\u2026<\/strong><\/h2>\n<p><img loading=\"lazy\" decoding=\"async\" class=\"alignnone size-large wp-image-16662\" src=\"https:\/\/d2p6e6u75xmxt8.cloudfront.net\/12\/2022\/12\/velocipedia-by-gianluca-gimini-4.webp\" alt=\"\" width=\"768\" height=\"503\" srcset=\"https:\/\/d2p6e6u75xmxt8.cloudfront.net\/12\/2022\/12\/velocipedia-by-gianluca-gimini-4.webp 768w, https:\/\/d2p6e6u75xmxt8.cloudfront.net\/12\/2022\/12\/velocipedia-by-gianluca-gimini-4-300x196.webp 300w\" sizes=\"auto, (max-width: 768px) 100vw, 768px\" \/> <img loading=\"lazy\" decoding=\"async\" class=\"alignnone size-large wp-image-16663\" src=\"https:\/\/d2p6e6u75xmxt8.cloudfront.net\/12\/2022\/12\/velocipedia-by-gianluca-gimini-5.webp\" alt=\"\" width=\"768\" height=\"768\" srcset=\"https:\/\/d2p6e6u75xmxt8.cloudfront.net\/12\/2022\/12\/velocipedia-by-gianluca-gimini-5.webp 768w, https:\/\/d2p6e6u75xmxt8.cloudfront.net\/12\/2022\/12\/velocipedia-by-gianluca-gimini-5-300x300.webp 300w, https:\/\/d2p6e6u75xmxt8.cloudfront.net\/12\/2022\/12\/velocipedia-by-gianluca-gimini-5-150x150.webp 150w\" sizes=\"auto, (max-width: 768px) 100vw, 768px\" \/><\/p>\n<h2><strong><em>Tolni<\/em> biztosan k\u00e9nyelmes!<\/strong><\/h2>\n<p><img loading=\"lazy\" decoding=\"async\" class=\"alignnone size-large wp-image-16664\" src=\"https:\/\/d2p6e6u75xmxt8.cloudfront.net\/12\/2022\/12\/velocipedia-by-gianluca-gimini-6.webp\" alt=\"\" width=\"768\" height=\"503\" srcset=\"https:\/\/d2p6e6u75xmxt8.cloudfront.net\/12\/2022\/12\/velocipedia-by-gianluca-gimini-6.webp 768w, https:\/\/d2p6e6u75xmxt8.cloudfront.net\/12\/2022\/12\/velocipedia-by-gianluca-gimini-6-300x196.webp 300w\" sizes=\"auto, (max-width: 768px) 100vw, 768px\" \/> <img loading=\"lazy\" decoding=\"async\" class=\"alignnone size-large wp-image-16665\" src=\"https:\/\/d2p6e6u75xmxt8.cloudfront.net\/12\/2022\/12\/velocipedia-by-gianluca-gimini-7.webp\" alt=\"\" width=\"768\" height=\"768\" srcset=\"https:\/\/d2p6e6u75xmxt8.cloudfront.net\/12\/2022\/12\/velocipedia-by-gianluca-gimini-7.webp 768w, https:\/\/d2p6e6u75xmxt8.cloudfront.net\/12\/2022\/12\/velocipedia-by-gianluca-gimini-7-300x300.webp 300w, https:\/\/d2p6e6u75xmxt8.cloudfront.net\/12\/2022\/12\/velocipedia-by-gianluca-gimini-7-150x150.webp 150w\" sizes=\"auto, (max-width: 768px) 100vw, 768px\" \/><\/p>\n<h2><strong>Eleg\u00e1ns. Nem m\u0171k\u00f6dik, de eleg\u00e1ns.<\/strong><\/h2>\n<p><img loading=\"lazy\" decoding=\"async\" class=\"alignnone size-large wp-image-16666\" src=\"https:\/\/d2p6e6u75xmxt8.cloudfront.net\/12\/2022\/12\/velocipedia-by-gianluca-gimini-12.webp\" alt=\"\" width=\"768\" height=\"503\" srcset=\"https:\/\/d2p6e6u75xmxt8.cloudfront.net\/12\/2022\/12\/velocipedia-by-gianluca-gimini-12.webp 768w, https:\/\/d2p6e6u75xmxt8.cloudfront.net\/12\/2022\/12\/velocipedia-by-gianluca-gimini-12-300x196.webp 300w\" sizes=\"auto, (max-width: 768px) 100vw, 768px\" \/> <img loading=\"lazy\" decoding=\"async\" class=\"alignnone size-large wp-image-16667\" src=\"https:\/\/d2p6e6u75xmxt8.cloudfront.net\/12\/2022\/12\/velocipedia-by-gianluca-gimini-13.webp\" alt=\"\" width=\"768\" height=\"768\" srcset=\"https:\/\/d2p6e6u75xmxt8.cloudfront.net\/12\/2022\/12\/velocipedia-by-gianluca-gimini-13.webp 768w, https:\/\/d2p6e6u75xmxt8.cloudfront.net\/12\/2022\/12\/velocipedia-by-gianluca-gimini-13-300x300.webp 300w, https:\/\/d2p6e6u75xmxt8.cloudfront.net\/12\/2022\/12\/velocipedia-by-gianluca-gimini-13-150x150.webp 150w\" sizes=\"auto, (max-width: 768px) 100vw, 768px\" \/><\/p>\n<h2><strong>A l\u00e9nyeg, hogy l\u00e1mpa legyen!<\/strong><\/h2>\n<p><img loading=\"lazy\" decoding=\"async\" class=\"alignnone size-large wp-image-16668\" src=\"https:\/\/d2p6e6u75xmxt8.cloudfront.net\/12\/2022\/12\/velocipedia-by-gianluca-gimini-22.webp\" alt=\"\" width=\"768\" height=\"503\" srcset=\"https:\/\/d2p6e6u75xmxt8.cloudfront.net\/12\/2022\/12\/velocipedia-by-gianluca-gimini-22.webp 768w, https:\/\/d2p6e6u75xmxt8.cloudfront.net\/12\/2022\/12\/velocipedia-by-gianluca-gimini-22-300x196.webp 300w\" sizes=\"auto, (max-width: 768px) 100vw, 768px\" \/> <img loading=\"lazy\" decoding=\"async\" class=\"alignnone size-large wp-image-16669\" src=\"https:\/\/d2p6e6u75xmxt8.cloudfront.net\/12\/2022\/12\/velocipedia-by-gianluca-gimini-23.webp\" alt=\"\" width=\"768\" height=\"768\" srcset=\"https:\/\/d2p6e6u75xmxt8.cloudfront.net\/12\/2022\/12\/velocipedia-by-gianluca-gimini-23.webp 768w, https:\/\/d2p6e6u75xmxt8.cloudfront.net\/12\/2022\/12\/velocipedia-by-gianluca-gimini-23-300x300.webp 300w, https:\/\/d2p6e6u75xmxt8.cloudfront.net\/12\/2022\/12\/velocipedia-by-gianluca-gimini-23-150x150.webp 150w\" sizes=\"auto, (max-width: 768px) 100vw, 768px\" \/><\/p>\n<h2><strong>Ped\u00e1l, k\u00f6t\u0151d\u00e9si probl\u00e9m\u00e1kkal<\/strong><\/h2>\n<p><img loading=\"lazy\" decoding=\"async\" class=\"alignnone size-large wp-image-16670\" src=\"https:\/\/d2p6e6u75xmxt8.cloudfront.net\/12\/2022\/12\/velocipedia-by-gianluca-gimini-20.webp\" alt=\"\" width=\"768\" height=\"503\" srcset=\"https:\/\/d2p6e6u75xmxt8.cloudfront.net\/12\/2022\/12\/velocipedia-by-gianluca-gimini-20.webp 768w, https:\/\/d2p6e6u75xmxt8.cloudfront.net\/12\/2022\/12\/velocipedia-by-gianluca-gimini-20-300x196.webp 300w\" sizes=\"auto, (max-width: 768px) 100vw, 768px\" \/> <img loading=\"lazy\" decoding=\"async\" class=\"alignnone size-large wp-image-16671\" src=\"https:\/\/d2p6e6u75xmxt8.cloudfront.net\/12\/2022\/12\/velocipedia-by-gianluca-gimini-21.webp\" alt=\"\" width=\"768\" height=\"768\" srcset=\"https:\/\/d2p6e6u75xmxt8.cloudfront.net\/12\/2022\/12\/velocipedia-by-gianluca-gimini-21.webp 768w, https:\/\/d2p6e6u75xmxt8.cloudfront.net\/12\/2022\/12\/velocipedia-by-gianluca-gimini-21-300x300.webp 300w, https:\/\/d2p6e6u75xmxt8.cloudfront.net\/12\/2022\/12\/velocipedia-by-gianluca-gimini-21-150x150.webp 150w\" sizes=\"auto, (max-width: 768px) 100vw, 768px\" \/><\/p>\n<h2><strong>Ez a v\u00e1z ink\u00e1bb \u00f6nkifejez\u00e9sbe fogott<\/strong><\/h2>\n<p><img loading=\"lazy\" decoding=\"async\" class=\"alignnone size-large wp-image-16672\" src=\"https:\/\/d2p6e6u75xmxt8.cloudfront.net\/12\/2022\/12\/velocipedia-by-gianluca-gimini-8.webp\" alt=\"\" width=\"768\" height=\"503\" srcset=\"https:\/\/d2p6e6u75xmxt8.cloudfront.net\/12\/2022\/12\/velocipedia-by-gianluca-gimini-8.webp 768w, https:\/\/d2p6e6u75xmxt8.cloudfront.net\/12\/2022\/12\/velocipedia-by-gianluca-gimini-8-300x196.webp 300w\" sizes=\"auto, (max-width: 768px) 100vw, 768px\" \/> <img loading=\"lazy\" decoding=\"async\" class=\"alignnone size-large wp-image-16673\" src=\"https:\/\/d2p6e6u75xmxt8.cloudfront.net\/12\/2022\/12\/velocipedia-by-gianluca-gimini-9.webp\" alt=\"\" width=\"768\" height=\"768\" srcset=\"https:\/\/d2p6e6u75xmxt8.cloudfront.net\/12\/2022\/12\/velocipedia-by-gianluca-gimini-9.webp 768w, https:\/\/d2p6e6u75xmxt8.cloudfront.net\/12\/2022\/12\/velocipedia-by-gianluca-gimini-9-300x300.webp 300w, https:\/\/d2p6e6u75xmxt8.cloudfront.net\/12\/2022\/12\/velocipedia-by-gianluca-gimini-9-150x150.webp 150w\" sizes=\"auto, (max-width: 768px) 100vw, 768px\" \/><\/p>\n<h2><strong>Tudod, ez <em>\u00e1ramvonalas<\/em><\/strong><\/h2>\n<p><img loading=\"lazy\" decoding=\"async\" class=\"alignnone size-large wp-image-16674\" src=\"https:\/\/d2p6e6u75xmxt8.cloudfront.net\/12\/2022\/12\/velocipedia-by-gianluca-gimini-18.webp\" alt=\"\" width=\"768\" height=\"503\" srcset=\"https:\/\/d2p6e6u75xmxt8.cloudfront.net\/12\/2022\/12\/velocipedia-by-gianluca-gimini-18.webp 768w, https:\/\/d2p6e6u75xmxt8.cloudfront.net\/12\/2022\/12\/velocipedia-by-gianluca-gimini-18-300x196.webp 300w\" sizes=\"auto, (max-width: 768px) 100vw, 768px\" \/> <img loading=\"lazy\" decoding=\"async\" class=\"alignnone size-large wp-image-16675\" src=\"https:\/\/d2p6e6u75xmxt8.cloudfront.net\/12\/2022\/12\/velocipedia-by-gianluca-gimini-19.webp\" alt=\"\" width=\"768\" height=\"768\" srcset=\"https:\/\/d2p6e6u75xmxt8.cloudfront.net\/12\/2022\/12\/velocipedia-by-gianluca-gimini-19.webp 768w, https:\/\/d2p6e6u75xmxt8.cloudfront.net\/12\/2022\/12\/velocipedia-by-gianluca-gimini-19-300x300.webp 300w, https:\/\/d2p6e6u75xmxt8.cloudfront.net\/12\/2022\/12\/velocipedia-by-gianluca-gimini-19-150x150.webp 150w\" sizes=\"auto, (max-width: 768px) 100vw, 768px\" \/><\/p>\n<h2><strong>Villagy\u0171jtem\u00e9ny<\/strong><\/h2>\n<p><img loading=\"lazy\" decoding=\"async\" class=\"alignnone size-large wp-image-16676\" src=\"https:\/\/d2p6e6u75xmxt8.cloudfront.net\/12\/2022\/12\/velocipedia-by-gianluca-gimini-2.webp\" alt=\"\" width=\"768\" height=\"503\" srcset=\"https:\/\/d2p6e6u75xmxt8.cloudfront.net\/12\/2022\/12\/velocipedia-by-gianluca-gimini-2.webp 768w, https:\/\/d2p6e6u75xmxt8.cloudfront.net\/12\/2022\/12\/velocipedia-by-gianluca-gimini-2-300x196.webp 300w\" sizes=\"auto, (max-width: 768px) 100vw, 768px\" \/> <img loading=\"lazy\" decoding=\"async\" class=\"alignnone size-large wp-image-16677\" src=\"https:\/\/d2p6e6u75xmxt8.cloudfront.net\/12\/2022\/12\/velocipedia-by-gianluca-gimini-3.webp\" alt=\"\" width=\"768\" height=\"768\" srcset=\"https:\/\/d2p6e6u75xmxt8.cloudfront.net\/12\/2022\/12\/velocipedia-by-gianluca-gimini-3.webp 768w, https:\/\/d2p6e6u75xmxt8.cloudfront.net\/12\/2022\/12\/velocipedia-by-gianluca-gimini-3-300x300.webp 300w, https:\/\/d2p6e6u75xmxt8.cloudfront.net\/12\/2022\/12\/velocipedia-by-gianluca-gimini-3-150x150.webp 150w\" sizes=\"auto, (max-width: 768px) 100vw, 768px\" \/><\/p>\n<h2><strong>\u201cNem vagyunk \u00f6sszek\u00f6tve\u201d &#8211; mondta a h\u00e1ts\u00f3 ker\u00e9k, \u00e9s jobbra folytatta az \u00fatj\u00e1t<\/strong><\/h2>\n<p><img loading=\"lazy\" decoding=\"async\" class=\"alignnone size-large wp-image-16678\" src=\"https:\/\/d2p6e6u75xmxt8.cloudfront.net\/12\/2022\/12\/velocipedia-by-gianluca-gimini-10.webp\" alt=\"\" width=\"768\" height=\"503\" srcset=\"https:\/\/d2p6e6u75xmxt8.cloudfront.net\/12\/2022\/12\/velocipedia-by-gianluca-gimini-10.webp 768w, https:\/\/d2p6e6u75xmxt8.cloudfront.net\/12\/2022\/12\/velocipedia-by-gianluca-gimini-10-300x196.webp 300w\" sizes=\"auto, (max-width: 768px) 100vw, 768px\" \/> <img loading=\"lazy\" decoding=\"async\" class=\"alignnone size-large wp-image-16679\" src=\"https:\/\/d2p6e6u75xmxt8.cloudfront.net\/12\/2022\/12\/velocipedia-by-gianluca-gimini-11.webp\" alt=\"\" width=\"768\" height=\"768\" srcset=\"https:\/\/d2p6e6u75xmxt8.cloudfront.net\/12\/2022\/12\/velocipedia-by-gianluca-gimini-11.webp 768w, https:\/\/d2p6e6u75xmxt8.cloudfront.net\/12\/2022\/12\/velocipedia-by-gianluca-gimini-11-300x300.webp 300w, https:\/\/d2p6e6u75xmxt8.cloudfront.net\/12\/2022\/12\/velocipedia-by-gianluca-gimini-11-150x150.webp 150w\" sizes=\"auto, (max-width: 768px) 100vw, 768px\" \/><\/p>\n<p>K\u00fcldd el kommentben a saj\u00e1t rajzod! Ugye, hogy nem is olyan k\u00f6nny\u0171? \ud83d\ude42<\/p>\n<p><em>Fot\u00f3k: <\/em><a href=\"https:\/\/www.behance.net\/GianlucaGimini\"><em>Gianluca Gimini I Behance<\/em><\/a><\/p>\n","protected":false},"excerpt":{"rendered":"<p>Els\u0151 r\u00e1n\u00e9z\u00e9sre eg\u00e9szen m\u0171k\u00f6d\u0151k\u00e9pesnek t\u0171nnek a biciklik, amiket Gianluca Gimini alkotott meg a bar\u00e1tai terveib\u0151l. Azt gondoln\u00e1 az ember, hogy [&hellip;]<\/p>\n","protected":false},"author":71,"featured_media":16661,"comment_status":"open","ping_status":"open","sticky":false,"template":"","format":"standard","meta":{"footnotes":""},"categories":[12],"tags":[],"global-categories":[],"class_list":["post-16660","post","type-post","status-publish","format-standard","has-post-thumbnail","hentry","category-kozosseg-es-kultura"],"yoast_head":"<!-- This site is optimized with the Yoast SEO Premium plugin v25.3 (Yoast SEO v25.9) - https:\/\/yoast.com\/wordpress\/plugins\/seo\/ -->\n<title>Ilyenek lenn\u00e9nek a biciklik, ha eml\u00e9kezetb\u0151l rajzoln\u00e1nk le a terveiket<\/title>\n<meta name=\"description\" content=\"Els\u0151 r\u00e1n\u00e9z\u00e9sre eg\u00e9szen m\u0171k\u00f6d\u0151k\u00e9pesnek t\u0171nnek a biciklik, amiket Gianluca Gimini alkotott meg a bar\u00e1tai terveib\u0151l. Azt gondoln\u00e1 az ember, hogy \u00e1lm\u00e1b\u00f3l felkeltve is tudna biciklit rajzolni, de az\u00e9rt csak kimarad vagy f\u00e9lrecs\u00faszik egy-egy elem.\" \/>\n<meta name=\"robots\" content=\"index, follow, max-snippet:-1, max-image-preview:large, max-video-preview:-1\" \/>\n<link rel=\"canonical\" href=\"https:\/\/www.welovecycling.com\/hu\/kozosseg-es-kultura\/ilyenek-lennenek-a-biciklik-ha-emlekezetbol-rajzolnank-le-a-terveiket\/\" \/>\n<meta property=\"og:locale\" content=\"hu_HU\" \/>\n<meta property=\"og:type\" content=\"article\" \/>\n<meta property=\"og:title\" content=\"Ilyenek lenn\u00e9nek a biciklik, ha eml\u00e9kezetb\u0151l rajzoln\u00e1nk le a terveiket\" \/>\n<meta property=\"og:description\" content=\"Els\u0151 r\u00e1n\u00e9z\u00e9sre eg\u00e9szen m\u0171k\u00f6d\u0151k\u00e9pesnek t\u0171nnek a biciklik, amiket Gianluca Gimini alkotott meg a bar\u00e1tai terveib\u0151l. Azt gondoln\u00e1 az ember, hogy \u00e1lm\u00e1b\u00f3l felkeltve is tudna biciklit rajzolni, de az\u00e9rt csak kimarad vagy f\u00e9lrecs\u00faszik egy-egy elem.\" \/>\n<meta property=\"og:url\" content=\"https:\/\/www.welovecycling.com\/hu\/kozosseg-es-kultura\/ilyenek-lennenek-a-biciklik-ha-emlekezetbol-rajzolnank-le-a-terveiket\/\" \/>\n<meta property=\"og:site_name\" content=\"\u0160koda We Love Cycling - Magyarorsz\u00e1g\" \/>\n<meta property=\"article:publisher\" content=\"https:\/\/www.facebook.com\/WeLoveCyclingHungary\/\" \/>\n<meta property=\"article:published_time\" content=\"2023-01-07T06:00:31+00:00\" \/>\n<meta property=\"og:image\" content=\"https:\/\/d2p6e6u75xmxt8.cloudfront.net\/12\/2022\/12\/image10-1536x1024-1.webp\" \/>\n\t<meta property=\"og:image:width\" content=\"1536\" \/>\n\t<meta property=\"og:image:height\" content=\"1024\" \/>\n\t<meta property=\"og:image:type\" content=\"image\/webp\" \/>\n<meta name=\"author\" content=\"hegyizs\" \/>\n<meta name=\"twitter:card\" content=\"summary_large_image\" \/>\n<meta name=\"twitter:label1\" content=\"Written by\" \/>\n\t<meta name=\"twitter:data1\" content=\"WLC\" \/>\n\t<meta name=\"twitter:label2\" content=\"Est. reading time\" \/>\n\t<meta name=\"twitter:data2\" content=\"1 minute\" \/>\n<script type=\"application\/ld+json\" class=\"yoast-schema-graph\">{\"@context\":\"https:\/\/schema.org\",\"@graph\":[{\"@type\":\"WebPage\",\"@id\":\"https:\/\/www.welovecycling.com\/hu\/kozosseg-es-kultura\/ilyenek-lennenek-a-biciklik-ha-emlekezetbol-rajzolnank-le-a-terveiket\/\",\"url\":\"https:\/\/www.welovecycling.com\/hu\/kozosseg-es-kultura\/ilyenek-lennenek-a-biciklik-ha-emlekezetbol-rajzolnank-le-a-terveiket\/\",\"name\":\"Ilyenek lenn\u00e9nek a biciklik, ha eml\u00e9kezetb\u0151l rajzoln\u00e1nk le a terveiket\",\"isPartOf\":{\"@id\":\"https:\/\/www.welovecycling.com\/hu\/#website\"},\"primaryImageOfPage\":{\"@id\":\"https:\/\/www.welovecycling.com\/hu\/kozosseg-es-kultura\/ilyenek-lennenek-a-biciklik-ha-emlekezetbol-rajzolnank-le-a-terveiket\/#primaryimage\"},\"image\":{\"@id\":\"https:\/\/www.welovecycling.com\/hu\/kozosseg-es-kultura\/ilyenek-lennenek-a-biciklik-ha-emlekezetbol-rajzolnank-le-a-terveiket\/#primaryimage\"},\"thumbnailUrl\":\"https:\/\/d2p6e6u75xmxt8.cloudfront.net\/12\/2022\/12\/image10-1536x1024-1.webp\",\"datePublished\":\"2023-01-07T06:00:31+00:00\",\"author\":{\"@id\":\"https:\/\/www.welovecycling.com\/hu\/#\/schema\/person\/414a2aebf1801691a5320edb6468e194\"},\"description\":\"Els\u0151 r\u00e1n\u00e9z\u00e9sre eg\u00e9szen m\u0171k\u00f6d\u0151k\u00e9pesnek t\u0171nnek a biciklik, amiket Gianluca Gimini alkotott meg a bar\u00e1tai terveib\u0151l. Azt gondoln\u00e1 az ember, hogy \u00e1lm\u00e1b\u00f3l felkeltve is tudna biciklit rajzolni, de az\u00e9rt csak kimarad vagy f\u00e9lrecs\u00faszik egy-egy elem.\",\"breadcrumb\":{\"@id\":\"https:\/\/www.welovecycling.com\/hu\/kozosseg-es-kultura\/ilyenek-lennenek-a-biciklik-ha-emlekezetbol-rajzolnank-le-a-terveiket\/#breadcrumb\"},\"inLanguage\":\"hu\",\"potentialAction\":[{\"@type\":\"ReadAction\",\"target\":[\"https:\/\/www.welovecycling.com\/hu\/kozosseg-es-kultura\/ilyenek-lennenek-a-biciklik-ha-emlekezetbol-rajzolnank-le-a-terveiket\/\"]}]},{\"@type\":\"ImageObject\",\"inLanguage\":\"hu\",\"@id\":\"https:\/\/www.welovecycling.com\/hu\/kozosseg-es-kultura\/ilyenek-lennenek-a-biciklik-ha-emlekezetbol-rajzolnank-le-a-terveiket\/#primaryimage\",\"url\":\"https:\/\/d2p6e6u75xmxt8.cloudfront.net\/12\/2022\/12\/image10-1536x1024-1.webp\",\"contentUrl\":\"https:\/\/d2p6e6u75xmxt8.cloudfront.net\/12\/2022\/12\/image10-1536x1024-1.webp\",\"width\":1536,\"height\":1024},{\"@type\":\"BreadcrumbList\",\"@id\":\"https:\/\/www.welovecycling.com\/hu\/kozosseg-es-kultura\/ilyenek-lennenek-a-biciklik-ha-emlekezetbol-rajzolnank-le-a-terveiket\/#breadcrumb\",\"itemListElement\":[{\"@type\":\"ListItem\",\"position\":1,\"name\":\"Home\",\"item\":\"https:\/\/www.welovecycling.com\/hu\/\"},{\"@type\":\"ListItem\",\"position\":2,\"name\":\"Ilyenek lenn\u00e9nek a biciklik, ha eml\u00e9kezetb\u0151l rajzoln\u00e1nk le a terveiket\"}]},{\"@type\":\"WebSite\",\"@id\":\"https:\/\/www.welovecycling.com\/hu\/#website\",\"url\":\"https:\/\/www.welovecycling.com\/hu\/\",\"name\":\"\u0160koda We Love Cycling - Magyarorsz\u00e1g\",\"description\":\"\u0160koda WeLoveCycling\",\"potentialAction\":[{\"@type\":\"SearchAction\",\"target\":{\"@type\":\"EntryPoint\",\"urlTemplate\":\"https:\/\/www.welovecycling.com\/hu\/?s={search_term_string}\"},\"query-input\":{\"@type\":\"PropertyValueSpecification\",\"valueRequired\":true,\"valueName\":\"search_term_string\"}}],\"inLanguage\":\"hu\"},{\"@type\":\"Person\",\"@id\":\"https:\/\/www.welovecycling.com\/hu\/#\/schema\/person\/414a2aebf1801691a5320edb6468e194\",\"name\":\"hegyizs\",\"image\":{\"@type\":\"ImageObject\",\"inLanguage\":\"hu\",\"@id\":\"https:\/\/www.welovecycling.com\/hu\/#\/schema\/person\/image\/\",\"url\":\"https:\/\/secure.gravatar.com\/avatar\/02cf8a7906b8cf90cecb4679defac7cfd33a1c2e3b88e4903d947f3bb58eedd3?s=96&d=mm&r=g\",\"contentUrl\":\"https:\/\/secure.gravatar.com\/avatar\/02cf8a7906b8cf90cecb4679defac7cfd33a1c2e3b88e4903d947f3bb58eedd3?s=96&d=mm&r=g\",\"caption\":\"hegyizs\"},\"url\":\"https:\/\/www.welovecycling.com\/hu\/author\/hegyizs\/\"}]}<\/script>\n<!-- \/ Yoast SEO Premium plugin. -->","yoast_head_json":{"title":"Ilyenek lenn\u00e9nek a biciklik, ha eml\u00e9kezetb\u0151l rajzoln\u00e1nk le a terveiket","description":"Els\u0151 r\u00e1n\u00e9z\u00e9sre eg\u00e9szen m\u0171k\u00f6d\u0151k\u00e9pesnek t\u0171nnek a biciklik, amiket Gianluca Gimini alkotott meg a bar\u00e1tai terveib\u0151l. Azt gondoln\u00e1 az ember, hogy \u00e1lm\u00e1b\u00f3l felkeltve is tudna biciklit rajzolni, de az\u00e9rt csak kimarad vagy f\u00e9lrecs\u00faszik egy-egy elem.","robots":{"index":"index","follow":"follow","max-snippet":"max-snippet:-1","max-image-preview":"max-image-preview:large","max-video-preview":"max-video-preview:-1"},"canonical":"https:\/\/www.welovecycling.com\/hu\/kozosseg-es-kultura\/ilyenek-lennenek-a-biciklik-ha-emlekezetbol-rajzolnank-le-a-terveiket\/","og_locale":"hu_HU","og_type":"article","og_title":"Ilyenek lenn\u00e9nek a biciklik, ha eml\u00e9kezetb\u0151l rajzoln\u00e1nk le a terveiket","og_description":"Els\u0151 r\u00e1n\u00e9z\u00e9sre eg\u00e9szen m\u0171k\u00f6d\u0151k\u00e9pesnek t\u0171nnek a biciklik, amiket Gianluca Gimini alkotott meg a bar\u00e1tai terveib\u0151l. Azt gondoln\u00e1 az ember, hogy \u00e1lm\u00e1b\u00f3l felkeltve is tudna biciklit rajzolni, de az\u00e9rt csak kimarad vagy f\u00e9lrecs\u00faszik egy-egy elem.","og_url":"https:\/\/www.welovecycling.com\/hu\/kozosseg-es-kultura\/ilyenek-lennenek-a-biciklik-ha-emlekezetbol-rajzolnank-le-a-terveiket\/","og_site_name":"\u0160koda We Love Cycling - Magyarorsz\u00e1g","article_publisher":"https:\/\/www.facebook.com\/WeLoveCyclingHungary\/","article_published_time":"2023-01-07T06:00:31+00:00","og_image":[{"width":1536,"height":1024,"url":"https:\/\/d2p6e6u75xmxt8.cloudfront.net\/12\/2022\/12\/image10-1536x1024-1.webp","type":"image\/webp"}],"author":"hegyizs","twitter_card":"summary_large_image","twitter_misc":{"Written by":"WLC","Est. reading time":"1 minute"},"schema":{"@context":"https:\/\/schema.org","@graph":[{"@type":"WebPage","@id":"https:\/\/www.welovecycling.com\/hu\/kozosseg-es-kultura\/ilyenek-lennenek-a-biciklik-ha-emlekezetbol-rajzolnank-le-a-terveiket\/","url":"https:\/\/www.welovecycling.com\/hu\/kozosseg-es-kultura\/ilyenek-lennenek-a-biciklik-ha-emlekezetbol-rajzolnank-le-a-terveiket\/","name":"Ilyenek lenn\u00e9nek a biciklik, ha eml\u00e9kezetb\u0151l rajzoln\u00e1nk le a terveiket","isPartOf":{"@id":"https:\/\/www.welovecycling.com\/hu\/#website"},"primaryImageOfPage":{"@id":"https:\/\/www.welovecycling.com\/hu\/kozosseg-es-kultura\/ilyenek-lennenek-a-biciklik-ha-emlekezetbol-rajzolnank-le-a-terveiket\/#primaryimage"},"image":{"@id":"https:\/\/www.welovecycling.com\/hu\/kozosseg-es-kultura\/ilyenek-lennenek-a-biciklik-ha-emlekezetbol-rajzolnank-le-a-terveiket\/#primaryimage"},"thumbnailUrl":"https:\/\/d2p6e6u75xmxt8.cloudfront.net\/12\/2022\/12\/image10-1536x1024-1.webp","datePublished":"2023-01-07T06:00:31+00:00","author":{"@id":"https:\/\/www.welovecycling.com\/hu\/#\/schema\/person\/414a2aebf1801691a5320edb6468e194"},"description":"Els\u0151 r\u00e1n\u00e9z\u00e9sre eg\u00e9szen m\u0171k\u00f6d\u0151k\u00e9pesnek t\u0171nnek a biciklik, amiket Gianluca Gimini alkotott meg a bar\u00e1tai terveib\u0151l. Azt gondoln\u00e1 az ember, hogy \u00e1lm\u00e1b\u00f3l felkeltve is tudna biciklit rajzolni, de az\u00e9rt csak kimarad vagy f\u00e9lrecs\u00faszik egy-egy elem.","breadcrumb":{"@id":"https:\/\/www.welovecycling.com\/hu\/kozosseg-es-kultura\/ilyenek-lennenek-a-biciklik-ha-emlekezetbol-rajzolnank-le-a-terveiket\/#breadcrumb"},"inLanguage":"hu","potentialAction":[{"@type":"ReadAction","target":["https:\/\/www.welovecycling.com\/hu\/kozosseg-es-kultura\/ilyenek-lennenek-a-biciklik-ha-emlekezetbol-rajzolnank-le-a-terveiket\/"]}]},{"@type":"ImageObject","inLanguage":"hu","@id":"https:\/\/www.welovecycling.com\/hu\/kozosseg-es-kultura\/ilyenek-lennenek-a-biciklik-ha-emlekezetbol-rajzolnank-le-a-terveiket\/#primaryimage","url":"https:\/\/d2p6e6u75xmxt8.cloudfront.net\/12\/2022\/12\/image10-1536x1024-1.webp","contentUrl":"https:\/\/d2p6e6u75xmxt8.cloudfront.net\/12\/2022\/12\/image10-1536x1024-1.webp","width":1536,"height":1024},{"@type":"BreadcrumbList","@id":"https:\/\/www.welovecycling.com\/hu\/kozosseg-es-kultura\/ilyenek-lennenek-a-biciklik-ha-emlekezetbol-rajzolnank-le-a-terveiket\/#breadcrumb","itemListElement":[{"@type":"ListItem","position":1,"name":"Home","item":"https:\/\/www.welovecycling.com\/hu\/"},{"@type":"ListItem","position":2,"name":"Ilyenek lenn\u00e9nek a biciklik, ha eml\u00e9kezetb\u0151l rajzoln\u00e1nk le a terveiket"}]},{"@type":"WebSite","@id":"https:\/\/www.welovecycling.com\/hu\/#website","url":"https:\/\/www.welovecycling.com\/hu\/","name":"\u0160koda We Love Cycling - Magyarorsz\u00e1g","description":"\u0160koda WeLoveCycling","potentialAction":[{"@type":"SearchAction","target":{"@type":"EntryPoint","urlTemplate":"https:\/\/www.welovecycling.com\/hu\/?s={search_term_string}"},"query-input":{"@type":"PropertyValueSpecification","valueRequired":true,"valueName":"search_term_string"}}],"inLanguage":"hu"},{"@type":"Person","@id":"https:\/\/www.welovecycling.com\/hu\/#\/schema\/person\/414a2aebf1801691a5320edb6468e194","name":"hegyizs","image":{"@type":"ImageObject","inLanguage":"hu","@id":"https:\/\/www.welovecycling.com\/hu\/#\/schema\/person\/image\/","url":"https:\/\/secure.gravatar.com\/avatar\/02cf8a7906b8cf90cecb4679defac7cfd33a1c2e3b88e4903d947f3bb58eedd3?s=96&d=mm&r=g","contentUrl":"https:\/\/secure.gravatar.com\/avatar\/02cf8a7906b8cf90cecb4679defac7cfd33a1c2e3b88e4903d947f3bb58eedd3?s=96&d=mm&r=g","caption":"hegyizs"},"url":"https:\/\/www.welovecycling.com\/hu\/author\/hegyizs\/"}]}},"_links":{"self":[{"href":"https:\/\/www.welovecycling.com\/hu\/wp-json\/wp\/v2\/posts\/16660","targetHints":{"allow":["GET"]}}],"collection":[{"href":"https:\/\/www.welovecycling.com\/hu\/wp-json\/wp\/v2\/posts"}],"about":[{"href":"https:\/\/www.welovecycling.com\/hu\/wp-json\/wp\/v2\/types\/post"}],"author":[{"embeddable":true,"href":"https:\/\/www.welovecycling.com\/hu\/wp-json\/wp\/v2\/users\/71"}],"replies":[{"embeddable":true,"href":"https:\/\/www.welovecycling.com\/hu\/wp-json\/wp\/v2\/comments?post=16660"}],"version-history":[{"count":1,"href":"https:\/\/www.welovecycling.com\/hu\/wp-json\/wp\/v2\/posts\/16660\/revisions"}],"predecessor-version":[{"id":16680,"href":"https:\/\/www.welovecycling.com\/hu\/wp-json\/wp\/v2\/posts\/16660\/revisions\/16680"}],"wp:featuredmedia":[{"embeddable":true,"href":"https:\/\/www.welovecycling.com\/hu\/wp-json\/wp\/v2\/media\/16661"}],"wp:attachment":[{"href":"https:\/\/www.welovecycling.com\/hu\/wp-json\/wp\/v2\/media?parent=16660"}],"wp:term":[{"taxonomy":"category","embeddable":true,"href":"https:\/\/www.welovecycling.com\/hu\/wp-json\/wp\/v2\/categories?post=16660"},{"taxonomy":"post_tag","embeddable":true,"href":"https:\/\/www.welovecycling.com\/hu\/wp-json\/wp\/v2\/tags?post=16660"},{"taxonomy":"global-categories","embeddable":true,"href":"https:\/\/www.welovecycling.com\/hu\/wp-json\/wp\/v2\/global-categories?post=16660"}],"curies":[{"name":"wp","href":"https:\/\/api.w.org\/{rel}","templated":true}]}}