{"id":1666,"date":"2018-08-29T08:55:47","date_gmt":"2018-08-29T08:55:47","guid":{"rendered":"https:\/\/www.welovecycling.com\/hu\/?p=1666"},"modified":"2018-08-24T08:57:12","modified_gmt":"2018-08-24T08:57:12","slug":"kerekparos-taskak","status":"publish","type":"post","link":"https:\/\/www.welovecycling.com\/hu\/biztonsag\/kerekparos-taskak\/","title":{"rendered":"Milyen egy igaz\u00e1n j\u00f3 ker\u00e9kp\u00e1ros t\u00e1ska?"},"content":{"rendered":"<p><strong>\u00c9pp a Blind Chic.-es l\u00e1nyokr\u00f3l posztoltuk <a href=\"https:\/\/www.welovecycling.com\/hu\/miert-tekerunk\/miert-tekerunk-blind-chic\/\">ezt a cikket<\/a> a Facebookon, amikor az egyik kommentel\u0151 feltette nek\u00fcnk a k\u00e9rd\u00e9st: mire j\u00f3 ez az eg\u00e9sz? Mire j\u00f3 ez a sok divatos ker\u00e9kp\u00e1ros t\u00e1ska, amit mostan\u00e1ban l\u00e1t az utc\u00e1kon? Csak k\u00f6sz\u00f6nni tudjuk neki, hogy esz\u00fcnkbe juttatta a t\u00e9m\u00e1t. Itt az ideje, hogy megbesz\u00e9lj\u00fck, milyen egy j\u00f3 bring\u00e1s t\u00e1ska, milyen t\u00edpusok k\u00f6z\u00fcl v\u00e1laszthatunk, \u00e9s milyen szempontokat \u00e9rdemes figyelembe venni, ha v\u00e1s\u00e1rl\u00e1s el\u0151tt \u00e1llsz.<\/strong><\/p>\n<h2><!--more--><\/h2>\n<h2>Korm\u00e1nyt\u00e1ska<\/h2>\n<p>Nem valami sz\u00e9p, de legal\u00e1bb hasznos! A korm\u00e1nyt\u00e1ska azoknak j\u00f3 v\u00e1laszt\u00e1s, akik egy hosszabb t\u00far\u00e1ra sok csomagot visznek magukkal, mivel ebbe k\u00fcl\u00f6n teheted azokat a cuccokat, amiket gyakran kell el\u0151venned. Ha sz\u00fcks\u00e9g van r\u00e1, ak\u00e1r GPS tart\u00f3k\u00e9nt is haszn\u00e1lhat\u00f3.<\/p>\n<p>Ezek a t\u00e1sk\u00e1k t\u00f6bbnyire v\u00edz\u00e1ll\u00f3 anyagb\u00f3l k\u00e9sz\u00fclnek, \u00edgy kiv\u00e1l\u00f3an v\u00e9dik az \u00e9rt\u00e9keid a s\u00e1r, v\u00edz, \u00e9s mindenf\u00e9le szennyez\u0151d\u00e9sek ellen.<\/p>\n<p><a href=\"https:\/\/d2p6e6u75xmxt8.cloudfront.net\/12\/2018\/08\/kormanytaska.jpg\"><img loading=\"lazy\" decoding=\"async\" class=\"alignnone size-full wp-image-1668\" src=\"https:\/\/d2p6e6u75xmxt8.cloudfront.net\/12\/2018\/08\/kormanytaska.jpg\" alt=\"ker\u00e9kp\u00e1ros t\u00e1ska we love cycling\" width=\"1024\" height=\"768\" srcset=\"https:\/\/d2p6e6u75xmxt8.cloudfront.net\/12\/2018\/08\/kormanytaska.jpg 1024w, https:\/\/d2p6e6u75xmxt8.cloudfront.net\/12\/2018\/08\/kormanytaska-300x225.jpg 300w, https:\/\/d2p6e6u75xmxt8.cloudfront.net\/12\/2018\/08\/kormanytaska-768x576.jpg 768w\" sizes=\"auto, (max-width: 1024px) 100vw, 1024px\" \/><\/a><\/p>\n<h2>H\u00e1tizs\u00e1k<\/h2>\n<p>A v\u00e1rosi bring\u00e1sok megment\u0151je a h\u00e1tizs\u00e1k, ebben lehet igaz\u00e1n k\u00e9nyelmesen tekerni. A versenyz\u0151k m\u00e9g a ker\u00e9kp\u00e1ros maratonokat is h\u00e1tizs\u00e1kok seg\u00edts\u00e9g\u00e9vel teljes\u00edtik. A bring\u00e1ra szerelhet\u0151 t\u00e1sk\u00e1kkal szemben ezeket sokkal gyorsabban magaddal tudod vinni, nem kell sehov\u00e1 felszerelni, csak felveszed a h\u00e1tadra, \u00e9s m\u00e1r indulhatsz is.<\/p>\n<p>Ha r\u00f6videbb, t\u00f6bbnyire v\u00e1rosi utakhoz haszn\u00e1ln\u00e1d, nem is k\u00e9rd\u00e9s, hogy a h\u00e1tizs\u00e1kot \u00e9rdemes v\u00e1lasztani. \u00dcgyint\u00e9z\u00e9sekhez, munk\u00e1ba j\u00e1r\u00e1shoz is praktikus, de egy t\u00far\u00e1z\u00e1shoz m\u00e1r nem biztos, hogy aj\u00e1nlan\u00e1nk, hossz\u00fat\u00e1von m\u00e9g a legjobb h\u00e1tizs\u00e1kok is h\u00e1tf\u00e1j\u00e1st okozhatnak.<\/p>\n<p><a href=\"https:\/\/giphy.com\/gifs\/beyonce-revel-i-was-here-N9e32MBl0l0Jy\">https:\/\/giphy.com\/gifs\/beyonce-revel-i-was-here-N9e32MBl0l0Jy<\/a><\/p>\n<p>A bring\u00e1s h\u00e1tizs\u00e1kokb\u00f3l egy\u00e9bk\u00e9nt rengeteg t\u00edpust tal\u00e1lsz a boltokban, vannak sportosabb \u00e9s eleg\u00e1nsabb darabok is. Miel\u0151tt v\u00e1lasztan\u00e1l, mindenk\u00e9pp ellen\u0151rizd a t\u00e1ska p\u00e1ntjainak hossz\u00e1t. Ha nem tudod el\u00e9g r\u00f6vidre \u00e1ll\u00edtani, a t\u00e1ska beakadhat az \u00fcl\u00e9sedbe, ez pedig el\u00e9g vesz\u00e9lyes.<\/p>\n<p>Ezeknek a h\u00e1tizs\u00e1koknak tal\u00e1n az a legnagyobb h\u00e1tr\u00e1nya, hogy megizzad t\u0151l\u00fck a h\u00e1tad, \u00e9s ez a munk\u00e1ba j\u00e1r\u00e1s eset\u00e9n eg\u00e9sz kellemetlen lehet.<\/p>\n<p><a href=\"https:\/\/d2p6e6u75xmxt8.cloudfront.net\/12\/2018\/08\/hatizsak.jpg\"><img loading=\"lazy\" decoding=\"async\" class=\"alignnone size-full wp-image-1669\" src=\"https:\/\/d2p6e6u75xmxt8.cloudfront.net\/12\/2018\/08\/hatizsak.jpg\" alt=\"ker\u00e9kp\u00e1ros t\u00e1ska we love cycling\" width=\"1502\" height=\"1001\" srcset=\"https:\/\/d2p6e6u75xmxt8.cloudfront.net\/12\/2018\/08\/hatizsak.jpg 1502w, https:\/\/d2p6e6u75xmxt8.cloudfront.net\/12\/2018\/08\/hatizsak-300x200.jpg 300w, https:\/\/d2p6e6u75xmxt8.cloudfront.net\/12\/2018\/08\/hatizsak-768x512.jpg 768w, https:\/\/d2p6e6u75xmxt8.cloudfront.net\/12\/2018\/08\/hatizsak-1024x682.jpg 1024w, https:\/\/d2p6e6u75xmxt8.cloudfront.net\/12\/2018\/08\/hatizsak-272x182.jpg 272w\" sizes=\"auto, (max-width: 1502px) 100vw, 1502px\" \/><\/a><\/p>\n<h2>Ker\u00e9kp\u00e1ros t\u00e1ska a v\u00e1llakon<\/h2>\n<p>Az egyik legvitatottabb t\u00edpus, sokak szerint nem el\u00e9g biztons\u00e1gos, hiszen nem egyenl\u0151 ar\u00e1nyban oszlik el a s\u00faly. \u00cdgy pedig sajnos ez is vesz\u00e9lyes lehet.<\/p>\n<p>Ezt a t\u00e1skat\u00edpust azoknak aj\u00e1nljuk, akik p\u00e1r iratot, p\u00e9nzt\u00e1rc\u00e1t \u00e9s telefont hordan\u00e1nak benne. A kisebb s\u00falyt\u00f3l a t\u00e1ska nem fog mozogni, \u00edgy ebben a form\u00e1ban ezt is haszn\u00e1lhat\u00f3.<\/p>\n<h2>V\u00e1zt\u00e1ska<\/h2>\n<p>A v\u00e1zt\u00e1ska szint\u00e9n nagyon n\u00e9pszer\u0171 v\u00e1laszt\u00e1s a bring\u00e1z\u00f3k k\u00f6r\u00e9ben. F\u0151k\u00e9nt azok haszn\u00e1lj\u00e1k, akik r\u00f6videbb \u00fatra indulnak. Az elhelyez\u00e9se miatt nem fog zavarni semmiben, tuti, hogy nem okoz vesz\u00e9lyt teker\u00e9s k\u00f6zben.<\/p>\n<p>Ha v\u00e1zt\u00e1sk\u00e1t keresel, \u00e9rdemes egy jobb min\u0151s\u00e9g\u0171 darabba befektetni. Ezekn\u00e9l a t\u00e1sk\u00e1kn\u00e1l csak az okozhat csal\u00f3d\u00e1st, ha a rossz min\u0151s\u00e9ge miatt p\u00e9ld\u00e1ul nem lehet j\u00f3l r\u00f6gz\u00edteni, vagy esetleg leesik teker\u00e9s k\u00f6zben. M\u00e9g az is megt\u00f6rt\u00e9nhez, hogy \u00e9szre sem veszed.<\/p>\n<p><a href=\"https:\/\/d2p6e6u75xmxt8.cloudfront.net\/12\/2018\/08\/vaztaska.jpg\"><img loading=\"lazy\" decoding=\"async\" class=\"alignnone size-full wp-image-1670\" src=\"https:\/\/d2p6e6u75xmxt8.cloudfront.net\/12\/2018\/08\/vaztaska.jpg\" alt=\"ker\u00e9kp\u00e1ros t\u00e1ska we love cycling\" width=\"458\" height=\"248\" srcset=\"https:\/\/d2p6e6u75xmxt8.cloudfront.net\/12\/2018\/08\/vaztaska.jpg 458w, https:\/\/d2p6e6u75xmxt8.cloudfront.net\/12\/2018\/08\/vaztaska-300x162.jpg 300w\" sizes=\"auto, (max-width: 458px) 100vw, 458px\" \/><\/a><\/p>\n<p>\u00c9rdekel az is, hogy milyen az ide\u00e1lis v\u00e1rosi bringa? Akkor <a href=\"https:\/\/www.welovecycling.com\/hu\/varosi-kerekparozas\/idealis-varosi-bringa\/\">katt ide!<\/a><\/p>\n","protected":false},"excerpt":{"rendered":"<p>\u00c9pp a Blind Chic.-es l\u00e1nyokr\u00f3l posztoltuk ezt a cikket a Facebookon, amikor az egyik kommentel\u0151 feltette nek\u00fcnk a k\u00e9rd\u00e9st: mire [&hellip;]<\/p>\n","protected":false},"author":71,"featured_media":1669,"comment_status":"open","ping_status":"open","sticky":false,"template":"","format":"standard","meta":{"footnotes":""},"categories":[10,13],"tags":[28,27,148,149,146,147,150],"global-categories":[],"class_list":["post-1666","post","type-post","status-publish","format-standard","has-post-thumbnail","hentry","category-biztonsag","category-blog","tag-kerekpar-blog","tag-kerekpar-magazin","tag-kerekparos-hatizsak","tag-kerekparos-kormanytaska","tag-kerekparos-taska","tag-kerekparos-valltaska","tag-kerekparos-vaztaska"],"yoast_head":"<!-- This site is optimized with the Yoast SEO Premium plugin v25.3 (Yoast SEO v25.9) - https:\/\/yoast.com\/wordpress\/plugins\/seo\/ -->\n<title>Milyen egy igaz\u00e1n j\u00f3 ker\u00e9kp\u00e1ros t\u00e1ska? - \u0160koda We Love Cycling - Magyarorsz\u00e1g<\/title>\n<meta name=\"description\" content=\"Te sem tudod pontosan, milyen egy igaz\u00e1n j\u00f3 ker\u00e9kp\u00e1ros t\u00e1ska? Mutatunk n\u00e9h\u00e1ny t\u00edpust, de term\u00e9szetesen az is sz\u00e1m\u00edt, hogy milyen terepen, h\u00e1ny \u00f3r\u00e1t tekersz.\" \/>\n<meta name=\"robots\" content=\"index, follow, max-snippet:-1, max-image-preview:large, max-video-preview:-1\" \/>\n<link rel=\"canonical\" href=\"https:\/\/www.welovecycling.com\/hu\/biztonsag\/kerekparos-taskak\/\" \/>\n<meta property=\"og:locale\" content=\"hu_HU\" \/>\n<meta property=\"og:type\" content=\"article\" \/>\n<meta property=\"og:title\" content=\"Milyen egy igaz\u00e1n j\u00f3 ker\u00e9kp\u00e1ros t\u00e1ska?\" \/>\n<meta property=\"og:description\" content=\"Te sem tudod pontosan, milyen egy igaz\u00e1n j\u00f3 ker\u00e9kp\u00e1ros t\u00e1ska? Mutatunk n\u00e9h\u00e1ny t\u00edpust, de term\u00e9szetesen az is sz\u00e1m\u00edt, hogy milyen terepen, h\u00e1ny \u00f3r\u00e1t tekersz.\" \/>\n<meta property=\"og:url\" content=\"https:\/\/www.welovecycling.com\/hu\/biztonsag\/kerekparos-taskak\/\" \/>\n<meta property=\"og:site_name\" content=\"\u0160koda We Love Cycling - Magyarorsz\u00e1g\" \/>\n<meta property=\"article:publisher\" content=\"https:\/\/www.facebook.com\/WeLoveCyclingHungary\/\" \/>\n<meta property=\"article:published_time\" content=\"2018-08-29T08:55:47+00:00\" \/>\n<meta property=\"og:image\" content=\"https:\/\/d2p6e6u75xmxt8.cloudfront.net\/12\/2018\/08\/hatizsak.jpg\" \/>\n\t<meta property=\"og:image:width\" content=\"1502\" \/>\n\t<meta property=\"og:image:height\" content=\"1001\" \/>\n\t<meta property=\"og:image:type\" content=\"image\/jpeg\" \/>\n<meta name=\"author\" content=\"hegyizs\" \/>\n<meta name=\"twitter:card\" content=\"summary_large_image\" \/>\n<meta name=\"twitter:label1\" content=\"Written by\" \/>\n\t<meta name=\"twitter:data1\" content=\"hegyizs\" \/>\n\t<meta name=\"twitter:label2\" content=\"Est. reading time\" \/>\n\t<meta name=\"twitter:data2\" content=\"3 minutes\" \/>\n<script type=\"application\/ld+json\" class=\"yoast-schema-graph\">{\"@context\":\"https:\/\/schema.org\",\"@graph\":[{\"@type\":\"WebPage\",\"@id\":\"https:\/\/www.welovecycling.com\/hu\/biztonsag\/kerekparos-taskak\/\",\"url\":\"https:\/\/www.welovecycling.com\/hu\/biztonsag\/kerekparos-taskak\/\",\"name\":\"Milyen egy igaz\u00e1n j\u00f3 ker\u00e9kp\u00e1ros t\u00e1ska? - \u0160koda We Love Cycling - Magyarorsz\u00e1g\",\"isPartOf\":{\"@id\":\"https:\/\/www.welovecycling.com\/hu\/#website\"},\"primaryImageOfPage\":{\"@id\":\"https:\/\/www.welovecycling.com\/hu\/biztonsag\/kerekparos-taskak\/#primaryimage\"},\"image\":{\"@id\":\"https:\/\/www.welovecycling.com\/hu\/biztonsag\/kerekparos-taskak\/#primaryimage\"},\"thumbnailUrl\":\"https:\/\/d2p6e6u75xmxt8.cloudfront.net\/12\/2018\/08\/hatizsak.jpg\",\"datePublished\":\"2018-08-29T08:55:47+00:00\",\"author\":{\"@id\":\"https:\/\/www.welovecycling.com\/hu\/#\/schema\/person\/414a2aebf1801691a5320edb6468e194\"},\"description\":\"Te sem tudod pontosan, milyen egy igaz\u00e1n j\u00f3 ker\u00e9kp\u00e1ros t\u00e1ska? Mutatunk n\u00e9h\u00e1ny t\u00edpust, de term\u00e9szetesen az is sz\u00e1m\u00edt, hogy milyen terepen, h\u00e1ny \u00f3r\u00e1t tekersz.\",\"breadcrumb\":{\"@id\":\"https:\/\/www.welovecycling.com\/hu\/biztonsag\/kerekparos-taskak\/#breadcrumb\"},\"inLanguage\":\"hu\",\"potentialAction\":[{\"@type\":\"ReadAction\",\"target\":[\"https:\/\/www.welovecycling.com\/hu\/biztonsag\/kerekparos-taskak\/\"]}]},{\"@type\":\"ImageObject\",\"inLanguage\":\"hu\",\"@id\":\"https:\/\/www.welovecycling.com\/hu\/biztonsag\/kerekparos-taskak\/#primaryimage\",\"url\":\"https:\/\/d2p6e6u75xmxt8.cloudfront.net\/12\/2018\/08\/hatizsak.jpg\",\"contentUrl\":\"https:\/\/d2p6e6u75xmxt8.cloudfront.net\/12\/2018\/08\/hatizsak.jpg\",\"width\":1502,\"height\":1001,\"caption\":\"ker\u00e9kp\u00e1ros t\u00e1ska we love cycling\"},{\"@type\":\"BreadcrumbList\",\"@id\":\"https:\/\/www.welovecycling.com\/hu\/biztonsag\/kerekparos-taskak\/#breadcrumb\",\"itemListElement\":[{\"@type\":\"ListItem\",\"position\":1,\"name\":\"Home\",\"item\":\"https:\/\/www.welovecycling.com\/hu\/\"},{\"@type\":\"ListItem\",\"position\":2,\"name\":\"Milyen egy igaz\u00e1n j\u00f3 ker\u00e9kp\u00e1ros t\u00e1ska?\"}]},{\"@type\":\"WebSite\",\"@id\":\"https:\/\/www.welovecycling.com\/hu\/#website\",\"url\":\"https:\/\/www.welovecycling.com\/hu\/\",\"name\":\"\u0160koda We Love Cycling - Magyarorsz\u00e1g\",\"description\":\"\u0160koda WeLoveCycling\",\"potentialAction\":[{\"@type\":\"SearchAction\",\"target\":{\"@type\":\"EntryPoint\",\"urlTemplate\":\"https:\/\/www.welovecycling.com\/hu\/?s={search_term_string}\"},\"query-input\":{\"@type\":\"PropertyValueSpecification\",\"valueRequired\":true,\"valueName\":\"search_term_string\"}}],\"inLanguage\":\"hu\"},{\"@type\":\"Person\",\"@id\":\"https:\/\/www.welovecycling.com\/hu\/#\/schema\/person\/414a2aebf1801691a5320edb6468e194\",\"name\":\"hegyizs\",\"image\":{\"@type\":\"ImageObject\",\"inLanguage\":\"hu\",\"@id\":\"https:\/\/www.welovecycling.com\/hu\/#\/schema\/person\/image\/\",\"url\":\"https:\/\/secure.gravatar.com\/avatar\/02cf8a7906b8cf90cecb4679defac7cfd33a1c2e3b88e4903d947f3bb58eedd3?s=96&d=mm&r=g\",\"contentUrl\":\"https:\/\/secure.gravatar.com\/avatar\/02cf8a7906b8cf90cecb4679defac7cfd33a1c2e3b88e4903d947f3bb58eedd3?s=96&d=mm&r=g\",\"caption\":\"hegyizs\"},\"url\":\"https:\/\/www.welovecycling.com\/hu\/author\/hegyizs\/\"}]}<\/script>\n<!-- \/ Yoast SEO Premium plugin. -->","yoast_head_json":{"title":"Milyen egy igaz\u00e1n j\u00f3 ker\u00e9kp\u00e1ros t\u00e1ska? - \u0160koda We Love Cycling - Magyarorsz\u00e1g","description":"Te sem tudod pontosan, milyen egy igaz\u00e1n j\u00f3 ker\u00e9kp\u00e1ros t\u00e1ska? Mutatunk n\u00e9h\u00e1ny t\u00edpust, de term\u00e9szetesen az is sz\u00e1m\u00edt, hogy milyen terepen, h\u00e1ny \u00f3r\u00e1t tekersz.","robots":{"index":"index","follow":"follow","max-snippet":"max-snippet:-1","max-image-preview":"max-image-preview:large","max-video-preview":"max-video-preview:-1"},"canonical":"https:\/\/www.welovecycling.com\/hu\/biztonsag\/kerekparos-taskak\/","og_locale":"hu_HU","og_type":"article","og_title":"Milyen egy igaz\u00e1n j\u00f3 ker\u00e9kp\u00e1ros t\u00e1ska?","og_description":"Te sem tudod pontosan, milyen egy igaz\u00e1n j\u00f3 ker\u00e9kp\u00e1ros t\u00e1ska? Mutatunk n\u00e9h\u00e1ny t\u00edpust, de term\u00e9szetesen az is sz\u00e1m\u00edt, hogy milyen terepen, h\u00e1ny \u00f3r\u00e1t tekersz.","og_url":"https:\/\/www.welovecycling.com\/hu\/biztonsag\/kerekparos-taskak\/","og_site_name":"\u0160koda We Love Cycling - Magyarorsz\u00e1g","article_publisher":"https:\/\/www.facebook.com\/WeLoveCyclingHungary\/","article_published_time":"2018-08-29T08:55:47+00:00","og_image":[{"width":1502,"height":1001,"url":"https:\/\/d2p6e6u75xmxt8.cloudfront.net\/12\/2018\/08\/hatizsak.jpg","type":"image\/jpeg"}],"author":"hegyizs","twitter_card":"summary_large_image","twitter_misc":{"Written by":"hegyizs","Est. reading time":"3 minutes"},"schema":{"@context":"https:\/\/schema.org","@graph":[{"@type":"WebPage","@id":"https:\/\/www.welovecycling.com\/hu\/biztonsag\/kerekparos-taskak\/","url":"https:\/\/www.welovecycling.com\/hu\/biztonsag\/kerekparos-taskak\/","name":"Milyen egy igaz\u00e1n j\u00f3 ker\u00e9kp\u00e1ros t\u00e1ska? - \u0160koda We Love Cycling - Magyarorsz\u00e1g","isPartOf":{"@id":"https:\/\/www.welovecycling.com\/hu\/#website"},"primaryImageOfPage":{"@id":"https:\/\/www.welovecycling.com\/hu\/biztonsag\/kerekparos-taskak\/#primaryimage"},"image":{"@id":"https:\/\/www.welovecycling.com\/hu\/biztonsag\/kerekparos-taskak\/#primaryimage"},"thumbnailUrl":"https:\/\/d2p6e6u75xmxt8.cloudfront.net\/12\/2018\/08\/hatizsak.jpg","datePublished":"2018-08-29T08:55:47+00:00","author":{"@id":"https:\/\/www.welovecycling.com\/hu\/#\/schema\/person\/414a2aebf1801691a5320edb6468e194"},"description":"Te sem tudod pontosan, milyen egy igaz\u00e1n j\u00f3 ker\u00e9kp\u00e1ros t\u00e1ska? Mutatunk n\u00e9h\u00e1ny t\u00edpust, de term\u00e9szetesen az is sz\u00e1m\u00edt, hogy milyen terepen, h\u00e1ny \u00f3r\u00e1t tekersz.","breadcrumb":{"@id":"https:\/\/www.welovecycling.com\/hu\/biztonsag\/kerekparos-taskak\/#breadcrumb"},"inLanguage":"hu","potentialAction":[{"@type":"ReadAction","target":["https:\/\/www.welovecycling.com\/hu\/biztonsag\/kerekparos-taskak\/"]}]},{"@type":"ImageObject","inLanguage":"hu","@id":"https:\/\/www.welovecycling.com\/hu\/biztonsag\/kerekparos-taskak\/#primaryimage","url":"https:\/\/d2p6e6u75xmxt8.cloudfront.net\/12\/2018\/08\/hatizsak.jpg","contentUrl":"https:\/\/d2p6e6u75xmxt8.cloudfront.net\/12\/2018\/08\/hatizsak.jpg","width":1502,"height":1001,"caption":"ker\u00e9kp\u00e1ros t\u00e1ska we love cycling"},{"@type":"BreadcrumbList","@id":"https:\/\/www.welovecycling.com\/hu\/biztonsag\/kerekparos-taskak\/#breadcrumb","itemListElement":[{"@type":"ListItem","position":1,"name":"Home","item":"https:\/\/www.welovecycling.com\/hu\/"},{"@type":"ListItem","position":2,"name":"Milyen egy igaz\u00e1n j\u00f3 ker\u00e9kp\u00e1ros t\u00e1ska?"}]},{"@type":"WebSite","@id":"https:\/\/www.welovecycling.com\/hu\/#website","url":"https:\/\/www.welovecycling.com\/hu\/","name":"\u0160koda We Love Cycling - Magyarorsz\u00e1g","description":"\u0160koda WeLoveCycling","potentialAction":[{"@type":"SearchAction","target":{"@type":"EntryPoint","urlTemplate":"https:\/\/www.welovecycling.com\/hu\/?s={search_term_string}"},"query-input":{"@type":"PropertyValueSpecification","valueRequired":true,"valueName":"search_term_string"}}],"inLanguage":"hu"},{"@type":"Person","@id":"https:\/\/www.welovecycling.com\/hu\/#\/schema\/person\/414a2aebf1801691a5320edb6468e194","name":"hegyizs","image":{"@type":"ImageObject","inLanguage":"hu","@id":"https:\/\/www.welovecycling.com\/hu\/#\/schema\/person\/image\/","url":"https:\/\/secure.gravatar.com\/avatar\/02cf8a7906b8cf90cecb4679defac7cfd33a1c2e3b88e4903d947f3bb58eedd3?s=96&d=mm&r=g","contentUrl":"https:\/\/secure.gravatar.com\/avatar\/02cf8a7906b8cf90cecb4679defac7cfd33a1c2e3b88e4903d947f3bb58eedd3?s=96&d=mm&r=g","caption":"hegyizs"},"url":"https:\/\/www.welovecycling.com\/hu\/author\/hegyizs\/"}]}},"_links":{"self":[{"href":"https:\/\/www.welovecycling.com\/hu\/wp-json\/wp\/v2\/posts\/1666","targetHints":{"allow":["GET"]}}],"collection":[{"href":"https:\/\/www.welovecycling.com\/hu\/wp-json\/wp\/v2\/posts"}],"about":[{"href":"https:\/\/www.welovecycling.com\/hu\/wp-json\/wp\/v2\/types\/post"}],"author":[{"embeddable":true,"href":"https:\/\/www.welovecycling.com\/hu\/wp-json\/wp\/v2\/users\/71"}],"replies":[{"embeddable":true,"href":"https:\/\/www.welovecycling.com\/hu\/wp-json\/wp\/v2\/comments?post=1666"}],"version-history":[{"count":1,"href":"https:\/\/www.welovecycling.com\/hu\/wp-json\/wp\/v2\/posts\/1666\/revisions"}],"predecessor-version":[{"id":1671,"href":"https:\/\/www.welovecycling.com\/hu\/wp-json\/wp\/v2\/posts\/1666\/revisions\/1671"}],"wp:featuredmedia":[{"embeddable":true,"href":"https:\/\/www.welovecycling.com\/hu\/wp-json\/wp\/v2\/media\/1669"}],"wp:attachment":[{"href":"https:\/\/www.welovecycling.com\/hu\/wp-json\/wp\/v2\/media?parent=1666"}],"wp:term":[{"taxonomy":"category","embeddable":true,"href":"https:\/\/www.welovecycling.com\/hu\/wp-json\/wp\/v2\/categories?post=1666"},{"taxonomy":"post_tag","embeddable":true,"href":"https:\/\/www.welovecycling.com\/hu\/wp-json\/wp\/v2\/tags?post=1666"},{"taxonomy":"global-categories","embeddable":true,"href":"https:\/\/www.welovecycling.com\/hu\/wp-json\/wp\/v2\/global-categories?post=1666"}],"curies":[{"name":"wp","href":"https:\/\/api.w.org\/{rel}","templated":true}]}}