{"id":16652,"date":"2022-12-22T15:09:30","date_gmt":"2022-12-22T13:09:30","guid":{"rendered":"https:\/\/www.welovecycling.com\/hu\/?p=16652"},"modified":"2022-12-22T15:09:30","modified_gmt":"2022-12-22T13:09:30","slug":"hivatalosan-is-megvannak-a-kiesok","status":"publish","type":"post","link":"https:\/\/www.welovecycling.com\/hu\/orszaguti-kerekpar\/hivatalosan-is-megvannak-a-kiesok\/","title":{"rendered":"Hivatalosan is megvannak a kies\u0151k"},"content":{"rendered":"<p><strong>V\u00e9gre kib\u00fajt a sz\u00f6g a zs\u00e1kb\u00f3l. Az UCI hivatalosan is bejelentette, amit h\u00f3napok \u00f3ta sejt\u00fcnk: az Israel-Premier Tech \u00e9s a Lotto Soudal kiesett a WorldTour csapatai k\u00f6z\u00fcl, \u00e9s hely\u00fckre a kor\u00e1bbi ProTeam Alpecin-Deceuninck \u00e9s az Akrea-Samsic \u00e9rkezett, akik a k\u00f6vetkez\u0151 h\u00e1rom \u00e9vben a legfels\u0151 szinten fognak versenyezni.<\/strong><\/p>\n<p><!--more--><\/p>\n<p>A d\u00f6nt\u00e9st m\u00falt h\u00e9ten hozt\u00e1k meg, az elm\u00falt h\u00e1rom \u00e9vben megszerzett UCI-pontok alapj\u00e1n, \u00e9s a szervezet szerint \u201ca kapcsol\u00f3d\u00f3 krit\u00e9riumokra vonatkoz\u00f3 dokumentumok teljesk\u00f6r\u0171 \u00e1ttekint\u00e9s\u00e9t k\u00f6vet\u0151en\u201d, bele\u00e9rtve az etikai, p\u00e9nz\u00fcgyi, adminisztrat\u00edv \u00e9s szervez\u00e9si szempontokat is. \u00d6sszesen 18 csapat maradhatott a kalapban, \u0151k is csak 2025-ig, amikor egy hasonl\u00f3 szelekt\u00e1l\u00e1s k\u00f6vetkezik majd. A 19. Helyen \u00e1ll\u00f3 Lotto Soudal majdnem 1000 ponttal maradt le az utols\u00f3k\u00e9nt bejut\u00f3 Arkea-Samsict\u0151l, az Israel-Premier Tech pedig tov\u00e1bbi 1000 pontos h\u00e1tr\u00e1nnyal z\u00e1rta a h\u00e1rom \u00e9vet.<\/p>\n<p>Azonban a Lotto\u2013Soudal \u2013 amely 2023-ban Lotto Dstny n\u00e9ven fog versenyezni \u2013 automatikusan megh\u00edv\u00e1st kap a WorldTour \u00e9s a Grand Tour versenyekre, mint 2022 legjobb ProTeamje, ak\u00e1rcsak Peter Sagan Team TotalEnergies csapata. Kev\u00e9sb\u00e9 r\u00f3zs\u00e1s a helyzet Chris Froome Israel-Premier Tech csapata sz\u00e1m\u00e1ra, akiknek nincs garant\u00e1lt hely\u00fck a Grand Tour-okon.<\/p>\n<div class=\"embed-controller-wrapper\">\n<blockquote class=\"twitter-tweet\" data-width=\"500\" data-dnt=\"true\">\n<p lang=\"en\" dir=\"ltr\">\ud83d\udce2NEWS: The collaboration with Ghent University is a next step for the team in the further professionalization of the team&#39;s performance department.<\/p>\n<p>Read more here \ud83d\udc47<a href=\"https:\/\/t.co\/t7Yp2F0VQN\">https:\/\/t.co\/t7Yp2F0VQN<\/a><\/p>\n<p>&mdash; Lotto Dstny (@lotto_dstny) <a href=\"https:\/\/twitter.com\/lotto_dstny\/status\/1603417392952102913?ref_src=twsrc%5Etfw\">December 15, 2022<\/a><\/p><\/blockquote>\n<p><script async data-src=\"https:\/\/platform.twitter.com\/widgets.js\" charset=\"utf-8\"><\/script><\/div>\n<p>A csapat tulajdonosa, Sylvan Adams azzal fenyeget\u0151z\u00f6tt, hogy b\u00edr\u00f3s\u00e1g el\u00e9 \u00e1ll\u00edtja az UCI-t, azzal \u00e9rvelve, hogy a ker\u00e9kp\u00e1rsport vezet\u0151 test\u00fclet\u00e9nek \u201evis maiort\u201d kellett volna hirdetnie a h\u00e1rom\u00e9ves Covi-j\u00e1rv\u00e1ny miatt, majd 20 csapatosra b\u0151v\u00edtenie a keretet. A szervezet ezzel nem \u00edrt egyet, \u00e9s egyel\u0151re nincs h\u00edr az \u00edg\u00e9rt perr\u0151l.<\/p>\n<p>Az UCI sajt\u00f3k\u00f6zlem\u00e9ny\u00e9ben azt is k\u00f6z\u00f6lte, hogy a Team DSM egyfajta pr\u00f3baid\u0151t kapott, melynek felt\u00e9tele, hogy a m\u00e1sodik \u00e9s harmadik \u00e9vben \u201ca p\u00e9nz\u00fcgyi krit\u00e9riumokhoz kapcsol\u00f3d\u00f3 tov\u00e1bbi dokumentumokat bocs\u00e1tanak rendelkez\u00e9sre.\u201d<\/p>\n<p>A WOmen\u2019s WorldTour 2023-as kerete pedig 15 csapatb\u00f3l \u00e1llt \u00f6ssze, k\u00f6zt\u00fck az Israel Premier Tech Rolanddal \u00e9s a Fenix-Deceuninckkel. A 2023-as szezon v\u00e9g\u00e9n a 2024-es \u00e9s a 2025-\u00f6s \u00e9vre lesz biztos hely\u00fck a csapatoknak, 2026-t\u00f3l viszont m\u00e1r h\u00e1rom \u00e9vre sz\u00f3lnak a helyek, \u00f6sszehangban a f\u00e9rfiak verseny\u00e9vel.<\/p>\n<p>A f\u00e9rfi WorldTour csapatok (2023-35)<\/p>\n<ul>\n<li>AG2R CITROEN TEAM (ACT \u2013 FRA)<\/li>\n<li>ALPECIN-DECEUNINCK (ADC \u2013 BEL)<\/li>\n<li>ASTANA QAZAQSTAN TEAM (AST \u2013 KAZ)<\/li>\n<li>BAHRAIN VICTORIOUS (TBV \u2013 BRN)<\/li>\n<li>BORA \u2013 HANSGROHE (BOH \u2013 GER)<\/li>\n<li>COFIDIS (COF \u2013 FRA)<\/li>\n<li>EF EDUCATION \u2013 EASYPOST (EFE \u2013 USA)<\/li>\n<li>GREENEDGE CYCLING (BEX \u2013 AUS)<\/li>\n<li>GROUPAMA \u2013 FDJ (GFC \u2013 FRA)<\/li>\n<li>INEOS GRENADIERS (IGD \u2013 GBR)<\/li>\n<li>INTERMARCH\u00c9 \u2013 CIRCUS \u2013 WANTY (ICW \u2013 BEL)<\/li>\n<li>JUMBO-VISMA (TJV \u2013 NED)<\/li>\n<li>MOVISTAR TEAM (MOV \u2013 ESP)<\/li>\n<li>SOUDAL QUICK-STEP (SOQ \u2013 BEL)<\/li>\n<li>TEAM ARKEA \u2013 SAMSIC (ARK \u2013 FRA)<\/li>\n<li>TEAM DSM (DSM \u2013 NED)<\/li>\n<li>TREK \u2013 SEGAFREDO (TFS \u2013 USA)<\/li>\n<li>UAE TEAM EMIRATES (UAD \u2013 UAE).<\/li>\n<\/ul>\n<p>A n\u0151i UCI WorldTour csapatok (2023)<\/p>\n<ul>\n<li>CANYON\/\/SRAM RACING (CSR \u2013 GER)<\/li>\n<li>EF EDUCATION \u2013 TIBCO \u2013 SVB (TIB \u2013 USA)<\/li>\n<li>FDJ-SUEZ (FST \u2013 FRA)<\/li>\n<li>GREENEDGE CYCLING (BEX \u2013 AUS)<\/li>\n<li>HUMAN POWERED HEALTH (HPW \u2013 USA)<\/li>\n<li>LIV RACING TEQFIND (LIV \u2013 NED)<\/li>\n<li>MOVISTAR TEAM WOMEN (MOV \u2013 ESP)<\/li>\n<li>TEAM DSM (DSM \u2013 NED)<\/li>\n<li>TEAM JUMBO VISMA (JVW \u2013 NED)<\/li>\n<li>TEAM SD WORX (SDW \u2013 NED)<\/li>\n<li>TREK \u2013 SEGAFREDO (TFS \u2013 USA)<\/li>\n<li>UAE TEAM (UAD \u2013 UAE)<\/li>\n<li>UNO-X PRO CYCLING TEAM (UXT \u2013 NOR).<\/li>\n<li>ISRAEL PREMIER TECH ROLAND (CGS \u2013 SUI).<\/li>\n<li>FENIX-DECEUNINCK (FED \u2013 BEL).<\/li>\n<\/ul>\n","protected":false},"excerpt":{"rendered":"<p>V\u00e9gre kib\u00fajt a sz\u00f6g a zs\u00e1kb\u00f3l. Az UCI hivatalosan is bejelentette, amit h\u00f3napok \u00f3ta sejt\u00fcnk: az Israel-Premier Tech \u00e9s a [&hellip;]<\/p>\n","protected":false},"author":71,"featured_media":16654,"comment_status":"open","ping_status":"open","sticky":false,"template":"","format":"standard","meta":{"footnotes":""},"categories":[8],"tags":[],"global-categories":[],"class_list":["post-16652","post","type-post","status-publish","format-standard","has-post-thumbnail","hentry","category-orszaguti-kerekpar"],"yoast_head":"<!-- This site is optimized with the Yoast SEO Premium plugin v25.3 (Yoast SEO v25.9) - https:\/\/yoast.com\/wordpress\/plugins\/seo\/ -->\n<title>Hivatalosan is megvannak a kies\u0151k<\/title>\n<meta name=\"description\" content=\"V\u00e9gre kib\u00fajt a sz\u00f6g a zs\u00e1kb\u00f3l. Az UCI hivatalosan is bejelentette, amit h\u00f3napok \u00f3ta sejt\u00fcnk: az Israel-Premier Tech \u00e9s a Lotto Soudal kiesett a WorldTour csapatai k\u00f6z\u00fcl, \u00e9s hely\u00fckre a kor\u00e1bbi ProTeam Alpecin-Deceuninck \u00e9s az Akrea-Samsic \u00e9rkezett, akik a k\u00f6vetkez\u0151 h\u00e1rom \u00e9vben a legfels\u0151 szinten fognak versenyezni.\" \/>\n<meta name=\"robots\" content=\"index, follow, max-snippet:-1, max-image-preview:large, max-video-preview:-1\" \/>\n<link rel=\"canonical\" href=\"https:\/\/www.welovecycling.com\/hu\/orszaguti-kerekpar\/hivatalosan-is-megvannak-a-kiesok\/\" \/>\n<meta property=\"og:locale\" content=\"hu_HU\" \/>\n<meta property=\"og:type\" content=\"article\" \/>\n<meta property=\"og:title\" content=\"Hivatalosan is megvannak a kies\u0151k\" \/>\n<meta property=\"og:description\" content=\"V\u00e9gre kib\u00fajt a sz\u00f6g a zs\u00e1kb\u00f3l. Az UCI hivatalosan is bejelentette, amit h\u00f3napok \u00f3ta sejt\u00fcnk: az Israel-Premier Tech \u00e9s a Lotto Soudal kiesett a WorldTour csapatai k\u00f6z\u00fcl, \u00e9s hely\u00fckre a kor\u00e1bbi ProTeam Alpecin-Deceuninck \u00e9s az Akrea-Samsic \u00e9rkezett, akik a k\u00f6vetkez\u0151 h\u00e1rom \u00e9vben a legfels\u0151 szinten fognak versenyezni.\" \/>\n<meta property=\"og:url\" content=\"https:\/\/www.welovecycling.com\/hu\/orszaguti-kerekpar\/hivatalosan-is-megvannak-a-kiesok\/\" \/>\n<meta property=\"og:site_name\" content=\"\u0160koda We Love Cycling - Magyarorsz\u00e1g\" \/>\n<meta property=\"article:publisher\" content=\"https:\/\/www.facebook.com\/WeLoveCyclingHungary\/\" \/>\n<meta property=\"article:published_time\" content=\"2022-12-22T13:09:30+00:00\" \/>\n<meta property=\"og:image\" content=\"https:\/\/d2p6e6u75xmxt8.cloudfront.net\/12\/2022\/12\/Lott-Soudal-Team-profimedia-0717172148-CVR.webp\" \/>\n\t<meta property=\"og:image:width\" content=\"990\" \/>\n\t<meta property=\"og:image:height\" content=\"660\" \/>\n\t<meta property=\"og:image:type\" content=\"image\/webp\" \/>\n<meta name=\"author\" content=\"hegyizs\" \/>\n<meta name=\"twitter:card\" content=\"summary_large_image\" \/>\n<meta name=\"twitter:label1\" content=\"Written by\" \/>\n\t<meta name=\"twitter:data1\" content=\"Siegfried Mortkowitz\" \/>\n\t<meta name=\"twitter:label2\" content=\"Est. reading time\" \/>\n\t<meta name=\"twitter:data2\" content=\"5\" \/>\n<script type=\"application\/ld+json\" class=\"yoast-schema-graph\">{\"@context\":\"https:\/\/schema.org\",\"@graph\":[{\"@type\":\"WebPage\",\"@id\":\"https:\/\/www.welovecycling.com\/hu\/orszaguti-kerekpar\/hivatalosan-is-megvannak-a-kiesok\/\",\"url\":\"https:\/\/www.welovecycling.com\/hu\/orszaguti-kerekpar\/hivatalosan-is-megvannak-a-kiesok\/\",\"name\":\"Hivatalosan is megvannak a kies\u0151k\",\"isPartOf\":{\"@id\":\"https:\/\/www.welovecycling.com\/hu\/#website\"},\"primaryImageOfPage\":{\"@id\":\"https:\/\/www.welovecycling.com\/hu\/orszaguti-kerekpar\/hivatalosan-is-megvannak-a-kiesok\/#primaryimage\"},\"image\":{\"@id\":\"https:\/\/www.welovecycling.com\/hu\/orszaguti-kerekpar\/hivatalosan-is-megvannak-a-kiesok\/#primaryimage\"},\"thumbnailUrl\":\"https:\/\/d2p6e6u75xmxt8.cloudfront.net\/12\/2022\/12\/Lott-Soudal-Team-profimedia-0717172148-CVR.webp\",\"datePublished\":\"2022-12-22T13:09:30+00:00\",\"author\":{\"@id\":\"https:\/\/www.welovecycling.com\/hu\/#\/schema\/person\/414a2aebf1801691a5320edb6468e194\"},\"description\":\"V\u00e9gre kib\u00fajt a sz\u00f6g a zs\u00e1kb\u00f3l. Az UCI hivatalosan is bejelentette, amit h\u00f3napok \u00f3ta sejt\u00fcnk: az Israel-Premier Tech \u00e9s a Lotto Soudal kiesett a WorldTour csapatai k\u00f6z\u00fcl, \u00e9s hely\u00fckre a kor\u00e1bbi ProTeam Alpecin-Deceuninck \u00e9s az Akrea-Samsic \u00e9rkezett, akik a k\u00f6vetkez\u0151 h\u00e1rom \u00e9vben a legfels\u0151 szinten fognak versenyezni.\",\"breadcrumb\":{\"@id\":\"https:\/\/www.welovecycling.com\/hu\/orszaguti-kerekpar\/hivatalosan-is-megvannak-a-kiesok\/#breadcrumb\"},\"inLanguage\":\"hu\",\"potentialAction\":[{\"@type\":\"ReadAction\",\"target\":[\"https:\/\/www.welovecycling.com\/hu\/orszaguti-kerekpar\/hivatalosan-is-megvannak-a-kiesok\/\"]}]},{\"@type\":\"ImageObject\",\"inLanguage\":\"hu\",\"@id\":\"https:\/\/www.welovecycling.com\/hu\/orszaguti-kerekpar\/hivatalosan-is-megvannak-a-kiesok\/#primaryimage\",\"url\":\"https:\/\/d2p6e6u75xmxt8.cloudfront.net\/12\/2022\/12\/Lott-Soudal-Team-profimedia-0717172148-CVR.webp\",\"contentUrl\":\"https:\/\/d2p6e6u75xmxt8.cloudfront.net\/12\/2022\/12\/Lott-Soudal-Team-profimedia-0717172148-CVR.webp\",\"width\":990,\"height\":660,\"caption\":\"Lotto Soudal\"},{\"@type\":\"BreadcrumbList\",\"@id\":\"https:\/\/www.welovecycling.com\/hu\/orszaguti-kerekpar\/hivatalosan-is-megvannak-a-kiesok\/#breadcrumb\",\"itemListElement\":[{\"@type\":\"ListItem\",\"position\":1,\"name\":\"Home\",\"item\":\"https:\/\/www.welovecycling.com\/hu\/\"},{\"@type\":\"ListItem\",\"position\":2,\"name\":\"Hivatalosan is megvannak a kies\u0151k\"}]},{\"@type\":\"WebSite\",\"@id\":\"https:\/\/www.welovecycling.com\/hu\/#website\",\"url\":\"https:\/\/www.welovecycling.com\/hu\/\",\"name\":\"\u0160koda We Love Cycling - Magyarorsz\u00e1g\",\"description\":\"\u0160koda WeLoveCycling\",\"potentialAction\":[{\"@type\":\"SearchAction\",\"target\":{\"@type\":\"EntryPoint\",\"urlTemplate\":\"https:\/\/www.welovecycling.com\/hu\/?s={search_term_string}\"},\"query-input\":{\"@type\":\"PropertyValueSpecification\",\"valueRequired\":true,\"valueName\":\"search_term_string\"}}],\"inLanguage\":\"hu\"},{\"@type\":\"Person\",\"@id\":\"https:\/\/www.welovecycling.com\/hu\/#\/schema\/person\/414a2aebf1801691a5320edb6468e194\",\"name\":\"hegyizs\",\"image\":{\"@type\":\"ImageObject\",\"inLanguage\":\"hu\",\"@id\":\"https:\/\/www.welovecycling.com\/hu\/#\/schema\/person\/image\/\",\"url\":\"https:\/\/secure.gravatar.com\/avatar\/02cf8a7906b8cf90cecb4679defac7cfd33a1c2e3b88e4903d947f3bb58eedd3?s=96&d=mm&r=g\",\"contentUrl\":\"https:\/\/secure.gravatar.com\/avatar\/02cf8a7906b8cf90cecb4679defac7cfd33a1c2e3b88e4903d947f3bb58eedd3?s=96&d=mm&r=g\",\"caption\":\"hegyizs\"},\"url\":\"https:\/\/www.welovecycling.com\/hu\/author\/hegyizs\/\"}]}<\/script>\n<!-- \/ Yoast SEO Premium plugin. -->","yoast_head_json":{"title":"Hivatalosan is megvannak a kies\u0151k","description":"V\u00e9gre kib\u00fajt a sz\u00f6g a zs\u00e1kb\u00f3l. Az UCI hivatalosan is bejelentette, amit h\u00f3napok \u00f3ta sejt\u00fcnk: az Israel-Premier Tech \u00e9s a Lotto Soudal kiesett a WorldTour csapatai k\u00f6z\u00fcl, \u00e9s hely\u00fckre a kor\u00e1bbi ProTeam Alpecin-Deceuninck \u00e9s az Akrea-Samsic \u00e9rkezett, akik a k\u00f6vetkez\u0151 h\u00e1rom \u00e9vben a legfels\u0151 szinten fognak versenyezni.","robots":{"index":"index","follow":"follow","max-snippet":"max-snippet:-1","max-image-preview":"max-image-preview:large","max-video-preview":"max-video-preview:-1"},"canonical":"https:\/\/www.welovecycling.com\/hu\/orszaguti-kerekpar\/hivatalosan-is-megvannak-a-kiesok\/","og_locale":"hu_HU","og_type":"article","og_title":"Hivatalosan is megvannak a kies\u0151k","og_description":"V\u00e9gre kib\u00fajt a sz\u00f6g a zs\u00e1kb\u00f3l. Az UCI hivatalosan is bejelentette, amit h\u00f3napok \u00f3ta sejt\u00fcnk: az Israel-Premier Tech \u00e9s a Lotto Soudal kiesett a WorldTour csapatai k\u00f6z\u00fcl, \u00e9s hely\u00fckre a kor\u00e1bbi ProTeam Alpecin-Deceuninck \u00e9s az Akrea-Samsic \u00e9rkezett, akik a k\u00f6vetkez\u0151 h\u00e1rom \u00e9vben a legfels\u0151 szinten fognak versenyezni.","og_url":"https:\/\/www.welovecycling.com\/hu\/orszaguti-kerekpar\/hivatalosan-is-megvannak-a-kiesok\/","og_site_name":"\u0160koda We Love Cycling - Magyarorsz\u00e1g","article_publisher":"https:\/\/www.facebook.com\/WeLoveCyclingHungary\/","article_published_time":"2022-12-22T13:09:30+00:00","og_image":[{"width":990,"height":660,"url":"https:\/\/d2p6e6u75xmxt8.cloudfront.net\/12\/2022\/12\/Lott-Soudal-Team-profimedia-0717172148-CVR.webp","type":"image\/webp"}],"author":"hegyizs","twitter_card":"summary_large_image","twitter_misc":{"Written by":"Siegfried Mortkowitz","Est. reading time":"5"},"schema":{"@context":"https:\/\/schema.org","@graph":[{"@type":"WebPage","@id":"https:\/\/www.welovecycling.com\/hu\/orszaguti-kerekpar\/hivatalosan-is-megvannak-a-kiesok\/","url":"https:\/\/www.welovecycling.com\/hu\/orszaguti-kerekpar\/hivatalosan-is-megvannak-a-kiesok\/","name":"Hivatalosan is megvannak a kies\u0151k","isPartOf":{"@id":"https:\/\/www.welovecycling.com\/hu\/#website"},"primaryImageOfPage":{"@id":"https:\/\/www.welovecycling.com\/hu\/orszaguti-kerekpar\/hivatalosan-is-megvannak-a-kiesok\/#primaryimage"},"image":{"@id":"https:\/\/www.welovecycling.com\/hu\/orszaguti-kerekpar\/hivatalosan-is-megvannak-a-kiesok\/#primaryimage"},"thumbnailUrl":"https:\/\/d2p6e6u75xmxt8.cloudfront.net\/12\/2022\/12\/Lott-Soudal-Team-profimedia-0717172148-CVR.webp","datePublished":"2022-12-22T13:09:30+00:00","author":{"@id":"https:\/\/www.welovecycling.com\/hu\/#\/schema\/person\/414a2aebf1801691a5320edb6468e194"},"description":"V\u00e9gre kib\u00fajt a sz\u00f6g a zs\u00e1kb\u00f3l. Az UCI hivatalosan is bejelentette, amit h\u00f3napok \u00f3ta sejt\u00fcnk: az Israel-Premier Tech \u00e9s a Lotto Soudal kiesett a WorldTour csapatai k\u00f6z\u00fcl, \u00e9s hely\u00fckre a kor\u00e1bbi ProTeam Alpecin-Deceuninck \u00e9s az Akrea-Samsic \u00e9rkezett, akik a k\u00f6vetkez\u0151 h\u00e1rom \u00e9vben a legfels\u0151 szinten fognak versenyezni.","breadcrumb":{"@id":"https:\/\/www.welovecycling.com\/hu\/orszaguti-kerekpar\/hivatalosan-is-megvannak-a-kiesok\/#breadcrumb"},"inLanguage":"hu","potentialAction":[{"@type":"ReadAction","target":["https:\/\/www.welovecycling.com\/hu\/orszaguti-kerekpar\/hivatalosan-is-megvannak-a-kiesok\/"]}]},{"@type":"ImageObject","inLanguage":"hu","@id":"https:\/\/www.welovecycling.com\/hu\/orszaguti-kerekpar\/hivatalosan-is-megvannak-a-kiesok\/#primaryimage","url":"https:\/\/d2p6e6u75xmxt8.cloudfront.net\/12\/2022\/12\/Lott-Soudal-Team-profimedia-0717172148-CVR.webp","contentUrl":"https:\/\/d2p6e6u75xmxt8.cloudfront.net\/12\/2022\/12\/Lott-Soudal-Team-profimedia-0717172148-CVR.webp","width":990,"height":660,"caption":"Lotto Soudal"},{"@type":"BreadcrumbList","@id":"https:\/\/www.welovecycling.com\/hu\/orszaguti-kerekpar\/hivatalosan-is-megvannak-a-kiesok\/#breadcrumb","itemListElement":[{"@type":"ListItem","position":1,"name":"Home","item":"https:\/\/www.welovecycling.com\/hu\/"},{"@type":"ListItem","position":2,"name":"Hivatalosan is megvannak a kies\u0151k"}]},{"@type":"WebSite","@id":"https:\/\/www.welovecycling.com\/hu\/#website","url":"https:\/\/www.welovecycling.com\/hu\/","name":"\u0160koda We Love Cycling - Magyarorsz\u00e1g","description":"\u0160koda WeLoveCycling","potentialAction":[{"@type":"SearchAction","target":{"@type":"EntryPoint","urlTemplate":"https:\/\/www.welovecycling.com\/hu\/?s={search_term_string}"},"query-input":{"@type":"PropertyValueSpecification","valueRequired":true,"valueName":"search_term_string"}}],"inLanguage":"hu"},{"@type":"Person","@id":"https:\/\/www.welovecycling.com\/hu\/#\/schema\/person\/414a2aebf1801691a5320edb6468e194","name":"hegyizs","image":{"@type":"ImageObject","inLanguage":"hu","@id":"https:\/\/www.welovecycling.com\/hu\/#\/schema\/person\/image\/","url":"https:\/\/secure.gravatar.com\/avatar\/02cf8a7906b8cf90cecb4679defac7cfd33a1c2e3b88e4903d947f3bb58eedd3?s=96&d=mm&r=g","contentUrl":"https:\/\/secure.gravatar.com\/avatar\/02cf8a7906b8cf90cecb4679defac7cfd33a1c2e3b88e4903d947f3bb58eedd3?s=96&d=mm&r=g","caption":"hegyizs"},"url":"https:\/\/www.welovecycling.com\/hu\/author\/hegyizs\/"}]}},"_links":{"self":[{"href":"https:\/\/www.welovecycling.com\/hu\/wp-json\/wp\/v2\/posts\/16652","targetHints":{"allow":["GET"]}}],"collection":[{"href":"https:\/\/www.welovecycling.com\/hu\/wp-json\/wp\/v2\/posts"}],"about":[{"href":"https:\/\/www.welovecycling.com\/hu\/wp-json\/wp\/v2\/types\/post"}],"author":[{"embeddable":true,"href":"https:\/\/www.welovecycling.com\/hu\/wp-json\/wp\/v2\/users\/71"}],"replies":[{"embeddable":true,"href":"https:\/\/www.welovecycling.com\/hu\/wp-json\/wp\/v2\/comments?post=16652"}],"version-history":[{"count":1,"href":"https:\/\/www.welovecycling.com\/hu\/wp-json\/wp\/v2\/posts\/16652\/revisions"}],"predecessor-version":[{"id":16659,"href":"https:\/\/www.welovecycling.com\/hu\/wp-json\/wp\/v2\/posts\/16652\/revisions\/16659"}],"wp:featuredmedia":[{"embeddable":true,"href":"https:\/\/www.welovecycling.com\/hu\/wp-json\/wp\/v2\/media\/16654"}],"wp:attachment":[{"href":"https:\/\/www.welovecycling.com\/hu\/wp-json\/wp\/v2\/media?parent=16652"}],"wp:term":[{"taxonomy":"category","embeddable":true,"href":"https:\/\/www.welovecycling.com\/hu\/wp-json\/wp\/v2\/categories?post=16652"},{"taxonomy":"post_tag","embeddable":true,"href":"https:\/\/www.welovecycling.com\/hu\/wp-json\/wp\/v2\/tags?post=16652"},{"taxonomy":"global-categories","embeddable":true,"href":"https:\/\/www.welovecycling.com\/hu\/wp-json\/wp\/v2\/global-categories?post=16652"}],"curies":[{"name":"wp","href":"https:\/\/api.w.org\/{rel}","templated":true}]}}