{"id":16649,"date":"2023-01-05T08:00:07","date_gmt":"2023-01-05T06:00:07","guid":{"rendered":"https:\/\/www.welovecycling.com\/hu\/?p=16649"},"modified":"2022-12-22T16:45:55","modified_gmt":"2022-12-22T14:45:55","slug":"5-tipp-hogy-elkeruld-a-nyereg-okozta-fajdalmat-belteren-is","status":"publish","type":"post","link":"https:\/\/www.welovecycling.com\/hu\/edzes-es-eletmod\/5-tipp-hogy-elkeruld-a-nyereg-okozta-fajdalmat-belteren-is\/","title":{"rendered":"5 tipp, hogy elker\u00fcld a nyereg okozta f\u00e1jdalmat, belt\u00e9ren is"},"content":{"rendered":"<p><strong>Minden kezd\u0151 ker\u00e9kp\u00e1ros tudja, hogy a nyereg nem mindig a legk\u00e9nyelmesebb \u00fcl\u0151alkalmatoss\u00e1g, f\u0151leg, ha \u00f3r\u00e1kat t\u00f6ltesz rajta. A belt\u00e9ri bicikliz\u00e9s pedig m\u00e9g egy tapasztalt bring\u00e1s sz\u00e1m\u00e1ra is kih\u00edv\u00e1st jelenthet. N\u00e9zz\u00fcnk meg n\u00e9h\u00e1ny strat\u00e9gi\u00e1t, amivel elker\u00fclheted a f\u00e1jdalmat a h\u00e1ts\u00f3 fert\u00e1lyodon!<\/strong><\/p>\n<p><!--more--><\/p>\n<h2><strong>Mi\u00e9rt rosszabb belt\u00e9ren?<\/strong><\/h2>\n<p>A leggyakoribb ok a zsibbad\u00e1s. Ez pedig annak a k\u00f6vetkezm\u00e9nye, hogy bizonyos sz\u00f6vetek k\u00f6z\u00f6tt megszakad a v\u00e9r\u00e1raml\u00e1s, aminek oka gyakran az el\u0151rehajl\u00f3 testhelyzet, amit otthon k\u00f6nnyebben felvesz\u00fcnk \u00e9s megtartunk, mint k\u00fclt\u00e9ren.<\/p>\n<p>Egy m\u00e1sik probl\u00e9ma, ami belt\u00e9ren gyakoribb, a nyereg okozta sebek. Ezek begyulladt sz\u0151rt\u00fcsz\u0151k vagy kel\u00e9sek lehetnek, \u00e9s igen f\u00e1jdalmasak. A test, a nyereg, illetve teker\u00e9s k\u00f6zben a mozg\u00f3 hajlatok s\u00farl\u00f3d\u00e1sa, \u00e9s az izzads\u00e1g miatt felgy\u00fcleml\u0151 nedvess\u00e9g okozza \u0151ket. Belt\u00e9ren monotonabb mozg\u00e1st v\u00e9gz\u00fcnk, \u00e9s \u00e1ltal\u00e1ban jobban is izzadunk, hiszen nincs sz\u00e9l, ami leh\u0171tene, \u00edgy k\u00f6nnyebben kialakulnak ezek a kellemetlen t\u00fcnetek.<\/p>\n<h2><strong>1. V\u00e1lassz okosan nyerget!<\/strong><\/h2>\n<p>Mindenkinek m\u00e1s a megfelel\u0151, val\u00f3sz\u00edn\u0171leg ki kell n\u00e9h\u00e1ny modellt pr\u00f3b\u00e1lnod, miel\u0151tt megtal\u00e1lod az igazit. A keskeny \u00fcl\u00e9sek \u00e1ltal\u00e1ban nagyobb nyom\u00e1st gyakorolnak a perine\u00e1lis r\u00e9gi\u00f3ra, ami k\u00f6nnyebben eredm\u00e9nyezhet zsibbad\u00e1st. Ha ilyesmit tapasztalsz, \u00e9rdemes lehet sz\u00e9lesebb verzi\u00f3ra v\u00e1ltanod. Ezenk\u00edv\u00fcl, ha siker\u00fcl olyan nyerget tal\u00e1lnod, ami k\u00e9nyelmes, kevesebbet fogsz benne f\u00e9szkel\u0151dni, \u00edgy t\u00f6bb er\u0151d marad tekerni.<\/p>\n<figure id=\"attachment_13593\" aria-describedby=\"caption-attachment-13593\" style=\"width: 1055px\" class=\"wp-caption alignnone\"><a href=\"https:\/\/d2p6e6u75xmxt8.cloudfront.net\/12\/2022\/02\/Indoor-trainer-profimedia-0622526156.jpg\"><img loading=\"lazy\" decoding=\"async\" class=\"wp-image-13593 size-full\" src=\"https:\/\/d2p6e6u75xmxt8.cloudfront.net\/12\/2022\/02\/Indoor-trainer-profimedia-0622526156.jpg\" alt=\"Indoor cycling\" width=\"1055\" height=\"658\" srcset=\"https:\/\/d2p6e6u75xmxt8.cloudfront.net\/12\/2022\/02\/Indoor-trainer-profimedia-0622526156.jpg 1055w, https:\/\/d2p6e6u75xmxt8.cloudfront.net\/12\/2022\/02\/Indoor-trainer-profimedia-0622526156-300x187.jpg 300w, https:\/\/d2p6e6u75xmxt8.cloudfront.net\/12\/2022\/02\/Indoor-trainer-profimedia-0622526156-1024x639.jpg 1024w, https:\/\/d2p6e6u75xmxt8.cloudfront.net\/12\/2022\/02\/Indoor-trainer-profimedia-0622526156-768x479.jpg 768w\" sizes=\"auto, (max-width: 1055px) 100vw, 1055px\" \/><\/a><figcaption id=\"caption-attachment-13593\" class=\"wp-caption-text\">A magasabb intenzit\u00e1s\u00fa belt\u00e9ri edz\u00e9sek jobban megterhelik a l\u00e1baidat \u00e9s az idegrendszeredet. \u00a9 Profimedia<\/figcaption><\/figure>\n<h2><strong>2. \u00dclj az \u00fcl\u0151csontodon!<\/strong><\/h2>\n<p>Ha nincs j\u00f3l be\u00e1ll\u00edtva a nyeregmagass\u00e1g, illetve a korm\u00e1ny t\u00e1vols\u00e1ga, nem lesz j\u00f3 a testhelyzeted, \u00e9s t\u00fals\u00e1gosan el\u0151re kell d\u0151ln\u00f6d, ahhoz, hogy k\u00e9nyelmesen el\u00e9rj mindent. Ebben a poz\u00edci\u00f3ban pedig el\u0151fordul, hogy minden teker\u00e9sn\u00e9l jobbra-balra ringat\u00f3zol, ami n\u00f6veli a kisebesed\u00e9s kock\u00e1zat\u00e1t. Egy j\u00f3l be\u00e1ll\u00edtott ker\u00e9kp\u00e1r csod\u00e1kra k\u00e9pes. Az \u00fcl\u0151csontjaidra kell helyezned a tests\u00falyod, ami gyakorlatilag a medenc\u00e9d als\u00f3 r\u00e9sze, amit \u00fcl\u0151gum\u00f3knak is neveznek.<\/p>\n<h2><strong>3. Vegy\u00e9l egy j\u00f3 ker\u00e9kp\u00e1ros nadr\u00e1got!<\/strong><\/h2>\n<p>Hajlamosak vagyunk a k\u00fclt\u00e9ri edz\u00e9sekre tartogatni j\u00f3 min\u0151s\u00e9g\u0171 r\u00f6vidnadr\u00e1gunkat, pedig belt\u00e9ren van r\u00e1 nagyobb sz\u00fcks\u00e9g! Eml\u00e9kezz a d\u00f6rzs\u00f6l\u0151d\u00e9sre \u00e9s izzad\u00e1sra! Egy k\u00e9nyelmes, p\u00e1rn\u00e1zott biciklis nadr\u00e1g sokat seg\u00edthet a kellemetlens\u00e9gek megel\u0151z\u00e9s\u00e9ben. Nem hogy nem szabad megsp\u00f3rolni otthon a haszn\u00e1lat\u00e1t, m\u00e9g \u00fajat is \u00e9rdemes lehet venni!<\/p>\n<h2><strong>4. Szeresd a kr\u00e9meket!<\/strong><\/h2>\n<p>Sok ker\u00e9kp\u00e1ros ellen\u00e1ll a d\u00f6rzs\u00f6l\u0151d\u00e9s-g\u00e1tl\u00f3 kr\u00e9meknek, mint felesleges \u00e9s macer\u00e1s dolgoknak. Lehet, hogy a szabadban meg\u00faszod, de belt\u00e9ren biztosan kelleni fognak. Hidd el, aranyat \u00e9rnek! \u00c1ltal\u00e1ban antibakteri\u00e1lis \u00e9s nyugtat\u00f3 \u00f6sszetev\u0151ket tartalmaznak, p\u00e9ld\u00e1ul aloe ver\u00e1t, mely seg\u00edt enyh\u00edteni a sebesed\u00e9st. Vidd fel a kr\u00e9met a legink\u00e1bb vesz\u00e9lyeztetett ter\u00fcletekre minden edz\u00e9s el\u0151tt!<\/p>\n<h2><strong>5. \u00c1llj fel n\u00e9ha!<\/strong><\/h2>\n<p>Kicsit megk\u00f6nny\u00edtheted a dolgod, ha belt\u00e9ren is ki\u00e1llsz n\u00e9ha a nyeregb\u0151l. Ezzel seg\u00edtesz megt\u00f6rni az ism\u00e9tl\u0151d\u0151 mozdulatsort \u00e9s a b\u0151r\u00f6d fell\u00e9legezhet.<\/p>\n<p>V\u00e9g\u00fcl, de nem utols\u00f3sorban, fontos eml\u00e9keztetni magad n\u00e9ha, hogy nem baj, ha sz\u00fcnetet tartasz. Ez egy kicsit m\u00e1sfajta sport, amibe bele kell j\u00f6nni. Adj lehet\u0151s\u00e9get magadnak az alkalmazkod\u00e1sra! Ha f\u00e1j valamid, tarts pihen\u0151napot, vagy v\u00e9gezz valamilyen keresztedz\u00e9st!<\/p>\n","protected":false},"excerpt":{"rendered":"<p>Minden kezd\u0151 ker\u00e9kp\u00e1ros tudja, hogy a nyereg nem mindig a legk\u00e9nyelmesebb \u00fcl\u0151alkalmatoss\u00e1g, f\u0151leg, ha \u00f3r\u00e1kat t\u00f6ltesz rajta. A belt\u00e9ri bicikliz\u00e9s [&hellip;]<\/p>\n","protected":false},"author":71,"featured_media":16651,"comment_status":"open","ping_status":"open","sticky":false,"template":"","format":"standard","meta":{"footnotes":""},"categories":[6],"tags":[],"global-categories":[],"class_list":["post-16649","post","type-post","status-publish","format-standard","has-post-thumbnail","hentry","category-edzes-es-eletmod"],"yoast_head":"<!-- This site is optimized with the Yoast SEO Premium plugin v25.3 (Yoast SEO v25.9) - https:\/\/yoast.com\/wordpress\/plugins\/seo\/ -->\n<title>5 tipp, hogy elker\u00fcld a nyereg okozta f\u00e1jdalmat, belt\u00e9ren is<\/title>\n<meta name=\"description\" content=\"Minden kezd\u0151 ker\u00e9kp\u00e1ros tudja, hogy a nyereg nem mindig a legk\u00e9nyelmesebb \u00fcl\u0151alkalmatoss\u00e1g, f\u0151leg, ha \u00f3r\u00e1kat t\u00f6ltesz rajta. A belt\u00e9ri bicikliz\u00e9s pedig m\u00e9g egy tapasztalt bring\u00e1s sz\u00e1m\u00e1ra is kih\u00edv\u00e1st jelenthet. N\u00e9zz\u00fcnk meg n\u00e9h\u00e1ny strat\u00e9gi\u00e1t, amivel elker\u00fclheted a f\u00e1jdalmat a h\u00e1ts\u00f3 fert\u00e1lyodon!\" \/>\n<meta name=\"robots\" content=\"index, follow, max-snippet:-1, max-image-preview:large, max-video-preview:-1\" \/>\n<link rel=\"canonical\" href=\"https:\/\/www.welovecycling.com\/hu\/edzes-es-eletmod\/5-tipp-hogy-elkeruld-a-nyereg-okozta-fajdalmat-belteren-is\/\" \/>\n<meta property=\"og:locale\" content=\"hu_HU\" \/>\n<meta property=\"og:type\" content=\"article\" \/>\n<meta property=\"og:title\" content=\"5 tipp, hogy elker\u00fcld a nyereg okozta f\u00e1jdalmat, belt\u00e9ren is\" \/>\n<meta property=\"og:description\" content=\"Minden kezd\u0151 ker\u00e9kp\u00e1ros tudja, hogy a nyereg nem mindig a legk\u00e9nyelmesebb \u00fcl\u0151alkalmatoss\u00e1g, f\u0151leg, ha \u00f3r\u00e1kat t\u00f6ltesz rajta. A belt\u00e9ri bicikliz\u00e9s pedig m\u00e9g egy tapasztalt bring\u00e1s sz\u00e1m\u00e1ra is kih\u00edv\u00e1st jelenthet. N\u00e9zz\u00fcnk meg n\u00e9h\u00e1ny strat\u00e9gi\u00e1t, amivel elker\u00fclheted a f\u00e1jdalmat a h\u00e1ts\u00f3 fert\u00e1lyodon!\" \/>\n<meta property=\"og:url\" content=\"https:\/\/www.welovecycling.com\/hu\/edzes-es-eletmod\/5-tipp-hogy-elkeruld-a-nyereg-okozta-fajdalmat-belteren-is\/\" \/>\n<meta property=\"og:site_name\" content=\"\u0160koda We Love Cycling - Magyarorsz\u00e1g\" \/>\n<meta property=\"article:publisher\" content=\"https:\/\/www.facebook.com\/WeLoveCyclingHungary\/\" \/>\n<meta property=\"article:published_time\" content=\"2023-01-05T06:00:07+00:00\" \/>\n<meta property=\"og:image\" content=\"https:\/\/d2p6e6u75xmxt8.cloudfront.net\/12\/2022\/12\/Indoor-Training-profimedia-0735713812-CVR.webp\" \/>\n\t<meta property=\"og:image:width\" content=\"990\" \/>\n\t<meta property=\"og:image:height\" content=\"660\" \/>\n\t<meta property=\"og:image:type\" content=\"image\/webp\" \/>\n<meta name=\"author\" content=\"hegyizs\" \/>\n<meta name=\"twitter:card\" content=\"summary_large_image\" \/>\n<meta name=\"twitter:label1\" content=\"Written by\" \/>\n\t<meta name=\"twitter:data1\" content=\"Jiri Kaloc\" \/>\n\t<meta name=\"twitter:label2\" content=\"Est. reading time\" \/>\n\t<meta name=\"twitter:data2\" content=\"5\" \/>\n<script type=\"application\/ld+json\" class=\"yoast-schema-graph\">{\"@context\":\"https:\/\/schema.org\",\"@graph\":[{\"@type\":\"WebPage\",\"@id\":\"https:\/\/www.welovecycling.com\/hu\/edzes-es-eletmod\/5-tipp-hogy-elkeruld-a-nyereg-okozta-fajdalmat-belteren-is\/\",\"url\":\"https:\/\/www.welovecycling.com\/hu\/edzes-es-eletmod\/5-tipp-hogy-elkeruld-a-nyereg-okozta-fajdalmat-belteren-is\/\",\"name\":\"5 tipp, hogy elker\u00fcld a nyereg okozta f\u00e1jdalmat, belt\u00e9ren is\",\"isPartOf\":{\"@id\":\"https:\/\/www.welovecycling.com\/hu\/#website\"},\"primaryImageOfPage\":{\"@id\":\"https:\/\/www.welovecycling.com\/hu\/edzes-es-eletmod\/5-tipp-hogy-elkeruld-a-nyereg-okozta-fajdalmat-belteren-is\/#primaryimage\"},\"image\":{\"@id\":\"https:\/\/www.welovecycling.com\/hu\/edzes-es-eletmod\/5-tipp-hogy-elkeruld-a-nyereg-okozta-fajdalmat-belteren-is\/#primaryimage\"},\"thumbnailUrl\":\"https:\/\/d2p6e6u75xmxt8.cloudfront.net\/12\/2022\/12\/Indoor-Training-profimedia-0735713812-CVR.webp\",\"datePublished\":\"2023-01-05T06:00:07+00:00\",\"author\":{\"@id\":\"https:\/\/www.welovecycling.com\/hu\/#\/schema\/person\/414a2aebf1801691a5320edb6468e194\"},\"description\":\"Minden kezd\u0151 ker\u00e9kp\u00e1ros tudja, hogy a nyereg nem mindig a legk\u00e9nyelmesebb \u00fcl\u0151alkalmatoss\u00e1g, f\u0151leg, ha \u00f3r\u00e1kat t\u00f6ltesz rajta. A belt\u00e9ri bicikliz\u00e9s pedig m\u00e9g egy tapasztalt bring\u00e1s sz\u00e1m\u00e1ra is kih\u00edv\u00e1st jelenthet. N\u00e9zz\u00fcnk meg n\u00e9h\u00e1ny strat\u00e9gi\u00e1t, amivel elker\u00fclheted a f\u00e1jdalmat a h\u00e1ts\u00f3 fert\u00e1lyodon!\",\"breadcrumb\":{\"@id\":\"https:\/\/www.welovecycling.com\/hu\/edzes-es-eletmod\/5-tipp-hogy-elkeruld-a-nyereg-okozta-fajdalmat-belteren-is\/#breadcrumb\"},\"inLanguage\":\"hu\",\"potentialAction\":[{\"@type\":\"ReadAction\",\"target\":[\"https:\/\/www.welovecycling.com\/hu\/edzes-es-eletmod\/5-tipp-hogy-elkeruld-a-nyereg-okozta-fajdalmat-belteren-is\/\"]}]},{\"@type\":\"ImageObject\",\"inLanguage\":\"hu\",\"@id\":\"https:\/\/www.welovecycling.com\/hu\/edzes-es-eletmod\/5-tipp-hogy-elkeruld-a-nyereg-okozta-fajdalmat-belteren-is\/#primaryimage\",\"url\":\"https:\/\/d2p6e6u75xmxt8.cloudfront.net\/12\/2022\/12\/Indoor-Training-profimedia-0735713812-CVR.webp\",\"contentUrl\":\"https:\/\/d2p6e6u75xmxt8.cloudfront.net\/12\/2022\/12\/Indoor-Training-profimedia-0735713812-CVR.webp\",\"width\":990,\"height\":660,\"caption\":\"Indoor training\"},{\"@type\":\"BreadcrumbList\",\"@id\":\"https:\/\/www.welovecycling.com\/hu\/edzes-es-eletmod\/5-tipp-hogy-elkeruld-a-nyereg-okozta-fajdalmat-belteren-is\/#breadcrumb\",\"itemListElement\":[{\"@type\":\"ListItem\",\"position\":1,\"name\":\"Home\",\"item\":\"https:\/\/www.welovecycling.com\/hu\/\"},{\"@type\":\"ListItem\",\"position\":2,\"name\":\"5 tipp, hogy elker\u00fcld a nyereg okozta f\u00e1jdalmat, belt\u00e9ren is\"}]},{\"@type\":\"WebSite\",\"@id\":\"https:\/\/www.welovecycling.com\/hu\/#website\",\"url\":\"https:\/\/www.welovecycling.com\/hu\/\",\"name\":\"\u0160koda We Love Cycling - Magyarorsz\u00e1g\",\"description\":\"\u0160koda WeLoveCycling\",\"potentialAction\":[{\"@type\":\"SearchAction\",\"target\":{\"@type\":\"EntryPoint\",\"urlTemplate\":\"https:\/\/www.welovecycling.com\/hu\/?s={search_term_string}\"},\"query-input\":{\"@type\":\"PropertyValueSpecification\",\"valueRequired\":true,\"valueName\":\"search_term_string\"}}],\"inLanguage\":\"hu\"},{\"@type\":\"Person\",\"@id\":\"https:\/\/www.welovecycling.com\/hu\/#\/schema\/person\/414a2aebf1801691a5320edb6468e194\",\"name\":\"hegyizs\",\"image\":{\"@type\":\"ImageObject\",\"inLanguage\":\"hu\",\"@id\":\"https:\/\/www.welovecycling.com\/hu\/#\/schema\/person\/image\/\",\"url\":\"https:\/\/secure.gravatar.com\/avatar\/02cf8a7906b8cf90cecb4679defac7cfd33a1c2e3b88e4903d947f3bb58eedd3?s=96&d=mm&r=g\",\"contentUrl\":\"https:\/\/secure.gravatar.com\/avatar\/02cf8a7906b8cf90cecb4679defac7cfd33a1c2e3b88e4903d947f3bb58eedd3?s=96&d=mm&r=g\",\"caption\":\"hegyizs\"},\"url\":\"https:\/\/www.welovecycling.com\/hu\/author\/hegyizs\/\"}]}<\/script>\n<!-- \/ Yoast SEO Premium plugin. -->","yoast_head_json":{"title":"5 tipp, hogy elker\u00fcld a nyereg okozta f\u00e1jdalmat, belt\u00e9ren is","description":"Minden kezd\u0151 ker\u00e9kp\u00e1ros tudja, hogy a nyereg nem mindig a legk\u00e9nyelmesebb \u00fcl\u0151alkalmatoss\u00e1g, f\u0151leg, ha \u00f3r\u00e1kat t\u00f6ltesz rajta. A belt\u00e9ri bicikliz\u00e9s pedig m\u00e9g egy tapasztalt bring\u00e1s sz\u00e1m\u00e1ra is kih\u00edv\u00e1st jelenthet. N\u00e9zz\u00fcnk meg n\u00e9h\u00e1ny strat\u00e9gi\u00e1t, amivel elker\u00fclheted a f\u00e1jdalmat a h\u00e1ts\u00f3 fert\u00e1lyodon!","robots":{"index":"index","follow":"follow","max-snippet":"max-snippet:-1","max-image-preview":"max-image-preview:large","max-video-preview":"max-video-preview:-1"},"canonical":"https:\/\/www.welovecycling.com\/hu\/edzes-es-eletmod\/5-tipp-hogy-elkeruld-a-nyereg-okozta-fajdalmat-belteren-is\/","og_locale":"hu_HU","og_type":"article","og_title":"5 tipp, hogy elker\u00fcld a nyereg okozta f\u00e1jdalmat, belt\u00e9ren is","og_description":"Minden kezd\u0151 ker\u00e9kp\u00e1ros tudja, hogy a nyereg nem mindig a legk\u00e9nyelmesebb \u00fcl\u0151alkalmatoss\u00e1g, f\u0151leg, ha \u00f3r\u00e1kat t\u00f6ltesz rajta. A belt\u00e9ri bicikliz\u00e9s pedig m\u00e9g egy tapasztalt bring\u00e1s sz\u00e1m\u00e1ra is kih\u00edv\u00e1st jelenthet. N\u00e9zz\u00fcnk meg n\u00e9h\u00e1ny strat\u00e9gi\u00e1t, amivel elker\u00fclheted a f\u00e1jdalmat a h\u00e1ts\u00f3 fert\u00e1lyodon!","og_url":"https:\/\/www.welovecycling.com\/hu\/edzes-es-eletmod\/5-tipp-hogy-elkeruld-a-nyereg-okozta-fajdalmat-belteren-is\/","og_site_name":"\u0160koda We Love Cycling - Magyarorsz\u00e1g","article_publisher":"https:\/\/www.facebook.com\/WeLoveCyclingHungary\/","article_published_time":"2023-01-05T06:00:07+00:00","og_image":[{"width":990,"height":660,"url":"https:\/\/d2p6e6u75xmxt8.cloudfront.net\/12\/2022\/12\/Indoor-Training-profimedia-0735713812-CVR.webp","type":"image\/webp"}],"author":"hegyizs","twitter_card":"summary_large_image","twitter_misc":{"Written by":"Jiri Kaloc","Est. reading time":"5"},"schema":{"@context":"https:\/\/schema.org","@graph":[{"@type":"WebPage","@id":"https:\/\/www.welovecycling.com\/hu\/edzes-es-eletmod\/5-tipp-hogy-elkeruld-a-nyereg-okozta-fajdalmat-belteren-is\/","url":"https:\/\/www.welovecycling.com\/hu\/edzes-es-eletmod\/5-tipp-hogy-elkeruld-a-nyereg-okozta-fajdalmat-belteren-is\/","name":"5 tipp, hogy elker\u00fcld a nyereg okozta f\u00e1jdalmat, belt\u00e9ren is","isPartOf":{"@id":"https:\/\/www.welovecycling.com\/hu\/#website"},"primaryImageOfPage":{"@id":"https:\/\/www.welovecycling.com\/hu\/edzes-es-eletmod\/5-tipp-hogy-elkeruld-a-nyereg-okozta-fajdalmat-belteren-is\/#primaryimage"},"image":{"@id":"https:\/\/www.welovecycling.com\/hu\/edzes-es-eletmod\/5-tipp-hogy-elkeruld-a-nyereg-okozta-fajdalmat-belteren-is\/#primaryimage"},"thumbnailUrl":"https:\/\/d2p6e6u75xmxt8.cloudfront.net\/12\/2022\/12\/Indoor-Training-profimedia-0735713812-CVR.webp","datePublished":"2023-01-05T06:00:07+00:00","author":{"@id":"https:\/\/www.welovecycling.com\/hu\/#\/schema\/person\/414a2aebf1801691a5320edb6468e194"},"description":"Minden kezd\u0151 ker\u00e9kp\u00e1ros tudja, hogy a nyereg nem mindig a legk\u00e9nyelmesebb \u00fcl\u0151alkalmatoss\u00e1g, f\u0151leg, ha \u00f3r\u00e1kat t\u00f6ltesz rajta. A belt\u00e9ri bicikliz\u00e9s pedig m\u00e9g egy tapasztalt bring\u00e1s sz\u00e1m\u00e1ra is kih\u00edv\u00e1st jelenthet. N\u00e9zz\u00fcnk meg n\u00e9h\u00e1ny strat\u00e9gi\u00e1t, amivel elker\u00fclheted a f\u00e1jdalmat a h\u00e1ts\u00f3 fert\u00e1lyodon!","breadcrumb":{"@id":"https:\/\/www.welovecycling.com\/hu\/edzes-es-eletmod\/5-tipp-hogy-elkeruld-a-nyereg-okozta-fajdalmat-belteren-is\/#breadcrumb"},"inLanguage":"hu","potentialAction":[{"@type":"ReadAction","target":["https:\/\/www.welovecycling.com\/hu\/edzes-es-eletmod\/5-tipp-hogy-elkeruld-a-nyereg-okozta-fajdalmat-belteren-is\/"]}]},{"@type":"ImageObject","inLanguage":"hu","@id":"https:\/\/www.welovecycling.com\/hu\/edzes-es-eletmod\/5-tipp-hogy-elkeruld-a-nyereg-okozta-fajdalmat-belteren-is\/#primaryimage","url":"https:\/\/d2p6e6u75xmxt8.cloudfront.net\/12\/2022\/12\/Indoor-Training-profimedia-0735713812-CVR.webp","contentUrl":"https:\/\/d2p6e6u75xmxt8.cloudfront.net\/12\/2022\/12\/Indoor-Training-profimedia-0735713812-CVR.webp","width":990,"height":660,"caption":"Indoor training"},{"@type":"BreadcrumbList","@id":"https:\/\/www.welovecycling.com\/hu\/edzes-es-eletmod\/5-tipp-hogy-elkeruld-a-nyereg-okozta-fajdalmat-belteren-is\/#breadcrumb","itemListElement":[{"@type":"ListItem","position":1,"name":"Home","item":"https:\/\/www.welovecycling.com\/hu\/"},{"@type":"ListItem","position":2,"name":"5 tipp, hogy elker\u00fcld a nyereg okozta f\u00e1jdalmat, belt\u00e9ren is"}]},{"@type":"WebSite","@id":"https:\/\/www.welovecycling.com\/hu\/#website","url":"https:\/\/www.welovecycling.com\/hu\/","name":"\u0160koda We Love Cycling - Magyarorsz\u00e1g","description":"\u0160koda WeLoveCycling","potentialAction":[{"@type":"SearchAction","target":{"@type":"EntryPoint","urlTemplate":"https:\/\/www.welovecycling.com\/hu\/?s={search_term_string}"},"query-input":{"@type":"PropertyValueSpecification","valueRequired":true,"valueName":"search_term_string"}}],"inLanguage":"hu"},{"@type":"Person","@id":"https:\/\/www.welovecycling.com\/hu\/#\/schema\/person\/414a2aebf1801691a5320edb6468e194","name":"hegyizs","image":{"@type":"ImageObject","inLanguage":"hu","@id":"https:\/\/www.welovecycling.com\/hu\/#\/schema\/person\/image\/","url":"https:\/\/secure.gravatar.com\/avatar\/02cf8a7906b8cf90cecb4679defac7cfd33a1c2e3b88e4903d947f3bb58eedd3?s=96&d=mm&r=g","contentUrl":"https:\/\/secure.gravatar.com\/avatar\/02cf8a7906b8cf90cecb4679defac7cfd33a1c2e3b88e4903d947f3bb58eedd3?s=96&d=mm&r=g","caption":"hegyizs"},"url":"https:\/\/www.welovecycling.com\/hu\/author\/hegyizs\/"}]}},"_links":{"self":[{"href":"https:\/\/www.welovecycling.com\/hu\/wp-json\/wp\/v2\/posts\/16649","targetHints":{"allow":["GET"]}}],"collection":[{"href":"https:\/\/www.welovecycling.com\/hu\/wp-json\/wp\/v2\/posts"}],"about":[{"href":"https:\/\/www.welovecycling.com\/hu\/wp-json\/wp\/v2\/types\/post"}],"author":[{"embeddable":true,"href":"https:\/\/www.welovecycling.com\/hu\/wp-json\/wp\/v2\/users\/71"}],"replies":[{"embeddable":true,"href":"https:\/\/www.welovecycling.com\/hu\/wp-json\/wp\/v2\/comments?post=16649"}],"version-history":[{"count":2,"href":"https:\/\/www.welovecycling.com\/hu\/wp-json\/wp\/v2\/posts\/16649\/revisions"}],"predecessor-version":[{"id":16658,"href":"https:\/\/www.welovecycling.com\/hu\/wp-json\/wp\/v2\/posts\/16649\/revisions\/16658"}],"wp:featuredmedia":[{"embeddable":true,"href":"https:\/\/www.welovecycling.com\/hu\/wp-json\/wp\/v2\/media\/16651"}],"wp:attachment":[{"href":"https:\/\/www.welovecycling.com\/hu\/wp-json\/wp\/v2\/media?parent=16649"}],"wp:term":[{"taxonomy":"category","embeddable":true,"href":"https:\/\/www.welovecycling.com\/hu\/wp-json\/wp\/v2\/categories?post=16649"},{"taxonomy":"post_tag","embeddable":true,"href":"https:\/\/www.welovecycling.com\/hu\/wp-json\/wp\/v2\/tags?post=16649"},{"taxonomy":"global-categories","embeddable":true,"href":"https:\/\/www.welovecycling.com\/hu\/wp-json\/wp\/v2\/global-categories?post=16649"}],"curies":[{"name":"wp","href":"https:\/\/api.w.org\/{rel}","templated":true}]}}