{"id":16635,"date":"2022-12-19T14:29:57","date_gmt":"2022-12-19T12:29:57","guid":{"rendered":"https:\/\/www.welovecycling.com\/hu\/?p=16635"},"modified":"2022-12-19T14:42:10","modified_gmt":"2022-12-19T12:42:10","slug":"csak-megvan-cavendish-uj-csapata-az-astananal-folytatja-a-tour-rekordra-toro-sztarsprinter","status":"publish","type":"post","link":"https:\/\/www.welovecycling.com\/hu\/orszaguti-kerekpar\/csak-megvan-cavendish-uj-csapata-az-astananal-folytatja-a-tour-rekordra-toro-sztarsprinter\/","title":{"rendered":"Csak megvan Cavendish \u00faj csapata: az Astan\u00e1n\u00e1l folytatja a Tour-rekordra t\u00f6r\u0151 szt\u00e1rsprinter"},"content":{"rendered":"<p><b>Ha nagy nehezen is, de csak tal\u00e1lt mag\u00e1nak csapatot a Quick-Stept\u0151l t\u00e1voz\u00f3 veter\u00e1n: a mindig j\u00f3l \u00e9rtes\u00fclt La Gazzetta dello Sport hivatalos t\u00e9nyk\u00e9nt t\u00e1lalta a kazahokkal val\u00f3 szerz\u0151d\u00e9sk\u00f6t\u00e9st.<\/b><\/p>\n<p><span style=\"font-weight: 400;\">Kor\u00e1bban mi <\/span><a href=\"https:\/\/www.welovecycling.com\/hu\/orszaguti-kerekpar\/bajban-a-bb-es-ezzel-egyutt-cavendish-veszelyben-a-tour-rekord\/\"><span style=\"font-weight: 400;\">magunk is \u00edrtunk<\/span><\/a><span style=\"font-weight: 400;\"> Mark Cavendish k\u00e1lv\u00e1ri\u00e1j\u00e1r\u00f3l, amelynek \u00fagy t\u0171nik, most ker\u00fclt pont a v\u00e9g\u00e9re. Az m\u00e1r hetekkel ezel\u0151tt eld\u0151lni l\u00e1tszott, hogy a szponzorgondokkal k\u00fcszk\u00f6d\u0151 B&amp;B Hotels az \u00e1ll\u00edt\u00f3lagos sz\u00f3beli megegyez\u00e9s ellen\u00e9re sem fogja tudni megszerezni a Quick-Stept\u0151l t\u00e1voz\u00f3 brit szt\u00e1rt, \u00e1m akkor m\u00e9g az Israel-PremierTech t\u0171nt lehets\u00e9ges p\u00f3tbefut\u00f3nak. K\u00e9s\u0151bb a Cyclingnews szakport\u00e1l szell\u0151ztette meg a n\u00e9mileg meglep\u0151 h\u00edrt, miszerint az Astana is \u00e9rdekl\u0151dik a veter\u00e1n sprinterklasszis\u00e9rt, az olimpiai bajnok Alekszandr Vinokurov sportigazgat\u00f3val az \u00e9len, \u00e9s v\u00e9g\u00fcl ez a forgat\u00f3k\u00f6nyv j\u00f6tt be.<\/span><\/p>\n<p><span style=\"font-weight: 400;\">A m\u00e9rt\u00e9kad\u00f3 olasz La Gazzetta dello Sport legal\u00e1bbis h\u00e9tv\u00e9g\u00e9n hivatalos t\u00e9nyk\u00e9nt k\u00f6z\u00f6lte, hogy Cavendish al\u00e1\u00edrt a 2023-ban Astana Qazaqstan n\u00e9ven versenyz\u0151 ist\u00e1ll\u00f3hoz, mi t\u00f6bb, azt is tudni v\u00e9li, hogy a 37 \u00e9ves szt\u00e1r m\u00e1r csatlakozott is a spanyolorsz\u00e1gi Calp\u00e9ban edz\u0151t\u00e1boroz\u00f3 \u00faj t\u00e1rsaihoz, ahol h\u00e9tf\u0151n \u00e1tvette az \u00faj Willier Triestina bring\u00e1j\u00e1t. Noha az Astana hivatalosan (m\u00e9g) nem er\u0151s\u00edtette meg az \u00e9rtes\u00fcl\u00e9seket, a Gazzetta ilyen dolgokban nem nagyon szokott t\u00e9vedni, \u00e9s a transzfer t\u00e9ny\u00e9t er\u0151s\u00edtheti az is, hogy kor\u00e1bban maga Vinokurov sem tagadta, mennyire szeretn\u00e9 a saj\u00e1t csapat\u00e1ban l\u00e1tni a Tour-rekordra t\u00f6r\u0151 Cavendish-t \u2013 nyilv\u00e1nosan lenyilatkozta, hogy amint megtudta, hogy a B&amp;B Hotelsszel val\u00f3 megegyez\u00e9s k\u00fatba esett, azonnal szem\u00e9lyesen l\u00e9pett kapcsolatba a Manxmannel.\u00a0<\/span><\/p>\n<figure id=\"attachment_16636\" aria-describedby=\"caption-attachment-16636\" style=\"width: 1075px\" class=\"wp-caption alignnone\"><a href=\"https:\/\/d2p6e6u75xmxt8.cloudfront.net\/12\/2022\/12\/Alexandr-Vinokurov-deja-de-ser-el-manager-general-del-Astana-Premier-Tech.webp\"><img loading=\"lazy\" decoding=\"async\" class=\"size-full wp-image-16636\" src=\"https:\/\/d2p6e6u75xmxt8.cloudfront.net\/12\/2022\/12\/Alexandr-Vinokurov-deja-de-ser-el-manager-general-del-Astana-Premier-Tech.webp\" alt=\"\" width=\"1075\" height=\"789\" srcset=\"https:\/\/d2p6e6u75xmxt8.cloudfront.net\/12\/2022\/12\/Alexandr-Vinokurov-deja-de-ser-el-manager-general-del-Astana-Premier-Tech.webp 1075w, https:\/\/d2p6e6u75xmxt8.cloudfront.net\/12\/2022\/12\/Alexandr-Vinokurov-deja-de-ser-el-manager-general-del-Astana-Premier-Tech-300x220.webp 300w, https:\/\/d2p6e6u75xmxt8.cloudfront.net\/12\/2022\/12\/Alexandr-Vinokurov-deja-de-ser-el-manager-general-del-Astana-Premier-Tech-1024x752.webp 1024w, https:\/\/d2p6e6u75xmxt8.cloudfront.net\/12\/2022\/12\/Alexandr-Vinokurov-deja-de-ser-el-manager-general-del-Astana-Premier-Tech-768x564.webp 768w\" sizes=\"auto, (max-width: 1075px) 100vw, 1075px\" \/><\/a><figcaption id=\"caption-attachment-16636\" class=\"wp-caption-text\">Alekszandr Vinokurov meggy\u0151zte Cavendish-t (fot\u00f3: Alexander Vinokurov)<\/figcaption><\/figure>\n<p><span style=\"font-weight: 400;\">A kazah csapat nyilv\u00e1n Cavvel h\u00fazta a legnagyobbat, de rajta k\u00edv\u00fcl is j\u00f3l er\u0151s\u00edtett: a Bahrain-Victorioust\u00f3l elhozott egy m\u00e1sik veter\u00e1n klasszist a 39 \u00e9ves Luis Le\u00f3n S\u00e1nchez szem\u00e9ly\u00e9ben, illetve ugyancsak a Gazzetta \u00e9rtes\u00fcl\u00e9sei szerint az a Cees Bol is n\u00e1luk versenyez j\u00f6v\u0151re, akit Cavendishhez hasonl\u00f3an a B&amp;B Hotelsszel hoztak sz\u00f3ba kor\u00e1bban.<\/span><\/p>\n<p><span style=\"font-weight: 400;\">A j\u00f6v\u0151 \u00e9vi Tour de France idej\u00e9n m\u00e1r 38 \u00e9ves Cavendish jelenleg 34 szakaszgy\u0151zelm\u00e9vel Eddy Merckxszel holtversenyben vezeti az \u00f6r\u00f6kranglist\u00e1t a Tour-etapsikerek sz\u00e1m\u00e1t illet\u0151en, vagyis egyetlen \u00fajabb gy\u0151zelem el\u00e9g lenne neki ahhoz, hogy megd\u00f6ntse a \u201eKannib\u00e1l\u201d sok\u00e1ig megd\u00f6nthetetlennek hitt abszol\u00fat rekordj\u00e1t \u2013 imm\u00e1r \u00fagy t\u0171nik, az Astana mez\u00e9ben pr\u00f3b\u00e1lhat meg a t\u00f6rt\u00e9nelem\u00edr\u00e1ssal.<\/span><\/p>\n<figure id=\"attachment_16637\" aria-describedby=\"caption-attachment-16637\" style=\"width: 1200px\" class=\"wp-caption alignnone\"><a href=\"https:\/\/d2p6e6u75xmxt8.cloudfront.net\/12\/2022\/12\/newFile-8.webp\"><img loading=\"lazy\" decoding=\"async\" class=\"size-full wp-image-16637\" src=\"https:\/\/d2p6e6u75xmxt8.cloudfront.net\/12\/2022\/12\/newFile-8.webp\" alt=\"\" width=\"1200\" height=\"898\" srcset=\"https:\/\/d2p6e6u75xmxt8.cloudfront.net\/12\/2022\/12\/newFile-8.webp 1200w, https:\/\/d2p6e6u75xmxt8.cloudfront.net\/12\/2022\/12\/newFile-8-300x225.webp 300w, https:\/\/d2p6e6u75xmxt8.cloudfront.net\/12\/2022\/12\/newFile-8-1024x766.webp 1024w, https:\/\/d2p6e6u75xmxt8.cloudfront.net\/12\/2022\/12\/newFile-8-768x575.webp 768w\" sizes=\"auto, (max-width: 1200px) 100vw, 1200px\" \/><\/a><figcaption id=\"caption-attachment-16637\" class=\"wp-caption-text\">fot\u00f3: AFP\/Getty<\/figcaption><\/figure>\n","protected":false},"excerpt":{"rendered":"<p>Ha nagy nehezen is, de csak tal\u00e1lt mag\u00e1nak csapatot a Quick-Stept\u0151l t\u00e1voz\u00f3 veter\u00e1n: a mindig j\u00f3l \u00e9rtes\u00fclt La Gazzetta dello [&hellip;]<\/p>\n","protected":false},"author":145,"featured_media":16638,"comment_status":"open","ping_status":"open","sticky":false,"template":"","format":"standard","meta":{"footnotes":""},"categories":[8],"tags":[],"global-categories":[419],"class_list":["post-16635","post","type-post","status-publish","format-standard","has-post-thumbnail","hentry","category-orszaguti-kerekpar","global-categories-cycling"],"yoast_head":"<!-- This site is optimized with the Yoast SEO Premium plugin v25.3 (Yoast SEO v25.9) - https:\/\/yoast.com\/wordpress\/plugins\/seo\/ -->\n<title>Csak megvan Cavendish \u00faj csapata: az Astan\u00e1n\u00e1l folytatja a Tour-rekordra t\u00f6r\u0151 szt\u00e1rsprinter - \u0160koda We Love Cycling - Magyarorsz\u00e1g<\/title>\n<meta name=\"robots\" content=\"index, follow, max-snippet:-1, max-image-preview:large, max-video-preview:-1\" \/>\n<link rel=\"canonical\" href=\"https:\/\/www.welovecycling.com\/hu\/orszaguti-kerekpar\/csak-megvan-cavendish-uj-csapata-az-astananal-folytatja-a-tour-rekordra-toro-sztarsprinter\/\" \/>\n<meta property=\"og:locale\" content=\"hu_HU\" \/>\n<meta property=\"og:type\" content=\"article\" \/>\n<meta property=\"og:title\" content=\"Csak megvan Cavendish \u00faj csapata: az Astan\u00e1n\u00e1l folytatja a Tour-rekordra t\u00f6r\u0151 szt\u00e1rsprinter\" \/>\n<meta property=\"og:description\" content=\"Ha nagy nehezen is, de csak tal\u00e1lt mag\u00e1nak csapatot a Quick-Stept\u0151l t\u00e1voz\u00f3 veter\u00e1n: a mindig j\u00f3l \u00e9rtes\u00fclt La Gazzetta dello [&hellip;]\" \/>\n<meta property=\"og:url\" content=\"https:\/\/www.welovecycling.com\/hu\/orszaguti-kerekpar\/csak-megvan-cavendish-uj-csapata-az-astananal-folytatja-a-tour-rekordra-toro-sztarsprinter\/\" \/>\n<meta property=\"og:site_name\" content=\"\u0160koda We Love Cycling - Magyarorsz\u00e1g\" \/>\n<meta property=\"article:publisher\" content=\"https:\/\/www.facebook.com\/WeLoveCyclingHungary\/\" \/>\n<meta property=\"article:published_time\" content=\"2022-12-19T12:29:57+00:00\" \/>\n<meta property=\"article:modified_time\" content=\"2022-12-19T12:42:10+00:00\" \/>\n<meta property=\"og:image\" content=\"https:\/\/d2p6e6u75xmxt8.cloudfront.net\/12\/2022\/12\/o9jy3N7r3rc9uNJj7ioB9H-1200-80.webp\" \/>\n\t<meta property=\"og:image:width\" content=\"1024\" \/>\n\t<meta property=\"og:image:height\" content=\"683\" \/>\n\t<meta property=\"og:image:type\" content=\"image\/webp\" \/>\n<meta name=\"author\" content=\"kitti\" \/>\n<meta name=\"twitter:card\" content=\"summary_large_image\" \/>\n<meta name=\"twitter:label1\" content=\"Written by\" \/>\n\t<meta name=\"twitter:data1\" content=\"We Love Cycling\" \/>\n\t<meta name=\"twitter:label2\" content=\"Est. reading time\" \/>\n\t<meta name=\"twitter:data2\" content=\"3 minutes\" \/>\n<script type=\"application\/ld+json\" class=\"yoast-schema-graph\">{\"@context\":\"https:\/\/schema.org\",\"@graph\":[{\"@type\":\"WebPage\",\"@id\":\"https:\/\/www.welovecycling.com\/hu\/orszaguti-kerekpar\/csak-megvan-cavendish-uj-csapata-az-astananal-folytatja-a-tour-rekordra-toro-sztarsprinter\/\",\"url\":\"https:\/\/www.welovecycling.com\/hu\/orszaguti-kerekpar\/csak-megvan-cavendish-uj-csapata-az-astananal-folytatja-a-tour-rekordra-toro-sztarsprinter\/\",\"name\":\"Csak megvan Cavendish \u00faj csapata: az Astan\u00e1n\u00e1l folytatja a Tour-rekordra t\u00f6r\u0151 szt\u00e1rsprinter - \u0160koda We Love Cycling - Magyarorsz\u00e1g\",\"isPartOf\":{\"@id\":\"https:\/\/www.welovecycling.com\/hu\/#website\"},\"primaryImageOfPage\":{\"@id\":\"https:\/\/www.welovecycling.com\/hu\/orszaguti-kerekpar\/csak-megvan-cavendish-uj-csapata-az-astananal-folytatja-a-tour-rekordra-toro-sztarsprinter\/#primaryimage\"},\"image\":{\"@id\":\"https:\/\/www.welovecycling.com\/hu\/orszaguti-kerekpar\/csak-megvan-cavendish-uj-csapata-az-astananal-folytatja-a-tour-rekordra-toro-sztarsprinter\/#primaryimage\"},\"thumbnailUrl\":\"https:\/\/d2p6e6u75xmxt8.cloudfront.net\/12\/2022\/12\/o9jy3N7r3rc9uNJj7ioB9H-1200-80.webp\",\"datePublished\":\"2022-12-19T12:29:57+00:00\",\"dateModified\":\"2022-12-19T12:42:10+00:00\",\"author\":{\"@id\":\"https:\/\/www.welovecycling.com\/hu\/#\/schema\/person\/bec7dcdbcc59f58489cf603e4040ced1\"},\"breadcrumb\":{\"@id\":\"https:\/\/www.welovecycling.com\/hu\/orszaguti-kerekpar\/csak-megvan-cavendish-uj-csapata-az-astananal-folytatja-a-tour-rekordra-toro-sztarsprinter\/#breadcrumb\"},\"inLanguage\":\"hu\",\"potentialAction\":[{\"@type\":\"ReadAction\",\"target\":[\"https:\/\/www.welovecycling.com\/hu\/orszaguti-kerekpar\/csak-megvan-cavendish-uj-csapata-az-astananal-folytatja-a-tour-rekordra-toro-sztarsprinter\/\"]}]},{\"@type\":\"ImageObject\",\"inLanguage\":\"hu\",\"@id\":\"https:\/\/www.welovecycling.com\/hu\/orszaguti-kerekpar\/csak-megvan-cavendish-uj-csapata-az-astananal-folytatja-a-tour-rekordra-toro-sztarsprinter\/#primaryimage\",\"url\":\"https:\/\/d2p6e6u75xmxt8.cloudfront.net\/12\/2022\/12\/o9jy3N7r3rc9uNJj7ioB9H-1200-80.webp\",\"contentUrl\":\"https:\/\/d2p6e6u75xmxt8.cloudfront.net\/12\/2022\/12\/o9jy3N7r3rc9uNJj7ioB9H-1200-80.webp\",\"width\":1024,\"height\":683},{\"@type\":\"BreadcrumbList\",\"@id\":\"https:\/\/www.welovecycling.com\/hu\/orszaguti-kerekpar\/csak-megvan-cavendish-uj-csapata-az-astananal-folytatja-a-tour-rekordra-toro-sztarsprinter\/#breadcrumb\",\"itemListElement\":[{\"@type\":\"ListItem\",\"position\":1,\"name\":\"Home\",\"item\":\"https:\/\/www.welovecycling.com\/hu\/\"},{\"@type\":\"ListItem\",\"position\":2,\"name\":\"Csak megvan Cavendish \u00faj csapata: az Astan\u00e1n\u00e1l folytatja a Tour-rekordra t\u00f6r\u0151 szt\u00e1rsprinter\"}]},{\"@type\":\"WebSite\",\"@id\":\"https:\/\/www.welovecycling.com\/hu\/#website\",\"url\":\"https:\/\/www.welovecycling.com\/hu\/\",\"name\":\"\u0160koda We Love Cycling - Magyarorsz\u00e1g\",\"description\":\"\u0160koda WeLoveCycling\",\"potentialAction\":[{\"@type\":\"SearchAction\",\"target\":{\"@type\":\"EntryPoint\",\"urlTemplate\":\"https:\/\/www.welovecycling.com\/hu\/?s={search_term_string}\"},\"query-input\":{\"@type\":\"PropertyValueSpecification\",\"valueRequired\":true,\"valueName\":\"search_term_string\"}}],\"inLanguage\":\"hu\"},{\"@type\":\"Person\",\"@id\":\"https:\/\/www.welovecycling.com\/hu\/#\/schema\/person\/bec7dcdbcc59f58489cf603e4040ced1\",\"name\":\"kitti\",\"image\":{\"@type\":\"ImageObject\",\"inLanguage\":\"hu\",\"@id\":\"https:\/\/www.welovecycling.com\/hu\/#\/schema\/person\/image\/\",\"url\":\"https:\/\/secure.gravatar.com\/avatar\/e3196a110e1b57b96f56d92d10ce9bb4e9d7210076832a16243337e949410b52?s=96&d=mm&r=g\",\"contentUrl\":\"https:\/\/secure.gravatar.com\/avatar\/e3196a110e1b57b96f56d92d10ce9bb4e9d7210076832a16243337e949410b52?s=96&d=mm&r=g\",\"caption\":\"kitti\"},\"url\":\"https:\/\/www.welovecycling.com\/hu\/author\/kitti\/\"}]}<\/script>\n<!-- \/ Yoast SEO Premium plugin. -->","yoast_head_json":{"title":"Csak megvan Cavendish \u00faj csapata: az Astan\u00e1n\u00e1l folytatja a Tour-rekordra t\u00f6r\u0151 szt\u00e1rsprinter - \u0160koda We Love Cycling - Magyarorsz\u00e1g","robots":{"index":"index","follow":"follow","max-snippet":"max-snippet:-1","max-image-preview":"max-image-preview:large","max-video-preview":"max-video-preview:-1"},"canonical":"https:\/\/www.welovecycling.com\/hu\/orszaguti-kerekpar\/csak-megvan-cavendish-uj-csapata-az-astananal-folytatja-a-tour-rekordra-toro-sztarsprinter\/","og_locale":"hu_HU","og_type":"article","og_title":"Csak megvan Cavendish \u00faj csapata: az Astan\u00e1n\u00e1l folytatja a Tour-rekordra t\u00f6r\u0151 szt\u00e1rsprinter","og_description":"Ha nagy nehezen is, de csak tal\u00e1lt mag\u00e1nak csapatot a Quick-Stept\u0151l t\u00e1voz\u00f3 veter\u00e1n: a mindig j\u00f3l \u00e9rtes\u00fclt La Gazzetta dello [&hellip;]","og_url":"https:\/\/www.welovecycling.com\/hu\/orszaguti-kerekpar\/csak-megvan-cavendish-uj-csapata-az-astananal-folytatja-a-tour-rekordra-toro-sztarsprinter\/","og_site_name":"\u0160koda We Love Cycling - Magyarorsz\u00e1g","article_publisher":"https:\/\/www.facebook.com\/WeLoveCyclingHungary\/","article_published_time":"2022-12-19T12:29:57+00:00","article_modified_time":"2022-12-19T12:42:10+00:00","og_image":[{"width":1024,"height":683,"url":"https:\/\/d2p6e6u75xmxt8.cloudfront.net\/12\/2022\/12\/o9jy3N7r3rc9uNJj7ioB9H-1200-80.webp","type":"image\/webp"}],"author":"kitti","twitter_card":"summary_large_image","twitter_misc":{"Written by":"We Love Cycling","Est. reading time":"3 minutes"},"schema":{"@context":"https:\/\/schema.org","@graph":[{"@type":"WebPage","@id":"https:\/\/www.welovecycling.com\/hu\/orszaguti-kerekpar\/csak-megvan-cavendish-uj-csapata-az-astananal-folytatja-a-tour-rekordra-toro-sztarsprinter\/","url":"https:\/\/www.welovecycling.com\/hu\/orszaguti-kerekpar\/csak-megvan-cavendish-uj-csapata-az-astananal-folytatja-a-tour-rekordra-toro-sztarsprinter\/","name":"Csak megvan Cavendish \u00faj csapata: az Astan\u00e1n\u00e1l folytatja a Tour-rekordra t\u00f6r\u0151 szt\u00e1rsprinter - \u0160koda We Love Cycling - Magyarorsz\u00e1g","isPartOf":{"@id":"https:\/\/www.welovecycling.com\/hu\/#website"},"primaryImageOfPage":{"@id":"https:\/\/www.welovecycling.com\/hu\/orszaguti-kerekpar\/csak-megvan-cavendish-uj-csapata-az-astananal-folytatja-a-tour-rekordra-toro-sztarsprinter\/#primaryimage"},"image":{"@id":"https:\/\/www.welovecycling.com\/hu\/orszaguti-kerekpar\/csak-megvan-cavendish-uj-csapata-az-astananal-folytatja-a-tour-rekordra-toro-sztarsprinter\/#primaryimage"},"thumbnailUrl":"https:\/\/d2p6e6u75xmxt8.cloudfront.net\/12\/2022\/12\/o9jy3N7r3rc9uNJj7ioB9H-1200-80.webp","datePublished":"2022-12-19T12:29:57+00:00","dateModified":"2022-12-19T12:42:10+00:00","author":{"@id":"https:\/\/www.welovecycling.com\/hu\/#\/schema\/person\/bec7dcdbcc59f58489cf603e4040ced1"},"breadcrumb":{"@id":"https:\/\/www.welovecycling.com\/hu\/orszaguti-kerekpar\/csak-megvan-cavendish-uj-csapata-az-astananal-folytatja-a-tour-rekordra-toro-sztarsprinter\/#breadcrumb"},"inLanguage":"hu","potentialAction":[{"@type":"ReadAction","target":["https:\/\/www.welovecycling.com\/hu\/orszaguti-kerekpar\/csak-megvan-cavendish-uj-csapata-az-astananal-folytatja-a-tour-rekordra-toro-sztarsprinter\/"]}]},{"@type":"ImageObject","inLanguage":"hu","@id":"https:\/\/www.welovecycling.com\/hu\/orszaguti-kerekpar\/csak-megvan-cavendish-uj-csapata-az-astananal-folytatja-a-tour-rekordra-toro-sztarsprinter\/#primaryimage","url":"https:\/\/d2p6e6u75xmxt8.cloudfront.net\/12\/2022\/12\/o9jy3N7r3rc9uNJj7ioB9H-1200-80.webp","contentUrl":"https:\/\/d2p6e6u75xmxt8.cloudfront.net\/12\/2022\/12\/o9jy3N7r3rc9uNJj7ioB9H-1200-80.webp","width":1024,"height":683},{"@type":"BreadcrumbList","@id":"https:\/\/www.welovecycling.com\/hu\/orszaguti-kerekpar\/csak-megvan-cavendish-uj-csapata-az-astananal-folytatja-a-tour-rekordra-toro-sztarsprinter\/#breadcrumb","itemListElement":[{"@type":"ListItem","position":1,"name":"Home","item":"https:\/\/www.welovecycling.com\/hu\/"},{"@type":"ListItem","position":2,"name":"Csak megvan Cavendish \u00faj csapata: az Astan\u00e1n\u00e1l folytatja a Tour-rekordra t\u00f6r\u0151 szt\u00e1rsprinter"}]},{"@type":"WebSite","@id":"https:\/\/www.welovecycling.com\/hu\/#website","url":"https:\/\/www.welovecycling.com\/hu\/","name":"\u0160koda We Love Cycling - Magyarorsz\u00e1g","description":"\u0160koda WeLoveCycling","potentialAction":[{"@type":"SearchAction","target":{"@type":"EntryPoint","urlTemplate":"https:\/\/www.welovecycling.com\/hu\/?s={search_term_string}"},"query-input":{"@type":"PropertyValueSpecification","valueRequired":true,"valueName":"search_term_string"}}],"inLanguage":"hu"},{"@type":"Person","@id":"https:\/\/www.welovecycling.com\/hu\/#\/schema\/person\/bec7dcdbcc59f58489cf603e4040ced1","name":"kitti","image":{"@type":"ImageObject","inLanguage":"hu","@id":"https:\/\/www.welovecycling.com\/hu\/#\/schema\/person\/image\/","url":"https:\/\/secure.gravatar.com\/avatar\/e3196a110e1b57b96f56d92d10ce9bb4e9d7210076832a16243337e949410b52?s=96&d=mm&r=g","contentUrl":"https:\/\/secure.gravatar.com\/avatar\/e3196a110e1b57b96f56d92d10ce9bb4e9d7210076832a16243337e949410b52?s=96&d=mm&r=g","caption":"kitti"},"url":"https:\/\/www.welovecycling.com\/hu\/author\/kitti\/"}]}},"_links":{"self":[{"href":"https:\/\/www.welovecycling.com\/hu\/wp-json\/wp\/v2\/posts\/16635","targetHints":{"allow":["GET"]}}],"collection":[{"href":"https:\/\/www.welovecycling.com\/hu\/wp-json\/wp\/v2\/posts"}],"about":[{"href":"https:\/\/www.welovecycling.com\/hu\/wp-json\/wp\/v2\/types\/post"}],"author":[{"embeddable":true,"href":"https:\/\/www.welovecycling.com\/hu\/wp-json\/wp\/v2\/users\/145"}],"replies":[{"embeddable":true,"href":"https:\/\/www.welovecycling.com\/hu\/wp-json\/wp\/v2\/comments?post=16635"}],"version-history":[{"count":1,"href":"https:\/\/www.welovecycling.com\/hu\/wp-json\/wp\/v2\/posts\/16635\/revisions"}],"predecessor-version":[{"id":16639,"href":"https:\/\/www.welovecycling.com\/hu\/wp-json\/wp\/v2\/posts\/16635\/revisions\/16639"}],"wp:featuredmedia":[{"embeddable":true,"href":"https:\/\/www.welovecycling.com\/hu\/wp-json\/wp\/v2\/media\/16638"}],"wp:attachment":[{"href":"https:\/\/www.welovecycling.com\/hu\/wp-json\/wp\/v2\/media?parent=16635"}],"wp:term":[{"taxonomy":"category","embeddable":true,"href":"https:\/\/www.welovecycling.com\/hu\/wp-json\/wp\/v2\/categories?post=16635"},{"taxonomy":"post_tag","embeddable":true,"href":"https:\/\/www.welovecycling.com\/hu\/wp-json\/wp\/v2\/tags?post=16635"},{"taxonomy":"global-categories","embeddable":true,"href":"https:\/\/www.welovecycling.com\/hu\/wp-json\/wp\/v2\/global-categories?post=16635"}],"curies":[{"name":"wp","href":"https:\/\/api.w.org\/{rel}","templated":true}]}}