{"id":16630,"date":"2022-12-21T08:00:52","date_gmt":"2022-12-21T06:00:52","guid":{"rendered":"https:\/\/www.welovecycling.com\/hu\/?p=16630"},"modified":"2022-12-16T17:00:23","modified_gmt":"2022-12-16T15:00:23","slug":"ilyen-telen-kerekparozni-finnorszagban","status":"publish","type":"post","link":"https:\/\/www.welovecycling.com\/hu\/kozosseg-es-kultura\/ilyen-telen-kerekparozni-finnorszagban\/","title":{"rendered":"Ilyen t\u00e9len ker\u00e9kp\u00e1rozni Finnorsz\u00e1gban"},"content":{"rendered":"<p><strong>Ha \u00edrnod kellene egy list\u00e1t a legker\u00e9kp\u00e1rosbar\u00e1tabb orsz\u00e1gokr\u00f3l, ne felejtsd el megeml\u00edteni Finnorsz\u00e1got. Hadd adjunk most betekint\u00e9st abba, milyen is a ker\u00e9kp\u00e1roz\u00e1s a b\u00e1tor emberek \u00e9s a sok h\u00f3 orsz\u00e1g\u00e1ban.<\/strong><\/p>\n<p><!--more--><\/p>\n<p>Ez az orsz\u00e1g nem csak a nagyszer\u0171 rally versenyz\u0151knek ad otthont, hanem a h\u0151m\u00e9rs\u00e9klettel szemben igencsak ellen\u00e1ll\u00f3 ker\u00e9kp\u00e1rosoknak is. Ugyanis Joensuu, egy kelet-finnorsz\u00e1gi kisv\u00e1ros lak\u00f3i sz\u00e1m\u00e1ra mit sem sz\u00e1m\u00edt, mikor a h\u0151m\u00e9rs\u00e9klet m\u00ednusz 15 Celsius-fokra cs\u00f6kken. A ny\u00e1ri szezonban a napi utaz\u00e1sok mintegy 20%-\u00e1t ker\u00e9kp\u00e1rral teszik meg a v\u00e1roslak\u00f3k, de nagy r\u00e9sz\u00fck t\u00e9len is kitart\u00f3 marad, hiszen a fagy ellen\u00e9re az emberek 10%-a tov\u00e1bbra is a ker\u00e9kp\u00e1rt haszn\u00e1lja a napi ing\u00e1z\u00e1shoz.<\/p>\n<p>A helyi iskola el\u0151tt \u00e1ll\u00f3 ker\u00e9kp\u00e1rtart\u00f3k teljesen tele vannak a hideg szezonban is. A vil\u00e1g m\u00e1s r\u00e9szeir\u0151l ide l\u00e1togat\u00f3k sz\u00e1m\u00e1ra meglep\u0151, hogy az emberek t\u00falnyom\u00f3 t\u00f6bbs\u00e9ge k\u00f6z\u00f6ns\u00e9ges gumival ell\u00e1tott ker\u00e9kp\u00e1rokat haszn\u00e1l a havon val\u00f3 k\u00f6zleked\u00e9shez.<\/p>\n<p>Joensuu-ban ugyanazokat a traktorokat haszn\u00e1lj\u00e1k a k\u00f6zutak \u00e9s a ker\u00e9kp\u00e1rutak tiszt\u00edt\u00e1s\u00e1ra. A lap\u00e1tok eltolj\u00e1k a friss havat, \u00e9s bar\u00e1zd\u00e1lj\u00e1k a fel\u00fcletet, hogy az kev\u00e9sb\u00e9 legyen cs\u00fasz\u00f3s. A helyi ker\u00e9kp\u00e1rosok szerint a havon t\u00f6rt\u00e9n\u0151 ker\u00e9kp\u00e1roz\u00e1s k\u00e9nyelmes \u00e9s biztons\u00e1gos mindaddig, am\u00edg a h\u0151m\u00e9rs\u00e9klet nem emelkedik nulla fok f\u00f6l\u00e9, amikor is az olvad\u00f3 h\u00f3 latyakk\u00e1 v\u00e1ltozik, majd az \u00fajrafagy\u00e1s k\u00f6vetkezt\u00e9ben egy \u00e9jszaka alatt tiszta j\u00e9gg\u00e9 v\u00e1lik. Ha ez megt\u00f6rt\u00e9nik, a j\u00e9gen m\u00e1r csak f\u00e9mszegecsekkel ell\u00e1tott gumikkal felszerelt ker\u00e9kp\u00e1rokkal lehet tekerni.<\/p>\n<figure id=\"attachment_16631\" aria-describedby=\"caption-attachment-16631\" style=\"width: 1000px\" class=\"wp-caption alignnone\"><a href=\"https:\/\/d2p6e6u75xmxt8.cloudfront.net\/12\/2022\/12\/Snowed-in-bicycles-Finland-Helsinki-profimedia-0664438130.webp\"><img loading=\"lazy\" decoding=\"async\" class=\"size-full wp-image-16631\" src=\"https:\/\/d2p6e6u75xmxt8.cloudfront.net\/12\/2022\/12\/Snowed-in-bicycles-Finland-Helsinki-profimedia-0664438130.webp\" alt=\"Snowed in bicycles\" width=\"1000\" height=\"666\" srcset=\"https:\/\/d2p6e6u75xmxt8.cloudfront.net\/12\/2022\/12\/Snowed-in-bicycles-Finland-Helsinki-profimedia-0664438130.webp 1000w, https:\/\/d2p6e6u75xmxt8.cloudfront.net\/12\/2022\/12\/Snowed-in-bicycles-Finland-Helsinki-profimedia-0664438130-300x200.webp 300w, https:\/\/d2p6e6u75xmxt8.cloudfront.net\/12\/2022\/12\/Snowed-in-bicycles-Finland-Helsinki-profimedia-0664438130-768x511.webp 768w, https:\/\/d2p6e6u75xmxt8.cloudfront.net\/12\/2022\/12\/Snowed-in-bicycles-Finland-Helsinki-profimedia-0664438130-272x182.webp 272w\" sizes=\"auto, (max-width: 1000px) 100vw, 1000px\" \/><\/a><figcaption id=\"caption-attachment-16631\" class=\"wp-caption-text\"><em>Finnorsz\u00e1g Eur\u00f3pa egyik legker\u00e9kp\u00e1rosbar\u00e1tabb orsz\u00e1ga. \u00a9 Profimedia<\/em><\/figcaption><\/figure>\n<p>M\u00e9g Oulut, \u00c9szak-Finnorsz\u00e1g egyik legn\u00e9pesebb v\u00e1ros\u00e1t is \u00e9vente \u00f6t h\u00f3napig h\u00f3 bor\u00edtja. De a hossz\u00fa, hideg \u00e9s s\u00f6t\u00e9t t\u00e9l ellen\u00e9re az emberek itt is k\u00e9t ker\u00e9ken tekernek a munk\u00e1ba vagy az iskol\u00e1ba. A helyi hat\u00f3s\u00e1gok becsl\u00e9se szerint az \u00f6sszes t\u00e9li \u00fat 12%-\u00e1t ker\u00e9kp\u00e1rosok haszn\u00e1lj\u00e1k, ami 3%-kal t\u00f6bb, mint a d\u00e9lebbre fekv\u0151 f\u0151v\u00e1rosban, Helsinkiben.<\/p>\n<p>De mi\u00e9rt ker\u00e9kp\u00e1roznak olyan sokan Finnorsz\u00e1gban m\u00e9g az \u00e9v leghidegebb id\u0151szak\u00e1ban is? Ennek egyik oka, hogy az emberek itt b\u00edzhatnak abban, hogy m\u00e9g a reggeli cs\u00facsforgalom el\u0151tt megtiszt\u00edtj\u00e1k az \u00f6sszes f\u0151 ker\u00e9kp\u00e1rutat. Az ouluiak err\u0151l egy, az \u00fatvonalak \u00e1llapot\u00e1t val\u00f3s id\u0151ben mutat\u00f3 digit\u00e1lis t\u00e9rk\u00e9p seg\u00edts\u00e9g\u00e9vel szereznek tudom\u00e1st, de a &#8220;ker\u00e9kp\u00e1ros \u00fcgyn\u00f6k\u00f6knek&#8221; nevezett ing\u00e1z\u00f3k is rendszeresen besz\u00e1molnak arr\u00f3l, hogy mennyire vannak karbantartva az utak. A helyi ing\u00e1z\u00f3k egyet\u00e9rtenek abban, hogy az alacsony h\u0151m\u00e9rs\u00e9klet\u0171, sz\u00e1raz t\u00e9l alkalmasabb a ker\u00e9kp\u00e1roz\u00e1sra, mint az Eur\u00f3pa d\u00e9lebbi r\u00e9szein gyakori havas, es\u0151s id\u0151j\u00e1r\u00e1s. A t\u00e9l ezen k\u00edv\u00fcl tov\u00e1bbi el\u0151ny\u00f6kkel is j\u00e1r. A h\u00f3 p\u00e9ld\u00e1ul kit\u00f6lti a k\u00e1ty\u00fakat, \u00e9s k\u00e9nyelmesebb\u00e9 teszi az utaz\u00e1st, mint a sima aszfalt. A h\u00f3kotr\u00f3k pedig gyakran a ker\u00e9kp\u00e1r\u00fatn\u00e1l sz\u00e9lesebb ter\u00fcletet tiszt\u00edtanak meg, \u00edgy t\u00f6bb hely \u00e1ll rendelkez\u00e9sre a ker\u00e9kp\u00e1roz\u00e1shoz.<\/p>\n<p>Csak \u00edgy tov\u00e1bb Finnorsz\u00e1g!<\/p>\n","protected":false},"excerpt":{"rendered":"<p>Ha \u00edrnod kellene egy list\u00e1t a legker\u00e9kp\u00e1rosbar\u00e1tabb orsz\u00e1gokr\u00f3l, ne felejtsd el megeml\u00edteni Finnorsz\u00e1got. Hadd adjunk most betekint\u00e9st abba, milyen is [&hellip;]<\/p>\n","protected":false},"author":71,"featured_media":16633,"comment_status":"open","ping_status":"open","sticky":false,"template":"","format":"standard","meta":{"footnotes":""},"categories":[12],"tags":[],"global-categories":[],"class_list":["post-16630","post","type-post","status-publish","format-standard","has-post-thumbnail","hentry","category-kozosseg-es-kultura"],"yoast_head":"<!-- This site is optimized with the Yoast SEO Premium plugin v25.3 (Yoast SEO v25.9) - https:\/\/yoast.com\/wordpress\/plugins\/seo\/ -->\n<title>Ilyen t\u00e9len ker\u00e9kp\u00e1rozni Finnorsz\u00e1gban<\/title>\n<meta name=\"description\" content=\"Ha \u00edrnod kellene egy list\u00e1t a legker\u00e9kp\u00e1rosbar\u00e1tabb orsz\u00e1gokr\u00f3l, ne felejtsd el megeml\u00edteni Finnorsz\u00e1got. Hadd adjunk most betekint\u00e9st abba, milyen is a ker\u00e9kp\u00e1roz\u00e1s a b\u00e1tor emberek \u00e9s a sok h\u00f3 orsz\u00e1g\u00e1ban.\" \/>\n<meta name=\"robots\" content=\"index, follow, max-snippet:-1, max-image-preview:large, max-video-preview:-1\" \/>\n<link rel=\"canonical\" href=\"https:\/\/www.welovecycling.com\/hu\/kozosseg-es-kultura\/ilyen-telen-kerekparozni-finnorszagban\/\" \/>\n<meta property=\"og:locale\" content=\"hu_HU\" \/>\n<meta property=\"og:type\" content=\"article\" \/>\n<meta property=\"og:title\" content=\"Ilyen t\u00e9len ker\u00e9kp\u00e1rozni Finnorsz\u00e1gban\" \/>\n<meta property=\"og:description\" content=\"Ha \u00edrnod kellene egy list\u00e1t a legker\u00e9kp\u00e1rosbar\u00e1tabb orsz\u00e1gokr\u00f3l, ne felejtsd el megeml\u00edteni Finnorsz\u00e1got. Hadd adjunk most betekint\u00e9st abba, milyen is a ker\u00e9kp\u00e1roz\u00e1s a b\u00e1tor emberek \u00e9s a sok h\u00f3 orsz\u00e1g\u00e1ban.\" \/>\n<meta property=\"og:url\" content=\"https:\/\/www.welovecycling.com\/hu\/kozosseg-es-kultura\/ilyen-telen-kerekparozni-finnorszagban\/\" \/>\n<meta property=\"og:site_name\" content=\"\u0160koda We Love Cycling - Magyarorsz\u00e1g\" \/>\n<meta property=\"article:publisher\" content=\"https:\/\/www.facebook.com\/WeLoveCyclingHungary\/\" \/>\n<meta property=\"article:published_time\" content=\"2022-12-21T06:00:52+00:00\" \/>\n<meta property=\"og:image\" content=\"https:\/\/d2p6e6u75xmxt8.cloudfront.net\/12\/2022\/12\/Bicycle-Lapland-profimedia-0159469690-CVR.webp\" \/>\n\t<meta property=\"og:image:width\" content=\"990\" \/>\n\t<meta property=\"og:image:height\" content=\"660\" \/>\n\t<meta property=\"og:image:type\" content=\"image\/webp\" \/>\n<meta name=\"author\" content=\"hegyizs\" \/>\n<meta name=\"twitter:card\" content=\"summary_large_image\" \/>\n<meta name=\"twitter:label1\" content=\"Written by\" \/>\n\t<meta name=\"twitter:data1\" content=\"Adam Marsal\" \/>\n\t<meta name=\"twitter:label2\" content=\"Est. reading time\" \/>\n\t<meta name=\"twitter:data2\" content=\"3 minutes\" \/>\n<script type=\"application\/ld+json\" class=\"yoast-schema-graph\">{\"@context\":\"https:\/\/schema.org\",\"@graph\":[{\"@type\":\"WebPage\",\"@id\":\"https:\/\/www.welovecycling.com\/hu\/kozosseg-es-kultura\/ilyen-telen-kerekparozni-finnorszagban\/\",\"url\":\"https:\/\/www.welovecycling.com\/hu\/kozosseg-es-kultura\/ilyen-telen-kerekparozni-finnorszagban\/\",\"name\":\"Ilyen t\u00e9len ker\u00e9kp\u00e1rozni Finnorsz\u00e1gban\",\"isPartOf\":{\"@id\":\"https:\/\/www.welovecycling.com\/hu\/#website\"},\"primaryImageOfPage\":{\"@id\":\"https:\/\/www.welovecycling.com\/hu\/kozosseg-es-kultura\/ilyen-telen-kerekparozni-finnorszagban\/#primaryimage\"},\"image\":{\"@id\":\"https:\/\/www.welovecycling.com\/hu\/kozosseg-es-kultura\/ilyen-telen-kerekparozni-finnorszagban\/#primaryimage\"},\"thumbnailUrl\":\"https:\/\/d2p6e6u75xmxt8.cloudfront.net\/12\/2022\/12\/Bicycle-Lapland-profimedia-0159469690-CVR.webp\",\"datePublished\":\"2022-12-21T06:00:52+00:00\",\"author\":{\"@id\":\"https:\/\/www.welovecycling.com\/hu\/#\/schema\/person\/414a2aebf1801691a5320edb6468e194\"},\"description\":\"Ha \u00edrnod kellene egy list\u00e1t a legker\u00e9kp\u00e1rosbar\u00e1tabb orsz\u00e1gokr\u00f3l, ne felejtsd el megeml\u00edteni Finnorsz\u00e1got. Hadd adjunk most betekint\u00e9st abba, milyen is a ker\u00e9kp\u00e1roz\u00e1s a b\u00e1tor emberek \u00e9s a sok h\u00f3 orsz\u00e1g\u00e1ban.\",\"breadcrumb\":{\"@id\":\"https:\/\/www.welovecycling.com\/hu\/kozosseg-es-kultura\/ilyen-telen-kerekparozni-finnorszagban\/#breadcrumb\"},\"inLanguage\":\"hu\",\"potentialAction\":[{\"@type\":\"ReadAction\",\"target\":[\"https:\/\/www.welovecycling.com\/hu\/kozosseg-es-kultura\/ilyen-telen-kerekparozni-finnorszagban\/\"]}]},{\"@type\":\"ImageObject\",\"inLanguage\":\"hu\",\"@id\":\"https:\/\/www.welovecycling.com\/hu\/kozosseg-es-kultura\/ilyen-telen-kerekparozni-finnorszagban\/#primaryimage\",\"url\":\"https:\/\/d2p6e6u75xmxt8.cloudfront.net\/12\/2022\/12\/Bicycle-Lapland-profimedia-0159469690-CVR.webp\",\"contentUrl\":\"https:\/\/d2p6e6u75xmxt8.cloudfront.net\/12\/2022\/12\/Bicycle-Lapland-profimedia-0159469690-CVR.webp\",\"width\":990,\"height\":660,\"caption\":\"A bicycle in Lapland\"},{\"@type\":\"BreadcrumbList\",\"@id\":\"https:\/\/www.welovecycling.com\/hu\/kozosseg-es-kultura\/ilyen-telen-kerekparozni-finnorszagban\/#breadcrumb\",\"itemListElement\":[{\"@type\":\"ListItem\",\"position\":1,\"name\":\"Home\",\"item\":\"https:\/\/www.welovecycling.com\/hu\/\"},{\"@type\":\"ListItem\",\"position\":2,\"name\":\"Ilyen t\u00e9len ker\u00e9kp\u00e1rozni Finnorsz\u00e1gban\"}]},{\"@type\":\"WebSite\",\"@id\":\"https:\/\/www.welovecycling.com\/hu\/#website\",\"url\":\"https:\/\/www.welovecycling.com\/hu\/\",\"name\":\"\u0160koda We Love Cycling - Magyarorsz\u00e1g\",\"description\":\"\u0160koda WeLoveCycling\",\"potentialAction\":[{\"@type\":\"SearchAction\",\"target\":{\"@type\":\"EntryPoint\",\"urlTemplate\":\"https:\/\/www.welovecycling.com\/hu\/?s={search_term_string}\"},\"query-input\":{\"@type\":\"PropertyValueSpecification\",\"valueRequired\":true,\"valueName\":\"search_term_string\"}}],\"inLanguage\":\"hu\"},{\"@type\":\"Person\",\"@id\":\"https:\/\/www.welovecycling.com\/hu\/#\/schema\/person\/414a2aebf1801691a5320edb6468e194\",\"name\":\"hegyizs\",\"image\":{\"@type\":\"ImageObject\",\"inLanguage\":\"hu\",\"@id\":\"https:\/\/www.welovecycling.com\/hu\/#\/schema\/person\/image\/\",\"url\":\"https:\/\/secure.gravatar.com\/avatar\/02cf8a7906b8cf90cecb4679defac7cfd33a1c2e3b88e4903d947f3bb58eedd3?s=96&d=mm&r=g\",\"contentUrl\":\"https:\/\/secure.gravatar.com\/avatar\/02cf8a7906b8cf90cecb4679defac7cfd33a1c2e3b88e4903d947f3bb58eedd3?s=96&d=mm&r=g\",\"caption\":\"hegyizs\"},\"url\":\"https:\/\/www.welovecycling.com\/hu\/author\/hegyizs\/\"}]}<\/script>\n<!-- \/ Yoast SEO Premium plugin. -->","yoast_head_json":{"title":"Ilyen t\u00e9len ker\u00e9kp\u00e1rozni Finnorsz\u00e1gban","description":"Ha \u00edrnod kellene egy list\u00e1t a legker\u00e9kp\u00e1rosbar\u00e1tabb orsz\u00e1gokr\u00f3l, ne felejtsd el megeml\u00edteni Finnorsz\u00e1got. Hadd adjunk most betekint\u00e9st abba, milyen is a ker\u00e9kp\u00e1roz\u00e1s a b\u00e1tor emberek \u00e9s a sok h\u00f3 orsz\u00e1g\u00e1ban.","robots":{"index":"index","follow":"follow","max-snippet":"max-snippet:-1","max-image-preview":"max-image-preview:large","max-video-preview":"max-video-preview:-1"},"canonical":"https:\/\/www.welovecycling.com\/hu\/kozosseg-es-kultura\/ilyen-telen-kerekparozni-finnorszagban\/","og_locale":"hu_HU","og_type":"article","og_title":"Ilyen t\u00e9len ker\u00e9kp\u00e1rozni Finnorsz\u00e1gban","og_description":"Ha \u00edrnod kellene egy list\u00e1t a legker\u00e9kp\u00e1rosbar\u00e1tabb orsz\u00e1gokr\u00f3l, ne felejtsd el megeml\u00edteni Finnorsz\u00e1got. Hadd adjunk most betekint\u00e9st abba, milyen is a ker\u00e9kp\u00e1roz\u00e1s a b\u00e1tor emberek \u00e9s a sok h\u00f3 orsz\u00e1g\u00e1ban.","og_url":"https:\/\/www.welovecycling.com\/hu\/kozosseg-es-kultura\/ilyen-telen-kerekparozni-finnorszagban\/","og_site_name":"\u0160koda We Love Cycling - Magyarorsz\u00e1g","article_publisher":"https:\/\/www.facebook.com\/WeLoveCyclingHungary\/","article_published_time":"2022-12-21T06:00:52+00:00","og_image":[{"width":990,"height":660,"url":"https:\/\/d2p6e6u75xmxt8.cloudfront.net\/12\/2022\/12\/Bicycle-Lapland-profimedia-0159469690-CVR.webp","type":"image\/webp"}],"author":"hegyizs","twitter_card":"summary_large_image","twitter_misc":{"Written by":"Adam Marsal","Est. reading time":"3 minutes"},"schema":{"@context":"https:\/\/schema.org","@graph":[{"@type":"WebPage","@id":"https:\/\/www.welovecycling.com\/hu\/kozosseg-es-kultura\/ilyen-telen-kerekparozni-finnorszagban\/","url":"https:\/\/www.welovecycling.com\/hu\/kozosseg-es-kultura\/ilyen-telen-kerekparozni-finnorszagban\/","name":"Ilyen t\u00e9len ker\u00e9kp\u00e1rozni Finnorsz\u00e1gban","isPartOf":{"@id":"https:\/\/www.welovecycling.com\/hu\/#website"},"primaryImageOfPage":{"@id":"https:\/\/www.welovecycling.com\/hu\/kozosseg-es-kultura\/ilyen-telen-kerekparozni-finnorszagban\/#primaryimage"},"image":{"@id":"https:\/\/www.welovecycling.com\/hu\/kozosseg-es-kultura\/ilyen-telen-kerekparozni-finnorszagban\/#primaryimage"},"thumbnailUrl":"https:\/\/d2p6e6u75xmxt8.cloudfront.net\/12\/2022\/12\/Bicycle-Lapland-profimedia-0159469690-CVR.webp","datePublished":"2022-12-21T06:00:52+00:00","author":{"@id":"https:\/\/www.welovecycling.com\/hu\/#\/schema\/person\/414a2aebf1801691a5320edb6468e194"},"description":"Ha \u00edrnod kellene egy list\u00e1t a legker\u00e9kp\u00e1rosbar\u00e1tabb orsz\u00e1gokr\u00f3l, ne felejtsd el megeml\u00edteni Finnorsz\u00e1got. Hadd adjunk most betekint\u00e9st abba, milyen is a ker\u00e9kp\u00e1roz\u00e1s a b\u00e1tor emberek \u00e9s a sok h\u00f3 orsz\u00e1g\u00e1ban.","breadcrumb":{"@id":"https:\/\/www.welovecycling.com\/hu\/kozosseg-es-kultura\/ilyen-telen-kerekparozni-finnorszagban\/#breadcrumb"},"inLanguage":"hu","potentialAction":[{"@type":"ReadAction","target":["https:\/\/www.welovecycling.com\/hu\/kozosseg-es-kultura\/ilyen-telen-kerekparozni-finnorszagban\/"]}]},{"@type":"ImageObject","inLanguage":"hu","@id":"https:\/\/www.welovecycling.com\/hu\/kozosseg-es-kultura\/ilyen-telen-kerekparozni-finnorszagban\/#primaryimage","url":"https:\/\/d2p6e6u75xmxt8.cloudfront.net\/12\/2022\/12\/Bicycle-Lapland-profimedia-0159469690-CVR.webp","contentUrl":"https:\/\/d2p6e6u75xmxt8.cloudfront.net\/12\/2022\/12\/Bicycle-Lapland-profimedia-0159469690-CVR.webp","width":990,"height":660,"caption":"A bicycle in Lapland"},{"@type":"BreadcrumbList","@id":"https:\/\/www.welovecycling.com\/hu\/kozosseg-es-kultura\/ilyen-telen-kerekparozni-finnorszagban\/#breadcrumb","itemListElement":[{"@type":"ListItem","position":1,"name":"Home","item":"https:\/\/www.welovecycling.com\/hu\/"},{"@type":"ListItem","position":2,"name":"Ilyen t\u00e9len ker\u00e9kp\u00e1rozni Finnorsz\u00e1gban"}]},{"@type":"WebSite","@id":"https:\/\/www.welovecycling.com\/hu\/#website","url":"https:\/\/www.welovecycling.com\/hu\/","name":"\u0160koda We Love Cycling - Magyarorsz\u00e1g","description":"\u0160koda WeLoveCycling","potentialAction":[{"@type":"SearchAction","target":{"@type":"EntryPoint","urlTemplate":"https:\/\/www.welovecycling.com\/hu\/?s={search_term_string}"},"query-input":{"@type":"PropertyValueSpecification","valueRequired":true,"valueName":"search_term_string"}}],"inLanguage":"hu"},{"@type":"Person","@id":"https:\/\/www.welovecycling.com\/hu\/#\/schema\/person\/414a2aebf1801691a5320edb6468e194","name":"hegyizs","image":{"@type":"ImageObject","inLanguage":"hu","@id":"https:\/\/www.welovecycling.com\/hu\/#\/schema\/person\/image\/","url":"https:\/\/secure.gravatar.com\/avatar\/02cf8a7906b8cf90cecb4679defac7cfd33a1c2e3b88e4903d947f3bb58eedd3?s=96&d=mm&r=g","contentUrl":"https:\/\/secure.gravatar.com\/avatar\/02cf8a7906b8cf90cecb4679defac7cfd33a1c2e3b88e4903d947f3bb58eedd3?s=96&d=mm&r=g","caption":"hegyizs"},"url":"https:\/\/www.welovecycling.com\/hu\/author\/hegyizs\/"}]}},"_links":{"self":[{"href":"https:\/\/www.welovecycling.com\/hu\/wp-json\/wp\/v2\/posts\/16630","targetHints":{"allow":["GET"]}}],"collection":[{"href":"https:\/\/www.welovecycling.com\/hu\/wp-json\/wp\/v2\/posts"}],"about":[{"href":"https:\/\/www.welovecycling.com\/hu\/wp-json\/wp\/v2\/types\/post"}],"author":[{"embeddable":true,"href":"https:\/\/www.welovecycling.com\/hu\/wp-json\/wp\/v2\/users\/71"}],"replies":[{"embeddable":true,"href":"https:\/\/www.welovecycling.com\/hu\/wp-json\/wp\/v2\/comments?post=16630"}],"version-history":[{"count":2,"href":"https:\/\/www.welovecycling.com\/hu\/wp-json\/wp\/v2\/posts\/16630\/revisions"}],"predecessor-version":[{"id":16634,"href":"https:\/\/www.welovecycling.com\/hu\/wp-json\/wp\/v2\/posts\/16630\/revisions\/16634"}],"wp:featuredmedia":[{"embeddable":true,"href":"https:\/\/www.welovecycling.com\/hu\/wp-json\/wp\/v2\/media\/16633"}],"wp:attachment":[{"href":"https:\/\/www.welovecycling.com\/hu\/wp-json\/wp\/v2\/media?parent=16630"}],"wp:term":[{"taxonomy":"category","embeddable":true,"href":"https:\/\/www.welovecycling.com\/hu\/wp-json\/wp\/v2\/categories?post=16630"},{"taxonomy":"post_tag","embeddable":true,"href":"https:\/\/www.welovecycling.com\/hu\/wp-json\/wp\/v2\/tags?post=16630"},{"taxonomy":"global-categories","embeddable":true,"href":"https:\/\/www.welovecycling.com\/hu\/wp-json\/wp\/v2\/global-categories?post=16630"}],"curies":[{"name":"wp","href":"https:\/\/api.w.org\/{rel}","templated":true}]}}