{"id":16620,"date":"2022-12-20T08:00:23","date_gmt":"2022-12-20T06:00:23","guid":{"rendered":"https:\/\/www.welovecycling.com\/hu\/?p=16620"},"modified":"2022-12-16T16:25:15","modified_gmt":"2022-12-16T14:25:15","slug":"okos-dolog-olcso-teli-gumikat-venni","status":"publish","type":"post","link":"https:\/\/www.welovecycling.com\/hu\/biztonsag\/okos-dolog-olcso-teli-gumikat-venni\/","title":{"rendered":"Okos dolog olcs\u00f3 t\u00e9li gumikat venni?"},"content":{"rendered":"<p><strong>Az olcs\u00f3 dolgok v\u00e9g\u00fcl gyakran sokkal t\u00f6bbe ker\u00fclhetnek, mint amennyit sp\u00f3rolt\u00e1l a megv\u00e1s\u00e1rl\u00e1sukkor. Ez k\u00fcl\u00f6n\u00f6sen igaz, mikor a ker\u00e9kp\u00e1r t\u00e9li gumijair\u00f3l besz\u00e9l\u00fcnk. Ez egy befektet\u00e9s, ami a biztons\u00e1gosabb ker\u00e9kp\u00e1ros k\u00f6zleked\u00e9st szolg\u00e1lja. Ha az eg\u00e9szet f\u00e9lv\u00e1llr\u00f3l veszed, az k\u00e9s\u0151bb sokba ker\u00fclhet neked.<\/strong><\/p>\n<p><!--more--><\/p>\n<h2><strong>Mi\u00e9rt van sz\u00fcks\u00e9g t\u00e9li gumikra? <\/strong><\/h2>\n<p>A ny\u00e1ri gumik l\u00e1gyabb kever\u00e9kb\u0151l k\u00e9sz\u00fclnek, melyek jobb tapad\u00e1st \u00e9s nagyobb sebess\u00e9get biztos\u00edtanak, mikor a talaj kiss\u00e9 meleg. Emellett a ny\u00e1ri MTB-gumik fut\u00f3fel\u00fcletei kisebbek \u00e9s a rajtuk l\u00e9v\u0151 b\u00fctyk\u00f6k m\u00e1shogy helyezkednek el, mint a t\u00e9li gumik eset\u00e9ben. T\u00e9len a talaj, ak\u00e1r hiszed, ak\u00e1r nem, sokkal kev\u00e9sb\u00e9 melegszik, \u00edgy a ny\u00e1ri abroncsokn\u00e1l haszn\u00e1lt l\u00e1gy kever\u00e9k sokkal kev\u00e9sb\u00e9 megb\u00edzhat\u00f3 a tapad\u00e1s \u00e9s a stabilit\u00e1s szempontj\u00e1b\u00f3l.<\/p>\n<p>Ez\u00e9rt, ak\u00e1rcsak egy aut\u00f3n\u00e1l, a hidegebb h\u00f3napokban kem\u00e9nyebb kever\u00e9kb\u0151l k\u00e9sz\u00fclt gumikra kell v\u00e1ltani, melyek extra tapad\u00e1st biztos\u00edtanak a nedves, havas terepeken. Egy ker\u00e9kp\u00e1r eset\u00e9ben ez nagyobb fut\u00f3fel\u00fcleteket jelent, melyeket kifejezetten arra terveztek, hogy kiv\u00e1l\u00f3 tapad\u00e1st biztos\u00edtsanak a s\u00e1ros vagy kem\u00e9ny utakon. Ezek egyr\u00e9szt \u00f6ntiszt\u00edt\u00f3 k\u00e9pess\u00e9ggel rendelkeznek, m\u00e1sr\u00e9szt lehet\u0151v\u00e9 teszik, hogy meg\u0151rizd az egyens\u00falyod, mikor cs\u00fasz\u00f3s \u00e9s nedves talajon tekersz. Ez nem csak biztons\u00e1gosabb\u00e1, de stabilabb\u00e1 is teszi a ker\u00e9kp\u00e1roz\u00e1st, aminek k\u00f6sz\u00f6nhet\u0151en magabiztosabban gyors\u00edthatsz, \u00edgy jobban fogod \u00e9lvezni a t\u00far\u00e1kat.<\/p>\n<h2><strong>Mire figyelj, amikor t\u00e9li gumit veszel?<\/strong><\/h2>\n<p>\u00c1ltal\u00e1ban nem olyan neh\u00e9z megtal\u00e1lni a megfelel\u0151 t\u00e9li gumiabroncsot. Mind\u00f6ssze arra kell \u00fcgyelned, hogy a gumi olyan kem\u00e9ny kever\u00e9kkel rendelkezzen, ami biztos\u00edtja, hogy akkor is a ker\u00e9kp\u00e1ron maradj, ha a talaj puh\u00e1bb\u00e1 \u00e9s hidegebb\u00e9 v\u00e1lik. Az is fontos, hogy t\u00f6bb kem\u00e9ny b\u00fcty\u00f6k legyen rajta, mint egy ny\u00e1ri ker\u00e9ken, ugyanis ez biztos\u00edtja a megfelel\u0151 tapad\u00e1st, ami ahhoz kell, hogy egy \u00e9les kanyar bev\u00e9telekor is az \u00f6sv\u00e9nyen maradj. V\u00e9gezet\u00fcl, a j\u00f3 abroncs garant\u00e1lja a s\u00e1rleperget\u00e9st. Hidd el, nincs ann\u00e1l frusztr\u00e1l\u00f3bb, mint amikor k\u00e9t-h\u00e1rom percenk\u00e9nt meg kell tiszt\u00edtani a gumikat a s\u00e1rt\u00f3l. Az ezeken k\u00edv\u00fcli apr\u00f3bb k\u00fcl\u00f6nbs\u00e9geket egy hozz\u00e1\u00e9rt\u0151 szem\u00e9ly seg\u00edts\u00e9ge n\u00e9lk\u00fcl m\u00e1r nem k\u00f6nny\u0171 \u00e9szrevenni, ez\u00e9rt jobb, ha ink\u00e1bb ragaszkodsz az \u00e1ltalad ismert, bev\u00e1lt m\u00e1rk\u00e1khoz.<\/p>\n<figure id=\"attachment_16621\" aria-describedby=\"caption-attachment-16621\" style=\"width: 1000px\" class=\"wp-caption alignnone\"><a href=\"https:\/\/d2p6e6u75xmxt8.cloudfront.net\/12\/2022\/12\/Winter-cycling-profimedia-0385572587.webp\"><img loading=\"lazy\" decoding=\"async\" class=\"wp-image-16621 size-full\" src=\"https:\/\/d2p6e6u75xmxt8.cloudfront.net\/12\/2022\/12\/Winter-cycling-profimedia-0385572587.webp\" alt=\"Winter cycling\" width=\"1000\" height=\"563\" srcset=\"https:\/\/d2p6e6u75xmxt8.cloudfront.net\/12\/2022\/12\/Winter-cycling-profimedia-0385572587.webp 1000w, https:\/\/d2p6e6u75xmxt8.cloudfront.net\/12\/2022\/12\/Winter-cycling-profimedia-0385572587-300x169.webp 300w, https:\/\/d2p6e6u75xmxt8.cloudfront.net\/12\/2022\/12\/Winter-cycling-profimedia-0385572587-768x432.webp 768w\" sizes=\"auto, (max-width: 1000px) 100vw, 1000px\" \/><\/a><figcaption id=\"caption-attachment-16621\" class=\"wp-caption-text\"><em>K\u00e9tkerek\u0171 bar\u00e1tod nem csak meg\u00e9rdemel egy p\u00e1r t\u00e9li gumiabroncsot, de ha azt szeretn\u00e9d, hogy biztosan tartson t\u00e9ged, \u00e9s ne mer\u00fclj el egy s\u00e1ros pocsoly\u00e1ban az els\u0151 t\u00e9li t\u00far\u00e1don, mindenk\u00e9ppen ki kell el\u00e9g\u00edtened ezt az ig\u00e9ny\u00e9t. \u00a9 Profimedia <\/em><\/figcaption><\/figure>\n<h2><strong>Mi\u00e9rt rossz \u00f6tlet olcs\u00f3 t\u00e9li gumikat tenni a ker\u00e9kp\u00e1rodra?<\/strong><\/h2>\n<p>Sz\u00e1mos oka van annak, mi\u00e9rt kell kicsit m\u00e9lyebbre ny\u00falnod a p\u00e9nzt\u00e1rc\u00e1dban, mikor t\u00e9li gumit veszel &#8211; \u00e9s a biztons\u00e1g a lista \u00e9l\u00e9n \u00e1ll. Az olcs\u00f3bb abroncsok a legkellemetlenebb pillanatban \u00e9lhetnek vissza a bizalmaddal, \u00e1ltal\u00e1ban pont akkor, amikor a legnagyobb sz\u00fcks\u00e9ged lenne r\u00e1juk. Sokszor sajnos alig, vagy egy\u00e1ltal\u00e1n nem ellen\u0151rzik azoknak az anyagoknak a min\u0151s\u00e9get, amit a gumik belsej\u00e9be tesznek. Egyes esetekben m\u00e9g r\u00e9gi teheraut\u00f3k vagy szem\u00e9lyg\u00e9pkocsik gumij\u00e1t is felhaszn\u00e1lj\u00e1k a ker\u00e9kp\u00e1rgumikhoz, ami sajnos nem adja meg azt a tart\u00f3ss\u00e1got, min\u0151s\u00e9get \u00e9s stabilit\u00e1st, amire sz\u00fcks\u00e9ged lenne a lejt\u0151k\u00f6n val\u00f3 sz\u00e1guldoz\u00e1sokhoz.<\/p>\n<p>Ebb\u0151l kifoly\u00f3lag egy olcs\u00f3bb alternat\u00edva v\u00e9g\u00fcl val\u00f3sz\u00edn\u0171leg t\u00f6bbe fog ker\u00fclni, mivel sokkal gyorsabban elhaszn\u00e1l\u00f3dik majd, k\u00fcl\u00f6n\u00f6sen olyan esetekben, mikor a gumiabroncsot r\u00e9gi vagy \u00fajrahasznos\u00edtott anyagokb\u00f3l gy\u00e1rtott\u00e1k. Tov\u00e1bb\u00e1, mivel a kever\u00e9k m\u00e1r &#8220;ki\u00e9gett&#8221;, a tart\u00f3ss\u00e1ga is l\u00e9nyegesen rosszabb lesz, ami m\u00e1r n\u00e9h\u00e1ny gurul\u00e1s ut\u00e1n meg fog mutatkozni. A b\u00fctyk\u00f6k is j\u00f3val gyorsabban el fognak haszn\u00e1l\u00f3dni, \u00edgy a kerekek haszn\u00e1lhatatlanok lesznek a t\u00e9li t\u00far\u00e1kon.<\/p>\n<p>A tapad\u00e1s er\u0151sen f\u00fcgg a gumikever\u00e9kt\u0151l. Ha olcs\u00f3 gumit haszn\u00e1lsz, drasztikusan cs\u00f6kkenni fog a tapad\u00e1s. Ez\u00e1ltal lassulni fogsz, a teker\u00e9s pedig jelent\u0151sen t\u00f6bb energi\u00e1t fog ig\u00e9nyelni.<\/p>\n<p>Ne feledd, hogy a gumiabroncs \u00e1ra \u00e1ltal\u00e1ban szorosan \u00f6sszef\u00fcgg a gy\u00e1rt\u00e1s sor\u00e1n felhaszn\u00e1lt anyagok min\u0151s\u00e9g\u00e9vel. Az olcs\u00f3 ker\u00e9kp\u00e1rkerekek rosszabb min\u0151s\u00e9g\u0171ek \u00e9s kevesebb b\u00fcty\u00f6kkel rendelkeznek, ami miatt sokkal kev\u00e9sb\u00e9 b\u00edzhatsz benn\u00fck p\u00e9ld\u00e1ul egy lejtmenet sor\u00e1n.<\/p>\n<h2><strong>Sz\u00f3val, okos dolog olcs\u00f3 t\u00e9li gumikat venni?<\/strong><\/h2>\n<p>Alapvet\u0151en nem. Az olcs\u00f3 gumik kock\u00e1zatos befektet\u00e9snek sz\u00e1m\u00edtanak, \u00e9s jelent\u0151s hat\u00e1ssal lehetnek a ker\u00e9kp\u00e1roz\u00e1si \u00e9lm\u00e9nyre, a ker\u00e9kp\u00e1r ir\u00e1ny\u00edt\u00e1s\u00e1ra \u00e9s a teker\u00e9shez sz\u00fcks\u00e9ges energi\u00e1ra. Az ilyen gumik egyetlen pozit\u00edvuma, hogy egy kicsit olcs\u00f3bbak, de a kerekek am\u00fagy sem a legdr\u00e1g\u00e1bb alkatr\u00e9szek a ker\u00e9kp\u00e1rodon, sz\u00f3val mi\u00e9rt fukarkodn\u00e1l valamivel, ami ennyire fontos, \u00e9s nem is olyan k\u00f6lts\u00e9ges? Ink\u00e1bb aj\u00e1nd\u00e9kozd meg megb\u00edzhat\u00f3 k\u00e9tkerek\u0171 bar\u00e1todat egy sz\u00e9p \u00e9s tart\u00f3s t\u00e9li gumival. Tudod, hogy meg\u00e9rdemli, ahogyan Te is.<\/p>\n","protected":false},"excerpt":{"rendered":"<p>Az olcs\u00f3 dolgok v\u00e9g\u00fcl gyakran sokkal t\u00f6bbe ker\u00fclhetnek, mint amennyit sp\u00f3rolt\u00e1l a megv\u00e1s\u00e1rl\u00e1sukkor. Ez k\u00fcl\u00f6n\u00f6sen igaz, mikor a ker\u00e9kp\u00e1r t\u00e9li [&hellip;]<\/p>\n","protected":false},"author":71,"featured_media":16623,"comment_status":"open","ping_status":"open","sticky":false,"template":"","format":"standard","meta":{"footnotes":""},"categories":[10],"tags":[],"global-categories":[],"class_list":["post-16620","post","type-post","status-publish","format-standard","has-post-thumbnail","hentry","category-biztonsag"],"yoast_head":"<!-- This site is optimized with the Yoast SEO Premium plugin v25.3 (Yoast SEO v25.9) - https:\/\/yoast.com\/wordpress\/plugins\/seo\/ -->\n<title>Okos dolog olcs\u00f3 t\u00e9li gumikat venni?<\/title>\n<meta name=\"description\" content=\"Az olcs\u00f3 dolgok v\u00e9g\u00fcl gyakran sokkal t\u00f6bbe ker\u00fclhetnek, mint amennyit sp\u00f3rolt\u00e1l a megv\u00e1s\u00e1rl\u00e1sukkor. Ez k\u00fcl\u00f6n\u00f6sen igaz, mikor a ker\u00e9kp\u00e1r t\u00e9li gumijair\u00f3l besz\u00e9l\u00fcnk. Ez egy befektet\u00e9s, ami a biztons\u00e1gosabb ker\u00e9kp\u00e1ros k\u00f6zleked\u00e9st szolg\u00e1lja. Ha az eg\u00e9szet f\u00e9lv\u00e1llr\u00f3l veszed, az k\u00e9s\u0151bb sokba ker\u00fclhet neked.\" \/>\n<meta name=\"robots\" content=\"index, follow, max-snippet:-1, max-image-preview:large, max-video-preview:-1\" \/>\n<link rel=\"canonical\" href=\"https:\/\/www.welovecycling.com\/hu\/biztonsag\/okos-dolog-olcso-teli-gumikat-venni\/\" \/>\n<meta property=\"og:locale\" content=\"hu_HU\" \/>\n<meta property=\"og:type\" content=\"article\" \/>\n<meta property=\"og:title\" content=\"Okos dolog olcs\u00f3 t\u00e9li gumikat venni?\" \/>\n<meta property=\"og:description\" content=\"Az olcs\u00f3 dolgok v\u00e9g\u00fcl gyakran sokkal t\u00f6bbe ker\u00fclhetnek, mint amennyit sp\u00f3rolt\u00e1l a megv\u00e1s\u00e1rl\u00e1sukkor. Ez k\u00fcl\u00f6n\u00f6sen igaz, mikor a ker\u00e9kp\u00e1r t\u00e9li gumijair\u00f3l besz\u00e9l\u00fcnk. Ez egy befektet\u00e9s, ami a biztons\u00e1gosabb ker\u00e9kp\u00e1ros k\u00f6zleked\u00e9st szolg\u00e1lja. Ha az eg\u00e9szet f\u00e9lv\u00e1llr\u00f3l veszed, az k\u00e9s\u0151bb sokba ker\u00fclhet neked.\" \/>\n<meta property=\"og:url\" content=\"https:\/\/www.welovecycling.com\/hu\/biztonsag\/okos-dolog-olcso-teli-gumikat-venni\/\" \/>\n<meta property=\"og:site_name\" content=\"\u0160koda We Love Cycling - Magyarorsz\u00e1g\" \/>\n<meta property=\"article:publisher\" content=\"https:\/\/www.facebook.com\/WeLoveCyclingHungary\/\" \/>\n<meta property=\"article:published_time\" content=\"2022-12-20T06:00:23+00:00\" \/>\n<meta property=\"og:image\" content=\"https:\/\/d2p6e6u75xmxt8.cloudfront.net\/12\/2022\/12\/Winter-MTB-profimedia-0739003975-CVR.webp\" \/>\n\t<meta property=\"og:image:width\" content=\"990\" \/>\n\t<meta property=\"og:image:height\" content=\"660\" \/>\n\t<meta property=\"og:image:type\" content=\"image\/webp\" \/>\n<meta name=\"author\" content=\"hegyizs\" \/>\n<meta name=\"twitter:card\" content=\"summary_large_image\" \/>\n<meta name=\"twitter:label1\" content=\"Written by\" \/>\n\t<meta name=\"twitter:data1\" content=\"Martin Atanasov\" \/>\n\t<meta name=\"twitter:label2\" content=\"Est. reading time\" \/>\n\t<meta name=\"twitter:data2\" content=\"6\" \/>\n<script type=\"application\/ld+json\" class=\"yoast-schema-graph\">{\"@context\":\"https:\/\/schema.org\",\"@graph\":[{\"@type\":\"WebPage\",\"@id\":\"https:\/\/www.welovecycling.com\/hu\/biztonsag\/okos-dolog-olcso-teli-gumikat-venni\/\",\"url\":\"https:\/\/www.welovecycling.com\/hu\/biztonsag\/okos-dolog-olcso-teli-gumikat-venni\/\",\"name\":\"Okos dolog olcs\u00f3 t\u00e9li gumikat venni?\",\"isPartOf\":{\"@id\":\"https:\/\/www.welovecycling.com\/hu\/#website\"},\"primaryImageOfPage\":{\"@id\":\"https:\/\/www.welovecycling.com\/hu\/biztonsag\/okos-dolog-olcso-teli-gumikat-venni\/#primaryimage\"},\"image\":{\"@id\":\"https:\/\/www.welovecycling.com\/hu\/biztonsag\/okos-dolog-olcso-teli-gumikat-venni\/#primaryimage\"},\"thumbnailUrl\":\"https:\/\/d2p6e6u75xmxt8.cloudfront.net\/12\/2022\/12\/Winter-MTB-profimedia-0739003975-CVR.webp\",\"datePublished\":\"2022-12-20T06:00:23+00:00\",\"author\":{\"@id\":\"https:\/\/www.welovecycling.com\/hu\/#\/schema\/person\/414a2aebf1801691a5320edb6468e194\"},\"description\":\"Az olcs\u00f3 dolgok v\u00e9g\u00fcl gyakran sokkal t\u00f6bbe ker\u00fclhetnek, mint amennyit sp\u00f3rolt\u00e1l a megv\u00e1s\u00e1rl\u00e1sukkor. Ez k\u00fcl\u00f6n\u00f6sen igaz, mikor a ker\u00e9kp\u00e1r t\u00e9li gumijair\u00f3l besz\u00e9l\u00fcnk. Ez egy befektet\u00e9s, ami a biztons\u00e1gosabb ker\u00e9kp\u00e1ros k\u00f6zleked\u00e9st szolg\u00e1lja. Ha az eg\u00e9szet f\u00e9lv\u00e1llr\u00f3l veszed, az k\u00e9s\u0151bb sokba ker\u00fclhet neked.\",\"breadcrumb\":{\"@id\":\"https:\/\/www.welovecycling.com\/hu\/biztonsag\/okos-dolog-olcso-teli-gumikat-venni\/#breadcrumb\"},\"inLanguage\":\"hu\",\"potentialAction\":[{\"@type\":\"ReadAction\",\"target\":[\"https:\/\/www.welovecycling.com\/hu\/biztonsag\/okos-dolog-olcso-teli-gumikat-venni\/\"]}]},{\"@type\":\"ImageObject\",\"inLanguage\":\"hu\",\"@id\":\"https:\/\/www.welovecycling.com\/hu\/biztonsag\/okos-dolog-olcso-teli-gumikat-venni\/#primaryimage\",\"url\":\"https:\/\/d2p6e6u75xmxt8.cloudfront.net\/12\/2022\/12\/Winter-MTB-profimedia-0739003975-CVR.webp\",\"contentUrl\":\"https:\/\/d2p6e6u75xmxt8.cloudfront.net\/12\/2022\/12\/Winter-MTB-profimedia-0739003975-CVR.webp\",\"width\":990,\"height\":660,\"caption\":\"Winter mountain biking\"},{\"@type\":\"BreadcrumbList\",\"@id\":\"https:\/\/www.welovecycling.com\/hu\/biztonsag\/okos-dolog-olcso-teli-gumikat-venni\/#breadcrumb\",\"itemListElement\":[{\"@type\":\"ListItem\",\"position\":1,\"name\":\"Home\",\"item\":\"https:\/\/www.welovecycling.com\/hu\/\"},{\"@type\":\"ListItem\",\"position\":2,\"name\":\"Okos dolog olcs\u00f3 t\u00e9li gumikat venni?\"}]},{\"@type\":\"WebSite\",\"@id\":\"https:\/\/www.welovecycling.com\/hu\/#website\",\"url\":\"https:\/\/www.welovecycling.com\/hu\/\",\"name\":\"\u0160koda We Love Cycling - Magyarorsz\u00e1g\",\"description\":\"\u0160koda WeLoveCycling\",\"potentialAction\":[{\"@type\":\"SearchAction\",\"target\":{\"@type\":\"EntryPoint\",\"urlTemplate\":\"https:\/\/www.welovecycling.com\/hu\/?s={search_term_string}\"},\"query-input\":{\"@type\":\"PropertyValueSpecification\",\"valueRequired\":true,\"valueName\":\"search_term_string\"}}],\"inLanguage\":\"hu\"},{\"@type\":\"Person\",\"@id\":\"https:\/\/www.welovecycling.com\/hu\/#\/schema\/person\/414a2aebf1801691a5320edb6468e194\",\"name\":\"hegyizs\",\"image\":{\"@type\":\"ImageObject\",\"inLanguage\":\"hu\",\"@id\":\"https:\/\/www.welovecycling.com\/hu\/#\/schema\/person\/image\/\",\"url\":\"https:\/\/secure.gravatar.com\/avatar\/02cf8a7906b8cf90cecb4679defac7cfd33a1c2e3b88e4903d947f3bb58eedd3?s=96&d=mm&r=g\",\"contentUrl\":\"https:\/\/secure.gravatar.com\/avatar\/02cf8a7906b8cf90cecb4679defac7cfd33a1c2e3b88e4903d947f3bb58eedd3?s=96&d=mm&r=g\",\"caption\":\"hegyizs\"},\"url\":\"https:\/\/www.welovecycling.com\/hu\/author\/hegyizs\/\"}]}<\/script>\n<!-- \/ Yoast SEO Premium plugin. -->","yoast_head_json":{"title":"Okos dolog olcs\u00f3 t\u00e9li gumikat venni?","description":"Az olcs\u00f3 dolgok v\u00e9g\u00fcl gyakran sokkal t\u00f6bbe ker\u00fclhetnek, mint amennyit sp\u00f3rolt\u00e1l a megv\u00e1s\u00e1rl\u00e1sukkor. Ez k\u00fcl\u00f6n\u00f6sen igaz, mikor a ker\u00e9kp\u00e1r t\u00e9li gumijair\u00f3l besz\u00e9l\u00fcnk. Ez egy befektet\u00e9s, ami a biztons\u00e1gosabb ker\u00e9kp\u00e1ros k\u00f6zleked\u00e9st szolg\u00e1lja. Ha az eg\u00e9szet f\u00e9lv\u00e1llr\u00f3l veszed, az k\u00e9s\u0151bb sokba ker\u00fclhet neked.","robots":{"index":"index","follow":"follow","max-snippet":"max-snippet:-1","max-image-preview":"max-image-preview:large","max-video-preview":"max-video-preview:-1"},"canonical":"https:\/\/www.welovecycling.com\/hu\/biztonsag\/okos-dolog-olcso-teli-gumikat-venni\/","og_locale":"hu_HU","og_type":"article","og_title":"Okos dolog olcs\u00f3 t\u00e9li gumikat venni?","og_description":"Az olcs\u00f3 dolgok v\u00e9g\u00fcl gyakran sokkal t\u00f6bbe ker\u00fclhetnek, mint amennyit sp\u00f3rolt\u00e1l a megv\u00e1s\u00e1rl\u00e1sukkor. Ez k\u00fcl\u00f6n\u00f6sen igaz, mikor a ker\u00e9kp\u00e1r t\u00e9li gumijair\u00f3l besz\u00e9l\u00fcnk. Ez egy befektet\u00e9s, ami a biztons\u00e1gosabb ker\u00e9kp\u00e1ros k\u00f6zleked\u00e9st szolg\u00e1lja. Ha az eg\u00e9szet f\u00e9lv\u00e1llr\u00f3l veszed, az k\u00e9s\u0151bb sokba ker\u00fclhet neked.","og_url":"https:\/\/www.welovecycling.com\/hu\/biztonsag\/okos-dolog-olcso-teli-gumikat-venni\/","og_site_name":"\u0160koda We Love Cycling - Magyarorsz\u00e1g","article_publisher":"https:\/\/www.facebook.com\/WeLoveCyclingHungary\/","article_published_time":"2022-12-20T06:00:23+00:00","og_image":[{"width":990,"height":660,"url":"https:\/\/d2p6e6u75xmxt8.cloudfront.net\/12\/2022\/12\/Winter-MTB-profimedia-0739003975-CVR.webp","type":"image\/webp"}],"author":"hegyizs","twitter_card":"summary_large_image","twitter_misc":{"Written by":"Martin Atanasov","Est. reading time":"6"},"schema":{"@context":"https:\/\/schema.org","@graph":[{"@type":"WebPage","@id":"https:\/\/www.welovecycling.com\/hu\/biztonsag\/okos-dolog-olcso-teli-gumikat-venni\/","url":"https:\/\/www.welovecycling.com\/hu\/biztonsag\/okos-dolog-olcso-teli-gumikat-venni\/","name":"Okos dolog olcs\u00f3 t\u00e9li gumikat venni?","isPartOf":{"@id":"https:\/\/www.welovecycling.com\/hu\/#website"},"primaryImageOfPage":{"@id":"https:\/\/www.welovecycling.com\/hu\/biztonsag\/okos-dolog-olcso-teli-gumikat-venni\/#primaryimage"},"image":{"@id":"https:\/\/www.welovecycling.com\/hu\/biztonsag\/okos-dolog-olcso-teli-gumikat-venni\/#primaryimage"},"thumbnailUrl":"https:\/\/d2p6e6u75xmxt8.cloudfront.net\/12\/2022\/12\/Winter-MTB-profimedia-0739003975-CVR.webp","datePublished":"2022-12-20T06:00:23+00:00","author":{"@id":"https:\/\/www.welovecycling.com\/hu\/#\/schema\/person\/414a2aebf1801691a5320edb6468e194"},"description":"Az olcs\u00f3 dolgok v\u00e9g\u00fcl gyakran sokkal t\u00f6bbe ker\u00fclhetnek, mint amennyit sp\u00f3rolt\u00e1l a megv\u00e1s\u00e1rl\u00e1sukkor. Ez k\u00fcl\u00f6n\u00f6sen igaz, mikor a ker\u00e9kp\u00e1r t\u00e9li gumijair\u00f3l besz\u00e9l\u00fcnk. Ez egy befektet\u00e9s, ami a biztons\u00e1gosabb ker\u00e9kp\u00e1ros k\u00f6zleked\u00e9st szolg\u00e1lja. Ha az eg\u00e9szet f\u00e9lv\u00e1llr\u00f3l veszed, az k\u00e9s\u0151bb sokba ker\u00fclhet neked.","breadcrumb":{"@id":"https:\/\/www.welovecycling.com\/hu\/biztonsag\/okos-dolog-olcso-teli-gumikat-venni\/#breadcrumb"},"inLanguage":"hu","potentialAction":[{"@type":"ReadAction","target":["https:\/\/www.welovecycling.com\/hu\/biztonsag\/okos-dolog-olcso-teli-gumikat-venni\/"]}]},{"@type":"ImageObject","inLanguage":"hu","@id":"https:\/\/www.welovecycling.com\/hu\/biztonsag\/okos-dolog-olcso-teli-gumikat-venni\/#primaryimage","url":"https:\/\/d2p6e6u75xmxt8.cloudfront.net\/12\/2022\/12\/Winter-MTB-profimedia-0739003975-CVR.webp","contentUrl":"https:\/\/d2p6e6u75xmxt8.cloudfront.net\/12\/2022\/12\/Winter-MTB-profimedia-0739003975-CVR.webp","width":990,"height":660,"caption":"Winter mountain biking"},{"@type":"BreadcrumbList","@id":"https:\/\/www.welovecycling.com\/hu\/biztonsag\/okos-dolog-olcso-teli-gumikat-venni\/#breadcrumb","itemListElement":[{"@type":"ListItem","position":1,"name":"Home","item":"https:\/\/www.welovecycling.com\/hu\/"},{"@type":"ListItem","position":2,"name":"Okos dolog olcs\u00f3 t\u00e9li gumikat venni?"}]},{"@type":"WebSite","@id":"https:\/\/www.welovecycling.com\/hu\/#website","url":"https:\/\/www.welovecycling.com\/hu\/","name":"\u0160koda We Love Cycling - Magyarorsz\u00e1g","description":"\u0160koda WeLoveCycling","potentialAction":[{"@type":"SearchAction","target":{"@type":"EntryPoint","urlTemplate":"https:\/\/www.welovecycling.com\/hu\/?s={search_term_string}"},"query-input":{"@type":"PropertyValueSpecification","valueRequired":true,"valueName":"search_term_string"}}],"inLanguage":"hu"},{"@type":"Person","@id":"https:\/\/www.welovecycling.com\/hu\/#\/schema\/person\/414a2aebf1801691a5320edb6468e194","name":"hegyizs","image":{"@type":"ImageObject","inLanguage":"hu","@id":"https:\/\/www.welovecycling.com\/hu\/#\/schema\/person\/image\/","url":"https:\/\/secure.gravatar.com\/avatar\/02cf8a7906b8cf90cecb4679defac7cfd33a1c2e3b88e4903d947f3bb58eedd3?s=96&d=mm&r=g","contentUrl":"https:\/\/secure.gravatar.com\/avatar\/02cf8a7906b8cf90cecb4679defac7cfd33a1c2e3b88e4903d947f3bb58eedd3?s=96&d=mm&r=g","caption":"hegyizs"},"url":"https:\/\/www.welovecycling.com\/hu\/author\/hegyizs\/"}]}},"_links":{"self":[{"href":"https:\/\/www.welovecycling.com\/hu\/wp-json\/wp\/v2\/posts\/16620","targetHints":{"allow":["GET"]}}],"collection":[{"href":"https:\/\/www.welovecycling.com\/hu\/wp-json\/wp\/v2\/posts"}],"about":[{"href":"https:\/\/www.welovecycling.com\/hu\/wp-json\/wp\/v2\/types\/post"}],"author":[{"embeddable":true,"href":"https:\/\/www.welovecycling.com\/hu\/wp-json\/wp\/v2\/users\/71"}],"replies":[{"embeddable":true,"href":"https:\/\/www.welovecycling.com\/hu\/wp-json\/wp\/v2\/comments?post=16620"}],"version-history":[{"count":2,"href":"https:\/\/www.welovecycling.com\/hu\/wp-json\/wp\/v2\/posts\/16620\/revisions"}],"predecessor-version":[{"id":16624,"href":"https:\/\/www.welovecycling.com\/hu\/wp-json\/wp\/v2\/posts\/16620\/revisions\/16624"}],"wp:featuredmedia":[{"embeddable":true,"href":"https:\/\/www.welovecycling.com\/hu\/wp-json\/wp\/v2\/media\/16623"}],"wp:attachment":[{"href":"https:\/\/www.welovecycling.com\/hu\/wp-json\/wp\/v2\/media?parent=16620"}],"wp:term":[{"taxonomy":"category","embeddable":true,"href":"https:\/\/www.welovecycling.com\/hu\/wp-json\/wp\/v2\/categories?post=16620"},{"taxonomy":"post_tag","embeddable":true,"href":"https:\/\/www.welovecycling.com\/hu\/wp-json\/wp\/v2\/tags?post=16620"},{"taxonomy":"global-categories","embeddable":true,"href":"https:\/\/www.welovecycling.com\/hu\/wp-json\/wp\/v2\/global-categories?post=16620"}],"curies":[{"name":"wp","href":"https:\/\/api.w.org\/{rel}","templated":true}]}}