{"id":16609,"date":"2023-01-04T08:00:45","date_gmt":"2023-01-04T06:00:45","guid":{"rendered":"https:\/\/www.welovecycling.com\/hu\/?p=16609"},"modified":"2022-12-16T16:36:50","modified_gmt":"2022-12-16T14:36:50","slug":"melyik-grand-tour-trofea-tetszik-a-legjobban","status":"publish","type":"post","link":"https:\/\/www.welovecycling.com\/hu\/orszaguti-kerekpar\/melyik-grand-tour-trofea-tetszik-a-legjobban\/","title":{"rendered":"Melyik Grand Tour-tr\u00f3fea tetszik a legjobban?"},"content":{"rendered":"<p><strong>N\u00e9zed a Grand Tour-okat? Ki tud nemet mondani ezekre az epikus versenyekre \u00e9s a vicces \u2013 s\u00e1ros macskak\u00f6ves utakt\u00f3l \u00e9s poros kavicsos szakaszokt\u00f3l megjelen\u0151 \u2013 mos\u00f3medve arcokra? Vagy a k\u00e9pekre, amiken a mez\u0151ny olyan kanyarg\u00f3s utakon z\u00fag lefel\u00e9, melyek fest\u0151i falvakon \u00e9s gy\u00f6ny\u00f6r\u0171, sz\u0151l\u0151skertekkel \u00e9s \u00e9p\u00edt\u00e9szeti kincsekkel szeg\u00e9lyezett, hull\u00e1mz\u00f3 t\u00e1jakon vezetnek kereszt\u00fcl?<\/strong><\/p>\n<p><!--more--><\/p>\n<p>Ezek a versenyek rengeteg izgalmat \u00e9s nagyszer\u0171 sz\u00f3rakoz\u00e1si lehet\u0151s\u00e9get biztos\u00edtanak, a k\u00fczdelem v\u00e9g\u00e9n pedig valaki mindig hazavisz egy leny\u0171g\u00f6z\u0151 tr\u00f3fe\u00e1t. Te mennyit tudsz a Grand Tour kup\u00e1kr\u00f3l, \u00e9s melyik tetszik a legjobban? N\u00e9zz\u00fck a jel\u00f6lteket.<\/p>\n<h2><strong>Tour de France<\/strong><\/h2>\n<p>A Tour de France-tr\u00f3fea neve Coupe Omnisports. Roger Vieillard tervezte 1971-ben, miut\u00e1n Val\u00e9ry Giscard d&#8217;Estaing francia eln\u00f6k (1974-1981) felk\u00e9rte, hogy \u00faj\u00edtsa meg az \u00e1llam \u00e1ltal felaj\u00e1nlott hivatalos darabokat. Az alapelk\u00e9pzel\u00e9s szerint a tr\u00f3fe\u00e1kb\u00f3l nem csak a Tour-gy\u0151ztesek, hanem az \u00e9llovasok is kaptak volna.<\/p>\n<p>1971 el\u0151ttr\u0151l nincsenek arra utal\u00f3 bizony\u00edt\u00e9kok, hogy a TDF-gy\u0151zteseket tr\u00f3fe\u00e1val jutalmazt\u00e1k volna. A versenyz\u0151k akkoriban ink\u00e1bb a nyilv\u00e1nos dics\u0151s\u00e9g\u00e9rt, az anyagi jutalom\u00e9rt \u00e9s a s\u00e1rga trik\u00f3\u00e9rt k\u00fczd\u00f6ttek. 1930-1961 \u00e9s 1967-1968 k\u00f6z\u00f6tt a nemzeti csapatok a Challenge International nev\u0171 csapatmin\u0151s\u00edt\u0151 tr\u00f3fe\u00e1\u00e9rt versenyeztek, amely k\u00e9s\u0151bb a Coupe Omnisports alapj\u00e1ul szolg\u00e1lt. A k\u00e9t kupa k\u00f6zti els\u0151dleges k\u00fcl\u00f6nbs\u00e9g, hogy a Challenge International f\u00e9mb\u0151l volt kov\u00e1csolva, nem pedig ker\u00e1mi\u00e1b\u00f3l.<\/p>\n<p>A mai ker\u00e1mia Coupe Omnisportot a Manufacture National de S\u00e8vres k\u00e9sz\u00edti a Szajna partj\u00e1n, n\u00e9h\u00e1ny kilom\u00e9terre P\u00e1rizst\u00f3l. A v\u00e1llalat mai napig a francia korm\u00e1ny hivatalos porcel\u00e1nsz\u00e1ll\u00edt\u00f3ja &#8211; p\u00e9ld\u00e1ul az Elys\u00e9e-ben (az eln\u00f6ki rezidenci\u00e1n) az \u00e1llami vacsor\u00e1k alkalm\u00e1val is finom S\u00e8vres porcel\u00e1n \u00e9tk\u00e9szleteket haszn\u00e1lnak.<\/p>\n<figure id=\"attachment_16613\" aria-describedby=\"caption-attachment-16613\" style=\"width: 1020px\" class=\"wp-caption alignnone\"><img loading=\"lazy\" decoding=\"async\" class=\"size-full wp-image-16613\" src=\"https:\/\/d2p6e6u75xmxt8.cloudfront.net\/12\/2022\/12\/image.webp\" alt=\"\" width=\"1020\" height=\"708\" srcset=\"https:\/\/d2p6e6u75xmxt8.cloudfront.net\/12\/2022\/12\/image.webp 1020w, https:\/\/d2p6e6u75xmxt8.cloudfront.net\/12\/2022\/12\/image-300x208.webp 300w, https:\/\/d2p6e6u75xmxt8.cloudfront.net\/12\/2022\/12\/image-768x533.webp 768w\" sizes=\"auto, (max-width: 1020px) 100vw, 1020px\" \/><figcaption id=\"caption-attachment-16613\" class=\"wp-caption-text\">Bradley Wiggins, a 2012-es Tour gy\u0151ztese. Fot\u00f3: Jerome Prevost<\/figcaption><\/figure>\n<p>A kup\u00e1n, a k\u00e9zzel festett, 24 kar\u00e1tos arany r\u00e9szletek kontrasztjak\u00e9nt haszn\u00e1lt gy\u00f6ny\u00f6r\u0171 m\u00e9lyk\u00e9k sz\u00ednt &#8220;le bleu de S\u00e8vres&#8221; (azaz S\u00e8vres-k\u00e9k) n\u00e9ven ismerik. Ez a sz\u00edn a S\u00e8vres saj\u00e1tja, \u00e9s mag\u00e1t a manufakt\u00far\u00e1t, valamint Franciaorsz\u00e1got szimboliz\u00e1lja. A gy\u0151ztes ma m\u00e1r minden \u00e9vben kap egy ilyen gy\u00f6ny\u00f6r\u0171 kup\u00e1t, de ez nem volt mindig \u00edgy.<\/p>\n<p>A Tour de France gy\u0151zteseket csak 1975-t\u0151l kezdt\u00e9k el tr\u00f3fe\u00e1val jutalmazni. Hogy mi\u00e9rt? Az egyik elm\u00e9let szerint az\u00e9rt, mert a Grande Boucle abban az \u00e9vben \u00e9rt el\u0151sz\u00f6r c\u00e9lba a Champs-\u00c9lys\u00e9es-n. Egy m\u00e1sik te\u00f3ria szerint pedig az\u00e9rt, mert ekkor Bernard Th\u00e9venet v\u00e9gre legy\u0151zte Eddy Merckx-et, v\u00e9get vetve ezzel a francia Tour nyolc\u00e9ves veres\u00e9gsorozat\u00e1nak, \u00e9s helyre\u00e1ll\u00edtva a nemzeti b\u00fcszkes\u00e9get.<\/p>\n<figure id=\"attachment_16614\" aria-describedby=\"caption-attachment-16614\" style=\"width: 1024px\" class=\"wp-caption alignnone\"><img loading=\"lazy\" decoding=\"async\" class=\"size-large wp-image-16614\" src=\"https:\/\/d2p6e6u75xmxt8.cloudfront.net\/12\/2022\/12\/Vingegaard-Tour-de-France-lion-profimedia-0709657136-1-1024x738.webp\" alt=\"\" width=\"1024\" height=\"738\" srcset=\"https:\/\/d2p6e6u75xmxt8.cloudfront.net\/12\/2022\/12\/Vingegaard-Tour-de-France-lion-profimedia-0709657136-1-1024x738.webp 1024w, https:\/\/d2p6e6u75xmxt8.cloudfront.net\/12\/2022\/12\/Vingegaard-Tour-de-France-lion-profimedia-0709657136-1-300x216.webp 300w, https:\/\/d2p6e6u75xmxt8.cloudfront.net\/12\/2022\/12\/Vingegaard-Tour-de-France-lion-profimedia-0709657136-1-768x554.webp 768w, https:\/\/d2p6e6u75xmxt8.cloudfront.net\/12\/2022\/12\/Vingegaard-Tour-de-France-lion-profimedia-0709657136-1.webp 1250w\" sizes=\"auto, (max-width: 1024px) 100vw, 1024px\" \/><figcaption id=\"caption-attachment-16614\" class=\"wp-caption-text\">A j\u00e1t\u00e9k oroszl\u00e1n egy m\u00e1sik Tour de France-tr\u00f3fea a s\u00e1rga trik\u00f3 birtokos\u00e1nak. \u00a9 Profimedia<\/figcaption><\/figure>\n<h2><strong>A TdF b\u00f3nusz<\/strong><\/h2>\n<p>Napjainkban a Coupe Omnisport mellett a bajnoki trik\u00f3k (s\u00e1rga, p\u00f6tty\u00f6s, z\u00f6ld \u00e9s feh\u00e9r) birtokosai egy csod\u00e1latos b\u00f3nusz tr\u00f3fe\u00e1t kapnak aj\u00e1nd\u00e9kba a verseny egyik legr\u00e9gibb szponzor\u00e1t\u00f3l, a \u0160koda-t\u00f3l. Ezek a kup\u00e1k egyben m\u0171alkot\u00e1sok is, melyek az 1670-es \u00e9vek \u00f3ta alkot\u00f3 cseh krist\u00e1lygy\u00e1rt\u00f3k \u00fcgyess\u00e9g\u00e9t, kifinomults\u00e1g\u00e1t \u00e9s tehets\u00e9g\u00e9t t\u00fckr\u00f6zik.<\/p>\n<figure id=\"attachment_16615\" aria-describedby=\"caption-attachment-16615\" style=\"width: 1024px\" class=\"wp-caption alignnone\"><img loading=\"lazy\" decoding=\"async\" class=\"size-large wp-image-16615\" src=\"https:\/\/d2p6e6u75xmxt8.cloudfront.net\/12\/2022\/12\/cover_03-1-1920x960-1-1024x512.webp\" alt=\"\" width=\"1024\" height=\"512\" srcset=\"https:\/\/d2p6e6u75xmxt8.cloudfront.net\/12\/2022\/12\/cover_03-1-1920x960-1-1024x512.webp 1024w, https:\/\/d2p6e6u75xmxt8.cloudfront.net\/12\/2022\/12\/cover_03-1-1920x960-1-300x150.webp 300w, https:\/\/d2p6e6u75xmxt8.cloudfront.net\/12\/2022\/12\/cover_03-1-1920x960-1-768x384.webp 768w, https:\/\/d2p6e6u75xmxt8.cloudfront.net\/12\/2022\/12\/cover_03-1-1920x960-1-1536x768.webp 1536w, https:\/\/d2p6e6u75xmxt8.cloudfront.net\/12\/2022\/12\/cover_03-1-1920x960-1.webp 1920w\" sizes=\"auto, (max-width: 1024px) 100vw, 1024px\" \/><figcaption id=\"caption-attachment-16615\" class=\"wp-caption-text\">A krist\u00e1lyv\u00e1z\u00e1k.<\/figcaption><\/figure>\n<p>A \u0160koda 2011 \u00f3ta jutalmazza a versenyz\u0151ket ezekkel a fens\u00e9ges, eredeti, k\u00e9zzel f\u00fajt \u00e9s megmunk\u00e1lt \u00f3lomkrist\u00e1ly darabokkal. A tervez\u0151 egy Peter Olah nev\u0171 szlov\u00e1k m\u0171v\u00e9sz. A pomp\u00e1s, 60 cm-es, egyenk\u00e9nt 4 kg s\u00faly\u00fa \u00f3lomkrist\u00e1ly v\u00e1z\u00e1k a &#8220;term\u00e9szetet \u00e9s a tiszta energi\u00e1t&#8221; k\u00e9pviselik, amir\u0151l a ker\u00e9kp\u00e1roz\u00e1s is sz\u00f3l. Mindegyik kup\u00e1t a neves cseh krist\u00e1lygy\u00e1rt\u00f3 mester, a Lasvit k\u00e9sz\u00edti.<\/p>\n<h2><strong>Giro d&#8217;Italia<\/strong><\/h2>\n<p>A Giro a legfontosabb verseny az olaszok sz\u00e1m\u00e1ra, de a Grand Tour versenyek k\u00f6z\u00f6tt is a m\u00e1sodik helyen \u00e1ll a Tour de France ut\u00e1n. Az elm\u00falt 23 \u00e9vben a Giro gy\u0151ztese kapta a &#8220;Trofeo Senza Fine&#8221;-t, avagy a V\u00e9gtelen tr\u00f3fe\u00e1t. A kup\u00e1t 1999-ben vezett\u00e9k be egy a Gazzetta dello Sport (a h\u00edres r\u00f3zsasz\u00edn sport\u00fajs\u00e1g, amely a Giro vezet\u0151i trik\u00f3j\u00e1nak sz\u00edn\u00e9t is adta), \u00e9s az RCS Sport m\u00e9diacsoport (amely a Giro \u00e9s n\u00e9h\u00e1ny m\u00e1s olasz orsz\u00e1g\u00fati ker\u00e9kp\u00e1rverseny, p\u00e9ld\u00e1ul a Mil\u00e1n\u00f3-Sanremo \u00e9s a Tirreno-Adriatico szervez\u0151je) k\u00f6z\u00f6tti egy\u00fcttm\u0171k\u00f6d\u00e9s keret\u00e9ben.<\/p>\n<figure id=\"attachment_16616\" aria-describedby=\"caption-attachment-16616\" style=\"width: 1000px\" class=\"wp-caption alignnone\"><img loading=\"lazy\" decoding=\"async\" class=\"size-full wp-image-16616\" src=\"https:\/\/d2p6e6u75xmxt8.cloudfront.net\/12\/2022\/12\/B_trofeo-senza-fine-giro-ditalia.webp\" alt=\"\" width=\"1000\" height=\"563\" srcset=\"https:\/\/d2p6e6u75xmxt8.cloudfront.net\/12\/2022\/12\/B_trofeo-senza-fine-giro-ditalia.webp 1000w, https:\/\/d2p6e6u75xmxt8.cloudfront.net\/12\/2022\/12\/B_trofeo-senza-fine-giro-ditalia-300x169.webp 300w, https:\/\/d2p6e6u75xmxt8.cloudfront.net\/12\/2022\/12\/B_trofeo-senza-fine-giro-ditalia-768x432.webp 768w\" sizes=\"auto, (max-width: 1000px) 100vw, 1000px\" \/><figcaption id=\"caption-attachment-16616\" class=\"wp-caption-text\">A Trofeo Senza Fine.<\/figcaption><\/figure>\n<p>A kup\u00e1ra vonatkoz\u00f3an nem volt egy el\u0151re meghat\u00e1rozott terv. Nyilv\u00e1nos p\u00e1ly\u00e1zatot hirdettek, melynek gy\u0151ztese Fabrizio Galli m\u0171v\u00e9sz eredeti terve lett, aki egy eleg\u00e1ns, homok\u00f3ra form\u00e1j\u00fa, folyamatos spir\u00e1lt alkotott. A ma m\u00e1r vil\u00e1gszerte ismert architekt\u00fara a mez\u0151ny \u00e1ltal megtett, Olaszorsz\u00e1gon kereszt\u00fclvezet\u0151 utakat \u00e9s a Giro &#8220;v\u00e9get nem \u00e9r\u0151&#8221; t\u00f6rt\u00e9net\u00e9t jelk\u00e9pezi.<\/p>\n<p>A v\u00e9gtelen aranyszalagnak t\u0171n\u0151 spir\u00e1lis torony val\u00f3j\u00e1ban 18 kar\u00e1tos aranyozott r\u00e9zb\u0151l k\u00e9sz\u00fclt. Az\u00e9rt erre az anyagra esett a v\u00e1laszt\u00e1s, mert a r\u00e9z volt alkalmas eme bonyolult forma tart\u00f3s kialak\u00edt\u00e1s\u00e1ra. A tr\u00f3fea Mario Penello m\u0171hely\u00e9ben k\u00e9sz\u00fclt, az olaszorsz\u00e1gi Saletto di Vigodarzere-ben, mely telep\u00fcl\u00e9s Vigodarzere k\u00f6zs\u00e9gben tal\u00e1lhat\u00f3, Padova tartom\u00e1nyban, Veneto r\u00e9gi\u00f3ban. Egy ilyen kupa elk\u00e9sz\u00edt\u00e9se k\u00f6r\u00fclbel\u00fcl egy h\u00f3napot vesz ig\u00e9nybe.<\/p>\n<p>A r\u00e9zr\u00fad megform\u00e1l\u00e1s\u00e1t egy speci\u00e1lis g\u00e9ppel kezdik. Ezut\u00e1n pol\u00edrozz\u00e1k, h\u0151kezelik, majd egy primit\u00edv k\u00ednz\u00f3eszk\u00f6zre eml\u00e9keztet\u0151 valamivel feltekerik a v\u00e9gleges, spir\u00e1lis form\u00e1j\u00e1ba, miel\u0151tt m\u00e9retre v\u00e1gj\u00e1k, majd ism\u00e9t pol\u00edrozz\u00e1k. A gy\u00e1rt\u00e1s v\u00e9gs\u0151 \u00e9s legk\u00e9nyesebb l\u00e9p\u00e9se a gy\u0151ztesek nev\u00e9nek l\u00e9zerrel t\u00f6rt\u00e9n\u0151 bev\u00e9s\u00e9se, majd az azt k\u00f6vet\u0151 homokf\u00fav\u00e1s. Minden \u00e9vben \u00faj tr\u00f3fe\u00e1t adnak \u00e1t, a gy\u0151ztes nev\u00e9t pedig Penello a helysz\u00ednen grav\u00edrozza be.<\/p>\n<p>A Coupe Omnisports m\u00e9ret\u00e9re \u00e9s s\u00faly\u00e1ra vonatkoz\u00f3 r\u00e9szletek kev\u00e9sb\u00e9 ismertek, de a Giro-tr\u00f3fea magass\u00e1ga megk\u00f6zel\u00edti a \u0160koda-t\u00f3l aj\u00e1nd\u00e9kba kapott gy\u00f6ny\u00f6r\u0171 \u00f3lomkrist\u00e1ly v\u00e1z\u00e1k magass\u00e1g\u00e1t, ami 54 cm. A s\u00falya persze l\u00e9nyegesen nagyobb, 9,5 kg. A Trofeo Senza Fine mellett Panello k\u00e9sz\u00edti a Mil\u00e1n\u00f3-Sanremo, Mil\u00e1n\u00f3-Torino \u00e9s Strade Bianche tr\u00f3fe\u00e1kat is.<\/p>\n<h2><strong>Vuelta a Espa\u00f1a<\/strong><\/h2>\n<p>Nem meglep\u0151, hogy a Vuelta a Espa\u00f1a gy\u0151ztes\u00e9nek j\u00e1r\u00f3 tr\u00f3fe\u00e1nak is nemesi gy\u00f6kerei vannak. A verseny hivatalos kup\u00e1j\u00e1t 2008 \u00f3ta a La Granja Kir\u00e1lyi \u00dcveggy\u00e1r (La Real F\u00e1brica de Cristales de la Granja) k\u00e9sz\u00edti. A gy\u00e1rat, amely a spanyolorsz\u00e1gi Segovi\u00e1t\u00f3l n\u00e9h\u00e1ny kilom\u00e9terre tal\u00e1lhat\u00f3, 1727-ben alap\u00edtotta V. F\u00fcl\u00f6p spanyol kir\u00e1ly.<\/p>\n<figure id=\"attachment_16617\" aria-describedby=\"caption-attachment-16617\" style=\"width: 1024px\" class=\"wp-caption alignnone\"><img loading=\"lazy\" decoding=\"async\" class=\"size-large wp-image-16617\" src=\"https:\/\/d2p6e6u75xmxt8.cloudfront.net\/12\/2022\/12\/2931325-60220468-2560-1440-1024x576.webp\" alt=\"\" width=\"1024\" height=\"576\" srcset=\"https:\/\/d2p6e6u75xmxt8.cloudfront.net\/12\/2022\/12\/2931325-60220468-2560-1440-1024x576.webp 1024w, https:\/\/d2p6e6u75xmxt8.cloudfront.net\/12\/2022\/12\/2931325-60220468-2560-1440-300x169.webp 300w, https:\/\/d2p6e6u75xmxt8.cloudfront.net\/12\/2022\/12\/2931325-60220468-2560-1440-768x432.webp 768w, https:\/\/d2p6e6u75xmxt8.cloudfront.net\/12\/2022\/12\/2931325-60220468-2560-1440.webp 1200w\" sizes=\"auto, (max-width: 1024px) 100vw, 1024px\" \/><figcaption id=\"caption-attachment-16617\" class=\"wp-caption-text\">Chris Froome \u00e9s a Vuelta-kupa 2020-ban. Fot\u00f3: Getty Images<\/figcaption><\/figure>\n<p>A tr\u00f3fea az 1935-\u00f6s els\u0151 Vuelta \u00f3ta kiss\u00e9 \u00e1talakult. Eg\u00e9szen 1999-ig egy ez\u00fcstkupa j\u00e1rt az els\u0151 helyezettnek. Ezut\u00e1n azonban a tr\u00f3fe\u00e1b\u00f3l egy nagym\u00e9ret\u0171 krist\u00e1lyt\u00e1ny\u00e9r lett, melynek egy n\u00e9gyzet alak\u00fa \u00e1llv\u00e1ny szolg\u00e1lt a talapzatak\u00e9nt. A kerek forma egy ker\u00e9kp\u00e1rkereket szimboliz\u00e1l, melynek k\u00fcll\u0151it a kor\u00e1bbi gy\u0151ztesek nevei d\u00edsz\u00edtik. A mai gy\u0151ztesek ugyan\u00fagy egy nagy \u00f3lomkrist\u00e1ly t\u00e1ny\u00e9rt kapnak, de ennek k\u00f6zep\u00e9n m\u00e1r a La Vuelta piros log\u00f3ja is l\u00e1that\u00f3.<\/p>\n<figure id=\"attachment_16618\" aria-describedby=\"caption-attachment-16618\" style=\"width: 800px\" class=\"wp-caption alignnone\"><img loading=\"lazy\" decoding=\"async\" class=\"size-full wp-image-16618\" src=\"https:\/\/d2p6e6u75xmxt8.cloudfront.net\/12\/2022\/12\/z_p14-Froome.webp\" alt=\"\" width=\"800\" height=\"450\" srcset=\"https:\/\/d2p6e6u75xmxt8.cloudfront.net\/12\/2022\/12\/z_p14-Froome.webp 800w, https:\/\/d2p6e6u75xmxt8.cloudfront.net\/12\/2022\/12\/z_p14-Froome-300x169.webp 300w, https:\/\/d2p6e6u75xmxt8.cloudfront.net\/12\/2022\/12\/z_p14-Froome-768x432.webp 768w\" sizes=\"auto, (max-width: 800px) 100vw, 800px\" \/><figcaption id=\"caption-attachment-16618\" class=\"wp-caption-text\">Remco Evenpoel a 2022-es d\u00edjjal. Fot\u00f3 Reuters<\/figcaption><\/figure>\n<p>A log\u00f3hoz haszn\u00e1lt v\u00f6r\u00f6s zom\u00e1nc egy speci\u00e1lis \u00fcvegez\u00e9si elj\u00e1r\u00e1s sor\u00e1n szil\u00e1rdul meg, a ker\u00e9k k\u00fcll\u0151ire ker\u00fcl\u0151 kor\u00e1bbi gy\u0151ztesek neveit pedig egy olyan f\u00fav\u00e1si technik\u00e1val viszik fel, melynek sor\u00e1n gy\u00e9m\u00e1ntport haszn\u00e1lnak. A k\u00fcll\u0151k\u00f6n term\u00e9szetesen az aktu\u00e1lis \u00e9v gy\u0151ztes\u00e9nek is fenntartanak egy helyet, amit csak a gy\u00e1rt\u00e1s utols\u00f3 f\u00e1zis\u00e1ban visznek fel. A m\u00e1sodik \u00e9s harmadik helyezettek ugyanabban a manufakt\u00far\u00e1ban k\u00e9sz\u00fclt krist\u00e1lyv\u00e1z\u00e1kat kapnak, de azokon csak az adott dobog\u00f3s helyez\u00e9s felirata szerepel.<\/p>\n<h2><strong>A Grand Tour-tr\u00f3fe\u00e1k dobog\u00f3sai<\/strong><\/h2>\n<p>\u00cdzl\u00e9sek \u00e9s pofonok. Egy cikk nem d\u00f6nthet a t\u00f6megek helyett. A puszta vizu\u00e1lis eszt\u00e9tik\u00e1n k\u00edv\u00fcl az egyes tr\u00f3fe\u00e1k m\u00f6g\u00f6tt \u00e1ll\u00f3 t\u00f6rt\u00e9nelem \u00e9s kult\u00fara is befoly\u00e1solhatja a v\u00e9gs\u0151 eredm\u00e9nyt. A h\u00e1rom Grand Tour-tr\u00f3fea k\u00f6z\u00fcl b\u00e1rmelyik fantasztikus eredm\u00e9nynek sz\u00e1m\u00edt egy profi ker\u00e9kp\u00e1ros p\u00e1lyafut\u00e1s\u00e1ban.<\/p>\n<p>\u00c9n szem\u00e9ly szerint a Giro d&#8217;Italia Trofeo Senza Fine-j\u00e1nak adn\u00e1m az els\u0151 helyet. Szerintem ez egy modern \u00e9s gy\u00f6ny\u00f6r\u0171 kupa, illetve az is tetszik, hogy az eg\u00e9sz egy nyilv\u00e1nos versenyen gy\u0151zelmet aratott tervez\u0151 munk\u00e1ja. A ker\u00e9kp\u00e1roz\u00e1s v\u00e9g\u00fcl is a t\u00f6megek sportja, nem igaz? A Tour de France Coupe Omnisports a dobog\u00f3 m\u00e1sodik fok\u00e1n \u00e1ll klasszikus megjelen\u00e9se \u00e9s preszt\u00edzse miatt, a Vuelta pedig n\u00e1lam a harmadik helyen v\u00e9gzett.<\/p>\n","protected":false},"excerpt":{"rendered":"<p>N\u00e9zed a Grand Tour-okat? Ki tud nemet mondani ezekre az epikus versenyekre \u00e9s a vicces \u2013 s\u00e1ros macskak\u00f6ves utakt\u00f3l \u00e9s [&hellip;]<\/p>\n","protected":false},"author":71,"featured_media":16612,"comment_status":"open","ping_status":"open","sticky":false,"template":"","format":"standard","meta":{"footnotes":""},"categories":[8],"tags":[],"global-categories":[],"class_list":["post-16609","post","type-post","status-publish","format-standard","has-post-thumbnail","hentry","category-orszaguti-kerekpar"],"yoast_head":"<!-- This site is optimized with the Yoast SEO Premium plugin v25.3 (Yoast SEO v25.9) - https:\/\/yoast.com\/wordpress\/plugins\/seo\/ -->\n<title>Melyik Grand Tour-tr\u00f3fea tetszik a legjobban?<\/title>\n<meta name=\"description\" content=\"N\u00e9zed a Grand Tour-okat? Ki tud nemet mondani ezekre az epikus versenyekre \u00e9s a vicces \u2013 s\u00e1ros macskak\u00f6ves utakt\u00f3l \u00e9s poros kavicsos szakaszokt\u00f3l megjelen\u0151 \u2013 mos\u00f3medve arcokra? Vagy a k\u00e9pekre, amiken a mez\u0151ny olyan kanyarg\u00f3s utakon z\u00fag lefel\u00e9, melyek fest\u0151i falvakon \u00e9s gy\u00f6ny\u00f6r\u0171, sz\u0151l\u0151skertekkel \u00e9s \u00e9p\u00edt\u00e9szeti kincsekkel szeg\u00e9lyezett, hull\u00e1mz\u00f3 t\u00e1jakon vezetnek kereszt\u00fcl?\" \/>\n<meta name=\"robots\" content=\"index, follow, max-snippet:-1, max-image-preview:large, max-video-preview:-1\" \/>\n<link rel=\"canonical\" href=\"https:\/\/www.welovecycling.com\/hu\/orszaguti-kerekpar\/melyik-grand-tour-trofea-tetszik-a-legjobban\/\" \/>\n<meta property=\"og:locale\" content=\"hu_HU\" \/>\n<meta property=\"og:type\" content=\"article\" \/>\n<meta property=\"og:title\" content=\"Melyik Grand Tour-tr\u00f3fea tetszik a legjobban?\" \/>\n<meta property=\"og:description\" content=\"N\u00e9zed a Grand Tour-okat? Ki tud nemet mondani ezekre az epikus versenyekre \u00e9s a vicces \u2013 s\u00e1ros macskak\u00f6ves utakt\u00f3l \u00e9s poros kavicsos szakaszokt\u00f3l megjelen\u0151 \u2013 mos\u00f3medve arcokra? Vagy a k\u00e9pekre, amiken a mez\u0151ny olyan kanyarg\u00f3s utakon z\u00fag lefel\u00e9, melyek fest\u0151i falvakon \u00e9s gy\u00f6ny\u00f6r\u0171, sz\u0151l\u0151skertekkel \u00e9s \u00e9p\u00edt\u00e9szeti kincsekkel szeg\u00e9lyezett, hull\u00e1mz\u00f3 t\u00e1jakon vezetnek kereszt\u00fcl?\" \/>\n<meta property=\"og:url\" content=\"https:\/\/www.welovecycling.com\/hu\/orszaguti-kerekpar\/melyik-grand-tour-trofea-tetszik-a-legjobban\/\" \/>\n<meta property=\"og:site_name\" content=\"\u0160koda We Love Cycling - Magyarorsz\u00e1g\" \/>\n<meta property=\"article:publisher\" content=\"https:\/\/www.facebook.com\/WeLoveCyclingHungary\/\" \/>\n<meta property=\"article:published_time\" content=\"2023-01-04T06:00:45+00:00\" \/>\n<meta property=\"og:image\" content=\"https:\/\/d2p6e6u75xmxt8.cloudfront.net\/12\/2022\/12\/Jai-Hindley-profimedia-0695499585-CVR.webp\" \/>\n\t<meta property=\"og:image:width\" content=\"990\" \/>\n\t<meta property=\"og:image:height\" content=\"660\" \/>\n\t<meta property=\"og:image:type\" content=\"image\/webp\" \/>\n<meta name=\"author\" content=\"hegyizs\" \/>\n<meta name=\"twitter:card\" content=\"summary_large_image\" \/>\n<meta name=\"twitter:label1\" content=\"Written by\" \/>\n\t<meta name=\"twitter:data1\" content=\"Andrea Champredonde\" \/>\n\t<meta name=\"twitter:label2\" content=\"Est. reading time\" \/>\n\t<meta name=\"twitter:data2\" content=\"6\" \/>\n<script type=\"application\/ld+json\" class=\"yoast-schema-graph\">{\"@context\":\"https:\/\/schema.org\",\"@graph\":[{\"@type\":\"WebPage\",\"@id\":\"https:\/\/www.welovecycling.com\/hu\/orszaguti-kerekpar\/melyik-grand-tour-trofea-tetszik-a-legjobban\/\",\"url\":\"https:\/\/www.welovecycling.com\/hu\/orszaguti-kerekpar\/melyik-grand-tour-trofea-tetszik-a-legjobban\/\",\"name\":\"Melyik Grand Tour-tr\u00f3fea tetszik a legjobban?\",\"isPartOf\":{\"@id\":\"https:\/\/www.welovecycling.com\/hu\/#website\"},\"primaryImageOfPage\":{\"@id\":\"https:\/\/www.welovecycling.com\/hu\/orszaguti-kerekpar\/melyik-grand-tour-trofea-tetszik-a-legjobban\/#primaryimage\"},\"image\":{\"@id\":\"https:\/\/www.welovecycling.com\/hu\/orszaguti-kerekpar\/melyik-grand-tour-trofea-tetszik-a-legjobban\/#primaryimage\"},\"thumbnailUrl\":\"https:\/\/d2p6e6u75xmxt8.cloudfront.net\/12\/2022\/12\/Jai-Hindley-profimedia-0695499585-CVR.webp\",\"datePublished\":\"2023-01-04T06:00:45+00:00\",\"author\":{\"@id\":\"https:\/\/www.welovecycling.com\/hu\/#\/schema\/person\/414a2aebf1801691a5320edb6468e194\"},\"description\":\"N\u00e9zed a Grand Tour-okat? Ki tud nemet mondani ezekre az epikus versenyekre \u00e9s a vicces \u2013 s\u00e1ros macskak\u00f6ves utakt\u00f3l \u00e9s poros kavicsos szakaszokt\u00f3l megjelen\u0151 \u2013 mos\u00f3medve arcokra? Vagy a k\u00e9pekre, amiken a mez\u0151ny olyan kanyarg\u00f3s utakon z\u00fag lefel\u00e9, melyek fest\u0151i falvakon \u00e9s gy\u00f6ny\u00f6r\u0171, sz\u0151l\u0151skertekkel \u00e9s \u00e9p\u00edt\u00e9szeti kincsekkel szeg\u00e9lyezett, hull\u00e1mz\u00f3 t\u00e1jakon vezetnek kereszt\u00fcl?\",\"breadcrumb\":{\"@id\":\"https:\/\/www.welovecycling.com\/hu\/orszaguti-kerekpar\/melyik-grand-tour-trofea-tetszik-a-legjobban\/#breadcrumb\"},\"inLanguage\":\"hu\",\"potentialAction\":[{\"@type\":\"ReadAction\",\"target\":[\"https:\/\/www.welovecycling.com\/hu\/orszaguti-kerekpar\/melyik-grand-tour-trofea-tetszik-a-legjobban\/\"]}]},{\"@type\":\"ImageObject\",\"inLanguage\":\"hu\",\"@id\":\"https:\/\/www.welovecycling.com\/hu\/orszaguti-kerekpar\/melyik-grand-tour-trofea-tetszik-a-legjobban\/#primaryimage\",\"url\":\"https:\/\/d2p6e6u75xmxt8.cloudfront.net\/12\/2022\/12\/Jai-Hindley-profimedia-0695499585-CVR.webp\",\"contentUrl\":\"https:\/\/d2p6e6u75xmxt8.cloudfront.net\/12\/2022\/12\/Jai-Hindley-profimedia-0695499585-CVR.webp\",\"width\":990,\"height\":660,\"caption\":\"Jai Hindley\"},{\"@type\":\"BreadcrumbList\",\"@id\":\"https:\/\/www.welovecycling.com\/hu\/orszaguti-kerekpar\/melyik-grand-tour-trofea-tetszik-a-legjobban\/#breadcrumb\",\"itemListElement\":[{\"@type\":\"ListItem\",\"position\":1,\"name\":\"Home\",\"item\":\"https:\/\/www.welovecycling.com\/hu\/\"},{\"@type\":\"ListItem\",\"position\":2,\"name\":\"Melyik Grand Tour-tr\u00f3fea tetszik a legjobban?\"}]},{\"@type\":\"WebSite\",\"@id\":\"https:\/\/www.welovecycling.com\/hu\/#website\",\"url\":\"https:\/\/www.welovecycling.com\/hu\/\",\"name\":\"\u0160koda We Love Cycling - Magyarorsz\u00e1g\",\"description\":\"\u0160koda WeLoveCycling\",\"potentialAction\":[{\"@type\":\"SearchAction\",\"target\":{\"@type\":\"EntryPoint\",\"urlTemplate\":\"https:\/\/www.welovecycling.com\/hu\/?s={search_term_string}\"},\"query-input\":{\"@type\":\"PropertyValueSpecification\",\"valueRequired\":true,\"valueName\":\"search_term_string\"}}],\"inLanguage\":\"hu\"},{\"@type\":\"Person\",\"@id\":\"https:\/\/www.welovecycling.com\/hu\/#\/schema\/person\/414a2aebf1801691a5320edb6468e194\",\"name\":\"hegyizs\",\"image\":{\"@type\":\"ImageObject\",\"inLanguage\":\"hu\",\"@id\":\"https:\/\/www.welovecycling.com\/hu\/#\/schema\/person\/image\/\",\"url\":\"https:\/\/secure.gravatar.com\/avatar\/02cf8a7906b8cf90cecb4679defac7cfd33a1c2e3b88e4903d947f3bb58eedd3?s=96&d=mm&r=g\",\"contentUrl\":\"https:\/\/secure.gravatar.com\/avatar\/02cf8a7906b8cf90cecb4679defac7cfd33a1c2e3b88e4903d947f3bb58eedd3?s=96&d=mm&r=g\",\"caption\":\"hegyizs\"},\"url\":\"https:\/\/www.welovecycling.com\/hu\/author\/hegyizs\/\"}]}<\/script>\n<!-- \/ Yoast SEO Premium plugin. -->","yoast_head_json":{"title":"Melyik Grand Tour-tr\u00f3fea tetszik a legjobban?","description":"N\u00e9zed a Grand Tour-okat? Ki tud nemet mondani ezekre az epikus versenyekre \u00e9s a vicces \u2013 s\u00e1ros macskak\u00f6ves utakt\u00f3l \u00e9s poros kavicsos szakaszokt\u00f3l megjelen\u0151 \u2013 mos\u00f3medve arcokra? Vagy a k\u00e9pekre, amiken a mez\u0151ny olyan kanyarg\u00f3s utakon z\u00fag lefel\u00e9, melyek fest\u0151i falvakon \u00e9s gy\u00f6ny\u00f6r\u0171, sz\u0151l\u0151skertekkel \u00e9s \u00e9p\u00edt\u00e9szeti kincsekkel szeg\u00e9lyezett, hull\u00e1mz\u00f3 t\u00e1jakon vezetnek kereszt\u00fcl?","robots":{"index":"index","follow":"follow","max-snippet":"max-snippet:-1","max-image-preview":"max-image-preview:large","max-video-preview":"max-video-preview:-1"},"canonical":"https:\/\/www.welovecycling.com\/hu\/orszaguti-kerekpar\/melyik-grand-tour-trofea-tetszik-a-legjobban\/","og_locale":"hu_HU","og_type":"article","og_title":"Melyik Grand Tour-tr\u00f3fea tetszik a legjobban?","og_description":"N\u00e9zed a Grand Tour-okat? Ki tud nemet mondani ezekre az epikus versenyekre \u00e9s a vicces \u2013 s\u00e1ros macskak\u00f6ves utakt\u00f3l \u00e9s poros kavicsos szakaszokt\u00f3l megjelen\u0151 \u2013 mos\u00f3medve arcokra? Vagy a k\u00e9pekre, amiken a mez\u0151ny olyan kanyarg\u00f3s utakon z\u00fag lefel\u00e9, melyek fest\u0151i falvakon \u00e9s gy\u00f6ny\u00f6r\u0171, sz\u0151l\u0151skertekkel \u00e9s \u00e9p\u00edt\u00e9szeti kincsekkel szeg\u00e9lyezett, hull\u00e1mz\u00f3 t\u00e1jakon vezetnek kereszt\u00fcl?","og_url":"https:\/\/www.welovecycling.com\/hu\/orszaguti-kerekpar\/melyik-grand-tour-trofea-tetszik-a-legjobban\/","og_site_name":"\u0160koda We Love Cycling - Magyarorsz\u00e1g","article_publisher":"https:\/\/www.facebook.com\/WeLoveCyclingHungary\/","article_published_time":"2023-01-04T06:00:45+00:00","og_image":[{"width":990,"height":660,"url":"https:\/\/d2p6e6u75xmxt8.cloudfront.net\/12\/2022\/12\/Jai-Hindley-profimedia-0695499585-CVR.webp","type":"image\/webp"}],"author":"hegyizs","twitter_card":"summary_large_image","twitter_misc":{"Written by":"Andrea Champredonde","Est. reading time":"6"},"schema":{"@context":"https:\/\/schema.org","@graph":[{"@type":"WebPage","@id":"https:\/\/www.welovecycling.com\/hu\/orszaguti-kerekpar\/melyik-grand-tour-trofea-tetszik-a-legjobban\/","url":"https:\/\/www.welovecycling.com\/hu\/orszaguti-kerekpar\/melyik-grand-tour-trofea-tetszik-a-legjobban\/","name":"Melyik Grand Tour-tr\u00f3fea tetszik a legjobban?","isPartOf":{"@id":"https:\/\/www.welovecycling.com\/hu\/#website"},"primaryImageOfPage":{"@id":"https:\/\/www.welovecycling.com\/hu\/orszaguti-kerekpar\/melyik-grand-tour-trofea-tetszik-a-legjobban\/#primaryimage"},"image":{"@id":"https:\/\/www.welovecycling.com\/hu\/orszaguti-kerekpar\/melyik-grand-tour-trofea-tetszik-a-legjobban\/#primaryimage"},"thumbnailUrl":"https:\/\/d2p6e6u75xmxt8.cloudfront.net\/12\/2022\/12\/Jai-Hindley-profimedia-0695499585-CVR.webp","datePublished":"2023-01-04T06:00:45+00:00","author":{"@id":"https:\/\/www.welovecycling.com\/hu\/#\/schema\/person\/414a2aebf1801691a5320edb6468e194"},"description":"N\u00e9zed a Grand Tour-okat? Ki tud nemet mondani ezekre az epikus versenyekre \u00e9s a vicces \u2013 s\u00e1ros macskak\u00f6ves utakt\u00f3l \u00e9s poros kavicsos szakaszokt\u00f3l megjelen\u0151 \u2013 mos\u00f3medve arcokra? Vagy a k\u00e9pekre, amiken a mez\u0151ny olyan kanyarg\u00f3s utakon z\u00fag lefel\u00e9, melyek fest\u0151i falvakon \u00e9s gy\u00f6ny\u00f6r\u0171, sz\u0151l\u0151skertekkel \u00e9s \u00e9p\u00edt\u00e9szeti kincsekkel szeg\u00e9lyezett, hull\u00e1mz\u00f3 t\u00e1jakon vezetnek kereszt\u00fcl?","breadcrumb":{"@id":"https:\/\/www.welovecycling.com\/hu\/orszaguti-kerekpar\/melyik-grand-tour-trofea-tetszik-a-legjobban\/#breadcrumb"},"inLanguage":"hu","potentialAction":[{"@type":"ReadAction","target":["https:\/\/www.welovecycling.com\/hu\/orszaguti-kerekpar\/melyik-grand-tour-trofea-tetszik-a-legjobban\/"]}]},{"@type":"ImageObject","inLanguage":"hu","@id":"https:\/\/www.welovecycling.com\/hu\/orszaguti-kerekpar\/melyik-grand-tour-trofea-tetszik-a-legjobban\/#primaryimage","url":"https:\/\/d2p6e6u75xmxt8.cloudfront.net\/12\/2022\/12\/Jai-Hindley-profimedia-0695499585-CVR.webp","contentUrl":"https:\/\/d2p6e6u75xmxt8.cloudfront.net\/12\/2022\/12\/Jai-Hindley-profimedia-0695499585-CVR.webp","width":990,"height":660,"caption":"Jai Hindley"},{"@type":"BreadcrumbList","@id":"https:\/\/www.welovecycling.com\/hu\/orszaguti-kerekpar\/melyik-grand-tour-trofea-tetszik-a-legjobban\/#breadcrumb","itemListElement":[{"@type":"ListItem","position":1,"name":"Home","item":"https:\/\/www.welovecycling.com\/hu\/"},{"@type":"ListItem","position":2,"name":"Melyik Grand Tour-tr\u00f3fea tetszik a legjobban?"}]},{"@type":"WebSite","@id":"https:\/\/www.welovecycling.com\/hu\/#website","url":"https:\/\/www.welovecycling.com\/hu\/","name":"\u0160koda We Love Cycling - Magyarorsz\u00e1g","description":"\u0160koda WeLoveCycling","potentialAction":[{"@type":"SearchAction","target":{"@type":"EntryPoint","urlTemplate":"https:\/\/www.welovecycling.com\/hu\/?s={search_term_string}"},"query-input":{"@type":"PropertyValueSpecification","valueRequired":true,"valueName":"search_term_string"}}],"inLanguage":"hu"},{"@type":"Person","@id":"https:\/\/www.welovecycling.com\/hu\/#\/schema\/person\/414a2aebf1801691a5320edb6468e194","name":"hegyizs","image":{"@type":"ImageObject","inLanguage":"hu","@id":"https:\/\/www.welovecycling.com\/hu\/#\/schema\/person\/image\/","url":"https:\/\/secure.gravatar.com\/avatar\/02cf8a7906b8cf90cecb4679defac7cfd33a1c2e3b88e4903d947f3bb58eedd3?s=96&d=mm&r=g","contentUrl":"https:\/\/secure.gravatar.com\/avatar\/02cf8a7906b8cf90cecb4679defac7cfd33a1c2e3b88e4903d947f3bb58eedd3?s=96&d=mm&r=g","caption":"hegyizs"},"url":"https:\/\/www.welovecycling.com\/hu\/author\/hegyizs\/"}]}},"_links":{"self":[{"href":"https:\/\/www.welovecycling.com\/hu\/wp-json\/wp\/v2\/posts\/16609","targetHints":{"allow":["GET"]}}],"collection":[{"href":"https:\/\/www.welovecycling.com\/hu\/wp-json\/wp\/v2\/posts"}],"about":[{"href":"https:\/\/www.welovecycling.com\/hu\/wp-json\/wp\/v2\/types\/post"}],"author":[{"embeddable":true,"href":"https:\/\/www.welovecycling.com\/hu\/wp-json\/wp\/v2\/users\/71"}],"replies":[{"embeddable":true,"href":"https:\/\/www.welovecycling.com\/hu\/wp-json\/wp\/v2\/comments?post=16609"}],"version-history":[{"count":2,"href":"https:\/\/www.welovecycling.com\/hu\/wp-json\/wp\/v2\/posts\/16609\/revisions"}],"predecessor-version":[{"id":16619,"href":"https:\/\/www.welovecycling.com\/hu\/wp-json\/wp\/v2\/posts\/16609\/revisions\/16619"}],"wp:featuredmedia":[{"embeddable":true,"href":"https:\/\/www.welovecycling.com\/hu\/wp-json\/wp\/v2\/media\/16612"}],"wp:attachment":[{"href":"https:\/\/www.welovecycling.com\/hu\/wp-json\/wp\/v2\/media?parent=16609"}],"wp:term":[{"taxonomy":"category","embeddable":true,"href":"https:\/\/www.welovecycling.com\/hu\/wp-json\/wp\/v2\/categories?post=16609"},{"taxonomy":"post_tag","embeddable":true,"href":"https:\/\/www.welovecycling.com\/hu\/wp-json\/wp\/v2\/tags?post=16609"},{"taxonomy":"global-categories","embeddable":true,"href":"https:\/\/www.welovecycling.com\/hu\/wp-json\/wp\/v2\/global-categories?post=16609"}],"curies":[{"name":"wp","href":"https:\/\/api.w.org\/{rel}","templated":true}]}}