{"id":16604,"date":"2022-12-19T08:00:45","date_gmt":"2022-12-19T06:00:45","guid":{"rendered":"https:\/\/www.welovecycling.com\/hu\/?p=16604"},"modified":"2022-12-16T16:24:08","modified_gmt":"2022-12-16T14:24:08","slug":"karacsonyi-level-a-mikulasnak-tavoli-rokonaimnak-es-barataimnak-kerlek-titeket-eleg-ebbol","status":"publish","type":"post","link":"https:\/\/www.welovecycling.com\/hu\/kozosseg-es-kultura\/karacsonyi-level-a-mikulasnak-tavoli-rokonaimnak-es-barataimnak-kerlek-titeket-eleg-ebbol\/","title":{"rendered":"Kar\u00e1csonyi lev\u00e9l a Mikul\u00e1snak, t\u00e1voli rokonaimnak \u00e9s bar\u00e1taimnak: K\u00e9rlek titeket, el\u00e9g ebb\u0151l!"},"content":{"rendered":"<p><strong>Ism\u00e9t itt a kar\u00e1csony. Hurr\u00e1! Az \u00f6r\u00f6m, az \u00fcnnepek \u00e9s az istenverte kar\u00e1csonyi dalok id\u0151szaka, amiket m\u00e1r a 90-es \u00e9vek \u00f3ta nem friss\u00edtettek. \u00c9rtem \u00e9n, \u201eLast Christmas, you gave me your heart\u201d, \u00e9s valami\u00e9rt id\u00e9n is ezt szeretn\u00e9d tenni, csakhogy \u00e9n nem akarom. \u00c9s ha m\u00e1r azokr\u00f3l a dolgokr\u00f3l besz\u00e9l\u00fcnk, amiket nem akarok, szeretn\u00e9m hivatalosan is megsz\u00f3l\u00edtani a Mikul\u00e1st, t\u00e1voli rokonaimat \u00e9s bar\u00e1taimat. J\u00f3l figyeljetek. Tal\u00e1n tanulhattok valamit. <\/strong><\/p>\n<p><!--more--><\/p>\n<p>Id\u00e9n is mindannyian fogunk aj\u00e1nd\u00e9kot kapni, f\u00fcggetlen\u00fcl att\u00f3l, hogy hisz\u00fcnk-e abban a bizonyos v\u00e9n, k\u00f6v\u00e9r emberben, vagy a repked\u0151 angyalokban, akik minden \u00e9vben a vil\u00e1g legtarthatatlanabb \u00fczleti terv\u00e9t pr\u00f3b\u00e1lj\u00e1k kivitelezni. De sajnos, b\u00e1r \u00e9n tavaly j\u00f3 fi\u00fa voltam, j\u00f3 es\u00e9llyel m\u00e9gis kapok majd n\u00e9h\u00e1ny haszontalan, ker\u00e9kp\u00e1roz\u00e1ssal kapcsolatos aj\u00e1nd\u00e9kot olyan emberekt\u0151l, akik \u00e9ppoly kev\u00e9ss\u00e9 ismernek engem, mint amennyire a ker\u00e9kp\u00e1ros ig\u00e9nyeim \u00e9rdeklik \u0151ket. Tudom, hogy ezzel nem vagyok egyed\u00fcl, \u00edgy ha esetleg Te is ebben a cip\u0151ben j\u00e1rsz, oszd meg n\u00e9vtelen\u00fcl ezt a cikket a rokonaiddal, \u00e9s rem\u00e9lhet\u0151leg meg\u00e9rtik majd az \u00fczenetet. \u00cdme h\u00e9t dolog, amir\u0151l \u00fagy gondolhatod, hogy t\u00f6k\u00e9letes kar\u00e1csonyi aj\u00e1nd\u00e9k egy ker\u00e9kp\u00e1rosnak, de k\u00e9rlek, az Isten szerelm\u00e9re, k\u00edm\u00e9lj meg att\u00f3l a kellemetlen pillanatt\u00f3l, hogy \u00f6r\u00f6m\u00f6t kelljen tettetnem, amikor egy olyan haszontalan dolgot kapok, amit ut\u00e1na m\u00e9g el sem tudok adni.<\/p>\n<h2><strong>1. Ker\u00e9kp\u00e1ralkatr\u00e9szek<\/strong><\/h2>\n<p>Ha ker\u00e9kp\u00e1ros vagy, akkor tudod, mennyi id\u0151t t\u00f6lt az ember a megfelel\u0151 alkatr\u00e9sz megtal\u00e1l\u00e1s\u00e1val \u00e9s kiv\u00e1laszt\u00e1s\u00e1val egy-egy fel\u00faj\u00edt\u00e1s sor\u00e1n. Amennyiben viszont nem vagy az, remek \u00f6tletnek t\u0171nhet ker\u00e9kp\u00e1ralkatr\u00e9szt adni kar\u00e1csonyi aj\u00e1nd\u00e9kba egy biciklirajong\u00f3 bar\u00e1todnak vagy rokonodnak. Nem gy\u0151z\u00f6m el\u00e9gszer hangs\u00falyozni, hogy ez mennyire rossz \u00f6tlet. Egy ker\u00e9kp\u00e1ralkatr\u00e9sz nem egy olyan dolog, amit csak \u00fagy megveszel. Fontos, hogy illeszkedjen az adott ker\u00e9kp\u00e1r be\u00e1ll\u00edt\u00e1saihoz, valamint, hogy megfelel\u0151 m\u00e9ret\u0171 legyen, arr\u00f3l nem is besz\u00e9lve, hogy b\u00e1rmilyen alkatr\u00e9szr\u0151l legyen is sz\u00f3, annak kiv\u00e1l\u00f3 min\u0151s\u00e9g\u0171nek kell lennie. Ha nem vagy k\u00e9sz m\u00e9lyen a p\u00e9nzt\u00e1rc\u00e1dba ny\u00falni egy ilyen aj\u00e1nd\u00e9k\u00e9rt, ink\u00e1bb ne is gondolkodj rajta.<\/p>\n<p>Egy\u00e9bk\u00e9nt, ha tudod, hogy sz\u00fcks\u00e9gem van egy \u00faj alkatr\u00e9szre (m\u00e1rpedig tudni fogod, ugyanis ilyenkor h\u00f3napokig csak err\u0151l besz\u00e9lek), sokkal jobb lenne, ha egyszer\u0171en megk\u00e9rn\u00e9l, hogy \u00e9n magam v\u00e1lasszam ki az alkatr\u00e9szt. \u00cdg\u00e9rem, hogy meglep\u0151d\u00f6k majd, amikor megtal\u00e1lom az \u00faj ped\u00e1lomat a fa alatt. Vagy esetleg adhatsz k\u00e9szp\u00e9nzt is. Nem t\u00fal kar\u00e1csonyi, elismerem, de az\u00e9rt \u00f6r\u00fclni fogok neki. Ha pedig mindenk\u00e9ppen egy \u00fcnnepiesebb jelleg\u0171 aj\u00e1nd\u00e9kot szeretn\u00e9l adni, egy, a helyi ker\u00e9kp\u00e1rboltba sz\u00f3l\u00f3 aj\u00e1nd\u00e9kutalv\u00e1ny is t\u00f6k\u00e9letes lesz.<\/p>\n<h2><strong>2. Kar\u00e1csonyi t\u00e9m\u00e1j\u00fa szersz\u00e1mk\u00e9szletek<\/strong><\/h2>\n<p>T\u00e9nyleg azt hiszed, hogy nincs szersz\u00e1mk\u00e9szletem? Mi\u00e9rt lenne sz\u00fcks\u00e9gem m\u00e9g egyre? M\u00e9g abban a val\u00f3sz\u00edn\u0171tlen esetben is, ha m\u00e9gsem lenne (de ism\u00e9tlem, van), egy ak\u00e1rmilyen kar\u00e1csonyi szersz\u00e1mk\u00e9szlet nem lesz j\u00f3. Leggyakrabban ezek valami vajn\u00e1l is puh\u00e1bb anyagb\u00f3l k\u00e9sz\u00fclnek. A legjobb esetben egyszer\u0171en nem m\u0171k\u00f6dnek, a legrosszabb esetben pedig pont egy kicsivel kisebbek, mint amire sz\u00fcks\u00e9gem lenne, \u00e9s a ker\u00e9kp\u00e1rom \u00f6sszes csavarj\u00e1ban t\u00f6nkreteszik a menetet. Elhiszem, hogy egy csillag alak\u00fa multiszersz\u00e1m men\u0151nek t\u0171nik \u00e9s nagyon kar\u00e1csonyi, de nem praktikus, neh\u00e9z b\u00e1rmihez is hozz\u00e1f\u00e9rni vele, \u00e9s minden egy\u00e9b szempontb\u00f3l is rossz \u00f6tlet. M\u00e1sr\u00e9szt a min\u0151s\u00e9gi multiszersz\u00e1mok komoly p\u00e9nzekbe ker\u00fclnek.<\/p>\n<figure id=\"attachment_16605\" aria-describedby=\"caption-attachment-16605\" style=\"width: 1250px\" class=\"wp-caption alignnone\"><a href=\"https:\/\/d2p6e6u75xmxt8.cloudfront.net\/12\/2022\/12\/Multitool-profimedia-0742166415.webp\"><img loading=\"lazy\" decoding=\"async\" class=\"size-full wp-image-16605\" src=\"https:\/\/d2p6e6u75xmxt8.cloudfront.net\/12\/2022\/12\/Multitool-profimedia-0742166415.webp\" alt=\"Multitool\" width=\"1250\" height=\"826\" srcset=\"https:\/\/d2p6e6u75xmxt8.cloudfront.net\/12\/2022\/12\/Multitool-profimedia-0742166415.webp 1250w, https:\/\/d2p6e6u75xmxt8.cloudfront.net\/12\/2022\/12\/Multitool-profimedia-0742166415-300x198.webp 300w, https:\/\/d2p6e6u75xmxt8.cloudfront.net\/12\/2022\/12\/Multitool-profimedia-0742166415-1024x677.webp 1024w, https:\/\/d2p6e6u75xmxt8.cloudfront.net\/12\/2022\/12\/Multitool-profimedia-0742166415-768x507.webp 768w\" sizes=\"auto, (max-width: 1250px) 100vw, 1250px\" \/><\/a><figcaption id=\"caption-attachment-16605\" class=\"wp-caption-text\">Nem k\u00e9rek t\u00f6bb multiszersz\u00e1mot, k\u00f6sz\u00f6n\u00f6m. \u00a9 Profimedia<\/figcaption><\/figure>\n<h2><strong>3. V\u00e9d\u0151felszerel\u00e9s<\/strong><\/h2>\n<p>A v\u00e9d\u0151felszerel\u00e9s hat\u00e1resetnek sz\u00e1m\u00edt, de nem vehetsz bel\u0151le ak\u00e1rmilyet. Felt\u00e9tlen\u00fcl j\u00f3 min\u0151s\u00e9g\u0171t kell v\u00e1lasztanod, \u00e9s n\u00e9h\u00e1ny t\u00edzezer forintn\u00e1l kevesebb\u00e9rt ilyet aligha tal\u00e1lsz. De m\u00e9g ha hajland\u00f3 is vagy ennyit k\u00f6lteni, akkor is tudnod kell a m\u00e9retet \u00e9s azt, hogy a felszerel\u00e9s pontosan mire lesz haszn\u00e1lva, az elad\u00f3nak pedig bele kell egyeznie, hogy kicser\u00e9lhesd, ha m\u00e9gsem lesz j\u00f3 a m\u00e9ret. Amennyiben egy p\u00e1r t\u00e9rdv\u00e9d\u0151t szeretn\u00e9l aj\u00e1nd\u00e9kba adni (most kacsintok), tudnod kell, hogy a c\u00edmzett milyen t\u00edpus\u00fa ker\u00e9kp\u00e1roz\u00e1st v\u00e9gez. Ha az aj\u00e1nd\u00e9kozott downhillezik, akkor a statikus kem\u00e9ny t\u00e9rdv\u00e9d\u0151t kell v\u00e1lasztanod, ha viszont a rokonod vagy bar\u00e1tod endur\u00f3zik, akkor egy p\u00e1r puh\u00e1bb t\u00e9rdv\u00e9d\u0151re lesz sz\u00fcks\u00e9ge. Ezen k\u00edv\u00fcl az egy\u00e9n combj\u00e1nak als\u00f3 \u00e9s fels\u0151 ker\u00fclet\u00e9nek m\u00e9ret\u00e9vel is tiszt\u00e1ban kell lenned, amely inform\u00e1ci\u00f3t nem k\u00f6nny\u0171 megszerezni, k\u00fcl\u00f6n\u00f6sen, ha mondjuk egy munkat\u00e1rsadr\u00f3l van sz\u00f3.<\/p>\n<h2><strong>4. B\u00e1rmi, ami r\u00e9gi ker\u00e9kp\u00e1ralkatr\u00e9szekb\u0151l k\u00e9sz\u00fclt<\/strong><\/h2>\n<p>Lehet, hogy erre is azt hiszed, hogy men\u0151, de nekem elhiheted, nem az. Egy r\u00e9gi l\u00e1nc vagy egy t\u00f6r\u00f6tt v\u00e1z mindig is egy r\u00e9gi l\u00e1nc \u00e9s egy t\u00f6r\u00f6tt v\u00e1z marad. Ezek \u00fajrahasznos\u00edt\u00e1sa nem m\u0171v\u00e9szi. Igaz, sz\u00e1mos &#8220;m\u0171v\u00e9szeti alkot\u00e1sban&#8221; l\u00e1thatunk t\u00f6r\u00f6tt ker\u00e9kp\u00e1ralkatr\u00e9szeket, amiket sokan \u00e9lveznek n\u00e9zni, de \u00e9n nem. \u00cdgy is alig tal\u00e1lok helyet a ker\u00e9kp\u00e1romnak, de m\u00e9g ha lenne is egy kis plusz helyem, ink\u00e1bb venn\u00e9k egy m\u00e1sodik biciklit, minthogy n\u00e9h\u00e1ny ker\u00e9kb\u0151l, l\u00e1ncb\u00f3l, l\u00e1mp\u00e1b\u00f3l \u00e9s isten tudja, mib\u0151l \u00e1ll\u00f3 szobrot \u00e1ll\u00edtsak ki a nappaliban. Sz\u00f3val, ink\u00e1bb ne pazarolj p\u00e9nzt ilyen m\u0171v\u00e9szetnek nevezett kacatokra. Egy elszakadt l\u00e1nc mindig csak probl\u00e9m\u00e1t jelent, b\u00e1rmilyen form\u00e1ban is mutatj\u00e1k be.<\/p>\n<h2><strong>5. &#8220;Hasznos&#8221; k\u00fcty\u00fck<\/strong><\/h2>\n<p>Ez a m\u00e1sik nagy sl\u00e1ger azok k\u00f6r\u00e9ben, akik egy\u00e1ltal\u00e1n nem tudj\u00e1k, mit vegyenek kar\u00e1csonyra ker\u00e9kp\u00e1ros bar\u00e1taiknak vagy munkat\u00e1rsaiknak. \u201eCsak megveszem ezt a szuper villog\u00f3 keszty\u0171t vagy ezt a poh\u00e1rtart\u00f3t a korm\u00e1nyra.\u201d T\u00e9ved\u00e9s! Nem az\u00e9rt \u00e9heztetem magam \u00e9s fogyok le 5 kil\u00f3t minden tavasszal, hogy azt\u00e1n \u00e9rtelmetlen kieg\u00e9sz\u00edt\u0151kkel pakoljak plusz s\u00falyt a bring\u00e1mra. M\u00e1sr\u00e9szt, el tudod k\u00e9pzelni, hogy \u00e9ppen egy 65-70%-os lejt\u0151n sz\u00e1guldok lefel\u00e9 a vad n\u00f6v\u00e9nyzet \u00e9s \u00e9les szikl\u00e1k k\u00f6z\u00f6tt man\u0151verezve, mik\u00f6zben egy forr\u00f3 cs\u00e9sze te\u00e1t pr\u00f3b\u00e1lok bent tartani az \u00faj, st\u00edlusos korm\u00e1nypoh\u00e1rtart\u00f3mban? Ugye. Sokkal ink\u00e1bb hagyn\u00e1m, hogy a nap \u00e9gessen meg a t\u0171zforr\u00f3 tea helyett.<\/p>\n<p>Sz\u00f3val, k\u00e9rlek, ne agg\u00f3dj a felszerel\u00e9sem miatt. Mindenem megvan, amire sz\u00fcks\u00e9gem van, \u00e9s ha ezek mell\u00e9 m\u00e9g kapn\u00e9k valamit, az csak egy \u00fajabb dolog lenne, amit valahol t\u00e1rolnom kell, \u00e9s amit val\u00f3sz\u00edn\u0171leg soha nem fogok haszn\u00e1lni.<\/p>\n<h2><strong>6. Kar\u00e1csonyi t\u00e9m\u00e1j\u00fa ker\u00e9kp\u00e1ros mez<\/strong><\/h2>\n<p>Pontosan hogy gondoltad, mikor fogom ezt hordani? Ugye tudod, hogy Eur\u00f3p\u00e1ban a kar\u00e1csony \u00e1ltal\u00e1ban egy olyan h\u00f3napban van, amely nem \u00e9pp a meleg \u00e9s napos id\u0151j\u00e1r\u00e1s\u00e1r\u00f3l h\u00edres? De ha eltekint\u00fcnk az id\u0151j\u00e1r\u00e1st\u00f3l, akkor sem egy kar\u00e1csonyi t\u00e9m\u00e1j\u00fa mez lenne az, amit sz\u00edvesen felvenn\u00e9k. Vagy esetleg azt k\u00e9pzelted, hogy a kar\u00e1csonyi bulikon is ebben jelenn\u00e9k meg? Nem. Ha m\u00e1r ragaszkodsz a mezhez, ami egy\u00e9bk\u00e9nt m\u00e1r \u00f6nmag\u00e1ban sem a legjobb \u00f6tlet, legal\u00e1bb pr\u00f3b\u00e1ld meg elker\u00fclni az \u00fcnnepi t\u00e9m\u00e1kat.<\/p>\n<h2><strong>7. Ker\u00e9kp\u00e1ros t\u00e9m\u00e1j\u00fa haszontalan dolgok<\/strong><\/h2>\n<p>V\u00e9g\u00fcl pedig itt van minden lelkes bring\u00e1s \u00e1tka &#8211; a ker\u00e9kp\u00e1ros t\u00e9m\u00e1j\u00fa, mindennapi haszn\u00e1latra sz\u00e1nt dolgok. \u00d3, egy ker\u00e9kp\u00e1r alak\u00fa pizzav\u00e1g\u00f3. K\u00f6sz\u00f6n\u00f6m, te volt\u00e1l az els\u0151, akinek esz\u00e9be jutott egy ilyen szuper aj\u00e1nd\u00e9k. Hadd tegyem a m\u00e1sik 9 mell\u00e9. Vagy mi a helyzet ezzel a ker\u00e9kp\u00e1ros \u00e1llv\u00e1nnyal vagy \u00e1ll\u00f3l\u00e1mp\u00e1val? V\u00e9gre! Mindig is arr\u00f3l \u00e1lmodtam, hogy egy aj\u00e1nd\u00e9k miatt \u00e1trendezem majd az eg\u00e9sz lak\u00e1st. Nagyon sz\u00e9pen k\u00f6sz\u00f6n\u00f6m. \u00d3, \u00e9s ne felejts\u00fck a bicikli alak\u00fa \u00fcvegnyit\u00f3t se. Igaz, hogy az els\u0151 haszn\u00e1lat ut\u00e1n t\u00f6nkremegy majd, de ez nem baj, mert j\u00f6v\u0151re \u00fagyis kapok egy m\u00e1sikat.<\/p>\n<h2><strong>Mit vegy\u00e9l?<\/strong><\/h2>\n<p>Gondolom tudod, hogy a ker\u00e9kp\u00e1roz\u00e1son k\u00edv\u00fcl m\u00e1s is \u00e9rdekel. Miel\u0151tt aj\u00e1nd\u00e9kot veszel nekem, tudj meg egy kicsit t\u00f6bbet r\u00f3lam. Ismerd meg az egy\u00e9b hobbijaimat, a szem\u00e9lyis\u00e9gemet \u00e9s a szenved\u00e9lyeimet. El sem hiszem, hogy ezt mondom, de nem minden a ker\u00e9kp\u00e1roz\u00e1s k\u00f6r\u00fcl forog. M\u00e9gis, ha ragaszkodsz az ilyen t\u00e9m\u00e1j\u00fa aj\u00e1nd\u00e9kokhoz, egy p\u00e1r ker\u00e9kp\u00e1ros zoknival neh\u00e9z mell\u00e9 l\u0151ni, \u00e9s azokat mindig sz\u00edvesen is fogadom, sz\u00f3val hajr\u00e1. Vagy, ha igaz\u00e1n boldogg\u00e1 akarsz tenni, egy egyszer\u0171 aj\u00e1nd\u00e9kk\u00e1rtya is var\u00e1zslatoss\u00e1 tenn\u00e9 sz\u00e1momra a kar\u00e1csonyt. \u00cdgy \u00e9n azt vehetn\u00e9k, amit csak akarok, Te pedig j\u00f3l fogod \u00e9rezni magad, ami\u00e9rt boldogg\u00e1 tett\u00e9l. Mindenki j\u00f3l j\u00e1r.<\/p>\n","protected":false},"excerpt":{"rendered":"<p>Ism\u00e9t itt a kar\u00e1csony. Hurr\u00e1! Az \u00f6r\u00f6m, az \u00fcnnepek \u00e9s az istenverte kar\u00e1csonyi dalok id\u0151szaka, amiket m\u00e1r a 90-es \u00e9vek [&hellip;]<\/p>\n","protected":false},"author":71,"featured_media":16607,"comment_status":"open","ping_status":"open","sticky":false,"template":"","format":"standard","meta":{"footnotes":""},"categories":[12],"tags":[],"global-categories":[],"class_list":["post-16604","post","type-post","status-publish","format-standard","has-post-thumbnail","hentry","category-kozosseg-es-kultura"],"yoast_head":"<!-- This site is optimized with the Yoast SEO Premium plugin v25.3 (Yoast SEO v25.9) - https:\/\/yoast.com\/wordpress\/plugins\/seo\/ -->\n<title>Kar\u00e1csonyi lev\u00e9l a Mikul\u00e1snak, t\u00e1voli rokonaimnak \u00e9s bar\u00e1taimnak: K\u00e9rlek titeket, el\u00e9g ebb\u0151l!<\/title>\n<meta name=\"description\" content=\"Ism\u00e9t itt a kar\u00e1csony. Hurr\u00e1! Az \u00f6r\u00f6m, az \u00fcnnepek \u00e9s az istenverte kar\u00e1csonyi dalok id\u0151szaka, amiket m\u00e1r a 90-es \u00e9vek \u00f3ta nem friss\u00edtettek. \u00c9rtem \u00e9n, \u201eLast Christmas, you gave me your heart\u201d, \u00e9s valami\u00e9rt id\u00e9n is ezt szeretn\u00e9d tenni, csakhogy \u00e9n nem akarom. \u00c9s ha m\u00e1r azokr\u00f3l a dolgokr\u00f3l besz\u00e9l\u00fcnk, amiket nem akarok, szeretn\u00e9m hivatalosan is megsz\u00f3l\u00edtani a Mikul\u00e1st, t\u00e1voli rokonaimat \u00e9s bar\u00e1taimat. J\u00f3l figyeljetek. Tal\u00e1n tanulhattok valamit.\" \/>\n<meta name=\"robots\" content=\"index, follow, max-snippet:-1, max-image-preview:large, max-video-preview:-1\" \/>\n<link rel=\"canonical\" href=\"https:\/\/www.welovecycling.com\/hu\/kozosseg-es-kultura\/karacsonyi-level-a-mikulasnak-tavoli-rokonaimnak-es-barataimnak-kerlek-titeket-eleg-ebbol\/\" \/>\n<meta property=\"og:locale\" content=\"hu_HU\" \/>\n<meta property=\"og:type\" content=\"article\" \/>\n<meta property=\"og:title\" content=\"Kar\u00e1csonyi lev\u00e9l a Mikul\u00e1snak, t\u00e1voli rokonaimnak \u00e9s bar\u00e1taimnak: K\u00e9rlek titeket, el\u00e9g ebb\u0151l!\" \/>\n<meta property=\"og:description\" content=\"Ism\u00e9t itt a kar\u00e1csony. Hurr\u00e1! Az \u00f6r\u00f6m, az \u00fcnnepek \u00e9s az istenverte kar\u00e1csonyi dalok id\u0151szaka, amiket m\u00e1r a 90-es \u00e9vek \u00f3ta nem friss\u00edtettek. \u00c9rtem \u00e9n, \u201eLast Christmas, you gave me your heart\u201d, \u00e9s valami\u00e9rt id\u00e9n is ezt szeretn\u00e9d tenni, csakhogy \u00e9n nem akarom. \u00c9s ha m\u00e1r azokr\u00f3l a dolgokr\u00f3l besz\u00e9l\u00fcnk, amiket nem akarok, szeretn\u00e9m hivatalosan is megsz\u00f3l\u00edtani a Mikul\u00e1st, t\u00e1voli rokonaimat \u00e9s bar\u00e1taimat. J\u00f3l figyeljetek. Tal\u00e1n tanulhattok valamit.\" \/>\n<meta property=\"og:url\" content=\"https:\/\/www.welovecycling.com\/hu\/kozosseg-es-kultura\/karacsonyi-level-a-mikulasnak-tavoli-rokonaimnak-es-barataimnak-kerlek-titeket-eleg-ebbol\/\" \/>\n<meta property=\"og:site_name\" content=\"\u0160koda We Love Cycling - Magyarorsz\u00e1g\" \/>\n<meta property=\"article:publisher\" content=\"https:\/\/www.facebook.com\/WeLoveCyclingHungary\/\" \/>\n<meta property=\"article:published_time\" content=\"2022-12-19T06:00:45+00:00\" \/>\n<meta property=\"og:image\" content=\"https:\/\/d2p6e6u75xmxt8.cloudfront.net\/12\/2022\/12\/Christmas-profimedia-0568743345-CVR.webp\" \/>\n\t<meta property=\"og:image:width\" content=\"900\" \/>\n\t<meta property=\"og:image:height\" content=\"600\" \/>\n\t<meta property=\"og:image:type\" content=\"image\/webp\" \/>\n<meta name=\"author\" content=\"hegyizs\" \/>\n<meta name=\"twitter:card\" content=\"summary_large_image\" \/>\n<meta name=\"twitter:label1\" content=\"Written by\" \/>\n\t<meta name=\"twitter:data1\" content=\"Martin Atanasov\" \/>\n\t<meta name=\"twitter:label2\" content=\"Est. reading time\" \/>\n\t<meta name=\"twitter:data2\" content=\"6\" \/>\n<script type=\"application\/ld+json\" class=\"yoast-schema-graph\">{\"@context\":\"https:\/\/schema.org\",\"@graph\":[{\"@type\":\"WebPage\",\"@id\":\"https:\/\/www.welovecycling.com\/hu\/kozosseg-es-kultura\/karacsonyi-level-a-mikulasnak-tavoli-rokonaimnak-es-barataimnak-kerlek-titeket-eleg-ebbol\/\",\"url\":\"https:\/\/www.welovecycling.com\/hu\/kozosseg-es-kultura\/karacsonyi-level-a-mikulasnak-tavoli-rokonaimnak-es-barataimnak-kerlek-titeket-eleg-ebbol\/\",\"name\":\"Kar\u00e1csonyi lev\u00e9l a Mikul\u00e1snak, t\u00e1voli rokonaimnak \u00e9s bar\u00e1taimnak: K\u00e9rlek titeket, el\u00e9g ebb\u0151l!\",\"isPartOf\":{\"@id\":\"https:\/\/www.welovecycling.com\/hu\/#website\"},\"primaryImageOfPage\":{\"@id\":\"https:\/\/www.welovecycling.com\/hu\/kozosseg-es-kultura\/karacsonyi-level-a-mikulasnak-tavoli-rokonaimnak-es-barataimnak-kerlek-titeket-eleg-ebbol\/#primaryimage\"},\"image\":{\"@id\":\"https:\/\/www.welovecycling.com\/hu\/kozosseg-es-kultura\/karacsonyi-level-a-mikulasnak-tavoli-rokonaimnak-es-barataimnak-kerlek-titeket-eleg-ebbol\/#primaryimage\"},\"thumbnailUrl\":\"https:\/\/d2p6e6u75xmxt8.cloudfront.net\/12\/2022\/12\/Christmas-profimedia-0568743345-CVR.webp\",\"datePublished\":\"2022-12-19T06:00:45+00:00\",\"author\":{\"@id\":\"https:\/\/www.welovecycling.com\/hu\/#\/schema\/person\/414a2aebf1801691a5320edb6468e194\"},\"description\":\"Ism\u00e9t itt a kar\u00e1csony. Hurr\u00e1! Az \u00f6r\u00f6m, az \u00fcnnepek \u00e9s az istenverte kar\u00e1csonyi dalok id\u0151szaka, amiket m\u00e1r a 90-es \u00e9vek \u00f3ta nem friss\u00edtettek. \u00c9rtem \u00e9n, \u201eLast Christmas, you gave me your heart\u201d, \u00e9s valami\u00e9rt id\u00e9n is ezt szeretn\u00e9d tenni, csakhogy \u00e9n nem akarom. \u00c9s ha m\u00e1r azokr\u00f3l a dolgokr\u00f3l besz\u00e9l\u00fcnk, amiket nem akarok, szeretn\u00e9m hivatalosan is megsz\u00f3l\u00edtani a Mikul\u00e1st, t\u00e1voli rokonaimat \u00e9s bar\u00e1taimat. J\u00f3l figyeljetek. Tal\u00e1n tanulhattok valamit.\",\"breadcrumb\":{\"@id\":\"https:\/\/www.welovecycling.com\/hu\/kozosseg-es-kultura\/karacsonyi-level-a-mikulasnak-tavoli-rokonaimnak-es-barataimnak-kerlek-titeket-eleg-ebbol\/#breadcrumb\"},\"inLanguage\":\"hu\",\"potentialAction\":[{\"@type\":\"ReadAction\",\"target\":[\"https:\/\/www.welovecycling.com\/hu\/kozosseg-es-kultura\/karacsonyi-level-a-mikulasnak-tavoli-rokonaimnak-es-barataimnak-kerlek-titeket-eleg-ebbol\/\"]}]},{\"@type\":\"ImageObject\",\"inLanguage\":\"hu\",\"@id\":\"https:\/\/www.welovecycling.com\/hu\/kozosseg-es-kultura\/karacsonyi-level-a-mikulasnak-tavoli-rokonaimnak-es-barataimnak-kerlek-titeket-eleg-ebbol\/#primaryimage\",\"url\":\"https:\/\/d2p6e6u75xmxt8.cloudfront.net\/12\/2022\/12\/Christmas-profimedia-0568743345-CVR.webp\",\"contentUrl\":\"https:\/\/d2p6e6u75xmxt8.cloudfront.net\/12\/2022\/12\/Christmas-profimedia-0568743345-CVR.webp\",\"width\":900,\"height\":600,\"caption\":\"Christmas sleigh\"},{\"@type\":\"BreadcrumbList\",\"@id\":\"https:\/\/www.welovecycling.com\/hu\/kozosseg-es-kultura\/karacsonyi-level-a-mikulasnak-tavoli-rokonaimnak-es-barataimnak-kerlek-titeket-eleg-ebbol\/#breadcrumb\",\"itemListElement\":[{\"@type\":\"ListItem\",\"position\":1,\"name\":\"Home\",\"item\":\"https:\/\/www.welovecycling.com\/hu\/\"},{\"@type\":\"ListItem\",\"position\":2,\"name\":\"Kar\u00e1csonyi lev\u00e9l a Mikul\u00e1snak, t\u00e1voli rokonaimnak \u00e9s bar\u00e1taimnak: K\u00e9rlek titeket, el\u00e9g ebb\u0151l!\"}]},{\"@type\":\"WebSite\",\"@id\":\"https:\/\/www.welovecycling.com\/hu\/#website\",\"url\":\"https:\/\/www.welovecycling.com\/hu\/\",\"name\":\"\u0160koda We Love Cycling - Magyarorsz\u00e1g\",\"description\":\"\u0160koda WeLoveCycling\",\"potentialAction\":[{\"@type\":\"SearchAction\",\"target\":{\"@type\":\"EntryPoint\",\"urlTemplate\":\"https:\/\/www.welovecycling.com\/hu\/?s={search_term_string}\"},\"query-input\":{\"@type\":\"PropertyValueSpecification\",\"valueRequired\":true,\"valueName\":\"search_term_string\"}}],\"inLanguage\":\"hu\"},{\"@type\":\"Person\",\"@id\":\"https:\/\/www.welovecycling.com\/hu\/#\/schema\/person\/414a2aebf1801691a5320edb6468e194\",\"name\":\"hegyizs\",\"image\":{\"@type\":\"ImageObject\",\"inLanguage\":\"hu\",\"@id\":\"https:\/\/www.welovecycling.com\/hu\/#\/schema\/person\/image\/\",\"url\":\"https:\/\/secure.gravatar.com\/avatar\/02cf8a7906b8cf90cecb4679defac7cfd33a1c2e3b88e4903d947f3bb58eedd3?s=96&d=mm&r=g\",\"contentUrl\":\"https:\/\/secure.gravatar.com\/avatar\/02cf8a7906b8cf90cecb4679defac7cfd33a1c2e3b88e4903d947f3bb58eedd3?s=96&d=mm&r=g\",\"caption\":\"hegyizs\"},\"url\":\"https:\/\/www.welovecycling.com\/hu\/author\/hegyizs\/\"}]}<\/script>\n<!-- \/ Yoast SEO Premium plugin. -->","yoast_head_json":{"title":"Kar\u00e1csonyi lev\u00e9l a Mikul\u00e1snak, t\u00e1voli rokonaimnak \u00e9s bar\u00e1taimnak: K\u00e9rlek titeket, el\u00e9g ebb\u0151l!","description":"Ism\u00e9t itt a kar\u00e1csony. Hurr\u00e1! Az \u00f6r\u00f6m, az \u00fcnnepek \u00e9s az istenverte kar\u00e1csonyi dalok id\u0151szaka, amiket m\u00e1r a 90-es \u00e9vek \u00f3ta nem friss\u00edtettek. \u00c9rtem \u00e9n, \u201eLast Christmas, you gave me your heart\u201d, \u00e9s valami\u00e9rt id\u00e9n is ezt szeretn\u00e9d tenni, csakhogy \u00e9n nem akarom. \u00c9s ha m\u00e1r azokr\u00f3l a dolgokr\u00f3l besz\u00e9l\u00fcnk, amiket nem akarok, szeretn\u00e9m hivatalosan is megsz\u00f3l\u00edtani a Mikul\u00e1st, t\u00e1voli rokonaimat \u00e9s bar\u00e1taimat. J\u00f3l figyeljetek. Tal\u00e1n tanulhattok valamit.","robots":{"index":"index","follow":"follow","max-snippet":"max-snippet:-1","max-image-preview":"max-image-preview:large","max-video-preview":"max-video-preview:-1"},"canonical":"https:\/\/www.welovecycling.com\/hu\/kozosseg-es-kultura\/karacsonyi-level-a-mikulasnak-tavoli-rokonaimnak-es-barataimnak-kerlek-titeket-eleg-ebbol\/","og_locale":"hu_HU","og_type":"article","og_title":"Kar\u00e1csonyi lev\u00e9l a Mikul\u00e1snak, t\u00e1voli rokonaimnak \u00e9s bar\u00e1taimnak: K\u00e9rlek titeket, el\u00e9g ebb\u0151l!","og_description":"Ism\u00e9t itt a kar\u00e1csony. Hurr\u00e1! Az \u00f6r\u00f6m, az \u00fcnnepek \u00e9s az istenverte kar\u00e1csonyi dalok id\u0151szaka, amiket m\u00e1r a 90-es \u00e9vek \u00f3ta nem friss\u00edtettek. \u00c9rtem \u00e9n, \u201eLast Christmas, you gave me your heart\u201d, \u00e9s valami\u00e9rt id\u00e9n is ezt szeretn\u00e9d tenni, csakhogy \u00e9n nem akarom. \u00c9s ha m\u00e1r azokr\u00f3l a dolgokr\u00f3l besz\u00e9l\u00fcnk, amiket nem akarok, szeretn\u00e9m hivatalosan is megsz\u00f3l\u00edtani a Mikul\u00e1st, t\u00e1voli rokonaimat \u00e9s bar\u00e1taimat. J\u00f3l figyeljetek. Tal\u00e1n tanulhattok valamit.","og_url":"https:\/\/www.welovecycling.com\/hu\/kozosseg-es-kultura\/karacsonyi-level-a-mikulasnak-tavoli-rokonaimnak-es-barataimnak-kerlek-titeket-eleg-ebbol\/","og_site_name":"\u0160koda We Love Cycling - Magyarorsz\u00e1g","article_publisher":"https:\/\/www.facebook.com\/WeLoveCyclingHungary\/","article_published_time":"2022-12-19T06:00:45+00:00","og_image":[{"width":900,"height":600,"url":"https:\/\/d2p6e6u75xmxt8.cloudfront.net\/12\/2022\/12\/Christmas-profimedia-0568743345-CVR.webp","type":"image\/webp"}],"author":"hegyizs","twitter_card":"summary_large_image","twitter_misc":{"Written by":"Martin Atanasov","Est. reading time":"6"},"schema":{"@context":"https:\/\/schema.org","@graph":[{"@type":"WebPage","@id":"https:\/\/www.welovecycling.com\/hu\/kozosseg-es-kultura\/karacsonyi-level-a-mikulasnak-tavoli-rokonaimnak-es-barataimnak-kerlek-titeket-eleg-ebbol\/","url":"https:\/\/www.welovecycling.com\/hu\/kozosseg-es-kultura\/karacsonyi-level-a-mikulasnak-tavoli-rokonaimnak-es-barataimnak-kerlek-titeket-eleg-ebbol\/","name":"Kar\u00e1csonyi lev\u00e9l a Mikul\u00e1snak, t\u00e1voli rokonaimnak \u00e9s bar\u00e1taimnak: K\u00e9rlek titeket, el\u00e9g ebb\u0151l!","isPartOf":{"@id":"https:\/\/www.welovecycling.com\/hu\/#website"},"primaryImageOfPage":{"@id":"https:\/\/www.welovecycling.com\/hu\/kozosseg-es-kultura\/karacsonyi-level-a-mikulasnak-tavoli-rokonaimnak-es-barataimnak-kerlek-titeket-eleg-ebbol\/#primaryimage"},"image":{"@id":"https:\/\/www.welovecycling.com\/hu\/kozosseg-es-kultura\/karacsonyi-level-a-mikulasnak-tavoli-rokonaimnak-es-barataimnak-kerlek-titeket-eleg-ebbol\/#primaryimage"},"thumbnailUrl":"https:\/\/d2p6e6u75xmxt8.cloudfront.net\/12\/2022\/12\/Christmas-profimedia-0568743345-CVR.webp","datePublished":"2022-12-19T06:00:45+00:00","author":{"@id":"https:\/\/www.welovecycling.com\/hu\/#\/schema\/person\/414a2aebf1801691a5320edb6468e194"},"description":"Ism\u00e9t itt a kar\u00e1csony. Hurr\u00e1! Az \u00f6r\u00f6m, az \u00fcnnepek \u00e9s az istenverte kar\u00e1csonyi dalok id\u0151szaka, amiket m\u00e1r a 90-es \u00e9vek \u00f3ta nem friss\u00edtettek. \u00c9rtem \u00e9n, \u201eLast Christmas, you gave me your heart\u201d, \u00e9s valami\u00e9rt id\u00e9n is ezt szeretn\u00e9d tenni, csakhogy \u00e9n nem akarom. \u00c9s ha m\u00e1r azokr\u00f3l a dolgokr\u00f3l besz\u00e9l\u00fcnk, amiket nem akarok, szeretn\u00e9m hivatalosan is megsz\u00f3l\u00edtani a Mikul\u00e1st, t\u00e1voli rokonaimat \u00e9s bar\u00e1taimat. J\u00f3l figyeljetek. Tal\u00e1n tanulhattok valamit.","breadcrumb":{"@id":"https:\/\/www.welovecycling.com\/hu\/kozosseg-es-kultura\/karacsonyi-level-a-mikulasnak-tavoli-rokonaimnak-es-barataimnak-kerlek-titeket-eleg-ebbol\/#breadcrumb"},"inLanguage":"hu","potentialAction":[{"@type":"ReadAction","target":["https:\/\/www.welovecycling.com\/hu\/kozosseg-es-kultura\/karacsonyi-level-a-mikulasnak-tavoli-rokonaimnak-es-barataimnak-kerlek-titeket-eleg-ebbol\/"]}]},{"@type":"ImageObject","inLanguage":"hu","@id":"https:\/\/www.welovecycling.com\/hu\/kozosseg-es-kultura\/karacsonyi-level-a-mikulasnak-tavoli-rokonaimnak-es-barataimnak-kerlek-titeket-eleg-ebbol\/#primaryimage","url":"https:\/\/d2p6e6u75xmxt8.cloudfront.net\/12\/2022\/12\/Christmas-profimedia-0568743345-CVR.webp","contentUrl":"https:\/\/d2p6e6u75xmxt8.cloudfront.net\/12\/2022\/12\/Christmas-profimedia-0568743345-CVR.webp","width":900,"height":600,"caption":"Christmas sleigh"},{"@type":"BreadcrumbList","@id":"https:\/\/www.welovecycling.com\/hu\/kozosseg-es-kultura\/karacsonyi-level-a-mikulasnak-tavoli-rokonaimnak-es-barataimnak-kerlek-titeket-eleg-ebbol\/#breadcrumb","itemListElement":[{"@type":"ListItem","position":1,"name":"Home","item":"https:\/\/www.welovecycling.com\/hu\/"},{"@type":"ListItem","position":2,"name":"Kar\u00e1csonyi lev\u00e9l a Mikul\u00e1snak, t\u00e1voli rokonaimnak \u00e9s bar\u00e1taimnak: K\u00e9rlek titeket, el\u00e9g ebb\u0151l!"}]},{"@type":"WebSite","@id":"https:\/\/www.welovecycling.com\/hu\/#website","url":"https:\/\/www.welovecycling.com\/hu\/","name":"\u0160koda We Love Cycling - Magyarorsz\u00e1g","description":"\u0160koda WeLoveCycling","potentialAction":[{"@type":"SearchAction","target":{"@type":"EntryPoint","urlTemplate":"https:\/\/www.welovecycling.com\/hu\/?s={search_term_string}"},"query-input":{"@type":"PropertyValueSpecification","valueRequired":true,"valueName":"search_term_string"}}],"inLanguage":"hu"},{"@type":"Person","@id":"https:\/\/www.welovecycling.com\/hu\/#\/schema\/person\/414a2aebf1801691a5320edb6468e194","name":"hegyizs","image":{"@type":"ImageObject","inLanguage":"hu","@id":"https:\/\/www.welovecycling.com\/hu\/#\/schema\/person\/image\/","url":"https:\/\/secure.gravatar.com\/avatar\/02cf8a7906b8cf90cecb4679defac7cfd33a1c2e3b88e4903d947f3bb58eedd3?s=96&d=mm&r=g","contentUrl":"https:\/\/secure.gravatar.com\/avatar\/02cf8a7906b8cf90cecb4679defac7cfd33a1c2e3b88e4903d947f3bb58eedd3?s=96&d=mm&r=g","caption":"hegyizs"},"url":"https:\/\/www.welovecycling.com\/hu\/author\/hegyizs\/"}]}},"_links":{"self":[{"href":"https:\/\/www.welovecycling.com\/hu\/wp-json\/wp\/v2\/posts\/16604","targetHints":{"allow":["GET"]}}],"collection":[{"href":"https:\/\/www.welovecycling.com\/hu\/wp-json\/wp\/v2\/posts"}],"about":[{"href":"https:\/\/www.welovecycling.com\/hu\/wp-json\/wp\/v2\/types\/post"}],"author":[{"embeddable":true,"href":"https:\/\/www.welovecycling.com\/hu\/wp-json\/wp\/v2\/users\/71"}],"replies":[{"embeddable":true,"href":"https:\/\/www.welovecycling.com\/hu\/wp-json\/wp\/v2\/comments?post=16604"}],"version-history":[{"count":2,"href":"https:\/\/www.welovecycling.com\/hu\/wp-json\/wp\/v2\/posts\/16604\/revisions"}],"predecessor-version":[{"id":16608,"href":"https:\/\/www.welovecycling.com\/hu\/wp-json\/wp\/v2\/posts\/16604\/revisions\/16608"}],"wp:featuredmedia":[{"embeddable":true,"href":"https:\/\/www.welovecycling.com\/hu\/wp-json\/wp\/v2\/media\/16607"}],"wp:attachment":[{"href":"https:\/\/www.welovecycling.com\/hu\/wp-json\/wp\/v2\/media?parent=16604"}],"wp:term":[{"taxonomy":"category","embeddable":true,"href":"https:\/\/www.welovecycling.com\/hu\/wp-json\/wp\/v2\/categories?post=16604"},{"taxonomy":"post_tag","embeddable":true,"href":"https:\/\/www.welovecycling.com\/hu\/wp-json\/wp\/v2\/tags?post=16604"},{"taxonomy":"global-categories","embeddable":true,"href":"https:\/\/www.welovecycling.com\/hu\/wp-json\/wp\/v2\/global-categories?post=16604"}],"curies":[{"name":"wp","href":"https:\/\/api.w.org\/{rel}","templated":true}]}}