{"id":16593,"date":"2022-12-22T08:00:42","date_gmt":"2022-12-22T06:00:42","guid":{"rendered":"https:\/\/www.welovecycling.com\/hu\/?p=16593"},"modified":"2022-12-16T16:28:23","modified_gmt":"2022-12-16T14:28:23","slug":"a-7-legjobb-ajandek-montisoknak","status":"publish","type":"post","link":"https:\/\/www.welovecycling.com\/hu\/kozosseg-es-kultura\/a-7-legjobb-ajandek-montisoknak\/","title":{"rendered":"A 7 legjobb aj\u00e1nd\u00e9k montisoknak"},"content":{"rendered":"<p><strong>Ez a lista azoknak sz\u00f3l, akik mindent az utols\u00f3 pillanatra hagynak. Azoknak, akik kifogytak az \u00f6tletekb\u0151l. \u00c9s b\u00e1r nem kell minden aj\u00e1nd\u00e9knak a ker\u00e9kp\u00e1roz\u00e1shoz kapcsol\u00f3dnia, neh\u00e9z m\u00e1sra gondolni, amikor MTB-s bar\u00e1tunk vagy csal\u00e1dtagunk csak a legut\u00f3bbi fantasztikus ugr\u00e1s\u00e1r\u00f3l besz\u00e9l. Hoztunk n\u00e9h\u00e1ny aj\u00e1nd\u00e9k\u00f6tletet, amivel nem foghatsz mell\u00e9!<\/strong><\/p>\n<p><!--more--><\/p>\n<h2><strong>1. \u00c9ves b\u00e9rlet egy bike parkba<\/strong><\/h2>\n<p>\u00cdgy lehet eg\u00e9sz \u00e9vben kar\u00e1csony! Ezek a b\u00e9rletek \u00e1ltal\u00e1ban el\u00e9g dr\u00e1g\u00e1k \u00e9s az ember ritk\u00e1n engedhet meg mag\u00e1nak egy teljes \u00e9vre sz\u00f3l\u00f3t. De ha k\u00e9szen \u00e1llsz r\u00e1, hogy a zsebedbe ny\u00falj, biztosan \u00f6r\u00f6mmel fogadja majd az aj\u00e1nd\u00e9kozott ezt a szuper kis csomagot. Figyelj r\u00e1, hogy sok park csak szezon alatt tart nyitva, ha ilyen helyre veszel b\u00e9rletet, el\u00e9g lehet a f\u00e9l \u00e9ves is!<\/p>\n<p>M\u00e1sodszor, gy\u0151z\u0151dj meg r\u00f3la, hogy a v\u00e1lasztott park k\u00f6zel van az aj\u00e1nd\u00e9kozott lakhely\u00e9hez. Csod\u00e1s lenne egy \u00e9ves b\u00e9rlet Livign\u00f3ba, de nem igaz\u00e1n tudn\u00e1 kihaszn\u00e1lni\u2026<\/p>\n<p>R\u00f6viden: hatalmas IGEN a ker\u00e9kp\u00e1ros park-b\u00e9rletre, de csak ha j\u00f3l v\u00e1lasztasz!<\/p>\n<h2><strong>2. V\u00edztart\u00e1lyos h\u00e1tizs\u00e1k<\/strong><\/h2>\n<p>Egy zseni tal\u00e1lm\u00e1nya, aki arra tette fel az \u00e9let\u00e9t, hogy a montisok\u00e9 a lehet\u0151 legjobb legyen. Ha egyszer kipr\u00f3b\u00e1lod, nincs vissza\u00fat. A legt\u00f6bb montis azonban m\u00e9g nem pr\u00f3b\u00e1lta ki. A hagyom\u00e1nyos h\u00e1tizs\u00e1kok persze nagyobbak, \u00edgy hossz\u00fa utakhoz praktikusabbak, de ha csak egy-k\u00e9t \u00f3r\u00e1ra m\u00e9sz, im\u00e1dni fogod, hogy nem kell ezt a kev\u00e9s id\u0151t v\u00edziv\u00f3-sz\u00fcnetekkel t\u00f6ltened.<\/p>\n<p>Persze ez csak akkor j\u00f3 aj\u00e1nd\u00e9k, ha az illet\u0151nek m\u00e9g nincs bel\u0151le. K\u00e9rj t\u0151le felt\u0171n\u00e9smentesen tan\u00e1csot, hogy milyen h\u00e1tizs\u00e1kot vegy\u00e9l magadnak! Nem lesz t\u00fal neh\u00e9z meggy\u0151zni, hogy besz\u00e9lgessetek kicsit a felszerel\u00e9seir\u0151l. A montisok ezt a t\u00e9m\u00e1t im\u00e1dj\u00e1k legjobban.<\/p>\n<h2><strong>3. GPS-es okos\u00f3ra<\/strong><\/h2>\n<p>Ha igaz\u00e1n szeretsz minket, \u00e9s k\u00e9szen \u00e1llsz kicsit t\u00f6bbet k\u00f6lteni r\u00e1nk, egy GPS-es okos\u00f3ra t\u00f6k\u00e9letes aj\u00e1nd\u00e9k. Ez a bikepacking szerelmeseire \u00e9s az endur\u00f3sokra is igaz, mindenkire, akinek gyakran meg kell \u00e1llnia megn\u00e9zni a telefonj\u00e1t n\u00e9mi \u00fatmutat\u00e1s\u00e9rt. Egy j\u00f3 okos\u00f3r\u00e1val gyorsabban navig\u00e1lhatunk \u00faj terepen, an\u00e9lk\u00fcl, hogy 5 percenk\u00e9nt el\u0151kapn\u00e1nk a mobilunkat. S\u0151t, az id\u0151t is figyelhetj\u00fck, \u00e9s Strav\u00e1n is megoszthatjuk a teljes\u00edtm\u00e9ny\u00fcnket. Hiszen mindannyian tudjuk: \u201cami nincs fent Strav\u00e1n, az meg sem t\u00f6rt\u00e9nt.\u201d<\/p>\n<figure id=\"attachment_16594\" aria-describedby=\"caption-attachment-16594\" style=\"width: 990px\" class=\"wp-caption alignnone\"><a href=\"https:\/\/d2p6e6u75xmxt8.cloudfront.net\/12\/2022\/12\/Smarti-watch-profimedia-0654374043-CVR.webp\"><img loading=\"lazy\" decoding=\"async\" class=\"wp-image-16594 size-full\" src=\"https:\/\/d2p6e6u75xmxt8.cloudfront.net\/12\/2022\/12\/Smarti-watch-profimedia-0654374043-CVR.webp\" alt=\"Cyclist checking his smartwatch\" width=\"990\" height=\"660\" srcset=\"https:\/\/d2p6e6u75xmxt8.cloudfront.net\/12\/2022\/12\/Smarti-watch-profimedia-0654374043-CVR.webp 990w, https:\/\/d2p6e6u75xmxt8.cloudfront.net\/12\/2022\/12\/Smarti-watch-profimedia-0654374043-CVR-300x200.webp 300w, https:\/\/d2p6e6u75xmxt8.cloudfront.net\/12\/2022\/12\/Smarti-watch-profimedia-0654374043-CVR-768x512.webp 768w, https:\/\/d2p6e6u75xmxt8.cloudfront.net\/12\/2022\/12\/Smarti-watch-profimedia-0654374043-CVR-272x182.webp 272w\" sizes=\"auto, (max-width: 990px) 100vw, 990px\" \/><\/a><figcaption id=\"caption-attachment-16594\" class=\"wp-caption-text\">T\u00f6k\u00e9letes aj\u00e1nd\u00e9k egy okos\u00f3ra a legt\u00f6bb biciklis sz\u00e1m\u00e1ra. \u00a9 Profimedia<\/figcaption><\/figure>\n<p>Ha emellett az aj\u00e1nd\u00e9k mellett d\u00f6ntesz, olyat v\u00e1lassz, ami t\u00e9nyleg j\u00f3l navig\u00e1l, esetleg t\u00e9rk\u00e9pet is mutat!<\/p>\n<h2><strong>4. Hordozhat\u00f3 magasnyom\u00e1s\u00fa mos\u00f3<\/strong><\/h2>\n<p>Ez egy olyan aj\u00e1nd\u00e9k, amire nem sokan gondolnak, pedig nagyon praktikus, ha s\u00e1ros terepen tekersz \u00e9s nem akarod teljesen t\u00f6nkretenni a biciklidet. A ker\u00e9kp\u00e1rparkokban \u00e1ltal\u00e1ban van a parkol\u00f3ban n\u00e9h\u00e1ny magasnyom\u00e1s\u00fa mos\u00f3, de a term\u00e9szetben, a hegyekben nem adatik meg ilyen luxus. Pedig a legjobb, ha r\u00f6gt\u00f6n teker\u00e9s ut\u00e1n elt\u00e1vol\u00edtod a sarat, miel\u0151tt megkem\u00e9nyedne.<\/p>\n<p>A legjobb ebben az \u00f6tletben, hogy szinte senkinek nincs otthon saj\u00e1t mos\u00f3ja. Tele van a piac k\u00fcl\u00f6nf\u00e9le modellekkel, \u00e9s m\u00e1r 10 ezer\u00e9rt is kapni eg\u00e9szen tisztess\u00e9geset.<\/p>\n<h2><strong>5. V\u00edz\u00e1ll\u00f3 \u00fcl\u00e9shuzat aut\u00f3ba<\/strong><\/h2>\n<p>M\u00e9g egy olyan dolog, amire els\u0151re nem is gondoln\u00e1nk. Ez a sport \u00e1ltal\u00e1ban el\u00e9g koszos. Nincs mindig napos \u00e9s sz\u00e1raz id\u0151, mi pedig nem maradhatunk otthon puszt\u00e1n egy kis es\u0151 vagy s\u00e1r miatt, f\u0151leg, hogy a p\u00e1ly\u00e1k is nagyon lassan sz\u00e1radnak. \u00cdgy teh\u00e1t nyakig vizesen \u00e9s latyakosan \u00e9r\u00fcnk vissza az aut\u00f3nkhoz, \u00e9s m\u00e9g ha van is n\u00e1lunk v\u00e1lt\u00f3ruha, akkor sem tudunk teljesen \u00e1t\u00f6lt\u00f6zni (f\u0151leg t\u00e9len). A hajunk, karunk, l\u00e1bunk pedig biztosan nedves marad. Ez az \u00e1zott kutyaszag k\u00f6nnyen beiv\u00f3dik az aut\u00f3huzatba \u00e9s m\u00e9g foltot is hagyhatunk magunk ut\u00e1n.<\/p>\n<p>Ez\u00e9rt t\u00f6k\u00e9letesek a v\u00edz\u00e1ll\u00f3 \u00fcl\u00e9shuzatok!<\/p>\n<h2><strong>6. N\u00e9h\u00e1ny mag\u00e1n\u00f3ra<\/strong><\/h2>\n<p>Mindig van mit tanulni, f\u0151leg, hogy a montisok nagy r\u00e9sze k\u00f6zel sem profi. Ha kifizetsz n\u00e9h\u00e1ny \u00f3r\u00e1t egy j\u00f3 edz\u0151n\u00e9l, azzal nem foghatsz mell\u00e9. Neh\u00e9z elrontani, mert \u00fagyis adott szinten fog tudni gyakorolni. Csoportos vagy egy\u00e9ni edz\u00e9s is j\u00e1tszik.<\/p>\n<h2><strong>7. Egy \u00faj bandana<\/strong><\/h2>\n<p>Ha egyik sem tetszik a felsorolt \u00f6tletek k\u00f6z\u00fcl (amit nehezen hisz\u00fcnk el), m\u00e9g mindig vehetsz egy \u00faj k\u00f6rs\u00e1lat, hiszen ez egy olyan felszerel\u00e9s, amit minden montis haszn\u00e1l, ha nem a nyaka k\u00f6r\u00e9 tekerve, akkor fejp\u00e1ntk\u00e9nt.<\/p>\n<p>Ha nem vagy t\u00fal k\u00f6zeli viszonyban az aj\u00e1nd\u00e9kozottal, a legjobb, ha ezt v\u00e1lasztod. Szem\u00e9lyesebb\u00e9 teheted, ha megtudakolod a kedvenc sz\u00edn\u00e9t, vagy a biciklije sz\u00edn\u00e9t, \u00edgy nem lesz teljesen v\u00e9letlenszer\u0171 a v\u00e1laszt\u00e1s.<\/p>\n<h2><strong>Ne legy\u00e9l t\u00fal kreat\u00edv!<\/strong><\/h2>\n<p>V\u00e9g\u00fcl egy j\u00f3tan\u00e1cs &#8211; ne legy\u00e9l t\u00fals\u00e1gosan kreat\u00edv az \u00f6tletekkel! Valami hasznosat adni egy ker\u00e9kp\u00e1rosnak el\u00e9g neh\u00e9z feladat. Ha nem \u00e1llsz k\u00e9szen bele\u00e1sni magad a vil\u00e1gunkba, \u00e9s kider\u00edteni a val\u00f3di sz\u00fcks\u00e9gleteinket, akkor ink\u00e1bb vegy\u00e9l valami m\u00e1st. Hiszen nem csak ker\u00e9kp\u00e1rosok vagyunk. Mi vagyunk a bar\u00e1taid, a csal\u00e1dtagjaid, a munkat\u00e1rsaid. Bizony, t\u00f6bbek vagyunk, mint egy ember k\u00e9t ker\u00e9ken.<\/p>\n","protected":false},"excerpt":{"rendered":"<p>Ez a lista azoknak sz\u00f3l, akik mindent az utols\u00f3 pillanatra hagynak. Azoknak, akik kifogytak az \u00f6tletekb\u0151l. \u00c9s b\u00e1r nem kell [&hellip;]<\/p>\n","protected":false},"author":71,"featured_media":16596,"comment_status":"open","ping_status":"open","sticky":false,"template":"","format":"standard","meta":{"footnotes":""},"categories":[12],"tags":[],"global-categories":[],"class_list":["post-16593","post","type-post","status-publish","format-standard","has-post-thumbnail","hentry","category-kozosseg-es-kultura"],"yoast_head":"<!-- This site is optimized with the Yoast SEO Premium plugin v25.3 (Yoast SEO v25.9) - https:\/\/yoast.com\/wordpress\/plugins\/seo\/ -->\n<title>A 7 legjobb aj\u00e1nd\u00e9k montisoknak<\/title>\n<meta name=\"description\" content=\"Ez a lista azoknak sz\u00f3l, akik mindent az utols\u00f3 pillanatra hagynak. Azoknak, akik kifogytak az \u00f6tletekb\u0151l. \u00c9s b\u00e1r nem kell minden aj\u00e1nd\u00e9knak a ker\u00e9kp\u00e1roz\u00e1shoz kapcsol\u00f3dnia, neh\u00e9z m\u00e1sra gondolni, amikor MTB-s bar\u00e1tunk vagy csal\u00e1dtagunk csak a legut\u00f3bbi fantasztikus ugr\u00e1s\u00e1r\u00f3l besz\u00e9l. Hoztunk n\u00e9h\u00e1ny aj\u00e1nd\u00e9k\u00f6tletet, amivel nem foghatsz mell\u00e9!\" \/>\n<meta name=\"robots\" content=\"index, follow, max-snippet:-1, max-image-preview:large, max-video-preview:-1\" \/>\n<link rel=\"canonical\" href=\"https:\/\/www.welovecycling.com\/hu\/kozosseg-es-kultura\/a-7-legjobb-ajandek-montisoknak\/\" \/>\n<meta property=\"og:locale\" content=\"hu_HU\" \/>\n<meta property=\"og:type\" content=\"article\" \/>\n<meta property=\"og:title\" content=\"A 7 legjobb aj\u00e1nd\u00e9k montisoknak\" \/>\n<meta property=\"og:description\" content=\"Ez a lista azoknak sz\u00f3l, akik mindent az utols\u00f3 pillanatra hagynak. Azoknak, akik kifogytak az \u00f6tletekb\u0151l. \u00c9s b\u00e1r nem kell minden aj\u00e1nd\u00e9knak a ker\u00e9kp\u00e1roz\u00e1shoz kapcsol\u00f3dnia, neh\u00e9z m\u00e1sra gondolni, amikor MTB-s bar\u00e1tunk vagy csal\u00e1dtagunk csak a legut\u00f3bbi fantasztikus ugr\u00e1s\u00e1r\u00f3l besz\u00e9l. Hoztunk n\u00e9h\u00e1ny aj\u00e1nd\u00e9k\u00f6tletet, amivel nem foghatsz mell\u00e9!\" \/>\n<meta property=\"og:url\" content=\"https:\/\/www.welovecycling.com\/hu\/kozosseg-es-kultura\/a-7-legjobb-ajandek-montisoknak\/\" \/>\n<meta property=\"og:site_name\" content=\"\u0160koda We Love Cycling - Magyarorsz\u00e1g\" \/>\n<meta property=\"article:publisher\" content=\"https:\/\/www.facebook.com\/WeLoveCyclingHungary\/\" \/>\n<meta property=\"article:published_time\" content=\"2022-12-22T06:00:42+00:00\" \/>\n<meta property=\"og:image\" content=\"https:\/\/d2p6e6u75xmxt8.cloudfront.net\/12\/2022\/12\/Christmas-Tree-profimedia-0744732884-CVR.webp\" \/>\n\t<meta property=\"og:image:width\" content=\"990\" \/>\n\t<meta property=\"og:image:height\" content=\"660\" \/>\n\t<meta property=\"og:image:type\" content=\"image\/webp\" \/>\n<meta name=\"author\" content=\"hegyizs\" \/>\n<meta name=\"twitter:card\" content=\"summary_large_image\" \/>\n<meta name=\"twitter:label1\" content=\"Written by\" \/>\n\t<meta name=\"twitter:data1\" content=\"Martin Atanasov\" \/>\n\t<meta name=\"twitter:label2\" content=\"Est. reading time\" \/>\n\t<meta name=\"twitter:data2\" content=\"6\" \/>\n<script type=\"application\/ld+json\" class=\"yoast-schema-graph\">{\"@context\":\"https:\/\/schema.org\",\"@graph\":[{\"@type\":\"WebPage\",\"@id\":\"https:\/\/www.welovecycling.com\/hu\/kozosseg-es-kultura\/a-7-legjobb-ajandek-montisoknak\/\",\"url\":\"https:\/\/www.welovecycling.com\/hu\/kozosseg-es-kultura\/a-7-legjobb-ajandek-montisoknak\/\",\"name\":\"A 7 legjobb aj\u00e1nd\u00e9k montisoknak\",\"isPartOf\":{\"@id\":\"https:\/\/www.welovecycling.com\/hu\/#website\"},\"primaryImageOfPage\":{\"@id\":\"https:\/\/www.welovecycling.com\/hu\/kozosseg-es-kultura\/a-7-legjobb-ajandek-montisoknak\/#primaryimage\"},\"image\":{\"@id\":\"https:\/\/www.welovecycling.com\/hu\/kozosseg-es-kultura\/a-7-legjobb-ajandek-montisoknak\/#primaryimage\"},\"thumbnailUrl\":\"https:\/\/d2p6e6u75xmxt8.cloudfront.net\/12\/2022\/12\/Christmas-Tree-profimedia-0744732884-CVR.webp\",\"datePublished\":\"2022-12-22T06:00:42+00:00\",\"author\":{\"@id\":\"https:\/\/www.welovecycling.com\/hu\/#\/schema\/person\/414a2aebf1801691a5320edb6468e194\"},\"description\":\"Ez a lista azoknak sz\u00f3l, akik mindent az utols\u00f3 pillanatra hagynak. Azoknak, akik kifogytak az \u00f6tletekb\u0151l. \u00c9s b\u00e1r nem kell minden aj\u00e1nd\u00e9knak a ker\u00e9kp\u00e1roz\u00e1shoz kapcsol\u00f3dnia, neh\u00e9z m\u00e1sra gondolni, amikor MTB-s bar\u00e1tunk vagy csal\u00e1dtagunk csak a legut\u00f3bbi fantasztikus ugr\u00e1s\u00e1r\u00f3l besz\u00e9l. Hoztunk n\u00e9h\u00e1ny aj\u00e1nd\u00e9k\u00f6tletet, amivel nem foghatsz mell\u00e9!\",\"breadcrumb\":{\"@id\":\"https:\/\/www.welovecycling.com\/hu\/kozosseg-es-kultura\/a-7-legjobb-ajandek-montisoknak\/#breadcrumb\"},\"inLanguage\":\"hu\",\"potentialAction\":[{\"@type\":\"ReadAction\",\"target\":[\"https:\/\/www.welovecycling.com\/hu\/kozosseg-es-kultura\/a-7-legjobb-ajandek-montisoknak\/\"]}]},{\"@type\":\"ImageObject\",\"inLanguage\":\"hu\",\"@id\":\"https:\/\/www.welovecycling.com\/hu\/kozosseg-es-kultura\/a-7-legjobb-ajandek-montisoknak\/#primaryimage\",\"url\":\"https:\/\/d2p6e6u75xmxt8.cloudfront.net\/12\/2022\/12\/Christmas-Tree-profimedia-0744732884-CVR.webp\",\"contentUrl\":\"https:\/\/d2p6e6u75xmxt8.cloudfront.net\/12\/2022\/12\/Christmas-Tree-profimedia-0744732884-CVR.webp\",\"width\":990,\"height\":660,\"caption\":\"Christmas Tree\"},{\"@type\":\"BreadcrumbList\",\"@id\":\"https:\/\/www.welovecycling.com\/hu\/kozosseg-es-kultura\/a-7-legjobb-ajandek-montisoknak\/#breadcrumb\",\"itemListElement\":[{\"@type\":\"ListItem\",\"position\":1,\"name\":\"Home\",\"item\":\"https:\/\/www.welovecycling.com\/hu\/\"},{\"@type\":\"ListItem\",\"position\":2,\"name\":\"A 7 legjobb aj\u00e1nd\u00e9k montisoknak\"}]},{\"@type\":\"WebSite\",\"@id\":\"https:\/\/www.welovecycling.com\/hu\/#website\",\"url\":\"https:\/\/www.welovecycling.com\/hu\/\",\"name\":\"\u0160koda We Love Cycling - Magyarorsz\u00e1g\",\"description\":\"\u0160koda WeLoveCycling\",\"potentialAction\":[{\"@type\":\"SearchAction\",\"target\":{\"@type\":\"EntryPoint\",\"urlTemplate\":\"https:\/\/www.welovecycling.com\/hu\/?s={search_term_string}\"},\"query-input\":{\"@type\":\"PropertyValueSpecification\",\"valueRequired\":true,\"valueName\":\"search_term_string\"}}],\"inLanguage\":\"hu\"},{\"@type\":\"Person\",\"@id\":\"https:\/\/www.welovecycling.com\/hu\/#\/schema\/person\/414a2aebf1801691a5320edb6468e194\",\"name\":\"hegyizs\",\"image\":{\"@type\":\"ImageObject\",\"inLanguage\":\"hu\",\"@id\":\"https:\/\/www.welovecycling.com\/hu\/#\/schema\/person\/image\/\",\"url\":\"https:\/\/secure.gravatar.com\/avatar\/02cf8a7906b8cf90cecb4679defac7cfd33a1c2e3b88e4903d947f3bb58eedd3?s=96&d=mm&r=g\",\"contentUrl\":\"https:\/\/secure.gravatar.com\/avatar\/02cf8a7906b8cf90cecb4679defac7cfd33a1c2e3b88e4903d947f3bb58eedd3?s=96&d=mm&r=g\",\"caption\":\"hegyizs\"},\"url\":\"https:\/\/www.welovecycling.com\/hu\/author\/hegyizs\/\"}]}<\/script>\n<!-- \/ Yoast SEO Premium plugin. -->","yoast_head_json":{"title":"A 7 legjobb aj\u00e1nd\u00e9k montisoknak","description":"Ez a lista azoknak sz\u00f3l, akik mindent az utols\u00f3 pillanatra hagynak. Azoknak, akik kifogytak az \u00f6tletekb\u0151l. \u00c9s b\u00e1r nem kell minden aj\u00e1nd\u00e9knak a ker\u00e9kp\u00e1roz\u00e1shoz kapcsol\u00f3dnia, neh\u00e9z m\u00e1sra gondolni, amikor MTB-s bar\u00e1tunk vagy csal\u00e1dtagunk csak a legut\u00f3bbi fantasztikus ugr\u00e1s\u00e1r\u00f3l besz\u00e9l. Hoztunk n\u00e9h\u00e1ny aj\u00e1nd\u00e9k\u00f6tletet, amivel nem foghatsz mell\u00e9!","robots":{"index":"index","follow":"follow","max-snippet":"max-snippet:-1","max-image-preview":"max-image-preview:large","max-video-preview":"max-video-preview:-1"},"canonical":"https:\/\/www.welovecycling.com\/hu\/kozosseg-es-kultura\/a-7-legjobb-ajandek-montisoknak\/","og_locale":"hu_HU","og_type":"article","og_title":"A 7 legjobb aj\u00e1nd\u00e9k montisoknak","og_description":"Ez a lista azoknak sz\u00f3l, akik mindent az utols\u00f3 pillanatra hagynak. Azoknak, akik kifogytak az \u00f6tletekb\u0151l. \u00c9s b\u00e1r nem kell minden aj\u00e1nd\u00e9knak a ker\u00e9kp\u00e1roz\u00e1shoz kapcsol\u00f3dnia, neh\u00e9z m\u00e1sra gondolni, amikor MTB-s bar\u00e1tunk vagy csal\u00e1dtagunk csak a legut\u00f3bbi fantasztikus ugr\u00e1s\u00e1r\u00f3l besz\u00e9l. Hoztunk n\u00e9h\u00e1ny aj\u00e1nd\u00e9k\u00f6tletet, amivel nem foghatsz mell\u00e9!","og_url":"https:\/\/www.welovecycling.com\/hu\/kozosseg-es-kultura\/a-7-legjobb-ajandek-montisoknak\/","og_site_name":"\u0160koda We Love Cycling - Magyarorsz\u00e1g","article_publisher":"https:\/\/www.facebook.com\/WeLoveCyclingHungary\/","article_published_time":"2022-12-22T06:00:42+00:00","og_image":[{"width":990,"height":660,"url":"https:\/\/d2p6e6u75xmxt8.cloudfront.net\/12\/2022\/12\/Christmas-Tree-profimedia-0744732884-CVR.webp","type":"image\/webp"}],"author":"hegyizs","twitter_card":"summary_large_image","twitter_misc":{"Written by":"Martin Atanasov","Est. reading time":"6"},"schema":{"@context":"https:\/\/schema.org","@graph":[{"@type":"WebPage","@id":"https:\/\/www.welovecycling.com\/hu\/kozosseg-es-kultura\/a-7-legjobb-ajandek-montisoknak\/","url":"https:\/\/www.welovecycling.com\/hu\/kozosseg-es-kultura\/a-7-legjobb-ajandek-montisoknak\/","name":"A 7 legjobb aj\u00e1nd\u00e9k montisoknak","isPartOf":{"@id":"https:\/\/www.welovecycling.com\/hu\/#website"},"primaryImageOfPage":{"@id":"https:\/\/www.welovecycling.com\/hu\/kozosseg-es-kultura\/a-7-legjobb-ajandek-montisoknak\/#primaryimage"},"image":{"@id":"https:\/\/www.welovecycling.com\/hu\/kozosseg-es-kultura\/a-7-legjobb-ajandek-montisoknak\/#primaryimage"},"thumbnailUrl":"https:\/\/d2p6e6u75xmxt8.cloudfront.net\/12\/2022\/12\/Christmas-Tree-profimedia-0744732884-CVR.webp","datePublished":"2022-12-22T06:00:42+00:00","author":{"@id":"https:\/\/www.welovecycling.com\/hu\/#\/schema\/person\/414a2aebf1801691a5320edb6468e194"},"description":"Ez a lista azoknak sz\u00f3l, akik mindent az utols\u00f3 pillanatra hagynak. Azoknak, akik kifogytak az \u00f6tletekb\u0151l. \u00c9s b\u00e1r nem kell minden aj\u00e1nd\u00e9knak a ker\u00e9kp\u00e1roz\u00e1shoz kapcsol\u00f3dnia, neh\u00e9z m\u00e1sra gondolni, amikor MTB-s bar\u00e1tunk vagy csal\u00e1dtagunk csak a legut\u00f3bbi fantasztikus ugr\u00e1s\u00e1r\u00f3l besz\u00e9l. Hoztunk n\u00e9h\u00e1ny aj\u00e1nd\u00e9k\u00f6tletet, amivel nem foghatsz mell\u00e9!","breadcrumb":{"@id":"https:\/\/www.welovecycling.com\/hu\/kozosseg-es-kultura\/a-7-legjobb-ajandek-montisoknak\/#breadcrumb"},"inLanguage":"hu","potentialAction":[{"@type":"ReadAction","target":["https:\/\/www.welovecycling.com\/hu\/kozosseg-es-kultura\/a-7-legjobb-ajandek-montisoknak\/"]}]},{"@type":"ImageObject","inLanguage":"hu","@id":"https:\/\/www.welovecycling.com\/hu\/kozosseg-es-kultura\/a-7-legjobb-ajandek-montisoknak\/#primaryimage","url":"https:\/\/d2p6e6u75xmxt8.cloudfront.net\/12\/2022\/12\/Christmas-Tree-profimedia-0744732884-CVR.webp","contentUrl":"https:\/\/d2p6e6u75xmxt8.cloudfront.net\/12\/2022\/12\/Christmas-Tree-profimedia-0744732884-CVR.webp","width":990,"height":660,"caption":"Christmas Tree"},{"@type":"BreadcrumbList","@id":"https:\/\/www.welovecycling.com\/hu\/kozosseg-es-kultura\/a-7-legjobb-ajandek-montisoknak\/#breadcrumb","itemListElement":[{"@type":"ListItem","position":1,"name":"Home","item":"https:\/\/www.welovecycling.com\/hu\/"},{"@type":"ListItem","position":2,"name":"A 7 legjobb aj\u00e1nd\u00e9k montisoknak"}]},{"@type":"WebSite","@id":"https:\/\/www.welovecycling.com\/hu\/#website","url":"https:\/\/www.welovecycling.com\/hu\/","name":"\u0160koda We Love Cycling - Magyarorsz\u00e1g","description":"\u0160koda WeLoveCycling","potentialAction":[{"@type":"SearchAction","target":{"@type":"EntryPoint","urlTemplate":"https:\/\/www.welovecycling.com\/hu\/?s={search_term_string}"},"query-input":{"@type":"PropertyValueSpecification","valueRequired":true,"valueName":"search_term_string"}}],"inLanguage":"hu"},{"@type":"Person","@id":"https:\/\/www.welovecycling.com\/hu\/#\/schema\/person\/414a2aebf1801691a5320edb6468e194","name":"hegyizs","image":{"@type":"ImageObject","inLanguage":"hu","@id":"https:\/\/www.welovecycling.com\/hu\/#\/schema\/person\/image\/","url":"https:\/\/secure.gravatar.com\/avatar\/02cf8a7906b8cf90cecb4679defac7cfd33a1c2e3b88e4903d947f3bb58eedd3?s=96&d=mm&r=g","contentUrl":"https:\/\/secure.gravatar.com\/avatar\/02cf8a7906b8cf90cecb4679defac7cfd33a1c2e3b88e4903d947f3bb58eedd3?s=96&d=mm&r=g","caption":"hegyizs"},"url":"https:\/\/www.welovecycling.com\/hu\/author\/hegyizs\/"}]}},"_links":{"self":[{"href":"https:\/\/www.welovecycling.com\/hu\/wp-json\/wp\/v2\/posts\/16593","targetHints":{"allow":["GET"]}}],"collection":[{"href":"https:\/\/www.welovecycling.com\/hu\/wp-json\/wp\/v2\/posts"}],"about":[{"href":"https:\/\/www.welovecycling.com\/hu\/wp-json\/wp\/v2\/types\/post"}],"author":[{"embeddable":true,"href":"https:\/\/www.welovecycling.com\/hu\/wp-json\/wp\/v2\/users\/71"}],"replies":[{"embeddable":true,"href":"https:\/\/www.welovecycling.com\/hu\/wp-json\/wp\/v2\/comments?post=16593"}],"version-history":[{"count":2,"href":"https:\/\/www.welovecycling.com\/hu\/wp-json\/wp\/v2\/posts\/16593\/revisions"}],"predecessor-version":[{"id":16597,"href":"https:\/\/www.welovecycling.com\/hu\/wp-json\/wp\/v2\/posts\/16593\/revisions\/16597"}],"wp:featuredmedia":[{"embeddable":true,"href":"https:\/\/www.welovecycling.com\/hu\/wp-json\/wp\/v2\/media\/16596"}],"wp:attachment":[{"href":"https:\/\/www.welovecycling.com\/hu\/wp-json\/wp\/v2\/media?parent=16593"}],"wp:term":[{"taxonomy":"category","embeddable":true,"href":"https:\/\/www.welovecycling.com\/hu\/wp-json\/wp\/v2\/categories?post=16593"},{"taxonomy":"post_tag","embeddable":true,"href":"https:\/\/www.welovecycling.com\/hu\/wp-json\/wp\/v2\/tags?post=16593"},{"taxonomy":"global-categories","embeddable":true,"href":"https:\/\/www.welovecycling.com\/hu\/wp-json\/wp\/v2\/global-categories?post=16593"}],"curies":[{"name":"wp","href":"https:\/\/api.w.org\/{rel}","templated":true}]}}