{"id":16586,"date":"2022-12-18T08:00:25","date_gmt":"2022-12-18T06:00:25","guid":{"rendered":"https:\/\/www.welovecycling.com\/hu\/?p=16586"},"modified":"2022-12-16T15:22:58","modified_gmt":"2022-12-16T13:22:58","slug":"eleg-frusztralo-manapsag-ha-nem-vagy-szuperember","status":"publish","type":"post","link":"https:\/\/www.welovecycling.com\/hu\/orszaguti-kerekpar\/eleg-frusztralo-manapsag-ha-nem-vagy-szuperember\/","title":{"rendered":"\u201eEl\u00e9g frusztr\u00e1l\u00f3 manaps\u00e1g, ha nem vagy szuperember\u201d"},"content":{"rendered":"<p><strong>A junior-vil\u00e1gbajnok Quinn Simmons \u00e9rdekes vet\u00fclet\u00e9t vil\u00e1g\u00edtotta meg a mai profi versenyker\u00e9kp\u00e1roz\u00e1snak. Mint mondta, roppant inspir\u00e1l\u00f3 olyan \u00f6szt\u00f6n\u00f6s zsenikkel egy\u00fctt menni a mez\u0151nyben, mint p\u00e9ld\u00e1ul Remco Evenepoel, m\u00e1sr\u00e9szr\u0151l viszont pokolian neh\u00e9z a dolguk vel\u00fck szemben az \u201eegyszer\u0171 haland\u00f3knak\u201d, mint amilyen a versenyz\u0151k nagy r\u00e9sze.<\/strong><!--more--><\/p>\n<p>N\u00e9z\u0151k\u00e9nt, szurkol\u00f3k\u00e9nt igencsak el van k\u00e9nyeztetve manaps\u00e1g az egyszeri ker\u00e9kp\u00e1rkedvel\u0151. Elv\u00e9gre a kiv\u00e9teles zsenik \u00e9s szupertehets\u00e9gek kor\u00e1t \u00e9lj\u00fck: term\u00e9szetesnek vessz\u00fck, hogy a f\u0151szezonban szinte h\u00e9tr\u0151l h\u00e9tre l\u00e1thatunk egym\u00e1s ellen csat\u00e1zni Poga\u010darokat, Rogli\u010dokat, Evenepoelokat, Bernalokat, Van Aertokat, van der Poelokat, Gann\u00e1kat; \u00e9s szerencs\u00e9re m\u00e9g folytathatn\u00e1nk a sort hosszasan. A nagy orsz\u00e1g\u00fati gener\u00e1ci\u00f3v\u00e1lt\u00e1s mag\u00e1val hozta azt a tendenci\u00e1t, hogy \u2013 nem kis r\u00e9szben az eml\u00edtett extraklasszisok miatt is \u2013 napjainkban sokkal hamarabb \u201efel kell n\u0151nie\u201d a profi bring\u00e1soknak, mint kor\u00e1bban, hiszen ezek a sr\u00e1cok alig h\u00fasz\u00e9vesen gyakorlatilag leig\u00e1zt\u00e1k a vil\u00e1got, m\u00e1r eg\u00e9szen a kezdetekt\u0151l fogva szemtelen\u00fcl fiatal korukat meghazudtol\u00f3 term\u00e9szetess\u00e9ggel, magabiztoss\u00e1ggal \u00e9s \u00e9retts\u00e9ggel mennek a klasszikusok mellett a gyilkos h\u00e1romhetes k\u00f6rversenyeken is.<\/p>\n<figure id=\"attachment_16587\" aria-describedby=\"caption-attachment-16587\" style=\"width: 1024px\" class=\"wp-caption alignnone\"><img loading=\"lazy\" decoding=\"async\" class=\"size-full wp-image-16587\" src=\"https:\/\/d2p6e6u75xmxt8.cloudfront.net\/12\/2022\/12\/6246b5fb6ddd46d1b332d45709d940e1.webp\" alt=\"\" width=\"1024\" height=\"764\" srcset=\"https:\/\/d2p6e6u75xmxt8.cloudfront.net\/12\/2022\/12\/6246b5fb6ddd46d1b332d45709d940e1.webp 1024w, https:\/\/d2p6e6u75xmxt8.cloudfront.net\/12\/2022\/12\/6246b5fb6ddd46d1b332d45709d940e1-300x224.webp 300w, https:\/\/d2p6e6u75xmxt8.cloudfront.net\/12\/2022\/12\/6246b5fb6ddd46d1b332d45709d940e1-768x573.webp 768w\" sizes=\"auto, (max-width: 1024px) 100vw, 1024px\" \/><figcaption id=\"caption-attachment-16587\" class=\"wp-caption-text\">Evenepoelnak \u00e9s Poga\u010darnak jobb\u00e1ra a h\u00e1t\u00e1t n\u00e9zi a mez\u0151ny (fot\u00f3: AFP)<\/figcaption><\/figure>\n<p>Abba ugyanakkor hajlamosak kevesebben belegondolni, hogy b\u00e1r itt ez az \u00e1lland\u00f3an a reflektorf\u00e9nyben t\u00fcnd\u00f6kl\u0151 szupergener\u00e1ci\u00f3, az\u00e9rt alapvet\u0151en nem ez a jellemz\u0151: a profi mez\u0151ny nagy r\u00e9sze k\u00ednkeserves munk\u00e1val, a l\u00e9pcs\u0151fokokat fokozatosan v\u00e9ve \u00e9rik bele az elitbe, azzal a tudattal, hogy nekik val\u00f3sz\u00edn\u0171leg sokkal t\u00f6bbet kell szenvedni\u00fck ahhoz, hogy ak\u00e1r csak a nevezettek k\u00f6zel\u00e9be eljussanak. Ezt er\u0151s\u00edti meg Quinn Simmons is a Cyclingnews \u00e9s a Velonews szakport\u00e1loknak adott friss, izgalmas k\u00f6z\u00f6s interj\u00faj\u00e1ban. Az amerikaiak legnagyobb rem\u00e9nys\u00e9ge 2019-ben megnyerte az orsz\u00e1g\u00fati junior-vil\u00e1gbajnoks\u00e1got, \u00f3ri\u00e1si j\u00f6v\u0151t j\u00f3soltak neki, hamar be is \u00e1llt profinak. A Trek csapat\u00e1ban versenyz\u0151 Simmons nem is megy rosszul, hiszen tavaly deb\u00fct\u00e1l\u00f3 Grand Tour-versenyek\u00e9nt ott lehetett a Vuelt\u00e1n, megnyerte a vallon k\u00f6rt, id\u00e9n kiv\u00e1l\u00f3an szerepelt a Strade Bianch\u00e9n, ahol 7. lett, a Tirreno-Adriatic\u00f3n \u00e9s a sv\u00e1jci k\u00f6rversenyen megnyerte a hegyi pontversenyt, jutalmul bemutatkozhatott a Tour de France-on is, amelyet sz\u00e1mos sikeres elmen\u00e9ssel megsp\u00e9kelve v\u00e9gig is csin\u00e1lt, v\u00e9g\u00fcl a 11. helyen v\u00e9gzett a fiatalok verseny\u00e9ben.<\/p>\n<figure id=\"attachment_16591\" aria-describedby=\"caption-attachment-16591\" style=\"width: 855px\" class=\"wp-caption alignnone\"><img loading=\"lazy\" decoding=\"async\" class=\"wp-image-16591 size-full\" src=\"https:\/\/d2p6e6u75xmxt8.cloudfront.net\/12\/2022\/12\/wlc_20221216-1.webp\" alt=\"\" width=\"855\" height=\"573\" srcset=\"https:\/\/d2p6e6u75xmxt8.cloudfront.net\/12\/2022\/12\/wlc_20221216-1.webp 855w, https:\/\/d2p6e6u75xmxt8.cloudfront.net\/12\/2022\/12\/wlc_20221216-1-300x201.webp 300w, https:\/\/d2p6e6u75xmxt8.cloudfront.net\/12\/2022\/12\/wlc_20221216-1-768x515.webp 768w, https:\/\/d2p6e6u75xmxt8.cloudfront.net\/12\/2022\/12\/wlc_20221216-1-272x182.webp 272w\" sizes=\"auto, (max-width: 855px) 100vw, 855px\" \/><figcaption id=\"caption-attachment-16591\" class=\"wp-caption-text\">fot\u00f3: Getty<\/dd>\n<dd><\/figcaption><\/figure>\n<p>Nem sok oka lehet teh\u00e1t a panaszkod\u00e1sra, \u00e9s nem is ezt teszi, ugyanakkor \u00e9rdekes n\u00e9z\u0151pontb\u00f3l vil\u00e1g\u00edtotta meg ezt a mostani \u201eszuperemberek\u201d kor\u00e1t, amikor mindenki csak a nagy gy\u0151zelmeket v\u00e1rja, m\u00e1r a legfiatalabbakt\u00f3l is. <em>\u201eNagyon izgalmas manaps\u00e1g fiatal versenyz\u0151nek lenni, de egyszerre nagyon frusztr\u00e1l\u00f3 is, ha nem vagy ezeknek a szuperembereknek az egyike. Rendk\u00edv\u00fcl inspir\u00e1l\u00f3 \u00e9s men\u0151 ugyanannak a gener\u00e1ci\u00f3nak a tagja lenni, mint mondjuk Evenepoel, de ezzel egy\u00fctt ha nem nyersz, kezded \u00fagy \u00e9rezni, hogy lemaradsz m\u00f6g\u00f6tt\u00fck. Az \u00e9n koromban Poga\u010dar m\u00e1r megnyerte az els\u0151 Tourj\u00e1t. (\u2026) Lehet, hogy nekem ez m\u00e9g n\u00e9h\u00e1ny extra \u00e9vembe telik majd, vagy tal\u00e1n sosem t\u00f6rt\u00e9nik meg. De tov\u00e1bbra is hiszem, hogy egy ponton meg tudom nyerni a legnagyobb versenyeket. Nem tudom, mikor lesz, de minden \u00e9vben pr\u00f3b\u00e1lkozom, akkor is, ha megt\u00f6rt\u00e9nik, akkor is, ha nem!\u201d<\/em><\/p>\n<figure id=\"attachment_16589\" aria-describedby=\"caption-attachment-16589\" style=\"width: 1024px\" class=\"wp-caption alignnone\"><img loading=\"lazy\" decoding=\"async\" class=\"size-full wp-image-16589\" src=\"https:\/\/d2p6e6u75xmxt8.cloudfront.net\/12\/2022\/12\/rZfMze6kk5xBtyiM5mumfh.webp\" alt=\"\" width=\"1024\" height=\"683\" srcset=\"https:\/\/d2p6e6u75xmxt8.cloudfront.net\/12\/2022\/12\/rZfMze6kk5xBtyiM5mumfh.webp 1024w, https:\/\/d2p6e6u75xmxt8.cloudfront.net\/12\/2022\/12\/rZfMze6kk5xBtyiM5mumfh-300x200.webp 300w, https:\/\/d2p6e6u75xmxt8.cloudfront.net\/12\/2022\/12\/rZfMze6kk5xBtyiM5mumfh-768x512.webp 768w, https:\/\/d2p6e6u75xmxt8.cloudfront.net\/12\/2022\/12\/rZfMze6kk5xBtyiM5mumfh-272x182.webp 272w\" sizes=\"auto, (max-width: 1024px) 100vw, 1024px\" \/><figcaption id=\"caption-attachment-16589\" class=\"wp-caption-text\">fot\u00f3: Justin Setterfield\/Getty<\/figcaption><\/figure>\n<p>Bor\u00edt\u00f3: Luc Claessen\/Getty<\/p>\n","protected":false},"excerpt":{"rendered":"<p>A junior-vil\u00e1gbajnok Quinn Simmons \u00e9rdekes vet\u00fclet\u00e9t vil\u00e1g\u00edtotta meg a mai profi versenyker\u00e9kp\u00e1roz\u00e1snak. Mint mondta, roppant inspir\u00e1l\u00f3 olyan \u00f6szt\u00f6n\u00f6s zsenikkel egy\u00fctt [&hellip;]<\/p>\n","protected":false},"author":71,"featured_media":16588,"comment_status":"open","ping_status":"open","sticky":false,"template":"","format":"standard","meta":{"footnotes":""},"categories":[8],"tags":[],"global-categories":[],"class_list":["post-16586","post","type-post","status-publish","format-standard","has-post-thumbnail","hentry","category-orszaguti-kerekpar"],"yoast_head":"<!-- This site is optimized with the Yoast SEO Premium plugin v25.3 (Yoast SEO v25.9) - https:\/\/yoast.com\/wordpress\/plugins\/seo\/ -->\n<title>\u201eEl\u00e9g frusztr\u00e1l\u00f3 manaps\u00e1g, ha nem vagy szuperember\u201d<\/title>\n<meta name=\"description\" content=\"A junior-vil\u00e1gbajnok Quinn Simmons \u00e9rdekes vet\u00fclet\u00e9t vil\u00e1g\u00edtotta meg a mai profi versenyker\u00e9kp\u00e1roz\u00e1snak. Mint mondta, roppant inspir\u00e1l\u00f3 olyan \u00f6szt\u00f6n\u00f6s zsenikkel egy\u00fctt menni a mez\u0151nyben, mint p\u00e9ld\u00e1ul Remco Evenepoel, m\u00e1sr\u00e9szr\u0151l viszont pokolian neh\u00e9z a dolguk vel\u00fck szemben az \u201eegyszer\u0171 haland\u00f3knak\u201d, mint amilyen a versenyz\u0151k nagy r\u00e9sze.\" \/>\n<meta name=\"robots\" content=\"index, follow, max-snippet:-1, max-image-preview:large, max-video-preview:-1\" \/>\n<link rel=\"canonical\" href=\"https:\/\/www.welovecycling.com\/hu\/orszaguti-kerekpar\/eleg-frusztralo-manapsag-ha-nem-vagy-szuperember\/\" \/>\n<meta property=\"og:locale\" content=\"hu_HU\" \/>\n<meta property=\"og:type\" content=\"article\" \/>\n<meta property=\"og:title\" content=\"\u201eEl\u00e9g frusztr\u00e1l\u00f3 manaps\u00e1g, ha nem vagy szuperember\u201d\" \/>\n<meta property=\"og:description\" content=\"A junior-vil\u00e1gbajnok Quinn Simmons \u00e9rdekes vet\u00fclet\u00e9t vil\u00e1g\u00edtotta meg a mai profi versenyker\u00e9kp\u00e1roz\u00e1snak. Mint mondta, roppant inspir\u00e1l\u00f3 olyan \u00f6szt\u00f6n\u00f6s zsenikkel egy\u00fctt menni a mez\u0151nyben, mint p\u00e9ld\u00e1ul Remco Evenepoel, m\u00e1sr\u00e9szr\u0151l viszont pokolian neh\u00e9z a dolguk vel\u00fck szemben az \u201eegyszer\u0171 haland\u00f3knak\u201d, mint amilyen a versenyz\u0151k nagy r\u00e9sze.\" \/>\n<meta property=\"og:url\" content=\"https:\/\/www.welovecycling.com\/hu\/orszaguti-kerekpar\/eleg-frusztralo-manapsag-ha-nem-vagy-szuperember\/\" \/>\n<meta property=\"og:site_name\" content=\"\u0160koda We Love Cycling - Magyarorsz\u00e1g\" \/>\n<meta property=\"article:publisher\" content=\"https:\/\/www.facebook.com\/WeLoveCyclingHungary\/\" \/>\n<meta property=\"article:published_time\" content=\"2022-12-18T06:00:25+00:00\" \/>\n<meta property=\"og:image\" content=\"https:\/\/d2p6e6u75xmxt8.cloudfront.net\/12\/2022\/12\/GettyImages-1330059164.webp\" \/>\n\t<meta property=\"og:image:width\" content=\"2000\" \/>\n\t<meta property=\"og:image:height\" content=\"1333\" \/>\n\t<meta property=\"og:image:type\" content=\"image\/webp\" \/>\n<meta name=\"author\" content=\"hegyizs\" \/>\n<meta name=\"twitter:card\" content=\"summary_large_image\" \/>\n<meta name=\"twitter:label1\" content=\"Written by\" \/>\n\t<meta name=\"twitter:data1\" content=\"WLC\" \/>\n\t<meta name=\"twitter:label2\" content=\"Est. reading time\" \/>\n\t<meta name=\"twitter:data2\" content=\"3 minutes\" \/>\n<script type=\"application\/ld+json\" class=\"yoast-schema-graph\">{\"@context\":\"https:\/\/schema.org\",\"@graph\":[{\"@type\":\"WebPage\",\"@id\":\"https:\/\/www.welovecycling.com\/hu\/orszaguti-kerekpar\/eleg-frusztralo-manapsag-ha-nem-vagy-szuperember\/\",\"url\":\"https:\/\/www.welovecycling.com\/hu\/orszaguti-kerekpar\/eleg-frusztralo-manapsag-ha-nem-vagy-szuperember\/\",\"name\":\"\u201eEl\u00e9g frusztr\u00e1l\u00f3 manaps\u00e1g, ha nem vagy szuperember\u201d\",\"isPartOf\":{\"@id\":\"https:\/\/www.welovecycling.com\/hu\/#website\"},\"primaryImageOfPage\":{\"@id\":\"https:\/\/www.welovecycling.com\/hu\/orszaguti-kerekpar\/eleg-frusztralo-manapsag-ha-nem-vagy-szuperember\/#primaryimage\"},\"image\":{\"@id\":\"https:\/\/www.welovecycling.com\/hu\/orszaguti-kerekpar\/eleg-frusztralo-manapsag-ha-nem-vagy-szuperember\/#primaryimage\"},\"thumbnailUrl\":\"https:\/\/d2p6e6u75xmxt8.cloudfront.net\/12\/2022\/12\/GettyImages-1330059164.webp\",\"datePublished\":\"2022-12-18T06:00:25+00:00\",\"author\":{\"@id\":\"https:\/\/www.welovecycling.com\/hu\/#\/schema\/person\/414a2aebf1801691a5320edb6468e194\"},\"description\":\"A junior-vil\u00e1gbajnok Quinn Simmons \u00e9rdekes vet\u00fclet\u00e9t vil\u00e1g\u00edtotta meg a mai profi versenyker\u00e9kp\u00e1roz\u00e1snak. Mint mondta, roppant inspir\u00e1l\u00f3 olyan \u00f6szt\u00f6n\u00f6s zsenikkel egy\u00fctt menni a mez\u0151nyben, mint p\u00e9ld\u00e1ul Remco Evenepoel, m\u00e1sr\u00e9szr\u0151l viszont pokolian neh\u00e9z a dolguk vel\u00fck szemben az \u201eegyszer\u0171 haland\u00f3knak\u201d, mint amilyen a versenyz\u0151k nagy r\u00e9sze.\",\"breadcrumb\":{\"@id\":\"https:\/\/www.welovecycling.com\/hu\/orszaguti-kerekpar\/eleg-frusztralo-manapsag-ha-nem-vagy-szuperember\/#breadcrumb\"},\"inLanguage\":\"hu\",\"potentialAction\":[{\"@type\":\"ReadAction\",\"target\":[\"https:\/\/www.welovecycling.com\/hu\/orszaguti-kerekpar\/eleg-frusztralo-manapsag-ha-nem-vagy-szuperember\/\"]}]},{\"@type\":\"ImageObject\",\"inLanguage\":\"hu\",\"@id\":\"https:\/\/www.welovecycling.com\/hu\/orszaguti-kerekpar\/eleg-frusztralo-manapsag-ha-nem-vagy-szuperember\/#primaryimage\",\"url\":\"https:\/\/d2p6e6u75xmxt8.cloudfront.net\/12\/2022\/12\/GettyImages-1330059164.webp\",\"contentUrl\":\"https:\/\/d2p6e6u75xmxt8.cloudfront.net\/12\/2022\/12\/GettyImages-1330059164.webp\",\"width\":2000,\"height\":1333},{\"@type\":\"BreadcrumbList\",\"@id\":\"https:\/\/www.welovecycling.com\/hu\/orszaguti-kerekpar\/eleg-frusztralo-manapsag-ha-nem-vagy-szuperember\/#breadcrumb\",\"itemListElement\":[{\"@type\":\"ListItem\",\"position\":1,\"name\":\"Home\",\"item\":\"https:\/\/www.welovecycling.com\/hu\/\"},{\"@type\":\"ListItem\",\"position\":2,\"name\":\"\u201eEl\u00e9g frusztr\u00e1l\u00f3 manaps\u00e1g, ha nem vagy szuperember\u201d\"}]},{\"@type\":\"WebSite\",\"@id\":\"https:\/\/www.welovecycling.com\/hu\/#website\",\"url\":\"https:\/\/www.welovecycling.com\/hu\/\",\"name\":\"\u0160koda We Love Cycling - Magyarorsz\u00e1g\",\"description\":\"\u0160koda WeLoveCycling\",\"potentialAction\":[{\"@type\":\"SearchAction\",\"target\":{\"@type\":\"EntryPoint\",\"urlTemplate\":\"https:\/\/www.welovecycling.com\/hu\/?s={search_term_string}\"},\"query-input\":{\"@type\":\"PropertyValueSpecification\",\"valueRequired\":true,\"valueName\":\"search_term_string\"}}],\"inLanguage\":\"hu\"},{\"@type\":\"Person\",\"@id\":\"https:\/\/www.welovecycling.com\/hu\/#\/schema\/person\/414a2aebf1801691a5320edb6468e194\",\"name\":\"hegyizs\",\"image\":{\"@type\":\"ImageObject\",\"inLanguage\":\"hu\",\"@id\":\"https:\/\/www.welovecycling.com\/hu\/#\/schema\/person\/image\/\",\"url\":\"https:\/\/secure.gravatar.com\/avatar\/02cf8a7906b8cf90cecb4679defac7cfd33a1c2e3b88e4903d947f3bb58eedd3?s=96&d=mm&r=g\",\"contentUrl\":\"https:\/\/secure.gravatar.com\/avatar\/02cf8a7906b8cf90cecb4679defac7cfd33a1c2e3b88e4903d947f3bb58eedd3?s=96&d=mm&r=g\",\"caption\":\"hegyizs\"},\"url\":\"https:\/\/www.welovecycling.com\/hu\/author\/hegyizs\/\"}]}<\/script>\n<!-- \/ Yoast SEO Premium plugin. -->","yoast_head_json":{"title":"\u201eEl\u00e9g frusztr\u00e1l\u00f3 manaps\u00e1g, ha nem vagy szuperember\u201d","description":"A junior-vil\u00e1gbajnok Quinn Simmons \u00e9rdekes vet\u00fclet\u00e9t vil\u00e1g\u00edtotta meg a mai profi versenyker\u00e9kp\u00e1roz\u00e1snak. Mint mondta, roppant inspir\u00e1l\u00f3 olyan \u00f6szt\u00f6n\u00f6s zsenikkel egy\u00fctt menni a mez\u0151nyben, mint p\u00e9ld\u00e1ul Remco Evenepoel, m\u00e1sr\u00e9szr\u0151l viszont pokolian neh\u00e9z a dolguk vel\u00fck szemben az \u201eegyszer\u0171 haland\u00f3knak\u201d, mint amilyen a versenyz\u0151k nagy r\u00e9sze.","robots":{"index":"index","follow":"follow","max-snippet":"max-snippet:-1","max-image-preview":"max-image-preview:large","max-video-preview":"max-video-preview:-1"},"canonical":"https:\/\/www.welovecycling.com\/hu\/orszaguti-kerekpar\/eleg-frusztralo-manapsag-ha-nem-vagy-szuperember\/","og_locale":"hu_HU","og_type":"article","og_title":"\u201eEl\u00e9g frusztr\u00e1l\u00f3 manaps\u00e1g, ha nem vagy szuperember\u201d","og_description":"A junior-vil\u00e1gbajnok Quinn Simmons \u00e9rdekes vet\u00fclet\u00e9t vil\u00e1g\u00edtotta meg a mai profi versenyker\u00e9kp\u00e1roz\u00e1snak. Mint mondta, roppant inspir\u00e1l\u00f3 olyan \u00f6szt\u00f6n\u00f6s zsenikkel egy\u00fctt menni a mez\u0151nyben, mint p\u00e9ld\u00e1ul Remco Evenepoel, m\u00e1sr\u00e9szr\u0151l viszont pokolian neh\u00e9z a dolguk vel\u00fck szemben az \u201eegyszer\u0171 haland\u00f3knak\u201d, mint amilyen a versenyz\u0151k nagy r\u00e9sze.","og_url":"https:\/\/www.welovecycling.com\/hu\/orszaguti-kerekpar\/eleg-frusztralo-manapsag-ha-nem-vagy-szuperember\/","og_site_name":"\u0160koda We Love Cycling - Magyarorsz\u00e1g","article_publisher":"https:\/\/www.facebook.com\/WeLoveCyclingHungary\/","article_published_time":"2022-12-18T06:00:25+00:00","og_image":[{"width":2000,"height":1333,"url":"https:\/\/d2p6e6u75xmxt8.cloudfront.net\/12\/2022\/12\/GettyImages-1330059164.webp","type":"image\/webp"}],"author":"hegyizs","twitter_card":"summary_large_image","twitter_misc":{"Written by":"WLC","Est. reading time":"3 minutes"},"schema":{"@context":"https:\/\/schema.org","@graph":[{"@type":"WebPage","@id":"https:\/\/www.welovecycling.com\/hu\/orszaguti-kerekpar\/eleg-frusztralo-manapsag-ha-nem-vagy-szuperember\/","url":"https:\/\/www.welovecycling.com\/hu\/orszaguti-kerekpar\/eleg-frusztralo-manapsag-ha-nem-vagy-szuperember\/","name":"\u201eEl\u00e9g frusztr\u00e1l\u00f3 manaps\u00e1g, ha nem vagy szuperember\u201d","isPartOf":{"@id":"https:\/\/www.welovecycling.com\/hu\/#website"},"primaryImageOfPage":{"@id":"https:\/\/www.welovecycling.com\/hu\/orszaguti-kerekpar\/eleg-frusztralo-manapsag-ha-nem-vagy-szuperember\/#primaryimage"},"image":{"@id":"https:\/\/www.welovecycling.com\/hu\/orszaguti-kerekpar\/eleg-frusztralo-manapsag-ha-nem-vagy-szuperember\/#primaryimage"},"thumbnailUrl":"https:\/\/d2p6e6u75xmxt8.cloudfront.net\/12\/2022\/12\/GettyImages-1330059164.webp","datePublished":"2022-12-18T06:00:25+00:00","author":{"@id":"https:\/\/www.welovecycling.com\/hu\/#\/schema\/person\/414a2aebf1801691a5320edb6468e194"},"description":"A junior-vil\u00e1gbajnok Quinn Simmons \u00e9rdekes vet\u00fclet\u00e9t vil\u00e1g\u00edtotta meg a mai profi versenyker\u00e9kp\u00e1roz\u00e1snak. Mint mondta, roppant inspir\u00e1l\u00f3 olyan \u00f6szt\u00f6n\u00f6s zsenikkel egy\u00fctt menni a mez\u0151nyben, mint p\u00e9ld\u00e1ul Remco Evenepoel, m\u00e1sr\u00e9szr\u0151l viszont pokolian neh\u00e9z a dolguk vel\u00fck szemben az \u201eegyszer\u0171 haland\u00f3knak\u201d, mint amilyen a versenyz\u0151k nagy r\u00e9sze.","breadcrumb":{"@id":"https:\/\/www.welovecycling.com\/hu\/orszaguti-kerekpar\/eleg-frusztralo-manapsag-ha-nem-vagy-szuperember\/#breadcrumb"},"inLanguage":"hu","potentialAction":[{"@type":"ReadAction","target":["https:\/\/www.welovecycling.com\/hu\/orszaguti-kerekpar\/eleg-frusztralo-manapsag-ha-nem-vagy-szuperember\/"]}]},{"@type":"ImageObject","inLanguage":"hu","@id":"https:\/\/www.welovecycling.com\/hu\/orszaguti-kerekpar\/eleg-frusztralo-manapsag-ha-nem-vagy-szuperember\/#primaryimage","url":"https:\/\/d2p6e6u75xmxt8.cloudfront.net\/12\/2022\/12\/GettyImages-1330059164.webp","contentUrl":"https:\/\/d2p6e6u75xmxt8.cloudfront.net\/12\/2022\/12\/GettyImages-1330059164.webp","width":2000,"height":1333},{"@type":"BreadcrumbList","@id":"https:\/\/www.welovecycling.com\/hu\/orszaguti-kerekpar\/eleg-frusztralo-manapsag-ha-nem-vagy-szuperember\/#breadcrumb","itemListElement":[{"@type":"ListItem","position":1,"name":"Home","item":"https:\/\/www.welovecycling.com\/hu\/"},{"@type":"ListItem","position":2,"name":"\u201eEl\u00e9g frusztr\u00e1l\u00f3 manaps\u00e1g, ha nem vagy szuperember\u201d"}]},{"@type":"WebSite","@id":"https:\/\/www.welovecycling.com\/hu\/#website","url":"https:\/\/www.welovecycling.com\/hu\/","name":"\u0160koda We Love Cycling - Magyarorsz\u00e1g","description":"\u0160koda WeLoveCycling","potentialAction":[{"@type":"SearchAction","target":{"@type":"EntryPoint","urlTemplate":"https:\/\/www.welovecycling.com\/hu\/?s={search_term_string}"},"query-input":{"@type":"PropertyValueSpecification","valueRequired":true,"valueName":"search_term_string"}}],"inLanguage":"hu"},{"@type":"Person","@id":"https:\/\/www.welovecycling.com\/hu\/#\/schema\/person\/414a2aebf1801691a5320edb6468e194","name":"hegyizs","image":{"@type":"ImageObject","inLanguage":"hu","@id":"https:\/\/www.welovecycling.com\/hu\/#\/schema\/person\/image\/","url":"https:\/\/secure.gravatar.com\/avatar\/02cf8a7906b8cf90cecb4679defac7cfd33a1c2e3b88e4903d947f3bb58eedd3?s=96&d=mm&r=g","contentUrl":"https:\/\/secure.gravatar.com\/avatar\/02cf8a7906b8cf90cecb4679defac7cfd33a1c2e3b88e4903d947f3bb58eedd3?s=96&d=mm&r=g","caption":"hegyizs"},"url":"https:\/\/www.welovecycling.com\/hu\/author\/hegyizs\/"}]}},"_links":{"self":[{"href":"https:\/\/www.welovecycling.com\/hu\/wp-json\/wp\/v2\/posts\/16586","targetHints":{"allow":["GET"]}}],"collection":[{"href":"https:\/\/www.welovecycling.com\/hu\/wp-json\/wp\/v2\/posts"}],"about":[{"href":"https:\/\/www.welovecycling.com\/hu\/wp-json\/wp\/v2\/types\/post"}],"author":[{"embeddable":true,"href":"https:\/\/www.welovecycling.com\/hu\/wp-json\/wp\/v2\/users\/71"}],"replies":[{"embeddable":true,"href":"https:\/\/www.welovecycling.com\/hu\/wp-json\/wp\/v2\/comments?post=16586"}],"version-history":[{"count":1,"href":"https:\/\/www.welovecycling.com\/hu\/wp-json\/wp\/v2\/posts\/16586\/revisions"}],"predecessor-version":[{"id":16592,"href":"https:\/\/www.welovecycling.com\/hu\/wp-json\/wp\/v2\/posts\/16586\/revisions\/16592"}],"wp:featuredmedia":[{"embeddable":true,"href":"https:\/\/www.welovecycling.com\/hu\/wp-json\/wp\/v2\/media\/16588"}],"wp:attachment":[{"href":"https:\/\/www.welovecycling.com\/hu\/wp-json\/wp\/v2\/media?parent=16586"}],"wp:term":[{"taxonomy":"category","embeddable":true,"href":"https:\/\/www.welovecycling.com\/hu\/wp-json\/wp\/v2\/categories?post=16586"},{"taxonomy":"post_tag","embeddable":true,"href":"https:\/\/www.welovecycling.com\/hu\/wp-json\/wp\/v2\/tags?post=16586"},{"taxonomy":"global-categories","embeddable":true,"href":"https:\/\/www.welovecycling.com\/hu\/wp-json\/wp\/v2\/global-categories?post=16586"}],"curies":[{"name":"wp","href":"https:\/\/api.w.org\/{rel}","templated":true}]}}