{"id":16578,"date":"2022-12-14T08:00:53","date_gmt":"2022-12-14T06:00:53","guid":{"rendered":"https:\/\/www.welovecycling.com\/hu\/?p=16578"},"modified":"2022-12-09T16:50:31","modified_gmt":"2022-12-09T14:50:31","slug":"szivfrekvencia-variabilitas-gyakori-tevhitek","status":"publish","type":"post","link":"https:\/\/www.welovecycling.com\/hu\/edzes-es-eletmod\/szivfrekvencia-variabilitas-gyakori-tevhitek\/","title":{"rendered":"Sz\u00edvfrekvencia-variabilit\u00e1s \u2013 Gyakori t\u00e9vhitek"},"content":{"rendered":"<p><strong>A sportol\u00f3k egyre gyakrabban haszn\u00e1lj\u00e1k a sz\u00edvfrekvencia-variabilit\u00e1st, amely hat\u00e9kony eszk\u00f6z lehet edz\u00e9seik koordin\u00e1l\u00e1s\u00e1hoz, felt\u00e9ve, ha j\u00f3l \u00e9rtelmezik azt. Ebben a cikkben ler\u00e1ntjuk a leplet a leggyakoribb t\u00e9vhitekr\u0151l, \u00edgy sok olyan inform\u00e1ci\u00f3hoz juthatsz, amir\u0151l a t\u00f6bbs\u00e9g nem tud.<\/strong><\/p>\n<p><!--more--><\/p>\n<h2><strong> 1. t\u00e9vhit: A HRV pontos m\u00e9r\u00e9s\u00e9hez mellkasp\u00e1ntra van sz\u00fcks\u00e9ged<\/strong><\/h2>\n<p>A HRV m\u00e9r\u00e9s\u00e9nek standard m\u00f3dja az elektrokardiogram (EKG), melynek sor\u00e1n a mellkasra helyezett elektr\u00f3d\u00e1kat haszn\u00e1lnak. Tanulm\u00e1nyok kimutatt\u00e1k, hogy ez szinte t\u00f6k\u00e9letesen megegyezik a fotopletizmogr\u00e1fi\u00e1val (PPG), ami szint\u00e9n egy a HRV k\u00f6vet\u00e9s\u00e9re alkalmas technol\u00f3gia, melynek sor\u00e1n egy telefon kamer\u00e1j\u00e1t vagy egy okos\u00f3ra \u00e9rz\u00e9kel\u0151j\u00e9t haszn\u00e1lj\u00e1k.<\/p>\n<p>Teh\u00e1t a HRV nyomon k\u00f6vet\u00e9s\u00e9hez \u2013 amit legt\u00f6bbsz\u00f6r nyugalmi \u00e1llapotban kell v\u00e9gezni \u2013 haszn\u00e1lhatsz EKG-t, mellkasp\u00e1ntot, okos\u00f3r\u00e1t vagy ak\u00e1r a telefonod kamer\u00e1j\u00e1t, \u00e9s m\u00e9gis pontos eredm\u00e9nyeket kaphatsz. A PPG k\u00f6vet\u00e9ssel az a legnagyobb probl\u00e9ma, hogy a mozg\u00e1s miatt kev\u00e9sb\u00e9 pontos a m\u00e9r\u00e9s. Egy mellkasp\u00e1nt mindenk\u00e9ppen seg\u00edthet ebben, de az \u00e9jszakai nyomon k\u00f6vet\u00e9st v\u00e9gz\u0151 okos\u00f3r\u00e1k is megoldhatj\u00e1k ezt a probl\u00e9m\u00e1t, mivel alv\u00e1s k\u00f6zben hossz\u00fa ideig nem mozogsz.<\/p>\n<h2><strong> 2. t\u00e9vhit: Az \u00e9jszakai m\u00e9r\u00e9s a legjobb<\/strong><\/h2>\n<p>K\u00e9tf\u00e9lek\u00e9ppen lehet pontos \u00e9s eredm\u00e9nyes HRV-m\u00e9r\u00e9st v\u00e9gezni: \u00e9jszaka \u00e9s reggel. Ezek k\u00f6z\u00fcl az \u00e9jszakai m\u00e9r\u00e9s kicsit nehezebb, mert minden egyes alv\u00e1si f\u00e1zis &#8211; mint p\u00e9ld\u00e1ul a fel\u00fcletes alv\u00e1s, a m\u00e9ly alv\u00e1s \u00e9s a REM f\u00e1zis &#8211; m\u00e1s-m\u00e1s hat\u00e1ssal van a HRV-re. Teh\u00e1t a pontos m\u00e9r\u00e9shez, eg\u00e9sz \u00e9jszak\u00e1n \u00e1t tart\u00f3, folyamatos megfigyel\u00e9sre van sz\u00fcks\u00e9g, nem csak n\u00e9h\u00e1ny v\u00e9letlenszer\u0171 id\u0151pontban v\u00e9grehajtott m\u00e9r\u00e9sre. Az \u00edgy kapott adatok megfelel\u0151 \u00e9rtelmez\u00e9s\u00e9hez pedig sz\u00fcks\u00e9g van egy bizonyos szoftverre.<\/p>\n<p>Azt is \u00e9rdemes megeml\u00edteni, hogy az esti testmozg\u00e1s hat\u00e1ssal lehet az \u00e9jszakai HRV-m\u00e9r\u00e9sre, ugyanis edz\u00e9s ut\u00e1n m\u00e9g eltart egy ideig, mire a HRV-d vissza\u00e1ll a norm\u00e1lis szintre. \u00cdgy, ha lefekv\u00e9s el\u0151tt 1-2 \u00f3r\u00e1val fejezel be egy kem\u00e9ny edz\u00e9st, az megt\u00e9vesztheti a m\u00e9r\u0151eszk\u00f6z\u00f6det \u00e9s azt az eredm\u00e9nyt kaphatod, hogy t\u00f6bb pihen\u00e9sre van sz\u00fcks\u00e9ged. Ilyen esetben \u00e9rdemes a m\u00e9r\u00e9st reggel, teljesen kipihent \u00e1llapotban v\u00e9grehajtani \u2013 val\u00f3sz\u00edn\u0171leg m\u00e1s eredm\u00e9nyt fogsz kapni.<\/p>\n<p>Persze a reggeli m\u00e9r\u00e9snek is vannak h\u00e1tr\u00e1nyai. P\u00e9ld\u00e1ul \u00fcgyelned kell arra, hogy v\u00e9gig mozdulatlan maradj, f\u0151leg, ha a PPG technol\u00f3gi\u00e1t haszn\u00e1lod. Valamint fontos, hogy \u00e9bred\u00e9s ut\u00e1n ez legyen az els\u0151 dolgod, mivel min\u00e9l t\u00f6bb id\u0151 telik el, ann\u00e1l pontatlanabb lesz a m\u00e9r\u00e9s.<\/p>\n<figure id=\"attachment_16579\" aria-describedby=\"caption-attachment-16579\" style=\"width: 1250px\" class=\"wp-caption alignnone\"><a href=\"https:\/\/d2p6e6u75xmxt8.cloudfront.net\/12\/2022\/12\/race-profimedia-0426127863.webp\"><img loading=\"lazy\" decoding=\"async\" class=\"wp-image-16579 size-full\" src=\"https:\/\/d2p6e6u75xmxt8.cloudfront.net\/12\/2022\/12\/race-profimedia-0426127863.webp\" alt=\"a group of cyclists\" width=\"1250\" height=\"832\" srcset=\"https:\/\/d2p6e6u75xmxt8.cloudfront.net\/12\/2022\/12\/race-profimedia-0426127863.webp 1250w, https:\/\/d2p6e6u75xmxt8.cloudfront.net\/12\/2022\/12\/race-profimedia-0426127863-300x200.webp 300w, https:\/\/d2p6e6u75xmxt8.cloudfront.net\/12\/2022\/12\/race-profimedia-0426127863-1024x682.webp 1024w, https:\/\/d2p6e6u75xmxt8.cloudfront.net\/12\/2022\/12\/race-profimedia-0426127863-768x511.webp 768w, https:\/\/d2p6e6u75xmxt8.cloudfront.net\/12\/2022\/12\/race-profimedia-0426127863-272x182.webp 272w\" sizes=\"auto, (max-width: 1250px) 100vw, 1250px\" \/><\/a><figcaption id=\"caption-attachment-16579\" class=\"wp-caption-text\"><em>A sz\u00edvfrekvencia-variabilit\u00e1s (HRV) m\u00e9r\u00e9se seg\u00edthet megtudnod, mikor van sz\u00fcks\u00e9ged regener\u00e1l\u00f3d\u00e1sra, mikor eddz, \u00e9s hogyan maradj eg\u00e9szs\u00e9ges. \u00a9 Profimedia, ddp images<\/em><\/figcaption><\/figure>\n<h2><strong> 3. t\u00e9vhit: A k\u00f6zvetlen\u00fcl bicikliz\u00e9s el\u0151tti HRV m\u00e9r\u00e9s a legjobb<\/strong><\/h2>\n<p>A sz\u00edvfrekvencia-variabilit\u00e1s el\u00e1rulja, hogy a tested k\u00e9szen \u00e1ll-e egy nagyobb intenzit\u00e1s\u00fa edz\u00e9sre, vagy \u00e9rdemes-e ink\u00e1bb egy k\u00f6nnyedebb teker\u00e9s mellett d\u00f6ntened. \u00c1m nem fogsz pontos eredm\u00e9nyeket kapni, ha a m\u00e9r\u00e9st k\u00f6zvetlen\u00fcl bicikliz\u00e9s el\u0151tt v\u00e9gzed el. S\u0151t, az \u00e1tmeneti stresszorok miatt az adatok val\u00f3j\u00e1ban teljesen haszontalanok lesznek. Az olyan dolgok, mint a fizikai aktivit\u00e1s, az em\u00e9szt\u00e9s, a koffein vagy ak\u00e1r a bar\u00e1tokkal vagy a csal\u00e1ddal val\u00f3 besz\u00e9lget\u00e9s \u00e1tmenetileg megv\u00e1ltoztathatj\u00e1k a HRV-t. Az \u00e1tmeneti stresszorok hat\u00e1sa alatt v\u00e9gzett m\u00e9r\u00e9s nem \u00e1rulja el, hogy mennyire kipihent vagy \u00e9pp kimer\u00fclt a tested. Ez a f\u0151 oka annak, hogy a reggeli vagy \u00e9jszakai m\u00e9r\u00e9s a legjobb.<\/p>\n<h2><strong> 4. t\u00e9vhit: A nyugalmi pulzussz\u00e1m ugyanaz, mint a HRV<\/strong><\/h2>\n<p>Val\u00f3ban sok k\u00f6z\u00f6s van benn\u00fck. A nyugalmi pulzussz\u00e1m (RHR) \u00e9s a sz\u00edvfrekvencia-variabilit\u00e1s p\u00e9ld\u00e1ul egyar\u00e1nt v\u00e1ltozik a stresszorok hat\u00e1s\u00e1ra. Az RHR-t azonban csak a nagy stresszorok befoly\u00e1solj\u00e1k, \u00e9s csak nagyon kis m\u00e9rt\u00e9kben v\u00e1ltozik. A HRV sokkal \u00e9rz\u00e9kenyebb \u00e9s pontosabb m\u00e9r\u0151sz\u00e1m. Egy tanulm\u00e1ny \u00f6sszehasonl\u00edtotta, hogy k\u00fcl\u00f6nb\u00f6z\u0151 stresszorok hat\u00e1s\u00e1ra hogyan v\u00e1ltozik a k\u00e9t m\u00e9r\u0151sz\u00e1m, \u00e9s meg\u00e1llap\u00edtotta, hogy az RHR csak 0,5-1% k\u00f6z\u00f6tt v\u00e1ltozik, m\u00edg a HRV ak\u00e1r 5-10%-kal is v\u00e1ltozhat. Tov\u00e1bb\u00e1 mindk\u00e9t m\u00e9r\u0151sz\u00e1mot kiss\u00e9 elt\u00e9r\u0151 c\u00e9lb\u00f3l alkalmazz\u00e1k, valamint ak\u00e1r kombin\u00e1lva is haszn\u00e1lhat\u00f3k, ahogy azt <a href=\"https:\/\/www.welovecycling.com\/hu\/edzes-es-eletmod\/szivfrekvencia-variabilitas-hogyan-hasznald-az-edzeseid-soran\/\">az el\u0151z\u0151 cikkben kifejtett\u00fck. <\/a><\/p>\n<h2><strong> 5. t\u00e9vhit: Folyamatosan fejlesztened kell a HRV-det<\/strong><\/h2>\n<p>Vannak m\u00f3dszerek, melyekkel fejleszthet\u0151 a HRV, ahogyan azt m\u00e1r <a href=\"https:\/\/www.welovecycling.com\/hu\/edzes-es-eletmod\/szivfrekvencia-variabilitas-hogyan-fejleszd\/\">kor\u00e1bban is t\u00e1rgyaltuk<\/a>. Fontos azonban szem el\u0151tt tartani, hogy fejl\u0151d\u00e9st csak az \u00e9letm\u00f3dbeli probl\u00e9m\u00e1k megfelel\u0151 kezel\u00e9s\u00e9vel lehet el\u00e9rni.<\/p>\n<ul>\n<li>Kr\u00f3nikus stressz<\/li>\n<li>Alv\u00e1shi\u00e1ny<\/li>\n<li>Rossz t\u00e1pl\u00e1lkoz\u00e1s<\/li>\n<li>Kev\u00e9s mozg\u00e1s<\/li>\n<li>Gyakori alkoholfogyaszt\u00e1s<\/li>\n<\/ul>\n<p>A fent eml\u00edtett probl\u00e9m\u00e1k kezel\u00e9s\u00e9vel p\u00e9ld\u00e1ul jav\u00edthat\u00f3 a HRV, de a t\u00f6bbi m\u00e1r legink\u00e1bb a genetik\u00e1dt\u00f3l f\u00fcgg. A HRV-t ink\u00e1bb folyamatos visszacsatol\u00e1sk\u00e9nt kell haszn\u00e1lnod arra vonatkoz\u00f3an, hogy hogyan kezeled a stresszt, nem pedig \u00fagy kell r\u00e1 tekintened, mint a teljes\u00edtm\u00e9nyre, amit meg kell pr\u00f3b\u00e1lnod folyamatosan fejleszteni.<\/p>\n<h2><strong> 6. t\u00e9vhit: A HRV csak akkor hasznos, ha kem\u00e9nyen edzel \u00e9s versenyzel<\/strong><\/h2>\n<p>Val\u00f3j\u00e1ban l\u00e9nyegtelen, hogy profi vagy vagy tegnap ker\u00e9kp\u00e1rozt\u00e1l \u00e9letedben el\u0151sz\u00f6r. Nem a bicikliz\u00e9s az egyetlen stresszor az \u00e9letedben, \u00edgy nem ez az egyetlen ter\u00fclet sem, ahol a HRV hasznos lehet. A HRV-t p\u00e9ld\u00e1ul pszichol\u00f3gusok \u00e9s terapeut\u00e1k is haszn\u00e1lj\u00e1k, hogy megfigyelj\u00e9k, hogyan reag\u00e1lnak a p\u00e1cienseik a stresszre, \u00edgy megfelel\u0151 seg\u00edts\u00e9get tudnak nekik ny\u00fajtani. A HRV emellett seg\u00edthet \u00e9szrevenni, ha esetleg egy megbeteged\u00e9s k\u00fcsz\u00f6b\u00e9n \u00e1llsz. Tov\u00e1bb\u00e1 azt is el\u00e1rulja, mennyire j\u00f3l kezeled a munkahelyi t\u00f6bbletterhel\u00e9st, a p\u00e1rkapcsolati probl\u00e9m\u00e1kat vagy a p\u00e9nz\u00fcgyi gondokat. Min\u00e9l t\u00f6bb id\u0151t t\u00f6ltesz a HRV megismer\u00e9s\u00e9vel \u00e9s m\u00e9r\u00e9s\u00e9vel, ann\u00e1l t\u00f6bb felhaszn\u00e1l\u00e1si lehet\u0151s\u00e9get fedezhetsz fel.<\/p>\n","protected":false},"excerpt":{"rendered":"<p>A sportol\u00f3k egyre gyakrabban haszn\u00e1lj\u00e1k a sz\u00edvfrekvencia-variabilit\u00e1st, amely hat\u00e9kony eszk\u00f6z lehet edz\u00e9seik koordin\u00e1l\u00e1s\u00e1hoz, felt\u00e9ve, ha j\u00f3l \u00e9rtelmezik azt. Ebben a [&hellip;]<\/p>\n","protected":false},"author":71,"featured_media":16581,"comment_status":"open","ping_status":"open","sticky":false,"template":"","format":"standard","meta":{"footnotes":""},"categories":[6],"tags":[],"global-categories":[],"class_list":["post-16578","post","type-post","status-publish","format-standard","has-post-thumbnail","hentry","category-edzes-es-eletmod"],"yoast_head":"<!-- This site is optimized with the Yoast SEO Premium plugin v25.3 (Yoast SEO v25.9) - https:\/\/yoast.com\/wordpress\/plugins\/seo\/ -->\n<title>Sz\u00edvfrekvencia-variabilit\u00e1s \u2013 Gyakori t\u00e9vhitek<\/title>\n<meta name=\"description\" content=\"A sportol\u00f3k egyre gyakrabban haszn\u00e1lj\u00e1k a sz\u00edvfrekvencia-variabilit\u00e1st, amely hat\u00e9kony eszk\u00f6z lehet edz\u00e9seik koordin\u00e1l\u00e1s\u00e1hoz, felt\u00e9ve, ha j\u00f3l \u00e9rtelmezik azt. Ebben a cikkben ler\u00e1ntjuk a leplet a leggyakoribb t\u00e9vhitekr\u0151l, \u00edgy sok olyan inform\u00e1ci\u00f3hoz juthatsz, amir\u0151l a t\u00f6bbs\u00e9g nem tud.\" \/>\n<meta name=\"robots\" content=\"index, follow, max-snippet:-1, max-image-preview:large, max-video-preview:-1\" \/>\n<link rel=\"canonical\" href=\"https:\/\/www.welovecycling.com\/hu\/edzes-es-eletmod\/szivfrekvencia-variabilitas-gyakori-tevhitek\/\" \/>\n<meta property=\"og:locale\" content=\"hu_HU\" \/>\n<meta property=\"og:type\" content=\"article\" \/>\n<meta property=\"og:title\" content=\"Sz\u00edvfrekvencia-variabilit\u00e1s \u2013 Gyakori t\u00e9vhitek\" \/>\n<meta property=\"og:description\" content=\"A sportol\u00f3k egyre gyakrabban haszn\u00e1lj\u00e1k a sz\u00edvfrekvencia-variabilit\u00e1st, amely hat\u00e9kony eszk\u00f6z lehet edz\u00e9seik koordin\u00e1l\u00e1s\u00e1hoz, felt\u00e9ve, ha j\u00f3l \u00e9rtelmezik azt. Ebben a cikkben ler\u00e1ntjuk a leplet a leggyakoribb t\u00e9vhitekr\u0151l, \u00edgy sok olyan inform\u00e1ci\u00f3hoz juthatsz, amir\u0151l a t\u00f6bbs\u00e9g nem tud.\" \/>\n<meta property=\"og:url\" content=\"https:\/\/www.welovecycling.com\/hu\/edzes-es-eletmod\/szivfrekvencia-variabilitas-gyakori-tevhitek\/\" \/>\n<meta property=\"og:site_name\" content=\"\u0160koda We Love Cycling - Magyarorsz\u00e1g\" \/>\n<meta property=\"article:publisher\" content=\"https:\/\/www.facebook.com\/WeLoveCyclingHungary\/\" \/>\n<meta property=\"article:published_time\" content=\"2022-12-14T06:00:53+00:00\" \/>\n<meta property=\"og:image\" content=\"https:\/\/d2p6e6u75xmxt8.cloudfront.net\/12\/2022\/12\/Cycling-Training-profimedia-0740739676-CVR.webp\" \/>\n\t<meta property=\"og:image:width\" content=\"990\" \/>\n\t<meta property=\"og:image:height\" content=\"660\" \/>\n\t<meta property=\"og:image:type\" content=\"image\/webp\" \/>\n<meta name=\"author\" content=\"hegyizs\" \/>\n<meta name=\"twitter:card\" content=\"summary_large_image\" \/>\n<meta name=\"twitter:label1\" content=\"Written by\" \/>\n\t<meta name=\"twitter:data1\" content=\"Jiri Kaloc\" \/>\n\t<meta name=\"twitter:label2\" content=\"Est. reading time\" \/>\n\t<meta name=\"twitter:data2\" content=\"5\" \/>\n<script type=\"application\/ld+json\" class=\"yoast-schema-graph\">{\"@context\":\"https:\/\/schema.org\",\"@graph\":[{\"@type\":\"WebPage\",\"@id\":\"https:\/\/www.welovecycling.com\/hu\/edzes-es-eletmod\/szivfrekvencia-variabilitas-gyakori-tevhitek\/\",\"url\":\"https:\/\/www.welovecycling.com\/hu\/edzes-es-eletmod\/szivfrekvencia-variabilitas-gyakori-tevhitek\/\",\"name\":\"Sz\u00edvfrekvencia-variabilit\u00e1s \u2013 Gyakori t\u00e9vhitek\",\"isPartOf\":{\"@id\":\"https:\/\/www.welovecycling.com\/hu\/#website\"},\"primaryImageOfPage\":{\"@id\":\"https:\/\/www.welovecycling.com\/hu\/edzes-es-eletmod\/szivfrekvencia-variabilitas-gyakori-tevhitek\/#primaryimage\"},\"image\":{\"@id\":\"https:\/\/www.welovecycling.com\/hu\/edzes-es-eletmod\/szivfrekvencia-variabilitas-gyakori-tevhitek\/#primaryimage\"},\"thumbnailUrl\":\"https:\/\/d2p6e6u75xmxt8.cloudfront.net\/12\/2022\/12\/Cycling-Training-profimedia-0740739676-CVR.webp\",\"datePublished\":\"2022-12-14T06:00:53+00:00\",\"author\":{\"@id\":\"https:\/\/www.welovecycling.com\/hu\/#\/schema\/person\/414a2aebf1801691a5320edb6468e194\"},\"description\":\"A sportol\u00f3k egyre gyakrabban haszn\u00e1lj\u00e1k a sz\u00edvfrekvencia-variabilit\u00e1st, amely hat\u00e9kony eszk\u00f6z lehet edz\u00e9seik koordin\u00e1l\u00e1s\u00e1hoz, felt\u00e9ve, ha j\u00f3l \u00e9rtelmezik azt. Ebben a cikkben ler\u00e1ntjuk a leplet a leggyakoribb t\u00e9vhitekr\u0151l, \u00edgy sok olyan inform\u00e1ci\u00f3hoz juthatsz, amir\u0151l a t\u00f6bbs\u00e9g nem tud.\",\"breadcrumb\":{\"@id\":\"https:\/\/www.welovecycling.com\/hu\/edzes-es-eletmod\/szivfrekvencia-variabilitas-gyakori-tevhitek\/#breadcrumb\"},\"inLanguage\":\"hu\",\"potentialAction\":[{\"@type\":\"ReadAction\",\"target\":[\"https:\/\/www.welovecycling.com\/hu\/edzes-es-eletmod\/szivfrekvencia-variabilitas-gyakori-tevhitek\/\"]}]},{\"@type\":\"ImageObject\",\"inLanguage\":\"hu\",\"@id\":\"https:\/\/www.welovecycling.com\/hu\/edzes-es-eletmod\/szivfrekvencia-variabilitas-gyakori-tevhitek\/#primaryimage\",\"url\":\"https:\/\/d2p6e6u75xmxt8.cloudfront.net\/12\/2022\/12\/Cycling-Training-profimedia-0740739676-CVR.webp\",\"contentUrl\":\"https:\/\/d2p6e6u75xmxt8.cloudfront.net\/12\/2022\/12\/Cycling-Training-profimedia-0740739676-CVR.webp\",\"width\":990,\"height\":660,\"caption\":\"Cycling Training\"},{\"@type\":\"BreadcrumbList\",\"@id\":\"https:\/\/www.welovecycling.com\/hu\/edzes-es-eletmod\/szivfrekvencia-variabilitas-gyakori-tevhitek\/#breadcrumb\",\"itemListElement\":[{\"@type\":\"ListItem\",\"position\":1,\"name\":\"Home\",\"item\":\"https:\/\/www.welovecycling.com\/hu\/\"},{\"@type\":\"ListItem\",\"position\":2,\"name\":\"Sz\u00edvfrekvencia-variabilit\u00e1s \u2013 Gyakori t\u00e9vhitek\"}]},{\"@type\":\"WebSite\",\"@id\":\"https:\/\/www.welovecycling.com\/hu\/#website\",\"url\":\"https:\/\/www.welovecycling.com\/hu\/\",\"name\":\"\u0160koda We Love Cycling - Magyarorsz\u00e1g\",\"description\":\"\u0160koda WeLoveCycling\",\"potentialAction\":[{\"@type\":\"SearchAction\",\"target\":{\"@type\":\"EntryPoint\",\"urlTemplate\":\"https:\/\/www.welovecycling.com\/hu\/?s={search_term_string}\"},\"query-input\":{\"@type\":\"PropertyValueSpecification\",\"valueRequired\":true,\"valueName\":\"search_term_string\"}}],\"inLanguage\":\"hu\"},{\"@type\":\"Person\",\"@id\":\"https:\/\/www.welovecycling.com\/hu\/#\/schema\/person\/414a2aebf1801691a5320edb6468e194\",\"name\":\"hegyizs\",\"image\":{\"@type\":\"ImageObject\",\"inLanguage\":\"hu\",\"@id\":\"https:\/\/www.welovecycling.com\/hu\/#\/schema\/person\/image\/\",\"url\":\"https:\/\/secure.gravatar.com\/avatar\/02cf8a7906b8cf90cecb4679defac7cfd33a1c2e3b88e4903d947f3bb58eedd3?s=96&d=mm&r=g\",\"contentUrl\":\"https:\/\/secure.gravatar.com\/avatar\/02cf8a7906b8cf90cecb4679defac7cfd33a1c2e3b88e4903d947f3bb58eedd3?s=96&d=mm&r=g\",\"caption\":\"hegyizs\"},\"url\":\"https:\/\/www.welovecycling.com\/hu\/author\/hegyizs\/\"}]}<\/script>\n<!-- \/ Yoast SEO Premium plugin. -->","yoast_head_json":{"title":"Sz\u00edvfrekvencia-variabilit\u00e1s \u2013 Gyakori t\u00e9vhitek","description":"A sportol\u00f3k egyre gyakrabban haszn\u00e1lj\u00e1k a sz\u00edvfrekvencia-variabilit\u00e1st, amely hat\u00e9kony eszk\u00f6z lehet edz\u00e9seik koordin\u00e1l\u00e1s\u00e1hoz, felt\u00e9ve, ha j\u00f3l \u00e9rtelmezik azt. Ebben a cikkben ler\u00e1ntjuk a leplet a leggyakoribb t\u00e9vhitekr\u0151l, \u00edgy sok olyan inform\u00e1ci\u00f3hoz juthatsz, amir\u0151l a t\u00f6bbs\u00e9g nem tud.","robots":{"index":"index","follow":"follow","max-snippet":"max-snippet:-1","max-image-preview":"max-image-preview:large","max-video-preview":"max-video-preview:-1"},"canonical":"https:\/\/www.welovecycling.com\/hu\/edzes-es-eletmod\/szivfrekvencia-variabilitas-gyakori-tevhitek\/","og_locale":"hu_HU","og_type":"article","og_title":"Sz\u00edvfrekvencia-variabilit\u00e1s \u2013 Gyakori t\u00e9vhitek","og_description":"A sportol\u00f3k egyre gyakrabban haszn\u00e1lj\u00e1k a sz\u00edvfrekvencia-variabilit\u00e1st, amely hat\u00e9kony eszk\u00f6z lehet edz\u00e9seik koordin\u00e1l\u00e1s\u00e1hoz, felt\u00e9ve, ha j\u00f3l \u00e9rtelmezik azt. Ebben a cikkben ler\u00e1ntjuk a leplet a leggyakoribb t\u00e9vhitekr\u0151l, \u00edgy sok olyan inform\u00e1ci\u00f3hoz juthatsz, amir\u0151l a t\u00f6bbs\u00e9g nem tud.","og_url":"https:\/\/www.welovecycling.com\/hu\/edzes-es-eletmod\/szivfrekvencia-variabilitas-gyakori-tevhitek\/","og_site_name":"\u0160koda We Love Cycling - Magyarorsz\u00e1g","article_publisher":"https:\/\/www.facebook.com\/WeLoveCyclingHungary\/","article_published_time":"2022-12-14T06:00:53+00:00","og_image":[{"width":990,"height":660,"url":"https:\/\/d2p6e6u75xmxt8.cloudfront.net\/12\/2022\/12\/Cycling-Training-profimedia-0740739676-CVR.webp","type":"image\/webp"}],"author":"hegyizs","twitter_card":"summary_large_image","twitter_misc":{"Written by":"Jiri Kaloc","Est. reading time":"5"},"schema":{"@context":"https:\/\/schema.org","@graph":[{"@type":"WebPage","@id":"https:\/\/www.welovecycling.com\/hu\/edzes-es-eletmod\/szivfrekvencia-variabilitas-gyakori-tevhitek\/","url":"https:\/\/www.welovecycling.com\/hu\/edzes-es-eletmod\/szivfrekvencia-variabilitas-gyakori-tevhitek\/","name":"Sz\u00edvfrekvencia-variabilit\u00e1s \u2013 Gyakori t\u00e9vhitek","isPartOf":{"@id":"https:\/\/www.welovecycling.com\/hu\/#website"},"primaryImageOfPage":{"@id":"https:\/\/www.welovecycling.com\/hu\/edzes-es-eletmod\/szivfrekvencia-variabilitas-gyakori-tevhitek\/#primaryimage"},"image":{"@id":"https:\/\/www.welovecycling.com\/hu\/edzes-es-eletmod\/szivfrekvencia-variabilitas-gyakori-tevhitek\/#primaryimage"},"thumbnailUrl":"https:\/\/d2p6e6u75xmxt8.cloudfront.net\/12\/2022\/12\/Cycling-Training-profimedia-0740739676-CVR.webp","datePublished":"2022-12-14T06:00:53+00:00","author":{"@id":"https:\/\/www.welovecycling.com\/hu\/#\/schema\/person\/414a2aebf1801691a5320edb6468e194"},"description":"A sportol\u00f3k egyre gyakrabban haszn\u00e1lj\u00e1k a sz\u00edvfrekvencia-variabilit\u00e1st, amely hat\u00e9kony eszk\u00f6z lehet edz\u00e9seik koordin\u00e1l\u00e1s\u00e1hoz, felt\u00e9ve, ha j\u00f3l \u00e9rtelmezik azt. Ebben a cikkben ler\u00e1ntjuk a leplet a leggyakoribb t\u00e9vhitekr\u0151l, \u00edgy sok olyan inform\u00e1ci\u00f3hoz juthatsz, amir\u0151l a t\u00f6bbs\u00e9g nem tud.","breadcrumb":{"@id":"https:\/\/www.welovecycling.com\/hu\/edzes-es-eletmod\/szivfrekvencia-variabilitas-gyakori-tevhitek\/#breadcrumb"},"inLanguage":"hu","potentialAction":[{"@type":"ReadAction","target":["https:\/\/www.welovecycling.com\/hu\/edzes-es-eletmod\/szivfrekvencia-variabilitas-gyakori-tevhitek\/"]}]},{"@type":"ImageObject","inLanguage":"hu","@id":"https:\/\/www.welovecycling.com\/hu\/edzes-es-eletmod\/szivfrekvencia-variabilitas-gyakori-tevhitek\/#primaryimage","url":"https:\/\/d2p6e6u75xmxt8.cloudfront.net\/12\/2022\/12\/Cycling-Training-profimedia-0740739676-CVR.webp","contentUrl":"https:\/\/d2p6e6u75xmxt8.cloudfront.net\/12\/2022\/12\/Cycling-Training-profimedia-0740739676-CVR.webp","width":990,"height":660,"caption":"Cycling Training"},{"@type":"BreadcrumbList","@id":"https:\/\/www.welovecycling.com\/hu\/edzes-es-eletmod\/szivfrekvencia-variabilitas-gyakori-tevhitek\/#breadcrumb","itemListElement":[{"@type":"ListItem","position":1,"name":"Home","item":"https:\/\/www.welovecycling.com\/hu\/"},{"@type":"ListItem","position":2,"name":"Sz\u00edvfrekvencia-variabilit\u00e1s \u2013 Gyakori t\u00e9vhitek"}]},{"@type":"WebSite","@id":"https:\/\/www.welovecycling.com\/hu\/#website","url":"https:\/\/www.welovecycling.com\/hu\/","name":"\u0160koda We Love Cycling - Magyarorsz\u00e1g","description":"\u0160koda WeLoveCycling","potentialAction":[{"@type":"SearchAction","target":{"@type":"EntryPoint","urlTemplate":"https:\/\/www.welovecycling.com\/hu\/?s={search_term_string}"},"query-input":{"@type":"PropertyValueSpecification","valueRequired":true,"valueName":"search_term_string"}}],"inLanguage":"hu"},{"@type":"Person","@id":"https:\/\/www.welovecycling.com\/hu\/#\/schema\/person\/414a2aebf1801691a5320edb6468e194","name":"hegyizs","image":{"@type":"ImageObject","inLanguage":"hu","@id":"https:\/\/www.welovecycling.com\/hu\/#\/schema\/person\/image\/","url":"https:\/\/secure.gravatar.com\/avatar\/02cf8a7906b8cf90cecb4679defac7cfd33a1c2e3b88e4903d947f3bb58eedd3?s=96&d=mm&r=g","contentUrl":"https:\/\/secure.gravatar.com\/avatar\/02cf8a7906b8cf90cecb4679defac7cfd33a1c2e3b88e4903d947f3bb58eedd3?s=96&d=mm&r=g","caption":"hegyizs"},"url":"https:\/\/www.welovecycling.com\/hu\/author\/hegyizs\/"}]}},"_links":{"self":[{"href":"https:\/\/www.welovecycling.com\/hu\/wp-json\/wp\/v2\/posts\/16578","targetHints":{"allow":["GET"]}}],"collection":[{"href":"https:\/\/www.welovecycling.com\/hu\/wp-json\/wp\/v2\/posts"}],"about":[{"href":"https:\/\/www.welovecycling.com\/hu\/wp-json\/wp\/v2\/types\/post"}],"author":[{"embeddable":true,"href":"https:\/\/www.welovecycling.com\/hu\/wp-json\/wp\/v2\/users\/71"}],"replies":[{"embeddable":true,"href":"https:\/\/www.welovecycling.com\/hu\/wp-json\/wp\/v2\/comments?post=16578"}],"version-history":[{"count":2,"href":"https:\/\/www.welovecycling.com\/hu\/wp-json\/wp\/v2\/posts\/16578\/revisions"}],"predecessor-version":[{"id":16582,"href":"https:\/\/www.welovecycling.com\/hu\/wp-json\/wp\/v2\/posts\/16578\/revisions\/16582"}],"wp:featuredmedia":[{"embeddable":true,"href":"https:\/\/www.welovecycling.com\/hu\/wp-json\/wp\/v2\/media\/16581"}],"wp:attachment":[{"href":"https:\/\/www.welovecycling.com\/hu\/wp-json\/wp\/v2\/media?parent=16578"}],"wp:term":[{"taxonomy":"category","embeddable":true,"href":"https:\/\/www.welovecycling.com\/hu\/wp-json\/wp\/v2\/categories?post=16578"},{"taxonomy":"post_tag","embeddable":true,"href":"https:\/\/www.welovecycling.com\/hu\/wp-json\/wp\/v2\/tags?post=16578"},{"taxonomy":"global-categories","embeddable":true,"href":"https:\/\/www.welovecycling.com\/hu\/wp-json\/wp\/v2\/global-categories?post=16578"}],"curies":[{"name":"wp","href":"https:\/\/api.w.org\/{rel}","templated":true}]}}