{"id":16570,"date":"2022-12-12T08:00:35","date_gmt":"2022-12-12T06:00:35","guid":{"rendered":"https:\/\/www.welovecycling.com\/hu\/?p=16570"},"modified":"2022-12-09T16:49:10","modified_gmt":"2022-12-09T14:49:10","slug":"egyre-nagyobb-lenduletet-kapnak-a-gravel-versenyek-a-gravel-earth-sorozat","status":"publish","type":"post","link":"https:\/\/www.welovecycling.com\/hu\/trekking-mtb\/egyre-nagyobb-lenduletet-kapnak-a-gravel-versenyek-a-gravel-earth-sorozat\/","title":{"rendered":"Egyre nagyobb lend\u00fcletet kapnak a gravel versenyek \u2013 A Gravel Earth Sorozat"},"content":{"rendered":"<p><strong>A UCI okt\u00f3berben osztotta ki az els\u0151 gravel vil\u00e1gbajnoki c\u00edmeket &#8211; a belga Gianni Vermeesh lett az els\u0151 f\u00e9rfi vil\u00e1gbajnok, a n\u0151i vil\u00e1gbajnoki c\u00edmet, \u00e9s ezzel a sziv\u00e1rv\u00e1nyos trik\u00f3 visel\u00e9s\u00e9nek jog\u00e1t pedig a francia Pauline Ferrand-Privot szerezte meg.<\/strong><\/p>\n<p><!--more--><\/p>\n<p>A f\u00e9rfiak verseny\u00e9ben sz\u00e1mos olyan figyelemre m\u00e9lt\u00f3 ker\u00e9kp\u00e1ros vett r\u00e9szt, akik v\u00e9g\u00fcl nem arattak gy\u0151zelmet. A t\u00f6bbsz\u00f6r\u00f6s cyclocross vil\u00e1gbajnok \u00e9s Tour de France szakaszgy\u0151ztes Mathieu van der Poel p\u00e9ld\u00e1ul harmadik lett, m\u00edg Peter Sagan, aki h\u00e9tszer is elnyerte a Tour de France \u0160koda Z\u00f6ld Trik\u00f3t, mind\u00f6ssze a 14. helyen v\u00e9gzett. A november 30-\u00e1n sajn\u00e1latos m\u00f3don elhunyt Davide Rebellin, a valaha volt egyik legjobb olasz orsz\u00e1g\u00fati versenyz\u0151 a 39. helyen v\u00e9gzett a versenyen r\u00e9szt vev\u0151 99 ker\u00e9kp\u00e1ros k\u00f6z\u00fcl, ami leny\u0171g\u00f6z\u0151 teljes\u00edtm\u00e9ny egy 51 \u00e9ves sportol\u00f3t\u00f3l.<\/p>\n<p>Alig t\u00f6bb mint egy h\u00f3nappal e m\u00e9rf\u00f6ldk\u0151nek sz\u00e1m\u00edt\u00f3 bajnoks\u00e1gok ut\u00e1n, a Klassmark bejelentette, hogy 2023-ban egy \u00faj glob\u00e1lis gravel versenysorozat deb\u00fct\u00e1l majd. A Gravel Earth nevet visel\u0151 sorozat hat-nyolc versenysz\u00e1mb\u00f3l fog \u00e1llni, melyeket a vil\u00e1g k\u00fcl\u00f6nb\u00f6z\u0151 helysz\u00ednein kell majd teljes\u00edteni. A d\u00f6nt\u0151 bajnoks\u00e1g pedig okt\u00f3ber-november k\u00f6rny\u00e9k\u00e9n ker\u00fcl majd megrendez\u00e9sre, egy, m\u00e9g meg nem hat\u00e1rozott helysz\u00ednen. A sorozatot<em> &#8220;azzal a t\u00f6rekv\u00e9ssel hozt\u00e1k l\u00e9tre, hogy meg\u0151rizz\u00e9k [a gravel] l\u00e9nyeg\u00e9t [\u00e9s] felh\u00edvj\u00e1k a figyelmet a F\u00f6ldet \u00e9rint\u0151 legfontosabb probl\u00e9m\u00e1kra. Fontos, hogy minden versenysz\u00e1mban els\u0151sorban a sport \u00e9s a k\u00f6rnyezet szeretete \u00e9rv\u00e9nyes\u00fclj\u00f6n&#8221;.<\/em><\/p>\n<p>Cristina Freixes, a Klassmark t\u00e1rstulajdonosa el\u00e1rulta, hogy a Gravel Earth m\u00f6g\u00f6tt az az elk\u00e9pzel\u00e9s \u00e1llt, hogy t\u00f6bb ker\u00e9kp\u00e1rrajong\u00f3t ismertessenek meg a vil\u00e1g rendk\u00edv\u00fcli helyein zajl\u00f3 k\u00fcl\u00f6nb\u00f6z\u0151 terepversenyekkel. <em>&#8220;Egyedi st\u00edlus\u00fa versenysz\u00e1mokat szerett\u00fcnk volna v\u00e1lasztani, melyeket csod\u00e1latos helysz\u00edneken kell teljes\u00edteni&#8221; <\/em>&#8211; mondta. <em>&#8220;Hogy ink\u00e1bb \u00e9lm\u00e9nyt ny\u00fajtsunk, mint egy szimpla versenyt&#8221;.<\/em><\/p>\n<p>A sorozat a La Traka-val indul a spanyolorsz\u00e1gi Giron\u00e1ban. Az els\u0151 szakasz \u00e1prilis 29-30 k\u00f6z\u00f6tt zajlik majd. Ezt k\u00f6veti a j\u00fanius 20-23 k\u00f6z\u00f6tt a n\u00e9gyszakaszos Migration Gravel Race a kenyai Maasai Mar\u00e1ban. Majd, n\u00e9h\u00e1ny nappal k\u00e9s\u0151bb Franciaorsz\u00e1gba utaznak a gravel versenyz\u0151k, hogy r\u00e9szt vegyenek a Nature is Bike futamon. J\u00falius 1-j\u00e9n a sv\u00e1jci Alpok sz\u00edv\u00e9ben, Andermattban folytat\u00f3dik a kih\u00edv\u00e1s az Octopus Gravel versennyel, ami id\u0151m\u00e9r\u0151 szakaszokb\u00f3l \u00e1ll majd. Ezt a versenysz\u00e1mot, j\u00falius 23-\u00e1n egy egyszakaszos verseny k\u00f6veti az izlandi The Riftben, majd augusztus 12-\u00e9n egy \u00fajabb egyszakaszos versenyre ker\u00fcl sor a sv\u00e9dorsz\u00e1gi Bergslagenben. Ez azt\u00e1n az utaz\u00e1s!<\/p>\n<p>A sorozat azonban nem csak v\u00e1rosn\u00e9z\u00e9sb\u0151l \u00e1ll. Az egyes versenysz\u00e1mok sor\u00e1n a legjobb f\u00e9rfi, n\u0151i \u00e9s nem-bin\u00e1ris c\u00e9lba \u00e9rkez\u0151k pontokat kapnak majd (a pontok k\u00fcl\u00f6nb\u00f6z\u0151 s\u00falyoz\u00e1ssal ker\u00fclnek besz\u00e1m\u00edt\u00e1sra az adott versenysz\u00e1m &#8220;neh\u00e9zs\u00e9g\u00e9t\u0151l \u00e9s preszt\u00edzs\u00e9t\u0151l&#8221; f\u00fcgg\u0151en). A v\u00e9gs\u0151 helyez\u00e9seket a versenyz\u0151k k\u00e9t legjobb pontsz\u00e1m\u00e1nak \u00f6sszege, valamint a d\u00f6nt\u0151n el\u00e9rt eredm\u00e9nyeik hat\u00e1rozz\u00e1k meg, amely szakaszon persze t\u00f6bb pontot lehet majd szerezni, mint a kor\u00e1bbi versenyeken.<\/p>\n<p>Mivel az egyes versenysz\u00e1mok elt\u00e9r\u0151 min\u0151s\u00edt\u00e9st kapnak, a versenyz\u0151knek lehet\u0151s\u00e9g\u00fck lesz arra, hogy csak a st\u00edlusuknak \u00e9s k\u00e9pess\u00e9geiknek legink\u00e1bb megfelel\u0151 versenysz\u00e1mokban vegyenek r\u00e9szt. A szakaszversenyeket kedvel\u0151k p\u00e9ld\u00e1ul v\u00e1laszthatj\u00e1k a kenyai Migration Gravel Race-t, amely 12 000 pontot \u00e9r, szemben az egyenk\u00e9nt 9\u00a0000 pontot \u00e9r\u0151 sv\u00e9d \u00e9s izlandi versenyekkel. Freixes szerint <em>&#8220;ez az oszt\u00e1lyoz\u00e1si forma meg fogja mutatni, hogy kik az \u00e9v legsokoldal\u00fabb ker\u00e9kp\u00e1rosai&#8221;. <\/em><\/p>\n<p>Az Earth Sorozat c\u00e9lja a gravel versenyz\u00e9s \u00e9s a k\u00f6rnyezetv\u00e9delmi eszm\u00e9k n\u00e9pszer\u0171s\u00edt\u00e9se. &#8220;<em>A Gravel Earth Sorozat szakaszai lehet\u0151s\u00e9get biztos\u00edtanak a nagyk\u00f6z\u00f6ns\u00e9g sz\u00e1m\u00e1ra, hogy val\u00f3di kapcsolatra tegyenek szert a F\u00f6lddel, a kev\u00e9sb\u00e9 l\u00e1togatott, t\u00e1voli ter\u00fcleteken is&#8221;<\/em> &#8211; \u00e1ll a sajt\u00f3k\u00f6zlem\u00e9nyben. <em>&#8220;A legfontosabb a t\u00e1j\u00e9rt\u00e9k \u00e9s a term\u00e9szeti k\u00f6rnyezet&#8221;.<\/em><\/p>\n","protected":false},"excerpt":{"rendered":"<p>A UCI okt\u00f3berben osztotta ki az els\u0151 gravel vil\u00e1gbajnoki c\u00edmeket &#8211; a belga Gianni Vermeesh lett az els\u0151 f\u00e9rfi vil\u00e1gbajnok, [&hellip;]<\/p>\n","protected":false},"author":71,"featured_media":16571,"comment_status":"open","ping_status":"open","sticky":false,"template":"","format":"standard","meta":{"footnotes":""},"categories":[7],"tags":[],"global-categories":[],"class_list":["post-16570","post","type-post","status-publish","format-standard","has-post-thumbnail","hentry","category-trekking-mtb"],"yoast_head":"<!-- This site is optimized with the Yoast SEO Premium plugin v25.3 (Yoast SEO v25.9) - https:\/\/yoast.com\/wordpress\/plugins\/seo\/ -->\n<title>Egyre nagyobb lend\u00fcletet kapnak a gravel versenyek \u2013 A Gravel Earth Sorozat<\/title>\n<meta name=\"description\" content=\"A UCI okt\u00f3berben osztotta ki az els\u0151 gravel vil\u00e1gbajnoki c\u00edmeket - a belga Gianni Vermeesh lett az els\u0151 f\u00e9rfi vil\u00e1gbajnok, a n\u0151i vil\u00e1gbajnoki c\u00edmet, \u00e9s ezzel a sziv\u00e1rv\u00e1nyos trik\u00f3 visel\u00e9s\u00e9nek jog\u00e1t pedig a francia Pauline Ferrand-Privot szerezte meg.\" \/>\n<meta name=\"robots\" content=\"index, follow, max-snippet:-1, max-image-preview:large, max-video-preview:-1\" \/>\n<link rel=\"canonical\" href=\"https:\/\/www.welovecycling.com\/hu\/trekking-mtb\/egyre-nagyobb-lenduletet-kapnak-a-gravel-versenyek-a-gravel-earth-sorozat\/\" \/>\n<meta property=\"og:locale\" content=\"hu_HU\" \/>\n<meta property=\"og:type\" content=\"article\" \/>\n<meta property=\"og:title\" content=\"Egyre nagyobb lend\u00fcletet kapnak a gravel versenyek \u2013 A Gravel Earth Sorozat\" \/>\n<meta property=\"og:description\" content=\"A UCI okt\u00f3berben osztotta ki az els\u0151 gravel vil\u00e1gbajnoki c\u00edmeket - a belga Gianni Vermeesh lett az els\u0151 f\u00e9rfi vil\u00e1gbajnok, a n\u0151i vil\u00e1gbajnoki c\u00edmet, \u00e9s ezzel a sziv\u00e1rv\u00e1nyos trik\u00f3 visel\u00e9s\u00e9nek jog\u00e1t pedig a francia Pauline Ferrand-Privot szerezte meg.\" \/>\n<meta property=\"og:url\" content=\"https:\/\/www.welovecycling.com\/hu\/trekking-mtb\/egyre-nagyobb-lenduletet-kapnak-a-gravel-versenyek-a-gravel-earth-sorozat\/\" \/>\n<meta property=\"og:site_name\" content=\"\u0160koda We Love Cycling - Magyarorsz\u00e1g\" \/>\n<meta property=\"article:publisher\" content=\"https:\/\/www.facebook.com\/WeLoveCyclingHungary\/\" \/>\n<meta property=\"article:published_time\" content=\"2022-12-12T06:00:35+00:00\" \/>\n<meta property=\"og:image\" content=\"https:\/\/d2p6e6u75xmxt8.cloudfront.net\/12\/2022\/12\/UCI-Gravel-Race-profimedia-0729344374-CVR.webp\" \/>\n\t<meta property=\"og:image:width\" content=\"990\" \/>\n\t<meta property=\"og:image:height\" content=\"660\" \/>\n\t<meta property=\"og:image:type\" content=\"image\/webp\" \/>\n<meta name=\"author\" content=\"hegyizs\" \/>\n<meta name=\"twitter:card\" content=\"summary_large_image\" \/>\n<meta name=\"twitter:label1\" content=\"Written by\" \/>\n\t<meta name=\"twitter:data1\" content=\"Siegfried Mortkowitz\" \/>\n\t<meta name=\"twitter:label2\" content=\"Est. reading time\" \/>\n\t<meta name=\"twitter:data2\" content=\"5\" \/>\n<script type=\"application\/ld+json\" class=\"yoast-schema-graph\">{\"@context\":\"https:\/\/schema.org\",\"@graph\":[{\"@type\":\"WebPage\",\"@id\":\"https:\/\/www.welovecycling.com\/hu\/trekking-mtb\/egyre-nagyobb-lenduletet-kapnak-a-gravel-versenyek-a-gravel-earth-sorozat\/\",\"url\":\"https:\/\/www.welovecycling.com\/hu\/trekking-mtb\/egyre-nagyobb-lenduletet-kapnak-a-gravel-versenyek-a-gravel-earth-sorozat\/\",\"name\":\"Egyre nagyobb lend\u00fcletet kapnak a gravel versenyek \u2013 A Gravel Earth Sorozat\",\"isPartOf\":{\"@id\":\"https:\/\/www.welovecycling.com\/hu\/#website\"},\"primaryImageOfPage\":{\"@id\":\"https:\/\/www.welovecycling.com\/hu\/trekking-mtb\/egyre-nagyobb-lenduletet-kapnak-a-gravel-versenyek-a-gravel-earth-sorozat\/#primaryimage\"},\"image\":{\"@id\":\"https:\/\/www.welovecycling.com\/hu\/trekking-mtb\/egyre-nagyobb-lenduletet-kapnak-a-gravel-versenyek-a-gravel-earth-sorozat\/#primaryimage\"},\"thumbnailUrl\":\"https:\/\/d2p6e6u75xmxt8.cloudfront.net\/12\/2022\/12\/UCI-Gravel-Race-profimedia-0729344374-CVR.webp\",\"datePublished\":\"2022-12-12T06:00:35+00:00\",\"author\":{\"@id\":\"https:\/\/www.welovecycling.com\/hu\/#\/schema\/person\/414a2aebf1801691a5320edb6468e194\"},\"description\":\"A UCI okt\u00f3berben osztotta ki az els\u0151 gravel vil\u00e1gbajnoki c\u00edmeket - a belga Gianni Vermeesh lett az els\u0151 f\u00e9rfi vil\u00e1gbajnok, a n\u0151i vil\u00e1gbajnoki c\u00edmet, \u00e9s ezzel a sziv\u00e1rv\u00e1nyos trik\u00f3 visel\u00e9s\u00e9nek jog\u00e1t pedig a francia Pauline Ferrand-Privot szerezte meg.\",\"breadcrumb\":{\"@id\":\"https:\/\/www.welovecycling.com\/hu\/trekking-mtb\/egyre-nagyobb-lenduletet-kapnak-a-gravel-versenyek-a-gravel-earth-sorozat\/#breadcrumb\"},\"inLanguage\":\"hu\",\"potentialAction\":[{\"@type\":\"ReadAction\",\"target\":[\"https:\/\/www.welovecycling.com\/hu\/trekking-mtb\/egyre-nagyobb-lenduletet-kapnak-a-gravel-versenyek-a-gravel-earth-sorozat\/\"]}]},{\"@type\":\"ImageObject\",\"inLanguage\":\"hu\",\"@id\":\"https:\/\/www.welovecycling.com\/hu\/trekking-mtb\/egyre-nagyobb-lenduletet-kapnak-a-gravel-versenyek-a-gravel-earth-sorozat\/#primaryimage\",\"url\":\"https:\/\/d2p6e6u75xmxt8.cloudfront.net\/12\/2022\/12\/UCI-Gravel-Race-profimedia-0729344374-CVR.webp\",\"contentUrl\":\"https:\/\/d2p6e6u75xmxt8.cloudfront.net\/12\/2022\/12\/UCI-Gravel-Race-profimedia-0729344374-CVR.webp\",\"width\":990,\"height\":660,\"caption\":\"UCI Gravel Race\"},{\"@type\":\"BreadcrumbList\",\"@id\":\"https:\/\/www.welovecycling.com\/hu\/trekking-mtb\/egyre-nagyobb-lenduletet-kapnak-a-gravel-versenyek-a-gravel-earth-sorozat\/#breadcrumb\",\"itemListElement\":[{\"@type\":\"ListItem\",\"position\":1,\"name\":\"Home\",\"item\":\"https:\/\/www.welovecycling.com\/hu\/\"},{\"@type\":\"ListItem\",\"position\":2,\"name\":\"Egyre nagyobb lend\u00fcletet kapnak a gravel versenyek \u2013 A Gravel Earth Sorozat\"}]},{\"@type\":\"WebSite\",\"@id\":\"https:\/\/www.welovecycling.com\/hu\/#website\",\"url\":\"https:\/\/www.welovecycling.com\/hu\/\",\"name\":\"\u0160koda We Love Cycling - Magyarorsz\u00e1g\",\"description\":\"\u0160koda WeLoveCycling\",\"potentialAction\":[{\"@type\":\"SearchAction\",\"target\":{\"@type\":\"EntryPoint\",\"urlTemplate\":\"https:\/\/www.welovecycling.com\/hu\/?s={search_term_string}\"},\"query-input\":{\"@type\":\"PropertyValueSpecification\",\"valueRequired\":true,\"valueName\":\"search_term_string\"}}],\"inLanguage\":\"hu\"},{\"@type\":\"Person\",\"@id\":\"https:\/\/www.welovecycling.com\/hu\/#\/schema\/person\/414a2aebf1801691a5320edb6468e194\",\"name\":\"hegyizs\",\"image\":{\"@type\":\"ImageObject\",\"inLanguage\":\"hu\",\"@id\":\"https:\/\/www.welovecycling.com\/hu\/#\/schema\/person\/image\/\",\"url\":\"https:\/\/secure.gravatar.com\/avatar\/02cf8a7906b8cf90cecb4679defac7cfd33a1c2e3b88e4903d947f3bb58eedd3?s=96&d=mm&r=g\",\"contentUrl\":\"https:\/\/secure.gravatar.com\/avatar\/02cf8a7906b8cf90cecb4679defac7cfd33a1c2e3b88e4903d947f3bb58eedd3?s=96&d=mm&r=g\",\"caption\":\"hegyizs\"},\"url\":\"https:\/\/www.welovecycling.com\/hu\/author\/hegyizs\/\"}]}<\/script>\n<!-- \/ Yoast SEO Premium plugin. -->","yoast_head_json":{"title":"Egyre nagyobb lend\u00fcletet kapnak a gravel versenyek \u2013 A Gravel Earth Sorozat","description":"A UCI okt\u00f3berben osztotta ki az els\u0151 gravel vil\u00e1gbajnoki c\u00edmeket - a belga Gianni Vermeesh lett az els\u0151 f\u00e9rfi vil\u00e1gbajnok, a n\u0151i vil\u00e1gbajnoki c\u00edmet, \u00e9s ezzel a sziv\u00e1rv\u00e1nyos trik\u00f3 visel\u00e9s\u00e9nek jog\u00e1t pedig a francia Pauline Ferrand-Privot szerezte meg.","robots":{"index":"index","follow":"follow","max-snippet":"max-snippet:-1","max-image-preview":"max-image-preview:large","max-video-preview":"max-video-preview:-1"},"canonical":"https:\/\/www.welovecycling.com\/hu\/trekking-mtb\/egyre-nagyobb-lenduletet-kapnak-a-gravel-versenyek-a-gravel-earth-sorozat\/","og_locale":"hu_HU","og_type":"article","og_title":"Egyre nagyobb lend\u00fcletet kapnak a gravel versenyek \u2013 A Gravel Earth Sorozat","og_description":"A UCI okt\u00f3berben osztotta ki az els\u0151 gravel vil\u00e1gbajnoki c\u00edmeket - a belga Gianni Vermeesh lett az els\u0151 f\u00e9rfi vil\u00e1gbajnok, a n\u0151i vil\u00e1gbajnoki c\u00edmet, \u00e9s ezzel a sziv\u00e1rv\u00e1nyos trik\u00f3 visel\u00e9s\u00e9nek jog\u00e1t pedig a francia Pauline Ferrand-Privot szerezte meg.","og_url":"https:\/\/www.welovecycling.com\/hu\/trekking-mtb\/egyre-nagyobb-lenduletet-kapnak-a-gravel-versenyek-a-gravel-earth-sorozat\/","og_site_name":"\u0160koda We Love Cycling - Magyarorsz\u00e1g","article_publisher":"https:\/\/www.facebook.com\/WeLoveCyclingHungary\/","article_published_time":"2022-12-12T06:00:35+00:00","og_image":[{"width":990,"height":660,"url":"https:\/\/d2p6e6u75xmxt8.cloudfront.net\/12\/2022\/12\/UCI-Gravel-Race-profimedia-0729344374-CVR.webp","type":"image\/webp"}],"author":"hegyizs","twitter_card":"summary_large_image","twitter_misc":{"Written by":"Siegfried Mortkowitz","Est. reading time":"5"},"schema":{"@context":"https:\/\/schema.org","@graph":[{"@type":"WebPage","@id":"https:\/\/www.welovecycling.com\/hu\/trekking-mtb\/egyre-nagyobb-lenduletet-kapnak-a-gravel-versenyek-a-gravel-earth-sorozat\/","url":"https:\/\/www.welovecycling.com\/hu\/trekking-mtb\/egyre-nagyobb-lenduletet-kapnak-a-gravel-versenyek-a-gravel-earth-sorozat\/","name":"Egyre nagyobb lend\u00fcletet kapnak a gravel versenyek \u2013 A Gravel Earth Sorozat","isPartOf":{"@id":"https:\/\/www.welovecycling.com\/hu\/#website"},"primaryImageOfPage":{"@id":"https:\/\/www.welovecycling.com\/hu\/trekking-mtb\/egyre-nagyobb-lenduletet-kapnak-a-gravel-versenyek-a-gravel-earth-sorozat\/#primaryimage"},"image":{"@id":"https:\/\/www.welovecycling.com\/hu\/trekking-mtb\/egyre-nagyobb-lenduletet-kapnak-a-gravel-versenyek-a-gravel-earth-sorozat\/#primaryimage"},"thumbnailUrl":"https:\/\/d2p6e6u75xmxt8.cloudfront.net\/12\/2022\/12\/UCI-Gravel-Race-profimedia-0729344374-CVR.webp","datePublished":"2022-12-12T06:00:35+00:00","author":{"@id":"https:\/\/www.welovecycling.com\/hu\/#\/schema\/person\/414a2aebf1801691a5320edb6468e194"},"description":"A UCI okt\u00f3berben osztotta ki az els\u0151 gravel vil\u00e1gbajnoki c\u00edmeket - a belga Gianni Vermeesh lett az els\u0151 f\u00e9rfi vil\u00e1gbajnok, a n\u0151i vil\u00e1gbajnoki c\u00edmet, \u00e9s ezzel a sziv\u00e1rv\u00e1nyos trik\u00f3 visel\u00e9s\u00e9nek jog\u00e1t pedig a francia Pauline Ferrand-Privot szerezte meg.","breadcrumb":{"@id":"https:\/\/www.welovecycling.com\/hu\/trekking-mtb\/egyre-nagyobb-lenduletet-kapnak-a-gravel-versenyek-a-gravel-earth-sorozat\/#breadcrumb"},"inLanguage":"hu","potentialAction":[{"@type":"ReadAction","target":["https:\/\/www.welovecycling.com\/hu\/trekking-mtb\/egyre-nagyobb-lenduletet-kapnak-a-gravel-versenyek-a-gravel-earth-sorozat\/"]}]},{"@type":"ImageObject","inLanguage":"hu","@id":"https:\/\/www.welovecycling.com\/hu\/trekking-mtb\/egyre-nagyobb-lenduletet-kapnak-a-gravel-versenyek-a-gravel-earth-sorozat\/#primaryimage","url":"https:\/\/d2p6e6u75xmxt8.cloudfront.net\/12\/2022\/12\/UCI-Gravel-Race-profimedia-0729344374-CVR.webp","contentUrl":"https:\/\/d2p6e6u75xmxt8.cloudfront.net\/12\/2022\/12\/UCI-Gravel-Race-profimedia-0729344374-CVR.webp","width":990,"height":660,"caption":"UCI Gravel Race"},{"@type":"BreadcrumbList","@id":"https:\/\/www.welovecycling.com\/hu\/trekking-mtb\/egyre-nagyobb-lenduletet-kapnak-a-gravel-versenyek-a-gravel-earth-sorozat\/#breadcrumb","itemListElement":[{"@type":"ListItem","position":1,"name":"Home","item":"https:\/\/www.welovecycling.com\/hu\/"},{"@type":"ListItem","position":2,"name":"Egyre nagyobb lend\u00fcletet kapnak a gravel versenyek \u2013 A Gravel Earth Sorozat"}]},{"@type":"WebSite","@id":"https:\/\/www.welovecycling.com\/hu\/#website","url":"https:\/\/www.welovecycling.com\/hu\/","name":"\u0160koda We Love Cycling - Magyarorsz\u00e1g","description":"\u0160koda WeLoveCycling","potentialAction":[{"@type":"SearchAction","target":{"@type":"EntryPoint","urlTemplate":"https:\/\/www.welovecycling.com\/hu\/?s={search_term_string}"},"query-input":{"@type":"PropertyValueSpecification","valueRequired":true,"valueName":"search_term_string"}}],"inLanguage":"hu"},{"@type":"Person","@id":"https:\/\/www.welovecycling.com\/hu\/#\/schema\/person\/414a2aebf1801691a5320edb6468e194","name":"hegyizs","image":{"@type":"ImageObject","inLanguage":"hu","@id":"https:\/\/www.welovecycling.com\/hu\/#\/schema\/person\/image\/","url":"https:\/\/secure.gravatar.com\/avatar\/02cf8a7906b8cf90cecb4679defac7cfd33a1c2e3b88e4903d947f3bb58eedd3?s=96&d=mm&r=g","contentUrl":"https:\/\/secure.gravatar.com\/avatar\/02cf8a7906b8cf90cecb4679defac7cfd33a1c2e3b88e4903d947f3bb58eedd3?s=96&d=mm&r=g","caption":"hegyizs"},"url":"https:\/\/www.welovecycling.com\/hu\/author\/hegyizs\/"}]}},"_links":{"self":[{"href":"https:\/\/www.welovecycling.com\/hu\/wp-json\/wp\/v2\/posts\/16570","targetHints":{"allow":["GET"]}}],"collection":[{"href":"https:\/\/www.welovecycling.com\/hu\/wp-json\/wp\/v2\/posts"}],"about":[{"href":"https:\/\/www.welovecycling.com\/hu\/wp-json\/wp\/v2\/types\/post"}],"author":[{"embeddable":true,"href":"https:\/\/www.welovecycling.com\/hu\/wp-json\/wp\/v2\/users\/71"}],"replies":[{"embeddable":true,"href":"https:\/\/www.welovecycling.com\/hu\/wp-json\/wp\/v2\/comments?post=16570"}],"version-history":[{"count":1,"href":"https:\/\/www.welovecycling.com\/hu\/wp-json\/wp\/v2\/posts\/16570\/revisions"}],"predecessor-version":[{"id":16572,"href":"https:\/\/www.welovecycling.com\/hu\/wp-json\/wp\/v2\/posts\/16570\/revisions\/16572"}],"wp:featuredmedia":[{"embeddable":true,"href":"https:\/\/www.welovecycling.com\/hu\/wp-json\/wp\/v2\/media\/16571"}],"wp:attachment":[{"href":"https:\/\/www.welovecycling.com\/hu\/wp-json\/wp\/v2\/media?parent=16570"}],"wp:term":[{"taxonomy":"category","embeddable":true,"href":"https:\/\/www.welovecycling.com\/hu\/wp-json\/wp\/v2\/categories?post=16570"},{"taxonomy":"post_tag","embeddable":true,"href":"https:\/\/www.welovecycling.com\/hu\/wp-json\/wp\/v2\/tags?post=16570"},{"taxonomy":"global-categories","embeddable":true,"href":"https:\/\/www.welovecycling.com\/hu\/wp-json\/wp\/v2\/global-categories?post=16570"}],"curies":[{"name":"wp","href":"https:\/\/api.w.org\/{rel}","templated":true}]}}