{"id":16560,"date":"2022-12-16T08:00:51","date_gmt":"2022-12-16T06:00:51","guid":{"rendered":"https:\/\/www.welovecycling.com\/hu\/?p=16560"},"modified":"2022-12-09T16:51:44","modified_gmt":"2022-12-09T14:51:44","slug":"dolgok-amikre-nem-szamitottam-amikor-jelentkeztem-kerekparos-idegenvezetonek","status":"publish","type":"post","link":"https:\/\/www.welovecycling.com\/hu\/trekking-mtb\/dolgok-amikre-nem-szamitottam-amikor-jelentkeztem-kerekparos-idegenvezetonek\/","title":{"rendered":"Dolgok, amikre nem sz\u00e1m\u00edtottam,  amikor jelentkeztem ker\u00e9kp\u00e1ros idegenvezet\u0151nek"},"content":{"rendered":"<p><strong>Id\u00e9n augusztus v\u00e9g\u00e9n kaptam \u00e1ll\u00e1st ker\u00e9kp\u00e1ros idegenvezet\u0151k\u00e9nt. Els\u0151 l\u00e9p\u00e9sk\u00e9nt bele kellett tanulnom a szakm\u00e1ba, \u00e9s r\u00e9szt kellett vennem egy t\u00f6bbnapos idegenvezet\u0151i k\u00e9pz\u00e9sen a k\u00f6zponti irod\u00e1ban. Itt nem dobnak r\u00f6gt\u00f6n a m\u00e9lyv\u00edzbe, \u00e9s nagy szerencse, hogy ez \u00edgy van.<\/strong><\/p>\n<p><!--more--><\/p>\n<p>Sok mindent tanultam a k\u00e9pz\u00e9sem alatt \u00e9s el\u00e9g hamar r\u00e1j\u00f6ttem, hogy itt bizony t\u00f6bbr\u0151l van sz\u00f3, mint csup\u00e1n a ker\u00e9kp\u00e1roz\u00e1sr\u00f3l. Ha Te is fontolgatod, hogy ker\u00e9kp\u00e1ros idegenvezet\u0151 leszel, \u00edme n\u00e9h\u00e1ny dolog, ami a munk\u00e1val j\u00e1r, \u00e9s tal\u00e1n nem is sz\u00e1m\u00edtott\u00e1l r\u00e1.<\/p>\n<h2><strong>Ker\u00e9kp\u00e1rkezel\u00e9s, biztons\u00e1g \u00e9s a t\u00f6bbi<\/strong><\/h2>\n<p>Legink\u00e1bb az itt nyaral\u00f3 emberek fizetnek be a t\u00far\u00e1ra, akik k\u00f6z\u00fcl n\u00e9h\u00e1nyan tal\u00e1n m\u00e1r \u00e9vek \u00f3ta nem \u00fcltek ker\u00e9kp\u00e1ron. Ez r\u00f6gt\u00f6n nyilv\u00e1nval\u00f3 lesz, amint el\u0151sz\u00f6r r\u00e1\u00fclnek a biciklire. Aki kev\u00e9sb\u00e9 magabiztos, annak extra figyelemre van sz\u00fcks\u00e9ge, legal\u00e1bbis az els\u0151 n\u00e9h\u00e1ny napban. T\u00faravezet\u00e9skor te felelsz a csoportod biztons\u00e1g\u00e1\u00e9rt, hogy elker\u00fclj\u00e9tek a baleseteket \u00e9s a vesz\u00e9lyhelyzeteket. Ez\u00e9rt a feladataid k\u00f6z\u00f6tt nagyon fontos szerepet t\u00f6lt be az utaz\u00f3k ker\u00e9kp\u00e1rkezel\u00e9si k\u00e9szs\u00e9geinek felm\u00e9r\u00e9se.<\/p>\n<p>Az elektromos ker\u00e9kp\u00e1rok egyre n\u00e9pszer\u0171bbek. Ezek nagyobb sebess\u00e9ggel k\u00e9pesek haladni, ami ak\u00e1r s\u00falyos balesetekhez is vezethet. Ez\u00e9rt gy\u0151z\u0151dj meg r\u00f3la, hogy mindenki tudja, hogyan kell kezelnie saj\u00e1t e-bike-j\u00e1t, hogyan kell sebess\u00e9get v\u00e1ltani \u00e9s hogyan kell biztons\u00e1gosan haszn\u00e1lni a f\u00e9ket. Emellett arra is fontos odafigyelned, hogy mindenki visel-e sisakot, \u00e9s ha igen, akkor vajon helyesen tett\u00e9k-e fel. A k\u00f6zleked\u00e9si szab\u00e1lyok is orsz\u00e1gonk\u00e9nt elt\u00e9r\u0151ek. Ez\u00e9rt nemcsak az a feladatod, hogy bemutasd a ker\u00e9kp\u00e1r m\u0171k\u00f6d\u00e9s\u00e9t, hanem egy biztons\u00e1gi eligaz\u00edt\u00e1st is tartanod kell, ami mag\u00e1ban foglalja a t\u00far\u00e1n r\u00e9sztvev\u0151k otthon\u00e1ban \u00e9rv\u00e9nyes t\u00f6rv\u00e9nyekt\u0151l elt\u00e9r\u0151 k\u00f6zleked\u00e9si szab\u00e1lyok ismertet\u00e9s\u00e9t is.<\/p>\n<p>Mindezek mellett is neh\u00e9z helyzetekbe ker\u00fclhetsz. El\u0151fordulhat p\u00e9ld\u00e1ul egy baleset, sz\u00edvroham vagy m\u00e9g rosszabb. Az idegenvezet\u0151knek ez\u00e9rt r\u00e9szt kell venni\u00fck egy els\u0151seg\u00e9lyny\u00fajt\u00e1si, \u00fajra\u00e9leszt\u00e9si \u00e9s defibrill\u00e1tor-haszn\u00e1lati k\u00e9pz\u00e9sen, melyet k\u00e9t\u00e9vente \u00fajra el kell v\u00e9gezni\u00fck. A k\u00e9pz\u00e9s sor\u00e1n k\u00fcl\u00f6nb\u00f6z\u0151 el\u0151ad\u00e1sok \u00e9s szerepj\u00e1t\u00e9kok seg\u00edtik a tanul\u00f3kat, de a t\u00far\u00e1n v\u00e9gs\u0151soron magadra leszel utalva \u00e9s mindenki r\u00e1d fog sz\u00e1m\u00edtani, ha a dolgok rosszra fordulnak, eg\u00e9szen addig, m\u00edg meg nem \u00e9rkezik a ment\u0151szolg\u00e1lat. Erre fel kell k\u00e9sz\u00fcln\u00f6d. Tiszt\u00e1ban kell lenned azzal, hol van a legk\u00f6zelebbi k\u00f3rh\u00e1z, a v\u00e9szhelyzeti telefonsz\u00e1moknak pedig a mobilod gyorsh\u00edv\u00f3j\u00e1n kell lenni\u00fck.<\/p>\n<h2><strong>Hotell\u00e1togat\u00e1s<\/strong><\/h2>\n<p>Spoiler: Az idegenvezet\u0151k nem ugyanolyan luxushotelekben sz\u00e1llnak meg, mint a t\u00faracsoport tagjai. Ennek ellen\u00e9re minden r\u00e9szletet ismerni\u00fck kell a k\u00f6rnyez\u0151 sz\u00e1llod\u00e1kr\u00f3l. Ehhez m\u00e9g a t\u00faravezet\u00e9s megkezd\u00e9se el\u0151tt el kell l\u00e1togatniuk a hotelekbe (vagy legal\u00e1bb telefonon fel kell venni\u00fck vel\u00fck a kapcsolatot), hogy bemutatkozhassanak, \u00e9s feltehessenek minden, a csoport tart\u00f3zkod\u00e1s\u00e1val kapcsolatos k\u00e9rd\u00e9st.<\/p>\n<p>Hol fogj\u00e1k t\u00e1rolni a ker\u00e9kp\u00e1rokat? Van-e a helyis\u00e9gben konnektor az e-bike akkumul\u00e1torok \u00e9s a GPS-egys\u00e9gek t\u00f6lt\u00e9s\u00e9hez? A csoport tagjainak minden nap sz\u00fcks\u00e9g lesz j\u00e9gre a h\u0171t\u0151t\u00e1sk\u00e1kba. Ezt honnan szerezhetik majd be? A sz\u00e1lloda b\u00e1rj\u00e1ban vagy \u00e9tterm\u00e9ben van erre lehet\u0151s\u00e9g?<\/p>\n<p>Az idegenvezet\u0151knek tov\u00e1bb\u00e1 tudniuk kell, hol vannak a mosd\u00f3k, \u00e9s mikor szolg\u00e1lj\u00e1k fel a reggelit. Van-e gy\u00f3gyf\u00fcrd\u0151 \u00e9s milyen id\u0151pontokban tart nyitva. Hogyan lehet eljutni az \u00fasz\u00f3medenc\u00e9hez? Biztos\u00edtanak-e k\u00fcl\u00f6n t\u00f6r\u00f6lk\u00f6z\u0151t, vagy a szob\u00e1ban l\u00e9v\u0151t kell vinni? Ezeket a k\u00e9rd\u00e9seket a legt\u00f6bb csoporttag fel szokta tenni, az idegenvezet\u0151knek pedig tudniuk kell a v\u00e1laszokat. A &#8220;nem tudom&#8221; jelleg\u0171 v\u00e1laszok hamar v\u00e9get vetnek majd a karrierednek.<\/p>\n<p>Amennyiben a sz\u00e1llodai szob\u00e1k ugyanolyan sz\u00ednvonal\u00faak \u00e9s k\u00e9nyelmesek, akkor minden szuper. De mi van akkor, ha az egyik csoporttag nem tal\u00e1lja el\u00e9g j\u00f3nak a szob\u00e1t, vagy nem tetszik neki a kil\u00e1t\u00e1s? Az idegenvezet\u0151knek lehet\u0151s\u00e9g szerint el\u0151re meg kell n\u00e9zni\u00fck a szob\u00e1kat, \u00e9s k\u00e9pesnek kell lenni\u00fck \u00fagy kiosztani \u0151ket, hogy minden r\u00e9sztvev\u0151 ig\u00e9nyeit kiel\u00e9g\u00edts\u00e9k, ugyanakkor igazs\u00e1gosak maradjanak. Egy ilyen t\u00far\u00e1n nincsenek titkok. Mindenki tudja, mi t\u00f6rt\u00e9nik, \u00e9s ezt meg is besz\u00e9lik egym\u00e1s k\u00f6z\u00f6tt, \u00edgy fair-nek kell maradnod, \u00e9s nem kiv\u00e9telezhetsz senkivel.<\/p>\n<figure id=\"attachment_16561\" aria-describedby=\"caption-attachment-16561\" style=\"width: 1024px\" class=\"wp-caption alignnone\"><a href=\"https:\/\/d2p6e6u75xmxt8.cloudfront.net\/12\/2022\/12\/Cycling-guide-profimedia-0629248905-1.webp\"><img loading=\"lazy\" decoding=\"async\" class=\"wp-image-16561 size-full\" src=\"https:\/\/d2p6e6u75xmxt8.cloudfront.net\/12\/2022\/12\/Cycling-guide-profimedia-0629248905-1.webp\" alt=\"A cycling guide\" width=\"1024\" height=\"512\" srcset=\"https:\/\/d2p6e6u75xmxt8.cloudfront.net\/12\/2022\/12\/Cycling-guide-profimedia-0629248905-1.webp 1024w, https:\/\/d2p6e6u75xmxt8.cloudfront.net\/12\/2022\/12\/Cycling-guide-profimedia-0629248905-1-300x150.webp 300w, https:\/\/d2p6e6u75xmxt8.cloudfront.net\/12\/2022\/12\/Cycling-guide-profimedia-0629248905-1-768x384.webp 768w\" sizes=\"auto, (max-width: 1024px) 100vw, 1024px\" \/><\/a><figcaption id=\"caption-attachment-16561\" class=\"wp-caption-text\"><em>Egy ker\u00e9kp\u00e1ros idegenvezet\u0151 munkarendje nagyban f\u00fcgg az id\u0151j\u00e1r\u00e1st\u00f3l. \u00a9 Profimedia<\/em><\/figcaption><\/figure>\n<h2><strong>K\u00f6lts\u00e9gvet\u00e9s<\/strong><\/h2>\n<p>Ez egy nagyon cs\u00fanya sz\u00f3, f\u0151leg, mikor az ember szabads\u00e1gon van. Ilyenkor ki akar a p\u00e9nzre gondolni? B\u00e1r mindenki m\u00e1s nyaral, vagy a pihen\u00e9s\u00e9t t\u00f6lti, te dolgozol, \u00e9s bizony be kell tartanod a k\u00f6lts\u00e9gvet\u00e9st. Az ilyen t\u00edpus\u00fa nyaral\u00e1sokon a legt\u00f6bben mindent el\u0151re kifizetnek, neked pedig ennyi p\u00e9nz \u00e1ll a rendelkez\u00e9sedre, hogy boldogg\u00e1 tedd a csoportod tagjait. Minden p\u00e9nz\u00fcgyi d\u00f6nt\u00e9st neked kell meghoznod. P\u00e9ld\u00e1ul, igent mondhatsz m\u00e9g n\u00e9h\u00e1ny \u00fcveg borra a vacsor\u00e1n\u00e1l, vagy ink\u00e1bb m\u00e1r tartal\u00e9kolni kellene?<\/p>\n<p>Ebb\u0151l a p\u00e9nzb\u0151l kell fedezned a benzint, az aut\u00f3p\u00e1lyad\u00edjakat, a helysz\u00ednek k\u00f6z\u00f6tti k\u00f6zleked\u00e9st, a kultur\u00e1lis kir\u00e1ndul\u00e1sokat \u00e9s olyan egy\u00e9b k\u00f6lts\u00e9geket, mint a csoport b\u00e1r- \u00e9s \u00e9ttermi sz\u00e1ml\u00e1i, valamint a k\u00fcl\u00f6nb\u00f6z\u0151 borraval\u00f3k \u00e9s h\u00e1lap\u00e9nzek. Ahhoz, hogy a t\u00fara sikerrel z\u00e1ruljon \u00e9s mindenkinek \u00f6r\u00f6met szerezzen, folyamatos figyelemmel kell k\u00eds\u00e9rned a k\u00f6lts\u00e9geket \u00e9s tudnod kell, hol, mikor \u00e9s mennyit fogsz k\u00f6lteni. A v\u00e9g\u00e9re m\u00e1r rengeteg sz\u00e1mla lesz a zsebedben.<\/p>\n<p>Ezeket az\u00e9rt fontos meg\u0151rizned, mert k\u00e9s\u0151bb minden egyes tranzakci\u00f3t igazolnod kell majd. Ez legt\u00f6bbsz\u00f6r \u00fagy zajlik, hogy a sz\u00e1ml\u00e1kat \u00e9s nyugt\u00e1kat beszkenneled a v\u00e1llalat k\u00f6nyvel\u0151szoftver\u00e9be vagy okostelefonos alkalmaz\u00e1s\u00e1ba. Ennek \u00e9rtelm\u00e9ben teh\u00e1t a munk\u00e1d r\u00e9sz\u00e9t k\u00e9pezi az is, hogy elsaj\u00e1t\u00edtod ezen kiad\u00e1sok igazol\u00e1s\u00e1ra \u00e9s k\u00f6lts\u00e9gvet\u00e9sek kezel\u00e9s\u00e9re alkalmas eszk\u00f6z\u00f6k haszn\u00e1lat\u00e1t.<\/p>\n<h2><strong>Csal\u00e1dias l\u00e9gk\u00f6r<\/strong><\/h2>\n<p>Az els\u0151 nap mindig v\u00e1rakoz\u00e1ssal teli. Mikor tal\u00e1lkozol a t\u00f6bbi t\u00faravezet\u0151vel, el\u0151sz\u00f6r azon t\u0171n\u0151dsz, hogyan fogsz majd beilleszkedni k\u00f6z\u00e9j\u00fck. Sz\u00e1momra ez egy fantasztikus nemzetk\u00f6zi \u00e9s kultur\u00e1lis \u00e9lm\u00e9ny volt, hiszen a t\u00f6bbi idegenvezet\u0151 t\u00f6bbek k\u00f6z\u00f6tt Jap\u00e1nb\u00f3l, Braz\u00edli\u00e1b\u00f3l, Franciaorsz\u00e1gb\u00f3l, Spanyolorsz\u00e1gb\u00f3l, Sv\u00e1jcb\u00f3l, Olaszorsz\u00e1gb\u00f3l, Rom\u00e1ni\u00e1b\u00f3l, Lengyelorsz\u00e1gb\u00f3l, N\u00e9metorsz\u00e1gb\u00f3l, Belgiumb\u00f3l \u00e9s Hollandi\u00e1b\u00f3l \u00e9rkezett. Csod\u00e1latos volt megosztani egym\u00e1ssal a t\u00f6rt\u00e9neteinket, kult\u00far\u00e1nkat \u00e9s kalandjainkat.<\/p>\n<p>A k\u00e9pz\u00e9st a vezet\u0151s\u00e9g \u00e9s egy tapasztalt idegenvezet\u0151kb\u0151l \u00e1ll\u00f3 csoport v\u00e9gezte. Kisebb klaszterekre osztottak minket, hogy a tanfolyam a lehet\u0151 leghat\u00e9konyabb lehessen, illetve, hogy bizonyos tev\u00e9kenys\u00e9geket szerepj\u00e1t\u00e9kokkal tudjunk gyakorolni. De persze nem csak munk\u00e1b\u00f3l \u00e1llt az \u00e9let. Minden nap egy\u00fctt biciklizt\u00fcnk, kiv\u00e1l\u00f3 \u00e9teleket ett\u00fcnk, \u00e9s borozgat\u00e1s k\u00f6zben nevetg\u00e9lt\u00fcnk. Idegenekk\u00e9nt kezdt\u00fck, de gyorsan egy szorosan \u00f6sszetart\u00f3 csal\u00e1dd\u00e1 v\u00e1ltunk, akiket mind egy c\u00e9l vez\u00e9relt, m\u00e9gpedig hogy a lehet\u0151 legjobb ker\u00e9kp\u00e1ros idegenvezet\u0151kk\u00e9 v\u00e1ljunk, \u00e9s k\u00f6zben j\u00f3l \u00e9rezz\u00fck magunkat!<\/p>\n","protected":false},"excerpt":{"rendered":"<p>Id\u00e9n augusztus v\u00e9g\u00e9n kaptam \u00e1ll\u00e1st ker\u00e9kp\u00e1ros idegenvezet\u0151k\u00e9nt. Els\u0151 l\u00e9p\u00e9sk\u00e9nt bele kellett tanulnom a szakm\u00e1ba, \u00e9s r\u00e9szt kellett vennem egy t\u00f6bbnapos [&hellip;]<\/p>\n","protected":false},"author":71,"featured_media":16563,"comment_status":"open","ping_status":"open","sticky":false,"template":"","format":"standard","meta":{"footnotes":""},"categories":[7],"tags":[],"global-categories":[],"class_list":["post-16560","post","type-post","status-publish","format-standard","has-post-thumbnail","hentry","category-trekking-mtb"],"yoast_head":"<!-- This site is optimized with the Yoast SEO Premium plugin v25.3 (Yoast SEO v25.9) - https:\/\/yoast.com\/wordpress\/plugins\/seo\/ -->\n<title>Dolgok, amikre nem sz\u00e1m\u00edtottam, amikor jelentkeztem ker\u00e9kp\u00e1ros idegenvezet\u0151nek<\/title>\n<meta name=\"description\" content=\"Id\u00e9n augusztus v\u00e9g\u00e9n kaptam \u00e1ll\u00e1st ker\u00e9kp\u00e1ros idegenvezet\u0151k\u00e9nt. Els\u0151 l\u00e9p\u00e9sk\u00e9nt bele kellett tanulnom a szakm\u00e1ba, \u00e9s r\u00e9szt kellett vennem egy t\u00f6bbnapos idegenvezet\u0151i k\u00e9pz\u00e9sen a k\u00f6zponti irod\u00e1ban. Itt nem dobnak r\u00f6gt\u00f6n a m\u00e9lyv\u00edzbe, \u00e9s nagy szerencse, hogy ez \u00edgy van.\" \/>\n<meta name=\"robots\" content=\"index, follow, max-snippet:-1, max-image-preview:large, max-video-preview:-1\" \/>\n<link rel=\"canonical\" href=\"https:\/\/www.welovecycling.com\/hu\/trekking-mtb\/dolgok-amikre-nem-szamitottam-amikor-jelentkeztem-kerekparos-idegenvezetonek\/\" \/>\n<meta property=\"og:locale\" content=\"hu_HU\" \/>\n<meta property=\"og:type\" content=\"article\" \/>\n<meta property=\"og:title\" content=\"Dolgok, amikre nem sz\u00e1m\u00edtottam, amikor jelentkeztem ker\u00e9kp\u00e1ros idegenvezet\u0151nek\" \/>\n<meta property=\"og:description\" content=\"Id\u00e9n augusztus v\u00e9g\u00e9n kaptam \u00e1ll\u00e1st ker\u00e9kp\u00e1ros idegenvezet\u0151k\u00e9nt. Els\u0151 l\u00e9p\u00e9sk\u00e9nt bele kellett tanulnom a szakm\u00e1ba, \u00e9s r\u00e9szt kellett vennem egy t\u00f6bbnapos idegenvezet\u0151i k\u00e9pz\u00e9sen a k\u00f6zponti irod\u00e1ban. Itt nem dobnak r\u00f6gt\u00f6n a m\u00e9lyv\u00edzbe, \u00e9s nagy szerencse, hogy ez \u00edgy van.\" \/>\n<meta property=\"og:url\" content=\"https:\/\/www.welovecycling.com\/hu\/trekking-mtb\/dolgok-amikre-nem-szamitottam-amikor-jelentkeztem-kerekparos-idegenvezetonek\/\" \/>\n<meta property=\"og:site_name\" content=\"\u0160koda We Love Cycling - Magyarorsz\u00e1g\" \/>\n<meta property=\"article:publisher\" content=\"https:\/\/www.facebook.com\/WeLoveCyclingHungary\/\" \/>\n<meta property=\"article:published_time\" content=\"2022-12-16T06:00:51+00:00\" \/>\n<meta property=\"og:image\" content=\"https:\/\/d2p6e6u75xmxt8.cloudfront.net\/12\/2022\/12\/Cyclist-holding-a-bike-profimedia-0710414735-CVR.webp\" \/>\n\t<meta property=\"og:image:width\" content=\"990\" \/>\n\t<meta property=\"og:image:height\" content=\"660\" \/>\n\t<meta property=\"og:image:type\" content=\"image\/webp\" \/>\n<meta name=\"author\" content=\"hegyizs\" \/>\n<meta name=\"twitter:card\" content=\"summary_large_image\" \/>\n<meta name=\"twitter:label1\" content=\"Written by\" \/>\n\t<meta name=\"twitter:data1\" content=\"Andrea Champredonde\" \/>\n\t<meta name=\"twitter:label2\" content=\"Est. reading time\" \/>\n\t<meta name=\"twitter:data2\" content=\"6\" \/>\n<script type=\"application\/ld+json\" class=\"yoast-schema-graph\">{\"@context\":\"https:\/\/schema.org\",\"@graph\":[{\"@type\":\"WebPage\",\"@id\":\"https:\/\/www.welovecycling.com\/hu\/trekking-mtb\/dolgok-amikre-nem-szamitottam-amikor-jelentkeztem-kerekparos-idegenvezetonek\/\",\"url\":\"https:\/\/www.welovecycling.com\/hu\/trekking-mtb\/dolgok-amikre-nem-szamitottam-amikor-jelentkeztem-kerekparos-idegenvezetonek\/\",\"name\":\"Dolgok, amikre nem sz\u00e1m\u00edtottam, amikor jelentkeztem ker\u00e9kp\u00e1ros idegenvezet\u0151nek\",\"isPartOf\":{\"@id\":\"https:\/\/www.welovecycling.com\/hu\/#website\"},\"primaryImageOfPage\":{\"@id\":\"https:\/\/www.welovecycling.com\/hu\/trekking-mtb\/dolgok-amikre-nem-szamitottam-amikor-jelentkeztem-kerekparos-idegenvezetonek\/#primaryimage\"},\"image\":{\"@id\":\"https:\/\/www.welovecycling.com\/hu\/trekking-mtb\/dolgok-amikre-nem-szamitottam-amikor-jelentkeztem-kerekparos-idegenvezetonek\/#primaryimage\"},\"thumbnailUrl\":\"https:\/\/d2p6e6u75xmxt8.cloudfront.net\/12\/2022\/12\/Cyclist-holding-a-bike-profimedia-0710414735-CVR.webp\",\"datePublished\":\"2022-12-16T06:00:51+00:00\",\"author\":{\"@id\":\"https:\/\/www.welovecycling.com\/hu\/#\/schema\/person\/414a2aebf1801691a5320edb6468e194\"},\"description\":\"Id\u00e9n augusztus v\u00e9g\u00e9n kaptam \u00e1ll\u00e1st ker\u00e9kp\u00e1ros idegenvezet\u0151k\u00e9nt. Els\u0151 l\u00e9p\u00e9sk\u00e9nt bele kellett tanulnom a szakm\u00e1ba, \u00e9s r\u00e9szt kellett vennem egy t\u00f6bbnapos idegenvezet\u0151i k\u00e9pz\u00e9sen a k\u00f6zponti irod\u00e1ban. Itt nem dobnak r\u00f6gt\u00f6n a m\u00e9lyv\u00edzbe, \u00e9s nagy szerencse, hogy ez \u00edgy van.\",\"breadcrumb\":{\"@id\":\"https:\/\/www.welovecycling.com\/hu\/trekking-mtb\/dolgok-amikre-nem-szamitottam-amikor-jelentkeztem-kerekparos-idegenvezetonek\/#breadcrumb\"},\"inLanguage\":\"hu\",\"potentialAction\":[{\"@type\":\"ReadAction\",\"target\":[\"https:\/\/www.welovecycling.com\/hu\/trekking-mtb\/dolgok-amikre-nem-szamitottam-amikor-jelentkeztem-kerekparos-idegenvezetonek\/\"]}]},{\"@type\":\"ImageObject\",\"inLanguage\":\"hu\",\"@id\":\"https:\/\/www.welovecycling.com\/hu\/trekking-mtb\/dolgok-amikre-nem-szamitottam-amikor-jelentkeztem-kerekparos-idegenvezetonek\/#primaryimage\",\"url\":\"https:\/\/d2p6e6u75xmxt8.cloudfront.net\/12\/2022\/12\/Cyclist-holding-a-bike-profimedia-0710414735-CVR.webp\",\"contentUrl\":\"https:\/\/d2p6e6u75xmxt8.cloudfront.net\/12\/2022\/12\/Cyclist-holding-a-bike-profimedia-0710414735-CVR.webp\",\"width\":990,\"height\":660,\"caption\":\"A happy cyclist\"},{\"@type\":\"BreadcrumbList\",\"@id\":\"https:\/\/www.welovecycling.com\/hu\/trekking-mtb\/dolgok-amikre-nem-szamitottam-amikor-jelentkeztem-kerekparos-idegenvezetonek\/#breadcrumb\",\"itemListElement\":[{\"@type\":\"ListItem\",\"position\":1,\"name\":\"Home\",\"item\":\"https:\/\/www.welovecycling.com\/hu\/\"},{\"@type\":\"ListItem\",\"position\":2,\"name\":\"Dolgok, amikre nem sz\u00e1m\u00edtottam, amikor jelentkeztem ker\u00e9kp\u00e1ros idegenvezet\u0151nek\"}]},{\"@type\":\"WebSite\",\"@id\":\"https:\/\/www.welovecycling.com\/hu\/#website\",\"url\":\"https:\/\/www.welovecycling.com\/hu\/\",\"name\":\"\u0160koda We Love Cycling - Magyarorsz\u00e1g\",\"description\":\"\u0160koda WeLoveCycling\",\"potentialAction\":[{\"@type\":\"SearchAction\",\"target\":{\"@type\":\"EntryPoint\",\"urlTemplate\":\"https:\/\/www.welovecycling.com\/hu\/?s={search_term_string}\"},\"query-input\":{\"@type\":\"PropertyValueSpecification\",\"valueRequired\":true,\"valueName\":\"search_term_string\"}}],\"inLanguage\":\"hu\"},{\"@type\":\"Person\",\"@id\":\"https:\/\/www.welovecycling.com\/hu\/#\/schema\/person\/414a2aebf1801691a5320edb6468e194\",\"name\":\"hegyizs\",\"image\":{\"@type\":\"ImageObject\",\"inLanguage\":\"hu\",\"@id\":\"https:\/\/www.welovecycling.com\/hu\/#\/schema\/person\/image\/\",\"url\":\"https:\/\/secure.gravatar.com\/avatar\/02cf8a7906b8cf90cecb4679defac7cfd33a1c2e3b88e4903d947f3bb58eedd3?s=96&d=mm&r=g\",\"contentUrl\":\"https:\/\/secure.gravatar.com\/avatar\/02cf8a7906b8cf90cecb4679defac7cfd33a1c2e3b88e4903d947f3bb58eedd3?s=96&d=mm&r=g\",\"caption\":\"hegyizs\"},\"url\":\"https:\/\/www.welovecycling.com\/hu\/author\/hegyizs\/\"}]}<\/script>\n<!-- \/ Yoast SEO Premium plugin. -->","yoast_head_json":{"title":"Dolgok, amikre nem sz\u00e1m\u00edtottam, amikor jelentkeztem ker\u00e9kp\u00e1ros idegenvezet\u0151nek","description":"Id\u00e9n augusztus v\u00e9g\u00e9n kaptam \u00e1ll\u00e1st ker\u00e9kp\u00e1ros idegenvezet\u0151k\u00e9nt. Els\u0151 l\u00e9p\u00e9sk\u00e9nt bele kellett tanulnom a szakm\u00e1ba, \u00e9s r\u00e9szt kellett vennem egy t\u00f6bbnapos idegenvezet\u0151i k\u00e9pz\u00e9sen a k\u00f6zponti irod\u00e1ban. Itt nem dobnak r\u00f6gt\u00f6n a m\u00e9lyv\u00edzbe, \u00e9s nagy szerencse, hogy ez \u00edgy van.","robots":{"index":"index","follow":"follow","max-snippet":"max-snippet:-1","max-image-preview":"max-image-preview:large","max-video-preview":"max-video-preview:-1"},"canonical":"https:\/\/www.welovecycling.com\/hu\/trekking-mtb\/dolgok-amikre-nem-szamitottam-amikor-jelentkeztem-kerekparos-idegenvezetonek\/","og_locale":"hu_HU","og_type":"article","og_title":"Dolgok, amikre nem sz\u00e1m\u00edtottam, amikor jelentkeztem ker\u00e9kp\u00e1ros idegenvezet\u0151nek","og_description":"Id\u00e9n augusztus v\u00e9g\u00e9n kaptam \u00e1ll\u00e1st ker\u00e9kp\u00e1ros idegenvezet\u0151k\u00e9nt. Els\u0151 l\u00e9p\u00e9sk\u00e9nt bele kellett tanulnom a szakm\u00e1ba, \u00e9s r\u00e9szt kellett vennem egy t\u00f6bbnapos idegenvezet\u0151i k\u00e9pz\u00e9sen a k\u00f6zponti irod\u00e1ban. Itt nem dobnak r\u00f6gt\u00f6n a m\u00e9lyv\u00edzbe, \u00e9s nagy szerencse, hogy ez \u00edgy van.","og_url":"https:\/\/www.welovecycling.com\/hu\/trekking-mtb\/dolgok-amikre-nem-szamitottam-amikor-jelentkeztem-kerekparos-idegenvezetonek\/","og_site_name":"\u0160koda We Love Cycling - Magyarorsz\u00e1g","article_publisher":"https:\/\/www.facebook.com\/WeLoveCyclingHungary\/","article_published_time":"2022-12-16T06:00:51+00:00","og_image":[{"width":990,"height":660,"url":"https:\/\/d2p6e6u75xmxt8.cloudfront.net\/12\/2022\/12\/Cyclist-holding-a-bike-profimedia-0710414735-CVR.webp","type":"image\/webp"}],"author":"hegyizs","twitter_card":"summary_large_image","twitter_misc":{"Written by":"Andrea Champredonde","Est. reading time":"6"},"schema":{"@context":"https:\/\/schema.org","@graph":[{"@type":"WebPage","@id":"https:\/\/www.welovecycling.com\/hu\/trekking-mtb\/dolgok-amikre-nem-szamitottam-amikor-jelentkeztem-kerekparos-idegenvezetonek\/","url":"https:\/\/www.welovecycling.com\/hu\/trekking-mtb\/dolgok-amikre-nem-szamitottam-amikor-jelentkeztem-kerekparos-idegenvezetonek\/","name":"Dolgok, amikre nem sz\u00e1m\u00edtottam, amikor jelentkeztem ker\u00e9kp\u00e1ros idegenvezet\u0151nek","isPartOf":{"@id":"https:\/\/www.welovecycling.com\/hu\/#website"},"primaryImageOfPage":{"@id":"https:\/\/www.welovecycling.com\/hu\/trekking-mtb\/dolgok-amikre-nem-szamitottam-amikor-jelentkeztem-kerekparos-idegenvezetonek\/#primaryimage"},"image":{"@id":"https:\/\/www.welovecycling.com\/hu\/trekking-mtb\/dolgok-amikre-nem-szamitottam-amikor-jelentkeztem-kerekparos-idegenvezetonek\/#primaryimage"},"thumbnailUrl":"https:\/\/d2p6e6u75xmxt8.cloudfront.net\/12\/2022\/12\/Cyclist-holding-a-bike-profimedia-0710414735-CVR.webp","datePublished":"2022-12-16T06:00:51+00:00","author":{"@id":"https:\/\/www.welovecycling.com\/hu\/#\/schema\/person\/414a2aebf1801691a5320edb6468e194"},"description":"Id\u00e9n augusztus v\u00e9g\u00e9n kaptam \u00e1ll\u00e1st ker\u00e9kp\u00e1ros idegenvezet\u0151k\u00e9nt. Els\u0151 l\u00e9p\u00e9sk\u00e9nt bele kellett tanulnom a szakm\u00e1ba, \u00e9s r\u00e9szt kellett vennem egy t\u00f6bbnapos idegenvezet\u0151i k\u00e9pz\u00e9sen a k\u00f6zponti irod\u00e1ban. Itt nem dobnak r\u00f6gt\u00f6n a m\u00e9lyv\u00edzbe, \u00e9s nagy szerencse, hogy ez \u00edgy van.","breadcrumb":{"@id":"https:\/\/www.welovecycling.com\/hu\/trekking-mtb\/dolgok-amikre-nem-szamitottam-amikor-jelentkeztem-kerekparos-idegenvezetonek\/#breadcrumb"},"inLanguage":"hu","potentialAction":[{"@type":"ReadAction","target":["https:\/\/www.welovecycling.com\/hu\/trekking-mtb\/dolgok-amikre-nem-szamitottam-amikor-jelentkeztem-kerekparos-idegenvezetonek\/"]}]},{"@type":"ImageObject","inLanguage":"hu","@id":"https:\/\/www.welovecycling.com\/hu\/trekking-mtb\/dolgok-amikre-nem-szamitottam-amikor-jelentkeztem-kerekparos-idegenvezetonek\/#primaryimage","url":"https:\/\/d2p6e6u75xmxt8.cloudfront.net\/12\/2022\/12\/Cyclist-holding-a-bike-profimedia-0710414735-CVR.webp","contentUrl":"https:\/\/d2p6e6u75xmxt8.cloudfront.net\/12\/2022\/12\/Cyclist-holding-a-bike-profimedia-0710414735-CVR.webp","width":990,"height":660,"caption":"A happy cyclist"},{"@type":"BreadcrumbList","@id":"https:\/\/www.welovecycling.com\/hu\/trekking-mtb\/dolgok-amikre-nem-szamitottam-amikor-jelentkeztem-kerekparos-idegenvezetonek\/#breadcrumb","itemListElement":[{"@type":"ListItem","position":1,"name":"Home","item":"https:\/\/www.welovecycling.com\/hu\/"},{"@type":"ListItem","position":2,"name":"Dolgok, amikre nem sz\u00e1m\u00edtottam, amikor jelentkeztem ker\u00e9kp\u00e1ros idegenvezet\u0151nek"}]},{"@type":"WebSite","@id":"https:\/\/www.welovecycling.com\/hu\/#website","url":"https:\/\/www.welovecycling.com\/hu\/","name":"\u0160koda We Love Cycling - Magyarorsz\u00e1g","description":"\u0160koda WeLoveCycling","potentialAction":[{"@type":"SearchAction","target":{"@type":"EntryPoint","urlTemplate":"https:\/\/www.welovecycling.com\/hu\/?s={search_term_string}"},"query-input":{"@type":"PropertyValueSpecification","valueRequired":true,"valueName":"search_term_string"}}],"inLanguage":"hu"},{"@type":"Person","@id":"https:\/\/www.welovecycling.com\/hu\/#\/schema\/person\/414a2aebf1801691a5320edb6468e194","name":"hegyizs","image":{"@type":"ImageObject","inLanguage":"hu","@id":"https:\/\/www.welovecycling.com\/hu\/#\/schema\/person\/image\/","url":"https:\/\/secure.gravatar.com\/avatar\/02cf8a7906b8cf90cecb4679defac7cfd33a1c2e3b88e4903d947f3bb58eedd3?s=96&d=mm&r=g","contentUrl":"https:\/\/secure.gravatar.com\/avatar\/02cf8a7906b8cf90cecb4679defac7cfd33a1c2e3b88e4903d947f3bb58eedd3?s=96&d=mm&r=g","caption":"hegyizs"},"url":"https:\/\/www.welovecycling.com\/hu\/author\/hegyizs\/"}]}},"_links":{"self":[{"href":"https:\/\/www.welovecycling.com\/hu\/wp-json\/wp\/v2\/posts\/16560","targetHints":{"allow":["GET"]}}],"collection":[{"href":"https:\/\/www.welovecycling.com\/hu\/wp-json\/wp\/v2\/posts"}],"about":[{"href":"https:\/\/www.welovecycling.com\/hu\/wp-json\/wp\/v2\/types\/post"}],"author":[{"embeddable":true,"href":"https:\/\/www.welovecycling.com\/hu\/wp-json\/wp\/v2\/users\/71"}],"replies":[{"embeddable":true,"href":"https:\/\/www.welovecycling.com\/hu\/wp-json\/wp\/v2\/comments?post=16560"}],"version-history":[{"count":2,"href":"https:\/\/www.welovecycling.com\/hu\/wp-json\/wp\/v2\/posts\/16560\/revisions"}],"predecessor-version":[{"id":16564,"href":"https:\/\/www.welovecycling.com\/hu\/wp-json\/wp\/v2\/posts\/16560\/revisions\/16564"}],"wp:featuredmedia":[{"embeddable":true,"href":"https:\/\/www.welovecycling.com\/hu\/wp-json\/wp\/v2\/media\/16563"}],"wp:attachment":[{"href":"https:\/\/www.welovecycling.com\/hu\/wp-json\/wp\/v2\/media?parent=16560"}],"wp:term":[{"taxonomy":"category","embeddable":true,"href":"https:\/\/www.welovecycling.com\/hu\/wp-json\/wp\/v2\/categories?post=16560"},{"taxonomy":"post_tag","embeddable":true,"href":"https:\/\/www.welovecycling.com\/hu\/wp-json\/wp\/v2\/tags?post=16560"},{"taxonomy":"global-categories","embeddable":true,"href":"https:\/\/www.welovecycling.com\/hu\/wp-json\/wp\/v2\/global-categories?post=16560"}],"curies":[{"name":"wp","href":"https:\/\/api.w.org\/{rel}","templated":true}]}}