{"id":16551,"date":"2022-12-11T08:00:45","date_gmt":"2022-12-11T06:00:45","guid":{"rendered":"https:\/\/www.welovecycling.com\/hu\/?p=16551"},"modified":"2022-12-09T16:48:12","modified_gmt":"2022-12-09T14:48:12","slug":"most-barki-megvasarolhatja-van-aert-vagy-vingegaard-ikonikus-tour-biciklijet","status":"publish","type":"post","link":"https:\/\/www.welovecycling.com\/hu\/orszaguti-kerekpar\/most-barki-megvasarolhatja-van-aert-vagy-vingegaard-ikonikus-tour-biciklijet\/","title":{"rendered":"Most b\u00e1rki megv\u00e1s\u00e1rolhatja Van Aert vagy Vingegaard ikonikus Tour-biciklij\u00e9t"},"content":{"rendered":"<p><strong>M\u00e1rmint akinek van f\u00f6l\u00f6s 5-10 ezer eur\u00f3ja,\u00e9 s nem sajn\u00e1lja azt egy \u00e1rver\u00e9sen elk\u00f6lteni. A Jumbo-Visma ugyanis elk\u00e9peszt\u0151 erekly\u00e9ket bocs\u00e1tott licitre, a befolyt \u00f6sszegekb\u0151l fiatal ker\u00e9kp\u00e1rosokat t\u00e1mogatn\u00e1nak. K\u00f6zben napjaink egyik legnagyobb szt\u00e1rja, Filippo Ganna is bejelentette j\u00f6v\u0151 \u00e9vi terveit.<\/strong><!--more--><\/p>\n<p>Nem mindennapi \u00e1rver\u00e9st szervezett a Jumbo-Visma csapata. A holland gig\u00e1sz roppant sikeres 2022-es esztendej\u00e9t m\u00e9lt\u00f3k\u00e9ppen meg\u00fcnneplend\u0151 \u00e9v v\u00e9gi esem\u00e9ny\u00e9n elk\u00e9peszt\u0151 erekly\u00e9ket hirdetett meg elad\u00e1sra, olyan darabokra lehet online licit\u00e1lni, mint p\u00e9ld\u00e1ul Jonas Vingegaard saj\u00e1t kez\u0171 al\u00e1\u00edr\u00e1s\u00e1val ell\u00e1tott Tour de France-gy\u0151ztes Cerv\u00e9lo-bring\u00e1ja, a z\u00f6ld trik\u00f3t utcahosszal megnyer\u0151 Wout Van Aert k\u00fcl\u00f6n az \u0151 tisztelet\u00e9re k\u00e9sz\u00edtett, z\u00f6ld els\u0151 vill\u00e1val felszerelt g\u00e9pe, Primoz Rogli\u010d, a visszavonul\u00f3 Tom Dumoulin, vagy \u00e9ppen Marianne Vos ker\u00e9kp\u00e1rjai (\u00f6sszesen 18, valamelyik versenyz\u0151 \u00e1ltal haszn\u00e1lt profi versenyker\u00e9kp\u00e1r szerepel a k\u00edn\u00e1latban).<\/p>\n<figure id=\"attachment_16553\" aria-describedby=\"caption-attachment-16553\" style=\"width: 1024px\" class=\"wp-caption alignnone\"><img loading=\"lazy\" decoding=\"async\" class=\"size-large wp-image-16553\" src=\"https:\/\/d2p6e6u75xmxt8.cloudfront.net\/12\/2022\/12\/489b80f8-7e9e-4c88-a440-869d22f3b665-1024x683.webp\" alt=\"\" width=\"1024\" height=\"683\" srcset=\"https:\/\/d2p6e6u75xmxt8.cloudfront.net\/12\/2022\/12\/489b80f8-7e9e-4c88-a440-869d22f3b665-1024x683.webp 1024w, https:\/\/d2p6e6u75xmxt8.cloudfront.net\/12\/2022\/12\/489b80f8-7e9e-4c88-a440-869d22f3b665-300x200.webp 300w, https:\/\/d2p6e6u75xmxt8.cloudfront.net\/12\/2022\/12\/489b80f8-7e9e-4c88-a440-869d22f3b665-768x512.webp 768w, https:\/\/d2p6e6u75xmxt8.cloudfront.net\/12\/2022\/12\/489b80f8-7e9e-4c88-a440-869d22f3b665-1536x1025.webp 1536w, https:\/\/d2p6e6u75xmxt8.cloudfront.net\/12\/2022\/12\/489b80f8-7e9e-4c88-a440-869d22f3b665-1920x1281.webp 1920w, https:\/\/d2p6e6u75xmxt8.cloudfront.net\/12\/2022\/12\/489b80f8-7e9e-4c88-a440-869d22f3b665-272x182.webp 272w, https:\/\/d2p6e6u75xmxt8.cloudfront.net\/12\/2022\/12\/489b80f8-7e9e-4c88-a440-869d22f3b665.webp 2000w, https:\/\/d2p6e6u75xmxt8.cloudfront.net\/12\/2022\/12\/489b80f8-7e9e-4c88-a440-869d22f3b665-1920x1281.webp 1920w\" sizes=\"auto, (max-width: 1024px) 100vw, 1024px\" \/><figcaption id=\"caption-attachment-16553\" class=\"wp-caption-text\">fot\u00f3k: Jumbo-Visma\/catawiki.com<\/figcaption><\/figure>\n<p>Ezek nyilv\u00e1n a borsosabb darabok, a cikk elk\u00e9sz\u00fcltekor Van Aert k\u00fcl\u00f6nleges bring\u00e1ja \u201evezetett\u201d, nem kevesebb mint 10 ezer eur\u00f3n \u00e1llt a licit (ez a jelenlegi forint\u00e1rfolyammal sz\u00e1molva t\u00f6bb mint 4 milli\u00f3 Ft), de az\u00e9rt gondoltak azokra is, akik el\u00e9rhet\u0151bb \u00e1ron szeretn\u00e9nek valami kisebb jumb\u00f3s erekly\u00e9hez jutni \u2013 \u00edgy p\u00e9ld\u00e1ul meghirdettek mezeket \u00e9s felragaszthat\u00f3 rajtsz\u00e1mokat is. Az eml\u00edtett t\u00e9telekre <a href=\"https:\/\/www.catawiki.com\/en\/a\/704549?utm_source=website&amp;utm_medium=post&amp;utm_campaign=ltl-tjv\">ezen a linken lehet licit\u00e1lni<\/a> (vagy csak \u00e9rdekess\u00e9gk\u00e9ppen r\u00e1juk pillantani), a befolyt \u00f6sszegeket a Jumbo okosan \u201evisszaforgatja\u201d majd a fiatal tehets\u00e9gekbe: egyr\u00e9szt a saj\u00e1t akad\u00e9miai csapat\u00e1t, m\u00e1sr\u00e9szt a holland ut\u00e1np\u00f3tl\u00e1st k\u00edv\u00e1nja t\u00e1mogatni a v\u00e1rhat\u00f3an nem kev\u00e9s p\u00e9nzzel.<\/p>\n<p><img loading=\"lazy\" decoding=\"async\" class=\"alignnone size-large wp-image-16554\" src=\"https:\/\/d2p6e6u75xmxt8.cloudfront.net\/12\/2022\/12\/10b31bab-7b27-4aee-bb98-c42fc948c2c3-1024x683.webp\" alt=\"\" width=\"1024\" height=\"683\" srcset=\"https:\/\/d2p6e6u75xmxt8.cloudfront.net\/12\/2022\/12\/10b31bab-7b27-4aee-bb98-c42fc948c2c3-1024x683.webp 1024w, https:\/\/d2p6e6u75xmxt8.cloudfront.net\/12\/2022\/12\/10b31bab-7b27-4aee-bb98-c42fc948c2c3-300x200.webp 300w, https:\/\/d2p6e6u75xmxt8.cloudfront.net\/12\/2022\/12\/10b31bab-7b27-4aee-bb98-c42fc948c2c3-768x512.webp 768w, https:\/\/d2p6e6u75xmxt8.cloudfront.net\/12\/2022\/12\/10b31bab-7b27-4aee-bb98-c42fc948c2c3-272x182.webp 272w, https:\/\/d2p6e6u75xmxt8.cloudfront.net\/12\/2022\/12\/10b31bab-7b27-4aee-bb98-c42fc948c2c3.webp 1500w\" sizes=\"auto, (max-width: 1024px) 100vw, 1024px\" \/><\/p>\n<p>K\u00f6zben megtette v\u00e1rva v\u00e1rt kinyilatkoztat\u00e1s\u00e1t a j\u00f6v\u0151 \u00e9vi terveit illet\u0151en napjaink egyik legsokoldal\u00fabb klasszisa, Filippo Ganna. Az olaszok vil\u00e1gbajnok k\u00f6z\u00f6ns\u00e9gkedvence, aki alig n\u00e9h\u00e1ny hete d\u00f6bbenetes \u0171rid\u0151vel d\u00f6nt\u00f6tte meg az egy\u00f3r\u00e1s ker\u00e9kp\u00e1roz\u00e1s vil\u00e1gcs\u00facs\u00e1t, a hazai szurkol\u00f3k legnagyobb \u00f6r\u00f6m\u00e9re bejelentette, hogy visszat\u00e9r sz\u00fcl\u0151f\u00f6ldj\u00e9re, a Giro d\u2019Itali\u00e1ra, az \u00e9vet t\u00f6bb m\u00e1s nagy\u00e1gy\u00fahoz \u2013 pl. Egan Bernal, Remco Evenepoel \u2013 hasonl\u00f3an a Vuelta a San Juanon kezdi janu\u00e1rban, egyik f\u0151versenye tavasszal a P\u00e1rizs\u2013Roubaix lesz, ut\u00e1na pedig j\u00f6het a v\u00e1rva v\u00e1rt olasz k\u00f6r!<\/p>\n<figure id=\"attachment_16555\" aria-describedby=\"caption-attachment-16555\" style=\"width: 1024px\" class=\"wp-caption alignnone\"><img loading=\"lazy\" decoding=\"async\" class=\"size-large wp-image-16555\" src=\"https:\/\/d2p6e6u75xmxt8.cloudfront.net\/12\/2022\/12\/filippo-ganna-tirreno-1-of-1-1024x682.webp\" alt=\"\" width=\"1024\" height=\"682\" srcset=\"https:\/\/d2p6e6u75xmxt8.cloudfront.net\/12\/2022\/12\/filippo-ganna-tirreno-1-of-1-1024x682.webp 1024w, https:\/\/d2p6e6u75xmxt8.cloudfront.net\/12\/2022\/12\/filippo-ganna-tirreno-1-of-1-300x200.webp 300w, https:\/\/d2p6e6u75xmxt8.cloudfront.net\/12\/2022\/12\/filippo-ganna-tirreno-1-of-1-768x511.webp 768w, https:\/\/d2p6e6u75xmxt8.cloudfront.net\/12\/2022\/12\/filippo-ganna-tirreno-1-of-1-1536x1023.webp 1536w, https:\/\/d2p6e6u75xmxt8.cloudfront.net\/12\/2022\/12\/filippo-ganna-tirreno-1-of-1-272x182.webp 272w, https:\/\/d2p6e6u75xmxt8.cloudfront.net\/12\/2022\/12\/filippo-ganna-tirreno-1-of-1.webp 1900w\" sizes=\"auto, (max-width: 1024px) 100vw, 1024px\" \/><figcaption id=\"caption-attachment-16555\" class=\"wp-caption-text\">fot\u00f3: Cor Vos<\/figcaption><\/figure>\n","protected":false},"excerpt":{"rendered":"<p>M\u00e1rmint akinek van f\u00f6l\u00f6s 5-10 ezer eur\u00f3ja,\u00e9 s nem sajn\u00e1lja azt egy \u00e1rver\u00e9sen elk\u00f6lteni. A Jumbo-Visma ugyanis elk\u00e9peszt\u0151 erekly\u00e9ket bocs\u00e1tott [&hellip;]<\/p>\n","protected":false},"author":71,"featured_media":16552,"comment_status":"open","ping_status":"open","sticky":false,"template":"","format":"standard","meta":{"footnotes":""},"categories":[8],"tags":[],"global-categories":[],"class_list":["post-16551","post","type-post","status-publish","format-standard","has-post-thumbnail","hentry","category-orszaguti-kerekpar"],"yoast_head":"<!-- This site is optimized with the Yoast SEO Premium plugin v25.3 (Yoast SEO v25.9) - https:\/\/yoast.com\/wordpress\/plugins\/seo\/ -->\n<title>Most b\u00e1rki megv\u00e1s\u00e1rolhatja Van Aert vagy Vingegaard ikonikus Tour-biciklij\u00e9t<\/title>\n<meta name=\"description\" content=\"M\u00e1rmint akinek van f\u00f6l\u00f6s 5-10 ezer eur\u00f3ja,\u00e9 s nem sajn\u00e1lja azt egy \u00e1rver\u00e9sen elk\u00f6lteni. A Jumbo-Visma ugyanis elk\u00e9peszt\u0151 erekly\u00e9ket bocs\u00e1tott licitre, a befolyt \u00f6sszegekb\u0151l fiatal ker\u00e9kp\u00e1rosokat t\u00e1mogatn\u00e1nak. K\u00f6zben napjaink egyik legnagyobb szt\u00e1rja, Filippo Ganna is bejelentette j\u00f6v\u0151 \u00e9vi terveit.\" \/>\n<meta name=\"robots\" content=\"index, follow, max-snippet:-1, max-image-preview:large, max-video-preview:-1\" \/>\n<link rel=\"canonical\" href=\"https:\/\/www.welovecycling.com\/hu\/orszaguti-kerekpar\/most-barki-megvasarolhatja-van-aert-vagy-vingegaard-ikonikus-tour-biciklijet\/\" \/>\n<meta property=\"og:locale\" content=\"hu_HU\" \/>\n<meta property=\"og:type\" content=\"article\" \/>\n<meta property=\"og:title\" content=\"Most b\u00e1rki megv\u00e1s\u00e1rolhatja Van Aert vagy Vingegaard ikonikus Tour-biciklij\u00e9t\" \/>\n<meta property=\"og:description\" content=\"M\u00e1rmint akinek van f\u00f6l\u00f6s 5-10 ezer eur\u00f3ja,\u00e9 s nem sajn\u00e1lja azt egy \u00e1rver\u00e9sen elk\u00f6lteni. A Jumbo-Visma ugyanis elk\u00e9peszt\u0151 erekly\u00e9ket bocs\u00e1tott licitre, a befolyt \u00f6sszegekb\u0151l fiatal ker\u00e9kp\u00e1rosokat t\u00e1mogatn\u00e1nak. K\u00f6zben napjaink egyik legnagyobb szt\u00e1rja, Filippo Ganna is bejelentette j\u00f6v\u0151 \u00e9vi terveit.\" \/>\n<meta property=\"og:url\" content=\"https:\/\/www.welovecycling.com\/hu\/orszaguti-kerekpar\/most-barki-megvasarolhatja-van-aert-vagy-vingegaard-ikonikus-tour-biciklijet\/\" \/>\n<meta property=\"og:site_name\" content=\"\u0160koda We Love Cycling - Magyarorsz\u00e1g\" \/>\n<meta property=\"article:publisher\" content=\"https:\/\/www.facebook.com\/WeLoveCyclingHungary\/\" \/>\n<meta property=\"article:published_time\" content=\"2022-12-11T06:00:45+00:00\" \/>\n<meta property=\"og:image\" content=\"https:\/\/d2p6e6u75xmxt8.cloudfront.net\/12\/2022\/12\/ecb8c771-468d-44bc-bd51-5e80656fd22d.webp\" \/>\n\t<meta property=\"og:image:width\" content=\"1500\" \/>\n\t<meta property=\"og:image:height\" content=\"1000\" \/>\n\t<meta property=\"og:image:type\" content=\"image\/webp\" \/>\n<meta name=\"author\" content=\"hegyizs\" \/>\n<meta name=\"twitter:card\" content=\"summary_large_image\" \/>\n<meta name=\"twitter:label1\" content=\"Written by\" \/>\n\t<meta name=\"twitter:data1\" content=\"WLC\" \/>\n\t<meta name=\"twitter:label2\" content=\"Est. reading time\" \/>\n\t<meta name=\"twitter:data2\" content=\"2 minutes\" \/>\n<script type=\"application\/ld+json\" class=\"yoast-schema-graph\">{\"@context\":\"https:\/\/schema.org\",\"@graph\":[{\"@type\":\"WebPage\",\"@id\":\"https:\/\/www.welovecycling.com\/hu\/orszaguti-kerekpar\/most-barki-megvasarolhatja-van-aert-vagy-vingegaard-ikonikus-tour-biciklijet\/\",\"url\":\"https:\/\/www.welovecycling.com\/hu\/orszaguti-kerekpar\/most-barki-megvasarolhatja-van-aert-vagy-vingegaard-ikonikus-tour-biciklijet\/\",\"name\":\"Most b\u00e1rki megv\u00e1s\u00e1rolhatja Van Aert vagy Vingegaard ikonikus Tour-biciklij\u00e9t\",\"isPartOf\":{\"@id\":\"https:\/\/www.welovecycling.com\/hu\/#website\"},\"primaryImageOfPage\":{\"@id\":\"https:\/\/www.welovecycling.com\/hu\/orszaguti-kerekpar\/most-barki-megvasarolhatja-van-aert-vagy-vingegaard-ikonikus-tour-biciklijet\/#primaryimage\"},\"image\":{\"@id\":\"https:\/\/www.welovecycling.com\/hu\/orszaguti-kerekpar\/most-barki-megvasarolhatja-van-aert-vagy-vingegaard-ikonikus-tour-biciklijet\/#primaryimage\"},\"thumbnailUrl\":\"https:\/\/d2p6e6u75xmxt8.cloudfront.net\/12\/2022\/12\/ecb8c771-468d-44bc-bd51-5e80656fd22d.webp\",\"datePublished\":\"2022-12-11T06:00:45+00:00\",\"author\":{\"@id\":\"https:\/\/www.welovecycling.com\/hu\/#\/schema\/person\/414a2aebf1801691a5320edb6468e194\"},\"description\":\"M\u00e1rmint akinek van f\u00f6l\u00f6s 5-10 ezer eur\u00f3ja,\u00e9 s nem sajn\u00e1lja azt egy \u00e1rver\u00e9sen elk\u00f6lteni. A Jumbo-Visma ugyanis elk\u00e9peszt\u0151 erekly\u00e9ket bocs\u00e1tott licitre, a befolyt \u00f6sszegekb\u0151l fiatal ker\u00e9kp\u00e1rosokat t\u00e1mogatn\u00e1nak. K\u00f6zben napjaink egyik legnagyobb szt\u00e1rja, Filippo Ganna is bejelentette j\u00f6v\u0151 \u00e9vi terveit.\",\"breadcrumb\":{\"@id\":\"https:\/\/www.welovecycling.com\/hu\/orszaguti-kerekpar\/most-barki-megvasarolhatja-van-aert-vagy-vingegaard-ikonikus-tour-biciklijet\/#breadcrumb\"},\"inLanguage\":\"hu\",\"potentialAction\":[{\"@type\":\"ReadAction\",\"target\":[\"https:\/\/www.welovecycling.com\/hu\/orszaguti-kerekpar\/most-barki-megvasarolhatja-van-aert-vagy-vingegaard-ikonikus-tour-biciklijet\/\"]}]},{\"@type\":\"ImageObject\",\"inLanguage\":\"hu\",\"@id\":\"https:\/\/www.welovecycling.com\/hu\/orszaguti-kerekpar\/most-barki-megvasarolhatja-van-aert-vagy-vingegaard-ikonikus-tour-biciklijet\/#primaryimage\",\"url\":\"https:\/\/d2p6e6u75xmxt8.cloudfront.net\/12\/2022\/12\/ecb8c771-468d-44bc-bd51-5e80656fd22d.webp\",\"contentUrl\":\"https:\/\/d2p6e6u75xmxt8.cloudfront.net\/12\/2022\/12\/ecb8c771-468d-44bc-bd51-5e80656fd22d.webp\",\"width\":1500,\"height\":1000},{\"@type\":\"BreadcrumbList\",\"@id\":\"https:\/\/www.welovecycling.com\/hu\/orszaguti-kerekpar\/most-barki-megvasarolhatja-van-aert-vagy-vingegaard-ikonikus-tour-biciklijet\/#breadcrumb\",\"itemListElement\":[{\"@type\":\"ListItem\",\"position\":1,\"name\":\"Home\",\"item\":\"https:\/\/www.welovecycling.com\/hu\/\"},{\"@type\":\"ListItem\",\"position\":2,\"name\":\"Most b\u00e1rki megv\u00e1s\u00e1rolhatja Van Aert vagy Vingegaard ikonikus Tour-biciklij\u00e9t\"}]},{\"@type\":\"WebSite\",\"@id\":\"https:\/\/www.welovecycling.com\/hu\/#website\",\"url\":\"https:\/\/www.welovecycling.com\/hu\/\",\"name\":\"\u0160koda We Love Cycling - Magyarorsz\u00e1g\",\"description\":\"\u0160koda WeLoveCycling\",\"potentialAction\":[{\"@type\":\"SearchAction\",\"target\":{\"@type\":\"EntryPoint\",\"urlTemplate\":\"https:\/\/www.welovecycling.com\/hu\/?s={search_term_string}\"},\"query-input\":{\"@type\":\"PropertyValueSpecification\",\"valueRequired\":true,\"valueName\":\"search_term_string\"}}],\"inLanguage\":\"hu\"},{\"@type\":\"Person\",\"@id\":\"https:\/\/www.welovecycling.com\/hu\/#\/schema\/person\/414a2aebf1801691a5320edb6468e194\",\"name\":\"hegyizs\",\"image\":{\"@type\":\"ImageObject\",\"inLanguage\":\"hu\",\"@id\":\"https:\/\/www.welovecycling.com\/hu\/#\/schema\/person\/image\/\",\"url\":\"https:\/\/secure.gravatar.com\/avatar\/02cf8a7906b8cf90cecb4679defac7cfd33a1c2e3b88e4903d947f3bb58eedd3?s=96&d=mm&r=g\",\"contentUrl\":\"https:\/\/secure.gravatar.com\/avatar\/02cf8a7906b8cf90cecb4679defac7cfd33a1c2e3b88e4903d947f3bb58eedd3?s=96&d=mm&r=g\",\"caption\":\"hegyizs\"},\"url\":\"https:\/\/www.welovecycling.com\/hu\/author\/hegyizs\/\"}]}<\/script>\n<!-- \/ Yoast SEO Premium plugin. -->","yoast_head_json":{"title":"Most b\u00e1rki megv\u00e1s\u00e1rolhatja Van Aert vagy Vingegaard ikonikus Tour-biciklij\u00e9t","description":"M\u00e1rmint akinek van f\u00f6l\u00f6s 5-10 ezer eur\u00f3ja,\u00e9 s nem sajn\u00e1lja azt egy \u00e1rver\u00e9sen elk\u00f6lteni. A Jumbo-Visma ugyanis elk\u00e9peszt\u0151 erekly\u00e9ket bocs\u00e1tott licitre, a befolyt \u00f6sszegekb\u0151l fiatal ker\u00e9kp\u00e1rosokat t\u00e1mogatn\u00e1nak. K\u00f6zben napjaink egyik legnagyobb szt\u00e1rja, Filippo Ganna is bejelentette j\u00f6v\u0151 \u00e9vi terveit.","robots":{"index":"index","follow":"follow","max-snippet":"max-snippet:-1","max-image-preview":"max-image-preview:large","max-video-preview":"max-video-preview:-1"},"canonical":"https:\/\/www.welovecycling.com\/hu\/orszaguti-kerekpar\/most-barki-megvasarolhatja-van-aert-vagy-vingegaard-ikonikus-tour-biciklijet\/","og_locale":"hu_HU","og_type":"article","og_title":"Most b\u00e1rki megv\u00e1s\u00e1rolhatja Van Aert vagy Vingegaard ikonikus Tour-biciklij\u00e9t","og_description":"M\u00e1rmint akinek van f\u00f6l\u00f6s 5-10 ezer eur\u00f3ja,\u00e9 s nem sajn\u00e1lja azt egy \u00e1rver\u00e9sen elk\u00f6lteni. A Jumbo-Visma ugyanis elk\u00e9peszt\u0151 erekly\u00e9ket bocs\u00e1tott licitre, a befolyt \u00f6sszegekb\u0151l fiatal ker\u00e9kp\u00e1rosokat t\u00e1mogatn\u00e1nak. K\u00f6zben napjaink egyik legnagyobb szt\u00e1rja, Filippo Ganna is bejelentette j\u00f6v\u0151 \u00e9vi terveit.","og_url":"https:\/\/www.welovecycling.com\/hu\/orszaguti-kerekpar\/most-barki-megvasarolhatja-van-aert-vagy-vingegaard-ikonikus-tour-biciklijet\/","og_site_name":"\u0160koda We Love Cycling - Magyarorsz\u00e1g","article_publisher":"https:\/\/www.facebook.com\/WeLoveCyclingHungary\/","article_published_time":"2022-12-11T06:00:45+00:00","og_image":[{"width":1500,"height":1000,"url":"https:\/\/d2p6e6u75xmxt8.cloudfront.net\/12\/2022\/12\/ecb8c771-468d-44bc-bd51-5e80656fd22d.webp","type":"image\/webp"}],"author":"hegyizs","twitter_card":"summary_large_image","twitter_misc":{"Written by":"WLC","Est. reading time":"2 minutes"},"schema":{"@context":"https:\/\/schema.org","@graph":[{"@type":"WebPage","@id":"https:\/\/www.welovecycling.com\/hu\/orszaguti-kerekpar\/most-barki-megvasarolhatja-van-aert-vagy-vingegaard-ikonikus-tour-biciklijet\/","url":"https:\/\/www.welovecycling.com\/hu\/orszaguti-kerekpar\/most-barki-megvasarolhatja-van-aert-vagy-vingegaard-ikonikus-tour-biciklijet\/","name":"Most b\u00e1rki megv\u00e1s\u00e1rolhatja Van Aert vagy Vingegaard ikonikus Tour-biciklij\u00e9t","isPartOf":{"@id":"https:\/\/www.welovecycling.com\/hu\/#website"},"primaryImageOfPage":{"@id":"https:\/\/www.welovecycling.com\/hu\/orszaguti-kerekpar\/most-barki-megvasarolhatja-van-aert-vagy-vingegaard-ikonikus-tour-biciklijet\/#primaryimage"},"image":{"@id":"https:\/\/www.welovecycling.com\/hu\/orszaguti-kerekpar\/most-barki-megvasarolhatja-van-aert-vagy-vingegaard-ikonikus-tour-biciklijet\/#primaryimage"},"thumbnailUrl":"https:\/\/d2p6e6u75xmxt8.cloudfront.net\/12\/2022\/12\/ecb8c771-468d-44bc-bd51-5e80656fd22d.webp","datePublished":"2022-12-11T06:00:45+00:00","author":{"@id":"https:\/\/www.welovecycling.com\/hu\/#\/schema\/person\/414a2aebf1801691a5320edb6468e194"},"description":"M\u00e1rmint akinek van f\u00f6l\u00f6s 5-10 ezer eur\u00f3ja,\u00e9 s nem sajn\u00e1lja azt egy \u00e1rver\u00e9sen elk\u00f6lteni. A Jumbo-Visma ugyanis elk\u00e9peszt\u0151 erekly\u00e9ket bocs\u00e1tott licitre, a befolyt \u00f6sszegekb\u0151l fiatal ker\u00e9kp\u00e1rosokat t\u00e1mogatn\u00e1nak. K\u00f6zben napjaink egyik legnagyobb szt\u00e1rja, Filippo Ganna is bejelentette j\u00f6v\u0151 \u00e9vi terveit.","breadcrumb":{"@id":"https:\/\/www.welovecycling.com\/hu\/orszaguti-kerekpar\/most-barki-megvasarolhatja-van-aert-vagy-vingegaard-ikonikus-tour-biciklijet\/#breadcrumb"},"inLanguage":"hu","potentialAction":[{"@type":"ReadAction","target":["https:\/\/www.welovecycling.com\/hu\/orszaguti-kerekpar\/most-barki-megvasarolhatja-van-aert-vagy-vingegaard-ikonikus-tour-biciklijet\/"]}]},{"@type":"ImageObject","inLanguage":"hu","@id":"https:\/\/www.welovecycling.com\/hu\/orszaguti-kerekpar\/most-barki-megvasarolhatja-van-aert-vagy-vingegaard-ikonikus-tour-biciklijet\/#primaryimage","url":"https:\/\/d2p6e6u75xmxt8.cloudfront.net\/12\/2022\/12\/ecb8c771-468d-44bc-bd51-5e80656fd22d.webp","contentUrl":"https:\/\/d2p6e6u75xmxt8.cloudfront.net\/12\/2022\/12\/ecb8c771-468d-44bc-bd51-5e80656fd22d.webp","width":1500,"height":1000},{"@type":"BreadcrumbList","@id":"https:\/\/www.welovecycling.com\/hu\/orszaguti-kerekpar\/most-barki-megvasarolhatja-van-aert-vagy-vingegaard-ikonikus-tour-biciklijet\/#breadcrumb","itemListElement":[{"@type":"ListItem","position":1,"name":"Home","item":"https:\/\/www.welovecycling.com\/hu\/"},{"@type":"ListItem","position":2,"name":"Most b\u00e1rki megv\u00e1s\u00e1rolhatja Van Aert vagy Vingegaard ikonikus Tour-biciklij\u00e9t"}]},{"@type":"WebSite","@id":"https:\/\/www.welovecycling.com\/hu\/#website","url":"https:\/\/www.welovecycling.com\/hu\/","name":"\u0160koda We Love Cycling - Magyarorsz\u00e1g","description":"\u0160koda WeLoveCycling","potentialAction":[{"@type":"SearchAction","target":{"@type":"EntryPoint","urlTemplate":"https:\/\/www.welovecycling.com\/hu\/?s={search_term_string}"},"query-input":{"@type":"PropertyValueSpecification","valueRequired":true,"valueName":"search_term_string"}}],"inLanguage":"hu"},{"@type":"Person","@id":"https:\/\/www.welovecycling.com\/hu\/#\/schema\/person\/414a2aebf1801691a5320edb6468e194","name":"hegyizs","image":{"@type":"ImageObject","inLanguage":"hu","@id":"https:\/\/www.welovecycling.com\/hu\/#\/schema\/person\/image\/","url":"https:\/\/secure.gravatar.com\/avatar\/02cf8a7906b8cf90cecb4679defac7cfd33a1c2e3b88e4903d947f3bb58eedd3?s=96&d=mm&r=g","contentUrl":"https:\/\/secure.gravatar.com\/avatar\/02cf8a7906b8cf90cecb4679defac7cfd33a1c2e3b88e4903d947f3bb58eedd3?s=96&d=mm&r=g","caption":"hegyizs"},"url":"https:\/\/www.welovecycling.com\/hu\/author\/hegyizs\/"}]}},"_links":{"self":[{"href":"https:\/\/www.welovecycling.com\/hu\/wp-json\/wp\/v2\/posts\/16551","targetHints":{"allow":["GET"]}}],"collection":[{"href":"https:\/\/www.welovecycling.com\/hu\/wp-json\/wp\/v2\/posts"}],"about":[{"href":"https:\/\/www.welovecycling.com\/hu\/wp-json\/wp\/v2\/types\/post"}],"author":[{"embeddable":true,"href":"https:\/\/www.welovecycling.com\/hu\/wp-json\/wp\/v2\/users\/71"}],"replies":[{"embeddable":true,"href":"https:\/\/www.welovecycling.com\/hu\/wp-json\/wp\/v2\/comments?post=16551"}],"version-history":[{"count":1,"href":"https:\/\/www.welovecycling.com\/hu\/wp-json\/wp\/v2\/posts\/16551\/revisions"}],"predecessor-version":[{"id":16556,"href":"https:\/\/www.welovecycling.com\/hu\/wp-json\/wp\/v2\/posts\/16551\/revisions\/16556"}],"wp:featuredmedia":[{"embeddable":true,"href":"https:\/\/www.welovecycling.com\/hu\/wp-json\/wp\/v2\/media\/16552"}],"wp:attachment":[{"href":"https:\/\/www.welovecycling.com\/hu\/wp-json\/wp\/v2\/media?parent=16551"}],"wp:term":[{"taxonomy":"category","embeddable":true,"href":"https:\/\/www.welovecycling.com\/hu\/wp-json\/wp\/v2\/categories?post=16551"},{"taxonomy":"post_tag","embeddable":true,"href":"https:\/\/www.welovecycling.com\/hu\/wp-json\/wp\/v2\/tags?post=16551"},{"taxonomy":"global-categories","embeddable":true,"href":"https:\/\/www.welovecycling.com\/hu\/wp-json\/wp\/v2\/global-categories?post=16551"}],"curies":[{"name":"wp","href":"https:\/\/api.w.org\/{rel}","templated":true}]}}