{"id":16546,"date":"2022-12-09T08:00:20","date_gmt":"2022-12-09T06:00:20","guid":{"rendered":"https:\/\/www.welovecycling.com\/hu\/?p=16546"},"modified":"2022-12-02T16:19:38","modified_gmt":"2022-12-02T14:19:38","slug":"szivfrekvencia-variabilitas-hogyan-hasznald-az-edzeseid-soran","status":"publish","type":"post","link":"https:\/\/www.welovecycling.com\/hu\/edzes-es-eletmod\/szivfrekvencia-variabilitas-hogyan-hasznald-az-edzeseid-soran\/","title":{"rendered":"Sz\u00edvfrekvencia-variabilit\u00e1s &#8211; Hogyan haszn\u00e1ld az edz\u00e9seid sor\u00e1n?"},"content":{"rendered":"<p><strong>A sz\u00edvfrekvencia-variabilit\u00e1s el\u00e1rulja, mennyire j\u00f3l kezeled a stresszt, de az edz\u00e9seidhez is hasznos inform\u00e1ci\u00f3kat tudhatsz meg bel\u0151le. A HRV seg\u00edts\u00e9g\u00e9vel p\u00e9ld\u00e1ul l\u00e1thatod, hogy egy-egy esem\u00e9ny ut\u00e1n megfelel\u0151en regener\u00e1l\u00f3dt\u00e1l-e \u00e9s \u00fajra k\u00e9szen \u00e1llsz-e a nagy intenzit\u00e1s\u00fa edz\u00e9sekre, vagy a testednek m\u00e9g pihen\u00e9sre van sz\u00fcks\u00e9ge. Ebben a cikkben azt fogjuk megvizsg\u00e1lni, hogyan haszn\u00e1lhatod a HRV-t az edz\u00e9ssel kapcsolatos d\u00f6nt\u00e9seid meghozatal\u00e1ban. <\/strong><\/p>\n<p><!--more--><\/p>\n<h2><strong>Hogyan v\u00e1ltozik a HRV az edz\u00e9s hat\u00e1s\u00e1ra?<\/strong><\/h2>\n<p><a href=\"https:\/\/pubmed.ncbi.nlm.nih.gov\/17849143\/\">A vizsg\u00e1latok azt mutatj\u00e1k<\/a>, hogy a meger\u0151ltet\u0151 edz\u00e9s a HRV cs\u00f6kken\u00e9s\u00e9hez vezet, ami elegend\u0151 pihen\u00e9s \u00e9s regener\u00e1l\u00f3d\u00e1s ut\u00e1n ism\u00e9t emelkedni kezd. Az edz\u00e9s \u00e9s a HRV k\u00f6z\u00f6tti kapcsolat nagyon fontos minden ker\u00e9kp\u00e1ros sz\u00e1m\u00e1ra, aki fontolgatja a HRV haszn\u00e1lat\u00e1t az edz\u00e9sei sor\u00e1n. L\u00e1ssuk, hogyan haszn\u00e1lhatod fel a HRV-b\u0151l nyert inform\u00e1ci\u00f3kat.<\/p>\n<h2><strong>A HRV seg\u00edts\u00e9g\u00e9vel okosabban edzhetsz<\/strong><\/h2>\n<p>A HRV elm\u00e9letileg lehet\u0151v\u00e9 teszi, hogy a tested \u00e1ltal kezelhet\u0151 teljes\u00edtm\u00e9ny alapj\u00e1n m\u00f3dos\u00edtsd az edz\u00e9sterved. Fontos, hogy legyen egy el\u0151re meghat\u00e1rozott edz\u00e9sterved, ugyanis ez strukt\u00far\u00e1t ad az eg\u00e9sz szezonodnak, \u00e9s biztos\u00edtja, hogy minden alapot lefedj. A HRV ehhez tesz m\u00e9g hozz\u00e1. P\u00e9ld\u00e1ul, ha a HRV-d alacsony, \u00e9s az edz\u00e9sterved szerint \u00e9ppen egy nagy intenzit\u00e1s\u00fa intervallumedz\u00e9s k\u00f6vetkezne, akkor v\u00e1ltoztat\u00e1sokat kell eszk\u00f6z\u00f6ln\u00f6d, \u00e9s be kell iktatnod egy regener\u00e1ci\u00f3s teker\u00e9st, az intervallumedz\u00e9st pedig \u00e1t kell tenned a k\u00f6vetkez\u0151 napra. Hasonl\u00f3k\u00e9ppen, ha a HRV-d magas, akkor nyugodtan tolhatod extra kem\u00e9nyen az edz\u00e9st, tudva, hogy gyorsan regener\u00e1l\u00f3dsz majd. A HRV-b\u0151l nyert inform\u00e1ci\u00f3k teh\u00e1t seg\u00edtenek abban, hogy okosabban eddz, legal\u00e1bbis elm\u00e9letben.<\/p>\n<figure id=\"attachment_8162\" aria-describedby=\"caption-attachment-8162\" style=\"width: 1250px\" class=\"wp-caption alignnone\"><a href=\"https:\/\/d2p6e6u75xmxt8.cloudfront.net\/12\/2020\/07\/Training-Ride-CVR-profimedia-0128732705.jpg\"><img loading=\"lazy\" decoding=\"async\" class=\"wp-image-8162 size-full\" src=\"https:\/\/d2p6e6u75xmxt8.cloudfront.net\/12\/2020\/07\/Training-Ride-CVR-profimedia-0128732705.jpg\" alt=\"Training Ride\" width=\"1250\" height=\"831\" \/><\/a><figcaption id=\"caption-attachment-8162\" class=\"wp-caption-text\"><em>A HRV m\u00e9r\u00e9se sokat el\u00e1rulhat az eg\u00e9szs\u00e9gedr\u0151l, az \u00e9letm\u00f3dodr\u00f3l \u00e9s az edz\u00e9seidr\u0151l. \u00cdgy a HRV seg\u00edts\u00e9g\u00e9vel nyomon k\u00f6vetheted a fejl\u0151d\u00e9sedet ezeken a ter\u00fcleteken. \u00a9 Profimedia <\/em><\/figcaption><\/figure>\n<h2><strong>A HRV seg\u00edt a teljes\u00edtm\u00e9ny jav\u00edt\u00e1s\u00e1ban<\/strong><\/h2>\n<p>A <a href=\"https:\/\/pubmed.ncbi.nlm.nih.gov\/29809080\/\">Miguel Hern\u00e1ndez \u00e9s a Stellenbosch Egyetem<\/a> kutat\u00f3i tesztelt\u00e9k, hogy a HRV val\u00f3ban haszn\u00e1lhat\u00f3-e az edz\u00e9sek koordin\u00e1l\u00e1s\u00e1ra, illetve, hogy jobb eredm\u00e9nyekhez vezethet-e. A tanulm\u00e1nyban 17 ker\u00e9kp\u00e1ros vett r\u00e9szt, akiket 4 h\u00e9t standardiz\u00e1lt edz\u00e9s ut\u00e1n k\u00e9t csoportra osztottak.<\/p>\n<ul>\n<li><strong>Tipikus edz\u00e9scsoport:<\/strong> A ker\u00e9kp\u00e1rosok 3 h\u00e9ten kereszt\u00fcl fokozott intenzit\u00e1s\u00fa edz\u00e9st v\u00e9geztek, majd 1 hetet pihentek. Ezt k\u00e9tszer ism\u00e9telt\u00e9k meg, teh\u00e1t \u00f6sszesen 8 h\u00e9ten kereszt\u00fcl v\u00e9gezt\u00e9k az edz\u00e9st.<\/li>\n<li><strong>HRV-vez\u00e9relt edz\u00e9scsoport:<\/strong> A ker\u00e9kp\u00e1rosok ugyan\u00fagy 8 h\u00e9ten kereszt\u00fcl edzettek, az edz\u00e9s intenzit\u00e1s\u00e1t azonban a HRV-j\u00fck hat\u00e1rozta meg. Soha nem v\u00e9geztek t\u00fal nagy intenzit\u00e1s\u00fa- vagy pihen\u0151 edz\u00e9st 2 egym\u00e1st k\u00f6vet\u0151 napon.<\/li>\n<\/ul>\n<p>A k\u00eds\u00e9rlet v\u00e9g\u00e9n az eredm\u00e9nyek azt mutatt\u00e1k, hogy a HRV-vez\u00e9relt csoport l\u00e9nyegesen kevesebb id\u0151t t\u00f6lt\u00f6tt m\u00e9rs\u00e9kelt intenzit\u00e1s\u00fa edz\u00e9ssel, mint alacsony intenzit\u00e1s\u00faval, viszont mindk\u00e9t csoport nagyj\u00e1b\u00f3l ugyanannyi id\u0151t t\u00f6lt\u00f6tt magas intenzit\u00e1s\u00fa edz\u00e9ssel. Ami pedig a teljes\u00edtm\u00e9nyt illeti: a HRV-vez\u00e9relt csoport sokkal jobban teljes\u00edtett, mint a tipikus edz\u00e9scsoport.<\/p>\n<ul>\n<li>A cs\u00facsteljes\u00edtm\u00e9nyt illet\u0151en 5%-kal nagyobb n\u00f6veked\u00e9st \u00e9rtek el<\/li>\n<li>14%-kal nagyobb teljes\u00edtm\u00e9nyn\u00f6veked\u00e9st \u00e9rtek el a VT2 ventil\u00e1ci\u00f3s k\u00fcsz\u00f6b\u00e9rt\u00e9kn\u00e9l (ami a 30-60 percig fenntartott legmagasabb intenzit\u00e1s)<\/li>\n<li>7%-kal nagyobb teljes\u00edtm\u00e9nyn\u00f6veked\u00e9st \u00e9rtek el a 40 perces id\u0151futam sor\u00e1n<\/li>\n<\/ul>\n<p>A kutat\u00f3k szerint a pozit\u00edv eredm\u00e9nyek annak k\u00f6sz\u00f6nhet\u0151ek, hogy a HRV-vez\u00e9relt sportol\u00f3k felk\u00e9sz\u00fcltebbek voltak a nagy intenzit\u00e1s\u00fa edz\u00e9sekre, valamint, hogy kevesebb id\u0151t t\u00f6lt\u00f6ttek m\u00e9rs\u00e9kelt intenzit\u00e1s\u00fa edz\u00e9sekkel. \u00d6sszess\u00e9g\u00e9ben ez nagyszer\u0171 h\u00edr azon ker\u00e9kp\u00e1rosok sz\u00e1m\u00e1ra, akik a HRV-t haszn\u00e1lj\u00e1k edz\u00e9seik koordin\u00e1l\u00e1sra.<\/p>\n<h2><strong>Nem az edz\u00e9s az egyetlen dolog, ami hat\u00e1ssal van a HRV-re<\/strong><\/h2>\n<p>A tanulm\u00e1ny eredm\u00e9nyeinek elolvas\u00e1sa ut\u00e1n cs\u00e1b\u00edt\u00f3 lehet, hogy csup\u00e1n a HRV-adataid alapj\u00e1n \u00e9p\u00edtsd fel az edz\u00e9stervedet. Nem szabad azonban elfelejtened, hogy vannak m\u00e1s dolgok is, amelyek befoly\u00e1solj\u00e1k a HRV-t. <a href=\"https:\/\/www.welovecycling.com\/hu\/edzes-es-eletmod\/szivfrekvencia-variabilitas-hogyan-fejleszd\/\">Az el\u0151z\u0151 cikkben kit\u00e1rgyaltuk, hogy az \u00e9letm\u00f3d, az alv\u00e1s, a munkahelyi stressz vagy az \u00e9trend is hat\u00e1ssal lehet a HRV-re<\/a>. Teh\u00e1t az is nagyon fontos, hogy hogy \u00e9rzed magad. Tov\u00e1bb\u00e1, ahogy nem szabad az teljes\u00edtm\u00e9nybeli eredm\u00e9nyeid rabszolg\u00e1ja lenned, \u00fagy ne f\u00fcggj a HRV-\u00e9rt\u00e9keidt\u0151l sem.<\/p>\n<h2><strong>A nyugalmi pulzussz\u00e1m kombin\u00e1l\u00e1sa a HRV-vel<\/strong><\/h2>\n<p>Ha m\u00e1r \u00fcgyesen tudod m\u00e9rni \u00e9s \u00e9rtelmezni a HRV-det, a kapott \u00e9rt\u00e9keket kombin\u00e1lhatod a nyugalmi pulzussz\u00e1mmal (RHR). Ez seg\u00edthet m\u00e9g pontosabban meghat\u00e1rozni, hogyan teljes\u00edt a tested. Az al\u00e1bbiakban l\u00e1thatsz n\u00e9h\u00e1ny \u00e1ltal\u00e1nos megfigyel\u00e9st a HRV-t haszn\u00e1l\u00f3 sportol\u00f3kt\u00f3l. Ne feledd, hogy ezek nem k\u0151bev\u00e9sett szab\u00e1lyok!<\/p>\n<ul>\n<li>Ha a HRV n\u00f6vekszik, de az RHR cs\u00f6kken, az annak a jele, hogy j\u00f3l reag\u00e1lsz az edz\u00e9sekre, \u00e9s k\u00e9szen \u00e1llsz a folytat\u00e1sra.<\/li>\n<li>Ha a HRV \u00e9s az RHR is n\u00f6vekszik, az azt jelzi, hogy a tested f\u00e1radt, kiv\u00e9ve, ha egy edz\u00e9sblokk elej\u00e9n vagy.<\/li>\n<li>Ha a HRV cs\u00f6kken, de az RHR n\u00f6vekszik, az szint\u00e9n a f\u00e1rads\u00e1got jelzi, kiv\u00e9ve, ha \u00e9ppen fogy\u00f3k\u00far\u00e1zol, mert ezesetben annak a jele, hogy k\u00e9szen \u00e1llsz a teljes\u00edtm\u00e9nyfokoz\u00e1sra.<\/li>\n<li>A HRV \u00e9s az RHR egy\u00fcttes cs\u00f6kken\u00e9se a hosszan tart\u00f3, alacsony intenzit\u00e1s\u00fa, nagy volumen\u0171 edz\u00e9sek velej\u00e1r\u00f3ja. A pihen\u00e9s \u00e1ltal\u00e1ban megford\u00edtja a tendenci\u00e1t, ha m\u00e9gsem, akkor ez a t\u00faledz\u00e9s jele.<\/li>\n<\/ul>\n<p style=\"font-weight: 400;\">Mindezen adatokkal felv\u00e9rtezve biztos, hogy a legt\u00f6bbet hozhatod ki az edz\u00e9seidb\u0151l. \u00c9s tal\u00e1n m\u00e9g azt a plusz pihen\u0151napot is beiktatod v\u00e9gre, amire a testednek sz\u00fcks\u00e9ge van.<\/p>\n","protected":false},"excerpt":{"rendered":"<p>A sz\u00edvfrekvencia-variabilit\u00e1s el\u00e1rulja, mennyire j\u00f3l kezeled a stresszt, de az edz\u00e9seidhez is hasznos inform\u00e1ci\u00f3kat tudhatsz meg bel\u0151le. A HRV seg\u00edts\u00e9g\u00e9vel [&hellip;]<\/p>\n","protected":false},"author":71,"featured_media":16548,"comment_status":"open","ping_status":"open","sticky":false,"template":"","format":"standard","meta":{"footnotes":""},"categories":[6],"tags":[],"global-categories":[],"class_list":["post-16546","post","type-post","status-publish","format-standard","has-post-thumbnail","hentry","category-edzes-es-eletmod"],"yoast_head":"<!-- This site is optimized with the Yoast SEO Premium plugin v25.3 (Yoast SEO v25.9) - https:\/\/yoast.com\/wordpress\/plugins\/seo\/ -->\n<title>Sz\u00edvfrekvencia-variabilit\u00e1s - Hogyan haszn\u00e1ld az edz\u00e9seid sor\u00e1n?<\/title>\n<meta name=\"description\" content=\"A sz\u00edvfrekvencia-variabilit\u00e1s el\u00e1rulja, mennyire j\u00f3l kezeled a stresszt, de az edz\u00e9seidhez is hasznos inform\u00e1ci\u00f3kat tudhatsz meg bel\u0151le. A HRV seg\u00edts\u00e9g\u00e9vel p\u00e9ld\u00e1ul l\u00e1thatod, hogy egy-egy esem\u00e9ny ut\u00e1n megfelel\u0151en regener\u00e1l\u00f3dt\u00e1l-e \u00e9s \u00fajra k\u00e9szen \u00e1llsz-e a nagy intenzit\u00e1s\u00fa edz\u00e9sekre, vagy a testednek m\u00e9g pihen\u00e9sre van sz\u00fcks\u00e9ge.\" \/>\n<meta name=\"robots\" content=\"index, follow, max-snippet:-1, max-image-preview:large, max-video-preview:-1\" \/>\n<link rel=\"canonical\" href=\"https:\/\/www.welovecycling.com\/hu\/edzes-es-eletmod\/szivfrekvencia-variabilitas-hogyan-hasznald-az-edzeseid-soran\/\" \/>\n<meta property=\"og:locale\" content=\"hu_HU\" \/>\n<meta property=\"og:type\" content=\"article\" \/>\n<meta property=\"og:title\" content=\"Sz\u00edvfrekvencia-variabilit\u00e1s - Hogyan haszn\u00e1ld az edz\u00e9seid sor\u00e1n?\" \/>\n<meta property=\"og:description\" content=\"A sz\u00edvfrekvencia-variabilit\u00e1s el\u00e1rulja, mennyire j\u00f3l kezeled a stresszt, de az edz\u00e9seidhez is hasznos inform\u00e1ci\u00f3kat tudhatsz meg bel\u0151le. A HRV seg\u00edts\u00e9g\u00e9vel p\u00e9ld\u00e1ul l\u00e1thatod, hogy egy-egy esem\u00e9ny ut\u00e1n megfelel\u0151en regener\u00e1l\u00f3dt\u00e1l-e \u00e9s \u00fajra k\u00e9szen \u00e1llsz-e a nagy intenzit\u00e1s\u00fa edz\u00e9sekre, vagy a testednek m\u00e9g pihen\u00e9sre van sz\u00fcks\u00e9ge.\" \/>\n<meta property=\"og:url\" content=\"https:\/\/www.welovecycling.com\/hu\/edzes-es-eletmod\/szivfrekvencia-variabilitas-hogyan-hasznald-az-edzeseid-soran\/\" \/>\n<meta property=\"og:site_name\" content=\"\u0160koda We Love Cycling - Magyarorsz\u00e1g\" \/>\n<meta property=\"article:publisher\" content=\"https:\/\/www.facebook.com\/WeLoveCyclingHungary\/\" \/>\n<meta property=\"article:published_time\" content=\"2022-12-09T06:00:20+00:00\" \/>\n<meta property=\"og:image\" content=\"https:\/\/d2p6e6u75xmxt8.cloudfront.net\/12\/2022\/12\/Indoor-Cycling-Training-profimedia-0735714767-CVR.webp\" \/>\n\t<meta property=\"og:image:width\" content=\"990\" \/>\n\t<meta property=\"og:image:height\" content=\"660\" \/>\n\t<meta property=\"og:image:type\" content=\"image\/webp\" \/>\n<meta name=\"author\" content=\"hegyizs\" \/>\n<meta name=\"twitter:card\" content=\"summary_large_image\" \/>\n<meta name=\"twitter:label1\" content=\"Written by\" \/>\n\t<meta name=\"twitter:data1\" content=\"Jiri Kaloc\" \/>\n\t<meta name=\"twitter:label2\" content=\"Est. reading time\" \/>\n\t<meta name=\"twitter:data2\" content=\"5\" \/>\n<script type=\"application\/ld+json\" class=\"yoast-schema-graph\">{\"@context\":\"https:\/\/schema.org\",\"@graph\":[{\"@type\":\"WebPage\",\"@id\":\"https:\/\/www.welovecycling.com\/hu\/edzes-es-eletmod\/szivfrekvencia-variabilitas-hogyan-hasznald-az-edzeseid-soran\/\",\"url\":\"https:\/\/www.welovecycling.com\/hu\/edzes-es-eletmod\/szivfrekvencia-variabilitas-hogyan-hasznald-az-edzeseid-soran\/\",\"name\":\"Sz\u00edvfrekvencia-variabilit\u00e1s - Hogyan haszn\u00e1ld az edz\u00e9seid sor\u00e1n?\",\"isPartOf\":{\"@id\":\"https:\/\/www.welovecycling.com\/hu\/#website\"},\"primaryImageOfPage\":{\"@id\":\"https:\/\/www.welovecycling.com\/hu\/edzes-es-eletmod\/szivfrekvencia-variabilitas-hogyan-hasznald-az-edzeseid-soran\/#primaryimage\"},\"image\":{\"@id\":\"https:\/\/www.welovecycling.com\/hu\/edzes-es-eletmod\/szivfrekvencia-variabilitas-hogyan-hasznald-az-edzeseid-soran\/#primaryimage\"},\"thumbnailUrl\":\"https:\/\/d2p6e6u75xmxt8.cloudfront.net\/12\/2022\/12\/Indoor-Cycling-Training-profimedia-0735714767-CVR.webp\",\"datePublished\":\"2022-12-09T06:00:20+00:00\",\"author\":{\"@id\":\"https:\/\/www.welovecycling.com\/hu\/#\/schema\/person\/414a2aebf1801691a5320edb6468e194\"},\"description\":\"A sz\u00edvfrekvencia-variabilit\u00e1s el\u00e1rulja, mennyire j\u00f3l kezeled a stresszt, de az edz\u00e9seidhez is hasznos inform\u00e1ci\u00f3kat tudhatsz meg bel\u0151le. A HRV seg\u00edts\u00e9g\u00e9vel p\u00e9ld\u00e1ul l\u00e1thatod, hogy egy-egy esem\u00e9ny ut\u00e1n megfelel\u0151en regener\u00e1l\u00f3dt\u00e1l-e \u00e9s \u00fajra k\u00e9szen \u00e1llsz-e a nagy intenzit\u00e1s\u00fa edz\u00e9sekre, vagy a testednek m\u00e9g pihen\u00e9sre van sz\u00fcks\u00e9ge.\",\"breadcrumb\":{\"@id\":\"https:\/\/www.welovecycling.com\/hu\/edzes-es-eletmod\/szivfrekvencia-variabilitas-hogyan-hasznald-az-edzeseid-soran\/#breadcrumb\"},\"inLanguage\":\"hu\",\"potentialAction\":[{\"@type\":\"ReadAction\",\"target\":[\"https:\/\/www.welovecycling.com\/hu\/edzes-es-eletmod\/szivfrekvencia-variabilitas-hogyan-hasznald-az-edzeseid-soran\/\"]}]},{\"@type\":\"ImageObject\",\"inLanguage\":\"hu\",\"@id\":\"https:\/\/www.welovecycling.com\/hu\/edzes-es-eletmod\/szivfrekvencia-variabilitas-hogyan-hasznald-az-edzeseid-soran\/#primaryimage\",\"url\":\"https:\/\/d2p6e6u75xmxt8.cloudfront.net\/12\/2022\/12\/Indoor-Cycling-Training-profimedia-0735714767-CVR.webp\",\"contentUrl\":\"https:\/\/d2p6e6u75xmxt8.cloudfront.net\/12\/2022\/12\/Indoor-Cycling-Training-profimedia-0735714767-CVR.webp\",\"width\":990,\"height\":660,\"caption\":\"Indoor Cycling\"},{\"@type\":\"BreadcrumbList\",\"@id\":\"https:\/\/www.welovecycling.com\/hu\/edzes-es-eletmod\/szivfrekvencia-variabilitas-hogyan-hasznald-az-edzeseid-soran\/#breadcrumb\",\"itemListElement\":[{\"@type\":\"ListItem\",\"position\":1,\"name\":\"Home\",\"item\":\"https:\/\/www.welovecycling.com\/hu\/\"},{\"@type\":\"ListItem\",\"position\":2,\"name\":\"Sz\u00edvfrekvencia-variabilit\u00e1s &#8211; Hogyan haszn\u00e1ld az edz\u00e9seid sor\u00e1n?\"}]},{\"@type\":\"WebSite\",\"@id\":\"https:\/\/www.welovecycling.com\/hu\/#website\",\"url\":\"https:\/\/www.welovecycling.com\/hu\/\",\"name\":\"\u0160koda We Love Cycling - Magyarorsz\u00e1g\",\"description\":\"\u0160koda WeLoveCycling\",\"potentialAction\":[{\"@type\":\"SearchAction\",\"target\":{\"@type\":\"EntryPoint\",\"urlTemplate\":\"https:\/\/www.welovecycling.com\/hu\/?s={search_term_string}\"},\"query-input\":{\"@type\":\"PropertyValueSpecification\",\"valueRequired\":true,\"valueName\":\"search_term_string\"}}],\"inLanguage\":\"hu\"},{\"@type\":\"Person\",\"@id\":\"https:\/\/www.welovecycling.com\/hu\/#\/schema\/person\/414a2aebf1801691a5320edb6468e194\",\"name\":\"hegyizs\",\"image\":{\"@type\":\"ImageObject\",\"inLanguage\":\"hu\",\"@id\":\"https:\/\/www.welovecycling.com\/hu\/#\/schema\/person\/image\/\",\"url\":\"https:\/\/secure.gravatar.com\/avatar\/02cf8a7906b8cf90cecb4679defac7cfd33a1c2e3b88e4903d947f3bb58eedd3?s=96&d=mm&r=g\",\"contentUrl\":\"https:\/\/secure.gravatar.com\/avatar\/02cf8a7906b8cf90cecb4679defac7cfd33a1c2e3b88e4903d947f3bb58eedd3?s=96&d=mm&r=g\",\"caption\":\"hegyizs\"},\"url\":\"https:\/\/www.welovecycling.com\/hu\/author\/hegyizs\/\"}]}<\/script>\n<!-- \/ Yoast SEO Premium plugin. -->","yoast_head_json":{"title":"Sz\u00edvfrekvencia-variabilit\u00e1s - Hogyan haszn\u00e1ld az edz\u00e9seid sor\u00e1n?","description":"A sz\u00edvfrekvencia-variabilit\u00e1s el\u00e1rulja, mennyire j\u00f3l kezeled a stresszt, de az edz\u00e9seidhez is hasznos inform\u00e1ci\u00f3kat tudhatsz meg bel\u0151le. A HRV seg\u00edts\u00e9g\u00e9vel p\u00e9ld\u00e1ul l\u00e1thatod, hogy egy-egy esem\u00e9ny ut\u00e1n megfelel\u0151en regener\u00e1l\u00f3dt\u00e1l-e \u00e9s \u00fajra k\u00e9szen \u00e1llsz-e a nagy intenzit\u00e1s\u00fa edz\u00e9sekre, vagy a testednek m\u00e9g pihen\u00e9sre van sz\u00fcks\u00e9ge.","robots":{"index":"index","follow":"follow","max-snippet":"max-snippet:-1","max-image-preview":"max-image-preview:large","max-video-preview":"max-video-preview:-1"},"canonical":"https:\/\/www.welovecycling.com\/hu\/edzes-es-eletmod\/szivfrekvencia-variabilitas-hogyan-hasznald-az-edzeseid-soran\/","og_locale":"hu_HU","og_type":"article","og_title":"Sz\u00edvfrekvencia-variabilit\u00e1s - Hogyan haszn\u00e1ld az edz\u00e9seid sor\u00e1n?","og_description":"A sz\u00edvfrekvencia-variabilit\u00e1s el\u00e1rulja, mennyire j\u00f3l kezeled a stresszt, de az edz\u00e9seidhez is hasznos inform\u00e1ci\u00f3kat tudhatsz meg bel\u0151le. A HRV seg\u00edts\u00e9g\u00e9vel p\u00e9ld\u00e1ul l\u00e1thatod, hogy egy-egy esem\u00e9ny ut\u00e1n megfelel\u0151en regener\u00e1l\u00f3dt\u00e1l-e \u00e9s \u00fajra k\u00e9szen \u00e1llsz-e a nagy intenzit\u00e1s\u00fa edz\u00e9sekre, vagy a testednek m\u00e9g pihen\u00e9sre van sz\u00fcks\u00e9ge.","og_url":"https:\/\/www.welovecycling.com\/hu\/edzes-es-eletmod\/szivfrekvencia-variabilitas-hogyan-hasznald-az-edzeseid-soran\/","og_site_name":"\u0160koda We Love Cycling - Magyarorsz\u00e1g","article_publisher":"https:\/\/www.facebook.com\/WeLoveCyclingHungary\/","article_published_time":"2022-12-09T06:00:20+00:00","og_image":[{"width":990,"height":660,"url":"https:\/\/d2p6e6u75xmxt8.cloudfront.net\/12\/2022\/12\/Indoor-Cycling-Training-profimedia-0735714767-CVR.webp","type":"image\/webp"}],"author":"hegyizs","twitter_card":"summary_large_image","twitter_misc":{"Written by":"Jiri Kaloc","Est. reading time":"5"},"schema":{"@context":"https:\/\/schema.org","@graph":[{"@type":"WebPage","@id":"https:\/\/www.welovecycling.com\/hu\/edzes-es-eletmod\/szivfrekvencia-variabilitas-hogyan-hasznald-az-edzeseid-soran\/","url":"https:\/\/www.welovecycling.com\/hu\/edzes-es-eletmod\/szivfrekvencia-variabilitas-hogyan-hasznald-az-edzeseid-soran\/","name":"Sz\u00edvfrekvencia-variabilit\u00e1s - Hogyan haszn\u00e1ld az edz\u00e9seid sor\u00e1n?","isPartOf":{"@id":"https:\/\/www.welovecycling.com\/hu\/#website"},"primaryImageOfPage":{"@id":"https:\/\/www.welovecycling.com\/hu\/edzes-es-eletmod\/szivfrekvencia-variabilitas-hogyan-hasznald-az-edzeseid-soran\/#primaryimage"},"image":{"@id":"https:\/\/www.welovecycling.com\/hu\/edzes-es-eletmod\/szivfrekvencia-variabilitas-hogyan-hasznald-az-edzeseid-soran\/#primaryimage"},"thumbnailUrl":"https:\/\/d2p6e6u75xmxt8.cloudfront.net\/12\/2022\/12\/Indoor-Cycling-Training-profimedia-0735714767-CVR.webp","datePublished":"2022-12-09T06:00:20+00:00","author":{"@id":"https:\/\/www.welovecycling.com\/hu\/#\/schema\/person\/414a2aebf1801691a5320edb6468e194"},"description":"A sz\u00edvfrekvencia-variabilit\u00e1s el\u00e1rulja, mennyire j\u00f3l kezeled a stresszt, de az edz\u00e9seidhez is hasznos inform\u00e1ci\u00f3kat tudhatsz meg bel\u0151le. A HRV seg\u00edts\u00e9g\u00e9vel p\u00e9ld\u00e1ul l\u00e1thatod, hogy egy-egy esem\u00e9ny ut\u00e1n megfelel\u0151en regener\u00e1l\u00f3dt\u00e1l-e \u00e9s \u00fajra k\u00e9szen \u00e1llsz-e a nagy intenzit\u00e1s\u00fa edz\u00e9sekre, vagy a testednek m\u00e9g pihen\u00e9sre van sz\u00fcks\u00e9ge.","breadcrumb":{"@id":"https:\/\/www.welovecycling.com\/hu\/edzes-es-eletmod\/szivfrekvencia-variabilitas-hogyan-hasznald-az-edzeseid-soran\/#breadcrumb"},"inLanguage":"hu","potentialAction":[{"@type":"ReadAction","target":["https:\/\/www.welovecycling.com\/hu\/edzes-es-eletmod\/szivfrekvencia-variabilitas-hogyan-hasznald-az-edzeseid-soran\/"]}]},{"@type":"ImageObject","inLanguage":"hu","@id":"https:\/\/www.welovecycling.com\/hu\/edzes-es-eletmod\/szivfrekvencia-variabilitas-hogyan-hasznald-az-edzeseid-soran\/#primaryimage","url":"https:\/\/d2p6e6u75xmxt8.cloudfront.net\/12\/2022\/12\/Indoor-Cycling-Training-profimedia-0735714767-CVR.webp","contentUrl":"https:\/\/d2p6e6u75xmxt8.cloudfront.net\/12\/2022\/12\/Indoor-Cycling-Training-profimedia-0735714767-CVR.webp","width":990,"height":660,"caption":"Indoor Cycling"},{"@type":"BreadcrumbList","@id":"https:\/\/www.welovecycling.com\/hu\/edzes-es-eletmod\/szivfrekvencia-variabilitas-hogyan-hasznald-az-edzeseid-soran\/#breadcrumb","itemListElement":[{"@type":"ListItem","position":1,"name":"Home","item":"https:\/\/www.welovecycling.com\/hu\/"},{"@type":"ListItem","position":2,"name":"Sz\u00edvfrekvencia-variabilit\u00e1s &#8211; Hogyan haszn\u00e1ld az edz\u00e9seid sor\u00e1n?"}]},{"@type":"WebSite","@id":"https:\/\/www.welovecycling.com\/hu\/#website","url":"https:\/\/www.welovecycling.com\/hu\/","name":"\u0160koda We Love Cycling - Magyarorsz\u00e1g","description":"\u0160koda WeLoveCycling","potentialAction":[{"@type":"SearchAction","target":{"@type":"EntryPoint","urlTemplate":"https:\/\/www.welovecycling.com\/hu\/?s={search_term_string}"},"query-input":{"@type":"PropertyValueSpecification","valueRequired":true,"valueName":"search_term_string"}}],"inLanguage":"hu"},{"@type":"Person","@id":"https:\/\/www.welovecycling.com\/hu\/#\/schema\/person\/414a2aebf1801691a5320edb6468e194","name":"hegyizs","image":{"@type":"ImageObject","inLanguage":"hu","@id":"https:\/\/www.welovecycling.com\/hu\/#\/schema\/person\/image\/","url":"https:\/\/secure.gravatar.com\/avatar\/02cf8a7906b8cf90cecb4679defac7cfd33a1c2e3b88e4903d947f3bb58eedd3?s=96&d=mm&r=g","contentUrl":"https:\/\/secure.gravatar.com\/avatar\/02cf8a7906b8cf90cecb4679defac7cfd33a1c2e3b88e4903d947f3bb58eedd3?s=96&d=mm&r=g","caption":"hegyizs"},"url":"https:\/\/www.welovecycling.com\/hu\/author\/hegyizs\/"}]}},"_links":{"self":[{"href":"https:\/\/www.welovecycling.com\/hu\/wp-json\/wp\/v2\/posts\/16546","targetHints":{"allow":["GET"]}}],"collection":[{"href":"https:\/\/www.welovecycling.com\/hu\/wp-json\/wp\/v2\/posts"}],"about":[{"href":"https:\/\/www.welovecycling.com\/hu\/wp-json\/wp\/v2\/types\/post"}],"author":[{"embeddable":true,"href":"https:\/\/www.welovecycling.com\/hu\/wp-json\/wp\/v2\/users\/71"}],"replies":[{"embeddable":true,"href":"https:\/\/www.welovecycling.com\/hu\/wp-json\/wp\/v2\/comments?post=16546"}],"version-history":[{"count":2,"href":"https:\/\/www.welovecycling.com\/hu\/wp-json\/wp\/v2\/posts\/16546\/revisions"}],"predecessor-version":[{"id":16549,"href":"https:\/\/www.welovecycling.com\/hu\/wp-json\/wp\/v2\/posts\/16546\/revisions\/16549"}],"wp:featuredmedia":[{"embeddable":true,"href":"https:\/\/www.welovecycling.com\/hu\/wp-json\/wp\/v2\/media\/16548"}],"wp:attachment":[{"href":"https:\/\/www.welovecycling.com\/hu\/wp-json\/wp\/v2\/media?parent=16546"}],"wp:term":[{"taxonomy":"category","embeddable":true,"href":"https:\/\/www.welovecycling.com\/hu\/wp-json\/wp\/v2\/categories?post=16546"},{"taxonomy":"post_tag","embeddable":true,"href":"https:\/\/www.welovecycling.com\/hu\/wp-json\/wp\/v2\/tags?post=16546"},{"taxonomy":"global-categories","embeddable":true,"href":"https:\/\/www.welovecycling.com\/hu\/wp-json\/wp\/v2\/global-categories?post=16546"}],"curies":[{"name":"wp","href":"https:\/\/api.w.org\/{rel}","templated":true}]}}