{"id":16541,"date":"2022-12-07T08:00:41","date_gmt":"2022-12-07T06:00:41","guid":{"rendered":"https:\/\/www.welovecycling.com\/hu\/?p=16541"},"modified":"2022-12-02T16:18:21","modified_gmt":"2022-12-02T14:18:21","slug":"mi-var-a-profi-biciklisekre-a-visszavonulas-utan","status":"publish","type":"post","link":"https:\/\/www.welovecycling.com\/hu\/orszaguti-kerekpar\/mi-var-a-profi-biciklisekre-a-visszavonulas-utan\/","title":{"rendered":"Mi v\u00e1r a profi biciklisekre a visszavonul\u00e1s ut\u00e1n?"},"content":{"rendered":"<p><strong>Kev\u00e9s profi ker\u00e9kp\u00e1ros (n\u00e9h\u00e1ny figyelemre m\u00e9lt\u00f3 kiv\u00e9telt\u0151l eltekintve) teker versenyszer\u0171en m\u00e9g id\u0151s kor\u00e1ban is. Mivel a legt\u00f6bben a tin\u00e9dzserkorukat szigor\u00fa edz\u00e9sekkel t\u00f6ltik, \u00e9s a 20-as \u00e9veik elej\u00e9n kezdenek el teljes munkaid\u0151ben versenyezni, a feln\u0151ttkorba l\u00e9pve kiz\u00e1r\u00f3lag a versenynapt\u00e1rak \u00e9s az egyes szezonokra kit\u0171z\u00f6tt egy\u00e9ni c\u00e9lok \u00e1ltal meghat\u00e1rozott menetrend szerint \u00e9lnek.<\/strong><\/p>\n<p><!--more--><\/p>\n<p>A sportol\u00f3i \u00e9let jellege miatt a profi ker\u00e9kp\u00e1rosok szoci\u00e1lis \u00e9lete is ink\u00e1bb a szakm\u00e1ban dolgoz\u00f3 emberek k\u00f6r\u00e9 csoportosul. Arr\u00f3l nem is besz\u00e9lve, hogy legt\u00f6bbj\u00fck olyan v\u00e1rosokba k\u00f6lt\u00f6zik, mint Manchester, Girona, Nizza vagy Oudenaarde, ahol sz\u00e1mos edz\u00e9si lehet\u0151s\u00e9g v\u00e1r r\u00e1juk.<\/p>\n<p>Nem meglep\u0151 teh\u00e1t, hogy a visszavonul\u00e1s sokkol\u00f3 lehet, ha az \u00e9letedet eddig egy dolog uralta. A &#8220;rendes&#8221; \u00e9letre val\u00f3 \u00e1t\u00e1ll\u00e1s neh\u00e9z. Ugyanakkor n\u00e9h\u00e1ny versenyz\u0151 ilyenkor fedezi fel \u00f6nmaga \u00faj oldal\u00e1t \u00e9s tal\u00e1l m\u00e1s m\u00f3dot arra, hogy hozz\u00e1j\u00e1ruljon a bicikliz\u00e9s vil\u00e1g\u00e1hoz. Ma \u00f6t versenyz\u0151 t\u00f6rt\u00e9net\u00e9t mutatjuk be, akik egyedi tapasztalatokat szereztek visszavonul\u00e1suk ut\u00e1n.<\/p>\n<h2><strong>Ted King: \u00cdgy szeress bele \u00fajra a bicikliz\u00e9sbe<\/strong><\/h2>\n<p>A visszavonult amerikai orsz\u00e1g\u00fati ker\u00e9kp\u00e1ros, aki legut\u00f3bb az UCI ProTeam Cannondale csapat\u00e1t er\u0151s\u00edtette, 2006-ban v\u00e1lt profiv\u00e1, \u00e9s t\u00edz \u00e9vig versenyzett. A 2015-\u00f6s visszavonul\u00e1sa \u00f3ta m\u00e9g mindig sok id\u0151t t\u00f6lt a ker\u00e9kp\u00e1rj\u00e1n, de mostan\u00e1ban eg\u00e9szen m\u00e1s m\u00f3don \u00e9lvezi a sportot. Most olyan versenyek lelkes r\u00e9sztvev\u0151je, mint a Dirty Kanza \u00e9s a Leadville 100. King \u00faj megk\u00f6zel\u00edt\u00e9s\u00e9t megfelel\u0151en \u00f6sszefoglalja az \u00e1ltala v\u00e1lasztott innival\u00f3 &#8211; a regener\u00e1ci\u00f3s italokat IPA-ra cser\u00e9lte.<\/p>\n<p>King nem fogja vissza mag\u00e1t, amikor a profi biciklis edz\u00e9sek sor\u00e1n tapasztalt neh\u00e9zs\u00e9gekr\u0151l panaszkodik. <em>&#8220;Szigor\u00fa \u00e9letet \u00e9ltem, durva di\u00e9t\u00e1val, szigor\u00fa id\u0151beoszt\u00e1ssal \u00e9s \u00e1lland\u00f3 utaz\u00e1ssal. Ritk\u00e1n l\u00e1ttam a bar\u00e1taimat. Sok szerencs\u00e9t, ha csal\u00e1dod is van!&#8221;<\/em> \u00cdgy nem meglep\u0151, hogy egy \u00e9vtizednyi profizmus ut\u00e1n \u00f6r\u00fclt egy kis szabads\u00e1gnak.<\/p>\n<p>Saj\u00e1t szavaival \u00e9lve:<em> &#8220;Ne \u00e9rtsen f\u00e9lre: m\u00e9g mindig szeretem a ker\u00e9kp\u00e1roz\u00e1st, a k\u00f6z\u00f6ss\u00e9get \u00e9s a l\u00e9gk\u00f6rt. A r\u00e9gi orsz\u00e1g\u00fati versenyekkel ellent\u00e9tben, ahol a csapatom minden r\u00e9szletet menedzselt, [a Leadville 100] id\u00e9n visszavisz az amat\u0151r versenyz\u0151s korszakomba, amikor minden logisztik\u00e1t nekem kellett megoldani &#8211; ezt a kih\u00edv\u00e1st nagyon \u00e9lveztem.\u201d<\/em><\/p>\n<h2><strong>Gracie Elvin: Seg\u00edt m\u00e1s bicikliseknek visszavonulni<\/strong><\/h2>\n<p>Gracie Elvin p\u00e1lyafut\u00e1s\u00e1nak cs\u00facspontjai 2012-hez k\u00f6t\u0151dnek, amikor a Faren-Honda olasz csapatn\u00e1l versenyzett, ahol megnyerte az \u00d3ce\u00e1nia-bajnoks\u00e1g orsz\u00e1g\u00fati verseny\u00e9nek bajnoki c\u00edm\u00e9t, \u00e9s ez\u00fcst\u00e9rmes lett az id\u0151futamon. A Mitchelton-Scotthoz \u00e1tigazolva az ausztr\u00e1l versenyz\u0151 a k\u00f6vetkez\u0151 \u00e9vekben k\u00f6vetkezetesnek bizonyult, 2017-ben pedig m\u00e1sodik helyez\u00e9st \u00e9rt el a Flandria k\u00f6rversenyen. 2020-ra azonban Elvinnek elege lett az orsz\u00e1g\u00fati \u00e9letb\u0151l, \u00e9s bejelentette, hogy a szezon v\u00e9g\u00e9n visszavonul.<\/p>\n<p>Ma a n\u0151i ker\u00e9kp\u00e1rosok sz\u00f6vets\u00e9g\u00e9nek, a The Cyclists&#8217; Alliance-nek (TCA) fontos tagja, ami nemr\u00e9g mentorprogramot ind\u00edtott, hogy seg\u00edtse a ker\u00e9kp\u00e1rosok \u00e1tmenet\u00e9t a profi \u00e9let ut\u00e1ni id\u0151szakba. <em>&#8220;Sok sportol\u00f3t l\u00e1tunk, akik az \u00e1t\u00e1ll\u00e1ssal k\u00fczdenek minden sport\u00e1gban&#8221;<\/em> &#8211; mondta Elvin a VeloNewsnak. <em>&#8220;N\u00e9h\u00e1ny versenyz\u0151 egyszer\u0171en elt\u0171nik a visszavonul\u00e1s ut\u00e1n, \u00e9s n\u00e9ha nagyon racion\u00e1lis okok \u00e1llnak a h\u00e1tt\u00e9rben, mert csal\u00e1dot alap\u00edtottak, vagy szeretn\u00e9k abbahagyni a profi sportot.&#8221;<\/em><\/p>\n<p>Term\u00e9szetesen egyed\u00fcl\u00e1ll\u00f3an j\u00f3 helyzetben van ahhoz, hogy t\u00e1mogat\u00e1st ny\u00fajtson, hiszen Elvin sz\u00e1m\u00e1ra sem volt egyszer\u0171 folyamat megtanulni, hogyan \u00e9ljen \u00e1lland\u00f3 c\u00e9lok n\u00e9lk\u00fcl, amelyek folyamatosan hajtj\u00e1k \u0151t. A csal\u00e1di t\u00e1mogat\u00e1snak, a TCA-val v\u00e9gzett munk\u00e1j\u00e1nak \u00e9s az egyetemi diplom\u00e1nak tulajdon\u00edtja, hogy sz\u00e1m\u00e1ra j\u00f3l ment az \u00e1t\u00e1ll\u00e1s. Mindazon\u00e1ltal ny\u00edltan besz\u00e9lt arr\u00f3l, hogy ez egy hatalmas l\u00e9p\u00e9s volt az ismeretlenbe, \u00e9s ez az egyik oka annak, hogy ennyire elk\u00f6telezett a program mellett.<\/p>\n<figure id=\"attachment_16542\" aria-describedby=\"caption-attachment-16542\" style=\"width: 1000px\" class=\"wp-caption alignnone\"><a href=\"https:\/\/d2p6e6u75xmxt8.cloudfront.net\/12\/2022\/12\/Elvin-Rivera-van-Vleuten-profimedia-0327481295.webp\"><img loading=\"lazy\" decoding=\"async\" class=\"size-full wp-image-16542\" src=\"https:\/\/d2p6e6u75xmxt8.cloudfront.net\/12\/2022\/12\/Elvin-Rivera-van-Vleuten-profimedia-0327481295.webp\" alt=\"\" width=\"1000\" height=\"666\" srcset=\"https:\/\/d2p6e6u75xmxt8.cloudfront.net\/12\/2022\/12\/Elvin-Rivera-van-Vleuten-profimedia-0327481295.webp 1000w, https:\/\/d2p6e6u75xmxt8.cloudfront.net\/12\/2022\/12\/Elvin-Rivera-van-Vleuten-profimedia-0327481295-300x200.webp 300w, https:\/\/d2p6e6u75xmxt8.cloudfront.net\/12\/2022\/12\/Elvin-Rivera-van-Vleuten-profimedia-0327481295-768x511.webp 768w, https:\/\/d2p6e6u75xmxt8.cloudfront.net\/12\/2022\/12\/Elvin-Rivera-van-Vleuten-profimedia-0327481295-272x182.webp 272w\" sizes=\"auto, (max-width: 1000px) 100vw, 1000px\" \/><\/a><figcaption id=\"caption-attachment-16542\" class=\"wp-caption-text\"><em>Gracie Elvin, Coryn Rivera \u00e9s Annemiek van Vleuten \u00fcnnepel a 2017-es Flandria n\u0151i k\u00f6rverseny dobog\u00f3j\u00e1n. \u00a9 Profimedia<\/em><\/figcaption><\/figure>\n<h2><strong>David Millar: Millar: Ker\u00e9kp\u00e1rosb\u00f3l lett divattervez\u0151<\/strong><\/h2>\n<p>David Millar visszavonult profi orsz\u00e1g\u00fati ker\u00e9kp\u00e1ros, aki 1997 \u00e9s 2004 k\u00f6z\u00f6tt a Cofidis, 2008 \u00e9s 2014 k\u00f6z\u00f6tt pedig a Garmin-Sharp versenyz\u0151je volt. A Tour de France-on n\u00e9gy, a Vuelta a Espan\u00e1n \u00f6t, a Giro d&#8217;Itali\u00e1n pedig egy szakaszt nyert.<\/p>\n<p>Leny\u0171g\u00f6z\u0151 karrier, az biztos, de a visszavonul\u00e1s sz\u00e9les\u00edtette a l\u00e1t\u00f3k\u00f6r\u00e9t \u00e9s a bicikliz\u00e9sen k\u00edv\u00fcl m\u00e1s tev\u00e9kenys\u00e9gek is \u00e9rdekelni kezdt\u00e9k. Miut\u00e1n elhagyta a pelotont, Millar \u00fagy d\u00f6nt\u00f6tt, \u00fajra feleleven\u00edti n\u00e9h\u00e1ny, a versenyz\u00e9s el\u0151tti hobbij\u00e1t. A tervez\u00e9s ker\u00fclt a k\u00f6z\u00e9ppontba \u00e9s most akt\u00edvan r\u00e9szt vesz egy ruh\u00e1zati term\u00e9kcsal\u00e1d kialak\u00edt\u00e1s\u00e1ban \u00e9s forgalmaz\u00e1s\u00e1ban.<\/p>\n<p>B\u00e1r most m\u00e1r \u00fajra vir\u00e1gzik a karrierje, el\u00e1rulta, hogy az \u00e1t\u00e1ll\u00e1s nem volt k\u00f6nny\u0171, k\u00fcl\u00f6n\u00f6sen ami a csal\u00e1di \u00e9letet illeti: <em>&#8220;Az els\u0151 \u00e9v nagyon neh\u00e9z volt. Az eg\u00e9sz \u00e9letedet az \u00e9vszakok, h\u00f3napok, hetek dikt\u00e1lj\u00e1k, m\u00e1r tin\u00e9dzserkorod \u00f3ta. Alkalmazkodnom kellett az otthoni rutinhoz, mivel a csal\u00e1dom megszokta, hogy sokat vagyok \u00faton, \u00edgy \u00fagy \u00e9reztem, hogy meg kell tanulnom a feles\u00e9gem rendszer\u00e9t&#8221;.<\/em><\/p>\n<h2><strong>Lucy van der Haar: A biciklir\u0151l a k\u00f6r\u00f6mszalonba<\/strong><\/h2>\n<p>K\u00e9t vil\u00e1gbajnoki c\u00edm \u00e9s egy UCI szakaszversenyen szerzett c\u00edm ut\u00e1n Lucy van der Haar m\u00e1r elmondhatta mag\u00e1r\u00f3l, hogy sok mindent el\u00e9rt k\u00e9t ker\u00e9ken. Ekkor, 26 \u00e9vesen \u00fagy d\u00f6nt\u00f6tt, hogy visszavonul. A brit versenyz\u0151 2020-ban jelentette be, hogy a mostani szezon lesz az utols\u00f3 teker\u00e9se profik\u00e9nt, az utols\u00f3 k\u00e9t \u00e9vet a Hitec Products-Birkn\u00e9l t\u00f6lt\u00f6tte.<\/p>\n<p>P\u00e1lyafut\u00e1s\u00e1t\u00a0 leny\u0171g\u00f6z\u0151en z\u00e1rta, hiszen megnyerte az \u00f6sszes\u00edtett bajnoki c\u00edmet \u00e9s a pontversenyben pontszerz\u0151 helyez\u00e9st \u00e9rt el az els\u0151 alkalommal megrendezett Dubai Women&#8217;s Touron. Az els\u0151 szakaszt megnyerte, \u00e9s r\u00f6vid ideig a vezet\u0151 trik\u00f3t is \u0151 tartotta, miel\u0151tt az utols\u00f3 napon visszaszerezt\u00e9k t\u0151le.<\/p>\n<p>Ennek ellen\u00e9re m\u00e1sfajta stabilit\u00e1sra v\u00e1gyott, \u00e9s nagyon szeretett volna csal\u00e1dot alap\u00edtani f\u00e9rj\u00e9vel, a profi ker\u00e9kp\u00e1ros Lars van der Haarral. Ma saj\u00e1t szalonj\u00e1t vezeti Hollandi\u00e1ban, \u00e9s gondoskodik kicsi gyermek\u00e9r\u0151l, id\u0151nk\u00e9nt viszont m\u00e9g mindig felpattan a cyclo-cross biciklij\u00e9re.<\/p>\n<h2><strong>Daniel Lloyd: Senki ne felejtse el, hogy ez nem mindig k\u00f6nny\u0171<\/strong><\/h2>\n<p>Annak ellen\u00e9re, hogy egyes versenyz\u0151knek l\u00e1tsz\u00f3lag z\u00f6kken\u0151mentes az \u00e1t\u00e1ll\u00e1s, a temp\u00f3v\u00e1lt\u00e1s m\u00e1sok sz\u00e1m\u00e1ra komoly negat\u00edv k\u00f6vetkezm\u00e9nyekkel is j\u00e1rhat. A visszavonult profi orsz\u00e1g\u00fati ker\u00e9kp\u00e1ros, Daniel Lloyd mind\u00f6ssze 13 \u00e9ves volt, amikor elkezdett versenyezni. Lloyd 2001 \u00e9s 2012 k\u00f6z\u00f6tt profik\u00e9nt akt\u00edvan versenyzett, 2006 \u00e9s 2009 k\u00f6z\u00f6tt volt a legsikeresebb. B\u00e1r m\u00e1ra sikeres sportriporter lett, Lloyd ny\u00edltan besz\u00e9lt arr\u00f3l is, hogy a visszavonul\u00e1s kezdetben nagy kih\u00edv\u00e1st jelentett sz\u00e1m\u00e1ra, mivel agg\u00f3dott, hogyan tudn\u00e1 mag\u00e1t a bicikliz\u00e9s ut\u00e1n is hasznosnak \u00e9rezni.<\/p>\n<p>A Twitteren egy, a profik \u00e9s a rajong\u00f3k k\u00f6r\u00e9ben egyar\u00e1nt nagy visszhangot kiv\u00e1lt\u00f3 bejegyz\u00e9sben Lloyd kifejtette, hogy mi az, ami miatt ilyen probl\u00e9m\u00e1s ez az \u00e1tmeneti id\u0151szak: <em>&#8220;Minden profi ker\u00e9kp\u00e1rosnak csin\u00e1lnia kell valamit bicikliz\u00e9s ut\u00e1n. N\u00e9h\u00e1ny kiv\u00e9tel meg tud \u00e9lni a nev\u00e9b\u0151l. A t\u00f6bbieknek valami m\u00e1st kell csin\u00e1lni, a sporton bel\u00fcl vagy azon k\u00edv\u00fcl<\/em>&#8221; &#8211; tweetelte.<\/p>\n<p>Elismerte, hogy m\u00e9g egy sikeres karrier ut\u00e1n is hajlamosak elfelejteni az embereket, hacsak nem tettek valami rendk\u00edv\u00fclit. <em>&#8220;Mindig ezekre a versenyz\u0151kre gondolok, hiszen ez egy neh\u00e9z id\u0151szak. Mindannyian olyasmit tettek, amit sokan szeretn\u00e9nek, de ez nem teszi k\u00f6nnyebb\u00e9 azt, ami ut\u00e1na k\u00f6vetkezik<\/em>&#8221; &#8211; mondta.<\/p>\n<p><em>&#8220;Ez a c\u00e9lok elveszt\u00e9s\u00e9t jelenti. Ker\u00e9kp\u00e1rosk\u00e9nt az eg\u00e9sz \u00e9leted meg van tervezve. Amikor v\u00e9ge van, \u00fagy \u00e9rezheted, mintha szakad\u00e9k t\u00e1tongana el\u0151tted&#8221; &#8211;<\/em> v\u00e1laszolta Llyod arra a k\u00e9rd\u00e9sre, hogy mi volt a legnagyobb kih\u00edv\u00e1s.<\/p>\n<p>Lloyd elm\u00e9lked\u00e9se arra eml\u00e9keztet minket, hogy v\u00e9gs\u0151 soron m\u00e9g kedvenceink is olyan emberek, mint mi, akiknek saj\u00e1t kih\u00edv\u00e1sokkal kell megk\u00fczdeni a ker\u00e9kp\u00e1ron \u00e9s azon k\u00edv\u00fcl is. A bicikliz\u00e9s sokak sz\u00e1m\u00e1ra felszabad\u00edt\u00f3 \u00e9s er\u0151t ad\u00f3 eszk\u00f6z lehet, de m\u00e9g a kev\u00e9sb\u00e9 verseng\u0151 ker\u00e9kp\u00e1rosok is k\u00fczdenek id\u0151nk\u00e9nt azzal, hogy eg\u00e9szs\u00e9ges maradjon a bicajjal val\u00f3 kapcsolatuk. Rem\u00e9lj\u00fck, hogy az olyan szervezeteken kereszt\u00fcl, mint a Ker\u00e9kp\u00e1rosok Sz\u00f6vets\u00e9ge, tov\u00e1bbra is megtal\u00e1ljuk a m\u00f3dj\u00e1t annak, hogy a ker\u00e9kp\u00e1ros k\u00f6z\u00f6ss\u00e9g pozit\u00edv hely legyen minden r\u00e9sztvev\u0151 sz\u00e1m\u00e1ra.<\/p>\n","protected":false},"excerpt":{"rendered":"<p>Kev\u00e9s profi ker\u00e9kp\u00e1ros (n\u00e9h\u00e1ny figyelemre m\u00e9lt\u00f3 kiv\u00e9telt\u0151l eltekintve) teker versenyszer\u0171en m\u00e9g id\u0151s kor\u00e1ban is. Mivel a legt\u00f6bben a tin\u00e9dzserkorukat szigor\u00fa [&hellip;]<\/p>\n","protected":false},"author":71,"featured_media":16544,"comment_status":"open","ping_status":"open","sticky":false,"template":"","format":"standard","meta":{"footnotes":""},"categories":[8],"tags":[],"global-categories":[],"class_list":["post-16541","post","type-post","status-publish","format-standard","has-post-thumbnail","hentry","category-orszaguti-kerekpar"],"yoast_head":"<!-- This site is optimized with the Yoast SEO Premium plugin v25.3 (Yoast SEO v25.9) - https:\/\/yoast.com\/wordpress\/plugins\/seo\/ -->\n<title>Mi v\u00e1r a profi biciklisekre a visszavonul\u00e1s ut\u00e1n?<\/title>\n<meta name=\"description\" content=\"Kev\u00e9s profi ker\u00e9kp\u00e1ros (n\u00e9h\u00e1ny figyelemre m\u00e9lt\u00f3 kiv\u00e9telt\u0151l eltekintve) teker versenyszer\u0171en m\u00e9g id\u0151s kor\u00e1ban is. Mivel a legt\u00f6bben a tin\u00e9dzserkorukat szigor\u00fa edz\u00e9sekkel t\u00f6ltik, \u00e9s a 20-as \u00e9veik elej\u00e9n kezdenek el teljes munkaid\u0151ben versenyezni, a feln\u0151ttkorba l\u00e9pve kiz\u00e1r\u00f3lag a versenynapt\u00e1rak \u00e9s az egyes szezonokra kit\u0171z\u00f6tt egy\u00e9ni c\u00e9lok \u00e1ltal meghat\u00e1rozott menetrend szerint \u00e9lnek.\" \/>\n<meta name=\"robots\" content=\"index, follow, max-snippet:-1, max-image-preview:large, max-video-preview:-1\" \/>\n<link rel=\"canonical\" href=\"https:\/\/www.welovecycling.com\/hu\/orszaguti-kerekpar\/mi-var-a-profi-biciklisekre-a-visszavonulas-utan\/\" \/>\n<meta property=\"og:locale\" content=\"hu_HU\" \/>\n<meta property=\"og:type\" content=\"article\" \/>\n<meta property=\"og:title\" content=\"Mi v\u00e1r a profi biciklisekre a visszavonul\u00e1s ut\u00e1n?\" \/>\n<meta property=\"og:description\" content=\"Kev\u00e9s profi ker\u00e9kp\u00e1ros (n\u00e9h\u00e1ny figyelemre m\u00e9lt\u00f3 kiv\u00e9telt\u0151l eltekintve) teker versenyszer\u0171en m\u00e9g id\u0151s kor\u00e1ban is. Mivel a legt\u00f6bben a tin\u00e9dzserkorukat szigor\u00fa edz\u00e9sekkel t\u00f6ltik, \u00e9s a 20-as \u00e9veik elej\u00e9n kezdenek el teljes munkaid\u0151ben versenyezni, a feln\u0151ttkorba l\u00e9pve kiz\u00e1r\u00f3lag a versenynapt\u00e1rak \u00e9s az egyes szezonokra kit\u0171z\u00f6tt egy\u00e9ni c\u00e9lok \u00e1ltal meghat\u00e1rozott menetrend szerint \u00e9lnek.\" \/>\n<meta property=\"og:url\" content=\"https:\/\/www.welovecycling.com\/hu\/orszaguti-kerekpar\/mi-var-a-profi-biciklisekre-a-visszavonulas-utan\/\" \/>\n<meta property=\"og:site_name\" content=\"\u0160koda We Love Cycling - Magyarorsz\u00e1g\" \/>\n<meta property=\"article:publisher\" content=\"https:\/\/www.facebook.com\/WeLoveCyclingHungary\/\" \/>\n<meta property=\"article:published_time\" content=\"2022-12-07T06:00:41+00:00\" \/>\n<meta property=\"og:image\" content=\"https:\/\/d2p6e6u75xmxt8.cloudfront.net\/12\/2022\/12\/Women39s-Peloton-Tour-de-Romandie-profimedia-0729334102-CVR.webp\" \/>\n\t<meta property=\"og:image:width\" content=\"990\" \/>\n\t<meta property=\"og:image:height\" content=\"660\" \/>\n\t<meta property=\"og:image:type\" content=\"image\/webp\" \/>\n<meta name=\"author\" content=\"hegyizs\" \/>\n<meta name=\"twitter:card\" content=\"summary_large_image\" \/>\n<meta name=\"twitter:label1\" content=\"Written by\" \/>\n\t<meta name=\"twitter:data1\" content=\"Megan Flottorp\" \/>\n\t<meta name=\"twitter:label2\" content=\"Est. reading time\" \/>\n\t<meta name=\"twitter:data2\" content=\"6\" \/>\n<script type=\"application\/ld+json\" class=\"yoast-schema-graph\">{\"@context\":\"https:\/\/schema.org\",\"@graph\":[{\"@type\":\"WebPage\",\"@id\":\"https:\/\/www.welovecycling.com\/hu\/orszaguti-kerekpar\/mi-var-a-profi-biciklisekre-a-visszavonulas-utan\/\",\"url\":\"https:\/\/www.welovecycling.com\/hu\/orszaguti-kerekpar\/mi-var-a-profi-biciklisekre-a-visszavonulas-utan\/\",\"name\":\"Mi v\u00e1r a profi biciklisekre a visszavonul\u00e1s ut\u00e1n?\",\"isPartOf\":{\"@id\":\"https:\/\/www.welovecycling.com\/hu\/#website\"},\"primaryImageOfPage\":{\"@id\":\"https:\/\/www.welovecycling.com\/hu\/orszaguti-kerekpar\/mi-var-a-profi-biciklisekre-a-visszavonulas-utan\/#primaryimage\"},\"image\":{\"@id\":\"https:\/\/www.welovecycling.com\/hu\/orszaguti-kerekpar\/mi-var-a-profi-biciklisekre-a-visszavonulas-utan\/#primaryimage\"},\"thumbnailUrl\":\"https:\/\/d2p6e6u75xmxt8.cloudfront.net\/12\/2022\/12\/Women39s-Peloton-Tour-de-Romandie-profimedia-0729334102-CVR.webp\",\"datePublished\":\"2022-12-07T06:00:41+00:00\",\"author\":{\"@id\":\"https:\/\/www.welovecycling.com\/hu\/#\/schema\/person\/414a2aebf1801691a5320edb6468e194\"},\"description\":\"Kev\u00e9s profi ker\u00e9kp\u00e1ros (n\u00e9h\u00e1ny figyelemre m\u00e9lt\u00f3 kiv\u00e9telt\u0151l eltekintve) teker versenyszer\u0171en m\u00e9g id\u0151s kor\u00e1ban is. Mivel a legt\u00f6bben a tin\u00e9dzserkorukat szigor\u00fa edz\u00e9sekkel t\u00f6ltik, \u00e9s a 20-as \u00e9veik elej\u00e9n kezdenek el teljes munkaid\u0151ben versenyezni, a feln\u0151ttkorba l\u00e9pve kiz\u00e1r\u00f3lag a versenynapt\u00e1rak \u00e9s az egyes szezonokra kit\u0171z\u00f6tt egy\u00e9ni c\u00e9lok \u00e1ltal meghat\u00e1rozott menetrend szerint \u00e9lnek.\",\"breadcrumb\":{\"@id\":\"https:\/\/www.welovecycling.com\/hu\/orszaguti-kerekpar\/mi-var-a-profi-biciklisekre-a-visszavonulas-utan\/#breadcrumb\"},\"inLanguage\":\"hu\",\"potentialAction\":[{\"@type\":\"ReadAction\",\"target\":[\"https:\/\/www.welovecycling.com\/hu\/orszaguti-kerekpar\/mi-var-a-profi-biciklisekre-a-visszavonulas-utan\/\"]}]},{\"@type\":\"ImageObject\",\"inLanguage\":\"hu\",\"@id\":\"https:\/\/www.welovecycling.com\/hu\/orszaguti-kerekpar\/mi-var-a-profi-biciklisekre-a-visszavonulas-utan\/#primaryimage\",\"url\":\"https:\/\/d2p6e6u75xmxt8.cloudfront.net\/12\/2022\/12\/Women39s-Peloton-Tour-de-Romandie-profimedia-0729334102-CVR.webp\",\"contentUrl\":\"https:\/\/d2p6e6u75xmxt8.cloudfront.net\/12\/2022\/12\/Women39s-Peloton-Tour-de-Romandie-profimedia-0729334102-CVR.webp\",\"width\":990,\"height\":660,\"caption\":\"Women's Peloton\"},{\"@type\":\"BreadcrumbList\",\"@id\":\"https:\/\/www.welovecycling.com\/hu\/orszaguti-kerekpar\/mi-var-a-profi-biciklisekre-a-visszavonulas-utan\/#breadcrumb\",\"itemListElement\":[{\"@type\":\"ListItem\",\"position\":1,\"name\":\"Home\",\"item\":\"https:\/\/www.welovecycling.com\/hu\/\"},{\"@type\":\"ListItem\",\"position\":2,\"name\":\"Mi v\u00e1r a profi biciklisekre a visszavonul\u00e1s ut\u00e1n?\"}]},{\"@type\":\"WebSite\",\"@id\":\"https:\/\/www.welovecycling.com\/hu\/#website\",\"url\":\"https:\/\/www.welovecycling.com\/hu\/\",\"name\":\"\u0160koda We Love Cycling - Magyarorsz\u00e1g\",\"description\":\"\u0160koda WeLoveCycling\",\"potentialAction\":[{\"@type\":\"SearchAction\",\"target\":{\"@type\":\"EntryPoint\",\"urlTemplate\":\"https:\/\/www.welovecycling.com\/hu\/?s={search_term_string}\"},\"query-input\":{\"@type\":\"PropertyValueSpecification\",\"valueRequired\":true,\"valueName\":\"search_term_string\"}}],\"inLanguage\":\"hu\"},{\"@type\":\"Person\",\"@id\":\"https:\/\/www.welovecycling.com\/hu\/#\/schema\/person\/414a2aebf1801691a5320edb6468e194\",\"name\":\"hegyizs\",\"image\":{\"@type\":\"ImageObject\",\"inLanguage\":\"hu\",\"@id\":\"https:\/\/www.welovecycling.com\/hu\/#\/schema\/person\/image\/\",\"url\":\"https:\/\/secure.gravatar.com\/avatar\/02cf8a7906b8cf90cecb4679defac7cfd33a1c2e3b88e4903d947f3bb58eedd3?s=96&d=mm&r=g\",\"contentUrl\":\"https:\/\/secure.gravatar.com\/avatar\/02cf8a7906b8cf90cecb4679defac7cfd33a1c2e3b88e4903d947f3bb58eedd3?s=96&d=mm&r=g\",\"caption\":\"hegyizs\"},\"url\":\"https:\/\/www.welovecycling.com\/hu\/author\/hegyizs\/\"}]}<\/script>\n<!-- \/ Yoast SEO Premium plugin. -->","yoast_head_json":{"title":"Mi v\u00e1r a profi biciklisekre a visszavonul\u00e1s ut\u00e1n?","description":"Kev\u00e9s profi ker\u00e9kp\u00e1ros (n\u00e9h\u00e1ny figyelemre m\u00e9lt\u00f3 kiv\u00e9telt\u0151l eltekintve) teker versenyszer\u0171en m\u00e9g id\u0151s kor\u00e1ban is. Mivel a legt\u00f6bben a tin\u00e9dzserkorukat szigor\u00fa edz\u00e9sekkel t\u00f6ltik, \u00e9s a 20-as \u00e9veik elej\u00e9n kezdenek el teljes munkaid\u0151ben versenyezni, a feln\u0151ttkorba l\u00e9pve kiz\u00e1r\u00f3lag a versenynapt\u00e1rak \u00e9s az egyes szezonokra kit\u0171z\u00f6tt egy\u00e9ni c\u00e9lok \u00e1ltal meghat\u00e1rozott menetrend szerint \u00e9lnek.","robots":{"index":"index","follow":"follow","max-snippet":"max-snippet:-1","max-image-preview":"max-image-preview:large","max-video-preview":"max-video-preview:-1"},"canonical":"https:\/\/www.welovecycling.com\/hu\/orszaguti-kerekpar\/mi-var-a-profi-biciklisekre-a-visszavonulas-utan\/","og_locale":"hu_HU","og_type":"article","og_title":"Mi v\u00e1r a profi biciklisekre a visszavonul\u00e1s ut\u00e1n?","og_description":"Kev\u00e9s profi ker\u00e9kp\u00e1ros (n\u00e9h\u00e1ny figyelemre m\u00e9lt\u00f3 kiv\u00e9telt\u0151l eltekintve) teker versenyszer\u0171en m\u00e9g id\u0151s kor\u00e1ban is. Mivel a legt\u00f6bben a tin\u00e9dzserkorukat szigor\u00fa edz\u00e9sekkel t\u00f6ltik, \u00e9s a 20-as \u00e9veik elej\u00e9n kezdenek el teljes munkaid\u0151ben versenyezni, a feln\u0151ttkorba l\u00e9pve kiz\u00e1r\u00f3lag a versenynapt\u00e1rak \u00e9s az egyes szezonokra kit\u0171z\u00f6tt egy\u00e9ni c\u00e9lok \u00e1ltal meghat\u00e1rozott menetrend szerint \u00e9lnek.","og_url":"https:\/\/www.welovecycling.com\/hu\/orszaguti-kerekpar\/mi-var-a-profi-biciklisekre-a-visszavonulas-utan\/","og_site_name":"\u0160koda We Love Cycling - Magyarorsz\u00e1g","article_publisher":"https:\/\/www.facebook.com\/WeLoveCyclingHungary\/","article_published_time":"2022-12-07T06:00:41+00:00","og_image":[{"width":990,"height":660,"url":"https:\/\/d2p6e6u75xmxt8.cloudfront.net\/12\/2022\/12\/Women39s-Peloton-Tour-de-Romandie-profimedia-0729334102-CVR.webp","type":"image\/webp"}],"author":"hegyizs","twitter_card":"summary_large_image","twitter_misc":{"Written by":"Megan Flottorp","Est. reading time":"6"},"schema":{"@context":"https:\/\/schema.org","@graph":[{"@type":"WebPage","@id":"https:\/\/www.welovecycling.com\/hu\/orszaguti-kerekpar\/mi-var-a-profi-biciklisekre-a-visszavonulas-utan\/","url":"https:\/\/www.welovecycling.com\/hu\/orszaguti-kerekpar\/mi-var-a-profi-biciklisekre-a-visszavonulas-utan\/","name":"Mi v\u00e1r a profi biciklisekre a visszavonul\u00e1s ut\u00e1n?","isPartOf":{"@id":"https:\/\/www.welovecycling.com\/hu\/#website"},"primaryImageOfPage":{"@id":"https:\/\/www.welovecycling.com\/hu\/orszaguti-kerekpar\/mi-var-a-profi-biciklisekre-a-visszavonulas-utan\/#primaryimage"},"image":{"@id":"https:\/\/www.welovecycling.com\/hu\/orszaguti-kerekpar\/mi-var-a-profi-biciklisekre-a-visszavonulas-utan\/#primaryimage"},"thumbnailUrl":"https:\/\/d2p6e6u75xmxt8.cloudfront.net\/12\/2022\/12\/Women39s-Peloton-Tour-de-Romandie-profimedia-0729334102-CVR.webp","datePublished":"2022-12-07T06:00:41+00:00","author":{"@id":"https:\/\/www.welovecycling.com\/hu\/#\/schema\/person\/414a2aebf1801691a5320edb6468e194"},"description":"Kev\u00e9s profi ker\u00e9kp\u00e1ros (n\u00e9h\u00e1ny figyelemre m\u00e9lt\u00f3 kiv\u00e9telt\u0151l eltekintve) teker versenyszer\u0171en m\u00e9g id\u0151s kor\u00e1ban is. Mivel a legt\u00f6bben a tin\u00e9dzserkorukat szigor\u00fa edz\u00e9sekkel t\u00f6ltik, \u00e9s a 20-as \u00e9veik elej\u00e9n kezdenek el teljes munkaid\u0151ben versenyezni, a feln\u0151ttkorba l\u00e9pve kiz\u00e1r\u00f3lag a versenynapt\u00e1rak \u00e9s az egyes szezonokra kit\u0171z\u00f6tt egy\u00e9ni c\u00e9lok \u00e1ltal meghat\u00e1rozott menetrend szerint \u00e9lnek.","breadcrumb":{"@id":"https:\/\/www.welovecycling.com\/hu\/orszaguti-kerekpar\/mi-var-a-profi-biciklisekre-a-visszavonulas-utan\/#breadcrumb"},"inLanguage":"hu","potentialAction":[{"@type":"ReadAction","target":["https:\/\/www.welovecycling.com\/hu\/orszaguti-kerekpar\/mi-var-a-profi-biciklisekre-a-visszavonulas-utan\/"]}]},{"@type":"ImageObject","inLanguage":"hu","@id":"https:\/\/www.welovecycling.com\/hu\/orszaguti-kerekpar\/mi-var-a-profi-biciklisekre-a-visszavonulas-utan\/#primaryimage","url":"https:\/\/d2p6e6u75xmxt8.cloudfront.net\/12\/2022\/12\/Women39s-Peloton-Tour-de-Romandie-profimedia-0729334102-CVR.webp","contentUrl":"https:\/\/d2p6e6u75xmxt8.cloudfront.net\/12\/2022\/12\/Women39s-Peloton-Tour-de-Romandie-profimedia-0729334102-CVR.webp","width":990,"height":660,"caption":"Women's Peloton"},{"@type":"BreadcrumbList","@id":"https:\/\/www.welovecycling.com\/hu\/orszaguti-kerekpar\/mi-var-a-profi-biciklisekre-a-visszavonulas-utan\/#breadcrumb","itemListElement":[{"@type":"ListItem","position":1,"name":"Home","item":"https:\/\/www.welovecycling.com\/hu\/"},{"@type":"ListItem","position":2,"name":"Mi v\u00e1r a profi biciklisekre a visszavonul\u00e1s ut\u00e1n?"}]},{"@type":"WebSite","@id":"https:\/\/www.welovecycling.com\/hu\/#website","url":"https:\/\/www.welovecycling.com\/hu\/","name":"\u0160koda We Love Cycling - Magyarorsz\u00e1g","description":"\u0160koda WeLoveCycling","potentialAction":[{"@type":"SearchAction","target":{"@type":"EntryPoint","urlTemplate":"https:\/\/www.welovecycling.com\/hu\/?s={search_term_string}"},"query-input":{"@type":"PropertyValueSpecification","valueRequired":true,"valueName":"search_term_string"}}],"inLanguage":"hu"},{"@type":"Person","@id":"https:\/\/www.welovecycling.com\/hu\/#\/schema\/person\/414a2aebf1801691a5320edb6468e194","name":"hegyizs","image":{"@type":"ImageObject","inLanguage":"hu","@id":"https:\/\/www.welovecycling.com\/hu\/#\/schema\/person\/image\/","url":"https:\/\/secure.gravatar.com\/avatar\/02cf8a7906b8cf90cecb4679defac7cfd33a1c2e3b88e4903d947f3bb58eedd3?s=96&d=mm&r=g","contentUrl":"https:\/\/secure.gravatar.com\/avatar\/02cf8a7906b8cf90cecb4679defac7cfd33a1c2e3b88e4903d947f3bb58eedd3?s=96&d=mm&r=g","caption":"hegyizs"},"url":"https:\/\/www.welovecycling.com\/hu\/author\/hegyizs\/"}]}},"_links":{"self":[{"href":"https:\/\/www.welovecycling.com\/hu\/wp-json\/wp\/v2\/posts\/16541","targetHints":{"allow":["GET"]}}],"collection":[{"href":"https:\/\/www.welovecycling.com\/hu\/wp-json\/wp\/v2\/posts"}],"about":[{"href":"https:\/\/www.welovecycling.com\/hu\/wp-json\/wp\/v2\/types\/post"}],"author":[{"embeddable":true,"href":"https:\/\/www.welovecycling.com\/hu\/wp-json\/wp\/v2\/users\/71"}],"replies":[{"embeddable":true,"href":"https:\/\/www.welovecycling.com\/hu\/wp-json\/wp\/v2\/comments?post=16541"}],"version-history":[{"count":2,"href":"https:\/\/www.welovecycling.com\/hu\/wp-json\/wp\/v2\/posts\/16541\/revisions"}],"predecessor-version":[{"id":16545,"href":"https:\/\/www.welovecycling.com\/hu\/wp-json\/wp\/v2\/posts\/16541\/revisions\/16545"}],"wp:featuredmedia":[{"embeddable":true,"href":"https:\/\/www.welovecycling.com\/hu\/wp-json\/wp\/v2\/media\/16544"}],"wp:attachment":[{"href":"https:\/\/www.welovecycling.com\/hu\/wp-json\/wp\/v2\/media?parent=16541"}],"wp:term":[{"taxonomy":"category","embeddable":true,"href":"https:\/\/www.welovecycling.com\/hu\/wp-json\/wp\/v2\/categories?post=16541"},{"taxonomy":"post_tag","embeddable":true,"href":"https:\/\/www.welovecycling.com\/hu\/wp-json\/wp\/v2\/tags?post=16541"},{"taxonomy":"global-categories","embeddable":true,"href":"https:\/\/www.welovecycling.com\/hu\/wp-json\/wp\/v2\/global-categories?post=16541"}],"curies":[{"name":"wp","href":"https:\/\/api.w.org\/{rel}","templated":true}]}}