{"id":16536,"date":"2022-12-06T08:00:32","date_gmt":"2022-12-06T06:00:32","guid":{"rendered":"https:\/\/www.welovecycling.com\/hu\/?p=16536"},"modified":"2022-12-02T16:16:35","modified_gmt":"2022-12-02T14:16:35","slug":"egy-biciklis-idegenvezeto-elete","status":"publish","type":"post","link":"https:\/\/www.welovecycling.com\/hu\/kozosseg-es-kultura\/egy-biciklis-idegenvezeto-elete\/","title":{"rendered":"Egy biciklis idegenvezet\u0151 \u00e9lete"},"content":{"rendered":"<p><strong>Egy biciklis idegenvezet\u0151 munkarendje bizony \u00e1ltal\u00e1ban az id\u0151j\u00e1r\u00e1son m\u00falik. Ez egy szezon\u00e1lis munka, ami k\u00e9s\u0151 tavaszt\u00f3l kora \u0151szig tart, amikor a legkisz\u00e1m\u00edthat\u00f3bb a l\u00e9gk\u00f6ri helyzet. Nem ismerek senkit, aki kifejezetten \u00e9lvezn\u00e9 az es\u0151ben \u00e9s a hidegben val\u00f3 teker\u00e9st. Te igen?<\/strong><\/p>\n<p><!--more--><\/p>\n<p>A biciklis idegenvezet\u0151k a szezonon k\u00edv\u00fcl \u00e9lvezhetik a j\u00f3l meg\u00e9rdemelt pihen\u0151t. De amint \u00fajra enged\u00e9lyt kapnak \u00e9s kijel\u00f6lik a t\u00far\u00e1kat, m\u00e1ris k\u00e9szen \u00e1llnak az akci\u00f3ra. A szem\u00e9lyes id\u0151beoszt\u00e1s \u00e9s ig\u00e9nyek ilyenkor h\u00e1tt\u00e9rbe szorulnak. De milyen is pontosan egy biciklis idegenvezet\u0151 \u00e9lete? Olvass tov\u00e1bb!<\/p>\n<h2><strong>A nyeregben t\u00f6lt\u00f6tt id\u0151<\/strong><\/h2>\n<p>Az\u00e9rt lettem idegenvezet\u0151, mert szeretek biciklizni. Ugye? \u00dagy gondoltam, sokat fogok ker\u00e9kp\u00e1rozni olyan emberekkel, akiknek szint\u00e9n ez a szenved\u00e9ly\u00fck. De ez nem mindig van \u00edgy, s\u0151t, n\u00e9ha m\u00e9g t\u00e1volr\u00f3l sem ez a helyzet. Ez sokban f\u00fcgg a c\u00e9gt\u0151l, amelyiknek dolgozol. Egyes v\u00e1llalkoz\u00e1sok ink\u00e1bb a bicikliz\u00e9sre \u00f6sszpontos\u00edtanak, m\u00edg m\u00e1sok e-bike-ot haszn\u00e1lnak, hogy le tudjanak lass\u00edtani, mik\u00f6zben csod\u00e1lj\u00e1k a t\u00e1jat. Sok szempontb\u00f3l igazuk is van, de el\u0151fordulhat, hogy ez nem neked val\u00f3.<\/p>\n<p>F\u00fcggetlen\u00fcl att\u00f3l, kinek dolgozol, nem fogsz minden nap bring\u00e1ra \u00fclni. Egy \u00e1tlagos utaz\u00e1s sor\u00e1n legfeljebb minden m\u00e1sodik nap biciklizel. A fennmarad\u00f3 id\u0151ben furgont vezetsz \u00e9s t\u00e1mogatod a bicikliseket.<\/p>\n<p>Mik is a feladatai egy bring\u00e1s idegenvezet\u0151nek? A csoportot k\u00f6veted \u00e9s abban az esetben, ha egy biciklis defektet kap vagy sz\u00fcks\u00e9ge van valamire, akci\u00f3ba lend\u00fclsz. N\u00e9ha el\u0151rem\u00e9sz, hogy el\u0151k\u00e9sz\u00edthess mindent a t\u00edz\u00f3raihoz. V\u00e1laszd ki a megfelel\u0151 helyet \u00e9s a lehet\u0151 legszebb t\u00e1jat! Az utaz\u00f3k im\u00e1dj\u00e1k, amikor a sarkon befordulva vagy egy domb tetej\u00e9re \u00e9rve egy megter\u00edtett asztal v\u00e1rja \u0151ket, tele r\u00e1gcs\u00e1lnival\u00f3kkal \u00e9s hideg italokkal, \u00e9ppen akkor, amikor a legnagyobb sz\u00fcks\u00e9g\u00fck van r\u00e1. Nagy sikered lesz, az biztos.<\/p>\n<h2><strong>Korai kel\u00e9s, k\u00e9s\u0151i fekv\u00e9s<\/strong><\/h2>\n<p>A t\u00faravezet\u0151knek nem csak az a feladatuk, hogy egy\u00fctt tekerjenek a csoporttal. A te feladatod az, hogy min\u00e9l z\u00f6kken\u0151mentesebb\u00e9 tedd az utaz\u00e1st a bicikliz\u0151k sz\u00e1m\u00e1ra. A napi feladatok nem telhetnek stresszesen, hiszen \u0151k nyaralnak, ez\u00e9rt neked kell minden reggel el\u0151k\u00e9sz\u00edteni a bicikliket, \u00e9s a nap v\u00e9g\u00e9n is te gondoskodsz r\u00f3luk.<\/p>\n<p>Amikor a csoport meg\u00e1ll eb\u00e9delni, el\u0151fordulhat, hogy te k\u00e9sve tudsz csak asztalhoz \u00fclni, ugyanis el\u0151sz\u00f6r le kell z\u00e1rni a bicikliket. M\u00e9g nem v\u00e9gezt\u00e9l az ev\u00e9ssel? K\u00e1r, ugyanis a ker\u00e9kp\u00e1rokat ki kell oldani \u00e9s a GPS-k\u00e9sz\u00fcl\u00e9kek sem \u00e1ll\u00edtj\u00e1k be magukat addig, ameddig a biciklisek k\u00e9sz\u00fcl\u0151dnek. Az idegenvezet\u0151k ritk\u00e1n sz\u00e1llnak meg ugyanabban a hotelben, mint a csoport, sz\u00f3val ez extra utaz\u00e1si id\u0151t jelent. Kor\u00e1n kelsz \u00e9s k\u00e9s\u0151n fekszel le.<\/p>\n<h2><strong>Helyi szak\u00e9rt\u0151<\/strong><\/h2>\n<p>Az anyanyelvemen k\u00edv\u00fcl egy m\u00e1sik nyelvet is foly\u00e9konyan besz\u00e9lek, emiatt is vettek fel. Az idegenvezet\u0151 t\u00f6bbek k\u00f6z\u00f6tt nyelvi kapcsolattart\u00f3k\u00e9nt is m\u0171k\u00f6dik. Az utaz\u00e1son r\u00e9sztvev\u0151 utasok sz\u00e1m\u00edtanak arra, hogy sokat fogsz mes\u00e9lni az adott r\u00e9gi\u00f3r\u00f3l. Ebbe beletartozik a gasztron\u00f3mia, a kult\u00fara, az \u00e9p\u00edt\u00e9szet, s\u0151t, n\u00e9ha m\u00e9g az \u00e1llat-\u00e9s n\u00f6v\u00e9nyvil\u00e1g is.<\/p>\n<p>Ha egy olyan r\u00e9gi\u00f3ba utaztok, amit nem ismersz annyira j\u00f3l, meg kell ismerned a terepet m\u00e9g indul\u00e1s el\u0151tt. T\u00f6rt\u00e9nelmi \u00e9p\u00fcletek \u00e9s kultur\u00e1lis kincsek mellett haladtok el? Ha igen, mi a t\u00f6rt\u00e9net\u00fck? Mi a helyzet annak a sz\u00e1llod\u00e1nak a m\u00faltj\u00e1val, ahol a vend\u00e9gek sz\u00e1llnak meg? Milyen f\u00e1k szeg\u00e9lyezik az \u00fatvonalat?<\/p>\n<p>Term\u00e9szetesen nem kell egy k\u00e9t l\u00e1bon j\u00e1r\u00f3 enciklop\u00e9di\u00e1nak lenned. De ahhoz, hogy t\u00e1j\u00e9kozottnak t\u0171nj, elengedhetetlen ut\u00e1nan\u00e9zned egy-k\u00e9t dolognak. N\u00e9h\u00e1ny adat is megteszi. Az \u00fatvonaltervet el\u0151re megkapod, \u00edgy elv\u00e1rhat\u00f3, hogy megcsin\u00e1ld a h\u00e1zi feladatodat. Ha mindig ugyanabban a r\u00e9gi\u00f3ban dolgozol, term\u00e9szetesen id\u0151vel val\u00f3ban szak\u00e9rt\u0151v\u00e9 v\u00e1lsz az inform\u00e1ci\u00f3\u00e1radatnak k\u00f6sz\u00f6nhet\u0151en.<\/p>\n<h2><strong>Kellemetlen helyzetek kezel\u00e9se<\/strong><\/h2>\n<p>Ker\u00e9kp\u00e1rosk\u00e9nt ismered a ker\u00e9kp\u00e1rokat \u00e9s tudod, hogyan kell csoportban tekerni. De a helyzet megv\u00e1ltozik, amint este elteszed a bicikliket. A csoporttal vacsor\u00e1zol. \u00dagy \u00e9rzed magad, mintha a t\u00f6meg tagja lenn\u00e9l, \u00e9s k\u00f6nnyen elfelejted, hogy bizony te most dolgozol.<\/p>\n<p>A t\u00faravezet\u0151 feladata, hogy meg\u0151rizze a k\u00e9nyes egyens\u00falyt a csoport \u00e9s a vend\u00e9gl\u00e1t\u00f3hely boldogg\u00e1 t\u00e9tele k\u00f6z\u00f6tt. Vend\u00e9gl\u00e1t\u00f3hely alatt annak a sz\u00e1llod\u00e1nak, \u00e9tteremnek, k\u00e1v\u00e9z\u00f3nak, bor\u00e1szatnak \u00e9s kultur\u00e1lis esem\u00e9nynek a vezet\u0151s\u00e9g\u00e9t \u00e9s szem\u00e9lyzet\u00e9t \u00e9rtem, ahov\u00e1 a csoportot vitted. Az utaz\u00f3k nyaralnak \u00e9s j\u00f3l \u00e9rzik magukat. A buli eldurvulhat \u00e9s ez zavarhatja a t\u00f6bbi vend\u00e9get. Te mit teszel az\u00e9rt, hogy ez ne forduljon el\u0151?<\/p>\n<p>Nem kev\u00e9s diszkr\u00e9ci\u00f3ra \u00e9s tapintatra van sz\u00fcks\u00e9g az \u00f6sszhang fenntart\u00e1s\u00e1hoz. Szeretn\u00e9d, ha a csoport j\u00f3l \u00e9rezn\u00e9 mag\u00e1t, de tiszteletben tartod a vend\u00e9gl\u00e1t\u00f3helyet \u00e9s a t\u00f6bbi vend\u00e9get, akik nem tartoznak hozz\u00e1tok. Amennyiben nem \u00edgy teszel, a k\u00f6vetkez\u0151 kir\u00e1ndul\u00e1s alkalm\u00e1val m\u00e1r nem l\u00e1tnak sz\u00edvesen, pedig te szeretn\u00e9l visszat\u00e9rni erre a szuper helyre.<\/p>\n<figure id=\"attachment_16537\" aria-describedby=\"caption-attachment-16537\" style=\"width: 1000px\" class=\"wp-caption alignnone\"><a href=\"https:\/\/d2p6e6u75xmxt8.cloudfront.net\/12\/2022\/12\/Cycling-group-profimedia-0646838124.webp\"><img loading=\"lazy\" decoding=\"async\" class=\"wp-image-16537 size-full\" src=\"https:\/\/d2p6e6u75xmxt8.cloudfront.net\/12\/2022\/12\/Cycling-group-profimedia-0646838124.webp\" alt=\"A group of mountain bikers\" width=\"1000\" height=\"667\" srcset=\"https:\/\/d2p6e6u75xmxt8.cloudfront.net\/12\/2022\/12\/Cycling-group-profimedia-0646838124.webp 1000w, https:\/\/d2p6e6u75xmxt8.cloudfront.net\/12\/2022\/12\/Cycling-group-profimedia-0646838124-300x200.webp 300w, https:\/\/d2p6e6u75xmxt8.cloudfront.net\/12\/2022\/12\/Cycling-group-profimedia-0646838124-768x512.webp 768w, https:\/\/d2p6e6u75xmxt8.cloudfront.net\/12\/2022\/12\/Cycling-group-profimedia-0646838124-272x182.webp 272w\" sizes=\"auto, (max-width: 1000px) 100vw, 1000px\" \/><\/a><figcaption id=\"caption-attachment-16537\" class=\"wp-caption-text\"><em>Biciklis idegenvezet\u0151k\u00e9nt nem t\u00f6ltesz annyi id\u0151t k\u00e9t ker\u00e9ken, mint azt els\u0151re gondoln\u00e1d. \u00a9 Profimedia<\/em><\/figcaption><\/figure>\n<h2><strong>Fizikai munka<\/strong><\/h2>\n<p>Amennyiben az utaz\u00e1s sor\u00e1n v\u00e9gig ugyanabban a sz\u00e1llod\u00e1ban maradtok, szerencs\u00e9d van. A ker\u00e9kp\u00e1rokat csak egyszer kell be\u00e1ll\u00edtanod. Egyszer, de a mindennapi munka ugyanaz marad. Az e-bike \u00e9s a GPS akkumul\u00e1torait fel, m\u00edg a vizes palackokat meg kell t\u00f6lteni \u00e9s minden reggel ki kell osztani a bicikliket. A buk\u00f3sisakok a ker\u00e9kp\u00e1rokon l\u00f3gjanak, a GPS pedig legyen bekapcsolva \u00e9s be\u00e1ll\u00edtva az aznapi \u00fatvonal szerint.<\/p>\n<p>Ha naponta vagy k\u00e9tnaponta v\u00e1ltoztattok a helysz\u00ednen, a bicikliket is fel kell tenni a tet\u0151n vagy h\u00e1tul l\u00e9v\u0151 csomagtart\u00f3ra. A munka mennyis\u00e9ge a csoport m\u00e9ret\u00e9t\u0151l \u00e9s a biciklik t\u00edpus\u00e1t\u00f3l f\u00fcgg. Az elektromos ker\u00e9kp\u00e1rok egyre n\u00e9pszer\u0171bbek, viszont sokkal nehezebbek, m\u00e9g az akkumul\u00e1tor elt\u00e1vol\u00edt\u00e1sa ut\u00e1n is.<\/p>\n<p>Egy ker\u00e9kp\u00e1r felhelyez\u00e9se egy furgon tet\u0151csomagtart\u00f3j\u00e1ra egyed\u00fcl is megoldhat\u00f3. T\u00f6bb e-bicikli felrak\u00e1sa m\u00e1r eg\u00e9szen m\u00e1s t\u00e9szta. K\u00e9t emberre \u00e9s igen nagy er\u0151re van sz\u00fcks\u00e9g ahhoz, hogy k\u00f6r\u00fclbel\u00fcl 25 kg-ot a fej\u00fcnk f\u00f6l\u00e9 emelj\u00fcnk. \u00c1t kell adnod a ker\u00e9kp\u00e1rt a tet\u0151n l\u00e9v\u0151 t\u00e1rsadnak, vagy ford\u00edtva. Ez m\u00e1r \u00f6nmag\u00e1ban is egy edz\u00e9s.<\/p>\n<p>Amennyiben az utaz\u00e1s mindig ig\u00e9nyel \u00e1tsz\u00e1ll\u00e1st, minden nap meg kell csin\u00e1lnod ugyanezt. A GPS-k\u00e9sz\u00fcl\u00e9keket, t\u00e1sk\u00e1kat \u00e9s palackokat naponta el kell t\u00e1vol\u00edtani. Az \u00e9breszt\u0151 kor\u00e1n sz\u00f3lal meg, addig mindennek vissza kell ker\u00fclnie a hely\u00e9re \u00e9s k\u00e9szen kell \u00e1llnia a kir\u00e1ndul\u00f3k sz\u00e1m\u00e1ra.<\/p>\n<h2><strong>\u00dati besz\u00e1mol\u00f3k<\/strong><\/h2>\n<p>Az utaz\u00e1s v\u00e9gezt\u00e9vel az otthoni iroda tudni szeretn\u00e9 majd, hogy siker\u00fclt a kaland. Mi ment j\u00f3l \u00e9s mi nem? Mi volt az utaz\u00e1s f\u00e9nypontja? El\u0151fordultak balesetek vagy jelentend\u0151 helyzetek? Probl\u00e9ma volt a besz\u00e1ll\u00edt\u00f3kkal? Mindezeket r\u00e9szletesen be kell foglalni a jelent\u00e9sbe.<\/p>\n<p>Ehhez eml\u00e9kezned kell minden egyes r\u00e9sztvev\u0151re \u00e9s arra, ki mit \u00e9s hol csin\u00e1lt. \u00c9rdemes m\u00e1r az els\u0151 napt\u00f3l napi jegyzeteket k\u00e9sz\u00edteni. N\u00e9h\u00e1ny perc minden est\u00e9db\u0151l \u00e9s m\u00e1ris megtakar\u00edtasz magadnak egy kis id\u0151t \u00e9s felesleges fejf\u00e1j\u00e1st. A mem\u00f3ri\u00e1d minden egyes utaz\u00e1s sor\u00e1n \u00e9rt\u00e9kelni fogja ezeket a jegyzeteket.<\/p>\n<h2><strong>Csod\u00e1latos helyek, finom \u00e9telek \u00e9s \u00e9rdekes emberek<\/strong><\/h2>\n<p>A biciklis idegenvezet\u00e9s sok munk\u00e1val j\u00e1r, de igaz\u00e1n kifizet\u0151d\u0151. Szerencs\u00e9s vagyok, hogy nem egy irod\u00e1ban kell dolgoznom, ahol 9-t\u0151l 5-ig tart a munka. A term\u00e9szetben keresem a kenyeremet, bele\u00e9rtve a vil\u00e1g legnagyszer\u0171bb \u00fati c\u00e9ljait \u00e9s kultur\u00e1lis csod\u00e1it. Nincs sok pihen\u0151id\u0151, viszont az el\u0151ny\u00f6k sz\u00e1ma v\u00e9gtelen.<\/p>\n<p>Amikor dolgozol, lehet\u0151s\u00e9ged van finom \u00e9teleket enni, egy \u00fcveg finom bort meginni, \u00e9s \u00e9rdekes emberekkel besz\u00e9lgetni a vil\u00e1g minden t\u00e1j\u00e1r\u00f3l. V\u00e9g\u00fcl is err\u0151l sz\u00f3l ez az eg\u00e9sz, a kultur\u00e1lis \u00e9s szem\u00e9lyes l\u00e1t\u00f3k\u00f6r\u00f6d b\u0151v\u00edt\u00e9s\u00e9r\u0151l, csod\u00e1latos t\u00e1jakr\u00f3l, mindezt hasonl\u00f3 gondolkod\u00e1s\u00fa emberekkel, akiket egyes\u00edt a ker\u00e9kp\u00e1roz\u00e1s szeretete. Nincs is jobb m\u00f3dja az utaz\u00e1snak \u00e9s a k\u00f6rnyezet megismer\u00e9s\u00e9nek.<\/p>\n","protected":false},"excerpt":{"rendered":"<p>Egy biciklis idegenvezet\u0151 munkarendje bizony \u00e1ltal\u00e1ban az id\u0151j\u00e1r\u00e1son m\u00falik. Ez egy szezon\u00e1lis munka, ami k\u00e9s\u0151 tavaszt\u00f3l kora \u0151szig tart, amikor [&hellip;]<\/p>\n","protected":false},"author":71,"featured_media":16539,"comment_status":"open","ping_status":"open","sticky":false,"template":"","format":"standard","meta":{"footnotes":""},"categories":[12],"tags":[],"global-categories":[],"class_list":["post-16536","post","type-post","status-publish","format-standard","has-post-thumbnail","hentry","category-kozosseg-es-kultura"],"yoast_head":"<!-- This site is optimized with the Yoast SEO Premium plugin v25.3 (Yoast SEO v25.9) - https:\/\/yoast.com\/wordpress\/plugins\/seo\/ -->\n<title>Egy biciklis idegenvezet\u0151 \u00e9lete<\/title>\n<meta name=\"description\" content=\"Egy biciklis idegenvezet\u0151 munkarendje bizony \u00e1ltal\u00e1ban az id\u0151j\u00e1r\u00e1son m\u00falik. Ez egy szezon\u00e1lis munka, ami k\u00e9s\u0151 tavaszt\u00f3l kora \u0151szig tart, amikor a legkisz\u00e1m\u00edthat\u00f3bb a l\u00e9gk\u00f6ri helyzet. Nem ismerek senkit, aki kifejezetten \u00e9lvezn\u00e9 az es\u0151ben \u00e9s a hidegben val\u00f3 teker\u00e9st. Te igen?\" \/>\n<meta name=\"robots\" content=\"index, follow, max-snippet:-1, max-image-preview:large, max-video-preview:-1\" \/>\n<link rel=\"canonical\" href=\"https:\/\/www.welovecycling.com\/hu\/kozosseg-es-kultura\/egy-biciklis-idegenvezeto-elete\/\" \/>\n<meta property=\"og:locale\" content=\"hu_HU\" \/>\n<meta property=\"og:type\" content=\"article\" \/>\n<meta property=\"og:title\" content=\"Egy biciklis idegenvezet\u0151 \u00e9lete\" \/>\n<meta property=\"og:description\" content=\"Egy biciklis idegenvezet\u0151 munkarendje bizony \u00e1ltal\u00e1ban az id\u0151j\u00e1r\u00e1son m\u00falik. Ez egy szezon\u00e1lis munka, ami k\u00e9s\u0151 tavaszt\u00f3l kora \u0151szig tart, amikor a legkisz\u00e1m\u00edthat\u00f3bb a l\u00e9gk\u00f6ri helyzet. Nem ismerek senkit, aki kifejezetten \u00e9lvezn\u00e9 az es\u0151ben \u00e9s a hidegben val\u00f3 teker\u00e9st. Te igen?\" \/>\n<meta property=\"og:url\" content=\"https:\/\/www.welovecycling.com\/hu\/kozosseg-es-kultura\/egy-biciklis-idegenvezeto-elete\/\" \/>\n<meta property=\"og:site_name\" content=\"\u0160koda We Love Cycling - Magyarorsz\u00e1g\" \/>\n<meta property=\"article:publisher\" content=\"https:\/\/www.facebook.com\/WeLoveCyclingHungary\/\" \/>\n<meta property=\"article:published_time\" content=\"2022-12-06T06:00:32+00:00\" \/>\n<meta property=\"og:image\" content=\"https:\/\/d2p6e6u75xmxt8.cloudfront.net\/12\/2022\/12\/Bicycle-Ride-Group-profimedia-0682551209-CVR.webp\" \/>\n\t<meta property=\"og:image:width\" content=\"990\" \/>\n\t<meta property=\"og:image:height\" content=\"660\" \/>\n\t<meta property=\"og:image:type\" content=\"image\/webp\" \/>\n<meta name=\"author\" content=\"hegyizs\" \/>\n<meta name=\"twitter:card\" content=\"summary_large_image\" \/>\n<meta name=\"twitter:label1\" content=\"Written by\" \/>\n\t<meta name=\"twitter:data1\" content=\"Andrea Champredonde\" \/>\n\t<meta name=\"twitter:label2\" content=\"Est. reading time\" \/>\n\t<meta name=\"twitter:data2\" content=\"6\" \/>\n<script type=\"application\/ld+json\" class=\"yoast-schema-graph\">{\"@context\":\"https:\/\/schema.org\",\"@graph\":[{\"@type\":\"WebPage\",\"@id\":\"https:\/\/www.welovecycling.com\/hu\/kozosseg-es-kultura\/egy-biciklis-idegenvezeto-elete\/\",\"url\":\"https:\/\/www.welovecycling.com\/hu\/kozosseg-es-kultura\/egy-biciklis-idegenvezeto-elete\/\",\"name\":\"Egy biciklis idegenvezet\u0151 \u00e9lete\",\"isPartOf\":{\"@id\":\"https:\/\/www.welovecycling.com\/hu\/#website\"},\"primaryImageOfPage\":{\"@id\":\"https:\/\/www.welovecycling.com\/hu\/kozosseg-es-kultura\/egy-biciklis-idegenvezeto-elete\/#primaryimage\"},\"image\":{\"@id\":\"https:\/\/www.welovecycling.com\/hu\/kozosseg-es-kultura\/egy-biciklis-idegenvezeto-elete\/#primaryimage\"},\"thumbnailUrl\":\"https:\/\/d2p6e6u75xmxt8.cloudfront.net\/12\/2022\/12\/Bicycle-Ride-Group-profimedia-0682551209-CVR.webp\",\"datePublished\":\"2022-12-06T06:00:32+00:00\",\"author\":{\"@id\":\"https:\/\/www.welovecycling.com\/hu\/#\/schema\/person\/414a2aebf1801691a5320edb6468e194\"},\"description\":\"Egy biciklis idegenvezet\u0151 munkarendje bizony \u00e1ltal\u00e1ban az id\u0151j\u00e1r\u00e1son m\u00falik. Ez egy szezon\u00e1lis munka, ami k\u00e9s\u0151 tavaszt\u00f3l kora \u0151szig tart, amikor a legkisz\u00e1m\u00edthat\u00f3bb a l\u00e9gk\u00f6ri helyzet. Nem ismerek senkit, aki kifejezetten \u00e9lvezn\u00e9 az es\u0151ben \u00e9s a hidegben val\u00f3 teker\u00e9st. Te igen?\",\"breadcrumb\":{\"@id\":\"https:\/\/www.welovecycling.com\/hu\/kozosseg-es-kultura\/egy-biciklis-idegenvezeto-elete\/#breadcrumb\"},\"inLanguage\":\"hu\",\"potentialAction\":[{\"@type\":\"ReadAction\",\"target\":[\"https:\/\/www.welovecycling.com\/hu\/kozosseg-es-kultura\/egy-biciklis-idegenvezeto-elete\/\"]}]},{\"@type\":\"ImageObject\",\"inLanguage\":\"hu\",\"@id\":\"https:\/\/www.welovecycling.com\/hu\/kozosseg-es-kultura\/egy-biciklis-idegenvezeto-elete\/#primaryimage\",\"url\":\"https:\/\/d2p6e6u75xmxt8.cloudfront.net\/12\/2022\/12\/Bicycle-Ride-Group-profimedia-0682551209-CVR.webp\",\"contentUrl\":\"https:\/\/d2p6e6u75xmxt8.cloudfront.net\/12\/2022\/12\/Bicycle-Ride-Group-profimedia-0682551209-CVR.webp\",\"width\":990,\"height\":660,\"caption\":\"A group of cyclists\"},{\"@type\":\"BreadcrumbList\",\"@id\":\"https:\/\/www.welovecycling.com\/hu\/kozosseg-es-kultura\/egy-biciklis-idegenvezeto-elete\/#breadcrumb\",\"itemListElement\":[{\"@type\":\"ListItem\",\"position\":1,\"name\":\"Home\",\"item\":\"https:\/\/www.welovecycling.com\/hu\/\"},{\"@type\":\"ListItem\",\"position\":2,\"name\":\"Egy biciklis idegenvezet\u0151 \u00e9lete\"}]},{\"@type\":\"WebSite\",\"@id\":\"https:\/\/www.welovecycling.com\/hu\/#website\",\"url\":\"https:\/\/www.welovecycling.com\/hu\/\",\"name\":\"\u0160koda We Love Cycling - Magyarorsz\u00e1g\",\"description\":\"\u0160koda WeLoveCycling\",\"potentialAction\":[{\"@type\":\"SearchAction\",\"target\":{\"@type\":\"EntryPoint\",\"urlTemplate\":\"https:\/\/www.welovecycling.com\/hu\/?s={search_term_string}\"},\"query-input\":{\"@type\":\"PropertyValueSpecification\",\"valueRequired\":true,\"valueName\":\"search_term_string\"}}],\"inLanguage\":\"hu\"},{\"@type\":\"Person\",\"@id\":\"https:\/\/www.welovecycling.com\/hu\/#\/schema\/person\/414a2aebf1801691a5320edb6468e194\",\"name\":\"hegyizs\",\"image\":{\"@type\":\"ImageObject\",\"inLanguage\":\"hu\",\"@id\":\"https:\/\/www.welovecycling.com\/hu\/#\/schema\/person\/image\/\",\"url\":\"https:\/\/secure.gravatar.com\/avatar\/02cf8a7906b8cf90cecb4679defac7cfd33a1c2e3b88e4903d947f3bb58eedd3?s=96&d=mm&r=g\",\"contentUrl\":\"https:\/\/secure.gravatar.com\/avatar\/02cf8a7906b8cf90cecb4679defac7cfd33a1c2e3b88e4903d947f3bb58eedd3?s=96&d=mm&r=g\",\"caption\":\"hegyizs\"},\"url\":\"https:\/\/www.welovecycling.com\/hu\/author\/hegyizs\/\"}]}<\/script>\n<!-- \/ Yoast SEO Premium plugin. -->","yoast_head_json":{"title":"Egy biciklis idegenvezet\u0151 \u00e9lete","description":"Egy biciklis idegenvezet\u0151 munkarendje bizony \u00e1ltal\u00e1ban az id\u0151j\u00e1r\u00e1son m\u00falik. Ez egy szezon\u00e1lis munka, ami k\u00e9s\u0151 tavaszt\u00f3l kora \u0151szig tart, amikor a legkisz\u00e1m\u00edthat\u00f3bb a l\u00e9gk\u00f6ri helyzet. Nem ismerek senkit, aki kifejezetten \u00e9lvezn\u00e9 az es\u0151ben \u00e9s a hidegben val\u00f3 teker\u00e9st. Te igen?","robots":{"index":"index","follow":"follow","max-snippet":"max-snippet:-1","max-image-preview":"max-image-preview:large","max-video-preview":"max-video-preview:-1"},"canonical":"https:\/\/www.welovecycling.com\/hu\/kozosseg-es-kultura\/egy-biciklis-idegenvezeto-elete\/","og_locale":"hu_HU","og_type":"article","og_title":"Egy biciklis idegenvezet\u0151 \u00e9lete","og_description":"Egy biciklis idegenvezet\u0151 munkarendje bizony \u00e1ltal\u00e1ban az id\u0151j\u00e1r\u00e1son m\u00falik. Ez egy szezon\u00e1lis munka, ami k\u00e9s\u0151 tavaszt\u00f3l kora \u0151szig tart, amikor a legkisz\u00e1m\u00edthat\u00f3bb a l\u00e9gk\u00f6ri helyzet. Nem ismerek senkit, aki kifejezetten \u00e9lvezn\u00e9 az es\u0151ben \u00e9s a hidegben val\u00f3 teker\u00e9st. Te igen?","og_url":"https:\/\/www.welovecycling.com\/hu\/kozosseg-es-kultura\/egy-biciklis-idegenvezeto-elete\/","og_site_name":"\u0160koda We Love Cycling - Magyarorsz\u00e1g","article_publisher":"https:\/\/www.facebook.com\/WeLoveCyclingHungary\/","article_published_time":"2022-12-06T06:00:32+00:00","og_image":[{"width":990,"height":660,"url":"https:\/\/d2p6e6u75xmxt8.cloudfront.net\/12\/2022\/12\/Bicycle-Ride-Group-profimedia-0682551209-CVR.webp","type":"image\/webp"}],"author":"hegyizs","twitter_card":"summary_large_image","twitter_misc":{"Written by":"Andrea Champredonde","Est. reading time":"6"},"schema":{"@context":"https:\/\/schema.org","@graph":[{"@type":"WebPage","@id":"https:\/\/www.welovecycling.com\/hu\/kozosseg-es-kultura\/egy-biciklis-idegenvezeto-elete\/","url":"https:\/\/www.welovecycling.com\/hu\/kozosseg-es-kultura\/egy-biciklis-idegenvezeto-elete\/","name":"Egy biciklis idegenvezet\u0151 \u00e9lete","isPartOf":{"@id":"https:\/\/www.welovecycling.com\/hu\/#website"},"primaryImageOfPage":{"@id":"https:\/\/www.welovecycling.com\/hu\/kozosseg-es-kultura\/egy-biciklis-idegenvezeto-elete\/#primaryimage"},"image":{"@id":"https:\/\/www.welovecycling.com\/hu\/kozosseg-es-kultura\/egy-biciklis-idegenvezeto-elete\/#primaryimage"},"thumbnailUrl":"https:\/\/d2p6e6u75xmxt8.cloudfront.net\/12\/2022\/12\/Bicycle-Ride-Group-profimedia-0682551209-CVR.webp","datePublished":"2022-12-06T06:00:32+00:00","author":{"@id":"https:\/\/www.welovecycling.com\/hu\/#\/schema\/person\/414a2aebf1801691a5320edb6468e194"},"description":"Egy biciklis idegenvezet\u0151 munkarendje bizony \u00e1ltal\u00e1ban az id\u0151j\u00e1r\u00e1son m\u00falik. Ez egy szezon\u00e1lis munka, ami k\u00e9s\u0151 tavaszt\u00f3l kora \u0151szig tart, amikor a legkisz\u00e1m\u00edthat\u00f3bb a l\u00e9gk\u00f6ri helyzet. Nem ismerek senkit, aki kifejezetten \u00e9lvezn\u00e9 az es\u0151ben \u00e9s a hidegben val\u00f3 teker\u00e9st. Te igen?","breadcrumb":{"@id":"https:\/\/www.welovecycling.com\/hu\/kozosseg-es-kultura\/egy-biciklis-idegenvezeto-elete\/#breadcrumb"},"inLanguage":"hu","potentialAction":[{"@type":"ReadAction","target":["https:\/\/www.welovecycling.com\/hu\/kozosseg-es-kultura\/egy-biciklis-idegenvezeto-elete\/"]}]},{"@type":"ImageObject","inLanguage":"hu","@id":"https:\/\/www.welovecycling.com\/hu\/kozosseg-es-kultura\/egy-biciklis-idegenvezeto-elete\/#primaryimage","url":"https:\/\/d2p6e6u75xmxt8.cloudfront.net\/12\/2022\/12\/Bicycle-Ride-Group-profimedia-0682551209-CVR.webp","contentUrl":"https:\/\/d2p6e6u75xmxt8.cloudfront.net\/12\/2022\/12\/Bicycle-Ride-Group-profimedia-0682551209-CVR.webp","width":990,"height":660,"caption":"A group of cyclists"},{"@type":"BreadcrumbList","@id":"https:\/\/www.welovecycling.com\/hu\/kozosseg-es-kultura\/egy-biciklis-idegenvezeto-elete\/#breadcrumb","itemListElement":[{"@type":"ListItem","position":1,"name":"Home","item":"https:\/\/www.welovecycling.com\/hu\/"},{"@type":"ListItem","position":2,"name":"Egy biciklis idegenvezet\u0151 \u00e9lete"}]},{"@type":"WebSite","@id":"https:\/\/www.welovecycling.com\/hu\/#website","url":"https:\/\/www.welovecycling.com\/hu\/","name":"\u0160koda We Love Cycling - Magyarorsz\u00e1g","description":"\u0160koda WeLoveCycling","potentialAction":[{"@type":"SearchAction","target":{"@type":"EntryPoint","urlTemplate":"https:\/\/www.welovecycling.com\/hu\/?s={search_term_string}"},"query-input":{"@type":"PropertyValueSpecification","valueRequired":true,"valueName":"search_term_string"}}],"inLanguage":"hu"},{"@type":"Person","@id":"https:\/\/www.welovecycling.com\/hu\/#\/schema\/person\/414a2aebf1801691a5320edb6468e194","name":"hegyizs","image":{"@type":"ImageObject","inLanguage":"hu","@id":"https:\/\/www.welovecycling.com\/hu\/#\/schema\/person\/image\/","url":"https:\/\/secure.gravatar.com\/avatar\/02cf8a7906b8cf90cecb4679defac7cfd33a1c2e3b88e4903d947f3bb58eedd3?s=96&d=mm&r=g","contentUrl":"https:\/\/secure.gravatar.com\/avatar\/02cf8a7906b8cf90cecb4679defac7cfd33a1c2e3b88e4903d947f3bb58eedd3?s=96&d=mm&r=g","caption":"hegyizs"},"url":"https:\/\/www.welovecycling.com\/hu\/author\/hegyizs\/"}]}},"_links":{"self":[{"href":"https:\/\/www.welovecycling.com\/hu\/wp-json\/wp\/v2\/posts\/16536","targetHints":{"allow":["GET"]}}],"collection":[{"href":"https:\/\/www.welovecycling.com\/hu\/wp-json\/wp\/v2\/posts"}],"about":[{"href":"https:\/\/www.welovecycling.com\/hu\/wp-json\/wp\/v2\/types\/post"}],"author":[{"embeddable":true,"href":"https:\/\/www.welovecycling.com\/hu\/wp-json\/wp\/v2\/users\/71"}],"replies":[{"embeddable":true,"href":"https:\/\/www.welovecycling.com\/hu\/wp-json\/wp\/v2\/comments?post=16536"}],"version-history":[{"count":2,"href":"https:\/\/www.welovecycling.com\/hu\/wp-json\/wp\/v2\/posts\/16536\/revisions"}],"predecessor-version":[{"id":16540,"href":"https:\/\/www.welovecycling.com\/hu\/wp-json\/wp\/v2\/posts\/16536\/revisions\/16540"}],"wp:featuredmedia":[{"embeddable":true,"href":"https:\/\/www.welovecycling.com\/hu\/wp-json\/wp\/v2\/media\/16539"}],"wp:attachment":[{"href":"https:\/\/www.welovecycling.com\/hu\/wp-json\/wp\/v2\/media?parent=16536"}],"wp:term":[{"taxonomy":"category","embeddable":true,"href":"https:\/\/www.welovecycling.com\/hu\/wp-json\/wp\/v2\/categories?post=16536"},{"taxonomy":"post_tag","embeddable":true,"href":"https:\/\/www.welovecycling.com\/hu\/wp-json\/wp\/v2\/tags?post=16536"},{"taxonomy":"global-categories","embeddable":true,"href":"https:\/\/www.welovecycling.com\/hu\/wp-json\/wp\/v2\/global-categories?post=16536"}],"curies":[{"name":"wp","href":"https:\/\/api.w.org\/{rel}","templated":true}]}}