{"id":16528,"date":"2022-12-10T08:00:30","date_gmt":"2022-12-10T06:00:30","guid":{"rendered":"https:\/\/www.welovecycling.com\/hu\/?p=16528"},"modified":"2022-12-02T16:20:18","modified_gmt":"2022-12-02T14:20:18","slug":"a-mult-szazad-mentoautoja-a-bicikli","status":"publish","type":"post","link":"https:\/\/www.welovecycling.com\/hu\/kozosseg-es-kultura\/a-mult-szazad-mentoautoja-a-bicikli\/","title":{"rendered":"A m\u00falt sz\u00e1zad \u201cment\u0151aut\u00f3ja\u201d: a bicikli"},"content":{"rendered":"<p><strong>Sokat v\u00e1ltoztak a ment\u0151aut\u00f3k az \u00e9vek sor\u00e1n, f\u0151leg ha belegondolunk, hogy a s\u00e9r\u00fclteket kezdetben k\u00e9t botra fektetve sz\u00e1ll\u00edtott\u00e1k el a csatamez\u0151kr\u0151l, ma pedig egy kisebb gurul\u00f3 k\u00f3rh\u00e1z sz\u00e1guld a betegekkel, ha baj van. A kett\u0151 k\u00f6z\u00f6tt pedig a ker\u00e9kp\u00e1r is kivette a maga r\u00e9sz\u00e9t a sebes\u00fcltek megseg\u00edt\u00e9s\u00e9ben.<\/strong><!--more--><\/p>\n<p>A ker\u00e9kp\u00e1ros ment\u0151t els\u0151sorban az els\u0151 vil\u00e1gh\u00e1bor\u00faban haszn\u00e1lt\u00e1k, de n\u00e9h\u00e1ny feljegyz\u00e9s bizony\u00edtja, hogy m\u00e1r az 1800-as \u00e9vek v\u00e9g\u00e9n is l\u00e9tezett. B\u00e1r a k\u00e9tkerek\u0171 j\u00e1rg\u00e1nyt <a href=\"https:\/\/www.welovecycling.com\/hu\/kozosseg-es-kultura\/a-kerekes-lotol-a-pneumatikus-kerekparig\/\">1817-ben tal\u00e1lta fel (\u00fajra) Karl von Drais b\u00e1r\u00f3<\/a>, m\u00e9g korai lenne a mai \u00e9rtelemben vett biciklik\u00e9nt emlegetni a f\u00e1b\u00f3l k\u00e9sz\u00fclt szerkezetet, amit l\u00e1bbal kellett hajtani, ak\u00e1rcsak a mostani gyerek fut\u00f3ker\u00e9kp\u00e1rokat. A ped\u00e1lok csak j\u00f3val k\u00e9s\u0151bb ker\u00fcltek fel, ez azonban nem akad\u00e1lyozta meg a korai bicikliket abban, hogy a betegsz\u00e1ll\u00edt\u00e1s szolg\u00e1lat\u00e1ba \u00e1lljanak.<\/p>\n<p>A koncepci\u00f3 pedig a ped\u00e1lok megjelen\u00e9s\u00e9vel sem nagyon v\u00e1ltozott: alapvet\u0151en egy, k\u00e9t bot k\u00f6z\u00e9 fesz\u00edtett v\u00e1szonr\u00f3l van sz\u00f3, amit n\u00e9gy ker\u00e9kp\u00e1rhoz r\u00f6gz\u00edtettek, ha pedig nem volt r\u00e1 sz\u00fcks\u00e9g, egyszer\u0171en fel tudt\u00e1k tekerni.<\/p>\n<figure id=\"attachment_16530\" aria-describedby=\"caption-attachment-16530\" style=\"width: 658px\" class=\"wp-caption alignnone\"><img loading=\"lazy\" decoding=\"async\" class=\"size-full wp-image-16530\" src=\"https:\/\/d2p6e6u75xmxt8.cloudfront.net\/12\/2022\/12\/bicycle-ambulance-WW1.jpg4_.webp\" alt=\"\" width=\"658\" height=\"377\" srcset=\"https:\/\/d2p6e6u75xmxt8.cloudfront.net\/12\/2022\/12\/bicycle-ambulance-WW1.jpg4_.webp 658w, https:\/\/d2p6e6u75xmxt8.cloudfront.net\/12\/2022\/12\/bicycle-ambulance-WW1.jpg4_-300x172.webp 300w\" sizes=\"auto, (max-width: 658px) 100vw, 658px\" \/><figcaption id=\"caption-attachment-16530\" class=\"wp-caption-text\">Fot\u00f3: Thecabe.com<\/figcaption><\/figure>\n<p>A leg\u00e9nys\u00e9g mindegyik tagj\u00e1nak megvolt a maga feladata: az egyik\u00fcknek a biciklij\u00e9n kellett vinnie a sebes\u00fcltig az \u00f6sszetekert hord\u00e1gyat, a helysz\u00ednen r\u00f6gz\u00edtett\u00e9k a n\u00e9gy sark\u00e1t a n\u00e9gy j\u00e1rg\u00e1nyhoz, majd k\u00f6z\u00f6sen r\u00e1emelt\u00e9k a s\u00e9r\u00fcltet, fel\u00fcltek egy-egy ker\u00e9kp\u00e1rra \u00e9s m\u00e1r indulhattak is.<\/p>\n<figure id=\"attachment_16531\" aria-describedby=\"caption-attachment-16531\" style=\"width: 768px\" class=\"wp-caption alignnone\"><img loading=\"lazy\" decoding=\"async\" class=\"size-full wp-image-16531\" src=\"https:\/\/d2p6e6u75xmxt8.cloudfront.net\/12\/2022\/12\/bicycle-ambulance-WW1.jpg2_-768x518-1.webp\" alt=\"\" width=\"768\" height=\"518\" srcset=\"https:\/\/d2p6e6u75xmxt8.cloudfront.net\/12\/2022\/12\/bicycle-ambulance-WW1.jpg2_-768x518-1.webp 768w, https:\/\/d2p6e6u75xmxt8.cloudfront.net\/12\/2022\/12\/bicycle-ambulance-WW1.jpg2_-768x518-1-300x202.webp 300w, https:\/\/d2p6e6u75xmxt8.cloudfront.net\/12\/2022\/12\/bicycle-ambulance-WW1.jpg2_-768x518-1-272x182.webp 272w\" sizes=\"auto, (max-width: 768px) 100vw, 768px\" \/><figcaption id=\"caption-attachment-16531\" class=\"wp-caption-text\">Amikor nem sz\u00e1ll\u00edtottak a hord\u00e1gyon s\u00e9r\u00fcltet, feltekerve pihent az egyik biciklin. Fot\u00f3: Oldbike.eu<\/figcaption><\/figure>\n<p>Olyan verzi\u00f3 is l\u00e9tezett, amihez csak k\u00e9t bring\u00e1ra volt sz\u00fcks\u00e9g, \u00e9s ez j\u00f3l m\u0171k\u00f6d\u00f6tt is, ameddig a beteghord\u00f3k nem \u00fcltek fel a nyeregbe, hanem a biciklik mellett gyalogoltak. Ha azonban tekerni\u00fck kellett, meggy\u0171lhetett a bajuk az egyens\u00falyozz\u00e1sal. K\u00e9pzeld el, milyen lehet \u00fagy biciklizni, hogy egy v\u00e1szon \u00f6sszek\u00f6t egy m\u00e1sik bring\u00e1ssal, \u00e9s kett\u0151t\u00f6k k\u00f6z\u00f6tt m\u00e9g egy ember is fekszik, akit jobb lenne nem nagyon rugdosni a t\u00e9rdeddel teker\u00e9s k\u00f6zben. Arr\u00f3l nem is besz\u00e9lve, hogy egy h\u00e1bor\u00fas \u00f6vezetben vagy\u2026<\/p>\n<figure id=\"attachment_16532\" aria-describedby=\"caption-attachment-16532\" style=\"width: 768px\" class=\"wp-caption alignnone\"><img loading=\"lazy\" decoding=\"async\" class=\"size-full wp-image-16532\" src=\"https:\/\/d2p6e6u75xmxt8.cloudfront.net\/12\/2022\/12\/bicycle-ambulance-WW1.jpg6_-768x955-1.webp\" alt=\"\" width=\"768\" height=\"955\" srcset=\"https:\/\/d2p6e6u75xmxt8.cloudfront.net\/12\/2022\/12\/bicycle-ambulance-WW1.jpg6_-768x955-1.webp 768w, https:\/\/d2p6e6u75xmxt8.cloudfront.net\/12\/2022\/12\/bicycle-ambulance-WW1.jpg6_-768x955-1-241x300.webp 241w\" sizes=\"auto, (max-width: 768px) 100vw, 768px\" \/><figcaption id=\"caption-attachment-16532\" class=\"wp-caption-text\">Fot\u00f3: Oldbike.eu<\/figcaption><\/figure>\n<p>Ez az embert pr\u00f3b\u00e1l\u00f3 eszk\u00f6z Tandem Ambulence-k\u00e9nt v\u00e1lt ismertt\u00e9, \u00e9s egyes forr\u00e1sok szerint egy John T. Hinkley nev\u0171 chicag\u00f3i orvos tal\u00e1lta fel. A t\u00f6rt\u00e9net szerint \u00fagy gondolta, hogy a lovaskocsik nem tudnak el\u00e9g gyorsan reag\u00e1lni v\u00e9szhelyzetek eset\u00e9n, hiszen a k\u00f3rh\u00e1zban nem tartottak lovakat, \u00edgy ilyenkor fel kellett venni a kapcsolatot az ist\u00e1ll\u00f3kkal, miel\u0151tt kivonulhattak volna a helysz\u00ednre.<\/p>\n<figure id=\"attachment_16533\" aria-describedby=\"caption-attachment-16533\" style=\"width: 494px\" class=\"wp-caption alignnone\"><img loading=\"lazy\" decoding=\"async\" class=\"size-full wp-image-16533\" src=\"https:\/\/d2p6e6u75xmxt8.cloudfront.net\/12\/2022\/12\/bicycle-ambulance-tandem.webp\" alt=\"\" width=\"494\" height=\"369\" srcset=\"https:\/\/d2p6e6u75xmxt8.cloudfront.net\/12\/2022\/12\/bicycle-ambulance-tandem.webp 494w, https:\/\/d2p6e6u75xmxt8.cloudfront.net\/12\/2022\/12\/bicycle-ambulance-tandem-300x224.webp 300w\" sizes=\"auto, (max-width: 494px) 100vw, 494px\" \/><figcaption id=\"caption-attachment-16533\" class=\"wp-caption-text\">Fot\u00f3: Oldbike.eu<\/figcaption><\/figure>\n<p>Ezeken a tandemeken \u00e1ltal\u00e1ban k\u00e9t szakk\u00e9pzett orvos \u00fclt, \u00edgy t\u00e9nyleg el\u00e9g hat\u00e9konynak bizonyultak, hiszen m\u00e1r a helysz\u00ednen el tudt\u00e1k l\u00e1tni a betegeket. Egy h\u00f3nap alatt t\u00f6bb mint 1000 embert sz\u00e1ll\u00edtottak \u00edgy k\u00f3rh\u00e1zba.<\/p>\n<figure id=\"attachment_16534\" aria-describedby=\"caption-attachment-16534\" style=\"width: 564px\" class=\"wp-caption alignnone\"><img loading=\"lazy\" decoding=\"async\" class=\"size-full wp-image-16534\" src=\"https:\/\/d2p6e6u75xmxt8.cloudfront.net\/12\/2022\/12\/bicycle-ambulance-from-possibly-WWII.webp\" alt=\"\" width=\"564\" height=\"427\" srcset=\"https:\/\/d2p6e6u75xmxt8.cloudfront.net\/12\/2022\/12\/bicycle-ambulance-from-possibly-WWII.webp 564w, https:\/\/d2p6e6u75xmxt8.cloudfront.net\/12\/2022\/12\/bicycle-ambulance-from-possibly-WWII-300x227.webp 300w\" sizes=\"auto, (max-width: 564px) 100vw, 564px\" \/><figcaption id=\"caption-attachment-16534\" class=\"wp-caption-text\">A biciklis ment\u0151 egy modernebb v\u00e1ltozata. Fot\u00f3: Pinterest<\/figcaption><\/figure>\n<p><em>Forr\u00e1s: <\/em><a href=\"https:\/\/historythings.com\/the-many-forms-of-the-early-ambulance-part-1-the-bicycle\/\"><em>historythings.com<\/em><\/a><br \/>\n<em>Bor\u00edt\u00f3k\u00e9p: oldbike.eu<\/em><\/p>\n","protected":false},"excerpt":{"rendered":"<p>Sokat v\u00e1ltoztak a ment\u0151aut\u00f3k az \u00e9vek sor\u00e1n, f\u0151leg ha belegondolunk, hogy a s\u00e9r\u00fclteket kezdetben k\u00e9t botra fektetve sz\u00e1ll\u00edtott\u00e1k el a [&hellip;]<\/p>\n","protected":false},"author":71,"featured_media":16529,"comment_status":"open","ping_status":"open","sticky":false,"template":"","format":"standard","meta":{"footnotes":""},"categories":[12],"tags":[],"global-categories":[],"class_list":["post-16528","post","type-post","status-publish","format-standard","has-post-thumbnail","hentry","category-kozosseg-es-kultura"],"yoast_head":"<!-- This site is optimized with the Yoast SEO Premium plugin v25.3 (Yoast SEO v25.9) - https:\/\/yoast.com\/wordpress\/plugins\/seo\/ -->\n<title>A m\u00falt sz\u00e1zad \u201cment\u0151aut\u00f3ja\u201d: a bicikli<\/title>\n<meta name=\"description\" content=\"Sokat v\u00e1ltoztak a ment\u0151aut\u00f3k az \u00e9vek sor\u00e1n, f\u0151leg ha belegondolunk, hogy a s\u00e9r\u00fclteket kezdetben k\u00e9t botra fektetve sz\u00e1ll\u00edtott\u00e1k el a csatamez\u0151kr\u0151l, ma pedig egy kisebb gurul\u00f3 k\u00f3rh\u00e1z sz\u00e1guld a betegekkel, ha baj van. A kett\u0151 k\u00f6z\u00f6tt pedig a ker\u00e9kp\u00e1r is kivette a maga r\u00e9sz\u00e9t a sebes\u00fcltek megseg\u00edt\u00e9s\u00e9ben.\" \/>\n<meta name=\"robots\" content=\"index, follow, max-snippet:-1, max-image-preview:large, max-video-preview:-1\" \/>\n<link rel=\"canonical\" href=\"https:\/\/www.welovecycling.com\/hu\/kozosseg-es-kultura\/a-mult-szazad-mentoautoja-a-bicikli\/\" \/>\n<meta property=\"og:locale\" content=\"hu_HU\" \/>\n<meta property=\"og:type\" content=\"article\" \/>\n<meta property=\"og:title\" content=\"A m\u00falt sz\u00e1zad \u201cment\u0151aut\u00f3ja\u201d: a bicikli\" \/>\n<meta property=\"og:description\" content=\"Sokat v\u00e1ltoztak a ment\u0151aut\u00f3k az \u00e9vek sor\u00e1n, f\u0151leg ha belegondolunk, hogy a s\u00e9r\u00fclteket kezdetben k\u00e9t botra fektetve sz\u00e1ll\u00edtott\u00e1k el a csatamez\u0151kr\u0151l, ma pedig egy kisebb gurul\u00f3 k\u00f3rh\u00e1z sz\u00e1guld a betegekkel, ha baj van. A kett\u0151 k\u00f6z\u00f6tt pedig a ker\u00e9kp\u00e1r is kivette a maga r\u00e9sz\u00e9t a sebes\u00fcltek megseg\u00edt\u00e9s\u00e9ben.\" \/>\n<meta property=\"og:url\" content=\"https:\/\/www.welovecycling.com\/hu\/kozosseg-es-kultura\/a-mult-szazad-mentoautoja-a-bicikli\/\" \/>\n<meta property=\"og:site_name\" content=\"\u0160koda We Love Cycling - Magyarorsz\u00e1g\" \/>\n<meta property=\"article:publisher\" content=\"https:\/\/www.facebook.com\/WeLoveCyclingHungary\/\" \/>\n<meta property=\"article:published_time\" content=\"2022-12-10T06:00:30+00:00\" \/>\n<meta property=\"og:image\" content=\"https:\/\/d2p6e6u75xmxt8.cloudfront.net\/12\/2022\/12\/bicycle-ambulance-WW1.jpg3_-768x493-1.webp\" \/>\n\t<meta property=\"og:image:width\" content=\"768\" \/>\n\t<meta property=\"og:image:height\" content=\"493\" \/>\n\t<meta property=\"og:image:type\" content=\"image\/webp\" \/>\n<meta name=\"author\" content=\"hegyizs\" \/>\n<meta name=\"twitter:card\" content=\"summary_large_image\" \/>\n<meta name=\"twitter:label1\" content=\"Written by\" \/>\n\t<meta name=\"twitter:data1\" content=\"WLC\" \/>\n\t<meta name=\"twitter:label2\" content=\"Est. reading time\" \/>\n\t<meta name=\"twitter:data2\" content=\"3 minutes\" \/>\n<script type=\"application\/ld+json\" class=\"yoast-schema-graph\">{\"@context\":\"https:\/\/schema.org\",\"@graph\":[{\"@type\":\"WebPage\",\"@id\":\"https:\/\/www.welovecycling.com\/hu\/kozosseg-es-kultura\/a-mult-szazad-mentoautoja-a-bicikli\/\",\"url\":\"https:\/\/www.welovecycling.com\/hu\/kozosseg-es-kultura\/a-mult-szazad-mentoautoja-a-bicikli\/\",\"name\":\"A m\u00falt sz\u00e1zad \u201cment\u0151aut\u00f3ja\u201d: a bicikli\",\"isPartOf\":{\"@id\":\"https:\/\/www.welovecycling.com\/hu\/#website\"},\"primaryImageOfPage\":{\"@id\":\"https:\/\/www.welovecycling.com\/hu\/kozosseg-es-kultura\/a-mult-szazad-mentoautoja-a-bicikli\/#primaryimage\"},\"image\":{\"@id\":\"https:\/\/www.welovecycling.com\/hu\/kozosseg-es-kultura\/a-mult-szazad-mentoautoja-a-bicikli\/#primaryimage\"},\"thumbnailUrl\":\"https:\/\/d2p6e6u75xmxt8.cloudfront.net\/12\/2022\/12\/bicycle-ambulance-WW1.jpg3_-768x493-1.webp\",\"datePublished\":\"2022-12-10T06:00:30+00:00\",\"author\":{\"@id\":\"https:\/\/www.welovecycling.com\/hu\/#\/schema\/person\/414a2aebf1801691a5320edb6468e194\"},\"description\":\"Sokat v\u00e1ltoztak a ment\u0151aut\u00f3k az \u00e9vek sor\u00e1n, f\u0151leg ha belegondolunk, hogy a s\u00e9r\u00fclteket kezdetben k\u00e9t botra fektetve sz\u00e1ll\u00edtott\u00e1k el a csatamez\u0151kr\u0151l, ma pedig egy kisebb gurul\u00f3 k\u00f3rh\u00e1z sz\u00e1guld a betegekkel, ha baj van. A kett\u0151 k\u00f6z\u00f6tt pedig a ker\u00e9kp\u00e1r is kivette a maga r\u00e9sz\u00e9t a sebes\u00fcltek megseg\u00edt\u00e9s\u00e9ben.\",\"breadcrumb\":{\"@id\":\"https:\/\/www.welovecycling.com\/hu\/kozosseg-es-kultura\/a-mult-szazad-mentoautoja-a-bicikli\/#breadcrumb\"},\"inLanguage\":\"hu\",\"potentialAction\":[{\"@type\":\"ReadAction\",\"target\":[\"https:\/\/www.welovecycling.com\/hu\/kozosseg-es-kultura\/a-mult-szazad-mentoautoja-a-bicikli\/\"]}]},{\"@type\":\"ImageObject\",\"inLanguage\":\"hu\",\"@id\":\"https:\/\/www.welovecycling.com\/hu\/kozosseg-es-kultura\/a-mult-szazad-mentoautoja-a-bicikli\/#primaryimage\",\"url\":\"https:\/\/d2p6e6u75xmxt8.cloudfront.net\/12\/2022\/12\/bicycle-ambulance-WW1.jpg3_-768x493-1.webp\",\"contentUrl\":\"https:\/\/d2p6e6u75xmxt8.cloudfront.net\/12\/2022\/12\/bicycle-ambulance-WW1.jpg3_-768x493-1.webp\",\"width\":768,\"height\":493},{\"@type\":\"BreadcrumbList\",\"@id\":\"https:\/\/www.welovecycling.com\/hu\/kozosseg-es-kultura\/a-mult-szazad-mentoautoja-a-bicikli\/#breadcrumb\",\"itemListElement\":[{\"@type\":\"ListItem\",\"position\":1,\"name\":\"Home\",\"item\":\"https:\/\/www.welovecycling.com\/hu\/\"},{\"@type\":\"ListItem\",\"position\":2,\"name\":\"A m\u00falt sz\u00e1zad \u201cment\u0151aut\u00f3ja\u201d: a bicikli\"}]},{\"@type\":\"WebSite\",\"@id\":\"https:\/\/www.welovecycling.com\/hu\/#website\",\"url\":\"https:\/\/www.welovecycling.com\/hu\/\",\"name\":\"\u0160koda We Love Cycling - Magyarorsz\u00e1g\",\"description\":\"\u0160koda WeLoveCycling\",\"potentialAction\":[{\"@type\":\"SearchAction\",\"target\":{\"@type\":\"EntryPoint\",\"urlTemplate\":\"https:\/\/www.welovecycling.com\/hu\/?s={search_term_string}\"},\"query-input\":{\"@type\":\"PropertyValueSpecification\",\"valueRequired\":true,\"valueName\":\"search_term_string\"}}],\"inLanguage\":\"hu\"},{\"@type\":\"Person\",\"@id\":\"https:\/\/www.welovecycling.com\/hu\/#\/schema\/person\/414a2aebf1801691a5320edb6468e194\",\"name\":\"hegyizs\",\"image\":{\"@type\":\"ImageObject\",\"inLanguage\":\"hu\",\"@id\":\"https:\/\/www.welovecycling.com\/hu\/#\/schema\/person\/image\/\",\"url\":\"https:\/\/secure.gravatar.com\/avatar\/02cf8a7906b8cf90cecb4679defac7cfd33a1c2e3b88e4903d947f3bb58eedd3?s=96&d=mm&r=g\",\"contentUrl\":\"https:\/\/secure.gravatar.com\/avatar\/02cf8a7906b8cf90cecb4679defac7cfd33a1c2e3b88e4903d947f3bb58eedd3?s=96&d=mm&r=g\",\"caption\":\"hegyizs\"},\"url\":\"https:\/\/www.welovecycling.com\/hu\/author\/hegyizs\/\"}]}<\/script>\n<!-- \/ Yoast SEO Premium plugin. -->","yoast_head_json":{"title":"A m\u00falt sz\u00e1zad \u201cment\u0151aut\u00f3ja\u201d: a bicikli","description":"Sokat v\u00e1ltoztak a ment\u0151aut\u00f3k az \u00e9vek sor\u00e1n, f\u0151leg ha belegondolunk, hogy a s\u00e9r\u00fclteket kezdetben k\u00e9t botra fektetve sz\u00e1ll\u00edtott\u00e1k el a csatamez\u0151kr\u0151l, ma pedig egy kisebb gurul\u00f3 k\u00f3rh\u00e1z sz\u00e1guld a betegekkel, ha baj van. A kett\u0151 k\u00f6z\u00f6tt pedig a ker\u00e9kp\u00e1r is kivette a maga r\u00e9sz\u00e9t a sebes\u00fcltek megseg\u00edt\u00e9s\u00e9ben.","robots":{"index":"index","follow":"follow","max-snippet":"max-snippet:-1","max-image-preview":"max-image-preview:large","max-video-preview":"max-video-preview:-1"},"canonical":"https:\/\/www.welovecycling.com\/hu\/kozosseg-es-kultura\/a-mult-szazad-mentoautoja-a-bicikli\/","og_locale":"hu_HU","og_type":"article","og_title":"A m\u00falt sz\u00e1zad \u201cment\u0151aut\u00f3ja\u201d: a bicikli","og_description":"Sokat v\u00e1ltoztak a ment\u0151aut\u00f3k az \u00e9vek sor\u00e1n, f\u0151leg ha belegondolunk, hogy a s\u00e9r\u00fclteket kezdetben k\u00e9t botra fektetve sz\u00e1ll\u00edtott\u00e1k el a csatamez\u0151kr\u0151l, ma pedig egy kisebb gurul\u00f3 k\u00f3rh\u00e1z sz\u00e1guld a betegekkel, ha baj van. A kett\u0151 k\u00f6z\u00f6tt pedig a ker\u00e9kp\u00e1r is kivette a maga r\u00e9sz\u00e9t a sebes\u00fcltek megseg\u00edt\u00e9s\u00e9ben.","og_url":"https:\/\/www.welovecycling.com\/hu\/kozosseg-es-kultura\/a-mult-szazad-mentoautoja-a-bicikli\/","og_site_name":"\u0160koda We Love Cycling - Magyarorsz\u00e1g","article_publisher":"https:\/\/www.facebook.com\/WeLoveCyclingHungary\/","article_published_time":"2022-12-10T06:00:30+00:00","og_image":[{"width":768,"height":493,"url":"https:\/\/d2p6e6u75xmxt8.cloudfront.net\/12\/2022\/12\/bicycle-ambulance-WW1.jpg3_-768x493-1.webp","type":"image\/webp"}],"author":"hegyizs","twitter_card":"summary_large_image","twitter_misc":{"Written by":"WLC","Est. reading time":"3 minutes"},"schema":{"@context":"https:\/\/schema.org","@graph":[{"@type":"WebPage","@id":"https:\/\/www.welovecycling.com\/hu\/kozosseg-es-kultura\/a-mult-szazad-mentoautoja-a-bicikli\/","url":"https:\/\/www.welovecycling.com\/hu\/kozosseg-es-kultura\/a-mult-szazad-mentoautoja-a-bicikli\/","name":"A m\u00falt sz\u00e1zad \u201cment\u0151aut\u00f3ja\u201d: a bicikli","isPartOf":{"@id":"https:\/\/www.welovecycling.com\/hu\/#website"},"primaryImageOfPage":{"@id":"https:\/\/www.welovecycling.com\/hu\/kozosseg-es-kultura\/a-mult-szazad-mentoautoja-a-bicikli\/#primaryimage"},"image":{"@id":"https:\/\/www.welovecycling.com\/hu\/kozosseg-es-kultura\/a-mult-szazad-mentoautoja-a-bicikli\/#primaryimage"},"thumbnailUrl":"https:\/\/d2p6e6u75xmxt8.cloudfront.net\/12\/2022\/12\/bicycle-ambulance-WW1.jpg3_-768x493-1.webp","datePublished":"2022-12-10T06:00:30+00:00","author":{"@id":"https:\/\/www.welovecycling.com\/hu\/#\/schema\/person\/414a2aebf1801691a5320edb6468e194"},"description":"Sokat v\u00e1ltoztak a ment\u0151aut\u00f3k az \u00e9vek sor\u00e1n, f\u0151leg ha belegondolunk, hogy a s\u00e9r\u00fclteket kezdetben k\u00e9t botra fektetve sz\u00e1ll\u00edtott\u00e1k el a csatamez\u0151kr\u0151l, ma pedig egy kisebb gurul\u00f3 k\u00f3rh\u00e1z sz\u00e1guld a betegekkel, ha baj van. A kett\u0151 k\u00f6z\u00f6tt pedig a ker\u00e9kp\u00e1r is kivette a maga r\u00e9sz\u00e9t a sebes\u00fcltek megseg\u00edt\u00e9s\u00e9ben.","breadcrumb":{"@id":"https:\/\/www.welovecycling.com\/hu\/kozosseg-es-kultura\/a-mult-szazad-mentoautoja-a-bicikli\/#breadcrumb"},"inLanguage":"hu","potentialAction":[{"@type":"ReadAction","target":["https:\/\/www.welovecycling.com\/hu\/kozosseg-es-kultura\/a-mult-szazad-mentoautoja-a-bicikli\/"]}]},{"@type":"ImageObject","inLanguage":"hu","@id":"https:\/\/www.welovecycling.com\/hu\/kozosseg-es-kultura\/a-mult-szazad-mentoautoja-a-bicikli\/#primaryimage","url":"https:\/\/d2p6e6u75xmxt8.cloudfront.net\/12\/2022\/12\/bicycle-ambulance-WW1.jpg3_-768x493-1.webp","contentUrl":"https:\/\/d2p6e6u75xmxt8.cloudfront.net\/12\/2022\/12\/bicycle-ambulance-WW1.jpg3_-768x493-1.webp","width":768,"height":493},{"@type":"BreadcrumbList","@id":"https:\/\/www.welovecycling.com\/hu\/kozosseg-es-kultura\/a-mult-szazad-mentoautoja-a-bicikli\/#breadcrumb","itemListElement":[{"@type":"ListItem","position":1,"name":"Home","item":"https:\/\/www.welovecycling.com\/hu\/"},{"@type":"ListItem","position":2,"name":"A m\u00falt sz\u00e1zad \u201cment\u0151aut\u00f3ja\u201d: a bicikli"}]},{"@type":"WebSite","@id":"https:\/\/www.welovecycling.com\/hu\/#website","url":"https:\/\/www.welovecycling.com\/hu\/","name":"\u0160koda We Love Cycling - Magyarorsz\u00e1g","description":"\u0160koda WeLoveCycling","potentialAction":[{"@type":"SearchAction","target":{"@type":"EntryPoint","urlTemplate":"https:\/\/www.welovecycling.com\/hu\/?s={search_term_string}"},"query-input":{"@type":"PropertyValueSpecification","valueRequired":true,"valueName":"search_term_string"}}],"inLanguage":"hu"},{"@type":"Person","@id":"https:\/\/www.welovecycling.com\/hu\/#\/schema\/person\/414a2aebf1801691a5320edb6468e194","name":"hegyizs","image":{"@type":"ImageObject","inLanguage":"hu","@id":"https:\/\/www.welovecycling.com\/hu\/#\/schema\/person\/image\/","url":"https:\/\/secure.gravatar.com\/avatar\/02cf8a7906b8cf90cecb4679defac7cfd33a1c2e3b88e4903d947f3bb58eedd3?s=96&d=mm&r=g","contentUrl":"https:\/\/secure.gravatar.com\/avatar\/02cf8a7906b8cf90cecb4679defac7cfd33a1c2e3b88e4903d947f3bb58eedd3?s=96&d=mm&r=g","caption":"hegyizs"},"url":"https:\/\/www.welovecycling.com\/hu\/author\/hegyizs\/"}]}},"_links":{"self":[{"href":"https:\/\/www.welovecycling.com\/hu\/wp-json\/wp\/v2\/posts\/16528","targetHints":{"allow":["GET"]}}],"collection":[{"href":"https:\/\/www.welovecycling.com\/hu\/wp-json\/wp\/v2\/posts"}],"about":[{"href":"https:\/\/www.welovecycling.com\/hu\/wp-json\/wp\/v2\/types\/post"}],"author":[{"embeddable":true,"href":"https:\/\/www.welovecycling.com\/hu\/wp-json\/wp\/v2\/users\/71"}],"replies":[{"embeddable":true,"href":"https:\/\/www.welovecycling.com\/hu\/wp-json\/wp\/v2\/comments?post=16528"}],"version-history":[{"count":1,"href":"https:\/\/www.welovecycling.com\/hu\/wp-json\/wp\/v2\/posts\/16528\/revisions"}],"predecessor-version":[{"id":16535,"href":"https:\/\/www.welovecycling.com\/hu\/wp-json\/wp\/v2\/posts\/16528\/revisions\/16535"}],"wp:featuredmedia":[{"embeddable":true,"href":"https:\/\/www.welovecycling.com\/hu\/wp-json\/wp\/v2\/media\/16529"}],"wp:attachment":[{"href":"https:\/\/www.welovecycling.com\/hu\/wp-json\/wp\/v2\/media?parent=16528"}],"wp:term":[{"taxonomy":"category","embeddable":true,"href":"https:\/\/www.welovecycling.com\/hu\/wp-json\/wp\/v2\/categories?post=16528"},{"taxonomy":"post_tag","embeddable":true,"href":"https:\/\/www.welovecycling.com\/hu\/wp-json\/wp\/v2\/tags?post=16528"},{"taxonomy":"global-categories","embeddable":true,"href":"https:\/\/www.welovecycling.com\/hu\/wp-json\/wp\/v2\/global-categories?post=16528"}],"curies":[{"name":"wp","href":"https:\/\/api.w.org\/{rel}","templated":true}]}}