{"id":16523,"date":"2022-12-08T08:00:29","date_gmt":"2022-12-08T06:00:29","guid":{"rendered":"https:\/\/www.welovecycling.com\/hu\/?p=16523"},"modified":"2022-12-02T16:18:55","modified_gmt":"2022-12-02T14:18:55","slug":"a-klimavaltozas-fenyegeto-hatasai-a-grand-tour-versenyekre","status":"publish","type":"post","link":"https:\/\/www.welovecycling.com\/hu\/orszaguti-kerekpar\/a-klimavaltozas-fenyegeto-hatasai-a-grand-tour-versenyekre\/","title":{"rendered":"A kl\u00edmav\u00e1ltoz\u00e1s fenyeget\u0151 hat\u00e1sai a Grand Tour versenyekre"},"content":{"rendered":"<p><strong>Az \u00e9ghajlatv\u00e1ltoz\u00e1s \u00f3ri\u00e1si hat\u00e1ssal van a vil\u00e1gunkra \u00e9s arra, ahogy \u00e9l\u00fcnk. R\u00e1ad\u00e1sul az, hogy a k\u00f6zelm\u00faltban Egyiptomban megrendezett COP 27 tal\u00e1lkoz\u00f3 r\u00e9sztvev\u0151i nem tudtak olyan meg\u00e1llapod\u00e1sra jutni, amely jelent\u0151sen visszaszor\u00edtan\u00e1 a glob\u00e1lis felmeleged\u00e9s \u00fctem\u00e9t, csak \u00fajabb jele annak, hogy a sok politikai d\u00f6nt\u00e9shoz\u00f3 csup\u00e1n besz\u00e9l, de a \u201esokkal fontosabb\u201d kereskedelmi \u00e9rdekek miatt nem teszi a dolg\u00e1t, \u00e9s nem fogadja el a bolyg\u00f3 megment\u00e9se szempontj\u00e1b\u00f3l hat\u00e9kony t\u00f6rv\u00e9nyeket.<\/strong><\/p>\n<p><!--more--><\/p>\n<p>B\u00e1r az \u00e9ghajlatv\u00e1ltoz\u00e1s okozta vil\u00e1gv\u00e9ge m\u00e9g mindig meglehet\u0151sen t\u00e1voli fenyeget\u00e9s, az erre utal\u00f3 bizony\u00edt\u00e9kok egyre csak gy\u0171lnek &#8211; \u00e9s ez bizony a profi ker\u00e9kp\u00e1roz\u00e1sra is hat\u00e1ssal van. A francia Cofidis csapat versenyz\u0151je, Guillaume Martin szerint tal\u00e1n meg kell majd v\u00e1ltoztatni a World Tour orsz\u00e1g\u00fati versenyek menetrendj\u00e9t, hogy a hossz\u00fa versenyek, k\u00fcl\u00f6n\u00f6sen a h\u00e1romhetes Grand Tour-ok idej\u00e9n jellemz\u0151, glob\u00e1lis felmeleged\u00e9s okozta sz\u00e9ls\u0151s\u00e9ges id\u0151j\u00e1r\u00e1si esem\u00e9nyek ne vesz\u00e9lyeztess\u00e9k se a versenyz\u0151k se a n\u00e9z\u0151k eg\u00e9szs\u00e9g\u00e9t.<em> &#8220;Nagyon nagy probl\u00e9m\u00e1k vannak&#8221;<\/em> &#8211; mondta Martin a Reporterre-nek. <em>&#8220;Legink\u00e1bb a 2021-es Vuelta a Espan\u00e1ra eml\u00e9kszem. T\u00f6bb napon kereszt\u00fcl elk\u00e9peszt\u0151 h\u0151m\u00e9rs\u00e9kletben kellett tekern\u00fcnk, f\u0151leg D\u00e9l-Spanyolorsz\u00e1gban&#8221;.<\/em><\/p>\n<p>Ezen a bizonyos Vuelt\u00e1n, az orsz\u00e1gban valaha m\u00e9rt legmagasabb h\u0151m\u00e9rs\u00e9klet nehez\u00edtette meg a versenyz\u0151k dolg\u00e1t:: 47,4 \u00b0C-os (117,3\u00b0F) melegben kellett tekerni\u00fck.<em> &#8220;Eml\u00e9kszem egy szakaszra, amikor a h\u0151m\u00e9r\u0151m nem akart 33 \u00b0C al\u00e1 cs\u00f6kkenni, m\u00e1sz\u00e1s k\u00f6zben pedig \u00e1tlagosan 39 \u00b0C-ot mutatott&#8221;<\/em> &#8211; mondta Martin. <em>&#8220;Egy pillanatra elgondolkodtam, mit is keresek itt. Extr\u00e9m er\u0151fesz\u00edt\u00e9seket produk\u00e1lok extr\u00e9m h\u0151m\u00e9rs\u00e9kletben, mik\u00f6zben a hat\u00f3s\u00e1gok azt tan\u00e1csolt\u00e1k a lakoss\u00e1gnak, hogy leh\u00fazott red\u0151ny\u00f6k mellett maradjanak otthon.&#8221;<\/em> A ker\u00e9kp\u00e1rsport rajong\u00f3i eml\u00e9kezhetnek a 2019-es Tour de France 19. szakasz\u00e1ra is, amikor a versenyt j\u00e9ges\u0151 \u00e9s f\u00f6ldcsuszaml\u00e1s miatt kellett le\u00e1ll\u00edtani, k\u00f6zvetlen\u00fcl az utols\u00f3 emelked\u0151 el\u0151tt. A f\u00f6ldcsuszaml\u00e1sok miatt a k\u00f6vetkez\u0151 napon k\u00e9t tov\u00e1bbi emelked\u0151t is \u00e9rv\u00e9nytelen\u00edtettek. A versenyt mindemellett egy h\u0151hull\u00e1m is s\u00fajtotta, a h\u0151m\u00e9rs\u00e9klet 40 \u00b0C f\u00f6l\u00e9 emelkedett (az aszfalt\u00faton ez a 60 \u00b0C-ot is el\u00e9rte). Az akkori vil\u00e1gbajnok, Peter Sagan gyilkosnak nevezte a k\u00f6r\u00fclm\u00e9nyeket, Steven Kruijswijk pedig \u00edgy nyilatkozott a riportereknek: <em>&#8220;Nem hiszem, hogy ez eg\u00e9szs\u00e9ges lenne&#8221;<\/em>.<\/p>\n<figure id=\"attachment_16155\" aria-describedby=\"caption-attachment-16155\" style=\"width: 990px\" class=\"wp-caption alignnone\"><a href=\"https:\/\/d2p6e6u75xmxt8.cloudfront.net\/12\/2022\/09\/2022-La-Vuelta-Peloton-profimedia-0721746977-CVR.jpg\"><img loading=\"lazy\" decoding=\"async\" class=\"wp-image-16155 size-full\" src=\"https:\/\/d2p6e6u75xmxt8.cloudfront.net\/12\/2022\/09\/2022-La-Vuelta-Peloton-profimedia-0721746977-CVR.jpg\" alt=\"2022 La Vuelta\" width=\"990\" height=\"660\" srcset=\"https:\/\/d2p6e6u75xmxt8.cloudfront.net\/12\/2022\/09\/2022-La-Vuelta-Peloton-profimedia-0721746977-CVR.jpg 990w, https:\/\/d2p6e6u75xmxt8.cloudfront.net\/12\/2022\/09\/2022-La-Vuelta-Peloton-profimedia-0721746977-CVR-300x200.jpg 300w, https:\/\/d2p6e6u75xmxt8.cloudfront.net\/12\/2022\/09\/2022-La-Vuelta-Peloton-profimedia-0721746977-CVR-768x512.jpg 768w, https:\/\/d2p6e6u75xmxt8.cloudfront.net\/12\/2022\/09\/2022-La-Vuelta-Peloton-profimedia-0721746977-CVR-272x182.jpg 272w\" sizes=\"auto, (max-width: 990px) 100vw, 990px\" \/><\/a><figcaption id=\"caption-attachment-16155\" class=\"wp-caption-text\">A 2022-es La Vuelt\u00e1n a h\u0151m\u00e9rs\u00e9klet 60 \u00b0C f\u00f6l\u00e9 emelkedett az aszfalt\u00faton. \u00a9 Profimedia<\/figcaption><\/figure>\n<p>N\u00e9h\u00e1ny nappal k\u00e9s\u0151bb \u00e1rv\u00edz s\u00fajtotta a Tour of Britain-t, r\u00e1ad\u00e1sul pont azon a p\u00e1ly\u00e1n, ahol k\u00e9s\u0151bb a UCI vil\u00e1gbajnoks\u00e1got rendezt\u00e9k volna. Az Elite Men\u2019s Road Race-en is hasonl\u00f3 volt a helyzet. Ott a szakad\u00f3 es\u0151 miatt kellett t\u00f6r\u00f6lni a tervezett \u00fatvonal egyes szakaszait. Igen, a rossz id\u0151j\u00e1r\u00e1s n\u00e9ha megesik, kiv\u00e9ve a fontos sportesem\u00e9nyeken, mert akkor rendszeresen. Guillaume Martin szerint a versenyek menetrendj\u00e9t &#8211; k\u00fcl\u00f6n\u00f6sen a Vuelt\u00e1\u00e9t \u00e9s a Tour de France-\u00e9t, melyeket ny\u00e1r k\u00f6zep\u00e9n rendeznek &#8211; meg kell v\u00e1ltoztatni. <em>&#8220;Konkr\u00e9tan, a kl\u00edmav\u00e1ltoz\u00e1s befoly\u00e1solja a versenyek szervez\u00e9s\u00e9t&#8221;<\/em> &#8211; mondta. <em>&#8220;Nem vagyok benne biztos, hogy a Tour de France-t tov\u00e1bbra is j\u00faliusban kellene megrendezni. A versenyz\u0151k \u00e9s a n\u00e9z\u0151k eg\u00e9szs\u00e9ge f\u00fcgg ett\u0151l&#8221;.<\/em><\/p>\n<p>A ker\u00e9kp\u00e1rsportot ir\u00e1ny\u00edt\u00f3 UCI a m\u00falt h\u00e9ten megtette az els\u0151 l\u00e9p\u00e9st, amikor is bejelentette, hogy 80 al\u00e1\u00edr\u00f3t tal\u00e1lt az \u00e9ghajlatv\u00e9delmi pet\u00edci\u00f3j\u00e1hoz, k\u00f6zt\u00fck a Tour de France \u00e9s a Giro d&#8217;Italia szervez\u0151it, az ASO-t, az RCS Sportot, a Jumbo-Vism\u00e1t, a Trek-Segafred\u00f3t \u00e9s az EF Education-EasyPostot.<\/p>\n<p>Az al\u00e1\u00edr\u00f3k v\u00e1llalj\u00e1k, hogy <em>&#8220;cs\u00f6kkentik sport\u00e1gunk k\u00f6rnyezetre gyakorolt hat\u00e1s\u00e1t, \u00e9s a fenntarthat\u00f3 fejl\u0151d\u00e9s \u00e9rdek\u00e9ben n\u00e9pszer\u0171s\u00edtik a ker\u00e9kp\u00e1roz\u00e1s fokozottabb haszn\u00e1lat\u00e1nak el\u0151nyeit&#8221;<\/em>. Emellett <em>&#8220;elismerik azokat a d\u00f6nt\u0151 l\u00e9p\u00e9seket, melyeket meg kell tenn\u00fcnk ahhoz, hogy sportunk 2030-ra gyors \u00e9s m\u00e9lyrehat\u00f3 kibocs\u00e1t\u00e1s-cs\u00f6kkent\u00e9st \u00e9rjen el&#8221;.<\/em><\/p>\n<p>Tov\u00e1bb\u00e1 meger\u0151s\u00edtik, hogy a glob\u00e1lis felmeleged\u00e9s \u00e9s az \u00e1ltala okozott sz\u00e9ls\u0151s\u00e9ges esem\u00e9nyek, p\u00e9ld\u00e1ul h\u0151hull\u00e1mok, \u00e1rvizek \u00e9s asz\u00e1lyok &#8220;<em>vesz\u00e9lyeztetik sportol\u00f3ink, n\u00e9z\u0151ink \u00e9s munkat\u00e1rsaink eg\u00e9szs\u00e9g\u00e9t \u00e9s j\u00f3l\u00e9t\u00e9t. Egy\u00fcttm\u0171k\u00f6dve fogunk dolgozni az \u00e9ghajlatv\u00e1ltoz\u00e1s k\u00f6vetkezm\u00e9nyei \u00e1ltal okozott hat\u00e1sok kezel\u00e9s\u00e9n \u00e9s a kock\u00e1zatok cs\u00f6kkent\u00e9s\u00e9n, t\u00e1mogatva sport\u00e1gunk \u00e9ghajlathoz t\u00f6rt\u00e9n\u0151 alkalmazkod\u00e1si strat\u00e9gi\u00e1j\u00e1t&#8221;.<\/em><\/p>\n<p>\u00cdg\u00e9retes szavak. Rem\u00e9lj\u00fck, be tudj\u00e1k tartani \u0151ket.<\/p>\n","protected":false},"excerpt":{"rendered":"<p>Az \u00e9ghajlatv\u00e1ltoz\u00e1s \u00f3ri\u00e1si hat\u00e1ssal van a vil\u00e1gunkra \u00e9s arra, ahogy \u00e9l\u00fcnk. R\u00e1ad\u00e1sul az, hogy a k\u00f6zelm\u00faltban Egyiptomban megrendezett COP 27 [&hellip;]<\/p>\n","protected":false},"author":71,"featured_media":16525,"comment_status":"open","ping_status":"open","sticky":false,"template":"","format":"standard","meta":{"footnotes":""},"categories":[8],"tags":[],"global-categories":[],"class_list":["post-16523","post","type-post","status-publish","format-standard","has-post-thumbnail","hentry","category-orszaguti-kerekpar"],"yoast_head":"<!-- This site is optimized with the Yoast SEO Premium plugin v25.3 (Yoast SEO v25.9) - https:\/\/yoast.com\/wordpress\/plugins\/seo\/ -->\n<title>A kl\u00edmav\u00e1ltoz\u00e1s fenyeget\u0151 hat\u00e1sai a Grand Tour versenyekre<\/title>\n<meta name=\"description\" content=\"Az \u00e9ghajlatv\u00e1ltoz\u00e1s \u00f3ri\u00e1si hat\u00e1ssal van a vil\u00e1gunkra \u00e9s arra, ahogy \u00e9l\u00fcnk. R\u00e1ad\u00e1sul az, hogy a k\u00f6zelm\u00faltban Egyiptomban megrendezett COP 27 tal\u00e1lkoz\u00f3 r\u00e9sztvev\u0151i nem tudtak olyan meg\u00e1llapod\u00e1sra jutni, amely jelent\u0151sen visszaszor\u00edtan\u00e1 a glob\u00e1lis felmeleged\u00e9s \u00fctem\u00e9t, csak \u00fajabb jele annak, hogy a sok politikai d\u00f6nt\u00e9shoz\u00f3 csup\u00e1n besz\u00e9l, de a \u201esokkal fontosabb\u201d kereskedelmi \u00e9rdekek miatt nem teszi a dolg\u00e1t, \u00e9s nem fogadja el a bolyg\u00f3 megment\u00e9se szempontj\u00e1b\u00f3l hat\u00e9kony t\u00f6rv\u00e9nyeket.\" \/>\n<meta name=\"robots\" content=\"index, follow, max-snippet:-1, max-image-preview:large, max-video-preview:-1\" \/>\n<link rel=\"canonical\" href=\"https:\/\/www.welovecycling.com\/hu\/orszaguti-kerekpar\/a-klimavaltozas-fenyegeto-hatasai-a-grand-tour-versenyekre\/\" \/>\n<meta property=\"og:locale\" content=\"hu_HU\" \/>\n<meta property=\"og:type\" content=\"article\" \/>\n<meta property=\"og:title\" content=\"A kl\u00edmav\u00e1ltoz\u00e1s fenyeget\u0151 hat\u00e1sai a Grand Tour versenyekre\" \/>\n<meta property=\"og:description\" content=\"Az \u00e9ghajlatv\u00e1ltoz\u00e1s \u00f3ri\u00e1si hat\u00e1ssal van a vil\u00e1gunkra \u00e9s arra, ahogy \u00e9l\u00fcnk. R\u00e1ad\u00e1sul az, hogy a k\u00f6zelm\u00faltban Egyiptomban megrendezett COP 27 tal\u00e1lkoz\u00f3 r\u00e9sztvev\u0151i nem tudtak olyan meg\u00e1llapod\u00e1sra jutni, amely jelent\u0151sen visszaszor\u00edtan\u00e1 a glob\u00e1lis felmeleged\u00e9s \u00fctem\u00e9t, csak \u00fajabb jele annak, hogy a sok politikai d\u00f6nt\u00e9shoz\u00f3 csup\u00e1n besz\u00e9l, de a \u201esokkal fontosabb\u201d kereskedelmi \u00e9rdekek miatt nem teszi a dolg\u00e1t, \u00e9s nem fogadja el a bolyg\u00f3 megment\u00e9se szempontj\u00e1b\u00f3l hat\u00e9kony t\u00f6rv\u00e9nyeket.\" \/>\n<meta property=\"og:url\" content=\"https:\/\/www.welovecycling.com\/hu\/orszaguti-kerekpar\/a-klimavaltozas-fenyegeto-hatasai-a-grand-tour-versenyekre\/\" \/>\n<meta property=\"og:site_name\" content=\"\u0160koda We Love Cycling - Magyarorsz\u00e1g\" \/>\n<meta property=\"article:publisher\" content=\"https:\/\/www.facebook.com\/WeLoveCyclingHungary\/\" \/>\n<meta property=\"article:published_time\" content=\"2022-12-08T06:00:29+00:00\" \/>\n<meta property=\"og:image\" content=\"https:\/\/d2p6e6u75xmxt8.cloudfront.net\/12\/2022\/12\/2021-La-Vuelta-Peloton-profimedia-0470568524-CVR.webp\" \/>\n\t<meta property=\"og:image:width\" content=\"990\" \/>\n\t<meta property=\"og:image:height\" content=\"660\" \/>\n\t<meta property=\"og:image:type\" content=\"image\/webp\" \/>\n<meta name=\"author\" content=\"hegyizs\" \/>\n<meta name=\"twitter:card\" content=\"summary_large_image\" \/>\n<meta name=\"twitter:label1\" content=\"Written by\" \/>\n\t<meta name=\"twitter:data1\" content=\"Siegfried Mortkowitz\" \/>\n\t<meta name=\"twitter:label2\" content=\"Est. reading time\" \/>\n\t<meta name=\"twitter:data2\" content=\"5\" \/>\n<script type=\"application\/ld+json\" class=\"yoast-schema-graph\">{\"@context\":\"https:\/\/schema.org\",\"@graph\":[{\"@type\":\"WebPage\",\"@id\":\"https:\/\/www.welovecycling.com\/hu\/orszaguti-kerekpar\/a-klimavaltozas-fenyegeto-hatasai-a-grand-tour-versenyekre\/\",\"url\":\"https:\/\/www.welovecycling.com\/hu\/orszaguti-kerekpar\/a-klimavaltozas-fenyegeto-hatasai-a-grand-tour-versenyekre\/\",\"name\":\"A kl\u00edmav\u00e1ltoz\u00e1s fenyeget\u0151 hat\u00e1sai a Grand Tour versenyekre\",\"isPartOf\":{\"@id\":\"https:\/\/www.welovecycling.com\/hu\/#website\"},\"primaryImageOfPage\":{\"@id\":\"https:\/\/www.welovecycling.com\/hu\/orszaguti-kerekpar\/a-klimavaltozas-fenyegeto-hatasai-a-grand-tour-versenyekre\/#primaryimage\"},\"image\":{\"@id\":\"https:\/\/www.welovecycling.com\/hu\/orszaguti-kerekpar\/a-klimavaltozas-fenyegeto-hatasai-a-grand-tour-versenyekre\/#primaryimage\"},\"thumbnailUrl\":\"https:\/\/d2p6e6u75xmxt8.cloudfront.net\/12\/2022\/12\/2021-La-Vuelta-Peloton-profimedia-0470568524-CVR.webp\",\"datePublished\":\"2022-12-08T06:00:29+00:00\",\"author\":{\"@id\":\"https:\/\/www.welovecycling.com\/hu\/#\/schema\/person\/414a2aebf1801691a5320edb6468e194\"},\"description\":\"Az \u00e9ghajlatv\u00e1ltoz\u00e1s \u00f3ri\u00e1si hat\u00e1ssal van a vil\u00e1gunkra \u00e9s arra, ahogy \u00e9l\u00fcnk. R\u00e1ad\u00e1sul az, hogy a k\u00f6zelm\u00faltban Egyiptomban megrendezett COP 27 tal\u00e1lkoz\u00f3 r\u00e9sztvev\u0151i nem tudtak olyan meg\u00e1llapod\u00e1sra jutni, amely jelent\u0151sen visszaszor\u00edtan\u00e1 a glob\u00e1lis felmeleged\u00e9s \u00fctem\u00e9t, csak \u00fajabb jele annak, hogy a sok politikai d\u00f6nt\u00e9shoz\u00f3 csup\u00e1n besz\u00e9l, de a \u201esokkal fontosabb\u201d kereskedelmi \u00e9rdekek miatt nem teszi a dolg\u00e1t, \u00e9s nem fogadja el a bolyg\u00f3 megment\u00e9se szempontj\u00e1b\u00f3l hat\u00e9kony t\u00f6rv\u00e9nyeket.\",\"breadcrumb\":{\"@id\":\"https:\/\/www.welovecycling.com\/hu\/orszaguti-kerekpar\/a-klimavaltozas-fenyegeto-hatasai-a-grand-tour-versenyekre\/#breadcrumb\"},\"inLanguage\":\"hu\",\"potentialAction\":[{\"@type\":\"ReadAction\",\"target\":[\"https:\/\/www.welovecycling.com\/hu\/orszaguti-kerekpar\/a-klimavaltozas-fenyegeto-hatasai-a-grand-tour-versenyekre\/\"]}]},{\"@type\":\"ImageObject\",\"inLanguage\":\"hu\",\"@id\":\"https:\/\/www.welovecycling.com\/hu\/orszaguti-kerekpar\/a-klimavaltozas-fenyegeto-hatasai-a-grand-tour-versenyekre\/#primaryimage\",\"url\":\"https:\/\/d2p6e6u75xmxt8.cloudfront.net\/12\/2022\/12\/2021-La-Vuelta-Peloton-profimedia-0470568524-CVR.webp\",\"contentUrl\":\"https:\/\/d2p6e6u75xmxt8.cloudfront.net\/12\/2022\/12\/2021-La-Vuelta-Peloton-profimedia-0470568524-CVR.webp\",\"width\":990,\"height\":660,\"caption\":\"La Vuelta 2021\"},{\"@type\":\"BreadcrumbList\",\"@id\":\"https:\/\/www.welovecycling.com\/hu\/orszaguti-kerekpar\/a-klimavaltozas-fenyegeto-hatasai-a-grand-tour-versenyekre\/#breadcrumb\",\"itemListElement\":[{\"@type\":\"ListItem\",\"position\":1,\"name\":\"Home\",\"item\":\"https:\/\/www.welovecycling.com\/hu\/\"},{\"@type\":\"ListItem\",\"position\":2,\"name\":\"A kl\u00edmav\u00e1ltoz\u00e1s fenyeget\u0151 hat\u00e1sai a Grand Tour versenyekre\"}]},{\"@type\":\"WebSite\",\"@id\":\"https:\/\/www.welovecycling.com\/hu\/#website\",\"url\":\"https:\/\/www.welovecycling.com\/hu\/\",\"name\":\"\u0160koda We Love Cycling - Magyarorsz\u00e1g\",\"description\":\"\u0160koda WeLoveCycling\",\"potentialAction\":[{\"@type\":\"SearchAction\",\"target\":{\"@type\":\"EntryPoint\",\"urlTemplate\":\"https:\/\/www.welovecycling.com\/hu\/?s={search_term_string}\"},\"query-input\":{\"@type\":\"PropertyValueSpecification\",\"valueRequired\":true,\"valueName\":\"search_term_string\"}}],\"inLanguage\":\"hu\"},{\"@type\":\"Person\",\"@id\":\"https:\/\/www.welovecycling.com\/hu\/#\/schema\/person\/414a2aebf1801691a5320edb6468e194\",\"name\":\"hegyizs\",\"image\":{\"@type\":\"ImageObject\",\"inLanguage\":\"hu\",\"@id\":\"https:\/\/www.welovecycling.com\/hu\/#\/schema\/person\/image\/\",\"url\":\"https:\/\/secure.gravatar.com\/avatar\/02cf8a7906b8cf90cecb4679defac7cfd33a1c2e3b88e4903d947f3bb58eedd3?s=96&d=mm&r=g\",\"contentUrl\":\"https:\/\/secure.gravatar.com\/avatar\/02cf8a7906b8cf90cecb4679defac7cfd33a1c2e3b88e4903d947f3bb58eedd3?s=96&d=mm&r=g\",\"caption\":\"hegyizs\"},\"url\":\"https:\/\/www.welovecycling.com\/hu\/author\/hegyizs\/\"}]}<\/script>\n<!-- \/ Yoast SEO Premium plugin. -->","yoast_head_json":{"title":"A kl\u00edmav\u00e1ltoz\u00e1s fenyeget\u0151 hat\u00e1sai a Grand Tour versenyekre","description":"Az \u00e9ghajlatv\u00e1ltoz\u00e1s \u00f3ri\u00e1si hat\u00e1ssal van a vil\u00e1gunkra \u00e9s arra, ahogy \u00e9l\u00fcnk. R\u00e1ad\u00e1sul az, hogy a k\u00f6zelm\u00faltban Egyiptomban megrendezett COP 27 tal\u00e1lkoz\u00f3 r\u00e9sztvev\u0151i nem tudtak olyan meg\u00e1llapod\u00e1sra jutni, amely jelent\u0151sen visszaszor\u00edtan\u00e1 a glob\u00e1lis felmeleged\u00e9s \u00fctem\u00e9t, csak \u00fajabb jele annak, hogy a sok politikai d\u00f6nt\u00e9shoz\u00f3 csup\u00e1n besz\u00e9l, de a \u201esokkal fontosabb\u201d kereskedelmi \u00e9rdekek miatt nem teszi a dolg\u00e1t, \u00e9s nem fogadja el a bolyg\u00f3 megment\u00e9se szempontj\u00e1b\u00f3l hat\u00e9kony t\u00f6rv\u00e9nyeket.","robots":{"index":"index","follow":"follow","max-snippet":"max-snippet:-1","max-image-preview":"max-image-preview:large","max-video-preview":"max-video-preview:-1"},"canonical":"https:\/\/www.welovecycling.com\/hu\/orszaguti-kerekpar\/a-klimavaltozas-fenyegeto-hatasai-a-grand-tour-versenyekre\/","og_locale":"hu_HU","og_type":"article","og_title":"A kl\u00edmav\u00e1ltoz\u00e1s fenyeget\u0151 hat\u00e1sai a Grand Tour versenyekre","og_description":"Az \u00e9ghajlatv\u00e1ltoz\u00e1s \u00f3ri\u00e1si hat\u00e1ssal van a vil\u00e1gunkra \u00e9s arra, ahogy \u00e9l\u00fcnk. R\u00e1ad\u00e1sul az, hogy a k\u00f6zelm\u00faltban Egyiptomban megrendezett COP 27 tal\u00e1lkoz\u00f3 r\u00e9sztvev\u0151i nem tudtak olyan meg\u00e1llapod\u00e1sra jutni, amely jelent\u0151sen visszaszor\u00edtan\u00e1 a glob\u00e1lis felmeleged\u00e9s \u00fctem\u00e9t, csak \u00fajabb jele annak, hogy a sok politikai d\u00f6nt\u00e9shoz\u00f3 csup\u00e1n besz\u00e9l, de a \u201esokkal fontosabb\u201d kereskedelmi \u00e9rdekek miatt nem teszi a dolg\u00e1t, \u00e9s nem fogadja el a bolyg\u00f3 megment\u00e9se szempontj\u00e1b\u00f3l hat\u00e9kony t\u00f6rv\u00e9nyeket.","og_url":"https:\/\/www.welovecycling.com\/hu\/orszaguti-kerekpar\/a-klimavaltozas-fenyegeto-hatasai-a-grand-tour-versenyekre\/","og_site_name":"\u0160koda We Love Cycling - Magyarorsz\u00e1g","article_publisher":"https:\/\/www.facebook.com\/WeLoveCyclingHungary\/","article_published_time":"2022-12-08T06:00:29+00:00","og_image":[{"width":990,"height":660,"url":"https:\/\/d2p6e6u75xmxt8.cloudfront.net\/12\/2022\/12\/2021-La-Vuelta-Peloton-profimedia-0470568524-CVR.webp","type":"image\/webp"}],"author":"hegyizs","twitter_card":"summary_large_image","twitter_misc":{"Written by":"Siegfried Mortkowitz","Est. reading time":"5"},"schema":{"@context":"https:\/\/schema.org","@graph":[{"@type":"WebPage","@id":"https:\/\/www.welovecycling.com\/hu\/orszaguti-kerekpar\/a-klimavaltozas-fenyegeto-hatasai-a-grand-tour-versenyekre\/","url":"https:\/\/www.welovecycling.com\/hu\/orszaguti-kerekpar\/a-klimavaltozas-fenyegeto-hatasai-a-grand-tour-versenyekre\/","name":"A kl\u00edmav\u00e1ltoz\u00e1s fenyeget\u0151 hat\u00e1sai a Grand Tour versenyekre","isPartOf":{"@id":"https:\/\/www.welovecycling.com\/hu\/#website"},"primaryImageOfPage":{"@id":"https:\/\/www.welovecycling.com\/hu\/orszaguti-kerekpar\/a-klimavaltozas-fenyegeto-hatasai-a-grand-tour-versenyekre\/#primaryimage"},"image":{"@id":"https:\/\/www.welovecycling.com\/hu\/orszaguti-kerekpar\/a-klimavaltozas-fenyegeto-hatasai-a-grand-tour-versenyekre\/#primaryimage"},"thumbnailUrl":"https:\/\/d2p6e6u75xmxt8.cloudfront.net\/12\/2022\/12\/2021-La-Vuelta-Peloton-profimedia-0470568524-CVR.webp","datePublished":"2022-12-08T06:00:29+00:00","author":{"@id":"https:\/\/www.welovecycling.com\/hu\/#\/schema\/person\/414a2aebf1801691a5320edb6468e194"},"description":"Az \u00e9ghajlatv\u00e1ltoz\u00e1s \u00f3ri\u00e1si hat\u00e1ssal van a vil\u00e1gunkra \u00e9s arra, ahogy \u00e9l\u00fcnk. R\u00e1ad\u00e1sul az, hogy a k\u00f6zelm\u00faltban Egyiptomban megrendezett COP 27 tal\u00e1lkoz\u00f3 r\u00e9sztvev\u0151i nem tudtak olyan meg\u00e1llapod\u00e1sra jutni, amely jelent\u0151sen visszaszor\u00edtan\u00e1 a glob\u00e1lis felmeleged\u00e9s \u00fctem\u00e9t, csak \u00fajabb jele annak, hogy a sok politikai d\u00f6nt\u00e9shoz\u00f3 csup\u00e1n besz\u00e9l, de a \u201esokkal fontosabb\u201d kereskedelmi \u00e9rdekek miatt nem teszi a dolg\u00e1t, \u00e9s nem fogadja el a bolyg\u00f3 megment\u00e9se szempontj\u00e1b\u00f3l hat\u00e9kony t\u00f6rv\u00e9nyeket.","breadcrumb":{"@id":"https:\/\/www.welovecycling.com\/hu\/orszaguti-kerekpar\/a-klimavaltozas-fenyegeto-hatasai-a-grand-tour-versenyekre\/#breadcrumb"},"inLanguage":"hu","potentialAction":[{"@type":"ReadAction","target":["https:\/\/www.welovecycling.com\/hu\/orszaguti-kerekpar\/a-klimavaltozas-fenyegeto-hatasai-a-grand-tour-versenyekre\/"]}]},{"@type":"ImageObject","inLanguage":"hu","@id":"https:\/\/www.welovecycling.com\/hu\/orszaguti-kerekpar\/a-klimavaltozas-fenyegeto-hatasai-a-grand-tour-versenyekre\/#primaryimage","url":"https:\/\/d2p6e6u75xmxt8.cloudfront.net\/12\/2022\/12\/2021-La-Vuelta-Peloton-profimedia-0470568524-CVR.webp","contentUrl":"https:\/\/d2p6e6u75xmxt8.cloudfront.net\/12\/2022\/12\/2021-La-Vuelta-Peloton-profimedia-0470568524-CVR.webp","width":990,"height":660,"caption":"La Vuelta 2021"},{"@type":"BreadcrumbList","@id":"https:\/\/www.welovecycling.com\/hu\/orszaguti-kerekpar\/a-klimavaltozas-fenyegeto-hatasai-a-grand-tour-versenyekre\/#breadcrumb","itemListElement":[{"@type":"ListItem","position":1,"name":"Home","item":"https:\/\/www.welovecycling.com\/hu\/"},{"@type":"ListItem","position":2,"name":"A kl\u00edmav\u00e1ltoz\u00e1s fenyeget\u0151 hat\u00e1sai a Grand Tour versenyekre"}]},{"@type":"WebSite","@id":"https:\/\/www.welovecycling.com\/hu\/#website","url":"https:\/\/www.welovecycling.com\/hu\/","name":"\u0160koda We Love Cycling - Magyarorsz\u00e1g","description":"\u0160koda WeLoveCycling","potentialAction":[{"@type":"SearchAction","target":{"@type":"EntryPoint","urlTemplate":"https:\/\/www.welovecycling.com\/hu\/?s={search_term_string}"},"query-input":{"@type":"PropertyValueSpecification","valueRequired":true,"valueName":"search_term_string"}}],"inLanguage":"hu"},{"@type":"Person","@id":"https:\/\/www.welovecycling.com\/hu\/#\/schema\/person\/414a2aebf1801691a5320edb6468e194","name":"hegyizs","image":{"@type":"ImageObject","inLanguage":"hu","@id":"https:\/\/www.welovecycling.com\/hu\/#\/schema\/person\/image\/","url":"https:\/\/secure.gravatar.com\/avatar\/02cf8a7906b8cf90cecb4679defac7cfd33a1c2e3b88e4903d947f3bb58eedd3?s=96&d=mm&r=g","contentUrl":"https:\/\/secure.gravatar.com\/avatar\/02cf8a7906b8cf90cecb4679defac7cfd33a1c2e3b88e4903d947f3bb58eedd3?s=96&d=mm&r=g","caption":"hegyizs"},"url":"https:\/\/www.welovecycling.com\/hu\/author\/hegyizs\/"}]}},"_links":{"self":[{"href":"https:\/\/www.welovecycling.com\/hu\/wp-json\/wp\/v2\/posts\/16523","targetHints":{"allow":["GET"]}}],"collection":[{"href":"https:\/\/www.welovecycling.com\/hu\/wp-json\/wp\/v2\/posts"}],"about":[{"href":"https:\/\/www.welovecycling.com\/hu\/wp-json\/wp\/v2\/types\/post"}],"author":[{"embeddable":true,"href":"https:\/\/www.welovecycling.com\/hu\/wp-json\/wp\/v2\/users\/71"}],"replies":[{"embeddable":true,"href":"https:\/\/www.welovecycling.com\/hu\/wp-json\/wp\/v2\/comments?post=16523"}],"version-history":[{"count":2,"href":"https:\/\/www.welovecycling.com\/hu\/wp-json\/wp\/v2\/posts\/16523\/revisions"}],"predecessor-version":[{"id":16526,"href":"https:\/\/www.welovecycling.com\/hu\/wp-json\/wp\/v2\/posts\/16523\/revisions\/16526"}],"wp:featuredmedia":[{"embeddable":true,"href":"https:\/\/www.welovecycling.com\/hu\/wp-json\/wp\/v2\/media\/16525"}],"wp:attachment":[{"href":"https:\/\/www.welovecycling.com\/hu\/wp-json\/wp\/v2\/media?parent=16523"}],"wp:term":[{"taxonomy":"category","embeddable":true,"href":"https:\/\/www.welovecycling.com\/hu\/wp-json\/wp\/v2\/categories?post=16523"},{"taxonomy":"post_tag","embeddable":true,"href":"https:\/\/www.welovecycling.com\/hu\/wp-json\/wp\/v2\/tags?post=16523"},{"taxonomy":"global-categories","embeddable":true,"href":"https:\/\/www.welovecycling.com\/hu\/wp-json\/wp\/v2\/global-categories?post=16523"}],"curies":[{"name":"wp","href":"https:\/\/api.w.org\/{rel}","templated":true}]}}