{"id":16520,"date":"2022-12-05T08:00:59","date_gmt":"2022-12-05T06:00:59","guid":{"rendered":"https:\/\/www.welovecycling.com\/hu\/?p=16520"},"modified":"2022-12-02T16:14:47","modified_gmt":"2022-12-02T14:14:47","slug":"a-kerekparipar-szamokban-2022-es-adatok","status":"publish","type":"post","link":"https:\/\/www.welovecycling.com\/hu\/kozosseg-es-kultura\/a-kerekparipar-szamokban-2022-es-adatok\/","title":{"rendered":"A ker\u00e9kp\u00e1ripar sz\u00e1mokban \u2013 2022-es adatok"},"content":{"rendered":"<p><strong>K\u00f6zeled\u00fcnk a 2022-es \u00e9v v\u00e9g\u00e9hez, \u00edgy itt az \u00e9rt\u00e9kel\u00e9s ideje. Mennyire kedveztek az elm\u00falt h\u00f3napok a ker\u00e9kp\u00e1ripar sz\u00e1m\u00e1ra? Besz\u00e9ljenek a sz\u00e1mok!<\/strong><\/p>\n<p><!--more--><\/p>\n<h2><strong>Egyre n\u00f6vekszik a glob\u00e1lis ker\u00e9kp\u00e1rpiac<\/strong><\/h2>\n<p>A vil\u00e1gj\u00e1rv\u00e1ny okozta ell\u00e1t\u00e1si l\u00e1nc-v\u00e1ls\u00e1g ellen\u00e9re a ker\u00e9kp\u00e1ripar egyre csak n\u00f6vekszik. A glob\u00e1lis ker\u00e9kp\u00e1rpiacot 2021-ben 57,3 milli\u00e1rd eur\u00f3ra becs\u00fclt\u00e9k, 2022-ben azonban v\u00e1rhat\u00f3an el\u00e9ri a 63,36 milli\u00e1rd eur\u00f3t is. A szak\u00e9rt\u0151k tov\u00e1bb\u00e1 2022 \u00e9s 2030 k\u00f6z\u00f6tt \u00e9vi 8,2%-os n\u00f6veked\u00e9st j\u00f3solnak az ipar\u00e1gnak, mivel v\u00e1rhat\u00f3an egyre t\u00f6bb ember v\u00e1lasztja majd a ker\u00e9kp\u00e1roz\u00e1st, mint olyan mozg\u00e1sform\u00e1t, amely lehet\u0151v\u00e9 teszi a k\u00fcl\u00f6nb\u00f6z\u0151 betegs\u00e9gek, p\u00e9ld\u00e1ul a cukorbetegs\u00e9g, a sz\u00edvkoszor\u00fa\u00e9r-betegs\u00e9g, az elh\u00edz\u00e1s, stb. elleni k\u00fczdelmet. A nagym\u00e9rt\u00e9k\u0171 n\u00f6veked\u00e9s okai k\u00f6z\u00e9 tartozik t\u00f6bbek k\u00f6z\u00f6tt a digitaliz\u00e1ci\u00f3, az online v\u00e1s\u00e1rl\u00e1s, a k\u00f6z\u00f6ss\u00e9gi m\u00e9dia \u00e9s a mobiltelefonos alkalmaz\u00e1sok terjed\u00e9se is, melyek t\u00e1mogatj\u00e1k a keresletet az\u00e1ltal, hogy k\u00e9nyelmesebb\u00e9 teszik a fogyaszt\u00f3k sz\u00e1m\u00e1ra az ig\u00e9nyeiknek megfelel\u0151 term\u00e9kek megtal\u00e1l\u00e1s\u00e1t \u00e9s megv\u00e1s\u00e1rl\u00e1s\u00e1t. Emellett a ker\u00e9kp\u00e1rutak infrastrukt\u00far\u00e1j\u00e1nak b\u0151v\u00edt\u00e9se, valamint a GPS-eszk\u00f6z\u00f6k fejl\u0151d\u00e9se sz\u00e1mos orsz\u00e1gban hozz\u00e1j\u00e1rult a lelkes ker\u00e9kp\u00e1rosok online k\u00f6z\u00f6ss\u00e9geinek kialakul\u00e1s\u00e1hoz.<\/p>\n<h2><strong>Tov\u00e1bbra is nagy sz\u00e1mban \u00e9rt\u00e9kes\u00edtik az orsz\u00e1g\u00fati ker\u00e9kp\u00e1rokat<\/strong><\/h2>\n<p>2021-ben a bev\u00e9telek t\u00f6bb mint 40%-a az orsz\u00e1g\u00fati ker\u00e9kp\u00e1rok elad\u00e1s\u00e1b\u00f3l sz\u00e1rmazott, \u00e9s v\u00e1rhat\u00f3an a k\u00f6vetkez\u0151 \u00e9vekben is ez a szegmens marad majd f\u00f6l\u00e9nyben. Azonban, meglep\u0151 m\u00f3don, az elad\u00e1sok 22,3%-\u00e1t a tehersz\u00e1ll\u00edt\u00f3 ker\u00e9kp\u00e1rok tett\u00e9k ki. A r\u00f6vidt\u00e1v\u00fa sz\u00e1ll\u00edt\u00e1sok eset\u00e9ben egyre t\u00f6bben prefer\u00e1lj\u00e1k a motoriz\u00e1lt sz\u00e1ll\u00edt\u00e1s CO2-kibocs\u00e1t\u00e1smentes alternat\u00edv\u00e1it.<\/p>\n<h2><strong>Az offline \u00fczletek\u00e9 az elad\u00e1sok 50%-a <\/strong><\/h2>\n<p>B\u00e1r 2021-ben a ker\u00e9kp\u00e1rok fel\u00e9t az offline \u00fczletek adt\u00e1k el, az \u00e9rt\u00e9kes\u00edt\u00e9si csatorn\u00e1k szerint id\u00e9n \u00e9s a k\u00f6vetkez\u0151 \u00e9vekben is az online szegmensek glob\u00e1lis n\u00f6veked\u00e9se v\u00e1rhat\u00f3, f\u0151k\u00e9nt az internethaszn\u00e1lat \u00e9s az okostelefonok n\u00f6vekv\u0151 elterjedts\u00e9ge miatt, melyek sz\u00e1ma az elm\u00falt \u00e9vtizedben megh\u00e1romszoroz\u00f3dott a felt\u00f6rekv\u0151 gazdas\u00e1gokban. Az olyan piacok, mint Braz\u00edlia, K\u00edna, India \u00e9s Mexik\u00f3 pedig v\u00e1rhat\u00f3an nagyobb hangs\u00falyt fognak fektetni a fogyaszt\u00f3k online \u00e1ruh\u00e1zakba val\u00f3 bevon\u00e1s\u00e1ba.<\/p>\n<h2><strong>2022 v\u00e9g\u00e9re t\u00f6bb mint 100 milli\u00f3 ker\u00e9kp\u00e1rt fognak legy\u00e1rtani<\/strong><\/h2>\n<p>A hat\u00e9konyabb gy\u00e1rt\u00e1si folyamatok \u00e9s a tov\u00e1bbfejlesztett gy\u00e1rt\u00e1si technol\u00f3gi\u00e1k eredm\u00e9nyek\u00e9nt ma m\u00e1r t\u00f6bb ker\u00e9kp\u00e1r gy\u00e1rthat\u00f3, r\u00e1ad\u00e1sul alacsonyabb k\u00f6lts\u00e9gek mellett. A becsl\u00e9sek szerint 2022 v\u00e9g\u00e9re t\u00f6bb mint 100 milli\u00f3 ker\u00e9kp\u00e1rt fognak legy\u00e1rtani. A ker\u00e9kp\u00e1rpiacot ir\u00e1ny\u00edt\u00f3 kulcsszerepl\u0151k k\u00f6z\u00e9 tartozik az Accell Group, a Dorel Industries Inc., az Avon Cycles Ltd., a Giant Bicycles, a Merida Industry Co., Ltd., a SCOTT Sports SA \u00e9s a Trek Bicycle Corporation.<\/p>\n<h2><strong>A glob\u00e1lis ker\u00e9kp\u00e1rpiac v\u00e1rhat\u00f3an m\u00e9g tov\u00e1bb fog n\u00f6vekedni<\/strong><\/h2>\n<p>Tekintettel a vil\u00e1g n\u00e9pess\u00e9g\u00e9nek n\u00f6veked\u00e9s\u00e9re, a benzin\u00e1rak emelked\u00e9s\u00e9re \u00e9s a ker\u00e9kp\u00e1r megfizethet\u0151s\u00e9g\u00e9re, v\u00e1rhat\u00f3an egyre t\u00f6bben fogj\u00e1k a ker\u00e9kp\u00e1ros k\u00f6zleked\u00e9st v\u00e1lasztani az aut\u00f3vezet\u00e9s helyett. Ennek f\u00e9ny\u00e9ben a glob\u00e1lis ker\u00e9kp\u00e1rpiac \u00e9rt\u00e9ke a jelenlegi 63,36 milli\u00e1rd eur\u00f3r\u00f3l 2028-ra ak\u00e1r 90 milli\u00e1rd eur\u00f3ra n\u0151het.<\/p>\n<h2><strong>Az e-ker\u00e9kp\u00e1rok \u00e9rt\u00e9kes\u00edt\u00e9se is n\u0151ni fog<\/strong><\/h2>\n<p>Az e-ker\u00e9kp\u00e1rok piaca jelent\u0151sen n\u00f6vekszik. A szak\u00e9rt\u0151k j\u00f3slatai szerint, az ilyen ker\u00e9kp\u00e1rok glob\u00e1lis \u00e9rt\u00e9kes\u00edt\u00e9se 2025-re el\u00e9rheti a 26,3 milli\u00e1rd eur\u00f3t. Ennek oka, hogy az e-bring\u00e1k megfizethet\u0151s\u00e9g\u00e9nek \u00e9s k\u00e9nyelm\u00e9nek k\u00f6sz\u00f6nhet\u0151en, ez a k\u00f6zleked\u00e9si eszk\u00f6z v\u00e1lik az ing\u00e1z\u00f3k kedvenc\u00e9v\u00e9.<\/p>\n<h2><strong>2022-ben 1 milli\u00e1rd ker\u00e9kp\u00e1r van a vil\u00e1gon<\/strong><\/h2>\n<p>Gondoln\u00e1d, hogy ilyen sok bringa j\u00e1rja az utakat? A becsl\u00e9sek szerint csak K\u00edn\u00e1ban k\u00f6r\u00fclbel\u00fcl 450 milli\u00f3 ker\u00e9kp\u00e1r k\u00f6zlekedik. A m\u00e1sik legnagyobb piac az USA 100 milli\u00f3 biciklivel, majd Jap\u00e1n 72 milli\u00f3val.<\/p>\n<h2><strong>2022-ben t\u00f6bb ker\u00e9kp\u00e1rral rendelkeznek az eur\u00f3pai polg\u00e1rok<\/strong><\/h2>\n<p>H\u00e1rom eur\u00f3pai orsz\u00e1g vezeti a 2022-es list\u00e1t a ker\u00e9kp\u00e1rtulajdonosok tekintet\u00e9ben. Hollandi\u00e1ban a lakoss\u00e1g 99%-a rendelkezik ker\u00e9kp\u00e1rral, azaz szinte minden \u00e1llampolg\u00e1rnak van biciklije. Hollandi\u00e1t a d\u00e1nok k\u00f6vetik, ahol a lakoss\u00e1g 80%-\u00e1nak van ker\u00e9kp\u00e1rja, majd a n\u00e9metek j\u00f6nnek 76%-kal. A ker\u00e9kp\u00e1rok sz\u00e1m\u00e1t tekintve N\u00e9metorsz\u00e1g \u00e1ll a lista \u00e9l\u00e9n 62 milli\u00f3 ker\u00e9kp\u00e1rral, majd Hollandia k\u00f6vetkezik 16,5 milli\u00f3 biciklivel, v\u00e9g\u00fcl Sv\u00e9dorsz\u00e1g 6 milli\u00f3val. Ezek a sz\u00e1madatok annyira tal\u00e1n nem is meglep\u0151ek, ha figyelembe vessz\u00fck, hogy N\u00e9metorsz\u00e1g lakoss\u00e1ga 84,4 milli\u00f3 f\u0151, szemben Hollandi\u00e1val (17,225 milli\u00f3) \u00e9s Sv\u00e9dorsz\u00e1ggal (10,25 milli\u00f3).<\/p>\n<h2><strong>2022-ben Lengyelorsz\u00e1gban n\u0151tt a legnagyobb m\u00e9rt\u00e9kben a h\u00e9tk\u00f6znapi ker\u00e9kp\u00e1ros forgalom<\/strong><\/h2>\n<p>Az eur\u00f3pai orsz\u00e1gok k\u00f6z\u00fcl Lengyelorsz\u00e1gban n\u0151tt a legnagyobb m\u00e9rt\u00e9kben (45%-kal) a h\u00e9tk\u00f6znapi ker\u00e9kp\u00e1ros forgalom, amelyet Olaszorsz\u00e1g (33%) \u00e9s Franciaorsz\u00e1g (32%) k\u00f6vet. Ezzel szemben Portug\u00e1li\u00e1ban, Finnorsz\u00e1gban \u00e9s \u00cdrorsz\u00e1gban 2022-ben kevesebben ker\u00e9kp\u00e1roztak, mint az el\u0151z\u0151 \u00e9vekben. A h\u00e9tv\u00e9gi ker\u00e9kp\u00e1roz\u00e1s minden eur\u00f3pai orsz\u00e1gban tov\u00e1bbra is stabilan n\u00f6vekszik. A n\u00f6veked\u00e9s m\u00e9rt\u00e9ke Angli\u00e1ban a legjelent\u0151sebb, ahol a vizsg\u00e1lt id\u0151szakban, 2019 \u00e9s 2022 k\u00f6z\u00f6tt 64%-os n\u00f6veked\u00e9s volt tapasztalhat\u00f3.<\/p>\n","protected":false},"excerpt":{"rendered":"<p>K\u00f6zeled\u00fcnk a 2022-es \u00e9v v\u00e9g\u00e9hez, \u00edgy itt az \u00e9rt\u00e9kel\u00e9s ideje. Mennyire kedveztek az elm\u00falt h\u00f3napok a ker\u00e9kp\u00e1ripar sz\u00e1m\u00e1ra? Besz\u00e9ljenek a [&hellip;]<\/p>\n","protected":false},"author":71,"featured_media":16521,"comment_status":"open","ping_status":"open","sticky":false,"template":"","format":"standard","meta":{"footnotes":""},"categories":[12],"tags":[],"global-categories":[],"class_list":["post-16520","post","type-post","status-publish","format-standard","has-post-thumbnail","hentry","category-kozosseg-es-kultura"],"yoast_head":"<!-- This site is optimized with the Yoast SEO Premium plugin v25.3 (Yoast SEO v25.9) - https:\/\/yoast.com\/wordpress\/plugins\/seo\/ -->\n<title>A ker\u00e9kp\u00e1ripar sz\u00e1mokban \u2013 2022-es adatok<\/title>\n<meta name=\"description\" content=\"K\u00f6zeled\u00fcnk a 2022-es \u00e9v v\u00e9g\u00e9hez, \u00edgy itt az \u00e9rt\u00e9kel\u00e9s ideje. Mennyire kedveztek az elm\u00falt h\u00f3napok a ker\u00e9kp\u00e1ripar sz\u00e1m\u00e1ra? Besz\u00e9ljenek a sz\u00e1mok!\" \/>\n<meta name=\"robots\" content=\"index, follow, max-snippet:-1, max-image-preview:large, max-video-preview:-1\" \/>\n<link rel=\"canonical\" href=\"https:\/\/www.welovecycling.com\/hu\/kozosseg-es-kultura\/a-kerekparipar-szamokban-2022-es-adatok\/\" \/>\n<meta property=\"og:locale\" content=\"hu_HU\" \/>\n<meta property=\"og:type\" content=\"article\" \/>\n<meta property=\"og:title\" content=\"A ker\u00e9kp\u00e1ripar sz\u00e1mokban \u2013 2022-es adatok\" \/>\n<meta property=\"og:description\" content=\"K\u00f6zeled\u00fcnk a 2022-es \u00e9v v\u00e9g\u00e9hez, \u00edgy itt az \u00e9rt\u00e9kel\u00e9s ideje. Mennyire kedveztek az elm\u00falt h\u00f3napok a ker\u00e9kp\u00e1ripar sz\u00e1m\u00e1ra? Besz\u00e9ljenek a sz\u00e1mok!\" \/>\n<meta property=\"og:url\" content=\"https:\/\/www.welovecycling.com\/hu\/kozosseg-es-kultura\/a-kerekparipar-szamokban-2022-es-adatok\/\" \/>\n<meta property=\"og:site_name\" content=\"\u0160koda We Love Cycling - Magyarorsz\u00e1g\" \/>\n<meta property=\"article:publisher\" content=\"https:\/\/www.facebook.com\/WeLoveCyclingHungary\/\" \/>\n<meta property=\"article:published_time\" content=\"2022-12-05T06:00:59+00:00\" \/>\n<meta property=\"og:image\" content=\"https:\/\/d2p6e6u75xmxt8.cloudfront.net\/12\/2022\/12\/Bicycle-shop-profimedia-0492406684-CVR.webp\" \/>\n\t<meta property=\"og:image:width\" content=\"900\" \/>\n\t<meta property=\"og:image:height\" content=\"600\" \/>\n\t<meta property=\"og:image:type\" content=\"image\/webp\" \/>\n<meta name=\"author\" content=\"hegyizs\" \/>\n<meta name=\"twitter:card\" content=\"summary_large_image\" \/>\n<meta name=\"twitter:label1\" content=\"Written by\" \/>\n\t<meta name=\"twitter:data1\" content=\"Adam Marsal\" \/>\n\t<meta name=\"twitter:label2\" content=\"Est. reading time\" \/>\n\t<meta name=\"twitter:data2\" content=\"5\" \/>\n<script type=\"application\/ld+json\" class=\"yoast-schema-graph\">{\"@context\":\"https:\/\/schema.org\",\"@graph\":[{\"@type\":\"WebPage\",\"@id\":\"https:\/\/www.welovecycling.com\/hu\/kozosseg-es-kultura\/a-kerekparipar-szamokban-2022-es-adatok\/\",\"url\":\"https:\/\/www.welovecycling.com\/hu\/kozosseg-es-kultura\/a-kerekparipar-szamokban-2022-es-adatok\/\",\"name\":\"A ker\u00e9kp\u00e1ripar sz\u00e1mokban \u2013 2022-es adatok\",\"isPartOf\":{\"@id\":\"https:\/\/www.welovecycling.com\/hu\/#website\"},\"primaryImageOfPage\":{\"@id\":\"https:\/\/www.welovecycling.com\/hu\/kozosseg-es-kultura\/a-kerekparipar-szamokban-2022-es-adatok\/#primaryimage\"},\"image\":{\"@id\":\"https:\/\/www.welovecycling.com\/hu\/kozosseg-es-kultura\/a-kerekparipar-szamokban-2022-es-adatok\/#primaryimage\"},\"thumbnailUrl\":\"https:\/\/d2p6e6u75xmxt8.cloudfront.net\/12\/2022\/12\/Bicycle-shop-profimedia-0492406684-CVR.webp\",\"datePublished\":\"2022-12-05T06:00:59+00:00\",\"author\":{\"@id\":\"https:\/\/www.welovecycling.com\/hu\/#\/schema\/person\/414a2aebf1801691a5320edb6468e194\"},\"description\":\"K\u00f6zeled\u00fcnk a 2022-es \u00e9v v\u00e9g\u00e9hez, \u00edgy itt az \u00e9rt\u00e9kel\u00e9s ideje. Mennyire kedveztek az elm\u00falt h\u00f3napok a ker\u00e9kp\u00e1ripar sz\u00e1m\u00e1ra? Besz\u00e9ljenek a sz\u00e1mok!\",\"breadcrumb\":{\"@id\":\"https:\/\/www.welovecycling.com\/hu\/kozosseg-es-kultura\/a-kerekparipar-szamokban-2022-es-adatok\/#breadcrumb\"},\"inLanguage\":\"hu\",\"potentialAction\":[{\"@type\":\"ReadAction\",\"target\":[\"https:\/\/www.welovecycling.com\/hu\/kozosseg-es-kultura\/a-kerekparipar-szamokban-2022-es-adatok\/\"]}]},{\"@type\":\"ImageObject\",\"inLanguage\":\"hu\",\"@id\":\"https:\/\/www.welovecycling.com\/hu\/kozosseg-es-kultura\/a-kerekparipar-szamokban-2022-es-adatok\/#primaryimage\",\"url\":\"https:\/\/d2p6e6u75xmxt8.cloudfront.net\/12\/2022\/12\/Bicycle-shop-profimedia-0492406684-CVR.webp\",\"contentUrl\":\"https:\/\/d2p6e6u75xmxt8.cloudfront.net\/12\/2022\/12\/Bicycle-shop-profimedia-0492406684-CVR.webp\",\"width\":900,\"height\":600,\"caption\":\"Bicycle shop\"},{\"@type\":\"BreadcrumbList\",\"@id\":\"https:\/\/www.welovecycling.com\/hu\/kozosseg-es-kultura\/a-kerekparipar-szamokban-2022-es-adatok\/#breadcrumb\",\"itemListElement\":[{\"@type\":\"ListItem\",\"position\":1,\"name\":\"Home\",\"item\":\"https:\/\/www.welovecycling.com\/hu\/\"},{\"@type\":\"ListItem\",\"position\":2,\"name\":\"A ker\u00e9kp\u00e1ripar sz\u00e1mokban \u2013 2022-es adatok\"}]},{\"@type\":\"WebSite\",\"@id\":\"https:\/\/www.welovecycling.com\/hu\/#website\",\"url\":\"https:\/\/www.welovecycling.com\/hu\/\",\"name\":\"\u0160koda We Love Cycling - Magyarorsz\u00e1g\",\"description\":\"\u0160koda WeLoveCycling\",\"potentialAction\":[{\"@type\":\"SearchAction\",\"target\":{\"@type\":\"EntryPoint\",\"urlTemplate\":\"https:\/\/www.welovecycling.com\/hu\/?s={search_term_string}\"},\"query-input\":{\"@type\":\"PropertyValueSpecification\",\"valueRequired\":true,\"valueName\":\"search_term_string\"}}],\"inLanguage\":\"hu\"},{\"@type\":\"Person\",\"@id\":\"https:\/\/www.welovecycling.com\/hu\/#\/schema\/person\/414a2aebf1801691a5320edb6468e194\",\"name\":\"hegyizs\",\"image\":{\"@type\":\"ImageObject\",\"inLanguage\":\"hu\",\"@id\":\"https:\/\/www.welovecycling.com\/hu\/#\/schema\/person\/image\/\",\"url\":\"https:\/\/secure.gravatar.com\/avatar\/02cf8a7906b8cf90cecb4679defac7cfd33a1c2e3b88e4903d947f3bb58eedd3?s=96&d=mm&r=g\",\"contentUrl\":\"https:\/\/secure.gravatar.com\/avatar\/02cf8a7906b8cf90cecb4679defac7cfd33a1c2e3b88e4903d947f3bb58eedd3?s=96&d=mm&r=g\",\"caption\":\"hegyizs\"},\"url\":\"https:\/\/www.welovecycling.com\/hu\/author\/hegyizs\/\"}]}<\/script>\n<!-- \/ Yoast SEO Premium plugin. -->","yoast_head_json":{"title":"A ker\u00e9kp\u00e1ripar sz\u00e1mokban \u2013 2022-es adatok","description":"K\u00f6zeled\u00fcnk a 2022-es \u00e9v v\u00e9g\u00e9hez, \u00edgy itt az \u00e9rt\u00e9kel\u00e9s ideje. Mennyire kedveztek az elm\u00falt h\u00f3napok a ker\u00e9kp\u00e1ripar sz\u00e1m\u00e1ra? Besz\u00e9ljenek a sz\u00e1mok!","robots":{"index":"index","follow":"follow","max-snippet":"max-snippet:-1","max-image-preview":"max-image-preview:large","max-video-preview":"max-video-preview:-1"},"canonical":"https:\/\/www.welovecycling.com\/hu\/kozosseg-es-kultura\/a-kerekparipar-szamokban-2022-es-adatok\/","og_locale":"hu_HU","og_type":"article","og_title":"A ker\u00e9kp\u00e1ripar sz\u00e1mokban \u2013 2022-es adatok","og_description":"K\u00f6zeled\u00fcnk a 2022-es \u00e9v v\u00e9g\u00e9hez, \u00edgy itt az \u00e9rt\u00e9kel\u00e9s ideje. Mennyire kedveztek az elm\u00falt h\u00f3napok a ker\u00e9kp\u00e1ripar sz\u00e1m\u00e1ra? Besz\u00e9ljenek a sz\u00e1mok!","og_url":"https:\/\/www.welovecycling.com\/hu\/kozosseg-es-kultura\/a-kerekparipar-szamokban-2022-es-adatok\/","og_site_name":"\u0160koda We Love Cycling - Magyarorsz\u00e1g","article_publisher":"https:\/\/www.facebook.com\/WeLoveCyclingHungary\/","article_published_time":"2022-12-05T06:00:59+00:00","og_image":[{"width":900,"height":600,"url":"https:\/\/d2p6e6u75xmxt8.cloudfront.net\/12\/2022\/12\/Bicycle-shop-profimedia-0492406684-CVR.webp","type":"image\/webp"}],"author":"hegyizs","twitter_card":"summary_large_image","twitter_misc":{"Written by":"Adam Marsal","Est. reading time":"5"},"schema":{"@context":"https:\/\/schema.org","@graph":[{"@type":"WebPage","@id":"https:\/\/www.welovecycling.com\/hu\/kozosseg-es-kultura\/a-kerekparipar-szamokban-2022-es-adatok\/","url":"https:\/\/www.welovecycling.com\/hu\/kozosseg-es-kultura\/a-kerekparipar-szamokban-2022-es-adatok\/","name":"A ker\u00e9kp\u00e1ripar sz\u00e1mokban \u2013 2022-es adatok","isPartOf":{"@id":"https:\/\/www.welovecycling.com\/hu\/#website"},"primaryImageOfPage":{"@id":"https:\/\/www.welovecycling.com\/hu\/kozosseg-es-kultura\/a-kerekparipar-szamokban-2022-es-adatok\/#primaryimage"},"image":{"@id":"https:\/\/www.welovecycling.com\/hu\/kozosseg-es-kultura\/a-kerekparipar-szamokban-2022-es-adatok\/#primaryimage"},"thumbnailUrl":"https:\/\/d2p6e6u75xmxt8.cloudfront.net\/12\/2022\/12\/Bicycle-shop-profimedia-0492406684-CVR.webp","datePublished":"2022-12-05T06:00:59+00:00","author":{"@id":"https:\/\/www.welovecycling.com\/hu\/#\/schema\/person\/414a2aebf1801691a5320edb6468e194"},"description":"K\u00f6zeled\u00fcnk a 2022-es \u00e9v v\u00e9g\u00e9hez, \u00edgy itt az \u00e9rt\u00e9kel\u00e9s ideje. Mennyire kedveztek az elm\u00falt h\u00f3napok a ker\u00e9kp\u00e1ripar sz\u00e1m\u00e1ra? Besz\u00e9ljenek a sz\u00e1mok!","breadcrumb":{"@id":"https:\/\/www.welovecycling.com\/hu\/kozosseg-es-kultura\/a-kerekparipar-szamokban-2022-es-adatok\/#breadcrumb"},"inLanguage":"hu","potentialAction":[{"@type":"ReadAction","target":["https:\/\/www.welovecycling.com\/hu\/kozosseg-es-kultura\/a-kerekparipar-szamokban-2022-es-adatok\/"]}]},{"@type":"ImageObject","inLanguage":"hu","@id":"https:\/\/www.welovecycling.com\/hu\/kozosseg-es-kultura\/a-kerekparipar-szamokban-2022-es-adatok\/#primaryimage","url":"https:\/\/d2p6e6u75xmxt8.cloudfront.net\/12\/2022\/12\/Bicycle-shop-profimedia-0492406684-CVR.webp","contentUrl":"https:\/\/d2p6e6u75xmxt8.cloudfront.net\/12\/2022\/12\/Bicycle-shop-profimedia-0492406684-CVR.webp","width":900,"height":600,"caption":"Bicycle shop"},{"@type":"BreadcrumbList","@id":"https:\/\/www.welovecycling.com\/hu\/kozosseg-es-kultura\/a-kerekparipar-szamokban-2022-es-adatok\/#breadcrumb","itemListElement":[{"@type":"ListItem","position":1,"name":"Home","item":"https:\/\/www.welovecycling.com\/hu\/"},{"@type":"ListItem","position":2,"name":"A ker\u00e9kp\u00e1ripar sz\u00e1mokban \u2013 2022-es adatok"}]},{"@type":"WebSite","@id":"https:\/\/www.welovecycling.com\/hu\/#website","url":"https:\/\/www.welovecycling.com\/hu\/","name":"\u0160koda We Love Cycling - Magyarorsz\u00e1g","description":"\u0160koda WeLoveCycling","potentialAction":[{"@type":"SearchAction","target":{"@type":"EntryPoint","urlTemplate":"https:\/\/www.welovecycling.com\/hu\/?s={search_term_string}"},"query-input":{"@type":"PropertyValueSpecification","valueRequired":true,"valueName":"search_term_string"}}],"inLanguage":"hu"},{"@type":"Person","@id":"https:\/\/www.welovecycling.com\/hu\/#\/schema\/person\/414a2aebf1801691a5320edb6468e194","name":"hegyizs","image":{"@type":"ImageObject","inLanguage":"hu","@id":"https:\/\/www.welovecycling.com\/hu\/#\/schema\/person\/image\/","url":"https:\/\/secure.gravatar.com\/avatar\/02cf8a7906b8cf90cecb4679defac7cfd33a1c2e3b88e4903d947f3bb58eedd3?s=96&d=mm&r=g","contentUrl":"https:\/\/secure.gravatar.com\/avatar\/02cf8a7906b8cf90cecb4679defac7cfd33a1c2e3b88e4903d947f3bb58eedd3?s=96&d=mm&r=g","caption":"hegyizs"},"url":"https:\/\/www.welovecycling.com\/hu\/author\/hegyizs\/"}]}},"_links":{"self":[{"href":"https:\/\/www.welovecycling.com\/hu\/wp-json\/wp\/v2\/posts\/16520","targetHints":{"allow":["GET"]}}],"collection":[{"href":"https:\/\/www.welovecycling.com\/hu\/wp-json\/wp\/v2\/posts"}],"about":[{"href":"https:\/\/www.welovecycling.com\/hu\/wp-json\/wp\/v2\/types\/post"}],"author":[{"embeddable":true,"href":"https:\/\/www.welovecycling.com\/hu\/wp-json\/wp\/v2\/users\/71"}],"replies":[{"embeddable":true,"href":"https:\/\/www.welovecycling.com\/hu\/wp-json\/wp\/v2\/comments?post=16520"}],"version-history":[{"count":1,"href":"https:\/\/www.welovecycling.com\/hu\/wp-json\/wp\/v2\/posts\/16520\/revisions"}],"predecessor-version":[{"id":16522,"href":"https:\/\/www.welovecycling.com\/hu\/wp-json\/wp\/v2\/posts\/16520\/revisions\/16522"}],"wp:featuredmedia":[{"embeddable":true,"href":"https:\/\/www.welovecycling.com\/hu\/wp-json\/wp\/v2\/media\/16521"}],"wp:attachment":[{"href":"https:\/\/www.welovecycling.com\/hu\/wp-json\/wp\/v2\/media?parent=16520"}],"wp:term":[{"taxonomy":"category","embeddable":true,"href":"https:\/\/www.welovecycling.com\/hu\/wp-json\/wp\/v2\/categories?post=16520"},{"taxonomy":"post_tag","embeddable":true,"href":"https:\/\/www.welovecycling.com\/hu\/wp-json\/wp\/v2\/tags?post=16520"},{"taxonomy":"global-categories","embeddable":true,"href":"https:\/\/www.welovecycling.com\/hu\/wp-json\/wp\/v2\/global-categories?post=16520"}],"curies":[{"name":"wp","href":"https:\/\/api.w.org\/{rel}","templated":true}]}}