{"id":16515,"date":"2022-12-02T15:15:00","date_gmt":"2022-12-02T13:15:00","guid":{"rendered":"https:\/\/www.welovecycling.com\/hu\/?p=16515"},"modified":"2022-12-02T15:15:00","modified_gmt":"2022-12-02T13:15:00","slug":"eldolt-a-tortenelem-soran-eloszor-nem-parizsban-lesz-a-tour-de-france-befutoja-2024-ben","status":"publish","type":"post","link":"https:\/\/www.welovecycling.com\/hu\/orszaguti-kerekpar\/eldolt-a-tortenelem-soran-eloszor-nem-parizsban-lesz-a-tour-de-france-befutoja-2024-ben\/","title":{"rendered":"Eld\u0151lt: a t\u00f6rt\u00e9nelem sor\u00e1n el\u0151sz\u00f6r nem P\u00e1rizsban lesz a Tour de France befut\u00f3ja 2024-ben!"},"content":{"rendered":"<p><strong>K\u00e9t \u00e9v m\u00falva ny\u00e1ron m\u00e1r az olimpia l\u00e1z\u00e1ban \u00e9g majd a francia f\u0151v\u00e1ros, \u00edgy a legnagyobb ker\u00e9kp\u00e1rverseny c\u00e9lja rendhagy\u00f3 m\u00f3don a Rivi\u00e9r\u00e1n, Nizz\u00e1ban lesz majd.<\/strong><!--more--><\/p>\n<p>A rendhagy\u00f3 esem\u00e9nyek rendhagy\u00f3 megold\u00e1sokat k\u00f6vetelnek \u2013 \u00edgy van ez a 2024-es p\u00e1rizsi olimpia \u00e9s a Tour de France eset\u00e9ben is. A francia k\u00f6rverseny egyik legfontosabb hagyom\u00e1nya, amib\u0151l a szervez\u0151k a patin\u00e1s viadal 120 \u00e9ves t\u00f6rt\u00e9nete alatt sosem engedtek, hogy a befut\u00f3 hagyom\u00e1nyosan P\u00e1rizsban van, a Champs-\u00c9lys\u00e9es \u00e9s a Diadal\u00edv \u201ef\u0151szerepl\u00e9s\u00e9vel\u201d megrendezett g\u00e1laetapon. 2024-ben viszont t\u00f6rt\u00e9nelem \u00edr\u00f3dik: a verseny nem a f\u0151v\u00e1rosban, hanem Nizz\u00e1ban z\u00e1rul majd, r\u00e1ad\u00e1sul egy egy\u00e9ni id\u0151futammal.<\/p>\n<figure id=\"attachment_16516\" aria-describedby=\"caption-attachment-16516\" style=\"width: 1024px\" class=\"wp-caption alignnone\"><img loading=\"lazy\" decoding=\"async\" class=\"size-large wp-image-16516\" src=\"https:\/\/d2p6e6u75xmxt8.cloudfront.net\/12\/2022\/12\/Une2JaoTV433zcQP567bg7-1024x682.webp\" alt=\"\" width=\"1024\" height=\"682\" srcset=\"https:\/\/d2p6e6u75xmxt8.cloudfront.net\/12\/2022\/12\/Une2JaoTV433zcQP567bg7-1024x682.webp 1024w, https:\/\/d2p6e6u75xmxt8.cloudfront.net\/12\/2022\/12\/Une2JaoTV433zcQP567bg7-300x200.webp 300w, https:\/\/d2p6e6u75xmxt8.cloudfront.net\/12\/2022\/12\/Une2JaoTV433zcQP567bg7-768x512.webp 768w, https:\/\/d2p6e6u75xmxt8.cloudfront.net\/12\/2022\/12\/Une2JaoTV433zcQP567bg7-1536x1024.webp 1536w, https:\/\/d2p6e6u75xmxt8.cloudfront.net\/12\/2022\/12\/Une2JaoTV433zcQP567bg7-1920x1280.webp 1920w, https:\/\/d2p6e6u75xmxt8.cloudfront.net\/12\/2022\/12\/Une2JaoTV433zcQP567bg7-272x182.webp 272w, https:\/\/d2p6e6u75xmxt8.cloudfront.net\/12\/2022\/12\/Une2JaoTV433zcQP567bg7.webp 2000w, https:\/\/d2p6e6u75xmxt8.cloudfront.net\/12\/2022\/12\/Une2JaoTV433zcQP567bg7-1920x1280.webp 1920w\" sizes=\"auto, (max-width: 1024px) 100vw, 1024px\" \/><figcaption id=\"caption-attachment-16516\" class=\"wp-caption-text\">Ilyen jelenetek biztosan nem lesznek k\u00e9t \u00e9v m\u00falva a Tour-z\u00e1r\u00f3etapon (fot\u00f3: Jan De Meuleneir\/PhotoNews)<\/figcaption><\/figure>\n<p>Ezt term\u00e9szetesen csak egy rendk\u00edv\u00fcl nyom\u00f3s ok indokolhatja, ami ez esetben meg is van: nem m\u00e1s, mint a \u201924-es p\u00e1rizsi olimpia. A k\u00e9t \u00e9v m\u00falva esed\u00e9kes ny\u00e1ri j\u00e1t\u00e9kok megnyit\u00f3\u00fcnneps\u00e9ge j\u00falius 26-\u00e1n lesz, alig 5 nappal a Tour z\u00e1r\u00e1sa ut\u00e1n, \u00e1m k\u00e9t ekkora volumen\u0171 vil\u00e1gesem\u00e9nyt ilyen r\u00f6vid \u00e1tfut\u00e1si id\u0151vel lehetetlen \u00f6sszehangolni, \u00edgy m\u00e1r j\u00f3 el\u0151re el kellett kezdeni dolgozni a megold\u00e1son. Ami meg is sz\u00fcletett, salamoni d\u00f6nt\u00e9ssel, m\u00e1s opci\u00f3 h\u00edj\u00e1n: 2024-ben el\u0151sz\u00f6r nem P\u00e1rizsban lesz a Tour utols\u00f3 szakasza. Helyette egy m\u00e1sik ikonikus francia helysz\u00edn, a Rivi\u00e9ra f\u0151v\u00e1rosak\u00e9nt is emlegetett Nizza lett a befut\u00f3; \u00e9s ha m\u00e1r \u00edgy esett, a szervez\u0151k dupl\u00e1n megcsavart\u00e1k a t\u00f6rt\u00e9netet: a f\u0151v\u00e1rost\u00f3l ezer kilom\u00e9terre d\u00e9lre fekv\u0151 \u00e9kszerdobozban r\u00e1ad\u00e1sul egy\u00e9ni id\u0151futammal z\u00e1rul a verseny, ilyesmire 1989, Greg LeMond \u00e9s Laurent Fignon legend\u00e1s csat\u00e1ja \u00f3ta nem volt p\u00e9lda a francia k\u00f6r\u00f6n.<\/p>\n<figure id=\"attachment_16517\" aria-describedby=\"caption-attachment-16517\" style=\"width: 1024px\" class=\"wp-caption alignnone\"><img loading=\"lazy\" decoding=\"async\" class=\"size-full wp-image-16517\" src=\"https:\/\/d2p6e6u75xmxt8.cloudfront.net\/12\/2022\/12\/01iht-FIGNON-jumbo.webp\" alt=\"\" width=\"1024\" height=\"723\" srcset=\"https:\/\/d2p6e6u75xmxt8.cloudfront.net\/12\/2022\/12\/01iht-FIGNON-jumbo.webp 1024w, https:\/\/d2p6e6u75xmxt8.cloudfront.net\/12\/2022\/12\/01iht-FIGNON-jumbo-300x212.webp 300w, https:\/\/d2p6e6u75xmxt8.cloudfront.net\/12\/2022\/12\/01iht-FIGNON-jumbo-768x542.webp 768w\" sizes=\"auto, (max-width: 1024px) 100vw, 1024px\" \/><figcaption id=\"caption-attachment-16517\" class=\"wp-caption-text\">Fignon \u00e9s Lemond (fot\u00f3: Lionel Cironneau\/Associated Press)<\/figcaption><\/figure>\n<p>Ezzel egy\u00fctt az a kuri\u00f3zum is megesett, hogy hamarabb der\u00fclt f\u00e9ny a c\u00e9lv\u00e1rosra, mint a rajtv\u00e1rosra, hiszen a hivatalos \u00fatvonalbemutat\u00f3 m\u00e9g v\u00e1rat mag\u00e1ra, \u00edgy egyel\u0151re csak azt tudni, hol v\u00e9gz\u0151dik majd a 2024-es Tour, azt nem, hogy honnan indul. A versenyjogokat birtokl\u00f3 ASO sportszervezet egy\u00e9bk\u00e9nt maga is a logisztikai megoldhatatlans\u00e1ggal indokolta a p\u00e1rizsi c\u00e9l lecser\u00e9l\u00e9s\u00e9t (mint mondt\u00e1k, lehetetlen n\u00e9h\u00e1ny nappal a vil\u00e1g legnagyobb sportesem\u00e9ny\u00e9nek sz\u00e1m\u00edt\u00f3 \u00f6tkarik\u00e1s j\u00e1t\u00e9kok kezdete el\u0151tt tet\u0151 al\u00e1 hozni ugyanott egy Tour-kaliber\u0171 verseny lez\u00e1r\u00e1s\u00e1t), az egy\u00e9ni id\u0151futamt\u00f3l pedig azt v\u00e1rj\u00e1k, hogy a h\u00e1romhetes verseny ak\u00e1r eg\u00e9szen az utols\u00f3 kilom\u00e9terekig ny\u00edlt maradhasson, mint anno az eml\u00edtett \u201989-es ki\u00edr\u00e1son.<\/p>\n<p>Ak\u00e1rhogy is: ezt \u00edgy, ebben a form\u00e1ban m\u00e1r most nagyon v\u00e1rjuk!<\/p>\n","protected":false},"excerpt":{"rendered":"<p>K\u00e9t \u00e9v m\u00falva ny\u00e1ron m\u00e1r az olimpia l\u00e1z\u00e1ban \u00e9g majd a francia f\u0151v\u00e1ros, \u00edgy a legnagyobb ker\u00e9kp\u00e1rverseny c\u00e9lja rendhagy\u00f3 m\u00f3don [&hellip;]<\/p>\n","protected":false},"author":71,"featured_media":16519,"comment_status":"open","ping_status":"open","sticky":false,"template":"","format":"standard","meta":{"footnotes":""},"categories":[8],"tags":[],"global-categories":[419],"class_list":["post-16515","post","type-post","status-publish","format-standard","has-post-thumbnail","hentry","category-orszaguti-kerekpar","global-categories-cycling"],"yoast_head":"<!-- This site is optimized with the Yoast SEO Premium plugin v25.3 (Yoast SEO v25.9) - https:\/\/yoast.com\/wordpress\/plugins\/seo\/ -->\n<title>Eld\u0151lt: a t\u00f6rt\u00e9nelem sor\u00e1n el\u0151sz\u00f6r nem P\u00e1rizsban lesz a Tour de France befut\u00f3ja 2024-ben!<\/title>\n<meta name=\"description\" content=\"K\u00e9t \u00e9v m\u00falva ny\u00e1ron m\u00e1r az olimpia l\u00e1z\u00e1ban \u00e9g majd a francia f\u0151v\u00e1ros, \u00edgy a legnagyobb ker\u00e9kp\u00e1rverseny c\u00e9lja rendhagy\u00f3 m\u00f3don a Rivi\u00e9r\u00e1n, Nizz\u00e1ban lesz majd.\" \/>\n<meta name=\"robots\" content=\"index, follow, max-snippet:-1, max-image-preview:large, max-video-preview:-1\" \/>\n<link rel=\"canonical\" href=\"https:\/\/www.welovecycling.com\/hu\/orszaguti-kerekpar\/eldolt-a-tortenelem-soran-eloszor-nem-parizsban-lesz-a-tour-de-france-befutoja-2024-ben\/\" \/>\n<meta property=\"og:locale\" content=\"hu_HU\" \/>\n<meta property=\"og:type\" content=\"article\" \/>\n<meta property=\"og:title\" content=\"Eld\u0151lt: a t\u00f6rt\u00e9nelem sor\u00e1n el\u0151sz\u00f6r nem P\u00e1rizsban lesz a Tour de France befut\u00f3ja 2024-ben!\" \/>\n<meta property=\"og:description\" content=\"K\u00e9t \u00e9v m\u00falva ny\u00e1ron m\u00e1r az olimpia l\u00e1z\u00e1ban \u00e9g majd a francia f\u0151v\u00e1ros, \u00edgy a legnagyobb ker\u00e9kp\u00e1rverseny c\u00e9lja rendhagy\u00f3 m\u00f3don a Rivi\u00e9r\u00e1n, Nizz\u00e1ban lesz majd.\" \/>\n<meta property=\"og:url\" content=\"https:\/\/www.welovecycling.com\/hu\/orszaguti-kerekpar\/eldolt-a-tortenelem-soran-eloszor-nem-parizsban-lesz-a-tour-de-france-befutoja-2024-ben\/\" \/>\n<meta property=\"og:site_name\" content=\"\u0160koda We Love Cycling - Magyarorsz\u00e1g\" \/>\n<meta property=\"article:publisher\" content=\"https:\/\/www.facebook.com\/WeLoveCyclingHungary\/\" \/>\n<meta property=\"article:published_time\" content=\"2022-12-02T13:15:00+00:00\" \/>\n<meta property=\"og:image\" content=\"https:\/\/d2p6e6u75xmxt8.cloudfront.net\/12\/2022\/12\/nice-cote-dazur.webp\" \/>\n\t<meta property=\"og:image:width\" content=\"800\" \/>\n\t<meta property=\"og:image:height\" content=\"533\" \/>\n\t<meta property=\"og:image:type\" content=\"image\/webp\" \/>\n<meta name=\"author\" content=\"hegyizs\" \/>\n<meta name=\"twitter:card\" content=\"summary_large_image\" \/>\n<meta name=\"twitter:label1\" content=\"Written by\" \/>\n\t<meta name=\"twitter:data1\" content=\"WLC\" \/>\n\t<meta name=\"twitter:label2\" content=\"Est. reading time\" \/>\n\t<meta name=\"twitter:data2\" content=\"3 minutes\" \/>\n<script type=\"application\/ld+json\" class=\"yoast-schema-graph\">{\"@context\":\"https:\/\/schema.org\",\"@graph\":[{\"@type\":\"WebPage\",\"@id\":\"https:\/\/www.welovecycling.com\/hu\/orszaguti-kerekpar\/eldolt-a-tortenelem-soran-eloszor-nem-parizsban-lesz-a-tour-de-france-befutoja-2024-ben\/\",\"url\":\"https:\/\/www.welovecycling.com\/hu\/orszaguti-kerekpar\/eldolt-a-tortenelem-soran-eloszor-nem-parizsban-lesz-a-tour-de-france-befutoja-2024-ben\/\",\"name\":\"Eld\u0151lt: a t\u00f6rt\u00e9nelem sor\u00e1n el\u0151sz\u00f6r nem P\u00e1rizsban lesz a Tour de France befut\u00f3ja 2024-ben!\",\"isPartOf\":{\"@id\":\"https:\/\/www.welovecycling.com\/hu\/#website\"},\"primaryImageOfPage\":{\"@id\":\"https:\/\/www.welovecycling.com\/hu\/orszaguti-kerekpar\/eldolt-a-tortenelem-soran-eloszor-nem-parizsban-lesz-a-tour-de-france-befutoja-2024-ben\/#primaryimage\"},\"image\":{\"@id\":\"https:\/\/www.welovecycling.com\/hu\/orszaguti-kerekpar\/eldolt-a-tortenelem-soran-eloszor-nem-parizsban-lesz-a-tour-de-france-befutoja-2024-ben\/#primaryimage\"},\"thumbnailUrl\":\"https:\/\/d2p6e6u75xmxt8.cloudfront.net\/12\/2022\/12\/nice-cote-dazur.webp\",\"datePublished\":\"2022-12-02T13:15:00+00:00\",\"author\":{\"@id\":\"https:\/\/www.welovecycling.com\/hu\/#\/schema\/person\/414a2aebf1801691a5320edb6468e194\"},\"description\":\"K\u00e9t \u00e9v m\u00falva ny\u00e1ron m\u00e1r az olimpia l\u00e1z\u00e1ban \u00e9g majd a francia f\u0151v\u00e1ros, \u00edgy a legnagyobb ker\u00e9kp\u00e1rverseny c\u00e9lja rendhagy\u00f3 m\u00f3don a Rivi\u00e9r\u00e1n, Nizz\u00e1ban lesz majd.\",\"breadcrumb\":{\"@id\":\"https:\/\/www.welovecycling.com\/hu\/orszaguti-kerekpar\/eldolt-a-tortenelem-soran-eloszor-nem-parizsban-lesz-a-tour-de-france-befutoja-2024-ben\/#breadcrumb\"},\"inLanguage\":\"hu\",\"potentialAction\":[{\"@type\":\"ReadAction\",\"target\":[\"https:\/\/www.welovecycling.com\/hu\/orszaguti-kerekpar\/eldolt-a-tortenelem-soran-eloszor-nem-parizsban-lesz-a-tour-de-france-befutoja-2024-ben\/\"]}]},{\"@type\":\"ImageObject\",\"inLanguage\":\"hu\",\"@id\":\"https:\/\/www.welovecycling.com\/hu\/orszaguti-kerekpar\/eldolt-a-tortenelem-soran-eloszor-nem-parizsban-lesz-a-tour-de-france-befutoja-2024-ben\/#primaryimage\",\"url\":\"https:\/\/d2p6e6u75xmxt8.cloudfront.net\/12\/2022\/12\/nice-cote-dazur.webp\",\"contentUrl\":\"https:\/\/d2p6e6u75xmxt8.cloudfront.net\/12\/2022\/12\/nice-cote-dazur.webp\",\"width\":800,\"height\":533},{\"@type\":\"BreadcrumbList\",\"@id\":\"https:\/\/www.welovecycling.com\/hu\/orszaguti-kerekpar\/eldolt-a-tortenelem-soran-eloszor-nem-parizsban-lesz-a-tour-de-france-befutoja-2024-ben\/#breadcrumb\",\"itemListElement\":[{\"@type\":\"ListItem\",\"position\":1,\"name\":\"Home\",\"item\":\"https:\/\/www.welovecycling.com\/hu\/\"},{\"@type\":\"ListItem\",\"position\":2,\"name\":\"Eld\u0151lt: a t\u00f6rt\u00e9nelem sor\u00e1n el\u0151sz\u00f6r nem P\u00e1rizsban lesz a Tour de France befut\u00f3ja 2024-ben!\"}]},{\"@type\":\"WebSite\",\"@id\":\"https:\/\/www.welovecycling.com\/hu\/#website\",\"url\":\"https:\/\/www.welovecycling.com\/hu\/\",\"name\":\"\u0160koda We Love Cycling - Magyarorsz\u00e1g\",\"description\":\"\u0160koda WeLoveCycling\",\"potentialAction\":[{\"@type\":\"SearchAction\",\"target\":{\"@type\":\"EntryPoint\",\"urlTemplate\":\"https:\/\/www.welovecycling.com\/hu\/?s={search_term_string}\"},\"query-input\":{\"@type\":\"PropertyValueSpecification\",\"valueRequired\":true,\"valueName\":\"search_term_string\"}}],\"inLanguage\":\"hu\"},{\"@type\":\"Person\",\"@id\":\"https:\/\/www.welovecycling.com\/hu\/#\/schema\/person\/414a2aebf1801691a5320edb6468e194\",\"name\":\"hegyizs\",\"image\":{\"@type\":\"ImageObject\",\"inLanguage\":\"hu\",\"@id\":\"https:\/\/www.welovecycling.com\/hu\/#\/schema\/person\/image\/\",\"url\":\"https:\/\/secure.gravatar.com\/avatar\/02cf8a7906b8cf90cecb4679defac7cfd33a1c2e3b88e4903d947f3bb58eedd3?s=96&d=mm&r=g\",\"contentUrl\":\"https:\/\/secure.gravatar.com\/avatar\/02cf8a7906b8cf90cecb4679defac7cfd33a1c2e3b88e4903d947f3bb58eedd3?s=96&d=mm&r=g\",\"caption\":\"hegyizs\"},\"url\":\"https:\/\/www.welovecycling.com\/hu\/author\/hegyizs\/\"}]}<\/script>\n<!-- \/ Yoast SEO Premium plugin. -->","yoast_head_json":{"title":"Eld\u0151lt: a t\u00f6rt\u00e9nelem sor\u00e1n el\u0151sz\u00f6r nem P\u00e1rizsban lesz a Tour de France befut\u00f3ja 2024-ben!","description":"K\u00e9t \u00e9v m\u00falva ny\u00e1ron m\u00e1r az olimpia l\u00e1z\u00e1ban \u00e9g majd a francia f\u0151v\u00e1ros, \u00edgy a legnagyobb ker\u00e9kp\u00e1rverseny c\u00e9lja rendhagy\u00f3 m\u00f3don a Rivi\u00e9r\u00e1n, Nizz\u00e1ban lesz majd.","robots":{"index":"index","follow":"follow","max-snippet":"max-snippet:-1","max-image-preview":"max-image-preview:large","max-video-preview":"max-video-preview:-1"},"canonical":"https:\/\/www.welovecycling.com\/hu\/orszaguti-kerekpar\/eldolt-a-tortenelem-soran-eloszor-nem-parizsban-lesz-a-tour-de-france-befutoja-2024-ben\/","og_locale":"hu_HU","og_type":"article","og_title":"Eld\u0151lt: a t\u00f6rt\u00e9nelem sor\u00e1n el\u0151sz\u00f6r nem P\u00e1rizsban lesz a Tour de France befut\u00f3ja 2024-ben!","og_description":"K\u00e9t \u00e9v m\u00falva ny\u00e1ron m\u00e1r az olimpia l\u00e1z\u00e1ban \u00e9g majd a francia f\u0151v\u00e1ros, \u00edgy a legnagyobb ker\u00e9kp\u00e1rverseny c\u00e9lja rendhagy\u00f3 m\u00f3don a Rivi\u00e9r\u00e1n, Nizz\u00e1ban lesz majd.","og_url":"https:\/\/www.welovecycling.com\/hu\/orszaguti-kerekpar\/eldolt-a-tortenelem-soran-eloszor-nem-parizsban-lesz-a-tour-de-france-befutoja-2024-ben\/","og_site_name":"\u0160koda We Love Cycling - Magyarorsz\u00e1g","article_publisher":"https:\/\/www.facebook.com\/WeLoveCyclingHungary\/","article_published_time":"2022-12-02T13:15:00+00:00","og_image":[{"width":800,"height":533,"url":"https:\/\/d2p6e6u75xmxt8.cloudfront.net\/12\/2022\/12\/nice-cote-dazur.webp","type":"image\/webp"}],"author":"hegyizs","twitter_card":"summary_large_image","twitter_misc":{"Written by":"WLC","Est. reading time":"3 minutes"},"schema":{"@context":"https:\/\/schema.org","@graph":[{"@type":"WebPage","@id":"https:\/\/www.welovecycling.com\/hu\/orszaguti-kerekpar\/eldolt-a-tortenelem-soran-eloszor-nem-parizsban-lesz-a-tour-de-france-befutoja-2024-ben\/","url":"https:\/\/www.welovecycling.com\/hu\/orszaguti-kerekpar\/eldolt-a-tortenelem-soran-eloszor-nem-parizsban-lesz-a-tour-de-france-befutoja-2024-ben\/","name":"Eld\u0151lt: a t\u00f6rt\u00e9nelem sor\u00e1n el\u0151sz\u00f6r nem P\u00e1rizsban lesz a Tour de France befut\u00f3ja 2024-ben!","isPartOf":{"@id":"https:\/\/www.welovecycling.com\/hu\/#website"},"primaryImageOfPage":{"@id":"https:\/\/www.welovecycling.com\/hu\/orszaguti-kerekpar\/eldolt-a-tortenelem-soran-eloszor-nem-parizsban-lesz-a-tour-de-france-befutoja-2024-ben\/#primaryimage"},"image":{"@id":"https:\/\/www.welovecycling.com\/hu\/orszaguti-kerekpar\/eldolt-a-tortenelem-soran-eloszor-nem-parizsban-lesz-a-tour-de-france-befutoja-2024-ben\/#primaryimage"},"thumbnailUrl":"https:\/\/d2p6e6u75xmxt8.cloudfront.net\/12\/2022\/12\/nice-cote-dazur.webp","datePublished":"2022-12-02T13:15:00+00:00","author":{"@id":"https:\/\/www.welovecycling.com\/hu\/#\/schema\/person\/414a2aebf1801691a5320edb6468e194"},"description":"K\u00e9t \u00e9v m\u00falva ny\u00e1ron m\u00e1r az olimpia l\u00e1z\u00e1ban \u00e9g majd a francia f\u0151v\u00e1ros, \u00edgy a legnagyobb ker\u00e9kp\u00e1rverseny c\u00e9lja rendhagy\u00f3 m\u00f3don a Rivi\u00e9r\u00e1n, Nizz\u00e1ban lesz majd.","breadcrumb":{"@id":"https:\/\/www.welovecycling.com\/hu\/orszaguti-kerekpar\/eldolt-a-tortenelem-soran-eloszor-nem-parizsban-lesz-a-tour-de-france-befutoja-2024-ben\/#breadcrumb"},"inLanguage":"hu","potentialAction":[{"@type":"ReadAction","target":["https:\/\/www.welovecycling.com\/hu\/orszaguti-kerekpar\/eldolt-a-tortenelem-soran-eloszor-nem-parizsban-lesz-a-tour-de-france-befutoja-2024-ben\/"]}]},{"@type":"ImageObject","inLanguage":"hu","@id":"https:\/\/www.welovecycling.com\/hu\/orszaguti-kerekpar\/eldolt-a-tortenelem-soran-eloszor-nem-parizsban-lesz-a-tour-de-france-befutoja-2024-ben\/#primaryimage","url":"https:\/\/d2p6e6u75xmxt8.cloudfront.net\/12\/2022\/12\/nice-cote-dazur.webp","contentUrl":"https:\/\/d2p6e6u75xmxt8.cloudfront.net\/12\/2022\/12\/nice-cote-dazur.webp","width":800,"height":533},{"@type":"BreadcrumbList","@id":"https:\/\/www.welovecycling.com\/hu\/orszaguti-kerekpar\/eldolt-a-tortenelem-soran-eloszor-nem-parizsban-lesz-a-tour-de-france-befutoja-2024-ben\/#breadcrumb","itemListElement":[{"@type":"ListItem","position":1,"name":"Home","item":"https:\/\/www.welovecycling.com\/hu\/"},{"@type":"ListItem","position":2,"name":"Eld\u0151lt: a t\u00f6rt\u00e9nelem sor\u00e1n el\u0151sz\u00f6r nem P\u00e1rizsban lesz a Tour de France befut\u00f3ja 2024-ben!"}]},{"@type":"WebSite","@id":"https:\/\/www.welovecycling.com\/hu\/#website","url":"https:\/\/www.welovecycling.com\/hu\/","name":"\u0160koda We Love Cycling - Magyarorsz\u00e1g","description":"\u0160koda WeLoveCycling","potentialAction":[{"@type":"SearchAction","target":{"@type":"EntryPoint","urlTemplate":"https:\/\/www.welovecycling.com\/hu\/?s={search_term_string}"},"query-input":{"@type":"PropertyValueSpecification","valueRequired":true,"valueName":"search_term_string"}}],"inLanguage":"hu"},{"@type":"Person","@id":"https:\/\/www.welovecycling.com\/hu\/#\/schema\/person\/414a2aebf1801691a5320edb6468e194","name":"hegyizs","image":{"@type":"ImageObject","inLanguage":"hu","@id":"https:\/\/www.welovecycling.com\/hu\/#\/schema\/person\/image\/","url":"https:\/\/secure.gravatar.com\/avatar\/02cf8a7906b8cf90cecb4679defac7cfd33a1c2e3b88e4903d947f3bb58eedd3?s=96&d=mm&r=g","contentUrl":"https:\/\/secure.gravatar.com\/avatar\/02cf8a7906b8cf90cecb4679defac7cfd33a1c2e3b88e4903d947f3bb58eedd3?s=96&d=mm&r=g","caption":"hegyizs"},"url":"https:\/\/www.welovecycling.com\/hu\/author\/hegyizs\/"}]}},"_links":{"self":[{"href":"https:\/\/www.welovecycling.com\/hu\/wp-json\/wp\/v2\/posts\/16515","targetHints":{"allow":["GET"]}}],"collection":[{"href":"https:\/\/www.welovecycling.com\/hu\/wp-json\/wp\/v2\/posts"}],"about":[{"href":"https:\/\/www.welovecycling.com\/hu\/wp-json\/wp\/v2\/types\/post"}],"author":[{"embeddable":true,"href":"https:\/\/www.welovecycling.com\/hu\/wp-json\/wp\/v2\/users\/71"}],"replies":[{"embeddable":true,"href":"https:\/\/www.welovecycling.com\/hu\/wp-json\/wp\/v2\/comments?post=16515"}],"version-history":[{"count":1,"href":"https:\/\/www.welovecycling.com\/hu\/wp-json\/wp\/v2\/posts\/16515\/revisions"}],"predecessor-version":[{"id":16518,"href":"https:\/\/www.welovecycling.com\/hu\/wp-json\/wp\/v2\/posts\/16515\/revisions\/16518"}],"wp:featuredmedia":[{"embeddable":true,"href":"https:\/\/www.welovecycling.com\/hu\/wp-json\/wp\/v2\/media\/16519"}],"wp:attachment":[{"href":"https:\/\/www.welovecycling.com\/hu\/wp-json\/wp\/v2\/media?parent=16515"}],"wp:term":[{"taxonomy":"category","embeddable":true,"href":"https:\/\/www.welovecycling.com\/hu\/wp-json\/wp\/v2\/categories?post=16515"},{"taxonomy":"post_tag","embeddable":true,"href":"https:\/\/www.welovecycling.com\/hu\/wp-json\/wp\/v2\/tags?post=16515"},{"taxonomy":"global-categories","embeddable":true,"href":"https:\/\/www.welovecycling.com\/hu\/wp-json\/wp\/v2\/global-categories?post=16515"}],"curies":[{"name":"wp","href":"https:\/\/api.w.org\/{rel}","templated":true}]}}