{"id":16492,"date":"2022-11-27T08:00:37","date_gmt":"2022-11-27T06:00:37","guid":{"rendered":"https:\/\/www.welovecycling.com\/hu\/?p=16492"},"modified":"2022-11-25T17:53:13","modified_gmt":"2022-11-25T15:53:13","slug":"nibali-valverde-dumoulin-gilbert-porte-brennauer-elkepeszto-nevekkel-leszunk-szegenyebbek-2023-tol","status":"publish","type":"post","link":"https:\/\/www.welovecycling.com\/hu\/orszaguti-kerekpar\/nibali-valverde-dumoulin-gilbert-porte-brennauer-elkepeszto-nevekkel-leszunk-szegenyebbek-2023-tol\/","title":{"rendered":"Nibali, Valverde, Dumoulin, Gilbert, Porte, Brennauer \u2013 elk\u00e9peszt\u0151 nevekkel lesz\u00fcnk szeg\u00e9nyebbek 2023-t\u00f3l"},"content":{"rendered":"<p><strong>A 2022-es esztend\u0151 a feledhetetlen versenyek mellett a nagy visszavonul\u00f3kr\u00f3l is eml\u00e9kezetes marad: a f\u00e9rfi \u00e9s a n\u0151i orsz\u00e1g\u00fati versenyz\u0151k k\u00f6z\u00fcl is legend\u00e1s nevek akasztj\u00e1k sz\u00f6gre a biciklit.<\/strong><!--more--><\/p>\n<p>A Cyclingnews szakport\u00e1l seg\u00edts\u00e9g\u00e9vel \u00f6sszegy\u0171jt\u00f6tt\u00fck a legnagyobb visszavonul\u00f3 ikonokat, a teljess\u00e9g ig\u00e9nye n\u00e9lk\u00fcl. A list\u00e1ra r\u00e1pillantva t\u00falz\u00e1s n\u00e9lk\u00fcl meg\u00e1llap\u00edthatjuk: elk\u00e9peszt\u0151 nevekkel lesz szeg\u00e9nyebb a sport\u00e1g az el\u0151tt\u00fcnk \u00e1ll\u00f3 \u00e9vt\u0151l kezdve.<\/p>\n<p>A k\u00e9t ikon, Vincenzo Nibali \u00e9s Alejandro Valverde \u201ek\u00f6z\u00f6s\u201d \u00fcnnepi visszavonul\u00e1s\u00e1r\u00f3l <a href=\"https:\/\/www.welovecycling.com\/hu\/orszaguti-kerekpar\/legendas-hetvege-legendas-bucsuzokkal-valverdet-es-nibalit-is-utoljara-lathatjuk-a-mezonyben\/\">k\u00fcl\u00f6n is megeml\u00e9kezt\u00fcnk<\/a> az Il Lombardia el\u0151tt, mik\u00e9nt a szint\u00e9n az utols\u00f3 versenyh\u00e9tv\u00e9g\u00e9n utolj\u00e1ra nyeregbe pattan\u00f3 belga nemzeti h\u0151sr\u0151l, Philippe Gilbert-r\u0151l is.<\/p>\n<figure id=\"attachment_16493\" aria-describedby=\"caption-attachment-16493\" style=\"width: 780px\" class=\"wp-caption alignnone\"><img loading=\"lazy\" decoding=\"async\" class=\"size-full wp-image-16493\" src=\"https:\/\/d2p6e6u75xmxt8.cloudfront.net\/12\/2022\/11\/3464897-70683108-2560-1440.webp\" alt=\"\" width=\"780\" height=\"470\" srcset=\"https:\/\/d2p6e6u75xmxt8.cloudfront.net\/12\/2022\/11\/3464897-70683108-2560-1440.webp 780w, https:\/\/d2p6e6u75xmxt8.cloudfront.net\/12\/2022\/11\/3464897-70683108-2560-1440-300x181.webp 300w, https:\/\/d2p6e6u75xmxt8.cloudfront.net\/12\/2022\/11\/3464897-70683108-2560-1440-768x463.webp 768w\" sizes=\"auto, (max-width: 780px) 100vw, 780px\" \/><figcaption id=\"caption-attachment-16493\" class=\"wp-caption-text\">Gilbert, Valverde \u00e9s Nibali (fot\u00f3: UK Daily News)<\/figcaption><\/figure>\n<p>\u00c1m rajtuk k\u00edv\u00fcl is voltak nagyon komoly nevek, hogy csak Tom Dumoulint \u00e9s Richie Porte-ot eml\u00edts\u00fck. A holland klasszis legeml\u00e9kezetesebb gy\u0151zelm\u00e9t egy\u00e9rtelm\u0171en a 2017-es Gir\u00f3n aratta, ahol el\u0151zetesen senki sem sorolta a nagyobb es\u00e9lyesek k\u00f6z\u00e9, ehhez k\u00e9pest v\u00e9gig nagyszer\u0171 versenyz\u00e9ssel, olykor a sportszer\u0171tlen (pl. v\u00e9c\u00e9sz\u00fcnetek alatt ellene int\u00e9zett) t\u00e1mad\u00e1sokat is visszaverve teljesen meg\u00e9rdemelten nyerte meg \u00e9lete egyetlen h\u00e1romhetes\u00e9t, els\u0151 holland Giro-gy\u0151ztesk\u00e9nt, m\u00e9g sunwebesk\u00e9nt. Dumoulin karrierje \u00e9s mag\u00e1n\u00e9lete ezut\u00e1n t\u00f6bbsz\u00f6r is hull\u00e1mv\u00f6lgybe ker\u00fclt, el\u0151bb felf\u00fcggesztette karrierj\u00e9t, majd a Jumb\u00f3hoz csatlakozva visszat\u00e9rt, \u00e1m a v\u00e1rt sikerek elmaradtak, ink\u00e1bb Rogli\u010d\u00e9k seg\u00edt\u0151jek\u00e9nt jeleskedett. Utols\u00f3 nagy dob\u00e1sa a toki\u00f3i olimpi\u00e1n szerzett id\u0151futam-ez\u00fcst\u00e9rme volt, ahol \u00e9ppen Rogli\u010d m\u00f6g\u00f6tt v\u00e9gzett m\u00e1sodikk\u00e9nt. K\u00f6zben h\u00e1zass\u00e1ga is t\u00f6nkrement, elv\u00e1lt, \u00e9s b\u00e1r az idei \u0151szi, ausztr\u00e1liai vil\u00e1gbajnoks\u00e1got m\u00e9g szerette volna v\u00e9gigcsin\u00e1lni, augusztusban bejelentette, \u201e\u00fcres a tank\u201d, nem tudja tov\u00e1bb csin\u00e1lni. Rem\u00e9lj\u00fck, a p\u00e1lyafut\u00e1sa lez\u00e1r\u00e1s\u00e1t k\u00f6vet\u0151en ism\u00e9t mag\u00e1ra tal\u00e1l, aj\u00e1nlatokb\u00f3l mindenesetre nincs hi\u00e1ny: a Wantyn\u00e1l m\u00e1ris felaj\u00e1nlottak neki egy vezet\u0151i poz\u00edci\u00f3t, de m\u00e9g nem d\u00f6nt\u00f6tt a j\u00f6v\u0151j\u00e9r\u0151l.<\/p>\n<figure id=\"attachment_16495\" aria-describedby=\"caption-attachment-16495\" style=\"width: 1024px\" class=\"wp-caption alignnone\"><img loading=\"lazy\" decoding=\"async\" class=\"size-large wp-image-16495\" src=\"https:\/\/d2p6e6u75xmxt8.cloudfront.net\/12\/2022\/11\/tom-dumoulin-met-trofee-giro-Large-1024x664.webp\" alt=\"\" width=\"1024\" height=\"664\" srcset=\"https:\/\/d2p6e6u75xmxt8.cloudfront.net\/12\/2022\/11\/tom-dumoulin-met-trofee-giro-Large-1024x664.webp 1024w, https:\/\/d2p6e6u75xmxt8.cloudfront.net\/12\/2022\/11\/tom-dumoulin-met-trofee-giro-Large-300x195.webp 300w, https:\/\/d2p6e6u75xmxt8.cloudfront.net\/12\/2022\/11\/tom-dumoulin-met-trofee-giro-Large-768x498.webp 768w, https:\/\/d2p6e6u75xmxt8.cloudfront.net\/12\/2022\/11\/tom-dumoulin-met-trofee-giro-Large.webp 1280w\" sizes=\"auto, (max-width: 1024px) 100vw, 1024px\" \/><figcaption id=\"caption-attachment-16495\" class=\"wp-caption-text\">Tom Dumoulin legszebb eml\u00e9ke bizonyosan a 2017-es Giro-siker marad (fot\u00f3: ALESSANDRO DI MEO\/EPA)<\/figcaption><\/figure>\n<p>Richie Porte kicsit amolyan \u00f6r\u00f6k \u00edg\u00e9retk\u00e9nt fejezi be karrierj\u00e9t, a Grand Tour-versenyeket illet\u0151en legal\u00e1bbis mindenk\u00e9ppen. Az ausztr\u00e1l elk\u00e9peszt\u0151en balszerencs\u00e9s volt a mindig a lehet\u0151 legrosszabbkor \u00e9rkez\u0151 s\u00e9r\u00fcl\u00e9sekkel \u00e9s buk\u00e1sokkal, \u00edgy v\u00e9g\u00fcl 2010-es h\u00e1romhetes deb\u00fct\u00e1l\u00e1sa, r\u00f6gt\u00f6n egy Giro-7. helyet \u00e9s feh\u00e9r trik\u00f3t k\u00f6vet\u0151en, j\u00f3 \u00e9vtizednyi p\u00e1lyafut\u00e1sa sor\u00e1n \u00e1lland\u00f3an az el\u0151zetes es\u00e9lyesek k\u00f6z\u00f6tt emlegetve is csak egyszer tudott dobog\u00f3ra \u00e1llni nagy k\u00f6rversenyen, m\u00e9ghozz\u00e1 a k\u00e9t \u00e9vvel ezel\u0151tti Tour de France-on. Sz\u00e1mos nagy szakaszversenyt megnyert viszont, k\u00f6zte P\u00e1rizs\u2013Nizz\u00e1t, katal\u00e1n \u00e9s sv\u00e1jci k\u00f6rt, tavaly pedig Crit\u00e9riumot is.<\/p>\n<p>Ilyen nevek \u00e1rny\u00e9k\u00e1ban tal\u00e1n kevesebb figyelem jutott a tavaly felejthetetlen P\u00e1rizs\u2013Roubaix-gy\u0151zelmet arat\u00f3 Sonny Colbrellire, aki 2021-ben az Eb-t is megnyerte, valamint az ugyancsak visszavonul\u00f3 Mikel Niev\u00e9re \u00e9s Niki Terpstr\u00e1ra, de 2023-t\u00f3l \u0151ket sem l\u00e1thatjuk m\u00e1r a mez\u0151nyben.<\/p>\n<p>Vel\u00fck egy\u00fctt a n\u0151i orsz\u00e1g\u00fati \u00e9s p\u00e1lyaker\u00e9kp\u00e1r egyik legnagyobb alakja, Lisa Brennauer is befejezi. A n\u00e9metek legend\u00e1ja aszfalton n\u00e9gyszeres id\u0151futambajnok, p\u00e1ly\u00e1n olimpiai \u00e9s k\u00e9tszeres vil\u00e1gbajnok, emellett k\u00e9tszer nyerte meg a n\u0151i Vuelt\u00e1t, csak hogy a legf\u00e9nyesebb sikereit eml\u00edts\u00fck.<\/p>\n<figure id=\"attachment_16496\" aria-describedby=\"caption-attachment-16496\" style=\"width: 1024px\" class=\"wp-caption alignnone\"><img loading=\"lazy\" decoding=\"async\" class=\"size-large wp-image-16496\" src=\"https:\/\/d2p6e6u75xmxt8.cloudfront.net\/12\/2022\/11\/Radsport_Bahn_Lisa_Brennauer_Ende_der_Kariere_August_22_dpa261725854-Large-1024x650.webp\" alt=\"\" width=\"1024\" height=\"650\" srcset=\"https:\/\/d2p6e6u75xmxt8.cloudfront.net\/12\/2022\/11\/Radsport_Bahn_Lisa_Brennauer_Ende_der_Kariere_August_22_dpa261725854-Large-1024x650.webp 1024w, https:\/\/d2p6e6u75xmxt8.cloudfront.net\/12\/2022\/11\/Radsport_Bahn_Lisa_Brennauer_Ende_der_Kariere_August_22_dpa261725854-Large-300x190.webp 300w, https:\/\/d2p6e6u75xmxt8.cloudfront.net\/12\/2022\/11\/Radsport_Bahn_Lisa_Brennauer_Ende_der_Kariere_August_22_dpa261725854-Large-768x487.webp 768w, https:\/\/d2p6e6u75xmxt8.cloudfront.net\/12\/2022\/11\/Radsport_Bahn_Lisa_Brennauer_Ende_der_Kariere_August_22_dpa261725854-Large.webp 1280w\" sizes=\"auto, (max-width: 1024px) 100vw, 1024px\" \/><figcaption id=\"caption-attachment-16496\" class=\"wp-caption-text\">Lisa Brennauer aszfalton \u00e9s parketten is p\u00e1ratlanul sikeres karriert z\u00e1r (fot\u00f3: DOSB\/picture-alliance)<\/figcaption><\/figure>\n<p>Persze, az id\u0151 nem \u00e1ll meg, megy minden tov\u00e1bb a maga \u00fatj\u00e1n, ez az \u00e9let rendje, de az biztos, hogy az egyetemes ker\u00e9kp\u00e1rsport ut\u00e1nozhatatlan alakjai nagyon fognak hi\u00e1nyozni a nagy versenyekr\u0151l. \u00c1m a gener\u00e1ci\u00f3v\u00e1lt\u00e1s sikeresen megt\u00f6rt\u00e9nt, a m\u00e9lt\u00f3 ut\u00f3dok megvannak, \u00edgy att\u00f3l az\u00e9rt szerencs\u00e9re nem kell f\u00e9lni, hogy nagyszer\u0171 versenyek n\u00e9lk\u00fcl maradunk a j\u00f6v\u0151ben \u2013 ahogyan azt az idei, szenz\u00e1ci\u00f3s esztend\u0151 is megmutatta!<\/p>\n<p>Bor\u00edt\u00f3k\u00e9p: Cyclingnews\/Getty<\/p>\n","protected":false},"excerpt":{"rendered":"<p>A 2022-es esztend\u0151 a feledhetetlen versenyek mellett a nagy visszavonul\u00f3kr\u00f3l is eml\u00e9kezetes marad: a f\u00e9rfi \u00e9s a n\u0151i orsz\u00e1g\u00fati versenyz\u0151k [&hellip;]<\/p>\n","protected":false},"author":71,"featured_media":16497,"comment_status":"open","ping_status":"open","sticky":false,"template":"","format":"standard","meta":{"footnotes":""},"categories":[8],"tags":[],"global-categories":[],"class_list":["post-16492","post","type-post","status-publish","format-standard","has-post-thumbnail","hentry","category-orszaguti-kerekpar"],"yoast_head":"<!-- This site is optimized with the Yoast SEO Premium plugin v25.3 (Yoast SEO v25.9) - https:\/\/yoast.com\/wordpress\/plugins\/seo\/ -->\n<title>Nibali, Valverde, Dumoulin, Gilbert, Porte, Brennauer \u2013 elk\u00e9peszt\u0151 nevekkel lesz\u00fcnk szeg\u00e9nyebbek 2023-t\u00f3l<\/title>\n<meta name=\"description\" content=\"A 2022-es esztend\u0151 a feledhetetlen versenyek mellett a nagy visszavonul\u00f3kr\u00f3l is eml\u00e9kezetes marad: a f\u00e9rfi \u00e9s a n\u0151i orsz\u00e1g\u00fati versenyz\u0151k k\u00f6z\u00fcl is legend\u00e1s nevek akasztj\u00e1k sz\u00f6gre a biciklit.\" \/>\n<meta name=\"robots\" content=\"index, follow, max-snippet:-1, max-image-preview:large, max-video-preview:-1\" \/>\n<link rel=\"canonical\" href=\"https:\/\/www.welovecycling.com\/hu\/orszaguti-kerekpar\/nibali-valverde-dumoulin-gilbert-porte-brennauer-elkepeszto-nevekkel-leszunk-szegenyebbek-2023-tol\/\" \/>\n<meta property=\"og:locale\" content=\"hu_HU\" \/>\n<meta property=\"og:type\" content=\"article\" \/>\n<meta property=\"og:title\" content=\"Nibali, Valverde, Dumoulin, Gilbert, Porte, Brennauer \u2013 elk\u00e9peszt\u0151 nevekkel lesz\u00fcnk szeg\u00e9nyebbek 2023-t\u00f3l\" \/>\n<meta property=\"og:description\" content=\"A 2022-es esztend\u0151 a feledhetetlen versenyek mellett a nagy visszavonul\u00f3kr\u00f3l is eml\u00e9kezetes marad: a f\u00e9rfi \u00e9s a n\u0151i orsz\u00e1g\u00fati versenyz\u0151k k\u00f6z\u00fcl is legend\u00e1s nevek akasztj\u00e1k sz\u00f6gre a biciklit.\" \/>\n<meta property=\"og:url\" content=\"https:\/\/www.welovecycling.com\/hu\/orszaguti-kerekpar\/nibali-valverde-dumoulin-gilbert-porte-brennauer-elkepeszto-nevekkel-leszunk-szegenyebbek-2023-tol\/\" \/>\n<meta property=\"og:site_name\" content=\"\u0160koda We Love Cycling - Magyarorsz\u00e1g\" \/>\n<meta property=\"article:publisher\" content=\"https:\/\/www.facebook.com\/WeLoveCyclingHungary\/\" \/>\n<meta property=\"article:published_time\" content=\"2022-11-27T06:00:37+00:00\" \/>\n<meta property=\"og:image\" content=\"https:\/\/d2p6e6u75xmxt8.cloudfront.net\/12\/2022\/11\/fcHE9DhwETRGdJRkc8C7NC-1200-80.webp\" \/>\n\t<meta property=\"og:image:width\" content=\"1200\" \/>\n\t<meta property=\"og:image:height\" content=\"720\" \/>\n\t<meta property=\"og:image:type\" content=\"image\/webp\" \/>\n<meta name=\"author\" content=\"hegyizs\" \/>\n<meta name=\"twitter:card\" content=\"summary_large_image\" \/>\n<meta name=\"twitter:label1\" content=\"Written by\" \/>\n\t<meta name=\"twitter:data1\" content=\"WLC\" \/>\n\t<meta name=\"twitter:label2\" content=\"Est. reading time\" \/>\n\t<meta name=\"twitter:data2\" content=\"4 minutes\" \/>\n<script type=\"application\/ld+json\" class=\"yoast-schema-graph\">{\"@context\":\"https:\/\/schema.org\",\"@graph\":[{\"@type\":\"WebPage\",\"@id\":\"https:\/\/www.welovecycling.com\/hu\/orszaguti-kerekpar\/nibali-valverde-dumoulin-gilbert-porte-brennauer-elkepeszto-nevekkel-leszunk-szegenyebbek-2023-tol\/\",\"url\":\"https:\/\/www.welovecycling.com\/hu\/orszaguti-kerekpar\/nibali-valverde-dumoulin-gilbert-porte-brennauer-elkepeszto-nevekkel-leszunk-szegenyebbek-2023-tol\/\",\"name\":\"Nibali, Valverde, Dumoulin, Gilbert, Porte, Brennauer \u2013 elk\u00e9peszt\u0151 nevekkel lesz\u00fcnk szeg\u00e9nyebbek 2023-t\u00f3l\",\"isPartOf\":{\"@id\":\"https:\/\/www.welovecycling.com\/hu\/#website\"},\"primaryImageOfPage\":{\"@id\":\"https:\/\/www.welovecycling.com\/hu\/orszaguti-kerekpar\/nibali-valverde-dumoulin-gilbert-porte-brennauer-elkepeszto-nevekkel-leszunk-szegenyebbek-2023-tol\/#primaryimage\"},\"image\":{\"@id\":\"https:\/\/www.welovecycling.com\/hu\/orszaguti-kerekpar\/nibali-valverde-dumoulin-gilbert-porte-brennauer-elkepeszto-nevekkel-leszunk-szegenyebbek-2023-tol\/#primaryimage\"},\"thumbnailUrl\":\"https:\/\/d2p6e6u75xmxt8.cloudfront.net\/12\/2022\/11\/fcHE9DhwETRGdJRkc8C7NC-1200-80.webp\",\"datePublished\":\"2022-11-27T06:00:37+00:00\",\"author\":{\"@id\":\"https:\/\/www.welovecycling.com\/hu\/#\/schema\/person\/414a2aebf1801691a5320edb6468e194\"},\"description\":\"A 2022-es esztend\u0151 a feledhetetlen versenyek mellett a nagy visszavonul\u00f3kr\u00f3l is eml\u00e9kezetes marad: a f\u00e9rfi \u00e9s a n\u0151i orsz\u00e1g\u00fati versenyz\u0151k k\u00f6z\u00fcl is legend\u00e1s nevek akasztj\u00e1k sz\u00f6gre a biciklit.\",\"breadcrumb\":{\"@id\":\"https:\/\/www.welovecycling.com\/hu\/orszaguti-kerekpar\/nibali-valverde-dumoulin-gilbert-porte-brennauer-elkepeszto-nevekkel-leszunk-szegenyebbek-2023-tol\/#breadcrumb\"},\"inLanguage\":\"hu\",\"potentialAction\":[{\"@type\":\"ReadAction\",\"target\":[\"https:\/\/www.welovecycling.com\/hu\/orszaguti-kerekpar\/nibali-valverde-dumoulin-gilbert-porte-brennauer-elkepeszto-nevekkel-leszunk-szegenyebbek-2023-tol\/\"]}]},{\"@type\":\"ImageObject\",\"inLanguage\":\"hu\",\"@id\":\"https:\/\/www.welovecycling.com\/hu\/orszaguti-kerekpar\/nibali-valverde-dumoulin-gilbert-porte-brennauer-elkepeszto-nevekkel-leszunk-szegenyebbek-2023-tol\/#primaryimage\",\"url\":\"https:\/\/d2p6e6u75xmxt8.cloudfront.net\/12\/2022\/11\/fcHE9DhwETRGdJRkc8C7NC-1200-80.webp\",\"contentUrl\":\"https:\/\/d2p6e6u75xmxt8.cloudfront.net\/12\/2022\/11\/fcHE9DhwETRGdJRkc8C7NC-1200-80.webp\",\"width\":1200,\"height\":720},{\"@type\":\"BreadcrumbList\",\"@id\":\"https:\/\/www.welovecycling.com\/hu\/orszaguti-kerekpar\/nibali-valverde-dumoulin-gilbert-porte-brennauer-elkepeszto-nevekkel-leszunk-szegenyebbek-2023-tol\/#breadcrumb\",\"itemListElement\":[{\"@type\":\"ListItem\",\"position\":1,\"name\":\"Home\",\"item\":\"https:\/\/www.welovecycling.com\/hu\/\"},{\"@type\":\"ListItem\",\"position\":2,\"name\":\"Nibali, Valverde, Dumoulin, Gilbert, Porte, Brennauer \u2013 elk\u00e9peszt\u0151 nevekkel lesz\u00fcnk szeg\u00e9nyebbek 2023-t\u00f3l\"}]},{\"@type\":\"WebSite\",\"@id\":\"https:\/\/www.welovecycling.com\/hu\/#website\",\"url\":\"https:\/\/www.welovecycling.com\/hu\/\",\"name\":\"\u0160koda We Love Cycling - Magyarorsz\u00e1g\",\"description\":\"\u0160koda WeLoveCycling\",\"potentialAction\":[{\"@type\":\"SearchAction\",\"target\":{\"@type\":\"EntryPoint\",\"urlTemplate\":\"https:\/\/www.welovecycling.com\/hu\/?s={search_term_string}\"},\"query-input\":{\"@type\":\"PropertyValueSpecification\",\"valueRequired\":true,\"valueName\":\"search_term_string\"}}],\"inLanguage\":\"hu\"},{\"@type\":\"Person\",\"@id\":\"https:\/\/www.welovecycling.com\/hu\/#\/schema\/person\/414a2aebf1801691a5320edb6468e194\",\"name\":\"hegyizs\",\"image\":{\"@type\":\"ImageObject\",\"inLanguage\":\"hu\",\"@id\":\"https:\/\/www.welovecycling.com\/hu\/#\/schema\/person\/image\/\",\"url\":\"https:\/\/secure.gravatar.com\/avatar\/02cf8a7906b8cf90cecb4679defac7cfd33a1c2e3b88e4903d947f3bb58eedd3?s=96&d=mm&r=g\",\"contentUrl\":\"https:\/\/secure.gravatar.com\/avatar\/02cf8a7906b8cf90cecb4679defac7cfd33a1c2e3b88e4903d947f3bb58eedd3?s=96&d=mm&r=g\",\"caption\":\"hegyizs\"},\"url\":\"https:\/\/www.welovecycling.com\/hu\/author\/hegyizs\/\"}]}<\/script>\n<!-- \/ Yoast SEO Premium plugin. -->","yoast_head_json":{"title":"Nibali, Valverde, Dumoulin, Gilbert, Porte, Brennauer \u2013 elk\u00e9peszt\u0151 nevekkel lesz\u00fcnk szeg\u00e9nyebbek 2023-t\u00f3l","description":"A 2022-es esztend\u0151 a feledhetetlen versenyek mellett a nagy visszavonul\u00f3kr\u00f3l is eml\u00e9kezetes marad: a f\u00e9rfi \u00e9s a n\u0151i orsz\u00e1g\u00fati versenyz\u0151k k\u00f6z\u00fcl is legend\u00e1s nevek akasztj\u00e1k sz\u00f6gre a biciklit.","robots":{"index":"index","follow":"follow","max-snippet":"max-snippet:-1","max-image-preview":"max-image-preview:large","max-video-preview":"max-video-preview:-1"},"canonical":"https:\/\/www.welovecycling.com\/hu\/orszaguti-kerekpar\/nibali-valverde-dumoulin-gilbert-porte-brennauer-elkepeszto-nevekkel-leszunk-szegenyebbek-2023-tol\/","og_locale":"hu_HU","og_type":"article","og_title":"Nibali, Valverde, Dumoulin, Gilbert, Porte, Brennauer \u2013 elk\u00e9peszt\u0151 nevekkel lesz\u00fcnk szeg\u00e9nyebbek 2023-t\u00f3l","og_description":"A 2022-es esztend\u0151 a feledhetetlen versenyek mellett a nagy visszavonul\u00f3kr\u00f3l is eml\u00e9kezetes marad: a f\u00e9rfi \u00e9s a n\u0151i orsz\u00e1g\u00fati versenyz\u0151k k\u00f6z\u00fcl is legend\u00e1s nevek akasztj\u00e1k sz\u00f6gre a biciklit.","og_url":"https:\/\/www.welovecycling.com\/hu\/orszaguti-kerekpar\/nibali-valverde-dumoulin-gilbert-porte-brennauer-elkepeszto-nevekkel-leszunk-szegenyebbek-2023-tol\/","og_site_name":"\u0160koda We Love Cycling - Magyarorsz\u00e1g","article_publisher":"https:\/\/www.facebook.com\/WeLoveCyclingHungary\/","article_published_time":"2022-11-27T06:00:37+00:00","og_image":[{"width":1200,"height":720,"url":"https:\/\/d2p6e6u75xmxt8.cloudfront.net\/12\/2022\/11\/fcHE9DhwETRGdJRkc8C7NC-1200-80.webp","type":"image\/webp"}],"author":"hegyizs","twitter_card":"summary_large_image","twitter_misc":{"Written by":"WLC","Est. reading time":"4 minutes"},"schema":{"@context":"https:\/\/schema.org","@graph":[{"@type":"WebPage","@id":"https:\/\/www.welovecycling.com\/hu\/orszaguti-kerekpar\/nibali-valverde-dumoulin-gilbert-porte-brennauer-elkepeszto-nevekkel-leszunk-szegenyebbek-2023-tol\/","url":"https:\/\/www.welovecycling.com\/hu\/orszaguti-kerekpar\/nibali-valverde-dumoulin-gilbert-porte-brennauer-elkepeszto-nevekkel-leszunk-szegenyebbek-2023-tol\/","name":"Nibali, Valverde, Dumoulin, Gilbert, Porte, Brennauer \u2013 elk\u00e9peszt\u0151 nevekkel lesz\u00fcnk szeg\u00e9nyebbek 2023-t\u00f3l","isPartOf":{"@id":"https:\/\/www.welovecycling.com\/hu\/#website"},"primaryImageOfPage":{"@id":"https:\/\/www.welovecycling.com\/hu\/orszaguti-kerekpar\/nibali-valverde-dumoulin-gilbert-porte-brennauer-elkepeszto-nevekkel-leszunk-szegenyebbek-2023-tol\/#primaryimage"},"image":{"@id":"https:\/\/www.welovecycling.com\/hu\/orszaguti-kerekpar\/nibali-valverde-dumoulin-gilbert-porte-brennauer-elkepeszto-nevekkel-leszunk-szegenyebbek-2023-tol\/#primaryimage"},"thumbnailUrl":"https:\/\/d2p6e6u75xmxt8.cloudfront.net\/12\/2022\/11\/fcHE9DhwETRGdJRkc8C7NC-1200-80.webp","datePublished":"2022-11-27T06:00:37+00:00","author":{"@id":"https:\/\/www.welovecycling.com\/hu\/#\/schema\/person\/414a2aebf1801691a5320edb6468e194"},"description":"A 2022-es esztend\u0151 a feledhetetlen versenyek mellett a nagy visszavonul\u00f3kr\u00f3l is eml\u00e9kezetes marad: a f\u00e9rfi \u00e9s a n\u0151i orsz\u00e1g\u00fati versenyz\u0151k k\u00f6z\u00fcl is legend\u00e1s nevek akasztj\u00e1k sz\u00f6gre a biciklit.","breadcrumb":{"@id":"https:\/\/www.welovecycling.com\/hu\/orszaguti-kerekpar\/nibali-valverde-dumoulin-gilbert-porte-brennauer-elkepeszto-nevekkel-leszunk-szegenyebbek-2023-tol\/#breadcrumb"},"inLanguage":"hu","potentialAction":[{"@type":"ReadAction","target":["https:\/\/www.welovecycling.com\/hu\/orszaguti-kerekpar\/nibali-valverde-dumoulin-gilbert-porte-brennauer-elkepeszto-nevekkel-leszunk-szegenyebbek-2023-tol\/"]}]},{"@type":"ImageObject","inLanguage":"hu","@id":"https:\/\/www.welovecycling.com\/hu\/orszaguti-kerekpar\/nibali-valverde-dumoulin-gilbert-porte-brennauer-elkepeszto-nevekkel-leszunk-szegenyebbek-2023-tol\/#primaryimage","url":"https:\/\/d2p6e6u75xmxt8.cloudfront.net\/12\/2022\/11\/fcHE9DhwETRGdJRkc8C7NC-1200-80.webp","contentUrl":"https:\/\/d2p6e6u75xmxt8.cloudfront.net\/12\/2022\/11\/fcHE9DhwETRGdJRkc8C7NC-1200-80.webp","width":1200,"height":720},{"@type":"BreadcrumbList","@id":"https:\/\/www.welovecycling.com\/hu\/orszaguti-kerekpar\/nibali-valverde-dumoulin-gilbert-porte-brennauer-elkepeszto-nevekkel-leszunk-szegenyebbek-2023-tol\/#breadcrumb","itemListElement":[{"@type":"ListItem","position":1,"name":"Home","item":"https:\/\/www.welovecycling.com\/hu\/"},{"@type":"ListItem","position":2,"name":"Nibali, Valverde, Dumoulin, Gilbert, Porte, Brennauer \u2013 elk\u00e9peszt\u0151 nevekkel lesz\u00fcnk szeg\u00e9nyebbek 2023-t\u00f3l"}]},{"@type":"WebSite","@id":"https:\/\/www.welovecycling.com\/hu\/#website","url":"https:\/\/www.welovecycling.com\/hu\/","name":"\u0160koda We Love Cycling - Magyarorsz\u00e1g","description":"\u0160koda WeLoveCycling","potentialAction":[{"@type":"SearchAction","target":{"@type":"EntryPoint","urlTemplate":"https:\/\/www.welovecycling.com\/hu\/?s={search_term_string}"},"query-input":{"@type":"PropertyValueSpecification","valueRequired":true,"valueName":"search_term_string"}}],"inLanguage":"hu"},{"@type":"Person","@id":"https:\/\/www.welovecycling.com\/hu\/#\/schema\/person\/414a2aebf1801691a5320edb6468e194","name":"hegyizs","image":{"@type":"ImageObject","inLanguage":"hu","@id":"https:\/\/www.welovecycling.com\/hu\/#\/schema\/person\/image\/","url":"https:\/\/secure.gravatar.com\/avatar\/02cf8a7906b8cf90cecb4679defac7cfd33a1c2e3b88e4903d947f3bb58eedd3?s=96&d=mm&r=g","contentUrl":"https:\/\/secure.gravatar.com\/avatar\/02cf8a7906b8cf90cecb4679defac7cfd33a1c2e3b88e4903d947f3bb58eedd3?s=96&d=mm&r=g","caption":"hegyizs"},"url":"https:\/\/www.welovecycling.com\/hu\/author\/hegyizs\/"}]}},"_links":{"self":[{"href":"https:\/\/www.welovecycling.com\/hu\/wp-json\/wp\/v2\/posts\/16492","targetHints":{"allow":["GET"]}}],"collection":[{"href":"https:\/\/www.welovecycling.com\/hu\/wp-json\/wp\/v2\/posts"}],"about":[{"href":"https:\/\/www.welovecycling.com\/hu\/wp-json\/wp\/v2\/types\/post"}],"author":[{"embeddable":true,"href":"https:\/\/www.welovecycling.com\/hu\/wp-json\/wp\/v2\/users\/71"}],"replies":[{"embeddable":true,"href":"https:\/\/www.welovecycling.com\/hu\/wp-json\/wp\/v2\/comments?post=16492"}],"version-history":[{"count":1,"href":"https:\/\/www.welovecycling.com\/hu\/wp-json\/wp\/v2\/posts\/16492\/revisions"}],"predecessor-version":[{"id":16498,"href":"https:\/\/www.welovecycling.com\/hu\/wp-json\/wp\/v2\/posts\/16492\/revisions\/16498"}],"wp:featuredmedia":[{"embeddable":true,"href":"https:\/\/www.welovecycling.com\/hu\/wp-json\/wp\/v2\/media\/16497"}],"wp:attachment":[{"href":"https:\/\/www.welovecycling.com\/hu\/wp-json\/wp\/v2\/media?parent=16492"}],"wp:term":[{"taxonomy":"category","embeddable":true,"href":"https:\/\/www.welovecycling.com\/hu\/wp-json\/wp\/v2\/categories?post=16492"},{"taxonomy":"post_tag","embeddable":true,"href":"https:\/\/www.welovecycling.com\/hu\/wp-json\/wp\/v2\/tags?post=16492"},{"taxonomy":"global-categories","embeddable":true,"href":"https:\/\/www.welovecycling.com\/hu\/wp-json\/wp\/v2\/global-categories?post=16492"}],"curies":[{"name":"wp","href":"https:\/\/api.w.org\/{rel}","templated":true}]}}