{"id":16485,"date":"2022-12-02T08:00:59","date_gmt":"2022-12-02T06:00:59","guid":{"rendered":"https:\/\/www.welovecycling.com\/hu\/?p=16485"},"modified":"2022-11-25T17:58:22","modified_gmt":"2022-11-25T15:58:22","slug":"szivfrekvencia-variabilitas-hogyan-fejleszd","status":"publish","type":"post","link":"https:\/\/www.welovecycling.com\/hu\/edzes-es-eletmod\/szivfrekvencia-variabilitas-hogyan-fejleszd\/","title":{"rendered":"Sz\u00edvfrekvencia-variabilit\u00e1s &#8211; Hogyan fejleszd?"},"content":{"rendered":"<p><strong>A <\/strong><a href=\"https:\/\/www.welovecycling.com\/hu\/edzes-es-eletmod\/mi-az-a-szivfrekvencia-variabilitas\/\"><strong>sz\u00edvfrekvencia-variabilit\u00e1s<\/strong><\/a><strong> megmutatja, mennyire j\u00f3l kezeled a stresszt. Tov\u00e1bb\u00e1 a HRV m\u00e9r\u00e9se sokat el\u00e1rulhat az eg\u00e9szs\u00e9gedr\u0151l, az \u00e9letm\u00f3dodr\u00f3l \u00e9s az edz\u00e9seidr\u0151l, valamint seg\u00edthet nyomon <\/strong><a href=\"https:\/\/www.welovecycling.com\/hu\/edzes-es-eletmod\/szivritmus-frekvencia-hogyan-merd\/\"><strong>k\u00f6vetned a fejl\u0151d\u00e9sedet<\/strong><\/a><strong> ezeken a ter\u00fcleteken. Err\u0151l m\u00e1r mind \u00edrtunk kor\u00e1bban. Most n\u00e9zz\u00fck meg, hogyan fejleszthet\u0151 a HRV-d!<\/strong><\/p>\n<p><!--more--><\/p>\n<h2><strong>Mi sz\u00e1m\u00edt norm\u00e1lis HRV-nek?<\/strong><\/h2>\n<p>Ahogy azt a sorozat kor\u00e1bbi cikkeib\u0151l m\u00e1r tudhatod, a HRV-\u00e9rt\u00e9kek minden embern\u00e9l k\u00fcl\u00f6nb\u00f6z\u0151ek lehetnek. M\u00e9r\u00e9s n\u00e9lk\u00fcl szinte lehetetlen megj\u00f3solni, hogy a ti\u00e9d milyen lesz, b\u00e1r van n\u00e9h\u00e1ny \u00e1ltal\u00e1nos dolog, amit figyelembe vehet\u00fcnk. A kutat\u00e1sok p\u00e9ld\u00e1ul azt mutatj\u00e1k, hogy a HRV az \u00f6reged\u00e9ssel cs\u00f6kken, \u00e9s a tizen\u00e9vesekn\u00e9l \u2013 akikn\u00e9l \u00e1tlagosan 70-80 milliszekundum (ms) \u2013 a legmagasabb. Ezut\u00e1n eg\u00e9szen a 60-as \u00e9veink v\u00e9g\u00e9ig cs\u00f6kken az \u00e9rt\u00e9ke, majd v\u00e9g\u00fcl 25 \u00e9s 35 ms k\u00f6z\u00f6tt stabiliz\u00e1l\u00f3dik. Azt is tudjuk, hogy az akt\u00edv emberek HRV-je \u00e1ltal\u00e1ban magasabb, mint az \u00fcl\u0151 \u00e9letm\u00f3dot folytat\u00f3 emberek\u00e9, valamint, hogy legt\u00f6bbsz\u00f6r a hivat\u00e1sos \u00e1ll\u00f3k\u00e9pess\u00e9gi sportol\u00f3k HRV-je a legmagasabb.<\/p>\n<h2><strong>Mit \u00e1rul el r\u00f3lad a HRV-\u00e9rt\u00e9ked?<\/strong><\/h2>\n<p>\u00c1ltal\u00e1noss\u00e1gban elmondhat\u00f3, hogy a magas HRV-\u00e9rt\u00e9k azt jelzi, hogy a testednek j\u00f3 az alkalmazkod\u00f3k\u00e9pess\u00e9ge \u00e9s j\u00f3l kezeli a stresszt. Ez azt jelenti, hogy j\u00f3l tudsz profit\u00e1lni a kem\u00e9ny edz\u00e9sekb\u0151l, \u00e9s k\u00f6nnyebben \u00e1tv\u00e9szeled az \u00e9let \u00e1ltal r\u00e1d z\u00fad\u00edtott stresszes esem\u00e9nyeket.<\/p>\n<p>Az alacsony HRV-\u00e9rt\u00e9kek ezzel szemben arr\u00f3l \u00e1rulkodnak, hogy a szervezeted kem\u00e9nyen k\u00fczd valamivel. Ez lehet a kor\u00e1bbi edz\u00e9sb\u0151l ered\u0151 f\u00e1radts\u00e1g, a kisz\u00e1rad\u00e1s vagy egy betegs\u00e9g. Ha ezek mell\u00e9 m\u00e9g tov\u00e1bbi stresszorok is t\u00e1rsulnak, az a k\u00e9s\u0151bbiekben probl\u00e9m\u00e1khoz vezethet.<\/p>\n<h2><strong>A HRV szorosan \u00f6sszef\u00fcgg a hangulatoddal <\/strong><\/h2>\n<p>Mint tudjuk, a HRV l\u00e9nyeg\u00e9ben a vegetat\u00edv idegrendszeri m\u0171k\u00f6d\u00e9s m\u00e9r\u0151sz\u00e1ma, amely k\u00f6zvetlen\u00fcl \u00f6sszef\u00fcgg a hangulattal. A kutat\u00e1sok is meger\u0151s\u00edtik, hogy a HRV szoros kapcsolatban \u00e1ll a j\u00f3ll\u00e9t \u00e9rz\u00e9kel\u00e9s\u00e9vel \u00e9s az \u00e9rzelmek szab\u00e1lyoz\u00e1s\u00e1nak k\u00e9pess\u00e9g\u00e9vel. S\u0151t, egy nemr\u00e9giben ker\u00e9kp\u00e1rosok k\u00f6r\u00e9ben v\u00e9gzett tanulm\u00e1ny szerint min\u00e9l nagyobb a napi edz\u00e9steljes\u00edtm\u00e9ny, ann\u00e1l alacsonyabb a m\u00e1snap reggeli HRV \u00e9s ann\u00e1l jellemz\u0151bb a hangulatingadoz\u00e1s.<\/p>\n<h2><strong>A HRV-t befoly\u00e1sol\u00f3 t\u00e9nyez\u0151k<\/strong><\/h2>\n<p>Ahhoz, hogy meg\u00e9rts\u00fck, hogyan fejleszthetj\u00fck a HRV-t, fontos megismerni az azt befoly\u00e1sol\u00f3 t\u00e9nyez\u0151ket, melyek h\u00e1rom f\u0151 kateg\u00f3ri\u00e1ba sorolhat\u00f3k.<\/p>\n<h4><strong>Edz\u00e9ssel kapcsolatos t\u00e9nyez\u0151k<\/strong><\/h4>\n<ul>\n<li>Edz\u00e9smennyis\u00e9g (mennyi id\u0151t t\u00f6ltesz ker\u00e9kp\u00e1roz\u00e1ssal)<\/li>\n<li>Edz\u00e9sintenzit\u00e1s (mennyire kem\u00e9nyen tekersz)<\/li>\n<li>\u00daj inger (\u00faj sport\u00e1g kipr\u00f3b\u00e1l\u00e1sa, \u00faj er\u0151nl\u00e9ti edz\u00e9sprogram beiktat\u00e1sa stb.)<\/li>\n<li>A pihen\u00e9s \u00e9s az edz\u00e9s k\u00f6z\u00f6tti egyens\u00faly<\/li>\n<\/ul>\n<h4><strong>\u00c9letm\u00f3dbeli t\u00e9nyez\u0151k<\/strong><\/h4>\n<ul>\n<li>Di\u00e9ta (t\u00falev\u00e9s, alult\u00e1pl\u00e1lts\u00e1g, alapvet\u0151 t\u00e1panyagok hi\u00e1nya az \u00e9trendben)<\/li>\n<li>Alkoholfogyaszt\u00e1s<\/li>\n<li>Alv\u00e1s (teljes alv\u00e1sid\u0151, alv\u00e1smin\u0151s\u00e9g, alv\u00e1s rendszeress\u00e9ge)<\/li>\n<li>Kr\u00f3nikus stressz (t\u00e1rsadalmi elszigetelts\u00e9g, p\u00e9nz\u00fcgyi probl\u00e9m\u00e1k, m\u00e9rgez\u0151 kapcsolatok stb.)<\/li>\n<\/ul>\n<h4><strong>Biol\u00f3giai t\u00e9nyez\u0151k<\/strong><\/h4>\n<ul>\n<li>\u00c9letkor (a HRV a korral cs\u00f6kken)<\/li>\n<li>Nem (a n\u0151k HRV-je \u00e1ltal\u00e1ban alacsonyabb, mint a f\u00e9rfiak\u00e9)<\/li>\n<li>Genetika (a HRV alap\u00e9rt\u00e9kei \u00e1ltal\u00e1ban \u00f6r\u00f6kl\u0151dnek)<\/li>\n<li>Kr\u00f3nikus eg\u00e9szs\u00e9g\u00fcgyi \u00e1llapotok<\/li>\n<\/ul>\n<h2><strong>A HRV fejleszt\u00e9s\u00e9nek m\u00f3djai<\/strong><\/h2>\n<p>A HRV-t befoly\u00e1sol\u00f3 t\u00e9nyez\u0151ket olvasva val\u00f3sz\u00edn\u0171leg m\u00e1ris eszedbe jut egy csom\u00f3 m\u00f3dszer a HRV jav\u00edt\u00e1s\u00e1ra. Foglaljuk \u00f6ssze a leghat\u00e9konyabbakat.<\/p>\n<ul>\n<li><strong>Eddz okosan<\/strong> &#8211; Legyen egy edz\u00e9sterved, amihez tartsd magad, m\u00e9g akkor is, ha csak ker\u00e9kp\u00e1rozni szeretn\u00e9l. A c\u00e9l a megfelel\u0151 sz\u00e1m\u00fa pihen\u0151nap \u00e9s a k\u00f6nnyebb edz\u00e9snapok beiktat\u00e1sa, hogy azok ellens\u00falyozz\u00e1k a nagy intenzit\u00e1s\u00fa edz\u00e9seket.<\/li>\n<li><strong>Jav\u00edts az alv\u00e1smin\u0151s\u00e9geden<\/strong> &#8211; A rendszeres, id\u0151ben val\u00f3 lefekv\u00e9s \u00e9s \u00e9bred\u00e9s, a lefekv\u00e9s el\u0151tti pihen\u00e9s, valamint a h\u0171v\u00f6s, s\u00f6t\u00e9t \u00e9s csendes helyen val\u00f3 alv\u00e1s mind olyan dolgok, amelyek jelent\u0151sen jav\u00edtj\u00e1k a HRV-t.<\/li>\n<li><strong>Ker\u00fcld az alkoholt<\/strong> &#8211; M\u00e1r egyetlen \u00e9jszakai alkoholfogyaszt\u00e1s is ak\u00e1r 5 napig folyamatosan cs\u00f6kkentheti a HRV-det. Tartsd kord\u00e1ban az alkoholfogyaszt\u00e1st, \u00e9s ne igy\u00e1l az alv\u00e1sid\u0151h\u00f6z k\u00f6zeli id\u0151pontokban, mert az cs\u00f6kkenti az alv\u00e1smin\u0151s\u00e9ged.<\/li>\n<li><strong>Hidrat\u00e1lj<\/strong> &#8211; Min\u00e9l ink\u00e1bb hidrat\u00e1lt vagy, a szervezeted ann\u00e1l k\u00f6nnyebben tud megk\u00fczdeni a stresszel. Mindig tartsd szem el\u0151tt a h\u0151m\u00e9rs\u00e9kletet, amikor megbecs\u00fcl\u00f6d, mennyit kell innod a nap folyam\u00e1n.<\/li>\n<li><strong>\u00c9tkezz j\u00f3l \u00e9s egyenletesen<\/strong> &#8211; A rendszeres \u00e9tkez\u00e9s \u00e9s a k\u00f6vetkezetes, helyes t\u00e1pl\u00e1lkoz\u00e1s kulcsfontoss\u00e1g\u00fa.<\/li>\n<\/ul>\n<p>Fontos szem el\u0151tt tartanod, hogy a HRV els\u0151sorban egy olyan m\u00e9r\u0151sz\u00e1m, amely seg\u00edt k\u00f6vetned a fejl\u0151d\u00e9sedet. Nem az a c\u00e9l, hogy magasabb legyen a HRV-\u00e9rt\u00e9ked, mint a bar\u00e1taidnak. A HRV fejleszt\u00e9se csup\u00e1n arr\u00f3l sz\u00f3l, hogy megszabadulj azokt\u00f3l a dolgokt\u00f3l az \u00e9letedben, amelyek feleslegesen terhelik a szervezetedet, hogy gond n\u00e9lk\u00fcl \u00e9lvezni tudd a ker\u00e9kp\u00e1roz\u00e1st, \u00e9s felk\u00e9sz\u00fclt legy\u00e9l az \u00e9let kih\u00edv\u00e1saira.<\/p>\n<p>A k\u00f6vetkez\u0151 cikkben r\u00e9szletesebben fogunk besz\u00e9lni arr\u00f3l, hogyan haszn\u00e1lhatod fel a HRV-t, hogy m\u00e9g c\u00e9lir\u00e1nyosabbak legyenek az edz\u00e9seid.<\/p>\n","protected":false},"excerpt":{"rendered":"<p>A sz\u00edvfrekvencia-variabilit\u00e1s megmutatja, mennyire j\u00f3l kezeled a stresszt. Tov\u00e1bb\u00e1 a HRV m\u00e9r\u00e9se sokat el\u00e1rulhat az eg\u00e9szs\u00e9gedr\u0151l, az \u00e9letm\u00f3dodr\u00f3l \u00e9s az [&hellip;]<\/p>\n","protected":false},"author":71,"featured_media":16486,"comment_status":"open","ping_status":"open","sticky":false,"template":"","format":"standard","meta":{"footnotes":""},"categories":[6],"tags":[],"global-categories":[],"class_list":["post-16485","post","type-post","status-publish","format-standard","has-post-thumbnail","hentry","category-edzes-es-eletmod"],"yoast_head":"<!-- This site is optimized with the Yoast SEO Premium plugin v25.3 (Yoast SEO v25.9) - https:\/\/yoast.com\/wordpress\/plugins\/seo\/ -->\n<title>Sz\u00edvfrekvencia-variabilit\u00e1s - Hogyan fejleszd?<\/title>\n<meta name=\"description\" content=\"A sz\u00edvfrekvencia-variabilit\u00e1s megmutatja, mennyire j\u00f3l kezeled a stresszt. Tov\u00e1bb\u00e1 a HRV m\u00e9r\u00e9se sokat el\u00e1rulhat az eg\u00e9szs\u00e9gedr\u0151l, az \u00e9letm\u00f3dodr\u00f3l \u00e9s az edz\u00e9seidr\u0151l, valamint seg\u00edthet nyomon k\u00f6vetned a fejl\u0151d\u00e9sedet ezeken a ter\u00fcleteken. Err\u0151l m\u00e1r mind \u00edrtunk kor\u00e1bban. Most n\u00e9zz\u00fck meg, hogyan fejleszthet\u0151 a HRV-d!\" \/>\n<meta name=\"robots\" content=\"index, follow, max-snippet:-1, max-image-preview:large, max-video-preview:-1\" \/>\n<link rel=\"canonical\" href=\"https:\/\/www.welovecycling.com\/hu\/edzes-es-eletmod\/szivfrekvencia-variabilitas-hogyan-fejleszd\/\" \/>\n<meta property=\"og:locale\" content=\"hu_HU\" \/>\n<meta property=\"og:type\" content=\"article\" \/>\n<meta property=\"og:title\" content=\"How to Improve Your Heart Rate Variability\" \/>\n<meta property=\"og:description\" content=\"A sz\u00edvfrekvencia-variabilit\u00e1s megmutatja, mennyire j\u00f3l kezeled a stresszt. Tov\u00e1bb\u00e1 a HRV m\u00e9r\u00e9se sokat el\u00e1rulhat az eg\u00e9szs\u00e9gedr\u0151l, az \u00e9letm\u00f3dodr\u00f3l \u00e9s az edz\u00e9seidr\u0151l, valamint seg\u00edthet nyomon k\u00f6vetned a fejl\u0151d\u00e9sedet ezeken a ter\u00fcleteken. Err\u0151l m\u00e1r mind \u00edrtunk kor\u00e1bban. Most n\u00e9zz\u00fck meg, hogyan fejleszthet\u0151 a HRV-d!\" \/>\n<meta property=\"og:url\" content=\"https:\/\/www.welovecycling.com\/hu\/edzes-es-eletmod\/szivfrekvencia-variabilitas-hogyan-fejleszd\/\" \/>\n<meta property=\"og:site_name\" content=\"\u0160koda We Love Cycling - Magyarorsz\u00e1g\" \/>\n<meta property=\"article:publisher\" content=\"https:\/\/www.facebook.com\/WeLoveCyclingHungary\/\" \/>\n<meta property=\"article:published_time\" content=\"2022-12-02T06:00:59+00:00\" \/>\n<meta property=\"og:image\" content=\"https:\/\/d2p6e6u75xmxt8.cloudfront.net\/12\/2022\/11\/Cyclist-happy-profimedia-0737497831-CVR.webp\" \/>\n\t<meta property=\"og:image:width\" content=\"990\" \/>\n\t<meta property=\"og:image:height\" content=\"660\" \/>\n\t<meta property=\"og:image:type\" content=\"image\/webp\" \/>\n<meta name=\"author\" content=\"hegyizs\" \/>\n<meta name=\"twitter:card\" content=\"summary_large_image\" \/>\n<meta name=\"twitter:title\" content=\"Sz\u00edvfrekvencia-variabilit\u00e1s - Hogyan fejleszd?\" \/>\n<meta name=\"twitter:label1\" content=\"Written by\" \/>\n\t<meta name=\"twitter:data1\" content=\"Jiri Kaloc\" \/>\n\t<meta name=\"twitter:label2\" content=\"Est. reading time\" \/>\n\t<meta name=\"twitter:data2\" content=\"5\" \/>\n<script type=\"application\/ld+json\" class=\"yoast-schema-graph\">{\"@context\":\"https:\/\/schema.org\",\"@graph\":[{\"@type\":\"WebPage\",\"@id\":\"https:\/\/www.welovecycling.com\/hu\/edzes-es-eletmod\/szivfrekvencia-variabilitas-hogyan-fejleszd\/\",\"url\":\"https:\/\/www.welovecycling.com\/hu\/edzes-es-eletmod\/szivfrekvencia-variabilitas-hogyan-fejleszd\/\",\"name\":\"Sz\u00edvfrekvencia-variabilit\u00e1s - Hogyan fejleszd?\",\"isPartOf\":{\"@id\":\"https:\/\/www.welovecycling.com\/hu\/#website\"},\"primaryImageOfPage\":{\"@id\":\"https:\/\/www.welovecycling.com\/hu\/edzes-es-eletmod\/szivfrekvencia-variabilitas-hogyan-fejleszd\/#primaryimage\"},\"image\":{\"@id\":\"https:\/\/www.welovecycling.com\/hu\/edzes-es-eletmod\/szivfrekvencia-variabilitas-hogyan-fejleszd\/#primaryimage\"},\"thumbnailUrl\":\"https:\/\/d2p6e6u75xmxt8.cloudfront.net\/12\/2022\/11\/Cyclist-happy-profimedia-0737497831-CVR.webp\",\"datePublished\":\"2022-12-02T06:00:59+00:00\",\"author\":{\"@id\":\"https:\/\/www.welovecycling.com\/hu\/#\/schema\/person\/414a2aebf1801691a5320edb6468e194\"},\"description\":\"A sz\u00edvfrekvencia-variabilit\u00e1s megmutatja, mennyire j\u00f3l kezeled a stresszt. Tov\u00e1bb\u00e1 a HRV m\u00e9r\u00e9se sokat el\u00e1rulhat az eg\u00e9szs\u00e9gedr\u0151l, az \u00e9letm\u00f3dodr\u00f3l \u00e9s az edz\u00e9seidr\u0151l, valamint seg\u00edthet nyomon k\u00f6vetned a fejl\u0151d\u00e9sedet ezeken a ter\u00fcleteken. Err\u0151l m\u00e1r mind \u00edrtunk kor\u00e1bban. Most n\u00e9zz\u00fck meg, hogyan fejleszthet\u0151 a HRV-d!\",\"breadcrumb\":{\"@id\":\"https:\/\/www.welovecycling.com\/hu\/edzes-es-eletmod\/szivfrekvencia-variabilitas-hogyan-fejleszd\/#breadcrumb\"},\"inLanguage\":\"hu\",\"potentialAction\":[{\"@type\":\"ReadAction\",\"target\":[\"https:\/\/www.welovecycling.com\/hu\/edzes-es-eletmod\/szivfrekvencia-variabilitas-hogyan-fejleszd\/\"]}]},{\"@type\":\"ImageObject\",\"inLanguage\":\"hu\",\"@id\":\"https:\/\/www.welovecycling.com\/hu\/edzes-es-eletmod\/szivfrekvencia-variabilitas-hogyan-fejleszd\/#primaryimage\",\"url\":\"https:\/\/d2p6e6u75xmxt8.cloudfront.net\/12\/2022\/11\/Cyclist-happy-profimedia-0737497831-CVR.webp\",\"contentUrl\":\"https:\/\/d2p6e6u75xmxt8.cloudfront.net\/12\/2022\/11\/Cyclist-happy-profimedia-0737497831-CVR.webp\",\"width\":990,\"height\":660,\"caption\":\"A happy cyclist and his bicycle\"},{\"@type\":\"BreadcrumbList\",\"@id\":\"https:\/\/www.welovecycling.com\/hu\/edzes-es-eletmod\/szivfrekvencia-variabilitas-hogyan-fejleszd\/#breadcrumb\",\"itemListElement\":[{\"@type\":\"ListItem\",\"position\":1,\"name\":\"Home\",\"item\":\"https:\/\/www.welovecycling.com\/hu\/\"},{\"@type\":\"ListItem\",\"position\":2,\"name\":\"Sz\u00edvfrekvencia-variabilit\u00e1s &#8211; Hogyan fejleszd?\"}]},{\"@type\":\"WebSite\",\"@id\":\"https:\/\/www.welovecycling.com\/hu\/#website\",\"url\":\"https:\/\/www.welovecycling.com\/hu\/\",\"name\":\"\u0160koda We Love Cycling - Magyarorsz\u00e1g\",\"description\":\"\u0160koda WeLoveCycling\",\"potentialAction\":[{\"@type\":\"SearchAction\",\"target\":{\"@type\":\"EntryPoint\",\"urlTemplate\":\"https:\/\/www.welovecycling.com\/hu\/?s={search_term_string}\"},\"query-input\":{\"@type\":\"PropertyValueSpecification\",\"valueRequired\":true,\"valueName\":\"search_term_string\"}}],\"inLanguage\":\"hu\"},{\"@type\":\"Person\",\"@id\":\"https:\/\/www.welovecycling.com\/hu\/#\/schema\/person\/414a2aebf1801691a5320edb6468e194\",\"name\":\"hegyizs\",\"image\":{\"@type\":\"ImageObject\",\"inLanguage\":\"hu\",\"@id\":\"https:\/\/www.welovecycling.com\/hu\/#\/schema\/person\/image\/\",\"url\":\"https:\/\/secure.gravatar.com\/avatar\/02cf8a7906b8cf90cecb4679defac7cfd33a1c2e3b88e4903d947f3bb58eedd3?s=96&d=mm&r=g\",\"contentUrl\":\"https:\/\/secure.gravatar.com\/avatar\/02cf8a7906b8cf90cecb4679defac7cfd33a1c2e3b88e4903d947f3bb58eedd3?s=96&d=mm&r=g\",\"caption\":\"hegyizs\"},\"url\":\"https:\/\/www.welovecycling.com\/hu\/author\/hegyizs\/\"}]}<\/script>\n<!-- \/ Yoast SEO Premium plugin. -->","yoast_head_json":{"title":"Sz\u00edvfrekvencia-variabilit\u00e1s - Hogyan fejleszd?","description":"A sz\u00edvfrekvencia-variabilit\u00e1s megmutatja, mennyire j\u00f3l kezeled a stresszt. Tov\u00e1bb\u00e1 a HRV m\u00e9r\u00e9se sokat el\u00e1rulhat az eg\u00e9szs\u00e9gedr\u0151l, az \u00e9letm\u00f3dodr\u00f3l \u00e9s az edz\u00e9seidr\u0151l, valamint seg\u00edthet nyomon k\u00f6vetned a fejl\u0151d\u00e9sedet ezeken a ter\u00fcleteken. Err\u0151l m\u00e1r mind \u00edrtunk kor\u00e1bban. Most n\u00e9zz\u00fck meg, hogyan fejleszthet\u0151 a HRV-d!","robots":{"index":"index","follow":"follow","max-snippet":"max-snippet:-1","max-image-preview":"max-image-preview:large","max-video-preview":"max-video-preview:-1"},"canonical":"https:\/\/www.welovecycling.com\/hu\/edzes-es-eletmod\/szivfrekvencia-variabilitas-hogyan-fejleszd\/","og_locale":"hu_HU","og_type":"article","og_title":"How to Improve Your Heart Rate Variability","og_description":"A sz\u00edvfrekvencia-variabilit\u00e1s megmutatja, mennyire j\u00f3l kezeled a stresszt. Tov\u00e1bb\u00e1 a HRV m\u00e9r\u00e9se sokat el\u00e1rulhat az eg\u00e9szs\u00e9gedr\u0151l, az \u00e9letm\u00f3dodr\u00f3l \u00e9s az edz\u00e9seidr\u0151l, valamint seg\u00edthet nyomon k\u00f6vetned a fejl\u0151d\u00e9sedet ezeken a ter\u00fcleteken. Err\u0151l m\u00e1r mind \u00edrtunk kor\u00e1bban. Most n\u00e9zz\u00fck meg, hogyan fejleszthet\u0151 a HRV-d!","og_url":"https:\/\/www.welovecycling.com\/hu\/edzes-es-eletmod\/szivfrekvencia-variabilitas-hogyan-fejleszd\/","og_site_name":"\u0160koda We Love Cycling - Magyarorsz\u00e1g","article_publisher":"https:\/\/www.facebook.com\/WeLoveCyclingHungary\/","article_published_time":"2022-12-02T06:00:59+00:00","og_image":[{"width":990,"height":660,"url":"https:\/\/d2p6e6u75xmxt8.cloudfront.net\/12\/2022\/11\/Cyclist-happy-profimedia-0737497831-CVR.webp","type":"image\/webp"}],"author":"hegyizs","twitter_card":"summary_large_image","twitter_title":"Sz\u00edvfrekvencia-variabilit\u00e1s - Hogyan fejleszd?","twitter_misc":{"Written by":"Jiri Kaloc","Est. reading time":"5"},"schema":{"@context":"https:\/\/schema.org","@graph":[{"@type":"WebPage","@id":"https:\/\/www.welovecycling.com\/hu\/edzes-es-eletmod\/szivfrekvencia-variabilitas-hogyan-fejleszd\/","url":"https:\/\/www.welovecycling.com\/hu\/edzes-es-eletmod\/szivfrekvencia-variabilitas-hogyan-fejleszd\/","name":"Sz\u00edvfrekvencia-variabilit\u00e1s - Hogyan fejleszd?","isPartOf":{"@id":"https:\/\/www.welovecycling.com\/hu\/#website"},"primaryImageOfPage":{"@id":"https:\/\/www.welovecycling.com\/hu\/edzes-es-eletmod\/szivfrekvencia-variabilitas-hogyan-fejleszd\/#primaryimage"},"image":{"@id":"https:\/\/www.welovecycling.com\/hu\/edzes-es-eletmod\/szivfrekvencia-variabilitas-hogyan-fejleszd\/#primaryimage"},"thumbnailUrl":"https:\/\/d2p6e6u75xmxt8.cloudfront.net\/12\/2022\/11\/Cyclist-happy-profimedia-0737497831-CVR.webp","datePublished":"2022-12-02T06:00:59+00:00","author":{"@id":"https:\/\/www.welovecycling.com\/hu\/#\/schema\/person\/414a2aebf1801691a5320edb6468e194"},"description":"A sz\u00edvfrekvencia-variabilit\u00e1s megmutatja, mennyire j\u00f3l kezeled a stresszt. Tov\u00e1bb\u00e1 a HRV m\u00e9r\u00e9se sokat el\u00e1rulhat az eg\u00e9szs\u00e9gedr\u0151l, az \u00e9letm\u00f3dodr\u00f3l \u00e9s az edz\u00e9seidr\u0151l, valamint seg\u00edthet nyomon k\u00f6vetned a fejl\u0151d\u00e9sedet ezeken a ter\u00fcleteken. Err\u0151l m\u00e1r mind \u00edrtunk kor\u00e1bban. Most n\u00e9zz\u00fck meg, hogyan fejleszthet\u0151 a HRV-d!","breadcrumb":{"@id":"https:\/\/www.welovecycling.com\/hu\/edzes-es-eletmod\/szivfrekvencia-variabilitas-hogyan-fejleszd\/#breadcrumb"},"inLanguage":"hu","potentialAction":[{"@type":"ReadAction","target":["https:\/\/www.welovecycling.com\/hu\/edzes-es-eletmod\/szivfrekvencia-variabilitas-hogyan-fejleszd\/"]}]},{"@type":"ImageObject","inLanguage":"hu","@id":"https:\/\/www.welovecycling.com\/hu\/edzes-es-eletmod\/szivfrekvencia-variabilitas-hogyan-fejleszd\/#primaryimage","url":"https:\/\/d2p6e6u75xmxt8.cloudfront.net\/12\/2022\/11\/Cyclist-happy-profimedia-0737497831-CVR.webp","contentUrl":"https:\/\/d2p6e6u75xmxt8.cloudfront.net\/12\/2022\/11\/Cyclist-happy-profimedia-0737497831-CVR.webp","width":990,"height":660,"caption":"A happy cyclist and his bicycle"},{"@type":"BreadcrumbList","@id":"https:\/\/www.welovecycling.com\/hu\/edzes-es-eletmod\/szivfrekvencia-variabilitas-hogyan-fejleszd\/#breadcrumb","itemListElement":[{"@type":"ListItem","position":1,"name":"Home","item":"https:\/\/www.welovecycling.com\/hu\/"},{"@type":"ListItem","position":2,"name":"Sz\u00edvfrekvencia-variabilit\u00e1s &#8211; Hogyan fejleszd?"}]},{"@type":"WebSite","@id":"https:\/\/www.welovecycling.com\/hu\/#website","url":"https:\/\/www.welovecycling.com\/hu\/","name":"\u0160koda We Love Cycling - Magyarorsz\u00e1g","description":"\u0160koda WeLoveCycling","potentialAction":[{"@type":"SearchAction","target":{"@type":"EntryPoint","urlTemplate":"https:\/\/www.welovecycling.com\/hu\/?s={search_term_string}"},"query-input":{"@type":"PropertyValueSpecification","valueRequired":true,"valueName":"search_term_string"}}],"inLanguage":"hu"},{"@type":"Person","@id":"https:\/\/www.welovecycling.com\/hu\/#\/schema\/person\/414a2aebf1801691a5320edb6468e194","name":"hegyizs","image":{"@type":"ImageObject","inLanguage":"hu","@id":"https:\/\/www.welovecycling.com\/hu\/#\/schema\/person\/image\/","url":"https:\/\/secure.gravatar.com\/avatar\/02cf8a7906b8cf90cecb4679defac7cfd33a1c2e3b88e4903d947f3bb58eedd3?s=96&d=mm&r=g","contentUrl":"https:\/\/secure.gravatar.com\/avatar\/02cf8a7906b8cf90cecb4679defac7cfd33a1c2e3b88e4903d947f3bb58eedd3?s=96&d=mm&r=g","caption":"hegyizs"},"url":"https:\/\/www.welovecycling.com\/hu\/author\/hegyizs\/"}]}},"_links":{"self":[{"href":"https:\/\/www.welovecycling.com\/hu\/wp-json\/wp\/v2\/posts\/16485","targetHints":{"allow":["GET"]}}],"collection":[{"href":"https:\/\/www.welovecycling.com\/hu\/wp-json\/wp\/v2\/posts"}],"about":[{"href":"https:\/\/www.welovecycling.com\/hu\/wp-json\/wp\/v2\/types\/post"}],"author":[{"embeddable":true,"href":"https:\/\/www.welovecycling.com\/hu\/wp-json\/wp\/v2\/users\/71"}],"replies":[{"embeddable":true,"href":"https:\/\/www.welovecycling.com\/hu\/wp-json\/wp\/v2\/comments?post=16485"}],"version-history":[{"count":1,"href":"https:\/\/www.welovecycling.com\/hu\/wp-json\/wp\/v2\/posts\/16485\/revisions"}],"predecessor-version":[{"id":16491,"href":"https:\/\/www.welovecycling.com\/hu\/wp-json\/wp\/v2\/posts\/16485\/revisions\/16491"}],"wp:featuredmedia":[{"embeddable":true,"href":"https:\/\/www.welovecycling.com\/hu\/wp-json\/wp\/v2\/media\/16486"}],"wp:attachment":[{"href":"https:\/\/www.welovecycling.com\/hu\/wp-json\/wp\/v2\/media?parent=16485"}],"wp:term":[{"taxonomy":"category","embeddable":true,"href":"https:\/\/www.welovecycling.com\/hu\/wp-json\/wp\/v2\/categories?post=16485"},{"taxonomy":"post_tag","embeddable":true,"href":"https:\/\/www.welovecycling.com\/hu\/wp-json\/wp\/v2\/tags?post=16485"},{"taxonomy":"global-categories","embeddable":true,"href":"https:\/\/www.welovecycling.com\/hu\/wp-json\/wp\/v2\/global-categories?post=16485"}],"curies":[{"name":"wp","href":"https:\/\/api.w.org\/{rel}","templated":true}]}}