{"id":16475,"date":"2022-11-29T08:00:00","date_gmt":"2022-11-29T06:00:00","guid":{"rendered":"https:\/\/www.welovecycling.com\/hu\/?p=16475"},"modified":"2022-11-25T17:54:03","modified_gmt":"2022-11-25T15:54:03","slug":"eltort-a-bokad-a-leheto-leghamarabb-terj-vissza-a-bringazashoz","status":"publish","type":"post","link":"https:\/\/www.welovecycling.com\/hu\/edzes-es-eletmod\/eltort-a-bokad-a-leheto-leghamarabb-terj-vissza-a-bringazashoz\/","title":{"rendered":"Elt\u00f6rt a bok\u00e1d? A lehet\u0151 leghamarabb t\u00e9rj vissza a bring\u00e1z\u00e1shoz"},"content":{"rendered":"<p><strong>Richard Gasperotti sz\u00e1mtalan s\u00e9r\u00fcl\u00e9st \u00e9s csontt\u00f6r\u00e9st szenvedett m\u00e1r el sportol\u00f3i p\u00e1lyafut\u00e1sa sor\u00e1n, legut\u00f3bb pedig a bok\u00e1j\u00e1t t\u00f6rte el. &#8220;Mivel minden s\u00e9r\u00fcl\u00e9s egyedi, konzult\u00e1lj az orvosoddal a lehets\u00e9ges kezel\u00e9sekr\u0151l&#8221; \u2013 mondta. Neki is ehhez hasonl\u00f3 tan\u00e1csok seg\u00edtettek, hogy min\u00e9l el\u0151bb vissza\u00fclhessen a biciklij\u00e9re. Ebben a cikkben Richard elmondja, hogyan gyors\u00edthatod fel a bokat\u00f6r\u00e9sb\u0151l val\u00f3 fel\u00e9p\u00fcl\u00e9st.<\/strong><\/p>\n<p><!--more--><\/p>\n<h2><strong>K\u00e9rj m\u0171anyag r\u00f6gz\u00edt\u00e9st az orvosodt\u00f3l<\/strong><\/h2>\n<p>Mint a legt\u00f6bb csontot, a t\u00f6r\u00f6tt bok\u00e1t is r\u00f6gz\u00edteni kell. K\u00e9rd meg az orvosod, hogy modern m\u0171anyag r\u00f6gz\u00edt\u00e9st haszn\u00e1ljon. Ez a fajta bokar\u00f6gz\u00edt\u0151 \u00fagy n\u00e9z ki, mint egy snowboardcip\u0151. El\u0151nye, hogy levehet\u0151, ami lehet\u0151v\u00e9 teszi, hogy id\u0151nk\u00e9nt kicsit leveg\u0151ztesd a l\u00e1bfejed \u00e9s megmozgasd a l\u00e1bujjaidat.<\/p>\n<h2><strong>Cs\u00f6kkentsd a duzzanatot<\/strong><\/h2>\n<p>A lehet\u0151 leghamarabb szabadulj meg a duzzanatt\u00f3l, mivel megakad\u00e1lyozza a boka optim\u00e1lis v\u00e9rell\u00e1t\u00e1s\u00e1t, ami pedig meghosszabb\u00edtja a gy\u00f3gyul\u00e1si folyamatot. A visszaszor\u00edt\u00e1s\u00e1hoz Richard atl\u00e9tikai szalagokat v\u00e1gott fel cs\u00edkokra, \u00e9s azokat helyezte az \u00edz\u00fcleteire. Amint cs\u00f6kkent a duzzanat, a sz\u00f6vetek regener\u00e1ci\u00f3ja felgyorsult. Emellett, hogy t\u00e1mogassa a t\u00f6r\u00e9s gy\u00f3gyul\u00e1s\u00e1t, Richard rendszeresen haszn\u00e1lta a comfrey ken\u0151cs\u00f6t is.<\/p>\n<h2><strong>Pr\u00f3b\u00e1lj ki egy akupressz\u00far\u00e1s p\u00e1rn\u00e1t<\/strong><\/h2>\n<p>A gy\u00f3gyul\u00e1si folyamat felgyors\u00edt\u00e1sa \u00e9rdek\u00e9ben Richardnak an\u00e9lk\u00fcl kellett t\u00e1mogatnia bok\u00e1ja v\u00e9rell\u00e1t\u00e1s\u00e1t, hogy tov\u00e1bbi terhel\u00e9st m\u00e9rt volna a s\u00e9r\u00fclt \u00edz\u00fcletekre. Ennek a c\u00e9lnak legink\u00e1bb az akupressz\u00far\u00e1s p\u00e1rna felelt meg, melynek fels\u0151 oldal\u00e1t t\u00f6bb sz\u00e1z apr\u00f3 dudor bor\u00edtja. A p\u00e1rna optim\u00e1lis haszn\u00e1lata egyszer\u0171 \u2013 tov\u00e1bbi nyom\u00e1s n\u00e9lk\u00fcl helyezd a l\u00e1bad a p\u00e1rn\u00e1ra \u00e9s hagyd, hogy a kis dudorok elv\u00e9gezz\u00e9k a munk\u00e1t.<\/p>\n<h2><strong>El\u0151zd meg az izomsorvad\u00e1st<\/strong><\/h2>\n<p>A bokar\u00f6gz\u00edt\u00e9ssel elker\u00fclhetetlen\u00fcl gyeng\u00fcl a v\u00e1dliizom is, azonban a combod fitts\u00e9g\u00e9re tov\u00e1bbra is odafigyelhetsz. Haszn\u00e1lhatsz valamilyen merev\u00edt\u0151t, \u00e9s \u00fagy edzhetsz, mintha s\u00falyokkal dolgozn\u00e1l egy edz\u0151teremben. De le is \u00fclhetsz \u00e9s fel-le emelgetheted a l\u00e1bad, mintha ped\u00e1lozn\u00e1l egy biciklin. Ezen k\u00edv\u00fcl rendszeresen megmozgathatod a l\u00e1bujjaidat is, hogy azok a r\u00f6gz\u00edt\u00e9s sor\u00e1n is akt\u00edvak maradjanak.<\/p>\n<figure id=\"attachment_16476\" aria-describedby=\"caption-attachment-16476\" style=\"width: 1000px\" class=\"wp-caption alignnone\"><a href=\"https:\/\/d2p6e6u75xmxt8.cloudfront.net\/12\/2022\/11\/Cycling-legs-pedalling-profimedia-0731569479.webp\"><img loading=\"lazy\" decoding=\"async\" class=\"wp-image-16476 size-full\" src=\"https:\/\/d2p6e6u75xmxt8.cloudfront.net\/12\/2022\/11\/Cycling-legs-pedalling-profimedia-0731569479.webp\" alt=\"Cycling legs\" width=\"1000\" height=\"667\" srcset=\"https:\/\/d2p6e6u75xmxt8.cloudfront.net\/12\/2022\/11\/Cycling-legs-pedalling-profimedia-0731569479.webp 1000w, https:\/\/d2p6e6u75xmxt8.cloudfront.net\/12\/2022\/11\/Cycling-legs-pedalling-profimedia-0731569479-300x200.webp 300w, https:\/\/d2p6e6u75xmxt8.cloudfront.net\/12\/2022\/11\/Cycling-legs-pedalling-profimedia-0731569479-768x512.webp 768w, https:\/\/d2p6e6u75xmxt8.cloudfront.net\/12\/2022\/11\/Cycling-legs-pedalling-profimedia-0731569479-272x182.webp 272w\" sizes=\"auto, (max-width: 1000px) 100vw, 1000px\" \/><\/a><figcaption id=\"caption-attachment-16476\" class=\"wp-caption-text\"><em>Mivel minden s\u00e9r\u00fcl\u00e9s egyedi, konzult\u00e1lj az orvosoddal a lehets\u00e9ges kezel\u00e9sekr\u0151l \u00a9 Profimedia<\/em><\/figcaption><\/figure>\n<h2><strong>Tartsd fenn az \u00e9letm\u00f3dod<\/strong><\/h2>\n<p>Soha ne feledkezz meg az eg\u00e9szs\u00e9ges \u00e9letm\u00f3d fenntart\u00e1s\u00e1r\u00f3l, a t\u00f6r\u00e9s gy\u00f3gyul\u00e1sa alatt se. Az eg\u00e9szs\u00e9ges t\u00e1pl\u00e1lkoz\u00e1s ugyanis seg\u00edt tartani a s\u00falyod m\u00e9g akkor is, amikor mell\u0151zn\u00f6d kell a sporttev\u00e9kenys\u00e9geket. Jobb, ha ker\u00fcl\u00f6d az alkoholt is, amely szint\u00e9n lass\u00edtja a gy\u00f3gyul\u00e1st, m\u00e9ghozz\u00e1 jelent\u0151sen.<\/p>\n<h2><strong>Rehabilit\u00e1ci\u00f3<\/strong><\/h2>\n<p>Ha m\u00e1r nincs sz\u00fcks\u00e9ged a merev\u00edt\u0151re, a gy\u00f3gyul\u00e1si folyamat k\u00f6vetkez\u0151 l\u00e9p\u00e9sek\u00e9nt j\u00f6het a fizikoter\u00e1pia \u00e9s a rehabilit\u00e1ci\u00f3. A legjobb megold\u00e1s, ha felkeresel egy profi gy\u00f3gytorn\u00e1szt, aki olyan gyakorlatokat \u00edr majd el\u0151, melyek seg\u00edtenek a gyors fel\u00e9p\u00fcl\u00e9sben. Richard eset\u00e9ben a szalagok bizonyultak hat\u00e9konynak. Ezek haszn\u00e1lat\u00e1nak sz\u00e1mos m\u00f3dja van. Az egyik v\u00e9g\u00e9t p\u00e9ld\u00e1ul felakaszthatod az ajt\u00f3keretre, a m\u00e1sik v\u00e9g\u00e9t pedig a bok\u00e1dra vagy a l\u00e1bfejedre, \u00e9s oldalir\u00e1ny\u00fa mozg\u00e1sokkal vagy a leveg\u0151ben val\u00f3 k\u00f6r\u00f6z\u00e9ssel torn\u00e1ztathatod a s\u00e9r\u00fclt v\u00e9gtagod. \u00cdgy reaktiv\u00e1lhatod a boka \u00f6sszes \u00ednszalagj\u00e1t \u00e9s izm\u00e1t, \u00e9s r\u00e1veheted \u0151ket, hogy visszaeml\u00e9kezzenek arra, hogyan m\u0171k\u00f6dtek a s\u00e9r\u00fcl\u00e9s el\u0151tt. Fontos azonban figyelned arra, hogy a gyakorlatok soha nem haladhatj\u00e1k meg a f\u00e1jdalomk\u00fcsz\u00f6b\u00f6det. Richard azt javasolja, hogy a napi egy nagy edz\u00e9st ink\u00e1bb osszuk fel legfeljebb nyolc r\u00f6vid szakaszra.<\/p>\n<h2><strong>Haszn\u00e1lj tr\u00e9nert<\/strong><\/h2>\n<p>Seg\u00edtened kell az elm\u00e9dnek t\u00fall\u00e9pni azon, hogy s\u00e9r\u00fcltnek \u00e9rz\u00e9keli a bok\u00e1d. Ez egy nagyon fontos l\u00e9p\u00e9s, ugyanis am\u00edg az agyad \u00e9rz\u00e9keli a s\u00e9r\u00fcl\u00e9st, tudat alatt k\u00edm\u00e9lni fogja a s\u00e9r\u00fclt v\u00e9gtagot, ami a m\u00e1sik v\u00e9gtag t\u00falterhel\u00e9s\u00e9hez vezethet. Ez pedig a gerinc oldalir\u00e1ny\u00fa elg\u00f6rb\u00fcl\u00e9s\u00e9t okozhatja. Ennek elker\u00fcl\u00e9se \u00e9rdek\u00e9ben Richard klipszes ped\u00e1lokkal ell\u00e1tott belt\u00e9ri tr\u00e9nert haszn\u00e1lt, hogy ped\u00e1loz\u00e1s k\u00f6zben ne cs\u00fasszon el a s\u00e9r\u00fclt l\u00e1ba. K\u00f6vesd te is a p\u00e9ld\u00e1j\u00e1t! Egy lass\u00fa bemeleg\u00edt\u00e9s ut\u00e1n csukd be a szemed, \u00e9s pr\u00f3b\u00e1lj tudatosan hatni a bok\u00e1dra, hogy v\u00e9gezze a munk\u00e1j\u00e1t, \u00e9s \u00fajra megtanuljon ker\u00e9kp\u00e1rozni. Ha naponta t\u00f6bbsz\u00f6r megism\u00e9tled ezt a gyakorlatot, a bok\u00e1d k\u00e9t h\u00e9ten bel\u00fcl rendbe j\u00f6het.<\/p>\n<h2><strong>L\u00e9gy t\u00fcrelmes<\/strong><\/h2>\n<p>Minden s\u00e9r\u00fcl\u00e9s egyedi, \u00e9s k\u00fcl\u00f6nb\u00f6z\u0151 m\u00f3don gy\u00f3gyul. Ugyanez vonatkozik a k\u00e9s\u0151bbi rehabilit\u00e1ci\u00f3ra is. \u00c1ltal\u00e1noss\u00e1gban elmondhat\u00f3, hogy a boka teljes gy\u00f3gyul\u00e1sa ugyanannyi id\u0151 alatt k\u00f6vetkezik be, mint amennyi id\u0151t a merev\u00edt\u0151ben r\u00f6gz\u00edtve t\u00f6lt\u00f6tt. A fenti gyakorlatok azonban nemcsak abban seg\u00edtenek, hogy jav\u00edtsd a bok\u00e1d \u00e1llapot\u00e1t, \u00e9s \u00edgy gyorsabban visszat\u00e9rhess a ker\u00e9kp\u00e1roz\u00e1shoz, hanem a f\u00e1jdalomt\u00f3l is seg\u00edtenek gyorsabban megszabadulni.<\/p>\n","protected":false},"excerpt":{"rendered":"<p>Richard Gasperotti sz\u00e1mtalan s\u00e9r\u00fcl\u00e9st \u00e9s csontt\u00f6r\u00e9st szenvedett m\u00e1r el sportol\u00f3i p\u00e1lyafut\u00e1sa sor\u00e1n, legut\u00f3bb pedig a bok\u00e1j\u00e1t t\u00f6rte el. &#8220;Mivel minden [&hellip;]<\/p>\n","protected":false},"author":71,"featured_media":16478,"comment_status":"open","ping_status":"open","sticky":false,"template":"","format":"standard","meta":{"footnotes":""},"categories":[6],"tags":[],"global-categories":[],"class_list":["post-16475","post","type-post","status-publish","format-standard","has-post-thumbnail","hentry","category-edzes-es-eletmod"],"yoast_head":"<!-- This site is optimized with the Yoast SEO Premium plugin v25.3 (Yoast SEO v25.9) - https:\/\/yoast.com\/wordpress\/plugins\/seo\/ -->\n<title>Elt\u00f6rt a bok\u00e1d? A lehet\u0151 leghamarabb t\u00e9rj vissza a bring\u00e1z\u00e1shoz<\/title>\n<meta name=\"description\" content=\"Richard Gasperotti sz\u00e1mtalan s\u00e9r\u00fcl\u00e9st \u00e9s csontt\u00f6r\u00e9st szenvedett m\u00e1r el sportol\u00f3i p\u00e1lyafut\u00e1sa sor\u00e1n, legut\u00f3bb pedig a bok\u00e1j\u00e1t t\u00f6rte el. &quot;Mivel minden s\u00e9r\u00fcl\u00e9s egyedi, konzult\u00e1lj az orvosoddal a lehets\u00e9ges kezel\u00e9sekr\u0151l&quot; \u2013 mondta. Neki is ehhez hasonl\u00f3 tan\u00e1csok seg\u00edtettek, hogy min\u00e9l el\u0151bb vissza\u00fclhessen a biciklij\u00e9re. Ebben a cikkben Richard elmondja, hogyan gyors\u00edthatod fel a bokat\u00f6r\u00e9sb\u0151l val\u00f3 fel\u00e9p\u00fcl\u00e9st.\" \/>\n<meta name=\"robots\" content=\"index, follow, max-snippet:-1, max-image-preview:large, max-video-preview:-1\" \/>\n<link rel=\"canonical\" href=\"https:\/\/www.welovecycling.com\/hu\/edzes-es-eletmod\/eltort-a-bokad-a-leheto-leghamarabb-terj-vissza-a-bringazashoz\/\" \/>\n<meta property=\"og:locale\" content=\"hu_HU\" \/>\n<meta property=\"og:type\" content=\"article\" \/>\n<meta property=\"og:title\" content=\"Elt\u00f6rt a bok\u00e1d? A lehet\u0151 leghamarabb t\u00e9rj vissza a bring\u00e1z\u00e1shoz\" \/>\n<meta property=\"og:description\" content=\"Richard Gasperotti sz\u00e1mtalan s\u00e9r\u00fcl\u00e9st \u00e9s csontt\u00f6r\u00e9st szenvedett m\u00e1r el sportol\u00f3i p\u00e1lyafut\u00e1sa sor\u00e1n, legut\u00f3bb pedig a bok\u00e1j\u00e1t t\u00f6rte el. &quot;Mivel minden s\u00e9r\u00fcl\u00e9s egyedi, konzult\u00e1lj az orvosoddal a lehets\u00e9ges kezel\u00e9sekr\u0151l&quot; \u2013 mondta. Neki is ehhez hasonl\u00f3 tan\u00e1csok seg\u00edtettek, hogy min\u00e9l el\u0151bb vissza\u00fclhessen a biciklij\u00e9re. Ebben a cikkben Richard elmondja, hogyan gyors\u00edthatod fel a bokat\u00f6r\u00e9sb\u0151l val\u00f3 fel\u00e9p\u00fcl\u00e9st.\" \/>\n<meta property=\"og:url\" content=\"https:\/\/www.welovecycling.com\/hu\/edzes-es-eletmod\/eltort-a-bokad-a-leheto-leghamarabb-terj-vissza-a-bringazashoz\/\" \/>\n<meta property=\"og:site_name\" content=\"\u0160koda We Love Cycling - Magyarorsz\u00e1g\" \/>\n<meta property=\"article:publisher\" content=\"https:\/\/www.facebook.com\/WeLoveCyclingHungary\/\" \/>\n<meta property=\"article:published_time\" content=\"2022-11-29T06:00:00+00:00\" \/>\n<meta property=\"og:image\" content=\"https:\/\/d2p6e6u75xmxt8.cloudfront.net\/12\/2022\/11\/Bicycle-Ankle-Detail-profimedia-0735713812-CVR.webp\" \/>\n\t<meta property=\"og:image:width\" content=\"990\" \/>\n\t<meta property=\"og:image:height\" content=\"660\" \/>\n\t<meta property=\"og:image:type\" content=\"image\/webp\" \/>\n<meta name=\"author\" content=\"hegyizs\" \/>\n<meta name=\"twitter:card\" content=\"summary_large_image\" \/>\n<meta name=\"twitter:label1\" content=\"Written by\" \/>\n\t<meta name=\"twitter:data1\" content=\"Adam Marsal\" \/>\n\t<meta name=\"twitter:label2\" content=\"Est. reading time\" \/>\n\t<meta name=\"twitter:data2\" content=\"5\" \/>\n<script type=\"application\/ld+json\" class=\"yoast-schema-graph\">{\"@context\":\"https:\/\/schema.org\",\"@graph\":[{\"@type\":\"WebPage\",\"@id\":\"https:\/\/www.welovecycling.com\/hu\/edzes-es-eletmod\/eltort-a-bokad-a-leheto-leghamarabb-terj-vissza-a-bringazashoz\/\",\"url\":\"https:\/\/www.welovecycling.com\/hu\/edzes-es-eletmod\/eltort-a-bokad-a-leheto-leghamarabb-terj-vissza-a-bringazashoz\/\",\"name\":\"Elt\u00f6rt a bok\u00e1d? A lehet\u0151 leghamarabb t\u00e9rj vissza a bring\u00e1z\u00e1shoz\",\"isPartOf\":{\"@id\":\"https:\/\/www.welovecycling.com\/hu\/#website\"},\"primaryImageOfPage\":{\"@id\":\"https:\/\/www.welovecycling.com\/hu\/edzes-es-eletmod\/eltort-a-bokad-a-leheto-leghamarabb-terj-vissza-a-bringazashoz\/#primaryimage\"},\"image\":{\"@id\":\"https:\/\/www.welovecycling.com\/hu\/edzes-es-eletmod\/eltort-a-bokad-a-leheto-leghamarabb-terj-vissza-a-bringazashoz\/#primaryimage\"},\"thumbnailUrl\":\"https:\/\/d2p6e6u75xmxt8.cloudfront.net\/12\/2022\/11\/Bicycle-Ankle-Detail-profimedia-0735713812-CVR.webp\",\"datePublished\":\"2022-11-29T06:00:00+00:00\",\"author\":{\"@id\":\"https:\/\/www.welovecycling.com\/hu\/#\/schema\/person\/414a2aebf1801691a5320edb6468e194\"},\"description\":\"Richard Gasperotti sz\u00e1mtalan s\u00e9r\u00fcl\u00e9st \u00e9s csontt\u00f6r\u00e9st szenvedett m\u00e1r el sportol\u00f3i p\u00e1lyafut\u00e1sa sor\u00e1n, legut\u00f3bb pedig a bok\u00e1j\u00e1t t\u00f6rte el. \\\"Mivel minden s\u00e9r\u00fcl\u00e9s egyedi, konzult\u00e1lj az orvosoddal a lehets\u00e9ges kezel\u00e9sekr\u0151l\\\" \u2013 mondta. Neki is ehhez hasonl\u00f3 tan\u00e1csok seg\u00edtettek, hogy min\u00e9l el\u0151bb vissza\u00fclhessen a biciklij\u00e9re. Ebben a cikkben Richard elmondja, hogyan gyors\u00edthatod fel a bokat\u00f6r\u00e9sb\u0151l val\u00f3 fel\u00e9p\u00fcl\u00e9st.\",\"breadcrumb\":{\"@id\":\"https:\/\/www.welovecycling.com\/hu\/edzes-es-eletmod\/eltort-a-bokad-a-leheto-leghamarabb-terj-vissza-a-bringazashoz\/#breadcrumb\"},\"inLanguage\":\"hu\",\"potentialAction\":[{\"@type\":\"ReadAction\",\"target\":[\"https:\/\/www.welovecycling.com\/hu\/edzes-es-eletmod\/eltort-a-bokad-a-leheto-leghamarabb-terj-vissza-a-bringazashoz\/\"]}]},{\"@type\":\"ImageObject\",\"inLanguage\":\"hu\",\"@id\":\"https:\/\/www.welovecycling.com\/hu\/edzes-es-eletmod\/eltort-a-bokad-a-leheto-leghamarabb-terj-vissza-a-bringazashoz\/#primaryimage\",\"url\":\"https:\/\/d2p6e6u75xmxt8.cloudfront.net\/12\/2022\/11\/Bicycle-Ankle-Detail-profimedia-0735713812-CVR.webp\",\"contentUrl\":\"https:\/\/d2p6e6u75xmxt8.cloudfront.net\/12\/2022\/11\/Bicycle-Ankle-Detail-profimedia-0735713812-CVR.webp\",\"width\":990,\"height\":660,\"caption\":\"A foot on an indoor bike\"},{\"@type\":\"BreadcrumbList\",\"@id\":\"https:\/\/www.welovecycling.com\/hu\/edzes-es-eletmod\/eltort-a-bokad-a-leheto-leghamarabb-terj-vissza-a-bringazashoz\/#breadcrumb\",\"itemListElement\":[{\"@type\":\"ListItem\",\"position\":1,\"name\":\"Home\",\"item\":\"https:\/\/www.welovecycling.com\/hu\/\"},{\"@type\":\"ListItem\",\"position\":2,\"name\":\"Elt\u00f6rt a bok\u00e1d? A lehet\u0151 leghamarabb t\u00e9rj vissza a bring\u00e1z\u00e1shoz\"}]},{\"@type\":\"WebSite\",\"@id\":\"https:\/\/www.welovecycling.com\/hu\/#website\",\"url\":\"https:\/\/www.welovecycling.com\/hu\/\",\"name\":\"\u0160koda We Love Cycling - Magyarorsz\u00e1g\",\"description\":\"\u0160koda WeLoveCycling\",\"potentialAction\":[{\"@type\":\"SearchAction\",\"target\":{\"@type\":\"EntryPoint\",\"urlTemplate\":\"https:\/\/www.welovecycling.com\/hu\/?s={search_term_string}\"},\"query-input\":{\"@type\":\"PropertyValueSpecification\",\"valueRequired\":true,\"valueName\":\"search_term_string\"}}],\"inLanguage\":\"hu\"},{\"@type\":\"Person\",\"@id\":\"https:\/\/www.welovecycling.com\/hu\/#\/schema\/person\/414a2aebf1801691a5320edb6468e194\",\"name\":\"hegyizs\",\"image\":{\"@type\":\"ImageObject\",\"inLanguage\":\"hu\",\"@id\":\"https:\/\/www.welovecycling.com\/hu\/#\/schema\/person\/image\/\",\"url\":\"https:\/\/secure.gravatar.com\/avatar\/02cf8a7906b8cf90cecb4679defac7cfd33a1c2e3b88e4903d947f3bb58eedd3?s=96&d=mm&r=g\",\"contentUrl\":\"https:\/\/secure.gravatar.com\/avatar\/02cf8a7906b8cf90cecb4679defac7cfd33a1c2e3b88e4903d947f3bb58eedd3?s=96&d=mm&r=g\",\"caption\":\"hegyizs\"},\"url\":\"https:\/\/www.welovecycling.com\/hu\/author\/hegyizs\/\"}]}<\/script>\n<!-- \/ Yoast SEO Premium plugin. -->","yoast_head_json":{"title":"Elt\u00f6rt a bok\u00e1d? A lehet\u0151 leghamarabb t\u00e9rj vissza a bring\u00e1z\u00e1shoz","description":"Richard Gasperotti sz\u00e1mtalan s\u00e9r\u00fcl\u00e9st \u00e9s csontt\u00f6r\u00e9st szenvedett m\u00e1r el sportol\u00f3i p\u00e1lyafut\u00e1sa sor\u00e1n, legut\u00f3bb pedig a bok\u00e1j\u00e1t t\u00f6rte el. \"Mivel minden s\u00e9r\u00fcl\u00e9s egyedi, konzult\u00e1lj az orvosoddal a lehets\u00e9ges kezel\u00e9sekr\u0151l\" \u2013 mondta. Neki is ehhez hasonl\u00f3 tan\u00e1csok seg\u00edtettek, hogy min\u00e9l el\u0151bb vissza\u00fclhessen a biciklij\u00e9re. Ebben a cikkben Richard elmondja, hogyan gyors\u00edthatod fel a bokat\u00f6r\u00e9sb\u0151l val\u00f3 fel\u00e9p\u00fcl\u00e9st.","robots":{"index":"index","follow":"follow","max-snippet":"max-snippet:-1","max-image-preview":"max-image-preview:large","max-video-preview":"max-video-preview:-1"},"canonical":"https:\/\/www.welovecycling.com\/hu\/edzes-es-eletmod\/eltort-a-bokad-a-leheto-leghamarabb-terj-vissza-a-bringazashoz\/","og_locale":"hu_HU","og_type":"article","og_title":"Elt\u00f6rt a bok\u00e1d? A lehet\u0151 leghamarabb t\u00e9rj vissza a bring\u00e1z\u00e1shoz","og_description":"Richard Gasperotti sz\u00e1mtalan s\u00e9r\u00fcl\u00e9st \u00e9s csontt\u00f6r\u00e9st szenvedett m\u00e1r el sportol\u00f3i p\u00e1lyafut\u00e1sa sor\u00e1n, legut\u00f3bb pedig a bok\u00e1j\u00e1t t\u00f6rte el. \"Mivel minden s\u00e9r\u00fcl\u00e9s egyedi, konzult\u00e1lj az orvosoddal a lehets\u00e9ges kezel\u00e9sekr\u0151l\" \u2013 mondta. Neki is ehhez hasonl\u00f3 tan\u00e1csok seg\u00edtettek, hogy min\u00e9l el\u0151bb vissza\u00fclhessen a biciklij\u00e9re. Ebben a cikkben Richard elmondja, hogyan gyors\u00edthatod fel a bokat\u00f6r\u00e9sb\u0151l val\u00f3 fel\u00e9p\u00fcl\u00e9st.","og_url":"https:\/\/www.welovecycling.com\/hu\/edzes-es-eletmod\/eltort-a-bokad-a-leheto-leghamarabb-terj-vissza-a-bringazashoz\/","og_site_name":"\u0160koda We Love Cycling - Magyarorsz\u00e1g","article_publisher":"https:\/\/www.facebook.com\/WeLoveCyclingHungary\/","article_published_time":"2022-11-29T06:00:00+00:00","og_image":[{"width":990,"height":660,"url":"https:\/\/d2p6e6u75xmxt8.cloudfront.net\/12\/2022\/11\/Bicycle-Ankle-Detail-profimedia-0735713812-CVR.webp","type":"image\/webp"}],"author":"hegyizs","twitter_card":"summary_large_image","twitter_misc":{"Written by":"Adam Marsal","Est. reading time":"5"},"schema":{"@context":"https:\/\/schema.org","@graph":[{"@type":"WebPage","@id":"https:\/\/www.welovecycling.com\/hu\/edzes-es-eletmod\/eltort-a-bokad-a-leheto-leghamarabb-terj-vissza-a-bringazashoz\/","url":"https:\/\/www.welovecycling.com\/hu\/edzes-es-eletmod\/eltort-a-bokad-a-leheto-leghamarabb-terj-vissza-a-bringazashoz\/","name":"Elt\u00f6rt a bok\u00e1d? A lehet\u0151 leghamarabb t\u00e9rj vissza a bring\u00e1z\u00e1shoz","isPartOf":{"@id":"https:\/\/www.welovecycling.com\/hu\/#website"},"primaryImageOfPage":{"@id":"https:\/\/www.welovecycling.com\/hu\/edzes-es-eletmod\/eltort-a-bokad-a-leheto-leghamarabb-terj-vissza-a-bringazashoz\/#primaryimage"},"image":{"@id":"https:\/\/www.welovecycling.com\/hu\/edzes-es-eletmod\/eltort-a-bokad-a-leheto-leghamarabb-terj-vissza-a-bringazashoz\/#primaryimage"},"thumbnailUrl":"https:\/\/d2p6e6u75xmxt8.cloudfront.net\/12\/2022\/11\/Bicycle-Ankle-Detail-profimedia-0735713812-CVR.webp","datePublished":"2022-11-29T06:00:00+00:00","author":{"@id":"https:\/\/www.welovecycling.com\/hu\/#\/schema\/person\/414a2aebf1801691a5320edb6468e194"},"description":"Richard Gasperotti sz\u00e1mtalan s\u00e9r\u00fcl\u00e9st \u00e9s csontt\u00f6r\u00e9st szenvedett m\u00e1r el sportol\u00f3i p\u00e1lyafut\u00e1sa sor\u00e1n, legut\u00f3bb pedig a bok\u00e1j\u00e1t t\u00f6rte el. \"Mivel minden s\u00e9r\u00fcl\u00e9s egyedi, konzult\u00e1lj az orvosoddal a lehets\u00e9ges kezel\u00e9sekr\u0151l\" \u2013 mondta. Neki is ehhez hasonl\u00f3 tan\u00e1csok seg\u00edtettek, hogy min\u00e9l el\u0151bb vissza\u00fclhessen a biciklij\u00e9re. Ebben a cikkben Richard elmondja, hogyan gyors\u00edthatod fel a bokat\u00f6r\u00e9sb\u0151l val\u00f3 fel\u00e9p\u00fcl\u00e9st.","breadcrumb":{"@id":"https:\/\/www.welovecycling.com\/hu\/edzes-es-eletmod\/eltort-a-bokad-a-leheto-leghamarabb-terj-vissza-a-bringazashoz\/#breadcrumb"},"inLanguage":"hu","potentialAction":[{"@type":"ReadAction","target":["https:\/\/www.welovecycling.com\/hu\/edzes-es-eletmod\/eltort-a-bokad-a-leheto-leghamarabb-terj-vissza-a-bringazashoz\/"]}]},{"@type":"ImageObject","inLanguage":"hu","@id":"https:\/\/www.welovecycling.com\/hu\/edzes-es-eletmod\/eltort-a-bokad-a-leheto-leghamarabb-terj-vissza-a-bringazashoz\/#primaryimage","url":"https:\/\/d2p6e6u75xmxt8.cloudfront.net\/12\/2022\/11\/Bicycle-Ankle-Detail-profimedia-0735713812-CVR.webp","contentUrl":"https:\/\/d2p6e6u75xmxt8.cloudfront.net\/12\/2022\/11\/Bicycle-Ankle-Detail-profimedia-0735713812-CVR.webp","width":990,"height":660,"caption":"A foot on an indoor bike"},{"@type":"BreadcrumbList","@id":"https:\/\/www.welovecycling.com\/hu\/edzes-es-eletmod\/eltort-a-bokad-a-leheto-leghamarabb-terj-vissza-a-bringazashoz\/#breadcrumb","itemListElement":[{"@type":"ListItem","position":1,"name":"Home","item":"https:\/\/www.welovecycling.com\/hu\/"},{"@type":"ListItem","position":2,"name":"Elt\u00f6rt a bok\u00e1d? A lehet\u0151 leghamarabb t\u00e9rj vissza a bring\u00e1z\u00e1shoz"}]},{"@type":"WebSite","@id":"https:\/\/www.welovecycling.com\/hu\/#website","url":"https:\/\/www.welovecycling.com\/hu\/","name":"\u0160koda We Love Cycling - Magyarorsz\u00e1g","description":"\u0160koda WeLoveCycling","potentialAction":[{"@type":"SearchAction","target":{"@type":"EntryPoint","urlTemplate":"https:\/\/www.welovecycling.com\/hu\/?s={search_term_string}"},"query-input":{"@type":"PropertyValueSpecification","valueRequired":true,"valueName":"search_term_string"}}],"inLanguage":"hu"},{"@type":"Person","@id":"https:\/\/www.welovecycling.com\/hu\/#\/schema\/person\/414a2aebf1801691a5320edb6468e194","name":"hegyizs","image":{"@type":"ImageObject","inLanguage":"hu","@id":"https:\/\/www.welovecycling.com\/hu\/#\/schema\/person\/image\/","url":"https:\/\/secure.gravatar.com\/avatar\/02cf8a7906b8cf90cecb4679defac7cfd33a1c2e3b88e4903d947f3bb58eedd3?s=96&d=mm&r=g","contentUrl":"https:\/\/secure.gravatar.com\/avatar\/02cf8a7906b8cf90cecb4679defac7cfd33a1c2e3b88e4903d947f3bb58eedd3?s=96&d=mm&r=g","caption":"hegyizs"},"url":"https:\/\/www.welovecycling.com\/hu\/author\/hegyizs\/"}]}},"_links":{"self":[{"href":"https:\/\/www.welovecycling.com\/hu\/wp-json\/wp\/v2\/posts\/16475","targetHints":{"allow":["GET"]}}],"collection":[{"href":"https:\/\/www.welovecycling.com\/hu\/wp-json\/wp\/v2\/posts"}],"about":[{"href":"https:\/\/www.welovecycling.com\/hu\/wp-json\/wp\/v2\/types\/post"}],"author":[{"embeddable":true,"href":"https:\/\/www.welovecycling.com\/hu\/wp-json\/wp\/v2\/users\/71"}],"replies":[{"embeddable":true,"href":"https:\/\/www.welovecycling.com\/hu\/wp-json\/wp\/v2\/comments?post=16475"}],"version-history":[{"count":2,"href":"https:\/\/www.welovecycling.com\/hu\/wp-json\/wp\/v2\/posts\/16475\/revisions"}],"predecessor-version":[{"id":16488,"href":"https:\/\/www.welovecycling.com\/hu\/wp-json\/wp\/v2\/posts\/16475\/revisions\/16488"}],"wp:featuredmedia":[{"embeddable":true,"href":"https:\/\/www.welovecycling.com\/hu\/wp-json\/wp\/v2\/media\/16478"}],"wp:attachment":[{"href":"https:\/\/www.welovecycling.com\/hu\/wp-json\/wp\/v2\/media?parent=16475"}],"wp:term":[{"taxonomy":"category","embeddable":true,"href":"https:\/\/www.welovecycling.com\/hu\/wp-json\/wp\/v2\/categories?post=16475"},{"taxonomy":"post_tag","embeddable":true,"href":"https:\/\/www.welovecycling.com\/hu\/wp-json\/wp\/v2\/tags?post=16475"},{"taxonomy":"global-categories","embeddable":true,"href":"https:\/\/www.welovecycling.com\/hu\/wp-json\/wp\/v2\/global-categories?post=16475"}],"curies":[{"name":"wp","href":"https:\/\/api.w.org\/{rel}","templated":true}]}}